{"id":2771,"date":"2019-05-09T17:09:49","date_gmt":"2019-05-09T14:09:49","guid":{"rendered":"https:\/\/tdv.org\/tr-TR\/?p=2771"},"modified":"2023-04-17T11:02:21","modified_gmt":"2023-04-17T08:02:21","slug":"kuzey-ankara-camii-ve-kulliyesi-yarin-aciliyor","status":"publish","type":"post","link":"https:\/\/tdv.org\/tr-TR\/kuzey-ankara-camii-ve-kulliyesi-yarin-aciliyor\/","title":{"rendered":"Kuzey Ankara Camii ve K\u00fclliyesi yar\u0131n a\u00e7\u0131l\u0131yor"},"content":{"rendered":"<p style=\"text-align: justify;\">Kuzey Ankara Camii ve K\u00fclliyesi, yar\u0131n Cumhurba\u015fkan\u0131 Recep Tayyip Erdo\u011fan\u2019\u0131n kat\u0131laca\u011f\u0131 t\u00f6renle a\u00e7\u0131lacak.<\/p>\n<p style=\"text-align: justify;\">Temeli 6 y\u0131l \u00f6nce at\u0131lan, \u0130stanbul&#8217;daki d\u00f6rt tarihi camiden esinlenilerek tasarlanan ve 15 bin ki\u015finin ayn\u0131 anda ibadet edebilece\u011fi &#8220;Kuzey Ankara Merkez Camii ve K\u00fclliyesi&#8221;nin resmi a\u00e7\u0131l\u0131\u015f\u0131 Cumhurba\u015fkan\u0131 Recep Tayyip Erdo\u011fan\u2019\u0131n kat\u0131l\u0131m\u0131yla yar\u0131n cuma namaz\u0131n\u0131n ard\u0131ndan yap\u0131lacak. A\u00e7\u0131l\u0131\u015fa Diyanet \u0130\u015fleri Ba\u015fkan\u0131 Prof. Dr. Ali Erba\u015f da kat\u0131lacak.<\/p>\n<p style=\"text-align: justify;\">Esenbo\u011fa Havaliman\u0131 yolu \u00fczerindeki Kuzeykent&#8217;te 125 bin metrekarelik alanda in\u015fa edilen cami ve k\u00fclliye, yakla\u015f\u0131k 110 bin metrekare kapal\u0131 alana sahip. T\u00fcrk-\u0130slam mimarisinden esinlenilerek tasarlanan ve ba\u015fkentin sembol mekanlar\u0131ndan biri olmaya aday cami ve k\u00fclliye hem ibadet hem de ya\u015fam ve k\u00fclt\u00fcr alan\u0131 olarak hizmet verecek.<\/p>\n<p style=\"text-align: justify;\">Kocatepe ve Melike Hatun&#8217;dan sonra, kapal\u0131 alan itibar\u0131yla Ankara&#8217;daki \u00fc\u00e7\u00fcnc\u00fc b\u00fcy\u00fck ibadethane olma \u00f6zelli\u011fi ta\u015f\u0131yan, iki katl\u0131 in\u015fa edilip alt kat\u0131 \u00e7inilerle kaplanan caminin a\u00e7\u0131l\u0131\u015f t\u00f6renine Cumhurba\u015fkan\u0131 Recep Tayyip Erdo\u011fan&#8217;\u0131n da kat\u0131lmas\u0131 bekleniyor.<\/p>\n<p style=\"text-align: justify;\">Kubbesinin y\u00fcksekli\u011fi 35 metre, \u00e7ap\u0131 16 metre olan caminin, ikisi 46 metrelik iki \u015ferefeli, ikisi 64 metrelik \u00fc\u00e7 \u015ferefeli olmak \u00fczere 4 minaresi bulunuyor. K\u00fclliye i\u00e7indeki iki arastada yakla\u015f\u0131k bin 400 metrekare alana sahip 50 d\u00fckkan yer al\u0131yor.<\/p>\n<p style=\"text-align: justify;\">Ayr\u0131ca, kad\u0131n ve erkekler i\u00e7in hamamlar, hay\u0131rseverlerin ba\u011f\u0131\u015flar\u0131yla yap\u0131lacak yemeklerin yoksullara da\u011f\u0131t\u0131laca\u011f\u0131 imarethane (a\u015fevi), yakla\u015f\u0131k 60 d\u00fckkan\u0131n bulundu\u011fu iki katl\u0131 bedesten (kapal\u0131 \u00e7ar\u015f\u0131) ile geleneksel el sanatlar\u0131n\u0131n yap\u0131laca\u011f\u0131 ve sergilenece\u011fi b\u00f6l\u00fcm de k\u00fclliye i\u00e7indeki di\u011fer alanlar aras\u0131nda bulunuyor.<\/p>\n<p style=\"text-align: justify;\">K\u00fct\u00fcphanede 7 bin dini eser yer alacak<\/p>\n<p style=\"text-align: justify;\">Cami ve k\u00fclliyenin a\u00e7\u0131lmas\u0131n\u0131n ard\u0131ndan yakla\u015f\u0131k 7 bin dini eserin bulundu\u011fu k\u00fct\u00fcphane de vatanda\u015flar\u0131n kullan\u0131m\u0131na sunulacak.<\/p>\n<p style=\"text-align: justify;\">K\u00fclliye alan\u0131nda, Kuzeykent&#8217;in bulundu\u011fu vadiye bakan hasbah\u00e7e, \u00e7ay-kahve k\u00f6\u015fk\u00fc ve Osmanl\u0131-T\u00fcrk mutfa\u011f\u0131 b\u00f6l\u00fcmleri ile s\u00fcs havuzu ve vatanda\u015flar\u0131n dinlenebilmesi i\u00e7in \u00e7ok say\u0131da b\u00f6l\u00fcme yer veriliyor.<\/p>\n<p style=\"text-align: justify;\">Projede katlar aras\u0131 ula\u015f\u0131m\u0131n asans\u00f6r ve y\u00fcr\u00fcyen merdivenlerle sa\u011fland\u0131\u011f\u0131 bin 200 ara\u00e7l\u0131k 5 katl\u0131 kapal\u0131 otopark da bulunuyor.<\/p>\n<p style=\"text-align: justify;\">5 bin ki\u015filik kongre merkezi<\/p>\n<p style=\"text-align: justify;\">Caminin kapal\u0131, yar\u0131 a\u00e7\u0131k ve a\u00e7\u0131k alanlar\u0131n\u0131n tamam\u0131 ibadete a\u00e7\u0131ld\u0131\u011f\u0131nda 15 bin ki\u015fi ayn\u0131 anda namaz k\u0131labilecek.<\/p>\n<p style=\"text-align: justify;\">K\u00fclliye alan\u0131nda in\u015fa edilen, uluslararas\u0131 seminerlere, konferanslara ve toplant\u0131lara ev sahipli\u011fi yapabilecek nitelikteki 5 bin ki\u015filik kongre merkezi, T\u00fcrkiye&#8217;de tek salonda en fazla kat\u0131l\u0131mc\u0131n\u0131n a\u011f\u0131rlanabilece\u011fi mekan olma \u00f6zelli\u011fini ta\u015f\u0131yacak.<\/p>\n<p style=\"text-align: justify;\">Ayr\u0131ca k\u00fclliye alan\u0131nda, Irak&#8217;\u0131n Samarra kentindeki Samarra Camisi&#8217;nin minaresinden esinlenilerek yap\u0131lan &#8220;Seyir Kulesi&#8221; de bulunuyor.<\/p>\n<p>&nbsp;<\/p>\n\n\t\t<style type=\"text\/css\">\n\t\t\t#gallery-1 {\n\t\t\t\tmargin: auto;\n\t\t\t}\n\t\t\t#gallery-1 .gallery-item {\n\t\t\t\tfloat: left;\n\t\t\t\tmargin-top: 10px;\n\t\t\t\ttext-align: center;\n\t\t\t\twidth: 25%;\n\t\t\t}\n\t\t\t#gallery-1 img {\n\t\t\t\tborder: 2px solid #cfcfcf;\n\t\t\t}\n\t\t\t#gallery-1 .gallery-caption {\n\t\t\t\tmargin-left: 0;\n\t\t\t}\n\t\t\t\/* see gallery_shortcode() in wp-includes\/media.php *\/\n\t\t<\/style>\n\t\t<div id='gallery-1' class='gallery galleryid-2771 gallery-columns-4 gallery-size-thumbnail'><dl class='gallery-item'>\n\t\t\t<dt class='gallery-icon landscape'>\n\t\t\t\t<a href='https:\/\/tdv.org\/tr-TR\/wp-content\/uploads\/2019\/05\/11.jpg'><img decoding=\"async\" width=\"150\" height=\"150\" src=\"https:\/\/tdv.org\/tr-TR\/wp-content\/uploads\/2019\/05\/11-150x150.jpg\" class=\"attachment-thumbnail size-thumbnail\" alt=\"\" srcset=\"https:\/\/tdv.org\/tr-TR\/wp-content\/uploads\/2019\/05\/11-150x150.jpg 150w, https:\/\/tdv.org\/tr-TR\/wp-content\/uploads\/2019\/05\/11-100x100.jpg 100w, https:\/\/tdv.org\/tr-TR\/wp-content\/uploads\/2019\/05\/11-140x140.jpg 140w, https:\/\/tdv.org\/tr-TR\/wp-content\/uploads\/2019\/05\/11-500x500.jpg 500w, https:\/\/tdv.org\/tr-TR\/wp-content\/uploads\/2019\/05\/11-350x350.jpg 350w, https:\/\/tdv.org\/tr-TR\/wp-content\/uploads\/2019\/05\/11-800x800.jpg 800w\" sizes=\"(max-width: 150px) 100vw, 150px\" \/><\/a>\n\t\t\t<\/dt><\/dl><dl class='gallery-item'>\n\t\t\t<dt class='gallery-icon landscape'>\n\t\t\t\t<a href='https:\/\/tdv.org\/tr-TR\/wp-content\/uploads\/2019\/05\/10.jpg'><img decoding=\"async\" width=\"150\" height=\"150\" src=\"https:\/\/tdv.org\/tr-TR\/wp-content\/uploads\/2019\/05\/10-150x150.jpg\" class=\"attachment-thumbnail size-thumbnail\" alt=\"\" srcset=\"https:\/\/tdv.org\/tr-TR\/wp-content\/uploads\/2019\/05\/10-150x150.jpg 150w, https:\/\/tdv.org\/tr-TR\/wp-content\/uploads\/2019\/05\/10-100x100.jpg 100w, https:\/\/tdv.org\/tr-TR\/wp-content\/uploads\/2019\/05\/10-140x140.jpg 140w, https:\/\/tdv.org\/tr-TR\/wp-content\/uploads\/2019\/05\/10-500x500.jpg 500w, https:\/\/tdv.org\/tr-TR\/wp-content\/uploads\/2019\/05\/10-350x350.jpg 350w, https:\/\/tdv.org\/tr-TR\/wp-content\/uploads\/2019\/05\/10-800x800.jpg 800w\" sizes=\"(max-width: 150px) 100vw, 150px\" \/><\/a>\n\t\t\t<\/dt><\/dl><dl class='gallery-item'>\n\t\t\t<dt class='gallery-icon landscape'>\n\t\t\t\t<a href='https:\/\/tdv.org\/tr-TR\/wp-content\/uploads\/2019\/05\/9-1.jpg'><img decoding=\"async\" width=\"150\" height=\"150\" src=\"https:\/\/tdv.org\/tr-TR\/wp-content\/uploads\/2019\/05\/9-1-150x150.jpg\" class=\"attachment-thumbnail size-thumbnail\" alt=\"\" srcset=\"https:\/\/tdv.org\/tr-TR\/wp-content\/uploads\/2019\/05\/9-1-150x150.jpg 150w, https:\/\/tdv.org\/tr-TR\/wp-content\/uploads\/2019\/05\/9-1-100x100.jpg 100w, https:\/\/tdv.org\/tr-TR\/wp-content\/uploads\/2019\/05\/9-1-140x140.jpg 140w, https:\/\/tdv.org\/tr-TR\/wp-content\/uploads\/2019\/05\/9-1-500x500.jpg 500w, https:\/\/tdv.org\/tr-TR\/wp-content\/uploads\/2019\/05\/9-1-350x350.jpg 350w, https:\/\/tdv.org\/tr-TR\/wp-content\/uploads\/2019\/05\/9-1-800x800.jpg 800w\" sizes=\"(max-width: 150px) 100vw, 150px\" \/><\/a>\n\t\t\t<\/dt><\/dl><dl class='gallery-item'>\n\t\t\t<dt class='gallery-icon landscape'>\n\t\t\t\t<a href='https:\/\/tdv.org\/tr-TR\/wp-content\/uploads\/2019\/05\/8.jpg'><img decoding=\"async\" width=\"150\" height=\"150\" src=\"https:\/\/tdv.org\/tr-TR\/wp-content\/uploads\/2019\/05\/8-150x150.jpg\" class=\"attachment-thumbnail size-thumbnail\" alt=\"\" srcset=\"https:\/\/tdv.org\/tr-TR\/wp-content\/uploads\/2019\/05\/8-150x150.jpg 150w, https:\/\/tdv.org\/tr-TR\/wp-content\/uploads\/2019\/05\/8-100x100.jpg 100w, https:\/\/tdv.org\/tr-TR\/wp-content\/uploads\/2019\/05\/8-140x140.jpg 140w, https:\/\/tdv.org\/tr-TR\/wp-content\/uploads\/2019\/05\/8-500x500.jpg 500w, https:\/\/tdv.org\/tr-TR\/wp-content\/uploads\/2019\/05\/8-350x350.jpg 350w, https:\/\/tdv.org\/tr-TR\/wp-content\/uploads\/2019\/05\/8-800x800.jpg 800w\" sizes=\"(max-width: 150px) 100vw, 150px\" \/><\/a>\n\t\t\t<\/dt><\/dl><br style=\"clear: both\" \/><dl class='gallery-item'>\n\t\t\t<dt class='gallery-icon landscape'>\n\t\t\t\t<a href='https:\/\/tdv.org\/tr-TR\/wp-content\/uploads\/2019\/05\/7-1.jpg'><img decoding=\"async\" width=\"150\" height=\"150\" src=\"https:\/\/tdv.org\/tr-TR\/wp-content\/uploads\/2019\/05\/7-1-150x150.jpg\" class=\"attachment-thumbnail size-thumbnail\" alt=\"\" srcset=\"https:\/\/tdv.org\/tr-TR\/wp-content\/uploads\/2019\/05\/7-1-150x150.jpg 150w, https:\/\/tdv.org\/tr-TR\/wp-content\/uploads\/2019\/05\/7-1-100x100.jpg 100w, https:\/\/tdv.org\/tr-TR\/wp-content\/uploads\/2019\/05\/7-1-140x140.jpg 140w, https:\/\/tdv.org\/tr-TR\/wp-content\/uploads\/2019\/05\/7-1-500x500.jpg 500w, https:\/\/tdv.org\/tr-TR\/wp-content\/uploads\/2019\/05\/7-1-350x350.jpg 350w, https:\/\/tdv.org\/tr-TR\/wp-content\/uploads\/2019\/05\/7-1-800x800.jpg 800w\" sizes=\"(max-width: 150px) 100vw, 150px\" \/><\/a>\n\t\t\t<\/dt><\/dl><dl class='gallery-item'>\n\t\t\t<dt class='gallery-icon landscape'>\n\t\t\t\t<a href='https:\/\/tdv.org\/tr-TR\/wp-content\/uploads\/2019\/05\/5-1.jpg'><img decoding=\"async\" width=\"150\" height=\"150\" src=\"https:\/\/tdv.org\/tr-TR\/wp-content\/uploads\/2019\/05\/5-1-150x150.jpg\" class=\"attachment-thumbnail size-thumbnail\" alt=\"\" srcset=\"https:\/\/tdv.org\/tr-TR\/wp-content\/uploads\/2019\/05\/5-1-150x150.jpg 150w, https:\/\/tdv.org\/tr-TR\/wp-content\/uploads\/2019\/05\/5-1-100x100.jpg 100w, https:\/\/tdv.org\/tr-TR\/wp-content\/uploads\/2019\/05\/5-1-140x140.jpg 140w, https:\/\/tdv.org\/tr-TR\/wp-content\/uploads\/2019\/05\/5-1-500x500.jpg 500w, https:\/\/tdv.org\/tr-TR\/wp-content\/uploads\/2019\/05\/5-1-350x350.jpg 350w, https:\/\/tdv.org\/tr-TR\/wp-content\/uploads\/2019\/05\/5-1-800x800.jpg 800w\" sizes=\"(max-width: 150px) 100vw, 150px\" \/><\/a>\n\t\t\t<\/dt><\/dl><dl class='gallery-item'>\n\t\t\t<dt class='gallery-icon landscape'>\n\t\t\t\t<a href='https:\/\/tdv.org\/tr-TR\/wp-content\/uploads\/2019\/05\/4.jpg'><img decoding=\"async\" width=\"150\" height=\"150\" src=\"https:\/\/tdv.org\/tr-TR\/wp-content\/uploads\/2019\/05\/4-150x150.jpg\" class=\"attachment-thumbnail size-thumbnail\" alt=\"\" srcset=\"https:\/\/tdv.org\/tr-TR\/wp-content\/uploads\/2019\/05\/4-150x150.jpg 150w, https:\/\/tdv.org\/tr-TR\/wp-content\/uploads\/2019\/05\/4-100x100.jpg 100w, https:\/\/tdv.org\/tr-TR\/wp-content\/uploads\/2019\/05\/4-140x140.jpg 140w, https:\/\/tdv.org\/tr-TR\/wp-content\/uploads\/2019\/05\/4-500x500.jpg 500w, https:\/\/tdv.org\/tr-TR\/wp-content\/uploads\/2019\/05\/4-350x350.jpg 350w\" sizes=\"(max-width: 150px) 100vw, 150px\" \/><\/a>\n\t\t\t<\/dt><\/dl><dl class='gallery-item'>\n\t\t\t<dt class='gallery-icon landscape'>\n\t\t\t\t<a href='https:\/\/tdv.org\/tr-TR\/wp-content\/uploads\/2019\/05\/3.jpg'><img decoding=\"async\" width=\"150\" height=\"150\" src=\"https:\/\/tdv.org\/tr-TR\/wp-content\/uploads\/2019\/05\/3-150x150.jpg\" class=\"attachment-thumbnail size-thumbnail\" alt=\"\" srcset=\"https:\/\/tdv.org\/tr-TR\/wp-content\/uploads\/2019\/05\/3-150x150.jpg 150w, https:\/\/tdv.org\/tr-TR\/wp-content\/uploads\/2019\/05\/3-100x100.jpg 100w, https:\/\/tdv.org\/tr-TR\/wp-content\/uploads\/2019\/05\/3-140x140.jpg 140w, https:\/\/tdv.org\/tr-TR\/wp-content\/uploads\/2019\/05\/3-500x500.jpg 500w, https:\/\/tdv.org\/tr-TR\/wp-content\/uploads\/2019\/05\/3-350x350.jpg 350w, https:\/\/tdv.org\/tr-TR\/wp-content\/uploads\/2019\/05\/3-800x800.jpg 800w\" sizes=\"(max-width: 150px) 100vw, 150px\" \/><\/a>\n\t\t\t<\/dt><\/dl><br style=\"clear: both\" \/><dl class='gallery-item'>\n\t\t\t<dt class='gallery-icon landscape'>\n\t\t\t\t<a href='https:\/\/tdv.org\/tr-TR\/wp-content\/uploads\/2019\/05\/1-1.jpg'><img decoding=\"async\" width=\"150\" height=\"150\" src=\"https:\/\/tdv.org\/tr-TR\/wp-content\/uploads\/2019\/05\/1-1-150x150.jpg\" class=\"attachment-thumbnail size-thumbnail\" alt=\"\" srcset=\"https:\/\/tdv.org\/tr-TR\/wp-content\/uploads\/2019\/05\/1-1-150x150.jpg 150w, https:\/\/tdv.org\/tr-TR\/wp-content\/uploads\/2019\/05\/1-1-100x100.jpg 100w, https:\/\/tdv.org\/tr-TR\/wp-content\/uploads\/2019\/05\/1-1-140x140.jpg 140w, https:\/\/tdv.org\/tr-TR\/wp-content\/uploads\/2019\/05\/1-1-500x500.jpg 500w, https:\/\/tdv.org\/tr-TR\/wp-content\/uploads\/2019\/05\/1-1-350x350.jpg 350w, https:\/\/tdv.org\/tr-TR\/wp-content\/uploads\/2019\/05\/1-1-800x800.jpg 800w\" sizes=\"(max-width: 150px) 100vw, 150px\" \/><\/a>\n\t\t\t<\/dt><\/dl>\n\t\t\t<br style='clear: both' \/>\n\t\t<\/div>\n\n","protected":false},"excerpt":{"rendered":"<p>Kuzey Ankara Camii ve K\u00fclliyesi, yar\u0131n Cumhurba\u015fkan\u0131 Recep Tayyip Erdo\u011fan\u2019\u0131n kat\u0131laca\u011f\u0131 t\u00f6renle a\u00e7\u0131lacak. Temeli 6 y\u0131l \u00f6nce at\u0131lan, \u0130stanbul&#8217;daki d\u00f6rt tarihi camiden esinlenilerek tasarlanan ve 15 bin ki\u015finin ayn\u0131 anda&#8230;<\/p>\n","protected":false},"author":7,"featured_media":2782,"comment_status":"open","ping_status":"closed","sticky":false,"template":"","format":"standard","meta":{"footnotes":""},"categories":[1],"tags":[],"class_list":{"0":"post-2771","1":"post","2":"type-post","3":"status-publish","4":"format-standard","5":"has-post-thumbnail","7":"category-haberler"},"yoast_head":"<!-- This site is optimized with the Yoast SEO plugin v27.5 - https:\/\/yoast.com\/product\/yoast-seo-wordpress\/ -->\n<title>Kuzey Ankara Camii ve K\u00fclliyesi yar\u0131n a\u00e7\u0131l\u0131yor<\/title>\n<meta name=\"description\" content=\"Kuzey Ankara Camii ve K\u00fclliyesi, yar\u0131n Cumhurba\u015fkan\u0131 Recep Tayyip Erdo\u011fan\u2019\u0131n kat\u0131laca\u011f\u0131 t\u00f6renle a\u00e7\u0131lacak.\" \/>\n<meta name=\"robots\" content=\"index, follow, max-snippet:-1, max-image-preview:large, max-video-preview:-1\" \/>\n<link rel=\"canonical\" href=\"https:\/\/tdv.org\/tr-TR\/kuzey-ankara-camii-ve-kulliyesi-yarin-aciliyor\/\" \/>\n<meta property=\"og:locale\" content=\"tr_TR\" \/>\n<meta property=\"og:type\" content=\"article\" \/>\n<meta property=\"og:title\" content=\"Kuzey Ankara Camii ve K\u00fclliyesi yar\u0131n a\u00e7\u0131l\u0131yor\" \/>\n<meta property=\"og:description\" content=\"Kuzey Ankara Camii ve K\u00fclliyesi, yar\u0131n Cumhurba\u015fkan\u0131 Recep Tayyip Erdo\u011fan\u2019\u0131n kat\u0131laca\u011f\u0131 t\u00f6renle a\u00e7\u0131lacak.\" \/>\n<meta property=\"og:url\" content=\"https:\/\/tdv.org\/tr-TR\/kuzey-ankara-camii-ve-kulliyesi-yarin-aciliyor\/\" \/>\n<meta property=\"og:site_name\" content=\"T\u00fcrkiye Diyanet Vakf\u0131 Resmi Web Sitesi\" \/>\n<meta property=\"article:publisher\" content=\"https:\/\/www.facebook.com\/Diyanetvakfi\/\" \/>\n<meta property=\"article:published_time\" content=\"2019-05-09T14:09:49+00:00\" \/>\n<meta property=\"article:modified_time\" content=\"2023-04-17T08:02:21+00:00\" \/>\n<meta property=\"og:image\" content=\"https:\/\/tdv.org\/tr-TR\/wp-content\/uploads\/2019\/05\/11.jpg\" \/>\n\t<meta property=\"og:image:width\" content=\"1200\" \/>\n\t<meta property=\"og:image:height\" content=\"800\" \/>\n\t<meta property=\"og:image:type\" content=\"image\/jpeg\" \/>\n<meta name=\"author\" content=\"U\u011fur\" \/>\n<meta name=\"twitter:card\" content=\"summary_large_image\" \/>\n<meta name=\"twitter:creator\" content=\"@DiyanetVakfi\" \/>\n<meta name=\"twitter:site\" content=\"@DiyanetVakfi\" \/>\n<script type=\"application\/ld+json\" class=\"yoast-schema-graph\">{\"@context\":\"https:\\\/\\\/schema.org\",\"@graph\":[{\"@type\":\"Article\",\"@id\":\"https:\\\/\\\/tdv.org\\\/tr-TR\\\/kuzey-ankara-camii-ve-kulliyesi-yarin-aciliyor\\\/#article\",\"isPartOf\":{\"@id\":\"https:\\\/\\\/tdv.org\\\/tr-TR\\\/kuzey-ankara-camii-ve-kulliyesi-yarin-aciliyor\\\/\"},\"author\":{\"name\":\"U\u011fur\",\"@id\":\"https:\\\/\\\/tdv.org\\\/tr-TR\\\/#\\\/schema\\\/person\\\/8dcf742852c4614c6fdadb92da159c05\"},\"headline\":\"Kuzey Ankara Camii ve K\u00fclliyesi yar\u0131n a\u00e7\u0131l\u0131yor\",\"datePublished\":\"2019-05-09T14:09:49+00:00\",\"dateModified\":\"2023-04-17T08:02:21+00:00\",\"mainEntityOfPage\":{\"@id\":\"https:\\\/\\\/tdv.org\\\/tr-TR\\\/kuzey-ankara-camii-ve-kulliyesi-yarin-aciliyor\\\/\"},\"wordCount\":505,\"commentCount\":0,\"publisher\":{\"@id\":\"https:\\\/\\\/tdv.org\\\/tr-TR\\\/#organization\"},\"image\":{\"@id\":\"https:\\\/\\\/tdv.org\\\/tr-TR\\\/kuzey-ankara-camii-ve-kulliyesi-yarin-aciliyor\\\/#primaryimage\"},\"thumbnailUrl\":\"https:\\\/\\\/tdv.org\\\/tr-TR\\\/wp-content\\\/uploads\\\/2019\\\/05\\\/11.jpg\",\"articleSection\":[\"Haberler\"],\"inLanguage\":\"tr\",\"potentialAction\":[{\"@type\":\"CommentAction\",\"name\":\"Comment\",\"target\":[\"https:\\\/\\\/tdv.org\\\/tr-TR\\\/kuzey-ankara-camii-ve-kulliyesi-yarin-aciliyor\\\/#respond\"]}]},{\"@type\":\"WebPage\",\"@id\":\"https:\\\/\\\/tdv.org\\\/tr-TR\\\/kuzey-ankara-camii-ve-kulliyesi-yarin-aciliyor\\\/\",\"url\":\"https:\\\/\\\/tdv.org\\\/tr-TR\\\/kuzey-ankara-camii-ve-kulliyesi-yarin-aciliyor\\\/\",\"name\":\"Kuzey Ankara Camii ve K\u00fclliyesi yar\u0131n a\u00e7\u0131l\u0131yor\",\"isPartOf\":{\"@id\":\"https:\\\/\\\/tdv.org\\\/tr-TR\\\/#website\"},\"primaryImageOfPage\":{\"@id\":\"https:\\\/\\\/tdv.org\\\/tr-TR\\\/kuzey-ankara-camii-ve-kulliyesi-yarin-aciliyor\\\/#primaryimage\"},\"image\":{\"@id\":\"https:\\\/\\\/tdv.org\\\/tr-TR\\\/kuzey-ankara-camii-ve-kulliyesi-yarin-aciliyor\\\/#primaryimage\"},\"thumbnailUrl\":\"https:\\\/\\\/tdv.org\\\/tr-TR\\\/wp-content\\\/uploads\\\/2019\\\/05\\\/11.jpg\",\"datePublished\":\"2019-05-09T14:09:49+00:00\",\"dateModified\":\"2023-04-17T08:02:21+00:00\",\"description\":\"Kuzey Ankara Camii ve K\u00fclliyesi, yar\u0131n Cumhurba\u015fkan\u0131 Recep Tayyip Erdo\u011fan\u2019\u0131n kat\u0131laca\u011f\u0131 t\u00f6renle a\u00e7\u0131lacak.\",\"breadcrumb\":{\"@id\":\"https:\\\/\\\/tdv.org\\\/tr-TR\\\/kuzey-ankara-camii-ve-kulliyesi-yarin-aciliyor\\\/#breadcrumb\"},\"inLanguage\":\"tr\",\"potentialAction\":[{\"@type\":\"ReadAction\",\"target\":[\"https:\\\/\\\/tdv.org\\\/tr-TR\\\/kuzey-ankara-camii-ve-kulliyesi-yarin-aciliyor\\\/\"]}]},{\"@type\":\"ImageObject\",\"inLanguage\":\"tr\",\"@id\":\"https:\\\/\\\/tdv.org\\\/tr-TR\\\/kuzey-ankara-camii-ve-kulliyesi-yarin-aciliyor\\\/#primaryimage\",\"url\":\"https:\\\/\\\/tdv.org\\\/tr-TR\\\/wp-content\\\/uploads\\\/2019\\\/05\\\/11.jpg\",\"contentUrl\":\"https:\\\/\\\/tdv.org\\\/tr-TR\\\/wp-content\\\/uploads\\\/2019\\\/05\\\/11.jpg\",\"width\":1200,\"height\":800},{\"@type\":\"BreadcrumbList\",\"@id\":\"https:\\\/\\\/tdv.org\\\/tr-TR\\\/kuzey-ankara-camii-ve-kulliyesi-yarin-aciliyor\\\/#breadcrumb\",\"itemListElement\":[{\"@type\":\"ListItem\",\"position\":1,\"name\":\"Anasayfa\",\"item\":\"https:\\\/\\\/tdv.org\\\/tr-TR\\\/\"},{\"@type\":\"ListItem\",\"position\":2,\"name\":\"Kuzey Ankara Camii ve K\u00fclliyesi yar\u0131n a\u00e7\u0131l\u0131yor\"}]},{\"@type\":\"WebSite\",\"@id\":\"https:\\\/\\\/tdv.org\\\/tr-TR\\\/#website\",\"url\":\"https:\\\/\\\/tdv.org\\\/tr-TR\\\/\",\"name\":\"T\u00fcrkiye Diyanet Vakf\u0131 Resmi Web Sitesi\",\"description\":\"Yery\u00fcz\u00fcnde iyilik egemen oluncaya kadar\",\"publisher\":{\"@id\":\"https:\\\/\\\/tdv.org\\\/tr-TR\\\/#organization\"},\"alternateName\":\"T\u00fcrkiye Diyanet Vakf\u0131\",\"potentialAction\":[{\"@type\":\"SearchAction\",\"target\":{\"@type\":\"EntryPoint\",\"urlTemplate\":\"https:\\\/\\\/tdv.org\\\/tr-TR\\\/?s={search_term_string}\"},\"query-input\":{\"@type\":\"PropertyValueSpecification\",\"valueRequired\":true,\"valueName\":\"search_term_string\"}}],\"inLanguage\":\"tr\"},{\"@type\":\"Organization\",\"@id\":\"https:\\\/\\\/tdv.org\\\/tr-TR\\\/#organization\",\"name\":\"T\u00fcrkiye Diyanet Vakf\u0131\",\"alternateName\":\"T\u00fcrkiye Diyanet Vakf\u0131\",\"url\":\"https:\\\/\\\/tdv.org\\\/tr-TR\\\/\",\"logo\":{\"@type\":\"ImageObject\",\"inLanguage\":\"tr\",\"@id\":\"https:\\\/\\\/tdv.org\\\/tr-TR\\\/#\\\/schema\\\/logo\\\/image\\\/\",\"url\":\"https:\\\/\\\/tdv.org\\\/tr-TR\\\/wp-content\\\/uploads\\\/2018\\\/12\\\/TDV_Logo_1.png\",\"contentUrl\":\"https:\\\/\\\/tdv.org\\\/tr-TR\\\/wp-content\\\/uploads\\\/2018\\\/12\\\/TDV_Logo_1.png\",\"width\":207,\"height\":71,\"caption\":\"T\u00fcrkiye Diyanet Vakf\u0131\"},\"image\":{\"@id\":\"https:\\\/\\\/tdv.org\\\/tr-TR\\\/#\\\/schema\\\/logo\\\/image\\\/\"},\"sameAs\":[\"https:\\\/\\\/www.facebook.com\\\/Diyanetvakfi\\\/\",\"https:\\\/\\\/x.com\\\/DiyanetVakfi\",\"https:\\\/\\\/www.instagram.com\\\/turkiyediyanetvakfi\\\/\",\"https:\\\/\\\/www.youtube.com\\\/user\\\/TurkiyeDiyanetVakfi\"]},{\"@type\":\"Person\",\"@id\":\"https:\\\/\\\/tdv.org\\\/tr-TR\\\/#\\\/schema\\\/person\\\/8dcf742852c4614c6fdadb92da159c05\",\"name\":\"U\u011fur\",\"image\":{\"@type\":\"ImageObject\",\"inLanguage\":\"tr\",\"@id\":\"https:\\\/\\\/tdv.org\\\/tr-TR\\\/wp-content\\\/litespeed\\\/avatar\\\/b970c0eba1124f8268544e2640bfa964.jpg?ver=1777289940\",\"url\":\"https:\\\/\\\/tdv.org\\\/tr-TR\\\/wp-content\\\/litespeed\\\/avatar\\\/b970c0eba1124f8268544e2640bfa964.jpg?ver=1777289940\",\"contentUrl\":\"https:\\\/\\\/tdv.org\\\/tr-TR\\\/wp-content\\\/litespeed\\\/avatar\\\/b970c0eba1124f8268544e2640bfa964.jpg?ver=1777289940\",\"caption\":\"U\u011fur\"}}]}<\/script>\n<!-- \/ Yoast SEO plugin. -->","yoast_head_json":{"title":"Kuzey Ankara Camii ve K\u00fclliyesi yar\u0131n a\u00e7\u0131l\u0131yor","description":"Kuzey Ankara Camii ve K\u00fclliyesi, yar\u0131n Cumhurba\u015fkan\u0131 Recep Tayyip Erdo\u011fan\u2019\u0131n kat\u0131laca\u011f\u0131 t\u00f6renle a\u00e7\u0131lacak.","robots":{"index":"index","follow":"follow","max-snippet":"max-snippet:-1","max-image-preview":"max-image-preview:large","max-video-preview":"max-video-preview:-1"},"canonical":"https:\/\/tdv.org\/tr-TR\/kuzey-ankara-camii-ve-kulliyesi-yarin-aciliyor\/","og_locale":"tr_TR","og_type":"article","og_title":"Kuzey Ankara Camii ve K\u00fclliyesi yar\u0131n a\u00e7\u0131l\u0131yor","og_description":"Kuzey Ankara Camii ve K\u00fclliyesi, yar\u0131n Cumhurba\u015fkan\u0131 Recep Tayyip Erdo\u011fan\u2019\u0131n kat\u0131laca\u011f\u0131 t\u00f6renle a\u00e7\u0131lacak.","og_url":"https:\/\/tdv.org\/tr-TR\/kuzey-ankara-camii-ve-kulliyesi-yarin-aciliyor\/","og_site_name":"T\u00fcrkiye Diyanet Vakf\u0131 Resmi Web Sitesi","article_publisher":"https:\/\/www.facebook.com\/Diyanetvakfi\/","article_published_time":"2019-05-09T14:09:49+00:00","article_modified_time":"2023-04-17T08:02:21+00:00","og_image":[{"width":1200,"height":800,"url":"https:\/\/tdv.org\/tr-TR\/wp-content\/uploads\/2019\/05\/11.jpg","type":"image\/jpeg"}],"author":"U\u011fur","twitter_card":"summary_large_image","twitter_creator":"@DiyanetVakfi","twitter_site":"@DiyanetVakfi","schema":{"@context":"https:\/\/schema.org","@graph":[{"@type":"Article","@id":"https:\/\/tdv.org\/tr-TR\/kuzey-ankara-camii-ve-kulliyesi-yarin-aciliyor\/#article","isPartOf":{"@id":"https:\/\/tdv.org\/tr-TR\/kuzey-ankara-camii-ve-kulliyesi-yarin-aciliyor\/"},"author":{"name":"U\u011fur","@id":"https:\/\/tdv.org\/tr-TR\/#\/schema\/person\/8dcf742852c4614c6fdadb92da159c05"},"headline":"Kuzey Ankara Camii ve K\u00fclliyesi yar\u0131n a\u00e7\u0131l\u0131yor","datePublished":"2019-05-09T14:09:49+00:00","dateModified":"2023-04-17T08:02:21+00:00","mainEntityOfPage":{"@id":"https:\/\/tdv.org\/tr-TR\/kuzey-ankara-camii-ve-kulliyesi-yarin-aciliyor\/"},"wordCount":505,"commentCount":0,"publisher":{"@id":"https:\/\/tdv.org\/tr-TR\/#organization"},"image":{"@id":"https:\/\/tdv.org\/tr-TR\/kuzey-ankara-camii-ve-kulliyesi-yarin-aciliyor\/#primaryimage"},"thumbnailUrl":"https:\/\/tdv.org\/tr-TR\/wp-content\/uploads\/2019\/05\/11.jpg","articleSection":["Haberler"],"inLanguage":"tr","potentialAction":[{"@type":"CommentAction","name":"Comment","target":["https:\/\/tdv.org\/tr-TR\/kuzey-ankara-camii-ve-kulliyesi-yarin-aciliyor\/#respond"]}]},{"@type":"WebPage","@id":"https:\/\/tdv.org\/tr-TR\/kuzey-ankara-camii-ve-kulliyesi-yarin-aciliyor\/","url":"https:\/\/tdv.org\/tr-TR\/kuzey-ankara-camii-ve-kulliyesi-yarin-aciliyor\/","name":"Kuzey Ankara Camii ve K\u00fclliyesi yar\u0131n a\u00e7\u0131l\u0131yor","isPartOf":{"@id":"https:\/\/tdv.org\/tr-TR\/#website"},"primaryImageOfPage":{"@id":"https:\/\/tdv.org\/tr-TR\/kuzey-ankara-camii-ve-kulliyesi-yarin-aciliyor\/#primaryimage"},"image":{"@id":"https:\/\/tdv.org\/tr-TR\/kuzey-ankara-camii-ve-kulliyesi-yarin-aciliyor\/#primaryimage"},"thumbnailUrl":"https:\/\/tdv.org\/tr-TR\/wp-content\/uploads\/2019\/05\/11.jpg","datePublished":"2019-05-09T14:09:49+00:00","dateModified":"2023-04-17T08:02:21+00:00","description":"Kuzey Ankara Camii ve K\u00fclliyesi, yar\u0131n Cumhurba\u015fkan\u0131 Recep Tayyip Erdo\u011fan\u2019\u0131n kat\u0131laca\u011f\u0131 t\u00f6renle a\u00e7\u0131lacak.","breadcrumb":{"@id":"https:\/\/tdv.org\/tr-TR\/kuzey-ankara-camii-ve-kulliyesi-yarin-aciliyor\/#breadcrumb"},"inLanguage":"tr","potentialAction":[{"@type":"ReadAction","target":["https:\/\/tdv.org\/tr-TR\/kuzey-ankara-camii-ve-kulliyesi-yarin-aciliyor\/"]}]},{"@type":"ImageObject","inLanguage":"tr","@id":"https:\/\/tdv.org\/tr-TR\/kuzey-ankara-camii-ve-kulliyesi-yarin-aciliyor\/#primaryimage","url":"https:\/\/tdv.org\/tr-TR\/wp-content\/uploads\/2019\/05\/11.jpg","contentUrl":"https:\/\/tdv.org\/tr-TR\/wp-content\/uploads\/2019\/05\/11.jpg","width":1200,"height":800},{"@type":"BreadcrumbList","@id":"https:\/\/tdv.org\/tr-TR\/kuzey-ankara-camii-ve-kulliyesi-yarin-aciliyor\/#breadcrumb","itemListElement":[{"@type":"ListItem","position":1,"name":"Anasayfa","item":"https:\/\/tdv.org\/tr-TR\/"},{"@type":"ListItem","position":2,"name":"Kuzey Ankara Camii ve K\u00fclliyesi yar\u0131n a\u00e7\u0131l\u0131yor"}]},{"@type":"WebSite","@id":"https:\/\/tdv.org\/tr-TR\/#website","url":"https:\/\/tdv.org\/tr-TR\/","name":"T\u00fcrkiye Diyanet Vakf\u0131 Resmi Web Sitesi","description":"Yery\u00fcz\u00fcnde iyilik egemen oluncaya kadar","publisher":{"@id":"https:\/\/tdv.org\/tr-TR\/#organization"},"alternateName":"T\u00fcrkiye Diyanet Vakf\u0131","potentialAction":[{"@type":"SearchAction","target":{"@type":"EntryPoint","urlTemplate":"https:\/\/tdv.org\/tr-TR\/?s={search_term_string}"},"query-input":{"@type":"PropertyValueSpecification","valueRequired":true,"valueName":"search_term_string"}}],"inLanguage":"tr"},{"@type":"Organization","@id":"https:\/\/tdv.org\/tr-TR\/#organization","name":"T\u00fcrkiye Diyanet Vakf\u0131","alternateName":"T\u00fcrkiye Diyanet Vakf\u0131","url":"https:\/\/tdv.org\/tr-TR\/","logo":{"@type":"ImageObject","inLanguage":"tr","@id":"https:\/\/tdv.org\/tr-TR\/#\/schema\/logo\/image\/","url":"https:\/\/tdv.org\/tr-TR\/wp-content\/uploads\/2018\/12\/TDV_Logo_1.png","contentUrl":"https:\/\/tdv.org\/tr-TR\/wp-content\/uploads\/2018\/12\/TDV_Logo_1.png","width":207,"height":71,"caption":"T\u00fcrkiye Diyanet Vakf\u0131"},"image":{"@id":"https:\/\/tdv.org\/tr-TR\/#\/schema\/logo\/image\/"},"sameAs":["https:\/\/www.facebook.com\/Diyanetvakfi\/","https:\/\/x.com\/DiyanetVakfi","https:\/\/www.instagram.com\/turkiyediyanetvakfi\/","https:\/\/www.youtube.com\/user\/TurkiyeDiyanetVakfi"]},{"@type":"Person","@id":"https:\/\/tdv.org\/tr-TR\/#\/schema\/person\/8dcf742852c4614c6fdadb92da159c05","name":"U\u011fur","image":{"@type":"ImageObject","inLanguage":"tr","@id":"https:\/\/tdv.org\/tr-TR\/wp-content\/litespeed\/avatar\/b970c0eba1124f8268544e2640bfa964.jpg?ver=1777289940","url":"https:\/\/tdv.org\/tr-TR\/wp-content\/litespeed\/avatar\/b970c0eba1124f8268544e2640bfa964.jpg?ver=1777289940","contentUrl":"https:\/\/tdv.org\/tr-TR\/wp-content\/litespeed\/avatar\/b970c0eba1124f8268544e2640bfa964.jpg?ver=1777289940","caption":"U\u011fur"}}]}},"_links":{"self":[{"href":"https:\/\/tdv.org\/tr-TR\/wp-json\/wp\/v2\/posts\/2771","targetHints":{"allow":["GET"]}}],"collection":[{"href":"https:\/\/tdv.org\/tr-TR\/wp-json\/wp\/v2\/posts"}],"about":[{"href":"https:\/\/tdv.org\/tr-TR\/wp-json\/wp\/v2\/types\/post"}],"author":[{"embeddable":true,"href":"https:\/\/tdv.org\/tr-TR\/wp-json\/wp\/v2\/users\/7"}],"replies":[{"embeddable":true,"href":"https:\/\/tdv.org\/tr-TR\/wp-json\/wp\/v2\/comments?post=2771"}],"version-history":[{"count":1,"href":"https:\/\/tdv.org\/tr-TR\/wp-json\/wp\/v2\/posts\/2771\/revisions"}],"predecessor-version":[{"id":32159,"href":"https:\/\/tdv.org\/tr-TR\/wp-json\/wp\/v2\/posts\/2771\/revisions\/32159"}],"wp:featuredmedia":[{"embeddable":true,"href":"https:\/\/tdv.org\/tr-TR\/wp-json\/wp\/v2\/media\/2782"}],"wp:attachment":[{"href":"https:\/\/tdv.org\/tr-TR\/wp-json\/wp\/v2\/media?parent=2771"}],"wp:term":[{"taxonomy":"category","embeddable":true,"href":"https:\/\/tdv.org\/tr-TR\/wp-json\/wp\/v2\/categories?post=2771"},{"taxonomy":"post_tag","embeddable":true,"href":"https:\/\/tdv.org\/tr-TR\/wp-json\/wp\/v2\/tags?post=2771"}],"curies":[{"name":"wp","href":"https:\/\/api.w.org\/{rel}","templated":true}]}}