{"id":28639,"date":"2022-12-07T12:16:08","date_gmt":"2022-12-07T09:16:08","guid":{"rendered":"https:\/\/tdv.org\/tr-TR\/?p=28639"},"modified":"2022-12-14T15:21:03","modified_gmt":"2022-12-14T12:21:03","slug":"turkiye-diyanet-vakfi-2-milyonu-askin-insani-zekatla-bulusturdu","status":"publish","type":"post","link":"https:\/\/tdv.org\/tr-TR\/turkiye-diyanet-vakfi-2-milyonu-askin-insani-zekatla-bulusturdu\/","title":{"rendered":"T\u00fcrkiye Diyanet Vakf\u0131 2 milyonu a\u015fk\u0131n insan\u0131 zekatla bulu\u015fturdu"},"content":{"rendered":"[vc_row type=&#8221;in_container&#8221; full_screen_row_position=&#8221;middle&#8221; scene_position=&#8221;center&#8221; text_color=&#8221;dark&#8221; text_align=&#8221;left&#8221; overlay_strength=&#8221;0.3&#8243; shape_divider_position=&#8221;bottom&#8221; bg_image_animation=&#8221;none&#8221;][vc_column column_padding=&#8221;no-extra-padding&#8221; column_padding_position=&#8221;all&#8221; background_color_opacity=&#8221;1&#8243; background_hover_color_opacity=&#8221;1&#8243; column_link_target=&#8221;_self&#8221; column_shadow=&#8221;none&#8221; column_border_radius=&#8221;none&#8221; width=&#8221;1\/1&#8243; tablet_width_inherit=&#8221;default&#8221; tablet_text_alignment=&#8221;default&#8221; phone_text_alignment=&#8221;default&#8221; column_border_width=&#8221;none&#8221; column_border_style=&#8221;solid&#8221; bg_image_animation=&#8221;none&#8221;][vc_column_text]\n<p style=\"text-align: justify;\">T\u00fcrkiye Diyanet Vakf\u0131 (TDV), hay\u0131rseverlerin destekleriyle \u00fclkemizde 81 il 922 il\u00e7edeki ihtiya\u00e7 sahibi aileler ba\u015fta olmak \u00fczere 149 \u00fclkedeki 2 milyonu a\u015fk\u0131n insan\u0131 265 milyon liral\u0131k zekatla bulu\u015fturdu.<\/p>\n<p style=\"text-align: justify;\">E\u011fitimden sosyal faaliyetlere, bar\u0131nmadan g\u0131daya, acil insani yard\u0131mlardan dini hayat\u0131 destekleme faaliyetlerine kadar bir\u00e7ok alanda \u00e7al\u0131\u015fma yapan TDV, yurt i\u00e7i ve yurt d\u0131\u015f\u0131ndaki desteklerini s\u00fcrd\u00fcr\u00fcyor.<\/p>\n<p style=\"text-align: justify;\">T\u00fcrkiye Diyanet Vakf\u0131 Genel M\u00fcd\u00fcr Yard\u0131mc\u0131s\u0131 Abdurrahman \u00c7etin, TDV&#8217;nin 47 y\u0131ld\u0131r \u00f6nemli \u00e7al\u0131\u015fmalarda bulundu\u011funu s\u00f6yledi.<\/p>\n<p style=\"text-align: justify;\">Yurt i\u00e7inde 1003 \u015fubeyle yard\u0131ma muhta\u00e7 ki\u015filerin yan\u0131nda olduklar\u0131n\u0131 anlatan \u00c7etin, &#8220;Yurt d\u0131\u015f\u0131nda ise 149 \u00fclkede, kriz b\u00f6lgelerinde ve di\u011fer ihtiya\u00e7 bulunan co\u011frafyalarda aktif bir \u015fekilde vakf\u0131m\u0131z bu hizmeti y\u00fcr\u00fctmektedir.&#8221; dedi.<\/p>\n<p style=\"text-align: justify;\">TDV&#8217;nin ba\u015fta T\u00fcrkiye olmak \u00fczere 149 \u00fclkede zekatla alakal\u0131 \u00e7al\u0131\u015fmalar y\u00fcr\u00fctt\u00fc\u011f\u00fcn\u00fc belirten \u00c7etin, faaliyetlere ara vermeden devam ettiklerini ifade etti.<\/p>\n<p style=\"text-align: justify;\"><strong>2 milyon ki\u015fiye zekat da\u011f\u0131t\u0131l\u0131yor<\/strong><\/p>\n<p style=\"text-align: justify;\">Bir\u00e7ok co\u011frafyada yard\u0131ma muhta\u00e7 ki\u015fiye ula\u015ft\u0131klar\u0131n\u0131 dile getiren \u00c7etin, \u015funlar\u0131 kaydetti:<\/p>\n<p style=\"text-align: justify;\">&#8220;Zekatlar Arakan, Yemen, Filistin gibi co\u011frafyalarda kullan\u0131l\u0131yor. TDV, y\u0131l\u0131n ilk 11 ay\u0131nda 265 milyonluk zekat toplad\u0131, bunu sahada da\u011f\u0131tt\u0131 ve da\u011f\u0131tmaya devam ediyor. Tabii ki 2 milyonu a\u015fk\u0131n insan, aile, \u00f6\u011frenci, birey bunlardan yararland\u0131 ve yararlanmaya devam edecek. Zekat\u0131n kullan\u0131ld\u0131\u011f\u0131 alan geni\u015f bir alan. Yurt i\u00e7inde ve yurt d\u0131\u015f\u0131nda, e\u011fitim faaliyetlerinde, insani krizlerde, a\u00e7l\u0131kta, yoklukta, k\u0131tl\u0131kta bunlar\u0131n tamam\u0131n\u0131 bir operatif olarak kullan\u0131yoruz. Tabii ki ba\u011f\u0131\u015f\u00e7\u0131lar\u0131m\u0131zdan gelen \u015fartl\u0131 ba\u011f\u0131\u015flar da var. &#8216;Zekat Yemen&#8217;, &#8216;Zekat Arakan&#8217;, &#8216;Zekat E\u011fitim&#8217; gibi adrese teslim ba\u011f\u0131\u015flar var. B\u00fct\u00fcn bunlar\u0131 ortaya koydu\u011funuzda b\u00fcy\u00fck bir \u00e7al\u0131\u015fmay\u0131 icra ediyoruz.&#8221;<\/p>\n\n\t\t<style type=\"text\/css\">\n\t\t\t#gallery-1 {\n\t\t\t\tmargin: auto;\n\t\t\t}\n\t\t\t#gallery-1 .gallery-item {\n\t\t\t\tfloat: left;\n\t\t\t\tmargin-top: 10px;\n\t\t\t\ttext-align: center;\n\t\t\t\twidth: 16%;\n\t\t\t}\n\t\t\t#gallery-1 img {\n\t\t\t\tborder: 2px solid #cfcfcf;\n\t\t\t}\n\t\t\t#gallery-1 .gallery-caption {\n\t\t\t\tmargin-left: 0;\n\t\t\t}\n\t\t\t\/* see gallery_shortcode() in wp-includes\/media.php *\/\n\t\t<\/style>\n\t\t<div id='gallery-1' class='gallery galleryid-28639 gallery-columns-6 gallery-size-thumbnail'><dl class='gallery-item'>\n\t\t\t<dt class='gallery-icon landscape'>\n\t\t\t\t<a href='https:\/\/tdv.org\/tr-TR\/wp-content\/uploads\/2022\/12\/TDV2022-Iyilik-Kolisi-Dagitim-Eskisehir-48.jpg'><img decoding=\"async\" width=\"150\" height=\"150\" src=\"https:\/\/tdv.org\/tr-TR\/wp-content\/uploads\/2022\/12\/TDV2022-Iyilik-Kolisi-Dagitim-Eskisehir-48-150x150.jpg\" class=\"attachment-thumbnail size-thumbnail\" alt=\"\" srcset=\"https:\/\/tdv.org\/tr-TR\/wp-content\/uploads\/2022\/12\/TDV2022-Iyilik-Kolisi-Dagitim-Eskisehir-48-150x150.jpg 150w, https:\/\/tdv.org\/tr-TR\/wp-content\/uploads\/2022\/12\/TDV2022-Iyilik-Kolisi-Dagitim-Eskisehir-48-100x100.jpg 100w, https:\/\/tdv.org\/tr-TR\/wp-content\/uploads\/2022\/12\/TDV2022-Iyilik-Kolisi-Dagitim-Eskisehir-48-140x140.jpg 140w, https:\/\/tdv.org\/tr-TR\/wp-content\/uploads\/2022\/12\/TDV2022-Iyilik-Kolisi-Dagitim-Eskisehir-48-500x500.jpg 500w, https:\/\/tdv.org\/tr-TR\/wp-content\/uploads\/2022\/12\/TDV2022-Iyilik-Kolisi-Dagitim-Eskisehir-48-350x350.jpg 350w\" sizes=\"(max-width: 150px) 100vw, 150px\" \/><\/a>\n\t\t\t<\/dt><\/dl><dl class='gallery-item'>\n\t\t\t<dt class='gallery-icon landscape'>\n\t\t\t\t<a href='https:\/\/tdv.org\/tr-TR\/wp-content\/uploads\/2022\/12\/AA-20221207-29669740-29669739-TURKIYE_DIYANET_VAKFI_149_ULKEDEKI_2_MILYONU_ASKIN_INSANI_ZEKATLA_BULUSTURDU-scaled.jpg'><img decoding=\"async\" width=\"150\" height=\"150\" src=\"https:\/\/tdv.org\/tr-TR\/wp-content\/uploads\/2022\/12\/AA-20221207-29669740-29669739-TURKIYE_DIYANET_VAKFI_149_ULKEDEKI_2_MILYONU_ASKIN_INSANI_ZEKATLA_BULUSTURDU-150x150.jpg\" class=\"attachment-thumbnail size-thumbnail\" alt=\"\" srcset=\"https:\/\/tdv.org\/tr-TR\/wp-content\/uploads\/2022\/12\/AA-20221207-29669740-29669739-TURKIYE_DIYANET_VAKFI_149_ULKEDEKI_2_MILYONU_ASKIN_INSANI_ZEKATLA_BULUSTURDU-150x150.jpg 150w, https:\/\/tdv.org\/tr-TR\/wp-content\/uploads\/2022\/12\/AA-20221207-29669740-29669739-TURKIYE_DIYANET_VAKFI_149_ULKEDEKI_2_MILYONU_ASKIN_INSANI_ZEKATLA_BULUSTURDU-100x100.jpg 100w, https:\/\/tdv.org\/tr-TR\/wp-content\/uploads\/2022\/12\/AA-20221207-29669740-29669739-TURKIYE_DIYANET_VAKFI_149_ULKEDEKI_2_MILYONU_ASKIN_INSANI_ZEKATLA_BULUSTURDU-140x140.jpg 140w, https:\/\/tdv.org\/tr-TR\/wp-content\/uploads\/2022\/12\/AA-20221207-29669740-29669739-TURKIYE_DIYANET_VAKFI_149_ULKEDEKI_2_MILYONU_ASKIN_INSANI_ZEKATLA_BULUSTURDU-500x500.jpg 500w, https:\/\/tdv.org\/tr-TR\/wp-content\/uploads\/2022\/12\/AA-20221207-29669740-29669739-TURKIYE_DIYANET_VAKFI_149_ULKEDEKI_2_MILYONU_ASKIN_INSANI_ZEKATLA_BULUSTURDU-350x350.jpg 350w, https:\/\/tdv.org\/tr-TR\/wp-content\/uploads\/2022\/12\/AA-20221207-29669740-29669739-TURKIYE_DIYANET_VAKFI_149_ULKEDEKI_2_MILYONU_ASKIN_INSANI_ZEKATLA_BULUSTURDU-1000x1000.jpg 1000w, https:\/\/tdv.org\/tr-TR\/wp-content\/uploads\/2022\/12\/AA-20221207-29669740-29669739-TURKIYE_DIYANET_VAKFI_149_ULKEDEKI_2_MILYONU_ASKIN_INSANI_ZEKATLA_BULUSTURDU-800x800.jpg 800w\" sizes=\"(max-width: 150px) 100vw, 150px\" \/><\/a>\n\t\t\t<\/dt><\/dl><dl class='gallery-item'>\n\t\t\t<dt class='gallery-icon landscape'>\n\t\t\t\t<a href='https:\/\/tdv.org\/tr-TR\/wp-content\/uploads\/2022\/12\/TDV2022-Iyilik-Kolisi-Dagitim-Eskisehir-31.jpg'><img decoding=\"async\" width=\"150\" height=\"150\" src=\"https:\/\/tdv.org\/tr-TR\/wp-content\/uploads\/2022\/12\/TDV2022-Iyilik-Kolisi-Dagitim-Eskisehir-31-150x150.jpg\" class=\"attachment-thumbnail size-thumbnail\" alt=\"\" srcset=\"https:\/\/tdv.org\/tr-TR\/wp-content\/uploads\/2022\/12\/TDV2022-Iyilik-Kolisi-Dagitim-Eskisehir-31-150x150.jpg 150w, https:\/\/tdv.org\/tr-TR\/wp-content\/uploads\/2022\/12\/TDV2022-Iyilik-Kolisi-Dagitim-Eskisehir-31-100x100.jpg 100w, https:\/\/tdv.org\/tr-TR\/wp-content\/uploads\/2022\/12\/TDV2022-Iyilik-Kolisi-Dagitim-Eskisehir-31-140x140.jpg 140w, https:\/\/tdv.org\/tr-TR\/wp-content\/uploads\/2022\/12\/TDV2022-Iyilik-Kolisi-Dagitim-Eskisehir-31-500x500.jpg 500w, https:\/\/tdv.org\/tr-TR\/wp-content\/uploads\/2022\/12\/TDV2022-Iyilik-Kolisi-Dagitim-Eskisehir-31-350x350.jpg 350w\" sizes=\"(max-width: 150px) 100vw, 150px\" \/><\/a>\n\t\t\t<\/dt><\/dl><dl class='gallery-item'>\n\t\t\t<dt class='gallery-icon landscape'>\n\t\t\t\t<a href='https:\/\/tdv.org\/tr-TR\/wp-content\/uploads\/2022\/12\/TDV2022-Iyilik-Kolisi-Dagitim-Eskisehir-74.jpg'><img decoding=\"async\" width=\"150\" height=\"150\" src=\"https:\/\/tdv.org\/tr-TR\/wp-content\/uploads\/2022\/12\/TDV2022-Iyilik-Kolisi-Dagitim-Eskisehir-74-150x150.jpg\" class=\"attachment-thumbnail size-thumbnail\" alt=\"\" srcset=\"https:\/\/tdv.org\/tr-TR\/wp-content\/uploads\/2022\/12\/TDV2022-Iyilik-Kolisi-Dagitim-Eskisehir-74-150x150.jpg 150w, https:\/\/tdv.org\/tr-TR\/wp-content\/uploads\/2022\/12\/TDV2022-Iyilik-Kolisi-Dagitim-Eskisehir-74-100x100.jpg 100w, https:\/\/tdv.org\/tr-TR\/wp-content\/uploads\/2022\/12\/TDV2022-Iyilik-Kolisi-Dagitim-Eskisehir-74-140x140.jpg 140w, https:\/\/tdv.org\/tr-TR\/wp-content\/uploads\/2022\/12\/TDV2022-Iyilik-Kolisi-Dagitim-Eskisehir-74-500x500.jpg 500w, https:\/\/tdv.org\/tr-TR\/wp-content\/uploads\/2022\/12\/TDV2022-Iyilik-Kolisi-Dagitim-Eskisehir-74-350x350.jpg 350w\" sizes=\"(max-width: 150px) 100vw, 150px\" \/><\/a>\n\t\t\t<\/dt><\/dl><dl class='gallery-item'>\n\t\t\t<dt class='gallery-icon landscape'>\n\t\t\t\t<a href='https:\/\/tdv.org\/tr-TR\/wp-content\/uploads\/2022\/12\/TDV2022-Iyilik-Kolisi-Dagitim-Istanbul-12.jpg'><img decoding=\"async\" width=\"150\" height=\"150\" src=\"https:\/\/tdv.org\/tr-TR\/wp-content\/uploads\/2022\/12\/TDV2022-Iyilik-Kolisi-Dagitim-Istanbul-12-150x150.jpg\" class=\"attachment-thumbnail size-thumbnail\" alt=\"\" srcset=\"https:\/\/tdv.org\/tr-TR\/wp-content\/uploads\/2022\/12\/TDV2022-Iyilik-Kolisi-Dagitim-Istanbul-12-150x150.jpg 150w, https:\/\/tdv.org\/tr-TR\/wp-content\/uploads\/2022\/12\/TDV2022-Iyilik-Kolisi-Dagitim-Istanbul-12-100x100.jpg 100w, https:\/\/tdv.org\/tr-TR\/wp-content\/uploads\/2022\/12\/TDV2022-Iyilik-Kolisi-Dagitim-Istanbul-12-140x140.jpg 140w, https:\/\/tdv.org\/tr-TR\/wp-content\/uploads\/2022\/12\/TDV2022-Iyilik-Kolisi-Dagitim-Istanbul-12-500x500.jpg 500w, https:\/\/tdv.org\/tr-TR\/wp-content\/uploads\/2022\/12\/TDV2022-Iyilik-Kolisi-Dagitim-Istanbul-12-350x350.jpg 350w\" sizes=\"(max-width: 150px) 100vw, 150px\" \/><\/a>\n\t\t\t<\/dt><\/dl><dl class='gallery-item'>\n\t\t\t<dt class='gallery-icon landscape'>\n\t\t\t\t<a href='https:\/\/tdv.org\/tr-TR\/wp-content\/uploads\/2022\/12\/TDV2022-Iyilik-Kolisi-Dagitim-Konya-39.jpg'><img decoding=\"async\" width=\"150\" height=\"150\" src=\"https:\/\/tdv.org\/tr-TR\/wp-content\/uploads\/2022\/12\/TDV2022-Iyilik-Kolisi-Dagitim-Konya-39-150x150.jpg\" class=\"attachment-thumbnail size-thumbnail\" alt=\"\" srcset=\"https:\/\/tdv.org\/tr-TR\/wp-content\/uploads\/2022\/12\/TDV2022-Iyilik-Kolisi-Dagitim-Konya-39-150x150.jpg 150w, https:\/\/tdv.org\/tr-TR\/wp-content\/uploads\/2022\/12\/TDV2022-Iyilik-Kolisi-Dagitim-Konya-39-100x100.jpg 100w, https:\/\/tdv.org\/tr-TR\/wp-content\/uploads\/2022\/12\/TDV2022-Iyilik-Kolisi-Dagitim-Konya-39-140x140.jpg 140w, https:\/\/tdv.org\/tr-TR\/wp-content\/uploads\/2022\/12\/TDV2022-Iyilik-Kolisi-Dagitim-Konya-39-500x500.jpg 500w, https:\/\/tdv.org\/tr-TR\/wp-content\/uploads\/2022\/12\/TDV2022-Iyilik-Kolisi-Dagitim-Konya-39-350x350.jpg 350w\" sizes=\"(max-width: 150px) 100vw, 150px\" \/><\/a>\n\t\t\t<\/dt><\/dl><br style=\"clear: both\" \/><dl class='gallery-item'>\n\t\t\t<dt class='gallery-icon landscape'>\n\t\t\t\t<a href='https:\/\/tdv.org\/tr-TR\/wp-content\/uploads\/2022\/12\/TDV2022-Iyilik-Kolisi-Dagitim-Konya-61.jpg'><img decoding=\"async\" width=\"150\" height=\"150\" src=\"https:\/\/tdv.org\/tr-TR\/wp-content\/uploads\/2022\/12\/TDV2022-Iyilik-Kolisi-Dagitim-Konya-61-150x150.jpg\" class=\"attachment-thumbnail size-thumbnail\" alt=\"\" srcset=\"https:\/\/tdv.org\/tr-TR\/wp-content\/uploads\/2022\/12\/TDV2022-Iyilik-Kolisi-Dagitim-Konya-61-150x150.jpg 150w, https:\/\/tdv.org\/tr-TR\/wp-content\/uploads\/2022\/12\/TDV2022-Iyilik-Kolisi-Dagitim-Konya-61-100x100.jpg 100w, https:\/\/tdv.org\/tr-TR\/wp-content\/uploads\/2022\/12\/TDV2022-Iyilik-Kolisi-Dagitim-Konya-61-140x140.jpg 140w, https:\/\/tdv.org\/tr-TR\/wp-content\/uploads\/2022\/12\/TDV2022-Iyilik-Kolisi-Dagitim-Konya-61-500x500.jpg 500w, https:\/\/tdv.org\/tr-TR\/wp-content\/uploads\/2022\/12\/TDV2022-Iyilik-Kolisi-Dagitim-Konya-61-350x350.jpg 350w\" sizes=\"(max-width: 150px) 100vw, 150px\" \/><\/a>\n\t\t\t<\/dt><\/dl><dl class='gallery-item'>\n\t\t\t<dt class='gallery-icon landscape'>\n\t\t\t\t<a href='https:\/\/tdv.org\/tr-TR\/wp-content\/uploads\/2022\/12\/TDV2022-Iyilik-Kolisi-Dagitim-Konya-89.jpg'><img decoding=\"async\" width=\"150\" height=\"150\" src=\"https:\/\/tdv.org\/tr-TR\/wp-content\/uploads\/2022\/12\/TDV2022-Iyilik-Kolisi-Dagitim-Konya-89-150x150.jpg\" class=\"attachment-thumbnail size-thumbnail\" alt=\"\" srcset=\"https:\/\/tdv.org\/tr-TR\/wp-content\/uploads\/2022\/12\/TDV2022-Iyilik-Kolisi-Dagitim-Konya-89-150x150.jpg 150w, https:\/\/tdv.org\/tr-TR\/wp-content\/uploads\/2022\/12\/TDV2022-Iyilik-Kolisi-Dagitim-Konya-89-100x100.jpg 100w, https:\/\/tdv.org\/tr-TR\/wp-content\/uploads\/2022\/12\/TDV2022-Iyilik-Kolisi-Dagitim-Konya-89-140x140.jpg 140w, https:\/\/tdv.org\/tr-TR\/wp-content\/uploads\/2022\/12\/TDV2022-Iyilik-Kolisi-Dagitim-Konya-89-500x500.jpg 500w, https:\/\/tdv.org\/tr-TR\/wp-content\/uploads\/2022\/12\/TDV2022-Iyilik-Kolisi-Dagitim-Konya-89-350x350.jpg 350w\" sizes=\"(max-width: 150px) 100vw, 150px\" \/><\/a>\n\t\t\t<\/dt><\/dl>\n\t\t\t<br style='clear: both' \/>\n\t\t<\/div>\n\n[\/vc_column_text][\/vc_column][\/vc_row]\n","protected":false},"excerpt":{"rendered":"<p>[vc_row type=&#8221;in_container&#8221; full_screen_row_position=&#8221;middle&#8221; scene_position=&#8221;center&#8221; text_color=&#8221;dark&#8221; text_align=&#8221;left&#8221; overlay_strength=&#8221;0.3&#8243; shape_divider_position=&#8221;bottom&#8221; bg_image_animation=&#8221;none&#8221;][vc_column column_padding=&#8221;no-extra-padding&#8221; column_padding_position=&#8221;all&#8221; background_color_opacity=&#8221;1&#8243; background_hover_color_opacity=&#8221;1&#8243; column_link_target=&#8221;_self&#8221; column_shadow=&#8221;none&#8221; column_border_radius=&#8221;none&#8221; width=&#8221;1\/1&#8243; tablet_width_inherit=&#8221;default&#8221; tablet_text_alignment=&#8221;default&#8221; phone_text_alignment=&#8221;default&#8221; column_border_width=&#8221;none&#8221; column_border_style=&#8221;solid&#8221; bg_image_animation=&#8221;none&#8221;][vc_column_text] T\u00fcrkiye Diyanet Vakf\u0131 (TDV), hay\u0131rseverlerin destekleriyle \u00fclkemizde&#8230;<\/p>\n","protected":false},"author":7,"featured_media":28644,"comment_status":"open","ping_status":"closed","sticky":false,"template":"","format":"standard","meta":{"footnotes":""},"categories":[1],"tags":[2032,857,135,856,478,752,2033,112],"class_list":{"0":"post-28639","1":"post","2":"type-post","3":"status-publish","4":"format-standard","5":"has-post-thumbnail","7":"category-haberler","8":"tag-149-ulke","9":"tag-aile","10":"tag-egitim","11":"tag-hayirsever","12":"tag-yardim","13":"tag-yurt-disi","14":"tag-yurt-ic","15":"tag-zekat"},"yoast_head":"<!-- This site is optimized with the Yoast SEO plugin v27.4 - https:\/\/yoast.com\/product\/yoast-seo-wordpress\/ -->\n<title>T\u00fcrkiye Diyanet Vakf\u0131 2 milyonu a\u015fk\u0131n insan\u0131 zekatla bulu\u015fturdu<\/title>\n<meta name=\"description\" content=\"T\u00fcrkiye Diyanet Vakf\u0131 (TDV), hay\u0131rseverlerin destekleriyle \u00fclkemizde 81 il 922 il\u00e7edeki ihtiya\u00e7 sahibi aileler ba\u015fta olmak \u00fczere 149 \u00fclkedeki 2 milyonu a\u015fk\u0131n insan\u0131 265 milyon liral\u0131k zekatla bulu\u015fturdu.\" \/>\n<meta name=\"robots\" content=\"index, follow, max-snippet:-1, max-image-preview:large, max-video-preview:-1\" \/>\n<link rel=\"canonical\" href=\"https:\/\/tdv.org\/tr-TR\/turkiye-diyanet-vakfi-2-milyonu-askin-insani-zekatla-bulusturdu\/\" \/>\n<meta property=\"og:locale\" content=\"tr_TR\" \/>\n<meta property=\"og:type\" content=\"article\" \/>\n<meta property=\"og:title\" content=\"T\u00fcrkiye Diyanet Vakf\u0131 2 milyonu a\u015fk\u0131n insan\u0131 zekatla bulu\u015fturdu\" \/>\n<meta property=\"og:description\" content=\"T\u00fcrkiye Diyanet Vakf\u0131 (TDV), hay\u0131rseverlerin destekleriyle \u00fclkemizde 81 il 922 il\u00e7edeki ihtiya\u00e7 sahibi aileler ba\u015fta olmak \u00fczere 149 \u00fclkedeki 2 milyonu a\u015fk\u0131n insan\u0131 265 milyon liral\u0131k zekatla bulu\u015fturdu.\" \/>\n<meta property=\"og:url\" content=\"https:\/\/tdv.org\/tr-TR\/turkiye-diyanet-vakfi-2-milyonu-askin-insani-zekatla-bulusturdu\/\" \/>\n<meta property=\"og:site_name\" content=\"T\u00fcrkiye Diyanet Vakf\u0131 Resmi Web Sitesi\" \/>\n<meta property=\"article:publisher\" content=\"https:\/\/www.facebook.com\/Diyanetvakfi\/\" \/>\n<meta property=\"article:published_time\" content=\"2022-12-07T09:16:08+00:00\" \/>\n<meta property=\"article:modified_time\" content=\"2022-12-14T12:21:03+00:00\" \/>\n<meta property=\"og:image\" content=\"https:\/\/tdv.org\/tr-TR\/wp-content\/uploads\/2022\/12\/TDV2022-Iyilik-Kolisi-Dagitim-Istanbul-12.jpg\" \/>\n\t<meta property=\"og:image:width\" content=\"1152\" \/>\n\t<meta property=\"og:image:height\" content=\"768\" \/>\n\t<meta property=\"og:image:type\" content=\"image\/jpeg\" \/>\n<meta name=\"author\" content=\"U\u011fur\" \/>\n<meta name=\"twitter:card\" content=\"summary_large_image\" \/>\n<meta name=\"twitter:creator\" content=\"@DiyanetVakfi\" \/>\n<meta name=\"twitter:site\" content=\"@DiyanetVakfi\" \/>\n<script type=\"application\/ld+json\" class=\"yoast-schema-graph\">{\"@context\":\"https:\\\/\\\/schema.org\",\"@graph\":[{\"@type\":\"Article\",\"@id\":\"https:\\\/\\\/tdv.org\\\/tr-TR\\\/turkiye-diyanet-vakfi-2-milyonu-askin-insani-zekatla-bulusturdu\\\/#article\",\"isPartOf\":{\"@id\":\"https:\\\/\\\/tdv.org\\\/tr-TR\\\/turkiye-diyanet-vakfi-2-milyonu-askin-insani-zekatla-bulusturdu\\\/\"},\"author\":{\"name\":\"U\u011fur\",\"@id\":\"https:\\\/\\\/tdv.org\\\/tr-TR\\\/#\\\/schema\\\/person\\\/8dcf742852c4614c6fdadb92da159c05\"},\"headline\":\"T\u00fcrkiye Diyanet Vakf\u0131 2 milyonu a\u015fk\u0131n insan\u0131 zekatla bulu\u015fturdu\",\"datePublished\":\"2022-12-07T09:16:08+00:00\",\"dateModified\":\"2022-12-14T12:21:03+00:00\",\"mainEntityOfPage\":{\"@id\":\"https:\\\/\\\/tdv.org\\\/tr-TR\\\/turkiye-diyanet-vakfi-2-milyonu-askin-insani-zekatla-bulusturdu\\\/\"},\"wordCount\":415,\"commentCount\":0,\"publisher\":{\"@id\":\"https:\\\/\\\/tdv.org\\\/tr-TR\\\/#organization\"},\"image\":{\"@id\":\"https:\\\/\\\/tdv.org\\\/tr-TR\\\/turkiye-diyanet-vakfi-2-milyonu-askin-insani-zekatla-bulusturdu\\\/#primaryimage\"},\"thumbnailUrl\":\"https:\\\/\\\/tdv.org\\\/tr-TR\\\/wp-content\\\/uploads\\\/2022\\\/12\\\/TDV2022-Iyilik-Kolisi-Dagitim-Istanbul-12.jpg\",\"keywords\":[\"149 \u00fclke\",\"aile\",\"e\u011fitim\",\"hay\u0131rsever\",\"yard\u0131m\",\"yurt d\u0131\u015f\u0131\",\"yurt i\u00e7\",\"zekat\"],\"articleSection\":[\"Haberler\"],\"inLanguage\":\"tr\",\"potentialAction\":[{\"@type\":\"CommentAction\",\"name\":\"Comment\",\"target\":[\"https:\\\/\\\/tdv.org\\\/tr-TR\\\/turkiye-diyanet-vakfi-2-milyonu-askin-insani-zekatla-bulusturdu\\\/#respond\"]}]},{\"@type\":\"WebPage\",\"@id\":\"https:\\\/\\\/tdv.org\\\/tr-TR\\\/turkiye-diyanet-vakfi-2-milyonu-askin-insani-zekatla-bulusturdu\\\/\",\"url\":\"https:\\\/\\\/tdv.org\\\/tr-TR\\\/turkiye-diyanet-vakfi-2-milyonu-askin-insani-zekatla-bulusturdu\\\/\",\"name\":\"T\u00fcrkiye Diyanet Vakf\u0131 2 milyonu a\u015fk\u0131n insan\u0131 zekatla bulu\u015fturdu\",\"isPartOf\":{\"@id\":\"https:\\\/\\\/tdv.org\\\/tr-TR\\\/#website\"},\"primaryImageOfPage\":{\"@id\":\"https:\\\/\\\/tdv.org\\\/tr-TR\\\/turkiye-diyanet-vakfi-2-milyonu-askin-insani-zekatla-bulusturdu\\\/#primaryimage\"},\"image\":{\"@id\":\"https:\\\/\\\/tdv.org\\\/tr-TR\\\/turkiye-diyanet-vakfi-2-milyonu-askin-insani-zekatla-bulusturdu\\\/#primaryimage\"},\"thumbnailUrl\":\"https:\\\/\\\/tdv.org\\\/tr-TR\\\/wp-content\\\/uploads\\\/2022\\\/12\\\/TDV2022-Iyilik-Kolisi-Dagitim-Istanbul-12.jpg\",\"datePublished\":\"2022-12-07T09:16:08+00:00\",\"dateModified\":\"2022-12-14T12:21:03+00:00\",\"description\":\"T\u00fcrkiye Diyanet Vakf\u0131 (TDV), hay\u0131rseverlerin destekleriyle \u00fclkemizde 81 il 922 il\u00e7edeki ihtiya\u00e7 sahibi aileler ba\u015fta olmak \u00fczere 149 \u00fclkedeki 2 milyonu a\u015fk\u0131n insan\u0131 265 milyon liral\u0131k zekatla bulu\u015fturdu.\",\"breadcrumb\":{\"@id\":\"https:\\\/\\\/tdv.org\\\/tr-TR\\\/turkiye-diyanet-vakfi-2-milyonu-askin-insani-zekatla-bulusturdu\\\/#breadcrumb\"},\"inLanguage\":\"tr\",\"potentialAction\":[{\"@type\":\"ReadAction\",\"target\":[\"https:\\\/\\\/tdv.org\\\/tr-TR\\\/turkiye-diyanet-vakfi-2-milyonu-askin-insani-zekatla-bulusturdu\\\/\"]}]},{\"@type\":\"ImageObject\",\"inLanguage\":\"tr\",\"@id\":\"https:\\\/\\\/tdv.org\\\/tr-TR\\\/turkiye-diyanet-vakfi-2-milyonu-askin-insani-zekatla-bulusturdu\\\/#primaryimage\",\"url\":\"https:\\\/\\\/tdv.org\\\/tr-TR\\\/wp-content\\\/uploads\\\/2022\\\/12\\\/TDV2022-Iyilik-Kolisi-Dagitim-Istanbul-12.jpg\",\"contentUrl\":\"https:\\\/\\\/tdv.org\\\/tr-TR\\\/wp-content\\\/uploads\\\/2022\\\/12\\\/TDV2022-Iyilik-Kolisi-Dagitim-Istanbul-12.jpg\",\"width\":1152,\"height\":768},{\"@type\":\"BreadcrumbList\",\"@id\":\"https:\\\/\\\/tdv.org\\\/tr-TR\\\/turkiye-diyanet-vakfi-2-milyonu-askin-insani-zekatla-bulusturdu\\\/#breadcrumb\",\"itemListElement\":[{\"@type\":\"ListItem\",\"position\":1,\"name\":\"Anasayfa\",\"item\":\"https:\\\/\\\/tdv.org\\\/tr-TR\\\/\"},{\"@type\":\"ListItem\",\"position\":2,\"name\":\"T\u00fcrkiye Diyanet Vakf\u0131 2 milyonu a\u015fk\u0131n insan\u0131 zekatla bulu\u015fturdu\"}]},{\"@type\":\"WebSite\",\"@id\":\"https:\\\/\\\/tdv.org\\\/tr-TR\\\/#website\",\"url\":\"https:\\\/\\\/tdv.org\\\/tr-TR\\\/\",\"name\":\"T\u00fcrkiye Diyanet Vakf\u0131 Resmi Web Sitesi\",\"description\":\"Yery\u00fcz\u00fcnde iyilik egemen oluncaya kadar\",\"publisher\":{\"@id\":\"https:\\\/\\\/tdv.org\\\/tr-TR\\\/#organization\"},\"alternateName\":\"T\u00fcrkiye Diyanet Vakf\u0131\",\"potentialAction\":[{\"@type\":\"SearchAction\",\"target\":{\"@type\":\"EntryPoint\",\"urlTemplate\":\"https:\\\/\\\/tdv.org\\\/tr-TR\\\/?s={search_term_string}\"},\"query-input\":{\"@type\":\"PropertyValueSpecification\",\"valueRequired\":true,\"valueName\":\"search_term_string\"}}],\"inLanguage\":\"tr\"},{\"@type\":\"Organization\",\"@id\":\"https:\\\/\\\/tdv.org\\\/tr-TR\\\/#organization\",\"name\":\"T\u00fcrkiye Diyanet Vakf\u0131\",\"alternateName\":\"T\u00fcrkiye Diyanet Vakf\u0131\",\"url\":\"https:\\\/\\\/tdv.org\\\/tr-TR\\\/\",\"logo\":{\"@type\":\"ImageObject\",\"inLanguage\":\"tr\",\"@id\":\"https:\\\/\\\/tdv.org\\\/tr-TR\\\/#\\\/schema\\\/logo\\\/image\\\/\",\"url\":\"https:\\\/\\\/tdv.org\\\/tr-TR\\\/wp-content\\\/uploads\\\/2018\\\/12\\\/TDV_Logo_1.png\",\"contentUrl\":\"https:\\\/\\\/tdv.org\\\/tr-TR\\\/wp-content\\\/uploads\\\/2018\\\/12\\\/TDV_Logo_1.png\",\"width\":207,\"height\":71,\"caption\":\"T\u00fcrkiye Diyanet Vakf\u0131\"},\"image\":{\"@id\":\"https:\\\/\\\/tdv.org\\\/tr-TR\\\/#\\\/schema\\\/logo\\\/image\\\/\"},\"sameAs\":[\"https:\\\/\\\/www.facebook.com\\\/Diyanetvakfi\\\/\",\"https:\\\/\\\/x.com\\\/DiyanetVakfi\",\"https:\\\/\\\/www.instagram.com\\\/turkiyediyanetvakfi\\\/\",\"https:\\\/\\\/www.youtube.com\\\/user\\\/TurkiyeDiyanetVakfi\"]},{\"@type\":\"Person\",\"@id\":\"https:\\\/\\\/tdv.org\\\/tr-TR\\\/#\\\/schema\\\/person\\\/8dcf742852c4614c6fdadb92da159c05\",\"name\":\"U\u011fur\",\"image\":{\"@type\":\"ImageObject\",\"inLanguage\":\"tr\",\"@id\":\"https:\\\/\\\/tdv.org\\\/tr-TR\\\/wp-content\\\/litespeed\\\/avatar\\\/b970c0eba1124f8268544e2640bfa964.jpg?ver=1776685107\",\"url\":\"https:\\\/\\\/tdv.org\\\/tr-TR\\\/wp-content\\\/litespeed\\\/avatar\\\/b970c0eba1124f8268544e2640bfa964.jpg?ver=1776685107\",\"contentUrl\":\"https:\\\/\\\/tdv.org\\\/tr-TR\\\/wp-content\\\/litespeed\\\/avatar\\\/b970c0eba1124f8268544e2640bfa964.jpg?ver=1776685107\",\"caption\":\"U\u011fur\"}}]}<\/script>\n<!-- \/ Yoast SEO plugin. -->","yoast_head_json":{"title":"T\u00fcrkiye Diyanet Vakf\u0131 2 milyonu a\u015fk\u0131n insan\u0131 zekatla bulu\u015fturdu","description":"T\u00fcrkiye Diyanet Vakf\u0131 (TDV), hay\u0131rseverlerin destekleriyle \u00fclkemizde 81 il 922 il\u00e7edeki ihtiya\u00e7 sahibi aileler ba\u015fta olmak \u00fczere 149 \u00fclkedeki 2 milyonu a\u015fk\u0131n insan\u0131 265 milyon liral\u0131k zekatla bulu\u015fturdu.","robots":{"index":"index","follow":"follow","max-snippet":"max-snippet:-1","max-image-preview":"max-image-preview:large","max-video-preview":"max-video-preview:-1"},"canonical":"https:\/\/tdv.org\/tr-TR\/turkiye-diyanet-vakfi-2-milyonu-askin-insani-zekatla-bulusturdu\/","og_locale":"tr_TR","og_type":"article","og_title":"T\u00fcrkiye Diyanet Vakf\u0131 2 milyonu a\u015fk\u0131n insan\u0131 zekatla bulu\u015fturdu","og_description":"T\u00fcrkiye Diyanet Vakf\u0131 (TDV), hay\u0131rseverlerin destekleriyle \u00fclkemizde 81 il 922 il\u00e7edeki ihtiya\u00e7 sahibi aileler ba\u015fta olmak \u00fczere 149 \u00fclkedeki 2 milyonu a\u015fk\u0131n insan\u0131 265 milyon liral\u0131k zekatla bulu\u015fturdu.","og_url":"https:\/\/tdv.org\/tr-TR\/turkiye-diyanet-vakfi-2-milyonu-askin-insani-zekatla-bulusturdu\/","og_site_name":"T\u00fcrkiye Diyanet Vakf\u0131 Resmi Web Sitesi","article_publisher":"https:\/\/www.facebook.com\/Diyanetvakfi\/","article_published_time":"2022-12-07T09:16:08+00:00","article_modified_time":"2022-12-14T12:21:03+00:00","og_image":[{"width":1152,"height":768,"url":"https:\/\/tdv.org\/tr-TR\/wp-content\/uploads\/2022\/12\/TDV2022-Iyilik-Kolisi-Dagitim-Istanbul-12.jpg","type":"image\/jpeg"}],"author":"U\u011fur","twitter_card":"summary_large_image","twitter_creator":"@DiyanetVakfi","twitter_site":"@DiyanetVakfi","schema":{"@context":"https:\/\/schema.org","@graph":[{"@type":"Article","@id":"https:\/\/tdv.org\/tr-TR\/turkiye-diyanet-vakfi-2-milyonu-askin-insani-zekatla-bulusturdu\/#article","isPartOf":{"@id":"https:\/\/tdv.org\/tr-TR\/turkiye-diyanet-vakfi-2-milyonu-askin-insani-zekatla-bulusturdu\/"},"author":{"name":"U\u011fur","@id":"https:\/\/tdv.org\/tr-TR\/#\/schema\/person\/8dcf742852c4614c6fdadb92da159c05"},"headline":"T\u00fcrkiye Diyanet Vakf\u0131 2 milyonu a\u015fk\u0131n insan\u0131 zekatla bulu\u015fturdu","datePublished":"2022-12-07T09:16:08+00:00","dateModified":"2022-12-14T12:21:03+00:00","mainEntityOfPage":{"@id":"https:\/\/tdv.org\/tr-TR\/turkiye-diyanet-vakfi-2-milyonu-askin-insani-zekatla-bulusturdu\/"},"wordCount":415,"commentCount":0,"publisher":{"@id":"https:\/\/tdv.org\/tr-TR\/#organization"},"image":{"@id":"https:\/\/tdv.org\/tr-TR\/turkiye-diyanet-vakfi-2-milyonu-askin-insani-zekatla-bulusturdu\/#primaryimage"},"thumbnailUrl":"https:\/\/tdv.org\/tr-TR\/wp-content\/uploads\/2022\/12\/TDV2022-Iyilik-Kolisi-Dagitim-Istanbul-12.jpg","keywords":["149 \u00fclke","aile","e\u011fitim","hay\u0131rsever","yard\u0131m","yurt d\u0131\u015f\u0131","yurt i\u00e7","zekat"],"articleSection":["Haberler"],"inLanguage":"tr","potentialAction":[{"@type":"CommentAction","name":"Comment","target":["https:\/\/tdv.org\/tr-TR\/turkiye-diyanet-vakfi-2-milyonu-askin-insani-zekatla-bulusturdu\/#respond"]}]},{"@type":"WebPage","@id":"https:\/\/tdv.org\/tr-TR\/turkiye-diyanet-vakfi-2-milyonu-askin-insani-zekatla-bulusturdu\/","url":"https:\/\/tdv.org\/tr-TR\/turkiye-diyanet-vakfi-2-milyonu-askin-insani-zekatla-bulusturdu\/","name":"T\u00fcrkiye Diyanet Vakf\u0131 2 milyonu a\u015fk\u0131n insan\u0131 zekatla bulu\u015fturdu","isPartOf":{"@id":"https:\/\/tdv.org\/tr-TR\/#website"},"primaryImageOfPage":{"@id":"https:\/\/tdv.org\/tr-TR\/turkiye-diyanet-vakfi-2-milyonu-askin-insani-zekatla-bulusturdu\/#primaryimage"},"image":{"@id":"https:\/\/tdv.org\/tr-TR\/turkiye-diyanet-vakfi-2-milyonu-askin-insani-zekatla-bulusturdu\/#primaryimage"},"thumbnailUrl":"https:\/\/tdv.org\/tr-TR\/wp-content\/uploads\/2022\/12\/TDV2022-Iyilik-Kolisi-Dagitim-Istanbul-12.jpg","datePublished":"2022-12-07T09:16:08+00:00","dateModified":"2022-12-14T12:21:03+00:00","description":"T\u00fcrkiye Diyanet Vakf\u0131 (TDV), hay\u0131rseverlerin destekleriyle \u00fclkemizde 81 il 922 il\u00e7edeki ihtiya\u00e7 sahibi aileler ba\u015fta olmak \u00fczere 149 \u00fclkedeki 2 milyonu a\u015fk\u0131n insan\u0131 265 milyon liral\u0131k zekatla bulu\u015fturdu.","breadcrumb":{"@id":"https:\/\/tdv.org\/tr-TR\/turkiye-diyanet-vakfi-2-milyonu-askin-insani-zekatla-bulusturdu\/#breadcrumb"},"inLanguage":"tr","potentialAction":[{"@type":"ReadAction","target":["https:\/\/tdv.org\/tr-TR\/turkiye-diyanet-vakfi-2-milyonu-askin-insani-zekatla-bulusturdu\/"]}]},{"@type":"ImageObject","inLanguage":"tr","@id":"https:\/\/tdv.org\/tr-TR\/turkiye-diyanet-vakfi-2-milyonu-askin-insani-zekatla-bulusturdu\/#primaryimage","url":"https:\/\/tdv.org\/tr-TR\/wp-content\/uploads\/2022\/12\/TDV2022-Iyilik-Kolisi-Dagitim-Istanbul-12.jpg","contentUrl":"https:\/\/tdv.org\/tr-TR\/wp-content\/uploads\/2022\/12\/TDV2022-Iyilik-Kolisi-Dagitim-Istanbul-12.jpg","width":1152,"height":768},{"@type":"BreadcrumbList","@id":"https:\/\/tdv.org\/tr-TR\/turkiye-diyanet-vakfi-2-milyonu-askin-insani-zekatla-bulusturdu\/#breadcrumb","itemListElement":[{"@type":"ListItem","position":1,"name":"Anasayfa","item":"https:\/\/tdv.org\/tr-TR\/"},{"@type":"ListItem","position":2,"name":"T\u00fcrkiye Diyanet Vakf\u0131 2 milyonu a\u015fk\u0131n insan\u0131 zekatla bulu\u015fturdu"}]},{"@type":"WebSite","@id":"https:\/\/tdv.org\/tr-TR\/#website","url":"https:\/\/tdv.org\/tr-TR\/","name":"T\u00fcrkiye Diyanet Vakf\u0131 Resmi Web Sitesi","description":"Yery\u00fcz\u00fcnde iyilik egemen oluncaya kadar","publisher":{"@id":"https:\/\/tdv.org\/tr-TR\/#organization"},"alternateName":"T\u00fcrkiye Diyanet Vakf\u0131","potentialAction":[{"@type":"SearchAction","target":{"@type":"EntryPoint","urlTemplate":"https:\/\/tdv.org\/tr-TR\/?s={search_term_string}"},"query-input":{"@type":"PropertyValueSpecification","valueRequired":true,"valueName":"search_term_string"}}],"inLanguage":"tr"},{"@type":"Organization","@id":"https:\/\/tdv.org\/tr-TR\/#organization","name":"T\u00fcrkiye Diyanet Vakf\u0131","alternateName":"T\u00fcrkiye Diyanet Vakf\u0131","url":"https:\/\/tdv.org\/tr-TR\/","logo":{"@type":"ImageObject","inLanguage":"tr","@id":"https:\/\/tdv.org\/tr-TR\/#\/schema\/logo\/image\/","url":"https:\/\/tdv.org\/tr-TR\/wp-content\/uploads\/2018\/12\/TDV_Logo_1.png","contentUrl":"https:\/\/tdv.org\/tr-TR\/wp-content\/uploads\/2018\/12\/TDV_Logo_1.png","width":207,"height":71,"caption":"T\u00fcrkiye Diyanet Vakf\u0131"},"image":{"@id":"https:\/\/tdv.org\/tr-TR\/#\/schema\/logo\/image\/"},"sameAs":["https:\/\/www.facebook.com\/Diyanetvakfi\/","https:\/\/x.com\/DiyanetVakfi","https:\/\/www.instagram.com\/turkiyediyanetvakfi\/","https:\/\/www.youtube.com\/user\/TurkiyeDiyanetVakfi"]},{"@type":"Person","@id":"https:\/\/tdv.org\/tr-TR\/#\/schema\/person\/8dcf742852c4614c6fdadb92da159c05","name":"U\u011fur","image":{"@type":"ImageObject","inLanguage":"tr","@id":"https:\/\/tdv.org\/tr-TR\/wp-content\/litespeed\/avatar\/b970c0eba1124f8268544e2640bfa964.jpg?ver=1776685107","url":"https:\/\/tdv.org\/tr-TR\/wp-content\/litespeed\/avatar\/b970c0eba1124f8268544e2640bfa964.jpg?ver=1776685107","contentUrl":"https:\/\/tdv.org\/tr-TR\/wp-content\/litespeed\/avatar\/b970c0eba1124f8268544e2640bfa964.jpg?ver=1776685107","caption":"U\u011fur"}}]}},"_links":{"self":[{"href":"https:\/\/tdv.org\/tr-TR\/wp-json\/wp\/v2\/posts\/28639","targetHints":{"allow":["GET"]}}],"collection":[{"href":"https:\/\/tdv.org\/tr-TR\/wp-json\/wp\/v2\/posts"}],"about":[{"href":"https:\/\/tdv.org\/tr-TR\/wp-json\/wp\/v2\/types\/post"}],"author":[{"embeddable":true,"href":"https:\/\/tdv.org\/tr-TR\/wp-json\/wp\/v2\/users\/7"}],"replies":[{"embeddable":true,"href":"https:\/\/tdv.org\/tr-TR\/wp-json\/wp\/v2\/comments?post=28639"}],"version-history":[{"count":3,"href":"https:\/\/tdv.org\/tr-TR\/wp-json\/wp\/v2\/posts\/28639\/revisions"}],"predecessor-version":[{"id":28929,"href":"https:\/\/tdv.org\/tr-TR\/wp-json\/wp\/v2\/posts\/28639\/revisions\/28929"}],"wp:featuredmedia":[{"embeddable":true,"href":"https:\/\/tdv.org\/tr-TR\/wp-json\/wp\/v2\/media\/28644"}],"wp:attachment":[{"href":"https:\/\/tdv.org\/tr-TR\/wp-json\/wp\/v2\/media?parent=28639"}],"wp:term":[{"taxonomy":"category","embeddable":true,"href":"https:\/\/tdv.org\/tr-TR\/wp-json\/wp\/v2\/categories?post=28639"},{"taxonomy":"post_tag","embeddable":true,"href":"https:\/\/tdv.org\/tr-TR\/wp-json\/wp\/v2\/tags?post=28639"}],"curies":[{"name":"wp","href":"https:\/\/api.w.org\/{rel}","templated":true}]}}