{"id":30287,"date":"2023-02-22T14:57:54","date_gmt":"2023-02-22T11:57:54","guid":{"rendered":"https:\/\/tdv.org\/tr-TR\/?p=30287"},"modified":"2023-02-23T15:07:23","modified_gmt":"2023-02-23T12:07:23","slug":"yikilmayacak-saglamlikta-evlerin-yapilmasi-bir-kulluk-vazifesidir","status":"publish","type":"post","link":"https:\/\/tdv.org\/tr-TR\/yikilmayacak-saglamlikta-evlerin-yapilmasi-bir-kulluk-vazifesidir\/","title":{"rendered":"&#8220;Y\u0131k\u0131lmayacak sa\u011flaml\u0131kta evlerin yap\u0131lmas\u0131 bir kulluk vazifesidir&#8221;"},"content":{"rendered":"<p class=\"text-justify\" style=\"text-align: justify;\">Diyanet \u0130\u015fleri Ba\u015fkan\u0131 ve T\u00fcrkiye Diyanet Vakf\u0131 M\u00fctevelli Heyeti Ba\u015fkan\u0131 Prof. Dr. Ali Erba\u015f, \u201c\u0130n\u015faatlar\u0131m\u0131z\u0131 yaparken afetlere g\u00f6re yapmal\u0131y\u0131z, in\u015faat\u0131 yapaca\u011f\u0131m\u0131z yeri se\u00e7erken ona g\u00f6re do\u011fru yeri se\u00e7meliyiz. \u00c7\u00fcnk\u00fc yapt\u0131\u011f\u0131n\u0131z evlerde can ya\u015fayacak. Bir deprem oldu\u011fu zaman y\u0131k\u0131lmayacak sa\u011flaml\u0131kta evlerin yap\u0131lmas\u0131 bir kulluk vazifesidir.\u201d dedi.<\/p>\n<div>\n<p style=\"text-align: justify;\">Diyanet \u0130\u015fleri Ba\u015fkan\u0131 Prof. Dr. Ali Erba\u015f, Diyanet TV ekranlar\u0131ndan canl\u0131 olarak yay\u0131nlanan \u201c\u0130yilik Vakti\u201d program\u0131n\u0131n konu\u011fu oldu.<\/p>\n<p style=\"text-align: justify;\">Ba\u015fkan Erba\u015f, Diyanet \u0130\u015fleri Ba\u015fkanl\u0131\u011f\u0131 ve T\u00fcrkiye Diyanet Vakf\u0131ndan (TDV) deprem b\u00f6lgesinde 17 bin 299 personelin deprem ma\u011fduru vatanda\u015flara hizmet verdi\u011fini belirterek, \u201cPersonellerimiz arama kurtarma \u00e7al\u0131\u015fmalar\u0131, insani yard\u0131m, manevi destek ve cenaze defin i\u015flemleri ba\u015fta olmak \u00fczere bir\u00e7ok alanda hizmet veriyorlar.\u201d dedi.<\/p>\n<h4 style=\"text-align: justify;\">\u201c78 bin 500 vatanda\u015f\u0131m\u0131z\u0131 camilerimizde, Kur\u2019an kurslar\u0131m\u0131zda bar\u0131nd\u0131rd\u0131k\u201d<\/h4>\n<p style=\"text-align: justify;\">TDV\u2019nin depremin ilk g\u00fcn\u00fcnden bu yana hi\u00e7 durmadan yard\u0131mlar\u0131n\u0131 s\u00fcrd\u00fcrd\u00fc\u011f\u00fcne i\u015faret eden Ba\u015fkan Erba\u015f, \u015funlar\u0131 aktard\u0131:<\/p>\n<p style=\"text-align: justify;\">\u201cBiz \u015fimdiye kadar bin 65 t\u0131r insani yard\u0131m g\u00f6nderdik. Ayr\u0131ca 515 hizmet arac\u0131, ikram arac\u0131, koordinasyon arac\u0131, mobil mutfak g\u00f6nderdik. \u0130kram ara\u00e7lar\u0131m\u0131zda bug\u00fcne kadar 2 milyon 910 bin 480 ki\u015fiye yemek ikram ettik. Sonra ge\u00e7ici bar\u0131nma olarak 78 bin 500 ki\u015fiyi camilerimizde, Kur\u2019an kurslar\u0131m\u0131zda, yurtlar\u0131m\u0131zda, akademi merkezlerimizde, misafirhanelerimizde bar\u0131nd\u0131rd\u0131k. 79 bin 720 \u00e7ad\u0131r, yorgan, battaniye, yast\u0131k katk\u0131m\u0131z oldu.\u201d<\/p>\n<h4 style=\"text-align: justify;\">\u201cDevletimiz b\u00fct\u00fcn kurumlar\u0131yla bir an \u00f6nce yaralar\u0131 sarman\u0131n gayretinde\u201d<\/h4>\n<p style=\"text-align: justify;\">Ba\u015fkan Erba\u015f, depremlerden sonra T\u00fcrkiye\u2019nin tek y\u00fcrek oldu\u011funu belirterek, \u201cDevletimiz b\u00fct\u00fcn kurumlar\u0131yla deprem b\u00f6lgesinde. AFAD, T\u00fcrk K\u0131z\u0131lay, TDV, Diyanet \u0130\u015fleri Ba\u015fkanl\u0131\u011f\u0131, di\u011fer kurumlar, bakanlar\u0131m\u0131z\u0131n her biri bir ilimizde koordinat\u00f6rl\u00fck yaparak, yaralar\u0131m\u0131z\u0131 bir an \u00f6nce nas\u0131l sarar\u0131z bunun gayreti i\u00e7erisinde. Hakikaten umut a\u015f\u0131layan \u00e7al\u0131\u015fmalar. Biz b\u00fcy\u00fck bir milletiz, b\u00fcy\u00fck bir devletiz.\u201d diye konu\u015ftu.<\/p>\n<p style=\"text-align: justify;\">T\u00fcrkiye\u2019nin deprem ku\u015fa\u011f\u0131nda olan bir \u00fclke oldu\u011funa dikkati \u00e7eken Ba\u015fkan Erba\u015f, \u201c\u0130n\u015faatlar\u0131m\u0131z\u0131 yaparken ona g\u00f6re yapmal\u0131y\u0131z, in\u015faat\u0131 yapaca\u011f\u0131m\u0131z yeri se\u00e7erken ona g\u00f6re do\u011fru yeri se\u00e7meliyiz. \u00c7\u00fcnk\u00fc yapt\u0131\u011f\u0131n\u0131z evlerde can ya\u015fayacak. Bir deprem oldu\u011fu zaman y\u0131k\u0131lmayacak sa\u011flaml\u0131kta o evlerin yap\u0131lmas\u0131 bir kulluk vazifesidir.\u201d a\u00e7\u0131klamalar\u0131nda bulundu.<\/p>\n<h4 style=\"text-align: justify;\">\u201cYard\u0131mlar\u0131n devam etmesi laz\u0131m\u201d<\/h4>\n<p style=\"text-align: justify;\">Ba\u015fkan Erba\u015f, Kur\u2019an-\u0131 Kerim\u2019de 250 kadar ayette infaktan bahsedildi\u011fini aktararak, \u201c\u0130nfak, yani yard\u0131mla\u015fmak, olan\u0131n olmayana vermesi, ma\u011fdur ve mazlum olan insanlara yard\u0131m etmek. Dolay\u0131s\u0131yla bu s\u00fcre\u00e7te bizim yaralar\u0131m\u0131z\u0131 bir an \u00f6nce sarabilmemiz i\u00e7in var\u0131m\u0131zla, yo\u011fumuzla b\u00fcy\u00fck bir gayretin i\u00e7erisinde olmal\u0131y\u0131z. \u015eu anda milletimiz birbirine yard\u0131m etme noktas\u0131nda ger\u00e7ekten b\u00fcy\u00fck bir gayretin i\u00e7erisine girmi\u015f durumda. Bunun devam etmesi laz\u0131m.\u201d ifadelerini kulland\u0131.<\/p>\n<h4 style=\"text-align: justify;\">\u201c\u00c7ocuklar\u0131m\u0131z hem rehabilite oluyor hem de de\u011ferlerimizi \u00f6\u011freniyorlar.\u201d<\/h4>\n<p style=\"text-align: justify;\">Deprem b\u00f6lgelerinde hizmet vermeye ba\u015flayan 4-6 ya\u015f Kur\u2019an kurslar\u0131na da de\u011finen Ba\u015fkan Erba\u015f, \u015funlar\u0131 s\u00f6yledi:<\/p>\n<p style=\"text-align: justify;\">\u201cSadece Gaziantep\u2019te 3 bin kadar 4-6 ya\u015f grubuna ait \u00e7ocu\u011fumuz Kur\u2019an kurslar\u0131m\u0131zda, hem rehabilite olmalar\u0131 hem de en az\u0131ndan oynayarak, resim \u00e7izerek, sevgi, sayg\u0131, anne baba sevgisi, devlet, bayrak ve millet sevgisi gibi bir tak\u0131m de\u011ferlerimizi \u00f6\u011freniyorlar. Ayn\u0131 zamanda depremzede vatanda\u015flar\u0131m\u0131z rahat bir \u015fekilde \u00e7ocuklar\u0131n\u0131 oralarda himaye ettirmi\u015f oluyorlar. Bunlar\u0131 in\u015fallah daha da art\u0131raca\u011f\u0131z. Biz de Diyanet \u0130\u015fleri Ba\u015fkanl\u0131\u011f\u0131 olarak e\u011fitime, ilme, irfana \u00f6nem veriyoruz. Deprem b\u00f6lgesinde bulunan Kur\u2019an kurslar\u0131m\u0131zdaki \u00e7ocuklar\u0131m\u0131z\u0131, deprem ya\u015famayan illerdeki Kur\u2019an kurslar\u0131yla karde\u015f hale getiriyoruz ve oradaki \u00e7ocuklar\u0131m\u0131z\u0131 di\u011fer illere g\u00f6nderiyoruz. Onlar e\u011fitimlerine devam ediyorlar.\u201d<\/p>\n<p style=\"text-align: justify;\">Ba\u015fkan Erba\u015f, Diyanet \u0130\u015fleri Ba\u015fkanl\u0131\u011f\u0131na ba\u011fl\u0131 yurtlarda, e\u011fitim merkezlerinde ve gen\u00e7lik merkezlerinde deprem ma\u011fduru vatanda\u015flara manevi destek hizmetleri verildi\u011fini de s\u00f6yledi.<\/p>\n<h4 style=\"text-align: justify;\">\u201cVatanda\u015flar\u0131m\u0131z\u0131n her t\u00fcrl\u00fc yard\u0131mlar\u0131n\u0131 ula\u015ft\u0131r\u0131yoruz\u201d<\/h4>\n<p style=\"text-align: justify;\">TDV\u2019nin deprem b\u00f6lgesine hem nakdi hem de ayni yard\u0131mlar g\u00f6t\u00fcrd\u00fc\u011f\u00fcn\u00fc kaydeden Ba\u015fkan Erba\u015f, \u201cVatanda\u015flar hangi yard\u0131m\u0131 yapmak istiyorsa TDV\u2019ye m\u00fcft\u00fcl\u00fcklerimiz arac\u0131l\u0131\u011f\u0131yla ba\u015fvurabilir ya da Ankara\u2019daki TDV Genel Merkezine telefonlarla ula\u015fabilirler. \u015eu anda s\u00fcrekli bu konuda duyurular\u0131m\u0131z ve bilgilendirme \u00e7al\u0131\u015fmalar\u0131m\u0131z var. Milletimizin deprem ma\u011fduru karde\u015flerimize ula\u015ft\u0131rmak istedi\u011fi ne t\u00fcr yard\u0131m olursa bizim vas\u0131tam\u0131zla ula\u015ft\u0131rma imkan\u0131 vard\u0131r.\u201d \u015feklinde konu\u015ftu.<\/p>\n<h4 style=\"text-align: justify;\">\u201cZekat ve fitrede depremzede vatanda\u015flar\u0131m\u0131z\u0131 tercih etmeleri \u00e7ok daha makbul olur\u201d<\/h4>\n<p style=\"text-align: justify;\">Ba\u015fkan Erba\u015f, zekat ve fitrelerin deprem ma\u011fduru vatanda\u015flara verilebilece\u011fini ifade ederek, \u201cZekat konusunda milletimizin \u00e7ok daha duyarl\u0131 olmas\u0131 gerekti\u011fi bir zaman. Zekat m\u00fckellefi insanlar\u0131m\u0131z\u0131n zekatlar\u0131n\u0131 hesaplay\u0131p zekat alma durumunda olan insanlara vermesi gerekiyor. Bunda da depremzedeleri tercih ederlerse \u00e7ok daha makbul olur diye d\u00fc\u015f\u00fcn\u00fcyorum. Yani her depremzedeye zekat verilir mi noktas\u0131nda biraz hassas davranmam\u0131z laz\u0131m. Depremzede olmu\u015f olabilir ama mal\u0131n\u0131n bir k\u0131sm\u0131n\u0131 kaybetmi\u015f yani \u0130slami \u00f6l\u00e7\u00fclere g\u00f6re fakir say\u0131lmayacak durumda olursa tabii ona verilmez.\u201d dedi.<\/p>\n<h4 style=\"text-align: justify;\">\u201c310 milyon liray\u0131 AFAD\u2019a aktard\u0131k\u201d<\/h4>\n<p style=\"text-align: justify;\">TDV\u2019nin deprem b\u00f6lgesinde \u015fu ana kadar 400 milyon T\u00fcrk liras\u0131 de\u011ferinde yard\u0131m yapt\u0131\u011f\u0131n\u0131 s\u00f6yleyen Ba\u015fkan Erba\u015f, deprem sonras\u0131 ilk Cuma g\u00fcn\u00fcnde de T\u00fcrkiye genelindeki camilerden depremzedeler i\u00e7in toplanan 310 milyon liray\u0131 da AFAD\u2019a aktard\u0131klar\u0131n\u0131 belirtti.<\/p>\n<h4 style=\"text-align: justify;\">\u201cYapt\u0131\u011f\u0131m\u0131z iyiliklerin bug\u00fcn kar\u015f\u0131l\u0131\u011f\u0131n\u0131 al\u0131yoruz\u201d<\/h4>\n<p style=\"text-align: justify;\">Ba\u015fkan Erba\u015f, T\u00fcrk milletinin yard\u0131mseverli\u011finden de bahsederek, s\u00f6zlerine \u015f\u00f6yle devam etti:<\/p>\n<p style=\"text-align: justify;\">\u201cMilletimiz sadece yurt i\u00e7inde de\u011fil ba\u015fka \u00fclkelerde de afetler, s\u0131k\u0131nt\u0131lar, a\u00e7l\u0131klar oldu\u011fu zaman en fazla yard\u0131m eden \u00fclkelerden birisidir. T\u00fcrkiye, n\u00fcfusuna g\u00f6re ya da milli gelirine g\u00f6re en fazla iyilik yapan \u00fclke olarak se\u00e7ildi. \u0130\u015fte yard\u0131m g\u00f6t\u00fcrd\u00fc\u011f\u00fcm\u00fcz o \u00fclkelerden ald\u0131\u011f\u0131m\u0131z dualar sayesinde bug\u00fcn bu yaralar\u0131m\u0131z\u0131 \u00e7ok h\u0131zl\u0131 saraca\u011f\u0131z in\u015fallah. T\u00fcrkiye\u2019nin yapt\u0131\u011f\u0131 iyiliklerin bug\u00fcn kar\u015f\u0131l\u0131\u011f\u0131n\u0131 al\u0131yor. \u00dclkelerden yard\u0131m g\u00f6nderenler, arayanlar, dua edenler, Kabe\u2019de g\u0131yabi cenaze namaz\u0131 k\u0131lanlar, toplu dualar edenler, maddi yard\u0131m g\u00f6nderenler\u2026 Elhamd\u00fclillah, biz T\u00fcrk milleti olarak \u00f6teden beri hep iyili\u011fin \u00f6nc\u00fcs\u00fc olduk \u015fimdi bunun kar\u015f\u0131l\u0131\u011f\u0131n\u0131 g\u00f6r\u00fcyoruz.\u201d<\/p>\n<h4 style=\"text-align: justify;\">\u201cFilistinliler ziynet e\u015fyalar\u0131n\u0131 T\u00fcrkiye\u2019ye g\u00f6nderdiler\u201d<\/h4>\n<p style=\"text-align: justify;\">Ba\u015fkan Erba\u015f, Filistinlilerin T\u00fcrkiye\u2019deki depremin ard\u0131ndan g\u00f6nderdikleri yard\u0131ma ili\u015fkin, \u201cFilistinlilerin nas\u0131l g\u00f6zya\u015f\u0131 d\u00f6kt\u00fcklerini biliyoruz. Durumlar\u0131 iyi olmamas\u0131na ra\u011fmen nas\u0131l b\u00fcy\u00fck bir seferberlik i\u00e7erisine girdiklerini, kad\u0131nlar\u0131n parmaklar\u0131ndaki y\u00fcz\u00fc\u011f\u00fc, kollar\u0131ndaki bilezi\u011fi veya ziynet olarak ne e\u015fyalar\u0131 varsa onu ortaya koyarak \u2018al\u0131n bunlar\u0131 T\u00fcrkiye\u2019deki karde\u015flerimize g\u00f6t\u00fcr\u00fcn\u2019 dediklerini g\u00f6zya\u015flar\u0131yla anlat\u0131yorlar.\u201d \u015feklinde konu\u015ftu.<\/p>\n<p style=\"text-align: justify;\">\u201cM\u00fcminler bir v\u00fccudun azalar\u0131 gibidirler.\u201d hadis-i \u015ferifini hat\u0131rlatan Ba\u015fkan Erba\u015f, \u201cParma\u011f\u0131m\u0131z\u0131n ucuna bir diken batsa nas\u0131l v\u00fccudumuz s\u0131zlarsa, d\u00fcnyan\u0131n neresinde olursa olsun bir M\u00fcsl\u00fcman\u0131n ba\u015f\u0131na bir s\u0131k\u0131nt\u0131 geldi\u011fi zaman \u00f6teki m\u00fcminler ondan ac\u0131 duyarlar ve o yaray\u0131 sarmaya ko\u015farlar. Biz \u015fimdiye kadar nas\u0131l ko\u015ftuksa bug\u00fcn de bizim i\u00e7in ko\u015fan karde\u015flerimiz var. Bu da bizi mutlu ediyor, ac\u0131lar\u0131m\u0131z\u0131 azalt\u0131yor.\u201d ifadelerini kulland\u0131.<\/p>\n<h4 style=\"text-align: justify;\">\u201cBu s\u00fcre\u00e7te hocalar\u0131m\u0131z y\u00fcz\u00fcm\u00fcz\u00fc hep ak ettiler\u201d<\/h4>\n<p style=\"text-align: justify;\">Depremde yak\u0131nlar\u0131n\u0131 kaybetmesine ra\u011fmen b\u00f6lgede hizmetlerine devam eden din g\u00f6revlilerine \u00f6zellikle te\u015fekk\u00fcr eden Ba\u015fkan Erba\u015f, \u201cBu s\u00fcre\u00e7te hocalar\u0131m\u0131z\u0131n Ba\u015fkanl\u0131\u011f\u0131m\u0131za, devletimize, milletimize olan aidiyetinin ne kadar y\u00fcksek oldu\u011funu g\u00f6rm\u00fc\u015f olduk. Bunu salg\u0131n d\u00f6neminde de g\u00f6rd\u00fck. Allah hepsinden raz\u0131 olsun. Beni b\u00f6lgedeki valilerimiz zaman zaman ar\u0131yor ve \u015funu s\u00f6yl\u00fcyorlar; \u2018Size te\u015fekk\u00fcr etmek i\u00e7in ar\u0131yorum. \u0130yi ki hocalar\u0131m\u0131z var. Allah raz\u0131 olsun. Ne olursunuz onlara sizin imzan\u0131zla birer te\u015fekk\u00fcrname yaz\u0131n g\u00f6nderin.\u2019 bunu s\u00f6yl\u00fcyorlar. Bu s\u00fcre\u00e7te hocalar\u0131m\u0131z y\u00fcz\u00fcm\u00fcz\u00fc hep ak ettiler.\u201d de\u011ferlendirmesinde bulundu.<\/p>\n\n\t\t<style type=\"text\/css\">\n\t\t\t#gallery-1 {\n\t\t\t\tmargin: auto;\n\t\t\t}\n\t\t\t#gallery-1 .gallery-item {\n\t\t\t\tfloat: left;\n\t\t\t\tmargin-top: 10px;\n\t\t\t\ttext-align: center;\n\t\t\t\twidth: 33%;\n\t\t\t}\n\t\t\t#gallery-1 img {\n\t\t\t\tborder: 2px solid #cfcfcf;\n\t\t\t}\n\t\t\t#gallery-1 .gallery-caption {\n\t\t\t\tmargin-left: 0;\n\t\t\t}\n\t\t\t\/* see gallery_shortcode() in wp-includes\/media.php *\/\n\t\t<\/style>\n\t\t<div id='gallery-1' class='gallery galleryid-30287 gallery-columns-3 gallery-size-full'><dl class='gallery-item'>\n\t\t\t<dt class='gallery-icon landscape'>\n\t\t\t\t<a href='https:\/\/tdv.org\/tr-TR\/wp-content\/uploads\/2023\/02\/a9c0017d-22d7-4617-987a-5032163cda6c_1_1200x800.jpg'><img decoding=\"async\" width=\"1200\" height=\"800\" src=\"https:\/\/tdv.org\/tr-TR\/wp-content\/uploads\/2023\/02\/a9c0017d-22d7-4617-987a-5032163cda6c_1_1200x800.jpg\" class=\"attachment-full size-full\" alt=\"\" srcset=\"https:\/\/tdv.org\/tr-TR\/wp-content\/uploads\/2023\/02\/a9c0017d-22d7-4617-987a-5032163cda6c_1_1200x800.jpg 1200w, https:\/\/tdv.org\/tr-TR\/wp-content\/uploads\/2023\/02\/a9c0017d-22d7-4617-987a-5032163cda6c_1_1200x800-300x200.jpg 300w, https:\/\/tdv.org\/tr-TR\/wp-content\/uploads\/2023\/02\/a9c0017d-22d7-4617-987a-5032163cda6c_1_1200x800-1024x683.jpg 1024w, https:\/\/tdv.org\/tr-TR\/wp-content\/uploads\/2023\/02\/a9c0017d-22d7-4617-987a-5032163cda6c_1_1200x800-768x512.jpg 768w, https:\/\/tdv.org\/tr-TR\/wp-content\/uploads\/2023\/02\/a9c0017d-22d7-4617-987a-5032163cda6c_1_1200x800-900x600.jpg 900w\" sizes=\"(max-width: 1200px) 100vw, 1200px\" \/><\/a>\n\t\t\t<\/dt><\/dl><dl class='gallery-item'>\n\t\t\t<dt class='gallery-icon landscape'>\n\t\t\t\t<a href='https:\/\/tdv.org\/tr-TR\/wp-content\/uploads\/2023\/02\/8a1d0466-9332-4848-866d-2f138afb2f21_1_1200x800.jpg'><img decoding=\"async\" width=\"1200\" height=\"800\" src=\"https:\/\/tdv.org\/tr-TR\/wp-content\/uploads\/2023\/02\/8a1d0466-9332-4848-866d-2f138afb2f21_1_1200x800.jpg\" class=\"attachment-full size-full\" alt=\"\" srcset=\"https:\/\/tdv.org\/tr-TR\/wp-content\/uploads\/2023\/02\/8a1d0466-9332-4848-866d-2f138afb2f21_1_1200x800.jpg 1200w, https:\/\/tdv.org\/tr-TR\/wp-content\/uploads\/2023\/02\/8a1d0466-9332-4848-866d-2f138afb2f21_1_1200x800-300x200.jpg 300w, https:\/\/tdv.org\/tr-TR\/wp-content\/uploads\/2023\/02\/8a1d0466-9332-4848-866d-2f138afb2f21_1_1200x800-1024x683.jpg 1024w, https:\/\/tdv.org\/tr-TR\/wp-content\/uploads\/2023\/02\/8a1d0466-9332-4848-866d-2f138afb2f21_1_1200x800-768x512.jpg 768w, https:\/\/tdv.org\/tr-TR\/wp-content\/uploads\/2023\/02\/8a1d0466-9332-4848-866d-2f138afb2f21_1_1200x800-900x600.jpg 900w\" sizes=\"(max-width: 1200px) 100vw, 1200px\" \/><\/a>\n\t\t\t<\/dt><\/dl><dl class='gallery-item'>\n\t\t\t<dt class='gallery-icon landscape'>\n\t\t\t\t<a href='https:\/\/tdv.org\/tr-TR\/wp-content\/uploads\/2023\/02\/279e1062-3de1-4e5c-89ff-b256aeac3ea2_1_1200x800.jpg'><img decoding=\"async\" width=\"1200\" height=\"800\" src=\"https:\/\/tdv.org\/tr-TR\/wp-content\/uploads\/2023\/02\/279e1062-3de1-4e5c-89ff-b256aeac3ea2_1_1200x800.jpg\" class=\"attachment-full size-full\" alt=\"\" srcset=\"https:\/\/tdv.org\/tr-TR\/wp-content\/uploads\/2023\/02\/279e1062-3de1-4e5c-89ff-b256aeac3ea2_1_1200x800.jpg 1200w, https:\/\/tdv.org\/tr-TR\/wp-content\/uploads\/2023\/02\/279e1062-3de1-4e5c-89ff-b256aeac3ea2_1_1200x800-300x200.jpg 300w, https:\/\/tdv.org\/tr-TR\/wp-content\/uploads\/2023\/02\/279e1062-3de1-4e5c-89ff-b256aeac3ea2_1_1200x800-1024x683.jpg 1024w, https:\/\/tdv.org\/tr-TR\/wp-content\/uploads\/2023\/02\/279e1062-3de1-4e5c-89ff-b256aeac3ea2_1_1200x800-768x512.jpg 768w, https:\/\/tdv.org\/tr-TR\/wp-content\/uploads\/2023\/02\/279e1062-3de1-4e5c-89ff-b256aeac3ea2_1_1200x800-900x600.jpg 900w\" sizes=\"(max-width: 1200px) 100vw, 1200px\" \/><\/a>\n\t\t\t<\/dt><\/dl><br style=\"clear: both\" \/><dl class='gallery-item'>\n\t\t\t<dt class='gallery-icon landscape'>\n\t\t\t\t<a href='https:\/\/tdv.org\/tr-TR\/wp-content\/uploads\/2023\/02\/5e2f2161-97c4-42fb-aa56-3a17dc851078_1_1200x800.jpg'><img decoding=\"async\" width=\"1200\" height=\"800\" src=\"https:\/\/tdv.org\/tr-TR\/wp-content\/uploads\/2023\/02\/5e2f2161-97c4-42fb-aa56-3a17dc851078_1_1200x800.jpg\" class=\"attachment-full size-full\" alt=\"\" srcset=\"https:\/\/tdv.org\/tr-TR\/wp-content\/uploads\/2023\/02\/5e2f2161-97c4-42fb-aa56-3a17dc851078_1_1200x800.jpg 1200w, https:\/\/tdv.org\/tr-TR\/wp-content\/uploads\/2023\/02\/5e2f2161-97c4-42fb-aa56-3a17dc851078_1_1200x800-300x200.jpg 300w, https:\/\/tdv.org\/tr-TR\/wp-content\/uploads\/2023\/02\/5e2f2161-97c4-42fb-aa56-3a17dc851078_1_1200x800-1024x683.jpg 1024w, https:\/\/tdv.org\/tr-TR\/wp-content\/uploads\/2023\/02\/5e2f2161-97c4-42fb-aa56-3a17dc851078_1_1200x800-768x512.jpg 768w, https:\/\/tdv.org\/tr-TR\/wp-content\/uploads\/2023\/02\/5e2f2161-97c4-42fb-aa56-3a17dc851078_1_1200x800-900x600.jpg 900w\" sizes=\"(max-width: 1200px) 100vw, 1200px\" \/><\/a>\n\t\t\t<\/dt><\/dl><dl class='gallery-item'>\n\t\t\t<dt class='gallery-icon landscape'>\n\t\t\t\t<a href='https:\/\/tdv.org\/tr-TR\/wp-content\/uploads\/2023\/02\/d372d6c1-c420-4abf-b04a-973bb38540ac_1_1200x800.jpg'><img decoding=\"async\" width=\"1200\" height=\"800\" src=\"https:\/\/tdv.org\/tr-TR\/wp-content\/uploads\/2023\/02\/d372d6c1-c420-4abf-b04a-973bb38540ac_1_1200x800.jpg\" class=\"attachment-full size-full\" alt=\"\" srcset=\"https:\/\/tdv.org\/tr-TR\/wp-content\/uploads\/2023\/02\/d372d6c1-c420-4abf-b04a-973bb38540ac_1_1200x800.jpg 1200w, https:\/\/tdv.org\/tr-TR\/wp-content\/uploads\/2023\/02\/d372d6c1-c420-4abf-b04a-973bb38540ac_1_1200x800-300x200.jpg 300w, https:\/\/tdv.org\/tr-TR\/wp-content\/uploads\/2023\/02\/d372d6c1-c420-4abf-b04a-973bb38540ac_1_1200x800-1024x683.jpg 1024w, https:\/\/tdv.org\/tr-TR\/wp-content\/uploads\/2023\/02\/d372d6c1-c420-4abf-b04a-973bb38540ac_1_1200x800-768x512.jpg 768w, https:\/\/tdv.org\/tr-TR\/wp-content\/uploads\/2023\/02\/d372d6c1-c420-4abf-b04a-973bb38540ac_1_1200x800-900x600.jpg 900w\" sizes=\"(max-width: 1200px) 100vw, 1200px\" \/><\/a>\n\t\t\t<\/dt><\/dl><dl class='gallery-item'>\n\t\t\t<dt class='gallery-icon landscape'>\n\t\t\t\t<a href='https:\/\/tdv.org\/tr-TR\/wp-content\/uploads\/2023\/02\/566bc1af-b380-4436-8c51-64c782147dbd_1_1200x800.jpg'><img decoding=\"async\" width=\"1200\" height=\"800\" src=\"https:\/\/tdv.org\/tr-TR\/wp-content\/uploads\/2023\/02\/566bc1af-b380-4436-8c51-64c782147dbd_1_1200x800.jpg\" class=\"attachment-full size-full\" alt=\"\" srcset=\"https:\/\/tdv.org\/tr-TR\/wp-content\/uploads\/2023\/02\/566bc1af-b380-4436-8c51-64c782147dbd_1_1200x800.jpg 1200w, https:\/\/tdv.org\/tr-TR\/wp-content\/uploads\/2023\/02\/566bc1af-b380-4436-8c51-64c782147dbd_1_1200x800-300x200.jpg 300w, https:\/\/tdv.org\/tr-TR\/wp-content\/uploads\/2023\/02\/566bc1af-b380-4436-8c51-64c782147dbd_1_1200x800-1024x683.jpg 1024w, https:\/\/tdv.org\/tr-TR\/wp-content\/uploads\/2023\/02\/566bc1af-b380-4436-8c51-64c782147dbd_1_1200x800-768x512.jpg 768w, https:\/\/tdv.org\/tr-TR\/wp-content\/uploads\/2023\/02\/566bc1af-b380-4436-8c51-64c782147dbd_1_1200x800-900x600.jpg 900w\" sizes=\"(max-width: 1200px) 100vw, 1200px\" \/><\/a>\n\t\t\t<\/dt><\/dl><br style=\"clear: both\" \/><dl class='gallery-item'>\n\t\t\t<dt class='gallery-icon landscape'>\n\t\t\t\t<a href='https:\/\/tdv.org\/tr-TR\/wp-content\/uploads\/2023\/02\/eb3c27a1-7584-4a43-bfa3-acce209c9be1_1_1200x800.jpg'><img decoding=\"async\" width=\"1200\" height=\"800\" src=\"https:\/\/tdv.org\/tr-TR\/wp-content\/uploads\/2023\/02\/eb3c27a1-7584-4a43-bfa3-acce209c9be1_1_1200x800.jpg\" class=\"attachment-full size-full\" alt=\"\" srcset=\"https:\/\/tdv.org\/tr-TR\/wp-content\/uploads\/2023\/02\/eb3c27a1-7584-4a43-bfa3-acce209c9be1_1_1200x800.jpg 1200w, https:\/\/tdv.org\/tr-TR\/wp-content\/uploads\/2023\/02\/eb3c27a1-7584-4a43-bfa3-acce209c9be1_1_1200x800-300x200.jpg 300w, https:\/\/tdv.org\/tr-TR\/wp-content\/uploads\/2023\/02\/eb3c27a1-7584-4a43-bfa3-acce209c9be1_1_1200x800-1024x683.jpg 1024w, https:\/\/tdv.org\/tr-TR\/wp-content\/uploads\/2023\/02\/eb3c27a1-7584-4a43-bfa3-acce209c9be1_1_1200x800-768x512.jpg 768w, https:\/\/tdv.org\/tr-TR\/wp-content\/uploads\/2023\/02\/eb3c27a1-7584-4a43-bfa3-acce209c9be1_1_1200x800-900x600.jpg 900w\" sizes=\"(max-width: 1200px) 100vw, 1200px\" \/><\/a>\n\t\t\t<\/dt><\/dl><dl class='gallery-item'>\n\t\t\t<dt class='gallery-icon landscape'>\n\t\t\t\t<a href='https:\/\/tdv.org\/tr-TR\/wp-content\/uploads\/2023\/02\/dc390e51-b26c-40e7-9518-005c6b3789a5_1_1200x800.jpg'><img decoding=\"async\" width=\"1200\" height=\"800\" src=\"https:\/\/tdv.org\/tr-TR\/wp-content\/uploads\/2023\/02\/dc390e51-b26c-40e7-9518-005c6b3789a5_1_1200x800.jpg\" class=\"attachment-full size-full\" alt=\"\" srcset=\"https:\/\/tdv.org\/tr-TR\/wp-content\/uploads\/2023\/02\/dc390e51-b26c-40e7-9518-005c6b3789a5_1_1200x800.jpg 1200w, https:\/\/tdv.org\/tr-TR\/wp-content\/uploads\/2023\/02\/dc390e51-b26c-40e7-9518-005c6b3789a5_1_1200x800-300x200.jpg 300w, https:\/\/tdv.org\/tr-TR\/wp-content\/uploads\/2023\/02\/dc390e51-b26c-40e7-9518-005c6b3789a5_1_1200x800-1024x683.jpg 1024w, https:\/\/tdv.org\/tr-TR\/wp-content\/uploads\/2023\/02\/dc390e51-b26c-40e7-9518-005c6b3789a5_1_1200x800-768x512.jpg 768w, https:\/\/tdv.org\/tr-TR\/wp-content\/uploads\/2023\/02\/dc390e51-b26c-40e7-9518-005c6b3789a5_1_1200x800-900x600.jpg 900w\" sizes=\"(max-width: 1200px) 100vw, 1200px\" \/><\/a>\n\t\t\t<\/dt><\/dl>\n\t\t\t<br style='clear: both' \/>\n\t\t<\/div>\n\n<\/div>\n","protected":false},"excerpt":{"rendered":"<p>Diyanet \u0130\u015fleri Ba\u015fkan\u0131 ve T\u00fcrkiye Diyanet Vakf\u0131 M\u00fctevelli Heyeti Ba\u015fkan\u0131 Prof. Dr. Ali Erba\u015f, \u201c\u0130n\u015faatlar\u0131m\u0131z\u0131 yaparken afetlere g\u00f6re yapmal\u0131y\u0131z, in\u015faat\u0131 yapaca\u011f\u0131m\u0131z yeri se\u00e7erken ona g\u00f6re do\u011fru yeri se\u00e7meliyiz. \u00c7\u00fcnk\u00fc yapt\u0131\u011f\u0131n\u0131z&#8230;<\/p>\n","protected":false},"author":8,"featured_media":30292,"comment_status":"open","ping_status":"closed","sticky":false,"template":"","format":"standard","meta":{"footnotes":""},"categories":[1],"tags":[504,596,2078],"class_list":{"0":"post-30287","1":"post","2":"type-post","3":"status-publish","4":"format-standard","5":"has-post-thumbnail","7":"category-haberler","8":"tag-deprem","9":"tag-diyanet-isleri-baskani-ve-turkiye-diyanet-vakfi-mutevelli-heyeti-baskani-prof-dr-ali-erbas","10":"tag-kahramanmaras-depremi"},"yoast_head":"<!-- This site is optimized with the Yoast SEO plugin v27.5 - https:\/\/yoast.com\/product\/yoast-seo-wordpress\/ -->\n<title>&quot;Y\u0131k\u0131lmayacak sa\u011flaml\u0131kta evlerin yap\u0131lmas\u0131 bir kulluk vazifesidir&quot;<\/title>\n<meta name=\"description\" content=\"Diyanet \u0130\u015fleri Ba\u015fkan\u0131 ve T\u00fcrkiye Diyanet Vakf\u0131 M\u00fctevelli Heyeti Ba\u015fkan\u0131 Prof. Dr. Ali Erba\u015f, \u201c\u0130n\u015faatlar\u0131m\u0131z\u0131 yaparken afetlere g\u00f6re yapmal\u0131y\u0131z, in\u015faat\u0131 yapaca\u011f\u0131m\u0131z yeri se\u00e7erken ona g\u00f6re do\u011fru yeri se\u00e7meliyiz. \u00c7\u00fcnk\u00fc yapt\u0131\u011f\u0131n\u0131z evlerde can ya\u015fayacak. Bir deprem oldu\u011fu zaman y\u0131k\u0131lmayacak sa\u011flaml\u0131kta evlerin yap\u0131lmas\u0131 bir kulluk vazifesidir.\u201d dedi.\" \/>\n<meta name=\"robots\" content=\"index, follow, max-snippet:-1, max-image-preview:large, max-video-preview:-1\" \/>\n<link rel=\"canonical\" href=\"https:\/\/tdv.org\/tr-TR\/yikilmayacak-saglamlikta-evlerin-yapilmasi-bir-kulluk-vazifesidir\/\" \/>\n<meta property=\"og:locale\" content=\"tr_TR\" \/>\n<meta property=\"og:type\" content=\"article\" \/>\n<meta property=\"og:title\" content=\"&quot;Y\u0131k\u0131lmayacak sa\u011flaml\u0131kta evlerin yap\u0131lmas\u0131 bir kulluk vazifesidir&quot;\" \/>\n<meta property=\"og:description\" content=\"Diyanet \u0130\u015fleri Ba\u015fkan\u0131 ve T\u00fcrkiye Diyanet Vakf\u0131 M\u00fctevelli Heyeti Ba\u015fkan\u0131 Prof. Dr. Ali Erba\u015f, \u201c\u0130n\u015faatlar\u0131m\u0131z\u0131 yaparken afetlere g\u00f6re yapmal\u0131y\u0131z, in\u015faat\u0131 yapaca\u011f\u0131m\u0131z yeri se\u00e7erken ona g\u00f6re do\u011fru yeri se\u00e7meliyiz. \u00c7\u00fcnk\u00fc yapt\u0131\u011f\u0131n\u0131z evlerde can ya\u015fayacak. Bir deprem oldu\u011fu zaman y\u0131k\u0131lmayacak sa\u011flaml\u0131kta evlerin yap\u0131lmas\u0131 bir kulluk vazifesidir.\u201d dedi.\" \/>\n<meta property=\"og:url\" content=\"https:\/\/tdv.org\/tr-TR\/yikilmayacak-saglamlikta-evlerin-yapilmasi-bir-kulluk-vazifesidir\/\" \/>\n<meta property=\"og:site_name\" content=\"T\u00fcrkiye Diyanet Vakf\u0131 Resmi Web Sitesi\" \/>\n<meta property=\"article:publisher\" content=\"https:\/\/www.facebook.com\/Diyanetvakfi\/\" \/>\n<meta property=\"article:published_time\" content=\"2023-02-22T11:57:54+00:00\" \/>\n<meta property=\"article:modified_time\" content=\"2023-02-23T12:07:23+00:00\" \/>\n<meta property=\"og:image\" content=\"https:\/\/tdv.org\/tr-TR\/wp-content\/uploads\/2023\/02\/a9c0017d-22d7-4617-987a-5032163cda6c_1_1200x800.jpg\" \/>\n\t<meta property=\"og:image:width\" content=\"1200\" \/>\n\t<meta property=\"og:image:height\" content=\"800\" \/>\n\t<meta property=\"og:image:type\" content=\"image\/jpeg\" \/>\n<meta name=\"author\" content=\"Selim\" \/>\n<meta name=\"twitter:card\" content=\"summary_large_image\" \/>\n<meta name=\"twitter:creator\" content=\"@DiyanetVakfi\" \/>\n<meta name=\"twitter:site\" content=\"@DiyanetVakfi\" \/>\n<script type=\"application\/ld+json\" class=\"yoast-schema-graph\">{\"@context\":\"https:\\\/\\\/schema.org\",\"@graph\":[{\"@type\":\"Article\",\"@id\":\"https:\\\/\\\/tdv.org\\\/tr-TR\\\/yikilmayacak-saglamlikta-evlerin-yapilmasi-bir-kulluk-vazifesidir\\\/#article\",\"isPartOf\":{\"@id\":\"https:\\\/\\\/tdv.org\\\/tr-TR\\\/yikilmayacak-saglamlikta-evlerin-yapilmasi-bir-kulluk-vazifesidir\\\/\"},\"author\":{\"name\":\"Selim\",\"@id\":\"https:\\\/\\\/tdv.org\\\/tr-TR\\\/#\\\/schema\\\/person\\\/752b55e264a99273d55636516d96d5eb\"},\"headline\":\"&#8220;Y\u0131k\u0131lmayacak sa\u011flaml\u0131kta evlerin yap\u0131lmas\u0131 bir kulluk vazifesidir&#8221;\",\"datePublished\":\"2023-02-22T11:57:54+00:00\",\"dateModified\":\"2023-02-23T12:07:23+00:00\",\"mainEntityOfPage\":{\"@id\":\"https:\\\/\\\/tdv.org\\\/tr-TR\\\/yikilmayacak-saglamlikta-evlerin-yapilmasi-bir-kulluk-vazifesidir\\\/\"},\"wordCount\":1494,\"commentCount\":0,\"publisher\":{\"@id\":\"https:\\\/\\\/tdv.org\\\/tr-TR\\\/#organization\"},\"image\":{\"@id\":\"https:\\\/\\\/tdv.org\\\/tr-TR\\\/yikilmayacak-saglamlikta-evlerin-yapilmasi-bir-kulluk-vazifesidir\\\/#primaryimage\"},\"thumbnailUrl\":\"https:\\\/\\\/tdv.org\\\/tr-TR\\\/wp-content\\\/uploads\\\/2023\\\/02\\\/a9c0017d-22d7-4617-987a-5032163cda6c_1_1200x800.jpg\",\"keywords\":[\"Deprem\",\"Diyanet \u0130\u015fleri Ba\u015fkan\u0131 ve T\u00fcrkiye Diyanet Vakf\u0131 M\u00fctevelli Heyeti Ba\u015fkan\u0131 Prof. Dr. Ali Erba\u015f\",\"Kahramanmara\u015f Depremi\"],\"articleSection\":[\"Haberler\"],\"inLanguage\":\"tr\",\"potentialAction\":[{\"@type\":\"CommentAction\",\"name\":\"Comment\",\"target\":[\"https:\\\/\\\/tdv.org\\\/tr-TR\\\/yikilmayacak-saglamlikta-evlerin-yapilmasi-bir-kulluk-vazifesidir\\\/#respond\"]}]},{\"@type\":\"WebPage\",\"@id\":\"https:\\\/\\\/tdv.org\\\/tr-TR\\\/yikilmayacak-saglamlikta-evlerin-yapilmasi-bir-kulluk-vazifesidir\\\/\",\"url\":\"https:\\\/\\\/tdv.org\\\/tr-TR\\\/yikilmayacak-saglamlikta-evlerin-yapilmasi-bir-kulluk-vazifesidir\\\/\",\"name\":\"\\\"Y\u0131k\u0131lmayacak sa\u011flaml\u0131kta evlerin yap\u0131lmas\u0131 bir kulluk vazifesidir\\\"\",\"isPartOf\":{\"@id\":\"https:\\\/\\\/tdv.org\\\/tr-TR\\\/#website\"},\"primaryImageOfPage\":{\"@id\":\"https:\\\/\\\/tdv.org\\\/tr-TR\\\/yikilmayacak-saglamlikta-evlerin-yapilmasi-bir-kulluk-vazifesidir\\\/#primaryimage\"},\"image\":{\"@id\":\"https:\\\/\\\/tdv.org\\\/tr-TR\\\/yikilmayacak-saglamlikta-evlerin-yapilmasi-bir-kulluk-vazifesidir\\\/#primaryimage\"},\"thumbnailUrl\":\"https:\\\/\\\/tdv.org\\\/tr-TR\\\/wp-content\\\/uploads\\\/2023\\\/02\\\/a9c0017d-22d7-4617-987a-5032163cda6c_1_1200x800.jpg\",\"datePublished\":\"2023-02-22T11:57:54+00:00\",\"dateModified\":\"2023-02-23T12:07:23+00:00\",\"description\":\"Diyanet \u0130\u015fleri Ba\u015fkan\u0131 ve T\u00fcrkiye Diyanet Vakf\u0131 M\u00fctevelli Heyeti Ba\u015fkan\u0131 Prof. Dr. Ali Erba\u015f, \u201c\u0130n\u015faatlar\u0131m\u0131z\u0131 yaparken afetlere g\u00f6re yapmal\u0131y\u0131z, in\u015faat\u0131 yapaca\u011f\u0131m\u0131z yeri se\u00e7erken ona g\u00f6re do\u011fru yeri se\u00e7meliyiz. \u00c7\u00fcnk\u00fc yapt\u0131\u011f\u0131n\u0131z evlerde can ya\u015fayacak. Bir deprem oldu\u011fu zaman y\u0131k\u0131lmayacak sa\u011flaml\u0131kta evlerin yap\u0131lmas\u0131 bir kulluk vazifesidir.\u201d dedi.\",\"breadcrumb\":{\"@id\":\"https:\\\/\\\/tdv.org\\\/tr-TR\\\/yikilmayacak-saglamlikta-evlerin-yapilmasi-bir-kulluk-vazifesidir\\\/#breadcrumb\"},\"inLanguage\":\"tr\",\"potentialAction\":[{\"@type\":\"ReadAction\",\"target\":[\"https:\\\/\\\/tdv.org\\\/tr-TR\\\/yikilmayacak-saglamlikta-evlerin-yapilmasi-bir-kulluk-vazifesidir\\\/\"]}]},{\"@type\":\"ImageObject\",\"inLanguage\":\"tr\",\"@id\":\"https:\\\/\\\/tdv.org\\\/tr-TR\\\/yikilmayacak-saglamlikta-evlerin-yapilmasi-bir-kulluk-vazifesidir\\\/#primaryimage\",\"url\":\"https:\\\/\\\/tdv.org\\\/tr-TR\\\/wp-content\\\/uploads\\\/2023\\\/02\\\/a9c0017d-22d7-4617-987a-5032163cda6c_1_1200x800.jpg\",\"contentUrl\":\"https:\\\/\\\/tdv.org\\\/tr-TR\\\/wp-content\\\/uploads\\\/2023\\\/02\\\/a9c0017d-22d7-4617-987a-5032163cda6c_1_1200x800.jpg\",\"width\":1200,\"height\":800},{\"@type\":\"BreadcrumbList\",\"@id\":\"https:\\\/\\\/tdv.org\\\/tr-TR\\\/yikilmayacak-saglamlikta-evlerin-yapilmasi-bir-kulluk-vazifesidir\\\/#breadcrumb\",\"itemListElement\":[{\"@type\":\"ListItem\",\"position\":1,\"name\":\"Anasayfa\",\"item\":\"https:\\\/\\\/tdv.org\\\/tr-TR\\\/\"},{\"@type\":\"ListItem\",\"position\":2,\"name\":\"&#8220;Y\u0131k\u0131lmayacak sa\u011flaml\u0131kta evlerin yap\u0131lmas\u0131 bir kulluk vazifesidir&#8221;\"}]},{\"@type\":\"WebSite\",\"@id\":\"https:\\\/\\\/tdv.org\\\/tr-TR\\\/#website\",\"url\":\"https:\\\/\\\/tdv.org\\\/tr-TR\\\/\",\"name\":\"T\u00fcrkiye Diyanet Vakf\u0131 Resmi Web Sitesi\",\"description\":\"Yery\u00fcz\u00fcnde iyilik egemen oluncaya kadar\",\"publisher\":{\"@id\":\"https:\\\/\\\/tdv.org\\\/tr-TR\\\/#organization\"},\"alternateName\":\"T\u00fcrkiye Diyanet Vakf\u0131\",\"potentialAction\":[{\"@type\":\"SearchAction\",\"target\":{\"@type\":\"EntryPoint\",\"urlTemplate\":\"https:\\\/\\\/tdv.org\\\/tr-TR\\\/?s={search_term_string}\"},\"query-input\":{\"@type\":\"PropertyValueSpecification\",\"valueRequired\":true,\"valueName\":\"search_term_string\"}}],\"inLanguage\":\"tr\"},{\"@type\":\"Organization\",\"@id\":\"https:\\\/\\\/tdv.org\\\/tr-TR\\\/#organization\",\"name\":\"T\u00fcrkiye Diyanet Vakf\u0131\",\"alternateName\":\"T\u00fcrkiye Diyanet Vakf\u0131\",\"url\":\"https:\\\/\\\/tdv.org\\\/tr-TR\\\/\",\"logo\":{\"@type\":\"ImageObject\",\"inLanguage\":\"tr\",\"@id\":\"https:\\\/\\\/tdv.org\\\/tr-TR\\\/#\\\/schema\\\/logo\\\/image\\\/\",\"url\":\"https:\\\/\\\/tdv.org\\\/tr-TR\\\/wp-content\\\/uploads\\\/2018\\\/12\\\/TDV_Logo_1.png\",\"contentUrl\":\"https:\\\/\\\/tdv.org\\\/tr-TR\\\/wp-content\\\/uploads\\\/2018\\\/12\\\/TDV_Logo_1.png\",\"width\":207,\"height\":71,\"caption\":\"T\u00fcrkiye Diyanet Vakf\u0131\"},\"image\":{\"@id\":\"https:\\\/\\\/tdv.org\\\/tr-TR\\\/#\\\/schema\\\/logo\\\/image\\\/\"},\"sameAs\":[\"https:\\\/\\\/www.facebook.com\\\/Diyanetvakfi\\\/\",\"https:\\\/\\\/x.com\\\/DiyanetVakfi\",\"https:\\\/\\\/www.instagram.com\\\/turkiyediyanetvakfi\\\/\",\"https:\\\/\\\/www.youtube.com\\\/user\\\/TurkiyeDiyanetVakfi\"]},{\"@type\":\"Person\",\"@id\":\"https:\\\/\\\/tdv.org\\\/tr-TR\\\/#\\\/schema\\\/person\\\/752b55e264a99273d55636516d96d5eb\",\"name\":\"Selim\",\"image\":{\"@type\":\"ImageObject\",\"inLanguage\":\"tr\",\"@id\":\"https:\\\/\\\/tdv.org\\\/tr-TR\\\/wp-content\\\/litespeed\\\/avatar\\\/a1e47b25396e98e5b781e88a5396cd96.jpg?ver=1777287391\",\"url\":\"https:\\\/\\\/tdv.org\\\/tr-TR\\\/wp-content\\\/litespeed\\\/avatar\\\/a1e47b25396e98e5b781e88a5396cd96.jpg?ver=1777287391\",\"contentUrl\":\"https:\\\/\\\/tdv.org\\\/tr-TR\\\/wp-content\\\/litespeed\\\/avatar\\\/a1e47b25396e98e5b781e88a5396cd96.jpg?ver=1777287391\",\"caption\":\"Selim\"}}]}<\/script>\n<!-- \/ Yoast SEO plugin. -->","yoast_head_json":{"title":"\"Y\u0131k\u0131lmayacak sa\u011flaml\u0131kta evlerin yap\u0131lmas\u0131 bir kulluk vazifesidir\"","description":"Diyanet \u0130\u015fleri Ba\u015fkan\u0131 ve T\u00fcrkiye Diyanet Vakf\u0131 M\u00fctevelli Heyeti Ba\u015fkan\u0131 Prof. Dr. Ali Erba\u015f, \u201c\u0130n\u015faatlar\u0131m\u0131z\u0131 yaparken afetlere g\u00f6re yapmal\u0131y\u0131z, in\u015faat\u0131 yapaca\u011f\u0131m\u0131z yeri se\u00e7erken ona g\u00f6re do\u011fru yeri se\u00e7meliyiz. \u00c7\u00fcnk\u00fc yapt\u0131\u011f\u0131n\u0131z evlerde can ya\u015fayacak. Bir deprem oldu\u011fu zaman y\u0131k\u0131lmayacak sa\u011flaml\u0131kta evlerin yap\u0131lmas\u0131 bir kulluk vazifesidir.\u201d dedi.","robots":{"index":"index","follow":"follow","max-snippet":"max-snippet:-1","max-image-preview":"max-image-preview:large","max-video-preview":"max-video-preview:-1"},"canonical":"https:\/\/tdv.org\/tr-TR\/yikilmayacak-saglamlikta-evlerin-yapilmasi-bir-kulluk-vazifesidir\/","og_locale":"tr_TR","og_type":"article","og_title":"\"Y\u0131k\u0131lmayacak sa\u011flaml\u0131kta evlerin yap\u0131lmas\u0131 bir kulluk vazifesidir\"","og_description":"Diyanet \u0130\u015fleri Ba\u015fkan\u0131 ve T\u00fcrkiye Diyanet Vakf\u0131 M\u00fctevelli Heyeti Ba\u015fkan\u0131 Prof. Dr. Ali Erba\u015f, \u201c\u0130n\u015faatlar\u0131m\u0131z\u0131 yaparken afetlere g\u00f6re yapmal\u0131y\u0131z, in\u015faat\u0131 yapaca\u011f\u0131m\u0131z yeri se\u00e7erken ona g\u00f6re do\u011fru yeri se\u00e7meliyiz. \u00c7\u00fcnk\u00fc yapt\u0131\u011f\u0131n\u0131z evlerde can ya\u015fayacak. Bir deprem oldu\u011fu zaman y\u0131k\u0131lmayacak sa\u011flaml\u0131kta evlerin yap\u0131lmas\u0131 bir kulluk vazifesidir.\u201d dedi.","og_url":"https:\/\/tdv.org\/tr-TR\/yikilmayacak-saglamlikta-evlerin-yapilmasi-bir-kulluk-vazifesidir\/","og_site_name":"T\u00fcrkiye Diyanet Vakf\u0131 Resmi Web Sitesi","article_publisher":"https:\/\/www.facebook.com\/Diyanetvakfi\/","article_published_time":"2023-02-22T11:57:54+00:00","article_modified_time":"2023-02-23T12:07:23+00:00","og_image":[{"width":1200,"height":800,"url":"https:\/\/tdv.org\/tr-TR\/wp-content\/uploads\/2023\/02\/a9c0017d-22d7-4617-987a-5032163cda6c_1_1200x800.jpg","type":"image\/jpeg"}],"author":"Selim","twitter_card":"summary_large_image","twitter_creator":"@DiyanetVakfi","twitter_site":"@DiyanetVakfi","schema":{"@context":"https:\/\/schema.org","@graph":[{"@type":"Article","@id":"https:\/\/tdv.org\/tr-TR\/yikilmayacak-saglamlikta-evlerin-yapilmasi-bir-kulluk-vazifesidir\/#article","isPartOf":{"@id":"https:\/\/tdv.org\/tr-TR\/yikilmayacak-saglamlikta-evlerin-yapilmasi-bir-kulluk-vazifesidir\/"},"author":{"name":"Selim","@id":"https:\/\/tdv.org\/tr-TR\/#\/schema\/person\/752b55e264a99273d55636516d96d5eb"},"headline":"&#8220;Y\u0131k\u0131lmayacak sa\u011flaml\u0131kta evlerin yap\u0131lmas\u0131 bir kulluk vazifesidir&#8221;","datePublished":"2023-02-22T11:57:54+00:00","dateModified":"2023-02-23T12:07:23+00:00","mainEntityOfPage":{"@id":"https:\/\/tdv.org\/tr-TR\/yikilmayacak-saglamlikta-evlerin-yapilmasi-bir-kulluk-vazifesidir\/"},"wordCount":1494,"commentCount":0,"publisher":{"@id":"https:\/\/tdv.org\/tr-TR\/#organization"},"image":{"@id":"https:\/\/tdv.org\/tr-TR\/yikilmayacak-saglamlikta-evlerin-yapilmasi-bir-kulluk-vazifesidir\/#primaryimage"},"thumbnailUrl":"https:\/\/tdv.org\/tr-TR\/wp-content\/uploads\/2023\/02\/a9c0017d-22d7-4617-987a-5032163cda6c_1_1200x800.jpg","keywords":["Deprem","Diyanet \u0130\u015fleri Ba\u015fkan\u0131 ve T\u00fcrkiye Diyanet Vakf\u0131 M\u00fctevelli Heyeti Ba\u015fkan\u0131 Prof. Dr. Ali Erba\u015f","Kahramanmara\u015f Depremi"],"articleSection":["Haberler"],"inLanguage":"tr","potentialAction":[{"@type":"CommentAction","name":"Comment","target":["https:\/\/tdv.org\/tr-TR\/yikilmayacak-saglamlikta-evlerin-yapilmasi-bir-kulluk-vazifesidir\/#respond"]}]},{"@type":"WebPage","@id":"https:\/\/tdv.org\/tr-TR\/yikilmayacak-saglamlikta-evlerin-yapilmasi-bir-kulluk-vazifesidir\/","url":"https:\/\/tdv.org\/tr-TR\/yikilmayacak-saglamlikta-evlerin-yapilmasi-bir-kulluk-vazifesidir\/","name":"\"Y\u0131k\u0131lmayacak sa\u011flaml\u0131kta evlerin yap\u0131lmas\u0131 bir kulluk vazifesidir\"","isPartOf":{"@id":"https:\/\/tdv.org\/tr-TR\/#website"},"primaryImageOfPage":{"@id":"https:\/\/tdv.org\/tr-TR\/yikilmayacak-saglamlikta-evlerin-yapilmasi-bir-kulluk-vazifesidir\/#primaryimage"},"image":{"@id":"https:\/\/tdv.org\/tr-TR\/yikilmayacak-saglamlikta-evlerin-yapilmasi-bir-kulluk-vazifesidir\/#primaryimage"},"thumbnailUrl":"https:\/\/tdv.org\/tr-TR\/wp-content\/uploads\/2023\/02\/a9c0017d-22d7-4617-987a-5032163cda6c_1_1200x800.jpg","datePublished":"2023-02-22T11:57:54+00:00","dateModified":"2023-02-23T12:07:23+00:00","description":"Diyanet \u0130\u015fleri Ba\u015fkan\u0131 ve T\u00fcrkiye Diyanet Vakf\u0131 M\u00fctevelli Heyeti Ba\u015fkan\u0131 Prof. Dr. Ali Erba\u015f, \u201c\u0130n\u015faatlar\u0131m\u0131z\u0131 yaparken afetlere g\u00f6re yapmal\u0131y\u0131z, in\u015faat\u0131 yapaca\u011f\u0131m\u0131z yeri se\u00e7erken ona g\u00f6re do\u011fru yeri se\u00e7meliyiz. \u00c7\u00fcnk\u00fc yapt\u0131\u011f\u0131n\u0131z evlerde can ya\u015fayacak. Bir deprem oldu\u011fu zaman y\u0131k\u0131lmayacak sa\u011flaml\u0131kta evlerin yap\u0131lmas\u0131 bir kulluk vazifesidir.\u201d dedi.","breadcrumb":{"@id":"https:\/\/tdv.org\/tr-TR\/yikilmayacak-saglamlikta-evlerin-yapilmasi-bir-kulluk-vazifesidir\/#breadcrumb"},"inLanguage":"tr","potentialAction":[{"@type":"ReadAction","target":["https:\/\/tdv.org\/tr-TR\/yikilmayacak-saglamlikta-evlerin-yapilmasi-bir-kulluk-vazifesidir\/"]}]},{"@type":"ImageObject","inLanguage":"tr","@id":"https:\/\/tdv.org\/tr-TR\/yikilmayacak-saglamlikta-evlerin-yapilmasi-bir-kulluk-vazifesidir\/#primaryimage","url":"https:\/\/tdv.org\/tr-TR\/wp-content\/uploads\/2023\/02\/a9c0017d-22d7-4617-987a-5032163cda6c_1_1200x800.jpg","contentUrl":"https:\/\/tdv.org\/tr-TR\/wp-content\/uploads\/2023\/02\/a9c0017d-22d7-4617-987a-5032163cda6c_1_1200x800.jpg","width":1200,"height":800},{"@type":"BreadcrumbList","@id":"https:\/\/tdv.org\/tr-TR\/yikilmayacak-saglamlikta-evlerin-yapilmasi-bir-kulluk-vazifesidir\/#breadcrumb","itemListElement":[{"@type":"ListItem","position":1,"name":"Anasayfa","item":"https:\/\/tdv.org\/tr-TR\/"},{"@type":"ListItem","position":2,"name":"&#8220;Y\u0131k\u0131lmayacak sa\u011flaml\u0131kta evlerin yap\u0131lmas\u0131 bir kulluk vazifesidir&#8221;"}]},{"@type":"WebSite","@id":"https:\/\/tdv.org\/tr-TR\/#website","url":"https:\/\/tdv.org\/tr-TR\/","name":"T\u00fcrkiye Diyanet Vakf\u0131 Resmi Web Sitesi","description":"Yery\u00fcz\u00fcnde iyilik egemen oluncaya kadar","publisher":{"@id":"https:\/\/tdv.org\/tr-TR\/#organization"},"alternateName":"T\u00fcrkiye Diyanet Vakf\u0131","potentialAction":[{"@type":"SearchAction","target":{"@type":"EntryPoint","urlTemplate":"https:\/\/tdv.org\/tr-TR\/?s={search_term_string}"},"query-input":{"@type":"PropertyValueSpecification","valueRequired":true,"valueName":"search_term_string"}}],"inLanguage":"tr"},{"@type":"Organization","@id":"https:\/\/tdv.org\/tr-TR\/#organization","name":"T\u00fcrkiye Diyanet Vakf\u0131","alternateName":"T\u00fcrkiye Diyanet Vakf\u0131","url":"https:\/\/tdv.org\/tr-TR\/","logo":{"@type":"ImageObject","inLanguage":"tr","@id":"https:\/\/tdv.org\/tr-TR\/#\/schema\/logo\/image\/","url":"https:\/\/tdv.org\/tr-TR\/wp-content\/uploads\/2018\/12\/TDV_Logo_1.png","contentUrl":"https:\/\/tdv.org\/tr-TR\/wp-content\/uploads\/2018\/12\/TDV_Logo_1.png","width":207,"height":71,"caption":"T\u00fcrkiye Diyanet Vakf\u0131"},"image":{"@id":"https:\/\/tdv.org\/tr-TR\/#\/schema\/logo\/image\/"},"sameAs":["https:\/\/www.facebook.com\/Diyanetvakfi\/","https:\/\/x.com\/DiyanetVakfi","https:\/\/www.instagram.com\/turkiyediyanetvakfi\/","https:\/\/www.youtube.com\/user\/TurkiyeDiyanetVakfi"]},{"@type":"Person","@id":"https:\/\/tdv.org\/tr-TR\/#\/schema\/person\/752b55e264a99273d55636516d96d5eb","name":"Selim","image":{"@type":"ImageObject","inLanguage":"tr","@id":"https:\/\/tdv.org\/tr-TR\/wp-content\/litespeed\/avatar\/a1e47b25396e98e5b781e88a5396cd96.jpg?ver=1777287391","url":"https:\/\/tdv.org\/tr-TR\/wp-content\/litespeed\/avatar\/a1e47b25396e98e5b781e88a5396cd96.jpg?ver=1777287391","contentUrl":"https:\/\/tdv.org\/tr-TR\/wp-content\/litespeed\/avatar\/a1e47b25396e98e5b781e88a5396cd96.jpg?ver=1777287391","caption":"Selim"}}]}},"_links":{"self":[{"href":"https:\/\/tdv.org\/tr-TR\/wp-json\/wp\/v2\/posts\/30287","targetHints":{"allow":["GET"]}}],"collection":[{"href":"https:\/\/tdv.org\/tr-TR\/wp-json\/wp\/v2\/posts"}],"about":[{"href":"https:\/\/tdv.org\/tr-TR\/wp-json\/wp\/v2\/types\/post"}],"author":[{"embeddable":true,"href":"https:\/\/tdv.org\/tr-TR\/wp-json\/wp\/v2\/users\/8"}],"replies":[{"embeddable":true,"href":"https:\/\/tdv.org\/tr-TR\/wp-json\/wp\/v2\/comments?post=30287"}],"version-history":[{"count":2,"href":"https:\/\/tdv.org\/tr-TR\/wp-json\/wp\/v2\/posts\/30287\/revisions"}],"predecessor-version":[{"id":30297,"href":"https:\/\/tdv.org\/tr-TR\/wp-json\/wp\/v2\/posts\/30287\/revisions\/30297"}],"wp:featuredmedia":[{"embeddable":true,"href":"https:\/\/tdv.org\/tr-TR\/wp-json\/wp\/v2\/media\/30292"}],"wp:attachment":[{"href":"https:\/\/tdv.org\/tr-TR\/wp-json\/wp\/v2\/media?parent=30287"}],"wp:term":[{"taxonomy":"category","embeddable":true,"href":"https:\/\/tdv.org\/tr-TR\/wp-json\/wp\/v2\/categories?post=30287"},{"taxonomy":"post_tag","embeddable":true,"href":"https:\/\/tdv.org\/tr-TR\/wp-json\/wp\/v2\/tags?post=30287"}],"curies":[{"name":"wp","href":"https:\/\/api.w.org\/{rel}","templated":true}]}}