{"id":30615,"date":"2023-02-26T13:40:19","date_gmt":"2023-02-26T10:40:19","guid":{"rendered":"https:\/\/tdv.org\/tr-TR\/?p=30615"},"modified":"2023-02-26T13:40:19","modified_gmt":"2023-02-26T10:40:19","slug":"turkiye-diyanet-vakfi-depremzedelerin-yaralarini-sariyor","status":"publish","type":"post","link":"https:\/\/tdv.org\/tr-TR\/turkiye-diyanet-vakfi-depremzedelerin-yaralarini-sariyor\/","title":{"rendered":"T\u00fcrkiye Diyanet Vakf\u0131 depremzedelerin yaralar\u0131n\u0131 sar\u0131yor"},"content":{"rendered":"<p>Kahramanmara\u015f merkezli depremlerin ard\u0131ndan yaralar\u0131n sar\u0131lmas\u0131 i\u00e7in ilk g\u00fcnden itibaren 11 ilde AFAD koordinesinde faaliyet g\u00f6steren T\u00fcrkiye Diyanet Vakf\u0131, depremzedelerin bar\u0131nma, g\u0131da, mescit, oyun alan\u0131 gibi bir\u00e7ok ihtiyac\u0131n\u0131 kar\u015f\u0131layarak g\u00f6n\u00fcllere dokunuyor.<\/p>\n<p>Kahramanmara\u015f ve Hatay&#8217;da meydana gelen depremler b\u00fcy\u00fck y\u0131k\u0131ma yol a\u00e7t\u0131. Depremzedeler i\u00e7in ilk g\u00fcnden itibaren 11 ilde faaliyet g\u00f6steren T\u00fcrkiye Diyanet Vakf\u0131 \u00fcyeleri, AFAD&#8217;\u0131n koordinesinde b\u00f6lgede g\u0131da, mescit, oyun alan\u0131, bar\u0131nma, \u0131s\u0131nma gibi bir\u00e7ok ihtiyac\u0131 kar\u015f\u0131lamak i\u00e7in sahada g\u00f6rev yap\u0131yor. \u00c7ok say\u0131da personelle hizmet veren T\u00fcrkiye Diyanet Vakf\u0131 7 bin 500 depremzedeye g\u0131da yard\u0131m\u0131 yapt\u0131. Vak\u0131f, depremzedelerin ihtiya\u00e7lar\u0131 tamamen sa\u011flan\u0131ncaya kadar sahada g\u00f6rev yapacak.<\/p>\n<p>Birlik ve beraberlik vurgusu yapan Vakf\u0131n M\u00fctevelli Heyeti II. Ba\u015fkan\u0131 \u0130hsan A\u00e7\u0131k, \u201cDeprem b\u00f6lgelerinde ilk g\u00fcnden beri faaliyet g\u00f6steriyoruz. \u00d6ncelikle arama kurtarma ekiplerimiz, imamlar\u0131m\u0131z, m\u00fcezzinlerimiz ve Kur&#8217;an kursu hocalar\u0131m\u0131zla yaralar\u0131 sarmaya \u00e7al\u0131\u015f\u0131yoruz. G\u00fcn geldi cenaze definleri i\u00e7in u\u011fra\u015ft\u0131k, g\u00fcn geldi vatanda\u015flar\u0131m\u0131za s\u0131cak bir \u00e7orba uzatmak i\u00e7in u\u011fra\u015ft\u0131k. B\u00f6lgede kimin ne ihtiyac\u0131 varsa kar\u015f\u0131lamak i\u00e7in buraday\u0131z. \u0130kinci ve \u00fc\u00e7\u00fcnc\u00fc depremi burada biz de ya\u015fad\u0131k. Bu enkazdan hep birlikte kalkaca\u011f\u0131z ve yaralar\u0131 en h\u0131zl\u0131 \u015fekilde saraca\u011f\u0131z\u201d diye konu\u015ftu.<\/p>\n\n\t\t<style type=\"text\/css\">\n\t\t\t#gallery-1 {\n\t\t\t\tmargin: auto;\n\t\t\t}\n\t\t\t#gallery-1 .gallery-item {\n\t\t\t\tfloat: left;\n\t\t\t\tmargin-top: 10px;\n\t\t\t\ttext-align: center;\n\t\t\t\twidth: 33%;\n\t\t\t}\n\t\t\t#gallery-1 img {\n\t\t\t\tborder: 2px solid #cfcfcf;\n\t\t\t}\n\t\t\t#gallery-1 .gallery-caption {\n\t\t\t\tmargin-left: 0;\n\t\t\t}\n\t\t\t\/* see gallery_shortcode() in wp-includes\/media.php *\/\n\t\t<\/style>\n\t\t<div id='gallery-1' class='gallery galleryid-30615 gallery-columns-3 gallery-size-full'><dl class='gallery-item'>\n\t\t\t<dt class='gallery-icon landscape'>\n\t\t\t\t<a href='https:\/\/tdv.org\/tr-TR\/wp-content\/uploads\/2023\/02\/1bbfba1a-0265-4bf0-bebe-2361af5ecb3e.jpg'><img decoding=\"async\" width=\"1346\" height=\"898\" src=\"https:\/\/tdv.org\/tr-TR\/wp-content\/uploads\/2023\/02\/1bbfba1a-0265-4bf0-bebe-2361af5ecb3e.jpg\" class=\"attachment-full size-full\" alt=\"\" srcset=\"https:\/\/tdv.org\/tr-TR\/wp-content\/uploads\/2023\/02\/1bbfba1a-0265-4bf0-bebe-2361af5ecb3e.jpg 1346w, https:\/\/tdv.org\/tr-TR\/wp-content\/uploads\/2023\/02\/1bbfba1a-0265-4bf0-bebe-2361af5ecb3e-300x200.jpg 300w, https:\/\/tdv.org\/tr-TR\/wp-content\/uploads\/2023\/02\/1bbfba1a-0265-4bf0-bebe-2361af5ecb3e-1024x683.jpg 1024w, https:\/\/tdv.org\/tr-TR\/wp-content\/uploads\/2023\/02\/1bbfba1a-0265-4bf0-bebe-2361af5ecb3e-768x512.jpg 768w, https:\/\/tdv.org\/tr-TR\/wp-content\/uploads\/2023\/02\/1bbfba1a-0265-4bf0-bebe-2361af5ecb3e-900x600.jpg 900w\" sizes=\"(max-width: 1346px) 100vw, 1346px\" \/><\/a>\n\t\t\t<\/dt><\/dl><dl class='gallery-item'>\n\t\t\t<dt class='gallery-icon landscape'>\n\t\t\t\t<a href='https:\/\/tdv.org\/tr-TR\/wp-content\/uploads\/2023\/02\/4b4ce38e-8c9a-4633-ac02-deb29a75eff6.jpg'><img decoding=\"async\" width=\"1346\" height=\"898\" src=\"https:\/\/tdv.org\/tr-TR\/wp-content\/uploads\/2023\/02\/4b4ce38e-8c9a-4633-ac02-deb29a75eff6.jpg\" class=\"attachment-full size-full\" alt=\"\" srcset=\"https:\/\/tdv.org\/tr-TR\/wp-content\/uploads\/2023\/02\/4b4ce38e-8c9a-4633-ac02-deb29a75eff6.jpg 1346w, https:\/\/tdv.org\/tr-TR\/wp-content\/uploads\/2023\/02\/4b4ce38e-8c9a-4633-ac02-deb29a75eff6-300x200.jpg 300w, https:\/\/tdv.org\/tr-TR\/wp-content\/uploads\/2023\/02\/4b4ce38e-8c9a-4633-ac02-deb29a75eff6-1024x683.jpg 1024w, https:\/\/tdv.org\/tr-TR\/wp-content\/uploads\/2023\/02\/4b4ce38e-8c9a-4633-ac02-deb29a75eff6-768x512.jpg 768w, https:\/\/tdv.org\/tr-TR\/wp-content\/uploads\/2023\/02\/4b4ce38e-8c9a-4633-ac02-deb29a75eff6-900x600.jpg 900w\" sizes=\"(max-width: 1346px) 100vw, 1346px\" \/><\/a>\n\t\t\t<\/dt><\/dl><dl class='gallery-item'>\n\t\t\t<dt class='gallery-icon landscape'>\n\t\t\t\t<a href='https:\/\/tdv.org\/tr-TR\/wp-content\/uploads\/2023\/02\/07332cef-89aa-4ad8-9c23-5376ff4c31c8.jpg'><img decoding=\"async\" width=\"1347\" height=\"898\" src=\"https:\/\/tdv.org\/tr-TR\/wp-content\/uploads\/2023\/02\/07332cef-89aa-4ad8-9c23-5376ff4c31c8.jpg\" class=\"attachment-full size-full\" alt=\"\" srcset=\"https:\/\/tdv.org\/tr-TR\/wp-content\/uploads\/2023\/02\/07332cef-89aa-4ad8-9c23-5376ff4c31c8.jpg 1347w, https:\/\/tdv.org\/tr-TR\/wp-content\/uploads\/2023\/02\/07332cef-89aa-4ad8-9c23-5376ff4c31c8-300x200.jpg 300w, https:\/\/tdv.org\/tr-TR\/wp-content\/uploads\/2023\/02\/07332cef-89aa-4ad8-9c23-5376ff4c31c8-1024x683.jpg 1024w, https:\/\/tdv.org\/tr-TR\/wp-content\/uploads\/2023\/02\/07332cef-89aa-4ad8-9c23-5376ff4c31c8-768x512.jpg 768w, https:\/\/tdv.org\/tr-TR\/wp-content\/uploads\/2023\/02\/07332cef-89aa-4ad8-9c23-5376ff4c31c8-900x600.jpg 900w\" sizes=\"(max-width: 1347px) 100vw, 1347px\" \/><\/a>\n\t\t\t<\/dt><\/dl><br style=\"clear: both\" \/>\n\t\t<\/div>\n\n","protected":false},"excerpt":{"rendered":"<p>Kahramanmara\u015f merkezli depremlerin ard\u0131ndan yaralar\u0131n sar\u0131lmas\u0131 i\u00e7in ilk g\u00fcnden itibaren 11 ilde AFAD koordinesinde faaliyet g\u00f6steren T\u00fcrkiye Diyanet Vakf\u0131, depremzedelerin bar\u0131nma, g\u0131da, mescit, oyun alan\u0131 gibi bir\u00e7ok ihtiyac\u0131n\u0131 kar\u015f\u0131layarak g\u00f6n\u00fcllere&#8230;<\/p>\n","protected":false},"author":7,"featured_media":30621,"comment_status":"open","ping_status":"closed","sticky":false,"template":"","format":"standard","meta":{"footnotes":""},"categories":[1],"tags":[504,897,556,2088,2087,478],"class_list":{"0":"post-30615","1":"post","2":"type-post","3":"status-publish","4":"format-standard","5":"has-post-thumbnail","7":"category-haberler","8":"tag-deprem","9":"tag-hatay","10":"tag-kahramanmaras","11":"tag-saracagiz","12":"tag-yaralar","13":"tag-yardim"},"yoast_head":"<!-- This site is optimized with the Yoast SEO plugin v27.5 - https:\/\/yoast.com\/product\/yoast-seo-wordpress\/ -->\n<title>T\u00fcrkiye Diyanet Vakf\u0131 depremzedelerin yaralar\u0131n\u0131 sar\u0131yor<\/title>\n<meta name=\"description\" content=\"Kahramanmara\u015f merkezli depremlerin ard\u0131ndan yaralar\u0131n sar\u0131lmas\u0131 i\u00e7in ilk g\u00fcnden itibaren 11 ilde AFAD koordinesinde faaliyet g\u00f6steren T\u00fcrkiye Diyanet Vakf\u0131, depremzedelerin bar\u0131nma, g\u0131da, mescit, oyun alan\u0131 gibi bir\u00e7ok ihtiyac\u0131n\u0131 kar\u015f\u0131layarak g\u00f6n\u00fcllere dokunuyor.\" \/>\n<meta name=\"robots\" content=\"index, follow, max-snippet:-1, max-image-preview:large, max-video-preview:-1\" \/>\n<link rel=\"canonical\" href=\"https:\/\/tdv.org\/tr-TR\/turkiye-diyanet-vakfi-depremzedelerin-yaralarini-sariyor\/\" \/>\n<meta property=\"og:locale\" content=\"tr_TR\" \/>\n<meta property=\"og:type\" content=\"article\" \/>\n<meta property=\"og:title\" content=\"T\u00fcrkiye Diyanet Vakf\u0131 depremzedelerin yaralar\u0131n\u0131 sar\u0131yor\" \/>\n<meta property=\"og:description\" content=\"Kahramanmara\u015f merkezli depremlerin ard\u0131ndan yaralar\u0131n sar\u0131lmas\u0131 i\u00e7in ilk g\u00fcnden itibaren 11 ilde AFAD koordinesinde faaliyet g\u00f6steren T\u00fcrkiye Diyanet Vakf\u0131, depremzedelerin bar\u0131nma, g\u0131da, mescit, oyun alan\u0131 gibi bir\u00e7ok ihtiyac\u0131n\u0131 kar\u015f\u0131layarak g\u00f6n\u00fcllere dokunuyor.\" \/>\n<meta property=\"og:url\" content=\"https:\/\/tdv.org\/tr-TR\/turkiye-diyanet-vakfi-depremzedelerin-yaralarini-sariyor\/\" \/>\n<meta property=\"og:site_name\" content=\"T\u00fcrkiye Diyanet Vakf\u0131 Resmi Web Sitesi\" \/>\n<meta property=\"article:publisher\" content=\"https:\/\/www.facebook.com\/Diyanetvakfi\/\" \/>\n<meta property=\"article:published_time\" content=\"2023-02-26T10:40:19+00:00\" \/>\n<meta property=\"og:image\" content=\"https:\/\/tdv.org\/tr-TR\/wp-content\/uploads\/2023\/02\/1bbfba1a-0265-4bf0-bebe-2361af5ecb3e.jpg\" \/>\n\t<meta property=\"og:image:width\" content=\"1346\" \/>\n\t<meta property=\"og:image:height\" content=\"898\" \/>\n\t<meta property=\"og:image:type\" content=\"image\/jpeg\" \/>\n<meta name=\"author\" content=\"U\u011fur\" \/>\n<meta name=\"twitter:card\" content=\"summary_large_image\" \/>\n<meta name=\"twitter:creator\" content=\"@DiyanetVakfi\" \/>\n<meta name=\"twitter:site\" content=\"@DiyanetVakfi\" \/>\n<script type=\"application\/ld+json\" class=\"yoast-schema-graph\">{\"@context\":\"https:\\\/\\\/schema.org\",\"@graph\":[{\"@type\":\"Article\",\"@id\":\"https:\\\/\\\/tdv.org\\\/tr-TR\\\/turkiye-diyanet-vakfi-depremzedelerin-yaralarini-sariyor\\\/#article\",\"isPartOf\":{\"@id\":\"https:\\\/\\\/tdv.org\\\/tr-TR\\\/turkiye-diyanet-vakfi-depremzedelerin-yaralarini-sariyor\\\/\"},\"author\":{\"name\":\"U\u011fur\",\"@id\":\"https:\\\/\\\/tdv.org\\\/tr-TR\\\/#\\\/schema\\\/person\\\/8dcf742852c4614c6fdadb92da159c05\"},\"headline\":\"T\u00fcrkiye Diyanet Vakf\u0131 depremzedelerin yaralar\u0131n\u0131 sar\u0131yor\",\"datePublished\":\"2023-02-26T10:40:19+00:00\",\"mainEntityOfPage\":{\"@id\":\"https:\\\/\\\/tdv.org\\\/tr-TR\\\/turkiye-diyanet-vakfi-depremzedelerin-yaralarini-sariyor\\\/\"},\"wordCount\":263,\"commentCount\":0,\"publisher\":{\"@id\":\"https:\\\/\\\/tdv.org\\\/tr-TR\\\/#organization\"},\"image\":{\"@id\":\"https:\\\/\\\/tdv.org\\\/tr-TR\\\/turkiye-diyanet-vakfi-depremzedelerin-yaralarini-sariyor\\\/#primaryimage\"},\"thumbnailUrl\":\"https:\\\/\\\/tdv.org\\\/tr-TR\\\/wp-content\\\/uploads\\\/2023\\\/02\\\/1bbfba1a-0265-4bf0-bebe-2361af5ecb3e.jpg\",\"keywords\":[\"Deprem\",\"hatay\",\"Kahramanmara\u015f\",\"saraca\u011f\u0131z\",\"yaralar\",\"yard\u0131m\"],\"articleSection\":[\"Haberler\"],\"inLanguage\":\"tr\",\"potentialAction\":[{\"@type\":\"CommentAction\",\"name\":\"Comment\",\"target\":[\"https:\\\/\\\/tdv.org\\\/tr-TR\\\/turkiye-diyanet-vakfi-depremzedelerin-yaralarini-sariyor\\\/#respond\"]}]},{\"@type\":\"WebPage\",\"@id\":\"https:\\\/\\\/tdv.org\\\/tr-TR\\\/turkiye-diyanet-vakfi-depremzedelerin-yaralarini-sariyor\\\/\",\"url\":\"https:\\\/\\\/tdv.org\\\/tr-TR\\\/turkiye-diyanet-vakfi-depremzedelerin-yaralarini-sariyor\\\/\",\"name\":\"T\u00fcrkiye Diyanet Vakf\u0131 depremzedelerin yaralar\u0131n\u0131 sar\u0131yor\",\"isPartOf\":{\"@id\":\"https:\\\/\\\/tdv.org\\\/tr-TR\\\/#website\"},\"primaryImageOfPage\":{\"@id\":\"https:\\\/\\\/tdv.org\\\/tr-TR\\\/turkiye-diyanet-vakfi-depremzedelerin-yaralarini-sariyor\\\/#primaryimage\"},\"image\":{\"@id\":\"https:\\\/\\\/tdv.org\\\/tr-TR\\\/turkiye-diyanet-vakfi-depremzedelerin-yaralarini-sariyor\\\/#primaryimage\"},\"thumbnailUrl\":\"https:\\\/\\\/tdv.org\\\/tr-TR\\\/wp-content\\\/uploads\\\/2023\\\/02\\\/1bbfba1a-0265-4bf0-bebe-2361af5ecb3e.jpg\",\"datePublished\":\"2023-02-26T10:40:19+00:00\",\"description\":\"Kahramanmara\u015f merkezli depremlerin ard\u0131ndan yaralar\u0131n sar\u0131lmas\u0131 i\u00e7in ilk g\u00fcnden itibaren 11 ilde AFAD koordinesinde faaliyet g\u00f6steren T\u00fcrkiye Diyanet Vakf\u0131, depremzedelerin bar\u0131nma, g\u0131da, mescit, oyun alan\u0131 gibi bir\u00e7ok ihtiyac\u0131n\u0131 kar\u015f\u0131layarak g\u00f6n\u00fcllere dokunuyor.\",\"breadcrumb\":{\"@id\":\"https:\\\/\\\/tdv.org\\\/tr-TR\\\/turkiye-diyanet-vakfi-depremzedelerin-yaralarini-sariyor\\\/#breadcrumb\"},\"inLanguage\":\"tr\",\"potentialAction\":[{\"@type\":\"ReadAction\",\"target\":[\"https:\\\/\\\/tdv.org\\\/tr-TR\\\/turkiye-diyanet-vakfi-depremzedelerin-yaralarini-sariyor\\\/\"]}]},{\"@type\":\"ImageObject\",\"inLanguage\":\"tr\",\"@id\":\"https:\\\/\\\/tdv.org\\\/tr-TR\\\/turkiye-diyanet-vakfi-depremzedelerin-yaralarini-sariyor\\\/#primaryimage\",\"url\":\"https:\\\/\\\/tdv.org\\\/tr-TR\\\/wp-content\\\/uploads\\\/2023\\\/02\\\/1bbfba1a-0265-4bf0-bebe-2361af5ecb3e.jpg\",\"contentUrl\":\"https:\\\/\\\/tdv.org\\\/tr-TR\\\/wp-content\\\/uploads\\\/2023\\\/02\\\/1bbfba1a-0265-4bf0-bebe-2361af5ecb3e.jpg\",\"width\":1346,\"height\":898},{\"@type\":\"BreadcrumbList\",\"@id\":\"https:\\\/\\\/tdv.org\\\/tr-TR\\\/turkiye-diyanet-vakfi-depremzedelerin-yaralarini-sariyor\\\/#breadcrumb\",\"itemListElement\":[{\"@type\":\"ListItem\",\"position\":1,\"name\":\"Anasayfa\",\"item\":\"https:\\\/\\\/tdv.org\\\/tr-TR\\\/\"},{\"@type\":\"ListItem\",\"position\":2,\"name\":\"T\u00fcrkiye Diyanet Vakf\u0131 depremzedelerin yaralar\u0131n\u0131 sar\u0131yor\"}]},{\"@type\":\"WebSite\",\"@id\":\"https:\\\/\\\/tdv.org\\\/tr-TR\\\/#website\",\"url\":\"https:\\\/\\\/tdv.org\\\/tr-TR\\\/\",\"name\":\"T\u00fcrkiye Diyanet Vakf\u0131 Resmi Web Sitesi\",\"description\":\"Yery\u00fcz\u00fcnde iyilik egemen oluncaya kadar\",\"publisher\":{\"@id\":\"https:\\\/\\\/tdv.org\\\/tr-TR\\\/#organization\"},\"alternateName\":\"T\u00fcrkiye Diyanet Vakf\u0131\",\"potentialAction\":[{\"@type\":\"SearchAction\",\"target\":{\"@type\":\"EntryPoint\",\"urlTemplate\":\"https:\\\/\\\/tdv.org\\\/tr-TR\\\/?s={search_term_string}\"},\"query-input\":{\"@type\":\"PropertyValueSpecification\",\"valueRequired\":true,\"valueName\":\"search_term_string\"}}],\"inLanguage\":\"tr\"},{\"@type\":\"Organization\",\"@id\":\"https:\\\/\\\/tdv.org\\\/tr-TR\\\/#organization\",\"name\":\"T\u00fcrkiye Diyanet Vakf\u0131\",\"alternateName\":\"T\u00fcrkiye Diyanet Vakf\u0131\",\"url\":\"https:\\\/\\\/tdv.org\\\/tr-TR\\\/\",\"logo\":{\"@type\":\"ImageObject\",\"inLanguage\":\"tr\",\"@id\":\"https:\\\/\\\/tdv.org\\\/tr-TR\\\/#\\\/schema\\\/logo\\\/image\\\/\",\"url\":\"https:\\\/\\\/tdv.org\\\/tr-TR\\\/wp-content\\\/uploads\\\/2018\\\/12\\\/TDV_Logo_1.png\",\"contentUrl\":\"https:\\\/\\\/tdv.org\\\/tr-TR\\\/wp-content\\\/uploads\\\/2018\\\/12\\\/TDV_Logo_1.png\",\"width\":207,\"height\":71,\"caption\":\"T\u00fcrkiye Diyanet Vakf\u0131\"},\"image\":{\"@id\":\"https:\\\/\\\/tdv.org\\\/tr-TR\\\/#\\\/schema\\\/logo\\\/image\\\/\"},\"sameAs\":[\"https:\\\/\\\/www.facebook.com\\\/Diyanetvakfi\\\/\",\"https:\\\/\\\/x.com\\\/DiyanetVakfi\",\"https:\\\/\\\/www.instagram.com\\\/turkiyediyanetvakfi\\\/\",\"https:\\\/\\\/www.youtube.com\\\/user\\\/TurkiyeDiyanetVakfi\"]},{\"@type\":\"Person\",\"@id\":\"https:\\\/\\\/tdv.org\\\/tr-TR\\\/#\\\/schema\\\/person\\\/8dcf742852c4614c6fdadb92da159c05\",\"name\":\"U\u011fur\",\"image\":{\"@type\":\"ImageObject\",\"inLanguage\":\"tr\",\"@id\":\"https:\\\/\\\/tdv.org\\\/tr-TR\\\/wp-content\\\/litespeed\\\/avatar\\\/b970c0eba1124f8268544e2640bfa964.jpg?ver=1777289940\",\"url\":\"https:\\\/\\\/tdv.org\\\/tr-TR\\\/wp-content\\\/litespeed\\\/avatar\\\/b970c0eba1124f8268544e2640bfa964.jpg?ver=1777289940\",\"contentUrl\":\"https:\\\/\\\/tdv.org\\\/tr-TR\\\/wp-content\\\/litespeed\\\/avatar\\\/b970c0eba1124f8268544e2640bfa964.jpg?ver=1777289940\",\"caption\":\"U\u011fur\"}}]}<\/script>\n<!-- \/ Yoast SEO plugin. -->","yoast_head_json":{"title":"T\u00fcrkiye Diyanet Vakf\u0131 depremzedelerin yaralar\u0131n\u0131 sar\u0131yor","description":"Kahramanmara\u015f merkezli depremlerin ard\u0131ndan yaralar\u0131n sar\u0131lmas\u0131 i\u00e7in ilk g\u00fcnden itibaren 11 ilde AFAD koordinesinde faaliyet g\u00f6steren T\u00fcrkiye Diyanet Vakf\u0131, depremzedelerin bar\u0131nma, g\u0131da, mescit, oyun alan\u0131 gibi bir\u00e7ok ihtiyac\u0131n\u0131 kar\u015f\u0131layarak g\u00f6n\u00fcllere dokunuyor.","robots":{"index":"index","follow":"follow","max-snippet":"max-snippet:-1","max-image-preview":"max-image-preview:large","max-video-preview":"max-video-preview:-1"},"canonical":"https:\/\/tdv.org\/tr-TR\/turkiye-diyanet-vakfi-depremzedelerin-yaralarini-sariyor\/","og_locale":"tr_TR","og_type":"article","og_title":"T\u00fcrkiye Diyanet Vakf\u0131 depremzedelerin yaralar\u0131n\u0131 sar\u0131yor","og_description":"Kahramanmara\u015f merkezli depremlerin ard\u0131ndan yaralar\u0131n sar\u0131lmas\u0131 i\u00e7in ilk g\u00fcnden itibaren 11 ilde AFAD koordinesinde faaliyet g\u00f6steren T\u00fcrkiye Diyanet Vakf\u0131, depremzedelerin bar\u0131nma, g\u0131da, mescit, oyun alan\u0131 gibi bir\u00e7ok ihtiyac\u0131n\u0131 kar\u015f\u0131layarak g\u00f6n\u00fcllere dokunuyor.","og_url":"https:\/\/tdv.org\/tr-TR\/turkiye-diyanet-vakfi-depremzedelerin-yaralarini-sariyor\/","og_site_name":"T\u00fcrkiye Diyanet Vakf\u0131 Resmi Web Sitesi","article_publisher":"https:\/\/www.facebook.com\/Diyanetvakfi\/","article_published_time":"2023-02-26T10:40:19+00:00","og_image":[{"width":1346,"height":898,"url":"https:\/\/tdv.org\/tr-TR\/wp-content\/uploads\/2023\/02\/1bbfba1a-0265-4bf0-bebe-2361af5ecb3e.jpg","type":"image\/jpeg"}],"author":"U\u011fur","twitter_card":"summary_large_image","twitter_creator":"@DiyanetVakfi","twitter_site":"@DiyanetVakfi","schema":{"@context":"https:\/\/schema.org","@graph":[{"@type":"Article","@id":"https:\/\/tdv.org\/tr-TR\/turkiye-diyanet-vakfi-depremzedelerin-yaralarini-sariyor\/#article","isPartOf":{"@id":"https:\/\/tdv.org\/tr-TR\/turkiye-diyanet-vakfi-depremzedelerin-yaralarini-sariyor\/"},"author":{"name":"U\u011fur","@id":"https:\/\/tdv.org\/tr-TR\/#\/schema\/person\/8dcf742852c4614c6fdadb92da159c05"},"headline":"T\u00fcrkiye Diyanet Vakf\u0131 depremzedelerin yaralar\u0131n\u0131 sar\u0131yor","datePublished":"2023-02-26T10:40:19+00:00","mainEntityOfPage":{"@id":"https:\/\/tdv.org\/tr-TR\/turkiye-diyanet-vakfi-depremzedelerin-yaralarini-sariyor\/"},"wordCount":263,"commentCount":0,"publisher":{"@id":"https:\/\/tdv.org\/tr-TR\/#organization"},"image":{"@id":"https:\/\/tdv.org\/tr-TR\/turkiye-diyanet-vakfi-depremzedelerin-yaralarini-sariyor\/#primaryimage"},"thumbnailUrl":"https:\/\/tdv.org\/tr-TR\/wp-content\/uploads\/2023\/02\/1bbfba1a-0265-4bf0-bebe-2361af5ecb3e.jpg","keywords":["Deprem","hatay","Kahramanmara\u015f","saraca\u011f\u0131z","yaralar","yard\u0131m"],"articleSection":["Haberler"],"inLanguage":"tr","potentialAction":[{"@type":"CommentAction","name":"Comment","target":["https:\/\/tdv.org\/tr-TR\/turkiye-diyanet-vakfi-depremzedelerin-yaralarini-sariyor\/#respond"]}]},{"@type":"WebPage","@id":"https:\/\/tdv.org\/tr-TR\/turkiye-diyanet-vakfi-depremzedelerin-yaralarini-sariyor\/","url":"https:\/\/tdv.org\/tr-TR\/turkiye-diyanet-vakfi-depremzedelerin-yaralarini-sariyor\/","name":"T\u00fcrkiye Diyanet Vakf\u0131 depremzedelerin yaralar\u0131n\u0131 sar\u0131yor","isPartOf":{"@id":"https:\/\/tdv.org\/tr-TR\/#website"},"primaryImageOfPage":{"@id":"https:\/\/tdv.org\/tr-TR\/turkiye-diyanet-vakfi-depremzedelerin-yaralarini-sariyor\/#primaryimage"},"image":{"@id":"https:\/\/tdv.org\/tr-TR\/turkiye-diyanet-vakfi-depremzedelerin-yaralarini-sariyor\/#primaryimage"},"thumbnailUrl":"https:\/\/tdv.org\/tr-TR\/wp-content\/uploads\/2023\/02\/1bbfba1a-0265-4bf0-bebe-2361af5ecb3e.jpg","datePublished":"2023-02-26T10:40:19+00:00","description":"Kahramanmara\u015f merkezli depremlerin ard\u0131ndan yaralar\u0131n sar\u0131lmas\u0131 i\u00e7in ilk g\u00fcnden itibaren 11 ilde AFAD koordinesinde faaliyet g\u00f6steren T\u00fcrkiye Diyanet Vakf\u0131, depremzedelerin bar\u0131nma, g\u0131da, mescit, oyun alan\u0131 gibi bir\u00e7ok ihtiyac\u0131n\u0131 kar\u015f\u0131layarak g\u00f6n\u00fcllere dokunuyor.","breadcrumb":{"@id":"https:\/\/tdv.org\/tr-TR\/turkiye-diyanet-vakfi-depremzedelerin-yaralarini-sariyor\/#breadcrumb"},"inLanguage":"tr","potentialAction":[{"@type":"ReadAction","target":["https:\/\/tdv.org\/tr-TR\/turkiye-diyanet-vakfi-depremzedelerin-yaralarini-sariyor\/"]}]},{"@type":"ImageObject","inLanguage":"tr","@id":"https:\/\/tdv.org\/tr-TR\/turkiye-diyanet-vakfi-depremzedelerin-yaralarini-sariyor\/#primaryimage","url":"https:\/\/tdv.org\/tr-TR\/wp-content\/uploads\/2023\/02\/1bbfba1a-0265-4bf0-bebe-2361af5ecb3e.jpg","contentUrl":"https:\/\/tdv.org\/tr-TR\/wp-content\/uploads\/2023\/02\/1bbfba1a-0265-4bf0-bebe-2361af5ecb3e.jpg","width":1346,"height":898},{"@type":"BreadcrumbList","@id":"https:\/\/tdv.org\/tr-TR\/turkiye-diyanet-vakfi-depremzedelerin-yaralarini-sariyor\/#breadcrumb","itemListElement":[{"@type":"ListItem","position":1,"name":"Anasayfa","item":"https:\/\/tdv.org\/tr-TR\/"},{"@type":"ListItem","position":2,"name":"T\u00fcrkiye Diyanet Vakf\u0131 depremzedelerin yaralar\u0131n\u0131 sar\u0131yor"}]},{"@type":"WebSite","@id":"https:\/\/tdv.org\/tr-TR\/#website","url":"https:\/\/tdv.org\/tr-TR\/","name":"T\u00fcrkiye Diyanet Vakf\u0131 Resmi Web Sitesi","description":"Yery\u00fcz\u00fcnde iyilik egemen oluncaya kadar","publisher":{"@id":"https:\/\/tdv.org\/tr-TR\/#organization"},"alternateName":"T\u00fcrkiye Diyanet Vakf\u0131","potentialAction":[{"@type":"SearchAction","target":{"@type":"EntryPoint","urlTemplate":"https:\/\/tdv.org\/tr-TR\/?s={search_term_string}"},"query-input":{"@type":"PropertyValueSpecification","valueRequired":true,"valueName":"search_term_string"}}],"inLanguage":"tr"},{"@type":"Organization","@id":"https:\/\/tdv.org\/tr-TR\/#organization","name":"T\u00fcrkiye Diyanet Vakf\u0131","alternateName":"T\u00fcrkiye Diyanet Vakf\u0131","url":"https:\/\/tdv.org\/tr-TR\/","logo":{"@type":"ImageObject","inLanguage":"tr","@id":"https:\/\/tdv.org\/tr-TR\/#\/schema\/logo\/image\/","url":"https:\/\/tdv.org\/tr-TR\/wp-content\/uploads\/2018\/12\/TDV_Logo_1.png","contentUrl":"https:\/\/tdv.org\/tr-TR\/wp-content\/uploads\/2018\/12\/TDV_Logo_1.png","width":207,"height":71,"caption":"T\u00fcrkiye Diyanet Vakf\u0131"},"image":{"@id":"https:\/\/tdv.org\/tr-TR\/#\/schema\/logo\/image\/"},"sameAs":["https:\/\/www.facebook.com\/Diyanetvakfi\/","https:\/\/x.com\/DiyanetVakfi","https:\/\/www.instagram.com\/turkiyediyanetvakfi\/","https:\/\/www.youtube.com\/user\/TurkiyeDiyanetVakfi"]},{"@type":"Person","@id":"https:\/\/tdv.org\/tr-TR\/#\/schema\/person\/8dcf742852c4614c6fdadb92da159c05","name":"U\u011fur","image":{"@type":"ImageObject","inLanguage":"tr","@id":"https:\/\/tdv.org\/tr-TR\/wp-content\/litespeed\/avatar\/b970c0eba1124f8268544e2640bfa964.jpg?ver=1777289940","url":"https:\/\/tdv.org\/tr-TR\/wp-content\/litespeed\/avatar\/b970c0eba1124f8268544e2640bfa964.jpg?ver=1777289940","contentUrl":"https:\/\/tdv.org\/tr-TR\/wp-content\/litespeed\/avatar\/b970c0eba1124f8268544e2640bfa964.jpg?ver=1777289940","caption":"U\u011fur"}}]}},"_links":{"self":[{"href":"https:\/\/tdv.org\/tr-TR\/wp-json\/wp\/v2\/posts\/30615","targetHints":{"allow":["GET"]}}],"collection":[{"href":"https:\/\/tdv.org\/tr-TR\/wp-json\/wp\/v2\/posts"}],"about":[{"href":"https:\/\/tdv.org\/tr-TR\/wp-json\/wp\/v2\/types\/post"}],"author":[{"embeddable":true,"href":"https:\/\/tdv.org\/tr-TR\/wp-json\/wp\/v2\/users\/7"}],"replies":[{"embeddable":true,"href":"https:\/\/tdv.org\/tr-TR\/wp-json\/wp\/v2\/comments?post=30615"}],"version-history":[{"count":2,"href":"https:\/\/tdv.org\/tr-TR\/wp-json\/wp\/v2\/posts\/30615\/revisions"}],"predecessor-version":[{"id":30624,"href":"https:\/\/tdv.org\/tr-TR\/wp-json\/wp\/v2\/posts\/30615\/revisions\/30624"}],"wp:featuredmedia":[{"embeddable":true,"href":"https:\/\/tdv.org\/tr-TR\/wp-json\/wp\/v2\/media\/30621"}],"wp:attachment":[{"href":"https:\/\/tdv.org\/tr-TR\/wp-json\/wp\/v2\/media?parent=30615"}],"wp:term":[{"taxonomy":"category","embeddable":true,"href":"https:\/\/tdv.org\/tr-TR\/wp-json\/wp\/v2\/categories?post=30615"},{"taxonomy":"post_tag","embeddable":true,"href":"https:\/\/tdv.org\/tr-TR\/wp-json\/wp\/v2\/tags?post=30615"}],"curies":[{"name":"wp","href":"https:\/\/api.w.org\/{rel}","templated":true}]}}