{"id":30794,"date":"2023-03-04T11:22:55","date_gmt":"2023-03-04T08:22:55","guid":{"rendered":"https:\/\/tdv.org\/tr-TR\/?p=30794"},"modified":"2023-03-04T11:23:44","modified_gmt":"2023-03-04T08:23:44","slug":"kadin-sanatcilarin-eserleri-depremzedeler-icin-sergileniyor","status":"publish","type":"post","link":"https:\/\/tdv.org\/tr-TR\/kadin-sanatcilarin-eserleri-depremzedeler-icin-sergileniyor\/","title":{"rendered":"Kad\u0131n sanat\u00e7\u0131lar\u0131n eserleri depremzedeler i\u00e7in sergileniyor"},"content":{"rendered":"<p style=\"text-align: justify;\">D\u00fcnya Kad\u0131nlar G\u00fcn\u00fc dolay\u0131s\u0131yla 53 sanat\u00e7\u0131n\u0131n 70 eseriyle haz\u0131rlanan karma serginin geliri, 6 \u015eubat&#8217;taki Kahramanmara\u015f merkezli depremlerden etkilenen afetzedelere ba\u011f\u0131\u015flanacak.<\/p>\n<p style=\"text-align: justify;\">T\u00fcrkiye\u00a0Diyanet\u00a0Vakf\u0131 (TDV) \u0130stanbul G\u00f6n\u00fcll\u00fc Koordinat\u00f6rl\u00fc\u011f\u00fc taraf\u0131ndan ger\u00e7ekle\u015ftirilen sergi, Zeytinburnu K\u00fclt\u00fcr ve Sanat Merkezi&#8217;nde sanatseverlerle bulu\u015ftu.<\/p>\n<p style=\"text-align: justify;\">TDV \u0130stanbul G\u00f6n\u00fcll\u00fc Koordinat\u00f6r\u00fc Meral G\u00fcnel, sergiye ili\u015fkin yapt\u0131\u011f\u0131 a\u00e7\u0131klamada 8 Mart D\u00fcnya Kad\u0131nlar G\u00fcn\u00fc dolay\u0131s\u0131yla \u0130stanbul M\u00fcft\u00fcl\u00fc\u011f\u00fc taraf\u0131ndan ba\u015flat\u0131lan programa dahil olarak sergiyi d\u00fczenlediklerini s\u00f6yledi.<\/p>\n<p style=\"text-align: justify;\">Sergide g\u00f6n\u00fcll\u00fc sanat\u00e7\u0131lar\u0131n eserlerinin yer ald\u0131\u011f\u0131n\u0131 dile getiren G\u00fcnel, &#8220;Bug\u00fcn burada 53 kad\u0131n sanat\u00e7\u0131m\u0131z\u0131n toplam 70 eserini sergiliyoruz. Eserlerimiz karma \u00e7al\u0131\u015fmalardan olu\u015fuyor. Ebru, tezhip, hat, minyat\u00fcr gibi klasik sanatlar\u0131m\u0131z\u0131n yan\u0131nda pouring, r\u00f6lyef ve filografi gibi modern sanatlara da bir alan a\u00e7t\u0131k.&#8221; dedi.<\/p>\n<p style=\"text-align: justify;\"><strong>&#8220;\u0130yili\u011fin farkl\u0131 bir kap\u0131s\u0131n\u0131n a\u00e7\u0131lmas\u0131n\u0131 arzu ettik&#8221;<\/strong><\/p>\n<p style=\"text-align: justify;\">TDV&#8217;nin deprem b\u00f6lgesinde ger\u00e7ekle\u015ftirdi\u011fi \u00e7al\u0131\u015fmalara ili\u015fkin bilgi veren G\u00fcnel, ilk \u00f6nce sergiye destek \u00e7a\u011fr\u0131s\u0131 yapt\u0131klar\u0131n\u0131, sanat\u00e7\u0131lar\u0131n da sat\u0131\u015f \u00fccretlerinin tamam\u0131 veya bir k\u0131sm\u0131 ba\u011f\u0131\u015flanmak \u00fczere eserlerini g\u00f6nderdiklerini, elde edilen gelirin tamam\u0131n\u0131n vak\u0131f arac\u0131l\u0131\u011f\u0131yla afet b\u00f6lgelerindeki yard\u0131m \u00e7al\u0131\u015fmalar\u0131na iletilece\u011fini aktard\u0131.<\/p>\n<p style=\"text-align: justify;\">Meral G\u00fcnel, TDV&#8217;nin depremzedeler i\u00e7in AFAD ile i\u015fbirli\u011fi halinde \u00e7al\u0131\u015fmalar\u0131na devam etti\u011fini anlatarak \u015funlar\u0131 kaydetti:<br \/>\n&#8220;B\u00f6lgeye kar\u015f\u0131 b\u00fct\u00fcn insanlar\u0131m\u0131zda olu\u015fan bir hassasiyet ve duyarl\u0131l\u0131k var. Herkesin do\u011frudan para g\u00f6nderme imkan\u0131 olmayabilir, do\u011frudan oraya gidip orada \u00e7al\u0131\u015fma imkan\u0131 da olmayabilir. Sanatla u\u011fra\u015fan, sanat\u00e7\u0131 duyarl\u0131l\u0131\u011f\u0131na sahip olan fakat b\u00f6lgeye gitme imkan\u0131 olmayan arkada\u015flar\u0131m\u0131za da iyili\u011fin farkl\u0131 bir kap\u0131s\u0131n\u0131n a\u00e7\u0131lmas\u0131n\u0131 arzu ettik. \u0130\u00e7lerindeki &#8216;Biz ne yapabiliriz?&#8217; sorusuna b\u00f6yle bir cevap olabilece\u011fini d\u00fc\u015f\u00fcnd\u00fck. Sonu\u00e7ta burada gerek sanat eserlerini \u00fcreten arkada\u015flar\u0131m\u0131z gerekse bu eserleri almak suretiyle destek veren sanatsever dostlar\u0131m\u0131z, dolayl\u0131 yoldan bir iyilik \u00e7al\u0131\u015fmas\u0131na katk\u0131da bulunmu\u015f olacaklar.&#8221;<\/p>\n<p style=\"text-align: justify;\">Sanat\u00e7\u0131lar\u0131n sat\u0131lan eserlerin yerine yeni eserler ba\u011f\u0131\u015flamaya da haz\u0131r olduklar\u0131n\u0131 belirten G\u00fcnel, &#8220;Sat\u0131lan eserlerin yerine yenileri konulacak. Bu t\u00fcr \u00e7al\u0131\u015fmalar\u0131n bereketiyle gelece\u011fine inan\u0131yoruz. Biz bir ad\u0131m at\u0131yoruz, Cenab\u0131hak in\u015fallah bize on ad\u0131mla kar\u015f\u0131l\u0131k verecek.&#8221; de\u011ferlendirmesinde bulundu.<\/p>\n<p style=\"text-align: justify;\"><strong>&#8220;Ac\u0131 hepimizin ac\u0131s\u0131, sadece o b\u00f6lgenin de\u011fil&#8221;<\/strong><\/p>\n<p style=\"text-align: justify;\">TDV \u0130stanbul G\u00f6n\u00fcll\u00fc Koordinat\u00f6rl\u00fc\u011f\u00fc Sanat Dan\u0131\u015fman\u0131 Hacer S\u00f6nmez ise sergiyi depremzedeler hayr\u0131na g\u00f6n\u00fcll\u00fc sanat\u00e7\u0131lar\u0131n eserlerinden olu\u015fturduklar\u0131n\u0131 s\u00f6yledi.<\/p>\n<p style=\"text-align: justify;\">Sergide sat\u0131\u015f bedeli 100 bin lira olarak belirlenen bir tezhip tablosunun da yer ald\u0131\u011f\u0131n\u0131 dile getiren S\u00f6nmez, &#8220;Kanuni Sultan S\u00fcleyman ile H\u00fcrrem Sultan&#8217;\u0131 anlatan bir eser. Kanuni Tu\u011fras\u0131 ve H\u00fcrrem&#8217;e yazd\u0131\u011f\u0131 bir \u015fiirden olu\u015fuyor. Kanuni m\u00fccevher sanat\u0131yla ilgilendi\u011fi i\u00e7in m\u00fccevheri de anlatan bir eser.&#8221; \u015feklinde konu\u015ftu.<\/p>\n<p style=\"text-align: justify;\">Depremzedelere sanatla destek olmak istediklerinin alt\u0131n\u0131 \u00e7izen tezhip sanat\u00e7\u0131s\u0131 S\u00f6nmez, &#8220;Ac\u0131 hepimizin ac\u0131s\u0131, sadece o b\u00f6lgenin ac\u0131s\u0131 de\u011fil.&#8221; ifadesini kulland\u0131.<\/p>\n<p style=\"text-align: justify;\">Hacer S\u00f6nmez, ba\u015flang\u0131\u00e7ta bu kadar kaliteli eserlerin gelece\u011fini hi\u00e7 ummad\u0131klar\u0131n\u0131 dile getirerek, &#8220;G\u00fczel tepkiler var. Hatta sanat\u00e7\u0131lar tekrar tekrar eser vermek istiyor. Bu da bizi mutlu ediyor.&#8221; diye konu\u015ftu.<\/p>\n<p style=\"text-align: justify;\"><strong>Eserler Taksim Camii K\u00fclt\u00fcr Sanat Merkezi&#8217;nde de sergilenecek<\/strong><\/p>\n<p style=\"text-align: justify;\">Sergide Sabriye \u015eentop, Hacer S\u00f6nmez, Asl\u0131 Baltac\u0131o\u011flu, Elif Baduk, Habibe G\u00f6ksal, Eda \u00d6zbekkangay, Merve K\u00f6sda\u011f, Beyza \u00dcnsal, Seyyide G\u00f6ksal, Amine \u015eani, Ay\u015fenur Kapusuz, Fatma \u0130ren, Hacer Topba\u015f Jamini ve Asiye Yaman&#8217;\u0131n da aras\u0131nda bulundu\u011fu sanat\u00e7\u0131lar\u0131n eserleri yer al\u0131yor.<\/p>\n<p style=\"text-align: justify;\">Ayr\u0131ca, Kur&#8217;an-\u0131 Kerim tilaveti, mevlit, ilahi ve dua program\u0131n\u0131n sunuldu\u011fu sergide,\u00a0Diyanet\u00a0\u0130\u015fleri Ba\u015fkanl\u0131\u011f\u0131 Aile ve Dini Rehberlik Daire Ba\u015fkan\u0131 Elif Arslan, do\u011fal afetlerde kad\u0131n\u0131n rol\u00fcn\u00fc anlatt\u0131\u011f\u0131 konu\u015fma yapt\u0131.<\/p>\n<p style=\"text-align: justify;\">Zeytinburnu K\u00fclt\u00fcr ve Sanat Merkezi&#8217;nde 6 Mart&#8217;a kadar ziyarete a\u00e7\u0131k olacak sergi, 8-15 Mart tarihlerinde de Taksim Camii K\u00fclt\u00fcr Sanat Merkezi&#8217;nde sanatseverlerin be\u011fenisine sunulacak.<\/p>\n\n\t\t<style type=\"text\/css\">\n\t\t\t#gallery-1 {\n\t\t\t\tmargin: auto;\n\t\t\t}\n\t\t\t#gallery-1 .gallery-item {\n\t\t\t\tfloat: left;\n\t\t\t\tmargin-top: 10px;\n\t\t\t\ttext-align: center;\n\t\t\t\twidth: 33%;\n\t\t\t}\n\t\t\t#gallery-1 img {\n\t\t\t\tborder: 2px solid #cfcfcf;\n\t\t\t}\n\t\t\t#gallery-1 .gallery-caption {\n\t\t\t\tmargin-left: 0;\n\t\t\t}\n\t\t\t\/* see gallery_shortcode() in wp-includes\/media.php *\/\n\t\t<\/style>\n\t\t<div id='gallery-1' class='gallery galleryid-30794 gallery-columns-3 gallery-size-full'><dl class='gallery-item'>\n\t\t\t<dt class='gallery-icon landscape'>\n\t\t\t\t<a href='https:\/\/tdv.org\/tr-TR\/wp-content\/uploads\/2023\/03\/1-1.jpg'><img decoding=\"async\" width=\"1916\" height=\"1080\" src=\"https:\/\/tdv.org\/tr-TR\/wp-content\/uploads\/2023\/03\/1-1.jpg\" class=\"attachment-full size-full\" alt=\"\" srcset=\"https:\/\/tdv.org\/tr-TR\/wp-content\/uploads\/2023\/03\/1-1.jpg 1916w, https:\/\/tdv.org\/tr-TR\/wp-content\/uploads\/2023\/03\/1-1-300x169.jpg 300w, https:\/\/tdv.org\/tr-TR\/wp-content\/uploads\/2023\/03\/1-1-1024x577.jpg 1024w, https:\/\/tdv.org\/tr-TR\/wp-content\/uploads\/2023\/03\/1-1-768x433.jpg 768w, https:\/\/tdv.org\/tr-TR\/wp-content\/uploads\/2023\/03\/1-1-1536x866.jpg 1536w\" sizes=\"(max-width: 1916px) 100vw, 1916px\" \/><\/a>\n\t\t\t<\/dt><\/dl><dl class='gallery-item'>\n\t\t\t<dt class='gallery-icon landscape'>\n\t\t\t\t<a href='https:\/\/tdv.org\/tr-TR\/wp-content\/uploads\/2023\/03\/2-1.jpg'><img decoding=\"async\" width=\"1916\" height=\"1080\" src=\"https:\/\/tdv.org\/tr-TR\/wp-content\/uploads\/2023\/03\/2-1.jpg\" class=\"attachment-full size-full\" alt=\"\" srcset=\"https:\/\/tdv.org\/tr-TR\/wp-content\/uploads\/2023\/03\/2-1.jpg 1916w, https:\/\/tdv.org\/tr-TR\/wp-content\/uploads\/2023\/03\/2-1-300x169.jpg 300w, https:\/\/tdv.org\/tr-TR\/wp-content\/uploads\/2023\/03\/2-1-1024x577.jpg 1024w, https:\/\/tdv.org\/tr-TR\/wp-content\/uploads\/2023\/03\/2-1-768x433.jpg 768w, https:\/\/tdv.org\/tr-TR\/wp-content\/uploads\/2023\/03\/2-1-1536x866.jpg 1536w\" sizes=\"(max-width: 1916px) 100vw, 1916px\" \/><\/a>\n\t\t\t<\/dt><\/dl><dl class='gallery-item'>\n\t\t\t<dt class='gallery-icon landscape'>\n\t\t\t\t<a href='https:\/\/tdv.org\/tr-TR\/wp-content\/uploads\/2023\/03\/3-1.jpg'><img decoding=\"async\" width=\"1916\" height=\"1080\" src=\"https:\/\/tdv.org\/tr-TR\/wp-content\/uploads\/2023\/03\/3-1.jpg\" class=\"attachment-full size-full\" alt=\"\" srcset=\"https:\/\/tdv.org\/tr-TR\/wp-content\/uploads\/2023\/03\/3-1.jpg 1916w, https:\/\/tdv.org\/tr-TR\/wp-content\/uploads\/2023\/03\/3-1-300x169.jpg 300w, https:\/\/tdv.org\/tr-TR\/wp-content\/uploads\/2023\/03\/3-1-1024x577.jpg 1024w, https:\/\/tdv.org\/tr-TR\/wp-content\/uploads\/2023\/03\/3-1-768x433.jpg 768w, https:\/\/tdv.org\/tr-TR\/wp-content\/uploads\/2023\/03\/3-1-1536x866.jpg 1536w\" sizes=\"(max-width: 1916px) 100vw, 1916px\" \/><\/a>\n\t\t\t<\/dt><\/dl><br style=\"clear: both\" \/><dl class='gallery-item'>\n\t\t\t<dt class='gallery-icon landscape'>\n\t\t\t\t<a href='https:\/\/tdv.org\/tr-TR\/wp-content\/uploads\/2023\/03\/4-1.jpg'><img decoding=\"async\" width=\"1916\" height=\"1080\" src=\"https:\/\/tdv.org\/tr-TR\/wp-content\/uploads\/2023\/03\/4-1.jpg\" class=\"attachment-full size-full\" alt=\"\" srcset=\"https:\/\/tdv.org\/tr-TR\/wp-content\/uploads\/2023\/03\/4-1.jpg 1916w, https:\/\/tdv.org\/tr-TR\/wp-content\/uploads\/2023\/03\/4-1-300x169.jpg 300w, https:\/\/tdv.org\/tr-TR\/wp-content\/uploads\/2023\/03\/4-1-1024x577.jpg 1024w, https:\/\/tdv.org\/tr-TR\/wp-content\/uploads\/2023\/03\/4-1-768x433.jpg 768w, https:\/\/tdv.org\/tr-TR\/wp-content\/uploads\/2023\/03\/4-1-1536x866.jpg 1536w\" sizes=\"(max-width: 1916px) 100vw, 1916px\" \/><\/a>\n\t\t\t<\/dt><\/dl><dl class='gallery-item'>\n\t\t\t<dt class='gallery-icon landscape'>\n\t\t\t\t<a href='https:\/\/tdv.org\/tr-TR\/wp-content\/uploads\/2023\/03\/AA-20230303-30461843-30461828-KADIN_SANATCILARIN_ESERLERI_DEPREMZEDELER_ICIN_SERGILENIYOR.jpg'><img decoding=\"async\" width=\"1916\" height=\"1080\" src=\"https:\/\/tdv.org\/tr-TR\/wp-content\/uploads\/2023\/03\/AA-20230303-30461843-30461828-KADIN_SANATCILARIN_ESERLERI_DEPREMZEDELER_ICIN_SERGILENIYOR.jpg\" class=\"attachment-full size-full\" alt=\"\" srcset=\"https:\/\/tdv.org\/tr-TR\/wp-content\/uploads\/2023\/03\/AA-20230303-30461843-30461828-KADIN_SANATCILARIN_ESERLERI_DEPREMZEDELER_ICIN_SERGILENIYOR.jpg 1916w, https:\/\/tdv.org\/tr-TR\/wp-content\/uploads\/2023\/03\/AA-20230303-30461843-30461828-KADIN_SANATCILARIN_ESERLERI_DEPREMZEDELER_ICIN_SERGILENIYOR-300x169.jpg 300w, https:\/\/tdv.org\/tr-TR\/wp-content\/uploads\/2023\/03\/AA-20230303-30461843-30461828-KADIN_SANATCILARIN_ESERLERI_DEPREMZEDELER_ICIN_SERGILENIYOR-1024x577.jpg 1024w, https:\/\/tdv.org\/tr-TR\/wp-content\/uploads\/2023\/03\/AA-20230303-30461843-30461828-KADIN_SANATCILARIN_ESERLERI_DEPREMZEDELER_ICIN_SERGILENIYOR-768x433.jpg 768w, https:\/\/tdv.org\/tr-TR\/wp-content\/uploads\/2023\/03\/AA-20230303-30461843-30461828-KADIN_SANATCILARIN_ESERLERI_DEPREMZEDELER_ICIN_SERGILENIYOR-1536x866.jpg 1536w\" sizes=\"(max-width: 1916px) 100vw, 1916px\" \/><\/a>\n\t\t\t<\/dt><\/dl><dl class='gallery-item'>\n\t\t\t<dt class='gallery-icon landscape'>\n\t\t\t\t<a href='https:\/\/tdv.org\/tr-TR\/wp-content\/uploads\/2023\/03\/AA-20230303-30461843-30461829-KADIN_SANATCILARIN_ESERLERI_DEPREMZEDELER_ICIN_SERGILENIYOR.jpg'><img decoding=\"async\" width=\"1916\" height=\"1080\" src=\"https:\/\/tdv.org\/tr-TR\/wp-content\/uploads\/2023\/03\/AA-20230303-30461843-30461829-KADIN_SANATCILARIN_ESERLERI_DEPREMZEDELER_ICIN_SERGILENIYOR.jpg\" class=\"attachment-full size-full\" alt=\"\" srcset=\"https:\/\/tdv.org\/tr-TR\/wp-content\/uploads\/2023\/03\/AA-20230303-30461843-30461829-KADIN_SANATCILARIN_ESERLERI_DEPREMZEDELER_ICIN_SERGILENIYOR.jpg 1916w, https:\/\/tdv.org\/tr-TR\/wp-content\/uploads\/2023\/03\/AA-20230303-30461843-30461829-KADIN_SANATCILARIN_ESERLERI_DEPREMZEDELER_ICIN_SERGILENIYOR-300x169.jpg 300w, https:\/\/tdv.org\/tr-TR\/wp-content\/uploads\/2023\/03\/AA-20230303-30461843-30461829-KADIN_SANATCILARIN_ESERLERI_DEPREMZEDELER_ICIN_SERGILENIYOR-1024x577.jpg 1024w, https:\/\/tdv.org\/tr-TR\/wp-content\/uploads\/2023\/03\/AA-20230303-30461843-30461829-KADIN_SANATCILARIN_ESERLERI_DEPREMZEDELER_ICIN_SERGILENIYOR-768x433.jpg 768w, https:\/\/tdv.org\/tr-TR\/wp-content\/uploads\/2023\/03\/AA-20230303-30461843-30461829-KADIN_SANATCILARIN_ESERLERI_DEPREMZEDELER_ICIN_SERGILENIYOR-1536x866.jpg 1536w\" sizes=\"(max-width: 1916px) 100vw, 1916px\" \/><\/a>\n\t\t\t<\/dt><\/dl><br style=\"clear: both\" \/><dl class='gallery-item'>\n\t\t\t<dt class='gallery-icon landscape'>\n\t\t\t\t<a href='https:\/\/tdv.org\/tr-TR\/wp-content\/uploads\/2023\/03\/AA-20230303-30461843-30461830-KADIN_SANATCILARIN_ESERLERI_DEPREMZEDELER_ICIN_SERGILENIYOR.jpg'><img decoding=\"async\" width=\"1916\" height=\"1080\" src=\"https:\/\/tdv.org\/tr-TR\/wp-content\/uploads\/2023\/03\/AA-20230303-30461843-30461830-KADIN_SANATCILARIN_ESERLERI_DEPREMZEDELER_ICIN_SERGILENIYOR.jpg\" class=\"attachment-full size-full\" alt=\"\" srcset=\"https:\/\/tdv.org\/tr-TR\/wp-content\/uploads\/2023\/03\/AA-20230303-30461843-30461830-KADIN_SANATCILARIN_ESERLERI_DEPREMZEDELER_ICIN_SERGILENIYOR.jpg 1916w, https:\/\/tdv.org\/tr-TR\/wp-content\/uploads\/2023\/03\/AA-20230303-30461843-30461830-KADIN_SANATCILARIN_ESERLERI_DEPREMZEDELER_ICIN_SERGILENIYOR-300x169.jpg 300w, https:\/\/tdv.org\/tr-TR\/wp-content\/uploads\/2023\/03\/AA-20230303-30461843-30461830-KADIN_SANATCILARIN_ESERLERI_DEPREMZEDELER_ICIN_SERGILENIYOR-1024x577.jpg 1024w, https:\/\/tdv.org\/tr-TR\/wp-content\/uploads\/2023\/03\/AA-20230303-30461843-30461830-KADIN_SANATCILARIN_ESERLERI_DEPREMZEDELER_ICIN_SERGILENIYOR-768x433.jpg 768w, https:\/\/tdv.org\/tr-TR\/wp-content\/uploads\/2023\/03\/AA-20230303-30461843-30461830-KADIN_SANATCILARIN_ESERLERI_DEPREMZEDELER_ICIN_SERGILENIYOR-1536x866.jpg 1536w\" sizes=\"(max-width: 1916px) 100vw, 1916px\" \/><\/a>\n\t\t\t<\/dt><\/dl><dl class='gallery-item'>\n\t\t\t<dt class='gallery-icon landscape'>\n\t\t\t\t<a href='https:\/\/tdv.org\/tr-TR\/wp-content\/uploads\/2023\/03\/AA-20230303-30461843-30461831-KADIN_SANATCILARIN_ESERLERI_DEPREMZEDELER_ICIN_SERGILENIYOR.jpg'><img decoding=\"async\" width=\"1916\" height=\"1080\" src=\"https:\/\/tdv.org\/tr-TR\/wp-content\/uploads\/2023\/03\/AA-20230303-30461843-30461831-KADIN_SANATCILARIN_ESERLERI_DEPREMZEDELER_ICIN_SERGILENIYOR.jpg\" class=\"attachment-full size-full\" alt=\"\" srcset=\"https:\/\/tdv.org\/tr-TR\/wp-content\/uploads\/2023\/03\/AA-20230303-30461843-30461831-KADIN_SANATCILARIN_ESERLERI_DEPREMZEDELER_ICIN_SERGILENIYOR.jpg 1916w, https:\/\/tdv.org\/tr-TR\/wp-content\/uploads\/2023\/03\/AA-20230303-30461843-30461831-KADIN_SANATCILARIN_ESERLERI_DEPREMZEDELER_ICIN_SERGILENIYOR-300x169.jpg 300w, https:\/\/tdv.org\/tr-TR\/wp-content\/uploads\/2023\/03\/AA-20230303-30461843-30461831-KADIN_SANATCILARIN_ESERLERI_DEPREMZEDELER_ICIN_SERGILENIYOR-1024x577.jpg 1024w, https:\/\/tdv.org\/tr-TR\/wp-content\/uploads\/2023\/03\/AA-20230303-30461843-30461831-KADIN_SANATCILARIN_ESERLERI_DEPREMZEDELER_ICIN_SERGILENIYOR-768x433.jpg 768w, https:\/\/tdv.org\/tr-TR\/wp-content\/uploads\/2023\/03\/AA-20230303-30461843-30461831-KADIN_SANATCILARIN_ESERLERI_DEPREMZEDELER_ICIN_SERGILENIYOR-1536x866.jpg 1536w\" sizes=\"(max-width: 1916px) 100vw, 1916px\" \/><\/a>\n\t\t\t<\/dt><\/dl><dl class='gallery-item'>\n\t\t\t<dt class='gallery-icon landscape'>\n\t\t\t\t<a href='https:\/\/tdv.org\/tr-TR\/wp-content\/uploads\/2023\/03\/AA-20230303-30461843-30461832-KADIN_SANATCILARIN_ESERLERI_DEPREMZEDELER_ICIN_SERGILENIYOR.jpg'><img decoding=\"async\" width=\"1916\" height=\"1080\" src=\"https:\/\/tdv.org\/tr-TR\/wp-content\/uploads\/2023\/03\/AA-20230303-30461843-30461832-KADIN_SANATCILARIN_ESERLERI_DEPREMZEDELER_ICIN_SERGILENIYOR.jpg\" class=\"attachment-full size-full\" alt=\"\" srcset=\"https:\/\/tdv.org\/tr-TR\/wp-content\/uploads\/2023\/03\/AA-20230303-30461843-30461832-KADIN_SANATCILARIN_ESERLERI_DEPREMZEDELER_ICIN_SERGILENIYOR.jpg 1916w, https:\/\/tdv.org\/tr-TR\/wp-content\/uploads\/2023\/03\/AA-20230303-30461843-30461832-KADIN_SANATCILARIN_ESERLERI_DEPREMZEDELER_ICIN_SERGILENIYOR-300x169.jpg 300w, https:\/\/tdv.org\/tr-TR\/wp-content\/uploads\/2023\/03\/AA-20230303-30461843-30461832-KADIN_SANATCILARIN_ESERLERI_DEPREMZEDELER_ICIN_SERGILENIYOR-1024x577.jpg 1024w, https:\/\/tdv.org\/tr-TR\/wp-content\/uploads\/2023\/03\/AA-20230303-30461843-30461832-KADIN_SANATCILARIN_ESERLERI_DEPREMZEDELER_ICIN_SERGILENIYOR-768x433.jpg 768w, https:\/\/tdv.org\/tr-TR\/wp-content\/uploads\/2023\/03\/AA-20230303-30461843-30461832-KADIN_SANATCILARIN_ESERLERI_DEPREMZEDELER_ICIN_SERGILENIYOR-1536x866.jpg 1536w\" sizes=\"(max-width: 1916px) 100vw, 1916px\" \/><\/a>\n\t\t\t<\/dt><\/dl><br style=\"clear: both\" \/><dl class='gallery-item'>\n\t\t\t<dt class='gallery-icon landscape'>\n\t\t\t\t<a href='https:\/\/tdv.org\/tr-TR\/wp-content\/uploads\/2023\/03\/AA-20230303-30461843-30461833-KADIN_SANATCILARIN_ESERLERI_DEPREMZEDELER_ICIN_SERGILENIYOR.jpg'><img decoding=\"async\" width=\"1916\" height=\"1080\" src=\"https:\/\/tdv.org\/tr-TR\/wp-content\/uploads\/2023\/03\/AA-20230303-30461843-30461833-KADIN_SANATCILARIN_ESERLERI_DEPREMZEDELER_ICIN_SERGILENIYOR.jpg\" class=\"attachment-full size-full\" alt=\"\" srcset=\"https:\/\/tdv.org\/tr-TR\/wp-content\/uploads\/2023\/03\/AA-20230303-30461843-30461833-KADIN_SANATCILARIN_ESERLERI_DEPREMZEDELER_ICIN_SERGILENIYOR.jpg 1916w, https:\/\/tdv.org\/tr-TR\/wp-content\/uploads\/2023\/03\/AA-20230303-30461843-30461833-KADIN_SANATCILARIN_ESERLERI_DEPREMZEDELER_ICIN_SERGILENIYOR-300x169.jpg 300w, https:\/\/tdv.org\/tr-TR\/wp-content\/uploads\/2023\/03\/AA-20230303-30461843-30461833-KADIN_SANATCILARIN_ESERLERI_DEPREMZEDELER_ICIN_SERGILENIYOR-1024x577.jpg 1024w, https:\/\/tdv.org\/tr-TR\/wp-content\/uploads\/2023\/03\/AA-20230303-30461843-30461833-KADIN_SANATCILARIN_ESERLERI_DEPREMZEDELER_ICIN_SERGILENIYOR-768x433.jpg 768w, https:\/\/tdv.org\/tr-TR\/wp-content\/uploads\/2023\/03\/AA-20230303-30461843-30461833-KADIN_SANATCILARIN_ESERLERI_DEPREMZEDELER_ICIN_SERGILENIYOR-1536x866.jpg 1536w\" sizes=\"(max-width: 1916px) 100vw, 1916px\" \/><\/a>\n\t\t\t<\/dt><\/dl><dl class='gallery-item'>\n\t\t\t<dt class='gallery-icon landscape'>\n\t\t\t\t<a href='https:\/\/tdv.org\/tr-TR\/wp-content\/uploads\/2023\/03\/AA-20230303-30461843-30461834-KADIN_SANATCILARIN_ESERLERI_DEPREMZEDELER_ICIN_SERGILENIYOR.jpg'><img decoding=\"async\" width=\"1916\" height=\"1080\" src=\"https:\/\/tdv.org\/tr-TR\/wp-content\/uploads\/2023\/03\/AA-20230303-30461843-30461834-KADIN_SANATCILARIN_ESERLERI_DEPREMZEDELER_ICIN_SERGILENIYOR.jpg\" class=\"attachment-full size-full\" alt=\"\" srcset=\"https:\/\/tdv.org\/tr-TR\/wp-content\/uploads\/2023\/03\/AA-20230303-30461843-30461834-KADIN_SANATCILARIN_ESERLERI_DEPREMZEDELER_ICIN_SERGILENIYOR.jpg 1916w, https:\/\/tdv.org\/tr-TR\/wp-content\/uploads\/2023\/03\/AA-20230303-30461843-30461834-KADIN_SANATCILARIN_ESERLERI_DEPREMZEDELER_ICIN_SERGILENIYOR-300x169.jpg 300w, https:\/\/tdv.org\/tr-TR\/wp-content\/uploads\/2023\/03\/AA-20230303-30461843-30461834-KADIN_SANATCILARIN_ESERLERI_DEPREMZEDELER_ICIN_SERGILENIYOR-1024x577.jpg 1024w, https:\/\/tdv.org\/tr-TR\/wp-content\/uploads\/2023\/03\/AA-20230303-30461843-30461834-KADIN_SANATCILARIN_ESERLERI_DEPREMZEDELER_ICIN_SERGILENIYOR-768x433.jpg 768w, https:\/\/tdv.org\/tr-TR\/wp-content\/uploads\/2023\/03\/AA-20230303-30461843-30461834-KADIN_SANATCILARIN_ESERLERI_DEPREMZEDELER_ICIN_SERGILENIYOR-1536x866.jpg 1536w\" sizes=\"(max-width: 1916px) 100vw, 1916px\" \/><\/a>\n\t\t\t<\/dt><\/dl><dl class='gallery-item'>\n\t\t\t<dt class='gallery-icon landscape'>\n\t\t\t\t<a href='https:\/\/tdv.org\/tr-TR\/wp-content\/uploads\/2023\/03\/AA-20230303-30461843-30461835-KADIN_SANATCILARIN_ESERLERI_DEPREMZEDELER_ICIN_SERGILENIYOR.jpg'><img decoding=\"async\" width=\"1916\" height=\"1080\" src=\"https:\/\/tdv.org\/tr-TR\/wp-content\/uploads\/2023\/03\/AA-20230303-30461843-30461835-KADIN_SANATCILARIN_ESERLERI_DEPREMZEDELER_ICIN_SERGILENIYOR.jpg\" class=\"attachment-full size-full\" alt=\"\" srcset=\"https:\/\/tdv.org\/tr-TR\/wp-content\/uploads\/2023\/03\/AA-20230303-30461843-30461835-KADIN_SANATCILARIN_ESERLERI_DEPREMZEDELER_ICIN_SERGILENIYOR.jpg 1916w, https:\/\/tdv.org\/tr-TR\/wp-content\/uploads\/2023\/03\/AA-20230303-30461843-30461835-KADIN_SANATCILARIN_ESERLERI_DEPREMZEDELER_ICIN_SERGILENIYOR-300x169.jpg 300w, https:\/\/tdv.org\/tr-TR\/wp-content\/uploads\/2023\/03\/AA-20230303-30461843-30461835-KADIN_SANATCILARIN_ESERLERI_DEPREMZEDELER_ICIN_SERGILENIYOR-1024x577.jpg 1024w, https:\/\/tdv.org\/tr-TR\/wp-content\/uploads\/2023\/03\/AA-20230303-30461843-30461835-KADIN_SANATCILARIN_ESERLERI_DEPREMZEDELER_ICIN_SERGILENIYOR-768x433.jpg 768w, https:\/\/tdv.org\/tr-TR\/wp-content\/uploads\/2023\/03\/AA-20230303-30461843-30461835-KADIN_SANATCILARIN_ESERLERI_DEPREMZEDELER_ICIN_SERGILENIYOR-1536x866.jpg 1536w\" sizes=\"(max-width: 1916px) 100vw, 1916px\" \/><\/a>\n\t\t\t<\/dt><\/dl><br style=\"clear: both\" \/><dl class='gallery-item'>\n\t\t\t<dt class='gallery-icon landscape'>\n\t\t\t\t<a href='https:\/\/tdv.org\/tr-TR\/wp-content\/uploads\/2023\/03\/AA-20230303-30461843-30461838-KADIN_SANATCILARIN_ESERLERI_DEPREMZEDELER_ICIN_SERGILENIYOR.jpg'><img decoding=\"async\" width=\"1916\" height=\"1080\" src=\"https:\/\/tdv.org\/tr-TR\/wp-content\/uploads\/2023\/03\/AA-20230303-30461843-30461838-KADIN_SANATCILARIN_ESERLERI_DEPREMZEDELER_ICIN_SERGILENIYOR.jpg\" class=\"attachment-full size-full\" alt=\"\" srcset=\"https:\/\/tdv.org\/tr-TR\/wp-content\/uploads\/2023\/03\/AA-20230303-30461843-30461838-KADIN_SANATCILARIN_ESERLERI_DEPREMZEDELER_ICIN_SERGILENIYOR.jpg 1916w, https:\/\/tdv.org\/tr-TR\/wp-content\/uploads\/2023\/03\/AA-20230303-30461843-30461838-KADIN_SANATCILARIN_ESERLERI_DEPREMZEDELER_ICIN_SERGILENIYOR-300x169.jpg 300w, https:\/\/tdv.org\/tr-TR\/wp-content\/uploads\/2023\/03\/AA-20230303-30461843-30461838-KADIN_SANATCILARIN_ESERLERI_DEPREMZEDELER_ICIN_SERGILENIYOR-1024x577.jpg 1024w, https:\/\/tdv.org\/tr-TR\/wp-content\/uploads\/2023\/03\/AA-20230303-30461843-30461838-KADIN_SANATCILARIN_ESERLERI_DEPREMZEDELER_ICIN_SERGILENIYOR-768x433.jpg 768w, https:\/\/tdv.org\/tr-TR\/wp-content\/uploads\/2023\/03\/AA-20230303-30461843-30461838-KADIN_SANATCILARIN_ESERLERI_DEPREMZEDELER_ICIN_SERGILENIYOR-1536x866.jpg 1536w\" sizes=\"(max-width: 1916px) 100vw, 1916px\" \/><\/a>\n\t\t\t<\/dt><\/dl><dl class='gallery-item'>\n\t\t\t<dt class='gallery-icon landscape'>\n\t\t\t\t<a href='https:\/\/tdv.org\/tr-TR\/wp-content\/uploads\/2023\/03\/AA-20230303-30461843-30461841-KADIN_SANATCILARIN_ESERLERI_DEPREMZEDELER_ICIN_SERGILENIYOR.jpg'><img decoding=\"async\" width=\"1916\" height=\"1080\" src=\"https:\/\/tdv.org\/tr-TR\/wp-content\/uploads\/2023\/03\/AA-20230303-30461843-30461841-KADIN_SANATCILARIN_ESERLERI_DEPREMZEDELER_ICIN_SERGILENIYOR.jpg\" class=\"attachment-full size-full\" alt=\"\" srcset=\"https:\/\/tdv.org\/tr-TR\/wp-content\/uploads\/2023\/03\/AA-20230303-30461843-30461841-KADIN_SANATCILARIN_ESERLERI_DEPREMZEDELER_ICIN_SERGILENIYOR.jpg 1916w, https:\/\/tdv.org\/tr-TR\/wp-content\/uploads\/2023\/03\/AA-20230303-30461843-30461841-KADIN_SANATCILARIN_ESERLERI_DEPREMZEDELER_ICIN_SERGILENIYOR-300x169.jpg 300w, https:\/\/tdv.org\/tr-TR\/wp-content\/uploads\/2023\/03\/AA-20230303-30461843-30461841-KADIN_SANATCILARIN_ESERLERI_DEPREMZEDELER_ICIN_SERGILENIYOR-1024x577.jpg 1024w, https:\/\/tdv.org\/tr-TR\/wp-content\/uploads\/2023\/03\/AA-20230303-30461843-30461841-KADIN_SANATCILARIN_ESERLERI_DEPREMZEDELER_ICIN_SERGILENIYOR-768x433.jpg 768w, https:\/\/tdv.org\/tr-TR\/wp-content\/uploads\/2023\/03\/AA-20230303-30461843-30461841-KADIN_SANATCILARIN_ESERLERI_DEPREMZEDELER_ICIN_SERGILENIYOR-1536x866.jpg 1536w\" sizes=\"(max-width: 1916px) 100vw, 1916px\" \/><\/a>\n\t\t\t<\/dt><\/dl><dl class='gallery-item'>\n\t\t\t<dt class='gallery-icon landscape'>\n\t\t\t\t<a href='https:\/\/tdv.org\/tr-TR\/wp-content\/uploads\/2023\/03\/AA-20230303-30461843-30461842-KADIN_SANATCILARIN_ESERLERI_DEPREMZEDELER_ICIN_SERGILENIYOR.jpg'><img decoding=\"async\" width=\"1916\" height=\"1080\" src=\"https:\/\/tdv.org\/tr-TR\/wp-content\/uploads\/2023\/03\/AA-20230303-30461843-30461842-KADIN_SANATCILARIN_ESERLERI_DEPREMZEDELER_ICIN_SERGILENIYOR.jpg\" class=\"attachment-full size-full\" alt=\"\" srcset=\"https:\/\/tdv.org\/tr-TR\/wp-content\/uploads\/2023\/03\/AA-20230303-30461843-30461842-KADIN_SANATCILARIN_ESERLERI_DEPREMZEDELER_ICIN_SERGILENIYOR.jpg 1916w, https:\/\/tdv.org\/tr-TR\/wp-content\/uploads\/2023\/03\/AA-20230303-30461843-30461842-KADIN_SANATCILARIN_ESERLERI_DEPREMZEDELER_ICIN_SERGILENIYOR-300x169.jpg 300w, https:\/\/tdv.org\/tr-TR\/wp-content\/uploads\/2023\/03\/AA-20230303-30461843-30461842-KADIN_SANATCILARIN_ESERLERI_DEPREMZEDELER_ICIN_SERGILENIYOR-1024x577.jpg 1024w, https:\/\/tdv.org\/tr-TR\/wp-content\/uploads\/2023\/03\/AA-20230303-30461843-30461842-KADIN_SANATCILARIN_ESERLERI_DEPREMZEDELER_ICIN_SERGILENIYOR-768x433.jpg 768w, https:\/\/tdv.org\/tr-TR\/wp-content\/uploads\/2023\/03\/AA-20230303-30461843-30461842-KADIN_SANATCILARIN_ESERLERI_DEPREMZEDELER_ICIN_SERGILENIYOR-1536x866.jpg 1536w\" sizes=\"(max-width: 1916px) 100vw, 1916px\" \/><\/a>\n\t\t\t<\/dt><\/dl><br style=\"clear: both\" \/>\n\t\t<\/div>\n\n","protected":false},"excerpt":{"rendered":"<p>D\u00fcnya Kad\u0131nlar G\u00fcn\u00fc dolay\u0131s\u0131yla 53 sanat\u00e7\u0131n\u0131n 70 eseriyle haz\u0131rlanan karma serginin geliri, 6 \u015eubat&#8217;taki Kahramanmara\u015f merkezli depremlerden etkilenen afetzedelere ba\u011f\u0131\u015flanacak. T\u00fcrkiye\u00a0Diyanet\u00a0Vakf\u0131 (TDV) \u0130stanbul G\u00f6n\u00fcll\u00fc Koordinat\u00f6rl\u00fc\u011f\u00fc taraf\u0131ndan ger\u00e7ekle\u015ftirilen sergi, Zeytinburnu K\u00fclt\u00fcr&#8230;<\/p>\n","protected":false},"author":7,"featured_media":30795,"comment_status":"open","ping_status":"closed","sticky":false,"template":"","format":"standard","meta":{"footnotes":""},"categories":[1],"tags":[231,505,2096,1342,1807,2095,118,416],"class_list":{"0":"post-30794","1":"post","2":"type-post","3":"status-publish","4":"format-standard","5":"has-post-thumbnail","7":"category-haberler","8":"tag-afad","9":"tag-depremzede","10":"tag-gonusllu","11":"tag-kadin","12":"tag-kadin-aile","13":"tag-kadinlar-gunu","14":"tag-sergi","15":"tag-tdv"},"yoast_head":"<!-- This site is optimized with the Yoast SEO plugin v27.5 - https:\/\/yoast.com\/product\/yoast-seo-wordpress\/ -->\n<title>Kad\u0131n sanat\u00e7\u0131lar\u0131n eserleri depremzedeler i\u00e7in sergileniyor<\/title>\n<meta name=\"description\" content=\"D\u00fcnya Kad\u0131nlar G\u00fcn\u00fc dolay\u0131s\u0131yla 53 sanat\u00e7\u0131n\u0131n 70 eseriyle haz\u0131rlanan karma serginin geliri, 6 \u015eubat&#039;taki Kahramanmara\u015f merkezli depremlerden etkilenen afetzedelere ba\u011f\u0131\u015flanacak.\" \/>\n<meta name=\"robots\" content=\"index, follow, max-snippet:-1, max-image-preview:large, max-video-preview:-1\" \/>\n<link rel=\"canonical\" href=\"https:\/\/tdv.org\/tr-TR\/kadin-sanatcilarin-eserleri-depremzedeler-icin-sergileniyor\/\" \/>\n<meta property=\"og:locale\" content=\"tr_TR\" \/>\n<meta property=\"og:type\" content=\"article\" \/>\n<meta property=\"og:title\" content=\"Kad\u0131n sanat\u00e7\u0131lar\u0131n eserleri depremzedeler i\u00e7in sergileniyor\" \/>\n<meta property=\"og:description\" content=\"D\u00fcnya Kad\u0131nlar G\u00fcn\u00fc dolay\u0131s\u0131yla 53 sanat\u00e7\u0131n\u0131n 70 eseriyle haz\u0131rlanan karma serginin geliri, 6 \u015eubat&#039;taki Kahramanmara\u015f merkezli depremlerden etkilenen afetzedelere ba\u011f\u0131\u015flanacak.\" \/>\n<meta property=\"og:url\" content=\"https:\/\/tdv.org\/tr-TR\/kadin-sanatcilarin-eserleri-depremzedeler-icin-sergileniyor\/\" \/>\n<meta property=\"og:site_name\" content=\"T\u00fcrkiye Diyanet Vakf\u0131 Resmi Web Sitesi\" \/>\n<meta property=\"article:publisher\" content=\"https:\/\/www.facebook.com\/Diyanetvakfi\/\" \/>\n<meta property=\"article:published_time\" content=\"2023-03-04T08:22:55+00:00\" \/>\n<meta property=\"article:modified_time\" content=\"2023-03-04T08:23:44+00:00\" \/>\n<meta property=\"og:image\" content=\"https:\/\/tdv.org\/tr-TR\/wp-content\/uploads\/2023\/03\/1-1.jpg\" \/>\n\t<meta property=\"og:image:width\" content=\"1916\" \/>\n\t<meta property=\"og:image:height\" content=\"1080\" \/>\n\t<meta property=\"og:image:type\" content=\"image\/jpeg\" \/>\n<meta name=\"author\" content=\"U\u011fur\" \/>\n<meta name=\"twitter:card\" content=\"summary_large_image\" \/>\n<meta name=\"twitter:creator\" content=\"@DiyanetVakfi\" \/>\n<meta name=\"twitter:site\" content=\"@DiyanetVakfi\" \/>\n<script type=\"application\/ld+json\" class=\"yoast-schema-graph\">{\"@context\":\"https:\\\/\\\/schema.org\",\"@graph\":[{\"@type\":\"Article\",\"@id\":\"https:\\\/\\\/tdv.org\\\/tr-TR\\\/kadin-sanatcilarin-eserleri-depremzedeler-icin-sergileniyor\\\/#article\",\"isPartOf\":{\"@id\":\"https:\\\/\\\/tdv.org\\\/tr-TR\\\/kadin-sanatcilarin-eserleri-depremzedeler-icin-sergileniyor\\\/\"},\"author\":{\"name\":\"U\u011fur\",\"@id\":\"https:\\\/\\\/tdv.org\\\/tr-TR\\\/#\\\/schema\\\/person\\\/8dcf742852c4614c6fdadb92da159c05\"},\"headline\":\"Kad\u0131n sanat\u00e7\u0131lar\u0131n eserleri depremzedeler i\u00e7in sergileniyor\",\"datePublished\":\"2023-03-04T08:22:55+00:00\",\"dateModified\":\"2023-03-04T08:23:44+00:00\",\"mainEntityOfPage\":{\"@id\":\"https:\\\/\\\/tdv.org\\\/tr-TR\\\/kadin-sanatcilarin-eserleri-depremzedeler-icin-sergileniyor\\\/\"},\"wordCount\":750,\"commentCount\":0,\"publisher\":{\"@id\":\"https:\\\/\\\/tdv.org\\\/tr-TR\\\/#organization\"},\"image\":{\"@id\":\"https:\\\/\\\/tdv.org\\\/tr-TR\\\/kadin-sanatcilarin-eserleri-depremzedeler-icin-sergileniyor\\\/#primaryimage\"},\"thumbnailUrl\":\"https:\\\/\\\/tdv.org\\\/tr-TR\\\/wp-content\\\/uploads\\\/2023\\\/03\\\/1-1.jpg\",\"keywords\":[\"Afad\",\"depremzede\",\"g\u00f6n\u00fc\u015fll\u00fc\",\"kad\u0131n\",\"kad\u0131n aile\",\"kad\u0131nlar g\u00fcn\u00fc\",\"Sergi\",\"TDV\"],\"articleSection\":[\"Haberler\"],\"inLanguage\":\"tr\",\"potentialAction\":[{\"@type\":\"CommentAction\",\"name\":\"Comment\",\"target\":[\"https:\\\/\\\/tdv.org\\\/tr-TR\\\/kadin-sanatcilarin-eserleri-depremzedeler-icin-sergileniyor\\\/#respond\"]}]},{\"@type\":\"WebPage\",\"@id\":\"https:\\\/\\\/tdv.org\\\/tr-TR\\\/kadin-sanatcilarin-eserleri-depremzedeler-icin-sergileniyor\\\/\",\"url\":\"https:\\\/\\\/tdv.org\\\/tr-TR\\\/kadin-sanatcilarin-eserleri-depremzedeler-icin-sergileniyor\\\/\",\"name\":\"Kad\u0131n sanat\u00e7\u0131lar\u0131n eserleri depremzedeler i\u00e7in sergileniyor\",\"isPartOf\":{\"@id\":\"https:\\\/\\\/tdv.org\\\/tr-TR\\\/#website\"},\"primaryImageOfPage\":{\"@id\":\"https:\\\/\\\/tdv.org\\\/tr-TR\\\/kadin-sanatcilarin-eserleri-depremzedeler-icin-sergileniyor\\\/#primaryimage\"},\"image\":{\"@id\":\"https:\\\/\\\/tdv.org\\\/tr-TR\\\/kadin-sanatcilarin-eserleri-depremzedeler-icin-sergileniyor\\\/#primaryimage\"},\"thumbnailUrl\":\"https:\\\/\\\/tdv.org\\\/tr-TR\\\/wp-content\\\/uploads\\\/2023\\\/03\\\/1-1.jpg\",\"datePublished\":\"2023-03-04T08:22:55+00:00\",\"dateModified\":\"2023-03-04T08:23:44+00:00\",\"description\":\"D\u00fcnya Kad\u0131nlar G\u00fcn\u00fc dolay\u0131s\u0131yla 53 sanat\u00e7\u0131n\u0131n 70 eseriyle haz\u0131rlanan karma serginin geliri, 6 \u015eubat'taki Kahramanmara\u015f merkezli depremlerden etkilenen afetzedelere ba\u011f\u0131\u015flanacak.\",\"breadcrumb\":{\"@id\":\"https:\\\/\\\/tdv.org\\\/tr-TR\\\/kadin-sanatcilarin-eserleri-depremzedeler-icin-sergileniyor\\\/#breadcrumb\"},\"inLanguage\":\"tr\",\"potentialAction\":[{\"@type\":\"ReadAction\",\"target\":[\"https:\\\/\\\/tdv.org\\\/tr-TR\\\/kadin-sanatcilarin-eserleri-depremzedeler-icin-sergileniyor\\\/\"]}]},{\"@type\":\"ImageObject\",\"inLanguage\":\"tr\",\"@id\":\"https:\\\/\\\/tdv.org\\\/tr-TR\\\/kadin-sanatcilarin-eserleri-depremzedeler-icin-sergileniyor\\\/#primaryimage\",\"url\":\"https:\\\/\\\/tdv.org\\\/tr-TR\\\/wp-content\\\/uploads\\\/2023\\\/03\\\/1-1.jpg\",\"contentUrl\":\"https:\\\/\\\/tdv.org\\\/tr-TR\\\/wp-content\\\/uploads\\\/2023\\\/03\\\/1-1.jpg\",\"width\":1916,\"height\":1080},{\"@type\":\"BreadcrumbList\",\"@id\":\"https:\\\/\\\/tdv.org\\\/tr-TR\\\/kadin-sanatcilarin-eserleri-depremzedeler-icin-sergileniyor\\\/#breadcrumb\",\"itemListElement\":[{\"@type\":\"ListItem\",\"position\":1,\"name\":\"Anasayfa\",\"item\":\"https:\\\/\\\/tdv.org\\\/tr-TR\\\/\"},{\"@type\":\"ListItem\",\"position\":2,\"name\":\"Kad\u0131n sanat\u00e7\u0131lar\u0131n eserleri depremzedeler i\u00e7in sergileniyor\"}]},{\"@type\":\"WebSite\",\"@id\":\"https:\\\/\\\/tdv.org\\\/tr-TR\\\/#website\",\"url\":\"https:\\\/\\\/tdv.org\\\/tr-TR\\\/\",\"name\":\"T\u00fcrkiye Diyanet Vakf\u0131 Resmi Web Sitesi\",\"description\":\"Yery\u00fcz\u00fcnde iyilik egemen oluncaya kadar\",\"publisher\":{\"@id\":\"https:\\\/\\\/tdv.org\\\/tr-TR\\\/#organization\"},\"alternateName\":\"T\u00fcrkiye Diyanet Vakf\u0131\",\"potentialAction\":[{\"@type\":\"SearchAction\",\"target\":{\"@type\":\"EntryPoint\",\"urlTemplate\":\"https:\\\/\\\/tdv.org\\\/tr-TR\\\/?s={search_term_string}\"},\"query-input\":{\"@type\":\"PropertyValueSpecification\",\"valueRequired\":true,\"valueName\":\"search_term_string\"}}],\"inLanguage\":\"tr\"},{\"@type\":\"Organization\",\"@id\":\"https:\\\/\\\/tdv.org\\\/tr-TR\\\/#organization\",\"name\":\"T\u00fcrkiye Diyanet Vakf\u0131\",\"alternateName\":\"T\u00fcrkiye Diyanet Vakf\u0131\",\"url\":\"https:\\\/\\\/tdv.org\\\/tr-TR\\\/\",\"logo\":{\"@type\":\"ImageObject\",\"inLanguage\":\"tr\",\"@id\":\"https:\\\/\\\/tdv.org\\\/tr-TR\\\/#\\\/schema\\\/logo\\\/image\\\/\",\"url\":\"https:\\\/\\\/tdv.org\\\/tr-TR\\\/wp-content\\\/uploads\\\/2018\\\/12\\\/TDV_Logo_1.png\",\"contentUrl\":\"https:\\\/\\\/tdv.org\\\/tr-TR\\\/wp-content\\\/uploads\\\/2018\\\/12\\\/TDV_Logo_1.png\",\"width\":207,\"height\":71,\"caption\":\"T\u00fcrkiye Diyanet Vakf\u0131\"},\"image\":{\"@id\":\"https:\\\/\\\/tdv.org\\\/tr-TR\\\/#\\\/schema\\\/logo\\\/image\\\/\"},\"sameAs\":[\"https:\\\/\\\/www.facebook.com\\\/Diyanetvakfi\\\/\",\"https:\\\/\\\/x.com\\\/DiyanetVakfi\",\"https:\\\/\\\/www.instagram.com\\\/turkiyediyanetvakfi\\\/\",\"https:\\\/\\\/www.youtube.com\\\/user\\\/TurkiyeDiyanetVakfi\"]},{\"@type\":\"Person\",\"@id\":\"https:\\\/\\\/tdv.org\\\/tr-TR\\\/#\\\/schema\\\/person\\\/8dcf742852c4614c6fdadb92da159c05\",\"name\":\"U\u011fur\",\"image\":{\"@type\":\"ImageObject\",\"inLanguage\":\"tr\",\"@id\":\"https:\\\/\\\/tdv.org\\\/tr-TR\\\/wp-content\\\/litespeed\\\/avatar\\\/b970c0eba1124f8268544e2640bfa964.jpg?ver=1777289940\",\"url\":\"https:\\\/\\\/tdv.org\\\/tr-TR\\\/wp-content\\\/litespeed\\\/avatar\\\/b970c0eba1124f8268544e2640bfa964.jpg?ver=1777289940\",\"contentUrl\":\"https:\\\/\\\/tdv.org\\\/tr-TR\\\/wp-content\\\/litespeed\\\/avatar\\\/b970c0eba1124f8268544e2640bfa964.jpg?ver=1777289940\",\"caption\":\"U\u011fur\"}}]}<\/script>\n<!-- \/ Yoast SEO plugin. -->","yoast_head_json":{"title":"Kad\u0131n sanat\u00e7\u0131lar\u0131n eserleri depremzedeler i\u00e7in sergileniyor","description":"D\u00fcnya Kad\u0131nlar G\u00fcn\u00fc dolay\u0131s\u0131yla 53 sanat\u00e7\u0131n\u0131n 70 eseriyle haz\u0131rlanan karma serginin geliri, 6 \u015eubat'taki Kahramanmara\u015f merkezli depremlerden etkilenen afetzedelere ba\u011f\u0131\u015flanacak.","robots":{"index":"index","follow":"follow","max-snippet":"max-snippet:-1","max-image-preview":"max-image-preview:large","max-video-preview":"max-video-preview:-1"},"canonical":"https:\/\/tdv.org\/tr-TR\/kadin-sanatcilarin-eserleri-depremzedeler-icin-sergileniyor\/","og_locale":"tr_TR","og_type":"article","og_title":"Kad\u0131n sanat\u00e7\u0131lar\u0131n eserleri depremzedeler i\u00e7in sergileniyor","og_description":"D\u00fcnya Kad\u0131nlar G\u00fcn\u00fc dolay\u0131s\u0131yla 53 sanat\u00e7\u0131n\u0131n 70 eseriyle haz\u0131rlanan karma serginin geliri, 6 \u015eubat'taki Kahramanmara\u015f merkezli depremlerden etkilenen afetzedelere ba\u011f\u0131\u015flanacak.","og_url":"https:\/\/tdv.org\/tr-TR\/kadin-sanatcilarin-eserleri-depremzedeler-icin-sergileniyor\/","og_site_name":"T\u00fcrkiye Diyanet Vakf\u0131 Resmi Web Sitesi","article_publisher":"https:\/\/www.facebook.com\/Diyanetvakfi\/","article_published_time":"2023-03-04T08:22:55+00:00","article_modified_time":"2023-03-04T08:23:44+00:00","og_image":[{"width":1916,"height":1080,"url":"https:\/\/tdv.org\/tr-TR\/wp-content\/uploads\/2023\/03\/1-1.jpg","type":"image\/jpeg"}],"author":"U\u011fur","twitter_card":"summary_large_image","twitter_creator":"@DiyanetVakfi","twitter_site":"@DiyanetVakfi","schema":{"@context":"https:\/\/schema.org","@graph":[{"@type":"Article","@id":"https:\/\/tdv.org\/tr-TR\/kadin-sanatcilarin-eserleri-depremzedeler-icin-sergileniyor\/#article","isPartOf":{"@id":"https:\/\/tdv.org\/tr-TR\/kadin-sanatcilarin-eserleri-depremzedeler-icin-sergileniyor\/"},"author":{"name":"U\u011fur","@id":"https:\/\/tdv.org\/tr-TR\/#\/schema\/person\/8dcf742852c4614c6fdadb92da159c05"},"headline":"Kad\u0131n sanat\u00e7\u0131lar\u0131n eserleri depremzedeler i\u00e7in sergileniyor","datePublished":"2023-03-04T08:22:55+00:00","dateModified":"2023-03-04T08:23:44+00:00","mainEntityOfPage":{"@id":"https:\/\/tdv.org\/tr-TR\/kadin-sanatcilarin-eserleri-depremzedeler-icin-sergileniyor\/"},"wordCount":750,"commentCount":0,"publisher":{"@id":"https:\/\/tdv.org\/tr-TR\/#organization"},"image":{"@id":"https:\/\/tdv.org\/tr-TR\/kadin-sanatcilarin-eserleri-depremzedeler-icin-sergileniyor\/#primaryimage"},"thumbnailUrl":"https:\/\/tdv.org\/tr-TR\/wp-content\/uploads\/2023\/03\/1-1.jpg","keywords":["Afad","depremzede","g\u00f6n\u00fc\u015fll\u00fc","kad\u0131n","kad\u0131n aile","kad\u0131nlar g\u00fcn\u00fc","Sergi","TDV"],"articleSection":["Haberler"],"inLanguage":"tr","potentialAction":[{"@type":"CommentAction","name":"Comment","target":["https:\/\/tdv.org\/tr-TR\/kadin-sanatcilarin-eserleri-depremzedeler-icin-sergileniyor\/#respond"]}]},{"@type":"WebPage","@id":"https:\/\/tdv.org\/tr-TR\/kadin-sanatcilarin-eserleri-depremzedeler-icin-sergileniyor\/","url":"https:\/\/tdv.org\/tr-TR\/kadin-sanatcilarin-eserleri-depremzedeler-icin-sergileniyor\/","name":"Kad\u0131n sanat\u00e7\u0131lar\u0131n eserleri depremzedeler i\u00e7in sergileniyor","isPartOf":{"@id":"https:\/\/tdv.org\/tr-TR\/#website"},"primaryImageOfPage":{"@id":"https:\/\/tdv.org\/tr-TR\/kadin-sanatcilarin-eserleri-depremzedeler-icin-sergileniyor\/#primaryimage"},"image":{"@id":"https:\/\/tdv.org\/tr-TR\/kadin-sanatcilarin-eserleri-depremzedeler-icin-sergileniyor\/#primaryimage"},"thumbnailUrl":"https:\/\/tdv.org\/tr-TR\/wp-content\/uploads\/2023\/03\/1-1.jpg","datePublished":"2023-03-04T08:22:55+00:00","dateModified":"2023-03-04T08:23:44+00:00","description":"D\u00fcnya Kad\u0131nlar G\u00fcn\u00fc dolay\u0131s\u0131yla 53 sanat\u00e7\u0131n\u0131n 70 eseriyle haz\u0131rlanan karma serginin geliri, 6 \u015eubat'taki Kahramanmara\u015f merkezli depremlerden etkilenen afetzedelere ba\u011f\u0131\u015flanacak.","breadcrumb":{"@id":"https:\/\/tdv.org\/tr-TR\/kadin-sanatcilarin-eserleri-depremzedeler-icin-sergileniyor\/#breadcrumb"},"inLanguage":"tr","potentialAction":[{"@type":"ReadAction","target":["https:\/\/tdv.org\/tr-TR\/kadin-sanatcilarin-eserleri-depremzedeler-icin-sergileniyor\/"]}]},{"@type":"ImageObject","inLanguage":"tr","@id":"https:\/\/tdv.org\/tr-TR\/kadin-sanatcilarin-eserleri-depremzedeler-icin-sergileniyor\/#primaryimage","url":"https:\/\/tdv.org\/tr-TR\/wp-content\/uploads\/2023\/03\/1-1.jpg","contentUrl":"https:\/\/tdv.org\/tr-TR\/wp-content\/uploads\/2023\/03\/1-1.jpg","width":1916,"height":1080},{"@type":"BreadcrumbList","@id":"https:\/\/tdv.org\/tr-TR\/kadin-sanatcilarin-eserleri-depremzedeler-icin-sergileniyor\/#breadcrumb","itemListElement":[{"@type":"ListItem","position":1,"name":"Anasayfa","item":"https:\/\/tdv.org\/tr-TR\/"},{"@type":"ListItem","position":2,"name":"Kad\u0131n sanat\u00e7\u0131lar\u0131n eserleri depremzedeler i\u00e7in sergileniyor"}]},{"@type":"WebSite","@id":"https:\/\/tdv.org\/tr-TR\/#website","url":"https:\/\/tdv.org\/tr-TR\/","name":"T\u00fcrkiye Diyanet Vakf\u0131 Resmi Web Sitesi","description":"Yery\u00fcz\u00fcnde iyilik egemen oluncaya kadar","publisher":{"@id":"https:\/\/tdv.org\/tr-TR\/#organization"},"alternateName":"T\u00fcrkiye Diyanet Vakf\u0131","potentialAction":[{"@type":"SearchAction","target":{"@type":"EntryPoint","urlTemplate":"https:\/\/tdv.org\/tr-TR\/?s={search_term_string}"},"query-input":{"@type":"PropertyValueSpecification","valueRequired":true,"valueName":"search_term_string"}}],"inLanguage":"tr"},{"@type":"Organization","@id":"https:\/\/tdv.org\/tr-TR\/#organization","name":"T\u00fcrkiye Diyanet Vakf\u0131","alternateName":"T\u00fcrkiye Diyanet Vakf\u0131","url":"https:\/\/tdv.org\/tr-TR\/","logo":{"@type":"ImageObject","inLanguage":"tr","@id":"https:\/\/tdv.org\/tr-TR\/#\/schema\/logo\/image\/","url":"https:\/\/tdv.org\/tr-TR\/wp-content\/uploads\/2018\/12\/TDV_Logo_1.png","contentUrl":"https:\/\/tdv.org\/tr-TR\/wp-content\/uploads\/2018\/12\/TDV_Logo_1.png","width":207,"height":71,"caption":"T\u00fcrkiye Diyanet Vakf\u0131"},"image":{"@id":"https:\/\/tdv.org\/tr-TR\/#\/schema\/logo\/image\/"},"sameAs":["https:\/\/www.facebook.com\/Diyanetvakfi\/","https:\/\/x.com\/DiyanetVakfi","https:\/\/www.instagram.com\/turkiyediyanetvakfi\/","https:\/\/www.youtube.com\/user\/TurkiyeDiyanetVakfi"]},{"@type":"Person","@id":"https:\/\/tdv.org\/tr-TR\/#\/schema\/person\/8dcf742852c4614c6fdadb92da159c05","name":"U\u011fur","image":{"@type":"ImageObject","inLanguage":"tr","@id":"https:\/\/tdv.org\/tr-TR\/wp-content\/litespeed\/avatar\/b970c0eba1124f8268544e2640bfa964.jpg?ver=1777289940","url":"https:\/\/tdv.org\/tr-TR\/wp-content\/litespeed\/avatar\/b970c0eba1124f8268544e2640bfa964.jpg?ver=1777289940","contentUrl":"https:\/\/tdv.org\/tr-TR\/wp-content\/litespeed\/avatar\/b970c0eba1124f8268544e2640bfa964.jpg?ver=1777289940","caption":"U\u011fur"}}]}},"_links":{"self":[{"href":"https:\/\/tdv.org\/tr-TR\/wp-json\/wp\/v2\/posts\/30794","targetHints":{"allow":["GET"]}}],"collection":[{"href":"https:\/\/tdv.org\/tr-TR\/wp-json\/wp\/v2\/posts"}],"about":[{"href":"https:\/\/tdv.org\/tr-TR\/wp-json\/wp\/v2\/types\/post"}],"author":[{"embeddable":true,"href":"https:\/\/tdv.org\/tr-TR\/wp-json\/wp\/v2\/users\/7"}],"replies":[{"embeddable":true,"href":"https:\/\/tdv.org\/tr-TR\/wp-json\/wp\/v2\/comments?post=30794"}],"version-history":[{"count":1,"href":"https:\/\/tdv.org\/tr-TR\/wp-json\/wp\/v2\/posts\/30794\/revisions"}],"predecessor-version":[{"id":30810,"href":"https:\/\/tdv.org\/tr-TR\/wp-json\/wp\/v2\/posts\/30794\/revisions\/30810"}],"wp:featuredmedia":[{"embeddable":true,"href":"https:\/\/tdv.org\/tr-TR\/wp-json\/wp\/v2\/media\/30795"}],"wp:attachment":[{"href":"https:\/\/tdv.org\/tr-TR\/wp-json\/wp\/v2\/media?parent=30794"}],"wp:term":[{"taxonomy":"category","embeddable":true,"href":"https:\/\/tdv.org\/tr-TR\/wp-json\/wp\/v2\/categories?post=30794"},{"taxonomy":"post_tag","embeddable":true,"href":"https:\/\/tdv.org\/tr-TR\/wp-json\/wp\/v2\/tags?post=30794"}],"curies":[{"name":"wp","href":"https:\/\/api.w.org\/{rel}","templated":true}]}}