{"id":30811,"date":"2023-03-04T11:40:24","date_gmt":"2023-03-04T08:40:24","guid":{"rendered":"https:\/\/tdv.org\/tr-TR\/?p=30811"},"modified":"2023-03-04T11:40:24","modified_gmt":"2023-03-04T08:40:24","slug":"diyanet-isleri-baskani-erbas-keciorendeki-iyilik-carsisini-ziyaret-etti","status":"publish","type":"post","link":"https:\/\/tdv.org\/tr-TR\/diyanet-isleri-baskani-erbas-keciorendeki-iyilik-carsisini-ziyaret-etti\/","title":{"rendered":"Diyanet \u0130\u015fleri Ba\u015fkan\u0131 Erba\u015f, Ke\u00e7i\u00f6ren&#8217;deki &#8220;\u0130yilik \u00c7ar\u015f\u0131s\u0131&#8221;n\u0131 ziyaret etti"},"content":{"rendered":"<p style=\"text-align: justify;\">Diyanet \u0130\u015fleri Ba\u015fkan\u0131 Ali Erba\u015f, Ankara Ke\u00e7i\u00f6ren \u0130l\u00e7e M\u00fcft\u00fcl\u00fc\u011f\u00fc ve T\u00fcrkiye Diyanet Vakf\u0131 (TDV) Ke\u00e7i\u00f6ren \u015eubesinin a\u00e7t\u0131\u011f\u0131 &#8220;\u0130yilik \u00c7ar\u015f\u0131s\u0131&#8221;n\u0131 ziyaret etti.<\/p>\n<p style=\"text-align: justify;\">Diyanet \u0130\u015fleri Ba\u015fkanl\u0131\u011f\u0131ndan yap\u0131lan yaz\u0131l\u0131 a\u00e7\u0131klamaya g\u00f6re, Erba\u015f, Ke\u00e7i\u00f6ren Belediye Ba\u015fkan\u0131 Turgut Alt\u0131nok ile \u00e7ar\u015f\u0131da deprem ma\u011fduru vatanda\u015flarla bir araya geldi.<\/p>\n<p style=\"text-align: justify;\">\u0130yilik \u00c7ar\u015f\u0131s\u0131&#8217;nda depremzedelerle sohbet eden Erba\u015f, hizmet veren personele de te\u015fekk\u00fcr etti.<\/p>\n<p style=\"text-align: justify;\">Erba\u015f, daha sonra Ke\u00e7i\u00f6ren&#8217;deki A\u015fa\u011f\u0131 E\u011flence Merkez 4-6 Ya\u015f Kur&#8217;an Kursunu da ziyaret ederek, bir s\u00fcre \u00e7ocuklarla sohbet etti.<\/p>\n\n\t\t<style type=\"text\/css\">\n\t\t\t#gallery-1 {\n\t\t\t\tmargin: auto;\n\t\t\t}\n\t\t\t#gallery-1 .gallery-item {\n\t\t\t\tfloat: left;\n\t\t\t\tmargin-top: 10px;\n\t\t\t\ttext-align: center;\n\t\t\t\twidth: 33%;\n\t\t\t}\n\t\t\t#gallery-1 img {\n\t\t\t\tborder: 2px solid #cfcfcf;\n\t\t\t}\n\t\t\t#gallery-1 .gallery-caption {\n\t\t\t\tmargin-left: 0;\n\t\t\t}\n\t\t\t\/* see gallery_shortcode() in wp-includes\/media.php *\/\n\t\t<\/style>\n\t\t<div id='gallery-1' class='gallery galleryid-30811 gallery-columns-3 gallery-size-full'><dl class='gallery-item'>\n\t\t\t<dt class='gallery-icon landscape'>\n\t\t\t\t<a href='https:\/\/tdv.org\/tr-TR\/wp-content\/uploads\/2023\/03\/AA-20230303-30464727-30464720-DIYANET_ISLERI_BASKANI_ERBAS_KECIORENDEKI_IYILIK_CARSISINI_ZIYARET_ETTI.jpg'><img decoding=\"async\" width=\"1620\" height=\"1080\" src=\"https:\/\/tdv.org\/tr-TR\/wp-content\/uploads\/2023\/03\/AA-20230303-30464727-30464720-DIYANET_ISLERI_BASKANI_ERBAS_KECIORENDEKI_IYILIK_CARSISINI_ZIYARET_ETTI.jpg\" class=\"attachment-full size-full\" alt=\"\" srcset=\"https:\/\/tdv.org\/tr-TR\/wp-content\/uploads\/2023\/03\/AA-20230303-30464727-30464720-DIYANET_ISLERI_BASKANI_ERBAS_KECIORENDEKI_IYILIK_CARSISINI_ZIYARET_ETTI.jpg 1620w, https:\/\/tdv.org\/tr-TR\/wp-content\/uploads\/2023\/03\/AA-20230303-30464727-30464720-DIYANET_ISLERI_BASKANI_ERBAS_KECIORENDEKI_IYILIK_CARSISINI_ZIYARET_ETTI-300x200.jpg 300w, https:\/\/tdv.org\/tr-TR\/wp-content\/uploads\/2023\/03\/AA-20230303-30464727-30464720-DIYANET_ISLERI_BASKANI_ERBAS_KECIORENDEKI_IYILIK_CARSISINI_ZIYARET_ETTI-1024x683.jpg 1024w, https:\/\/tdv.org\/tr-TR\/wp-content\/uploads\/2023\/03\/AA-20230303-30464727-30464720-DIYANET_ISLERI_BASKANI_ERBAS_KECIORENDEKI_IYILIK_CARSISINI_ZIYARET_ETTI-768x512.jpg 768w, https:\/\/tdv.org\/tr-TR\/wp-content\/uploads\/2023\/03\/AA-20230303-30464727-30464720-DIYANET_ISLERI_BASKANI_ERBAS_KECIORENDEKI_IYILIK_CARSISINI_ZIYARET_ETTI-1536x1024.jpg 1536w, https:\/\/tdv.org\/tr-TR\/wp-content\/uploads\/2023\/03\/AA-20230303-30464727-30464720-DIYANET_ISLERI_BASKANI_ERBAS_KECIORENDEKI_IYILIK_CARSISINI_ZIYARET_ETTI-900x600.jpg 900w\" sizes=\"(max-width: 1620px) 100vw, 1620px\" \/><\/a>\n\t\t\t<\/dt><\/dl><dl class='gallery-item'>\n\t\t\t<dt class='gallery-icon landscape'>\n\t\t\t\t<a href='https:\/\/tdv.org\/tr-TR\/wp-content\/uploads\/2023\/03\/AA-20230303-30464727-30464721-DIYANET_ISLERI_BASKANI_ERBAS_KECIORENDEKI_IYILIK_CARSISINI_ZIYARET_ETTI.jpg'><img decoding=\"async\" width=\"1620\" height=\"1080\" src=\"https:\/\/tdv.org\/tr-TR\/wp-content\/uploads\/2023\/03\/AA-20230303-30464727-30464721-DIYANET_ISLERI_BASKANI_ERBAS_KECIORENDEKI_IYILIK_CARSISINI_ZIYARET_ETTI.jpg\" class=\"attachment-full size-full\" alt=\"\" srcset=\"https:\/\/tdv.org\/tr-TR\/wp-content\/uploads\/2023\/03\/AA-20230303-30464727-30464721-DIYANET_ISLERI_BASKANI_ERBAS_KECIORENDEKI_IYILIK_CARSISINI_ZIYARET_ETTI.jpg 1620w, https:\/\/tdv.org\/tr-TR\/wp-content\/uploads\/2023\/03\/AA-20230303-30464727-30464721-DIYANET_ISLERI_BASKANI_ERBAS_KECIORENDEKI_IYILIK_CARSISINI_ZIYARET_ETTI-300x200.jpg 300w, https:\/\/tdv.org\/tr-TR\/wp-content\/uploads\/2023\/03\/AA-20230303-30464727-30464721-DIYANET_ISLERI_BASKANI_ERBAS_KECIORENDEKI_IYILIK_CARSISINI_ZIYARET_ETTI-1024x683.jpg 1024w, https:\/\/tdv.org\/tr-TR\/wp-content\/uploads\/2023\/03\/AA-20230303-30464727-30464721-DIYANET_ISLERI_BASKANI_ERBAS_KECIORENDEKI_IYILIK_CARSISINI_ZIYARET_ETTI-768x512.jpg 768w, https:\/\/tdv.org\/tr-TR\/wp-content\/uploads\/2023\/03\/AA-20230303-30464727-30464721-DIYANET_ISLERI_BASKANI_ERBAS_KECIORENDEKI_IYILIK_CARSISINI_ZIYARET_ETTI-1536x1024.jpg 1536w, https:\/\/tdv.org\/tr-TR\/wp-content\/uploads\/2023\/03\/AA-20230303-30464727-30464721-DIYANET_ISLERI_BASKANI_ERBAS_KECIORENDEKI_IYILIK_CARSISINI_ZIYARET_ETTI-900x600.jpg 900w\" sizes=\"(max-width: 1620px) 100vw, 1620px\" \/><\/a>\n\t\t\t<\/dt><\/dl><dl class='gallery-item'>\n\t\t\t<dt class='gallery-icon landscape'>\n\t\t\t\t<a href='https:\/\/tdv.org\/tr-TR\/wp-content\/uploads\/2023\/03\/AA-20230303-30464727-30464723-DIYANET_ISLERI_BASKANI_ERBAS_KECIORENDEKI_IYILIK_CARSISINI_ZIYARET_ETTI.jpg'><img decoding=\"async\" width=\"1620\" height=\"1080\" src=\"https:\/\/tdv.org\/tr-TR\/wp-content\/uploads\/2023\/03\/AA-20230303-30464727-30464723-DIYANET_ISLERI_BASKANI_ERBAS_KECIORENDEKI_IYILIK_CARSISINI_ZIYARET_ETTI.jpg\" class=\"attachment-full size-full\" alt=\"\" srcset=\"https:\/\/tdv.org\/tr-TR\/wp-content\/uploads\/2023\/03\/AA-20230303-30464727-30464723-DIYANET_ISLERI_BASKANI_ERBAS_KECIORENDEKI_IYILIK_CARSISINI_ZIYARET_ETTI.jpg 1620w, https:\/\/tdv.org\/tr-TR\/wp-content\/uploads\/2023\/03\/AA-20230303-30464727-30464723-DIYANET_ISLERI_BASKANI_ERBAS_KECIORENDEKI_IYILIK_CARSISINI_ZIYARET_ETTI-300x200.jpg 300w, https:\/\/tdv.org\/tr-TR\/wp-content\/uploads\/2023\/03\/AA-20230303-30464727-30464723-DIYANET_ISLERI_BASKANI_ERBAS_KECIORENDEKI_IYILIK_CARSISINI_ZIYARET_ETTI-1024x683.jpg 1024w, https:\/\/tdv.org\/tr-TR\/wp-content\/uploads\/2023\/03\/AA-20230303-30464727-30464723-DIYANET_ISLERI_BASKANI_ERBAS_KECIORENDEKI_IYILIK_CARSISINI_ZIYARET_ETTI-768x512.jpg 768w, https:\/\/tdv.org\/tr-TR\/wp-content\/uploads\/2023\/03\/AA-20230303-30464727-30464723-DIYANET_ISLERI_BASKANI_ERBAS_KECIORENDEKI_IYILIK_CARSISINI_ZIYARET_ETTI-1536x1024.jpg 1536w, https:\/\/tdv.org\/tr-TR\/wp-content\/uploads\/2023\/03\/AA-20230303-30464727-30464723-DIYANET_ISLERI_BASKANI_ERBAS_KECIORENDEKI_IYILIK_CARSISINI_ZIYARET_ETTI-900x600.jpg 900w\" sizes=\"(max-width: 1620px) 100vw, 1620px\" \/><\/a>\n\t\t\t<\/dt><\/dl><br style=\"clear: both\" \/><dl class='gallery-item'>\n\t\t\t<dt class='gallery-icon landscape'>\n\t\t\t\t<a href='https:\/\/tdv.org\/tr-TR\/wp-content\/uploads\/2023\/03\/AA-20230303-30464727-30464724-DIYANET_ISLERI_BASKANI_ERBAS_KECIORENDEKI_IYILIK_CARSISINI_ZIYARET_ETTI.jpg'><img decoding=\"async\" width=\"1620\" height=\"1080\" src=\"https:\/\/tdv.org\/tr-TR\/wp-content\/uploads\/2023\/03\/AA-20230303-30464727-30464724-DIYANET_ISLERI_BASKANI_ERBAS_KECIORENDEKI_IYILIK_CARSISINI_ZIYARET_ETTI.jpg\" class=\"attachment-full size-full\" alt=\"\" srcset=\"https:\/\/tdv.org\/tr-TR\/wp-content\/uploads\/2023\/03\/AA-20230303-30464727-30464724-DIYANET_ISLERI_BASKANI_ERBAS_KECIORENDEKI_IYILIK_CARSISINI_ZIYARET_ETTI.jpg 1620w, https:\/\/tdv.org\/tr-TR\/wp-content\/uploads\/2023\/03\/AA-20230303-30464727-30464724-DIYANET_ISLERI_BASKANI_ERBAS_KECIORENDEKI_IYILIK_CARSISINI_ZIYARET_ETTI-300x200.jpg 300w, https:\/\/tdv.org\/tr-TR\/wp-content\/uploads\/2023\/03\/AA-20230303-30464727-30464724-DIYANET_ISLERI_BASKANI_ERBAS_KECIORENDEKI_IYILIK_CARSISINI_ZIYARET_ETTI-1024x683.jpg 1024w, https:\/\/tdv.org\/tr-TR\/wp-content\/uploads\/2023\/03\/AA-20230303-30464727-30464724-DIYANET_ISLERI_BASKANI_ERBAS_KECIORENDEKI_IYILIK_CARSISINI_ZIYARET_ETTI-768x512.jpg 768w, https:\/\/tdv.org\/tr-TR\/wp-content\/uploads\/2023\/03\/AA-20230303-30464727-30464724-DIYANET_ISLERI_BASKANI_ERBAS_KECIORENDEKI_IYILIK_CARSISINI_ZIYARET_ETTI-1536x1024.jpg 1536w, https:\/\/tdv.org\/tr-TR\/wp-content\/uploads\/2023\/03\/AA-20230303-30464727-30464724-DIYANET_ISLERI_BASKANI_ERBAS_KECIORENDEKI_IYILIK_CARSISINI_ZIYARET_ETTI-900x600.jpg 900w\" sizes=\"(max-width: 1620px) 100vw, 1620px\" \/><\/a>\n\t\t\t<\/dt><\/dl><dl class='gallery-item'>\n\t\t\t<dt class='gallery-icon landscape'>\n\t\t\t\t<a href='https:\/\/tdv.org\/tr-TR\/wp-content\/uploads\/2023\/03\/AA-20230303-30464727-30464725-DIYANET_ISLERI_BASKANI_ERBAS_KECIORENDEKI_IYILIK_CARSISINI_ZIYARET_ETTI.jpg'><img decoding=\"async\" width=\"1620\" height=\"1080\" src=\"https:\/\/tdv.org\/tr-TR\/wp-content\/uploads\/2023\/03\/AA-20230303-30464727-30464725-DIYANET_ISLERI_BASKANI_ERBAS_KECIORENDEKI_IYILIK_CARSISINI_ZIYARET_ETTI.jpg\" class=\"attachment-full size-full\" alt=\"\" srcset=\"https:\/\/tdv.org\/tr-TR\/wp-content\/uploads\/2023\/03\/AA-20230303-30464727-30464725-DIYANET_ISLERI_BASKANI_ERBAS_KECIORENDEKI_IYILIK_CARSISINI_ZIYARET_ETTI.jpg 1620w, https:\/\/tdv.org\/tr-TR\/wp-content\/uploads\/2023\/03\/AA-20230303-30464727-30464725-DIYANET_ISLERI_BASKANI_ERBAS_KECIORENDEKI_IYILIK_CARSISINI_ZIYARET_ETTI-300x200.jpg 300w, https:\/\/tdv.org\/tr-TR\/wp-content\/uploads\/2023\/03\/AA-20230303-30464727-30464725-DIYANET_ISLERI_BASKANI_ERBAS_KECIORENDEKI_IYILIK_CARSISINI_ZIYARET_ETTI-1024x683.jpg 1024w, https:\/\/tdv.org\/tr-TR\/wp-content\/uploads\/2023\/03\/AA-20230303-30464727-30464725-DIYANET_ISLERI_BASKANI_ERBAS_KECIORENDEKI_IYILIK_CARSISINI_ZIYARET_ETTI-768x512.jpg 768w, https:\/\/tdv.org\/tr-TR\/wp-content\/uploads\/2023\/03\/AA-20230303-30464727-30464725-DIYANET_ISLERI_BASKANI_ERBAS_KECIORENDEKI_IYILIK_CARSISINI_ZIYARET_ETTI-1536x1024.jpg 1536w, https:\/\/tdv.org\/tr-TR\/wp-content\/uploads\/2023\/03\/AA-20230303-30464727-30464725-DIYANET_ISLERI_BASKANI_ERBAS_KECIORENDEKI_IYILIK_CARSISINI_ZIYARET_ETTI-900x600.jpg 900w\" sizes=\"(max-width: 1620px) 100vw, 1620px\" \/><\/a>\n\t\t\t<\/dt><\/dl><dl class='gallery-item'>\n\t\t\t<dt class='gallery-icon landscape'>\n\t\t\t\t<a href='https:\/\/tdv.org\/tr-TR\/wp-content\/uploads\/2023\/03\/AA-20230303-30464727-30464726-DIYANET_ISLERI_BASKANI_ERBAS_KECIORENDEKI_IYILIK_CARSISINI_ZIYARET_ETTI.jpg'><img decoding=\"async\" width=\"1620\" height=\"1080\" src=\"https:\/\/tdv.org\/tr-TR\/wp-content\/uploads\/2023\/03\/AA-20230303-30464727-30464726-DIYANET_ISLERI_BASKANI_ERBAS_KECIORENDEKI_IYILIK_CARSISINI_ZIYARET_ETTI.jpg\" class=\"attachment-full size-full\" alt=\"\" srcset=\"https:\/\/tdv.org\/tr-TR\/wp-content\/uploads\/2023\/03\/AA-20230303-30464727-30464726-DIYANET_ISLERI_BASKANI_ERBAS_KECIORENDEKI_IYILIK_CARSISINI_ZIYARET_ETTI.jpg 1620w, https:\/\/tdv.org\/tr-TR\/wp-content\/uploads\/2023\/03\/AA-20230303-30464727-30464726-DIYANET_ISLERI_BASKANI_ERBAS_KECIORENDEKI_IYILIK_CARSISINI_ZIYARET_ETTI-300x200.jpg 300w, https:\/\/tdv.org\/tr-TR\/wp-content\/uploads\/2023\/03\/AA-20230303-30464727-30464726-DIYANET_ISLERI_BASKANI_ERBAS_KECIORENDEKI_IYILIK_CARSISINI_ZIYARET_ETTI-1024x683.jpg 1024w, https:\/\/tdv.org\/tr-TR\/wp-content\/uploads\/2023\/03\/AA-20230303-30464727-30464726-DIYANET_ISLERI_BASKANI_ERBAS_KECIORENDEKI_IYILIK_CARSISINI_ZIYARET_ETTI-768x512.jpg 768w, https:\/\/tdv.org\/tr-TR\/wp-content\/uploads\/2023\/03\/AA-20230303-30464727-30464726-DIYANET_ISLERI_BASKANI_ERBAS_KECIORENDEKI_IYILIK_CARSISINI_ZIYARET_ETTI-1536x1024.jpg 1536w, https:\/\/tdv.org\/tr-TR\/wp-content\/uploads\/2023\/03\/AA-20230303-30464727-30464726-DIYANET_ISLERI_BASKANI_ERBAS_KECIORENDEKI_IYILIK_CARSISINI_ZIYARET_ETTI-900x600.jpg 900w\" sizes=\"(max-width: 1620px) 100vw, 1620px\" \/><\/a>\n\t\t\t<\/dt><\/dl><br style=\"clear: both\" \/>\n\t\t<\/div>\n\n","protected":false},"excerpt":{"rendered":"<p>Diyanet \u0130\u015fleri Ba\u015fkan\u0131 Ali Erba\u015f, Ankara Ke\u00e7i\u00f6ren \u0130l\u00e7e M\u00fcft\u00fcl\u00fc\u011f\u00fc ve T\u00fcrkiye Diyanet Vakf\u0131 (TDV) Ke\u00e7i\u00f6ren \u015eubesinin a\u00e7t\u0131\u011f\u0131 &#8220;\u0130yilik \u00c7ar\u015f\u0131s\u0131&#8221;n\u0131 ziyaret etti. Diyanet \u0130\u015fleri Ba\u015fkanl\u0131\u011f\u0131ndan yap\u0131lan yaz\u0131l\u0131 a\u00e7\u0131klamaya g\u00f6re, Erba\u015f, Ke\u00e7i\u00f6ren&#8230;<\/p>\n","protected":false},"author":7,"featured_media":30812,"comment_status":"open","ping_status":"closed","sticky":false,"template":"","format":"standard","meta":{"footnotes":""},"categories":[1],"tags":[1317,1889,505,413,412,2097,2098],"class_list":{"0":"post-30811","1":"post","2":"type-post","3":"status-publish","4":"format-standard","5":"has-post-thumbnail","7":"category-haberler","8":"tag-ankara","9":"tag-baskan","10":"tag-depremzede","11":"tag-diyanet","12":"tag-iyilik","13":"tag-iyilik-carsisi","14":"tag-kecioren"},"yoast_head":"<!-- This site is optimized with the Yoast SEO plugin v27.5 - https:\/\/yoast.com\/product\/yoast-seo-wordpress\/ -->\n<title>Diyanet \u0130\u015fleri Ba\u015fkan\u0131 Erba\u015f, Ke\u00e7i\u00f6ren&#039;deki &quot;\u0130yilik \u00c7ar\u015f\u0131s\u0131&quot;n\u0131 ziyaret etti<\/title>\n<meta name=\"description\" content=\"Diyanet \u0130\u015fleri Ba\u015fkan\u0131 Ali Erba\u015f, Ankara Ke\u00e7i\u00f6ren \u0130l\u00e7e M\u00fcft\u00fcl\u00fc\u011f\u00fc ve T\u00fcrkiye Diyanet Vakf\u0131 (TDV) Ke\u00e7i\u00f6ren \u015eubesinin a\u00e7t\u0131\u011f\u0131 &quot;\u0130yilik \u00c7ar\u015f\u0131s\u0131&quot;n\u0131 ziyaret etti.\" \/>\n<meta name=\"robots\" content=\"index, follow, max-snippet:-1, max-image-preview:large, max-video-preview:-1\" \/>\n<link rel=\"canonical\" href=\"https:\/\/tdv.org\/tr-TR\/diyanet-isleri-baskani-erbas-keciorendeki-iyilik-carsisini-ziyaret-etti\/\" \/>\n<meta property=\"og:locale\" content=\"tr_TR\" \/>\n<meta property=\"og:type\" content=\"article\" \/>\n<meta property=\"og:title\" content=\"Diyanet \u0130\u015fleri Ba\u015fkan\u0131 Erba\u015f, Ke\u00e7i\u00f6ren&#039;deki &quot;\u0130yilik \u00c7ar\u015f\u0131s\u0131&quot;n\u0131 ziyaret etti\" \/>\n<meta property=\"og:description\" content=\"Diyanet \u0130\u015fleri Ba\u015fkan\u0131 Ali Erba\u015f, Ankara Ke\u00e7i\u00f6ren \u0130l\u00e7e M\u00fcft\u00fcl\u00fc\u011f\u00fc ve T\u00fcrkiye Diyanet Vakf\u0131 (TDV) Ke\u00e7i\u00f6ren \u015eubesinin a\u00e7t\u0131\u011f\u0131 &quot;\u0130yilik \u00c7ar\u015f\u0131s\u0131&quot;n\u0131 ziyaret etti.\" \/>\n<meta property=\"og:url\" content=\"https:\/\/tdv.org\/tr-TR\/diyanet-isleri-baskani-erbas-keciorendeki-iyilik-carsisini-ziyaret-etti\/\" \/>\n<meta property=\"og:site_name\" content=\"T\u00fcrkiye Diyanet Vakf\u0131 Resmi Web Sitesi\" \/>\n<meta property=\"article:publisher\" content=\"https:\/\/www.facebook.com\/Diyanetvakfi\/\" \/>\n<meta property=\"article:published_time\" content=\"2023-03-04T08:40:24+00:00\" \/>\n<meta property=\"og:image\" content=\"https:\/\/tdv.org\/tr-TR\/wp-content\/uploads\/2023\/03\/AA-20230303-30464727-30464720-DIYANET_ISLERI_BASKANI_ERBAS_KECIORENDEKI_IYILIK_CARSISINI_ZIYARET_ETTI.jpg\" \/>\n\t<meta property=\"og:image:width\" content=\"1620\" \/>\n\t<meta property=\"og:image:height\" content=\"1080\" \/>\n\t<meta property=\"og:image:type\" content=\"image\/jpeg\" \/>\n<meta name=\"author\" content=\"U\u011fur\" \/>\n<meta name=\"twitter:card\" content=\"summary_large_image\" \/>\n<meta name=\"twitter:creator\" content=\"@DiyanetVakfi\" \/>\n<meta name=\"twitter:site\" content=\"@DiyanetVakfi\" \/>\n<script type=\"application\/ld+json\" class=\"yoast-schema-graph\">{\"@context\":\"https:\\\/\\\/schema.org\",\"@graph\":[{\"@type\":\"Article\",\"@id\":\"https:\\\/\\\/tdv.org\\\/tr-TR\\\/diyanet-isleri-baskani-erbas-keciorendeki-iyilik-carsisini-ziyaret-etti\\\/#article\",\"isPartOf\":{\"@id\":\"https:\\\/\\\/tdv.org\\\/tr-TR\\\/diyanet-isleri-baskani-erbas-keciorendeki-iyilik-carsisini-ziyaret-etti\\\/\"},\"author\":{\"name\":\"U\u011fur\",\"@id\":\"https:\\\/\\\/tdv.org\\\/tr-TR\\\/#\\\/schema\\\/person\\\/8dcf742852c4614c6fdadb92da159c05\"},\"headline\":\"Diyanet \u0130\u015fleri Ba\u015fkan\u0131 Erba\u015f, Ke\u00e7i\u00f6ren&#8217;deki &#8220;\u0130yilik \u00c7ar\u015f\u0131s\u0131&#8221;n\u0131 ziyaret etti\",\"datePublished\":\"2023-03-04T08:40:24+00:00\",\"mainEntityOfPage\":{\"@id\":\"https:\\\/\\\/tdv.org\\\/tr-TR\\\/diyanet-isleri-baskani-erbas-keciorendeki-iyilik-carsisini-ziyaret-etti\\\/\"},\"wordCount\":130,\"commentCount\":0,\"publisher\":{\"@id\":\"https:\\\/\\\/tdv.org\\\/tr-TR\\\/#organization\"},\"image\":{\"@id\":\"https:\\\/\\\/tdv.org\\\/tr-TR\\\/diyanet-isleri-baskani-erbas-keciorendeki-iyilik-carsisini-ziyaret-etti\\\/#primaryimage\"},\"thumbnailUrl\":\"https:\\\/\\\/tdv.org\\\/tr-TR\\\/wp-content\\\/uploads\\\/2023\\\/03\\\/AA-20230303-30464727-30464720-DIYANET_ISLERI_BASKANI_ERBAS_KECIORENDEKI_IYILIK_CARSISINI_ZIYARET_ETTI.jpg\",\"keywords\":[\"ankara\",\"ba\u015fkan\",\"depremzede\",\"Diyanet\",\"iyilik\",\"iyilik \u00e7ar\u015f\u0131s\u0131\",\"ke\u00e7i\u00f6ren\"],\"articleSection\":[\"Haberler\"],\"inLanguage\":\"tr\",\"potentialAction\":[{\"@type\":\"CommentAction\",\"name\":\"Comment\",\"target\":[\"https:\\\/\\\/tdv.org\\\/tr-TR\\\/diyanet-isleri-baskani-erbas-keciorendeki-iyilik-carsisini-ziyaret-etti\\\/#respond\"]}]},{\"@type\":\"WebPage\",\"@id\":\"https:\\\/\\\/tdv.org\\\/tr-TR\\\/diyanet-isleri-baskani-erbas-keciorendeki-iyilik-carsisini-ziyaret-etti\\\/\",\"url\":\"https:\\\/\\\/tdv.org\\\/tr-TR\\\/diyanet-isleri-baskani-erbas-keciorendeki-iyilik-carsisini-ziyaret-etti\\\/\",\"name\":\"Diyanet \u0130\u015fleri Ba\u015fkan\u0131 Erba\u015f, Ke\u00e7i\u00f6ren'deki \\\"\u0130yilik \u00c7ar\u015f\u0131s\u0131\\\"n\u0131 ziyaret etti\",\"isPartOf\":{\"@id\":\"https:\\\/\\\/tdv.org\\\/tr-TR\\\/#website\"},\"primaryImageOfPage\":{\"@id\":\"https:\\\/\\\/tdv.org\\\/tr-TR\\\/diyanet-isleri-baskani-erbas-keciorendeki-iyilik-carsisini-ziyaret-etti\\\/#primaryimage\"},\"image\":{\"@id\":\"https:\\\/\\\/tdv.org\\\/tr-TR\\\/diyanet-isleri-baskani-erbas-keciorendeki-iyilik-carsisini-ziyaret-etti\\\/#primaryimage\"},\"thumbnailUrl\":\"https:\\\/\\\/tdv.org\\\/tr-TR\\\/wp-content\\\/uploads\\\/2023\\\/03\\\/AA-20230303-30464727-30464720-DIYANET_ISLERI_BASKANI_ERBAS_KECIORENDEKI_IYILIK_CARSISINI_ZIYARET_ETTI.jpg\",\"datePublished\":\"2023-03-04T08:40:24+00:00\",\"description\":\"Diyanet \u0130\u015fleri Ba\u015fkan\u0131 Ali Erba\u015f, Ankara Ke\u00e7i\u00f6ren \u0130l\u00e7e M\u00fcft\u00fcl\u00fc\u011f\u00fc ve T\u00fcrkiye Diyanet Vakf\u0131 (TDV) Ke\u00e7i\u00f6ren \u015eubesinin a\u00e7t\u0131\u011f\u0131 \\\"\u0130yilik \u00c7ar\u015f\u0131s\u0131\\\"n\u0131 ziyaret etti.\",\"breadcrumb\":{\"@id\":\"https:\\\/\\\/tdv.org\\\/tr-TR\\\/diyanet-isleri-baskani-erbas-keciorendeki-iyilik-carsisini-ziyaret-etti\\\/#breadcrumb\"},\"inLanguage\":\"tr\",\"potentialAction\":[{\"@type\":\"ReadAction\",\"target\":[\"https:\\\/\\\/tdv.org\\\/tr-TR\\\/diyanet-isleri-baskani-erbas-keciorendeki-iyilik-carsisini-ziyaret-etti\\\/\"]}]},{\"@type\":\"ImageObject\",\"inLanguage\":\"tr\",\"@id\":\"https:\\\/\\\/tdv.org\\\/tr-TR\\\/diyanet-isleri-baskani-erbas-keciorendeki-iyilik-carsisini-ziyaret-etti\\\/#primaryimage\",\"url\":\"https:\\\/\\\/tdv.org\\\/tr-TR\\\/wp-content\\\/uploads\\\/2023\\\/03\\\/AA-20230303-30464727-30464720-DIYANET_ISLERI_BASKANI_ERBAS_KECIORENDEKI_IYILIK_CARSISINI_ZIYARET_ETTI.jpg\",\"contentUrl\":\"https:\\\/\\\/tdv.org\\\/tr-TR\\\/wp-content\\\/uploads\\\/2023\\\/03\\\/AA-20230303-30464727-30464720-DIYANET_ISLERI_BASKANI_ERBAS_KECIORENDEKI_IYILIK_CARSISINI_ZIYARET_ETTI.jpg\",\"width\":1620,\"height\":1080},{\"@type\":\"BreadcrumbList\",\"@id\":\"https:\\\/\\\/tdv.org\\\/tr-TR\\\/diyanet-isleri-baskani-erbas-keciorendeki-iyilik-carsisini-ziyaret-etti\\\/#breadcrumb\",\"itemListElement\":[{\"@type\":\"ListItem\",\"position\":1,\"name\":\"Anasayfa\",\"item\":\"https:\\\/\\\/tdv.org\\\/tr-TR\\\/\"},{\"@type\":\"ListItem\",\"position\":2,\"name\":\"Diyanet \u0130\u015fleri Ba\u015fkan\u0131 Erba\u015f, Ke\u00e7i\u00f6ren&#8217;deki &#8220;\u0130yilik \u00c7ar\u015f\u0131s\u0131&#8221;n\u0131 ziyaret etti\"}]},{\"@type\":\"WebSite\",\"@id\":\"https:\\\/\\\/tdv.org\\\/tr-TR\\\/#website\",\"url\":\"https:\\\/\\\/tdv.org\\\/tr-TR\\\/\",\"name\":\"T\u00fcrkiye Diyanet Vakf\u0131 Resmi Web Sitesi\",\"description\":\"Yery\u00fcz\u00fcnde iyilik egemen oluncaya kadar\",\"publisher\":{\"@id\":\"https:\\\/\\\/tdv.org\\\/tr-TR\\\/#organization\"},\"alternateName\":\"T\u00fcrkiye Diyanet Vakf\u0131\",\"potentialAction\":[{\"@type\":\"SearchAction\",\"target\":{\"@type\":\"EntryPoint\",\"urlTemplate\":\"https:\\\/\\\/tdv.org\\\/tr-TR\\\/?s={search_term_string}\"},\"query-input\":{\"@type\":\"PropertyValueSpecification\",\"valueRequired\":true,\"valueName\":\"search_term_string\"}}],\"inLanguage\":\"tr\"},{\"@type\":\"Organization\",\"@id\":\"https:\\\/\\\/tdv.org\\\/tr-TR\\\/#organization\",\"name\":\"T\u00fcrkiye Diyanet Vakf\u0131\",\"alternateName\":\"T\u00fcrkiye Diyanet Vakf\u0131\",\"url\":\"https:\\\/\\\/tdv.org\\\/tr-TR\\\/\",\"logo\":{\"@type\":\"ImageObject\",\"inLanguage\":\"tr\",\"@id\":\"https:\\\/\\\/tdv.org\\\/tr-TR\\\/#\\\/schema\\\/logo\\\/image\\\/\",\"url\":\"https:\\\/\\\/tdv.org\\\/tr-TR\\\/wp-content\\\/uploads\\\/2018\\\/12\\\/TDV_Logo_1.png\",\"contentUrl\":\"https:\\\/\\\/tdv.org\\\/tr-TR\\\/wp-content\\\/uploads\\\/2018\\\/12\\\/TDV_Logo_1.png\",\"width\":207,\"height\":71,\"caption\":\"T\u00fcrkiye Diyanet Vakf\u0131\"},\"image\":{\"@id\":\"https:\\\/\\\/tdv.org\\\/tr-TR\\\/#\\\/schema\\\/logo\\\/image\\\/\"},\"sameAs\":[\"https:\\\/\\\/www.facebook.com\\\/Diyanetvakfi\\\/\",\"https:\\\/\\\/x.com\\\/DiyanetVakfi\",\"https:\\\/\\\/www.instagram.com\\\/turkiyediyanetvakfi\\\/\",\"https:\\\/\\\/www.youtube.com\\\/user\\\/TurkiyeDiyanetVakfi\"]},{\"@type\":\"Person\",\"@id\":\"https:\\\/\\\/tdv.org\\\/tr-TR\\\/#\\\/schema\\\/person\\\/8dcf742852c4614c6fdadb92da159c05\",\"name\":\"U\u011fur\",\"image\":{\"@type\":\"ImageObject\",\"inLanguage\":\"tr\",\"@id\":\"https:\\\/\\\/tdv.org\\\/tr-TR\\\/wp-content\\\/litespeed\\\/avatar\\\/b970c0eba1124f8268544e2640bfa964.jpg?ver=1777289940\",\"url\":\"https:\\\/\\\/tdv.org\\\/tr-TR\\\/wp-content\\\/litespeed\\\/avatar\\\/b970c0eba1124f8268544e2640bfa964.jpg?ver=1777289940\",\"contentUrl\":\"https:\\\/\\\/tdv.org\\\/tr-TR\\\/wp-content\\\/litespeed\\\/avatar\\\/b970c0eba1124f8268544e2640bfa964.jpg?ver=1777289940\",\"caption\":\"U\u011fur\"}}]}<\/script>\n<!-- \/ Yoast SEO plugin. -->","yoast_head_json":{"title":"Diyanet \u0130\u015fleri Ba\u015fkan\u0131 Erba\u015f, Ke\u00e7i\u00f6ren'deki \"\u0130yilik \u00c7ar\u015f\u0131s\u0131\"n\u0131 ziyaret etti","description":"Diyanet \u0130\u015fleri Ba\u015fkan\u0131 Ali Erba\u015f, Ankara Ke\u00e7i\u00f6ren \u0130l\u00e7e M\u00fcft\u00fcl\u00fc\u011f\u00fc ve T\u00fcrkiye Diyanet Vakf\u0131 (TDV) Ke\u00e7i\u00f6ren \u015eubesinin a\u00e7t\u0131\u011f\u0131 \"\u0130yilik \u00c7ar\u015f\u0131s\u0131\"n\u0131 ziyaret etti.","robots":{"index":"index","follow":"follow","max-snippet":"max-snippet:-1","max-image-preview":"max-image-preview:large","max-video-preview":"max-video-preview:-1"},"canonical":"https:\/\/tdv.org\/tr-TR\/diyanet-isleri-baskani-erbas-keciorendeki-iyilik-carsisini-ziyaret-etti\/","og_locale":"tr_TR","og_type":"article","og_title":"Diyanet \u0130\u015fleri Ba\u015fkan\u0131 Erba\u015f, Ke\u00e7i\u00f6ren'deki \"\u0130yilik \u00c7ar\u015f\u0131s\u0131\"n\u0131 ziyaret etti","og_description":"Diyanet \u0130\u015fleri Ba\u015fkan\u0131 Ali Erba\u015f, Ankara Ke\u00e7i\u00f6ren \u0130l\u00e7e M\u00fcft\u00fcl\u00fc\u011f\u00fc ve T\u00fcrkiye Diyanet Vakf\u0131 (TDV) Ke\u00e7i\u00f6ren \u015eubesinin a\u00e7t\u0131\u011f\u0131 \"\u0130yilik \u00c7ar\u015f\u0131s\u0131\"n\u0131 ziyaret etti.","og_url":"https:\/\/tdv.org\/tr-TR\/diyanet-isleri-baskani-erbas-keciorendeki-iyilik-carsisini-ziyaret-etti\/","og_site_name":"T\u00fcrkiye Diyanet Vakf\u0131 Resmi Web Sitesi","article_publisher":"https:\/\/www.facebook.com\/Diyanetvakfi\/","article_published_time":"2023-03-04T08:40:24+00:00","og_image":[{"width":1620,"height":1080,"url":"https:\/\/tdv.org\/tr-TR\/wp-content\/uploads\/2023\/03\/AA-20230303-30464727-30464720-DIYANET_ISLERI_BASKANI_ERBAS_KECIORENDEKI_IYILIK_CARSISINI_ZIYARET_ETTI.jpg","type":"image\/jpeg"}],"author":"U\u011fur","twitter_card":"summary_large_image","twitter_creator":"@DiyanetVakfi","twitter_site":"@DiyanetVakfi","schema":{"@context":"https:\/\/schema.org","@graph":[{"@type":"Article","@id":"https:\/\/tdv.org\/tr-TR\/diyanet-isleri-baskani-erbas-keciorendeki-iyilik-carsisini-ziyaret-etti\/#article","isPartOf":{"@id":"https:\/\/tdv.org\/tr-TR\/diyanet-isleri-baskani-erbas-keciorendeki-iyilik-carsisini-ziyaret-etti\/"},"author":{"name":"U\u011fur","@id":"https:\/\/tdv.org\/tr-TR\/#\/schema\/person\/8dcf742852c4614c6fdadb92da159c05"},"headline":"Diyanet \u0130\u015fleri Ba\u015fkan\u0131 Erba\u015f, Ke\u00e7i\u00f6ren&#8217;deki &#8220;\u0130yilik \u00c7ar\u015f\u0131s\u0131&#8221;n\u0131 ziyaret etti","datePublished":"2023-03-04T08:40:24+00:00","mainEntityOfPage":{"@id":"https:\/\/tdv.org\/tr-TR\/diyanet-isleri-baskani-erbas-keciorendeki-iyilik-carsisini-ziyaret-etti\/"},"wordCount":130,"commentCount":0,"publisher":{"@id":"https:\/\/tdv.org\/tr-TR\/#organization"},"image":{"@id":"https:\/\/tdv.org\/tr-TR\/diyanet-isleri-baskani-erbas-keciorendeki-iyilik-carsisini-ziyaret-etti\/#primaryimage"},"thumbnailUrl":"https:\/\/tdv.org\/tr-TR\/wp-content\/uploads\/2023\/03\/AA-20230303-30464727-30464720-DIYANET_ISLERI_BASKANI_ERBAS_KECIORENDEKI_IYILIK_CARSISINI_ZIYARET_ETTI.jpg","keywords":["ankara","ba\u015fkan","depremzede","Diyanet","iyilik","iyilik \u00e7ar\u015f\u0131s\u0131","ke\u00e7i\u00f6ren"],"articleSection":["Haberler"],"inLanguage":"tr","potentialAction":[{"@type":"CommentAction","name":"Comment","target":["https:\/\/tdv.org\/tr-TR\/diyanet-isleri-baskani-erbas-keciorendeki-iyilik-carsisini-ziyaret-etti\/#respond"]}]},{"@type":"WebPage","@id":"https:\/\/tdv.org\/tr-TR\/diyanet-isleri-baskani-erbas-keciorendeki-iyilik-carsisini-ziyaret-etti\/","url":"https:\/\/tdv.org\/tr-TR\/diyanet-isleri-baskani-erbas-keciorendeki-iyilik-carsisini-ziyaret-etti\/","name":"Diyanet \u0130\u015fleri Ba\u015fkan\u0131 Erba\u015f, Ke\u00e7i\u00f6ren'deki \"\u0130yilik \u00c7ar\u015f\u0131s\u0131\"n\u0131 ziyaret etti","isPartOf":{"@id":"https:\/\/tdv.org\/tr-TR\/#website"},"primaryImageOfPage":{"@id":"https:\/\/tdv.org\/tr-TR\/diyanet-isleri-baskani-erbas-keciorendeki-iyilik-carsisini-ziyaret-etti\/#primaryimage"},"image":{"@id":"https:\/\/tdv.org\/tr-TR\/diyanet-isleri-baskani-erbas-keciorendeki-iyilik-carsisini-ziyaret-etti\/#primaryimage"},"thumbnailUrl":"https:\/\/tdv.org\/tr-TR\/wp-content\/uploads\/2023\/03\/AA-20230303-30464727-30464720-DIYANET_ISLERI_BASKANI_ERBAS_KECIORENDEKI_IYILIK_CARSISINI_ZIYARET_ETTI.jpg","datePublished":"2023-03-04T08:40:24+00:00","description":"Diyanet \u0130\u015fleri Ba\u015fkan\u0131 Ali Erba\u015f, Ankara Ke\u00e7i\u00f6ren \u0130l\u00e7e M\u00fcft\u00fcl\u00fc\u011f\u00fc ve T\u00fcrkiye Diyanet Vakf\u0131 (TDV) Ke\u00e7i\u00f6ren \u015eubesinin a\u00e7t\u0131\u011f\u0131 \"\u0130yilik \u00c7ar\u015f\u0131s\u0131\"n\u0131 ziyaret etti.","breadcrumb":{"@id":"https:\/\/tdv.org\/tr-TR\/diyanet-isleri-baskani-erbas-keciorendeki-iyilik-carsisini-ziyaret-etti\/#breadcrumb"},"inLanguage":"tr","potentialAction":[{"@type":"ReadAction","target":["https:\/\/tdv.org\/tr-TR\/diyanet-isleri-baskani-erbas-keciorendeki-iyilik-carsisini-ziyaret-etti\/"]}]},{"@type":"ImageObject","inLanguage":"tr","@id":"https:\/\/tdv.org\/tr-TR\/diyanet-isleri-baskani-erbas-keciorendeki-iyilik-carsisini-ziyaret-etti\/#primaryimage","url":"https:\/\/tdv.org\/tr-TR\/wp-content\/uploads\/2023\/03\/AA-20230303-30464727-30464720-DIYANET_ISLERI_BASKANI_ERBAS_KECIORENDEKI_IYILIK_CARSISINI_ZIYARET_ETTI.jpg","contentUrl":"https:\/\/tdv.org\/tr-TR\/wp-content\/uploads\/2023\/03\/AA-20230303-30464727-30464720-DIYANET_ISLERI_BASKANI_ERBAS_KECIORENDEKI_IYILIK_CARSISINI_ZIYARET_ETTI.jpg","width":1620,"height":1080},{"@type":"BreadcrumbList","@id":"https:\/\/tdv.org\/tr-TR\/diyanet-isleri-baskani-erbas-keciorendeki-iyilik-carsisini-ziyaret-etti\/#breadcrumb","itemListElement":[{"@type":"ListItem","position":1,"name":"Anasayfa","item":"https:\/\/tdv.org\/tr-TR\/"},{"@type":"ListItem","position":2,"name":"Diyanet \u0130\u015fleri Ba\u015fkan\u0131 Erba\u015f, Ke\u00e7i\u00f6ren&#8217;deki &#8220;\u0130yilik \u00c7ar\u015f\u0131s\u0131&#8221;n\u0131 ziyaret etti"}]},{"@type":"WebSite","@id":"https:\/\/tdv.org\/tr-TR\/#website","url":"https:\/\/tdv.org\/tr-TR\/","name":"T\u00fcrkiye Diyanet Vakf\u0131 Resmi Web Sitesi","description":"Yery\u00fcz\u00fcnde iyilik egemen oluncaya kadar","publisher":{"@id":"https:\/\/tdv.org\/tr-TR\/#organization"},"alternateName":"T\u00fcrkiye Diyanet Vakf\u0131","potentialAction":[{"@type":"SearchAction","target":{"@type":"EntryPoint","urlTemplate":"https:\/\/tdv.org\/tr-TR\/?s={search_term_string}"},"query-input":{"@type":"PropertyValueSpecification","valueRequired":true,"valueName":"search_term_string"}}],"inLanguage":"tr"},{"@type":"Organization","@id":"https:\/\/tdv.org\/tr-TR\/#organization","name":"T\u00fcrkiye Diyanet Vakf\u0131","alternateName":"T\u00fcrkiye Diyanet Vakf\u0131","url":"https:\/\/tdv.org\/tr-TR\/","logo":{"@type":"ImageObject","inLanguage":"tr","@id":"https:\/\/tdv.org\/tr-TR\/#\/schema\/logo\/image\/","url":"https:\/\/tdv.org\/tr-TR\/wp-content\/uploads\/2018\/12\/TDV_Logo_1.png","contentUrl":"https:\/\/tdv.org\/tr-TR\/wp-content\/uploads\/2018\/12\/TDV_Logo_1.png","width":207,"height":71,"caption":"T\u00fcrkiye Diyanet Vakf\u0131"},"image":{"@id":"https:\/\/tdv.org\/tr-TR\/#\/schema\/logo\/image\/"},"sameAs":["https:\/\/www.facebook.com\/Diyanetvakfi\/","https:\/\/x.com\/DiyanetVakfi","https:\/\/www.instagram.com\/turkiyediyanetvakfi\/","https:\/\/www.youtube.com\/user\/TurkiyeDiyanetVakfi"]},{"@type":"Person","@id":"https:\/\/tdv.org\/tr-TR\/#\/schema\/person\/8dcf742852c4614c6fdadb92da159c05","name":"U\u011fur","image":{"@type":"ImageObject","inLanguage":"tr","@id":"https:\/\/tdv.org\/tr-TR\/wp-content\/litespeed\/avatar\/b970c0eba1124f8268544e2640bfa964.jpg?ver=1777289940","url":"https:\/\/tdv.org\/tr-TR\/wp-content\/litespeed\/avatar\/b970c0eba1124f8268544e2640bfa964.jpg?ver=1777289940","contentUrl":"https:\/\/tdv.org\/tr-TR\/wp-content\/litespeed\/avatar\/b970c0eba1124f8268544e2640bfa964.jpg?ver=1777289940","caption":"U\u011fur"}}]}},"_links":{"self":[{"href":"https:\/\/tdv.org\/tr-TR\/wp-json\/wp\/v2\/posts\/30811","targetHints":{"allow":["GET"]}}],"collection":[{"href":"https:\/\/tdv.org\/tr-TR\/wp-json\/wp\/v2\/posts"}],"about":[{"href":"https:\/\/tdv.org\/tr-TR\/wp-json\/wp\/v2\/types\/post"}],"author":[{"embeddable":true,"href":"https:\/\/tdv.org\/tr-TR\/wp-json\/wp\/v2\/users\/7"}],"replies":[{"embeddable":true,"href":"https:\/\/tdv.org\/tr-TR\/wp-json\/wp\/v2\/comments?post=30811"}],"version-history":[{"count":2,"href":"https:\/\/tdv.org\/tr-TR\/wp-json\/wp\/v2\/posts\/30811\/revisions"}],"predecessor-version":[{"id":30819,"href":"https:\/\/tdv.org\/tr-TR\/wp-json\/wp\/v2\/posts\/30811\/revisions\/30819"}],"wp:featuredmedia":[{"embeddable":true,"href":"https:\/\/tdv.org\/tr-TR\/wp-json\/wp\/v2\/media\/30812"}],"wp:attachment":[{"href":"https:\/\/tdv.org\/tr-TR\/wp-json\/wp\/v2\/media?parent=30811"}],"wp:term":[{"taxonomy":"category","embeddable":true,"href":"https:\/\/tdv.org\/tr-TR\/wp-json\/wp\/v2\/categories?post=30811"},{"taxonomy":"post_tag","embeddable":true,"href":"https:\/\/tdv.org\/tr-TR\/wp-json\/wp\/v2\/tags?post=30811"}],"curies":[{"name":"wp","href":"https:\/\/api.w.org\/{rel}","templated":true}]}}