{"id":31253,"date":"2023-03-17T15:31:40","date_gmt":"2023-03-17T12:31:40","guid":{"rendered":"https:\/\/tdv.org\/tr-TR\/?p=31253"},"modified":"2023-09-20T09:53:08","modified_gmt":"2023-09-20T06:53:08","slug":"filistinli-gonullu-adiyamanda-depremzedelere-yardim-ediyor","status":"publish","type":"post","link":"https:\/\/tdv.org\/tr-TR\/filistinli-gonullu-adiyamanda-depremzedelere-yardim-ediyor\/","title":{"rendered":"Filistinli g\u00f6n\u00fcll\u00fc, Ad\u0131yaman&#8217;da depremzedelere yard\u0131m ediyor"},"content":{"rendered":"<p style=\"text-align: justify;\">T\u00fcrkiye&#8217;de \u00fcniversite \u00f6\u011frencisi Filistinli yard\u0131m g\u00f6n\u00fcll\u00fcs\u00fc Mahmoud Abed, Kahramanmara\u015f merkezli depremlerden etkilenen Ad\u0131yaman&#8217;da afetzedelere yard\u0131m i\u00e7in \u00e7al\u0131\u015f\u0131yor.<\/p>\n<p style=\"text-align: justify;\">Afetzedeler i\u00e7in kamu ve sivil toplum kurulu\u015flar\u0131n\u0131n y\u00fcr\u00fctt\u00fc\u011f\u00fc yard\u0131m faaliyetleri s\u00fcr\u00fcyor.<\/p>\n<p style=\"text-align: justify;\">Deprem b\u00f6lgesine 55 bin 551 ki\u015filik g\u00f6n\u00fcll\u00fc kadrosuyla yard\u0131m ula\u015ft\u0131ran T\u00fcrkiye Diyanet Vakf\u0131n\u0131n (TDV) T\u00fcrkiye&#8217;de burslu \u00fcniversite okuyan \u00f6\u011frencileri de \u00e7al\u0131\u015fmalara destek veriyor.<\/p>\n<p style=\"text-align: justify;\">Karab\u00fck \u00dcniversitesi Bilgisayar M\u00fchendisli\u011fi B\u00f6l\u00fcm\u00fc 1&#8217;inci s\u0131n\u0131f \u00f6\u011frencisi 26 ya\u015f\u0131ndaki Filistinli Mahmoud Abed, g\u00f6n\u00fcll\u00fc olarak 15 g\u00fcnd\u00fcr Ad\u0131yaman&#8217;da gece g\u00fcnd\u00fcz ko\u015fturuyor.<\/p>\n<p style=\"text-align: justify;\">Kentteki afetzedelerin yaralar\u0131n\u0131n sar\u0131lmas\u0131 i\u00e7in \u00e7aba g\u00f6steren Abed, t\u0131rlardan yard\u0131m kolisi indirip \u00e7ad\u0131rlara da\u011f\u0131t\u0131yor.<\/p>\n<p style=\"text-align: justify;\">Abed, her zaman \u00fclkesine destek veren T\u00fcrk halk\u0131na zor g\u00fcnlerinde elinden geldi\u011fince yard\u0131mc\u0131 olmaya \u00e7al\u0131\u015ft\u0131\u011f\u0131n\u0131 s\u00f6yledi.<\/p>\n<p style=\"text-align: justify;\">Elinden gelen her i\u015fi yapmaya \u00e7al\u0131\u015ft\u0131\u011f\u0131n\u0131 belirten Abed, depremzedelere bir nebze de olsa yard\u0131mc\u0131 oldu\u011fu i\u00e7in gururlu duydu\u011funu anlatt\u0131.<\/p>\n<p style=\"text-align: justify;\">TDV&#8217;nin deprem b\u00f6lgesinde \u00e7ok say\u0131da g\u00f6n\u00fcll\u00fcyle hizmet verdi\u011fini vurgulayan Abed, \u015funlar\u0131 kaydetti:<\/p>\n<p style=\"text-align: justify;\">&#8220;Ad\u0131yaman&#8217;a g\u00f6n\u00fcll\u00fc olarak geldim. Burada T\u00fcrkiye&#8217;den arkada\u015flar\u0131mla depremzedelere yard\u0131m ula\u015ft\u0131r\u0131yorum. G\u0131da ve giyim kolilerini tasnif edip depremzedelere \u00e7ad\u0131rlara da\u011f\u0131t\u0131yorum. Depremzedeler beni Filistinli olarak g\u00f6r\u00fcnce seviniyor. Yaralar\u0131n sar\u0131lmas\u0131 i\u00e7in T\u00fcrkiye Diyanet Vakf\u0131 g\u00f6n\u00fcll\u00fcs\u00fc olarak elimden geldi\u011fi kadar \u00e7al\u0131\u015fmaya devam edece\u011fim. Rabbim T\u00fcrk halk\u0131n\u0131n yard\u0131mc\u0131s\u0131 olsun. T\u00fcrkiye&#8217;ye ge\u00e7mi\u015f olsun. Elimden ne i\u015f gelirse burada di\u011fer g\u00f6n\u00fcll\u00fc arkada\u015flar\u0131mla, b\u00fcy\u00fcklerimle el ele vererek yapmaya \u00e7al\u0131\u015f\u0131yorum.&#8221;<\/p>\n<p style=\"text-align: justify;\">T\u00fcrkiye&#8217;yi ikinci vatan\u0131 olarak g\u00f6rd\u00fc\u011f\u00fcn\u00fc dile getiren Abed, ailesinin de depremzedeler i\u00e7in dua etti\u011fini aktard\u0131.<\/p>\n\n\t\t<style type=\"text\/css\">\n\t\t\t#gallery-1 {\n\t\t\t\tmargin: auto;\n\t\t\t}\n\t\t\t#gallery-1 .gallery-item {\n\t\t\t\tfloat: left;\n\t\t\t\tmargin-top: 10px;\n\t\t\t\ttext-align: center;\n\t\t\t\twidth: 33%;\n\t\t\t}\n\t\t\t#gallery-1 img {\n\t\t\t\tborder: 2px solid #cfcfcf;\n\t\t\t}\n\t\t\t#gallery-1 .gallery-caption {\n\t\t\t\tmargin-left: 0;\n\t\t\t}\n\t\t\t\/* see gallery_shortcode() in wp-includes\/media.php *\/\n\t\t<\/style>\n\t\t<div id='gallery-1' class='gallery galleryid-31253 gallery-columns-3 gallery-size-full'><dl class='gallery-item'>\n\t\t\t<dt class='gallery-icon landscape'>\n\t\t\t\t<a href='https:\/\/tdv.org\/tr-TR\/wp-content\/uploads\/2023\/03\/AA-20230317-30596518-30596515-FILISTINLI_GONULLU_ADIYAMANDA_DEPREMZEDELERE_YARDIM_EDIYOR.jpg'><img decoding=\"async\" width=\"1178\" height=\"768\" src=\"https:\/\/tdv.org\/tr-TR\/wp-content\/uploads\/2023\/03\/AA-20230317-30596518-30596515-FILISTINLI_GONULLU_ADIYAMANDA_DEPREMZEDELERE_YARDIM_EDIYOR.jpg\" class=\"attachment-full size-full\" alt=\"\" srcset=\"https:\/\/tdv.org\/tr-TR\/wp-content\/uploads\/2023\/03\/AA-20230317-30596518-30596515-FILISTINLI_GONULLU_ADIYAMANDA_DEPREMZEDELERE_YARDIM_EDIYOR.jpg 1178w, https:\/\/tdv.org\/tr-TR\/wp-content\/uploads\/2023\/03\/AA-20230317-30596518-30596515-FILISTINLI_GONULLU_ADIYAMANDA_DEPREMZEDELERE_YARDIM_EDIYOR-300x196.jpg 300w, https:\/\/tdv.org\/tr-TR\/wp-content\/uploads\/2023\/03\/AA-20230317-30596518-30596515-FILISTINLI_GONULLU_ADIYAMANDA_DEPREMZEDELERE_YARDIM_EDIYOR-1024x668.jpg 1024w, https:\/\/tdv.org\/tr-TR\/wp-content\/uploads\/2023\/03\/AA-20230317-30596518-30596515-FILISTINLI_GONULLU_ADIYAMANDA_DEPREMZEDELERE_YARDIM_EDIYOR-768x501.jpg 768w\" sizes=\"(max-width: 1178px) 100vw, 1178px\" \/><\/a>\n\t\t\t<\/dt><\/dl><dl class='gallery-item'>\n\t\t\t<dt class='gallery-icon landscape'>\n\t\t\t\t<a href='https:\/\/tdv.org\/tr-TR\/wp-content\/uploads\/2023\/03\/AA-20230317-30596518-30596516-FILISTINLI_GONULLU_ADIYAMANDA_DEPREMZEDELERE_YARDIM_EDIYOR.jpg'><img decoding=\"async\" width=\"995\" height=\"768\" src=\"https:\/\/tdv.org\/tr-TR\/wp-content\/uploads\/2023\/03\/AA-20230317-30596518-30596516-FILISTINLI_GONULLU_ADIYAMANDA_DEPREMZEDELERE_YARDIM_EDIYOR.jpg\" class=\"attachment-full size-full\" alt=\"\" srcset=\"https:\/\/tdv.org\/tr-TR\/wp-content\/uploads\/2023\/03\/AA-20230317-30596518-30596516-FILISTINLI_GONULLU_ADIYAMANDA_DEPREMZEDELERE_YARDIM_EDIYOR.jpg 995w, https:\/\/tdv.org\/tr-TR\/wp-content\/uploads\/2023\/03\/AA-20230317-30596518-30596516-FILISTINLI_GONULLU_ADIYAMANDA_DEPREMZEDELERE_YARDIM_EDIYOR-300x232.jpg 300w, https:\/\/tdv.org\/tr-TR\/wp-content\/uploads\/2023\/03\/AA-20230317-30596518-30596516-FILISTINLI_GONULLU_ADIYAMANDA_DEPREMZEDELERE_YARDIM_EDIYOR-768x593.jpg 768w\" sizes=\"(max-width: 995px) 100vw, 995px\" \/><\/a>\n\t\t\t<\/dt><\/dl><dl class='gallery-item'>\n\t\t\t<dt class='gallery-icon landscape'>\n\t\t\t\t<a href='https:\/\/tdv.org\/tr-TR\/wp-content\/uploads\/2023\/03\/AA-20230317-30596518-30596517-FILISTINLI_GONULLU_ADIYAMANDA_DEPREMZEDELERE_YARDIM_EDIYOR.jpg'><img decoding=\"async\" width=\"1108\" height=\"768\" src=\"https:\/\/tdv.org\/tr-TR\/wp-content\/uploads\/2023\/03\/AA-20230317-30596518-30596517-FILISTINLI_GONULLU_ADIYAMANDA_DEPREMZEDELERE_YARDIM_EDIYOR.jpg\" class=\"attachment-full size-full\" alt=\"\" srcset=\"https:\/\/tdv.org\/tr-TR\/wp-content\/uploads\/2023\/03\/AA-20230317-30596518-30596517-FILISTINLI_GONULLU_ADIYAMANDA_DEPREMZEDELERE_YARDIM_EDIYOR.jpg 1108w, https:\/\/tdv.org\/tr-TR\/wp-content\/uploads\/2023\/03\/AA-20230317-30596518-30596517-FILISTINLI_GONULLU_ADIYAMANDA_DEPREMZEDELERE_YARDIM_EDIYOR-300x208.jpg 300w, https:\/\/tdv.org\/tr-TR\/wp-content\/uploads\/2023\/03\/AA-20230317-30596518-30596517-FILISTINLI_GONULLU_ADIYAMANDA_DEPREMZEDELERE_YARDIM_EDIYOR-1024x710.jpg 1024w, https:\/\/tdv.org\/tr-TR\/wp-content\/uploads\/2023\/03\/AA-20230317-30596518-30596517-FILISTINLI_GONULLU_ADIYAMANDA_DEPREMZEDELERE_YARDIM_EDIYOR-768x532.jpg 768w\" sizes=\"(max-width: 1108px) 100vw, 1108px\" \/><\/a>\n\t\t\t<\/dt><\/dl><br style=\"clear: both\" \/>\n\t\t<\/div>\n\n","protected":false},"excerpt":{"rendered":"<p>T\u00fcrkiye&#8217;de \u00fcniversite \u00f6\u011frencisi Filistinli yard\u0131m g\u00f6n\u00fcll\u00fcs\u00fc Mahmoud Abed, Kahramanmara\u015f merkezli depremlerden etkilenen Ad\u0131yaman&#8217;da afetzedelere yard\u0131m i\u00e7in \u00e7al\u0131\u015f\u0131yor. Afetzedeler i\u00e7in kamu ve sivil toplum kurulu\u015flar\u0131n\u0131n y\u00fcr\u00fctt\u00fc\u011f\u00fc yard\u0131m faaliyetleri s\u00fcr\u00fcyor. Deprem b\u00f6lgesine&#8230;<\/p>\n","protected":false},"author":7,"featured_media":31255,"comment_status":"open","ping_status":"closed","sticky":false,"template":"","format":"standard","meta":{"footnotes":""},"categories":[1],"tags":[2099,383,504,505,900,110,106,668,478],"class_list":{"0":"post-31253","1":"post","2":"type-post","3":"status-publish","4":"format-standard","5":"has-post-thumbnail","7":"category-haberler","8":"tag-adiyaman","9":"tag-afet","10":"tag-deprem","11":"tag-depremzede","12":"tag-destek","13":"tag-filistin","14":"tag-gazze","15":"tag-gonullu","16":"tag-yardim"},"yoast_head":"<!-- This site is optimized with the Yoast SEO plugin v27.5 - https:\/\/yoast.com\/product\/yoast-seo-wordpress\/ -->\n<title>Filistinli g\u00f6n\u00fcll\u00fc, Ad\u0131yaman&#039;da depremzedelere yard\u0131m ediyor<\/title>\n<meta name=\"description\" content=\"T\u00fcrkiye&#039;de \u00fcniversite \u00f6\u011frencisi Filistinli yard\u0131m g\u00f6n\u00fcll\u00fcs\u00fc Mahmoud Abed, Kahramanmara\u015f merkezli depremlerden etkilenen Ad\u0131yaman&#039;da afetzedelere yard\u0131m i\u00e7in \u00e7al\u0131\u015f\u0131yor.\" \/>\n<meta name=\"robots\" content=\"index, follow, max-snippet:-1, max-image-preview:large, max-video-preview:-1\" \/>\n<link rel=\"canonical\" href=\"https:\/\/tdv.org\/tr-TR\/filistinli-gonullu-adiyamanda-depremzedelere-yardim-ediyor\/\" \/>\n<meta property=\"og:locale\" content=\"tr_TR\" \/>\n<meta property=\"og:type\" content=\"article\" \/>\n<meta property=\"og:title\" content=\"Filistinli g\u00f6n\u00fcll\u00fc, Ad\u0131yaman&#039;da depremzedelere yard\u0131m ediyor\" \/>\n<meta property=\"og:description\" content=\"T\u00fcrkiye&#039;de \u00fcniversite \u00f6\u011frencisi Filistinli yard\u0131m g\u00f6n\u00fcll\u00fcs\u00fc Mahmoud Abed, Kahramanmara\u015f merkezli depremlerden etkilenen Ad\u0131yaman&#039;da afetzedelere yard\u0131m i\u00e7in \u00e7al\u0131\u015f\u0131yor.\" \/>\n<meta property=\"og:url\" content=\"https:\/\/tdv.org\/tr-TR\/filistinli-gonullu-adiyamanda-depremzedelere-yardim-ediyor\/\" \/>\n<meta property=\"og:site_name\" content=\"T\u00fcrkiye Diyanet Vakf\u0131 Resmi Web Sitesi\" \/>\n<meta property=\"article:publisher\" content=\"https:\/\/www.facebook.com\/Diyanetvakfi\/\" \/>\n<meta property=\"article:published_time\" content=\"2023-03-17T12:31:40+00:00\" \/>\n<meta property=\"article:modified_time\" content=\"2023-09-20T06:53:08+00:00\" \/>\n<meta property=\"og:image\" content=\"https:\/\/tdv.org\/tr-TR\/wp-content\/uploads\/2023\/03\/AA-20230317-30596518-30596515-FILISTINLI_GONULLU_ADIYAMANDA_DEPREMZEDELERE_YARDIM_EDIYOR.jpg\" \/>\n\t<meta property=\"og:image:width\" content=\"1178\" \/>\n\t<meta property=\"og:image:height\" content=\"768\" \/>\n\t<meta property=\"og:image:type\" content=\"image\/jpeg\" \/>\n<meta name=\"author\" content=\"U\u011fur\" \/>\n<meta name=\"twitter:card\" content=\"summary_large_image\" \/>\n<meta name=\"twitter:creator\" content=\"@DiyanetVakfi\" \/>\n<meta name=\"twitter:site\" content=\"@DiyanetVakfi\" \/>\n<script type=\"application\/ld+json\" class=\"yoast-schema-graph\">{\"@context\":\"https:\\\/\\\/schema.org\",\"@graph\":[{\"@type\":\"Article\",\"@id\":\"https:\\\/\\\/tdv.org\\\/tr-TR\\\/filistinli-gonullu-adiyamanda-depremzedelere-yardim-ediyor\\\/#article\",\"isPartOf\":{\"@id\":\"https:\\\/\\\/tdv.org\\\/tr-TR\\\/filistinli-gonullu-adiyamanda-depremzedelere-yardim-ediyor\\\/\"},\"author\":{\"name\":\"U\u011fur\",\"@id\":\"https:\\\/\\\/tdv.org\\\/tr-TR\\\/#\\\/schema\\\/person\\\/8dcf742852c4614c6fdadb92da159c05\"},\"headline\":\"Filistinli g\u00f6n\u00fcll\u00fc, Ad\u0131yaman&#8217;da depremzedelere yard\u0131m ediyor\",\"datePublished\":\"2023-03-17T12:31:40+00:00\",\"dateModified\":\"2023-09-20T06:53:08+00:00\",\"mainEntityOfPage\":{\"@id\":\"https:\\\/\\\/tdv.org\\\/tr-TR\\\/filistinli-gonullu-adiyamanda-depremzedelere-yardim-ediyor\\\/\"},\"wordCount\":354,\"commentCount\":0,\"publisher\":{\"@id\":\"https:\\\/\\\/tdv.org\\\/tr-TR\\\/#organization\"},\"image\":{\"@id\":\"https:\\\/\\\/tdv.org\\\/tr-TR\\\/filistinli-gonullu-adiyamanda-depremzedelere-yardim-ediyor\\\/#primaryimage\"},\"thumbnailUrl\":\"https:\\\/\\\/tdv.org\\\/tr-TR\\\/wp-content\\\/uploads\\\/2023\\\/03\\\/AA-20230317-30596518-30596515-FILISTINLI_GONULLU_ADIYAMANDA_DEPREMZEDELERE_YARDIM_EDIYOR.jpg\",\"keywords\":[\"ad\u0131yaman\",\"afet\",\"Deprem\",\"depremzede\",\"destek\",\"filistin\",\"gazze\",\"g\u00f6n\u00fcll\u00fc\",\"yard\u0131m\"],\"articleSection\":[\"Haberler\"],\"inLanguage\":\"tr\",\"potentialAction\":[{\"@type\":\"CommentAction\",\"name\":\"Comment\",\"target\":[\"https:\\\/\\\/tdv.org\\\/tr-TR\\\/filistinli-gonullu-adiyamanda-depremzedelere-yardim-ediyor\\\/#respond\"]}]},{\"@type\":\"WebPage\",\"@id\":\"https:\\\/\\\/tdv.org\\\/tr-TR\\\/filistinli-gonullu-adiyamanda-depremzedelere-yardim-ediyor\\\/\",\"url\":\"https:\\\/\\\/tdv.org\\\/tr-TR\\\/filistinli-gonullu-adiyamanda-depremzedelere-yardim-ediyor\\\/\",\"name\":\"Filistinli g\u00f6n\u00fcll\u00fc, Ad\u0131yaman'da depremzedelere yard\u0131m ediyor\",\"isPartOf\":{\"@id\":\"https:\\\/\\\/tdv.org\\\/tr-TR\\\/#website\"},\"primaryImageOfPage\":{\"@id\":\"https:\\\/\\\/tdv.org\\\/tr-TR\\\/filistinli-gonullu-adiyamanda-depremzedelere-yardim-ediyor\\\/#primaryimage\"},\"image\":{\"@id\":\"https:\\\/\\\/tdv.org\\\/tr-TR\\\/filistinli-gonullu-adiyamanda-depremzedelere-yardim-ediyor\\\/#primaryimage\"},\"thumbnailUrl\":\"https:\\\/\\\/tdv.org\\\/tr-TR\\\/wp-content\\\/uploads\\\/2023\\\/03\\\/AA-20230317-30596518-30596515-FILISTINLI_GONULLU_ADIYAMANDA_DEPREMZEDELERE_YARDIM_EDIYOR.jpg\",\"datePublished\":\"2023-03-17T12:31:40+00:00\",\"dateModified\":\"2023-09-20T06:53:08+00:00\",\"description\":\"T\u00fcrkiye'de \u00fcniversite \u00f6\u011frencisi Filistinli yard\u0131m g\u00f6n\u00fcll\u00fcs\u00fc Mahmoud Abed, Kahramanmara\u015f merkezli depremlerden etkilenen Ad\u0131yaman'da afetzedelere yard\u0131m i\u00e7in \u00e7al\u0131\u015f\u0131yor.\",\"breadcrumb\":{\"@id\":\"https:\\\/\\\/tdv.org\\\/tr-TR\\\/filistinli-gonullu-adiyamanda-depremzedelere-yardim-ediyor\\\/#breadcrumb\"},\"inLanguage\":\"tr\",\"potentialAction\":[{\"@type\":\"ReadAction\",\"target\":[\"https:\\\/\\\/tdv.org\\\/tr-TR\\\/filistinli-gonullu-adiyamanda-depremzedelere-yardim-ediyor\\\/\"]}]},{\"@type\":\"ImageObject\",\"inLanguage\":\"tr\",\"@id\":\"https:\\\/\\\/tdv.org\\\/tr-TR\\\/filistinli-gonullu-adiyamanda-depremzedelere-yardim-ediyor\\\/#primaryimage\",\"url\":\"https:\\\/\\\/tdv.org\\\/tr-TR\\\/wp-content\\\/uploads\\\/2023\\\/03\\\/AA-20230317-30596518-30596515-FILISTINLI_GONULLU_ADIYAMANDA_DEPREMZEDELERE_YARDIM_EDIYOR.jpg\",\"contentUrl\":\"https:\\\/\\\/tdv.org\\\/tr-TR\\\/wp-content\\\/uploads\\\/2023\\\/03\\\/AA-20230317-30596518-30596515-FILISTINLI_GONULLU_ADIYAMANDA_DEPREMZEDELERE_YARDIM_EDIYOR.jpg\",\"width\":1178,\"height\":768},{\"@type\":\"BreadcrumbList\",\"@id\":\"https:\\\/\\\/tdv.org\\\/tr-TR\\\/filistinli-gonullu-adiyamanda-depremzedelere-yardim-ediyor\\\/#breadcrumb\",\"itemListElement\":[{\"@type\":\"ListItem\",\"position\":1,\"name\":\"Anasayfa\",\"item\":\"https:\\\/\\\/tdv.org\\\/tr-TR\\\/\"},{\"@type\":\"ListItem\",\"position\":2,\"name\":\"Filistinli g\u00f6n\u00fcll\u00fc, Ad\u0131yaman&#8217;da depremzedelere yard\u0131m ediyor\"}]},{\"@type\":\"WebSite\",\"@id\":\"https:\\\/\\\/tdv.org\\\/tr-TR\\\/#website\",\"url\":\"https:\\\/\\\/tdv.org\\\/tr-TR\\\/\",\"name\":\"T\u00fcrkiye Diyanet Vakf\u0131 Resmi Web Sitesi\",\"description\":\"Yery\u00fcz\u00fcnde iyilik egemen oluncaya kadar\",\"publisher\":{\"@id\":\"https:\\\/\\\/tdv.org\\\/tr-TR\\\/#organization\"},\"alternateName\":\"T\u00fcrkiye Diyanet Vakf\u0131\",\"potentialAction\":[{\"@type\":\"SearchAction\",\"target\":{\"@type\":\"EntryPoint\",\"urlTemplate\":\"https:\\\/\\\/tdv.org\\\/tr-TR\\\/?s={search_term_string}\"},\"query-input\":{\"@type\":\"PropertyValueSpecification\",\"valueRequired\":true,\"valueName\":\"search_term_string\"}}],\"inLanguage\":\"tr\"},{\"@type\":\"Organization\",\"@id\":\"https:\\\/\\\/tdv.org\\\/tr-TR\\\/#organization\",\"name\":\"T\u00fcrkiye Diyanet Vakf\u0131\",\"alternateName\":\"T\u00fcrkiye Diyanet Vakf\u0131\",\"url\":\"https:\\\/\\\/tdv.org\\\/tr-TR\\\/\",\"logo\":{\"@type\":\"ImageObject\",\"inLanguage\":\"tr\",\"@id\":\"https:\\\/\\\/tdv.org\\\/tr-TR\\\/#\\\/schema\\\/logo\\\/image\\\/\",\"url\":\"https:\\\/\\\/tdv.org\\\/tr-TR\\\/wp-content\\\/uploads\\\/2018\\\/12\\\/TDV_Logo_1.png\",\"contentUrl\":\"https:\\\/\\\/tdv.org\\\/tr-TR\\\/wp-content\\\/uploads\\\/2018\\\/12\\\/TDV_Logo_1.png\",\"width\":207,\"height\":71,\"caption\":\"T\u00fcrkiye Diyanet Vakf\u0131\"},\"image\":{\"@id\":\"https:\\\/\\\/tdv.org\\\/tr-TR\\\/#\\\/schema\\\/logo\\\/image\\\/\"},\"sameAs\":[\"https:\\\/\\\/www.facebook.com\\\/Diyanetvakfi\\\/\",\"https:\\\/\\\/x.com\\\/DiyanetVakfi\",\"https:\\\/\\\/www.instagram.com\\\/turkiyediyanetvakfi\\\/\",\"https:\\\/\\\/www.youtube.com\\\/user\\\/TurkiyeDiyanetVakfi\"]},{\"@type\":\"Person\",\"@id\":\"https:\\\/\\\/tdv.org\\\/tr-TR\\\/#\\\/schema\\\/person\\\/8dcf742852c4614c6fdadb92da159c05\",\"name\":\"U\u011fur\",\"image\":{\"@type\":\"ImageObject\",\"inLanguage\":\"tr\",\"@id\":\"https:\\\/\\\/tdv.org\\\/tr-TR\\\/wp-content\\\/litespeed\\\/avatar\\\/b970c0eba1124f8268544e2640bfa964.jpg?ver=1777289940\",\"url\":\"https:\\\/\\\/tdv.org\\\/tr-TR\\\/wp-content\\\/litespeed\\\/avatar\\\/b970c0eba1124f8268544e2640bfa964.jpg?ver=1777289940\",\"contentUrl\":\"https:\\\/\\\/tdv.org\\\/tr-TR\\\/wp-content\\\/litespeed\\\/avatar\\\/b970c0eba1124f8268544e2640bfa964.jpg?ver=1777289940\",\"caption\":\"U\u011fur\"}}]}<\/script>\n<!-- \/ Yoast SEO plugin. -->","yoast_head_json":{"title":"Filistinli g\u00f6n\u00fcll\u00fc, Ad\u0131yaman'da depremzedelere yard\u0131m ediyor","description":"T\u00fcrkiye'de \u00fcniversite \u00f6\u011frencisi Filistinli yard\u0131m g\u00f6n\u00fcll\u00fcs\u00fc Mahmoud Abed, Kahramanmara\u015f merkezli depremlerden etkilenen Ad\u0131yaman'da afetzedelere yard\u0131m i\u00e7in \u00e7al\u0131\u015f\u0131yor.","robots":{"index":"index","follow":"follow","max-snippet":"max-snippet:-1","max-image-preview":"max-image-preview:large","max-video-preview":"max-video-preview:-1"},"canonical":"https:\/\/tdv.org\/tr-TR\/filistinli-gonullu-adiyamanda-depremzedelere-yardim-ediyor\/","og_locale":"tr_TR","og_type":"article","og_title":"Filistinli g\u00f6n\u00fcll\u00fc, Ad\u0131yaman'da depremzedelere yard\u0131m ediyor","og_description":"T\u00fcrkiye'de \u00fcniversite \u00f6\u011frencisi Filistinli yard\u0131m g\u00f6n\u00fcll\u00fcs\u00fc Mahmoud Abed, Kahramanmara\u015f merkezli depremlerden etkilenen Ad\u0131yaman'da afetzedelere yard\u0131m i\u00e7in \u00e7al\u0131\u015f\u0131yor.","og_url":"https:\/\/tdv.org\/tr-TR\/filistinli-gonullu-adiyamanda-depremzedelere-yardim-ediyor\/","og_site_name":"T\u00fcrkiye Diyanet Vakf\u0131 Resmi Web Sitesi","article_publisher":"https:\/\/www.facebook.com\/Diyanetvakfi\/","article_published_time":"2023-03-17T12:31:40+00:00","article_modified_time":"2023-09-20T06:53:08+00:00","og_image":[{"width":1178,"height":768,"url":"https:\/\/tdv.org\/tr-TR\/wp-content\/uploads\/2023\/03\/AA-20230317-30596518-30596515-FILISTINLI_GONULLU_ADIYAMANDA_DEPREMZEDELERE_YARDIM_EDIYOR.jpg","type":"image\/jpeg"}],"author":"U\u011fur","twitter_card":"summary_large_image","twitter_creator":"@DiyanetVakfi","twitter_site":"@DiyanetVakfi","schema":{"@context":"https:\/\/schema.org","@graph":[{"@type":"Article","@id":"https:\/\/tdv.org\/tr-TR\/filistinli-gonullu-adiyamanda-depremzedelere-yardim-ediyor\/#article","isPartOf":{"@id":"https:\/\/tdv.org\/tr-TR\/filistinli-gonullu-adiyamanda-depremzedelere-yardim-ediyor\/"},"author":{"name":"U\u011fur","@id":"https:\/\/tdv.org\/tr-TR\/#\/schema\/person\/8dcf742852c4614c6fdadb92da159c05"},"headline":"Filistinli g\u00f6n\u00fcll\u00fc, Ad\u0131yaman&#8217;da depremzedelere yard\u0131m ediyor","datePublished":"2023-03-17T12:31:40+00:00","dateModified":"2023-09-20T06:53:08+00:00","mainEntityOfPage":{"@id":"https:\/\/tdv.org\/tr-TR\/filistinli-gonullu-adiyamanda-depremzedelere-yardim-ediyor\/"},"wordCount":354,"commentCount":0,"publisher":{"@id":"https:\/\/tdv.org\/tr-TR\/#organization"},"image":{"@id":"https:\/\/tdv.org\/tr-TR\/filistinli-gonullu-adiyamanda-depremzedelere-yardim-ediyor\/#primaryimage"},"thumbnailUrl":"https:\/\/tdv.org\/tr-TR\/wp-content\/uploads\/2023\/03\/AA-20230317-30596518-30596515-FILISTINLI_GONULLU_ADIYAMANDA_DEPREMZEDELERE_YARDIM_EDIYOR.jpg","keywords":["ad\u0131yaman","afet","Deprem","depremzede","destek","filistin","gazze","g\u00f6n\u00fcll\u00fc","yard\u0131m"],"articleSection":["Haberler"],"inLanguage":"tr","potentialAction":[{"@type":"CommentAction","name":"Comment","target":["https:\/\/tdv.org\/tr-TR\/filistinli-gonullu-adiyamanda-depremzedelere-yardim-ediyor\/#respond"]}]},{"@type":"WebPage","@id":"https:\/\/tdv.org\/tr-TR\/filistinli-gonullu-adiyamanda-depremzedelere-yardim-ediyor\/","url":"https:\/\/tdv.org\/tr-TR\/filistinli-gonullu-adiyamanda-depremzedelere-yardim-ediyor\/","name":"Filistinli g\u00f6n\u00fcll\u00fc, Ad\u0131yaman'da depremzedelere yard\u0131m ediyor","isPartOf":{"@id":"https:\/\/tdv.org\/tr-TR\/#website"},"primaryImageOfPage":{"@id":"https:\/\/tdv.org\/tr-TR\/filistinli-gonullu-adiyamanda-depremzedelere-yardim-ediyor\/#primaryimage"},"image":{"@id":"https:\/\/tdv.org\/tr-TR\/filistinli-gonullu-adiyamanda-depremzedelere-yardim-ediyor\/#primaryimage"},"thumbnailUrl":"https:\/\/tdv.org\/tr-TR\/wp-content\/uploads\/2023\/03\/AA-20230317-30596518-30596515-FILISTINLI_GONULLU_ADIYAMANDA_DEPREMZEDELERE_YARDIM_EDIYOR.jpg","datePublished":"2023-03-17T12:31:40+00:00","dateModified":"2023-09-20T06:53:08+00:00","description":"T\u00fcrkiye'de \u00fcniversite \u00f6\u011frencisi Filistinli yard\u0131m g\u00f6n\u00fcll\u00fcs\u00fc Mahmoud Abed, Kahramanmara\u015f merkezli depremlerden etkilenen Ad\u0131yaman'da afetzedelere yard\u0131m i\u00e7in \u00e7al\u0131\u015f\u0131yor.","breadcrumb":{"@id":"https:\/\/tdv.org\/tr-TR\/filistinli-gonullu-adiyamanda-depremzedelere-yardim-ediyor\/#breadcrumb"},"inLanguage":"tr","potentialAction":[{"@type":"ReadAction","target":["https:\/\/tdv.org\/tr-TR\/filistinli-gonullu-adiyamanda-depremzedelere-yardim-ediyor\/"]}]},{"@type":"ImageObject","inLanguage":"tr","@id":"https:\/\/tdv.org\/tr-TR\/filistinli-gonullu-adiyamanda-depremzedelere-yardim-ediyor\/#primaryimage","url":"https:\/\/tdv.org\/tr-TR\/wp-content\/uploads\/2023\/03\/AA-20230317-30596518-30596515-FILISTINLI_GONULLU_ADIYAMANDA_DEPREMZEDELERE_YARDIM_EDIYOR.jpg","contentUrl":"https:\/\/tdv.org\/tr-TR\/wp-content\/uploads\/2023\/03\/AA-20230317-30596518-30596515-FILISTINLI_GONULLU_ADIYAMANDA_DEPREMZEDELERE_YARDIM_EDIYOR.jpg","width":1178,"height":768},{"@type":"BreadcrumbList","@id":"https:\/\/tdv.org\/tr-TR\/filistinli-gonullu-adiyamanda-depremzedelere-yardim-ediyor\/#breadcrumb","itemListElement":[{"@type":"ListItem","position":1,"name":"Anasayfa","item":"https:\/\/tdv.org\/tr-TR\/"},{"@type":"ListItem","position":2,"name":"Filistinli g\u00f6n\u00fcll\u00fc, Ad\u0131yaman&#8217;da depremzedelere yard\u0131m ediyor"}]},{"@type":"WebSite","@id":"https:\/\/tdv.org\/tr-TR\/#website","url":"https:\/\/tdv.org\/tr-TR\/","name":"T\u00fcrkiye Diyanet Vakf\u0131 Resmi Web Sitesi","description":"Yery\u00fcz\u00fcnde iyilik egemen oluncaya kadar","publisher":{"@id":"https:\/\/tdv.org\/tr-TR\/#organization"},"alternateName":"T\u00fcrkiye Diyanet Vakf\u0131","potentialAction":[{"@type":"SearchAction","target":{"@type":"EntryPoint","urlTemplate":"https:\/\/tdv.org\/tr-TR\/?s={search_term_string}"},"query-input":{"@type":"PropertyValueSpecification","valueRequired":true,"valueName":"search_term_string"}}],"inLanguage":"tr"},{"@type":"Organization","@id":"https:\/\/tdv.org\/tr-TR\/#organization","name":"T\u00fcrkiye Diyanet Vakf\u0131","alternateName":"T\u00fcrkiye Diyanet Vakf\u0131","url":"https:\/\/tdv.org\/tr-TR\/","logo":{"@type":"ImageObject","inLanguage":"tr","@id":"https:\/\/tdv.org\/tr-TR\/#\/schema\/logo\/image\/","url":"https:\/\/tdv.org\/tr-TR\/wp-content\/uploads\/2018\/12\/TDV_Logo_1.png","contentUrl":"https:\/\/tdv.org\/tr-TR\/wp-content\/uploads\/2018\/12\/TDV_Logo_1.png","width":207,"height":71,"caption":"T\u00fcrkiye Diyanet Vakf\u0131"},"image":{"@id":"https:\/\/tdv.org\/tr-TR\/#\/schema\/logo\/image\/"},"sameAs":["https:\/\/www.facebook.com\/Diyanetvakfi\/","https:\/\/x.com\/DiyanetVakfi","https:\/\/www.instagram.com\/turkiyediyanetvakfi\/","https:\/\/www.youtube.com\/user\/TurkiyeDiyanetVakfi"]},{"@type":"Person","@id":"https:\/\/tdv.org\/tr-TR\/#\/schema\/person\/8dcf742852c4614c6fdadb92da159c05","name":"U\u011fur","image":{"@type":"ImageObject","inLanguage":"tr","@id":"https:\/\/tdv.org\/tr-TR\/wp-content\/litespeed\/avatar\/b970c0eba1124f8268544e2640bfa964.jpg?ver=1777289940","url":"https:\/\/tdv.org\/tr-TR\/wp-content\/litespeed\/avatar\/b970c0eba1124f8268544e2640bfa964.jpg?ver=1777289940","contentUrl":"https:\/\/tdv.org\/tr-TR\/wp-content\/litespeed\/avatar\/b970c0eba1124f8268544e2640bfa964.jpg?ver=1777289940","caption":"U\u011fur"}}]}},"_links":{"self":[{"href":"https:\/\/tdv.org\/tr-TR\/wp-json\/wp\/v2\/posts\/31253","targetHints":{"allow":["GET"]}}],"collection":[{"href":"https:\/\/tdv.org\/tr-TR\/wp-json\/wp\/v2\/posts"}],"about":[{"href":"https:\/\/tdv.org\/tr-TR\/wp-json\/wp\/v2\/types\/post"}],"author":[{"embeddable":true,"href":"https:\/\/tdv.org\/tr-TR\/wp-json\/wp\/v2\/users\/7"}],"replies":[{"embeddable":true,"href":"https:\/\/tdv.org\/tr-TR\/wp-json\/wp\/v2\/comments?post=31253"}],"version-history":[{"count":3,"href":"https:\/\/tdv.org\/tr-TR\/wp-json\/wp\/v2\/posts\/31253\/revisions"}],"predecessor-version":[{"id":33728,"href":"https:\/\/tdv.org\/tr-TR\/wp-json\/wp\/v2\/posts\/31253\/revisions\/33728"}],"wp:featuredmedia":[{"embeddable":true,"href":"https:\/\/tdv.org\/tr-TR\/wp-json\/wp\/v2\/media\/31255"}],"wp:attachment":[{"href":"https:\/\/tdv.org\/tr-TR\/wp-json\/wp\/v2\/media?parent=31253"}],"wp:term":[{"taxonomy":"category","embeddable":true,"href":"https:\/\/tdv.org\/tr-TR\/wp-json\/wp\/v2\/categories?post=31253"},{"taxonomy":"post_tag","embeddable":true,"href":"https:\/\/tdv.org\/tr-TR\/wp-json\/wp\/v2\/tags?post=31253"}],"curies":[{"name":"wp","href":"https:\/\/api.w.org\/{rel}","templated":true}]}}