{"id":31859,"date":"2023-04-05T12:36:58","date_gmt":"2023-04-05T09:36:58","guid":{"rendered":"https:\/\/tdv.org\/tr-TR\/?p=31859"},"modified":"2023-04-05T12:36:58","modified_gmt":"2023-04-05T09:36:58","slug":"tdv-deprem-bolgesinde-kurdugu-iftar-cadirlariyla-gunde-50-bin-kisiye-yemek-veriyor","status":"publish","type":"post","link":"https:\/\/tdv.org\/tr-TR\/tdv-deprem-bolgesinde-kurdugu-iftar-cadirlariyla-gunde-50-bin-kisiye-yemek-veriyor\/","title":{"rendered":"TDV, deprem b\u00f6lgesinde kurdu\u011fu iftar \u00e7ad\u0131rlar\u0131yla g\u00fcnde 50 bin ki\u015fiye yemek veriyor"},"content":{"rendered":"<p style=\"text-align: justify;\"><span data-contrast=\"none\">T\u00fcrkiye <\/span><span data-contrast=\"none\">Diyanet<\/span><span data-contrast=\"none\"> Vakf\u0131 (TDV), deprem b\u00f6lgesinde kurdu\u011fu iftar \u00e7ad\u0131rlar\u0131yla g\u00fcnde 50 bin ki\u015fiye yemek hizmeti sa\u011fl\u0131yor.<\/span><span data-ccp-props=\"{&quot;201341983&quot;:1,&quot;335551550&quot;:1,&quot;335551620&quot;:1,&quot;335559739&quot;:160,&quot;335559740&quot;:405}\">\u00a0<\/span><\/p>\n<p style=\"text-align: justify;\"><span data-contrast=\"none\">Kahramanmara\u015f merkezli 6 \u015eubat&#8217;ta meydana gelen depremlerin etkiledi\u011fi 11 ilde yard\u0131m faaliyetlerini s\u00fcrd\u00fcren TDV, <\/span><span data-contrast=\"none\">Diyanet<\/span><span data-contrast=\"none\"> \u0130\u015fleri Ba\u015fkanl\u0131\u011f\u0131 i\u015fbirli\u011fiyle b\u00f6lgede 500 mescit \u00e7ad\u0131r, 41 iftar ve sahur \u00e7ad\u0131r\u0131 kurdu.<\/span><span data-ccp-props=\"{&quot;201341983&quot;:1,&quot;335551550&quot;:1,&quot;335551620&quot;:1,&quot;335559739&quot;:160,&quot;335559740&quot;:405}\">\u00a0<\/span><\/p>\n<p style=\"text-align: justify;\"><span data-contrast=\"none\">B\u00f6lgede kurdu\u011fu \u00e7ad\u0131rlarda g\u00fcnde 50 bin depremzedeye iftar ve sahur veren vak\u0131f, ramazan ay\u0131nda 1,5 milyondan fazla ki\u015fiye ula\u015fmay\u0131 hedefliyor.<\/span><span data-ccp-props=\"{&quot;201341983&quot;:1,&quot;335551550&quot;:1,&quot;335551620&quot;:1,&quot;335559739&quot;:160,&quot;335559740&quot;:405}\">\u00a0<\/span><\/p>\n<h4 style=\"text-align: justify;\"><span data-contrast=\"none\"> &#8220;\u0130n\u015fa etti\u011fimiz 500 mescit \u00e7ad\u0131rlar\u0131m\u0131zda teravih namazlar\u0131 k\u0131l\u0131n\u0131yor&#8221;<\/span><span data-ccp-props=\"{&quot;201341983&quot;:1,&quot;335551550&quot;:1,&quot;335551620&quot;:1,&quot;335559739&quot;:160,&quot;335559740&quot;:405}\">\u00a0<\/span><\/h4>\n<p style=\"text-align: justify;\"><span data-contrast=\"none\">TDV Genel M\u00fcd\u00fcr\u00fc \u0130zani Turan, ramazan boyunca 11 ildeki depremzedeler ve g\u00f6revlilerin iftar ve sahur ihtiyac\u0131n\u0131 kar\u015f\u0131layacaklar\u0131n\u0131 s\u00f6yledi.<\/span><span data-ccp-props=\"{&quot;201341983&quot;:1,&quot;335551550&quot;:1,&quot;335551620&quot;:1,&quot;335559739&quot;:160,&quot;335559740&quot;:405}\">\u00a0<\/span><\/p>\n<p style=\"text-align: justify;\"><span data-contrast=\"none\">\u0130ftar ve sahurun yan\u0131nda g\u0131da ve hijyen paketi, al\u0131\u015fveri\u015f kart\u0131, bayraml\u0131k, Kur&#8217;an-\u0131 Kerim ve et da\u011f\u0131t\u0131m\u0131 da yapt\u0131klar\u0131n\u0131 s\u00f6yleyen Turan, \u015fu bilgileri verdi:<\/span><\/p>\n<p style=\"text-align: justify;\"><span data-contrast=\"none\">&#8220;Ramazan\u0131n ba\u015f\u0131ndan bu yana deprem b\u00f6lgesinde 526 bin 160 depremzedeye iftar ve sahur ikram\u0131nda bulunduk. Bunun yan\u0131nda 100 bin g\u0131da paketi, 100 bin hijyen paketi, 34 bin al\u0131\u015fveri\u015f kart\u0131, 17 bin bayraml\u0131k, 47 bin 845 Kur&#8217;an-\u0131 Kerim ve 2 bin 442 adak kurban\u0131n da\u011f\u0131t\u0131m\u0131n\u0131 ekiplerimiz ger\u00e7ekle\u015ftirdi. Hay\u0131rseverlerimizin destekleriyle bu yard\u0131mlar\u0131m\u0131z artarak devam ediyor.&#8221;<\/span><span data-ccp-props=\"{&quot;201341983&quot;:1,&quot;335551550&quot;:1,&quot;335551620&quot;:1,&quot;335559739&quot;:160,&quot;335559740&quot;:405}\">\u00a0<\/span><\/p>\n<p style=\"text-align: justify;\"><span data-contrast=\"none\">Deprem b\u00f6lgesinde y\u0131k\u0131lan veya hasar g\u00f6ren camilerin yerine 500 mescit \u00e7ad\u0131r kurduklar\u0131n\u0131 bildiren Turan, &#8220;Depremzede karde\u015flerimizin ramazan\u0131n manevi ikliminden istifade etmesi i\u00e7in t\u00fcm imkanlar\u0131m\u0131z\u0131 seferber ettik. B\u00f6lgede in\u015fa etti\u011fimiz 500 mescit \u00e7ad\u0131rlar\u0131m\u0131zda teravih namazlar\u0131 k\u0131l\u0131n\u0131yor ve g\u00fcn boyu etkinlikler yap\u0131l\u0131yor.&#8221; diye konu\u015ftu.<\/span><span data-ccp-props=\"{&quot;201341983&quot;:1,&quot;335551550&quot;:1,&quot;335551620&quot;:1,&quot;335559739&quot;:160,&quot;335559740&quot;:405}\">\u00a0<\/span><\/p>\n<h4 style=\"text-align: justify;\"><span data-contrast=\"none\">&#8220;Depremin b\u0131rakt\u0131\u011f\u0131 izleri sevgiyle silmeye \u00e7al\u0131\u015f\u0131yoruz&#8221;<\/span><span data-ccp-props=\"{&quot;201341983&quot;:1,&quot;335551550&quot;:1,&quot;335551620&quot;:1,&quot;335559739&quot;:160,&quot;335559740&quot;:405}\">\u00a0<\/span><\/h4>\n<p style=\"text-align: justify;\"><span data-contrast=\"none\">Rehberler e\u015fli\u011finde depremzede \u00e7ocuklara ramazan\u0131n manevi atmosferini yans\u0131tt\u0131klar\u0131n\u0131 ifade eden Turan, &#8220;Bunun yan\u0131nda Hacivat-Karag\u00f6z, meddah, kukla oyunlar\u0131 gibi ramazana has geleneksel T\u00fcrk oyunlar\u0131yla \u00e7ocuklar\u0131m\u0131za ne\u015fe olmaya, depremin b\u0131rakt\u0131\u011f\u0131 izleri sevgiyle silmeye \u00e7al\u0131\u015f\u0131yoruz.&#8221; de\u011ferlendirmesinde bulundu.<\/span><span data-ccp-props=\"{&quot;201341983&quot;:1,&quot;335551550&quot;:1,&quot;335551620&quot;:1,&quot;335559739&quot;:160,&quot;335559740&quot;:405}\">\u00a0<\/span><\/p>\n<p style=\"text-align: justify;\"><span data-contrast=\"none\">Ramazan boyunca &#8220;Beklenen Sensin&#8221; temas\u0131yla yard\u0131mlar\u0131 ger\u00e7ekle\u015ftireceklerini dile getiren Turan, &#8220;T\u00fcrkiye <\/span><span data-contrast=\"none\">Diyanet<\/span><span data-contrast=\"none\"> Vakf\u0131 olarak toplumsal dayan\u0131\u015fma bilincini g\u00fc\u00e7lendirmek ve depremzedelerin yaralar\u0131n\u0131 sarmak i\u00e7in faaliyetlerimizin b\u00fcy\u00fck \u00e7o\u011funlu\u011funu deprem b\u00f6lgesine y\u00f6nlendirdik. Depremden etkilenmeyen illerimizdeki m\u00fcft\u00fcl\u00fcklerimiz ve \u015fubelerimiz \u00fczerinden yard\u0131m \u00e7al\u0131\u015fmalar\u0131m\u0131z devam ediyor.&#8221; ifadelerini kulland\u0131.<\/span><span data-ccp-props=\"{&quot;201341983&quot;:1,&quot;335551550&quot;:1,&quot;335551620&quot;:1,&quot;335559739&quot;:160,&quot;335559740&quot;:405}\">\u00a0<\/span><\/p>\n\n\t\t<style type=\"text\/css\">\n\t\t\t#gallery-1 {\n\t\t\t\tmargin: auto;\n\t\t\t}\n\t\t\t#gallery-1 .gallery-item {\n\t\t\t\tfloat: left;\n\t\t\t\tmargin-top: 10px;\n\t\t\t\ttext-align: center;\n\t\t\t\twidth: 33%;\n\t\t\t}\n\t\t\t#gallery-1 img {\n\t\t\t\tborder: 2px solid #cfcfcf;\n\t\t\t}\n\t\t\t#gallery-1 .gallery-caption {\n\t\t\t\tmargin-left: 0;\n\t\t\t}\n\t\t\t\/* see gallery_shortcode() in wp-includes\/media.php *\/\n\t\t<\/style>\n\t\t<div id='gallery-1' class='gallery galleryid-31859 gallery-columns-3 gallery-size-full'><dl class='gallery-item'>\n\t\t\t<dt class='gallery-icon landscape'>\n\t\t\t\t<a href='https:\/\/tdv.org\/tr-TR\/wp-content\/uploads\/2023\/04\/AA-20230405-30768814-30768799-TDV_DEPREM_BOLGESINDE_KURDUGU_IFTAR_CADIRLARIYLA_GUNDE_50_BIN_KISIYE_YEMEK_VERIYOR.jpg'><img decoding=\"async\" width=\"1365\" height=\"768\" src=\"https:\/\/tdv.org\/tr-TR\/wp-content\/uploads\/2023\/04\/AA-20230405-30768814-30768799-TDV_DEPREM_BOLGESINDE_KURDUGU_IFTAR_CADIRLARIYLA_GUNDE_50_BIN_KISIYE_YEMEK_VERIYOR.jpg\" class=\"attachment-full size-full\" alt=\"\" srcset=\"https:\/\/tdv.org\/tr-TR\/wp-content\/uploads\/2023\/04\/AA-20230405-30768814-30768799-TDV_DEPREM_BOLGESINDE_KURDUGU_IFTAR_CADIRLARIYLA_GUNDE_50_BIN_KISIYE_YEMEK_VERIYOR.jpg 1365w, https:\/\/tdv.org\/tr-TR\/wp-content\/uploads\/2023\/04\/AA-20230405-30768814-30768799-TDV_DEPREM_BOLGESINDE_KURDUGU_IFTAR_CADIRLARIYLA_GUNDE_50_BIN_KISIYE_YEMEK_VERIYOR-300x169.jpg 300w, https:\/\/tdv.org\/tr-TR\/wp-content\/uploads\/2023\/04\/AA-20230405-30768814-30768799-TDV_DEPREM_BOLGESINDE_KURDUGU_IFTAR_CADIRLARIYLA_GUNDE_50_BIN_KISIYE_YEMEK_VERIYOR-1024x576.jpg 1024w, https:\/\/tdv.org\/tr-TR\/wp-content\/uploads\/2023\/04\/AA-20230405-30768814-30768799-TDV_DEPREM_BOLGESINDE_KURDUGU_IFTAR_CADIRLARIYLA_GUNDE_50_BIN_KISIYE_YEMEK_VERIYOR-768x432.jpg 768w\" sizes=\"(max-width: 1365px) 100vw, 1365px\" \/><\/a>\n\t\t\t<\/dt><\/dl><dl class='gallery-item'>\n\t\t\t<dt class='gallery-icon landscape'>\n\t\t\t\t<a href='https:\/\/tdv.org\/tr-TR\/wp-content\/uploads\/2023\/04\/AA-20230405-30768814-30768800-TDV_DEPREM_BOLGESINDE_KURDUGU_IFTAR_CADIRLARIYLA_GUNDE_50_BIN_KISIYE_YEMEK_VERIYOR.jpg'><img decoding=\"async\" width=\"1365\" height=\"768\" src=\"https:\/\/tdv.org\/tr-TR\/wp-content\/uploads\/2023\/04\/AA-20230405-30768814-30768800-TDV_DEPREM_BOLGESINDE_KURDUGU_IFTAR_CADIRLARIYLA_GUNDE_50_BIN_KISIYE_YEMEK_VERIYOR.jpg\" class=\"attachment-full size-full\" alt=\"\" srcset=\"https:\/\/tdv.org\/tr-TR\/wp-content\/uploads\/2023\/04\/AA-20230405-30768814-30768800-TDV_DEPREM_BOLGESINDE_KURDUGU_IFTAR_CADIRLARIYLA_GUNDE_50_BIN_KISIYE_YEMEK_VERIYOR.jpg 1365w, https:\/\/tdv.org\/tr-TR\/wp-content\/uploads\/2023\/04\/AA-20230405-30768814-30768800-TDV_DEPREM_BOLGESINDE_KURDUGU_IFTAR_CADIRLARIYLA_GUNDE_50_BIN_KISIYE_YEMEK_VERIYOR-300x169.jpg 300w, https:\/\/tdv.org\/tr-TR\/wp-content\/uploads\/2023\/04\/AA-20230405-30768814-30768800-TDV_DEPREM_BOLGESINDE_KURDUGU_IFTAR_CADIRLARIYLA_GUNDE_50_BIN_KISIYE_YEMEK_VERIYOR-1024x576.jpg 1024w, https:\/\/tdv.org\/tr-TR\/wp-content\/uploads\/2023\/04\/AA-20230405-30768814-30768800-TDV_DEPREM_BOLGESINDE_KURDUGU_IFTAR_CADIRLARIYLA_GUNDE_50_BIN_KISIYE_YEMEK_VERIYOR-768x432.jpg 768w\" sizes=\"(max-width: 1365px) 100vw, 1365px\" \/><\/a>\n\t\t\t<\/dt><\/dl><dl class='gallery-item'>\n\t\t\t<dt class='gallery-icon landscape'>\n\t\t\t\t<a href='https:\/\/tdv.org\/tr-TR\/wp-content\/uploads\/2023\/04\/AA-20230405-30768814-30768801-TDV_DEPREM_BOLGESINDE_KURDUGU_IFTAR_CADIRLARIYLA_GUNDE_50_BIN_KISIYE_YEMEK_VERIYOR.jpg'><img decoding=\"async\" width=\"1365\" height=\"768\" src=\"https:\/\/tdv.org\/tr-TR\/wp-content\/uploads\/2023\/04\/AA-20230405-30768814-30768801-TDV_DEPREM_BOLGESINDE_KURDUGU_IFTAR_CADIRLARIYLA_GUNDE_50_BIN_KISIYE_YEMEK_VERIYOR.jpg\" class=\"attachment-full size-full\" alt=\"\" srcset=\"https:\/\/tdv.org\/tr-TR\/wp-content\/uploads\/2023\/04\/AA-20230405-30768814-30768801-TDV_DEPREM_BOLGESINDE_KURDUGU_IFTAR_CADIRLARIYLA_GUNDE_50_BIN_KISIYE_YEMEK_VERIYOR.jpg 1365w, https:\/\/tdv.org\/tr-TR\/wp-content\/uploads\/2023\/04\/AA-20230405-30768814-30768801-TDV_DEPREM_BOLGESINDE_KURDUGU_IFTAR_CADIRLARIYLA_GUNDE_50_BIN_KISIYE_YEMEK_VERIYOR-300x169.jpg 300w, https:\/\/tdv.org\/tr-TR\/wp-content\/uploads\/2023\/04\/AA-20230405-30768814-30768801-TDV_DEPREM_BOLGESINDE_KURDUGU_IFTAR_CADIRLARIYLA_GUNDE_50_BIN_KISIYE_YEMEK_VERIYOR-1024x576.jpg 1024w, https:\/\/tdv.org\/tr-TR\/wp-content\/uploads\/2023\/04\/AA-20230405-30768814-30768801-TDV_DEPREM_BOLGESINDE_KURDUGU_IFTAR_CADIRLARIYLA_GUNDE_50_BIN_KISIYE_YEMEK_VERIYOR-768x432.jpg 768w\" sizes=\"(max-width: 1365px) 100vw, 1365px\" \/><\/a>\n\t\t\t<\/dt><\/dl><br style=\"clear: both\" \/><dl class='gallery-item'>\n\t\t\t<dt class='gallery-icon landscape'>\n\t\t\t\t<a href='https:\/\/tdv.org\/tr-TR\/wp-content\/uploads\/2023\/04\/AA-20230405-30768814-30768802-TDV_DEPREM_BOLGESINDE_KURDUGU_IFTAR_CADIRLARIYLA_GUNDE_50_BIN_KISIYE_YEMEK_VERIYOR.jpg'><img decoding=\"async\" width=\"1151\" height=\"768\" src=\"https:\/\/tdv.org\/tr-TR\/wp-content\/uploads\/2023\/04\/AA-20230405-30768814-30768802-TDV_DEPREM_BOLGESINDE_KURDUGU_IFTAR_CADIRLARIYLA_GUNDE_50_BIN_KISIYE_YEMEK_VERIYOR.jpg\" class=\"attachment-full size-full\" alt=\"\" srcset=\"https:\/\/tdv.org\/tr-TR\/wp-content\/uploads\/2023\/04\/AA-20230405-30768814-30768802-TDV_DEPREM_BOLGESINDE_KURDUGU_IFTAR_CADIRLARIYLA_GUNDE_50_BIN_KISIYE_YEMEK_VERIYOR.jpg 1151w, https:\/\/tdv.org\/tr-TR\/wp-content\/uploads\/2023\/04\/AA-20230405-30768814-30768802-TDV_DEPREM_BOLGESINDE_KURDUGU_IFTAR_CADIRLARIYLA_GUNDE_50_BIN_KISIYE_YEMEK_VERIYOR-300x200.jpg 300w, https:\/\/tdv.org\/tr-TR\/wp-content\/uploads\/2023\/04\/AA-20230405-30768814-30768802-TDV_DEPREM_BOLGESINDE_KURDUGU_IFTAR_CADIRLARIYLA_GUNDE_50_BIN_KISIYE_YEMEK_VERIYOR-1024x683.jpg 1024w, https:\/\/tdv.org\/tr-TR\/wp-content\/uploads\/2023\/04\/AA-20230405-30768814-30768802-TDV_DEPREM_BOLGESINDE_KURDUGU_IFTAR_CADIRLARIYLA_GUNDE_50_BIN_KISIYE_YEMEK_VERIYOR-768x512.jpg 768w, https:\/\/tdv.org\/tr-TR\/wp-content\/uploads\/2023\/04\/AA-20230405-30768814-30768802-TDV_DEPREM_BOLGESINDE_KURDUGU_IFTAR_CADIRLARIYLA_GUNDE_50_BIN_KISIYE_YEMEK_VERIYOR-900x600.jpg 900w\" sizes=\"(max-width: 1151px) 100vw, 1151px\" \/><\/a>\n\t\t\t<\/dt><\/dl><dl class='gallery-item'>\n\t\t\t<dt class='gallery-icon landscape'>\n\t\t\t\t<a href='https:\/\/tdv.org\/tr-TR\/wp-content\/uploads\/2023\/04\/AA-20230405-30768814-30768803-TDV_DEPREM_BOLGESINDE_KURDUGU_IFTAR_CADIRLARIYLA_GUNDE_50_BIN_KISIYE_YEMEK_VERIYOR.jpg'><img decoding=\"async\" width=\"1151\" height=\"768\" src=\"https:\/\/tdv.org\/tr-TR\/wp-content\/uploads\/2023\/04\/AA-20230405-30768814-30768803-TDV_DEPREM_BOLGESINDE_KURDUGU_IFTAR_CADIRLARIYLA_GUNDE_50_BIN_KISIYE_YEMEK_VERIYOR.jpg\" class=\"attachment-full size-full\" alt=\"\" srcset=\"https:\/\/tdv.org\/tr-TR\/wp-content\/uploads\/2023\/04\/AA-20230405-30768814-30768803-TDV_DEPREM_BOLGESINDE_KURDUGU_IFTAR_CADIRLARIYLA_GUNDE_50_BIN_KISIYE_YEMEK_VERIYOR.jpg 1151w, https:\/\/tdv.org\/tr-TR\/wp-content\/uploads\/2023\/04\/AA-20230405-30768814-30768803-TDV_DEPREM_BOLGESINDE_KURDUGU_IFTAR_CADIRLARIYLA_GUNDE_50_BIN_KISIYE_YEMEK_VERIYOR-300x200.jpg 300w, https:\/\/tdv.org\/tr-TR\/wp-content\/uploads\/2023\/04\/AA-20230405-30768814-30768803-TDV_DEPREM_BOLGESINDE_KURDUGU_IFTAR_CADIRLARIYLA_GUNDE_50_BIN_KISIYE_YEMEK_VERIYOR-1024x683.jpg 1024w, https:\/\/tdv.org\/tr-TR\/wp-content\/uploads\/2023\/04\/AA-20230405-30768814-30768803-TDV_DEPREM_BOLGESINDE_KURDUGU_IFTAR_CADIRLARIYLA_GUNDE_50_BIN_KISIYE_YEMEK_VERIYOR-768x512.jpg 768w, https:\/\/tdv.org\/tr-TR\/wp-content\/uploads\/2023\/04\/AA-20230405-30768814-30768803-TDV_DEPREM_BOLGESINDE_KURDUGU_IFTAR_CADIRLARIYLA_GUNDE_50_BIN_KISIYE_YEMEK_VERIYOR-900x600.jpg 900w\" sizes=\"(max-width: 1151px) 100vw, 1151px\" \/><\/a>\n\t\t\t<\/dt><\/dl><dl class='gallery-item'>\n\t\t\t<dt class='gallery-icon landscape'>\n\t\t\t\t<a href='https:\/\/tdv.org\/tr-TR\/wp-content\/uploads\/2023\/04\/AA-20230405-30768814-30768804-TDV_DEPREM_BOLGESINDE_KURDUGU_IFTAR_CADIRLARIYLA_GUNDE_50_BIN_KISIYE_YEMEK_VERIYOR.jpg'><img decoding=\"async\" width=\"1151\" height=\"768\" src=\"https:\/\/tdv.org\/tr-TR\/wp-content\/uploads\/2023\/04\/AA-20230405-30768814-30768804-TDV_DEPREM_BOLGESINDE_KURDUGU_IFTAR_CADIRLARIYLA_GUNDE_50_BIN_KISIYE_YEMEK_VERIYOR.jpg\" class=\"attachment-full size-full\" alt=\"\" srcset=\"https:\/\/tdv.org\/tr-TR\/wp-content\/uploads\/2023\/04\/AA-20230405-30768814-30768804-TDV_DEPREM_BOLGESINDE_KURDUGU_IFTAR_CADIRLARIYLA_GUNDE_50_BIN_KISIYE_YEMEK_VERIYOR.jpg 1151w, https:\/\/tdv.org\/tr-TR\/wp-content\/uploads\/2023\/04\/AA-20230405-30768814-30768804-TDV_DEPREM_BOLGESINDE_KURDUGU_IFTAR_CADIRLARIYLA_GUNDE_50_BIN_KISIYE_YEMEK_VERIYOR-300x200.jpg 300w, https:\/\/tdv.org\/tr-TR\/wp-content\/uploads\/2023\/04\/AA-20230405-30768814-30768804-TDV_DEPREM_BOLGESINDE_KURDUGU_IFTAR_CADIRLARIYLA_GUNDE_50_BIN_KISIYE_YEMEK_VERIYOR-1024x683.jpg 1024w, https:\/\/tdv.org\/tr-TR\/wp-content\/uploads\/2023\/04\/AA-20230405-30768814-30768804-TDV_DEPREM_BOLGESINDE_KURDUGU_IFTAR_CADIRLARIYLA_GUNDE_50_BIN_KISIYE_YEMEK_VERIYOR-768x512.jpg 768w, https:\/\/tdv.org\/tr-TR\/wp-content\/uploads\/2023\/04\/AA-20230405-30768814-30768804-TDV_DEPREM_BOLGESINDE_KURDUGU_IFTAR_CADIRLARIYLA_GUNDE_50_BIN_KISIYE_YEMEK_VERIYOR-900x600.jpg 900w\" sizes=\"(max-width: 1151px) 100vw, 1151px\" \/><\/a>\n\t\t\t<\/dt><\/dl><br style=\"clear: both\" \/><dl class='gallery-item'>\n\t\t\t<dt class='gallery-icon landscape'>\n\t\t\t\t<a href='https:\/\/tdv.org\/tr-TR\/wp-content\/uploads\/2023\/04\/AA-20230405-30768814-30768805-TDV_DEPREM_BOLGESINDE_KURDUGU_IFTAR_CADIRLARIYLA_GUNDE_50_BIN_KISIYE_YEMEK_VERIYOR.jpg'><img decoding=\"async\" width=\"1151\" height=\"768\" src=\"https:\/\/tdv.org\/tr-TR\/wp-content\/uploads\/2023\/04\/AA-20230405-30768814-30768805-TDV_DEPREM_BOLGESINDE_KURDUGU_IFTAR_CADIRLARIYLA_GUNDE_50_BIN_KISIYE_YEMEK_VERIYOR.jpg\" class=\"attachment-full size-full\" alt=\"\" srcset=\"https:\/\/tdv.org\/tr-TR\/wp-content\/uploads\/2023\/04\/AA-20230405-30768814-30768805-TDV_DEPREM_BOLGESINDE_KURDUGU_IFTAR_CADIRLARIYLA_GUNDE_50_BIN_KISIYE_YEMEK_VERIYOR.jpg 1151w, https:\/\/tdv.org\/tr-TR\/wp-content\/uploads\/2023\/04\/AA-20230405-30768814-30768805-TDV_DEPREM_BOLGESINDE_KURDUGU_IFTAR_CADIRLARIYLA_GUNDE_50_BIN_KISIYE_YEMEK_VERIYOR-300x200.jpg 300w, https:\/\/tdv.org\/tr-TR\/wp-content\/uploads\/2023\/04\/AA-20230405-30768814-30768805-TDV_DEPREM_BOLGESINDE_KURDUGU_IFTAR_CADIRLARIYLA_GUNDE_50_BIN_KISIYE_YEMEK_VERIYOR-1024x683.jpg 1024w, https:\/\/tdv.org\/tr-TR\/wp-content\/uploads\/2023\/04\/AA-20230405-30768814-30768805-TDV_DEPREM_BOLGESINDE_KURDUGU_IFTAR_CADIRLARIYLA_GUNDE_50_BIN_KISIYE_YEMEK_VERIYOR-768x512.jpg 768w, https:\/\/tdv.org\/tr-TR\/wp-content\/uploads\/2023\/04\/AA-20230405-30768814-30768805-TDV_DEPREM_BOLGESINDE_KURDUGU_IFTAR_CADIRLARIYLA_GUNDE_50_BIN_KISIYE_YEMEK_VERIYOR-900x600.jpg 900w\" sizes=\"(max-width: 1151px) 100vw, 1151px\" \/><\/a>\n\t\t\t<\/dt><\/dl><dl class='gallery-item'>\n\t\t\t<dt class='gallery-icon landscape'>\n\t\t\t\t<a href='https:\/\/tdv.org\/tr-TR\/wp-content\/uploads\/2023\/04\/AA-20230405-30768814-30768806-TDV_DEPREM_BOLGESINDE_KURDUGU_IFTAR_CADIRLARIYLA_GUNDE_50_BIN_KISIYE_YEMEK_VERIYOR.jpg'><img decoding=\"async\" width=\"1151\" height=\"768\" src=\"https:\/\/tdv.org\/tr-TR\/wp-content\/uploads\/2023\/04\/AA-20230405-30768814-30768806-TDV_DEPREM_BOLGESINDE_KURDUGU_IFTAR_CADIRLARIYLA_GUNDE_50_BIN_KISIYE_YEMEK_VERIYOR.jpg\" class=\"attachment-full size-full\" alt=\"\" srcset=\"https:\/\/tdv.org\/tr-TR\/wp-content\/uploads\/2023\/04\/AA-20230405-30768814-30768806-TDV_DEPREM_BOLGESINDE_KURDUGU_IFTAR_CADIRLARIYLA_GUNDE_50_BIN_KISIYE_YEMEK_VERIYOR.jpg 1151w, https:\/\/tdv.org\/tr-TR\/wp-content\/uploads\/2023\/04\/AA-20230405-30768814-30768806-TDV_DEPREM_BOLGESINDE_KURDUGU_IFTAR_CADIRLARIYLA_GUNDE_50_BIN_KISIYE_YEMEK_VERIYOR-300x200.jpg 300w, https:\/\/tdv.org\/tr-TR\/wp-content\/uploads\/2023\/04\/AA-20230405-30768814-30768806-TDV_DEPREM_BOLGESINDE_KURDUGU_IFTAR_CADIRLARIYLA_GUNDE_50_BIN_KISIYE_YEMEK_VERIYOR-1024x683.jpg 1024w, https:\/\/tdv.org\/tr-TR\/wp-content\/uploads\/2023\/04\/AA-20230405-30768814-30768806-TDV_DEPREM_BOLGESINDE_KURDUGU_IFTAR_CADIRLARIYLA_GUNDE_50_BIN_KISIYE_YEMEK_VERIYOR-768x512.jpg 768w, https:\/\/tdv.org\/tr-TR\/wp-content\/uploads\/2023\/04\/AA-20230405-30768814-30768806-TDV_DEPREM_BOLGESINDE_KURDUGU_IFTAR_CADIRLARIYLA_GUNDE_50_BIN_KISIYE_YEMEK_VERIYOR-900x600.jpg 900w\" sizes=\"(max-width: 1151px) 100vw, 1151px\" \/><\/a>\n\t\t\t<\/dt><\/dl><dl class='gallery-item'>\n\t\t\t<dt class='gallery-icon landscape'>\n\t\t\t\t<a href='https:\/\/tdv.org\/tr-TR\/wp-content\/uploads\/2023\/04\/AA-20230405-30768814-30768808-TDV_DEPREM_BOLGESINDE_KURDUGU_IFTAR_CADIRLARIYLA_GUNDE_50_BIN_KISIYE_YEMEK_VERIYOR.jpg'><img decoding=\"async\" width=\"1151\" height=\"768\" src=\"https:\/\/tdv.org\/tr-TR\/wp-content\/uploads\/2023\/04\/AA-20230405-30768814-30768808-TDV_DEPREM_BOLGESINDE_KURDUGU_IFTAR_CADIRLARIYLA_GUNDE_50_BIN_KISIYE_YEMEK_VERIYOR.jpg\" class=\"attachment-full size-full\" alt=\"\" srcset=\"https:\/\/tdv.org\/tr-TR\/wp-content\/uploads\/2023\/04\/AA-20230405-30768814-30768808-TDV_DEPREM_BOLGESINDE_KURDUGU_IFTAR_CADIRLARIYLA_GUNDE_50_BIN_KISIYE_YEMEK_VERIYOR.jpg 1151w, https:\/\/tdv.org\/tr-TR\/wp-content\/uploads\/2023\/04\/AA-20230405-30768814-30768808-TDV_DEPREM_BOLGESINDE_KURDUGU_IFTAR_CADIRLARIYLA_GUNDE_50_BIN_KISIYE_YEMEK_VERIYOR-300x200.jpg 300w, https:\/\/tdv.org\/tr-TR\/wp-content\/uploads\/2023\/04\/AA-20230405-30768814-30768808-TDV_DEPREM_BOLGESINDE_KURDUGU_IFTAR_CADIRLARIYLA_GUNDE_50_BIN_KISIYE_YEMEK_VERIYOR-1024x683.jpg 1024w, https:\/\/tdv.org\/tr-TR\/wp-content\/uploads\/2023\/04\/AA-20230405-30768814-30768808-TDV_DEPREM_BOLGESINDE_KURDUGU_IFTAR_CADIRLARIYLA_GUNDE_50_BIN_KISIYE_YEMEK_VERIYOR-768x512.jpg 768w, https:\/\/tdv.org\/tr-TR\/wp-content\/uploads\/2023\/04\/AA-20230405-30768814-30768808-TDV_DEPREM_BOLGESINDE_KURDUGU_IFTAR_CADIRLARIYLA_GUNDE_50_BIN_KISIYE_YEMEK_VERIYOR-900x600.jpg 900w\" sizes=\"(max-width: 1151px) 100vw, 1151px\" \/><\/a>\n\t\t\t<\/dt><\/dl><br style=\"clear: both\" \/><dl class='gallery-item'>\n\t\t\t<dt class='gallery-icon landscape'>\n\t\t\t\t<a href='https:\/\/tdv.org\/tr-TR\/wp-content\/uploads\/2023\/04\/AA-20230405-30768814-30768809-TDV_DEPREM_BOLGESINDE_KURDUGU_IFTAR_CADIRLARIYLA_GUNDE_50_BIN_KISIYE_YEMEK_VERIYOR.jpg'><img decoding=\"async\" width=\"1151\" height=\"768\" src=\"https:\/\/tdv.org\/tr-TR\/wp-content\/uploads\/2023\/04\/AA-20230405-30768814-30768809-TDV_DEPREM_BOLGESINDE_KURDUGU_IFTAR_CADIRLARIYLA_GUNDE_50_BIN_KISIYE_YEMEK_VERIYOR.jpg\" class=\"attachment-full size-full\" alt=\"\" srcset=\"https:\/\/tdv.org\/tr-TR\/wp-content\/uploads\/2023\/04\/AA-20230405-30768814-30768809-TDV_DEPREM_BOLGESINDE_KURDUGU_IFTAR_CADIRLARIYLA_GUNDE_50_BIN_KISIYE_YEMEK_VERIYOR.jpg 1151w, https:\/\/tdv.org\/tr-TR\/wp-content\/uploads\/2023\/04\/AA-20230405-30768814-30768809-TDV_DEPREM_BOLGESINDE_KURDUGU_IFTAR_CADIRLARIYLA_GUNDE_50_BIN_KISIYE_YEMEK_VERIYOR-300x200.jpg 300w, https:\/\/tdv.org\/tr-TR\/wp-content\/uploads\/2023\/04\/AA-20230405-30768814-30768809-TDV_DEPREM_BOLGESINDE_KURDUGU_IFTAR_CADIRLARIYLA_GUNDE_50_BIN_KISIYE_YEMEK_VERIYOR-1024x683.jpg 1024w, https:\/\/tdv.org\/tr-TR\/wp-content\/uploads\/2023\/04\/AA-20230405-30768814-30768809-TDV_DEPREM_BOLGESINDE_KURDUGU_IFTAR_CADIRLARIYLA_GUNDE_50_BIN_KISIYE_YEMEK_VERIYOR-768x512.jpg 768w, https:\/\/tdv.org\/tr-TR\/wp-content\/uploads\/2023\/04\/AA-20230405-30768814-30768809-TDV_DEPREM_BOLGESINDE_KURDUGU_IFTAR_CADIRLARIYLA_GUNDE_50_BIN_KISIYE_YEMEK_VERIYOR-900x600.jpg 900w\" sizes=\"(max-width: 1151px) 100vw, 1151px\" \/><\/a>\n\t\t\t<\/dt><\/dl><dl class='gallery-item'>\n\t\t\t<dt class='gallery-icon landscape'>\n\t\t\t\t<a href='https:\/\/tdv.org\/tr-TR\/wp-content\/uploads\/2023\/04\/AA-20230405-30768814-30768810-TDV_DEPREM_BOLGESINDE_KURDUGU_IFTAR_CADIRLARIYLA_GUNDE_50_BIN_KISIYE_YEMEK_VERIYOR.jpg'><img decoding=\"async\" width=\"1365\" height=\"768\" src=\"https:\/\/tdv.org\/tr-TR\/wp-content\/uploads\/2023\/04\/AA-20230405-30768814-30768810-TDV_DEPREM_BOLGESINDE_KURDUGU_IFTAR_CADIRLARIYLA_GUNDE_50_BIN_KISIYE_YEMEK_VERIYOR.jpg\" class=\"attachment-full size-full\" alt=\"\" srcset=\"https:\/\/tdv.org\/tr-TR\/wp-content\/uploads\/2023\/04\/AA-20230405-30768814-30768810-TDV_DEPREM_BOLGESINDE_KURDUGU_IFTAR_CADIRLARIYLA_GUNDE_50_BIN_KISIYE_YEMEK_VERIYOR.jpg 1365w, https:\/\/tdv.org\/tr-TR\/wp-content\/uploads\/2023\/04\/AA-20230405-30768814-30768810-TDV_DEPREM_BOLGESINDE_KURDUGU_IFTAR_CADIRLARIYLA_GUNDE_50_BIN_KISIYE_YEMEK_VERIYOR-300x169.jpg 300w, https:\/\/tdv.org\/tr-TR\/wp-content\/uploads\/2023\/04\/AA-20230405-30768814-30768810-TDV_DEPREM_BOLGESINDE_KURDUGU_IFTAR_CADIRLARIYLA_GUNDE_50_BIN_KISIYE_YEMEK_VERIYOR-1024x576.jpg 1024w, https:\/\/tdv.org\/tr-TR\/wp-content\/uploads\/2023\/04\/AA-20230405-30768814-30768810-TDV_DEPREM_BOLGESINDE_KURDUGU_IFTAR_CADIRLARIYLA_GUNDE_50_BIN_KISIYE_YEMEK_VERIYOR-768x432.jpg 768w\" sizes=\"(max-width: 1365px) 100vw, 1365px\" \/><\/a>\n\t\t\t<\/dt><\/dl><dl class='gallery-item'>\n\t\t\t<dt class='gallery-icon landscape'>\n\t\t\t\t<a href='https:\/\/tdv.org\/tr-TR\/wp-content\/uploads\/2023\/04\/AA-20230405-30768814-30768811-TDV_DEPREM_BOLGESINDE_KURDUGU_IFTAR_CADIRLARIYLA_GUNDE_50_BIN_KISIYE_YEMEK_VERIYOR.jpg'><img decoding=\"async\" width=\"1152\" height=\"768\" src=\"https:\/\/tdv.org\/tr-TR\/wp-content\/uploads\/2023\/04\/AA-20230405-30768814-30768811-TDV_DEPREM_BOLGESINDE_KURDUGU_IFTAR_CADIRLARIYLA_GUNDE_50_BIN_KISIYE_YEMEK_VERIYOR.jpg\" class=\"attachment-full size-full\" alt=\"\" srcset=\"https:\/\/tdv.org\/tr-TR\/wp-content\/uploads\/2023\/04\/AA-20230405-30768814-30768811-TDV_DEPREM_BOLGESINDE_KURDUGU_IFTAR_CADIRLARIYLA_GUNDE_50_BIN_KISIYE_YEMEK_VERIYOR.jpg 1152w, https:\/\/tdv.org\/tr-TR\/wp-content\/uploads\/2023\/04\/AA-20230405-30768814-30768811-TDV_DEPREM_BOLGESINDE_KURDUGU_IFTAR_CADIRLARIYLA_GUNDE_50_BIN_KISIYE_YEMEK_VERIYOR-300x200.jpg 300w, https:\/\/tdv.org\/tr-TR\/wp-content\/uploads\/2023\/04\/AA-20230405-30768814-30768811-TDV_DEPREM_BOLGESINDE_KURDUGU_IFTAR_CADIRLARIYLA_GUNDE_50_BIN_KISIYE_YEMEK_VERIYOR-1024x683.jpg 1024w, https:\/\/tdv.org\/tr-TR\/wp-content\/uploads\/2023\/04\/AA-20230405-30768814-30768811-TDV_DEPREM_BOLGESINDE_KURDUGU_IFTAR_CADIRLARIYLA_GUNDE_50_BIN_KISIYE_YEMEK_VERIYOR-768x512.jpg 768w, https:\/\/tdv.org\/tr-TR\/wp-content\/uploads\/2023\/04\/AA-20230405-30768814-30768811-TDV_DEPREM_BOLGESINDE_KURDUGU_IFTAR_CADIRLARIYLA_GUNDE_50_BIN_KISIYE_YEMEK_VERIYOR-900x600.jpg 900w\" sizes=\"(max-width: 1152px) 100vw, 1152px\" \/><\/a>\n\t\t\t<\/dt><\/dl><br style=\"clear: both\" \/><dl class='gallery-item'>\n\t\t\t<dt class='gallery-icon landscape'>\n\t\t\t\t<a href='https:\/\/tdv.org\/tr-TR\/wp-content\/uploads\/2023\/04\/AA-20230405-30768814-30768812-TDV_DEPREM_BOLGESINDE_KURDUGU_IFTAR_CADIRLARIYLA_GUNDE_50_BIN_KISIYE_YEMEK_VERIYOR.jpg'><img decoding=\"async\" width=\"1152\" height=\"768\" src=\"https:\/\/tdv.org\/tr-TR\/wp-content\/uploads\/2023\/04\/AA-20230405-30768814-30768812-TDV_DEPREM_BOLGESINDE_KURDUGU_IFTAR_CADIRLARIYLA_GUNDE_50_BIN_KISIYE_YEMEK_VERIYOR.jpg\" class=\"attachment-full size-full\" alt=\"\" srcset=\"https:\/\/tdv.org\/tr-TR\/wp-content\/uploads\/2023\/04\/AA-20230405-30768814-30768812-TDV_DEPREM_BOLGESINDE_KURDUGU_IFTAR_CADIRLARIYLA_GUNDE_50_BIN_KISIYE_YEMEK_VERIYOR.jpg 1152w, https:\/\/tdv.org\/tr-TR\/wp-content\/uploads\/2023\/04\/AA-20230405-30768814-30768812-TDV_DEPREM_BOLGESINDE_KURDUGU_IFTAR_CADIRLARIYLA_GUNDE_50_BIN_KISIYE_YEMEK_VERIYOR-300x200.jpg 300w, https:\/\/tdv.org\/tr-TR\/wp-content\/uploads\/2023\/04\/AA-20230405-30768814-30768812-TDV_DEPREM_BOLGESINDE_KURDUGU_IFTAR_CADIRLARIYLA_GUNDE_50_BIN_KISIYE_YEMEK_VERIYOR-1024x683.jpg 1024w, https:\/\/tdv.org\/tr-TR\/wp-content\/uploads\/2023\/04\/AA-20230405-30768814-30768812-TDV_DEPREM_BOLGESINDE_KURDUGU_IFTAR_CADIRLARIYLA_GUNDE_50_BIN_KISIYE_YEMEK_VERIYOR-768x512.jpg 768w, https:\/\/tdv.org\/tr-TR\/wp-content\/uploads\/2023\/04\/AA-20230405-30768814-30768812-TDV_DEPREM_BOLGESINDE_KURDUGU_IFTAR_CADIRLARIYLA_GUNDE_50_BIN_KISIYE_YEMEK_VERIYOR-900x600.jpg 900w\" sizes=\"(max-width: 1152px) 100vw, 1152px\" \/><\/a>\n\t\t\t<\/dt><\/dl><dl class='gallery-item'>\n\t\t\t<dt class='gallery-icon landscape'>\n\t\t\t\t<a href='https:\/\/tdv.org\/tr-TR\/wp-content\/uploads\/2023\/04\/AA-20230405-30768814-30768813-TDV_DEPREM_BOLGESINDE_KURDUGU_IFTAR_CADIRLARIYLA_GUNDE_50_BIN_KISIYE_YEMEK_VERIYOR.jpg'><img decoding=\"async\" width=\"1152\" height=\"768\" src=\"https:\/\/tdv.org\/tr-TR\/wp-content\/uploads\/2023\/04\/AA-20230405-30768814-30768813-TDV_DEPREM_BOLGESINDE_KURDUGU_IFTAR_CADIRLARIYLA_GUNDE_50_BIN_KISIYE_YEMEK_VERIYOR.jpg\" class=\"attachment-full size-full\" alt=\"\" srcset=\"https:\/\/tdv.org\/tr-TR\/wp-content\/uploads\/2023\/04\/AA-20230405-30768814-30768813-TDV_DEPREM_BOLGESINDE_KURDUGU_IFTAR_CADIRLARIYLA_GUNDE_50_BIN_KISIYE_YEMEK_VERIYOR.jpg 1152w, https:\/\/tdv.org\/tr-TR\/wp-content\/uploads\/2023\/04\/AA-20230405-30768814-30768813-TDV_DEPREM_BOLGESINDE_KURDUGU_IFTAR_CADIRLARIYLA_GUNDE_50_BIN_KISIYE_YEMEK_VERIYOR-300x200.jpg 300w, https:\/\/tdv.org\/tr-TR\/wp-content\/uploads\/2023\/04\/AA-20230405-30768814-30768813-TDV_DEPREM_BOLGESINDE_KURDUGU_IFTAR_CADIRLARIYLA_GUNDE_50_BIN_KISIYE_YEMEK_VERIYOR-1024x683.jpg 1024w, https:\/\/tdv.org\/tr-TR\/wp-content\/uploads\/2023\/04\/AA-20230405-30768814-30768813-TDV_DEPREM_BOLGESINDE_KURDUGU_IFTAR_CADIRLARIYLA_GUNDE_50_BIN_KISIYE_YEMEK_VERIYOR-768x512.jpg 768w, https:\/\/tdv.org\/tr-TR\/wp-content\/uploads\/2023\/04\/AA-20230405-30768814-30768813-TDV_DEPREM_BOLGESINDE_KURDUGU_IFTAR_CADIRLARIYLA_GUNDE_50_BIN_KISIYE_YEMEK_VERIYOR-900x600.jpg 900w\" sizes=\"(max-width: 1152px) 100vw, 1152px\" \/><\/a>\n\t\t\t<\/dt><\/dl>\n\t\t\t<br style='clear: both' \/>\n\t\t<\/div>\n\n","protected":false},"excerpt":{"rendered":"<p>T\u00fcrkiye Diyanet Vakf\u0131 (TDV), deprem b\u00f6lgesinde kurdu\u011fu iftar \u00e7ad\u0131rlar\u0131yla g\u00fcnde 50 bin ki\u015fiye yemek hizmeti sa\u011fl\u0131yor.\u00a0 Kahramanmara\u015f merkezli 6 \u015eubat&#8217;ta meydana gelen depremlerin etkiledi\u011fi 11 ilde yard\u0131m faaliyetlerini s\u00fcrd\u00fcren TDV,&#8230;<\/p>\n","protected":false},"author":8,"featured_media":31871,"comment_status":"open","ping_status":"closed","sticky":false,"template":"","format":"standard","meta":{"footnotes":""},"categories":[1],"tags":[504,2108,2078],"class_list":{"0":"post-31859","1":"post","2":"type-post","3":"status-publish","4":"format-standard","5":"has-post-thumbnail","7":"category-haberler","8":"tag-deprem","9":"tag-iftar-cadiri","10":"tag-kahramanmaras-depremi"},"yoast_head":"<!-- This site is optimized with the Yoast SEO plugin v27.5 - https:\/\/yoast.com\/product\/yoast-seo-wordpress\/ -->\n<title>TDV, deprem b\u00f6lgesinde kurdu\u011fu iftar \u00e7ad\u0131rlar\u0131yla g\u00fcnde 50 bin ki\u015fiye yemek veriyor<\/title>\n<meta name=\"description\" content=\"T\u00fcrkiye Diyanet Vakf\u0131 (TDV), deprem b\u00f6lgesinde kurdu\u011fu iftar \u00e7ad\u0131rlar\u0131yla g\u00fcnde 50 bin ki\u015fiye yemek hizmeti sa\u011fl\u0131yor.\u00a0\" \/>\n<meta name=\"robots\" content=\"index, follow, max-snippet:-1, max-image-preview:large, max-video-preview:-1\" \/>\n<link rel=\"canonical\" href=\"https:\/\/tdv.org\/tr-TR\/tdv-deprem-bolgesinde-kurdugu-iftar-cadirlariyla-gunde-50-bin-kisiye-yemek-veriyor\/\" \/>\n<meta property=\"og:locale\" content=\"tr_TR\" \/>\n<meta property=\"og:type\" content=\"article\" \/>\n<meta property=\"og:title\" content=\"TDV, deprem b\u00f6lgesinde kurdu\u011fu iftar \u00e7ad\u0131rlar\u0131yla g\u00fcnde 50 bin ki\u015fiye yemek veriyor\" \/>\n<meta property=\"og:description\" content=\"T\u00fcrkiye Diyanet Vakf\u0131 (TDV), deprem b\u00f6lgesinde kurdu\u011fu iftar \u00e7ad\u0131rlar\u0131yla g\u00fcnde 50 bin ki\u015fiye yemek hizmeti sa\u011fl\u0131yor.\u00a0\" \/>\n<meta property=\"og:url\" content=\"https:\/\/tdv.org\/tr-TR\/tdv-deprem-bolgesinde-kurdugu-iftar-cadirlariyla-gunde-50-bin-kisiye-yemek-veriyor\/\" \/>\n<meta property=\"og:site_name\" content=\"T\u00fcrkiye Diyanet Vakf\u0131 Resmi Web Sitesi\" \/>\n<meta property=\"article:publisher\" content=\"https:\/\/www.facebook.com\/Diyanetvakfi\/\" \/>\n<meta property=\"article:published_time\" content=\"2023-04-05T09:36:58+00:00\" \/>\n<meta property=\"og:image\" content=\"https:\/\/tdv.org\/tr-TR\/wp-content\/uploads\/2023\/04\/AA-20230405-30768814-30768811-TDV_DEPREM_BOLGESINDE_KURDUGU_IFTAR_CADIRLARIYLA_GUNDE_50_BIN_KISIYE_YEMEK_VERIYOR.jpg\" \/>\n\t<meta property=\"og:image:width\" content=\"1152\" \/>\n\t<meta property=\"og:image:height\" content=\"768\" \/>\n\t<meta property=\"og:image:type\" content=\"image\/jpeg\" \/>\n<meta name=\"author\" content=\"Selim\" \/>\n<meta name=\"twitter:card\" content=\"summary_large_image\" \/>\n<meta name=\"twitter:creator\" content=\"@DiyanetVakfi\" \/>\n<meta name=\"twitter:site\" content=\"@DiyanetVakfi\" \/>\n<script type=\"application\/ld+json\" class=\"yoast-schema-graph\">{\"@context\":\"https:\\\/\\\/schema.org\",\"@graph\":[{\"@type\":\"Article\",\"@id\":\"https:\\\/\\\/tdv.org\\\/tr-TR\\\/tdv-deprem-bolgesinde-kurdugu-iftar-cadirlariyla-gunde-50-bin-kisiye-yemek-veriyor\\\/#article\",\"isPartOf\":{\"@id\":\"https:\\\/\\\/tdv.org\\\/tr-TR\\\/tdv-deprem-bolgesinde-kurdugu-iftar-cadirlariyla-gunde-50-bin-kisiye-yemek-veriyor\\\/\"},\"author\":{\"name\":\"Selim\",\"@id\":\"https:\\\/\\\/tdv.org\\\/tr-TR\\\/#\\\/schema\\\/person\\\/752b55e264a99273d55636516d96d5eb\"},\"headline\":\"TDV, deprem b\u00f6lgesinde kurdu\u011fu iftar \u00e7ad\u0131rlar\u0131yla g\u00fcnde 50 bin ki\u015fiye yemek veriyor\",\"datePublished\":\"2023-04-05T09:36:58+00:00\",\"mainEntityOfPage\":{\"@id\":\"https:\\\/\\\/tdv.org\\\/tr-TR\\\/tdv-deprem-bolgesinde-kurdugu-iftar-cadirlariyla-gunde-50-bin-kisiye-yemek-veriyor\\\/\"},\"wordCount\":429,\"commentCount\":0,\"publisher\":{\"@id\":\"https:\\\/\\\/tdv.org\\\/tr-TR\\\/#organization\"},\"image\":{\"@id\":\"https:\\\/\\\/tdv.org\\\/tr-TR\\\/tdv-deprem-bolgesinde-kurdugu-iftar-cadirlariyla-gunde-50-bin-kisiye-yemek-veriyor\\\/#primaryimage\"},\"thumbnailUrl\":\"https:\\\/\\\/tdv.org\\\/tr-TR\\\/wp-content\\\/uploads\\\/2023\\\/04\\\/AA-20230405-30768814-30768811-TDV_DEPREM_BOLGESINDE_KURDUGU_IFTAR_CADIRLARIYLA_GUNDE_50_BIN_KISIYE_YEMEK_VERIYOR.jpg\",\"keywords\":[\"Deprem\",\"iftar \u00e7ad\u0131r\u0131\",\"Kahramanmara\u015f Depremi\"],\"articleSection\":[\"Haberler\"],\"inLanguage\":\"tr\",\"potentialAction\":[{\"@type\":\"CommentAction\",\"name\":\"Comment\",\"target\":[\"https:\\\/\\\/tdv.org\\\/tr-TR\\\/tdv-deprem-bolgesinde-kurdugu-iftar-cadirlariyla-gunde-50-bin-kisiye-yemek-veriyor\\\/#respond\"]}]},{\"@type\":\"WebPage\",\"@id\":\"https:\\\/\\\/tdv.org\\\/tr-TR\\\/tdv-deprem-bolgesinde-kurdugu-iftar-cadirlariyla-gunde-50-bin-kisiye-yemek-veriyor\\\/\",\"url\":\"https:\\\/\\\/tdv.org\\\/tr-TR\\\/tdv-deprem-bolgesinde-kurdugu-iftar-cadirlariyla-gunde-50-bin-kisiye-yemek-veriyor\\\/\",\"name\":\"TDV, deprem b\u00f6lgesinde kurdu\u011fu iftar \u00e7ad\u0131rlar\u0131yla g\u00fcnde 50 bin ki\u015fiye yemek veriyor\",\"isPartOf\":{\"@id\":\"https:\\\/\\\/tdv.org\\\/tr-TR\\\/#website\"},\"primaryImageOfPage\":{\"@id\":\"https:\\\/\\\/tdv.org\\\/tr-TR\\\/tdv-deprem-bolgesinde-kurdugu-iftar-cadirlariyla-gunde-50-bin-kisiye-yemek-veriyor\\\/#primaryimage\"},\"image\":{\"@id\":\"https:\\\/\\\/tdv.org\\\/tr-TR\\\/tdv-deprem-bolgesinde-kurdugu-iftar-cadirlariyla-gunde-50-bin-kisiye-yemek-veriyor\\\/#primaryimage\"},\"thumbnailUrl\":\"https:\\\/\\\/tdv.org\\\/tr-TR\\\/wp-content\\\/uploads\\\/2023\\\/04\\\/AA-20230405-30768814-30768811-TDV_DEPREM_BOLGESINDE_KURDUGU_IFTAR_CADIRLARIYLA_GUNDE_50_BIN_KISIYE_YEMEK_VERIYOR.jpg\",\"datePublished\":\"2023-04-05T09:36:58+00:00\",\"description\":\"T\u00fcrkiye Diyanet Vakf\u0131 (TDV), deprem b\u00f6lgesinde kurdu\u011fu iftar \u00e7ad\u0131rlar\u0131yla g\u00fcnde 50 bin ki\u015fiye yemek hizmeti sa\u011fl\u0131yor.\u00a0\",\"breadcrumb\":{\"@id\":\"https:\\\/\\\/tdv.org\\\/tr-TR\\\/tdv-deprem-bolgesinde-kurdugu-iftar-cadirlariyla-gunde-50-bin-kisiye-yemek-veriyor\\\/#breadcrumb\"},\"inLanguage\":\"tr\",\"potentialAction\":[{\"@type\":\"ReadAction\",\"target\":[\"https:\\\/\\\/tdv.org\\\/tr-TR\\\/tdv-deprem-bolgesinde-kurdugu-iftar-cadirlariyla-gunde-50-bin-kisiye-yemek-veriyor\\\/\"]}]},{\"@type\":\"ImageObject\",\"inLanguage\":\"tr\",\"@id\":\"https:\\\/\\\/tdv.org\\\/tr-TR\\\/tdv-deprem-bolgesinde-kurdugu-iftar-cadirlariyla-gunde-50-bin-kisiye-yemek-veriyor\\\/#primaryimage\",\"url\":\"https:\\\/\\\/tdv.org\\\/tr-TR\\\/wp-content\\\/uploads\\\/2023\\\/04\\\/AA-20230405-30768814-30768811-TDV_DEPREM_BOLGESINDE_KURDUGU_IFTAR_CADIRLARIYLA_GUNDE_50_BIN_KISIYE_YEMEK_VERIYOR.jpg\",\"contentUrl\":\"https:\\\/\\\/tdv.org\\\/tr-TR\\\/wp-content\\\/uploads\\\/2023\\\/04\\\/AA-20230405-30768814-30768811-TDV_DEPREM_BOLGESINDE_KURDUGU_IFTAR_CADIRLARIYLA_GUNDE_50_BIN_KISIYE_YEMEK_VERIYOR.jpg\",\"width\":1152,\"height\":768},{\"@type\":\"BreadcrumbList\",\"@id\":\"https:\\\/\\\/tdv.org\\\/tr-TR\\\/tdv-deprem-bolgesinde-kurdugu-iftar-cadirlariyla-gunde-50-bin-kisiye-yemek-veriyor\\\/#breadcrumb\",\"itemListElement\":[{\"@type\":\"ListItem\",\"position\":1,\"name\":\"Anasayfa\",\"item\":\"https:\\\/\\\/tdv.org\\\/tr-TR\\\/\"},{\"@type\":\"ListItem\",\"position\":2,\"name\":\"TDV, deprem b\u00f6lgesinde kurdu\u011fu iftar \u00e7ad\u0131rlar\u0131yla g\u00fcnde 50 bin ki\u015fiye yemek veriyor\"}]},{\"@type\":\"WebSite\",\"@id\":\"https:\\\/\\\/tdv.org\\\/tr-TR\\\/#website\",\"url\":\"https:\\\/\\\/tdv.org\\\/tr-TR\\\/\",\"name\":\"T\u00fcrkiye Diyanet Vakf\u0131 Resmi Web Sitesi\",\"description\":\"Yery\u00fcz\u00fcnde iyilik egemen oluncaya kadar\",\"publisher\":{\"@id\":\"https:\\\/\\\/tdv.org\\\/tr-TR\\\/#organization\"},\"alternateName\":\"T\u00fcrkiye Diyanet Vakf\u0131\",\"potentialAction\":[{\"@type\":\"SearchAction\",\"target\":{\"@type\":\"EntryPoint\",\"urlTemplate\":\"https:\\\/\\\/tdv.org\\\/tr-TR\\\/?s={search_term_string}\"},\"query-input\":{\"@type\":\"PropertyValueSpecification\",\"valueRequired\":true,\"valueName\":\"search_term_string\"}}],\"inLanguage\":\"tr\"},{\"@type\":\"Organization\",\"@id\":\"https:\\\/\\\/tdv.org\\\/tr-TR\\\/#organization\",\"name\":\"T\u00fcrkiye Diyanet Vakf\u0131\",\"alternateName\":\"T\u00fcrkiye Diyanet Vakf\u0131\",\"url\":\"https:\\\/\\\/tdv.org\\\/tr-TR\\\/\",\"logo\":{\"@type\":\"ImageObject\",\"inLanguage\":\"tr\",\"@id\":\"https:\\\/\\\/tdv.org\\\/tr-TR\\\/#\\\/schema\\\/logo\\\/image\\\/\",\"url\":\"https:\\\/\\\/tdv.org\\\/tr-TR\\\/wp-content\\\/uploads\\\/2018\\\/12\\\/TDV_Logo_1.png\",\"contentUrl\":\"https:\\\/\\\/tdv.org\\\/tr-TR\\\/wp-content\\\/uploads\\\/2018\\\/12\\\/TDV_Logo_1.png\",\"width\":207,\"height\":71,\"caption\":\"T\u00fcrkiye Diyanet Vakf\u0131\"},\"image\":{\"@id\":\"https:\\\/\\\/tdv.org\\\/tr-TR\\\/#\\\/schema\\\/logo\\\/image\\\/\"},\"sameAs\":[\"https:\\\/\\\/www.facebook.com\\\/Diyanetvakfi\\\/\",\"https:\\\/\\\/x.com\\\/DiyanetVakfi\",\"https:\\\/\\\/www.instagram.com\\\/turkiyediyanetvakfi\\\/\",\"https:\\\/\\\/www.youtube.com\\\/user\\\/TurkiyeDiyanetVakfi\"]},{\"@type\":\"Person\",\"@id\":\"https:\\\/\\\/tdv.org\\\/tr-TR\\\/#\\\/schema\\\/person\\\/752b55e264a99273d55636516d96d5eb\",\"name\":\"Selim\",\"image\":{\"@type\":\"ImageObject\",\"inLanguage\":\"tr\",\"@id\":\"https:\\\/\\\/tdv.org\\\/tr-TR\\\/wp-content\\\/litespeed\\\/avatar\\\/a1e47b25396e98e5b781e88a5396cd96.jpg?ver=1777287391\",\"url\":\"https:\\\/\\\/tdv.org\\\/tr-TR\\\/wp-content\\\/litespeed\\\/avatar\\\/a1e47b25396e98e5b781e88a5396cd96.jpg?ver=1777287391\",\"contentUrl\":\"https:\\\/\\\/tdv.org\\\/tr-TR\\\/wp-content\\\/litespeed\\\/avatar\\\/a1e47b25396e98e5b781e88a5396cd96.jpg?ver=1777287391\",\"caption\":\"Selim\"}}]}<\/script>\n<!-- \/ Yoast SEO plugin. -->","yoast_head_json":{"title":"TDV, deprem b\u00f6lgesinde kurdu\u011fu iftar \u00e7ad\u0131rlar\u0131yla g\u00fcnde 50 bin ki\u015fiye yemek veriyor","description":"T\u00fcrkiye Diyanet Vakf\u0131 (TDV), deprem b\u00f6lgesinde kurdu\u011fu iftar \u00e7ad\u0131rlar\u0131yla g\u00fcnde 50 bin ki\u015fiye yemek hizmeti sa\u011fl\u0131yor.\u00a0","robots":{"index":"index","follow":"follow","max-snippet":"max-snippet:-1","max-image-preview":"max-image-preview:large","max-video-preview":"max-video-preview:-1"},"canonical":"https:\/\/tdv.org\/tr-TR\/tdv-deprem-bolgesinde-kurdugu-iftar-cadirlariyla-gunde-50-bin-kisiye-yemek-veriyor\/","og_locale":"tr_TR","og_type":"article","og_title":"TDV, deprem b\u00f6lgesinde kurdu\u011fu iftar \u00e7ad\u0131rlar\u0131yla g\u00fcnde 50 bin ki\u015fiye yemek veriyor","og_description":"T\u00fcrkiye Diyanet Vakf\u0131 (TDV), deprem b\u00f6lgesinde kurdu\u011fu iftar \u00e7ad\u0131rlar\u0131yla g\u00fcnde 50 bin ki\u015fiye yemek hizmeti sa\u011fl\u0131yor.\u00a0","og_url":"https:\/\/tdv.org\/tr-TR\/tdv-deprem-bolgesinde-kurdugu-iftar-cadirlariyla-gunde-50-bin-kisiye-yemek-veriyor\/","og_site_name":"T\u00fcrkiye Diyanet Vakf\u0131 Resmi Web Sitesi","article_publisher":"https:\/\/www.facebook.com\/Diyanetvakfi\/","article_published_time":"2023-04-05T09:36:58+00:00","og_image":[{"width":1152,"height":768,"url":"https:\/\/tdv.org\/tr-TR\/wp-content\/uploads\/2023\/04\/AA-20230405-30768814-30768811-TDV_DEPREM_BOLGESINDE_KURDUGU_IFTAR_CADIRLARIYLA_GUNDE_50_BIN_KISIYE_YEMEK_VERIYOR.jpg","type":"image\/jpeg"}],"author":"Selim","twitter_card":"summary_large_image","twitter_creator":"@DiyanetVakfi","twitter_site":"@DiyanetVakfi","schema":{"@context":"https:\/\/schema.org","@graph":[{"@type":"Article","@id":"https:\/\/tdv.org\/tr-TR\/tdv-deprem-bolgesinde-kurdugu-iftar-cadirlariyla-gunde-50-bin-kisiye-yemek-veriyor\/#article","isPartOf":{"@id":"https:\/\/tdv.org\/tr-TR\/tdv-deprem-bolgesinde-kurdugu-iftar-cadirlariyla-gunde-50-bin-kisiye-yemek-veriyor\/"},"author":{"name":"Selim","@id":"https:\/\/tdv.org\/tr-TR\/#\/schema\/person\/752b55e264a99273d55636516d96d5eb"},"headline":"TDV, deprem b\u00f6lgesinde kurdu\u011fu iftar \u00e7ad\u0131rlar\u0131yla g\u00fcnde 50 bin ki\u015fiye yemek veriyor","datePublished":"2023-04-05T09:36:58+00:00","mainEntityOfPage":{"@id":"https:\/\/tdv.org\/tr-TR\/tdv-deprem-bolgesinde-kurdugu-iftar-cadirlariyla-gunde-50-bin-kisiye-yemek-veriyor\/"},"wordCount":429,"commentCount":0,"publisher":{"@id":"https:\/\/tdv.org\/tr-TR\/#organization"},"image":{"@id":"https:\/\/tdv.org\/tr-TR\/tdv-deprem-bolgesinde-kurdugu-iftar-cadirlariyla-gunde-50-bin-kisiye-yemek-veriyor\/#primaryimage"},"thumbnailUrl":"https:\/\/tdv.org\/tr-TR\/wp-content\/uploads\/2023\/04\/AA-20230405-30768814-30768811-TDV_DEPREM_BOLGESINDE_KURDUGU_IFTAR_CADIRLARIYLA_GUNDE_50_BIN_KISIYE_YEMEK_VERIYOR.jpg","keywords":["Deprem","iftar \u00e7ad\u0131r\u0131","Kahramanmara\u015f Depremi"],"articleSection":["Haberler"],"inLanguage":"tr","potentialAction":[{"@type":"CommentAction","name":"Comment","target":["https:\/\/tdv.org\/tr-TR\/tdv-deprem-bolgesinde-kurdugu-iftar-cadirlariyla-gunde-50-bin-kisiye-yemek-veriyor\/#respond"]}]},{"@type":"WebPage","@id":"https:\/\/tdv.org\/tr-TR\/tdv-deprem-bolgesinde-kurdugu-iftar-cadirlariyla-gunde-50-bin-kisiye-yemek-veriyor\/","url":"https:\/\/tdv.org\/tr-TR\/tdv-deprem-bolgesinde-kurdugu-iftar-cadirlariyla-gunde-50-bin-kisiye-yemek-veriyor\/","name":"TDV, deprem b\u00f6lgesinde kurdu\u011fu iftar \u00e7ad\u0131rlar\u0131yla g\u00fcnde 50 bin ki\u015fiye yemek veriyor","isPartOf":{"@id":"https:\/\/tdv.org\/tr-TR\/#website"},"primaryImageOfPage":{"@id":"https:\/\/tdv.org\/tr-TR\/tdv-deprem-bolgesinde-kurdugu-iftar-cadirlariyla-gunde-50-bin-kisiye-yemek-veriyor\/#primaryimage"},"image":{"@id":"https:\/\/tdv.org\/tr-TR\/tdv-deprem-bolgesinde-kurdugu-iftar-cadirlariyla-gunde-50-bin-kisiye-yemek-veriyor\/#primaryimage"},"thumbnailUrl":"https:\/\/tdv.org\/tr-TR\/wp-content\/uploads\/2023\/04\/AA-20230405-30768814-30768811-TDV_DEPREM_BOLGESINDE_KURDUGU_IFTAR_CADIRLARIYLA_GUNDE_50_BIN_KISIYE_YEMEK_VERIYOR.jpg","datePublished":"2023-04-05T09:36:58+00:00","description":"T\u00fcrkiye Diyanet Vakf\u0131 (TDV), deprem b\u00f6lgesinde kurdu\u011fu iftar \u00e7ad\u0131rlar\u0131yla g\u00fcnde 50 bin ki\u015fiye yemek hizmeti sa\u011fl\u0131yor.\u00a0","breadcrumb":{"@id":"https:\/\/tdv.org\/tr-TR\/tdv-deprem-bolgesinde-kurdugu-iftar-cadirlariyla-gunde-50-bin-kisiye-yemek-veriyor\/#breadcrumb"},"inLanguage":"tr","potentialAction":[{"@type":"ReadAction","target":["https:\/\/tdv.org\/tr-TR\/tdv-deprem-bolgesinde-kurdugu-iftar-cadirlariyla-gunde-50-bin-kisiye-yemek-veriyor\/"]}]},{"@type":"ImageObject","inLanguage":"tr","@id":"https:\/\/tdv.org\/tr-TR\/tdv-deprem-bolgesinde-kurdugu-iftar-cadirlariyla-gunde-50-bin-kisiye-yemek-veriyor\/#primaryimage","url":"https:\/\/tdv.org\/tr-TR\/wp-content\/uploads\/2023\/04\/AA-20230405-30768814-30768811-TDV_DEPREM_BOLGESINDE_KURDUGU_IFTAR_CADIRLARIYLA_GUNDE_50_BIN_KISIYE_YEMEK_VERIYOR.jpg","contentUrl":"https:\/\/tdv.org\/tr-TR\/wp-content\/uploads\/2023\/04\/AA-20230405-30768814-30768811-TDV_DEPREM_BOLGESINDE_KURDUGU_IFTAR_CADIRLARIYLA_GUNDE_50_BIN_KISIYE_YEMEK_VERIYOR.jpg","width":1152,"height":768},{"@type":"BreadcrumbList","@id":"https:\/\/tdv.org\/tr-TR\/tdv-deprem-bolgesinde-kurdugu-iftar-cadirlariyla-gunde-50-bin-kisiye-yemek-veriyor\/#breadcrumb","itemListElement":[{"@type":"ListItem","position":1,"name":"Anasayfa","item":"https:\/\/tdv.org\/tr-TR\/"},{"@type":"ListItem","position":2,"name":"TDV, deprem b\u00f6lgesinde kurdu\u011fu iftar \u00e7ad\u0131rlar\u0131yla g\u00fcnde 50 bin ki\u015fiye yemek veriyor"}]},{"@type":"WebSite","@id":"https:\/\/tdv.org\/tr-TR\/#website","url":"https:\/\/tdv.org\/tr-TR\/","name":"T\u00fcrkiye Diyanet Vakf\u0131 Resmi Web Sitesi","description":"Yery\u00fcz\u00fcnde iyilik egemen oluncaya kadar","publisher":{"@id":"https:\/\/tdv.org\/tr-TR\/#organization"},"alternateName":"T\u00fcrkiye Diyanet Vakf\u0131","potentialAction":[{"@type":"SearchAction","target":{"@type":"EntryPoint","urlTemplate":"https:\/\/tdv.org\/tr-TR\/?s={search_term_string}"},"query-input":{"@type":"PropertyValueSpecification","valueRequired":true,"valueName":"search_term_string"}}],"inLanguage":"tr"},{"@type":"Organization","@id":"https:\/\/tdv.org\/tr-TR\/#organization","name":"T\u00fcrkiye Diyanet Vakf\u0131","alternateName":"T\u00fcrkiye Diyanet Vakf\u0131","url":"https:\/\/tdv.org\/tr-TR\/","logo":{"@type":"ImageObject","inLanguage":"tr","@id":"https:\/\/tdv.org\/tr-TR\/#\/schema\/logo\/image\/","url":"https:\/\/tdv.org\/tr-TR\/wp-content\/uploads\/2018\/12\/TDV_Logo_1.png","contentUrl":"https:\/\/tdv.org\/tr-TR\/wp-content\/uploads\/2018\/12\/TDV_Logo_1.png","width":207,"height":71,"caption":"T\u00fcrkiye Diyanet Vakf\u0131"},"image":{"@id":"https:\/\/tdv.org\/tr-TR\/#\/schema\/logo\/image\/"},"sameAs":["https:\/\/www.facebook.com\/Diyanetvakfi\/","https:\/\/x.com\/DiyanetVakfi","https:\/\/www.instagram.com\/turkiyediyanetvakfi\/","https:\/\/www.youtube.com\/user\/TurkiyeDiyanetVakfi"]},{"@type":"Person","@id":"https:\/\/tdv.org\/tr-TR\/#\/schema\/person\/752b55e264a99273d55636516d96d5eb","name":"Selim","image":{"@type":"ImageObject","inLanguage":"tr","@id":"https:\/\/tdv.org\/tr-TR\/wp-content\/litespeed\/avatar\/a1e47b25396e98e5b781e88a5396cd96.jpg?ver=1777287391","url":"https:\/\/tdv.org\/tr-TR\/wp-content\/litespeed\/avatar\/a1e47b25396e98e5b781e88a5396cd96.jpg?ver=1777287391","contentUrl":"https:\/\/tdv.org\/tr-TR\/wp-content\/litespeed\/avatar\/a1e47b25396e98e5b781e88a5396cd96.jpg?ver=1777287391","caption":"Selim"}}]}},"_links":{"self":[{"href":"https:\/\/tdv.org\/tr-TR\/wp-json\/wp\/v2\/posts\/31859","targetHints":{"allow":["GET"]}}],"collection":[{"href":"https:\/\/tdv.org\/tr-TR\/wp-json\/wp\/v2\/posts"}],"about":[{"href":"https:\/\/tdv.org\/tr-TR\/wp-json\/wp\/v2\/types\/post"}],"author":[{"embeddable":true,"href":"https:\/\/tdv.org\/tr-TR\/wp-json\/wp\/v2\/users\/8"}],"replies":[{"embeddable":true,"href":"https:\/\/tdv.org\/tr-TR\/wp-json\/wp\/v2\/comments?post=31859"}],"version-history":[{"count":1,"href":"https:\/\/tdv.org\/tr-TR\/wp-json\/wp\/v2\/posts\/31859\/revisions"}],"predecessor-version":[{"id":31875,"href":"https:\/\/tdv.org\/tr-TR\/wp-json\/wp\/v2\/posts\/31859\/revisions\/31875"}],"wp:featuredmedia":[{"embeddable":true,"href":"https:\/\/tdv.org\/tr-TR\/wp-json\/wp\/v2\/media\/31871"}],"wp:attachment":[{"href":"https:\/\/tdv.org\/tr-TR\/wp-json\/wp\/v2\/media?parent=31859"}],"wp:term":[{"taxonomy":"category","embeddable":true,"href":"https:\/\/tdv.org\/tr-TR\/wp-json\/wp\/v2\/categories?post=31859"},{"taxonomy":"post_tag","embeddable":true,"href":"https:\/\/tdv.org\/tr-TR\/wp-json\/wp\/v2\/tags?post=31859"}],"curies":[{"name":"wp","href":"https:\/\/api.w.org\/{rel}","templated":true}]}}