{"id":31876,"date":"2023-04-05T11:38:15","date_gmt":"2023-04-05T08:38:15","guid":{"rendered":"https:\/\/tdv.org\/tr-TR\/?p=31876"},"modified":"2023-04-05T12:45:09","modified_gmt":"2023-04-05T09:45:09","slug":"diyanet-isleri-baskani-erbastan-mescid-i-aksa-baskinina-tepki","status":"publish","type":"post","link":"https:\/\/tdv.org\/tr-TR\/diyanet-isleri-baskani-erbastan-mescid-i-aksa-baskinina-tepki\/","title":{"rendered":"Diyanet \u0130\u015fleri Ba\u015fkan\u0131 Erba\u015f\u2019tan Mescid-i Aksa bask\u0131n\u0131na tepki"},"content":{"rendered":"<p class=\"text-justify\" style=\"text-align: justify;\">Diyanet \u0130\u015fleri Ba\u015fkan\u0131 ve T\u00fcrkiye Diyanet Vakf\u0131 M\u00fctevelli Heyeti Ba\u015fkan\u0131 Prof. Dr. Ali Erba\u015f, Mescid-i Aksa&#8217;ya bask\u0131n d\u00fczenleyen \u0130srail g\u00fc\u00e7lerine tepki g\u00f6stererek, \u201cMescid-i Aksa\u2019n\u0131n kutsiyetini hi\u00e7e sayan, t\u00fcrl\u00fc zorbal\u0131klarla M\u00fcsl\u00fcmanlar\u0131n can\u0131na kasteden bu zihniyete art\u0131k bir son verilmelidir.\u201d ifadesini kulland\u0131.<\/p>\n<div>\n<p style=\"text-align: justify;\">Diyanet \u0130\u015fleri Ba\u015fkan\u0131 Prof. Dr. Ali Erba\u015f, \u0130srail g\u00fc\u00e7lerinin Mescid-i Aksa\u2019ya d\u00fczenledi\u011fi bask\u0131n\u0131 k\u0131nad\u0131.<\/p>\n<p style=\"text-align: justify;\">Ba\u015fkan Erba\u015f, sosyal medya hesaplar\u0131ndan yapt\u0131\u011f\u0131 payla\u015f\u0131mda, \u015fu ifadeleri kulland\u0131:<\/p>\n<p style=\"text-align: justify;\">\u201c\u0130srail taraf\u0131ndan ilk k\u0131blemiz Mescid-i Aksa\u2019ya y\u00f6nelik ger\u00e7ekle\u015ftirilen bask\u0131n\u0131 ve ibadet eden karde\u015flerimizi hedef alan sald\u0131r\u0131lar\u0131 lanetliyorum. Mescid-i Aksa\u2019n\u0131n kutsiyetini hi\u00e7e sayan, t\u00fcrl\u00fc zorbal\u0131klarla M\u00fcsl\u00fcmanlar\u0131n can\u0131na kasteden bu zihniyete art\u0131k bir son verilmelidir.<\/p>\n<p style=\"text-align: justify;\">\u0130badet \u00f6zg\u00fcrl\u00fc\u011f\u00fcne, mabedlerin kutsiyetine ve insan haklar\u0131na d\u00fc\u015fman olan \u0130srail\u2019in t\u00fcm zorbal\u0131klar\u0131n\u0131n hesab\u0131n\u0131n sorulmas\u0131 i\u00e7in \u0130slam d\u00fcnyas\u0131n\u0131 ve uluslararas\u0131 kamuoyunu harekete ge\u00e7meye ve g\u00fc\u00e7l\u00fc bir tav\u0131r ortaya koymaya davet ediyorum.\u201d<\/p>\n<p>&nbsp;<\/p>\n<\/div>\n","protected":false},"excerpt":{"rendered":"<p>Diyanet \u0130\u015fleri Ba\u015fkan\u0131 ve T\u00fcrkiye Diyanet Vakf\u0131 M\u00fctevelli Heyeti Ba\u015fkan\u0131 Prof. Dr. Ali Erba\u015f, Mescid-i Aksa&#8217;ya bask\u0131n d\u00fczenleyen \u0130srail g\u00fc\u00e7lerine tepki g\u00f6stererek, \u201cMescid-i Aksa\u2019n\u0131n kutsiyetini hi\u00e7e sayan, t\u00fcrl\u00fc zorbal\u0131klarla M\u00fcsl\u00fcmanlar\u0131n&#8230;<\/p>\n","protected":false},"author":8,"featured_media":31877,"comment_status":"open","ping_status":"closed","sticky":false,"template":"","format":"standard","meta":{"footnotes":""},"categories":[1],"tags":[550,596,319],"class_list":{"0":"post-31876","1":"post","2":"type-post","3":"status-publish","4":"format-standard","5":"has-post-thumbnail","7":"category-haberler","8":"tag-dib-baskani-ve-tdv-mutevelli-heyeti-baskani-prof-dr-ali-erbas","9":"tag-diyanet-isleri-baskani-ve-turkiye-diyanet-vakfi-mutevelli-heyeti-baskani-prof-dr-ali-erbas","10":"tag-mescid-i-aksa"},"yoast_head":"<!-- This site is optimized with the Yoast SEO plugin v27.5 - https:\/\/yoast.com\/product\/yoast-seo-wordpress\/ -->\n<title>Diyanet \u0130\u015fleri Ba\u015fkan\u0131 Erba\u015f\u2019tan Mescid-i Aksa bask\u0131n\u0131na tepki<\/title>\n<meta name=\"description\" content=\"Diyanet \u0130\u015fleri Ba\u015fkan\u0131 Prof. Dr. Ali Erba\u015f, Mescid-i Aksa&#039;ya bask\u0131n d\u00fczenleyen \u0130srail g\u00fc\u00e7lerine tepki g\u00f6stererek, \u201cMescid-i Aksa\u2019n\u0131n kutsiyetini hi\u00e7e sayan, t\u00fcrl\u00fc zorbal\u0131klarla M\u00fcsl\u00fcmanlar\u0131n can\u0131na kasteden bu zihniyete art\u0131k bir son verilmelidir.\u201d ifadesini kulland\u0131.\" \/>\n<meta name=\"robots\" content=\"index, follow, max-snippet:-1, max-image-preview:large, max-video-preview:-1\" \/>\n<link rel=\"canonical\" href=\"https:\/\/tdv.org\/tr-TR\/diyanet-isleri-baskani-erbastan-mescid-i-aksa-baskinina-tepki\/\" \/>\n<meta property=\"og:locale\" content=\"tr_TR\" \/>\n<meta property=\"og:type\" content=\"article\" \/>\n<meta property=\"og:title\" content=\"Diyanet \u0130\u015fleri Ba\u015fkan\u0131 Erba\u015f\u2019tan Mescid-i Aksa bask\u0131n\u0131na tepki\" \/>\n<meta property=\"og:description\" content=\"Diyanet \u0130\u015fleri Ba\u015fkan\u0131 Prof. Dr. Ali Erba\u015f, Mescid-i Aksa&#039;ya bask\u0131n d\u00fczenleyen \u0130srail g\u00fc\u00e7lerine tepki g\u00f6stererek, \u201cMescid-i Aksa\u2019n\u0131n kutsiyetini hi\u00e7e sayan, t\u00fcrl\u00fc zorbal\u0131klarla M\u00fcsl\u00fcmanlar\u0131n can\u0131na kasteden bu zihniyete art\u0131k bir son verilmelidir.\u201d ifadesini kulland\u0131.\" \/>\n<meta property=\"og:url\" content=\"https:\/\/tdv.org\/tr-TR\/diyanet-isleri-baskani-erbastan-mescid-i-aksa-baskinina-tepki\/\" \/>\n<meta property=\"og:site_name\" content=\"T\u00fcrkiye Diyanet Vakf\u0131 Resmi Web Sitesi\" \/>\n<meta property=\"article:publisher\" content=\"https:\/\/www.facebook.com\/Diyanetvakfi\/\" \/>\n<meta property=\"article:published_time\" content=\"2023-04-05T08:38:15+00:00\" \/>\n<meta property=\"article:modified_time\" content=\"2023-04-05T09:45:09+00:00\" \/>\n<meta property=\"og:image\" content=\"https:\/\/tdv.org\/tr-TR\/wp-content\/uploads\/2023\/04\/e1b76c68-da7e-42f9-b7be-7e131fa52619_1_1200x800.jpeg\" \/>\n\t<meta property=\"og:image:width\" content=\"1200\" \/>\n\t<meta property=\"og:image:height\" content=\"800\" \/>\n\t<meta property=\"og:image:type\" content=\"image\/jpeg\" \/>\n<meta name=\"author\" content=\"Selim\" \/>\n<meta name=\"twitter:card\" content=\"summary_large_image\" \/>\n<meta name=\"twitter:creator\" content=\"@DiyanetVakfi\" \/>\n<meta name=\"twitter:site\" content=\"@DiyanetVakfi\" \/>\n<script type=\"application\/ld+json\" class=\"yoast-schema-graph\">{\"@context\":\"https:\\\/\\\/schema.org\",\"@graph\":[{\"@type\":\"Article\",\"@id\":\"https:\\\/\\\/tdv.org\\\/tr-TR\\\/diyanet-isleri-baskani-erbastan-mescid-i-aksa-baskinina-tepki\\\/#article\",\"isPartOf\":{\"@id\":\"https:\\\/\\\/tdv.org\\\/tr-TR\\\/diyanet-isleri-baskani-erbastan-mescid-i-aksa-baskinina-tepki\\\/\"},\"author\":{\"name\":\"Selim\",\"@id\":\"https:\\\/\\\/tdv.org\\\/tr-TR\\\/#\\\/schema\\\/person\\\/752b55e264a99273d55636516d96d5eb\"},\"headline\":\"Diyanet \u0130\u015fleri Ba\u015fkan\u0131 Erba\u015f\u2019tan Mescid-i Aksa bask\u0131n\u0131na tepki\",\"datePublished\":\"2023-04-05T08:38:15+00:00\",\"dateModified\":\"2023-04-05T09:45:09+00:00\",\"mainEntityOfPage\":{\"@id\":\"https:\\\/\\\/tdv.org\\\/tr-TR\\\/diyanet-isleri-baskani-erbastan-mescid-i-aksa-baskinina-tepki\\\/\"},\"wordCount\":206,\"commentCount\":0,\"publisher\":{\"@id\":\"https:\\\/\\\/tdv.org\\\/tr-TR\\\/#organization\"},\"image\":{\"@id\":\"https:\\\/\\\/tdv.org\\\/tr-TR\\\/diyanet-isleri-baskani-erbastan-mescid-i-aksa-baskinina-tepki\\\/#primaryimage\"},\"thumbnailUrl\":\"https:\\\/\\\/tdv.org\\\/tr-TR\\\/wp-content\\\/uploads\\\/2023\\\/04\\\/e1b76c68-da7e-42f9-b7be-7e131fa52619_1_1200x800.jpeg\",\"keywords\":[\"D\u0130B Ba\u015fkan\u0131 ve TDV M\u00fctevelli Heyeti Ba\u015fkan\u0131 Prof. Dr. Ali Erba\u015f\",\"Diyanet \u0130\u015fleri Ba\u015fkan\u0131 ve T\u00fcrkiye Diyanet Vakf\u0131 M\u00fctevelli Heyeti Ba\u015fkan\u0131 Prof. Dr. Ali Erba\u015f\",\"Mescid-i Aksa\"],\"articleSection\":[\"Haberler\"],\"inLanguage\":\"tr\",\"potentialAction\":[{\"@type\":\"CommentAction\",\"name\":\"Comment\",\"target\":[\"https:\\\/\\\/tdv.org\\\/tr-TR\\\/diyanet-isleri-baskani-erbastan-mescid-i-aksa-baskinina-tepki\\\/#respond\"]}]},{\"@type\":\"WebPage\",\"@id\":\"https:\\\/\\\/tdv.org\\\/tr-TR\\\/diyanet-isleri-baskani-erbastan-mescid-i-aksa-baskinina-tepki\\\/\",\"url\":\"https:\\\/\\\/tdv.org\\\/tr-TR\\\/diyanet-isleri-baskani-erbastan-mescid-i-aksa-baskinina-tepki\\\/\",\"name\":\"Diyanet \u0130\u015fleri Ba\u015fkan\u0131 Erba\u015f\u2019tan Mescid-i Aksa bask\u0131n\u0131na tepki\",\"isPartOf\":{\"@id\":\"https:\\\/\\\/tdv.org\\\/tr-TR\\\/#website\"},\"primaryImageOfPage\":{\"@id\":\"https:\\\/\\\/tdv.org\\\/tr-TR\\\/diyanet-isleri-baskani-erbastan-mescid-i-aksa-baskinina-tepki\\\/#primaryimage\"},\"image\":{\"@id\":\"https:\\\/\\\/tdv.org\\\/tr-TR\\\/diyanet-isleri-baskani-erbastan-mescid-i-aksa-baskinina-tepki\\\/#primaryimage\"},\"thumbnailUrl\":\"https:\\\/\\\/tdv.org\\\/tr-TR\\\/wp-content\\\/uploads\\\/2023\\\/04\\\/e1b76c68-da7e-42f9-b7be-7e131fa52619_1_1200x800.jpeg\",\"datePublished\":\"2023-04-05T08:38:15+00:00\",\"dateModified\":\"2023-04-05T09:45:09+00:00\",\"description\":\"Diyanet \u0130\u015fleri Ba\u015fkan\u0131 Prof. Dr. Ali Erba\u015f, Mescid-i Aksa'ya bask\u0131n d\u00fczenleyen \u0130srail g\u00fc\u00e7lerine tepki g\u00f6stererek, \u201cMescid-i Aksa\u2019n\u0131n kutsiyetini hi\u00e7e sayan, t\u00fcrl\u00fc zorbal\u0131klarla M\u00fcsl\u00fcmanlar\u0131n can\u0131na kasteden bu zihniyete art\u0131k bir son verilmelidir.\u201d ifadesini kulland\u0131.\",\"breadcrumb\":{\"@id\":\"https:\\\/\\\/tdv.org\\\/tr-TR\\\/diyanet-isleri-baskani-erbastan-mescid-i-aksa-baskinina-tepki\\\/#breadcrumb\"},\"inLanguage\":\"tr\",\"potentialAction\":[{\"@type\":\"ReadAction\",\"target\":[\"https:\\\/\\\/tdv.org\\\/tr-TR\\\/diyanet-isleri-baskani-erbastan-mescid-i-aksa-baskinina-tepki\\\/\"]}]},{\"@type\":\"ImageObject\",\"inLanguage\":\"tr\",\"@id\":\"https:\\\/\\\/tdv.org\\\/tr-TR\\\/diyanet-isleri-baskani-erbastan-mescid-i-aksa-baskinina-tepki\\\/#primaryimage\",\"url\":\"https:\\\/\\\/tdv.org\\\/tr-TR\\\/wp-content\\\/uploads\\\/2023\\\/04\\\/e1b76c68-da7e-42f9-b7be-7e131fa52619_1_1200x800.jpeg\",\"contentUrl\":\"https:\\\/\\\/tdv.org\\\/tr-TR\\\/wp-content\\\/uploads\\\/2023\\\/04\\\/e1b76c68-da7e-42f9-b7be-7e131fa52619_1_1200x800.jpeg\",\"width\":1200,\"height\":800},{\"@type\":\"BreadcrumbList\",\"@id\":\"https:\\\/\\\/tdv.org\\\/tr-TR\\\/diyanet-isleri-baskani-erbastan-mescid-i-aksa-baskinina-tepki\\\/#breadcrumb\",\"itemListElement\":[{\"@type\":\"ListItem\",\"position\":1,\"name\":\"Anasayfa\",\"item\":\"https:\\\/\\\/tdv.org\\\/tr-TR\\\/\"},{\"@type\":\"ListItem\",\"position\":2,\"name\":\"Diyanet \u0130\u015fleri Ba\u015fkan\u0131 Erba\u015f\u2019tan Mescid-i Aksa bask\u0131n\u0131na tepki\"}]},{\"@type\":\"WebSite\",\"@id\":\"https:\\\/\\\/tdv.org\\\/tr-TR\\\/#website\",\"url\":\"https:\\\/\\\/tdv.org\\\/tr-TR\\\/\",\"name\":\"T\u00fcrkiye Diyanet Vakf\u0131 Resmi Web Sitesi\",\"description\":\"Yery\u00fcz\u00fcnde iyilik egemen oluncaya kadar\",\"publisher\":{\"@id\":\"https:\\\/\\\/tdv.org\\\/tr-TR\\\/#organization\"},\"alternateName\":\"T\u00fcrkiye Diyanet Vakf\u0131\",\"potentialAction\":[{\"@type\":\"SearchAction\",\"target\":{\"@type\":\"EntryPoint\",\"urlTemplate\":\"https:\\\/\\\/tdv.org\\\/tr-TR\\\/?s={search_term_string}\"},\"query-input\":{\"@type\":\"PropertyValueSpecification\",\"valueRequired\":true,\"valueName\":\"search_term_string\"}}],\"inLanguage\":\"tr\"},{\"@type\":\"Organization\",\"@id\":\"https:\\\/\\\/tdv.org\\\/tr-TR\\\/#organization\",\"name\":\"T\u00fcrkiye Diyanet Vakf\u0131\",\"alternateName\":\"T\u00fcrkiye Diyanet Vakf\u0131\",\"url\":\"https:\\\/\\\/tdv.org\\\/tr-TR\\\/\",\"logo\":{\"@type\":\"ImageObject\",\"inLanguage\":\"tr\",\"@id\":\"https:\\\/\\\/tdv.org\\\/tr-TR\\\/#\\\/schema\\\/logo\\\/image\\\/\",\"url\":\"https:\\\/\\\/tdv.org\\\/tr-TR\\\/wp-content\\\/uploads\\\/2018\\\/12\\\/TDV_Logo_1.png\",\"contentUrl\":\"https:\\\/\\\/tdv.org\\\/tr-TR\\\/wp-content\\\/uploads\\\/2018\\\/12\\\/TDV_Logo_1.png\",\"width\":207,\"height\":71,\"caption\":\"T\u00fcrkiye Diyanet Vakf\u0131\"},\"image\":{\"@id\":\"https:\\\/\\\/tdv.org\\\/tr-TR\\\/#\\\/schema\\\/logo\\\/image\\\/\"},\"sameAs\":[\"https:\\\/\\\/www.facebook.com\\\/Diyanetvakfi\\\/\",\"https:\\\/\\\/x.com\\\/DiyanetVakfi\",\"https:\\\/\\\/www.instagram.com\\\/turkiyediyanetvakfi\\\/\",\"https:\\\/\\\/www.youtube.com\\\/user\\\/TurkiyeDiyanetVakfi\"]},{\"@type\":\"Person\",\"@id\":\"https:\\\/\\\/tdv.org\\\/tr-TR\\\/#\\\/schema\\\/person\\\/752b55e264a99273d55636516d96d5eb\",\"name\":\"Selim\",\"image\":{\"@type\":\"ImageObject\",\"inLanguage\":\"tr\",\"@id\":\"https:\\\/\\\/tdv.org\\\/tr-TR\\\/wp-content\\\/litespeed\\\/avatar\\\/a1e47b25396e98e5b781e88a5396cd96.jpg?ver=1777287391\",\"url\":\"https:\\\/\\\/tdv.org\\\/tr-TR\\\/wp-content\\\/litespeed\\\/avatar\\\/a1e47b25396e98e5b781e88a5396cd96.jpg?ver=1777287391\",\"contentUrl\":\"https:\\\/\\\/tdv.org\\\/tr-TR\\\/wp-content\\\/litespeed\\\/avatar\\\/a1e47b25396e98e5b781e88a5396cd96.jpg?ver=1777287391\",\"caption\":\"Selim\"}}]}<\/script>\n<!-- \/ Yoast SEO plugin. -->","yoast_head_json":{"title":"Diyanet \u0130\u015fleri Ba\u015fkan\u0131 Erba\u015f\u2019tan Mescid-i Aksa bask\u0131n\u0131na tepki","description":"Diyanet \u0130\u015fleri Ba\u015fkan\u0131 Prof. Dr. Ali Erba\u015f, Mescid-i Aksa'ya bask\u0131n d\u00fczenleyen \u0130srail g\u00fc\u00e7lerine tepki g\u00f6stererek, \u201cMescid-i Aksa\u2019n\u0131n kutsiyetini hi\u00e7e sayan, t\u00fcrl\u00fc zorbal\u0131klarla M\u00fcsl\u00fcmanlar\u0131n can\u0131na kasteden bu zihniyete art\u0131k bir son verilmelidir.\u201d ifadesini kulland\u0131.","robots":{"index":"index","follow":"follow","max-snippet":"max-snippet:-1","max-image-preview":"max-image-preview:large","max-video-preview":"max-video-preview:-1"},"canonical":"https:\/\/tdv.org\/tr-TR\/diyanet-isleri-baskani-erbastan-mescid-i-aksa-baskinina-tepki\/","og_locale":"tr_TR","og_type":"article","og_title":"Diyanet \u0130\u015fleri Ba\u015fkan\u0131 Erba\u015f\u2019tan Mescid-i Aksa bask\u0131n\u0131na tepki","og_description":"Diyanet \u0130\u015fleri Ba\u015fkan\u0131 Prof. Dr. Ali Erba\u015f, Mescid-i Aksa'ya bask\u0131n d\u00fczenleyen \u0130srail g\u00fc\u00e7lerine tepki g\u00f6stererek, \u201cMescid-i Aksa\u2019n\u0131n kutsiyetini hi\u00e7e sayan, t\u00fcrl\u00fc zorbal\u0131klarla M\u00fcsl\u00fcmanlar\u0131n can\u0131na kasteden bu zihniyete art\u0131k bir son verilmelidir.\u201d ifadesini kulland\u0131.","og_url":"https:\/\/tdv.org\/tr-TR\/diyanet-isleri-baskani-erbastan-mescid-i-aksa-baskinina-tepki\/","og_site_name":"T\u00fcrkiye Diyanet Vakf\u0131 Resmi Web Sitesi","article_publisher":"https:\/\/www.facebook.com\/Diyanetvakfi\/","article_published_time":"2023-04-05T08:38:15+00:00","article_modified_time":"2023-04-05T09:45:09+00:00","og_image":[{"width":1200,"height":800,"url":"https:\/\/tdv.org\/tr-TR\/wp-content\/uploads\/2023\/04\/e1b76c68-da7e-42f9-b7be-7e131fa52619_1_1200x800.jpeg","type":"image\/jpeg"}],"author":"Selim","twitter_card":"summary_large_image","twitter_creator":"@DiyanetVakfi","twitter_site":"@DiyanetVakfi","schema":{"@context":"https:\/\/schema.org","@graph":[{"@type":"Article","@id":"https:\/\/tdv.org\/tr-TR\/diyanet-isleri-baskani-erbastan-mescid-i-aksa-baskinina-tepki\/#article","isPartOf":{"@id":"https:\/\/tdv.org\/tr-TR\/diyanet-isleri-baskani-erbastan-mescid-i-aksa-baskinina-tepki\/"},"author":{"name":"Selim","@id":"https:\/\/tdv.org\/tr-TR\/#\/schema\/person\/752b55e264a99273d55636516d96d5eb"},"headline":"Diyanet \u0130\u015fleri Ba\u015fkan\u0131 Erba\u015f\u2019tan Mescid-i Aksa bask\u0131n\u0131na tepki","datePublished":"2023-04-05T08:38:15+00:00","dateModified":"2023-04-05T09:45:09+00:00","mainEntityOfPage":{"@id":"https:\/\/tdv.org\/tr-TR\/diyanet-isleri-baskani-erbastan-mescid-i-aksa-baskinina-tepki\/"},"wordCount":206,"commentCount":0,"publisher":{"@id":"https:\/\/tdv.org\/tr-TR\/#organization"},"image":{"@id":"https:\/\/tdv.org\/tr-TR\/diyanet-isleri-baskani-erbastan-mescid-i-aksa-baskinina-tepki\/#primaryimage"},"thumbnailUrl":"https:\/\/tdv.org\/tr-TR\/wp-content\/uploads\/2023\/04\/e1b76c68-da7e-42f9-b7be-7e131fa52619_1_1200x800.jpeg","keywords":["D\u0130B Ba\u015fkan\u0131 ve TDV M\u00fctevelli Heyeti Ba\u015fkan\u0131 Prof. Dr. Ali Erba\u015f","Diyanet \u0130\u015fleri Ba\u015fkan\u0131 ve T\u00fcrkiye Diyanet Vakf\u0131 M\u00fctevelli Heyeti Ba\u015fkan\u0131 Prof. Dr. Ali Erba\u015f","Mescid-i Aksa"],"articleSection":["Haberler"],"inLanguage":"tr","potentialAction":[{"@type":"CommentAction","name":"Comment","target":["https:\/\/tdv.org\/tr-TR\/diyanet-isleri-baskani-erbastan-mescid-i-aksa-baskinina-tepki\/#respond"]}]},{"@type":"WebPage","@id":"https:\/\/tdv.org\/tr-TR\/diyanet-isleri-baskani-erbastan-mescid-i-aksa-baskinina-tepki\/","url":"https:\/\/tdv.org\/tr-TR\/diyanet-isleri-baskani-erbastan-mescid-i-aksa-baskinina-tepki\/","name":"Diyanet \u0130\u015fleri Ba\u015fkan\u0131 Erba\u015f\u2019tan Mescid-i Aksa bask\u0131n\u0131na tepki","isPartOf":{"@id":"https:\/\/tdv.org\/tr-TR\/#website"},"primaryImageOfPage":{"@id":"https:\/\/tdv.org\/tr-TR\/diyanet-isleri-baskani-erbastan-mescid-i-aksa-baskinina-tepki\/#primaryimage"},"image":{"@id":"https:\/\/tdv.org\/tr-TR\/diyanet-isleri-baskani-erbastan-mescid-i-aksa-baskinina-tepki\/#primaryimage"},"thumbnailUrl":"https:\/\/tdv.org\/tr-TR\/wp-content\/uploads\/2023\/04\/e1b76c68-da7e-42f9-b7be-7e131fa52619_1_1200x800.jpeg","datePublished":"2023-04-05T08:38:15+00:00","dateModified":"2023-04-05T09:45:09+00:00","description":"Diyanet \u0130\u015fleri Ba\u015fkan\u0131 Prof. Dr. Ali Erba\u015f, Mescid-i Aksa'ya bask\u0131n d\u00fczenleyen \u0130srail g\u00fc\u00e7lerine tepki g\u00f6stererek, \u201cMescid-i Aksa\u2019n\u0131n kutsiyetini hi\u00e7e sayan, t\u00fcrl\u00fc zorbal\u0131klarla M\u00fcsl\u00fcmanlar\u0131n can\u0131na kasteden bu zihniyete art\u0131k bir son verilmelidir.\u201d ifadesini kulland\u0131.","breadcrumb":{"@id":"https:\/\/tdv.org\/tr-TR\/diyanet-isleri-baskani-erbastan-mescid-i-aksa-baskinina-tepki\/#breadcrumb"},"inLanguage":"tr","potentialAction":[{"@type":"ReadAction","target":["https:\/\/tdv.org\/tr-TR\/diyanet-isleri-baskani-erbastan-mescid-i-aksa-baskinina-tepki\/"]}]},{"@type":"ImageObject","inLanguage":"tr","@id":"https:\/\/tdv.org\/tr-TR\/diyanet-isleri-baskani-erbastan-mescid-i-aksa-baskinina-tepki\/#primaryimage","url":"https:\/\/tdv.org\/tr-TR\/wp-content\/uploads\/2023\/04\/e1b76c68-da7e-42f9-b7be-7e131fa52619_1_1200x800.jpeg","contentUrl":"https:\/\/tdv.org\/tr-TR\/wp-content\/uploads\/2023\/04\/e1b76c68-da7e-42f9-b7be-7e131fa52619_1_1200x800.jpeg","width":1200,"height":800},{"@type":"BreadcrumbList","@id":"https:\/\/tdv.org\/tr-TR\/diyanet-isleri-baskani-erbastan-mescid-i-aksa-baskinina-tepki\/#breadcrumb","itemListElement":[{"@type":"ListItem","position":1,"name":"Anasayfa","item":"https:\/\/tdv.org\/tr-TR\/"},{"@type":"ListItem","position":2,"name":"Diyanet \u0130\u015fleri Ba\u015fkan\u0131 Erba\u015f\u2019tan Mescid-i Aksa bask\u0131n\u0131na tepki"}]},{"@type":"WebSite","@id":"https:\/\/tdv.org\/tr-TR\/#website","url":"https:\/\/tdv.org\/tr-TR\/","name":"T\u00fcrkiye Diyanet Vakf\u0131 Resmi Web Sitesi","description":"Yery\u00fcz\u00fcnde iyilik egemen oluncaya kadar","publisher":{"@id":"https:\/\/tdv.org\/tr-TR\/#organization"},"alternateName":"T\u00fcrkiye Diyanet Vakf\u0131","potentialAction":[{"@type":"SearchAction","target":{"@type":"EntryPoint","urlTemplate":"https:\/\/tdv.org\/tr-TR\/?s={search_term_string}"},"query-input":{"@type":"PropertyValueSpecification","valueRequired":true,"valueName":"search_term_string"}}],"inLanguage":"tr"},{"@type":"Organization","@id":"https:\/\/tdv.org\/tr-TR\/#organization","name":"T\u00fcrkiye Diyanet Vakf\u0131","alternateName":"T\u00fcrkiye Diyanet Vakf\u0131","url":"https:\/\/tdv.org\/tr-TR\/","logo":{"@type":"ImageObject","inLanguage":"tr","@id":"https:\/\/tdv.org\/tr-TR\/#\/schema\/logo\/image\/","url":"https:\/\/tdv.org\/tr-TR\/wp-content\/uploads\/2018\/12\/TDV_Logo_1.png","contentUrl":"https:\/\/tdv.org\/tr-TR\/wp-content\/uploads\/2018\/12\/TDV_Logo_1.png","width":207,"height":71,"caption":"T\u00fcrkiye Diyanet Vakf\u0131"},"image":{"@id":"https:\/\/tdv.org\/tr-TR\/#\/schema\/logo\/image\/"},"sameAs":["https:\/\/www.facebook.com\/Diyanetvakfi\/","https:\/\/x.com\/DiyanetVakfi","https:\/\/www.instagram.com\/turkiyediyanetvakfi\/","https:\/\/www.youtube.com\/user\/TurkiyeDiyanetVakfi"]},{"@type":"Person","@id":"https:\/\/tdv.org\/tr-TR\/#\/schema\/person\/752b55e264a99273d55636516d96d5eb","name":"Selim","image":{"@type":"ImageObject","inLanguage":"tr","@id":"https:\/\/tdv.org\/tr-TR\/wp-content\/litespeed\/avatar\/a1e47b25396e98e5b781e88a5396cd96.jpg?ver=1777287391","url":"https:\/\/tdv.org\/tr-TR\/wp-content\/litespeed\/avatar\/a1e47b25396e98e5b781e88a5396cd96.jpg?ver=1777287391","contentUrl":"https:\/\/tdv.org\/tr-TR\/wp-content\/litespeed\/avatar\/a1e47b25396e98e5b781e88a5396cd96.jpg?ver=1777287391","caption":"Selim"}}]}},"_links":{"self":[{"href":"https:\/\/tdv.org\/tr-TR\/wp-json\/wp\/v2\/posts\/31876","targetHints":{"allow":["GET"]}}],"collection":[{"href":"https:\/\/tdv.org\/tr-TR\/wp-json\/wp\/v2\/posts"}],"about":[{"href":"https:\/\/tdv.org\/tr-TR\/wp-json\/wp\/v2\/types\/post"}],"author":[{"embeddable":true,"href":"https:\/\/tdv.org\/tr-TR\/wp-json\/wp\/v2\/users\/8"}],"replies":[{"embeddable":true,"href":"https:\/\/tdv.org\/tr-TR\/wp-json\/wp\/v2\/comments?post=31876"}],"version-history":[{"count":2,"href":"https:\/\/tdv.org\/tr-TR\/wp-json\/wp\/v2\/posts\/31876\/revisions"}],"predecessor-version":[{"id":31879,"href":"https:\/\/tdv.org\/tr-TR\/wp-json\/wp\/v2\/posts\/31876\/revisions\/31879"}],"wp:featuredmedia":[{"embeddable":true,"href":"https:\/\/tdv.org\/tr-TR\/wp-json\/wp\/v2\/media\/31877"}],"wp:attachment":[{"href":"https:\/\/tdv.org\/tr-TR\/wp-json\/wp\/v2\/media?parent=31876"}],"wp:term":[{"taxonomy":"category","embeddable":true,"href":"https:\/\/tdv.org\/tr-TR\/wp-json\/wp\/v2\/categories?post=31876"},{"taxonomy":"post_tag","embeddable":true,"href":"https:\/\/tdv.org\/tr-TR\/wp-json\/wp\/v2\/tags?post=31876"}],"curies":[{"name":"wp","href":"https:\/\/api.w.org\/{rel}","templated":true}]}}