{"id":31880,"date":"2023-04-05T13:52:56","date_gmt":"2023-04-05T10:52:56","guid":{"rendered":"https:\/\/tdv.org\/tr-TR\/?p=31880"},"modified":"2023-04-05T14:28:52","modified_gmt":"2023-04-05T11:28:52","slug":"deprem-bolgesinde-din-gorevlilerimiz-destan-yazdi","status":"publish","type":"post","link":"https:\/\/tdv.org\/tr-TR\/deprem-bolgesinde-din-gorevlilerimiz-destan-yazdi\/","title":{"rendered":"&#8220;Deprem b\u00f6lgesinde din g\u00f6revlilerimiz destan yazd\u0131&#8221;"},"content":{"rendered":"<p class=\"text-justify\" style=\"text-align: justify;\">Diyanet \u0130\u015fleri Ba\u015fkan\u0131 ve T\u00fcrkiye Diyanet Vakf\u0131 M\u00fctevelli Heyeti Ba\u015fkan\u0131 Prof. Dr. Ali Erba\u015f, \u201cDiyanet \u0130\u015fleri Ba\u015fkanl\u0131\u011f\u0131m\u0131z\u0131n ve T\u00fcrkiye Diyanet Vakf\u0131m\u0131z\u0131n y\u00fcz\u00fcn\u00fc ak edecek, her yerde iftiharla konu\u015fabilece\u011fimiz harika hikayelerin kahramanlar\u0131 oldunuz, destanlar yazd\u0131n\u0131z, sizlerle ne kadar iftihar etsek azd\u0131r.\u201d dedi<\/p>\n<div>\n<p style=\"text-align: justify;\">Diyanet \u0130\u015fleri Ba\u015fkan\u0131 Prof. Dr. Ali Erba\u015f, T\u00fcrkiye Diyanet Vakf\u0131nca (TDV) \u00e7evrim i\u00e7i olarak d\u00fczenlenen \u201cTDV \u0130yilik Bulu\u015fmalar\u0131\u201d program\u0131na kat\u0131ld\u0131.<\/p>\n<p style=\"text-align: justify;\">Program kapsam\u0131nda, \u0130stanbul geneli din g\u00f6revlileri ve TDV g\u00f6n\u00fcll\u00fclerine hitap eden Ba\u015fkan Erba\u015f, T\u00fcrkiye Diyanet Vakf\u0131\u2019n\u0131n 48 y\u0131l \u00f6nce iyilik hareketi olarak kuruldu\u011funu belirterek, \u201cLogomuzda da yazd\u0131\u011f\u0131 gibi \u2018yery\u00fcz\u00fcnde iyilik hakim oluncaya kadar\u2019 \u00e7al\u0131\u015faca\u011f\u0131z. Ve biliyoruz ki d\u00fcnyay\u0131 iyilik de\u011fi\u015ftirecektir, bu a\u00e7\u0131dan iyilik bulu\u015fmalar\u0131 bizi bir araya getiren, birli\u011fimizi, dirli\u011fimizi, g\u00fcc\u00fcm\u00fcz\u00fc ortaya koyan bulu\u015fmalard\u0131r.\u201d dedi.<\/p>\n<h4 style=\"text-align: justify;\">\u201cHayra \u00e7a\u011f\u0131ran \u00fcmmetiz\u201d<\/h4>\n<p style=\"text-align: justify;\">Ba\u015fkan Erba\u015f, millete daha nitelikli hizmetin g\u00f6t\u00fcr\u00fclmesi gerekti\u011fine vurgu yaparak, \u201cRabbimiz; \u2018\u0130\u00e7inizden bir \u00fcmmet bulunsun. Hayra \u00e7a\u011f\u0131ran, iyili\u011fi emreden ve k\u00f6t\u00fcl\u00fckten men eden, bir \u00fcmmet bulunsun\u2019 buyurmaktad\u0131r. Ayet-i kerimelerde, hadis-i \u015feriflerde iyilik o kadar M\u00fcsl\u00fcmanlar\u0131n, t\u00fcm insanl\u0131\u011f\u0131n \u00f6n\u00fcne konuluyor ki i\u015fte hayra \u00e7a\u011f\u0131ran o \u00fcmmeti olu\u015fturuyoruz.\u201d diye konu\u015ftu.<\/p>\n<p style=\"text-align: justify;\">Din g\u00f6revlilerinin depremde gece g\u00fcnd\u00fcz demeden \u00e7al\u0131\u015ft\u0131klar\u0131n\u0131 dile getiren Ba\u015fkan Erba\u015f, \u015funlar\u0131 s\u00f6yledi:<\/p>\n<p style=\"text-align: justify;\">\u201cDiyanet \u0130\u015fleri Ba\u015fkanl\u0131\u011f\u0131m\u0131z\u0131n ve T\u00fcrkiye Diyanet Vakf\u0131m\u0131z\u0131n y\u00fcz\u00fcn\u00fc ak edecek, her yerde iftiharla konu\u015fabilece\u011fimiz harika hikayelerin kahramanlar\u0131 oldunuz, destanlar yazd\u0131n\u0131z, sizlerle ne kadar iftihar etsek azd\u0131r. Uzak demediniz, kar k\u0131yamet demediniz ilk g\u00fcnden itibaren kiminiz Hatay\u2019da, Kahramanmara\u015f\u2019ta, kiminiz Ad\u0131yaman\u2019da, Malatya\u2019da ve di\u011fer yerlerde \u00fclkemizin her yerinden gelen hocalar\u0131m\u0131z oldu. Gitti\u011fimiz yerlerde hocalar\u0131m\u0131z\u0131n nas\u0131l canh\u0131ra\u015f, b\u00fcy\u00fck bir gayretle \u00e7al\u0131\u015ft\u0131klar\u0131n\u0131 g\u00f6rd\u00fck, bu mutlulu\u011fu bize ya\u015fatt\u0131n\u0131z.\u201d<\/p>\n<p style=\"text-align: justify;\">Ba\u015fkan Erba\u015f, Diyanet \u0130\u015fleri Ba\u015fkanl\u0131\u011f\u0131n\u0131n afet b\u00f6lgelerinde manevi destek hizmetlerini de art\u0131rarak devam ettirdi\u011fini s\u00f6yledi.<\/p>\n<p style=\"text-align: justify;\">Programa, T\u00fcrkiye Diyanet Vakf\u0131 Genel M\u00fcd\u00fcr\u00fc \u0130zani Turan ile \u0130stanbul \u0130l M\u00fcft\u00fcs\u00fc Prof. Dr. Safi Arpagu\u015f da kat\u0131ld\u0131.<\/p>\n<p>\u00a0 \u00a0 \u00a0 \u00a0 \u00a0 \u00a0 \u00a0 \u00a0 \u00a0 \u00a0 \u00a0 \u00a0 \u00a0 \u00a0 \u00a0 \u00a0 \u00a0 \u00a0 \u00a0 \u00a0 \u00a0 \u00a0 \u00a0 \u00a0 \u00a0 \u00a0 \u00a0 \u00a0 \u00a0 \u00a0 \u00a0 \u00a0 \u00a0 \u00a0 \u00a0 \u00a0 \u00a0 \u00a0 \u00a0 \u00a0 \u00a0 \u00a0 \u00a0 \u00a0 \u00a0 \u00a0 \u00a0 \u00a0 \u00a0 \u00a0 \u00a0 \u00a0 \u00a0<iframe title=\"YouTube video player\" src=\"https:\/\/www.youtube.com\/embed\/2GIIqGZ0waI\" width=\"1200\" height=\"480\" frameborder=\"0\" allowfullscreen=\"allowfullscreen\"><\/iframe><\/p>\n\n\t\t<style type=\"text\/css\">\n\t\t\t#gallery-1 {\n\t\t\t\tmargin: auto;\n\t\t\t}\n\t\t\t#gallery-1 .gallery-item {\n\t\t\t\tfloat: left;\n\t\t\t\tmargin-top: 10px;\n\t\t\t\ttext-align: center;\n\t\t\t\twidth: 33%;\n\t\t\t}\n\t\t\t#gallery-1 img {\n\t\t\t\tborder: 2px solid #cfcfcf;\n\t\t\t}\n\t\t\t#gallery-1 .gallery-caption {\n\t\t\t\tmargin-left: 0;\n\t\t\t}\n\t\t\t\/* see gallery_shortcode() in wp-includes\/media.php *\/\n\t\t<\/style>\n\t\t<div id='gallery-1' class='gallery galleryid-31880 gallery-columns-3 gallery-size-full'><dl class='gallery-item'>\n\t\t\t<dt class='gallery-icon landscape'>\n\t\t\t\t<a href='https:\/\/tdv.org\/tr-TR\/wp-content\/uploads\/2023\/04\/d3706a4a-5aaf-4e86-8fcb-48d2c236e37d_1_1200x800.jpg'><img decoding=\"async\" width=\"1200\" height=\"800\" src=\"https:\/\/tdv.org\/tr-TR\/wp-content\/uploads\/2023\/04\/d3706a4a-5aaf-4e86-8fcb-48d2c236e37d_1_1200x800.jpg\" class=\"attachment-full size-full\" alt=\"\" srcset=\"https:\/\/tdv.org\/tr-TR\/wp-content\/uploads\/2023\/04\/d3706a4a-5aaf-4e86-8fcb-48d2c236e37d_1_1200x800.jpg 1200w, https:\/\/tdv.org\/tr-TR\/wp-content\/uploads\/2023\/04\/d3706a4a-5aaf-4e86-8fcb-48d2c236e37d_1_1200x800-300x200.jpg 300w, https:\/\/tdv.org\/tr-TR\/wp-content\/uploads\/2023\/04\/d3706a4a-5aaf-4e86-8fcb-48d2c236e37d_1_1200x800-1024x683.jpg 1024w, https:\/\/tdv.org\/tr-TR\/wp-content\/uploads\/2023\/04\/d3706a4a-5aaf-4e86-8fcb-48d2c236e37d_1_1200x800-768x512.jpg 768w, https:\/\/tdv.org\/tr-TR\/wp-content\/uploads\/2023\/04\/d3706a4a-5aaf-4e86-8fcb-48d2c236e37d_1_1200x800-900x600.jpg 900w\" sizes=\"(max-width: 1200px) 100vw, 1200px\" \/><\/a>\n\t\t\t<\/dt><\/dl><dl class='gallery-item'>\n\t\t\t<dt class='gallery-icon landscape'>\n\t\t\t\t<a href='https:\/\/tdv.org\/tr-TR\/wp-content\/uploads\/2023\/04\/7df532ee-7bea-4006-abdf-5015dfb57018_1_1200x800.jpg'><img decoding=\"async\" width=\"1200\" height=\"800\" src=\"https:\/\/tdv.org\/tr-TR\/wp-content\/uploads\/2023\/04\/7df532ee-7bea-4006-abdf-5015dfb57018_1_1200x800.jpg\" class=\"attachment-full size-full\" alt=\"\" srcset=\"https:\/\/tdv.org\/tr-TR\/wp-content\/uploads\/2023\/04\/7df532ee-7bea-4006-abdf-5015dfb57018_1_1200x800.jpg 1200w, https:\/\/tdv.org\/tr-TR\/wp-content\/uploads\/2023\/04\/7df532ee-7bea-4006-abdf-5015dfb57018_1_1200x800-300x200.jpg 300w, https:\/\/tdv.org\/tr-TR\/wp-content\/uploads\/2023\/04\/7df532ee-7bea-4006-abdf-5015dfb57018_1_1200x800-1024x683.jpg 1024w, https:\/\/tdv.org\/tr-TR\/wp-content\/uploads\/2023\/04\/7df532ee-7bea-4006-abdf-5015dfb57018_1_1200x800-768x512.jpg 768w, https:\/\/tdv.org\/tr-TR\/wp-content\/uploads\/2023\/04\/7df532ee-7bea-4006-abdf-5015dfb57018_1_1200x800-900x600.jpg 900w\" sizes=\"(max-width: 1200px) 100vw, 1200px\" \/><\/a>\n\t\t\t<\/dt><\/dl><dl class='gallery-item'>\n\t\t\t<dt class='gallery-icon landscape'>\n\t\t\t\t<a href='https:\/\/tdv.org\/tr-TR\/wp-content\/uploads\/2023\/04\/33dff787-0332-4b97-a7a1-148098e9bbde_1_1200x800.jpg'><img decoding=\"async\" width=\"1200\" height=\"800\" src=\"https:\/\/tdv.org\/tr-TR\/wp-content\/uploads\/2023\/04\/33dff787-0332-4b97-a7a1-148098e9bbde_1_1200x800.jpg\" class=\"attachment-full size-full\" alt=\"\" srcset=\"https:\/\/tdv.org\/tr-TR\/wp-content\/uploads\/2023\/04\/33dff787-0332-4b97-a7a1-148098e9bbde_1_1200x800.jpg 1200w, https:\/\/tdv.org\/tr-TR\/wp-content\/uploads\/2023\/04\/33dff787-0332-4b97-a7a1-148098e9bbde_1_1200x800-300x200.jpg 300w, https:\/\/tdv.org\/tr-TR\/wp-content\/uploads\/2023\/04\/33dff787-0332-4b97-a7a1-148098e9bbde_1_1200x800-1024x683.jpg 1024w, https:\/\/tdv.org\/tr-TR\/wp-content\/uploads\/2023\/04\/33dff787-0332-4b97-a7a1-148098e9bbde_1_1200x800-768x512.jpg 768w, https:\/\/tdv.org\/tr-TR\/wp-content\/uploads\/2023\/04\/33dff787-0332-4b97-a7a1-148098e9bbde_1_1200x800-900x600.jpg 900w\" sizes=\"(max-width: 1200px) 100vw, 1200px\" \/><\/a>\n\t\t\t<\/dt><\/dl><br style=\"clear: both\" \/><dl class='gallery-item'>\n\t\t\t<dt class='gallery-icon landscape'>\n\t\t\t\t<a href='https:\/\/tdv.org\/tr-TR\/wp-content\/uploads\/2023\/04\/a22408f3-b447-47f2-a611-651a8ee1fe22_1_1200x800.jpg'><img decoding=\"async\" width=\"1200\" height=\"800\" src=\"https:\/\/tdv.org\/tr-TR\/wp-content\/uploads\/2023\/04\/a22408f3-b447-47f2-a611-651a8ee1fe22_1_1200x800.jpg\" class=\"attachment-full size-full\" alt=\"\" srcset=\"https:\/\/tdv.org\/tr-TR\/wp-content\/uploads\/2023\/04\/a22408f3-b447-47f2-a611-651a8ee1fe22_1_1200x800.jpg 1200w, https:\/\/tdv.org\/tr-TR\/wp-content\/uploads\/2023\/04\/a22408f3-b447-47f2-a611-651a8ee1fe22_1_1200x800-300x200.jpg 300w, https:\/\/tdv.org\/tr-TR\/wp-content\/uploads\/2023\/04\/a22408f3-b447-47f2-a611-651a8ee1fe22_1_1200x800-1024x683.jpg 1024w, https:\/\/tdv.org\/tr-TR\/wp-content\/uploads\/2023\/04\/a22408f3-b447-47f2-a611-651a8ee1fe22_1_1200x800-768x512.jpg 768w, https:\/\/tdv.org\/tr-TR\/wp-content\/uploads\/2023\/04\/a22408f3-b447-47f2-a611-651a8ee1fe22_1_1200x800-900x600.jpg 900w\" sizes=\"(max-width: 1200px) 100vw, 1200px\" \/><\/a>\n\t\t\t<\/dt><\/dl><dl class='gallery-item'>\n\t\t\t<dt class='gallery-icon landscape'>\n\t\t\t\t<a href='https:\/\/tdv.org\/tr-TR\/wp-content\/uploads\/2023\/04\/b12eff0c-2afd-4de8-84f2-43a73609efd8_1_1200x800.jpg'><img decoding=\"async\" width=\"1200\" height=\"800\" src=\"https:\/\/tdv.org\/tr-TR\/wp-content\/uploads\/2023\/04\/b12eff0c-2afd-4de8-84f2-43a73609efd8_1_1200x800.jpg\" class=\"attachment-full size-full\" alt=\"\" srcset=\"https:\/\/tdv.org\/tr-TR\/wp-content\/uploads\/2023\/04\/b12eff0c-2afd-4de8-84f2-43a73609efd8_1_1200x800.jpg 1200w, https:\/\/tdv.org\/tr-TR\/wp-content\/uploads\/2023\/04\/b12eff0c-2afd-4de8-84f2-43a73609efd8_1_1200x800-300x200.jpg 300w, https:\/\/tdv.org\/tr-TR\/wp-content\/uploads\/2023\/04\/b12eff0c-2afd-4de8-84f2-43a73609efd8_1_1200x800-1024x683.jpg 1024w, https:\/\/tdv.org\/tr-TR\/wp-content\/uploads\/2023\/04\/b12eff0c-2afd-4de8-84f2-43a73609efd8_1_1200x800-768x512.jpg 768w, https:\/\/tdv.org\/tr-TR\/wp-content\/uploads\/2023\/04\/b12eff0c-2afd-4de8-84f2-43a73609efd8_1_1200x800-900x600.jpg 900w\" sizes=\"(max-width: 1200px) 100vw, 1200px\" \/><\/a>\n\t\t\t<\/dt><\/dl><dl class='gallery-item'>\n\t\t\t<dt class='gallery-icon landscape'>\n\t\t\t\t<a href='https:\/\/tdv.org\/tr-TR\/wp-content\/uploads\/2023\/04\/da4ee184-d981-4a58-9c3c-c86e4925e6f9_1_1200x800.jpg'><img decoding=\"async\" width=\"1200\" height=\"800\" src=\"https:\/\/tdv.org\/tr-TR\/wp-content\/uploads\/2023\/04\/da4ee184-d981-4a58-9c3c-c86e4925e6f9_1_1200x800.jpg\" class=\"attachment-full size-full\" alt=\"\" srcset=\"https:\/\/tdv.org\/tr-TR\/wp-content\/uploads\/2023\/04\/da4ee184-d981-4a58-9c3c-c86e4925e6f9_1_1200x800.jpg 1200w, https:\/\/tdv.org\/tr-TR\/wp-content\/uploads\/2023\/04\/da4ee184-d981-4a58-9c3c-c86e4925e6f9_1_1200x800-300x200.jpg 300w, https:\/\/tdv.org\/tr-TR\/wp-content\/uploads\/2023\/04\/da4ee184-d981-4a58-9c3c-c86e4925e6f9_1_1200x800-1024x683.jpg 1024w, https:\/\/tdv.org\/tr-TR\/wp-content\/uploads\/2023\/04\/da4ee184-d981-4a58-9c3c-c86e4925e6f9_1_1200x800-768x512.jpg 768w, https:\/\/tdv.org\/tr-TR\/wp-content\/uploads\/2023\/04\/da4ee184-d981-4a58-9c3c-c86e4925e6f9_1_1200x800-900x600.jpg 900w\" sizes=\"(max-width: 1200px) 100vw, 1200px\" \/><\/a>\n\t\t\t<\/dt><\/dl><br style=\"clear: both\" \/>\n\t\t<\/div>\n\n<\/div>\n","protected":false},"excerpt":{"rendered":"<p>Diyanet \u0130\u015fleri Ba\u015fkan\u0131 ve T\u00fcrkiye Diyanet Vakf\u0131 M\u00fctevelli Heyeti Ba\u015fkan\u0131 Prof. Dr. Ali Erba\u015f, \u201cDiyanet \u0130\u015fleri Ba\u015fkanl\u0131\u011f\u0131m\u0131z\u0131n ve T\u00fcrkiye Diyanet Vakf\u0131m\u0131z\u0131n y\u00fcz\u00fcn\u00fc ak edecek, her yerde iftiharla konu\u015fabilece\u011fimiz harika hikayelerin&#8230;<\/p>\n","protected":false},"author":8,"featured_media":31885,"comment_status":"open","ping_status":"closed","sticky":false,"template":"","format":"standard","meta":{"footnotes":""},"categories":[1],"tags":[550,596],"class_list":{"0":"post-31880","1":"post","2":"type-post","3":"status-publish","4":"format-standard","5":"has-post-thumbnail","7":"category-haberler","8":"tag-dib-baskani-ve-tdv-mutevelli-heyeti-baskani-prof-dr-ali-erbas","9":"tag-diyanet-isleri-baskani-ve-turkiye-diyanet-vakfi-mutevelli-heyeti-baskani-prof-dr-ali-erbas"},"yoast_head":"<!-- This site is optimized with the Yoast SEO plugin v27.5 - https:\/\/yoast.com\/product\/yoast-seo-wordpress\/ -->\n<title>&quot;Deprem b\u00f6lgesinde din g\u00f6revlilerimiz destan yazd\u0131&quot;<\/title>\n<meta name=\"description\" content=\"Diyanet \u0130\u015fleri Ba\u015fkan\u0131 ve T\u00fcrkiye Diyanet Vakf\u0131 M\u00fctevelli Heyeti Ba\u015fkan\u0131 Prof. Dr. Ali Erba\u015f, \u201cDiyanet \u0130\u015fleri Ba\u015fkanl\u0131\u011f\u0131m\u0131z\u0131n ve T\u00fcrkiye Diyanet Vakf\u0131m\u0131z\u0131n y\u00fcz\u00fcn\u00fc ak edecek, her yerde iftiharla konu\u015fabilece\u011fimiz harika hikayelerin kahramanlar\u0131 oldunuz, destanlar yazd\u0131n\u0131z, sizlerle ne kadar iftihar etsek azd\u0131r.\u201d dedi\" \/>\n<meta name=\"robots\" content=\"index, follow, max-snippet:-1, max-image-preview:large, max-video-preview:-1\" \/>\n<link rel=\"canonical\" href=\"https:\/\/tdv.org\/tr-TR\/deprem-bolgesinde-din-gorevlilerimiz-destan-yazdi\/\" \/>\n<meta property=\"og:locale\" content=\"tr_TR\" \/>\n<meta property=\"og:type\" content=\"article\" \/>\n<meta property=\"og:title\" content=\"&quot;Deprem b\u00f6lgesinde din g\u00f6revlilerimiz destan yazd\u0131&quot;\" \/>\n<meta property=\"og:description\" content=\"Diyanet \u0130\u015fleri Ba\u015fkan\u0131 ve T\u00fcrkiye Diyanet Vakf\u0131 M\u00fctevelli Heyeti Ba\u015fkan\u0131 Prof. Dr. Ali Erba\u015f, \u201cDiyanet \u0130\u015fleri Ba\u015fkanl\u0131\u011f\u0131m\u0131z\u0131n ve T\u00fcrkiye Diyanet Vakf\u0131m\u0131z\u0131n y\u00fcz\u00fcn\u00fc ak edecek, her yerde iftiharla konu\u015fabilece\u011fimiz harika hikayelerin kahramanlar\u0131 oldunuz, destanlar yazd\u0131n\u0131z, sizlerle ne kadar iftihar etsek azd\u0131r.\u201d dedi\" \/>\n<meta property=\"og:url\" content=\"https:\/\/tdv.org\/tr-TR\/deprem-bolgesinde-din-gorevlilerimiz-destan-yazdi\/\" \/>\n<meta property=\"og:site_name\" content=\"T\u00fcrkiye Diyanet Vakf\u0131 Resmi Web Sitesi\" \/>\n<meta property=\"article:publisher\" content=\"https:\/\/www.facebook.com\/Diyanetvakfi\/\" \/>\n<meta property=\"article:published_time\" content=\"2023-04-05T10:52:56+00:00\" \/>\n<meta property=\"article:modified_time\" content=\"2023-04-05T11:28:52+00:00\" \/>\n<meta property=\"og:image\" content=\"https:\/\/tdv.org\/tr-TR\/wp-content\/uploads\/2023\/04\/d3706a4a-5aaf-4e86-8fcb-48d2c236e37d_1_1200x800.jpg\" \/>\n\t<meta property=\"og:image:width\" content=\"1200\" \/>\n\t<meta property=\"og:image:height\" content=\"800\" \/>\n\t<meta property=\"og:image:type\" content=\"image\/jpeg\" \/>\n<meta name=\"author\" content=\"Selim\" \/>\n<meta name=\"twitter:card\" content=\"summary_large_image\" \/>\n<meta name=\"twitter:creator\" content=\"@DiyanetVakfi\" \/>\n<meta name=\"twitter:site\" content=\"@DiyanetVakfi\" \/>\n<script type=\"application\/ld+json\" class=\"yoast-schema-graph\">{\"@context\":\"https:\\\/\\\/schema.org\",\"@graph\":[{\"@type\":\"Article\",\"@id\":\"https:\\\/\\\/tdv.org\\\/tr-TR\\\/deprem-bolgesinde-din-gorevlilerimiz-destan-yazdi\\\/#article\",\"isPartOf\":{\"@id\":\"https:\\\/\\\/tdv.org\\\/tr-TR\\\/deprem-bolgesinde-din-gorevlilerimiz-destan-yazdi\\\/\"},\"author\":{\"name\":\"Selim\",\"@id\":\"https:\\\/\\\/tdv.org\\\/tr-TR\\\/#\\\/schema\\\/person\\\/752b55e264a99273d55636516d96d5eb\"},\"headline\":\"&#8220;Deprem b\u00f6lgesinde din g\u00f6revlilerimiz destan yazd\u0131&#8221;\",\"datePublished\":\"2023-04-05T10:52:56+00:00\",\"dateModified\":\"2023-04-05T11:28:52+00:00\",\"mainEntityOfPage\":{\"@id\":\"https:\\\/\\\/tdv.org\\\/tr-TR\\\/deprem-bolgesinde-din-gorevlilerimiz-destan-yazdi\\\/\"},\"wordCount\":429,\"commentCount\":0,\"publisher\":{\"@id\":\"https:\\\/\\\/tdv.org\\\/tr-TR\\\/#organization\"},\"image\":{\"@id\":\"https:\\\/\\\/tdv.org\\\/tr-TR\\\/deprem-bolgesinde-din-gorevlilerimiz-destan-yazdi\\\/#primaryimage\"},\"thumbnailUrl\":\"https:\\\/\\\/tdv.org\\\/tr-TR\\\/wp-content\\\/uploads\\\/2023\\\/04\\\/d3706a4a-5aaf-4e86-8fcb-48d2c236e37d_1_1200x800.jpg\",\"keywords\":[\"D\u0130B Ba\u015fkan\u0131 ve TDV M\u00fctevelli Heyeti Ba\u015fkan\u0131 Prof. Dr. Ali Erba\u015f\",\"Diyanet \u0130\u015fleri Ba\u015fkan\u0131 ve T\u00fcrkiye Diyanet Vakf\u0131 M\u00fctevelli Heyeti Ba\u015fkan\u0131 Prof. Dr. Ali Erba\u015f\"],\"articleSection\":[\"Haberler\"],\"inLanguage\":\"tr\",\"potentialAction\":[{\"@type\":\"CommentAction\",\"name\":\"Comment\",\"target\":[\"https:\\\/\\\/tdv.org\\\/tr-TR\\\/deprem-bolgesinde-din-gorevlilerimiz-destan-yazdi\\\/#respond\"]}]},{\"@type\":\"WebPage\",\"@id\":\"https:\\\/\\\/tdv.org\\\/tr-TR\\\/deprem-bolgesinde-din-gorevlilerimiz-destan-yazdi\\\/\",\"url\":\"https:\\\/\\\/tdv.org\\\/tr-TR\\\/deprem-bolgesinde-din-gorevlilerimiz-destan-yazdi\\\/\",\"name\":\"\\\"Deprem b\u00f6lgesinde din g\u00f6revlilerimiz destan yazd\u0131\\\"\",\"isPartOf\":{\"@id\":\"https:\\\/\\\/tdv.org\\\/tr-TR\\\/#website\"},\"primaryImageOfPage\":{\"@id\":\"https:\\\/\\\/tdv.org\\\/tr-TR\\\/deprem-bolgesinde-din-gorevlilerimiz-destan-yazdi\\\/#primaryimage\"},\"image\":{\"@id\":\"https:\\\/\\\/tdv.org\\\/tr-TR\\\/deprem-bolgesinde-din-gorevlilerimiz-destan-yazdi\\\/#primaryimage\"},\"thumbnailUrl\":\"https:\\\/\\\/tdv.org\\\/tr-TR\\\/wp-content\\\/uploads\\\/2023\\\/04\\\/d3706a4a-5aaf-4e86-8fcb-48d2c236e37d_1_1200x800.jpg\",\"datePublished\":\"2023-04-05T10:52:56+00:00\",\"dateModified\":\"2023-04-05T11:28:52+00:00\",\"description\":\"Diyanet \u0130\u015fleri Ba\u015fkan\u0131 ve T\u00fcrkiye Diyanet Vakf\u0131 M\u00fctevelli Heyeti Ba\u015fkan\u0131 Prof. Dr. Ali Erba\u015f, \u201cDiyanet \u0130\u015fleri Ba\u015fkanl\u0131\u011f\u0131m\u0131z\u0131n ve T\u00fcrkiye Diyanet Vakf\u0131m\u0131z\u0131n y\u00fcz\u00fcn\u00fc ak edecek, her yerde iftiharla konu\u015fabilece\u011fimiz harika hikayelerin kahramanlar\u0131 oldunuz, destanlar yazd\u0131n\u0131z, sizlerle ne kadar iftihar etsek azd\u0131r.\u201d dedi\",\"breadcrumb\":{\"@id\":\"https:\\\/\\\/tdv.org\\\/tr-TR\\\/deprem-bolgesinde-din-gorevlilerimiz-destan-yazdi\\\/#breadcrumb\"},\"inLanguage\":\"tr\",\"potentialAction\":[{\"@type\":\"ReadAction\",\"target\":[\"https:\\\/\\\/tdv.org\\\/tr-TR\\\/deprem-bolgesinde-din-gorevlilerimiz-destan-yazdi\\\/\"]}]},{\"@type\":\"ImageObject\",\"inLanguage\":\"tr\",\"@id\":\"https:\\\/\\\/tdv.org\\\/tr-TR\\\/deprem-bolgesinde-din-gorevlilerimiz-destan-yazdi\\\/#primaryimage\",\"url\":\"https:\\\/\\\/tdv.org\\\/tr-TR\\\/wp-content\\\/uploads\\\/2023\\\/04\\\/d3706a4a-5aaf-4e86-8fcb-48d2c236e37d_1_1200x800.jpg\",\"contentUrl\":\"https:\\\/\\\/tdv.org\\\/tr-TR\\\/wp-content\\\/uploads\\\/2023\\\/04\\\/d3706a4a-5aaf-4e86-8fcb-48d2c236e37d_1_1200x800.jpg\",\"width\":1200,\"height\":800},{\"@type\":\"BreadcrumbList\",\"@id\":\"https:\\\/\\\/tdv.org\\\/tr-TR\\\/deprem-bolgesinde-din-gorevlilerimiz-destan-yazdi\\\/#breadcrumb\",\"itemListElement\":[{\"@type\":\"ListItem\",\"position\":1,\"name\":\"Anasayfa\",\"item\":\"https:\\\/\\\/tdv.org\\\/tr-TR\\\/\"},{\"@type\":\"ListItem\",\"position\":2,\"name\":\"&#8220;Deprem b\u00f6lgesinde din g\u00f6revlilerimiz destan yazd\u0131&#8221;\"}]},{\"@type\":\"WebSite\",\"@id\":\"https:\\\/\\\/tdv.org\\\/tr-TR\\\/#website\",\"url\":\"https:\\\/\\\/tdv.org\\\/tr-TR\\\/\",\"name\":\"T\u00fcrkiye Diyanet Vakf\u0131 Resmi Web Sitesi\",\"description\":\"Yery\u00fcz\u00fcnde iyilik egemen oluncaya kadar\",\"publisher\":{\"@id\":\"https:\\\/\\\/tdv.org\\\/tr-TR\\\/#organization\"},\"alternateName\":\"T\u00fcrkiye Diyanet Vakf\u0131\",\"potentialAction\":[{\"@type\":\"SearchAction\",\"target\":{\"@type\":\"EntryPoint\",\"urlTemplate\":\"https:\\\/\\\/tdv.org\\\/tr-TR\\\/?s={search_term_string}\"},\"query-input\":{\"@type\":\"PropertyValueSpecification\",\"valueRequired\":true,\"valueName\":\"search_term_string\"}}],\"inLanguage\":\"tr\"},{\"@type\":\"Organization\",\"@id\":\"https:\\\/\\\/tdv.org\\\/tr-TR\\\/#organization\",\"name\":\"T\u00fcrkiye Diyanet Vakf\u0131\",\"alternateName\":\"T\u00fcrkiye Diyanet Vakf\u0131\",\"url\":\"https:\\\/\\\/tdv.org\\\/tr-TR\\\/\",\"logo\":{\"@type\":\"ImageObject\",\"inLanguage\":\"tr\",\"@id\":\"https:\\\/\\\/tdv.org\\\/tr-TR\\\/#\\\/schema\\\/logo\\\/image\\\/\",\"url\":\"https:\\\/\\\/tdv.org\\\/tr-TR\\\/wp-content\\\/uploads\\\/2018\\\/12\\\/TDV_Logo_1.png\",\"contentUrl\":\"https:\\\/\\\/tdv.org\\\/tr-TR\\\/wp-content\\\/uploads\\\/2018\\\/12\\\/TDV_Logo_1.png\",\"width\":207,\"height\":71,\"caption\":\"T\u00fcrkiye Diyanet Vakf\u0131\"},\"image\":{\"@id\":\"https:\\\/\\\/tdv.org\\\/tr-TR\\\/#\\\/schema\\\/logo\\\/image\\\/\"},\"sameAs\":[\"https:\\\/\\\/www.facebook.com\\\/Diyanetvakfi\\\/\",\"https:\\\/\\\/x.com\\\/DiyanetVakfi\",\"https:\\\/\\\/www.instagram.com\\\/turkiyediyanetvakfi\\\/\",\"https:\\\/\\\/www.youtube.com\\\/user\\\/TurkiyeDiyanetVakfi\"]},{\"@type\":\"Person\",\"@id\":\"https:\\\/\\\/tdv.org\\\/tr-TR\\\/#\\\/schema\\\/person\\\/752b55e264a99273d55636516d96d5eb\",\"name\":\"Selim\",\"image\":{\"@type\":\"ImageObject\",\"inLanguage\":\"tr\",\"@id\":\"https:\\\/\\\/tdv.org\\\/tr-TR\\\/wp-content\\\/litespeed\\\/avatar\\\/a1e47b25396e98e5b781e88a5396cd96.jpg?ver=1777287391\",\"url\":\"https:\\\/\\\/tdv.org\\\/tr-TR\\\/wp-content\\\/litespeed\\\/avatar\\\/a1e47b25396e98e5b781e88a5396cd96.jpg?ver=1777287391\",\"contentUrl\":\"https:\\\/\\\/tdv.org\\\/tr-TR\\\/wp-content\\\/litespeed\\\/avatar\\\/a1e47b25396e98e5b781e88a5396cd96.jpg?ver=1777287391\",\"caption\":\"Selim\"}}]}<\/script>\n<!-- \/ Yoast SEO plugin. -->","yoast_head_json":{"title":"\"Deprem b\u00f6lgesinde din g\u00f6revlilerimiz destan yazd\u0131\"","description":"Diyanet \u0130\u015fleri Ba\u015fkan\u0131 ve T\u00fcrkiye Diyanet Vakf\u0131 M\u00fctevelli Heyeti Ba\u015fkan\u0131 Prof. Dr. Ali Erba\u015f, \u201cDiyanet \u0130\u015fleri Ba\u015fkanl\u0131\u011f\u0131m\u0131z\u0131n ve T\u00fcrkiye Diyanet Vakf\u0131m\u0131z\u0131n y\u00fcz\u00fcn\u00fc ak edecek, her yerde iftiharla konu\u015fabilece\u011fimiz harika hikayelerin kahramanlar\u0131 oldunuz, destanlar yazd\u0131n\u0131z, sizlerle ne kadar iftihar etsek azd\u0131r.\u201d dedi","robots":{"index":"index","follow":"follow","max-snippet":"max-snippet:-1","max-image-preview":"max-image-preview:large","max-video-preview":"max-video-preview:-1"},"canonical":"https:\/\/tdv.org\/tr-TR\/deprem-bolgesinde-din-gorevlilerimiz-destan-yazdi\/","og_locale":"tr_TR","og_type":"article","og_title":"\"Deprem b\u00f6lgesinde din g\u00f6revlilerimiz destan yazd\u0131\"","og_description":"Diyanet \u0130\u015fleri Ba\u015fkan\u0131 ve T\u00fcrkiye Diyanet Vakf\u0131 M\u00fctevelli Heyeti Ba\u015fkan\u0131 Prof. Dr. Ali Erba\u015f, \u201cDiyanet \u0130\u015fleri Ba\u015fkanl\u0131\u011f\u0131m\u0131z\u0131n ve T\u00fcrkiye Diyanet Vakf\u0131m\u0131z\u0131n y\u00fcz\u00fcn\u00fc ak edecek, her yerde iftiharla konu\u015fabilece\u011fimiz harika hikayelerin kahramanlar\u0131 oldunuz, destanlar yazd\u0131n\u0131z, sizlerle ne kadar iftihar etsek azd\u0131r.\u201d dedi","og_url":"https:\/\/tdv.org\/tr-TR\/deprem-bolgesinde-din-gorevlilerimiz-destan-yazdi\/","og_site_name":"T\u00fcrkiye Diyanet Vakf\u0131 Resmi Web Sitesi","article_publisher":"https:\/\/www.facebook.com\/Diyanetvakfi\/","article_published_time":"2023-04-05T10:52:56+00:00","article_modified_time":"2023-04-05T11:28:52+00:00","og_image":[{"width":1200,"height":800,"url":"https:\/\/tdv.org\/tr-TR\/wp-content\/uploads\/2023\/04\/d3706a4a-5aaf-4e86-8fcb-48d2c236e37d_1_1200x800.jpg","type":"image\/jpeg"}],"author":"Selim","twitter_card":"summary_large_image","twitter_creator":"@DiyanetVakfi","twitter_site":"@DiyanetVakfi","schema":{"@context":"https:\/\/schema.org","@graph":[{"@type":"Article","@id":"https:\/\/tdv.org\/tr-TR\/deprem-bolgesinde-din-gorevlilerimiz-destan-yazdi\/#article","isPartOf":{"@id":"https:\/\/tdv.org\/tr-TR\/deprem-bolgesinde-din-gorevlilerimiz-destan-yazdi\/"},"author":{"name":"Selim","@id":"https:\/\/tdv.org\/tr-TR\/#\/schema\/person\/752b55e264a99273d55636516d96d5eb"},"headline":"&#8220;Deprem b\u00f6lgesinde din g\u00f6revlilerimiz destan yazd\u0131&#8221;","datePublished":"2023-04-05T10:52:56+00:00","dateModified":"2023-04-05T11:28:52+00:00","mainEntityOfPage":{"@id":"https:\/\/tdv.org\/tr-TR\/deprem-bolgesinde-din-gorevlilerimiz-destan-yazdi\/"},"wordCount":429,"commentCount":0,"publisher":{"@id":"https:\/\/tdv.org\/tr-TR\/#organization"},"image":{"@id":"https:\/\/tdv.org\/tr-TR\/deprem-bolgesinde-din-gorevlilerimiz-destan-yazdi\/#primaryimage"},"thumbnailUrl":"https:\/\/tdv.org\/tr-TR\/wp-content\/uploads\/2023\/04\/d3706a4a-5aaf-4e86-8fcb-48d2c236e37d_1_1200x800.jpg","keywords":["D\u0130B Ba\u015fkan\u0131 ve TDV M\u00fctevelli Heyeti Ba\u015fkan\u0131 Prof. Dr. Ali Erba\u015f","Diyanet \u0130\u015fleri Ba\u015fkan\u0131 ve T\u00fcrkiye Diyanet Vakf\u0131 M\u00fctevelli Heyeti Ba\u015fkan\u0131 Prof. Dr. Ali Erba\u015f"],"articleSection":["Haberler"],"inLanguage":"tr","potentialAction":[{"@type":"CommentAction","name":"Comment","target":["https:\/\/tdv.org\/tr-TR\/deprem-bolgesinde-din-gorevlilerimiz-destan-yazdi\/#respond"]}]},{"@type":"WebPage","@id":"https:\/\/tdv.org\/tr-TR\/deprem-bolgesinde-din-gorevlilerimiz-destan-yazdi\/","url":"https:\/\/tdv.org\/tr-TR\/deprem-bolgesinde-din-gorevlilerimiz-destan-yazdi\/","name":"\"Deprem b\u00f6lgesinde din g\u00f6revlilerimiz destan yazd\u0131\"","isPartOf":{"@id":"https:\/\/tdv.org\/tr-TR\/#website"},"primaryImageOfPage":{"@id":"https:\/\/tdv.org\/tr-TR\/deprem-bolgesinde-din-gorevlilerimiz-destan-yazdi\/#primaryimage"},"image":{"@id":"https:\/\/tdv.org\/tr-TR\/deprem-bolgesinde-din-gorevlilerimiz-destan-yazdi\/#primaryimage"},"thumbnailUrl":"https:\/\/tdv.org\/tr-TR\/wp-content\/uploads\/2023\/04\/d3706a4a-5aaf-4e86-8fcb-48d2c236e37d_1_1200x800.jpg","datePublished":"2023-04-05T10:52:56+00:00","dateModified":"2023-04-05T11:28:52+00:00","description":"Diyanet \u0130\u015fleri Ba\u015fkan\u0131 ve T\u00fcrkiye Diyanet Vakf\u0131 M\u00fctevelli Heyeti Ba\u015fkan\u0131 Prof. Dr. Ali Erba\u015f, \u201cDiyanet \u0130\u015fleri Ba\u015fkanl\u0131\u011f\u0131m\u0131z\u0131n ve T\u00fcrkiye Diyanet Vakf\u0131m\u0131z\u0131n y\u00fcz\u00fcn\u00fc ak edecek, her yerde iftiharla konu\u015fabilece\u011fimiz harika hikayelerin kahramanlar\u0131 oldunuz, destanlar yazd\u0131n\u0131z, sizlerle ne kadar iftihar etsek azd\u0131r.\u201d dedi","breadcrumb":{"@id":"https:\/\/tdv.org\/tr-TR\/deprem-bolgesinde-din-gorevlilerimiz-destan-yazdi\/#breadcrumb"},"inLanguage":"tr","potentialAction":[{"@type":"ReadAction","target":["https:\/\/tdv.org\/tr-TR\/deprem-bolgesinde-din-gorevlilerimiz-destan-yazdi\/"]}]},{"@type":"ImageObject","inLanguage":"tr","@id":"https:\/\/tdv.org\/tr-TR\/deprem-bolgesinde-din-gorevlilerimiz-destan-yazdi\/#primaryimage","url":"https:\/\/tdv.org\/tr-TR\/wp-content\/uploads\/2023\/04\/d3706a4a-5aaf-4e86-8fcb-48d2c236e37d_1_1200x800.jpg","contentUrl":"https:\/\/tdv.org\/tr-TR\/wp-content\/uploads\/2023\/04\/d3706a4a-5aaf-4e86-8fcb-48d2c236e37d_1_1200x800.jpg","width":1200,"height":800},{"@type":"BreadcrumbList","@id":"https:\/\/tdv.org\/tr-TR\/deprem-bolgesinde-din-gorevlilerimiz-destan-yazdi\/#breadcrumb","itemListElement":[{"@type":"ListItem","position":1,"name":"Anasayfa","item":"https:\/\/tdv.org\/tr-TR\/"},{"@type":"ListItem","position":2,"name":"&#8220;Deprem b\u00f6lgesinde din g\u00f6revlilerimiz destan yazd\u0131&#8221;"}]},{"@type":"WebSite","@id":"https:\/\/tdv.org\/tr-TR\/#website","url":"https:\/\/tdv.org\/tr-TR\/","name":"T\u00fcrkiye Diyanet Vakf\u0131 Resmi Web Sitesi","description":"Yery\u00fcz\u00fcnde iyilik egemen oluncaya kadar","publisher":{"@id":"https:\/\/tdv.org\/tr-TR\/#organization"},"alternateName":"T\u00fcrkiye Diyanet Vakf\u0131","potentialAction":[{"@type":"SearchAction","target":{"@type":"EntryPoint","urlTemplate":"https:\/\/tdv.org\/tr-TR\/?s={search_term_string}"},"query-input":{"@type":"PropertyValueSpecification","valueRequired":true,"valueName":"search_term_string"}}],"inLanguage":"tr"},{"@type":"Organization","@id":"https:\/\/tdv.org\/tr-TR\/#organization","name":"T\u00fcrkiye Diyanet Vakf\u0131","alternateName":"T\u00fcrkiye Diyanet Vakf\u0131","url":"https:\/\/tdv.org\/tr-TR\/","logo":{"@type":"ImageObject","inLanguage":"tr","@id":"https:\/\/tdv.org\/tr-TR\/#\/schema\/logo\/image\/","url":"https:\/\/tdv.org\/tr-TR\/wp-content\/uploads\/2018\/12\/TDV_Logo_1.png","contentUrl":"https:\/\/tdv.org\/tr-TR\/wp-content\/uploads\/2018\/12\/TDV_Logo_1.png","width":207,"height":71,"caption":"T\u00fcrkiye Diyanet Vakf\u0131"},"image":{"@id":"https:\/\/tdv.org\/tr-TR\/#\/schema\/logo\/image\/"},"sameAs":["https:\/\/www.facebook.com\/Diyanetvakfi\/","https:\/\/x.com\/DiyanetVakfi","https:\/\/www.instagram.com\/turkiyediyanetvakfi\/","https:\/\/www.youtube.com\/user\/TurkiyeDiyanetVakfi"]},{"@type":"Person","@id":"https:\/\/tdv.org\/tr-TR\/#\/schema\/person\/752b55e264a99273d55636516d96d5eb","name":"Selim","image":{"@type":"ImageObject","inLanguage":"tr","@id":"https:\/\/tdv.org\/tr-TR\/wp-content\/litespeed\/avatar\/a1e47b25396e98e5b781e88a5396cd96.jpg?ver=1777287391","url":"https:\/\/tdv.org\/tr-TR\/wp-content\/litespeed\/avatar\/a1e47b25396e98e5b781e88a5396cd96.jpg?ver=1777287391","contentUrl":"https:\/\/tdv.org\/tr-TR\/wp-content\/litespeed\/avatar\/a1e47b25396e98e5b781e88a5396cd96.jpg?ver=1777287391","caption":"Selim"}}]}},"_links":{"self":[{"href":"https:\/\/tdv.org\/tr-TR\/wp-json\/wp\/v2\/posts\/31880","targetHints":{"allow":["GET"]}}],"collection":[{"href":"https:\/\/tdv.org\/tr-TR\/wp-json\/wp\/v2\/posts"}],"about":[{"href":"https:\/\/tdv.org\/tr-TR\/wp-json\/wp\/v2\/types\/post"}],"author":[{"embeddable":true,"href":"https:\/\/tdv.org\/tr-TR\/wp-json\/wp\/v2\/users\/8"}],"replies":[{"embeddable":true,"href":"https:\/\/tdv.org\/tr-TR\/wp-json\/wp\/v2\/comments?post=31880"}],"version-history":[{"count":8,"href":"https:\/\/tdv.org\/tr-TR\/wp-json\/wp\/v2\/posts\/31880\/revisions"}],"predecessor-version":[{"id":31894,"href":"https:\/\/tdv.org\/tr-TR\/wp-json\/wp\/v2\/posts\/31880\/revisions\/31894"}],"wp:featuredmedia":[{"embeddable":true,"href":"https:\/\/tdv.org\/tr-TR\/wp-json\/wp\/v2\/media\/31885"}],"wp:attachment":[{"href":"https:\/\/tdv.org\/tr-TR\/wp-json\/wp\/v2\/media?parent=31880"}],"wp:term":[{"taxonomy":"category","embeddable":true,"href":"https:\/\/tdv.org\/tr-TR\/wp-json\/wp\/v2\/categories?post=31880"},{"taxonomy":"post_tag","embeddable":true,"href":"https:\/\/tdv.org\/tr-TR\/wp-json\/wp\/v2\/tags?post=31880"}],"curies":[{"name":"wp","href":"https:\/\/api.w.org\/{rel}","templated":true}]}}