{"id":31916,"date":"2023-04-08T18:13:34","date_gmt":"2023-04-08T15:13:34","guid":{"rendered":"https:\/\/tdv.org\/tr-TR\/?p=31916"},"modified":"2023-04-09T18:21:19","modified_gmt":"2023-04-09T15:21:19","slug":"kudus-ve-mescid-i-aksa-kirmizi-cizgimizdir","status":"publish","type":"post","link":"https:\/\/tdv.org\/tr-TR\/kudus-ve-mescid-i-aksa-kirmizi-cizgimizdir\/","title":{"rendered":"Kud\u00fcs ve Mescid-i Aksa, k\u0131rm\u0131z\u0131 \u00e7izgimizdir"},"content":{"rendered":"<p>Diyanet \u0130\u015fleri Ba\u015fkan\u0131 ve T\u00fcrkiye Diyanet Vakf\u0131 M\u00fctevelli Heyeti Ba\u015fkan\u0131 Prof. Dr. Ali Erba\u015f, \u00dclke Tv\u2019de iftara do\u011fru canl\u0131 yay\u0131nlanan \u201cErkan Ayd\u0131n\u2019la Bursa\u2019da Ramazan\u201d program\u0131n\u0131n konu\u011fu oldu.<\/p>\n<p>Diyanet \u0130\u015fleri Ba\u015fkan\u0131 Erba\u015f, programda, Ramazan ay\u0131na, Diyanet \u0130\u015fleri Ba\u015fkanl\u0131\u011f\u0131n\u0131n bu ayda y\u00fcr\u00fctt\u00fc\u011f\u00fc hizmetlere ve g\u00fcndeme dair de\u011ferlendirmelerde bulundu.<\/p>\n<p>Milletimizin ve \u0130slam aleminin Ramazan ay\u0131n\u0131 tebrik eden Ba\u015fkan Erba\u015f, \u201cRamazan\u0131n ikinci on g\u00fcn\u00fcn\u00fc ya\u015f\u0131yoruz, Efendimizin tan\u0131mlamas\u0131yla ma\u011ffiret g\u00fcnleri. \u0130n\u015fallah ma\u011ffirete erenlerden oluruz.\u201d dedi.<\/p>\n<p>\u0130lk iftar\u0131 Kahramanmara\u015f\u2019ta, ikinci iftar\u0131 da Hatay&#8217;da deprem ma\u011fduru vatanda\u015flarla yapt\u0131klar\u0131n\u0131 an\u0131msatan Ba\u015fkan Erba\u015f, Kahramanmara\u015f merkezli depremlerde vefat edenlere rahmet, yaral\u0131lara acil \u015fifalar diledi.<\/p>\n<p>Diyanet \u0130\u015fleri Ba\u015fkanl\u0131\u011f\u0131 olarak depremin ilk an\u0131ndan itibaren sahada olduklar\u0131n\u0131 anlatan Ba\u015fkan Erba\u015f, Ba\u015fkanl\u0131k merkezinde olu\u015fturduklar\u0131\u00a0kriz merkeziyle sahadaki \u00e7al\u0131\u015fmalar\u0131n\u0131 koordine ettiklerini s\u00f6yledi.<\/p>\n<p>Ba\u015fkan Erba\u015f, depremin ilk g\u00fcn\u00fc b\u00f6lgede oldu\u011funu aktararak, deprem b\u00f6lgesi d\u0131\u015f\u0131ndan il m\u00fcft\u00fclerini bu illerde g\u00f6revlendirerek vatanda\u015flar\u0131n yanlar\u0131nda olduklar\u0131n\u0131 belirtti.<\/p>\n<p>Cenaze defin i\u015flerini ilk g\u00fcnlerden itibaren titizlikle s\u00fcrd\u00fcrd\u00fcklerini kaydeden Ba\u015fkan Erba\u015f, deprem b\u00f6lgesinde g\u00f6rev alan t\u00fcm personele te\u015fekk\u00fcr etti.<\/p>\n<p><strong>\u201cB\u00fct\u00fcn kurumlar\u0131yla devletimiz ve sivil toplum kurulu\u015flar\u0131 orada\u201d<\/strong><\/p>\n<p>T\u00fcrkiye Diyanet Vakf\u0131 (TDV) b\u00fcnyesindeki arama kurtarma ekiplerinin yapt\u0131\u011f\u0131 \u00e7al\u0131\u015fmalardan s\u00f6z eden Ba\u015fkan Erba\u015f, \u201c300 kadar arkada\u015f\u0131m\u0131z Kur&#8217;an okuya okuya arama yapt\u0131lar. O enkazlarda a\u00e7m\u0131\u015f olduklar\u0131 t\u00fcnellerden i\u00e7eri girerken kurtaraca\u011f\u0131 karde\u015fimizin elinden tutup Kur&#8217;an okuyarak, onu teskin ederek, onun adeta g\u00f6nl\u00fcn\u00fc canl\u0131 tutarak arama kurtarma i\u015flerini yapan karde\u015flerimiz oldu. Allah hepsinden raz\u0131 olsun.\u201d ifadelerini kulland\u0131.<\/p>\n<p>Devletin b\u00fct\u00fcn kurumlar\u0131n\u0131n ve sivil toplum kurulu\u015flar\u0131n\u0131n deprem b\u00f6lgesinde oldu\u011funu kaydeden Ba\u015fkan Erba\u015f, \u015f\u00f6yle devam etti:<\/p>\n<p>\u201cElhamd\u00fclillah, biz devlet olarak ne kadar g\u00fc\u00e7l\u00fcym\u00fc\u015f\u00fcz ki millet olarak birli\u011fimiz, beraberli\u011fimiz, dayan\u0131\u015fmam\u0131z ne kadar \u00fcst seviyedeymi\u015f ki bu b\u00fcy\u00fck zorlu\u011fun \u00fcstesinden geldik. Rabbimizin, \u2018Her zorlukla beraber bir kolayl\u0131k vard\u0131r. Evet, evet, \u015f\u00fcphesiz her zorlukla bir kolayl\u0131k vard\u0131r\u2019 m\u00fcjdesine s\u0131\u011f\u0131n\u0131yoruz. Peygamber Efendimizin kalbini, g\u00f6nl\u00fcn\u00fc, nas\u0131l in\u015firaha ula\u015ft\u0131rd\u0131 ise biz de birli\u011fimizle, beraberli\u011fimizle, dayan\u0131\u015fmam\u0131zla, payla\u015fmam\u0131zla, arama kurtarmada, yard\u0131m ula\u015ft\u0131rmada, cenaze defin i\u015flerinde, millet olarak, askerimizle, polisimizle, sivil toplum kurulu\u015flar\u0131m\u0131zla, devletimizin neredeyse b\u00fct\u00fcn kurumlar\u0131n\u0131n g\u00f6revli ve g\u00f6n\u00fcll\u00fcleriyle bu b\u00fcy\u00fck imtihan\u0131, bu b\u00fcy\u00fck zorlu\u011fu birlikte, belli bir yere kadar getirdik elhamd\u00fclillah. Bundan sonra da in\u015fallah \u2018\u0130yilikte, takvada yard\u0131mla\u015f\u0131n\u0131z.\u2019 ayet-i kerimesi do\u011frultusunda g\u00fc\u00e7lerimizi birle\u015ftirip yaralar\u0131m\u0131z\u0131 en k\u0131sa zamanda sarmaya \u00e7al\u0131\u015faca\u011f\u0131z in\u015fallah.\u201d<\/p>\n<p><strong>\u201c\u00c7ocuklar\u0131m\u0131za e\u011fitim verme noktas\u0131nda da gerekli vazifemizi yapmaya gayret ediyoruz\u201d<\/strong><\/p>\n<p>Deprem b\u00f6lgesinde yap\u0131lan hizmetlere de\u011finen Ba\u015fkan Erba\u015f, depremden etkilenen illerde vatanda\u015flara manevi destek ve rehberlik hizmeti vermeye devam ettiklerini, TDV\u2019nin mobil mutfaklar\u0131 arac\u0131l\u0131\u011f\u0131yla ikramlar\u0131n\u0131 s\u00fcrd\u00fcrd\u00fcklerini aktararak, \u015funlar\u0131 s\u00f6yledi:<\/p>\n<p>\u201cKonteyner kentlerde, \u00e7ad\u0131r kentlerde 500 kadar \u00e7ad\u0131r mescit kurduk. \u0130lk saatlerden itibaren 350 bin kadar vatanda\u015f\u0131m\u0131z uygun olan camilerimizden, Kur&#8217;an kurslar\u0131m\u0131zdan istifade etti. Halen \u015fu anda camilerde kalmaya devam eden depremzede karde\u015flerimiz var. Ayn\u0131 zamanda orada \u00e7ocuklar\u0131m\u0131za \u20184-6 Ya\u015f Program\u0131\u2019 ya da \u2018Diyanet \u00c7ocuk\u2019 ba\u015fl\u0131\u011f\u0131 alt\u0131nda bir program olu\u015fturduk. O programlar\u0131 da depremzede vatanda\u015flar\u0131m\u0131z\u0131n \u00e7ocuklar\u0131na uygulad\u0131k. \u015eu anda da bu devam ediyor.\u201d<\/p>\n<p><strong>Ramazan ve Dayan\u0131\u015fma<\/strong><\/p>\n<p>TDV\u2019nin deprem b\u00f6lgesine \u015fimdiye kadar 1700 t\u0131r yard\u0131m g\u00f6nderdi\u011fine dikkati \u00e7eken Ba\u015fkan Erba\u015f, Diyanet \u0130\u015fleri Ba\u015fkanl\u0131\u011f\u0131 mensuplar\u0131n\u0131n deprem b\u00f6lgesine yard\u0131mlar\u0131 ula\u015ft\u0131rma noktas\u0131nda seferber olduklar\u0131n\u0131 s\u00f6yledi.<\/p>\n<p>Ba\u015fkan Erba\u015f, depremden dolay\u0131 bu y\u0131lki Ramazan temas\u0131n\u0131 \u201cRamazan ve Dayan\u0131\u015fma\u201d olarak belirlediklerini kaydederek, Hayat Rehberi olan Kur&#8217;an-\u0131 Kerim&#8217;in bir\u00e7ok yerinde dayan\u0131\u015fmadan, payla\u015fmadan, infaktan, yard\u0131mla\u015fmadan bahsedildi\u011fini hat\u0131rlatt\u0131.<\/p>\n<p>\u0130slam\u2019\u0131n, toplumu d\u00fczenleyen, toplumun yard\u0131mla\u015fmas\u0131n\u0131, dayan\u0131\u015fmas\u0131n\u0131, huzur ve bar\u0131\u015f i\u00e7erisinde ya\u015famas\u0131n\u0131 temin eden sistemin ad\u0131 oldu\u011funu ifade eden Ba\u015fkan Erba\u015f, insanl\u0131\u011fa g\u00f6nderilmi\u015f olan en b\u00fcy\u00fck nimet olan \u0130slam\u2019\u0131n, bar\u0131\u015f, huzur, yard\u0131mla\u015fma ve dayan\u0131\u015fma demek oldu\u011funa i\u015faret etti.<\/p>\n<p><strong>\u201cKud\u00fcs, Filistin&#8217;in ebedi ba\u015fkentidir\u201d<\/strong><\/p>\n<p>\u0130srail g\u00fc\u00e7lerinin Mescid-i Aksa ve Filistinlilere y\u00f6nelik sald\u0131r\u0131lar\u0131na tepki g\u00f6steren Ba\u015fkan Erba\u015f, \u201cKud\u00fcs nas\u0131l ki Peygamberler \u015fehri ve Peygamberler orada hep iyili\u011fi, bar\u0131\u015f\u0131 anlatm\u0131\u015flar, birlikte ya\u015fama tecr\u00fcbesini olu\u015fturmaya \u00e7al\u0131\u015fm\u0131\u015flar. Biz istiyoruz ki, bug\u00fcn de Kud\u00fcs o Dar\u00fcsselam \u00f6zelli\u011fini muhafaza etsin, farkl\u0131 inan\u00e7lardan, k\u00fclt\u00fcrlerden insanlar bir arada ya\u015fas\u0131nlar.\u201d dedi.<\/p>\n<p>Zaman zaman \u0130slam \u00fclkelerinin dini liderleriyle Kud\u00fcs konusuyla ilgili topland\u0131klar\u0131n\u0131 ve sonu\u00e7 bildirgesini d\u00fcnya kamuoyuyla payla\u015ft\u0131klar\u0131n\u0131 s\u00f6yleyen Ba\u015fkan Erba\u015f, \u0130stanbul&#8217;da d\u00fczenledikleri Kud\u00fcs Sempozyumunun sonu\u00e7 bildirgesinin maddelerinden birisinin de \u201cKud\u00fcs\u2019\u00fcn Filistin&#8217;in ebedi ba\u015fkenti\u201d oldu\u011funu ifade etti.<\/p>\n<p><strong>\u201cMescid-i Aksa, M\u00fcsl\u00fcmanlar\u0131n ilk k\u0131blesidir\u201d<\/strong><\/p>\n<p>M\u00fcsl\u00fcmanlar\u0131n Kud\u00fcs ziyaretlerinin artt\u0131r\u0131lmas\u0131 gerekti\u011fine vurgu yapan Ba\u015fkan Erba\u015f, \u015funlar\u0131 kaydetti:<\/p>\n<p>\u201cMescid-i Aksa, M\u00fcsl\u00fcmanlar\u0131n ilk k\u0131blesidir. Mescid-i Aksa, Kud\u00fcs, Allah Resul\u00fc Efendimizin \u0130sra ve Mira\u00e7 hadiselerinin vuku buldu\u011fu mekand\u0131r. Peygamber Efendimiz taraf\u0131ndan \u00f6v\u00fclen, ziyaret edilmeye de\u011fer \u00fc\u00e7 mescitten birisi oldu\u011fu hadis-i \u015ferifiyle b\u00fct\u00fcn M\u00fcsl\u00fcmanlara adeta ziyaret edilmesi te\u015fvik edilen bir \u015fehir Kud\u00fcs, bir mabet Mescid-i Aksa. Yetkililer bu sald\u0131r\u0131lara mutlaka engel olmal\u0131. Bug\u00fcn 90 bin camimizde okuttu\u011fumuz hutbemizde de Mescid-i Aksa&#8217;n\u0131n \u00f6nemine de\u011findik, b\u00fct\u00fcn M\u00fcsl\u00fcmanlar\u0131n harim-i ismeti oldu\u011funu ifade ettik. Kud\u00fcs ve Mescid-i Aksa bizim k\u0131rm\u0131z\u0131 \u00e7izgimizdir. B\u00fct\u00fcn M\u00fcsl\u00fcmanlar\u0131n, kutsal, mukaddes, can\u0131ndan de\u011ferli olarak kabul etti\u011fi bir mekand\u0131r, bir \u015fehirdir, Kud\u00fcs, bir mabettir Mescid-i Aksa. M\u00fcsl\u00fcmanlar\u0131n birlik ve beraberlik i\u00e7erisinde bu sald\u0131r\u0131lar\u0131n son bulmas\u0131 i\u00e7in elinden gelen tepkiyi g\u00f6stermelerini arzu ediyorum.<\/p>\n<p>B\u00fct\u00fcn d\u00fcnya M\u00fcsl\u00fcmanlar\u0131na, b\u00fct\u00fcn \u0130slam \u00fclkelerine buradan seslenmek istiyorum, vicdan sahibi Yahudilere, vicdan sahibi Hristiyanlara seslenmek istiyorum; Kud\u00fcs&#8217;\u00fcn bar\u0131\u015f \u015fehri \u00f6zelli\u011fini muhafaza etmesi i\u00e7in hep birlikte gayret edelim. Bu sald\u0131r\u0131lar\u0131 yapanlara engel olmaya, onlar\u0131 durdurmaya \u00e7al\u0131\u015fal\u0131m. Bu hepimizin ortak vazifesidir.\u201d<\/p>\n<p><strong>\u201cNamaza ne kadar dikkat ediyorsak, zekata da o kadar dikkat etmemiz laz\u0131m\u201d<\/strong><\/p>\n<p>Zekat\u2019\u0131n \u0130slam\u2019\u0131n 5 \u015fart\u0131ndan biri oldu\u011funun alt\u0131n\u0131 \u00e7izen Ba\u015fkan Erba\u015f, Ba\u015fkanl\u0131k olarak \u0130slam\u2019\u0131n \u015fartlar\u0131n\u0131 yerine getirmede M\u00fcsl\u00fcmanlara rehberlik ettiklerini an\u0131msatarak, Diyanet \u0130\u015fleri Ba\u015fkanl\u0131\u011f\u0131 b\u00fcnyesinde Zekat Hizmetleri Daire Ba\u015fkanl\u0131\u011f\u0131 ve TDV b\u00fcnyesinde de Zekat M\u00fcd\u00fcrl\u00fc\u011f\u00fcn\u00fc kurduklar\u0131n\u0131 aktard\u0131.<\/p>\n<p>T\u00fcrkiye&#8217;de \u00e7ok b\u00fcy\u00fck bir zekat potansiyelinin oldu\u011funu belirten Ba\u015fkan Erba\u015f, \u201cZekat m\u00fckellefi M\u00fcsl\u00fcmanlara seslenmek istiyorum. Namaza, oruca, hacca ne kadar dikkat ediyorsak, zekata da o kadar dikkat etmemiz laz\u0131m. Bunlar\u0131 birbirinden ay\u0131rmak m\u00fcmk\u00fcn de\u011fil. Kur&#8217;an-\u0131 Kerim&#8217;de zekat konusu genelde namazla birlikte ge\u00e7er.\u201d diye konu\u015ftu.<\/p>\n<p>TDV\u2019nin web sitesinde vatanda\u015flar i\u00e7in b\u00fcy\u00fck bir kolayl\u0131k olan zekat hesaplama b\u00f6l\u00fcm\u00fcn\u00fcn oldu\u011funu belirten Ba\u015fkan Erba\u015f, \u015f\u00f6yle devam etti:<\/p>\n<p>\u201cVatanda\u015flar zekat\u0131n\u0131 nereye vermek istiyorsa verebilir. \u015eimdi tabi b\u00fcy\u00fck bir afet ya\u015fad\u0131k. Biz Diyanet \u0130\u015fleri Ba\u015fkanl\u0131\u011f\u0131m\u0131z\u0131n Din \u0130\u015fleri Y\u00fcksek Kurulu olarak da bu konuyu \u00e7al\u0131\u015ft\u0131k. Bu sene zekatla ilgili \u015f\u00f6yle bir tavsiyede bulunduk. Deprem ma\u011fduru y\u00fcz binlerce karde\u015fimiz evini bark\u0131n\u0131, yuvas\u0131n\u0131 kaybetti. Onlar\u0131n yuvalar\u0131na kavu\u015fabilmeleri i\u00e7in yap\u0131lacak binalara, evlere de zekat verilebilir. Yani bir yerde toplanan zekat paras\u0131yla yap\u0131lan bir ev, zekat alabilecek durumda olan bir deprem ma\u011fduruna verilebilir. Bunun i\u00e7in tabii binalar\u0131n, kal\u0131c\u0131 konutlar\u0131n yap\u0131lmas\u0131n\u0131 AFAD organize etti\u011fi i\u00e7in AFAD Ba\u015fkanl\u0131\u011f\u0131 \u00f6zel zekat hesab\u0131 a\u00e7t\u0131rd\u0131. \u00d6zel zekat hesab\u0131na yat\u0131r\u0131lan paralar, zekatta kullan\u0131labilecek yerlerde kullan\u0131lacak. Zekat paras\u0131 her yerde kullan\u0131lmaz. Bir de bu kal\u0131c\u0131 konutlar\u0131n verildi\u011fi depremzedelerin zekat alabiliyor durumda olmalar\u0131 gerekiyor. Depremzede olmu\u015ftur ama bir yerde ba\u015fka bir imkan\u0131 vard\u0131r, ona de\u011fil de hi\u00e7bir imkan\u0131 olmayan binlerce insan var, onlara temlik edilebilir.\u201d<\/p>\n<p>Ramazan ay\u0131nda yap\u0131lacaklar konusunda vatanda\u015flara tavsiyede bulunan Ba\u015fkan Erba\u015f, \u201cBen buradan b\u00fct\u00fcn karde\u015flerimize infak, dayan\u0131\u015fma ve yard\u0131mla\u015fma konusunu \u00f6ncelemelerini ve garip gureba, fakir fukara insanlar\u0131 g\u00f6r\u00fcp g\u00f6zetmelerini, depremzede karde\u015flerimize sahip \u00e7\u0131kmak, \u00e7ocuklar\u0131n\u0131n e\u011fitimine katk\u0131 sa\u011flamak, \u00f6zellikle e\u011fitime buradan dikkat \u00e7ekmek, vurgu yapmak istiyorum, \u00e7\u00fcnk\u00fc e\u011fitim bizim gen\u00e7lerimiz i\u00e7in \u00e7ok \u00f6nemli. \u0130lim, irfan sahibi olabilmeleri i\u00e7in bu konularda dayan\u0131\u015fmaya, yard\u0131mla\u015fmaya, payla\u015fmaya gayret edelim diyorum. Bu ma\u011ffiret g\u00fcnlerinde biraz daha ibadetlerimize dikkat edelim. Ramazan ay\u0131 Kur&#8217;an ay\u0131d\u0131r. Kur&#8217;an okuma faaliyetlerimize biraz daha fazla dikkat edelim.\u201d ifadelerini kulland\u0131.<\/p>\n\n\t\t<style type=\"text\/css\">\n\t\t\t#gallery-1 {\n\t\t\t\tmargin: auto;\n\t\t\t}\n\t\t\t#gallery-1 .gallery-item {\n\t\t\t\tfloat: left;\n\t\t\t\tmargin-top: 10px;\n\t\t\t\ttext-align: center;\n\t\t\t\twidth: 33%;\n\t\t\t}\n\t\t\t#gallery-1 img {\n\t\t\t\tborder: 2px solid #cfcfcf;\n\t\t\t}\n\t\t\t#gallery-1 .gallery-caption {\n\t\t\t\tmargin-left: 0;\n\t\t\t}\n\t\t\t\/* see gallery_shortcode() in wp-includes\/media.php *\/\n\t\t<\/style>\n\t\t<div id='gallery-1' class='gallery galleryid-31916 gallery-columns-3 gallery-size-full'><dl class='gallery-item'>\n\t\t\t<dt class='gallery-icon landscape'>\n\t\t\t\t<a href='https:\/\/tdv.org\/tr-TR\/wp-content\/uploads\/2023\/04\/8.jpeg'><img decoding=\"async\" width=\"1200\" height=\"800\" src=\"https:\/\/tdv.org\/tr-TR\/wp-content\/uploads\/2023\/04\/8.jpeg\" class=\"attachment-full size-full\" alt=\"\" srcset=\"https:\/\/tdv.org\/tr-TR\/wp-content\/uploads\/2023\/04\/8.jpeg 1200w, https:\/\/tdv.org\/tr-TR\/wp-content\/uploads\/2023\/04\/8-300x200.jpeg 300w, https:\/\/tdv.org\/tr-TR\/wp-content\/uploads\/2023\/04\/8-1024x683.jpeg 1024w, https:\/\/tdv.org\/tr-TR\/wp-content\/uploads\/2023\/04\/8-768x512.jpeg 768w, https:\/\/tdv.org\/tr-TR\/wp-content\/uploads\/2023\/04\/8-900x600.jpeg 900w\" sizes=\"(max-width: 1200px) 100vw, 1200px\" \/><\/a>\n\t\t\t<\/dt><\/dl><dl class='gallery-item'>\n\t\t\t<dt class='gallery-icon landscape'>\n\t\t\t\t<a href='https:\/\/tdv.org\/tr-TR\/wp-content\/uploads\/2023\/04\/7.jpeg'><img decoding=\"async\" width=\"1200\" height=\"800\" src=\"https:\/\/tdv.org\/tr-TR\/wp-content\/uploads\/2023\/04\/7.jpeg\" class=\"attachment-full size-full\" alt=\"\" srcset=\"https:\/\/tdv.org\/tr-TR\/wp-content\/uploads\/2023\/04\/7.jpeg 1200w, https:\/\/tdv.org\/tr-TR\/wp-content\/uploads\/2023\/04\/7-300x200.jpeg 300w, https:\/\/tdv.org\/tr-TR\/wp-content\/uploads\/2023\/04\/7-1024x683.jpeg 1024w, https:\/\/tdv.org\/tr-TR\/wp-content\/uploads\/2023\/04\/7-768x512.jpeg 768w, https:\/\/tdv.org\/tr-TR\/wp-content\/uploads\/2023\/04\/7-900x600.jpeg 900w\" sizes=\"(max-width: 1200px) 100vw, 1200px\" \/><\/a>\n\t\t\t<\/dt><\/dl><dl class='gallery-item'>\n\t\t\t<dt class='gallery-icon landscape'>\n\t\t\t\t<a href='https:\/\/tdv.org\/tr-TR\/wp-content\/uploads\/2023\/04\/6.jpeg'><img decoding=\"async\" width=\"1200\" height=\"800\" src=\"https:\/\/tdv.org\/tr-TR\/wp-content\/uploads\/2023\/04\/6.jpeg\" class=\"attachment-full size-full\" alt=\"\" srcset=\"https:\/\/tdv.org\/tr-TR\/wp-content\/uploads\/2023\/04\/6.jpeg 1200w, https:\/\/tdv.org\/tr-TR\/wp-content\/uploads\/2023\/04\/6-300x200.jpeg 300w, https:\/\/tdv.org\/tr-TR\/wp-content\/uploads\/2023\/04\/6-1024x683.jpeg 1024w, https:\/\/tdv.org\/tr-TR\/wp-content\/uploads\/2023\/04\/6-768x512.jpeg 768w, https:\/\/tdv.org\/tr-TR\/wp-content\/uploads\/2023\/04\/6-900x600.jpeg 900w\" sizes=\"(max-width: 1200px) 100vw, 1200px\" \/><\/a>\n\t\t\t<\/dt><\/dl><br style=\"clear: both\" \/><dl class='gallery-item'>\n\t\t\t<dt class='gallery-icon landscape'>\n\t\t\t\t<a href='https:\/\/tdv.org\/tr-TR\/wp-content\/uploads\/2023\/04\/5.jpeg'><img decoding=\"async\" width=\"1200\" height=\"800\" src=\"https:\/\/tdv.org\/tr-TR\/wp-content\/uploads\/2023\/04\/5.jpeg\" class=\"attachment-full size-full\" alt=\"\" srcset=\"https:\/\/tdv.org\/tr-TR\/wp-content\/uploads\/2023\/04\/5.jpeg 1200w, https:\/\/tdv.org\/tr-TR\/wp-content\/uploads\/2023\/04\/5-300x200.jpeg 300w, https:\/\/tdv.org\/tr-TR\/wp-content\/uploads\/2023\/04\/5-1024x683.jpeg 1024w, https:\/\/tdv.org\/tr-TR\/wp-content\/uploads\/2023\/04\/5-768x512.jpeg 768w, https:\/\/tdv.org\/tr-TR\/wp-content\/uploads\/2023\/04\/5-900x600.jpeg 900w\" sizes=\"(max-width: 1200px) 100vw, 1200px\" \/><\/a>\n\t\t\t<\/dt><\/dl><dl class='gallery-item'>\n\t\t\t<dt class='gallery-icon landscape'>\n\t\t\t\t<a href='https:\/\/tdv.org\/tr-TR\/wp-content\/uploads\/2023\/04\/4.jpeg'><img decoding=\"async\" width=\"1200\" height=\"800\" src=\"https:\/\/tdv.org\/tr-TR\/wp-content\/uploads\/2023\/04\/4.jpeg\" class=\"attachment-full size-full\" alt=\"\" srcset=\"https:\/\/tdv.org\/tr-TR\/wp-content\/uploads\/2023\/04\/4.jpeg 1200w, https:\/\/tdv.org\/tr-TR\/wp-content\/uploads\/2023\/04\/4-300x200.jpeg 300w, https:\/\/tdv.org\/tr-TR\/wp-content\/uploads\/2023\/04\/4-1024x683.jpeg 1024w, https:\/\/tdv.org\/tr-TR\/wp-content\/uploads\/2023\/04\/4-768x512.jpeg 768w, https:\/\/tdv.org\/tr-TR\/wp-content\/uploads\/2023\/04\/4-900x600.jpeg 900w\" sizes=\"(max-width: 1200px) 100vw, 1200px\" \/><\/a>\n\t\t\t<\/dt><\/dl><dl class='gallery-item'>\n\t\t\t<dt class='gallery-icon landscape'>\n\t\t\t\t<a href='https:\/\/tdv.org\/tr-TR\/wp-content\/uploads\/2023\/04\/3.jpeg'><img decoding=\"async\" width=\"1200\" height=\"800\" src=\"https:\/\/tdv.org\/tr-TR\/wp-content\/uploads\/2023\/04\/3.jpeg\" class=\"attachment-full size-full\" alt=\"\" srcset=\"https:\/\/tdv.org\/tr-TR\/wp-content\/uploads\/2023\/04\/3.jpeg 1200w, https:\/\/tdv.org\/tr-TR\/wp-content\/uploads\/2023\/04\/3-300x200.jpeg 300w, https:\/\/tdv.org\/tr-TR\/wp-content\/uploads\/2023\/04\/3-1024x683.jpeg 1024w, https:\/\/tdv.org\/tr-TR\/wp-content\/uploads\/2023\/04\/3-768x512.jpeg 768w, https:\/\/tdv.org\/tr-TR\/wp-content\/uploads\/2023\/04\/3-900x600.jpeg 900w\" sizes=\"(max-width: 1200px) 100vw, 1200px\" \/><\/a>\n\t\t\t<\/dt><\/dl><br style=\"clear: both\" \/><dl class='gallery-item'>\n\t\t\t<dt class='gallery-icon landscape'>\n\t\t\t\t<a href='https:\/\/tdv.org\/tr-TR\/wp-content\/uploads\/2023\/04\/2.jpeg'><img decoding=\"async\" width=\"1200\" height=\"800\" src=\"https:\/\/tdv.org\/tr-TR\/wp-content\/uploads\/2023\/04\/2.jpeg\" class=\"attachment-full size-full\" alt=\"\" srcset=\"https:\/\/tdv.org\/tr-TR\/wp-content\/uploads\/2023\/04\/2.jpeg 1200w, https:\/\/tdv.org\/tr-TR\/wp-content\/uploads\/2023\/04\/2-300x200.jpeg 300w, https:\/\/tdv.org\/tr-TR\/wp-content\/uploads\/2023\/04\/2-1024x683.jpeg 1024w, https:\/\/tdv.org\/tr-TR\/wp-content\/uploads\/2023\/04\/2-768x512.jpeg 768w, https:\/\/tdv.org\/tr-TR\/wp-content\/uploads\/2023\/04\/2-900x600.jpeg 900w\" sizes=\"(max-width: 1200px) 100vw, 1200px\" \/><\/a>\n\t\t\t<\/dt><\/dl><dl class='gallery-item'>\n\t\t\t<dt class='gallery-icon landscape'>\n\t\t\t\t<a href='https:\/\/tdv.org\/tr-TR\/wp-content\/uploads\/2023\/04\/1.jpeg'><img decoding=\"async\" width=\"1200\" height=\"800\" src=\"https:\/\/tdv.org\/tr-TR\/wp-content\/uploads\/2023\/04\/1.jpeg\" class=\"attachment-full size-full\" alt=\"\" srcset=\"https:\/\/tdv.org\/tr-TR\/wp-content\/uploads\/2023\/04\/1.jpeg 1200w, https:\/\/tdv.org\/tr-TR\/wp-content\/uploads\/2023\/04\/1-300x200.jpeg 300w, https:\/\/tdv.org\/tr-TR\/wp-content\/uploads\/2023\/04\/1-1024x683.jpeg 1024w, https:\/\/tdv.org\/tr-TR\/wp-content\/uploads\/2023\/04\/1-768x512.jpeg 768w, https:\/\/tdv.org\/tr-TR\/wp-content\/uploads\/2023\/04\/1-900x600.jpeg 900w\" sizes=\"(max-width: 1200px) 100vw, 1200px\" \/><\/a>\n\t\t\t<\/dt><\/dl>\n\t\t\t<br style='clear: both' \/>\n\t\t<\/div>\n\n","protected":false},"excerpt":{"rendered":"<p>Diyanet \u0130\u015fleri Ba\u015fkan\u0131 ve T\u00fcrkiye Diyanet Vakf\u0131 M\u00fctevelli Heyeti Ba\u015fkan\u0131 Prof. Dr. Ali Erba\u015f, \u00dclke Tv\u2019de iftara do\u011fru canl\u0131 yay\u0131nlanan \u201cErkan Ayd\u0131n\u2019la Bursa\u2019da Ramazan\u201d program\u0131n\u0131n konu\u011fu oldu. Diyanet \u0130\u015fleri Ba\u015fkan\u0131&#8230;<\/p>\n","protected":false},"author":11,"featured_media":31924,"comment_status":"open","ping_status":"closed","sticky":false,"template":"","format":"standard","meta":{"footnotes":""},"categories":[1],"tags":[130,259,110,318,319,107],"class_list":{"0":"post-31916","1":"post","2":"type-post","3":"status-publish","4":"format-standard","5":"has-post-thumbnail","7":"category-haberler","8":"tag-ali-erbas","9":"tag-diyanet-isleri-baskani","10":"tag-filistin","11":"tag-kudus","12":"tag-mescid-i-aksa","13":"tag-ramazan"},"yoast_head":"<!-- This site is optimized with the Yoast SEO plugin v27.5 - https:\/\/yoast.com\/product\/yoast-seo-wordpress\/ -->\n<title>Kud\u00fcs ve Mescid-i Aksa, k\u0131rm\u0131z\u0131 \u00e7izgimizdir<\/title>\n<meta name=\"description\" content=\"Diyanet \u0130\u015fleri Ba\u015fkan\u0131 ve T\u00fcrkiye Diyanet Vakf\u0131 M\u00fctevelli Heyeti Ba\u015fkan\u0131 Prof. Dr. Ali Erba\u015f, \u00dclke Tv\u2019de iftara do\u011fru canl\u0131 yay\u0131nlanan \u201cErkan Ayd\u0131n\u2019la Bursa\u2019da Ramazan\u201d program\u0131n\u0131n konu\u011fu oldu.\" \/>\n<meta name=\"robots\" content=\"index, follow, max-snippet:-1, max-image-preview:large, max-video-preview:-1\" \/>\n<link rel=\"canonical\" href=\"https:\/\/tdv.org\/tr-TR\/kudus-ve-mescid-i-aksa-kirmizi-cizgimizdir\/\" \/>\n<meta property=\"og:locale\" content=\"tr_TR\" \/>\n<meta property=\"og:type\" content=\"article\" \/>\n<meta property=\"og:title\" content=\"Kud\u00fcs ve Mescid-i Aksa, k\u0131rm\u0131z\u0131 \u00e7izgimizdir\" \/>\n<meta property=\"og:description\" content=\"Diyanet \u0130\u015fleri Ba\u015fkan\u0131 ve T\u00fcrkiye Diyanet Vakf\u0131 M\u00fctevelli Heyeti Ba\u015fkan\u0131 Prof. Dr. Ali Erba\u015f, \u00dclke Tv\u2019de iftara do\u011fru canl\u0131 yay\u0131nlanan \u201cErkan Ayd\u0131n\u2019la Bursa\u2019da Ramazan\u201d program\u0131n\u0131n konu\u011fu oldu.\" \/>\n<meta property=\"og:url\" content=\"https:\/\/tdv.org\/tr-TR\/kudus-ve-mescid-i-aksa-kirmizi-cizgimizdir\/\" \/>\n<meta property=\"og:site_name\" content=\"T\u00fcrkiye Diyanet Vakf\u0131 Resmi Web Sitesi\" \/>\n<meta property=\"article:publisher\" content=\"https:\/\/www.facebook.com\/Diyanetvakfi\/\" \/>\n<meta property=\"article:published_time\" content=\"2023-04-08T15:13:34+00:00\" \/>\n<meta property=\"article:modified_time\" content=\"2023-04-09T15:21:19+00:00\" \/>\n<meta property=\"og:image\" content=\"https:\/\/tdv.org\/tr-TR\/wp-content\/uploads\/2023\/04\/1.jpeg\" \/>\n\t<meta property=\"og:image:width\" content=\"1200\" \/>\n\t<meta property=\"og:image:height\" content=\"800\" \/>\n\t<meta property=\"og:image:type\" content=\"image\/jpeg\" \/>\n<meta name=\"author\" content=\"Enes Nalbat\" \/>\n<meta name=\"twitter:card\" content=\"summary_large_image\" \/>\n<meta name=\"twitter:creator\" content=\"@DiyanetVakfi\" \/>\n<meta name=\"twitter:site\" content=\"@DiyanetVakfi\" \/>\n<script type=\"application\/ld+json\" class=\"yoast-schema-graph\">{\"@context\":\"https:\\\/\\\/schema.org\",\"@graph\":[{\"@type\":\"Article\",\"@id\":\"https:\\\/\\\/tdv.org\\\/tr-TR\\\/kudus-ve-mescid-i-aksa-kirmizi-cizgimizdir\\\/#article\",\"isPartOf\":{\"@id\":\"https:\\\/\\\/tdv.org\\\/tr-TR\\\/kudus-ve-mescid-i-aksa-kirmizi-cizgimizdir\\\/\"},\"author\":{\"name\":\"Enes Nalbat\",\"@id\":\"https:\\\/\\\/tdv.org\\\/tr-TR\\\/#\\\/schema\\\/person\\\/95a034531f42558c3d9fdd6f893a7f3a\"},\"headline\":\"Kud\u00fcs ve Mescid-i Aksa, k\u0131rm\u0131z\u0131 \u00e7izgimizdir\",\"datePublished\":\"2023-04-08T15:13:34+00:00\",\"dateModified\":\"2023-04-09T15:21:19+00:00\",\"mainEntityOfPage\":{\"@id\":\"https:\\\/\\\/tdv.org\\\/tr-TR\\\/kudus-ve-mescid-i-aksa-kirmizi-cizgimizdir\\\/\"},\"wordCount\":1647,\"commentCount\":0,\"publisher\":{\"@id\":\"https:\\\/\\\/tdv.org\\\/tr-TR\\\/#organization\"},\"image\":{\"@id\":\"https:\\\/\\\/tdv.org\\\/tr-TR\\\/kudus-ve-mescid-i-aksa-kirmizi-cizgimizdir\\\/#primaryimage\"},\"thumbnailUrl\":\"https:\\\/\\\/tdv.org\\\/tr-TR\\\/wp-content\\\/uploads\\\/2023\\\/04\\\/1.jpeg\",\"keywords\":[\"Ali Erba\u015f\",\"Diyanet \u0130\u015fleri Ba\u015fkan\u0131\",\"filistin\",\"Kud\u00fcs\",\"Mescid-i Aksa\",\"ramazan\"],\"articleSection\":[\"Haberler\"],\"inLanguage\":\"tr\",\"potentialAction\":[{\"@type\":\"CommentAction\",\"name\":\"Comment\",\"target\":[\"https:\\\/\\\/tdv.org\\\/tr-TR\\\/kudus-ve-mescid-i-aksa-kirmizi-cizgimizdir\\\/#respond\"]}]},{\"@type\":\"WebPage\",\"@id\":\"https:\\\/\\\/tdv.org\\\/tr-TR\\\/kudus-ve-mescid-i-aksa-kirmizi-cizgimizdir\\\/\",\"url\":\"https:\\\/\\\/tdv.org\\\/tr-TR\\\/kudus-ve-mescid-i-aksa-kirmizi-cizgimizdir\\\/\",\"name\":\"Kud\u00fcs ve Mescid-i Aksa, k\u0131rm\u0131z\u0131 \u00e7izgimizdir\",\"isPartOf\":{\"@id\":\"https:\\\/\\\/tdv.org\\\/tr-TR\\\/#website\"},\"primaryImageOfPage\":{\"@id\":\"https:\\\/\\\/tdv.org\\\/tr-TR\\\/kudus-ve-mescid-i-aksa-kirmizi-cizgimizdir\\\/#primaryimage\"},\"image\":{\"@id\":\"https:\\\/\\\/tdv.org\\\/tr-TR\\\/kudus-ve-mescid-i-aksa-kirmizi-cizgimizdir\\\/#primaryimage\"},\"thumbnailUrl\":\"https:\\\/\\\/tdv.org\\\/tr-TR\\\/wp-content\\\/uploads\\\/2023\\\/04\\\/1.jpeg\",\"datePublished\":\"2023-04-08T15:13:34+00:00\",\"dateModified\":\"2023-04-09T15:21:19+00:00\",\"description\":\"Diyanet \u0130\u015fleri Ba\u015fkan\u0131 ve T\u00fcrkiye Diyanet Vakf\u0131 M\u00fctevelli Heyeti Ba\u015fkan\u0131 Prof. Dr. Ali Erba\u015f, \u00dclke Tv\u2019de iftara do\u011fru canl\u0131 yay\u0131nlanan \u201cErkan Ayd\u0131n\u2019la Bursa\u2019da Ramazan\u201d program\u0131n\u0131n konu\u011fu oldu.\",\"breadcrumb\":{\"@id\":\"https:\\\/\\\/tdv.org\\\/tr-TR\\\/kudus-ve-mescid-i-aksa-kirmizi-cizgimizdir\\\/#breadcrumb\"},\"inLanguage\":\"tr\",\"potentialAction\":[{\"@type\":\"ReadAction\",\"target\":[\"https:\\\/\\\/tdv.org\\\/tr-TR\\\/kudus-ve-mescid-i-aksa-kirmizi-cizgimizdir\\\/\"]}]},{\"@type\":\"ImageObject\",\"inLanguage\":\"tr\",\"@id\":\"https:\\\/\\\/tdv.org\\\/tr-TR\\\/kudus-ve-mescid-i-aksa-kirmizi-cizgimizdir\\\/#primaryimage\",\"url\":\"https:\\\/\\\/tdv.org\\\/tr-TR\\\/wp-content\\\/uploads\\\/2023\\\/04\\\/1.jpeg\",\"contentUrl\":\"https:\\\/\\\/tdv.org\\\/tr-TR\\\/wp-content\\\/uploads\\\/2023\\\/04\\\/1.jpeg\",\"width\":1200,\"height\":800},{\"@type\":\"BreadcrumbList\",\"@id\":\"https:\\\/\\\/tdv.org\\\/tr-TR\\\/kudus-ve-mescid-i-aksa-kirmizi-cizgimizdir\\\/#breadcrumb\",\"itemListElement\":[{\"@type\":\"ListItem\",\"position\":1,\"name\":\"Anasayfa\",\"item\":\"https:\\\/\\\/tdv.org\\\/tr-TR\\\/\"},{\"@type\":\"ListItem\",\"position\":2,\"name\":\"Kud\u00fcs ve Mescid-i Aksa, k\u0131rm\u0131z\u0131 \u00e7izgimizdir\"}]},{\"@type\":\"WebSite\",\"@id\":\"https:\\\/\\\/tdv.org\\\/tr-TR\\\/#website\",\"url\":\"https:\\\/\\\/tdv.org\\\/tr-TR\\\/\",\"name\":\"T\u00fcrkiye Diyanet Vakf\u0131 Resmi Web Sitesi\",\"description\":\"Yery\u00fcz\u00fcnde iyilik egemen oluncaya kadar\",\"publisher\":{\"@id\":\"https:\\\/\\\/tdv.org\\\/tr-TR\\\/#organization\"},\"alternateName\":\"T\u00fcrkiye Diyanet Vakf\u0131\",\"potentialAction\":[{\"@type\":\"SearchAction\",\"target\":{\"@type\":\"EntryPoint\",\"urlTemplate\":\"https:\\\/\\\/tdv.org\\\/tr-TR\\\/?s={search_term_string}\"},\"query-input\":{\"@type\":\"PropertyValueSpecification\",\"valueRequired\":true,\"valueName\":\"search_term_string\"}}],\"inLanguage\":\"tr\"},{\"@type\":\"Organization\",\"@id\":\"https:\\\/\\\/tdv.org\\\/tr-TR\\\/#organization\",\"name\":\"T\u00fcrkiye Diyanet Vakf\u0131\",\"alternateName\":\"T\u00fcrkiye Diyanet Vakf\u0131\",\"url\":\"https:\\\/\\\/tdv.org\\\/tr-TR\\\/\",\"logo\":{\"@type\":\"ImageObject\",\"inLanguage\":\"tr\",\"@id\":\"https:\\\/\\\/tdv.org\\\/tr-TR\\\/#\\\/schema\\\/logo\\\/image\\\/\",\"url\":\"https:\\\/\\\/tdv.org\\\/tr-TR\\\/wp-content\\\/uploads\\\/2018\\\/12\\\/TDV_Logo_1.png\",\"contentUrl\":\"https:\\\/\\\/tdv.org\\\/tr-TR\\\/wp-content\\\/uploads\\\/2018\\\/12\\\/TDV_Logo_1.png\",\"width\":207,\"height\":71,\"caption\":\"T\u00fcrkiye Diyanet Vakf\u0131\"},\"image\":{\"@id\":\"https:\\\/\\\/tdv.org\\\/tr-TR\\\/#\\\/schema\\\/logo\\\/image\\\/\"},\"sameAs\":[\"https:\\\/\\\/www.facebook.com\\\/Diyanetvakfi\\\/\",\"https:\\\/\\\/x.com\\\/DiyanetVakfi\",\"https:\\\/\\\/www.instagram.com\\\/turkiyediyanetvakfi\\\/\",\"https:\\\/\\\/www.youtube.com\\\/user\\\/TurkiyeDiyanetVakfi\"]},{\"@type\":\"Person\",\"@id\":\"https:\\\/\\\/tdv.org\\\/tr-TR\\\/#\\\/schema\\\/person\\\/95a034531f42558c3d9fdd6f893a7f3a\",\"name\":\"Enes Nalbat\",\"image\":{\"@type\":\"ImageObject\",\"inLanguage\":\"tr\",\"@id\":\"https:\\\/\\\/tdv.org\\\/tr-TR\\\/wp-content\\\/litespeed\\\/avatar\\\/dd40c5d7b2d06052c6cf9828cd628c53.jpg?ver=1777297944\",\"url\":\"https:\\\/\\\/tdv.org\\\/tr-TR\\\/wp-content\\\/litespeed\\\/avatar\\\/dd40c5d7b2d06052c6cf9828cd628c53.jpg?ver=1777297944\",\"contentUrl\":\"https:\\\/\\\/tdv.org\\\/tr-TR\\\/wp-content\\\/litespeed\\\/avatar\\\/dd40c5d7b2d06052c6cf9828cd628c53.jpg?ver=1777297944\",\"caption\":\"Enes Nalbat\"}}]}<\/script>\n<!-- \/ Yoast SEO plugin. -->","yoast_head_json":{"title":"Kud\u00fcs ve Mescid-i Aksa, k\u0131rm\u0131z\u0131 \u00e7izgimizdir","description":"Diyanet \u0130\u015fleri Ba\u015fkan\u0131 ve T\u00fcrkiye Diyanet Vakf\u0131 M\u00fctevelli Heyeti Ba\u015fkan\u0131 Prof. Dr. Ali Erba\u015f, \u00dclke Tv\u2019de iftara do\u011fru canl\u0131 yay\u0131nlanan \u201cErkan Ayd\u0131n\u2019la Bursa\u2019da Ramazan\u201d program\u0131n\u0131n konu\u011fu oldu.","robots":{"index":"index","follow":"follow","max-snippet":"max-snippet:-1","max-image-preview":"max-image-preview:large","max-video-preview":"max-video-preview:-1"},"canonical":"https:\/\/tdv.org\/tr-TR\/kudus-ve-mescid-i-aksa-kirmizi-cizgimizdir\/","og_locale":"tr_TR","og_type":"article","og_title":"Kud\u00fcs ve Mescid-i Aksa, k\u0131rm\u0131z\u0131 \u00e7izgimizdir","og_description":"Diyanet \u0130\u015fleri Ba\u015fkan\u0131 ve T\u00fcrkiye Diyanet Vakf\u0131 M\u00fctevelli Heyeti Ba\u015fkan\u0131 Prof. Dr. Ali Erba\u015f, \u00dclke Tv\u2019de iftara do\u011fru canl\u0131 yay\u0131nlanan \u201cErkan Ayd\u0131n\u2019la Bursa\u2019da Ramazan\u201d program\u0131n\u0131n konu\u011fu oldu.","og_url":"https:\/\/tdv.org\/tr-TR\/kudus-ve-mescid-i-aksa-kirmizi-cizgimizdir\/","og_site_name":"T\u00fcrkiye Diyanet Vakf\u0131 Resmi Web Sitesi","article_publisher":"https:\/\/www.facebook.com\/Diyanetvakfi\/","article_published_time":"2023-04-08T15:13:34+00:00","article_modified_time":"2023-04-09T15:21:19+00:00","og_image":[{"width":1200,"height":800,"url":"https:\/\/tdv.org\/tr-TR\/wp-content\/uploads\/2023\/04\/1.jpeg","type":"image\/jpeg"}],"author":"Enes Nalbat","twitter_card":"summary_large_image","twitter_creator":"@DiyanetVakfi","twitter_site":"@DiyanetVakfi","schema":{"@context":"https:\/\/schema.org","@graph":[{"@type":"Article","@id":"https:\/\/tdv.org\/tr-TR\/kudus-ve-mescid-i-aksa-kirmizi-cizgimizdir\/#article","isPartOf":{"@id":"https:\/\/tdv.org\/tr-TR\/kudus-ve-mescid-i-aksa-kirmizi-cizgimizdir\/"},"author":{"name":"Enes Nalbat","@id":"https:\/\/tdv.org\/tr-TR\/#\/schema\/person\/95a034531f42558c3d9fdd6f893a7f3a"},"headline":"Kud\u00fcs ve Mescid-i Aksa, k\u0131rm\u0131z\u0131 \u00e7izgimizdir","datePublished":"2023-04-08T15:13:34+00:00","dateModified":"2023-04-09T15:21:19+00:00","mainEntityOfPage":{"@id":"https:\/\/tdv.org\/tr-TR\/kudus-ve-mescid-i-aksa-kirmizi-cizgimizdir\/"},"wordCount":1647,"commentCount":0,"publisher":{"@id":"https:\/\/tdv.org\/tr-TR\/#organization"},"image":{"@id":"https:\/\/tdv.org\/tr-TR\/kudus-ve-mescid-i-aksa-kirmizi-cizgimizdir\/#primaryimage"},"thumbnailUrl":"https:\/\/tdv.org\/tr-TR\/wp-content\/uploads\/2023\/04\/1.jpeg","keywords":["Ali Erba\u015f","Diyanet \u0130\u015fleri Ba\u015fkan\u0131","filistin","Kud\u00fcs","Mescid-i Aksa","ramazan"],"articleSection":["Haberler"],"inLanguage":"tr","potentialAction":[{"@type":"CommentAction","name":"Comment","target":["https:\/\/tdv.org\/tr-TR\/kudus-ve-mescid-i-aksa-kirmizi-cizgimizdir\/#respond"]}]},{"@type":"WebPage","@id":"https:\/\/tdv.org\/tr-TR\/kudus-ve-mescid-i-aksa-kirmizi-cizgimizdir\/","url":"https:\/\/tdv.org\/tr-TR\/kudus-ve-mescid-i-aksa-kirmizi-cizgimizdir\/","name":"Kud\u00fcs ve Mescid-i Aksa, k\u0131rm\u0131z\u0131 \u00e7izgimizdir","isPartOf":{"@id":"https:\/\/tdv.org\/tr-TR\/#website"},"primaryImageOfPage":{"@id":"https:\/\/tdv.org\/tr-TR\/kudus-ve-mescid-i-aksa-kirmizi-cizgimizdir\/#primaryimage"},"image":{"@id":"https:\/\/tdv.org\/tr-TR\/kudus-ve-mescid-i-aksa-kirmizi-cizgimizdir\/#primaryimage"},"thumbnailUrl":"https:\/\/tdv.org\/tr-TR\/wp-content\/uploads\/2023\/04\/1.jpeg","datePublished":"2023-04-08T15:13:34+00:00","dateModified":"2023-04-09T15:21:19+00:00","description":"Diyanet \u0130\u015fleri Ba\u015fkan\u0131 ve T\u00fcrkiye Diyanet Vakf\u0131 M\u00fctevelli Heyeti Ba\u015fkan\u0131 Prof. Dr. Ali Erba\u015f, \u00dclke Tv\u2019de iftara do\u011fru canl\u0131 yay\u0131nlanan \u201cErkan Ayd\u0131n\u2019la Bursa\u2019da Ramazan\u201d program\u0131n\u0131n konu\u011fu oldu.","breadcrumb":{"@id":"https:\/\/tdv.org\/tr-TR\/kudus-ve-mescid-i-aksa-kirmizi-cizgimizdir\/#breadcrumb"},"inLanguage":"tr","potentialAction":[{"@type":"ReadAction","target":["https:\/\/tdv.org\/tr-TR\/kudus-ve-mescid-i-aksa-kirmizi-cizgimizdir\/"]}]},{"@type":"ImageObject","inLanguage":"tr","@id":"https:\/\/tdv.org\/tr-TR\/kudus-ve-mescid-i-aksa-kirmizi-cizgimizdir\/#primaryimage","url":"https:\/\/tdv.org\/tr-TR\/wp-content\/uploads\/2023\/04\/1.jpeg","contentUrl":"https:\/\/tdv.org\/tr-TR\/wp-content\/uploads\/2023\/04\/1.jpeg","width":1200,"height":800},{"@type":"BreadcrumbList","@id":"https:\/\/tdv.org\/tr-TR\/kudus-ve-mescid-i-aksa-kirmizi-cizgimizdir\/#breadcrumb","itemListElement":[{"@type":"ListItem","position":1,"name":"Anasayfa","item":"https:\/\/tdv.org\/tr-TR\/"},{"@type":"ListItem","position":2,"name":"Kud\u00fcs ve Mescid-i Aksa, k\u0131rm\u0131z\u0131 \u00e7izgimizdir"}]},{"@type":"WebSite","@id":"https:\/\/tdv.org\/tr-TR\/#website","url":"https:\/\/tdv.org\/tr-TR\/","name":"T\u00fcrkiye Diyanet Vakf\u0131 Resmi Web Sitesi","description":"Yery\u00fcz\u00fcnde iyilik egemen oluncaya kadar","publisher":{"@id":"https:\/\/tdv.org\/tr-TR\/#organization"},"alternateName":"T\u00fcrkiye Diyanet Vakf\u0131","potentialAction":[{"@type":"SearchAction","target":{"@type":"EntryPoint","urlTemplate":"https:\/\/tdv.org\/tr-TR\/?s={search_term_string}"},"query-input":{"@type":"PropertyValueSpecification","valueRequired":true,"valueName":"search_term_string"}}],"inLanguage":"tr"},{"@type":"Organization","@id":"https:\/\/tdv.org\/tr-TR\/#organization","name":"T\u00fcrkiye Diyanet Vakf\u0131","alternateName":"T\u00fcrkiye Diyanet Vakf\u0131","url":"https:\/\/tdv.org\/tr-TR\/","logo":{"@type":"ImageObject","inLanguage":"tr","@id":"https:\/\/tdv.org\/tr-TR\/#\/schema\/logo\/image\/","url":"https:\/\/tdv.org\/tr-TR\/wp-content\/uploads\/2018\/12\/TDV_Logo_1.png","contentUrl":"https:\/\/tdv.org\/tr-TR\/wp-content\/uploads\/2018\/12\/TDV_Logo_1.png","width":207,"height":71,"caption":"T\u00fcrkiye Diyanet Vakf\u0131"},"image":{"@id":"https:\/\/tdv.org\/tr-TR\/#\/schema\/logo\/image\/"},"sameAs":["https:\/\/www.facebook.com\/Diyanetvakfi\/","https:\/\/x.com\/DiyanetVakfi","https:\/\/www.instagram.com\/turkiyediyanetvakfi\/","https:\/\/www.youtube.com\/user\/TurkiyeDiyanetVakfi"]},{"@type":"Person","@id":"https:\/\/tdv.org\/tr-TR\/#\/schema\/person\/95a034531f42558c3d9fdd6f893a7f3a","name":"Enes Nalbat","image":{"@type":"ImageObject","inLanguage":"tr","@id":"https:\/\/tdv.org\/tr-TR\/wp-content\/litespeed\/avatar\/dd40c5d7b2d06052c6cf9828cd628c53.jpg?ver=1777297944","url":"https:\/\/tdv.org\/tr-TR\/wp-content\/litespeed\/avatar\/dd40c5d7b2d06052c6cf9828cd628c53.jpg?ver=1777297944","contentUrl":"https:\/\/tdv.org\/tr-TR\/wp-content\/litespeed\/avatar\/dd40c5d7b2d06052c6cf9828cd628c53.jpg?ver=1777297944","caption":"Enes Nalbat"}}]}},"_links":{"self":[{"href":"https:\/\/tdv.org\/tr-TR\/wp-json\/wp\/v2\/posts\/31916","targetHints":{"allow":["GET"]}}],"collection":[{"href":"https:\/\/tdv.org\/tr-TR\/wp-json\/wp\/v2\/posts"}],"about":[{"href":"https:\/\/tdv.org\/tr-TR\/wp-json\/wp\/v2\/types\/post"}],"author":[{"embeddable":true,"href":"https:\/\/tdv.org\/tr-TR\/wp-json\/wp\/v2\/users\/11"}],"replies":[{"embeddable":true,"href":"https:\/\/tdv.org\/tr-TR\/wp-json\/wp\/v2\/comments?post=31916"}],"version-history":[{"count":1,"href":"https:\/\/tdv.org\/tr-TR\/wp-json\/wp\/v2\/posts\/31916\/revisions"}],"predecessor-version":[{"id":31925,"href":"https:\/\/tdv.org\/tr-TR\/wp-json\/wp\/v2\/posts\/31916\/revisions\/31925"}],"wp:featuredmedia":[{"embeddable":true,"href":"https:\/\/tdv.org\/tr-TR\/wp-json\/wp\/v2\/media\/31924"}],"wp:attachment":[{"href":"https:\/\/tdv.org\/tr-TR\/wp-json\/wp\/v2\/media?parent=31916"}],"wp:term":[{"taxonomy":"category","embeddable":true,"href":"https:\/\/tdv.org\/tr-TR\/wp-json\/wp\/v2\/categories?post=31916"},{"taxonomy":"post_tag","embeddable":true,"href":"https:\/\/tdv.org\/tr-TR\/wp-json\/wp\/v2\/tags?post=31916"}],"curies":[{"name":"wp","href":"https:\/\/api.w.org\/{rel}","templated":true}]}}