{"id":32791,"date":"2023-06-16T10:27:40","date_gmt":"2023-06-16T07:27:40","guid":{"rendered":"https:\/\/tdv.org\/tr-TR\/?p=32791"},"modified":"2023-06-16T10:27:40","modified_gmt":"2023-06-16T07:27:40","slug":"tdv-kurban-ve-kuranla-bayramda-yaralari-saracak","status":"publish","type":"post","link":"https:\/\/tdv.org\/tr-TR\/tdv-kurban-ve-kuranla-bayramda-yaralari-saracak\/","title":{"rendered":"TDV kurban ve Kur\u2019an\u2019la bayramda yaralar\u0131 saracak"},"content":{"rendered":"<p style=\"text-align: justify;\">T\u00fcrkiye Diyanet Vakf\u0131\u2019n\u0131n (TDV) y\u00fcr\u00fctt\u00fc\u011f\u00fc \u201cBir Kurban Bir Kur\u2019an\u201d projesi kapsam\u0131nda vekaletle kurban ba\u011f\u0131\u015f\u0131nda bulunacak hay\u0131rseverler, ihtiya\u00e7 sahiplerine Kur\u2019an-\u0131 Kerim de hediye edebilecek.<\/p>\n<p style=\"text-align: justify;\">40 farkl\u0131 dil ve leh\u00e7ede bask\u0131s\u0131 yap\u0131lan Kur\u2019an-\u0131 Kerimler, 2023 Y\u0131l\u0131 Vekalet Yoluyla Kurban Kesim Organizasyonu\u2019nda kurban paylar\u0131yla birlikte ba\u015fta deprem b\u00f6lgesindeki ihtiya\u00e7 sahiplerine ve ilahi mesajlara \u201cMushaf\u201d halinde ula\u015famayan ki\u015filere ula\u015ft\u0131r\u0131lacak.<\/p>\n<p style=\"text-align: justify;\">Vakf\u0131n &#8220;bagis.tdv.org&#8221; internet sitesindeki \u201cHediyem Kur\u2019an Olsun\u201d kategorisi \u00fczerinden ya da cep telefonlar\u0131ndan \u201cKURAN\u201d yaz\u0131p 4333\u2019e SMS g\u00f6nderen hay\u0131rseverler, 100 TL kar\u015f\u0131l\u0131\u011f\u0131nda Kur&#8217;an-\u0131 Kerim ba\u011f\u0131\u015f\u0131 yapabilecek.<\/p>\n<p style=\"text-align: justify;\">T\u00fcrkiye Diyanet Vakf\u0131 Genel M\u00fcd\u00fcr\u00fc \u0130zani Turan, \u201cBir Kurban Bir Kur\u2019an\u201d projesiyle y\u0131llard\u0131r ihtiya\u00e7 sahiplerinin y\u00fcz\u00fcndeki h\u00fczn\u00fc tebess\u00fcme \u00e7evirdiklerini s\u00f6yledi.<\/p>\n<p style=\"text-align: justify;\">Turan, Diyanet \u0130\u015fleri Ba\u015fkanl\u0131\u011f\u0131 ile i\u015f birli\u011fi i\u00e7erisinde 1993\u2019ten beri aral\u0131ks\u0131z \u015fekilde y\u00fcr\u00fct\u00fclen Vekaletle Kurban Kesim Organizasyonu\u2019yla ihtiya\u00e7 sahiplerinin sofralar\u0131na a\u015f olmay\u0131 s\u00fcrd\u00fcrd\u00fcklerini belirtti.<\/p>\n<p style=\"text-align: justify;\">Hay\u0131rseverlerin kurban emanetlerinin yan\u0131nda \u201cHediyem Kur\u2019an Olsun\u201d program\u0131 \u00e7er\u00e7evesinde Kur\u2019an-\u0131 Kerim\u2019i de ihtiya\u00e7 sahiplerine ula\u015ft\u0131rmaya gayret g\u00f6sterdiklerini belirten Turan, \u201cYard\u0131mla\u015fma ve payla\u015fma ile toplumsal huzuru ve g\u00fcveni peki\u015ftiren kurbanla birlikte Kur&#8217;an-\u0131 Kerim&#8217;in \u00e7a\u011flar \u00fcst\u00fc evrensel mesaj\u0131n\u0131 olabildi\u011fince geni\u015f kitlelere ula\u015ft\u0131rmak, O\u2019nu okuma ve anlama konusundaki \u00e7abalar\u0131 desteklemek amac\u0131yla y\u00fcce kitab\u0131m\u0131z\u0131 hay\u0131rseverlerimizin destekleri sayesinde kurban yard\u0131mlar\u0131 ile birlikte hediye etmeyi s\u00fcrd\u00fcrece\u011fiz\u201d dedi.<\/p>\n<p style=\"text-align: justify;\"><strong>Ac\u0131lar bayram sevinciyle hafifleyecek<\/strong><\/p>\n<p style=\"text-align: justify;\">Kurban yard\u0131mlar\u0131 konusunda deprem b\u00f6lgesi ve yurt i\u00e7ine \u00f6ncelik vereceklerini vurgulayan Turan, \u201cDepremzede karde\u015flerimizin ac\u0131lar\u0131n\u0131 hafifletip bayram sevin\u00e7lerini \u00e7o\u011faltman\u0131n gayreti i\u00e7erisinde olaca\u011f\u0131z. B\u00f6lgede depremin olu\u015fturdu\u011fu maddi ve manevi izlerin silinebilmesi i\u00e7in kurban pay\u0131n\u0131n yan\u0131nda hay\u0131rseverlerimizin hediyesi olan Kur\u2019an-\u0131 Kerim de ula\u015ft\u0131raca\u011f\u0131z. Deprem b\u00f6lgesinden \u00e7ok say\u0131da Kur\u2019an talebi olmu\u015ftu. Depremden bu yana b\u00f6lgedeki karde\u015flerimize 50 bini a\u015fk\u0131n Kur\u2019an-\u0131 Kerim da\u011f\u0131tt\u0131k. Bu organizasyonun bereketiyle b\u00f6lgedeki ihtiya\u00e7 sahiplerine y\u00fcce kitab\u0131m\u0131z\u0131 ula\u015ft\u0131rmay\u0131 hedefliyoruz\u201d diye konu\u015ftu.<\/p>\n<p style=\"text-align: justify;\">Kur\u2019an-\u0131 Kerim\u2019e ula\u015fmakta g\u00fc\u00e7l\u00fck \u00e7eken d\u00fcnyan\u0131n farkl\u0131 co\u011frafyalar\u0131ndaki insanlara da kurban emanetinin yan\u0131nda Kur\u2019an-\u0131 Kerim de ula\u015ft\u0131racaklar\u0131n\u0131 anlatan Turan, \u201cYoksul \u00fclkelerdeki karde\u015flerimiz kitab\u0131m\u0131za ula\u015fmakta g\u00fc\u00e7l\u00fck \u00e7ekiyor. Ba\u015fta Afrika olmak \u00fczere d\u00fcnyan\u0131n bir\u00e7ok b\u00f6lgesinde \u00e7ocuklar, yeti\u015fkinler imkans\u0131zl\u0131ktan dolay\u0131 \u2018luh\u2019 ad\u0131 verilen tahtalar\u0131n \u00fczerine yazd\u0131klar\u0131 sure ve ayetleri ezberlemeye \u00e7al\u0131\u015f\u0131yorlar. Bu vesileyle karde\u015flerimize \u00f6zlemini \u00e7ekti\u011fi Kur\u2019an-\u0131 Kerim\u2019i Mushaf olarak ula\u015ft\u0131raca\u011f\u0131z\u201d ifadelerini kulland\u0131.<\/p>\n<p style=\"text-align: justify;\"><strong>40 farkl\u0131 dil ve leh\u00e7ede bask\u0131 yap\u0131ld\u0131<\/strong><\/p>\n<p style=\"text-align: justify;\">\u201cHediyem Kur\u2019an Olsun\u201d projesi kapsam\u0131nda ba\u015fta T\u00fcrkiye olmak \u00fczere Asya, Afrika, Balkanlar ve Ortado\u011fu\u2019daki toplam 85 \u00fclkeye 1 milyon 580 bin 139 adet Kur\u2019an-\u0131 Kerim da\u011f\u0131t\u0131m\u0131 yap\u0131ld\u0131\u011f\u0131n\u0131 bildiren Turan, \u201cT\u00fcrk\u00e7e, Almanca, Bambarca, \u00c7ince, Danca, Darica, Ermenice, Frans\u0131zca, Hint\u00e7e, \u0130ngilizce, \u0130spanyolca, Rus\u00e7a, Samoaca, Tamilce, Uygurca ve Yorubaca olmak \u00fczere 40 farkl\u0131 dil ve leh\u00e7ede bask\u0131s\u0131 yap\u0131lan Kur\u2019an-\u0131 Kerimlerin da\u011f\u0131t\u0131m\u0131 devam ediyor\u201d dedi.<\/p>\n<p style=\"text-align: justify;\">Turan, \u201cBir Kurban Bir Kur\u2019an\u201d kampanyas\u0131 kapsam\u0131nda Kur\u2019an-\u0131 Kerim ba\u011f\u0131\u015f\u0131n\u0131n nas\u0131l yap\u0131laca\u011f\u0131yla ilgili \u015funlar\u0131 s\u00f6yledi:<\/p>\n<p style=\"text-align: justify;\">\u201cKurban vekaletini Vakf\u0131m\u0131za emanet eden hay\u0131rseverimiz, mobil uygulamam\u0131z ve web sitemiz \u00fczerinden ba\u011f\u0131\u015f yapacaklar\u0131 zaman ba\u011f\u0131\u015f \u00f6deme ya da tamamlama k\u0131sm\u0131na ge\u00e7meden \u00f6nce orada bir kutucuk var, \u2018Kurban\u0131n\u0131zla birlikte bir de Kur\u2019an hediye etmek ister misiniz?\u2019 \u015feklinde. Ba\u011f\u0131\u015f\u00e7\u0131, o k\u0131sm\u0131 se\u00e7erse normal kurban ba\u011f\u0131\u015f \u00fccretine 100 TL eklenmek suretiyle Kur\u2019an hediyesini de ger\u00e7ekle\u015ftirmi\u015f oluyor. K\u0131sa mesaj \u00fczerindense \u2018KURAN\u2019 yaz\u0131p 4333\u2019e SMS g\u00f6nderen hay\u0131rseverlerimiz ba\u011f\u0131\u015f\u0131n\u0131 yapm\u0131\u015f oluyor.\u201d<\/p>\n\n\t\t<style type=\"text\/css\">\n\t\t\t#gallery-1 {\n\t\t\t\tmargin: auto;\n\t\t\t}\n\t\t\t#gallery-1 .gallery-item {\n\t\t\t\tfloat: left;\n\t\t\t\tmargin-top: 10px;\n\t\t\t\ttext-align: center;\n\t\t\t\twidth: 33%;\n\t\t\t}\n\t\t\t#gallery-1 img {\n\t\t\t\tborder: 2px solid #cfcfcf;\n\t\t\t}\n\t\t\t#gallery-1 .gallery-caption {\n\t\t\t\tmargin-left: 0;\n\t\t\t}\n\t\t\t\/* see gallery_shortcode() in wp-includes\/media.php *\/\n\t\t<\/style>\n\t\t<div id='gallery-1' class='gallery galleryid-32791 gallery-columns-3 gallery-size-full'><dl class='gallery-item'>\n\t\t\t<dt class='gallery-icon landscape'>\n\t\t\t\t<a href='https:\/\/tdv.org\/tr-TR\/wp-content\/uploads\/2023\/06\/TDV-Kurban-Kuran-1.jpeg'><img decoding=\"async\" width=\"1617\" height=\"1080\" src=\"https:\/\/tdv.org\/tr-TR\/wp-content\/uploads\/2023\/06\/TDV-Kurban-Kuran-1.jpeg\" class=\"attachment-full size-full\" alt=\"\" srcset=\"https:\/\/tdv.org\/tr-TR\/wp-content\/uploads\/2023\/06\/TDV-Kurban-Kuran-1.jpeg 1617w, https:\/\/tdv.org\/tr-TR\/wp-content\/uploads\/2023\/06\/TDV-Kurban-Kuran-1-300x200.jpeg 300w, https:\/\/tdv.org\/tr-TR\/wp-content\/uploads\/2023\/06\/TDV-Kurban-Kuran-1-1024x684.jpeg 1024w, https:\/\/tdv.org\/tr-TR\/wp-content\/uploads\/2023\/06\/TDV-Kurban-Kuran-1-768x513.jpeg 768w, https:\/\/tdv.org\/tr-TR\/wp-content\/uploads\/2023\/06\/TDV-Kurban-Kuran-1-1536x1026.jpeg 1536w, https:\/\/tdv.org\/tr-TR\/wp-content\/uploads\/2023\/06\/TDV-Kurban-Kuran-1-900x600.jpeg 900w\" sizes=\"(max-width: 1617px) 100vw, 1617px\" \/><\/a>\n\t\t\t<\/dt><\/dl><dl class='gallery-item'>\n\t\t\t<dt class='gallery-icon landscape'>\n\t\t\t\t<a href='https:\/\/tdv.org\/tr-TR\/wp-content\/uploads\/2023\/06\/TDV-Kurban-Kuran-1.jpg'><img decoding=\"async\" width=\"1620\" height=\"1080\" src=\"https:\/\/tdv.org\/tr-TR\/wp-content\/uploads\/2023\/06\/TDV-Kurban-Kuran-1.jpg\" class=\"attachment-full size-full\" alt=\"\" srcset=\"https:\/\/tdv.org\/tr-TR\/wp-content\/uploads\/2023\/06\/TDV-Kurban-Kuran-1.jpg 1620w, https:\/\/tdv.org\/tr-TR\/wp-content\/uploads\/2023\/06\/TDV-Kurban-Kuran-1-300x200.jpg 300w, https:\/\/tdv.org\/tr-TR\/wp-content\/uploads\/2023\/06\/TDV-Kurban-Kuran-1-1024x683.jpg 1024w, https:\/\/tdv.org\/tr-TR\/wp-content\/uploads\/2023\/06\/TDV-Kurban-Kuran-1-768x512.jpg 768w, https:\/\/tdv.org\/tr-TR\/wp-content\/uploads\/2023\/06\/TDV-Kurban-Kuran-1-1536x1024.jpg 1536w, https:\/\/tdv.org\/tr-TR\/wp-content\/uploads\/2023\/06\/TDV-Kurban-Kuran-1-900x600.jpg 900w\" sizes=\"(max-width: 1620px) 100vw, 1620px\" \/><\/a>\n\t\t\t<\/dt><\/dl><dl class='gallery-item'>\n\t\t\t<dt class='gallery-icon landscape'>\n\t\t\t\t<a href='https:\/\/tdv.org\/tr-TR\/wp-content\/uploads\/2023\/06\/TDV-Kurban-Kuran-2.jpeg'><img decoding=\"async\" width=\"2046\" height=\"1364\" src=\"https:\/\/tdv.org\/tr-TR\/wp-content\/uploads\/2023\/06\/TDV-Kurban-Kuran-2.jpeg\" class=\"attachment-full size-full\" alt=\"\" srcset=\"https:\/\/tdv.org\/tr-TR\/wp-content\/uploads\/2023\/06\/TDV-Kurban-Kuran-2.jpeg 2046w, https:\/\/tdv.org\/tr-TR\/wp-content\/uploads\/2023\/06\/TDV-Kurban-Kuran-2-300x200.jpeg 300w, https:\/\/tdv.org\/tr-TR\/wp-content\/uploads\/2023\/06\/TDV-Kurban-Kuran-2-1024x683.jpeg 1024w, https:\/\/tdv.org\/tr-TR\/wp-content\/uploads\/2023\/06\/TDV-Kurban-Kuran-2-768x512.jpeg 768w, https:\/\/tdv.org\/tr-TR\/wp-content\/uploads\/2023\/06\/TDV-Kurban-Kuran-2-1536x1024.jpeg 1536w, https:\/\/tdv.org\/tr-TR\/wp-content\/uploads\/2023\/06\/TDV-Kurban-Kuran-2-900x600.jpeg 900w\" sizes=\"(max-width: 2046px) 100vw, 2046px\" \/><\/a>\n\t\t\t<\/dt><\/dl><br style=\"clear: both\" \/><dl class='gallery-item'>\n\t\t\t<dt class='gallery-icon landscape'>\n\t\t\t\t<a href='https:\/\/tdv.org\/tr-TR\/wp-content\/uploads\/2023\/06\/TDV-Kurban-Kuran-2.jpg'><img decoding=\"async\" width=\"1620\" height=\"1080\" src=\"https:\/\/tdv.org\/tr-TR\/wp-content\/uploads\/2023\/06\/TDV-Kurban-Kuran-2.jpg\" class=\"attachment-full size-full\" alt=\"\" srcset=\"https:\/\/tdv.org\/tr-TR\/wp-content\/uploads\/2023\/06\/TDV-Kurban-Kuran-2.jpg 1620w, https:\/\/tdv.org\/tr-TR\/wp-content\/uploads\/2023\/06\/TDV-Kurban-Kuran-2-300x200.jpg 300w, https:\/\/tdv.org\/tr-TR\/wp-content\/uploads\/2023\/06\/TDV-Kurban-Kuran-2-1024x683.jpg 1024w, https:\/\/tdv.org\/tr-TR\/wp-content\/uploads\/2023\/06\/TDV-Kurban-Kuran-2-768x512.jpg 768w, https:\/\/tdv.org\/tr-TR\/wp-content\/uploads\/2023\/06\/TDV-Kurban-Kuran-2-1536x1024.jpg 1536w, https:\/\/tdv.org\/tr-TR\/wp-content\/uploads\/2023\/06\/TDV-Kurban-Kuran-2-900x600.jpg 900w\" sizes=\"(max-width: 1620px) 100vw, 1620px\" \/><\/a>\n\t\t\t<\/dt><\/dl><dl class='gallery-item'>\n\t\t\t<dt class='gallery-icon landscape'>\n\t\t\t\t<a href='https:\/\/tdv.org\/tr-TR\/wp-content\/uploads\/2023\/06\/TDV-Kurban-Kuran-3.jpeg'><img decoding=\"async\" width=\"1600\" height=\"1066\" src=\"https:\/\/tdv.org\/tr-TR\/wp-content\/uploads\/2023\/06\/TDV-Kurban-Kuran-3.jpeg\" class=\"attachment-full size-full\" alt=\"\" srcset=\"https:\/\/tdv.org\/tr-TR\/wp-content\/uploads\/2023\/06\/TDV-Kurban-Kuran-3.jpeg 1600w, https:\/\/tdv.org\/tr-TR\/wp-content\/uploads\/2023\/06\/TDV-Kurban-Kuran-3-300x200.jpeg 300w, https:\/\/tdv.org\/tr-TR\/wp-content\/uploads\/2023\/06\/TDV-Kurban-Kuran-3-1024x682.jpeg 1024w, https:\/\/tdv.org\/tr-TR\/wp-content\/uploads\/2023\/06\/TDV-Kurban-Kuran-3-768x512.jpeg 768w, https:\/\/tdv.org\/tr-TR\/wp-content\/uploads\/2023\/06\/TDV-Kurban-Kuran-3-1536x1023.jpeg 1536w, https:\/\/tdv.org\/tr-TR\/wp-content\/uploads\/2023\/06\/TDV-Kurban-Kuran-3-900x600.jpeg 900w\" sizes=\"(max-width: 1600px) 100vw, 1600px\" \/><\/a>\n\t\t\t<\/dt><\/dl><dl class='gallery-item'>\n\t\t\t<dt class='gallery-icon landscape'>\n\t\t\t\t<a href='https:\/\/tdv.org\/tr-TR\/wp-content\/uploads\/2023\/06\/TDV-Kurban-Kuran-3.jpg'><img decoding=\"async\" width=\"1618\" height=\"1080\" src=\"https:\/\/tdv.org\/tr-TR\/wp-content\/uploads\/2023\/06\/TDV-Kurban-Kuran-3.jpg\" class=\"attachment-full size-full\" alt=\"\" srcset=\"https:\/\/tdv.org\/tr-TR\/wp-content\/uploads\/2023\/06\/TDV-Kurban-Kuran-3.jpg 1618w, https:\/\/tdv.org\/tr-TR\/wp-content\/uploads\/2023\/06\/TDV-Kurban-Kuran-3-300x200.jpg 300w, https:\/\/tdv.org\/tr-TR\/wp-content\/uploads\/2023\/06\/TDV-Kurban-Kuran-3-1024x684.jpg 1024w, https:\/\/tdv.org\/tr-TR\/wp-content\/uploads\/2023\/06\/TDV-Kurban-Kuran-3-768x513.jpg 768w, https:\/\/tdv.org\/tr-TR\/wp-content\/uploads\/2023\/06\/TDV-Kurban-Kuran-3-1536x1025.jpg 1536w, https:\/\/tdv.org\/tr-TR\/wp-content\/uploads\/2023\/06\/TDV-Kurban-Kuran-3-900x600.jpg 900w\" sizes=\"(max-width: 1618px) 100vw, 1618px\" \/><\/a>\n\t\t\t<\/dt><\/dl><br style=\"clear: both\" \/><dl class='gallery-item'>\n\t\t\t<dt class='gallery-icon landscape'>\n\t\t\t\t<a href='https:\/\/tdv.org\/tr-TR\/wp-content\/uploads\/2023\/06\/TDV-Kurban-Kuran-4.jpeg'><img decoding=\"async\" width=\"1600\" height=\"1066\" src=\"https:\/\/tdv.org\/tr-TR\/wp-content\/uploads\/2023\/06\/TDV-Kurban-Kuran-4.jpeg\" class=\"attachment-full size-full\" alt=\"\" srcset=\"https:\/\/tdv.org\/tr-TR\/wp-content\/uploads\/2023\/06\/TDV-Kurban-Kuran-4.jpeg 1600w, https:\/\/tdv.org\/tr-TR\/wp-content\/uploads\/2023\/06\/TDV-Kurban-Kuran-4-300x200.jpeg 300w, https:\/\/tdv.org\/tr-TR\/wp-content\/uploads\/2023\/06\/TDV-Kurban-Kuran-4-1024x682.jpeg 1024w, https:\/\/tdv.org\/tr-TR\/wp-content\/uploads\/2023\/06\/TDV-Kurban-Kuran-4-768x512.jpeg 768w, https:\/\/tdv.org\/tr-TR\/wp-content\/uploads\/2023\/06\/TDV-Kurban-Kuran-4-1536x1023.jpeg 1536w, https:\/\/tdv.org\/tr-TR\/wp-content\/uploads\/2023\/06\/TDV-Kurban-Kuran-4-900x600.jpeg 900w\" sizes=\"(max-width: 1600px) 100vw, 1600px\" \/><\/a>\n\t\t\t<\/dt><\/dl><dl class='gallery-item'>\n\t\t\t<dt class='gallery-icon landscape'>\n\t\t\t\t<a href='https:\/\/tdv.org\/tr-TR\/wp-content\/uploads\/2023\/06\/TDV-Kurban-Kuran-4.jpg'><img decoding=\"async\" width=\"1618\" height=\"1080\" src=\"https:\/\/tdv.org\/tr-TR\/wp-content\/uploads\/2023\/06\/TDV-Kurban-Kuran-4.jpg\" class=\"attachment-full size-full\" alt=\"\" srcset=\"https:\/\/tdv.org\/tr-TR\/wp-content\/uploads\/2023\/06\/TDV-Kurban-Kuran-4.jpg 1618w, https:\/\/tdv.org\/tr-TR\/wp-content\/uploads\/2023\/06\/TDV-Kurban-Kuran-4-300x200.jpg 300w, https:\/\/tdv.org\/tr-TR\/wp-content\/uploads\/2023\/06\/TDV-Kurban-Kuran-4-1024x684.jpg 1024w, https:\/\/tdv.org\/tr-TR\/wp-content\/uploads\/2023\/06\/TDV-Kurban-Kuran-4-768x513.jpg 768w, https:\/\/tdv.org\/tr-TR\/wp-content\/uploads\/2023\/06\/TDV-Kurban-Kuran-4-1536x1025.jpg 1536w, https:\/\/tdv.org\/tr-TR\/wp-content\/uploads\/2023\/06\/TDV-Kurban-Kuran-4-900x600.jpg 900w\" sizes=\"(max-width: 1618px) 100vw, 1618px\" \/><\/a>\n\t\t\t<\/dt><\/dl><dl class='gallery-item'>\n\t\t\t<dt class='gallery-icon landscape'>\n\t\t\t\t<a href='https:\/\/tdv.org\/tr-TR\/wp-content\/uploads\/2023\/06\/TDV-Kurban-Kuran-5.jpeg'><img decoding=\"async\" width=\"1600\" height=\"1066\" src=\"https:\/\/tdv.org\/tr-TR\/wp-content\/uploads\/2023\/06\/TDV-Kurban-Kuran-5.jpeg\" class=\"attachment-full size-full\" alt=\"\" srcset=\"https:\/\/tdv.org\/tr-TR\/wp-content\/uploads\/2023\/06\/TDV-Kurban-Kuran-5.jpeg 1600w, https:\/\/tdv.org\/tr-TR\/wp-content\/uploads\/2023\/06\/TDV-Kurban-Kuran-5-300x200.jpeg 300w, https:\/\/tdv.org\/tr-TR\/wp-content\/uploads\/2023\/06\/TDV-Kurban-Kuran-5-1024x682.jpeg 1024w, https:\/\/tdv.org\/tr-TR\/wp-content\/uploads\/2023\/06\/TDV-Kurban-Kuran-5-768x512.jpeg 768w, https:\/\/tdv.org\/tr-TR\/wp-content\/uploads\/2023\/06\/TDV-Kurban-Kuran-5-1536x1023.jpeg 1536w, https:\/\/tdv.org\/tr-TR\/wp-content\/uploads\/2023\/06\/TDV-Kurban-Kuran-5-900x600.jpeg 900w\" sizes=\"(max-width: 1600px) 100vw, 1600px\" \/><\/a>\n\t\t\t<\/dt><\/dl><br style=\"clear: both\" \/><dl class='gallery-item'>\n\t\t\t<dt class='gallery-icon landscape'>\n\t\t\t\t<a href='https:\/\/tdv.org\/tr-TR\/wp-content\/uploads\/2023\/06\/TDV-Kurban-Kuran-6.jpeg'><img decoding=\"async\" width=\"1617\" height=\"1080\" src=\"https:\/\/tdv.org\/tr-TR\/wp-content\/uploads\/2023\/06\/TDV-Kurban-Kuran-6.jpeg\" class=\"attachment-full size-full\" alt=\"\" srcset=\"https:\/\/tdv.org\/tr-TR\/wp-content\/uploads\/2023\/06\/TDV-Kurban-Kuran-6.jpeg 1617w, https:\/\/tdv.org\/tr-TR\/wp-content\/uploads\/2023\/06\/TDV-Kurban-Kuran-6-300x200.jpeg 300w, https:\/\/tdv.org\/tr-TR\/wp-content\/uploads\/2023\/06\/TDV-Kurban-Kuran-6-1024x684.jpeg 1024w, https:\/\/tdv.org\/tr-TR\/wp-content\/uploads\/2023\/06\/TDV-Kurban-Kuran-6-768x513.jpeg 768w, https:\/\/tdv.org\/tr-TR\/wp-content\/uploads\/2023\/06\/TDV-Kurban-Kuran-6-1536x1026.jpeg 1536w, https:\/\/tdv.org\/tr-TR\/wp-content\/uploads\/2023\/06\/TDV-Kurban-Kuran-6-900x600.jpeg 900w\" sizes=\"(max-width: 1617px) 100vw, 1617px\" \/><\/a>\n\t\t\t<\/dt><\/dl><dl class='gallery-item'>\n\t\t\t<dt class='gallery-icon landscape'>\n\t\t\t\t<a href='https:\/\/tdv.org\/tr-TR\/wp-content\/uploads\/2023\/06\/TDV-Kurban-Kuran-7.jpeg'><img decoding=\"async\" width=\"1617\" height=\"1080\" src=\"https:\/\/tdv.org\/tr-TR\/wp-content\/uploads\/2023\/06\/TDV-Kurban-Kuran-7.jpeg\" class=\"attachment-full size-full\" alt=\"\" srcset=\"https:\/\/tdv.org\/tr-TR\/wp-content\/uploads\/2023\/06\/TDV-Kurban-Kuran-7.jpeg 1617w, https:\/\/tdv.org\/tr-TR\/wp-content\/uploads\/2023\/06\/TDV-Kurban-Kuran-7-300x200.jpeg 300w, https:\/\/tdv.org\/tr-TR\/wp-content\/uploads\/2023\/06\/TDV-Kurban-Kuran-7-1024x684.jpeg 1024w, https:\/\/tdv.org\/tr-TR\/wp-content\/uploads\/2023\/06\/TDV-Kurban-Kuran-7-768x513.jpeg 768w, https:\/\/tdv.org\/tr-TR\/wp-content\/uploads\/2023\/06\/TDV-Kurban-Kuran-7-1536x1026.jpeg 1536w, https:\/\/tdv.org\/tr-TR\/wp-content\/uploads\/2023\/06\/TDV-Kurban-Kuran-7-900x600.jpeg 900w\" sizes=\"(max-width: 1617px) 100vw, 1617px\" \/><\/a>\n\t\t\t<\/dt><\/dl><dl class='gallery-item'>\n\t\t\t<dt class='gallery-icon landscape'>\n\t\t\t\t<a href='https:\/\/tdv.org\/tr-TR\/wp-content\/uploads\/2023\/06\/TDV-Kurban-Kuran-8.jpeg'><img decoding=\"async\" width=\"1617\" height=\"1080\" src=\"https:\/\/tdv.org\/tr-TR\/wp-content\/uploads\/2023\/06\/TDV-Kurban-Kuran-8.jpeg\" class=\"attachment-full size-full\" alt=\"\" srcset=\"https:\/\/tdv.org\/tr-TR\/wp-content\/uploads\/2023\/06\/TDV-Kurban-Kuran-8.jpeg 1617w, https:\/\/tdv.org\/tr-TR\/wp-content\/uploads\/2023\/06\/TDV-Kurban-Kuran-8-300x200.jpeg 300w, https:\/\/tdv.org\/tr-TR\/wp-content\/uploads\/2023\/06\/TDV-Kurban-Kuran-8-1024x684.jpeg 1024w, https:\/\/tdv.org\/tr-TR\/wp-content\/uploads\/2023\/06\/TDV-Kurban-Kuran-8-768x513.jpeg 768w, https:\/\/tdv.org\/tr-TR\/wp-content\/uploads\/2023\/06\/TDV-Kurban-Kuran-8-1536x1026.jpeg 1536w, https:\/\/tdv.org\/tr-TR\/wp-content\/uploads\/2023\/06\/TDV-Kurban-Kuran-8-900x600.jpeg 900w\" sizes=\"(max-width: 1617px) 100vw, 1617px\" \/><\/a>\n\t\t\t<\/dt><\/dl><br style=\"clear: both\" \/>\n\t\t<\/div>\n\n<p>&nbsp;<\/p>\n<p>&nbsp;<\/p>\n","protected":false},"excerpt":{"rendered":"<p>T\u00fcrkiye Diyanet Vakf\u0131\u2019n\u0131n (TDV) y\u00fcr\u00fctt\u00fc\u011f\u00fc \u201cBir Kurban Bir Kur\u2019an\u201d projesi kapsam\u0131nda vekaletle kurban ba\u011f\u0131\u015f\u0131nda bulunacak hay\u0131rseverler, ihtiya\u00e7 sahiplerine Kur\u2019an-\u0131 Kerim de hediye edebilecek. 40 farkl\u0131 dil ve leh\u00e7ede bask\u0131s\u0131 yap\u0131lan&#8230;<\/p>\n","protected":false},"author":7,"featured_media":32803,"comment_status":"open","ping_status":"closed","sticky":false,"template":"","format":"standard","meta":{"footnotes":""},"categories":[1],"tags":[2086,1797,695,117,1055,171,1234],"class_list":{"0":"post-32791","1":"post","2":"type-post","3":"status-publish","4":"format-standard","5":"has-post-thumbnail","7":"category-haberler","8":"tag-deprem-bolgesi","9":"tag-dil","10":"tag-hediye","11":"tag-kuran","12":"tag-kurani-kerim","13":"tag-kurban","14":"tag-mushaf"},"yoast_head":"<!-- This site is optimized with the Yoast SEO plugin v27.5 - https:\/\/yoast.com\/product\/yoast-seo-wordpress\/ -->\n<title>TDV kurban ve Kur\u2019an\u2019la bayramda yaralar\u0131 saracak<\/title>\n<meta name=\"description\" content=\"T\u00fcrkiye Diyanet Vakf\u0131\u2019n\u0131n (TDV) y\u00fcr\u00fctt\u00fc\u011f\u00fc \u201cBir Kurban Bir Kur\u2019an\u201d projesi kapsam\u0131nda vekaletle kurban ba\u011f\u0131\u015f\u0131nda bulunacak hay\u0131rseverler, ihtiya\u00e7 sahiplerine Kur\u2019an-\u0131 Kerim de hediye edebilecek.\" \/>\n<meta name=\"robots\" content=\"index, follow, max-snippet:-1, max-image-preview:large, max-video-preview:-1\" \/>\n<link rel=\"canonical\" href=\"https:\/\/tdv.org\/tr-TR\/tdv-kurban-ve-kuranla-bayramda-yaralari-saracak\/\" \/>\n<meta property=\"og:locale\" content=\"tr_TR\" \/>\n<meta property=\"og:type\" content=\"article\" \/>\n<meta property=\"og:title\" content=\"TDV kurban ve Kur\u2019an\u2019la bayramda yaralar\u0131 saracak\" \/>\n<meta property=\"og:description\" content=\"T\u00fcrkiye Diyanet Vakf\u0131\u2019n\u0131n (TDV) y\u00fcr\u00fctt\u00fc\u011f\u00fc \u201cBir Kurban Bir Kur\u2019an\u201d projesi kapsam\u0131nda vekaletle kurban ba\u011f\u0131\u015f\u0131nda bulunacak hay\u0131rseverler, ihtiya\u00e7 sahiplerine Kur\u2019an-\u0131 Kerim de hediye edebilecek.\" \/>\n<meta property=\"og:url\" content=\"https:\/\/tdv.org\/tr-TR\/tdv-kurban-ve-kuranla-bayramda-yaralari-saracak\/\" \/>\n<meta property=\"og:site_name\" content=\"T\u00fcrkiye Diyanet Vakf\u0131 Resmi Web Sitesi\" \/>\n<meta property=\"article:publisher\" content=\"https:\/\/www.facebook.com\/Diyanetvakfi\/\" \/>\n<meta property=\"article:published_time\" content=\"2023-06-16T07:27:40+00:00\" \/>\n<meta property=\"og:image\" content=\"https:\/\/tdv.org\/tr-TR\/wp-content\/uploads\/2023\/06\/TDV-Kurban-Kuran-8.jpeg\" \/>\n\t<meta property=\"og:image:width\" content=\"1617\" \/>\n\t<meta property=\"og:image:height\" content=\"1080\" \/>\n\t<meta property=\"og:image:type\" content=\"image\/jpeg\" \/>\n<meta name=\"author\" content=\"U\u011fur\" \/>\n<meta name=\"twitter:card\" content=\"summary_large_image\" \/>\n<meta name=\"twitter:creator\" content=\"@DiyanetVakfi\" \/>\n<meta name=\"twitter:site\" content=\"@DiyanetVakfi\" \/>\n<script type=\"application\/ld+json\" class=\"yoast-schema-graph\">{\"@context\":\"https:\\\/\\\/schema.org\",\"@graph\":[{\"@type\":\"Article\",\"@id\":\"https:\\\/\\\/tdv.org\\\/tr-TR\\\/tdv-kurban-ve-kuranla-bayramda-yaralari-saracak\\\/#article\",\"isPartOf\":{\"@id\":\"https:\\\/\\\/tdv.org\\\/tr-TR\\\/tdv-kurban-ve-kuranla-bayramda-yaralari-saracak\\\/\"},\"author\":{\"name\":\"U\u011fur\",\"@id\":\"https:\\\/\\\/tdv.org\\\/tr-TR\\\/#\\\/schema\\\/person\\\/8dcf742852c4614c6fdadb92da159c05\"},\"headline\":\"TDV kurban ve Kur\u2019an\u2019la bayramda yaralar\u0131 saracak\",\"datePublished\":\"2023-06-16T07:27:40+00:00\",\"mainEntityOfPage\":{\"@id\":\"https:\\\/\\\/tdv.org\\\/tr-TR\\\/tdv-kurban-ve-kuranla-bayramda-yaralari-saracak\\\/\"},\"wordCount\":699,\"commentCount\":0,\"publisher\":{\"@id\":\"https:\\\/\\\/tdv.org\\\/tr-TR\\\/#organization\"},\"image\":{\"@id\":\"https:\\\/\\\/tdv.org\\\/tr-TR\\\/tdv-kurban-ve-kuranla-bayramda-yaralari-saracak\\\/#primaryimage\"},\"thumbnailUrl\":\"https:\\\/\\\/tdv.org\\\/tr-TR\\\/wp-content\\\/uploads\\\/2023\\\/06\\\/TDV-Kurban-Kuran-8.jpeg\",\"keywords\":[\"deprem b\u00f6lgesi\",\"dil\",\"hediye\",\"Kuran\",\"Kuran\u0131 Kerim\",\"Kurban\",\"mushaf\"],\"articleSection\":[\"Haberler\"],\"inLanguage\":\"tr\",\"potentialAction\":[{\"@type\":\"CommentAction\",\"name\":\"Comment\",\"target\":[\"https:\\\/\\\/tdv.org\\\/tr-TR\\\/tdv-kurban-ve-kuranla-bayramda-yaralari-saracak\\\/#respond\"]}]},{\"@type\":\"WebPage\",\"@id\":\"https:\\\/\\\/tdv.org\\\/tr-TR\\\/tdv-kurban-ve-kuranla-bayramda-yaralari-saracak\\\/\",\"url\":\"https:\\\/\\\/tdv.org\\\/tr-TR\\\/tdv-kurban-ve-kuranla-bayramda-yaralari-saracak\\\/\",\"name\":\"TDV kurban ve Kur\u2019an\u2019la bayramda yaralar\u0131 saracak\",\"isPartOf\":{\"@id\":\"https:\\\/\\\/tdv.org\\\/tr-TR\\\/#website\"},\"primaryImageOfPage\":{\"@id\":\"https:\\\/\\\/tdv.org\\\/tr-TR\\\/tdv-kurban-ve-kuranla-bayramda-yaralari-saracak\\\/#primaryimage\"},\"image\":{\"@id\":\"https:\\\/\\\/tdv.org\\\/tr-TR\\\/tdv-kurban-ve-kuranla-bayramda-yaralari-saracak\\\/#primaryimage\"},\"thumbnailUrl\":\"https:\\\/\\\/tdv.org\\\/tr-TR\\\/wp-content\\\/uploads\\\/2023\\\/06\\\/TDV-Kurban-Kuran-8.jpeg\",\"datePublished\":\"2023-06-16T07:27:40+00:00\",\"description\":\"T\u00fcrkiye Diyanet Vakf\u0131\u2019n\u0131n (TDV) y\u00fcr\u00fctt\u00fc\u011f\u00fc \u201cBir Kurban Bir Kur\u2019an\u201d projesi kapsam\u0131nda vekaletle kurban ba\u011f\u0131\u015f\u0131nda bulunacak hay\u0131rseverler, ihtiya\u00e7 sahiplerine Kur\u2019an-\u0131 Kerim de hediye edebilecek.\",\"breadcrumb\":{\"@id\":\"https:\\\/\\\/tdv.org\\\/tr-TR\\\/tdv-kurban-ve-kuranla-bayramda-yaralari-saracak\\\/#breadcrumb\"},\"inLanguage\":\"tr\",\"potentialAction\":[{\"@type\":\"ReadAction\",\"target\":[\"https:\\\/\\\/tdv.org\\\/tr-TR\\\/tdv-kurban-ve-kuranla-bayramda-yaralari-saracak\\\/\"]}]},{\"@type\":\"ImageObject\",\"inLanguage\":\"tr\",\"@id\":\"https:\\\/\\\/tdv.org\\\/tr-TR\\\/tdv-kurban-ve-kuranla-bayramda-yaralari-saracak\\\/#primaryimage\",\"url\":\"https:\\\/\\\/tdv.org\\\/tr-TR\\\/wp-content\\\/uploads\\\/2023\\\/06\\\/TDV-Kurban-Kuran-8.jpeg\",\"contentUrl\":\"https:\\\/\\\/tdv.org\\\/tr-TR\\\/wp-content\\\/uploads\\\/2023\\\/06\\\/TDV-Kurban-Kuran-8.jpeg\",\"width\":1617,\"height\":1080},{\"@type\":\"BreadcrumbList\",\"@id\":\"https:\\\/\\\/tdv.org\\\/tr-TR\\\/tdv-kurban-ve-kuranla-bayramda-yaralari-saracak\\\/#breadcrumb\",\"itemListElement\":[{\"@type\":\"ListItem\",\"position\":1,\"name\":\"Anasayfa\",\"item\":\"https:\\\/\\\/tdv.org\\\/tr-TR\\\/\"},{\"@type\":\"ListItem\",\"position\":2,\"name\":\"TDV kurban ve Kur\u2019an\u2019la bayramda yaralar\u0131 saracak\"}]},{\"@type\":\"WebSite\",\"@id\":\"https:\\\/\\\/tdv.org\\\/tr-TR\\\/#website\",\"url\":\"https:\\\/\\\/tdv.org\\\/tr-TR\\\/\",\"name\":\"T\u00fcrkiye Diyanet Vakf\u0131 Resmi Web Sitesi\",\"description\":\"Yery\u00fcz\u00fcnde iyilik egemen oluncaya kadar\",\"publisher\":{\"@id\":\"https:\\\/\\\/tdv.org\\\/tr-TR\\\/#organization\"},\"alternateName\":\"T\u00fcrkiye Diyanet Vakf\u0131\",\"potentialAction\":[{\"@type\":\"SearchAction\",\"target\":{\"@type\":\"EntryPoint\",\"urlTemplate\":\"https:\\\/\\\/tdv.org\\\/tr-TR\\\/?s={search_term_string}\"},\"query-input\":{\"@type\":\"PropertyValueSpecification\",\"valueRequired\":true,\"valueName\":\"search_term_string\"}}],\"inLanguage\":\"tr\"},{\"@type\":\"Organization\",\"@id\":\"https:\\\/\\\/tdv.org\\\/tr-TR\\\/#organization\",\"name\":\"T\u00fcrkiye Diyanet Vakf\u0131\",\"alternateName\":\"T\u00fcrkiye Diyanet Vakf\u0131\",\"url\":\"https:\\\/\\\/tdv.org\\\/tr-TR\\\/\",\"logo\":{\"@type\":\"ImageObject\",\"inLanguage\":\"tr\",\"@id\":\"https:\\\/\\\/tdv.org\\\/tr-TR\\\/#\\\/schema\\\/logo\\\/image\\\/\",\"url\":\"https:\\\/\\\/tdv.org\\\/tr-TR\\\/wp-content\\\/uploads\\\/2018\\\/12\\\/TDV_Logo_1.png\",\"contentUrl\":\"https:\\\/\\\/tdv.org\\\/tr-TR\\\/wp-content\\\/uploads\\\/2018\\\/12\\\/TDV_Logo_1.png\",\"width\":207,\"height\":71,\"caption\":\"T\u00fcrkiye Diyanet Vakf\u0131\"},\"image\":{\"@id\":\"https:\\\/\\\/tdv.org\\\/tr-TR\\\/#\\\/schema\\\/logo\\\/image\\\/\"},\"sameAs\":[\"https:\\\/\\\/www.facebook.com\\\/Diyanetvakfi\\\/\",\"https:\\\/\\\/x.com\\\/DiyanetVakfi\",\"https:\\\/\\\/www.instagram.com\\\/turkiyediyanetvakfi\\\/\",\"https:\\\/\\\/www.youtube.com\\\/user\\\/TurkiyeDiyanetVakfi\"]},{\"@type\":\"Person\",\"@id\":\"https:\\\/\\\/tdv.org\\\/tr-TR\\\/#\\\/schema\\\/person\\\/8dcf742852c4614c6fdadb92da159c05\",\"name\":\"U\u011fur\",\"image\":{\"@type\":\"ImageObject\",\"inLanguage\":\"tr\",\"@id\":\"https:\\\/\\\/tdv.org\\\/tr-TR\\\/wp-content\\\/litespeed\\\/avatar\\\/b970c0eba1124f8268544e2640bfa964.jpg?ver=1777289940\",\"url\":\"https:\\\/\\\/tdv.org\\\/tr-TR\\\/wp-content\\\/litespeed\\\/avatar\\\/b970c0eba1124f8268544e2640bfa964.jpg?ver=1777289940\",\"contentUrl\":\"https:\\\/\\\/tdv.org\\\/tr-TR\\\/wp-content\\\/litespeed\\\/avatar\\\/b970c0eba1124f8268544e2640bfa964.jpg?ver=1777289940\",\"caption\":\"U\u011fur\"}}]}<\/script>\n<!-- \/ Yoast SEO plugin. -->","yoast_head_json":{"title":"TDV kurban ve Kur\u2019an\u2019la bayramda yaralar\u0131 saracak","description":"T\u00fcrkiye Diyanet Vakf\u0131\u2019n\u0131n (TDV) y\u00fcr\u00fctt\u00fc\u011f\u00fc \u201cBir Kurban Bir Kur\u2019an\u201d projesi kapsam\u0131nda vekaletle kurban ba\u011f\u0131\u015f\u0131nda bulunacak hay\u0131rseverler, ihtiya\u00e7 sahiplerine Kur\u2019an-\u0131 Kerim de hediye edebilecek.","robots":{"index":"index","follow":"follow","max-snippet":"max-snippet:-1","max-image-preview":"max-image-preview:large","max-video-preview":"max-video-preview:-1"},"canonical":"https:\/\/tdv.org\/tr-TR\/tdv-kurban-ve-kuranla-bayramda-yaralari-saracak\/","og_locale":"tr_TR","og_type":"article","og_title":"TDV kurban ve Kur\u2019an\u2019la bayramda yaralar\u0131 saracak","og_description":"T\u00fcrkiye Diyanet Vakf\u0131\u2019n\u0131n (TDV) y\u00fcr\u00fctt\u00fc\u011f\u00fc \u201cBir Kurban Bir Kur\u2019an\u201d projesi kapsam\u0131nda vekaletle kurban ba\u011f\u0131\u015f\u0131nda bulunacak hay\u0131rseverler, ihtiya\u00e7 sahiplerine Kur\u2019an-\u0131 Kerim de hediye edebilecek.","og_url":"https:\/\/tdv.org\/tr-TR\/tdv-kurban-ve-kuranla-bayramda-yaralari-saracak\/","og_site_name":"T\u00fcrkiye Diyanet Vakf\u0131 Resmi Web Sitesi","article_publisher":"https:\/\/www.facebook.com\/Diyanetvakfi\/","article_published_time":"2023-06-16T07:27:40+00:00","og_image":[{"width":1617,"height":1080,"url":"https:\/\/tdv.org\/tr-TR\/wp-content\/uploads\/2023\/06\/TDV-Kurban-Kuran-8.jpeg","type":"image\/jpeg"}],"author":"U\u011fur","twitter_card":"summary_large_image","twitter_creator":"@DiyanetVakfi","twitter_site":"@DiyanetVakfi","schema":{"@context":"https:\/\/schema.org","@graph":[{"@type":"Article","@id":"https:\/\/tdv.org\/tr-TR\/tdv-kurban-ve-kuranla-bayramda-yaralari-saracak\/#article","isPartOf":{"@id":"https:\/\/tdv.org\/tr-TR\/tdv-kurban-ve-kuranla-bayramda-yaralari-saracak\/"},"author":{"name":"U\u011fur","@id":"https:\/\/tdv.org\/tr-TR\/#\/schema\/person\/8dcf742852c4614c6fdadb92da159c05"},"headline":"TDV kurban ve Kur\u2019an\u2019la bayramda yaralar\u0131 saracak","datePublished":"2023-06-16T07:27:40+00:00","mainEntityOfPage":{"@id":"https:\/\/tdv.org\/tr-TR\/tdv-kurban-ve-kuranla-bayramda-yaralari-saracak\/"},"wordCount":699,"commentCount":0,"publisher":{"@id":"https:\/\/tdv.org\/tr-TR\/#organization"},"image":{"@id":"https:\/\/tdv.org\/tr-TR\/tdv-kurban-ve-kuranla-bayramda-yaralari-saracak\/#primaryimage"},"thumbnailUrl":"https:\/\/tdv.org\/tr-TR\/wp-content\/uploads\/2023\/06\/TDV-Kurban-Kuran-8.jpeg","keywords":["deprem b\u00f6lgesi","dil","hediye","Kuran","Kuran\u0131 Kerim","Kurban","mushaf"],"articleSection":["Haberler"],"inLanguage":"tr","potentialAction":[{"@type":"CommentAction","name":"Comment","target":["https:\/\/tdv.org\/tr-TR\/tdv-kurban-ve-kuranla-bayramda-yaralari-saracak\/#respond"]}]},{"@type":"WebPage","@id":"https:\/\/tdv.org\/tr-TR\/tdv-kurban-ve-kuranla-bayramda-yaralari-saracak\/","url":"https:\/\/tdv.org\/tr-TR\/tdv-kurban-ve-kuranla-bayramda-yaralari-saracak\/","name":"TDV kurban ve Kur\u2019an\u2019la bayramda yaralar\u0131 saracak","isPartOf":{"@id":"https:\/\/tdv.org\/tr-TR\/#website"},"primaryImageOfPage":{"@id":"https:\/\/tdv.org\/tr-TR\/tdv-kurban-ve-kuranla-bayramda-yaralari-saracak\/#primaryimage"},"image":{"@id":"https:\/\/tdv.org\/tr-TR\/tdv-kurban-ve-kuranla-bayramda-yaralari-saracak\/#primaryimage"},"thumbnailUrl":"https:\/\/tdv.org\/tr-TR\/wp-content\/uploads\/2023\/06\/TDV-Kurban-Kuran-8.jpeg","datePublished":"2023-06-16T07:27:40+00:00","description":"T\u00fcrkiye Diyanet Vakf\u0131\u2019n\u0131n (TDV) y\u00fcr\u00fctt\u00fc\u011f\u00fc \u201cBir Kurban Bir Kur\u2019an\u201d projesi kapsam\u0131nda vekaletle kurban ba\u011f\u0131\u015f\u0131nda bulunacak hay\u0131rseverler, ihtiya\u00e7 sahiplerine Kur\u2019an-\u0131 Kerim de hediye edebilecek.","breadcrumb":{"@id":"https:\/\/tdv.org\/tr-TR\/tdv-kurban-ve-kuranla-bayramda-yaralari-saracak\/#breadcrumb"},"inLanguage":"tr","potentialAction":[{"@type":"ReadAction","target":["https:\/\/tdv.org\/tr-TR\/tdv-kurban-ve-kuranla-bayramda-yaralari-saracak\/"]}]},{"@type":"ImageObject","inLanguage":"tr","@id":"https:\/\/tdv.org\/tr-TR\/tdv-kurban-ve-kuranla-bayramda-yaralari-saracak\/#primaryimage","url":"https:\/\/tdv.org\/tr-TR\/wp-content\/uploads\/2023\/06\/TDV-Kurban-Kuran-8.jpeg","contentUrl":"https:\/\/tdv.org\/tr-TR\/wp-content\/uploads\/2023\/06\/TDV-Kurban-Kuran-8.jpeg","width":1617,"height":1080},{"@type":"BreadcrumbList","@id":"https:\/\/tdv.org\/tr-TR\/tdv-kurban-ve-kuranla-bayramda-yaralari-saracak\/#breadcrumb","itemListElement":[{"@type":"ListItem","position":1,"name":"Anasayfa","item":"https:\/\/tdv.org\/tr-TR\/"},{"@type":"ListItem","position":2,"name":"TDV kurban ve Kur\u2019an\u2019la bayramda yaralar\u0131 saracak"}]},{"@type":"WebSite","@id":"https:\/\/tdv.org\/tr-TR\/#website","url":"https:\/\/tdv.org\/tr-TR\/","name":"T\u00fcrkiye Diyanet Vakf\u0131 Resmi Web Sitesi","description":"Yery\u00fcz\u00fcnde iyilik egemen oluncaya kadar","publisher":{"@id":"https:\/\/tdv.org\/tr-TR\/#organization"},"alternateName":"T\u00fcrkiye Diyanet Vakf\u0131","potentialAction":[{"@type":"SearchAction","target":{"@type":"EntryPoint","urlTemplate":"https:\/\/tdv.org\/tr-TR\/?s={search_term_string}"},"query-input":{"@type":"PropertyValueSpecification","valueRequired":true,"valueName":"search_term_string"}}],"inLanguage":"tr"},{"@type":"Organization","@id":"https:\/\/tdv.org\/tr-TR\/#organization","name":"T\u00fcrkiye Diyanet Vakf\u0131","alternateName":"T\u00fcrkiye Diyanet Vakf\u0131","url":"https:\/\/tdv.org\/tr-TR\/","logo":{"@type":"ImageObject","inLanguage":"tr","@id":"https:\/\/tdv.org\/tr-TR\/#\/schema\/logo\/image\/","url":"https:\/\/tdv.org\/tr-TR\/wp-content\/uploads\/2018\/12\/TDV_Logo_1.png","contentUrl":"https:\/\/tdv.org\/tr-TR\/wp-content\/uploads\/2018\/12\/TDV_Logo_1.png","width":207,"height":71,"caption":"T\u00fcrkiye Diyanet Vakf\u0131"},"image":{"@id":"https:\/\/tdv.org\/tr-TR\/#\/schema\/logo\/image\/"},"sameAs":["https:\/\/www.facebook.com\/Diyanetvakfi\/","https:\/\/x.com\/DiyanetVakfi","https:\/\/www.instagram.com\/turkiyediyanetvakfi\/","https:\/\/www.youtube.com\/user\/TurkiyeDiyanetVakfi"]},{"@type":"Person","@id":"https:\/\/tdv.org\/tr-TR\/#\/schema\/person\/8dcf742852c4614c6fdadb92da159c05","name":"U\u011fur","image":{"@type":"ImageObject","inLanguage":"tr","@id":"https:\/\/tdv.org\/tr-TR\/wp-content\/litespeed\/avatar\/b970c0eba1124f8268544e2640bfa964.jpg?ver=1777289940","url":"https:\/\/tdv.org\/tr-TR\/wp-content\/litespeed\/avatar\/b970c0eba1124f8268544e2640bfa964.jpg?ver=1777289940","contentUrl":"https:\/\/tdv.org\/tr-TR\/wp-content\/litespeed\/avatar\/b970c0eba1124f8268544e2640bfa964.jpg?ver=1777289940","caption":"U\u011fur"}}]}},"_links":{"self":[{"href":"https:\/\/tdv.org\/tr-TR\/wp-json\/wp\/v2\/posts\/32791","targetHints":{"allow":["GET"]}}],"collection":[{"href":"https:\/\/tdv.org\/tr-TR\/wp-json\/wp\/v2\/posts"}],"about":[{"href":"https:\/\/tdv.org\/tr-TR\/wp-json\/wp\/v2\/types\/post"}],"author":[{"embeddable":true,"href":"https:\/\/tdv.org\/tr-TR\/wp-json\/wp\/v2\/users\/7"}],"replies":[{"embeddable":true,"href":"https:\/\/tdv.org\/tr-TR\/wp-json\/wp\/v2\/comments?post=32791"}],"version-history":[{"count":1,"href":"https:\/\/tdv.org\/tr-TR\/wp-json\/wp\/v2\/posts\/32791\/revisions"}],"predecessor-version":[{"id":32804,"href":"https:\/\/tdv.org\/tr-TR\/wp-json\/wp\/v2\/posts\/32791\/revisions\/32804"}],"wp:featuredmedia":[{"embeddable":true,"href":"https:\/\/tdv.org\/tr-TR\/wp-json\/wp\/v2\/media\/32803"}],"wp:attachment":[{"href":"https:\/\/tdv.org\/tr-TR\/wp-json\/wp\/v2\/media?parent=32791"}],"wp:term":[{"taxonomy":"category","embeddable":true,"href":"https:\/\/tdv.org\/tr-TR\/wp-json\/wp\/v2\/categories?post=32791"},{"taxonomy":"post_tag","embeddable":true,"href":"https:\/\/tdv.org\/tr-TR\/wp-json\/wp\/v2\/tags?post=32791"}],"curies":[{"name":"wp","href":"https:\/\/api.w.org\/{rel}","templated":true}]}}