{"id":34215,"date":"2023-10-25T15:56:06","date_gmt":"2023-10-25T12:56:06","guid":{"rendered":"https:\/\/tdv.org\/tr-TR\/?p=34215"},"modified":"2024-02-02T16:24:12","modified_gmt":"2024-02-02T13:24:12","slug":"gazze-icin-turkiye-genelinde-yardim-kampanyasi-baslatilacak","status":"publish","type":"post","link":"https:\/\/tdv.org\/tr-TR\/gazze-icin-turkiye-genelinde-yardim-kampanyasi-baslatilacak\/","title":{"rendered":"Gazze i\u00e7in T\u00fcrkiye genelinde yard\u0131m kampanyas\u0131 ba\u015flat\u0131lacak"},"content":{"rendered":"<p style=\"text-align: justify;\">T\u00fcrkiye Diyanet Vakf\u0131 (TDV) Genel M\u00fcd\u00fcr\u00fc \u0130zani Turan, \u0130srail&#8217;in sald\u0131r\u0131lar\u0131n\u0131 s\u00fcrd\u00fcrd\u00fc\u011f\u00fc Gazze i\u00e7in T\u00fcrkiye genelinde yard\u0131m kampanyas\u0131 d\u00fczenlenece\u011fini a\u00e7\u0131klad\u0131.<\/p>\n<p style=\"text-align: justify;\">TDV Genel M\u00fcd\u00fcr\u00fc Turan, \u0130srail&#8217;in 7 Ekim&#8217;den bu yana sald\u0131r\u0131larda bulundu\u011fu Gazze&#8217;de bir vah\u015fili\u011fe tan\u0131k olundu\u011funu belirtti. Bu vah\u015feti, &#8216;gecenin bir yar\u0131s\u0131nda sivil halk\u0131n \u00fczerine bombalar ya\u011fd\u0131rmak, daha d\u00fcnyaya yeni g\u00f6z\u00fcn\u00fc a\u00e7m\u0131\u015f bebekleri katletmek, onlar\u0131n geleceklerini yok etmek, evlerini ba\u015flar\u0131na y\u0131kmak&#8217; olarak a\u00e7\u0131klayan Turan, sava\u015f\u0131n da bir hukuku oldu\u011funa inanan bir medeniyete mensup bulunduklar\u0131n\u0131 dile getirdi.<\/p>\n<p style=\"text-align: justify;\"><strong>&#8220;\u015eu anda \u00e7e\u015fitli maddeler ta\u015f\u0131yan 6 t\u0131r bekliyor&#8221;<\/strong><\/p>\n<p style=\"text-align: justify;\">Turan, vak\u0131f olarak b\u00f6lgeye yapt\u0131klar\u0131 \u00e7al\u0131\u015fmalara ili\u015fkin, &#8220;\u015eu ana kadar 350 bin dolar civar\u0131nda bir yard\u0131m\u0131n organizesini yapt\u0131k. S\u0131cak yemek, hijyen, ila\u00e7, g\u0131da kolisi haz\u0131rlamaya \u00e7al\u0131\u015ft\u0131k. Gazze \u015eifa Hastanesi&#8217;ndeki personele 100 bin dolarl\u0131k 22 g\u00fcn devam edecek s\u0131cak yemek yard\u0131m\u0131n\u0131 g\u00f6nderdik. \u015eu anda \u00e7e\u015fitli maddeler ta\u015f\u0131yan 6 t\u0131r bekliyor. Filistin, Kud\u00fcs bizim k\u0131rm\u0131z\u0131 \u00e7izgimiz. Oradakiler bizim din karde\u015fimiz. \u0130nan\u0131yorum ki \u0130slam aleminin uyan\u0131\u015f\u0131na vesile olur. Bu yard\u0131mlar\u0131 da en k\u0131sa zamanda g\u00fc\u00e7l\u00fc bir \u015fekilde orada yerine getirebiliriz&#8221; ifadelerini kulland\u0131.<\/p>\n<p style=\"text-align: justify;\">Gazze i\u00e7in yard\u0131m kampanyas\u0131 ba\u015fl\u0131yor<\/p>\n<p style=\"text-align: justify;\">TDV M\u00fctevelli Heyeti ile bir toplant\u0131 ger\u00e7ekle\u015ftirdiklerini s\u00f6yleyen Turan, &#8220;Diyanet \u0130\u015fleri Ba\u015fkan\u0131m\u0131z talimat verdi; bu hafta cuma g\u00fcn\u00fc b\u00fct\u00fcn camilerden Filistin i\u00e7in yard\u0131m kampanyas\u0131na \u00e7\u0131k\u0131lacak. Milletimiz &#8216;Ne zaman&#8217; diyor. Biraz ge\u00e7 kal\u0131nmas\u0131 veya ba\u015fkanl\u0131\u011f\u0131m\u0131z\u0131n devreye girmemesinin temelinde \u015fu var; yard\u0131mlar\u0131 i\u00e7eriye hemen sokamad\u0131\u011f\u0131m\u0131z i\u00e7in milletten al\u0131p ondan sonra da yard\u0131mlar yerine ula\u015fmad\u0131 su\u00e7lamas\u0131yla kar\u015f\u0131 kar\u015f\u0131ya kalmay\u0131 da arzu etmiyoruz&#8221; diye konu\u015ftu.<\/p>\n<p style=\"text-align: justify;\"><strong>&#8220;Bize ne kadar yard\u0131m geldiyse kuru\u015fu kuru\u015funa sarf edece\u011fiz&#8221;<\/strong><\/p>\n<p style=\"text-align: justify;\">Turan, vakf\u0131n yard\u0131m kanallar\u0131n\u0131n a\u00e7\u0131k oldu\u011funu kaydederek, \u015f\u00f6yle devam etti: &#8220;Biz o yard\u0131mlarla acil yap\u0131lmas\u0131 gerekenleri yap\u0131yoruz. Ama ba\u015fkanl\u0131\u011f\u0131m\u0131z T\u00fcrkiye genelinde bir kampanya ba\u015flat\u0131yor. \u0130n\u015fallah bununla beraber \u00e7ok daha farkl\u0131 yard\u0131mlar\u0131n gelece\u011fini, in\u015fallah bu g\u00f6zya\u015f\u0131 i\u00e7erisinde ter\u00f6r \u00fclkesinin bo\u011fulaca\u011f\u0131 g\u00fcnleri Rabbimizden bekliyoruz. Bize ne kadar yard\u0131m geldiyse kuru\u015fu kuru\u015funa sarf edece\u011fiz. \u00c7\u00fcnk\u00fc bunlar \u015fartl\u0131 ba\u011f\u0131\u015flard\u0131r, milletimizin emanetidir. Bu emanetleri milletimiz \u00e7o\u011faltt\u0131k\u00e7a orada yard\u0131mlar\u0131m\u0131zla ve insan g\u00fcc\u00fcm\u00fczle olmaya \u00e7al\u0131\u015faca\u011f\u0131z. Haz\u0131rl\u0131klar\u0131m\u0131z var, kap\u0131lar a\u00e7\u0131ld\u0131\u011f\u0131ndan itibaren vak\u0131f olarak insan g\u00fcc\u00fcm\u00fczle orada bulunmay\u0131 ama\u00e7l\u0131yoruz.&#8221;<\/p>\n<p style=\"text-align: justify;\"><strong>&#8220;Yard\u0131mlar\u0131 en h\u0131zl\u0131 \u015fekilde ula\u015ft\u0131rman\u0131n \u00e7abas\u0131 i\u00e7inde olaca\u011f\u0131z&#8221;<\/strong><\/p>\n<p style=\"text-align: justify;\">Gazze&#8217;ye g\u00f6nderilmesi amac\u0131yla TDV&#8217;ye ba\u011f\u0131\u015f yapmak isteyenlere seslenen Turan, \u015funlar\u0131 aktard\u0131: &#8220;Yard\u0131m yapmak isteyenler &#8216;bagis.tdv.org&#8217; adresimize girdi\u011finde kampanyalar\u0131n se\u00e7enekleri gelecek. Orada Filistin&#8217;e t\u0131klad\u0131klar\u0131nda ne kadar yard\u0131m yapmak istiyorlarsa yard\u0131m yapabilirler. 1003 m\u00fcft\u00fcl\u00fc\u011f\u00fcm\u00fcz kanal\u0131yla bu yard\u0131mlar\u0131 ula\u015ft\u0131rabilirler. Biz de AFAD&#8217;\u0131m\u0131z ile beraber, ba\u015fkanl\u0131\u011f\u0131m\u0131z\u0131n g\u00f6stermi\u015f oldu\u011fu istikamette, ba\u015fkanl\u0131\u011f\u0131m\u0131zla senkronize olarak bu yard\u0131mlar\u0131 en h\u0131zl\u0131 bir \u015fekilde ula\u015ft\u0131rman\u0131n \u00e7abas\u0131 i\u00e7inde olaca\u011f\u0131z.&#8221;<\/p>\n\n\t\t<style type=\"text\/css\">\n\t\t\t#gallery-1 {\n\t\t\t\tmargin: auto;\n\t\t\t}\n\t\t\t#gallery-1 .gallery-item {\n\t\t\t\tfloat: left;\n\t\t\t\tmargin-top: 10px;\n\t\t\t\ttext-align: center;\n\t\t\t\twidth: 25%;\n\t\t\t}\n\t\t\t#gallery-1 img {\n\t\t\t\tborder: 2px solid #cfcfcf;\n\t\t\t}\n\t\t\t#gallery-1 .gallery-caption {\n\t\t\t\tmargin-left: 0;\n\t\t\t}\n\t\t\t\/* see gallery_shortcode() in wp-includes\/media.php *\/\n\t\t<\/style>\n\t\t<div id='gallery-1' class='gallery galleryid-34215 gallery-columns-4 gallery-size-full'><dl class='gallery-item'>\n\t\t\t<dt class='gallery-icon landscape'>\n\t\t\t\t<a href='https:\/\/tdv.org\/tr-TR\/wp-content\/uploads\/2023\/10\/AW061144_05.jpg'><img decoding=\"async\" width=\"1280\" height=\"853\" src=\"https:\/\/tdv.org\/tr-TR\/wp-content\/uploads\/2023\/10\/AW061144_05.jpg\" class=\"attachment-full size-full\" alt=\"\" srcset=\"https:\/\/tdv.org\/tr-TR\/wp-content\/uploads\/2023\/10\/AW061144_05.jpg 1280w, https:\/\/tdv.org\/tr-TR\/wp-content\/uploads\/2023\/10\/AW061144_05-300x200.jpg 300w, https:\/\/tdv.org\/tr-TR\/wp-content\/uploads\/2023\/10\/AW061144_05-1024x682.jpg 1024w, https:\/\/tdv.org\/tr-TR\/wp-content\/uploads\/2023\/10\/AW061144_05-768x512.jpg 768w, https:\/\/tdv.org\/tr-TR\/wp-content\/uploads\/2023\/10\/AW061144_05-900x600.jpg 900w\" sizes=\"(max-width: 1280px) 100vw, 1280px\" \/><\/a>\n\t\t\t<\/dt><\/dl><dl class='gallery-item'>\n\t\t\t<dt class='gallery-icon landscape'>\n\t\t\t\t<a href='https:\/\/tdv.org\/tr-TR\/wp-content\/uploads\/2023\/10\/AW061144_01.jpg'><img decoding=\"async\" width=\"1280\" height=\"853\" src=\"https:\/\/tdv.org\/tr-TR\/wp-content\/uploads\/2023\/10\/AW061144_01.jpg\" class=\"attachment-full size-full\" alt=\"\" srcset=\"https:\/\/tdv.org\/tr-TR\/wp-content\/uploads\/2023\/10\/AW061144_01.jpg 1280w, https:\/\/tdv.org\/tr-TR\/wp-content\/uploads\/2023\/10\/AW061144_01-300x200.jpg 300w, https:\/\/tdv.org\/tr-TR\/wp-content\/uploads\/2023\/10\/AW061144_01-1024x682.jpg 1024w, https:\/\/tdv.org\/tr-TR\/wp-content\/uploads\/2023\/10\/AW061144_01-768x512.jpg 768w, https:\/\/tdv.org\/tr-TR\/wp-content\/uploads\/2023\/10\/AW061144_01-900x600.jpg 900w\" sizes=\"(max-width: 1280px) 100vw, 1280px\" \/><\/a>\n\t\t\t<\/dt><\/dl><dl class='gallery-item'>\n\t\t\t<dt class='gallery-icon landscape'>\n\t\t\t\t<a href='https:\/\/tdv.org\/tr-TR\/wp-content\/uploads\/2023\/10\/AW061144_03.jpg'><img decoding=\"async\" width=\"1280\" height=\"853\" src=\"https:\/\/tdv.org\/tr-TR\/wp-content\/uploads\/2023\/10\/AW061144_03.jpg\" class=\"attachment-full size-full\" alt=\"\" srcset=\"https:\/\/tdv.org\/tr-TR\/wp-content\/uploads\/2023\/10\/AW061144_03.jpg 1280w, https:\/\/tdv.org\/tr-TR\/wp-content\/uploads\/2023\/10\/AW061144_03-300x200.jpg 300w, https:\/\/tdv.org\/tr-TR\/wp-content\/uploads\/2023\/10\/AW061144_03-1024x682.jpg 1024w, https:\/\/tdv.org\/tr-TR\/wp-content\/uploads\/2023\/10\/AW061144_03-768x512.jpg 768w, https:\/\/tdv.org\/tr-TR\/wp-content\/uploads\/2023\/10\/AW061144_03-900x600.jpg 900w\" sizes=\"(max-width: 1280px) 100vw, 1280px\" \/><\/a>\n\t\t\t<\/dt><\/dl><dl class='gallery-item'>\n\t\t\t<dt class='gallery-icon landscape'>\n\t\t\t\t<a href='https:\/\/tdv.org\/tr-TR\/wp-content\/uploads\/2023\/10\/AW061144_04.jpg'><img decoding=\"async\" width=\"1024\" height=\"768\" src=\"https:\/\/tdv.org\/tr-TR\/wp-content\/uploads\/2023\/10\/AW061144_04.jpg\" class=\"attachment-full size-full\" alt=\"\" srcset=\"https:\/\/tdv.org\/tr-TR\/wp-content\/uploads\/2023\/10\/AW061144_04.jpg 1024w, https:\/\/tdv.org\/tr-TR\/wp-content\/uploads\/2023\/10\/AW061144_04-300x225.jpg 300w, https:\/\/tdv.org\/tr-TR\/wp-content\/uploads\/2023\/10\/AW061144_04-768x576.jpg 768w\" sizes=\"(max-width: 1024px) 100vw, 1024px\" \/><\/a>\n\t\t\t<\/dt><\/dl><br style=\"clear: both\" \/>\n\t\t<\/div>\n\n","protected":false},"excerpt":{"rendered":"<p>T\u00fcrkiye Diyanet Vakf\u0131 (TDV) Genel M\u00fcd\u00fcr\u00fc \u0130zani Turan, \u0130srail&#8217;in sald\u0131r\u0131lar\u0131n\u0131 s\u00fcrd\u00fcrd\u00fc\u011f\u00fc Gazze i\u00e7in T\u00fcrkiye genelinde yard\u0131m kampanyas\u0131 d\u00fczenlenece\u011fini a\u00e7\u0131klad\u0131. TDV Genel M\u00fcd\u00fcr\u00fc Turan, \u0130srail&#8217;in 7 Ekim&#8217;den bu yana sald\u0131r\u0131larda bulundu\u011fu&#8230;<\/p>\n","protected":false},"author":11,"featured_media":34216,"comment_status":"open","ping_status":"closed","sticky":false,"template":"","format":"standard","meta":{"footnotes":""},"categories":[1],"tags":[110,106,1306,1195,319,2226,416,239,2225],"class_list":{"0":"post-34215","1":"post","2":"type-post","3":"status-publish","4":"format-standard","5":"has-post-thumbnail","7":"category-haberler","8":"tag-filistin","9":"tag-gazze","10":"tag-israil","11":"tag-izani-turan","12":"tag-mescid-i-aksa","13":"tag-soykirim","14":"tag-tdv","15":"tag-turkiye-diyanet-vakfi","16":"tag-yardim-kampanyasi"},"yoast_head":"<!-- This site is optimized with the Yoast SEO plugin v27.5 - https:\/\/yoast.com\/product\/yoast-seo-wordpress\/ -->\n<title>Gazze i\u00e7in T\u00fcrkiye genelinde yard\u0131m kampanyas\u0131 ba\u015flat\u0131lacak<\/title>\n<meta name=\"description\" content=\"T\u00fcrkiye Diyanet Vakf\u0131 (TDV) Genel M\u00fcd\u00fcr\u00fc \u0130zani Turan, \u0130srail&#039;in sald\u0131r\u0131lar\u0131n\u0131 s\u00fcrd\u00fcrd\u00fc\u011f\u00fc Gazze i\u00e7in T\u00fcrkiye genelinde yard\u0131m kampanyas\u0131 d\u00fczenlenece\u011fini a\u00e7\u0131klad\u0131.\" \/>\n<meta name=\"robots\" content=\"index, follow, max-snippet:-1, max-image-preview:large, max-video-preview:-1\" \/>\n<link rel=\"canonical\" href=\"https:\/\/tdv.org\/tr-TR\/gazze-icin-turkiye-genelinde-yardim-kampanyasi-baslatilacak\/\" \/>\n<meta property=\"og:locale\" content=\"tr_TR\" \/>\n<meta property=\"og:type\" content=\"article\" \/>\n<meta property=\"og:title\" content=\"Gazze i\u00e7in T\u00fcrkiye genelinde yard\u0131m kampanyas\u0131 ba\u015flat\u0131lacak\" \/>\n<meta property=\"og:description\" content=\"T\u00fcrkiye Diyanet Vakf\u0131 (TDV) Genel M\u00fcd\u00fcr\u00fc \u0130zani Turan, \u0130srail&#039;in sald\u0131r\u0131lar\u0131n\u0131 s\u00fcrd\u00fcrd\u00fc\u011f\u00fc Gazze i\u00e7in T\u00fcrkiye genelinde yard\u0131m kampanyas\u0131 d\u00fczenlenece\u011fini a\u00e7\u0131klad\u0131.\" \/>\n<meta property=\"og:url\" content=\"https:\/\/tdv.org\/tr-TR\/gazze-icin-turkiye-genelinde-yardim-kampanyasi-baslatilacak\/\" \/>\n<meta property=\"og:site_name\" content=\"T\u00fcrkiye Diyanet Vakf\u0131 Resmi Web Sitesi\" \/>\n<meta property=\"article:publisher\" content=\"https:\/\/www.facebook.com\/Diyanetvakfi\/\" \/>\n<meta property=\"article:published_time\" content=\"2023-10-25T12:56:06+00:00\" \/>\n<meta property=\"article:modified_time\" content=\"2024-02-02T13:24:12+00:00\" \/>\n<meta property=\"og:image\" content=\"https:\/\/tdv.org\/tr-TR\/wp-content\/uploads\/2023\/10\/AW061144_02.jpg\" \/>\n\t<meta property=\"og:image:width\" content=\"1436\" \/>\n\t<meta property=\"og:image:height\" content=\"806\" \/>\n\t<meta property=\"og:image:type\" content=\"image\/jpeg\" \/>\n<meta name=\"author\" content=\"Enes Nalbat\" \/>\n<meta name=\"twitter:card\" content=\"summary_large_image\" \/>\n<meta name=\"twitter:creator\" content=\"@DiyanetVakfi\" \/>\n<meta name=\"twitter:site\" content=\"@DiyanetVakfi\" \/>\n<script type=\"application\/ld+json\" class=\"yoast-schema-graph\">{\"@context\":\"https:\\\/\\\/schema.org\",\"@graph\":[{\"@type\":\"Article\",\"@id\":\"https:\\\/\\\/tdv.org\\\/tr-TR\\\/gazze-icin-turkiye-genelinde-yardim-kampanyasi-baslatilacak\\\/#article\",\"isPartOf\":{\"@id\":\"https:\\\/\\\/tdv.org\\\/tr-TR\\\/gazze-icin-turkiye-genelinde-yardim-kampanyasi-baslatilacak\\\/\"},\"author\":{\"name\":\"Enes Nalbat\",\"@id\":\"https:\\\/\\\/tdv.org\\\/tr-TR\\\/#\\\/schema\\\/person\\\/95a034531f42558c3d9fdd6f893a7f3a\"},\"headline\":\"Gazze i\u00e7in T\u00fcrkiye genelinde yard\u0131m kampanyas\u0131 ba\u015flat\u0131lacak\",\"datePublished\":\"2023-10-25T12:56:06+00:00\",\"dateModified\":\"2024-02-02T13:24:12+00:00\",\"mainEntityOfPage\":{\"@id\":\"https:\\\/\\\/tdv.org\\\/tr-TR\\\/gazze-icin-turkiye-genelinde-yardim-kampanyasi-baslatilacak\\\/\"},\"wordCount\":619,\"commentCount\":0,\"publisher\":{\"@id\":\"https:\\\/\\\/tdv.org\\\/tr-TR\\\/#organization\"},\"image\":{\"@id\":\"https:\\\/\\\/tdv.org\\\/tr-TR\\\/gazze-icin-turkiye-genelinde-yardim-kampanyasi-baslatilacak\\\/#primaryimage\"},\"thumbnailUrl\":\"https:\\\/\\\/tdv.org\\\/tr-TR\\\/wp-content\\\/uploads\\\/2023\\\/10\\\/AW061144_02.jpg\",\"keywords\":[\"filistin\",\"gazze\",\"israil\",\"\u0130zani Turan\",\"Mescid-i Aksa\",\"Soyk\u0131r\u0131m\",\"TDV\",\"T\u00fcrkiye Diyanet Vakf\u0131\",\"Yard\u0131m Kampanyas\u0131\"],\"articleSection\":[\"Haberler\"],\"inLanguage\":\"tr\",\"potentialAction\":[{\"@type\":\"CommentAction\",\"name\":\"Comment\",\"target\":[\"https:\\\/\\\/tdv.org\\\/tr-TR\\\/gazze-icin-turkiye-genelinde-yardim-kampanyasi-baslatilacak\\\/#respond\"]}]},{\"@type\":\"WebPage\",\"@id\":\"https:\\\/\\\/tdv.org\\\/tr-TR\\\/gazze-icin-turkiye-genelinde-yardim-kampanyasi-baslatilacak\\\/\",\"url\":\"https:\\\/\\\/tdv.org\\\/tr-TR\\\/gazze-icin-turkiye-genelinde-yardim-kampanyasi-baslatilacak\\\/\",\"name\":\"Gazze i\u00e7in T\u00fcrkiye genelinde yard\u0131m kampanyas\u0131 ba\u015flat\u0131lacak\",\"isPartOf\":{\"@id\":\"https:\\\/\\\/tdv.org\\\/tr-TR\\\/#website\"},\"primaryImageOfPage\":{\"@id\":\"https:\\\/\\\/tdv.org\\\/tr-TR\\\/gazze-icin-turkiye-genelinde-yardim-kampanyasi-baslatilacak\\\/#primaryimage\"},\"image\":{\"@id\":\"https:\\\/\\\/tdv.org\\\/tr-TR\\\/gazze-icin-turkiye-genelinde-yardim-kampanyasi-baslatilacak\\\/#primaryimage\"},\"thumbnailUrl\":\"https:\\\/\\\/tdv.org\\\/tr-TR\\\/wp-content\\\/uploads\\\/2023\\\/10\\\/AW061144_02.jpg\",\"datePublished\":\"2023-10-25T12:56:06+00:00\",\"dateModified\":\"2024-02-02T13:24:12+00:00\",\"description\":\"T\u00fcrkiye Diyanet Vakf\u0131 (TDV) Genel M\u00fcd\u00fcr\u00fc \u0130zani Turan, \u0130srail'in sald\u0131r\u0131lar\u0131n\u0131 s\u00fcrd\u00fcrd\u00fc\u011f\u00fc Gazze i\u00e7in T\u00fcrkiye genelinde yard\u0131m kampanyas\u0131 d\u00fczenlenece\u011fini a\u00e7\u0131klad\u0131.\",\"breadcrumb\":{\"@id\":\"https:\\\/\\\/tdv.org\\\/tr-TR\\\/gazze-icin-turkiye-genelinde-yardim-kampanyasi-baslatilacak\\\/#breadcrumb\"},\"inLanguage\":\"tr\",\"potentialAction\":[{\"@type\":\"ReadAction\",\"target\":[\"https:\\\/\\\/tdv.org\\\/tr-TR\\\/gazze-icin-turkiye-genelinde-yardim-kampanyasi-baslatilacak\\\/\"]}]},{\"@type\":\"ImageObject\",\"inLanguage\":\"tr\",\"@id\":\"https:\\\/\\\/tdv.org\\\/tr-TR\\\/gazze-icin-turkiye-genelinde-yardim-kampanyasi-baslatilacak\\\/#primaryimage\",\"url\":\"https:\\\/\\\/tdv.org\\\/tr-TR\\\/wp-content\\\/uploads\\\/2023\\\/10\\\/AW061144_02.jpg\",\"contentUrl\":\"https:\\\/\\\/tdv.org\\\/tr-TR\\\/wp-content\\\/uploads\\\/2023\\\/10\\\/AW061144_02.jpg\",\"width\":1436,\"height\":806,\"caption\":\"T\u00dcRK\u0130YE D\u0130YANET VAKFI GENEL M\u00dcD\u00dcR\u00dc \u0130ZAN\u0130 TURAN (\u0130HA\\\/ANKARA-\u0130HA) T\u00fcrkiye Diyanet Vakf\u0131 (TDV) Genel M\u00fcd\u00fcr\u00fc \u0130zani Turan, \u0130srail'in sald\u0131r\u0131lar\u0131n\u0131 s\u00fcrd\u00fcrd\u00fc\u011f\u00fc Gazze i\u00e7in T\u00fcrkiye genelinde yard\u0131m kampanyas\u0131 d\u00fczenlenece\u011fini a\u00e7\u0131klad\u0131.\"},{\"@type\":\"BreadcrumbList\",\"@id\":\"https:\\\/\\\/tdv.org\\\/tr-TR\\\/gazze-icin-turkiye-genelinde-yardim-kampanyasi-baslatilacak\\\/#breadcrumb\",\"itemListElement\":[{\"@type\":\"ListItem\",\"position\":1,\"name\":\"Anasayfa\",\"item\":\"https:\\\/\\\/tdv.org\\\/tr-TR\\\/\"},{\"@type\":\"ListItem\",\"position\":2,\"name\":\"Gazze i\u00e7in T\u00fcrkiye genelinde yard\u0131m kampanyas\u0131 ba\u015flat\u0131lacak\"}]},{\"@type\":\"WebSite\",\"@id\":\"https:\\\/\\\/tdv.org\\\/tr-TR\\\/#website\",\"url\":\"https:\\\/\\\/tdv.org\\\/tr-TR\\\/\",\"name\":\"T\u00fcrkiye Diyanet Vakf\u0131 Resmi Web Sitesi\",\"description\":\"Yery\u00fcz\u00fcnde iyilik egemen oluncaya kadar\",\"publisher\":{\"@id\":\"https:\\\/\\\/tdv.org\\\/tr-TR\\\/#organization\"},\"alternateName\":\"T\u00fcrkiye Diyanet Vakf\u0131\",\"potentialAction\":[{\"@type\":\"SearchAction\",\"target\":{\"@type\":\"EntryPoint\",\"urlTemplate\":\"https:\\\/\\\/tdv.org\\\/tr-TR\\\/?s={search_term_string}\"},\"query-input\":{\"@type\":\"PropertyValueSpecification\",\"valueRequired\":true,\"valueName\":\"search_term_string\"}}],\"inLanguage\":\"tr\"},{\"@type\":\"Organization\",\"@id\":\"https:\\\/\\\/tdv.org\\\/tr-TR\\\/#organization\",\"name\":\"T\u00fcrkiye Diyanet Vakf\u0131\",\"alternateName\":\"T\u00fcrkiye Diyanet Vakf\u0131\",\"url\":\"https:\\\/\\\/tdv.org\\\/tr-TR\\\/\",\"logo\":{\"@type\":\"ImageObject\",\"inLanguage\":\"tr\",\"@id\":\"https:\\\/\\\/tdv.org\\\/tr-TR\\\/#\\\/schema\\\/logo\\\/image\\\/\",\"url\":\"https:\\\/\\\/tdv.org\\\/tr-TR\\\/wp-content\\\/uploads\\\/2018\\\/12\\\/TDV_Logo_1.png\",\"contentUrl\":\"https:\\\/\\\/tdv.org\\\/tr-TR\\\/wp-content\\\/uploads\\\/2018\\\/12\\\/TDV_Logo_1.png\",\"width\":207,\"height\":71,\"caption\":\"T\u00fcrkiye Diyanet Vakf\u0131\"},\"image\":{\"@id\":\"https:\\\/\\\/tdv.org\\\/tr-TR\\\/#\\\/schema\\\/logo\\\/image\\\/\"},\"sameAs\":[\"https:\\\/\\\/www.facebook.com\\\/Diyanetvakfi\\\/\",\"https:\\\/\\\/x.com\\\/DiyanetVakfi\",\"https:\\\/\\\/www.instagram.com\\\/turkiyediyanetvakfi\\\/\",\"https:\\\/\\\/www.youtube.com\\\/user\\\/TurkiyeDiyanetVakfi\"]},{\"@type\":\"Person\",\"@id\":\"https:\\\/\\\/tdv.org\\\/tr-TR\\\/#\\\/schema\\\/person\\\/95a034531f42558c3d9fdd6f893a7f3a\",\"name\":\"Enes Nalbat\",\"image\":{\"@type\":\"ImageObject\",\"inLanguage\":\"tr\",\"@id\":\"https:\\\/\\\/tdv.org\\\/tr-TR\\\/wp-content\\\/litespeed\\\/avatar\\\/dd40c5d7b2d06052c6cf9828cd628c53.jpg?ver=1777297944\",\"url\":\"https:\\\/\\\/tdv.org\\\/tr-TR\\\/wp-content\\\/litespeed\\\/avatar\\\/dd40c5d7b2d06052c6cf9828cd628c53.jpg?ver=1777297944\",\"contentUrl\":\"https:\\\/\\\/tdv.org\\\/tr-TR\\\/wp-content\\\/litespeed\\\/avatar\\\/dd40c5d7b2d06052c6cf9828cd628c53.jpg?ver=1777297944\",\"caption\":\"Enes Nalbat\"}}]}<\/script>\n<!-- \/ Yoast SEO plugin. -->","yoast_head_json":{"title":"Gazze i\u00e7in T\u00fcrkiye genelinde yard\u0131m kampanyas\u0131 ba\u015flat\u0131lacak","description":"T\u00fcrkiye Diyanet Vakf\u0131 (TDV) Genel M\u00fcd\u00fcr\u00fc \u0130zani Turan, \u0130srail'in sald\u0131r\u0131lar\u0131n\u0131 s\u00fcrd\u00fcrd\u00fc\u011f\u00fc Gazze i\u00e7in T\u00fcrkiye genelinde yard\u0131m kampanyas\u0131 d\u00fczenlenece\u011fini a\u00e7\u0131klad\u0131.","robots":{"index":"index","follow":"follow","max-snippet":"max-snippet:-1","max-image-preview":"max-image-preview:large","max-video-preview":"max-video-preview:-1"},"canonical":"https:\/\/tdv.org\/tr-TR\/gazze-icin-turkiye-genelinde-yardim-kampanyasi-baslatilacak\/","og_locale":"tr_TR","og_type":"article","og_title":"Gazze i\u00e7in T\u00fcrkiye genelinde yard\u0131m kampanyas\u0131 ba\u015flat\u0131lacak","og_description":"T\u00fcrkiye Diyanet Vakf\u0131 (TDV) Genel M\u00fcd\u00fcr\u00fc \u0130zani Turan, \u0130srail'in sald\u0131r\u0131lar\u0131n\u0131 s\u00fcrd\u00fcrd\u00fc\u011f\u00fc Gazze i\u00e7in T\u00fcrkiye genelinde yard\u0131m kampanyas\u0131 d\u00fczenlenece\u011fini a\u00e7\u0131klad\u0131.","og_url":"https:\/\/tdv.org\/tr-TR\/gazze-icin-turkiye-genelinde-yardim-kampanyasi-baslatilacak\/","og_site_name":"T\u00fcrkiye Diyanet Vakf\u0131 Resmi Web Sitesi","article_publisher":"https:\/\/www.facebook.com\/Diyanetvakfi\/","article_published_time":"2023-10-25T12:56:06+00:00","article_modified_time":"2024-02-02T13:24:12+00:00","og_image":[{"width":1436,"height":806,"url":"https:\/\/tdv.org\/tr-TR\/wp-content\/uploads\/2023\/10\/AW061144_02.jpg","type":"image\/jpeg"}],"author":"Enes Nalbat","twitter_card":"summary_large_image","twitter_creator":"@DiyanetVakfi","twitter_site":"@DiyanetVakfi","schema":{"@context":"https:\/\/schema.org","@graph":[{"@type":"Article","@id":"https:\/\/tdv.org\/tr-TR\/gazze-icin-turkiye-genelinde-yardim-kampanyasi-baslatilacak\/#article","isPartOf":{"@id":"https:\/\/tdv.org\/tr-TR\/gazze-icin-turkiye-genelinde-yardim-kampanyasi-baslatilacak\/"},"author":{"name":"Enes Nalbat","@id":"https:\/\/tdv.org\/tr-TR\/#\/schema\/person\/95a034531f42558c3d9fdd6f893a7f3a"},"headline":"Gazze i\u00e7in T\u00fcrkiye genelinde yard\u0131m kampanyas\u0131 ba\u015flat\u0131lacak","datePublished":"2023-10-25T12:56:06+00:00","dateModified":"2024-02-02T13:24:12+00:00","mainEntityOfPage":{"@id":"https:\/\/tdv.org\/tr-TR\/gazze-icin-turkiye-genelinde-yardim-kampanyasi-baslatilacak\/"},"wordCount":619,"commentCount":0,"publisher":{"@id":"https:\/\/tdv.org\/tr-TR\/#organization"},"image":{"@id":"https:\/\/tdv.org\/tr-TR\/gazze-icin-turkiye-genelinde-yardim-kampanyasi-baslatilacak\/#primaryimage"},"thumbnailUrl":"https:\/\/tdv.org\/tr-TR\/wp-content\/uploads\/2023\/10\/AW061144_02.jpg","keywords":["filistin","gazze","israil","\u0130zani Turan","Mescid-i Aksa","Soyk\u0131r\u0131m","TDV","T\u00fcrkiye Diyanet Vakf\u0131","Yard\u0131m Kampanyas\u0131"],"articleSection":["Haberler"],"inLanguage":"tr","potentialAction":[{"@type":"CommentAction","name":"Comment","target":["https:\/\/tdv.org\/tr-TR\/gazze-icin-turkiye-genelinde-yardim-kampanyasi-baslatilacak\/#respond"]}]},{"@type":"WebPage","@id":"https:\/\/tdv.org\/tr-TR\/gazze-icin-turkiye-genelinde-yardim-kampanyasi-baslatilacak\/","url":"https:\/\/tdv.org\/tr-TR\/gazze-icin-turkiye-genelinde-yardim-kampanyasi-baslatilacak\/","name":"Gazze i\u00e7in T\u00fcrkiye genelinde yard\u0131m kampanyas\u0131 ba\u015flat\u0131lacak","isPartOf":{"@id":"https:\/\/tdv.org\/tr-TR\/#website"},"primaryImageOfPage":{"@id":"https:\/\/tdv.org\/tr-TR\/gazze-icin-turkiye-genelinde-yardim-kampanyasi-baslatilacak\/#primaryimage"},"image":{"@id":"https:\/\/tdv.org\/tr-TR\/gazze-icin-turkiye-genelinde-yardim-kampanyasi-baslatilacak\/#primaryimage"},"thumbnailUrl":"https:\/\/tdv.org\/tr-TR\/wp-content\/uploads\/2023\/10\/AW061144_02.jpg","datePublished":"2023-10-25T12:56:06+00:00","dateModified":"2024-02-02T13:24:12+00:00","description":"T\u00fcrkiye Diyanet Vakf\u0131 (TDV) Genel M\u00fcd\u00fcr\u00fc \u0130zani Turan, \u0130srail'in sald\u0131r\u0131lar\u0131n\u0131 s\u00fcrd\u00fcrd\u00fc\u011f\u00fc Gazze i\u00e7in T\u00fcrkiye genelinde yard\u0131m kampanyas\u0131 d\u00fczenlenece\u011fini a\u00e7\u0131klad\u0131.","breadcrumb":{"@id":"https:\/\/tdv.org\/tr-TR\/gazze-icin-turkiye-genelinde-yardim-kampanyasi-baslatilacak\/#breadcrumb"},"inLanguage":"tr","potentialAction":[{"@type":"ReadAction","target":["https:\/\/tdv.org\/tr-TR\/gazze-icin-turkiye-genelinde-yardim-kampanyasi-baslatilacak\/"]}]},{"@type":"ImageObject","inLanguage":"tr","@id":"https:\/\/tdv.org\/tr-TR\/gazze-icin-turkiye-genelinde-yardim-kampanyasi-baslatilacak\/#primaryimage","url":"https:\/\/tdv.org\/tr-TR\/wp-content\/uploads\/2023\/10\/AW061144_02.jpg","contentUrl":"https:\/\/tdv.org\/tr-TR\/wp-content\/uploads\/2023\/10\/AW061144_02.jpg","width":1436,"height":806,"caption":"T\u00dcRK\u0130YE D\u0130YANET VAKFI GENEL M\u00dcD\u00dcR\u00dc \u0130ZAN\u0130 TURAN (\u0130HA\/ANKARA-\u0130HA) T\u00fcrkiye Diyanet Vakf\u0131 (TDV) Genel M\u00fcd\u00fcr\u00fc \u0130zani Turan, \u0130srail'in sald\u0131r\u0131lar\u0131n\u0131 s\u00fcrd\u00fcrd\u00fc\u011f\u00fc Gazze i\u00e7in T\u00fcrkiye genelinde yard\u0131m kampanyas\u0131 d\u00fczenlenece\u011fini a\u00e7\u0131klad\u0131."},{"@type":"BreadcrumbList","@id":"https:\/\/tdv.org\/tr-TR\/gazze-icin-turkiye-genelinde-yardim-kampanyasi-baslatilacak\/#breadcrumb","itemListElement":[{"@type":"ListItem","position":1,"name":"Anasayfa","item":"https:\/\/tdv.org\/tr-TR\/"},{"@type":"ListItem","position":2,"name":"Gazze i\u00e7in T\u00fcrkiye genelinde yard\u0131m kampanyas\u0131 ba\u015flat\u0131lacak"}]},{"@type":"WebSite","@id":"https:\/\/tdv.org\/tr-TR\/#website","url":"https:\/\/tdv.org\/tr-TR\/","name":"T\u00fcrkiye Diyanet Vakf\u0131 Resmi Web Sitesi","description":"Yery\u00fcz\u00fcnde iyilik egemen oluncaya kadar","publisher":{"@id":"https:\/\/tdv.org\/tr-TR\/#organization"},"alternateName":"T\u00fcrkiye Diyanet Vakf\u0131","potentialAction":[{"@type":"SearchAction","target":{"@type":"EntryPoint","urlTemplate":"https:\/\/tdv.org\/tr-TR\/?s={search_term_string}"},"query-input":{"@type":"PropertyValueSpecification","valueRequired":true,"valueName":"search_term_string"}}],"inLanguage":"tr"},{"@type":"Organization","@id":"https:\/\/tdv.org\/tr-TR\/#organization","name":"T\u00fcrkiye Diyanet Vakf\u0131","alternateName":"T\u00fcrkiye Diyanet Vakf\u0131","url":"https:\/\/tdv.org\/tr-TR\/","logo":{"@type":"ImageObject","inLanguage":"tr","@id":"https:\/\/tdv.org\/tr-TR\/#\/schema\/logo\/image\/","url":"https:\/\/tdv.org\/tr-TR\/wp-content\/uploads\/2018\/12\/TDV_Logo_1.png","contentUrl":"https:\/\/tdv.org\/tr-TR\/wp-content\/uploads\/2018\/12\/TDV_Logo_1.png","width":207,"height":71,"caption":"T\u00fcrkiye Diyanet Vakf\u0131"},"image":{"@id":"https:\/\/tdv.org\/tr-TR\/#\/schema\/logo\/image\/"},"sameAs":["https:\/\/www.facebook.com\/Diyanetvakfi\/","https:\/\/x.com\/DiyanetVakfi","https:\/\/www.instagram.com\/turkiyediyanetvakfi\/","https:\/\/www.youtube.com\/user\/TurkiyeDiyanetVakfi"]},{"@type":"Person","@id":"https:\/\/tdv.org\/tr-TR\/#\/schema\/person\/95a034531f42558c3d9fdd6f893a7f3a","name":"Enes Nalbat","image":{"@type":"ImageObject","inLanguage":"tr","@id":"https:\/\/tdv.org\/tr-TR\/wp-content\/litespeed\/avatar\/dd40c5d7b2d06052c6cf9828cd628c53.jpg?ver=1777297944","url":"https:\/\/tdv.org\/tr-TR\/wp-content\/litespeed\/avatar\/dd40c5d7b2d06052c6cf9828cd628c53.jpg?ver=1777297944","contentUrl":"https:\/\/tdv.org\/tr-TR\/wp-content\/litespeed\/avatar\/dd40c5d7b2d06052c6cf9828cd628c53.jpg?ver=1777297944","caption":"Enes Nalbat"}}]}},"_links":{"self":[{"href":"https:\/\/tdv.org\/tr-TR\/wp-json\/wp\/v2\/posts\/34215","targetHints":{"allow":["GET"]}}],"collection":[{"href":"https:\/\/tdv.org\/tr-TR\/wp-json\/wp\/v2\/posts"}],"about":[{"href":"https:\/\/tdv.org\/tr-TR\/wp-json\/wp\/v2\/types\/post"}],"author":[{"embeddable":true,"href":"https:\/\/tdv.org\/tr-TR\/wp-json\/wp\/v2\/users\/11"}],"replies":[{"embeddable":true,"href":"https:\/\/tdv.org\/tr-TR\/wp-json\/wp\/v2\/comments?post=34215"}],"version-history":[{"count":2,"href":"https:\/\/tdv.org\/tr-TR\/wp-json\/wp\/v2\/posts\/34215\/revisions"}],"predecessor-version":[{"id":36910,"href":"https:\/\/tdv.org\/tr-TR\/wp-json\/wp\/v2\/posts\/34215\/revisions\/36910"}],"wp:featuredmedia":[{"embeddable":true,"href":"https:\/\/tdv.org\/tr-TR\/wp-json\/wp\/v2\/media\/34216"}],"wp:attachment":[{"href":"https:\/\/tdv.org\/tr-TR\/wp-json\/wp\/v2\/media?parent=34215"}],"wp:term":[{"taxonomy":"category","embeddable":true,"href":"https:\/\/tdv.org\/tr-TR\/wp-json\/wp\/v2\/categories?post=34215"},{"taxonomy":"post_tag","embeddable":true,"href":"https:\/\/tdv.org\/tr-TR\/wp-json\/wp\/v2\/tags?post=34215"}],"curies":[{"name":"wp","href":"https:\/\/api.w.org\/{rel}","templated":true}]}}