{"id":34224,"date":"2023-10-27T14:51:02","date_gmt":"2023-10-27T11:51:02","guid":{"rendered":"https:\/\/tdv.org\/tr-TR\/?p=34224"},"modified":"2023-10-27T14:51:02","modified_gmt":"2023-10-27T11:51:02","slug":"malatyada-filistin-icin-hayir-carsisi-acildi","status":"publish","type":"post","link":"https:\/\/tdv.org\/tr-TR\/malatyada-filistin-icin-hayir-carsisi-acildi\/","title":{"rendered":"Malatya&#8217;da &#8220;Filistin \u0130\u00e7in Hay\u0131r \u00c7ar\u015f\u0131s\u0131&#8221; a\u00e7\u0131ld\u0131"},"content":{"rendered":"<p style=\"text-align: justify;\"><span data-contrast=\"none\">Malatya&#8217;da, hay\u0131rseverlerin yapt\u0131\u011f\u0131 \u00fcr\u00fcnlerin sat\u0131\u015f\u0131ndan elde edilecek gelirin Filistin&#8217;e g\u00f6nderilece\u011fi hay\u0131r \u00e7ar\u015f\u0131s\u0131 a\u00e7\u0131ld\u0131.<\/span><span data-ccp-props=\"{&quot;134233118&quot;:false,&quot;201341983&quot;:0,&quot;335559739&quot;:160,&quot;335559740&quot;:259}\"><br \/>\n<\/span><span data-contrast=\"none\">\u0130l M\u00fcft\u00fcl\u00fc\u011f\u00fc ile T\u00fcrkiye Diyanet Vakf\u0131 Malatya \u015eubesi&#8217;nce, \u0130n\u00f6n\u00fc Caddesi&#8217;ndeki bir al\u0131\u015fveri\u015f merkezinin \u00f6n\u00fcne &#8220;Filistin \u0130\u00e7in Hay\u0131r \u00c7ar\u015f\u0131s\u0131&#8221; kuruldu.<\/span><span data-ccp-props=\"{&quot;134233118&quot;:false,&quot;201341983&quot;:0,&quot;335559739&quot;:160,&quot;335559740&quot;:259}\"><br \/>\n<\/span><span data-contrast=\"none\">\u0130l M\u00fcft\u00fcs\u00fc \u015eahin Y\u0131ld\u0131r\u0131m, a\u00e7\u0131l\u0131\u015fta yapt\u0131\u011f\u0131 konu\u015fmada, Battalgazi ve Ye\u015filyurt il\u00e7e m\u00fcft\u00fcl\u00fc\u011f\u00fc personelinin katk\u0131da bulundu\u011fu \u00e7ar\u015f\u0131n\u0131n 4 g\u00fcn a\u00e7\u0131k kalaca\u011f\u0131n\u0131, buradan elde edilecek gelirin Filistinlilere g\u00f6nderilece\u011fini belirtti.<\/span><span data-ccp-props=\"{&quot;134233118&quot;:false,&quot;201341983&quot;:0,&quot;335559739&quot;:160,&quot;335559740&quot;:259}\"><br \/>\n<\/span><span data-contrast=\"none\">Y\u0131ld\u0131r\u0131m, \u015f\u00f6yle konu\u015ftu:<br \/>\n<\/span><span data-contrast=\"none\">&#8220;Mescid-i Aksa ve bulundu\u011fu b\u00f6lge Filistin, peygamberin mirac\u0131na konu olan, miraca y\u00fckseldi\u011fi mekan olan, o mekanlarda, mukaddes yerlerde ya\u015fayan karde\u015flerimizin inin inim inlediklerini, \u00f6ld\u00fcr\u00fcld\u00fcklerini g\u00f6rmekteyiz. Peygamberimizin \u015fu hadisini hat\u0131rlatmak isterim, &#8216;Do\u011fu&#8217;daki bir M\u00fcsl\u00fcman\u0131n aya\u011f\u0131na bir diken batarsa, Bat\u0131&#8217;dakinin onun ac\u0131s\u0131n\u0131 hissetmesi gerekir.&#8217; B\u00fct\u00fcn m\u00fcminler karde\u015ftir, bizler karde\u015fli\u011fimizin gere\u011fi olarak ya\u015fanan zulme kay\u0131ts\u0131z kalmamak, fark\u0131ndal\u0131k olu\u015fturmak, oradaki karde\u015flerimizin yaralar\u0131n\u0131 dualar\u0131m\u0131zla sarmak, yapm\u0131\u015f oldu\u011fumuz etkinliklerle onlara destekte bulunmak ad\u0131na bu program\u0131 tertip ettik.&#8221;<\/span><span data-ccp-props=\"{&quot;134233118&quot;:false,&quot;201341983&quot;:0,&quot;335559739&quot;:160,&quot;335559740&quot;:259}\"><br \/>\n<\/span><span data-contrast=\"none\">Konu\u015fmalar\u0131n ard\u0131ndan, \u00e7ad\u0131rda kurulan hay\u0131r \u00e7ar\u015f\u0131s\u0131n\u0131n a\u00e7\u0131l\u0131\u015f\u0131 ger\u00e7ekle\u015ftirildi.<\/span><span data-ccp-props=\"{&quot;134233118&quot;:false,&quot;201341983&quot;:0,&quot;335559739&quot;:160,&quot;335559740&quot;:259}\">\u00a0<\/span><\/p>\n\n\t\t<style type=\"text\/css\">\n\t\t\t#gallery-1 {\n\t\t\t\tmargin: auto;\n\t\t\t}\n\t\t\t#gallery-1 .gallery-item {\n\t\t\t\tfloat: left;\n\t\t\t\tmargin-top: 10px;\n\t\t\t\ttext-align: center;\n\t\t\t\twidth: 33%;\n\t\t\t}\n\t\t\t#gallery-1 img {\n\t\t\t\tborder: 2px solid #cfcfcf;\n\t\t\t}\n\t\t\t#gallery-1 .gallery-caption {\n\t\t\t\tmargin-left: 0;\n\t\t\t}\n\t\t\t\/* see gallery_shortcode() in wp-includes\/media.php *\/\n\t\t<\/style>\n\t\t<div id='gallery-1' class='gallery galleryid-34224 gallery-columns-3 gallery-size-full'><dl class='gallery-item'>\n\t\t\t<dt class='gallery-icon landscape'>\n\t\t\t\t<a href='https:\/\/tdv.org\/tr-TR\/wp-content\/uploads\/2023\/10\/AA-20231027-32533940-32533934-MALATYADA_FILISTIN_ICIN_HAYIR_CARSISI_ACILDI.jpg'><img decoding=\"async\" width=\"1152\" height=\"768\" src=\"https:\/\/tdv.org\/tr-TR\/wp-content\/uploads\/2023\/10\/AA-20231027-32533940-32533934-MALATYADA_FILISTIN_ICIN_HAYIR_CARSISI_ACILDI.jpg\" class=\"attachment-full size-full\" alt=\"\" srcset=\"https:\/\/tdv.org\/tr-TR\/wp-content\/uploads\/2023\/10\/AA-20231027-32533940-32533934-MALATYADA_FILISTIN_ICIN_HAYIR_CARSISI_ACILDI.jpg 1152w, https:\/\/tdv.org\/tr-TR\/wp-content\/uploads\/2023\/10\/AA-20231027-32533940-32533934-MALATYADA_FILISTIN_ICIN_HAYIR_CARSISI_ACILDI-300x200.jpg 300w, https:\/\/tdv.org\/tr-TR\/wp-content\/uploads\/2023\/10\/AA-20231027-32533940-32533934-MALATYADA_FILISTIN_ICIN_HAYIR_CARSISI_ACILDI-1024x683.jpg 1024w, https:\/\/tdv.org\/tr-TR\/wp-content\/uploads\/2023\/10\/AA-20231027-32533940-32533934-MALATYADA_FILISTIN_ICIN_HAYIR_CARSISI_ACILDI-768x512.jpg 768w, https:\/\/tdv.org\/tr-TR\/wp-content\/uploads\/2023\/10\/AA-20231027-32533940-32533934-MALATYADA_FILISTIN_ICIN_HAYIR_CARSISI_ACILDI-900x600.jpg 900w\" sizes=\"(max-width: 1152px) 100vw, 1152px\" \/><\/a>\n\t\t\t<\/dt><\/dl><dl class='gallery-item'>\n\t\t\t<dt class='gallery-icon landscape'>\n\t\t\t\t<a href='https:\/\/tdv.org\/tr-TR\/wp-content\/uploads\/2023\/10\/AA-20231027-32533940-32533935-MALATYADA_FILISTIN_ICIN_HAYIR_CARSISI_ACILDI.jpg'><img decoding=\"async\" width=\"1152\" height=\"768\" src=\"https:\/\/tdv.org\/tr-TR\/wp-content\/uploads\/2023\/10\/AA-20231027-32533940-32533935-MALATYADA_FILISTIN_ICIN_HAYIR_CARSISI_ACILDI.jpg\" class=\"attachment-full size-full\" alt=\"\" srcset=\"https:\/\/tdv.org\/tr-TR\/wp-content\/uploads\/2023\/10\/AA-20231027-32533940-32533935-MALATYADA_FILISTIN_ICIN_HAYIR_CARSISI_ACILDI.jpg 1152w, https:\/\/tdv.org\/tr-TR\/wp-content\/uploads\/2023\/10\/AA-20231027-32533940-32533935-MALATYADA_FILISTIN_ICIN_HAYIR_CARSISI_ACILDI-300x200.jpg 300w, https:\/\/tdv.org\/tr-TR\/wp-content\/uploads\/2023\/10\/AA-20231027-32533940-32533935-MALATYADA_FILISTIN_ICIN_HAYIR_CARSISI_ACILDI-1024x683.jpg 1024w, https:\/\/tdv.org\/tr-TR\/wp-content\/uploads\/2023\/10\/AA-20231027-32533940-32533935-MALATYADA_FILISTIN_ICIN_HAYIR_CARSISI_ACILDI-768x512.jpg 768w, https:\/\/tdv.org\/tr-TR\/wp-content\/uploads\/2023\/10\/AA-20231027-32533940-32533935-MALATYADA_FILISTIN_ICIN_HAYIR_CARSISI_ACILDI-900x600.jpg 900w\" sizes=\"(max-width: 1152px) 100vw, 1152px\" \/><\/a>\n\t\t\t<\/dt><\/dl><dl class='gallery-item'>\n\t\t\t<dt class='gallery-icon landscape'>\n\t\t\t\t<a href='https:\/\/tdv.org\/tr-TR\/wp-content\/uploads\/2023\/10\/AA-20231027-32533940-32533936-MALATYADA_FILISTIN_ICIN_HAYIR_CARSISI_ACILDI.jpg'><img decoding=\"async\" width=\"1152\" height=\"768\" src=\"https:\/\/tdv.org\/tr-TR\/wp-content\/uploads\/2023\/10\/AA-20231027-32533940-32533936-MALATYADA_FILISTIN_ICIN_HAYIR_CARSISI_ACILDI.jpg\" class=\"attachment-full size-full\" alt=\"\" srcset=\"https:\/\/tdv.org\/tr-TR\/wp-content\/uploads\/2023\/10\/AA-20231027-32533940-32533936-MALATYADA_FILISTIN_ICIN_HAYIR_CARSISI_ACILDI.jpg 1152w, https:\/\/tdv.org\/tr-TR\/wp-content\/uploads\/2023\/10\/AA-20231027-32533940-32533936-MALATYADA_FILISTIN_ICIN_HAYIR_CARSISI_ACILDI-300x200.jpg 300w, https:\/\/tdv.org\/tr-TR\/wp-content\/uploads\/2023\/10\/AA-20231027-32533940-32533936-MALATYADA_FILISTIN_ICIN_HAYIR_CARSISI_ACILDI-1024x683.jpg 1024w, https:\/\/tdv.org\/tr-TR\/wp-content\/uploads\/2023\/10\/AA-20231027-32533940-32533936-MALATYADA_FILISTIN_ICIN_HAYIR_CARSISI_ACILDI-768x512.jpg 768w, https:\/\/tdv.org\/tr-TR\/wp-content\/uploads\/2023\/10\/AA-20231027-32533940-32533936-MALATYADA_FILISTIN_ICIN_HAYIR_CARSISI_ACILDI-900x600.jpg 900w\" sizes=\"(max-width: 1152px) 100vw, 1152px\" \/><\/a>\n\t\t\t<\/dt><\/dl><br style=\"clear: both\" \/><dl class='gallery-item'>\n\t\t\t<dt class='gallery-icon landscape'>\n\t\t\t\t<a href='https:\/\/tdv.org\/tr-TR\/wp-content\/uploads\/2023\/10\/AA-20231027-32533940-32533937-MALATYADA_FILISTIN_ICIN_HAYIR_CARSISI_ACILDI.jpg'><img decoding=\"async\" width=\"1154\" height=\"768\" src=\"https:\/\/tdv.org\/tr-TR\/wp-content\/uploads\/2023\/10\/AA-20231027-32533940-32533937-MALATYADA_FILISTIN_ICIN_HAYIR_CARSISI_ACILDI.jpg\" class=\"attachment-full size-full\" alt=\"\" srcset=\"https:\/\/tdv.org\/tr-TR\/wp-content\/uploads\/2023\/10\/AA-20231027-32533940-32533937-MALATYADA_FILISTIN_ICIN_HAYIR_CARSISI_ACILDI.jpg 1154w, https:\/\/tdv.org\/tr-TR\/wp-content\/uploads\/2023\/10\/AA-20231027-32533940-32533937-MALATYADA_FILISTIN_ICIN_HAYIR_CARSISI_ACILDI-300x200.jpg 300w, https:\/\/tdv.org\/tr-TR\/wp-content\/uploads\/2023\/10\/AA-20231027-32533940-32533937-MALATYADA_FILISTIN_ICIN_HAYIR_CARSISI_ACILDI-1024x681.jpg 1024w, https:\/\/tdv.org\/tr-TR\/wp-content\/uploads\/2023\/10\/AA-20231027-32533940-32533937-MALATYADA_FILISTIN_ICIN_HAYIR_CARSISI_ACILDI-768x511.jpg 768w, https:\/\/tdv.org\/tr-TR\/wp-content\/uploads\/2023\/10\/AA-20231027-32533940-32533937-MALATYADA_FILISTIN_ICIN_HAYIR_CARSISI_ACILDI-900x600.jpg 900w\" sizes=\"(max-width: 1154px) 100vw, 1154px\" \/><\/a>\n\t\t\t<\/dt><\/dl><dl class='gallery-item'>\n\t\t\t<dt class='gallery-icon landscape'>\n\t\t\t\t<a href='https:\/\/tdv.org\/tr-TR\/wp-content\/uploads\/2023\/10\/AA-20231027-32533940-32533938-MALATYADA_FILISTIN_ICIN_HAYIR_CARSISI_ACILDI.jpg'><img decoding=\"async\" width=\"1152\" height=\"768\" src=\"https:\/\/tdv.org\/tr-TR\/wp-content\/uploads\/2023\/10\/AA-20231027-32533940-32533938-MALATYADA_FILISTIN_ICIN_HAYIR_CARSISI_ACILDI.jpg\" class=\"attachment-full size-full\" alt=\"\" srcset=\"https:\/\/tdv.org\/tr-TR\/wp-content\/uploads\/2023\/10\/AA-20231027-32533940-32533938-MALATYADA_FILISTIN_ICIN_HAYIR_CARSISI_ACILDI.jpg 1152w, https:\/\/tdv.org\/tr-TR\/wp-content\/uploads\/2023\/10\/AA-20231027-32533940-32533938-MALATYADA_FILISTIN_ICIN_HAYIR_CARSISI_ACILDI-300x200.jpg 300w, https:\/\/tdv.org\/tr-TR\/wp-content\/uploads\/2023\/10\/AA-20231027-32533940-32533938-MALATYADA_FILISTIN_ICIN_HAYIR_CARSISI_ACILDI-1024x683.jpg 1024w, https:\/\/tdv.org\/tr-TR\/wp-content\/uploads\/2023\/10\/AA-20231027-32533940-32533938-MALATYADA_FILISTIN_ICIN_HAYIR_CARSISI_ACILDI-768x512.jpg 768w, https:\/\/tdv.org\/tr-TR\/wp-content\/uploads\/2023\/10\/AA-20231027-32533940-32533938-MALATYADA_FILISTIN_ICIN_HAYIR_CARSISI_ACILDI-900x600.jpg 900w\" sizes=\"(max-width: 1152px) 100vw, 1152px\" \/><\/a>\n\t\t\t<\/dt><\/dl><dl class='gallery-item'>\n\t\t\t<dt class='gallery-icon landscape'>\n\t\t\t\t<a href='https:\/\/tdv.org\/tr-TR\/wp-content\/uploads\/2023\/10\/AA-20231027-32533940-32533939-MALATYADA_FILISTIN_ICIN_HAYIR_CARSISI_ACILDI.jpg'><img decoding=\"async\" width=\"1152\" height=\"768\" src=\"https:\/\/tdv.org\/tr-TR\/wp-content\/uploads\/2023\/10\/AA-20231027-32533940-32533939-MALATYADA_FILISTIN_ICIN_HAYIR_CARSISI_ACILDI.jpg\" class=\"attachment-full size-full\" alt=\"\" srcset=\"https:\/\/tdv.org\/tr-TR\/wp-content\/uploads\/2023\/10\/AA-20231027-32533940-32533939-MALATYADA_FILISTIN_ICIN_HAYIR_CARSISI_ACILDI.jpg 1152w, https:\/\/tdv.org\/tr-TR\/wp-content\/uploads\/2023\/10\/AA-20231027-32533940-32533939-MALATYADA_FILISTIN_ICIN_HAYIR_CARSISI_ACILDI-300x200.jpg 300w, https:\/\/tdv.org\/tr-TR\/wp-content\/uploads\/2023\/10\/AA-20231027-32533940-32533939-MALATYADA_FILISTIN_ICIN_HAYIR_CARSISI_ACILDI-1024x683.jpg 1024w, https:\/\/tdv.org\/tr-TR\/wp-content\/uploads\/2023\/10\/AA-20231027-32533940-32533939-MALATYADA_FILISTIN_ICIN_HAYIR_CARSISI_ACILDI-768x512.jpg 768w, https:\/\/tdv.org\/tr-TR\/wp-content\/uploads\/2023\/10\/AA-20231027-32533940-32533939-MALATYADA_FILISTIN_ICIN_HAYIR_CARSISI_ACILDI-900x600.jpg 900w\" sizes=\"(max-width: 1152px) 100vw, 1152px\" \/><\/a>\n\t\t\t<\/dt><\/dl><br style=\"clear: both\" \/>\n\t\t<\/div>\n\n","protected":false},"excerpt":{"rendered":"<p>Malatya&#8217;da, hay\u0131rseverlerin yapt\u0131\u011f\u0131 \u00fcr\u00fcnlerin sat\u0131\u015f\u0131ndan elde edilecek gelirin Filistin&#8217;e g\u00f6nderilece\u011fi hay\u0131r \u00e7ar\u015f\u0131s\u0131 a\u00e7\u0131ld\u0131. \u0130l M\u00fcft\u00fcl\u00fc\u011f\u00fc ile T\u00fcrkiye Diyanet Vakf\u0131 Malatya \u015eubesi&#8217;nce, \u0130n\u00f6n\u00fc Caddesi&#8217;ndeki bir al\u0131\u015fveri\u015f merkezinin \u00f6n\u00fcne &#8220;Filistin \u0130\u00e7in Hay\u0131r&#8230;<\/p>\n","protected":false},"author":8,"featured_media":34229,"comment_status":"open","ping_status":"closed","sticky":false,"template":"","format":"standard","meta":{"footnotes":""},"categories":[1],"tags":[110,1298,978],"class_list":{"0":"post-34224","1":"post","2":"type-post","3":"status-publish","4":"format-standard","5":"has-post-thumbnail","7":"category-haberler","8":"tag-filistin","9":"tag-filistin-yardim","10":"tag-hayir-carsisi"},"yoast_head":"<!-- This site is optimized with the Yoast SEO plugin v27.4 - https:\/\/yoast.com\/product\/yoast-seo-wordpress\/ -->\n<title>Malatya&#039;da &quot;Filistin \u0130\u00e7in Hay\u0131r \u00c7ar\u015f\u0131s\u0131&quot; a\u00e7\u0131ld\u0131<\/title>\n<meta name=\"description\" content=\"Malatya&#039;da, hay\u0131rseverlerin yapt\u0131\u011f\u0131 \u00fcr\u00fcnlerin sat\u0131\u015f\u0131ndan elde edilecek gelirin Filistin&#039;e g\u00f6nderilece\u011fi hay\u0131r \u00e7ar\u015f\u0131s\u0131 a\u00e7\u0131ld\u0131.\u00a0\" \/>\n<meta name=\"robots\" content=\"index, follow, max-snippet:-1, max-image-preview:large, max-video-preview:-1\" \/>\n<link rel=\"canonical\" href=\"https:\/\/tdv.org\/tr-TR\/malatyada-filistin-icin-hayir-carsisi-acildi\/\" \/>\n<meta property=\"og:locale\" content=\"tr_TR\" \/>\n<meta property=\"og:type\" content=\"article\" \/>\n<meta property=\"og:title\" content=\"Malatya&#039;da &quot;Filistin \u0130\u00e7in Hay\u0131r \u00c7ar\u015f\u0131s\u0131&quot; a\u00e7\u0131ld\u0131\" \/>\n<meta property=\"og:description\" content=\"Malatya&#039;da, hay\u0131rseverlerin yapt\u0131\u011f\u0131 \u00fcr\u00fcnlerin sat\u0131\u015f\u0131ndan elde edilecek gelirin Filistin&#039;e g\u00f6nderilece\u011fi hay\u0131r \u00e7ar\u015f\u0131s\u0131 a\u00e7\u0131ld\u0131.\u00a0\" \/>\n<meta property=\"og:url\" content=\"https:\/\/tdv.org\/tr-TR\/malatyada-filistin-icin-hayir-carsisi-acildi\/\" \/>\n<meta property=\"og:site_name\" content=\"T\u00fcrkiye Diyanet Vakf\u0131 Resmi Web Sitesi\" \/>\n<meta property=\"article:publisher\" content=\"https:\/\/www.facebook.com\/Diyanetvakfi\/\" \/>\n<meta property=\"article:published_time\" content=\"2023-10-27T11:51:02+00:00\" \/>\n<meta property=\"og:image\" content=\"https:\/\/tdv.org\/tr-TR\/wp-content\/uploads\/2023\/10\/AA-20231027-32533940-32533938-MALATYADA_FILISTIN_ICIN_HAYIR_CARSISI_ACILDI.jpg\" \/>\n\t<meta property=\"og:image:width\" content=\"1152\" \/>\n\t<meta property=\"og:image:height\" content=\"768\" \/>\n\t<meta property=\"og:image:type\" content=\"image\/jpeg\" \/>\n<meta name=\"author\" content=\"Selim\" \/>\n<meta name=\"twitter:card\" content=\"summary_large_image\" \/>\n<meta name=\"twitter:creator\" content=\"@DiyanetVakfi\" \/>\n<meta name=\"twitter:site\" content=\"@DiyanetVakfi\" \/>\n<script type=\"application\/ld+json\" class=\"yoast-schema-graph\">{\"@context\":\"https:\\\/\\\/schema.org\",\"@graph\":[{\"@type\":\"Article\",\"@id\":\"https:\\\/\\\/tdv.org\\\/tr-TR\\\/malatyada-filistin-icin-hayir-carsisi-acildi\\\/#article\",\"isPartOf\":{\"@id\":\"https:\\\/\\\/tdv.org\\\/tr-TR\\\/malatyada-filistin-icin-hayir-carsisi-acildi\\\/\"},\"author\":{\"name\":\"Selim\",\"@id\":\"https:\\\/\\\/tdv.org\\\/tr-TR\\\/#\\\/schema\\\/person\\\/752b55e264a99273d55636516d96d5eb\"},\"headline\":\"Malatya&#8217;da &#8220;Filistin \u0130\u00e7in Hay\u0131r \u00c7ar\u015f\u0131s\u0131&#8221; a\u00e7\u0131ld\u0131\",\"datePublished\":\"2023-10-27T11:51:02+00:00\",\"mainEntityOfPage\":{\"@id\":\"https:\\\/\\\/tdv.org\\\/tr-TR\\\/malatyada-filistin-icin-hayir-carsisi-acildi\\\/\"},\"wordCount\":252,\"commentCount\":0,\"publisher\":{\"@id\":\"https:\\\/\\\/tdv.org\\\/tr-TR\\\/#organization\"},\"image\":{\"@id\":\"https:\\\/\\\/tdv.org\\\/tr-TR\\\/malatyada-filistin-icin-hayir-carsisi-acildi\\\/#primaryimage\"},\"thumbnailUrl\":\"https:\\\/\\\/tdv.org\\\/tr-TR\\\/wp-content\\\/uploads\\\/2023\\\/10\\\/AA-20231027-32533940-32533938-MALATYADA_FILISTIN_ICIN_HAYIR_CARSISI_ACILDI.jpg\",\"keywords\":[\"filistin\",\"filistin yard\u0131m\",\"hay\u0131r \u00e7ar\u015f\u0131s\u0131\"],\"articleSection\":[\"Haberler\"],\"inLanguage\":\"tr\",\"potentialAction\":[{\"@type\":\"CommentAction\",\"name\":\"Comment\",\"target\":[\"https:\\\/\\\/tdv.org\\\/tr-TR\\\/malatyada-filistin-icin-hayir-carsisi-acildi\\\/#respond\"]}]},{\"@type\":\"WebPage\",\"@id\":\"https:\\\/\\\/tdv.org\\\/tr-TR\\\/malatyada-filistin-icin-hayir-carsisi-acildi\\\/\",\"url\":\"https:\\\/\\\/tdv.org\\\/tr-TR\\\/malatyada-filistin-icin-hayir-carsisi-acildi\\\/\",\"name\":\"Malatya'da \\\"Filistin \u0130\u00e7in Hay\u0131r \u00c7ar\u015f\u0131s\u0131\\\" a\u00e7\u0131ld\u0131\",\"isPartOf\":{\"@id\":\"https:\\\/\\\/tdv.org\\\/tr-TR\\\/#website\"},\"primaryImageOfPage\":{\"@id\":\"https:\\\/\\\/tdv.org\\\/tr-TR\\\/malatyada-filistin-icin-hayir-carsisi-acildi\\\/#primaryimage\"},\"image\":{\"@id\":\"https:\\\/\\\/tdv.org\\\/tr-TR\\\/malatyada-filistin-icin-hayir-carsisi-acildi\\\/#primaryimage\"},\"thumbnailUrl\":\"https:\\\/\\\/tdv.org\\\/tr-TR\\\/wp-content\\\/uploads\\\/2023\\\/10\\\/AA-20231027-32533940-32533938-MALATYADA_FILISTIN_ICIN_HAYIR_CARSISI_ACILDI.jpg\",\"datePublished\":\"2023-10-27T11:51:02+00:00\",\"description\":\"Malatya'da, hay\u0131rseverlerin yapt\u0131\u011f\u0131 \u00fcr\u00fcnlerin sat\u0131\u015f\u0131ndan elde edilecek gelirin Filistin'e g\u00f6nderilece\u011fi hay\u0131r \u00e7ar\u015f\u0131s\u0131 a\u00e7\u0131ld\u0131.\u00a0\",\"breadcrumb\":{\"@id\":\"https:\\\/\\\/tdv.org\\\/tr-TR\\\/malatyada-filistin-icin-hayir-carsisi-acildi\\\/#breadcrumb\"},\"inLanguage\":\"tr\",\"potentialAction\":[{\"@type\":\"ReadAction\",\"target\":[\"https:\\\/\\\/tdv.org\\\/tr-TR\\\/malatyada-filistin-icin-hayir-carsisi-acildi\\\/\"]}]},{\"@type\":\"ImageObject\",\"inLanguage\":\"tr\",\"@id\":\"https:\\\/\\\/tdv.org\\\/tr-TR\\\/malatyada-filistin-icin-hayir-carsisi-acildi\\\/#primaryimage\",\"url\":\"https:\\\/\\\/tdv.org\\\/tr-TR\\\/wp-content\\\/uploads\\\/2023\\\/10\\\/AA-20231027-32533940-32533938-MALATYADA_FILISTIN_ICIN_HAYIR_CARSISI_ACILDI.jpg\",\"contentUrl\":\"https:\\\/\\\/tdv.org\\\/tr-TR\\\/wp-content\\\/uploads\\\/2023\\\/10\\\/AA-20231027-32533940-32533938-MALATYADA_FILISTIN_ICIN_HAYIR_CARSISI_ACILDI.jpg\",\"width\":1152,\"height\":768},{\"@type\":\"BreadcrumbList\",\"@id\":\"https:\\\/\\\/tdv.org\\\/tr-TR\\\/malatyada-filistin-icin-hayir-carsisi-acildi\\\/#breadcrumb\",\"itemListElement\":[{\"@type\":\"ListItem\",\"position\":1,\"name\":\"Anasayfa\",\"item\":\"https:\\\/\\\/tdv.org\\\/tr-TR\\\/\"},{\"@type\":\"ListItem\",\"position\":2,\"name\":\"Malatya&#8217;da &#8220;Filistin \u0130\u00e7in Hay\u0131r \u00c7ar\u015f\u0131s\u0131&#8221; a\u00e7\u0131ld\u0131\"}]},{\"@type\":\"WebSite\",\"@id\":\"https:\\\/\\\/tdv.org\\\/tr-TR\\\/#website\",\"url\":\"https:\\\/\\\/tdv.org\\\/tr-TR\\\/\",\"name\":\"T\u00fcrkiye Diyanet Vakf\u0131 Resmi Web Sitesi\",\"description\":\"Yery\u00fcz\u00fcnde iyilik egemen oluncaya kadar\",\"publisher\":{\"@id\":\"https:\\\/\\\/tdv.org\\\/tr-TR\\\/#organization\"},\"alternateName\":\"T\u00fcrkiye Diyanet Vakf\u0131\",\"potentialAction\":[{\"@type\":\"SearchAction\",\"target\":{\"@type\":\"EntryPoint\",\"urlTemplate\":\"https:\\\/\\\/tdv.org\\\/tr-TR\\\/?s={search_term_string}\"},\"query-input\":{\"@type\":\"PropertyValueSpecification\",\"valueRequired\":true,\"valueName\":\"search_term_string\"}}],\"inLanguage\":\"tr\"},{\"@type\":\"Organization\",\"@id\":\"https:\\\/\\\/tdv.org\\\/tr-TR\\\/#organization\",\"name\":\"T\u00fcrkiye Diyanet Vakf\u0131\",\"alternateName\":\"T\u00fcrkiye Diyanet Vakf\u0131\",\"url\":\"https:\\\/\\\/tdv.org\\\/tr-TR\\\/\",\"logo\":{\"@type\":\"ImageObject\",\"inLanguage\":\"tr\",\"@id\":\"https:\\\/\\\/tdv.org\\\/tr-TR\\\/#\\\/schema\\\/logo\\\/image\\\/\",\"url\":\"https:\\\/\\\/tdv.org\\\/tr-TR\\\/wp-content\\\/uploads\\\/2018\\\/12\\\/TDV_Logo_1.png\",\"contentUrl\":\"https:\\\/\\\/tdv.org\\\/tr-TR\\\/wp-content\\\/uploads\\\/2018\\\/12\\\/TDV_Logo_1.png\",\"width\":207,\"height\":71,\"caption\":\"T\u00fcrkiye Diyanet Vakf\u0131\"},\"image\":{\"@id\":\"https:\\\/\\\/tdv.org\\\/tr-TR\\\/#\\\/schema\\\/logo\\\/image\\\/\"},\"sameAs\":[\"https:\\\/\\\/www.facebook.com\\\/Diyanetvakfi\\\/\",\"https:\\\/\\\/x.com\\\/DiyanetVakfi\",\"https:\\\/\\\/www.instagram.com\\\/turkiyediyanetvakfi\\\/\",\"https:\\\/\\\/www.youtube.com\\\/user\\\/TurkiyeDiyanetVakfi\"]},{\"@type\":\"Person\",\"@id\":\"https:\\\/\\\/tdv.org\\\/tr-TR\\\/#\\\/schema\\\/person\\\/752b55e264a99273d55636516d96d5eb\",\"name\":\"Selim\",\"image\":{\"@type\":\"ImageObject\",\"inLanguage\":\"tr\",\"@id\":\"https:\\\/\\\/tdv.org\\\/tr-TR\\\/wp-content\\\/litespeed\\\/avatar\\\/a1e47b25396e98e5b781e88a5396cd96.jpg?ver=1776682544\",\"url\":\"https:\\\/\\\/tdv.org\\\/tr-TR\\\/wp-content\\\/litespeed\\\/avatar\\\/a1e47b25396e98e5b781e88a5396cd96.jpg?ver=1776682544\",\"contentUrl\":\"https:\\\/\\\/tdv.org\\\/tr-TR\\\/wp-content\\\/litespeed\\\/avatar\\\/a1e47b25396e98e5b781e88a5396cd96.jpg?ver=1776682544\",\"caption\":\"Selim\"}}]}<\/script>\n<!-- \/ Yoast SEO plugin. -->","yoast_head_json":{"title":"Malatya'da \"Filistin \u0130\u00e7in Hay\u0131r \u00c7ar\u015f\u0131s\u0131\" a\u00e7\u0131ld\u0131","description":"Malatya'da, hay\u0131rseverlerin yapt\u0131\u011f\u0131 \u00fcr\u00fcnlerin sat\u0131\u015f\u0131ndan elde edilecek gelirin Filistin'e g\u00f6nderilece\u011fi hay\u0131r \u00e7ar\u015f\u0131s\u0131 a\u00e7\u0131ld\u0131.\u00a0","robots":{"index":"index","follow":"follow","max-snippet":"max-snippet:-1","max-image-preview":"max-image-preview:large","max-video-preview":"max-video-preview:-1"},"canonical":"https:\/\/tdv.org\/tr-TR\/malatyada-filistin-icin-hayir-carsisi-acildi\/","og_locale":"tr_TR","og_type":"article","og_title":"Malatya'da \"Filistin \u0130\u00e7in Hay\u0131r \u00c7ar\u015f\u0131s\u0131\" a\u00e7\u0131ld\u0131","og_description":"Malatya'da, hay\u0131rseverlerin yapt\u0131\u011f\u0131 \u00fcr\u00fcnlerin sat\u0131\u015f\u0131ndan elde edilecek gelirin Filistin'e g\u00f6nderilece\u011fi hay\u0131r \u00e7ar\u015f\u0131s\u0131 a\u00e7\u0131ld\u0131.\u00a0","og_url":"https:\/\/tdv.org\/tr-TR\/malatyada-filistin-icin-hayir-carsisi-acildi\/","og_site_name":"T\u00fcrkiye Diyanet Vakf\u0131 Resmi Web Sitesi","article_publisher":"https:\/\/www.facebook.com\/Diyanetvakfi\/","article_published_time":"2023-10-27T11:51:02+00:00","og_image":[{"width":1152,"height":768,"url":"https:\/\/tdv.org\/tr-TR\/wp-content\/uploads\/2023\/10\/AA-20231027-32533940-32533938-MALATYADA_FILISTIN_ICIN_HAYIR_CARSISI_ACILDI.jpg","type":"image\/jpeg"}],"author":"Selim","twitter_card":"summary_large_image","twitter_creator":"@DiyanetVakfi","twitter_site":"@DiyanetVakfi","schema":{"@context":"https:\/\/schema.org","@graph":[{"@type":"Article","@id":"https:\/\/tdv.org\/tr-TR\/malatyada-filistin-icin-hayir-carsisi-acildi\/#article","isPartOf":{"@id":"https:\/\/tdv.org\/tr-TR\/malatyada-filistin-icin-hayir-carsisi-acildi\/"},"author":{"name":"Selim","@id":"https:\/\/tdv.org\/tr-TR\/#\/schema\/person\/752b55e264a99273d55636516d96d5eb"},"headline":"Malatya&#8217;da &#8220;Filistin \u0130\u00e7in Hay\u0131r \u00c7ar\u015f\u0131s\u0131&#8221; a\u00e7\u0131ld\u0131","datePublished":"2023-10-27T11:51:02+00:00","mainEntityOfPage":{"@id":"https:\/\/tdv.org\/tr-TR\/malatyada-filistin-icin-hayir-carsisi-acildi\/"},"wordCount":252,"commentCount":0,"publisher":{"@id":"https:\/\/tdv.org\/tr-TR\/#organization"},"image":{"@id":"https:\/\/tdv.org\/tr-TR\/malatyada-filistin-icin-hayir-carsisi-acildi\/#primaryimage"},"thumbnailUrl":"https:\/\/tdv.org\/tr-TR\/wp-content\/uploads\/2023\/10\/AA-20231027-32533940-32533938-MALATYADA_FILISTIN_ICIN_HAYIR_CARSISI_ACILDI.jpg","keywords":["filistin","filistin yard\u0131m","hay\u0131r \u00e7ar\u015f\u0131s\u0131"],"articleSection":["Haberler"],"inLanguage":"tr","potentialAction":[{"@type":"CommentAction","name":"Comment","target":["https:\/\/tdv.org\/tr-TR\/malatyada-filistin-icin-hayir-carsisi-acildi\/#respond"]}]},{"@type":"WebPage","@id":"https:\/\/tdv.org\/tr-TR\/malatyada-filistin-icin-hayir-carsisi-acildi\/","url":"https:\/\/tdv.org\/tr-TR\/malatyada-filistin-icin-hayir-carsisi-acildi\/","name":"Malatya'da \"Filistin \u0130\u00e7in Hay\u0131r \u00c7ar\u015f\u0131s\u0131\" a\u00e7\u0131ld\u0131","isPartOf":{"@id":"https:\/\/tdv.org\/tr-TR\/#website"},"primaryImageOfPage":{"@id":"https:\/\/tdv.org\/tr-TR\/malatyada-filistin-icin-hayir-carsisi-acildi\/#primaryimage"},"image":{"@id":"https:\/\/tdv.org\/tr-TR\/malatyada-filistin-icin-hayir-carsisi-acildi\/#primaryimage"},"thumbnailUrl":"https:\/\/tdv.org\/tr-TR\/wp-content\/uploads\/2023\/10\/AA-20231027-32533940-32533938-MALATYADA_FILISTIN_ICIN_HAYIR_CARSISI_ACILDI.jpg","datePublished":"2023-10-27T11:51:02+00:00","description":"Malatya'da, hay\u0131rseverlerin yapt\u0131\u011f\u0131 \u00fcr\u00fcnlerin sat\u0131\u015f\u0131ndan elde edilecek gelirin Filistin'e g\u00f6nderilece\u011fi hay\u0131r \u00e7ar\u015f\u0131s\u0131 a\u00e7\u0131ld\u0131.\u00a0","breadcrumb":{"@id":"https:\/\/tdv.org\/tr-TR\/malatyada-filistin-icin-hayir-carsisi-acildi\/#breadcrumb"},"inLanguage":"tr","potentialAction":[{"@type":"ReadAction","target":["https:\/\/tdv.org\/tr-TR\/malatyada-filistin-icin-hayir-carsisi-acildi\/"]}]},{"@type":"ImageObject","inLanguage":"tr","@id":"https:\/\/tdv.org\/tr-TR\/malatyada-filistin-icin-hayir-carsisi-acildi\/#primaryimage","url":"https:\/\/tdv.org\/tr-TR\/wp-content\/uploads\/2023\/10\/AA-20231027-32533940-32533938-MALATYADA_FILISTIN_ICIN_HAYIR_CARSISI_ACILDI.jpg","contentUrl":"https:\/\/tdv.org\/tr-TR\/wp-content\/uploads\/2023\/10\/AA-20231027-32533940-32533938-MALATYADA_FILISTIN_ICIN_HAYIR_CARSISI_ACILDI.jpg","width":1152,"height":768},{"@type":"BreadcrumbList","@id":"https:\/\/tdv.org\/tr-TR\/malatyada-filistin-icin-hayir-carsisi-acildi\/#breadcrumb","itemListElement":[{"@type":"ListItem","position":1,"name":"Anasayfa","item":"https:\/\/tdv.org\/tr-TR\/"},{"@type":"ListItem","position":2,"name":"Malatya&#8217;da &#8220;Filistin \u0130\u00e7in Hay\u0131r \u00c7ar\u015f\u0131s\u0131&#8221; a\u00e7\u0131ld\u0131"}]},{"@type":"WebSite","@id":"https:\/\/tdv.org\/tr-TR\/#website","url":"https:\/\/tdv.org\/tr-TR\/","name":"T\u00fcrkiye Diyanet Vakf\u0131 Resmi Web Sitesi","description":"Yery\u00fcz\u00fcnde iyilik egemen oluncaya kadar","publisher":{"@id":"https:\/\/tdv.org\/tr-TR\/#organization"},"alternateName":"T\u00fcrkiye Diyanet Vakf\u0131","potentialAction":[{"@type":"SearchAction","target":{"@type":"EntryPoint","urlTemplate":"https:\/\/tdv.org\/tr-TR\/?s={search_term_string}"},"query-input":{"@type":"PropertyValueSpecification","valueRequired":true,"valueName":"search_term_string"}}],"inLanguage":"tr"},{"@type":"Organization","@id":"https:\/\/tdv.org\/tr-TR\/#organization","name":"T\u00fcrkiye Diyanet Vakf\u0131","alternateName":"T\u00fcrkiye Diyanet Vakf\u0131","url":"https:\/\/tdv.org\/tr-TR\/","logo":{"@type":"ImageObject","inLanguage":"tr","@id":"https:\/\/tdv.org\/tr-TR\/#\/schema\/logo\/image\/","url":"https:\/\/tdv.org\/tr-TR\/wp-content\/uploads\/2018\/12\/TDV_Logo_1.png","contentUrl":"https:\/\/tdv.org\/tr-TR\/wp-content\/uploads\/2018\/12\/TDV_Logo_1.png","width":207,"height":71,"caption":"T\u00fcrkiye Diyanet Vakf\u0131"},"image":{"@id":"https:\/\/tdv.org\/tr-TR\/#\/schema\/logo\/image\/"},"sameAs":["https:\/\/www.facebook.com\/Diyanetvakfi\/","https:\/\/x.com\/DiyanetVakfi","https:\/\/www.instagram.com\/turkiyediyanetvakfi\/","https:\/\/www.youtube.com\/user\/TurkiyeDiyanetVakfi"]},{"@type":"Person","@id":"https:\/\/tdv.org\/tr-TR\/#\/schema\/person\/752b55e264a99273d55636516d96d5eb","name":"Selim","image":{"@type":"ImageObject","inLanguage":"tr","@id":"https:\/\/tdv.org\/tr-TR\/wp-content\/litespeed\/avatar\/a1e47b25396e98e5b781e88a5396cd96.jpg?ver=1776682544","url":"https:\/\/tdv.org\/tr-TR\/wp-content\/litespeed\/avatar\/a1e47b25396e98e5b781e88a5396cd96.jpg?ver=1776682544","contentUrl":"https:\/\/tdv.org\/tr-TR\/wp-content\/litespeed\/avatar\/a1e47b25396e98e5b781e88a5396cd96.jpg?ver=1776682544","caption":"Selim"}}]}},"_links":{"self":[{"href":"https:\/\/tdv.org\/tr-TR\/wp-json\/wp\/v2\/posts\/34224","targetHints":{"allow":["GET"]}}],"collection":[{"href":"https:\/\/tdv.org\/tr-TR\/wp-json\/wp\/v2\/posts"}],"about":[{"href":"https:\/\/tdv.org\/tr-TR\/wp-json\/wp\/v2\/types\/post"}],"author":[{"embeddable":true,"href":"https:\/\/tdv.org\/tr-TR\/wp-json\/wp\/v2\/users\/8"}],"replies":[{"embeddable":true,"href":"https:\/\/tdv.org\/tr-TR\/wp-json\/wp\/v2\/comments?post=34224"}],"version-history":[{"count":1,"href":"https:\/\/tdv.org\/tr-TR\/wp-json\/wp\/v2\/posts\/34224\/revisions"}],"predecessor-version":[{"id":34231,"href":"https:\/\/tdv.org\/tr-TR\/wp-json\/wp\/v2\/posts\/34224\/revisions\/34231"}],"wp:featuredmedia":[{"embeddable":true,"href":"https:\/\/tdv.org\/tr-TR\/wp-json\/wp\/v2\/media\/34229"}],"wp:attachment":[{"href":"https:\/\/tdv.org\/tr-TR\/wp-json\/wp\/v2\/media?parent=34224"}],"wp:term":[{"taxonomy":"category","embeddable":true,"href":"https:\/\/tdv.org\/tr-TR\/wp-json\/wp\/v2\/categories?post=34224"},{"taxonomy":"post_tag","embeddable":true,"href":"https:\/\/tdv.org\/tr-TR\/wp-json\/wp\/v2\/tags?post=34224"}],"curies":[{"name":"wp","href":"https:\/\/api.w.org\/{rel}","templated":true}]}}