{"id":34233,"date":"2023-10-28T10:59:25","date_gmt":"2023-10-28T07:59:25","guid":{"rendered":"https:\/\/tdv.org\/tr-TR\/?p=34233"},"modified":"2023-10-28T10:59:25","modified_gmt":"2023-10-28T07:59:25","slug":"diyanet-isleri-baskani-erbas-tdv-denizli-subesi-arama-kurtarma-ekibi-ile-bir-araya-geldi","status":"publish","type":"post","link":"https:\/\/tdv.org\/tr-TR\/diyanet-isleri-baskani-erbas-tdv-denizli-subesi-arama-kurtarma-ekibi-ile-bir-araya-geldi\/","title":{"rendered":"Diyanet \u0130\u015fleri Ba\u015fkan\u0131 Erba\u015f, TDV Denizli \u015eubesi Arama Kurtarma Ekibi ile bir araya geldi"},"content":{"rendered":"<p>Diyanet \u0130\u015fleri Ba\u015fkan\u0131 ve T\u00fcrkiye Diyanet Vakf\u0131 M\u00fctevelli Heyeti Ba\u015fkan\u0131 Prof. Dr. Ali Erba\u015f, \u00e7e\u015fitli programlar i\u00e7in gitti\u011fi Denizli\u2019de, T\u00fcrkiye Diyanet Vakf\u0131 (TDV) Denizli \u015eubesi b\u00fcnyesinde olu\u015fturulan arama kurtarma ekibiyle bir araya geldi.<\/p>\n<p>II. Uluslararas\u0131 Serahsi Sempozyumu i\u00e7in bulundu\u011fu Pamukkale \u00dcniversitesi \u0130slami \u0130limler Enstit\u00fcs\u00fc\u2019nde ger\u00e7ekle\u015fen kabulde, Diyanet \u0130\u015fleri Ba\u015fkan\u0131 Erba\u015f, arama kurtarma ekiplerini g\u00f6r\u00fcnce, \u201cKim bir can kurtar\u0131rsa b\u00fct\u00fcn insanlar\u0131n hayat\u0131n\u0131 kurtarm\u0131\u015f gibi olur.\u201d ayet-i kerimesinin akl\u0131na geldi\u011fini belirtti.<\/p>\n<p>Ba\u015fkan Erba\u015f, Diyanet \u0130\u015fleri Ba\u015fkanl\u0131\u011f\u0131 ve T\u00fcrkiye Diyanet Vakf\u0131 olarak, 6 \u015eubat depremlerinde vatanda\u015f\u0131n ilk an\u0131ndan beri yanlar\u0131nda olduklar\u0131n\u0131 hat\u0131rlatarak, \u201c\u00d6zellikle sizlerin, Diyanet \u0130\u015fleri Ba\u015fkanl\u0131\u011f\u0131m\u0131z\u0131n en \u00f6nde \u00e7al\u0131\u015fan birer neferleri olarak orada bulunman\u0131z \u00e7ok anlaml\u0131 idi. Tabi bunun i\u00e7in e\u011fitim \u00f6nemli. \u015eimdi daha e\u011fitimli bir \u015fekilde arama kurtarma \u00e7al\u0131\u015fmalar\u0131na haz\u0131r vaziyette olacaks\u0131n\u0131z.\u201d dedi.<\/p>\n<p>Ba\u015fkan Erba\u015f, tarihin g\u00f6rd\u00fc\u011f\u00fc en b\u00fcy\u00fck depremlerden olan 6 \u015eubat depremlerinin \u00e7ok y\u0131k\u0131c\u0131 oldu\u011funu ancak bu s\u00fcreci atlatmakta milletin birlik ve beraberli\u011fi ile Diyanet \u0130\u015fleri Ba\u015fkanl\u0131\u011f\u0131n\u0131n ve b\u00fct\u00fcn kurumlar\u0131n deprem b\u00f6lgelerinde yapt\u0131\u011f\u0131 \u00e7al\u0131\u015fmalar\u0131n \u00f6nemini vurgulad\u0131.<\/p>\n<p><strong>\u201cDeprem b\u00f6lgesinde yapt\u0131\u011f\u0131n\u0131z faaliyetler dolay\u0131s\u0131yla sizinle iftihar ettim\u201d<\/strong><\/p>\n<p>Deprem b\u00f6lgesindeki yapt\u0131klar\u0131 \u00e7al\u0131\u015fmalar\u0131ndan dolay\u0131 ekibi tebrik eden Ba\u015fkan Erba\u015f, \u201cSizlerin, m\u00fcft\u00fclerimizin, b\u00fct\u00fcn hocalar\u0131m\u0131z\u0131n orada yapm\u0131\u015f oldu\u011fu faaliyetler ve g\u00f6n\u00fclden gelerek bu i\u015fi yapman\u0131z dolay\u0131s\u0131yla iftihar ettim. Rabbimize hamd ettim. \u00c7ok \u015f\u00fck\u00fcr ki, b\u00f6yle bir te\u015fkilat\u0131m\u0131z\u0131n mensuplar\u0131 olarak her yerde olan ve her yerde olmaya \u00e7al\u0131\u015fan bir te\u015fkilat\u0131z. Cenab-\u0131 Hak yar, yard\u0131mc\u0131m\u0131z olsun. Sizlere te\u015fekk\u00fcr ediyorum. Sizlere dua ediyoruz. Allah sizleri korusun. Se\u00e7ilmi\u015f olman\u0131z\u0131 \u00f6zellikle kutluyorum, tebrik ediyorum. Cenab-\u0131 Hak yapm\u0131\u015f oldu\u011funuz \u00e7al\u0131\u015fmalar\u0131 sizin i\u00e7in sadaka-i cariye says\u0131n in\u015fallah.\u201d \u015feklinde konu\u015ftu.<\/p>\n<p>Ba\u015fkan Erba\u015f, \u201cKentsel Arama Kurtarma\u201d alan\u0131nda ba\u015fvurular\u0131 olumlu bulunarak AFAD taraf\u0131ndan akredite edilen ekibe Akreditasyon Belgesini takdim etti ve kendilerine ba\u015far\u0131lar diledi.<\/p>\n<p>Kabulde, Denizli \u0130l M\u00fcft\u00fcs\u00fc Abdullah Pamuklu da haz\u0131r bulundu.<\/p>\n\n\t\t<style type=\"text\/css\">\n\t\t\t#gallery-1 {\n\t\t\t\tmargin: auto;\n\t\t\t}\n\t\t\t#gallery-1 .gallery-item {\n\t\t\t\tfloat: left;\n\t\t\t\tmargin-top: 10px;\n\t\t\t\ttext-align: center;\n\t\t\t\twidth: 33%;\n\t\t\t}\n\t\t\t#gallery-1 img {\n\t\t\t\tborder: 2px solid #cfcfcf;\n\t\t\t}\n\t\t\t#gallery-1 .gallery-caption {\n\t\t\t\tmargin-left: 0;\n\t\t\t}\n\t\t\t\/* see gallery_shortcode() in wp-includes\/media.php *\/\n\t\t<\/style>\n\t\t<div id='gallery-1' class='gallery galleryid-34233 gallery-columns-3 gallery-size-full'><dl class='gallery-item'>\n\t\t\t<dt class='gallery-icon landscape'>\n\t\t\t\t<a href='https:\/\/tdv.org\/tr-TR\/wp-content\/uploads\/2023\/10\/94172296-a766-42d1-a264-a994e0271cbf_1_1200x800.jpg'><img decoding=\"async\" width=\"1200\" height=\"800\" src=\"https:\/\/tdv.org\/tr-TR\/wp-content\/uploads\/2023\/10\/94172296-a766-42d1-a264-a994e0271cbf_1_1200x800.jpg\" class=\"attachment-full size-full\" alt=\"\" srcset=\"https:\/\/tdv.org\/tr-TR\/wp-content\/uploads\/2023\/10\/94172296-a766-42d1-a264-a994e0271cbf_1_1200x800.jpg 1200w, https:\/\/tdv.org\/tr-TR\/wp-content\/uploads\/2023\/10\/94172296-a766-42d1-a264-a994e0271cbf_1_1200x800-300x200.jpg 300w, https:\/\/tdv.org\/tr-TR\/wp-content\/uploads\/2023\/10\/94172296-a766-42d1-a264-a994e0271cbf_1_1200x800-1024x683.jpg 1024w, https:\/\/tdv.org\/tr-TR\/wp-content\/uploads\/2023\/10\/94172296-a766-42d1-a264-a994e0271cbf_1_1200x800-768x512.jpg 768w, https:\/\/tdv.org\/tr-TR\/wp-content\/uploads\/2023\/10\/94172296-a766-42d1-a264-a994e0271cbf_1_1200x800-900x600.jpg 900w\" sizes=\"(max-width: 1200px) 100vw, 1200px\" \/><\/a>\n\t\t\t<\/dt><\/dl><dl class='gallery-item'>\n\t\t\t<dt class='gallery-icon landscape'>\n\t\t\t\t<a href='https:\/\/tdv.org\/tr-TR\/wp-content\/uploads\/2023\/10\/0233645c-98dc-43d1-9264-28c3f64e928a_1_1200x800.jpg'><img decoding=\"async\" width=\"1200\" height=\"800\" src=\"https:\/\/tdv.org\/tr-TR\/wp-content\/uploads\/2023\/10\/0233645c-98dc-43d1-9264-28c3f64e928a_1_1200x800.jpg\" class=\"attachment-full size-full\" alt=\"\" srcset=\"https:\/\/tdv.org\/tr-TR\/wp-content\/uploads\/2023\/10\/0233645c-98dc-43d1-9264-28c3f64e928a_1_1200x800.jpg 1200w, https:\/\/tdv.org\/tr-TR\/wp-content\/uploads\/2023\/10\/0233645c-98dc-43d1-9264-28c3f64e928a_1_1200x800-300x200.jpg 300w, https:\/\/tdv.org\/tr-TR\/wp-content\/uploads\/2023\/10\/0233645c-98dc-43d1-9264-28c3f64e928a_1_1200x800-1024x683.jpg 1024w, https:\/\/tdv.org\/tr-TR\/wp-content\/uploads\/2023\/10\/0233645c-98dc-43d1-9264-28c3f64e928a_1_1200x800-768x512.jpg 768w, https:\/\/tdv.org\/tr-TR\/wp-content\/uploads\/2023\/10\/0233645c-98dc-43d1-9264-28c3f64e928a_1_1200x800-900x600.jpg 900w\" sizes=\"(max-width: 1200px) 100vw, 1200px\" \/><\/a>\n\t\t\t<\/dt><\/dl><dl class='gallery-item'>\n\t\t\t<dt class='gallery-icon landscape'>\n\t\t\t\t<a href='https:\/\/tdv.org\/tr-TR\/wp-content\/uploads\/2023\/10\/bdc7d963-35e8-4147-bc58-d78cd07ee497_1_1200x800.jpg'><img decoding=\"async\" width=\"1200\" height=\"800\" src=\"https:\/\/tdv.org\/tr-TR\/wp-content\/uploads\/2023\/10\/bdc7d963-35e8-4147-bc58-d78cd07ee497_1_1200x800.jpg\" class=\"attachment-full size-full\" alt=\"\" srcset=\"https:\/\/tdv.org\/tr-TR\/wp-content\/uploads\/2023\/10\/bdc7d963-35e8-4147-bc58-d78cd07ee497_1_1200x800.jpg 1200w, https:\/\/tdv.org\/tr-TR\/wp-content\/uploads\/2023\/10\/bdc7d963-35e8-4147-bc58-d78cd07ee497_1_1200x800-300x200.jpg 300w, https:\/\/tdv.org\/tr-TR\/wp-content\/uploads\/2023\/10\/bdc7d963-35e8-4147-bc58-d78cd07ee497_1_1200x800-1024x683.jpg 1024w, https:\/\/tdv.org\/tr-TR\/wp-content\/uploads\/2023\/10\/bdc7d963-35e8-4147-bc58-d78cd07ee497_1_1200x800-768x512.jpg 768w, https:\/\/tdv.org\/tr-TR\/wp-content\/uploads\/2023\/10\/bdc7d963-35e8-4147-bc58-d78cd07ee497_1_1200x800-900x600.jpg 900w\" sizes=\"(max-width: 1200px) 100vw, 1200px\" \/><\/a>\n\t\t\t<\/dt><\/dl><br style=\"clear: both\" \/><dl class='gallery-item'>\n\t\t\t<dt class='gallery-icon landscape'>\n\t\t\t\t<a href='https:\/\/tdv.org\/tr-TR\/wp-content\/uploads\/2023\/10\/30416842-7214-410c-a51e-42f5482ce30b_1_1200x800.jpg'><img decoding=\"async\" width=\"1200\" height=\"800\" src=\"https:\/\/tdv.org\/tr-TR\/wp-content\/uploads\/2023\/10\/30416842-7214-410c-a51e-42f5482ce30b_1_1200x800.jpg\" class=\"attachment-full size-full\" alt=\"\" srcset=\"https:\/\/tdv.org\/tr-TR\/wp-content\/uploads\/2023\/10\/30416842-7214-410c-a51e-42f5482ce30b_1_1200x800.jpg 1200w, https:\/\/tdv.org\/tr-TR\/wp-content\/uploads\/2023\/10\/30416842-7214-410c-a51e-42f5482ce30b_1_1200x800-300x200.jpg 300w, https:\/\/tdv.org\/tr-TR\/wp-content\/uploads\/2023\/10\/30416842-7214-410c-a51e-42f5482ce30b_1_1200x800-1024x683.jpg 1024w, https:\/\/tdv.org\/tr-TR\/wp-content\/uploads\/2023\/10\/30416842-7214-410c-a51e-42f5482ce30b_1_1200x800-768x512.jpg 768w, https:\/\/tdv.org\/tr-TR\/wp-content\/uploads\/2023\/10\/30416842-7214-410c-a51e-42f5482ce30b_1_1200x800-900x600.jpg 900w\" sizes=\"(max-width: 1200px) 100vw, 1200px\" \/><\/a>\n\t\t\t<\/dt><\/dl><dl class='gallery-item'>\n\t\t\t<dt class='gallery-icon landscape'>\n\t\t\t\t<a href='https:\/\/tdv.org\/tr-TR\/wp-content\/uploads\/2023\/10\/cb2c7f28-994b-46a8-a7f4-ce5bec9c6557_1_1200x800.jpg'><img decoding=\"async\" width=\"1200\" height=\"800\" src=\"https:\/\/tdv.org\/tr-TR\/wp-content\/uploads\/2023\/10\/cb2c7f28-994b-46a8-a7f4-ce5bec9c6557_1_1200x800.jpg\" class=\"attachment-full size-full\" alt=\"\" srcset=\"https:\/\/tdv.org\/tr-TR\/wp-content\/uploads\/2023\/10\/cb2c7f28-994b-46a8-a7f4-ce5bec9c6557_1_1200x800.jpg 1200w, https:\/\/tdv.org\/tr-TR\/wp-content\/uploads\/2023\/10\/cb2c7f28-994b-46a8-a7f4-ce5bec9c6557_1_1200x800-300x200.jpg 300w, https:\/\/tdv.org\/tr-TR\/wp-content\/uploads\/2023\/10\/cb2c7f28-994b-46a8-a7f4-ce5bec9c6557_1_1200x800-1024x683.jpg 1024w, https:\/\/tdv.org\/tr-TR\/wp-content\/uploads\/2023\/10\/cb2c7f28-994b-46a8-a7f4-ce5bec9c6557_1_1200x800-768x512.jpg 768w, https:\/\/tdv.org\/tr-TR\/wp-content\/uploads\/2023\/10\/cb2c7f28-994b-46a8-a7f4-ce5bec9c6557_1_1200x800-900x600.jpg 900w\" sizes=\"(max-width: 1200px) 100vw, 1200px\" \/><\/a>\n\t\t\t<\/dt><\/dl><dl class='gallery-item'>\n\t\t\t<dt class='gallery-icon landscape'>\n\t\t\t\t<a href='https:\/\/tdv.org\/tr-TR\/wp-content\/uploads\/2023\/10\/d7a1099b-b915-491f-a8f7-2f1df5c2bda5_1_1200x800.jpg'><img decoding=\"async\" width=\"1200\" height=\"800\" src=\"https:\/\/tdv.org\/tr-TR\/wp-content\/uploads\/2023\/10\/d7a1099b-b915-491f-a8f7-2f1df5c2bda5_1_1200x800.jpg\" class=\"attachment-full size-full\" alt=\"\" srcset=\"https:\/\/tdv.org\/tr-TR\/wp-content\/uploads\/2023\/10\/d7a1099b-b915-491f-a8f7-2f1df5c2bda5_1_1200x800.jpg 1200w, https:\/\/tdv.org\/tr-TR\/wp-content\/uploads\/2023\/10\/d7a1099b-b915-491f-a8f7-2f1df5c2bda5_1_1200x800-300x200.jpg 300w, https:\/\/tdv.org\/tr-TR\/wp-content\/uploads\/2023\/10\/d7a1099b-b915-491f-a8f7-2f1df5c2bda5_1_1200x800-1024x683.jpg 1024w, https:\/\/tdv.org\/tr-TR\/wp-content\/uploads\/2023\/10\/d7a1099b-b915-491f-a8f7-2f1df5c2bda5_1_1200x800-768x512.jpg 768w, https:\/\/tdv.org\/tr-TR\/wp-content\/uploads\/2023\/10\/d7a1099b-b915-491f-a8f7-2f1df5c2bda5_1_1200x800-900x600.jpg 900w\" sizes=\"(max-width: 1200px) 100vw, 1200px\" \/><\/a>\n\t\t\t<\/dt><\/dl><br style=\"clear: both\" \/><dl class='gallery-item'>\n\t\t\t<dt class='gallery-icon landscape'>\n\t\t\t\t<a href='https:\/\/tdv.org\/tr-TR\/wp-content\/uploads\/2023\/10\/d22994be-8ccd-4103-8af8-538741b31e16_1_1200x800.jpg'><img decoding=\"async\" width=\"1200\" height=\"800\" src=\"https:\/\/tdv.org\/tr-TR\/wp-content\/uploads\/2023\/10\/d22994be-8ccd-4103-8af8-538741b31e16_1_1200x800.jpg\" class=\"attachment-full size-full\" alt=\"\" srcset=\"https:\/\/tdv.org\/tr-TR\/wp-content\/uploads\/2023\/10\/d22994be-8ccd-4103-8af8-538741b31e16_1_1200x800.jpg 1200w, https:\/\/tdv.org\/tr-TR\/wp-content\/uploads\/2023\/10\/d22994be-8ccd-4103-8af8-538741b31e16_1_1200x800-300x200.jpg 300w, https:\/\/tdv.org\/tr-TR\/wp-content\/uploads\/2023\/10\/d22994be-8ccd-4103-8af8-538741b31e16_1_1200x800-1024x683.jpg 1024w, https:\/\/tdv.org\/tr-TR\/wp-content\/uploads\/2023\/10\/d22994be-8ccd-4103-8af8-538741b31e16_1_1200x800-768x512.jpg 768w, https:\/\/tdv.org\/tr-TR\/wp-content\/uploads\/2023\/10\/d22994be-8ccd-4103-8af8-538741b31e16_1_1200x800-900x600.jpg 900w\" sizes=\"(max-width: 1200px) 100vw, 1200px\" \/><\/a>\n\t\t\t<\/dt><\/dl><dl class='gallery-item'>\n\t\t\t<dt class='gallery-icon landscape'>\n\t\t\t\t<a href='https:\/\/tdv.org\/tr-TR\/wp-content\/uploads\/2023\/10\/383cacec-cc70-41fc-8385-8aeca47d9339_1_1200x800.jpg'><img decoding=\"async\" width=\"1200\" height=\"800\" src=\"https:\/\/tdv.org\/tr-TR\/wp-content\/uploads\/2023\/10\/383cacec-cc70-41fc-8385-8aeca47d9339_1_1200x800.jpg\" class=\"attachment-full size-full\" alt=\"\" srcset=\"https:\/\/tdv.org\/tr-TR\/wp-content\/uploads\/2023\/10\/383cacec-cc70-41fc-8385-8aeca47d9339_1_1200x800.jpg 1200w, https:\/\/tdv.org\/tr-TR\/wp-content\/uploads\/2023\/10\/383cacec-cc70-41fc-8385-8aeca47d9339_1_1200x800-300x200.jpg 300w, https:\/\/tdv.org\/tr-TR\/wp-content\/uploads\/2023\/10\/383cacec-cc70-41fc-8385-8aeca47d9339_1_1200x800-1024x683.jpg 1024w, https:\/\/tdv.org\/tr-TR\/wp-content\/uploads\/2023\/10\/383cacec-cc70-41fc-8385-8aeca47d9339_1_1200x800-768x512.jpg 768w, https:\/\/tdv.org\/tr-TR\/wp-content\/uploads\/2023\/10\/383cacec-cc70-41fc-8385-8aeca47d9339_1_1200x800-900x600.jpg 900w\" sizes=\"(max-width: 1200px) 100vw, 1200px\" \/><\/a>\n\t\t\t<\/dt><\/dl><dl class='gallery-item'>\n\t\t\t<dt class='gallery-icon landscape'>\n\t\t\t\t<a href='https:\/\/tdv.org\/tr-TR\/wp-content\/uploads\/2023\/10\/c6d98a2e-7259-422c-9ecc-4e47b408c053_1_1200x800.jpg'><img decoding=\"async\" width=\"1200\" height=\"800\" src=\"https:\/\/tdv.org\/tr-TR\/wp-content\/uploads\/2023\/10\/c6d98a2e-7259-422c-9ecc-4e47b408c053_1_1200x800.jpg\" class=\"attachment-full size-full\" alt=\"\" srcset=\"https:\/\/tdv.org\/tr-TR\/wp-content\/uploads\/2023\/10\/c6d98a2e-7259-422c-9ecc-4e47b408c053_1_1200x800.jpg 1200w, https:\/\/tdv.org\/tr-TR\/wp-content\/uploads\/2023\/10\/c6d98a2e-7259-422c-9ecc-4e47b408c053_1_1200x800-300x200.jpg 300w, https:\/\/tdv.org\/tr-TR\/wp-content\/uploads\/2023\/10\/c6d98a2e-7259-422c-9ecc-4e47b408c053_1_1200x800-1024x683.jpg 1024w, https:\/\/tdv.org\/tr-TR\/wp-content\/uploads\/2023\/10\/c6d98a2e-7259-422c-9ecc-4e47b408c053_1_1200x800-768x512.jpg 768w, https:\/\/tdv.org\/tr-TR\/wp-content\/uploads\/2023\/10\/c6d98a2e-7259-422c-9ecc-4e47b408c053_1_1200x800-900x600.jpg 900w\" sizes=\"(max-width: 1200px) 100vw, 1200px\" \/><\/a>\n\t\t\t<\/dt><\/dl><br style=\"clear: both\" \/><dl class='gallery-item'>\n\t\t\t<dt class='gallery-icon landscape'>\n\t\t\t\t<a href='https:\/\/tdv.org\/tr-TR\/wp-content\/uploads\/2023\/10\/e27ee1cf-e3fa-41dc-b6ff-6a376f0203b3_1_1200x800.jpg'><img decoding=\"async\" width=\"1200\" height=\"800\" src=\"https:\/\/tdv.org\/tr-TR\/wp-content\/uploads\/2023\/10\/e27ee1cf-e3fa-41dc-b6ff-6a376f0203b3_1_1200x800.jpg\" class=\"attachment-full size-full\" alt=\"\" srcset=\"https:\/\/tdv.org\/tr-TR\/wp-content\/uploads\/2023\/10\/e27ee1cf-e3fa-41dc-b6ff-6a376f0203b3_1_1200x800.jpg 1200w, https:\/\/tdv.org\/tr-TR\/wp-content\/uploads\/2023\/10\/e27ee1cf-e3fa-41dc-b6ff-6a376f0203b3_1_1200x800-300x200.jpg 300w, https:\/\/tdv.org\/tr-TR\/wp-content\/uploads\/2023\/10\/e27ee1cf-e3fa-41dc-b6ff-6a376f0203b3_1_1200x800-1024x683.jpg 1024w, https:\/\/tdv.org\/tr-TR\/wp-content\/uploads\/2023\/10\/e27ee1cf-e3fa-41dc-b6ff-6a376f0203b3_1_1200x800-768x512.jpg 768w, https:\/\/tdv.org\/tr-TR\/wp-content\/uploads\/2023\/10\/e27ee1cf-e3fa-41dc-b6ff-6a376f0203b3_1_1200x800-900x600.jpg 900w\" sizes=\"(max-width: 1200px) 100vw, 1200px\" \/><\/a>\n\t\t\t<\/dt><\/dl><dl class='gallery-item'>\n\t\t\t<dt class='gallery-icon landscape'>\n\t\t\t\t<a href='https:\/\/tdv.org\/tr-TR\/wp-content\/uploads\/2023\/10\/f1b894f1-acae-4c71-8eab-cb03b81e057a_1_1200x800.jpg'><img decoding=\"async\" width=\"1200\" height=\"800\" src=\"https:\/\/tdv.org\/tr-TR\/wp-content\/uploads\/2023\/10\/f1b894f1-acae-4c71-8eab-cb03b81e057a_1_1200x800.jpg\" class=\"attachment-full size-full\" alt=\"\" srcset=\"https:\/\/tdv.org\/tr-TR\/wp-content\/uploads\/2023\/10\/f1b894f1-acae-4c71-8eab-cb03b81e057a_1_1200x800.jpg 1200w, https:\/\/tdv.org\/tr-TR\/wp-content\/uploads\/2023\/10\/f1b894f1-acae-4c71-8eab-cb03b81e057a_1_1200x800-300x200.jpg 300w, https:\/\/tdv.org\/tr-TR\/wp-content\/uploads\/2023\/10\/f1b894f1-acae-4c71-8eab-cb03b81e057a_1_1200x800-1024x683.jpg 1024w, https:\/\/tdv.org\/tr-TR\/wp-content\/uploads\/2023\/10\/f1b894f1-acae-4c71-8eab-cb03b81e057a_1_1200x800-768x512.jpg 768w, https:\/\/tdv.org\/tr-TR\/wp-content\/uploads\/2023\/10\/f1b894f1-acae-4c71-8eab-cb03b81e057a_1_1200x800-900x600.jpg 900w\" sizes=\"(max-width: 1200px) 100vw, 1200px\" \/><\/a>\n\t\t\t<\/dt><\/dl><dl class='gallery-item'>\n\t\t\t<dt class='gallery-icon landscape'>\n\t\t\t\t<a href='https:\/\/tdv.org\/tr-TR\/wp-content\/uploads\/2023\/10\/a7e6bd7c-2f1b-451f-98ff-d75d751817e2_1_1200x800.jpg'><img decoding=\"async\" width=\"1200\" height=\"800\" src=\"https:\/\/tdv.org\/tr-TR\/wp-content\/uploads\/2023\/10\/a7e6bd7c-2f1b-451f-98ff-d75d751817e2_1_1200x800.jpg\" class=\"attachment-full size-full\" alt=\"\" srcset=\"https:\/\/tdv.org\/tr-TR\/wp-content\/uploads\/2023\/10\/a7e6bd7c-2f1b-451f-98ff-d75d751817e2_1_1200x800.jpg 1200w, https:\/\/tdv.org\/tr-TR\/wp-content\/uploads\/2023\/10\/a7e6bd7c-2f1b-451f-98ff-d75d751817e2_1_1200x800-300x200.jpg 300w, https:\/\/tdv.org\/tr-TR\/wp-content\/uploads\/2023\/10\/a7e6bd7c-2f1b-451f-98ff-d75d751817e2_1_1200x800-1024x683.jpg 1024w, https:\/\/tdv.org\/tr-TR\/wp-content\/uploads\/2023\/10\/a7e6bd7c-2f1b-451f-98ff-d75d751817e2_1_1200x800-768x512.jpg 768w, https:\/\/tdv.org\/tr-TR\/wp-content\/uploads\/2023\/10\/a7e6bd7c-2f1b-451f-98ff-d75d751817e2_1_1200x800-900x600.jpg 900w\" sizes=\"(max-width: 1200px) 100vw, 1200px\" \/><\/a>\n\t\t\t<\/dt><\/dl><br style=\"clear: both\" \/>\n\t\t<\/div>\n\n","protected":false},"excerpt":{"rendered":"<p>Diyanet \u0130\u015fleri Ba\u015fkan\u0131 ve T\u00fcrkiye Diyanet Vakf\u0131 M\u00fctevelli Heyeti Ba\u015fkan\u0131 Prof. Dr. Ali Erba\u015f, \u00e7e\u015fitli programlar i\u00e7in gitti\u011fi Denizli\u2019de, T\u00fcrkiye Diyanet Vakf\u0131 (TDV) Denizli \u015eubesi b\u00fcnyesinde olu\u015fturulan arama kurtarma ekibiyle&#8230;<\/p>\n","protected":false},"author":8,"featured_media":34234,"comment_status":"open","ping_status":"closed","sticky":false,"template":"","format":"standard","meta":{"footnotes":""},"categories":[1],"tags":[523,504,2086,550,233,433,596,2078],"class_list":{"0":"post-34233","1":"post","2":"type-post","3":"status-publish","4":"format-standard","5":"has-post-thumbnail","7":"category-haberler","8":"tag-arama-kurtarma","9":"tag-deprem","10":"tag-deprem-bolgesi","11":"tag-dib-baskani-ve-tdv-mutevelli-heyeti-baskani-prof-dr-ali-erbas","12":"tag-diyanet-isleri-baskani-ali-erbas","13":"tag-diyanet-isleri-baskani-prof-dr-ali-erbas","14":"tag-diyanet-isleri-baskani-ve-turkiye-diyanet-vakfi-mutevelli-heyeti-baskani-prof-dr-ali-erbas","15":"tag-kahramanmaras-depremi"},"yoast_head":"<!-- This site is optimized with the Yoast SEO plugin v27.4 - https:\/\/yoast.com\/product\/yoast-seo-wordpress\/ -->\n<title>Diyanet \u0130\u015fleri Ba\u015fkan\u0131 Erba\u015f, TDV Denizli \u015eubesi Arama Kurtarma Ekibi ile bir araya geldi<\/title>\n<meta name=\"description\" content=\"Diyanet \u0130\u015fleri Ba\u015fkan\u0131 ve T\u00fcrkiye Diyanet Vakf\u0131 M\u00fctevelli Heyeti Ba\u015fkan\u0131 Prof. Dr. Ali Erba\u015f, \u00e7e\u015fitli programlar i\u00e7in gitti\u011fi Denizli\u2019de, T\u00fcrkiye Diyanet Vakf\u0131 (TDV) Denizli \u015eubesi b\u00fcnyesinde olu\u015fturulan arama kurtarma ekibiyle bir araya geldi.\" \/>\n<meta name=\"robots\" content=\"index, follow, max-snippet:-1, max-image-preview:large, max-video-preview:-1\" \/>\n<link rel=\"canonical\" href=\"https:\/\/tdv.org\/tr-TR\/diyanet-isleri-baskani-erbas-tdv-denizli-subesi-arama-kurtarma-ekibi-ile-bir-araya-geldi\/\" \/>\n<meta property=\"og:locale\" content=\"tr_TR\" \/>\n<meta property=\"og:type\" content=\"article\" \/>\n<meta property=\"og:title\" content=\"Diyanet \u0130\u015fleri Ba\u015fkan\u0131 Erba\u015f, TDV Denizli \u015eubesi Arama Kurtarma Ekibi ile bir araya geldi\" \/>\n<meta property=\"og:description\" content=\"Diyanet \u0130\u015fleri Ba\u015fkan\u0131 ve T\u00fcrkiye Diyanet Vakf\u0131 M\u00fctevelli Heyeti Ba\u015fkan\u0131 Prof. Dr. Ali Erba\u015f, \u00e7e\u015fitli programlar i\u00e7in gitti\u011fi Denizli\u2019de, T\u00fcrkiye Diyanet Vakf\u0131 (TDV) Denizli \u015eubesi b\u00fcnyesinde olu\u015fturulan arama kurtarma ekibiyle bir araya geldi.\" \/>\n<meta property=\"og:url\" content=\"https:\/\/tdv.org\/tr-TR\/diyanet-isleri-baskani-erbas-tdv-denizli-subesi-arama-kurtarma-ekibi-ile-bir-araya-geldi\/\" \/>\n<meta property=\"og:site_name\" content=\"T\u00fcrkiye Diyanet Vakf\u0131 Resmi Web Sitesi\" \/>\n<meta property=\"article:publisher\" content=\"https:\/\/www.facebook.com\/Diyanetvakfi\/\" \/>\n<meta property=\"article:published_time\" content=\"2023-10-28T07:59:25+00:00\" \/>\n<meta property=\"og:image\" content=\"https:\/\/tdv.org\/tr-TR\/wp-content\/uploads\/2023\/10\/94172296-a766-42d1-a264-a994e0271cbf_1_1200x800.jpg\" \/>\n\t<meta property=\"og:image:width\" content=\"1200\" \/>\n\t<meta property=\"og:image:height\" content=\"800\" \/>\n\t<meta property=\"og:image:type\" content=\"image\/jpeg\" \/>\n<meta name=\"author\" content=\"Selim\" \/>\n<meta name=\"twitter:card\" content=\"summary_large_image\" \/>\n<meta name=\"twitter:creator\" content=\"@DiyanetVakfi\" \/>\n<meta name=\"twitter:site\" content=\"@DiyanetVakfi\" \/>\n<script type=\"application\/ld+json\" class=\"yoast-schema-graph\">{\"@context\":\"https:\\\/\\\/schema.org\",\"@graph\":[{\"@type\":\"Article\",\"@id\":\"https:\\\/\\\/tdv.org\\\/tr-TR\\\/diyanet-isleri-baskani-erbas-tdv-denizli-subesi-arama-kurtarma-ekibi-ile-bir-araya-geldi\\\/#article\",\"isPartOf\":{\"@id\":\"https:\\\/\\\/tdv.org\\\/tr-TR\\\/diyanet-isleri-baskani-erbas-tdv-denizli-subesi-arama-kurtarma-ekibi-ile-bir-araya-geldi\\\/\"},\"author\":{\"name\":\"Selim\",\"@id\":\"https:\\\/\\\/tdv.org\\\/tr-TR\\\/#\\\/schema\\\/person\\\/752b55e264a99273d55636516d96d5eb\"},\"headline\":\"Diyanet \u0130\u015fleri Ba\u015fkan\u0131 Erba\u015f, TDV Denizli \u015eubesi Arama Kurtarma Ekibi ile bir araya geldi\",\"datePublished\":\"2023-10-28T07:59:25+00:00\",\"mainEntityOfPage\":{\"@id\":\"https:\\\/\\\/tdv.org\\\/tr-TR\\\/diyanet-isleri-baskani-erbas-tdv-denizli-subesi-arama-kurtarma-ekibi-ile-bir-araya-geldi\\\/\"},\"wordCount\":418,\"commentCount\":0,\"publisher\":{\"@id\":\"https:\\\/\\\/tdv.org\\\/tr-TR\\\/#organization\"},\"image\":{\"@id\":\"https:\\\/\\\/tdv.org\\\/tr-TR\\\/diyanet-isleri-baskani-erbas-tdv-denizli-subesi-arama-kurtarma-ekibi-ile-bir-araya-geldi\\\/#primaryimage\"},\"thumbnailUrl\":\"https:\\\/\\\/tdv.org\\\/tr-TR\\\/wp-content\\\/uploads\\\/2023\\\/10\\\/94172296-a766-42d1-a264-a994e0271cbf_1_1200x800.jpg\",\"keywords\":[\"arama kurtarma\",\"Deprem\",\"deprem b\u00f6lgesi\",\"D\u0130B Ba\u015fkan\u0131 ve TDV M\u00fctevelli Heyeti Ba\u015fkan\u0131 Prof. Dr. Ali Erba\u015f\",\"Diyanet \u0130\u015fleri Ba\u015fkan\u0131 Ali Erba\u015f\",\"Diyanet \u0130\u015fleri Ba\u015fkan\u0131 Prof. Dr. Ali Erba\u015f\",\"Diyanet \u0130\u015fleri Ba\u015fkan\u0131 ve T\u00fcrkiye Diyanet Vakf\u0131 M\u00fctevelli Heyeti Ba\u015fkan\u0131 Prof. Dr. Ali Erba\u015f\",\"Kahramanmara\u015f Depremi\"],\"articleSection\":[\"Haberler\"],\"inLanguage\":\"tr\",\"potentialAction\":[{\"@type\":\"CommentAction\",\"name\":\"Comment\",\"target\":[\"https:\\\/\\\/tdv.org\\\/tr-TR\\\/diyanet-isleri-baskani-erbas-tdv-denizli-subesi-arama-kurtarma-ekibi-ile-bir-araya-geldi\\\/#respond\"]}]},{\"@type\":\"WebPage\",\"@id\":\"https:\\\/\\\/tdv.org\\\/tr-TR\\\/diyanet-isleri-baskani-erbas-tdv-denizli-subesi-arama-kurtarma-ekibi-ile-bir-araya-geldi\\\/\",\"url\":\"https:\\\/\\\/tdv.org\\\/tr-TR\\\/diyanet-isleri-baskani-erbas-tdv-denizli-subesi-arama-kurtarma-ekibi-ile-bir-araya-geldi\\\/\",\"name\":\"Diyanet \u0130\u015fleri Ba\u015fkan\u0131 Erba\u015f, TDV Denizli \u015eubesi Arama Kurtarma Ekibi ile bir araya geldi\",\"isPartOf\":{\"@id\":\"https:\\\/\\\/tdv.org\\\/tr-TR\\\/#website\"},\"primaryImageOfPage\":{\"@id\":\"https:\\\/\\\/tdv.org\\\/tr-TR\\\/diyanet-isleri-baskani-erbas-tdv-denizli-subesi-arama-kurtarma-ekibi-ile-bir-araya-geldi\\\/#primaryimage\"},\"image\":{\"@id\":\"https:\\\/\\\/tdv.org\\\/tr-TR\\\/diyanet-isleri-baskani-erbas-tdv-denizli-subesi-arama-kurtarma-ekibi-ile-bir-araya-geldi\\\/#primaryimage\"},\"thumbnailUrl\":\"https:\\\/\\\/tdv.org\\\/tr-TR\\\/wp-content\\\/uploads\\\/2023\\\/10\\\/94172296-a766-42d1-a264-a994e0271cbf_1_1200x800.jpg\",\"datePublished\":\"2023-10-28T07:59:25+00:00\",\"description\":\"Diyanet \u0130\u015fleri Ba\u015fkan\u0131 ve T\u00fcrkiye Diyanet Vakf\u0131 M\u00fctevelli Heyeti Ba\u015fkan\u0131 Prof. Dr. Ali Erba\u015f, \u00e7e\u015fitli programlar i\u00e7in gitti\u011fi Denizli\u2019de, T\u00fcrkiye Diyanet Vakf\u0131 (TDV) Denizli \u015eubesi b\u00fcnyesinde olu\u015fturulan arama kurtarma ekibiyle bir araya geldi.\",\"breadcrumb\":{\"@id\":\"https:\\\/\\\/tdv.org\\\/tr-TR\\\/diyanet-isleri-baskani-erbas-tdv-denizli-subesi-arama-kurtarma-ekibi-ile-bir-araya-geldi\\\/#breadcrumb\"},\"inLanguage\":\"tr\",\"potentialAction\":[{\"@type\":\"ReadAction\",\"target\":[\"https:\\\/\\\/tdv.org\\\/tr-TR\\\/diyanet-isleri-baskani-erbas-tdv-denizli-subesi-arama-kurtarma-ekibi-ile-bir-araya-geldi\\\/\"]}]},{\"@type\":\"ImageObject\",\"inLanguage\":\"tr\",\"@id\":\"https:\\\/\\\/tdv.org\\\/tr-TR\\\/diyanet-isleri-baskani-erbas-tdv-denizli-subesi-arama-kurtarma-ekibi-ile-bir-araya-geldi\\\/#primaryimage\",\"url\":\"https:\\\/\\\/tdv.org\\\/tr-TR\\\/wp-content\\\/uploads\\\/2023\\\/10\\\/94172296-a766-42d1-a264-a994e0271cbf_1_1200x800.jpg\",\"contentUrl\":\"https:\\\/\\\/tdv.org\\\/tr-TR\\\/wp-content\\\/uploads\\\/2023\\\/10\\\/94172296-a766-42d1-a264-a994e0271cbf_1_1200x800.jpg\",\"width\":1200,\"height\":800},{\"@type\":\"BreadcrumbList\",\"@id\":\"https:\\\/\\\/tdv.org\\\/tr-TR\\\/diyanet-isleri-baskani-erbas-tdv-denizli-subesi-arama-kurtarma-ekibi-ile-bir-araya-geldi\\\/#breadcrumb\",\"itemListElement\":[{\"@type\":\"ListItem\",\"position\":1,\"name\":\"Anasayfa\",\"item\":\"https:\\\/\\\/tdv.org\\\/tr-TR\\\/\"},{\"@type\":\"ListItem\",\"position\":2,\"name\":\"Diyanet \u0130\u015fleri Ba\u015fkan\u0131 Erba\u015f, TDV Denizli \u015eubesi Arama Kurtarma Ekibi ile bir araya geldi\"}]},{\"@type\":\"WebSite\",\"@id\":\"https:\\\/\\\/tdv.org\\\/tr-TR\\\/#website\",\"url\":\"https:\\\/\\\/tdv.org\\\/tr-TR\\\/\",\"name\":\"T\u00fcrkiye Diyanet Vakf\u0131 Resmi Web Sitesi\",\"description\":\"Yery\u00fcz\u00fcnde iyilik egemen oluncaya kadar\",\"publisher\":{\"@id\":\"https:\\\/\\\/tdv.org\\\/tr-TR\\\/#organization\"},\"alternateName\":\"T\u00fcrkiye Diyanet Vakf\u0131\",\"potentialAction\":[{\"@type\":\"SearchAction\",\"target\":{\"@type\":\"EntryPoint\",\"urlTemplate\":\"https:\\\/\\\/tdv.org\\\/tr-TR\\\/?s={search_term_string}\"},\"query-input\":{\"@type\":\"PropertyValueSpecification\",\"valueRequired\":true,\"valueName\":\"search_term_string\"}}],\"inLanguage\":\"tr\"},{\"@type\":\"Organization\",\"@id\":\"https:\\\/\\\/tdv.org\\\/tr-TR\\\/#organization\",\"name\":\"T\u00fcrkiye Diyanet Vakf\u0131\",\"alternateName\":\"T\u00fcrkiye Diyanet Vakf\u0131\",\"url\":\"https:\\\/\\\/tdv.org\\\/tr-TR\\\/\",\"logo\":{\"@type\":\"ImageObject\",\"inLanguage\":\"tr\",\"@id\":\"https:\\\/\\\/tdv.org\\\/tr-TR\\\/#\\\/schema\\\/logo\\\/image\\\/\",\"url\":\"https:\\\/\\\/tdv.org\\\/tr-TR\\\/wp-content\\\/uploads\\\/2018\\\/12\\\/TDV_Logo_1.png\",\"contentUrl\":\"https:\\\/\\\/tdv.org\\\/tr-TR\\\/wp-content\\\/uploads\\\/2018\\\/12\\\/TDV_Logo_1.png\",\"width\":207,\"height\":71,\"caption\":\"T\u00fcrkiye Diyanet Vakf\u0131\"},\"image\":{\"@id\":\"https:\\\/\\\/tdv.org\\\/tr-TR\\\/#\\\/schema\\\/logo\\\/image\\\/\"},\"sameAs\":[\"https:\\\/\\\/www.facebook.com\\\/Diyanetvakfi\\\/\",\"https:\\\/\\\/x.com\\\/DiyanetVakfi\",\"https:\\\/\\\/www.instagram.com\\\/turkiyediyanetvakfi\\\/\",\"https:\\\/\\\/www.youtube.com\\\/user\\\/TurkiyeDiyanetVakfi\"]},{\"@type\":\"Person\",\"@id\":\"https:\\\/\\\/tdv.org\\\/tr-TR\\\/#\\\/schema\\\/person\\\/752b55e264a99273d55636516d96d5eb\",\"name\":\"Selim\",\"image\":{\"@type\":\"ImageObject\",\"inLanguage\":\"tr\",\"@id\":\"https:\\\/\\\/tdv.org\\\/tr-TR\\\/wp-content\\\/litespeed\\\/avatar\\\/a1e47b25396e98e5b781e88a5396cd96.jpg?ver=1776682544\",\"url\":\"https:\\\/\\\/tdv.org\\\/tr-TR\\\/wp-content\\\/litespeed\\\/avatar\\\/a1e47b25396e98e5b781e88a5396cd96.jpg?ver=1776682544\",\"contentUrl\":\"https:\\\/\\\/tdv.org\\\/tr-TR\\\/wp-content\\\/litespeed\\\/avatar\\\/a1e47b25396e98e5b781e88a5396cd96.jpg?ver=1776682544\",\"caption\":\"Selim\"}}]}<\/script>\n<!-- \/ Yoast SEO plugin. -->","yoast_head_json":{"title":"Diyanet \u0130\u015fleri Ba\u015fkan\u0131 Erba\u015f, TDV Denizli \u015eubesi Arama Kurtarma Ekibi ile bir araya geldi","description":"Diyanet \u0130\u015fleri Ba\u015fkan\u0131 ve T\u00fcrkiye Diyanet Vakf\u0131 M\u00fctevelli Heyeti Ba\u015fkan\u0131 Prof. Dr. Ali Erba\u015f, \u00e7e\u015fitli programlar i\u00e7in gitti\u011fi Denizli\u2019de, T\u00fcrkiye Diyanet Vakf\u0131 (TDV) Denizli \u015eubesi b\u00fcnyesinde olu\u015fturulan arama kurtarma ekibiyle bir araya geldi.","robots":{"index":"index","follow":"follow","max-snippet":"max-snippet:-1","max-image-preview":"max-image-preview:large","max-video-preview":"max-video-preview:-1"},"canonical":"https:\/\/tdv.org\/tr-TR\/diyanet-isleri-baskani-erbas-tdv-denizli-subesi-arama-kurtarma-ekibi-ile-bir-araya-geldi\/","og_locale":"tr_TR","og_type":"article","og_title":"Diyanet \u0130\u015fleri Ba\u015fkan\u0131 Erba\u015f, TDV Denizli \u015eubesi Arama Kurtarma Ekibi ile bir araya geldi","og_description":"Diyanet \u0130\u015fleri Ba\u015fkan\u0131 ve T\u00fcrkiye Diyanet Vakf\u0131 M\u00fctevelli Heyeti Ba\u015fkan\u0131 Prof. Dr. Ali Erba\u015f, \u00e7e\u015fitli programlar i\u00e7in gitti\u011fi Denizli\u2019de, T\u00fcrkiye Diyanet Vakf\u0131 (TDV) Denizli \u015eubesi b\u00fcnyesinde olu\u015fturulan arama kurtarma ekibiyle bir araya geldi.","og_url":"https:\/\/tdv.org\/tr-TR\/diyanet-isleri-baskani-erbas-tdv-denizli-subesi-arama-kurtarma-ekibi-ile-bir-araya-geldi\/","og_site_name":"T\u00fcrkiye Diyanet Vakf\u0131 Resmi Web Sitesi","article_publisher":"https:\/\/www.facebook.com\/Diyanetvakfi\/","article_published_time":"2023-10-28T07:59:25+00:00","og_image":[{"width":1200,"height":800,"url":"https:\/\/tdv.org\/tr-TR\/wp-content\/uploads\/2023\/10\/94172296-a766-42d1-a264-a994e0271cbf_1_1200x800.jpg","type":"image\/jpeg"}],"author":"Selim","twitter_card":"summary_large_image","twitter_creator":"@DiyanetVakfi","twitter_site":"@DiyanetVakfi","schema":{"@context":"https:\/\/schema.org","@graph":[{"@type":"Article","@id":"https:\/\/tdv.org\/tr-TR\/diyanet-isleri-baskani-erbas-tdv-denizli-subesi-arama-kurtarma-ekibi-ile-bir-araya-geldi\/#article","isPartOf":{"@id":"https:\/\/tdv.org\/tr-TR\/diyanet-isleri-baskani-erbas-tdv-denizli-subesi-arama-kurtarma-ekibi-ile-bir-araya-geldi\/"},"author":{"name":"Selim","@id":"https:\/\/tdv.org\/tr-TR\/#\/schema\/person\/752b55e264a99273d55636516d96d5eb"},"headline":"Diyanet \u0130\u015fleri Ba\u015fkan\u0131 Erba\u015f, TDV Denizli \u015eubesi Arama Kurtarma Ekibi ile bir araya geldi","datePublished":"2023-10-28T07:59:25+00:00","mainEntityOfPage":{"@id":"https:\/\/tdv.org\/tr-TR\/diyanet-isleri-baskani-erbas-tdv-denizli-subesi-arama-kurtarma-ekibi-ile-bir-araya-geldi\/"},"wordCount":418,"commentCount":0,"publisher":{"@id":"https:\/\/tdv.org\/tr-TR\/#organization"},"image":{"@id":"https:\/\/tdv.org\/tr-TR\/diyanet-isleri-baskani-erbas-tdv-denizli-subesi-arama-kurtarma-ekibi-ile-bir-araya-geldi\/#primaryimage"},"thumbnailUrl":"https:\/\/tdv.org\/tr-TR\/wp-content\/uploads\/2023\/10\/94172296-a766-42d1-a264-a994e0271cbf_1_1200x800.jpg","keywords":["arama kurtarma","Deprem","deprem b\u00f6lgesi","D\u0130B Ba\u015fkan\u0131 ve TDV M\u00fctevelli Heyeti Ba\u015fkan\u0131 Prof. Dr. Ali Erba\u015f","Diyanet \u0130\u015fleri Ba\u015fkan\u0131 Ali Erba\u015f","Diyanet \u0130\u015fleri Ba\u015fkan\u0131 Prof. Dr. Ali Erba\u015f","Diyanet \u0130\u015fleri Ba\u015fkan\u0131 ve T\u00fcrkiye Diyanet Vakf\u0131 M\u00fctevelli Heyeti Ba\u015fkan\u0131 Prof. Dr. Ali Erba\u015f","Kahramanmara\u015f Depremi"],"articleSection":["Haberler"],"inLanguage":"tr","potentialAction":[{"@type":"CommentAction","name":"Comment","target":["https:\/\/tdv.org\/tr-TR\/diyanet-isleri-baskani-erbas-tdv-denizli-subesi-arama-kurtarma-ekibi-ile-bir-araya-geldi\/#respond"]}]},{"@type":"WebPage","@id":"https:\/\/tdv.org\/tr-TR\/diyanet-isleri-baskani-erbas-tdv-denizli-subesi-arama-kurtarma-ekibi-ile-bir-araya-geldi\/","url":"https:\/\/tdv.org\/tr-TR\/diyanet-isleri-baskani-erbas-tdv-denizli-subesi-arama-kurtarma-ekibi-ile-bir-araya-geldi\/","name":"Diyanet \u0130\u015fleri Ba\u015fkan\u0131 Erba\u015f, TDV Denizli \u015eubesi Arama Kurtarma Ekibi ile bir araya geldi","isPartOf":{"@id":"https:\/\/tdv.org\/tr-TR\/#website"},"primaryImageOfPage":{"@id":"https:\/\/tdv.org\/tr-TR\/diyanet-isleri-baskani-erbas-tdv-denizli-subesi-arama-kurtarma-ekibi-ile-bir-araya-geldi\/#primaryimage"},"image":{"@id":"https:\/\/tdv.org\/tr-TR\/diyanet-isleri-baskani-erbas-tdv-denizli-subesi-arama-kurtarma-ekibi-ile-bir-araya-geldi\/#primaryimage"},"thumbnailUrl":"https:\/\/tdv.org\/tr-TR\/wp-content\/uploads\/2023\/10\/94172296-a766-42d1-a264-a994e0271cbf_1_1200x800.jpg","datePublished":"2023-10-28T07:59:25+00:00","description":"Diyanet \u0130\u015fleri Ba\u015fkan\u0131 ve T\u00fcrkiye Diyanet Vakf\u0131 M\u00fctevelli Heyeti Ba\u015fkan\u0131 Prof. Dr. Ali Erba\u015f, \u00e7e\u015fitli programlar i\u00e7in gitti\u011fi Denizli\u2019de, T\u00fcrkiye Diyanet Vakf\u0131 (TDV) Denizli \u015eubesi b\u00fcnyesinde olu\u015fturulan arama kurtarma ekibiyle bir araya geldi.","breadcrumb":{"@id":"https:\/\/tdv.org\/tr-TR\/diyanet-isleri-baskani-erbas-tdv-denizli-subesi-arama-kurtarma-ekibi-ile-bir-araya-geldi\/#breadcrumb"},"inLanguage":"tr","potentialAction":[{"@type":"ReadAction","target":["https:\/\/tdv.org\/tr-TR\/diyanet-isleri-baskani-erbas-tdv-denizli-subesi-arama-kurtarma-ekibi-ile-bir-araya-geldi\/"]}]},{"@type":"ImageObject","inLanguage":"tr","@id":"https:\/\/tdv.org\/tr-TR\/diyanet-isleri-baskani-erbas-tdv-denizli-subesi-arama-kurtarma-ekibi-ile-bir-araya-geldi\/#primaryimage","url":"https:\/\/tdv.org\/tr-TR\/wp-content\/uploads\/2023\/10\/94172296-a766-42d1-a264-a994e0271cbf_1_1200x800.jpg","contentUrl":"https:\/\/tdv.org\/tr-TR\/wp-content\/uploads\/2023\/10\/94172296-a766-42d1-a264-a994e0271cbf_1_1200x800.jpg","width":1200,"height":800},{"@type":"BreadcrumbList","@id":"https:\/\/tdv.org\/tr-TR\/diyanet-isleri-baskani-erbas-tdv-denizli-subesi-arama-kurtarma-ekibi-ile-bir-araya-geldi\/#breadcrumb","itemListElement":[{"@type":"ListItem","position":1,"name":"Anasayfa","item":"https:\/\/tdv.org\/tr-TR\/"},{"@type":"ListItem","position":2,"name":"Diyanet \u0130\u015fleri Ba\u015fkan\u0131 Erba\u015f, TDV Denizli \u015eubesi Arama Kurtarma Ekibi ile bir araya geldi"}]},{"@type":"WebSite","@id":"https:\/\/tdv.org\/tr-TR\/#website","url":"https:\/\/tdv.org\/tr-TR\/","name":"T\u00fcrkiye Diyanet Vakf\u0131 Resmi Web Sitesi","description":"Yery\u00fcz\u00fcnde iyilik egemen oluncaya kadar","publisher":{"@id":"https:\/\/tdv.org\/tr-TR\/#organization"},"alternateName":"T\u00fcrkiye Diyanet Vakf\u0131","potentialAction":[{"@type":"SearchAction","target":{"@type":"EntryPoint","urlTemplate":"https:\/\/tdv.org\/tr-TR\/?s={search_term_string}"},"query-input":{"@type":"PropertyValueSpecification","valueRequired":true,"valueName":"search_term_string"}}],"inLanguage":"tr"},{"@type":"Organization","@id":"https:\/\/tdv.org\/tr-TR\/#organization","name":"T\u00fcrkiye Diyanet Vakf\u0131","alternateName":"T\u00fcrkiye Diyanet Vakf\u0131","url":"https:\/\/tdv.org\/tr-TR\/","logo":{"@type":"ImageObject","inLanguage":"tr","@id":"https:\/\/tdv.org\/tr-TR\/#\/schema\/logo\/image\/","url":"https:\/\/tdv.org\/tr-TR\/wp-content\/uploads\/2018\/12\/TDV_Logo_1.png","contentUrl":"https:\/\/tdv.org\/tr-TR\/wp-content\/uploads\/2018\/12\/TDV_Logo_1.png","width":207,"height":71,"caption":"T\u00fcrkiye Diyanet Vakf\u0131"},"image":{"@id":"https:\/\/tdv.org\/tr-TR\/#\/schema\/logo\/image\/"},"sameAs":["https:\/\/www.facebook.com\/Diyanetvakfi\/","https:\/\/x.com\/DiyanetVakfi","https:\/\/www.instagram.com\/turkiyediyanetvakfi\/","https:\/\/www.youtube.com\/user\/TurkiyeDiyanetVakfi"]},{"@type":"Person","@id":"https:\/\/tdv.org\/tr-TR\/#\/schema\/person\/752b55e264a99273d55636516d96d5eb","name":"Selim","image":{"@type":"ImageObject","inLanguage":"tr","@id":"https:\/\/tdv.org\/tr-TR\/wp-content\/litespeed\/avatar\/a1e47b25396e98e5b781e88a5396cd96.jpg?ver=1776682544","url":"https:\/\/tdv.org\/tr-TR\/wp-content\/litespeed\/avatar\/a1e47b25396e98e5b781e88a5396cd96.jpg?ver=1776682544","contentUrl":"https:\/\/tdv.org\/tr-TR\/wp-content\/litespeed\/avatar\/a1e47b25396e98e5b781e88a5396cd96.jpg?ver=1776682544","caption":"Selim"}}]}},"_links":{"self":[{"href":"https:\/\/tdv.org\/tr-TR\/wp-json\/wp\/v2\/posts\/34233","targetHints":{"allow":["GET"]}}],"collection":[{"href":"https:\/\/tdv.org\/tr-TR\/wp-json\/wp\/v2\/posts"}],"about":[{"href":"https:\/\/tdv.org\/tr-TR\/wp-json\/wp\/v2\/types\/post"}],"author":[{"embeddable":true,"href":"https:\/\/tdv.org\/tr-TR\/wp-json\/wp\/v2\/users\/8"}],"replies":[{"embeddable":true,"href":"https:\/\/tdv.org\/tr-TR\/wp-json\/wp\/v2\/comments?post=34233"}],"version-history":[{"count":1,"href":"https:\/\/tdv.org\/tr-TR\/wp-json\/wp\/v2\/posts\/34233\/revisions"}],"predecessor-version":[{"id":34246,"href":"https:\/\/tdv.org\/tr-TR\/wp-json\/wp\/v2\/posts\/34233\/revisions\/34246"}],"wp:featuredmedia":[{"embeddable":true,"href":"https:\/\/tdv.org\/tr-TR\/wp-json\/wp\/v2\/media\/34234"}],"wp:attachment":[{"href":"https:\/\/tdv.org\/tr-TR\/wp-json\/wp\/v2\/media?parent=34233"}],"wp:term":[{"taxonomy":"category","embeddable":true,"href":"https:\/\/tdv.org\/tr-TR\/wp-json\/wp\/v2\/categories?post=34233"},{"taxonomy":"post_tag","embeddable":true,"href":"https:\/\/tdv.org\/tr-TR\/wp-json\/wp\/v2\/tags?post=34233"}],"curies":[{"name":"wp","href":"https:\/\/api.w.org\/{rel}","templated":true}]}}