{"id":34247,"date":"2023-10-29T11:05:26","date_gmt":"2023-10-29T08:05:26","guid":{"rendered":"https:\/\/tdv.org\/tr-TR\/?p=34247"},"modified":"2023-10-29T11:05:53","modified_gmt":"2023-10-29T08:05:53","slug":"diyanet-isleri-baskani-erbasin-29-ekim-cumhuriyet-bayrami-mesaji","status":"publish","type":"post","link":"https:\/\/tdv.org\/tr-TR\/diyanet-isleri-baskani-erbasin-29-ekim-cumhuriyet-bayrami-mesaji\/","title":{"rendered":"Diyanet \u0130\u015fleri Ba\u015fkan\u0131 Erba\u015f\u2019\u0131n \u201c29 Ekim Cumhuriyet Bayram\u0131\u201d Mesaj\u0131"},"content":{"rendered":"<p class=\"text-justify\" style=\"text-align: justify;\">Diyanet \u0130\u015fleri Ba\u015fkan\u0131 ve T\u00fcrkiye Diyanet Vakf\u0131 M\u00fctevelli Heyeti Ba\u015fkan\u0131 Prof. Dr. Ali Erba\u015f, 29 Ekim Cumhuriyet Bayram\u0131 mesaj\u0131nda milletimizin bayram\u0131n\u0131 tebrik ederek, \u201c\u015eanl\u0131 tarihimizden ald\u0131\u011f\u0131m\u0131z g\u00fc\u00e7le gelece\u011fe do\u011fru emin ad\u0131mlarla ilerlerken, Cumhuriyetimizin kurulu\u015funun 100. y\u0131l\u0131n\u0131 millet olarak birlik-beraberlik i\u00e7inde kutlaman\u0131n co\u015fkusunu ya\u015f\u0131yoruz.\u201d ifadesini kulland\u0131.<\/p>\n<div>\n<p style=\"text-align: justify;\">\u015eanl\u0131 tarihimizden ald\u0131\u011f\u0131m\u0131z g\u00fc\u00e7le gelece\u011fe do\u011fru emin ad\u0131mlarla ilerlerken, Cumhuriyetimizin kurulu\u015funun 100. y\u0131l\u0131n\u0131 millet olarak birlik-beraberlik i\u00e7inde kutlaman\u0131n co\u015fkusunu ya\u015f\u0131yoruz. Aziz milletimizin, yurt d\u0131\u015f\u0131nda ya\u015fayan vatanda\u015f ve soyda\u015flar\u0131m\u0131z\u0131n Cumhuriyet Bayram\u0131\u2019n\u0131 g\u00f6n\u00fclden tebrik ediyorum.<\/p>\n<p style=\"text-align: justify;\">T\u00fcrkiye Cumhuriyeti, milletimizin g\u00f6sterdi\u011fi e\u015fsiz kahramanl\u0131\u011f\u0131n, emsalsiz vatan ve bayrak sevgisinin, vazge\u00e7ilmez ba\u011f\u0131ms\u0131zl\u0131k iste\u011finin bir eseridir. Sars\u0131lmaz inanc\u0131 ve dirayetiyle \u00f6zg\u00fcr iradesini, \u00fclkesini ve mukaddesat\u0131n\u0131 korumak i\u00e7in tarihe alt\u0131n harflerle yaz\u0131lan bir istiklal m\u00fccadelesi veren aziz milletimiz, esaret zincirlerini k\u0131rarak ba\u011f\u0131ms\u0131zl\u0131\u011f\u0131n\u0131 elde etmi\u015f ve T\u00fcrkiye Cumhuriyeti\u2019ni kurmu\u015ftur.<\/p>\n<p style=\"text-align: justify;\">Cumhuriyetimizin kurulu\u015fundan bug\u00fcne, b\u00f6l\u00fcnmez vatan topraklar\u0131m\u0131z \u00fczerinde, ay y\u0131ld\u0131zl\u0131 bayra\u011f\u0131m\u0131z\u0131n g\u00f6lgesinde \u00f6zg\u00fcrce ya\u015farken, cennet vatan\u0131m\u0131z\u0131, mukaddes de\u011ferlerimizi ve ba\u011f\u0131ms\u0131zl\u0131\u011f\u0131m\u0131z\u0131 daima muhafaza etmek i\u00e7in her t\u00fcrl\u00fc fedakarl\u0131\u011f\u0131 g\u00f6stermek, kahraman ecdad\u0131m\u0131za minnet borcumuzdur. Bizler, as\u0131rlar\u0131n kazand\u0131rd\u0131\u011f\u0131 birikimle ayd\u0131nl\u0131k yar\u0131nlara do\u011fru yol al\u0131rken toplumsal dayan\u0131\u015fma ruhu ve g\u00f6n\u00fcl birlikteli\u011fiyle her ge\u00e7en g\u00fcn daha da g\u00fc\u00e7lenen \u00fclkemiz i\u00e7in b\u0131kmadan, yorulmadan \u00e7al\u0131\u015fmaya devam edece\u011fiz.<\/p>\n<p style=\"text-align: justify;\">Bug\u00fcn ne yaz\u0131k ki d\u00fcnyan\u0131n pek \u00e7ok yerinde insanlar zulme u\u011framakta, topraklar\u0131ndan s\u00fcr\u00fclmekte, a\u00e7l\u0131k, yoksulluk dolay\u0131s\u0131yla ac\u0131 \u00e7ekmektedir. Filistin\u2019de ise tarihte \u015fimdiye kadar e\u015fi g\u00f6r\u00fclmemi\u015f bir zul\u00fcm ya\u015fanmaktad\u0131r. \u0130nan\u00e7lar\u0131, vatanlar\u0131, mukaddes de\u011ferleri u\u011fruna m\u00fccadele verirken katliama maruz kalan Filistinlilerin ac\u0131lar\u0131n\u0131 y\u00fcrekten payla\u015f\u0131yorum.<\/p>\n<p style=\"text-align: justify;\">Devletler ve Uluslararas\u0131 \u00d6rg\u00fctler, gitgide b\u00fcy\u00fcyen bu insanl\u0131k dram\u0131na kar\u015f\u0131 duyarl\u0131 olmal\u0131, daha fazla ge\u00e7 kalmadan gerekli tepkiyi g\u00f6stermelidir. Yerle\u015fim yerlerini, ibadethaneleri, hastaneleri, okullar\u0131 ve herhangi bir ayr\u0131m g\u00f6zetmeksizin b\u00fct\u00fcn sivilleri hedef alan bu geni\u015f \u00e7apl\u0131 vah\u015fetin bir an \u00f6nce durdurulmas\u0131 i\u00e7in harekete ge\u00e7mek, herkes i\u00e7in insani ve vicdani bir sorumluluktur. B\u00f6lgede bar\u0131\u015f, refah, adalet ve huzurun tesisi, ancak sistemli bir \u015fekilde devam eden i\u015fgalin sona erdirilmesi ve Filistinlilere uygulanan vah\u015fetin durdurulmas\u0131 ile m\u00fcmk\u00fcn olabilecektir.<\/p>\n<p style=\"text-align: justify;\">Bu vesileyle Cumhuriyetimizin kurucusu Gazi Mustafa Kemal Atat\u00fcrk ba\u015fta olmak \u00fczere silah arkada\u015flar\u0131n\u0131 ve devlet b\u00fcy\u00fcklerimizi, sayg\u0131 ve minnetle yad ediyorum. Bu topraklar\u0131 bize vatan k\u0131lmak i\u00e7in m\u00fccadele veren ecdad\u0131m\u0131za, bu u\u011furda canlar\u0131n\u0131 feda eden \u015fehitlerimize ve ahirete irtihal eden gazilerimize Y\u00fcce Allah\u2019tan rahmet diliyorum.<\/p>\n<p style=\"text-align: justify;\">29 Ekim Cumhuriyet Bayram\u0131m\u0131z kutlu olsun.<\/p>\n<p style=\"text-align: justify;\"><strong>Prof. Dr. Ali ERBA\u015e<br \/>\n<\/strong><strong>Diyanet \u0130\u015fleri Ba\u015fkan\u0131 ve T\u00fcrkiye Diyanet Vakf\u0131 M\u00fctevelli Heyeti Ba\u015fkan\u0131<\/strong><\/p>\n<p>&nbsp;<\/p>\n<\/div>\n","protected":false},"excerpt":{"rendered":"<p>Diyanet \u0130\u015fleri Ba\u015fkan\u0131 ve T\u00fcrkiye Diyanet Vakf\u0131 M\u00fctevelli Heyeti Ba\u015fkan\u0131 Prof. Dr. Ali Erba\u015f, 29 Ekim Cumhuriyet Bayram\u0131 mesaj\u0131nda milletimizin bayram\u0131n\u0131 tebrik ederek, \u201c\u015eanl\u0131 tarihimizden ald\u0131\u011f\u0131m\u0131z g\u00fc\u00e7le gelece\u011fe do\u011fru emin&#8230;<\/p>\n","protected":false},"author":8,"featured_media":34248,"comment_status":"open","ping_status":"closed","sticky":false,"template":"","format":"standard","meta":{"footnotes":""},"categories":[1],"tags":[130,729,550,596],"class_list":{"0":"post-34247","1":"post","2":"type-post","3":"status-publish","4":"format-standard","5":"has-post-thumbnail","7":"category-haberler","8":"tag-ali-erbas","9":"tag-ali-erbas-15-temmuz-mesaji","10":"tag-dib-baskani-ve-tdv-mutevelli-heyeti-baskani-prof-dr-ali-erbas","11":"tag-diyanet-isleri-baskani-ve-turkiye-diyanet-vakfi-mutevelli-heyeti-baskani-prof-dr-ali-erbas"},"yoast_head":"<!-- This site is optimized with the Yoast SEO plugin v27.4 - https:\/\/yoast.com\/product\/yoast-seo-wordpress\/ -->\n<title>Diyanet \u0130\u015fleri Ba\u015fkan\u0131 Erba\u015f\u2019\u0131n \u201c29 Ekim Cumhuriyet Bayram\u0131\u201d Mesaj\u0131<\/title>\n<meta name=\"description\" content=\"Diyanet \u0130\u015fleri Ba\u015fkan\u0131 ve T\u00fcrkiye Diyanet Vakf\u0131 M\u00fctevelli Heyeti Ba\u015fkan\u0131 Prof. Dr. Ali Erba\u015f, 29 Ekim Cumhuriyet Bayram\u0131 mesaj\u0131nda milletimizin bayram\u0131n\u0131 tebrik ederek, \u201c\u015eanl\u0131 tarihimizden ald\u0131\u011f\u0131m\u0131z g\u00fc\u00e7le gelece\u011fe do\u011fru emin ad\u0131mlarla ilerlerken, Cumhuriyetimizin kurulu\u015funun 100. y\u0131l\u0131n\u0131 millet olarak birlik-beraberlik i\u00e7inde kutlaman\u0131n co\u015fkusunu ya\u015f\u0131yoruz.\u201d ifadesini kulland\u0131.\" \/>\n<meta name=\"robots\" content=\"index, follow, max-snippet:-1, max-image-preview:large, max-video-preview:-1\" \/>\n<link rel=\"canonical\" href=\"https:\/\/tdv.org\/tr-TR\/diyanet-isleri-baskani-erbasin-29-ekim-cumhuriyet-bayrami-mesaji\/\" \/>\n<meta property=\"og:locale\" content=\"tr_TR\" \/>\n<meta property=\"og:type\" content=\"article\" \/>\n<meta property=\"og:title\" content=\"Diyanet \u0130\u015fleri Ba\u015fkan\u0131 Erba\u015f\u2019\u0131n \u201c29 Ekim Cumhuriyet Bayram\u0131\u201d Mesaj\u0131\" \/>\n<meta property=\"og:description\" content=\"Diyanet \u0130\u015fleri Ba\u015fkan\u0131 ve T\u00fcrkiye Diyanet Vakf\u0131 M\u00fctevelli Heyeti Ba\u015fkan\u0131 Prof. Dr. Ali Erba\u015f, 29 Ekim Cumhuriyet Bayram\u0131 mesaj\u0131nda milletimizin bayram\u0131n\u0131 tebrik ederek, \u201c\u015eanl\u0131 tarihimizden ald\u0131\u011f\u0131m\u0131z g\u00fc\u00e7le gelece\u011fe do\u011fru emin ad\u0131mlarla ilerlerken, Cumhuriyetimizin kurulu\u015funun 100. y\u0131l\u0131n\u0131 millet olarak birlik-beraberlik i\u00e7inde kutlaman\u0131n co\u015fkusunu ya\u015f\u0131yoruz.\u201d ifadesini kulland\u0131.\" \/>\n<meta property=\"og:url\" content=\"https:\/\/tdv.org\/tr-TR\/diyanet-isleri-baskani-erbasin-29-ekim-cumhuriyet-bayrami-mesaji\/\" \/>\n<meta property=\"og:site_name\" content=\"T\u00fcrkiye Diyanet Vakf\u0131 Resmi Web Sitesi\" \/>\n<meta property=\"article:publisher\" content=\"https:\/\/www.facebook.com\/Diyanetvakfi\/\" \/>\n<meta property=\"article:published_time\" content=\"2023-10-29T08:05:26+00:00\" \/>\n<meta property=\"article:modified_time\" content=\"2023-10-29T08:05:53+00:00\" \/>\n<meta property=\"og:image\" content=\"https:\/\/tdv.org\/tr-TR\/wp-content\/uploads\/2023\/10\/611bde3a-2b19-41f8-a476-d1e5b9deb87b_1_1200x800.jpg\" \/>\n\t<meta property=\"og:image:width\" content=\"1200\" \/>\n\t<meta property=\"og:image:height\" content=\"800\" \/>\n\t<meta property=\"og:image:type\" content=\"image\/jpeg\" \/>\n<meta name=\"author\" content=\"Selim\" \/>\n<meta name=\"twitter:card\" content=\"summary_large_image\" \/>\n<meta name=\"twitter:creator\" content=\"@DiyanetVakfi\" \/>\n<meta name=\"twitter:site\" content=\"@DiyanetVakfi\" \/>\n<script type=\"application\/ld+json\" class=\"yoast-schema-graph\">{\"@context\":\"https:\\\/\\\/schema.org\",\"@graph\":[{\"@type\":\"Article\",\"@id\":\"https:\\\/\\\/tdv.org\\\/tr-TR\\\/diyanet-isleri-baskani-erbasin-29-ekim-cumhuriyet-bayrami-mesaji\\\/#article\",\"isPartOf\":{\"@id\":\"https:\\\/\\\/tdv.org\\\/tr-TR\\\/diyanet-isleri-baskani-erbasin-29-ekim-cumhuriyet-bayrami-mesaji\\\/\"},\"author\":{\"name\":\"Selim\",\"@id\":\"https:\\\/\\\/tdv.org\\\/tr-TR\\\/#\\\/schema\\\/person\\\/752b55e264a99273d55636516d96d5eb\"},\"headline\":\"Diyanet \u0130\u015fleri Ba\u015fkan\u0131 Erba\u015f\u2019\u0131n \u201c29 Ekim Cumhuriyet Bayram\u0131\u201d Mesaj\u0131\",\"datePublished\":\"2023-10-29T08:05:26+00:00\",\"dateModified\":\"2023-10-29T08:05:53+00:00\",\"mainEntityOfPage\":{\"@id\":\"https:\\\/\\\/tdv.org\\\/tr-TR\\\/diyanet-isleri-baskani-erbasin-29-ekim-cumhuriyet-bayrami-mesaji\\\/\"},\"wordCount\":551,\"commentCount\":0,\"publisher\":{\"@id\":\"https:\\\/\\\/tdv.org\\\/tr-TR\\\/#organization\"},\"image\":{\"@id\":\"https:\\\/\\\/tdv.org\\\/tr-TR\\\/diyanet-isleri-baskani-erbasin-29-ekim-cumhuriyet-bayrami-mesaji\\\/#primaryimage\"},\"thumbnailUrl\":\"https:\\\/\\\/tdv.org\\\/tr-TR\\\/wp-content\\\/uploads\\\/2023\\\/10\\\/611bde3a-2b19-41f8-a476-d1e5b9deb87b_1_1200x800.jpg\",\"keywords\":[\"Ali Erba\u015f\",\"Ali Erba\u015f 15 Temmuz Mesaj\u0131\",\"D\u0130B Ba\u015fkan\u0131 ve TDV M\u00fctevelli Heyeti Ba\u015fkan\u0131 Prof. Dr. Ali Erba\u015f\",\"Diyanet \u0130\u015fleri Ba\u015fkan\u0131 ve T\u00fcrkiye Diyanet Vakf\u0131 M\u00fctevelli Heyeti Ba\u015fkan\u0131 Prof. Dr. Ali Erba\u015f\"],\"articleSection\":[\"Haberler\"],\"inLanguage\":\"tr\",\"potentialAction\":[{\"@type\":\"CommentAction\",\"name\":\"Comment\",\"target\":[\"https:\\\/\\\/tdv.org\\\/tr-TR\\\/diyanet-isleri-baskani-erbasin-29-ekim-cumhuriyet-bayrami-mesaji\\\/#respond\"]}]},{\"@type\":\"WebPage\",\"@id\":\"https:\\\/\\\/tdv.org\\\/tr-TR\\\/diyanet-isleri-baskani-erbasin-29-ekim-cumhuriyet-bayrami-mesaji\\\/\",\"url\":\"https:\\\/\\\/tdv.org\\\/tr-TR\\\/diyanet-isleri-baskani-erbasin-29-ekim-cumhuriyet-bayrami-mesaji\\\/\",\"name\":\"Diyanet \u0130\u015fleri Ba\u015fkan\u0131 Erba\u015f\u2019\u0131n \u201c29 Ekim Cumhuriyet Bayram\u0131\u201d Mesaj\u0131\",\"isPartOf\":{\"@id\":\"https:\\\/\\\/tdv.org\\\/tr-TR\\\/#website\"},\"primaryImageOfPage\":{\"@id\":\"https:\\\/\\\/tdv.org\\\/tr-TR\\\/diyanet-isleri-baskani-erbasin-29-ekim-cumhuriyet-bayrami-mesaji\\\/#primaryimage\"},\"image\":{\"@id\":\"https:\\\/\\\/tdv.org\\\/tr-TR\\\/diyanet-isleri-baskani-erbasin-29-ekim-cumhuriyet-bayrami-mesaji\\\/#primaryimage\"},\"thumbnailUrl\":\"https:\\\/\\\/tdv.org\\\/tr-TR\\\/wp-content\\\/uploads\\\/2023\\\/10\\\/611bde3a-2b19-41f8-a476-d1e5b9deb87b_1_1200x800.jpg\",\"datePublished\":\"2023-10-29T08:05:26+00:00\",\"dateModified\":\"2023-10-29T08:05:53+00:00\",\"description\":\"Diyanet \u0130\u015fleri Ba\u015fkan\u0131 ve T\u00fcrkiye Diyanet Vakf\u0131 M\u00fctevelli Heyeti Ba\u015fkan\u0131 Prof. Dr. Ali Erba\u015f, 29 Ekim Cumhuriyet Bayram\u0131 mesaj\u0131nda milletimizin bayram\u0131n\u0131 tebrik ederek, \u201c\u015eanl\u0131 tarihimizden ald\u0131\u011f\u0131m\u0131z g\u00fc\u00e7le gelece\u011fe do\u011fru emin ad\u0131mlarla ilerlerken, Cumhuriyetimizin kurulu\u015funun 100. y\u0131l\u0131n\u0131 millet olarak birlik-beraberlik i\u00e7inde kutlaman\u0131n co\u015fkusunu ya\u015f\u0131yoruz.\u201d ifadesini kulland\u0131.\",\"breadcrumb\":{\"@id\":\"https:\\\/\\\/tdv.org\\\/tr-TR\\\/diyanet-isleri-baskani-erbasin-29-ekim-cumhuriyet-bayrami-mesaji\\\/#breadcrumb\"},\"inLanguage\":\"tr\",\"potentialAction\":[{\"@type\":\"ReadAction\",\"target\":[\"https:\\\/\\\/tdv.org\\\/tr-TR\\\/diyanet-isleri-baskani-erbasin-29-ekim-cumhuriyet-bayrami-mesaji\\\/\"]}]},{\"@type\":\"ImageObject\",\"inLanguage\":\"tr\",\"@id\":\"https:\\\/\\\/tdv.org\\\/tr-TR\\\/diyanet-isleri-baskani-erbasin-29-ekim-cumhuriyet-bayrami-mesaji\\\/#primaryimage\",\"url\":\"https:\\\/\\\/tdv.org\\\/tr-TR\\\/wp-content\\\/uploads\\\/2023\\\/10\\\/611bde3a-2b19-41f8-a476-d1e5b9deb87b_1_1200x800.jpg\",\"contentUrl\":\"https:\\\/\\\/tdv.org\\\/tr-TR\\\/wp-content\\\/uploads\\\/2023\\\/10\\\/611bde3a-2b19-41f8-a476-d1e5b9deb87b_1_1200x800.jpg\",\"width\":1200,\"height\":800},{\"@type\":\"BreadcrumbList\",\"@id\":\"https:\\\/\\\/tdv.org\\\/tr-TR\\\/diyanet-isleri-baskani-erbasin-29-ekim-cumhuriyet-bayrami-mesaji\\\/#breadcrumb\",\"itemListElement\":[{\"@type\":\"ListItem\",\"position\":1,\"name\":\"Anasayfa\",\"item\":\"https:\\\/\\\/tdv.org\\\/tr-TR\\\/\"},{\"@type\":\"ListItem\",\"position\":2,\"name\":\"Diyanet \u0130\u015fleri Ba\u015fkan\u0131 Erba\u015f\u2019\u0131n \u201c29 Ekim Cumhuriyet Bayram\u0131\u201d Mesaj\u0131\"}]},{\"@type\":\"WebSite\",\"@id\":\"https:\\\/\\\/tdv.org\\\/tr-TR\\\/#website\",\"url\":\"https:\\\/\\\/tdv.org\\\/tr-TR\\\/\",\"name\":\"T\u00fcrkiye Diyanet Vakf\u0131 Resmi Web Sitesi\",\"description\":\"Yery\u00fcz\u00fcnde iyilik egemen oluncaya kadar\",\"publisher\":{\"@id\":\"https:\\\/\\\/tdv.org\\\/tr-TR\\\/#organization\"},\"alternateName\":\"T\u00fcrkiye Diyanet Vakf\u0131\",\"potentialAction\":[{\"@type\":\"SearchAction\",\"target\":{\"@type\":\"EntryPoint\",\"urlTemplate\":\"https:\\\/\\\/tdv.org\\\/tr-TR\\\/?s={search_term_string}\"},\"query-input\":{\"@type\":\"PropertyValueSpecification\",\"valueRequired\":true,\"valueName\":\"search_term_string\"}}],\"inLanguage\":\"tr\"},{\"@type\":\"Organization\",\"@id\":\"https:\\\/\\\/tdv.org\\\/tr-TR\\\/#organization\",\"name\":\"T\u00fcrkiye Diyanet Vakf\u0131\",\"alternateName\":\"T\u00fcrkiye Diyanet Vakf\u0131\",\"url\":\"https:\\\/\\\/tdv.org\\\/tr-TR\\\/\",\"logo\":{\"@type\":\"ImageObject\",\"inLanguage\":\"tr\",\"@id\":\"https:\\\/\\\/tdv.org\\\/tr-TR\\\/#\\\/schema\\\/logo\\\/image\\\/\",\"url\":\"https:\\\/\\\/tdv.org\\\/tr-TR\\\/wp-content\\\/uploads\\\/2018\\\/12\\\/TDV_Logo_1.png\",\"contentUrl\":\"https:\\\/\\\/tdv.org\\\/tr-TR\\\/wp-content\\\/uploads\\\/2018\\\/12\\\/TDV_Logo_1.png\",\"width\":207,\"height\":71,\"caption\":\"T\u00fcrkiye Diyanet Vakf\u0131\"},\"image\":{\"@id\":\"https:\\\/\\\/tdv.org\\\/tr-TR\\\/#\\\/schema\\\/logo\\\/image\\\/\"},\"sameAs\":[\"https:\\\/\\\/www.facebook.com\\\/Diyanetvakfi\\\/\",\"https:\\\/\\\/x.com\\\/DiyanetVakfi\",\"https:\\\/\\\/www.instagram.com\\\/turkiyediyanetvakfi\\\/\",\"https:\\\/\\\/www.youtube.com\\\/user\\\/TurkiyeDiyanetVakfi\"]},{\"@type\":\"Person\",\"@id\":\"https:\\\/\\\/tdv.org\\\/tr-TR\\\/#\\\/schema\\\/person\\\/752b55e264a99273d55636516d96d5eb\",\"name\":\"Selim\",\"image\":{\"@type\":\"ImageObject\",\"inLanguage\":\"tr\",\"@id\":\"https:\\\/\\\/tdv.org\\\/tr-TR\\\/wp-content\\\/litespeed\\\/avatar\\\/a1e47b25396e98e5b781e88a5396cd96.jpg?ver=1776682544\",\"url\":\"https:\\\/\\\/tdv.org\\\/tr-TR\\\/wp-content\\\/litespeed\\\/avatar\\\/a1e47b25396e98e5b781e88a5396cd96.jpg?ver=1776682544\",\"contentUrl\":\"https:\\\/\\\/tdv.org\\\/tr-TR\\\/wp-content\\\/litespeed\\\/avatar\\\/a1e47b25396e98e5b781e88a5396cd96.jpg?ver=1776682544\",\"caption\":\"Selim\"}}]}<\/script>\n<!-- \/ Yoast SEO plugin. -->","yoast_head_json":{"title":"Diyanet \u0130\u015fleri Ba\u015fkan\u0131 Erba\u015f\u2019\u0131n \u201c29 Ekim Cumhuriyet Bayram\u0131\u201d Mesaj\u0131","description":"Diyanet \u0130\u015fleri Ba\u015fkan\u0131 ve T\u00fcrkiye Diyanet Vakf\u0131 M\u00fctevelli Heyeti Ba\u015fkan\u0131 Prof. Dr. Ali Erba\u015f, 29 Ekim Cumhuriyet Bayram\u0131 mesaj\u0131nda milletimizin bayram\u0131n\u0131 tebrik ederek, \u201c\u015eanl\u0131 tarihimizden ald\u0131\u011f\u0131m\u0131z g\u00fc\u00e7le gelece\u011fe do\u011fru emin ad\u0131mlarla ilerlerken, Cumhuriyetimizin kurulu\u015funun 100. y\u0131l\u0131n\u0131 millet olarak birlik-beraberlik i\u00e7inde kutlaman\u0131n co\u015fkusunu ya\u015f\u0131yoruz.\u201d ifadesini kulland\u0131.","robots":{"index":"index","follow":"follow","max-snippet":"max-snippet:-1","max-image-preview":"max-image-preview:large","max-video-preview":"max-video-preview:-1"},"canonical":"https:\/\/tdv.org\/tr-TR\/diyanet-isleri-baskani-erbasin-29-ekim-cumhuriyet-bayrami-mesaji\/","og_locale":"tr_TR","og_type":"article","og_title":"Diyanet \u0130\u015fleri Ba\u015fkan\u0131 Erba\u015f\u2019\u0131n \u201c29 Ekim Cumhuriyet Bayram\u0131\u201d Mesaj\u0131","og_description":"Diyanet \u0130\u015fleri Ba\u015fkan\u0131 ve T\u00fcrkiye Diyanet Vakf\u0131 M\u00fctevelli Heyeti Ba\u015fkan\u0131 Prof. Dr. Ali Erba\u015f, 29 Ekim Cumhuriyet Bayram\u0131 mesaj\u0131nda milletimizin bayram\u0131n\u0131 tebrik ederek, \u201c\u015eanl\u0131 tarihimizden ald\u0131\u011f\u0131m\u0131z g\u00fc\u00e7le gelece\u011fe do\u011fru emin ad\u0131mlarla ilerlerken, Cumhuriyetimizin kurulu\u015funun 100. y\u0131l\u0131n\u0131 millet olarak birlik-beraberlik i\u00e7inde kutlaman\u0131n co\u015fkusunu ya\u015f\u0131yoruz.\u201d ifadesini kulland\u0131.","og_url":"https:\/\/tdv.org\/tr-TR\/diyanet-isleri-baskani-erbasin-29-ekim-cumhuriyet-bayrami-mesaji\/","og_site_name":"T\u00fcrkiye Diyanet Vakf\u0131 Resmi Web Sitesi","article_publisher":"https:\/\/www.facebook.com\/Diyanetvakfi\/","article_published_time":"2023-10-29T08:05:26+00:00","article_modified_time":"2023-10-29T08:05:53+00:00","og_image":[{"width":1200,"height":800,"url":"https:\/\/tdv.org\/tr-TR\/wp-content\/uploads\/2023\/10\/611bde3a-2b19-41f8-a476-d1e5b9deb87b_1_1200x800.jpg","type":"image\/jpeg"}],"author":"Selim","twitter_card":"summary_large_image","twitter_creator":"@DiyanetVakfi","twitter_site":"@DiyanetVakfi","schema":{"@context":"https:\/\/schema.org","@graph":[{"@type":"Article","@id":"https:\/\/tdv.org\/tr-TR\/diyanet-isleri-baskani-erbasin-29-ekim-cumhuriyet-bayrami-mesaji\/#article","isPartOf":{"@id":"https:\/\/tdv.org\/tr-TR\/diyanet-isleri-baskani-erbasin-29-ekim-cumhuriyet-bayrami-mesaji\/"},"author":{"name":"Selim","@id":"https:\/\/tdv.org\/tr-TR\/#\/schema\/person\/752b55e264a99273d55636516d96d5eb"},"headline":"Diyanet \u0130\u015fleri Ba\u015fkan\u0131 Erba\u015f\u2019\u0131n \u201c29 Ekim Cumhuriyet Bayram\u0131\u201d Mesaj\u0131","datePublished":"2023-10-29T08:05:26+00:00","dateModified":"2023-10-29T08:05:53+00:00","mainEntityOfPage":{"@id":"https:\/\/tdv.org\/tr-TR\/diyanet-isleri-baskani-erbasin-29-ekim-cumhuriyet-bayrami-mesaji\/"},"wordCount":551,"commentCount":0,"publisher":{"@id":"https:\/\/tdv.org\/tr-TR\/#organization"},"image":{"@id":"https:\/\/tdv.org\/tr-TR\/diyanet-isleri-baskani-erbasin-29-ekim-cumhuriyet-bayrami-mesaji\/#primaryimage"},"thumbnailUrl":"https:\/\/tdv.org\/tr-TR\/wp-content\/uploads\/2023\/10\/611bde3a-2b19-41f8-a476-d1e5b9deb87b_1_1200x800.jpg","keywords":["Ali Erba\u015f","Ali Erba\u015f 15 Temmuz Mesaj\u0131","D\u0130B Ba\u015fkan\u0131 ve TDV M\u00fctevelli Heyeti Ba\u015fkan\u0131 Prof. Dr. Ali Erba\u015f","Diyanet \u0130\u015fleri Ba\u015fkan\u0131 ve T\u00fcrkiye Diyanet Vakf\u0131 M\u00fctevelli Heyeti Ba\u015fkan\u0131 Prof. Dr. Ali Erba\u015f"],"articleSection":["Haberler"],"inLanguage":"tr","potentialAction":[{"@type":"CommentAction","name":"Comment","target":["https:\/\/tdv.org\/tr-TR\/diyanet-isleri-baskani-erbasin-29-ekim-cumhuriyet-bayrami-mesaji\/#respond"]}]},{"@type":"WebPage","@id":"https:\/\/tdv.org\/tr-TR\/diyanet-isleri-baskani-erbasin-29-ekim-cumhuriyet-bayrami-mesaji\/","url":"https:\/\/tdv.org\/tr-TR\/diyanet-isleri-baskani-erbasin-29-ekim-cumhuriyet-bayrami-mesaji\/","name":"Diyanet \u0130\u015fleri Ba\u015fkan\u0131 Erba\u015f\u2019\u0131n \u201c29 Ekim Cumhuriyet Bayram\u0131\u201d Mesaj\u0131","isPartOf":{"@id":"https:\/\/tdv.org\/tr-TR\/#website"},"primaryImageOfPage":{"@id":"https:\/\/tdv.org\/tr-TR\/diyanet-isleri-baskani-erbasin-29-ekim-cumhuriyet-bayrami-mesaji\/#primaryimage"},"image":{"@id":"https:\/\/tdv.org\/tr-TR\/diyanet-isleri-baskani-erbasin-29-ekim-cumhuriyet-bayrami-mesaji\/#primaryimage"},"thumbnailUrl":"https:\/\/tdv.org\/tr-TR\/wp-content\/uploads\/2023\/10\/611bde3a-2b19-41f8-a476-d1e5b9deb87b_1_1200x800.jpg","datePublished":"2023-10-29T08:05:26+00:00","dateModified":"2023-10-29T08:05:53+00:00","description":"Diyanet \u0130\u015fleri Ba\u015fkan\u0131 ve T\u00fcrkiye Diyanet Vakf\u0131 M\u00fctevelli Heyeti Ba\u015fkan\u0131 Prof. Dr. Ali Erba\u015f, 29 Ekim Cumhuriyet Bayram\u0131 mesaj\u0131nda milletimizin bayram\u0131n\u0131 tebrik ederek, \u201c\u015eanl\u0131 tarihimizden ald\u0131\u011f\u0131m\u0131z g\u00fc\u00e7le gelece\u011fe do\u011fru emin ad\u0131mlarla ilerlerken, Cumhuriyetimizin kurulu\u015funun 100. y\u0131l\u0131n\u0131 millet olarak birlik-beraberlik i\u00e7inde kutlaman\u0131n co\u015fkusunu ya\u015f\u0131yoruz.\u201d ifadesini kulland\u0131.","breadcrumb":{"@id":"https:\/\/tdv.org\/tr-TR\/diyanet-isleri-baskani-erbasin-29-ekim-cumhuriyet-bayrami-mesaji\/#breadcrumb"},"inLanguage":"tr","potentialAction":[{"@type":"ReadAction","target":["https:\/\/tdv.org\/tr-TR\/diyanet-isleri-baskani-erbasin-29-ekim-cumhuriyet-bayrami-mesaji\/"]}]},{"@type":"ImageObject","inLanguage":"tr","@id":"https:\/\/tdv.org\/tr-TR\/diyanet-isleri-baskani-erbasin-29-ekim-cumhuriyet-bayrami-mesaji\/#primaryimage","url":"https:\/\/tdv.org\/tr-TR\/wp-content\/uploads\/2023\/10\/611bde3a-2b19-41f8-a476-d1e5b9deb87b_1_1200x800.jpg","contentUrl":"https:\/\/tdv.org\/tr-TR\/wp-content\/uploads\/2023\/10\/611bde3a-2b19-41f8-a476-d1e5b9deb87b_1_1200x800.jpg","width":1200,"height":800},{"@type":"BreadcrumbList","@id":"https:\/\/tdv.org\/tr-TR\/diyanet-isleri-baskani-erbasin-29-ekim-cumhuriyet-bayrami-mesaji\/#breadcrumb","itemListElement":[{"@type":"ListItem","position":1,"name":"Anasayfa","item":"https:\/\/tdv.org\/tr-TR\/"},{"@type":"ListItem","position":2,"name":"Diyanet \u0130\u015fleri Ba\u015fkan\u0131 Erba\u015f\u2019\u0131n \u201c29 Ekim Cumhuriyet Bayram\u0131\u201d Mesaj\u0131"}]},{"@type":"WebSite","@id":"https:\/\/tdv.org\/tr-TR\/#website","url":"https:\/\/tdv.org\/tr-TR\/","name":"T\u00fcrkiye Diyanet Vakf\u0131 Resmi Web Sitesi","description":"Yery\u00fcz\u00fcnde iyilik egemen oluncaya kadar","publisher":{"@id":"https:\/\/tdv.org\/tr-TR\/#organization"},"alternateName":"T\u00fcrkiye Diyanet Vakf\u0131","potentialAction":[{"@type":"SearchAction","target":{"@type":"EntryPoint","urlTemplate":"https:\/\/tdv.org\/tr-TR\/?s={search_term_string}"},"query-input":{"@type":"PropertyValueSpecification","valueRequired":true,"valueName":"search_term_string"}}],"inLanguage":"tr"},{"@type":"Organization","@id":"https:\/\/tdv.org\/tr-TR\/#organization","name":"T\u00fcrkiye Diyanet Vakf\u0131","alternateName":"T\u00fcrkiye Diyanet Vakf\u0131","url":"https:\/\/tdv.org\/tr-TR\/","logo":{"@type":"ImageObject","inLanguage":"tr","@id":"https:\/\/tdv.org\/tr-TR\/#\/schema\/logo\/image\/","url":"https:\/\/tdv.org\/tr-TR\/wp-content\/uploads\/2018\/12\/TDV_Logo_1.png","contentUrl":"https:\/\/tdv.org\/tr-TR\/wp-content\/uploads\/2018\/12\/TDV_Logo_1.png","width":207,"height":71,"caption":"T\u00fcrkiye Diyanet Vakf\u0131"},"image":{"@id":"https:\/\/tdv.org\/tr-TR\/#\/schema\/logo\/image\/"},"sameAs":["https:\/\/www.facebook.com\/Diyanetvakfi\/","https:\/\/x.com\/DiyanetVakfi","https:\/\/www.instagram.com\/turkiyediyanetvakfi\/","https:\/\/www.youtube.com\/user\/TurkiyeDiyanetVakfi"]},{"@type":"Person","@id":"https:\/\/tdv.org\/tr-TR\/#\/schema\/person\/752b55e264a99273d55636516d96d5eb","name":"Selim","image":{"@type":"ImageObject","inLanguage":"tr","@id":"https:\/\/tdv.org\/tr-TR\/wp-content\/litespeed\/avatar\/a1e47b25396e98e5b781e88a5396cd96.jpg?ver=1776682544","url":"https:\/\/tdv.org\/tr-TR\/wp-content\/litespeed\/avatar\/a1e47b25396e98e5b781e88a5396cd96.jpg?ver=1776682544","contentUrl":"https:\/\/tdv.org\/tr-TR\/wp-content\/litespeed\/avatar\/a1e47b25396e98e5b781e88a5396cd96.jpg?ver=1776682544","caption":"Selim"}}]}},"_links":{"self":[{"href":"https:\/\/tdv.org\/tr-TR\/wp-json\/wp\/v2\/posts\/34247","targetHints":{"allow":["GET"]}}],"collection":[{"href":"https:\/\/tdv.org\/tr-TR\/wp-json\/wp\/v2\/posts"}],"about":[{"href":"https:\/\/tdv.org\/tr-TR\/wp-json\/wp\/v2\/types\/post"}],"author":[{"embeddable":true,"href":"https:\/\/tdv.org\/tr-TR\/wp-json\/wp\/v2\/users\/8"}],"replies":[{"embeddable":true,"href":"https:\/\/tdv.org\/tr-TR\/wp-json\/wp\/v2\/comments?post=34247"}],"version-history":[{"count":3,"href":"https:\/\/tdv.org\/tr-TR\/wp-json\/wp\/v2\/posts\/34247\/revisions"}],"predecessor-version":[{"id":34251,"href":"https:\/\/tdv.org\/tr-TR\/wp-json\/wp\/v2\/posts\/34247\/revisions\/34251"}],"wp:featuredmedia":[{"embeddable":true,"href":"https:\/\/tdv.org\/tr-TR\/wp-json\/wp\/v2\/media\/34248"}],"wp:attachment":[{"href":"https:\/\/tdv.org\/tr-TR\/wp-json\/wp\/v2\/media?parent=34247"}],"wp:term":[{"taxonomy":"category","embeddable":true,"href":"https:\/\/tdv.org\/tr-TR\/wp-json\/wp\/v2\/categories?post=34247"},{"taxonomy":"post_tag","embeddable":true,"href":"https:\/\/tdv.org\/tr-TR\/wp-json\/wp\/v2\/tags?post=34247"}],"curies":[{"name":"wp","href":"https:\/\/api.w.org\/{rel}","templated":true}]}}