{"id":35666,"date":"2023-12-27T09:11:55","date_gmt":"2023-12-27T06:11:55","guid":{"rendered":"https:\/\/tdv.org\/tr-TR\/?p=35666"},"modified":"2023-12-28T09:12:08","modified_gmt":"2023-12-28T06:12:08","slug":"diyanet-isleri-baskani-erbas-mehmet-akif-ersoyu-vefatinin-87nci-yilinda-andi","status":"publish","type":"post","link":"https:\/\/tdv.org\/tr-TR\/diyanet-isleri-baskani-erbas-mehmet-akif-ersoyu-vefatinin-87nci-yilinda-andi\/","title":{"rendered":"Diyanet \u0130\u015fleri Ba\u015fkan\u0131 Erba\u015f, Mehmet Akif Ersoy\u2019u vefat\u0131n\u0131n 87\u2019nci y\u0131l\u0131nda and\u0131"},"content":{"rendered":"<p class=\"text-justify\" style=\"text-align: justify;\">Diyanet \u0130\u015fleri Ba\u015fkan\u0131 ve T\u00fcrkiye Diyanet Vakf\u0131 M\u00fctevelli Heyeti Ba\u015fkan\u0131 Prof. Dr. Ali Erba\u015f, \u201cFikir, duygu ve aksiyon boyutuyla aziz milletimizin \u015fahsiyetinin yeniden in\u015fa edili\u015finin bayrakla\u015fm\u0131\u015f hali olan \u0130stiklal \u015fairimiz Mehmet Akif Ersoy\u2019u vefat\u0131n\u0131n seneidevriyesinde rahmet ve minnetle an\u0131yorum.\u201d ifadesini kulland\u0131.<\/p>\n<div>\n<p style=\"text-align: justify;\">Diyanet \u0130\u015fleri Ba\u015fkan\u0131 Prof. Dr. Ali Erba\u015f, \u0130stiklal Mar\u015f\u0131\u2019n\u0131n yazar\u0131 milli \u015fairimiz Mehmet Akif Ersoy\u2019un vefat\u0131n\u0131n 87\u2019nci y\u0131l\u0131 dolay\u0131s\u0131yla bir mesaj yay\u0131mlad\u0131.<\/p>\n<p style=\"text-align: justify;\">Ba\u015fkan\u00a0Erba\u015f, sosyal medya hesaplar\u0131ndan payla\u015ft\u0131\u011f\u0131 mesaj\u0131nda \u015fu ifadelere yer verdi:<\/p>\n<p style=\"text-align: justify;\">\u201cRuhumun senden, \u0130lah\u00ee, \u015fudur ancak emeli: De\u011fmesin mabedimin g\u00f6\u011fs\u00fcne namahrem eli. Bu ezanlar, ki \u015fehadetleri dinin temeli, Ebedi yurdumun \u00fcst\u00fcnde benim inlemeli.<\/p>\n<p style=\"text-align: justify;\">Fikir, duygu ve aksiyon boyutuyla aziz milletimizin \u015fahsiyetinin yeniden in\u015fa edili\u015finin bayrakla\u015fm\u0131\u015f hali olan \u0130stiklal \u015fairimiz Mehmet Akif Ersoy\u2019u vefat\u0131n\u0131n seneidevriyesinde rahmet ve minnetle an\u0131yorum. Mekan\u0131 cennet, makam\u0131 ali olsun.\u201d<\/p>\n<\/div>\n<blockquote class=\"twitter-tweet\">\n<p dir=\"ltr\" lang=\"tr\">&#8220;Ruhumun senden \u0130lah\u00ee, \u015fudur ancak emeli:<br \/>\nDe\u011fmesin mabedimin g\u00f6\u011fs\u00fcne namahrem eli.<br \/>\nBu ezanlar, ki \u015fehadetleri dinin temeli,<br \/>\nEbed\u00ee, yurdumun \u00fcst\u00fcnde benim inlemeli.&#8221;<\/p>\n<p>Fikir, duygu ve aksiyon boyutuyla aziz milletimizin \u015fahsiyetinin yeniden in\u015fa edili\u015finin bayrakla\u015fm\u0131\u015f h\u00e2li olan\u2026 <a href=\"https:\/\/t.co\/SQi0L8Ofhe\">pic.twitter.com\/SQi0L8Ofhe<\/a><\/p>\n<p>\u2014 Prof. Dr. Ali Erba\u015f (@DIBAliErbas) <a href=\"https:\/\/twitter.com\/DIBAliErbas\/status\/1739911672016310420?ref_src=twsrc%5Etfw\">December 27, 2023<\/a><\/p><\/blockquote>\n<p><script async src=\"https:\/\/platform.twitter.com\/widgets.js\" charset=\"utf-8\"><\/script><\/p>\n","protected":false},"excerpt":{"rendered":"<p>Diyanet \u0130\u015fleri Ba\u015fkan\u0131 ve T\u00fcrkiye Diyanet Vakf\u0131 M\u00fctevelli Heyeti Ba\u015fkan\u0131 Prof. Dr. Ali Erba\u015f, \u201cFikir, duygu ve aksiyon boyutuyla aziz milletimizin \u015fahsiyetinin yeniden in\u015fa edili\u015finin bayrakla\u015fm\u0131\u015f hali olan \u0130stiklal \u015fairimiz&#8230;<\/p>\n","protected":false},"author":8,"featured_media":35667,"comment_status":"closed","ping_status":"closed","sticky":false,"template":"","format":"standard","meta":{"footnotes":""},"categories":[1],"tags":[130,550,596,1178,1179],"class_list":{"0":"post-35666","1":"post","2":"type-post","3":"status-publish","4":"format-standard","5":"has-post-thumbnail","7":"category-haberler","8":"tag-ali-erbas","9":"tag-dib-baskani-ve-tdv-mutevelli-heyeti-baskani-prof-dr-ali-erbas","10":"tag-diyanet-isleri-baskani-ve-turkiye-diyanet-vakfi-mutevelli-heyeti-baskani-prof-dr-ali-erbas","11":"tag-istiklal-marsi","12":"tag-mehmet-akif-ersoy"},"yoast_head":"<!-- This site is optimized with the Yoast SEO plugin v27.5 - https:\/\/yoast.com\/product\/yoast-seo-wordpress\/ -->\n<title>Diyanet \u0130\u015fleri Ba\u015fkan\u0131 Erba\u015f, Mehmet Akif Ersoy\u2019u vefat\u0131n\u0131n 87\u2019nci y\u0131l\u0131nda and\u0131<\/title>\n<meta name=\"description\" content=\"Diyanet \u0130\u015fleri Ba\u015fkan\u0131 ve T\u00fcrkiye Diyanet Vakf\u0131 M\u00fctevelli Heyeti Ba\u015fkan\u0131 Prof. Dr. Ali Erba\u015f, \u201cFikir, duygu ve aksiyon boyutuyla aziz milletimizin \u015fahsiyetinin yeniden in\u015fa edili\u015finin bayrakla\u015fm\u0131\u015f hali olan \u0130stiklal \u015fairimiz Mehmet Akif Ersoy\u2019u vefat\u0131n\u0131n seneidevriyesinde rahmet ve minnetle an\u0131yorum.\u201d ifadesini kulland\u0131.\" \/>\n<meta name=\"robots\" content=\"index, follow, max-snippet:-1, max-image-preview:large, max-video-preview:-1\" \/>\n<link rel=\"canonical\" href=\"https:\/\/tdv.org\/tr-TR\/diyanet-isleri-baskani-erbas-mehmet-akif-ersoyu-vefatinin-87nci-yilinda-andi\/\" \/>\n<meta property=\"og:locale\" content=\"tr_TR\" \/>\n<meta property=\"og:type\" content=\"article\" \/>\n<meta property=\"og:title\" content=\"Diyanet \u0130\u015fleri Ba\u015fkan\u0131 Erba\u015f, Mehmet Akif Ersoy\u2019u vefat\u0131n\u0131n 87\u2019nci y\u0131l\u0131nda and\u0131\" \/>\n<meta property=\"og:description\" content=\"Diyanet \u0130\u015fleri Ba\u015fkan\u0131 ve T\u00fcrkiye Diyanet Vakf\u0131 M\u00fctevelli Heyeti Ba\u015fkan\u0131 Prof. Dr. Ali Erba\u015f, \u201cFikir, duygu ve aksiyon boyutuyla aziz milletimizin \u015fahsiyetinin yeniden in\u015fa edili\u015finin bayrakla\u015fm\u0131\u015f hali olan \u0130stiklal \u015fairimiz Mehmet Akif Ersoy\u2019u vefat\u0131n\u0131n seneidevriyesinde rahmet ve minnetle an\u0131yorum.\u201d ifadesini kulland\u0131.\" \/>\n<meta property=\"og:url\" content=\"https:\/\/tdv.org\/tr-TR\/diyanet-isleri-baskani-erbas-mehmet-akif-ersoyu-vefatinin-87nci-yilinda-andi\/\" \/>\n<meta property=\"og:site_name\" content=\"T\u00fcrkiye Diyanet Vakf\u0131 Resmi Web Sitesi\" \/>\n<meta property=\"article:publisher\" content=\"https:\/\/www.facebook.com\/Diyanetvakfi\/\" \/>\n<meta property=\"article:published_time\" content=\"2023-12-27T06:11:55+00:00\" \/>\n<meta property=\"article:modified_time\" content=\"2023-12-28T06:12:08+00:00\" \/>\n<meta property=\"og:image\" content=\"https:\/\/tdv.org\/tr-TR\/wp-content\/uploads\/2023\/12\/8be81fca-86fe-495d-bdb5-1c4bb3bea47c_1_1200x800.jpeg\" \/>\n\t<meta property=\"og:image:width\" content=\"1200\" \/>\n\t<meta property=\"og:image:height\" content=\"800\" \/>\n\t<meta property=\"og:image:type\" content=\"image\/jpeg\" \/>\n<meta name=\"author\" content=\"Selim\" \/>\n<meta name=\"twitter:card\" content=\"summary_large_image\" \/>\n<meta name=\"twitter:creator\" content=\"@DiyanetVakfi\" \/>\n<meta name=\"twitter:site\" content=\"@DiyanetVakfi\" \/>\n<script type=\"application\/ld+json\" class=\"yoast-schema-graph\">{\"@context\":\"https:\\\/\\\/schema.org\",\"@graph\":[{\"@type\":\"Article\",\"@id\":\"https:\\\/\\\/tdv.org\\\/tr-TR\\\/diyanet-isleri-baskani-erbas-mehmet-akif-ersoyu-vefatinin-87nci-yilinda-andi\\\/#article\",\"isPartOf\":{\"@id\":\"https:\\\/\\\/tdv.org\\\/tr-TR\\\/diyanet-isleri-baskani-erbas-mehmet-akif-ersoyu-vefatinin-87nci-yilinda-andi\\\/\"},\"author\":{\"name\":\"Selim\",\"@id\":\"https:\\\/\\\/tdv.org\\\/tr-TR\\\/#\\\/schema\\\/person\\\/752b55e264a99273d55636516d96d5eb\"},\"headline\":\"Diyanet \u0130\u015fleri Ba\u015fkan\u0131 Erba\u015f, Mehmet Akif Ersoy\u2019u vefat\u0131n\u0131n 87\u2019nci y\u0131l\u0131nda and\u0131\",\"datePublished\":\"2023-12-27T06:11:55+00:00\",\"dateModified\":\"2023-12-28T06:12:08+00:00\",\"mainEntityOfPage\":{\"@id\":\"https:\\\/\\\/tdv.org\\\/tr-TR\\\/diyanet-isleri-baskani-erbas-mehmet-akif-ersoyu-vefatinin-87nci-yilinda-andi\\\/\"},\"wordCount\":235,\"publisher\":{\"@id\":\"https:\\\/\\\/tdv.org\\\/tr-TR\\\/#organization\"},\"image\":{\"@id\":\"https:\\\/\\\/tdv.org\\\/tr-TR\\\/diyanet-isleri-baskani-erbas-mehmet-akif-ersoyu-vefatinin-87nci-yilinda-andi\\\/#primaryimage\"},\"thumbnailUrl\":\"https:\\\/\\\/tdv.org\\\/tr-TR\\\/wp-content\\\/uploads\\\/2023\\\/12\\\/8be81fca-86fe-495d-bdb5-1c4bb3bea47c_1_1200x800.jpeg\",\"keywords\":[\"Ali Erba\u015f\",\"D\u0130B Ba\u015fkan\u0131 ve TDV M\u00fctevelli Heyeti Ba\u015fkan\u0131 Prof. Dr. Ali Erba\u015f\",\"Diyanet \u0130\u015fleri Ba\u015fkan\u0131 ve T\u00fcrkiye Diyanet Vakf\u0131 M\u00fctevelli Heyeti Ba\u015fkan\u0131 Prof. Dr. Ali Erba\u015f\",\"\u0130stiklal Mar\u015f\u0131\",\"Mehmet Akif Ersoy\"],\"articleSection\":[\"Haberler\"],\"inLanguage\":\"tr\"},{\"@type\":\"WebPage\",\"@id\":\"https:\\\/\\\/tdv.org\\\/tr-TR\\\/diyanet-isleri-baskani-erbas-mehmet-akif-ersoyu-vefatinin-87nci-yilinda-andi\\\/\",\"url\":\"https:\\\/\\\/tdv.org\\\/tr-TR\\\/diyanet-isleri-baskani-erbas-mehmet-akif-ersoyu-vefatinin-87nci-yilinda-andi\\\/\",\"name\":\"Diyanet \u0130\u015fleri Ba\u015fkan\u0131 Erba\u015f, Mehmet Akif Ersoy\u2019u vefat\u0131n\u0131n 87\u2019nci y\u0131l\u0131nda and\u0131\",\"isPartOf\":{\"@id\":\"https:\\\/\\\/tdv.org\\\/tr-TR\\\/#website\"},\"primaryImageOfPage\":{\"@id\":\"https:\\\/\\\/tdv.org\\\/tr-TR\\\/diyanet-isleri-baskani-erbas-mehmet-akif-ersoyu-vefatinin-87nci-yilinda-andi\\\/#primaryimage\"},\"image\":{\"@id\":\"https:\\\/\\\/tdv.org\\\/tr-TR\\\/diyanet-isleri-baskani-erbas-mehmet-akif-ersoyu-vefatinin-87nci-yilinda-andi\\\/#primaryimage\"},\"thumbnailUrl\":\"https:\\\/\\\/tdv.org\\\/tr-TR\\\/wp-content\\\/uploads\\\/2023\\\/12\\\/8be81fca-86fe-495d-bdb5-1c4bb3bea47c_1_1200x800.jpeg\",\"datePublished\":\"2023-12-27T06:11:55+00:00\",\"dateModified\":\"2023-12-28T06:12:08+00:00\",\"description\":\"Diyanet \u0130\u015fleri Ba\u015fkan\u0131 ve T\u00fcrkiye Diyanet Vakf\u0131 M\u00fctevelli Heyeti Ba\u015fkan\u0131 Prof. Dr. Ali Erba\u015f, \u201cFikir, duygu ve aksiyon boyutuyla aziz milletimizin \u015fahsiyetinin yeniden in\u015fa edili\u015finin bayrakla\u015fm\u0131\u015f hali olan \u0130stiklal \u015fairimiz Mehmet Akif Ersoy\u2019u vefat\u0131n\u0131n seneidevriyesinde rahmet ve minnetle an\u0131yorum.\u201d ifadesini kulland\u0131.\",\"breadcrumb\":{\"@id\":\"https:\\\/\\\/tdv.org\\\/tr-TR\\\/diyanet-isleri-baskani-erbas-mehmet-akif-ersoyu-vefatinin-87nci-yilinda-andi\\\/#breadcrumb\"},\"inLanguage\":\"tr\",\"potentialAction\":[{\"@type\":\"ReadAction\",\"target\":[\"https:\\\/\\\/tdv.org\\\/tr-TR\\\/diyanet-isleri-baskani-erbas-mehmet-akif-ersoyu-vefatinin-87nci-yilinda-andi\\\/\"]}]},{\"@type\":\"ImageObject\",\"inLanguage\":\"tr\",\"@id\":\"https:\\\/\\\/tdv.org\\\/tr-TR\\\/diyanet-isleri-baskani-erbas-mehmet-akif-ersoyu-vefatinin-87nci-yilinda-andi\\\/#primaryimage\",\"url\":\"https:\\\/\\\/tdv.org\\\/tr-TR\\\/wp-content\\\/uploads\\\/2023\\\/12\\\/8be81fca-86fe-495d-bdb5-1c4bb3bea47c_1_1200x800.jpeg\",\"contentUrl\":\"https:\\\/\\\/tdv.org\\\/tr-TR\\\/wp-content\\\/uploads\\\/2023\\\/12\\\/8be81fca-86fe-495d-bdb5-1c4bb3bea47c_1_1200x800.jpeg\",\"width\":1200,\"height\":800},{\"@type\":\"BreadcrumbList\",\"@id\":\"https:\\\/\\\/tdv.org\\\/tr-TR\\\/diyanet-isleri-baskani-erbas-mehmet-akif-ersoyu-vefatinin-87nci-yilinda-andi\\\/#breadcrumb\",\"itemListElement\":[{\"@type\":\"ListItem\",\"position\":1,\"name\":\"Anasayfa\",\"item\":\"https:\\\/\\\/tdv.org\\\/tr-TR\\\/\"},{\"@type\":\"ListItem\",\"position\":2,\"name\":\"Diyanet \u0130\u015fleri Ba\u015fkan\u0131 Erba\u015f, Mehmet Akif Ersoy\u2019u vefat\u0131n\u0131n 87\u2019nci y\u0131l\u0131nda and\u0131\"}]},{\"@type\":\"WebSite\",\"@id\":\"https:\\\/\\\/tdv.org\\\/tr-TR\\\/#website\",\"url\":\"https:\\\/\\\/tdv.org\\\/tr-TR\\\/\",\"name\":\"T\u00fcrkiye Diyanet Vakf\u0131 Resmi Web Sitesi\",\"description\":\"Yery\u00fcz\u00fcnde iyilik egemen oluncaya kadar\",\"publisher\":{\"@id\":\"https:\\\/\\\/tdv.org\\\/tr-TR\\\/#organization\"},\"alternateName\":\"T\u00fcrkiye Diyanet Vakf\u0131\",\"potentialAction\":[{\"@type\":\"SearchAction\",\"target\":{\"@type\":\"EntryPoint\",\"urlTemplate\":\"https:\\\/\\\/tdv.org\\\/tr-TR\\\/?s={search_term_string}\"},\"query-input\":{\"@type\":\"PropertyValueSpecification\",\"valueRequired\":true,\"valueName\":\"search_term_string\"}}],\"inLanguage\":\"tr\"},{\"@type\":\"Organization\",\"@id\":\"https:\\\/\\\/tdv.org\\\/tr-TR\\\/#organization\",\"name\":\"T\u00fcrkiye Diyanet Vakf\u0131\",\"alternateName\":\"T\u00fcrkiye Diyanet Vakf\u0131\",\"url\":\"https:\\\/\\\/tdv.org\\\/tr-TR\\\/\",\"logo\":{\"@type\":\"ImageObject\",\"inLanguage\":\"tr\",\"@id\":\"https:\\\/\\\/tdv.org\\\/tr-TR\\\/#\\\/schema\\\/logo\\\/image\\\/\",\"url\":\"https:\\\/\\\/tdv.org\\\/tr-TR\\\/wp-content\\\/uploads\\\/2018\\\/12\\\/TDV_Logo_1.png\",\"contentUrl\":\"https:\\\/\\\/tdv.org\\\/tr-TR\\\/wp-content\\\/uploads\\\/2018\\\/12\\\/TDV_Logo_1.png\",\"width\":207,\"height\":71,\"caption\":\"T\u00fcrkiye Diyanet Vakf\u0131\"},\"image\":{\"@id\":\"https:\\\/\\\/tdv.org\\\/tr-TR\\\/#\\\/schema\\\/logo\\\/image\\\/\"},\"sameAs\":[\"https:\\\/\\\/www.facebook.com\\\/Diyanetvakfi\\\/\",\"https:\\\/\\\/x.com\\\/DiyanetVakfi\",\"https:\\\/\\\/www.instagram.com\\\/turkiyediyanetvakfi\\\/\",\"https:\\\/\\\/www.youtube.com\\\/user\\\/TurkiyeDiyanetVakfi\"]},{\"@type\":\"Person\",\"@id\":\"https:\\\/\\\/tdv.org\\\/tr-TR\\\/#\\\/schema\\\/person\\\/752b55e264a99273d55636516d96d5eb\",\"name\":\"Selim\",\"image\":{\"@type\":\"ImageObject\",\"inLanguage\":\"tr\",\"@id\":\"https:\\\/\\\/tdv.org\\\/tr-TR\\\/wp-content\\\/litespeed\\\/avatar\\\/a1e47b25396e98e5b781e88a5396cd96.jpg?ver=1777287391\",\"url\":\"https:\\\/\\\/tdv.org\\\/tr-TR\\\/wp-content\\\/litespeed\\\/avatar\\\/a1e47b25396e98e5b781e88a5396cd96.jpg?ver=1777287391\",\"contentUrl\":\"https:\\\/\\\/tdv.org\\\/tr-TR\\\/wp-content\\\/litespeed\\\/avatar\\\/a1e47b25396e98e5b781e88a5396cd96.jpg?ver=1777287391\",\"caption\":\"Selim\"}}]}<\/script>\n<!-- \/ Yoast SEO plugin. -->","yoast_head_json":{"title":"Diyanet \u0130\u015fleri Ba\u015fkan\u0131 Erba\u015f, Mehmet Akif Ersoy\u2019u vefat\u0131n\u0131n 87\u2019nci y\u0131l\u0131nda and\u0131","description":"Diyanet \u0130\u015fleri Ba\u015fkan\u0131 ve T\u00fcrkiye Diyanet Vakf\u0131 M\u00fctevelli Heyeti Ba\u015fkan\u0131 Prof. Dr. Ali Erba\u015f, \u201cFikir, duygu ve aksiyon boyutuyla aziz milletimizin \u015fahsiyetinin yeniden in\u015fa edili\u015finin bayrakla\u015fm\u0131\u015f hali olan \u0130stiklal \u015fairimiz Mehmet Akif Ersoy\u2019u vefat\u0131n\u0131n seneidevriyesinde rahmet ve minnetle an\u0131yorum.\u201d ifadesini kulland\u0131.","robots":{"index":"index","follow":"follow","max-snippet":"max-snippet:-1","max-image-preview":"max-image-preview:large","max-video-preview":"max-video-preview:-1"},"canonical":"https:\/\/tdv.org\/tr-TR\/diyanet-isleri-baskani-erbas-mehmet-akif-ersoyu-vefatinin-87nci-yilinda-andi\/","og_locale":"tr_TR","og_type":"article","og_title":"Diyanet \u0130\u015fleri Ba\u015fkan\u0131 Erba\u015f, Mehmet Akif Ersoy\u2019u vefat\u0131n\u0131n 87\u2019nci y\u0131l\u0131nda and\u0131","og_description":"Diyanet \u0130\u015fleri Ba\u015fkan\u0131 ve T\u00fcrkiye Diyanet Vakf\u0131 M\u00fctevelli Heyeti Ba\u015fkan\u0131 Prof. Dr. Ali Erba\u015f, \u201cFikir, duygu ve aksiyon boyutuyla aziz milletimizin \u015fahsiyetinin yeniden in\u015fa edili\u015finin bayrakla\u015fm\u0131\u015f hali olan \u0130stiklal \u015fairimiz Mehmet Akif Ersoy\u2019u vefat\u0131n\u0131n seneidevriyesinde rahmet ve minnetle an\u0131yorum.\u201d ifadesini kulland\u0131.","og_url":"https:\/\/tdv.org\/tr-TR\/diyanet-isleri-baskani-erbas-mehmet-akif-ersoyu-vefatinin-87nci-yilinda-andi\/","og_site_name":"T\u00fcrkiye Diyanet Vakf\u0131 Resmi Web Sitesi","article_publisher":"https:\/\/www.facebook.com\/Diyanetvakfi\/","article_published_time":"2023-12-27T06:11:55+00:00","article_modified_time":"2023-12-28T06:12:08+00:00","og_image":[{"width":1200,"height":800,"url":"https:\/\/tdv.org\/tr-TR\/wp-content\/uploads\/2023\/12\/8be81fca-86fe-495d-bdb5-1c4bb3bea47c_1_1200x800.jpeg","type":"image\/jpeg"}],"author":"Selim","twitter_card":"summary_large_image","twitter_creator":"@DiyanetVakfi","twitter_site":"@DiyanetVakfi","schema":{"@context":"https:\/\/schema.org","@graph":[{"@type":"Article","@id":"https:\/\/tdv.org\/tr-TR\/diyanet-isleri-baskani-erbas-mehmet-akif-ersoyu-vefatinin-87nci-yilinda-andi\/#article","isPartOf":{"@id":"https:\/\/tdv.org\/tr-TR\/diyanet-isleri-baskani-erbas-mehmet-akif-ersoyu-vefatinin-87nci-yilinda-andi\/"},"author":{"name":"Selim","@id":"https:\/\/tdv.org\/tr-TR\/#\/schema\/person\/752b55e264a99273d55636516d96d5eb"},"headline":"Diyanet \u0130\u015fleri Ba\u015fkan\u0131 Erba\u015f, Mehmet Akif Ersoy\u2019u vefat\u0131n\u0131n 87\u2019nci y\u0131l\u0131nda and\u0131","datePublished":"2023-12-27T06:11:55+00:00","dateModified":"2023-12-28T06:12:08+00:00","mainEntityOfPage":{"@id":"https:\/\/tdv.org\/tr-TR\/diyanet-isleri-baskani-erbas-mehmet-akif-ersoyu-vefatinin-87nci-yilinda-andi\/"},"wordCount":235,"publisher":{"@id":"https:\/\/tdv.org\/tr-TR\/#organization"},"image":{"@id":"https:\/\/tdv.org\/tr-TR\/diyanet-isleri-baskani-erbas-mehmet-akif-ersoyu-vefatinin-87nci-yilinda-andi\/#primaryimage"},"thumbnailUrl":"https:\/\/tdv.org\/tr-TR\/wp-content\/uploads\/2023\/12\/8be81fca-86fe-495d-bdb5-1c4bb3bea47c_1_1200x800.jpeg","keywords":["Ali Erba\u015f","D\u0130B Ba\u015fkan\u0131 ve TDV M\u00fctevelli Heyeti Ba\u015fkan\u0131 Prof. Dr. Ali Erba\u015f","Diyanet \u0130\u015fleri Ba\u015fkan\u0131 ve T\u00fcrkiye Diyanet Vakf\u0131 M\u00fctevelli Heyeti Ba\u015fkan\u0131 Prof. Dr. Ali Erba\u015f","\u0130stiklal Mar\u015f\u0131","Mehmet Akif Ersoy"],"articleSection":["Haberler"],"inLanguage":"tr"},{"@type":"WebPage","@id":"https:\/\/tdv.org\/tr-TR\/diyanet-isleri-baskani-erbas-mehmet-akif-ersoyu-vefatinin-87nci-yilinda-andi\/","url":"https:\/\/tdv.org\/tr-TR\/diyanet-isleri-baskani-erbas-mehmet-akif-ersoyu-vefatinin-87nci-yilinda-andi\/","name":"Diyanet \u0130\u015fleri Ba\u015fkan\u0131 Erba\u015f, Mehmet Akif Ersoy\u2019u vefat\u0131n\u0131n 87\u2019nci y\u0131l\u0131nda and\u0131","isPartOf":{"@id":"https:\/\/tdv.org\/tr-TR\/#website"},"primaryImageOfPage":{"@id":"https:\/\/tdv.org\/tr-TR\/diyanet-isleri-baskani-erbas-mehmet-akif-ersoyu-vefatinin-87nci-yilinda-andi\/#primaryimage"},"image":{"@id":"https:\/\/tdv.org\/tr-TR\/diyanet-isleri-baskani-erbas-mehmet-akif-ersoyu-vefatinin-87nci-yilinda-andi\/#primaryimage"},"thumbnailUrl":"https:\/\/tdv.org\/tr-TR\/wp-content\/uploads\/2023\/12\/8be81fca-86fe-495d-bdb5-1c4bb3bea47c_1_1200x800.jpeg","datePublished":"2023-12-27T06:11:55+00:00","dateModified":"2023-12-28T06:12:08+00:00","description":"Diyanet \u0130\u015fleri Ba\u015fkan\u0131 ve T\u00fcrkiye Diyanet Vakf\u0131 M\u00fctevelli Heyeti Ba\u015fkan\u0131 Prof. Dr. Ali Erba\u015f, \u201cFikir, duygu ve aksiyon boyutuyla aziz milletimizin \u015fahsiyetinin yeniden in\u015fa edili\u015finin bayrakla\u015fm\u0131\u015f hali olan \u0130stiklal \u015fairimiz Mehmet Akif Ersoy\u2019u vefat\u0131n\u0131n seneidevriyesinde rahmet ve minnetle an\u0131yorum.\u201d ifadesini kulland\u0131.","breadcrumb":{"@id":"https:\/\/tdv.org\/tr-TR\/diyanet-isleri-baskani-erbas-mehmet-akif-ersoyu-vefatinin-87nci-yilinda-andi\/#breadcrumb"},"inLanguage":"tr","potentialAction":[{"@type":"ReadAction","target":["https:\/\/tdv.org\/tr-TR\/diyanet-isleri-baskani-erbas-mehmet-akif-ersoyu-vefatinin-87nci-yilinda-andi\/"]}]},{"@type":"ImageObject","inLanguage":"tr","@id":"https:\/\/tdv.org\/tr-TR\/diyanet-isleri-baskani-erbas-mehmet-akif-ersoyu-vefatinin-87nci-yilinda-andi\/#primaryimage","url":"https:\/\/tdv.org\/tr-TR\/wp-content\/uploads\/2023\/12\/8be81fca-86fe-495d-bdb5-1c4bb3bea47c_1_1200x800.jpeg","contentUrl":"https:\/\/tdv.org\/tr-TR\/wp-content\/uploads\/2023\/12\/8be81fca-86fe-495d-bdb5-1c4bb3bea47c_1_1200x800.jpeg","width":1200,"height":800},{"@type":"BreadcrumbList","@id":"https:\/\/tdv.org\/tr-TR\/diyanet-isleri-baskani-erbas-mehmet-akif-ersoyu-vefatinin-87nci-yilinda-andi\/#breadcrumb","itemListElement":[{"@type":"ListItem","position":1,"name":"Anasayfa","item":"https:\/\/tdv.org\/tr-TR\/"},{"@type":"ListItem","position":2,"name":"Diyanet \u0130\u015fleri Ba\u015fkan\u0131 Erba\u015f, Mehmet Akif Ersoy\u2019u vefat\u0131n\u0131n 87\u2019nci y\u0131l\u0131nda and\u0131"}]},{"@type":"WebSite","@id":"https:\/\/tdv.org\/tr-TR\/#website","url":"https:\/\/tdv.org\/tr-TR\/","name":"T\u00fcrkiye Diyanet Vakf\u0131 Resmi Web Sitesi","description":"Yery\u00fcz\u00fcnde iyilik egemen oluncaya kadar","publisher":{"@id":"https:\/\/tdv.org\/tr-TR\/#organization"},"alternateName":"T\u00fcrkiye Diyanet Vakf\u0131","potentialAction":[{"@type":"SearchAction","target":{"@type":"EntryPoint","urlTemplate":"https:\/\/tdv.org\/tr-TR\/?s={search_term_string}"},"query-input":{"@type":"PropertyValueSpecification","valueRequired":true,"valueName":"search_term_string"}}],"inLanguage":"tr"},{"@type":"Organization","@id":"https:\/\/tdv.org\/tr-TR\/#organization","name":"T\u00fcrkiye Diyanet Vakf\u0131","alternateName":"T\u00fcrkiye Diyanet Vakf\u0131","url":"https:\/\/tdv.org\/tr-TR\/","logo":{"@type":"ImageObject","inLanguage":"tr","@id":"https:\/\/tdv.org\/tr-TR\/#\/schema\/logo\/image\/","url":"https:\/\/tdv.org\/tr-TR\/wp-content\/uploads\/2018\/12\/TDV_Logo_1.png","contentUrl":"https:\/\/tdv.org\/tr-TR\/wp-content\/uploads\/2018\/12\/TDV_Logo_1.png","width":207,"height":71,"caption":"T\u00fcrkiye Diyanet Vakf\u0131"},"image":{"@id":"https:\/\/tdv.org\/tr-TR\/#\/schema\/logo\/image\/"},"sameAs":["https:\/\/www.facebook.com\/Diyanetvakfi\/","https:\/\/x.com\/DiyanetVakfi","https:\/\/www.instagram.com\/turkiyediyanetvakfi\/","https:\/\/www.youtube.com\/user\/TurkiyeDiyanetVakfi"]},{"@type":"Person","@id":"https:\/\/tdv.org\/tr-TR\/#\/schema\/person\/752b55e264a99273d55636516d96d5eb","name":"Selim","image":{"@type":"ImageObject","inLanguage":"tr","@id":"https:\/\/tdv.org\/tr-TR\/wp-content\/litespeed\/avatar\/a1e47b25396e98e5b781e88a5396cd96.jpg?ver=1777287391","url":"https:\/\/tdv.org\/tr-TR\/wp-content\/litespeed\/avatar\/a1e47b25396e98e5b781e88a5396cd96.jpg?ver=1777287391","contentUrl":"https:\/\/tdv.org\/tr-TR\/wp-content\/litespeed\/avatar\/a1e47b25396e98e5b781e88a5396cd96.jpg?ver=1777287391","caption":"Selim"}}]}},"_links":{"self":[{"href":"https:\/\/tdv.org\/tr-TR\/wp-json\/wp\/v2\/posts\/35666","targetHints":{"allow":["GET"]}}],"collection":[{"href":"https:\/\/tdv.org\/tr-TR\/wp-json\/wp\/v2\/posts"}],"about":[{"href":"https:\/\/tdv.org\/tr-TR\/wp-json\/wp\/v2\/types\/post"}],"author":[{"embeddable":true,"href":"https:\/\/tdv.org\/tr-TR\/wp-json\/wp\/v2\/users\/8"}],"replies":[{"embeddable":true,"href":"https:\/\/tdv.org\/tr-TR\/wp-json\/wp\/v2\/comments?post=35666"}],"version-history":[{"count":2,"href":"https:\/\/tdv.org\/tr-TR\/wp-json\/wp\/v2\/posts\/35666\/revisions"}],"predecessor-version":[{"id":35669,"href":"https:\/\/tdv.org\/tr-TR\/wp-json\/wp\/v2\/posts\/35666\/revisions\/35669"}],"wp:featuredmedia":[{"embeddable":true,"href":"https:\/\/tdv.org\/tr-TR\/wp-json\/wp\/v2\/media\/35667"}],"wp:attachment":[{"href":"https:\/\/tdv.org\/tr-TR\/wp-json\/wp\/v2\/media?parent=35666"}],"wp:term":[{"taxonomy":"category","embeddable":true,"href":"https:\/\/tdv.org\/tr-TR\/wp-json\/wp\/v2\/categories?post=35666"},{"taxonomy":"post_tag","embeddable":true,"href":"https:\/\/tdv.org\/tr-TR\/wp-json\/wp\/v2\/tags?post=35666"}],"curies":[{"name":"wp","href":"https:\/\/api.w.org\/{rel}","templated":true}]}}