{"id":39267,"date":"2024-05-22T15:35:00","date_gmt":"2024-05-22T12:35:00","guid":{"rendered":"https:\/\/tdv.org\/tr-TR\/?p=39267"},"modified":"2025-01-02T16:26:39","modified_gmt":"2025-01-02T13:26:39","slug":"ali-fuat-atik","status":"publish","type":"post","link":"https:\/\/tdv.org\/tr-TR\/ali-fuat-atik\/","title":{"rendered":"Ali Fuat AT\u0130K &#8211; Vefa \u00d6d\u00fcl\u00fc Sahibi"},"content":{"rendered":"[vc_row type=&#8221;in_container&#8221; full_screen_row_position=&#8221;middle&#8221; scene_position=&#8221;center&#8221; text_color=&#8221;dark&#8221; text_align=&#8221;left&#8221; overlay_strength=&#8221;0.3&#8243; shape_divider_position=&#8221;bottom&#8221; bg_image_animation=&#8221;none&#8221;][vc_column column_padding=&#8221;no-extra-padding&#8221; column_padding_position=&#8221;all&#8221; background_color_opacity=&#8221;1&#8243; background_hover_color_opacity=&#8221;1&#8243; column_link_target=&#8221;_self&#8221; column_shadow=&#8221;none&#8221; column_border_radius=&#8221;none&#8221; width=&#8221;1\/1&#8243; tablet_width_inherit=&#8221;default&#8221; tablet_text_alignment=&#8221;default&#8221; phone_text_alignment=&#8221;default&#8221; column_border_width=&#8221;none&#8221; column_border_style=&#8221;solid&#8221; bg_image_animation=&#8221;none&#8221;][vc_column_text]\n<p style=\"text-align: justify;\">Yeti\u015fti\u011fi topraklara k\u00f6k salar insan. B\u00fcy\u00fcr, koca bir \u00e7\u0131nar misali b\u00fcy\u00fcr. Herkes onun fark\u0131na var\u0131r da, o kendi g\u00fczelli\u011fini bilemez. Zira o g\u00fczelle\u015fmek i\u00e7in de\u011fil. Do\u011fas\u0131 gere\u011fi g\u00fczelle\u015fir. \u0130\u015fte Ali Fuat Atik de bir \u00e7\u0131nar misali bu topraklar\u0131n b\u00fcy\u00fctt\u00fc\u011f\u00fc bir isim. Y\u0131llard\u0131r hizmet veren k\u0131ymetli, y\u00fczlerce devlet adam\u0131ndan biri!<\/p>\n<p style=\"text-align: justify;\">Atik, Denizli valisi olarak g\u00f6rev yaparken asr\u0131n felaketini ya\u015fayan \u00fclkemizin bu y\u0131k\u0131mdan en \u00e7ok etkilenen illerinden Hatay\u2019a koordinat\u00f6r vali olarak atand\u0131. Onun hikayesi burada g\u00fcn y\u00fcz\u00fcne \u00e7\u0131kt\u0131.<\/p>\n<p style=\"text-align: justify;\">Vali Atik\u2019e birka\u00e7 ay \u00f6nce kanser te\u015fhisi konmu\u015f, o bu durumu yak\u0131nlar\u0131ndan bile gizleyip Hatay\u2019da can\u0131 pahas\u0131na m\u00fccadeleye ko\u015fmu\u015ftu. \u00c7o\u011fu zaman bir konteynerin i\u00e7inde devam etti tedavisine sessizce. Onun do\u011fas\u0131 gere\u011fi sergiledi\u011fi bu g\u00fczellik, bu iyilik fark edildi. Herkesin g\u00f6\u011fs\u00fcn\u00fc kabart\u0131p, g\u00f6zlerini ya\u015fartt\u0131.<\/p>\n[\/vc_column_text][divider line_type=&#8221;No Line&#8221; custom_height=&#8221;30&#8243;][vc_video link=&#8221;https:\/\/youtu.be\/Nj9vcWnarGo&#8221; align=&#8221;center&#8221;][\/vc_column][\/vc_row]\n","protected":false},"excerpt":{"rendered":"<p>[vc_row type=&#8221;in_container&#8221; full_screen_row_position=&#8221;middle&#8221; scene_position=&#8221;center&#8221; text_color=&#8221;dark&#8221; text_align=&#8221;left&#8221; overlay_strength=&#8221;0.3&#8243; shape_divider_position=&#8221;bottom&#8221; bg_image_animation=&#8221;none&#8221;][vc_column column_padding=&#8221;no-extra-padding&#8221; column_padding_position=&#8221;all&#8221; background_color_opacity=&#8221;1&#8243; background_hover_color_opacity=&#8221;1&#8243; column_link_target=&#8221;_self&#8221; column_shadow=&#8221;none&#8221; column_border_radius=&#8221;none&#8221; width=&#8221;1\/1&#8243; tablet_width_inherit=&#8221;default&#8221; tablet_text_alignment=&#8221;default&#8221; phone_text_alignment=&#8221;default&#8221; column_border_width=&#8221;none&#8221; column_border_style=&#8221;solid&#8221; bg_image_animation=&#8221;none&#8221;][vc_column_text] Yeti\u015fti\u011fi topraklara k\u00f6k salar insan. B\u00fcy\u00fcr, koca&#8230;<\/p>\n","protected":false},"author":8,"featured_media":39340,"comment_status":"closed","ping_status":"closed","sticky":false,"template":"","format":"standard","meta":{"footnotes":""},"categories":[2288],"tags":[],"class_list":{"0":"post-39267","1":"post","2":"type-post","3":"status-publish","4":"format-standard","5":"has-post-thumbnail","7":"category-yedinci-uluslararasi-iyilik-odulleri"},"yoast_head":"<!-- This site is optimized with the Yoast SEO plugin v27.5 - https:\/\/yoast.com\/product\/yoast-seo-wordpress\/ -->\n<title>Ali Fuat AT\u0130K - Vefa \u00d6d\u00fcl\u00fc Sahibi<\/title>\n<meta name=\"description\" content=\"Yeti\u015fti\u011fi topraklara k\u00f6k salar insan. B\u00fcy\u00fcr, koca bir \u00e7\u0131nar misali b\u00fcy\u00fcr. Herkes onun fark\u0131na var\u0131r da, o kendi g\u00fczelli\u011fini bilemez. Zira o g\u00fczelle\u015fmek i\u00e7in de\u011fil. Do\u011fas\u0131 gere\u011fi g\u00fczelle\u015fir. \u0130\u015fte Ali Fuat Atik de bir \u00e7\u0131nar misali bu topraklar\u0131n b\u00fcy\u00fctt\u00fc\u011f\u00fc bir isim. Y\u0131llard\u0131r hizmet veren k\u0131ymetli, y\u00fczlerce devlet adam\u0131ndan biri!\" \/>\n<meta name=\"robots\" content=\"index, follow, max-snippet:-1, max-image-preview:large, max-video-preview:-1\" \/>\n<link rel=\"canonical\" href=\"https:\/\/tdv.org\/tr-TR\/ali-fuat-atik\/\" \/>\n<meta property=\"og:locale\" content=\"tr_TR\" \/>\n<meta property=\"og:type\" content=\"article\" \/>\n<meta property=\"og:title\" content=\"Ali Fuat AT\u0130K - Vefa \u00d6d\u00fcl\u00fc Sahibi\" \/>\n<meta property=\"og:description\" content=\"Yeti\u015fti\u011fi topraklara k\u00f6k salar insan. B\u00fcy\u00fcr, koca bir \u00e7\u0131nar misali b\u00fcy\u00fcr. Herkes onun fark\u0131na var\u0131r da, o kendi g\u00fczelli\u011fini bilemez. Zira o g\u00fczelle\u015fmek i\u00e7in de\u011fil. Do\u011fas\u0131 gere\u011fi g\u00fczelle\u015fir. \u0130\u015fte Ali Fuat Atik de bir \u00e7\u0131nar misali bu topraklar\u0131n b\u00fcy\u00fctt\u00fc\u011f\u00fc bir isim. Y\u0131llard\u0131r hizmet veren k\u0131ymetli, y\u00fczlerce devlet adam\u0131ndan biri!\" \/>\n<meta property=\"og:url\" content=\"https:\/\/tdv.org\/tr-TR\/ali-fuat-atik\/\" \/>\n<meta property=\"og:site_name\" content=\"T\u00fcrkiye Diyanet Vakf\u0131 Resmi Web Sitesi\" \/>\n<meta property=\"article:publisher\" content=\"https:\/\/www.facebook.com\/Diyanetvakfi\/\" \/>\n<meta property=\"article:published_time\" content=\"2024-05-22T12:35:00+00:00\" \/>\n<meta property=\"article:modified_time\" content=\"2025-01-02T13:26:39+00:00\" \/>\n<meta property=\"og:image\" content=\"https:\/\/tdv.org\/tr-TR\/wp-content\/uploads\/2024\/05\/ali-fuat-atik.jpg\" \/>\n\t<meta property=\"og:image:width\" content=\"1364\" \/>\n\t<meta property=\"og:image:height\" content=\"768\" \/>\n\t<meta property=\"og:image:type\" content=\"image\/jpeg\" \/>\n<meta name=\"author\" content=\"Selim\" \/>\n<meta name=\"twitter:card\" content=\"summary_large_image\" \/>\n<meta name=\"twitter:creator\" content=\"@DiyanetVakfi\" \/>\n<meta name=\"twitter:site\" content=\"@DiyanetVakfi\" \/>\n<script type=\"application\/ld+json\" class=\"yoast-schema-graph\">{\"@context\":\"https:\\\/\\\/schema.org\",\"@graph\":[{\"@type\":\"Article\",\"@id\":\"https:\\\/\\\/tdv.org\\\/tr-TR\\\/ali-fuat-atik\\\/#article\",\"isPartOf\":{\"@id\":\"https:\\\/\\\/tdv.org\\\/tr-TR\\\/ali-fuat-atik\\\/\"},\"author\":{\"name\":\"Selim\",\"@id\":\"https:\\\/\\\/tdv.org\\\/tr-TR\\\/#\\\/schema\\\/person\\\/752b55e264a99273d55636516d96d5eb\"},\"headline\":\"Ali Fuat AT\u0130K &#8211; Vefa \u00d6d\u00fcl\u00fc Sahibi\",\"datePublished\":\"2024-05-22T12:35:00+00:00\",\"dateModified\":\"2025-01-02T13:26:39+00:00\",\"mainEntityOfPage\":{\"@id\":\"https:\\\/\\\/tdv.org\\\/tr-TR\\\/ali-fuat-atik\\\/\"},\"wordCount\":293,\"publisher\":{\"@id\":\"https:\\\/\\\/tdv.org\\\/tr-TR\\\/#organization\"},\"image\":{\"@id\":\"https:\\\/\\\/tdv.org\\\/tr-TR\\\/ali-fuat-atik\\\/#primaryimage\"},\"thumbnailUrl\":\"https:\\\/\\\/tdv.org\\\/tr-TR\\\/wp-content\\\/uploads\\\/2024\\\/05\\\/ali-fuat-atik.jpg\",\"articleSection\":[\"Yedinci Uluslararas\u0131 \u0130yilik \u00d6d\u00fclleri\"],\"inLanguage\":\"tr\"},{\"@type\":\"WebPage\",\"@id\":\"https:\\\/\\\/tdv.org\\\/tr-TR\\\/ali-fuat-atik\\\/\",\"url\":\"https:\\\/\\\/tdv.org\\\/tr-TR\\\/ali-fuat-atik\\\/\",\"name\":\"Ali Fuat AT\u0130K - Vefa \u00d6d\u00fcl\u00fc Sahibi\",\"isPartOf\":{\"@id\":\"https:\\\/\\\/tdv.org\\\/tr-TR\\\/#website\"},\"primaryImageOfPage\":{\"@id\":\"https:\\\/\\\/tdv.org\\\/tr-TR\\\/ali-fuat-atik\\\/#primaryimage\"},\"image\":{\"@id\":\"https:\\\/\\\/tdv.org\\\/tr-TR\\\/ali-fuat-atik\\\/#primaryimage\"},\"thumbnailUrl\":\"https:\\\/\\\/tdv.org\\\/tr-TR\\\/wp-content\\\/uploads\\\/2024\\\/05\\\/ali-fuat-atik.jpg\",\"datePublished\":\"2024-05-22T12:35:00+00:00\",\"dateModified\":\"2025-01-02T13:26:39+00:00\",\"description\":\"Yeti\u015fti\u011fi topraklara k\u00f6k salar insan. B\u00fcy\u00fcr, koca bir \u00e7\u0131nar misali b\u00fcy\u00fcr. Herkes onun fark\u0131na var\u0131r da, o kendi g\u00fczelli\u011fini bilemez. Zira o g\u00fczelle\u015fmek i\u00e7in de\u011fil. Do\u011fas\u0131 gere\u011fi g\u00fczelle\u015fir. \u0130\u015fte Ali Fuat Atik de bir \u00e7\u0131nar misali bu topraklar\u0131n b\u00fcy\u00fctt\u00fc\u011f\u00fc bir isim. Y\u0131llard\u0131r hizmet veren k\u0131ymetli, y\u00fczlerce devlet adam\u0131ndan biri!\",\"breadcrumb\":{\"@id\":\"https:\\\/\\\/tdv.org\\\/tr-TR\\\/ali-fuat-atik\\\/#breadcrumb\"},\"inLanguage\":\"tr\",\"potentialAction\":[{\"@type\":\"ReadAction\",\"target\":[\"https:\\\/\\\/tdv.org\\\/tr-TR\\\/ali-fuat-atik\\\/\"]}]},{\"@type\":\"ImageObject\",\"inLanguage\":\"tr\",\"@id\":\"https:\\\/\\\/tdv.org\\\/tr-TR\\\/ali-fuat-atik\\\/#primaryimage\",\"url\":\"https:\\\/\\\/tdv.org\\\/tr-TR\\\/wp-content\\\/uploads\\\/2024\\\/05\\\/ali-fuat-atik.jpg\",\"contentUrl\":\"https:\\\/\\\/tdv.org\\\/tr-TR\\\/wp-content\\\/uploads\\\/2024\\\/05\\\/ali-fuat-atik.jpg\",\"width\":1364,\"height\":768},{\"@type\":\"BreadcrumbList\",\"@id\":\"https:\\\/\\\/tdv.org\\\/tr-TR\\\/ali-fuat-atik\\\/#breadcrumb\",\"itemListElement\":[{\"@type\":\"ListItem\",\"position\":1,\"name\":\"Anasayfa\",\"item\":\"https:\\\/\\\/tdv.org\\\/tr-TR\\\/\"},{\"@type\":\"ListItem\",\"position\":2,\"name\":\"Ali Fuat AT\u0130K &#8211; Vefa \u00d6d\u00fcl\u00fc Sahibi\"}]},{\"@type\":\"WebSite\",\"@id\":\"https:\\\/\\\/tdv.org\\\/tr-TR\\\/#website\",\"url\":\"https:\\\/\\\/tdv.org\\\/tr-TR\\\/\",\"name\":\"T\u00fcrkiye Diyanet Vakf\u0131 Resmi Web Sitesi\",\"description\":\"Yery\u00fcz\u00fcnde iyilik egemen oluncaya kadar\",\"publisher\":{\"@id\":\"https:\\\/\\\/tdv.org\\\/tr-TR\\\/#organization\"},\"alternateName\":\"T\u00fcrkiye Diyanet Vakf\u0131\",\"potentialAction\":[{\"@type\":\"SearchAction\",\"target\":{\"@type\":\"EntryPoint\",\"urlTemplate\":\"https:\\\/\\\/tdv.org\\\/tr-TR\\\/?s={search_term_string}\"},\"query-input\":{\"@type\":\"PropertyValueSpecification\",\"valueRequired\":true,\"valueName\":\"search_term_string\"}}],\"inLanguage\":\"tr\"},{\"@type\":\"Organization\",\"@id\":\"https:\\\/\\\/tdv.org\\\/tr-TR\\\/#organization\",\"name\":\"T\u00fcrkiye Diyanet Vakf\u0131\",\"alternateName\":\"T\u00fcrkiye Diyanet Vakf\u0131\",\"url\":\"https:\\\/\\\/tdv.org\\\/tr-TR\\\/\",\"logo\":{\"@type\":\"ImageObject\",\"inLanguage\":\"tr\",\"@id\":\"https:\\\/\\\/tdv.org\\\/tr-TR\\\/#\\\/schema\\\/logo\\\/image\\\/\",\"url\":\"https:\\\/\\\/tdv.org\\\/tr-TR\\\/wp-content\\\/uploads\\\/2018\\\/12\\\/TDV_Logo_1.png\",\"contentUrl\":\"https:\\\/\\\/tdv.org\\\/tr-TR\\\/wp-content\\\/uploads\\\/2018\\\/12\\\/TDV_Logo_1.png\",\"width\":207,\"height\":71,\"caption\":\"T\u00fcrkiye Diyanet Vakf\u0131\"},\"image\":{\"@id\":\"https:\\\/\\\/tdv.org\\\/tr-TR\\\/#\\\/schema\\\/logo\\\/image\\\/\"},\"sameAs\":[\"https:\\\/\\\/www.facebook.com\\\/Diyanetvakfi\\\/\",\"https:\\\/\\\/x.com\\\/DiyanetVakfi\",\"https:\\\/\\\/www.instagram.com\\\/turkiyediyanetvakfi\\\/\",\"https:\\\/\\\/www.youtube.com\\\/user\\\/TurkiyeDiyanetVakfi\"]},{\"@type\":\"Person\",\"@id\":\"https:\\\/\\\/tdv.org\\\/tr-TR\\\/#\\\/schema\\\/person\\\/752b55e264a99273d55636516d96d5eb\",\"name\":\"Selim\",\"image\":{\"@type\":\"ImageObject\",\"inLanguage\":\"tr\",\"@id\":\"https:\\\/\\\/tdv.org\\\/tr-TR\\\/wp-content\\\/litespeed\\\/avatar\\\/a1e47b25396e98e5b781e88a5396cd96.jpg?ver=1777287391\",\"url\":\"https:\\\/\\\/tdv.org\\\/tr-TR\\\/wp-content\\\/litespeed\\\/avatar\\\/a1e47b25396e98e5b781e88a5396cd96.jpg?ver=1777287391\",\"contentUrl\":\"https:\\\/\\\/tdv.org\\\/tr-TR\\\/wp-content\\\/litespeed\\\/avatar\\\/a1e47b25396e98e5b781e88a5396cd96.jpg?ver=1777287391\",\"caption\":\"Selim\"}}]}<\/script>\n<!-- \/ Yoast SEO plugin. -->","yoast_head_json":{"title":"Ali Fuat AT\u0130K - Vefa \u00d6d\u00fcl\u00fc Sahibi","description":"Yeti\u015fti\u011fi topraklara k\u00f6k salar insan. B\u00fcy\u00fcr, koca bir \u00e7\u0131nar misali b\u00fcy\u00fcr. Herkes onun fark\u0131na var\u0131r da, o kendi g\u00fczelli\u011fini bilemez. Zira o g\u00fczelle\u015fmek i\u00e7in de\u011fil. Do\u011fas\u0131 gere\u011fi g\u00fczelle\u015fir. \u0130\u015fte Ali Fuat Atik de bir \u00e7\u0131nar misali bu topraklar\u0131n b\u00fcy\u00fctt\u00fc\u011f\u00fc bir isim. Y\u0131llard\u0131r hizmet veren k\u0131ymetli, y\u00fczlerce devlet adam\u0131ndan biri!","robots":{"index":"index","follow":"follow","max-snippet":"max-snippet:-1","max-image-preview":"max-image-preview:large","max-video-preview":"max-video-preview:-1"},"canonical":"https:\/\/tdv.org\/tr-TR\/ali-fuat-atik\/","og_locale":"tr_TR","og_type":"article","og_title":"Ali Fuat AT\u0130K - Vefa \u00d6d\u00fcl\u00fc Sahibi","og_description":"Yeti\u015fti\u011fi topraklara k\u00f6k salar insan. B\u00fcy\u00fcr, koca bir \u00e7\u0131nar misali b\u00fcy\u00fcr. Herkes onun fark\u0131na var\u0131r da, o kendi g\u00fczelli\u011fini bilemez. Zira o g\u00fczelle\u015fmek i\u00e7in de\u011fil. Do\u011fas\u0131 gere\u011fi g\u00fczelle\u015fir. \u0130\u015fte Ali Fuat Atik de bir \u00e7\u0131nar misali bu topraklar\u0131n b\u00fcy\u00fctt\u00fc\u011f\u00fc bir isim. Y\u0131llard\u0131r hizmet veren k\u0131ymetli, y\u00fczlerce devlet adam\u0131ndan biri!","og_url":"https:\/\/tdv.org\/tr-TR\/ali-fuat-atik\/","og_site_name":"T\u00fcrkiye Diyanet Vakf\u0131 Resmi Web Sitesi","article_publisher":"https:\/\/www.facebook.com\/Diyanetvakfi\/","article_published_time":"2024-05-22T12:35:00+00:00","article_modified_time":"2025-01-02T13:26:39+00:00","og_image":[{"width":1364,"height":768,"url":"https:\/\/tdv.org\/tr-TR\/wp-content\/uploads\/2024\/05\/ali-fuat-atik.jpg","type":"image\/jpeg"}],"author":"Selim","twitter_card":"summary_large_image","twitter_creator":"@DiyanetVakfi","twitter_site":"@DiyanetVakfi","schema":{"@context":"https:\/\/schema.org","@graph":[{"@type":"Article","@id":"https:\/\/tdv.org\/tr-TR\/ali-fuat-atik\/#article","isPartOf":{"@id":"https:\/\/tdv.org\/tr-TR\/ali-fuat-atik\/"},"author":{"name":"Selim","@id":"https:\/\/tdv.org\/tr-TR\/#\/schema\/person\/752b55e264a99273d55636516d96d5eb"},"headline":"Ali Fuat AT\u0130K &#8211; Vefa \u00d6d\u00fcl\u00fc Sahibi","datePublished":"2024-05-22T12:35:00+00:00","dateModified":"2025-01-02T13:26:39+00:00","mainEntityOfPage":{"@id":"https:\/\/tdv.org\/tr-TR\/ali-fuat-atik\/"},"wordCount":293,"publisher":{"@id":"https:\/\/tdv.org\/tr-TR\/#organization"},"image":{"@id":"https:\/\/tdv.org\/tr-TR\/ali-fuat-atik\/#primaryimage"},"thumbnailUrl":"https:\/\/tdv.org\/tr-TR\/wp-content\/uploads\/2024\/05\/ali-fuat-atik.jpg","articleSection":["Yedinci Uluslararas\u0131 \u0130yilik \u00d6d\u00fclleri"],"inLanguage":"tr"},{"@type":"WebPage","@id":"https:\/\/tdv.org\/tr-TR\/ali-fuat-atik\/","url":"https:\/\/tdv.org\/tr-TR\/ali-fuat-atik\/","name":"Ali Fuat AT\u0130K - Vefa \u00d6d\u00fcl\u00fc Sahibi","isPartOf":{"@id":"https:\/\/tdv.org\/tr-TR\/#website"},"primaryImageOfPage":{"@id":"https:\/\/tdv.org\/tr-TR\/ali-fuat-atik\/#primaryimage"},"image":{"@id":"https:\/\/tdv.org\/tr-TR\/ali-fuat-atik\/#primaryimage"},"thumbnailUrl":"https:\/\/tdv.org\/tr-TR\/wp-content\/uploads\/2024\/05\/ali-fuat-atik.jpg","datePublished":"2024-05-22T12:35:00+00:00","dateModified":"2025-01-02T13:26:39+00:00","description":"Yeti\u015fti\u011fi topraklara k\u00f6k salar insan. B\u00fcy\u00fcr, koca bir \u00e7\u0131nar misali b\u00fcy\u00fcr. Herkes onun fark\u0131na var\u0131r da, o kendi g\u00fczelli\u011fini bilemez. Zira o g\u00fczelle\u015fmek i\u00e7in de\u011fil. Do\u011fas\u0131 gere\u011fi g\u00fczelle\u015fir. \u0130\u015fte Ali Fuat Atik de bir \u00e7\u0131nar misali bu topraklar\u0131n b\u00fcy\u00fctt\u00fc\u011f\u00fc bir isim. Y\u0131llard\u0131r hizmet veren k\u0131ymetli, y\u00fczlerce devlet adam\u0131ndan biri!","breadcrumb":{"@id":"https:\/\/tdv.org\/tr-TR\/ali-fuat-atik\/#breadcrumb"},"inLanguage":"tr","potentialAction":[{"@type":"ReadAction","target":["https:\/\/tdv.org\/tr-TR\/ali-fuat-atik\/"]}]},{"@type":"ImageObject","inLanguage":"tr","@id":"https:\/\/tdv.org\/tr-TR\/ali-fuat-atik\/#primaryimage","url":"https:\/\/tdv.org\/tr-TR\/wp-content\/uploads\/2024\/05\/ali-fuat-atik.jpg","contentUrl":"https:\/\/tdv.org\/tr-TR\/wp-content\/uploads\/2024\/05\/ali-fuat-atik.jpg","width":1364,"height":768},{"@type":"BreadcrumbList","@id":"https:\/\/tdv.org\/tr-TR\/ali-fuat-atik\/#breadcrumb","itemListElement":[{"@type":"ListItem","position":1,"name":"Anasayfa","item":"https:\/\/tdv.org\/tr-TR\/"},{"@type":"ListItem","position":2,"name":"Ali Fuat AT\u0130K &#8211; Vefa \u00d6d\u00fcl\u00fc Sahibi"}]},{"@type":"WebSite","@id":"https:\/\/tdv.org\/tr-TR\/#website","url":"https:\/\/tdv.org\/tr-TR\/","name":"T\u00fcrkiye Diyanet Vakf\u0131 Resmi Web Sitesi","description":"Yery\u00fcz\u00fcnde iyilik egemen oluncaya kadar","publisher":{"@id":"https:\/\/tdv.org\/tr-TR\/#organization"},"alternateName":"T\u00fcrkiye Diyanet Vakf\u0131","potentialAction":[{"@type":"SearchAction","target":{"@type":"EntryPoint","urlTemplate":"https:\/\/tdv.org\/tr-TR\/?s={search_term_string}"},"query-input":{"@type":"PropertyValueSpecification","valueRequired":true,"valueName":"search_term_string"}}],"inLanguage":"tr"},{"@type":"Organization","@id":"https:\/\/tdv.org\/tr-TR\/#organization","name":"T\u00fcrkiye Diyanet Vakf\u0131","alternateName":"T\u00fcrkiye Diyanet Vakf\u0131","url":"https:\/\/tdv.org\/tr-TR\/","logo":{"@type":"ImageObject","inLanguage":"tr","@id":"https:\/\/tdv.org\/tr-TR\/#\/schema\/logo\/image\/","url":"https:\/\/tdv.org\/tr-TR\/wp-content\/uploads\/2018\/12\/TDV_Logo_1.png","contentUrl":"https:\/\/tdv.org\/tr-TR\/wp-content\/uploads\/2018\/12\/TDV_Logo_1.png","width":207,"height":71,"caption":"T\u00fcrkiye Diyanet Vakf\u0131"},"image":{"@id":"https:\/\/tdv.org\/tr-TR\/#\/schema\/logo\/image\/"},"sameAs":["https:\/\/www.facebook.com\/Diyanetvakfi\/","https:\/\/x.com\/DiyanetVakfi","https:\/\/www.instagram.com\/turkiyediyanetvakfi\/","https:\/\/www.youtube.com\/user\/TurkiyeDiyanetVakfi"]},{"@type":"Person","@id":"https:\/\/tdv.org\/tr-TR\/#\/schema\/person\/752b55e264a99273d55636516d96d5eb","name":"Selim","image":{"@type":"ImageObject","inLanguage":"tr","@id":"https:\/\/tdv.org\/tr-TR\/wp-content\/litespeed\/avatar\/a1e47b25396e98e5b781e88a5396cd96.jpg?ver=1777287391","url":"https:\/\/tdv.org\/tr-TR\/wp-content\/litespeed\/avatar\/a1e47b25396e98e5b781e88a5396cd96.jpg?ver=1777287391","contentUrl":"https:\/\/tdv.org\/tr-TR\/wp-content\/litespeed\/avatar\/a1e47b25396e98e5b781e88a5396cd96.jpg?ver=1777287391","caption":"Selim"}}]}},"_links":{"self":[{"href":"https:\/\/tdv.org\/tr-TR\/wp-json\/wp\/v2\/posts\/39267","targetHints":{"allow":["GET"]}}],"collection":[{"href":"https:\/\/tdv.org\/tr-TR\/wp-json\/wp\/v2\/posts"}],"about":[{"href":"https:\/\/tdv.org\/tr-TR\/wp-json\/wp\/v2\/types\/post"}],"author":[{"embeddable":true,"href":"https:\/\/tdv.org\/tr-TR\/wp-json\/wp\/v2\/users\/8"}],"replies":[{"embeddable":true,"href":"https:\/\/tdv.org\/tr-TR\/wp-json\/wp\/v2\/comments?post=39267"}],"version-history":[{"count":7,"href":"https:\/\/tdv.org\/tr-TR\/wp-json\/wp\/v2\/posts\/39267\/revisions"}],"predecessor-version":[{"id":48136,"href":"https:\/\/tdv.org\/tr-TR\/wp-json\/wp\/v2\/posts\/39267\/revisions\/48136"}],"wp:featuredmedia":[{"embeddable":true,"href":"https:\/\/tdv.org\/tr-TR\/wp-json\/wp\/v2\/media\/39340"}],"wp:attachment":[{"href":"https:\/\/tdv.org\/tr-TR\/wp-json\/wp\/v2\/media?parent=39267"}],"wp:term":[{"taxonomy":"category","embeddable":true,"href":"https:\/\/tdv.org\/tr-TR\/wp-json\/wp\/v2\/categories?post=39267"},{"taxonomy":"post_tag","embeddable":true,"href":"https:\/\/tdv.org\/tr-TR\/wp-json\/wp\/v2\/tags?post=39267"}],"curies":[{"name":"wp","href":"https:\/\/api.w.org\/{rel}","templated":true}]}}