{"id":39498,"date":"2024-05-25T20:48:58","date_gmt":"2024-05-25T17:48:58","guid":{"rendered":"https:\/\/tdv.org\/tr-TR\/?p=39498"},"modified":"2024-05-27T12:00:38","modified_gmt":"2024-05-27T09:00:38","slug":"islam-dunyayi-iyilestirmek-icin-gonderilen-bir-ilactir","status":"publish","type":"post","link":"https:\/\/tdv.org\/tr-TR\/islam-dunyayi-iyilestirmek-icin-gonderilen-bir-ilactir\/","title":{"rendered":"\u201c\u0130slam d\u00fcnyay\u0131 iyile\u015ftirmek i\u00e7in g\u00f6nderilen bir ila\u00e7t\u0131r\u201d"},"content":{"rendered":"<p class=\"text-justify\" style=\"text-align: justify;\"><a href=\"https:\/\/tdv.org\/tr-TR\/kurumsal\/prof-dr-ali-erbas\/\" target=\"_blank\" rel=\"noopener\">Diyanet \u0130\u015fleri Ba\u015fkan\u0131 ve TDV M\u00fctevelli Heyeti Ba\u015fkan\u0131 Prof. Dr. Ali Erba\u015f<\/a>, \u201c\u0130slam d\u00fcnyay\u0131 iyile\u015ftirmek i\u00e7in g\u00f6nderilen bir ila\u00e7t\u0131r. \u0130slam re\u00e7etesini bizim yery\u00fcz\u00fcnde iyi bir \u015fekilde uygulamam\u0131z laz\u0131m.\u201d dedi.<\/p>\n<div>\n<p style=\"text-align: justify;\">Diyanet \u0130\u015fleri Ba\u015fkan\u0131 Prof. Dr. Ali Erba\u015f, <a href=\"https:\/\/tdv.org\/tr-TR\" target=\"_blank\" rel=\"noopener\">T\u00fcrkiye Diyanet Vakf\u0131\u2019n\u0131n (TDV)<\/a> <a href=\"https:\/\/tdv.org\/tr-TR\/faaliyetlerimiz\/egitim-kultur\/\" target=\"_blank\" rel=\"noopener\">burs programlar\u0131<\/a> kapsam\u0131nda e\u011fitim deste\u011fi verdi\u011fi \u00f6\u011frenciler i\u00e7in Ankara\u2019da d\u00fczenlenen mezuniyet program\u0131na kat\u0131ld\u0131.<\/p>\n<p style=\"text-align: justify;\">Kuzey Ankara Kongre ve K\u00fclt\u00fcr Merkezi\u2019nde, \u201cMezuniyetten Mesuliyete\u201d ad\u0131yla d\u00fczenlenen <a href=\"https:\/\/tdv.org\/tr-TR\/faaliyetlerimiz\/egitim-kultur\/\" target=\"_blank\" rel=\"noopener\">Diyanet Burslar\u0131<\/a> Mezuniyet Program\u0131\u2019nda konu\u015fan Ba\u015fkan Erba\u015f, devletin Diyanet \u0130\u015fleri Ba\u015fkanl\u0131\u011f\u0131na toplumu din konusunda ayd\u0131nlatma g\u00f6revi verdi\u011fini belirterek, bununla ilgili pek \u00e7ok alanda etkinlik ve faaliyetler y\u00fcr\u00fctt\u00fc\u011f\u00fcn\u00fc dile getirdi.<\/p>\n<p style=\"text-align: justify;\"><strong>\u201cMedeniyetimizin temeli ilme, bilgiye, hikmete, irfana dayan\u0131yor\u201d<\/strong><\/p>\n<p style=\"text-align: justify;\">Ba\u015fkanl\u0131\u011f\u0131n en fazla \u00f6nem verdi\u011fi faaliyet alan\u0131n\u0131n e\u011fitim oldu\u011funa i\u015faret eden Ba\u015fkan Erba\u015f, \u201cE\u011fitim bizim olmazsa olmaz\u0131m\u0131zd\u0131r. \u00c7\u00fcnk\u00fc medeniyetimizin temeli ilme, bilgiye, hikmete, irfana dayanmaktad\u0131r. Toplumlar\u0131n geli\u015fmesi, ilmi ve irfani noktada iyi olursa arkas\u0131ndan di\u011ferleri gelir. Y\u00fcce Rabbimiz medeniyetimizin olu\u015fumunu \u2018oku\u2019 diyerek ba\u015flatm\u0131\u015ft\u0131r. \u2018Oku! Yaratan Rabbinin ad\u0131yla oku.\u2019 i\u015fte bizim mefkuremizin temeli bu ayet-i kerimedeki emir do\u011frultusunda devam etmektedir, b\u00f6yle devam edecektir.\u201d diye konu\u015ftu.<\/p>\n<p style=\"text-align: justify;\"><strong>\u201c\u0130slam en b\u00fcy\u00fck nimettir\u201d<\/strong><\/p>\n<p style=\"text-align: justify;\">Ba\u015fkan Erba\u015f, Allah\u2019\u0131n \u0130slam\u2019\u0131 b\u00fct\u00fcn insanl\u0131\u011fa nimet olarak g\u00f6nderdi\u011fini dile getirerek, \u201cHz. Adem\u2019den, Hz. Muhammed Mustafa Efendimize (s.a.s.) kadar b\u00fct\u00fcn peygamberlere Allah\u2019\u0131n g\u00f6nderdi\u011fi dinin ad\u0131d\u0131r \u0130slam. Cenab-\u0131 Hak \u0130slam\u2019\u0131n d\u0131\u015f\u0131nda ba\u015fka bir din g\u00f6ndermemi\u015ftir. \u0130slam, yery\u00fcz\u00fcnde iyili\u011fin ger\u00e7ekle\u015febilmesi i\u00e7in Cenab-\u0131 Hakk\u0131n g\u00f6nderdi\u011fi en b\u00fcy\u00fck nimettir. Bu nimetin k\u0131ymetini bilelim. Sizlere birisi sorsa \u2018Allah\u2019\u0131n sana verdi\u011fi en b\u00fcy\u00fck nimet nedir\u2019 diye cevab\u0131n\u0131z \u0130slam olacakt\u0131r.\u201d dedi.<\/p>\n<p style=\"text-align: justify;\">Ba\u015fkan Erba\u015f, \u201c\u0130slam d\u00fcnyay\u0131 iyile\u015ftirmek i\u00e7in g\u00f6nderilen bir ila\u00e7t\u0131r. \u0130slam re\u00e7etesini bizim yery\u00fcz\u00fcnde iyi bir \u015fekilde uygulamam\u0131z laz\u0131m. Bunun i\u00e7in do\u011fru dini bilgiye, sahih din e\u011fitimine ihtiya\u00e7 var. Diyanet \u0130\u015fleri Ba\u015fkanl\u0131\u011f\u0131 olarak bunun i\u00e7in gece g\u00fcnd\u00fcz \u00e7al\u0131\u015ft\u0131k. Siz ve sizlerden \u00f6nceki binlerce karde\u015fimize, \u00f6\u011frencilerimize ilahiyat fak\u00fcltelerinde, imam hatip liselerinde hurafelerden ve a\u015f\u0131r\u0131l\u0131klardan uzak bir din e\u011fitimini nas\u0131l verebiliriz? \u0130lahiyat Fak\u00fcltelerimizdeki hocalar\u0131m\u0131zla birlikte bunun gayreti i\u00e7erisinde olduk.\u201d ifadelerini kulland\u0131.<\/p>\n<p><iframe width=\"1200\" height=\"600\" src=\"https:\/\/www.youtube.com\/embed\/ht7p6YWI_rE?si=34o1nV8oQyMPYrBa\" title=\"YouTube video player\" frameborder=\"0\" allow=\"accelerometer; autoplay; clipboard-write; encrypted-media; gyroscope; picture-in-picture; web-share\" referrerpolicy=\"strict-origin-when-cross-origin\" allowfullscreen><\/iframe><\/p>\n<p style=\"text-align: justify;\"><strong>\u201c\u0130nsanlar\u0131 tekfir etmekten uzak durun\u201d<\/strong><\/p>\n<p style=\"text-align: justify;\">\u201c\u0130\u015flerin en hay\u0131rl\u0131s\u0131, orta halli olan\u0131d\u0131r.\u201d hadis-i \u015ferifini hat\u0131rlatan Ba\u015fkan Erba\u015f, \u00f6\u011frencilere \u015funlar\u0131 s\u00f6yledi:<\/p>\n<p style=\"text-align: justify;\">\u201cGitti\u011finiz yerlerde insanlar\u0131 tekfir etmekten uzak durun. Hurafelerden ve hurafelere bula\u015fm\u0131\u015f din anlay\u0131\u015f\u0131ndan uzak durun. A\u015f\u0131r\u0131l\u0131klara bula\u015fm\u0131\u015f, insanlar\u0131 tekfir etmeye y\u00f6nelik olu\u015fmu\u015f din anlay\u0131\u015f\u0131ndan uzak durun. \u00c7\u00fcnk\u00fc Peygamber Efendimiz (s.a.s.) ve Ashab\u0131 Kiram insanlara hep b\u00f6yle bir din anlay\u0131\u015f\u0131n\u0131 tavsiye etti. Her zaman orta olan\u0131, mutedil olan\u0131 tavsiye edece\u011fiz.\u201d<\/p>\n<p style=\"text-align: justify;\"><strong>\u201cAmac\u0131m\u0131z insanlar\u0131 hayra \u00e7a\u011f\u0131rmak\u201d<\/strong><\/p>\n<p style=\"text-align: justify;\">Ba\u015fkan Erba\u015f, \u201c\u0130\u00e7inizden hayra \u00e7a\u011f\u0131ran, iyili\u011fi emreden, k\u00f6t\u00fcl\u00fckten men eden bir topluluk bulunsun. \u0130\u015fte kurtulu\u015fa erecek olan onlard\u0131r.\u201d ayet-i kerimesini hat\u0131rlatarak, \u201cRabbimiz bizi tan\u0131ml\u0131yor. \u00c7\u00fcnk\u00fc bizim mefkuremiz, amac\u0131m\u0131z, hedefimiz insanlar\u0131 hayra \u00e7a\u011f\u0131rmak, iyili\u011fi emretmek, k\u00f6t\u00fcl\u00fckten men etmek. TDV\u2019nin hedefi de budur. Bunun i\u00e7in yar\u0131m as\u0131rd\u0131r m\u00fccadele ediyor. Daha fazla gence ve insana ula\u015fal\u0131m, daha fazla insan iyi olsun, daha fazla insan k\u00f6t\u00fcl\u00fcklerden uzak kals\u0131n, daha fazla insana Kur\u2019an\u2019\u0131 anlatal\u0131m, daha fazla insana Peygamberimizi (s.a.s.) tan\u0131tal\u0131m ve Peygamberimizin (s.a.s.) insanl\u0131\u011fa kazand\u0131rd\u0131\u011f\u0131 de\u011ferleri tan\u0131tal\u0131m.\u201d ifadelerini kulland\u0131.<\/p>\n<p style=\"text-align: justify;\"><strong>\u201cYery\u00fcz\u00fcnde iyilik egemen oluncaya kadar \u00e7al\u0131\u015fmaya s\u00f6z vermi\u015fiz\u201d<\/strong><\/p>\n<p style=\"text-align: justify;\">TDV\u2019nin 49 y\u0131ld\u0131r \u201c\u0130yilikte ve takvada yard\u0131mla\u015f\u0131n\u0131z.\u201d ayet-i kerimesinin emri do\u011frultusunda hareket etti\u011fini belirten Ba\u015fkan Erba\u015f, \u015funlar\u0131 kaydetti<\/p>\n<p style=\"text-align: justify;\">\u201c100\u2019\u00fcn \u00fczerindeki \u00fclkeden ve \u00fclkemizdeki 81 ilden, 922 il\u00e7eden, 40 bin kadar k\u00f6yden, beldeden gelen gen\u00e7lere el uzat\u0131yor, onlar\u0131n e\u011fitimlerine destek oluyor, ne g\u00fczel bir vesiledir bu, ne g\u00fczel bir yoldur bu. \u00c7\u00fcnk\u00fc TDV inan\u0131yor ki d\u00fcnyay\u0131 iyilik de\u011fi\u015ftirecektir ve bizler hep beraber yery\u00fcz\u00fcnde iyilik egemen oluncaya kadar \u00e7al\u0131\u015fmaya s\u00f6z vermi\u015fiz. Cenab-\u0131 Hak son nefesimize kadar bu s\u00f6z\u00fcm\u00fcz\u00fc tutmay\u0131 ve bu yolda m\u00fccadele etmeyi hepimize nasip eylesin. Cenab-\u0131 Hak Gazze\u2019deki, Filistin\u2019deki, masumlar, bebekler, katliama, soyk\u0131r\u0131ma u\u011frayan mazlumlar i\u00e7in elimizden geleni elimizle yapmay\u0131, dilimizden geleni dilimizle yapmay\u0131 bizlere nasip eylesin in\u015fallah. Cenab-\u0131 Hak kalbimizle de her zaman mazlumlar\u0131n yan\u0131nda yer almay\u0131, zalimlerin kar\u015f\u0131s\u0131nda durmay\u0131 nasip eylesin. Ecdad\u0131m\u0131z 14 as\u0131rd\u0131r hep bu \u015fekilde hareket etmi\u015f, onlara lay\u0131k torunlar olmay\u0131 hepimize nasip eylesin.\u201d<\/p>\n<p style=\"text-align: justify;\">Programda, \u0130stiklal Mar\u015f\u0131\u2019n\u0131n seslendirilmesinin ard\u0131ndan Bursa Uluda\u011f \u00dcniversitesi \u0130lahiyat Fak\u00fcltesi \u00f6\u011frencisi Ahmet Sefa Arslan taraf\u0131ndan Kur\u2019an-\u0131 Kerim okundu. Mehter ve m\u00fczik dinletilerinin oldu\u011fu programda \u00f6\u011frencilerden temsili konu\u015fmalar da yap\u0131ld\u0131.<\/p>\n<p style=\"text-align: justify;\">Programa, T\u00fcrkiye Kamu Ba\u015fdenet\u00e7isi \u015eeref Malko\u00e7, Diyanet \u0130\u015fleri Ba\u015fkanl\u0131\u011f\u0131 Mushaflar\u0131 \u0130nceleme ve K\u0131raat Kurulu Ba\u015fkan\u0131 Dr. Hafiz Osman \u015eahin, Din \u0130\u015fleri Y\u00fcksek Kurulu Ba\u015fkan Vekili Dr. Fatih Mehmet Ayd\u0131n, <a href=\"https:\/\/tdv.org\/tr-TR\/kurumsal\/izani-turan\/\" target=\"_blank\" rel=\"noopener\">T\u00fcrkiye Diyanet Vakf\u0131 Genel M\u00fcd\u00fcr\u00fc \u0130zani Turan<\/a>, T\u00fcrkiye Diyanet Vakf\u0131 Genel M\u00fcd\u00fcr Yard\u0131mc\u0131s\u0131 Fatih Kayacan, Ankara \u0130l M\u00fcft\u00fcs\u00fc Hasan \u00c7\u0131nar ve \u00e7ok say\u0131da \u00f6\u011frenci kat\u0131ld\u0131.<\/p>\n<p><iframe width=\"1200\" height=\"600\" src=\"https:\/\/www.youtube.com\/embed\/VUpQvjDtT7g?si=4BffehwPcu-N65bS\" title=\"YouTube video player\" frameborder=\"0\" allow=\"accelerometer; autoplay; clipboard-write; encrypted-media; gyroscope; picture-in-picture; web-share\" referrerpolicy=\"strict-origin-when-cross-origin\" allowfullscreen><\/iframe><br \/>\n<iframe width=\"1200\" height=\"600\" src=\"https:\/\/www.youtube.com\/embed\/s8kpwD1wSPw?si=QAG31M1X-6I-mBaW\" title=\"YouTube video player\" frameborder=\"0\" allow=\"accelerometer; autoplay; clipboard-write; encrypted-media; gyroscope; picture-in-picture; web-share\" referrerpolicy=\"strict-origin-when-cross-origin\" allowfullscreen><\/iframe><br \/>\n<iframe width=\"1200\" height=\"600\" src=\"https:\/\/www.youtube.com\/embed\/WseWsBMnXmE?si=BGP7hqn--bvdbBF2\" title=\"YouTube video player\" frameborder=\"0\" allow=\"accelerometer; autoplay; clipboard-write; encrypted-media; gyroscope; picture-in-picture; web-share\" referrerpolicy=\"strict-origin-when-cross-origin\" allowfullscreen><\/iframe><br \/>\n<iframe width=\"1200\" height=\"600\" src=\"https:\/\/www.youtube.com\/embed\/JWDvqnDxN-M?si=bFPFiEDViCjeIFA1\" title=\"YouTube video player\" frameborder=\"0\" allow=\"accelerometer; autoplay; clipboard-write; encrypted-media; gyroscope; picture-in-picture; web-share\" referrerpolicy=\"strict-origin-when-cross-origin\" allowfullscreen><\/iframe><br \/>\n\n\t\t<style type=\"text\/css\">\n\t\t\t#gallery-1 {\n\t\t\t\tmargin: auto;\n\t\t\t}\n\t\t\t#gallery-1 .gallery-item {\n\t\t\t\tfloat: left;\n\t\t\t\tmargin-top: 10px;\n\t\t\t\ttext-align: center;\n\t\t\t\twidth: 33%;\n\t\t\t}\n\t\t\t#gallery-1 img {\n\t\t\t\tborder: 2px solid #cfcfcf;\n\t\t\t}\n\t\t\t#gallery-1 .gallery-caption {\n\t\t\t\tmargin-left: 0;\n\t\t\t}\n\t\t\t\/* see gallery_shortcode() in wp-includes\/media.php *\/\n\t\t<\/style>\n\t\t<div id='gallery-1' class='gallery galleryid-39498 gallery-columns-3 gallery-size-full'><dl class='gallery-item'>\n\t\t\t<dt class='gallery-icon landscape'>\n\t\t\t\t<a href='https:\/\/tdv.org\/tr-TR\/wp-content\/uploads\/2024\/05\/d78e96f5-4dde-4237-94e8-1c5ffd8cfe32_1_1200x800.jpg'><img decoding=\"async\" width=\"1200\" height=\"800\" src=\"https:\/\/tdv.org\/tr-TR\/wp-content\/uploads\/2024\/05\/d78e96f5-4dde-4237-94e8-1c5ffd8cfe32_1_1200x800.jpg\" class=\"attachment-full size-full\" alt=\"\" srcset=\"https:\/\/tdv.org\/tr-TR\/wp-content\/uploads\/2024\/05\/d78e96f5-4dde-4237-94e8-1c5ffd8cfe32_1_1200x800.jpg 1200w, https:\/\/tdv.org\/tr-TR\/wp-content\/uploads\/2024\/05\/d78e96f5-4dde-4237-94e8-1c5ffd8cfe32_1_1200x800-300x200.jpg 300w, https:\/\/tdv.org\/tr-TR\/wp-content\/uploads\/2024\/05\/d78e96f5-4dde-4237-94e8-1c5ffd8cfe32_1_1200x800-1024x683.jpg 1024w, https:\/\/tdv.org\/tr-TR\/wp-content\/uploads\/2024\/05\/d78e96f5-4dde-4237-94e8-1c5ffd8cfe32_1_1200x800-768x512.jpg 768w, https:\/\/tdv.org\/tr-TR\/wp-content\/uploads\/2024\/05\/d78e96f5-4dde-4237-94e8-1c5ffd8cfe32_1_1200x800-900x600.jpg 900w\" sizes=\"(max-width: 1200px) 100vw, 1200px\" \/><\/a>\n\t\t\t<\/dt><\/dl><dl class='gallery-item'>\n\t\t\t<dt class='gallery-icon landscape'>\n\t\t\t\t<a href='https:\/\/tdv.org\/tr-TR\/wp-content\/uploads\/2024\/05\/eff29876-e76a-4a77-b2c1-c20388707d1e_1_1200x800.jpg'><img decoding=\"async\" width=\"1200\" height=\"800\" src=\"https:\/\/tdv.org\/tr-TR\/wp-content\/uploads\/2024\/05\/eff29876-e76a-4a77-b2c1-c20388707d1e_1_1200x800.jpg\" class=\"attachment-full size-full\" alt=\"\" srcset=\"https:\/\/tdv.org\/tr-TR\/wp-content\/uploads\/2024\/05\/eff29876-e76a-4a77-b2c1-c20388707d1e_1_1200x800.jpg 1200w, https:\/\/tdv.org\/tr-TR\/wp-content\/uploads\/2024\/05\/eff29876-e76a-4a77-b2c1-c20388707d1e_1_1200x800-300x200.jpg 300w, https:\/\/tdv.org\/tr-TR\/wp-content\/uploads\/2024\/05\/eff29876-e76a-4a77-b2c1-c20388707d1e_1_1200x800-1024x683.jpg 1024w, https:\/\/tdv.org\/tr-TR\/wp-content\/uploads\/2024\/05\/eff29876-e76a-4a77-b2c1-c20388707d1e_1_1200x800-768x512.jpg 768w, https:\/\/tdv.org\/tr-TR\/wp-content\/uploads\/2024\/05\/eff29876-e76a-4a77-b2c1-c20388707d1e_1_1200x800-900x600.jpg 900w\" sizes=\"(max-width: 1200px) 100vw, 1200px\" \/><\/a>\n\t\t\t<\/dt><\/dl><dl class='gallery-item'>\n\t\t\t<dt class='gallery-icon landscape'>\n\t\t\t\t<a href='https:\/\/tdv.org\/tr-TR\/wp-content\/uploads\/2024\/05\/88179674-ac5d-4199-b3b1-c350d08c2b7b_1_1200x800.jpg'><img decoding=\"async\" width=\"1200\" height=\"800\" src=\"https:\/\/tdv.org\/tr-TR\/wp-content\/uploads\/2024\/05\/88179674-ac5d-4199-b3b1-c350d08c2b7b_1_1200x800.jpg\" class=\"attachment-full size-full\" alt=\"\" srcset=\"https:\/\/tdv.org\/tr-TR\/wp-content\/uploads\/2024\/05\/88179674-ac5d-4199-b3b1-c350d08c2b7b_1_1200x800.jpg 1200w, https:\/\/tdv.org\/tr-TR\/wp-content\/uploads\/2024\/05\/88179674-ac5d-4199-b3b1-c350d08c2b7b_1_1200x800-300x200.jpg 300w, https:\/\/tdv.org\/tr-TR\/wp-content\/uploads\/2024\/05\/88179674-ac5d-4199-b3b1-c350d08c2b7b_1_1200x800-1024x683.jpg 1024w, https:\/\/tdv.org\/tr-TR\/wp-content\/uploads\/2024\/05\/88179674-ac5d-4199-b3b1-c350d08c2b7b_1_1200x800-768x512.jpg 768w, https:\/\/tdv.org\/tr-TR\/wp-content\/uploads\/2024\/05\/88179674-ac5d-4199-b3b1-c350d08c2b7b_1_1200x800-900x600.jpg 900w\" sizes=\"(max-width: 1200px) 100vw, 1200px\" \/><\/a>\n\t\t\t<\/dt><\/dl><br style=\"clear: both\" \/><dl class='gallery-item'>\n\t\t\t<dt class='gallery-icon landscape'>\n\t\t\t\t<a href='https:\/\/tdv.org\/tr-TR\/wp-content\/uploads\/2024\/05\/caece598-8419-4df7-b880-ae3942426cd5_1_1200x800.jpg'><img decoding=\"async\" width=\"1200\" height=\"800\" src=\"https:\/\/tdv.org\/tr-TR\/wp-content\/uploads\/2024\/05\/caece598-8419-4df7-b880-ae3942426cd5_1_1200x800.jpg\" class=\"attachment-full size-full\" alt=\"\" srcset=\"https:\/\/tdv.org\/tr-TR\/wp-content\/uploads\/2024\/05\/caece598-8419-4df7-b880-ae3942426cd5_1_1200x800.jpg 1200w, https:\/\/tdv.org\/tr-TR\/wp-content\/uploads\/2024\/05\/caece598-8419-4df7-b880-ae3942426cd5_1_1200x800-300x200.jpg 300w, https:\/\/tdv.org\/tr-TR\/wp-content\/uploads\/2024\/05\/caece598-8419-4df7-b880-ae3942426cd5_1_1200x800-1024x683.jpg 1024w, https:\/\/tdv.org\/tr-TR\/wp-content\/uploads\/2024\/05\/caece598-8419-4df7-b880-ae3942426cd5_1_1200x800-768x512.jpg 768w, https:\/\/tdv.org\/tr-TR\/wp-content\/uploads\/2024\/05\/caece598-8419-4df7-b880-ae3942426cd5_1_1200x800-900x600.jpg 900w\" sizes=\"(max-width: 1200px) 100vw, 1200px\" \/><\/a>\n\t\t\t<\/dt><\/dl><dl class='gallery-item'>\n\t\t\t<dt class='gallery-icon landscape'>\n\t\t\t\t<a href='https:\/\/tdv.org\/tr-TR\/wp-content\/uploads\/2024\/05\/6c95d513-bc3b-4822-ac41-994008784279_1_1200x800.jpg'><img decoding=\"async\" width=\"1200\" height=\"800\" src=\"https:\/\/tdv.org\/tr-TR\/wp-content\/uploads\/2024\/05\/6c95d513-bc3b-4822-ac41-994008784279_1_1200x800.jpg\" class=\"attachment-full size-full\" alt=\"\" srcset=\"https:\/\/tdv.org\/tr-TR\/wp-content\/uploads\/2024\/05\/6c95d513-bc3b-4822-ac41-994008784279_1_1200x800.jpg 1200w, https:\/\/tdv.org\/tr-TR\/wp-content\/uploads\/2024\/05\/6c95d513-bc3b-4822-ac41-994008784279_1_1200x800-300x200.jpg 300w, https:\/\/tdv.org\/tr-TR\/wp-content\/uploads\/2024\/05\/6c95d513-bc3b-4822-ac41-994008784279_1_1200x800-1024x683.jpg 1024w, https:\/\/tdv.org\/tr-TR\/wp-content\/uploads\/2024\/05\/6c95d513-bc3b-4822-ac41-994008784279_1_1200x800-768x512.jpg 768w, https:\/\/tdv.org\/tr-TR\/wp-content\/uploads\/2024\/05\/6c95d513-bc3b-4822-ac41-994008784279_1_1200x800-900x600.jpg 900w\" sizes=\"(max-width: 1200px) 100vw, 1200px\" \/><\/a>\n\t\t\t<\/dt><\/dl><dl class='gallery-item'>\n\t\t\t<dt class='gallery-icon landscape'>\n\t\t\t\t<a href='https:\/\/tdv.org\/tr-TR\/wp-content\/uploads\/2024\/05\/eefbea8f-3f4c-4e9d-8299-8f2baa4fadc6_1_1200x800.jpg'><img decoding=\"async\" width=\"1200\" height=\"800\" src=\"https:\/\/tdv.org\/tr-TR\/wp-content\/uploads\/2024\/05\/eefbea8f-3f4c-4e9d-8299-8f2baa4fadc6_1_1200x800.jpg\" class=\"attachment-full size-full\" alt=\"\" srcset=\"https:\/\/tdv.org\/tr-TR\/wp-content\/uploads\/2024\/05\/eefbea8f-3f4c-4e9d-8299-8f2baa4fadc6_1_1200x800.jpg 1200w, https:\/\/tdv.org\/tr-TR\/wp-content\/uploads\/2024\/05\/eefbea8f-3f4c-4e9d-8299-8f2baa4fadc6_1_1200x800-300x200.jpg 300w, https:\/\/tdv.org\/tr-TR\/wp-content\/uploads\/2024\/05\/eefbea8f-3f4c-4e9d-8299-8f2baa4fadc6_1_1200x800-1024x683.jpg 1024w, https:\/\/tdv.org\/tr-TR\/wp-content\/uploads\/2024\/05\/eefbea8f-3f4c-4e9d-8299-8f2baa4fadc6_1_1200x800-768x512.jpg 768w, https:\/\/tdv.org\/tr-TR\/wp-content\/uploads\/2024\/05\/eefbea8f-3f4c-4e9d-8299-8f2baa4fadc6_1_1200x800-900x600.jpg 900w\" sizes=\"(max-width: 1200px) 100vw, 1200px\" \/><\/a>\n\t\t\t<\/dt><\/dl><br style=\"clear: both\" \/><dl class='gallery-item'>\n\t\t\t<dt class='gallery-icon landscape'>\n\t\t\t\t<a href='https:\/\/tdv.org\/tr-TR\/wp-content\/uploads\/2024\/05\/bb9b3b6e-ae20-42b8-810b-ec3c135d918b_1_1200x800.jpg'><img decoding=\"async\" width=\"1200\" height=\"800\" src=\"https:\/\/tdv.org\/tr-TR\/wp-content\/uploads\/2024\/05\/bb9b3b6e-ae20-42b8-810b-ec3c135d918b_1_1200x800.jpg\" class=\"attachment-full size-full\" alt=\"\" srcset=\"https:\/\/tdv.org\/tr-TR\/wp-content\/uploads\/2024\/05\/bb9b3b6e-ae20-42b8-810b-ec3c135d918b_1_1200x800.jpg 1200w, https:\/\/tdv.org\/tr-TR\/wp-content\/uploads\/2024\/05\/bb9b3b6e-ae20-42b8-810b-ec3c135d918b_1_1200x800-300x200.jpg 300w, https:\/\/tdv.org\/tr-TR\/wp-content\/uploads\/2024\/05\/bb9b3b6e-ae20-42b8-810b-ec3c135d918b_1_1200x800-1024x683.jpg 1024w, https:\/\/tdv.org\/tr-TR\/wp-content\/uploads\/2024\/05\/bb9b3b6e-ae20-42b8-810b-ec3c135d918b_1_1200x800-768x512.jpg 768w, https:\/\/tdv.org\/tr-TR\/wp-content\/uploads\/2024\/05\/bb9b3b6e-ae20-42b8-810b-ec3c135d918b_1_1200x800-900x600.jpg 900w\" sizes=\"(max-width: 1200px) 100vw, 1200px\" \/><\/a>\n\t\t\t<\/dt><\/dl><dl class='gallery-item'>\n\t\t\t<dt class='gallery-icon landscape'>\n\t\t\t\t<a href='https:\/\/tdv.org\/tr-TR\/wp-content\/uploads\/2024\/05\/e6b355d1-3e8f-406f-ab0d-2ed9c192ea08_1_1200x800.jpg'><img decoding=\"async\" width=\"1200\" height=\"800\" src=\"https:\/\/tdv.org\/tr-TR\/wp-content\/uploads\/2024\/05\/e6b355d1-3e8f-406f-ab0d-2ed9c192ea08_1_1200x800.jpg\" class=\"attachment-full size-full\" alt=\"\" srcset=\"https:\/\/tdv.org\/tr-TR\/wp-content\/uploads\/2024\/05\/e6b355d1-3e8f-406f-ab0d-2ed9c192ea08_1_1200x800.jpg 1200w, https:\/\/tdv.org\/tr-TR\/wp-content\/uploads\/2024\/05\/e6b355d1-3e8f-406f-ab0d-2ed9c192ea08_1_1200x800-300x200.jpg 300w, https:\/\/tdv.org\/tr-TR\/wp-content\/uploads\/2024\/05\/e6b355d1-3e8f-406f-ab0d-2ed9c192ea08_1_1200x800-1024x683.jpg 1024w, https:\/\/tdv.org\/tr-TR\/wp-content\/uploads\/2024\/05\/e6b355d1-3e8f-406f-ab0d-2ed9c192ea08_1_1200x800-768x512.jpg 768w, https:\/\/tdv.org\/tr-TR\/wp-content\/uploads\/2024\/05\/e6b355d1-3e8f-406f-ab0d-2ed9c192ea08_1_1200x800-900x600.jpg 900w\" sizes=\"(max-width: 1200px) 100vw, 1200px\" \/><\/a>\n\t\t\t<\/dt><\/dl><dl class='gallery-item'>\n\t\t\t<dt class='gallery-icon landscape'>\n\t\t\t\t<a href='https:\/\/tdv.org\/tr-TR\/wp-content\/uploads\/2024\/05\/43ea533a-4957-4a8c-ab52-9f8eb5b96556_1_1200x800.jpg'><img decoding=\"async\" width=\"1200\" height=\"800\" src=\"https:\/\/tdv.org\/tr-TR\/wp-content\/uploads\/2024\/05\/43ea533a-4957-4a8c-ab52-9f8eb5b96556_1_1200x800.jpg\" class=\"attachment-full size-full\" alt=\"\" srcset=\"https:\/\/tdv.org\/tr-TR\/wp-content\/uploads\/2024\/05\/43ea533a-4957-4a8c-ab52-9f8eb5b96556_1_1200x800.jpg 1200w, https:\/\/tdv.org\/tr-TR\/wp-content\/uploads\/2024\/05\/43ea533a-4957-4a8c-ab52-9f8eb5b96556_1_1200x800-300x200.jpg 300w, https:\/\/tdv.org\/tr-TR\/wp-content\/uploads\/2024\/05\/43ea533a-4957-4a8c-ab52-9f8eb5b96556_1_1200x800-1024x683.jpg 1024w, https:\/\/tdv.org\/tr-TR\/wp-content\/uploads\/2024\/05\/43ea533a-4957-4a8c-ab52-9f8eb5b96556_1_1200x800-768x512.jpg 768w, https:\/\/tdv.org\/tr-TR\/wp-content\/uploads\/2024\/05\/43ea533a-4957-4a8c-ab52-9f8eb5b96556_1_1200x800-900x600.jpg 900w\" sizes=\"(max-width: 1200px) 100vw, 1200px\" \/><\/a>\n\t\t\t<\/dt><\/dl><br style=\"clear: both\" \/><dl class='gallery-item'>\n\t\t\t<dt class='gallery-icon landscape'>\n\t\t\t\t<a href='https:\/\/tdv.org\/tr-TR\/wp-content\/uploads\/2024\/05\/8ff2fed2-9e0b-4f6d-ac64-a16575f0838c_1_1200x800.jpg'><img decoding=\"async\" width=\"1200\" height=\"800\" src=\"https:\/\/tdv.org\/tr-TR\/wp-content\/uploads\/2024\/05\/8ff2fed2-9e0b-4f6d-ac64-a16575f0838c_1_1200x800.jpg\" class=\"attachment-full size-full\" alt=\"\" srcset=\"https:\/\/tdv.org\/tr-TR\/wp-content\/uploads\/2024\/05\/8ff2fed2-9e0b-4f6d-ac64-a16575f0838c_1_1200x800.jpg 1200w, https:\/\/tdv.org\/tr-TR\/wp-content\/uploads\/2024\/05\/8ff2fed2-9e0b-4f6d-ac64-a16575f0838c_1_1200x800-300x200.jpg 300w, https:\/\/tdv.org\/tr-TR\/wp-content\/uploads\/2024\/05\/8ff2fed2-9e0b-4f6d-ac64-a16575f0838c_1_1200x800-1024x683.jpg 1024w, https:\/\/tdv.org\/tr-TR\/wp-content\/uploads\/2024\/05\/8ff2fed2-9e0b-4f6d-ac64-a16575f0838c_1_1200x800-768x512.jpg 768w, https:\/\/tdv.org\/tr-TR\/wp-content\/uploads\/2024\/05\/8ff2fed2-9e0b-4f6d-ac64-a16575f0838c_1_1200x800-900x600.jpg 900w\" sizes=\"(max-width: 1200px) 100vw, 1200px\" \/><\/a>\n\t\t\t<\/dt><\/dl><dl class='gallery-item'>\n\t\t\t<dt class='gallery-icon landscape'>\n\t\t\t\t<a href='https:\/\/tdv.org\/tr-TR\/wp-content\/uploads\/2024\/05\/a16eda23-5f1e-475d-a2ac-106975bf50a1_1_1200x800.jpg'><img decoding=\"async\" width=\"1200\" height=\"800\" src=\"https:\/\/tdv.org\/tr-TR\/wp-content\/uploads\/2024\/05\/a16eda23-5f1e-475d-a2ac-106975bf50a1_1_1200x800.jpg\" class=\"attachment-full size-full\" alt=\"\" srcset=\"https:\/\/tdv.org\/tr-TR\/wp-content\/uploads\/2024\/05\/a16eda23-5f1e-475d-a2ac-106975bf50a1_1_1200x800.jpg 1200w, https:\/\/tdv.org\/tr-TR\/wp-content\/uploads\/2024\/05\/a16eda23-5f1e-475d-a2ac-106975bf50a1_1_1200x800-300x200.jpg 300w, https:\/\/tdv.org\/tr-TR\/wp-content\/uploads\/2024\/05\/a16eda23-5f1e-475d-a2ac-106975bf50a1_1_1200x800-1024x683.jpg 1024w, https:\/\/tdv.org\/tr-TR\/wp-content\/uploads\/2024\/05\/a16eda23-5f1e-475d-a2ac-106975bf50a1_1_1200x800-768x512.jpg 768w, https:\/\/tdv.org\/tr-TR\/wp-content\/uploads\/2024\/05\/a16eda23-5f1e-475d-a2ac-106975bf50a1_1_1200x800-900x600.jpg 900w\" sizes=\"(max-width: 1200px) 100vw, 1200px\" \/><\/a>\n\t\t\t<\/dt><\/dl><dl class='gallery-item'>\n\t\t\t<dt class='gallery-icon landscape'>\n\t\t\t\t<a href='https:\/\/tdv.org\/tr-TR\/wp-content\/uploads\/2024\/05\/c447f9c3-8951-45ff-ba5c-2f53ad1ec030_1_1200x800.jpg'><img decoding=\"async\" width=\"1200\" height=\"800\" src=\"https:\/\/tdv.org\/tr-TR\/wp-content\/uploads\/2024\/05\/c447f9c3-8951-45ff-ba5c-2f53ad1ec030_1_1200x800.jpg\" class=\"attachment-full size-full\" alt=\"\" srcset=\"https:\/\/tdv.org\/tr-TR\/wp-content\/uploads\/2024\/05\/c447f9c3-8951-45ff-ba5c-2f53ad1ec030_1_1200x800.jpg 1200w, https:\/\/tdv.org\/tr-TR\/wp-content\/uploads\/2024\/05\/c447f9c3-8951-45ff-ba5c-2f53ad1ec030_1_1200x800-300x200.jpg 300w, https:\/\/tdv.org\/tr-TR\/wp-content\/uploads\/2024\/05\/c447f9c3-8951-45ff-ba5c-2f53ad1ec030_1_1200x800-1024x683.jpg 1024w, https:\/\/tdv.org\/tr-TR\/wp-content\/uploads\/2024\/05\/c447f9c3-8951-45ff-ba5c-2f53ad1ec030_1_1200x800-768x512.jpg 768w, https:\/\/tdv.org\/tr-TR\/wp-content\/uploads\/2024\/05\/c447f9c3-8951-45ff-ba5c-2f53ad1ec030_1_1200x800-900x600.jpg 900w\" sizes=\"(max-width: 1200px) 100vw, 1200px\" \/><\/a>\n\t\t\t<\/dt><\/dl><br style=\"clear: both\" \/>\n\t\t<\/div>\n\n<\/div>\n","protected":false},"excerpt":{"rendered":"<p>Diyanet \u0130\u015fleri Ba\u015fkan\u0131 ve TDV M\u00fctevelli Heyeti Ba\u015fkan\u0131 Prof. Dr. Ali Erba\u015f, \u201c\u0130slam d\u00fcnyay\u0131 iyile\u015ftirmek i\u00e7in g\u00f6nderilen bir ila\u00e7t\u0131r. \u0130slam re\u00e7etesini bizim yery\u00fcz\u00fcnde iyi bir \u015fekilde uygulamam\u0131z laz\u0131m.\u201d dedi. Diyanet&#8230;<\/p>\n","protected":false},"author":8,"featured_media":39501,"comment_status":"closed","ping_status":"closed","sticky":false,"template":"","format":"standard","meta":{"footnotes":""},"categories":[1],"tags":[484,550,535,135,2188,1195],"class_list":{"0":"post-39498","1":"post","2":"type-post","3":"status-publish","4":"format-standard","5":"has-post-thumbnail","7":"category-haberler","8":"tag-burs","9":"tag-dib-baskani-ve-tdv-mutevelli-heyeti-baskani-prof-dr-ali-erbas","10":"tag-diyanet-burslari","11":"tag-egitim","12":"tag-egitim-bursu","13":"tag-izani-turan"},"yoast_head":"<!-- This site is optimized with the Yoast SEO plugin v27.5 - https:\/\/yoast.com\/product\/yoast-seo-wordpress\/ -->\n<title>\u201c\u0130slam d\u00fcnyay\u0131 iyile\u015ftirmek i\u00e7in g\u00f6nderilen bir ila\u00e7t\u0131r\u201d<\/title>\n<meta name=\"description\" content=\"Diyanet \u0130\u015fleri Ba\u015fkan\u0131 ve TDV M\u00fctevelli Heyeti Ba\u015fkan\u0131 Prof. Dr. Ali Erba\u015f, \u201c\u0130slam d\u00fcnyay\u0131 iyile\u015ftirmek i\u00e7in g\u00f6nderilen bir ila\u00e7t\u0131r. \u0130slam re\u00e7etesini bizim yery\u00fcz\u00fcnde iyi bir \u015fekilde uygulamam\u0131z laz\u0131m.\u201d dedi.\" \/>\n<meta name=\"robots\" content=\"index, follow, max-snippet:-1, max-image-preview:large, max-video-preview:-1\" \/>\n<link rel=\"canonical\" href=\"https:\/\/tdv.org\/tr-TR\/islam-dunyayi-iyilestirmek-icin-gonderilen-bir-ilactir\/\" \/>\n<meta property=\"og:locale\" content=\"tr_TR\" \/>\n<meta property=\"og:type\" content=\"article\" \/>\n<meta property=\"og:title\" content=\"\u201c\u0130slam d\u00fcnyay\u0131 iyile\u015ftirmek i\u00e7in g\u00f6nderilen bir ila\u00e7t\u0131r\u201d\" \/>\n<meta property=\"og:description\" content=\"Diyanet \u0130\u015fleri Ba\u015fkan\u0131 ve TDV M\u00fctevelli Heyeti Ba\u015fkan\u0131 Prof. Dr. Ali Erba\u015f, \u201c\u0130slam d\u00fcnyay\u0131 iyile\u015ftirmek i\u00e7in g\u00f6nderilen bir ila\u00e7t\u0131r. \u0130slam re\u00e7etesini bizim yery\u00fcz\u00fcnde iyi bir \u015fekilde uygulamam\u0131z laz\u0131m.\u201d dedi.\" \/>\n<meta property=\"og:url\" content=\"https:\/\/tdv.org\/tr-TR\/islam-dunyayi-iyilestirmek-icin-gonderilen-bir-ilactir\/\" \/>\n<meta property=\"og:site_name\" content=\"T\u00fcrkiye Diyanet Vakf\u0131 Resmi Web Sitesi\" \/>\n<meta property=\"article:publisher\" content=\"https:\/\/www.facebook.com\/Diyanetvakfi\/\" \/>\n<meta property=\"article:published_time\" content=\"2024-05-25T17:48:58+00:00\" \/>\n<meta property=\"article:modified_time\" content=\"2024-05-27T09:00:38+00:00\" \/>\n<meta property=\"og:image\" content=\"https:\/\/tdv.org\/tr-TR\/wp-content\/uploads\/2024\/05\/88179674-ac5d-4199-b3b1-c350d08c2b7b_1_1200x800.jpg\" \/>\n\t<meta property=\"og:image:width\" content=\"1200\" \/>\n\t<meta property=\"og:image:height\" content=\"800\" \/>\n\t<meta property=\"og:image:type\" content=\"image\/jpeg\" \/>\n<meta name=\"author\" content=\"Selim\" \/>\n<meta name=\"twitter:card\" content=\"summary_large_image\" \/>\n<meta name=\"twitter:creator\" content=\"@DiyanetVakfi\" \/>\n<meta name=\"twitter:site\" content=\"@DiyanetVakfi\" \/>\n<script type=\"application\/ld+json\" class=\"yoast-schema-graph\">{\"@context\":\"https:\\\/\\\/schema.org\",\"@graph\":[{\"@type\":\"Article\",\"@id\":\"https:\\\/\\\/tdv.org\\\/tr-TR\\\/islam-dunyayi-iyilestirmek-icin-gonderilen-bir-ilactir\\\/#article\",\"isPartOf\":{\"@id\":\"https:\\\/\\\/tdv.org\\\/tr-TR\\\/islam-dunyayi-iyilestirmek-icin-gonderilen-bir-ilactir\\\/\"},\"author\":{\"name\":\"Selim\",\"@id\":\"https:\\\/\\\/tdv.org\\\/tr-TR\\\/#\\\/schema\\\/person\\\/752b55e264a99273d55636516d96d5eb\"},\"headline\":\"\u201c\u0130slam d\u00fcnyay\u0131 iyile\u015ftirmek i\u00e7in g\u00f6nderilen bir ila\u00e7t\u0131r\u201d\",\"datePublished\":\"2024-05-25T17:48:58+00:00\",\"dateModified\":\"2024-05-27T09:00:38+00:00\",\"mainEntityOfPage\":{\"@id\":\"https:\\\/\\\/tdv.org\\\/tr-TR\\\/islam-dunyayi-iyilestirmek-icin-gonderilen-bir-ilactir\\\/\"},\"wordCount\":995,\"publisher\":{\"@id\":\"https:\\\/\\\/tdv.org\\\/tr-TR\\\/#organization\"},\"image\":{\"@id\":\"https:\\\/\\\/tdv.org\\\/tr-TR\\\/islam-dunyayi-iyilestirmek-icin-gonderilen-bir-ilactir\\\/#primaryimage\"},\"thumbnailUrl\":\"https:\\\/\\\/tdv.org\\\/tr-TR\\\/wp-content\\\/uploads\\\/2024\\\/05\\\/88179674-ac5d-4199-b3b1-c350d08c2b7b_1_1200x800.jpg\",\"keywords\":[\"Burs\",\"D\u0130B Ba\u015fkan\u0131 ve TDV M\u00fctevelli Heyeti Ba\u015fkan\u0131 Prof. Dr. Ali Erba\u015f\",\"diyanet burslar\u0131\",\"e\u011fitim\",\"E\u011fitim Bursu\",\"\u0130zani Turan\"],\"articleSection\":[\"Haberler\"],\"inLanguage\":\"tr\"},{\"@type\":\"WebPage\",\"@id\":\"https:\\\/\\\/tdv.org\\\/tr-TR\\\/islam-dunyayi-iyilestirmek-icin-gonderilen-bir-ilactir\\\/\",\"url\":\"https:\\\/\\\/tdv.org\\\/tr-TR\\\/islam-dunyayi-iyilestirmek-icin-gonderilen-bir-ilactir\\\/\",\"name\":\"\u201c\u0130slam d\u00fcnyay\u0131 iyile\u015ftirmek i\u00e7in g\u00f6nderilen bir ila\u00e7t\u0131r\u201d\",\"isPartOf\":{\"@id\":\"https:\\\/\\\/tdv.org\\\/tr-TR\\\/#website\"},\"primaryImageOfPage\":{\"@id\":\"https:\\\/\\\/tdv.org\\\/tr-TR\\\/islam-dunyayi-iyilestirmek-icin-gonderilen-bir-ilactir\\\/#primaryimage\"},\"image\":{\"@id\":\"https:\\\/\\\/tdv.org\\\/tr-TR\\\/islam-dunyayi-iyilestirmek-icin-gonderilen-bir-ilactir\\\/#primaryimage\"},\"thumbnailUrl\":\"https:\\\/\\\/tdv.org\\\/tr-TR\\\/wp-content\\\/uploads\\\/2024\\\/05\\\/88179674-ac5d-4199-b3b1-c350d08c2b7b_1_1200x800.jpg\",\"datePublished\":\"2024-05-25T17:48:58+00:00\",\"dateModified\":\"2024-05-27T09:00:38+00:00\",\"description\":\"Diyanet \u0130\u015fleri Ba\u015fkan\u0131 ve TDV M\u00fctevelli Heyeti Ba\u015fkan\u0131 Prof. Dr. Ali Erba\u015f, \u201c\u0130slam d\u00fcnyay\u0131 iyile\u015ftirmek i\u00e7in g\u00f6nderilen bir ila\u00e7t\u0131r. \u0130slam re\u00e7etesini bizim yery\u00fcz\u00fcnde iyi bir \u015fekilde uygulamam\u0131z laz\u0131m.\u201d dedi.\",\"breadcrumb\":{\"@id\":\"https:\\\/\\\/tdv.org\\\/tr-TR\\\/islam-dunyayi-iyilestirmek-icin-gonderilen-bir-ilactir\\\/#breadcrumb\"},\"inLanguage\":\"tr\",\"potentialAction\":[{\"@type\":\"ReadAction\",\"target\":[\"https:\\\/\\\/tdv.org\\\/tr-TR\\\/islam-dunyayi-iyilestirmek-icin-gonderilen-bir-ilactir\\\/\"]}]},{\"@type\":\"ImageObject\",\"inLanguage\":\"tr\",\"@id\":\"https:\\\/\\\/tdv.org\\\/tr-TR\\\/islam-dunyayi-iyilestirmek-icin-gonderilen-bir-ilactir\\\/#primaryimage\",\"url\":\"https:\\\/\\\/tdv.org\\\/tr-TR\\\/wp-content\\\/uploads\\\/2024\\\/05\\\/88179674-ac5d-4199-b3b1-c350d08c2b7b_1_1200x800.jpg\",\"contentUrl\":\"https:\\\/\\\/tdv.org\\\/tr-TR\\\/wp-content\\\/uploads\\\/2024\\\/05\\\/88179674-ac5d-4199-b3b1-c350d08c2b7b_1_1200x800.jpg\",\"width\":1200,\"height\":800},{\"@type\":\"BreadcrumbList\",\"@id\":\"https:\\\/\\\/tdv.org\\\/tr-TR\\\/islam-dunyayi-iyilestirmek-icin-gonderilen-bir-ilactir\\\/#breadcrumb\",\"itemListElement\":[{\"@type\":\"ListItem\",\"position\":1,\"name\":\"Anasayfa\",\"item\":\"https:\\\/\\\/tdv.org\\\/tr-TR\\\/\"},{\"@type\":\"ListItem\",\"position\":2,\"name\":\"\u201c\u0130slam d\u00fcnyay\u0131 iyile\u015ftirmek i\u00e7in g\u00f6nderilen bir ila\u00e7t\u0131r\u201d\"}]},{\"@type\":\"WebSite\",\"@id\":\"https:\\\/\\\/tdv.org\\\/tr-TR\\\/#website\",\"url\":\"https:\\\/\\\/tdv.org\\\/tr-TR\\\/\",\"name\":\"T\u00fcrkiye Diyanet Vakf\u0131 Resmi Web Sitesi\",\"description\":\"Yery\u00fcz\u00fcnde iyilik egemen oluncaya kadar\",\"publisher\":{\"@id\":\"https:\\\/\\\/tdv.org\\\/tr-TR\\\/#organization\"},\"alternateName\":\"T\u00fcrkiye Diyanet Vakf\u0131\",\"potentialAction\":[{\"@type\":\"SearchAction\",\"target\":{\"@type\":\"EntryPoint\",\"urlTemplate\":\"https:\\\/\\\/tdv.org\\\/tr-TR\\\/?s={search_term_string}\"},\"query-input\":{\"@type\":\"PropertyValueSpecification\",\"valueRequired\":true,\"valueName\":\"search_term_string\"}}],\"inLanguage\":\"tr\"},{\"@type\":\"Organization\",\"@id\":\"https:\\\/\\\/tdv.org\\\/tr-TR\\\/#organization\",\"name\":\"T\u00fcrkiye Diyanet Vakf\u0131\",\"alternateName\":\"T\u00fcrkiye Diyanet Vakf\u0131\",\"url\":\"https:\\\/\\\/tdv.org\\\/tr-TR\\\/\",\"logo\":{\"@type\":\"ImageObject\",\"inLanguage\":\"tr\",\"@id\":\"https:\\\/\\\/tdv.org\\\/tr-TR\\\/#\\\/schema\\\/logo\\\/image\\\/\",\"url\":\"https:\\\/\\\/tdv.org\\\/tr-TR\\\/wp-content\\\/uploads\\\/2018\\\/12\\\/TDV_Logo_1.png\",\"contentUrl\":\"https:\\\/\\\/tdv.org\\\/tr-TR\\\/wp-content\\\/uploads\\\/2018\\\/12\\\/TDV_Logo_1.png\",\"width\":207,\"height\":71,\"caption\":\"T\u00fcrkiye Diyanet Vakf\u0131\"},\"image\":{\"@id\":\"https:\\\/\\\/tdv.org\\\/tr-TR\\\/#\\\/schema\\\/logo\\\/image\\\/\"},\"sameAs\":[\"https:\\\/\\\/www.facebook.com\\\/Diyanetvakfi\\\/\",\"https:\\\/\\\/x.com\\\/DiyanetVakfi\",\"https:\\\/\\\/www.instagram.com\\\/turkiyediyanetvakfi\\\/\",\"https:\\\/\\\/www.youtube.com\\\/user\\\/TurkiyeDiyanetVakfi\"]},{\"@type\":\"Person\",\"@id\":\"https:\\\/\\\/tdv.org\\\/tr-TR\\\/#\\\/schema\\\/person\\\/752b55e264a99273d55636516d96d5eb\",\"name\":\"Selim\",\"image\":{\"@type\":\"ImageObject\",\"inLanguage\":\"tr\",\"@id\":\"https:\\\/\\\/tdv.org\\\/tr-TR\\\/wp-content\\\/litespeed\\\/avatar\\\/a1e47b25396e98e5b781e88a5396cd96.jpg?ver=1777287391\",\"url\":\"https:\\\/\\\/tdv.org\\\/tr-TR\\\/wp-content\\\/litespeed\\\/avatar\\\/a1e47b25396e98e5b781e88a5396cd96.jpg?ver=1777287391\",\"contentUrl\":\"https:\\\/\\\/tdv.org\\\/tr-TR\\\/wp-content\\\/litespeed\\\/avatar\\\/a1e47b25396e98e5b781e88a5396cd96.jpg?ver=1777287391\",\"caption\":\"Selim\"}}]}<\/script>\n<!-- \/ Yoast SEO plugin. -->","yoast_head_json":{"title":"\u201c\u0130slam d\u00fcnyay\u0131 iyile\u015ftirmek i\u00e7in g\u00f6nderilen bir ila\u00e7t\u0131r\u201d","description":"Diyanet \u0130\u015fleri Ba\u015fkan\u0131 ve TDV M\u00fctevelli Heyeti Ba\u015fkan\u0131 Prof. Dr. Ali Erba\u015f, \u201c\u0130slam d\u00fcnyay\u0131 iyile\u015ftirmek i\u00e7in g\u00f6nderilen bir ila\u00e7t\u0131r. \u0130slam re\u00e7etesini bizim yery\u00fcz\u00fcnde iyi bir \u015fekilde uygulamam\u0131z laz\u0131m.\u201d dedi.","robots":{"index":"index","follow":"follow","max-snippet":"max-snippet:-1","max-image-preview":"max-image-preview:large","max-video-preview":"max-video-preview:-1"},"canonical":"https:\/\/tdv.org\/tr-TR\/islam-dunyayi-iyilestirmek-icin-gonderilen-bir-ilactir\/","og_locale":"tr_TR","og_type":"article","og_title":"\u201c\u0130slam d\u00fcnyay\u0131 iyile\u015ftirmek i\u00e7in g\u00f6nderilen bir ila\u00e7t\u0131r\u201d","og_description":"Diyanet \u0130\u015fleri Ba\u015fkan\u0131 ve TDV M\u00fctevelli Heyeti Ba\u015fkan\u0131 Prof. Dr. Ali Erba\u015f, \u201c\u0130slam d\u00fcnyay\u0131 iyile\u015ftirmek i\u00e7in g\u00f6nderilen bir ila\u00e7t\u0131r. \u0130slam re\u00e7etesini bizim yery\u00fcz\u00fcnde iyi bir \u015fekilde uygulamam\u0131z laz\u0131m.\u201d dedi.","og_url":"https:\/\/tdv.org\/tr-TR\/islam-dunyayi-iyilestirmek-icin-gonderilen-bir-ilactir\/","og_site_name":"T\u00fcrkiye Diyanet Vakf\u0131 Resmi Web Sitesi","article_publisher":"https:\/\/www.facebook.com\/Diyanetvakfi\/","article_published_time":"2024-05-25T17:48:58+00:00","article_modified_time":"2024-05-27T09:00:38+00:00","og_image":[{"width":1200,"height":800,"url":"https:\/\/tdv.org\/tr-TR\/wp-content\/uploads\/2024\/05\/88179674-ac5d-4199-b3b1-c350d08c2b7b_1_1200x800.jpg","type":"image\/jpeg"}],"author":"Selim","twitter_card":"summary_large_image","twitter_creator":"@DiyanetVakfi","twitter_site":"@DiyanetVakfi","schema":{"@context":"https:\/\/schema.org","@graph":[{"@type":"Article","@id":"https:\/\/tdv.org\/tr-TR\/islam-dunyayi-iyilestirmek-icin-gonderilen-bir-ilactir\/#article","isPartOf":{"@id":"https:\/\/tdv.org\/tr-TR\/islam-dunyayi-iyilestirmek-icin-gonderilen-bir-ilactir\/"},"author":{"name":"Selim","@id":"https:\/\/tdv.org\/tr-TR\/#\/schema\/person\/752b55e264a99273d55636516d96d5eb"},"headline":"\u201c\u0130slam d\u00fcnyay\u0131 iyile\u015ftirmek i\u00e7in g\u00f6nderilen bir ila\u00e7t\u0131r\u201d","datePublished":"2024-05-25T17:48:58+00:00","dateModified":"2024-05-27T09:00:38+00:00","mainEntityOfPage":{"@id":"https:\/\/tdv.org\/tr-TR\/islam-dunyayi-iyilestirmek-icin-gonderilen-bir-ilactir\/"},"wordCount":995,"publisher":{"@id":"https:\/\/tdv.org\/tr-TR\/#organization"},"image":{"@id":"https:\/\/tdv.org\/tr-TR\/islam-dunyayi-iyilestirmek-icin-gonderilen-bir-ilactir\/#primaryimage"},"thumbnailUrl":"https:\/\/tdv.org\/tr-TR\/wp-content\/uploads\/2024\/05\/88179674-ac5d-4199-b3b1-c350d08c2b7b_1_1200x800.jpg","keywords":["Burs","D\u0130B Ba\u015fkan\u0131 ve TDV M\u00fctevelli Heyeti Ba\u015fkan\u0131 Prof. Dr. Ali Erba\u015f","diyanet burslar\u0131","e\u011fitim","E\u011fitim Bursu","\u0130zani Turan"],"articleSection":["Haberler"],"inLanguage":"tr"},{"@type":"WebPage","@id":"https:\/\/tdv.org\/tr-TR\/islam-dunyayi-iyilestirmek-icin-gonderilen-bir-ilactir\/","url":"https:\/\/tdv.org\/tr-TR\/islam-dunyayi-iyilestirmek-icin-gonderilen-bir-ilactir\/","name":"\u201c\u0130slam d\u00fcnyay\u0131 iyile\u015ftirmek i\u00e7in g\u00f6nderilen bir ila\u00e7t\u0131r\u201d","isPartOf":{"@id":"https:\/\/tdv.org\/tr-TR\/#website"},"primaryImageOfPage":{"@id":"https:\/\/tdv.org\/tr-TR\/islam-dunyayi-iyilestirmek-icin-gonderilen-bir-ilactir\/#primaryimage"},"image":{"@id":"https:\/\/tdv.org\/tr-TR\/islam-dunyayi-iyilestirmek-icin-gonderilen-bir-ilactir\/#primaryimage"},"thumbnailUrl":"https:\/\/tdv.org\/tr-TR\/wp-content\/uploads\/2024\/05\/88179674-ac5d-4199-b3b1-c350d08c2b7b_1_1200x800.jpg","datePublished":"2024-05-25T17:48:58+00:00","dateModified":"2024-05-27T09:00:38+00:00","description":"Diyanet \u0130\u015fleri Ba\u015fkan\u0131 ve TDV M\u00fctevelli Heyeti Ba\u015fkan\u0131 Prof. Dr. Ali Erba\u015f, \u201c\u0130slam d\u00fcnyay\u0131 iyile\u015ftirmek i\u00e7in g\u00f6nderilen bir ila\u00e7t\u0131r. \u0130slam re\u00e7etesini bizim yery\u00fcz\u00fcnde iyi bir \u015fekilde uygulamam\u0131z laz\u0131m.\u201d dedi.","breadcrumb":{"@id":"https:\/\/tdv.org\/tr-TR\/islam-dunyayi-iyilestirmek-icin-gonderilen-bir-ilactir\/#breadcrumb"},"inLanguage":"tr","potentialAction":[{"@type":"ReadAction","target":["https:\/\/tdv.org\/tr-TR\/islam-dunyayi-iyilestirmek-icin-gonderilen-bir-ilactir\/"]}]},{"@type":"ImageObject","inLanguage":"tr","@id":"https:\/\/tdv.org\/tr-TR\/islam-dunyayi-iyilestirmek-icin-gonderilen-bir-ilactir\/#primaryimage","url":"https:\/\/tdv.org\/tr-TR\/wp-content\/uploads\/2024\/05\/88179674-ac5d-4199-b3b1-c350d08c2b7b_1_1200x800.jpg","contentUrl":"https:\/\/tdv.org\/tr-TR\/wp-content\/uploads\/2024\/05\/88179674-ac5d-4199-b3b1-c350d08c2b7b_1_1200x800.jpg","width":1200,"height":800},{"@type":"BreadcrumbList","@id":"https:\/\/tdv.org\/tr-TR\/islam-dunyayi-iyilestirmek-icin-gonderilen-bir-ilactir\/#breadcrumb","itemListElement":[{"@type":"ListItem","position":1,"name":"Anasayfa","item":"https:\/\/tdv.org\/tr-TR\/"},{"@type":"ListItem","position":2,"name":"\u201c\u0130slam d\u00fcnyay\u0131 iyile\u015ftirmek i\u00e7in g\u00f6nderilen bir ila\u00e7t\u0131r\u201d"}]},{"@type":"WebSite","@id":"https:\/\/tdv.org\/tr-TR\/#website","url":"https:\/\/tdv.org\/tr-TR\/","name":"T\u00fcrkiye Diyanet Vakf\u0131 Resmi Web Sitesi","description":"Yery\u00fcz\u00fcnde iyilik egemen oluncaya kadar","publisher":{"@id":"https:\/\/tdv.org\/tr-TR\/#organization"},"alternateName":"T\u00fcrkiye Diyanet Vakf\u0131","potentialAction":[{"@type":"SearchAction","target":{"@type":"EntryPoint","urlTemplate":"https:\/\/tdv.org\/tr-TR\/?s={search_term_string}"},"query-input":{"@type":"PropertyValueSpecification","valueRequired":true,"valueName":"search_term_string"}}],"inLanguage":"tr"},{"@type":"Organization","@id":"https:\/\/tdv.org\/tr-TR\/#organization","name":"T\u00fcrkiye Diyanet Vakf\u0131","alternateName":"T\u00fcrkiye Diyanet Vakf\u0131","url":"https:\/\/tdv.org\/tr-TR\/","logo":{"@type":"ImageObject","inLanguage":"tr","@id":"https:\/\/tdv.org\/tr-TR\/#\/schema\/logo\/image\/","url":"https:\/\/tdv.org\/tr-TR\/wp-content\/uploads\/2018\/12\/TDV_Logo_1.png","contentUrl":"https:\/\/tdv.org\/tr-TR\/wp-content\/uploads\/2018\/12\/TDV_Logo_1.png","width":207,"height":71,"caption":"T\u00fcrkiye Diyanet Vakf\u0131"},"image":{"@id":"https:\/\/tdv.org\/tr-TR\/#\/schema\/logo\/image\/"},"sameAs":["https:\/\/www.facebook.com\/Diyanetvakfi\/","https:\/\/x.com\/DiyanetVakfi","https:\/\/www.instagram.com\/turkiyediyanetvakfi\/","https:\/\/www.youtube.com\/user\/TurkiyeDiyanetVakfi"]},{"@type":"Person","@id":"https:\/\/tdv.org\/tr-TR\/#\/schema\/person\/752b55e264a99273d55636516d96d5eb","name":"Selim","image":{"@type":"ImageObject","inLanguage":"tr","@id":"https:\/\/tdv.org\/tr-TR\/wp-content\/litespeed\/avatar\/a1e47b25396e98e5b781e88a5396cd96.jpg?ver=1777287391","url":"https:\/\/tdv.org\/tr-TR\/wp-content\/litespeed\/avatar\/a1e47b25396e98e5b781e88a5396cd96.jpg?ver=1777287391","contentUrl":"https:\/\/tdv.org\/tr-TR\/wp-content\/litespeed\/avatar\/a1e47b25396e98e5b781e88a5396cd96.jpg?ver=1777287391","caption":"Selim"}}]}},"_links":{"self":[{"href":"https:\/\/tdv.org\/tr-TR\/wp-json\/wp\/v2\/posts\/39498","targetHints":{"allow":["GET"]}}],"collection":[{"href":"https:\/\/tdv.org\/tr-TR\/wp-json\/wp\/v2\/posts"}],"about":[{"href":"https:\/\/tdv.org\/tr-TR\/wp-json\/wp\/v2\/types\/post"}],"author":[{"embeddable":true,"href":"https:\/\/tdv.org\/tr-TR\/wp-json\/wp\/v2\/users\/8"}],"replies":[{"embeddable":true,"href":"https:\/\/tdv.org\/tr-TR\/wp-json\/wp\/v2\/comments?post=39498"}],"version-history":[{"count":8,"href":"https:\/\/tdv.org\/tr-TR\/wp-json\/wp\/v2\/posts\/39498\/revisions"}],"predecessor-version":[{"id":39630,"href":"https:\/\/tdv.org\/tr-TR\/wp-json\/wp\/v2\/posts\/39498\/revisions\/39630"}],"wp:featuredmedia":[{"embeddable":true,"href":"https:\/\/tdv.org\/tr-TR\/wp-json\/wp\/v2\/media\/39501"}],"wp:attachment":[{"href":"https:\/\/tdv.org\/tr-TR\/wp-json\/wp\/v2\/media?parent=39498"}],"wp:term":[{"taxonomy":"category","embeddable":true,"href":"https:\/\/tdv.org\/tr-TR\/wp-json\/wp\/v2\/categories?post=39498"},{"taxonomy":"post_tag","embeddable":true,"href":"https:\/\/tdv.org\/tr-TR\/wp-json\/wp\/v2\/tags?post=39498"}],"curies":[{"name":"wp","href":"https:\/\/api.w.org\/{rel}","templated":true}]}}