{"id":40071,"date":"2024-05-27T14:34:16","date_gmt":"2024-05-27T11:34:16","guid":{"rendered":"https:\/\/tdv.org\/tr-TR\/?p=40071"},"modified":"2024-05-28T14:34:29","modified_gmt":"2024-05-28T11:34:29","slug":"diyanet-isleri-baskani-erbas-israilin-saldirilarini-lanetledi","status":"publish","type":"post","link":"https:\/\/tdv.org\/tr-TR\/diyanet-isleri-baskani-erbas-israilin-saldirilarini-lanetledi\/","title":{"rendered":"Diyanet \u0130\u015fleri Ba\u015fkan\u0131 Erba\u015f \u0130srail\u2019in sald\u0131r\u0131lar\u0131n\u0131 lanetledi"},"content":{"rendered":"<p class=\"text-justify\" style=\"text-align: justify;\"><a href=\"https:\/\/tdv.org\/tr-TR\/kurumsal\/prof-dr-ali-erbas\/\" target=\"_blank\" rel=\"noopener\">Diyanet \u0130\u015fleri Ba\u015fkan\u0131 ve TDV M\u00fctevelli Heyeti Ba\u015fkan\u0131 Prof. Dr. Ali Erba\u015f<\/a>, \u0130srail\u2019in, Gazze \u015feridindeki Refah kentine y\u00f6nelik sald\u0131r\u0131s\u0131na ili\u015fkin, \u201cGazze\u2019de s\u00f6z t\u00fckendi! \u0130nsanl\u0131k utand\u0131! Sab\u0131r kalmad\u0131! Katil \u0130srail\u2019in Refah\u2019ta savunmas\u0131z ve masum insanlara y\u00f6nelik d\u00fczenledi\u011fi sald\u0131r\u0131y\u0131 lanetliyorum.\u201d ifadelerini kulland\u0131.<\/p>\n<div>\n<p style=\"text-align: justify;\">Diyanet \u0130\u015fleri Ba\u015fkan\u0131 Erba\u015f, \u0130srail\u2019in, Gazze\u2019de bug\u00fcne kadar ger\u00e7ekle\u015ftirdi\u011fi katliamlar\u0131n ard\u0131ndan, Refah kentine y\u00f6nelik ba\u015flatt\u0131\u011f\u0131 sald\u0131r\u0131ya tepki g\u00f6sterdi.<\/p>\n<p style=\"text-align: justify;\">Ba\u015fkan Erba\u015f, sosyal medya hesab\u0131ndan yapt\u0131\u011f\u0131 payla\u015f\u0131mda \u015fu ifadelere yer verdi:<\/p>\n<p style=\"text-align: justify;\">\u201cGazze\u2019de s\u00f6z t\u00fckendi! \u0130nsanl\u0131k utand\u0131! Sab\u0131r kalmad\u0131! Katil \u0130srail\u2019in Refah\u2019ta savunmas\u0131z ve masum insanlara y\u00f6nelik d\u00fczenledi\u011fi sald\u0131r\u0131y\u0131 lanetliyorum.<\/p>\n<p style=\"text-align: justify;\">\u0130lahi Ya Rabbi! Masum canlar\u0131, a\u011fz\u0131 s\u00fct kokan bebekleri s\u0131\u011f\u0131nd\u0131klar\u0131 \u00e7ad\u0131rlar\u0131nda katleden bu katiller s\u00fcr\u00fcs\u00fcn\u00fc kahru peri\u015fan eyle, \u0130srail\u2019in zulm\u00fc alt\u0131ndaki Filistinli karde\u015flerimize yard\u0131m eyle, yurtlar\u0131n\u0131, koruyan bu karde\u015flerimizi sen muzaffer eyle, \u0130nsanl\u0131k d\u00fc\u015fman\u0131 bu soyk\u0131r\u0131mc\u0131 ve i\u015fgalci zihniyete kar\u015f\u0131 \u0130slam d\u00fcnyas\u0131n\u0131n ve insanl\u0131k vicdan\u0131n\u0131n sesini daha g\u00fc\u00e7l\u00fc k\u0131l.\u201d<\/p>\n<blockquote class=\"twitter-tweet\">\n<p dir=\"ltr\" lang=\"tr\">Gazze\u2019de s\u00f6z t\u00fckendi! \u0130nsanl\u0131k utand\u0131! Sab\u0131r kalmad\u0131!<br \/>\nKatil \u0130srail\u2019in Refah\u2019ta savunmas\u0131z ve masum insanlara y\u00f6nelik d\u00fczenledi\u011fi sald\u0131r\u0131y\u0131 lanetliyorum.<\/p>\n<p>\u0130lahi Ya Rabbi!<br \/>\nMasum canlar\u0131, a\u011fz\u0131 s\u00fct kokan bebekleri s\u0131\u011f\u0131nd\u0131klar\u0131 \u00e7ad\u0131rlar\u0131nda katleden bu katiller s\u00fcr\u00fcs\u00fcn\u00fc kahru peri\u015fan\u2026<\/p>\n<p>\u2014 Prof. Dr. Ali Erba\u015f (@DIBAliErbas) <a href=\"https:\/\/twitter.com\/DIBAliErbas\/status\/1795020920404226139?ref_src=twsrc%5Etfw\">May 27, 2024<\/a><\/p><\/blockquote>\n<p><script async src=\"https:\/\/platform.twitter.com\/widgets.js\" charset=\"utf-8\"><\/script><\/p>\n<\/div>\n","protected":false},"excerpt":{"rendered":"<p>Diyanet \u0130\u015fleri Ba\u015fkan\u0131 ve TDV M\u00fctevelli Heyeti Ba\u015fkan\u0131 Prof. Dr. Ali Erba\u015f, \u0130srail\u2019in, Gazze \u015feridindeki Refah kentine y\u00f6nelik sald\u0131r\u0131s\u0131na ili\u015fkin, \u201cGazze\u2019de s\u00f6z t\u00fckendi! \u0130nsanl\u0131k utand\u0131! Sab\u0131r kalmad\u0131! Katil \u0130srail\u2019in Refah\u2019ta&#8230;<\/p>\n","protected":false},"author":8,"featured_media":40072,"comment_status":"closed","ping_status":"closed","sticky":false,"template":"","format":"standard","meta":{"footnotes":""},"categories":[1],"tags":[2235,1298,1333,106,764,1307],"class_list":{"0":"post-40071","1":"post","2":"type-post","3":"status-publish","4":"format-standard","5":"has-post-thumbnail","7":"category-haberler","8":"tag-filistin-icin-sozumuz-var","9":"tag-filistin-yardim","10":"tag-filistine-umut-ol","11":"tag-gazze","12":"tag-gazze-seridi","13":"tag-gazze-yardim"},"yoast_head":"<!-- This site is optimized with the Yoast SEO plugin v27.5 - https:\/\/yoast.com\/product\/yoast-seo-wordpress\/ -->\n<title>Diyanet \u0130\u015fleri Ba\u015fkan\u0131 Erba\u015f \u0130srail\u2019in sald\u0131r\u0131lar\u0131n\u0131 lanetledi<\/title>\n<meta name=\"description\" content=\"Diyanet \u0130\u015fleri Ba\u015fkan\u0131 ve TDV M\u00fctevelli Heyeti Ba\u015fkan\u0131 Prof. Dr. Ali Erba\u015f, \u0130srail\u2019in, Gazze \u015feridindeki Refah kentine y\u00f6nelik sald\u0131r\u0131s\u0131na ili\u015fkin, \u201cGazze\u2019de s\u00f6z t\u00fckendi! \u0130nsanl\u0131k utand\u0131! Sab\u0131r kalmad\u0131! Katil \u0130srail\u2019in Refah\u2019ta savunmas\u0131z ve masum insanlara y\u00f6nelik d\u00fczenledi\u011fi sald\u0131r\u0131y\u0131 lanetliyorum.\u201d ifadelerini kulland\u0131.\" \/>\n<meta name=\"robots\" content=\"index, follow, max-snippet:-1, max-image-preview:large, max-video-preview:-1\" \/>\n<link rel=\"canonical\" href=\"https:\/\/tdv.org\/tr-TR\/diyanet-isleri-baskani-erbas-israilin-saldirilarini-lanetledi\/\" \/>\n<meta property=\"og:locale\" content=\"tr_TR\" \/>\n<meta property=\"og:type\" content=\"article\" \/>\n<meta property=\"og:title\" content=\"Diyanet \u0130\u015fleri Ba\u015fkan\u0131 Erba\u015f \u0130srail\u2019in sald\u0131r\u0131lar\u0131n\u0131 lanetledi\" \/>\n<meta property=\"og:description\" content=\"Diyanet \u0130\u015fleri Ba\u015fkan\u0131 ve TDV M\u00fctevelli Heyeti Ba\u015fkan\u0131 Prof. Dr. Ali Erba\u015f, \u0130srail\u2019in, Gazze \u015feridindeki Refah kentine y\u00f6nelik sald\u0131r\u0131s\u0131na ili\u015fkin, \u201cGazze\u2019de s\u00f6z t\u00fckendi! \u0130nsanl\u0131k utand\u0131! Sab\u0131r kalmad\u0131! Katil \u0130srail\u2019in Refah\u2019ta savunmas\u0131z ve masum insanlara y\u00f6nelik d\u00fczenledi\u011fi sald\u0131r\u0131y\u0131 lanetliyorum.\u201d ifadelerini kulland\u0131.\" \/>\n<meta property=\"og:url\" content=\"https:\/\/tdv.org\/tr-TR\/diyanet-isleri-baskani-erbas-israilin-saldirilarini-lanetledi\/\" \/>\n<meta property=\"og:site_name\" content=\"T\u00fcrkiye Diyanet Vakf\u0131 Resmi Web Sitesi\" \/>\n<meta property=\"article:publisher\" content=\"https:\/\/www.facebook.com\/Diyanetvakfi\/\" \/>\n<meta property=\"article:published_time\" content=\"2024-05-27T11:34:16+00:00\" \/>\n<meta property=\"article:modified_time\" content=\"2024-05-28T11:34:29+00:00\" \/>\n<meta property=\"og:image\" content=\"https:\/\/tdv.org\/tr-TR\/wp-content\/uploads\/2024\/05\/33a2c4a2-d220-4663-a24d-8486c9782e14_1_1200x800.jpg\" \/>\n\t<meta property=\"og:image:width\" content=\"1200\" \/>\n\t<meta property=\"og:image:height\" content=\"799\" \/>\n\t<meta property=\"og:image:type\" content=\"image\/jpeg\" \/>\n<meta name=\"author\" content=\"Selim\" \/>\n<meta name=\"twitter:card\" content=\"summary_large_image\" \/>\n<meta name=\"twitter:creator\" content=\"@DiyanetVakfi\" \/>\n<meta name=\"twitter:site\" content=\"@DiyanetVakfi\" \/>\n<script type=\"application\/ld+json\" class=\"yoast-schema-graph\">{\"@context\":\"https:\\\/\\\/schema.org\",\"@graph\":[{\"@type\":\"Article\",\"@id\":\"https:\\\/\\\/tdv.org\\\/tr-TR\\\/diyanet-isleri-baskani-erbas-israilin-saldirilarini-lanetledi\\\/#article\",\"isPartOf\":{\"@id\":\"https:\\\/\\\/tdv.org\\\/tr-TR\\\/diyanet-isleri-baskani-erbas-israilin-saldirilarini-lanetledi\\\/\"},\"author\":{\"name\":\"Selim\",\"@id\":\"https:\\\/\\\/tdv.org\\\/tr-TR\\\/#\\\/schema\\\/person\\\/752b55e264a99273d55636516d96d5eb\"},\"headline\":\"Diyanet \u0130\u015fleri Ba\u015fkan\u0131 Erba\u015f \u0130srail\u2019in sald\u0131r\u0131lar\u0131n\u0131 lanetledi\",\"datePublished\":\"2024-05-27T11:34:16+00:00\",\"dateModified\":\"2024-05-28T11:34:29+00:00\",\"mainEntityOfPage\":{\"@id\":\"https:\\\/\\\/tdv.org\\\/tr-TR\\\/diyanet-isleri-baskani-erbas-israilin-saldirilarini-lanetledi\\\/\"},\"wordCount\":293,\"publisher\":{\"@id\":\"https:\\\/\\\/tdv.org\\\/tr-TR\\\/#organization\"},\"image\":{\"@id\":\"https:\\\/\\\/tdv.org\\\/tr-TR\\\/diyanet-isleri-baskani-erbas-israilin-saldirilarini-lanetledi\\\/#primaryimage\"},\"thumbnailUrl\":\"https:\\\/\\\/tdv.org\\\/tr-TR\\\/wp-content\\\/uploads\\\/2024\\\/05\\\/33a2c4a2-d220-4663-a24d-8486c9782e14_1_1200x800.jpg\",\"keywords\":[\"Filistin \u0130\u00e7in S\u00f6z\u00fcm\u00fcz Var\",\"filistin yard\u0131m\",\"filistine umut ol\",\"gazze\",\"Gazze \u015feridi\",\"gazze yard\u0131m\"],\"articleSection\":[\"Haberler\"],\"inLanguage\":\"tr\"},{\"@type\":\"WebPage\",\"@id\":\"https:\\\/\\\/tdv.org\\\/tr-TR\\\/diyanet-isleri-baskani-erbas-israilin-saldirilarini-lanetledi\\\/\",\"url\":\"https:\\\/\\\/tdv.org\\\/tr-TR\\\/diyanet-isleri-baskani-erbas-israilin-saldirilarini-lanetledi\\\/\",\"name\":\"Diyanet \u0130\u015fleri Ba\u015fkan\u0131 Erba\u015f \u0130srail\u2019in sald\u0131r\u0131lar\u0131n\u0131 lanetledi\",\"isPartOf\":{\"@id\":\"https:\\\/\\\/tdv.org\\\/tr-TR\\\/#website\"},\"primaryImageOfPage\":{\"@id\":\"https:\\\/\\\/tdv.org\\\/tr-TR\\\/diyanet-isleri-baskani-erbas-israilin-saldirilarini-lanetledi\\\/#primaryimage\"},\"image\":{\"@id\":\"https:\\\/\\\/tdv.org\\\/tr-TR\\\/diyanet-isleri-baskani-erbas-israilin-saldirilarini-lanetledi\\\/#primaryimage\"},\"thumbnailUrl\":\"https:\\\/\\\/tdv.org\\\/tr-TR\\\/wp-content\\\/uploads\\\/2024\\\/05\\\/33a2c4a2-d220-4663-a24d-8486c9782e14_1_1200x800.jpg\",\"datePublished\":\"2024-05-27T11:34:16+00:00\",\"dateModified\":\"2024-05-28T11:34:29+00:00\",\"description\":\"Diyanet \u0130\u015fleri Ba\u015fkan\u0131 ve TDV M\u00fctevelli Heyeti Ba\u015fkan\u0131 Prof. Dr. Ali Erba\u015f, \u0130srail\u2019in, Gazze \u015feridindeki Refah kentine y\u00f6nelik sald\u0131r\u0131s\u0131na ili\u015fkin, \u201cGazze\u2019de s\u00f6z t\u00fckendi! \u0130nsanl\u0131k utand\u0131! Sab\u0131r kalmad\u0131! Katil \u0130srail\u2019in Refah\u2019ta savunmas\u0131z ve masum insanlara y\u00f6nelik d\u00fczenledi\u011fi sald\u0131r\u0131y\u0131 lanetliyorum.\u201d ifadelerini kulland\u0131.\",\"breadcrumb\":{\"@id\":\"https:\\\/\\\/tdv.org\\\/tr-TR\\\/diyanet-isleri-baskani-erbas-israilin-saldirilarini-lanetledi\\\/#breadcrumb\"},\"inLanguage\":\"tr\",\"potentialAction\":[{\"@type\":\"ReadAction\",\"target\":[\"https:\\\/\\\/tdv.org\\\/tr-TR\\\/diyanet-isleri-baskani-erbas-israilin-saldirilarini-lanetledi\\\/\"]}]},{\"@type\":\"ImageObject\",\"inLanguage\":\"tr\",\"@id\":\"https:\\\/\\\/tdv.org\\\/tr-TR\\\/diyanet-isleri-baskani-erbas-israilin-saldirilarini-lanetledi\\\/#primaryimage\",\"url\":\"https:\\\/\\\/tdv.org\\\/tr-TR\\\/wp-content\\\/uploads\\\/2024\\\/05\\\/33a2c4a2-d220-4663-a24d-8486c9782e14_1_1200x800.jpg\",\"contentUrl\":\"https:\\\/\\\/tdv.org\\\/tr-TR\\\/wp-content\\\/uploads\\\/2024\\\/05\\\/33a2c4a2-d220-4663-a24d-8486c9782e14_1_1200x800.jpg\",\"width\":1200,\"height\":799},{\"@type\":\"BreadcrumbList\",\"@id\":\"https:\\\/\\\/tdv.org\\\/tr-TR\\\/diyanet-isleri-baskani-erbas-israilin-saldirilarini-lanetledi\\\/#breadcrumb\",\"itemListElement\":[{\"@type\":\"ListItem\",\"position\":1,\"name\":\"Anasayfa\",\"item\":\"https:\\\/\\\/tdv.org\\\/tr-TR\\\/\"},{\"@type\":\"ListItem\",\"position\":2,\"name\":\"Diyanet \u0130\u015fleri Ba\u015fkan\u0131 Erba\u015f \u0130srail\u2019in sald\u0131r\u0131lar\u0131n\u0131 lanetledi\"}]},{\"@type\":\"WebSite\",\"@id\":\"https:\\\/\\\/tdv.org\\\/tr-TR\\\/#website\",\"url\":\"https:\\\/\\\/tdv.org\\\/tr-TR\\\/\",\"name\":\"T\u00fcrkiye Diyanet Vakf\u0131 Resmi Web Sitesi\",\"description\":\"Yery\u00fcz\u00fcnde iyilik egemen oluncaya kadar\",\"publisher\":{\"@id\":\"https:\\\/\\\/tdv.org\\\/tr-TR\\\/#organization\"},\"alternateName\":\"T\u00fcrkiye Diyanet Vakf\u0131\",\"potentialAction\":[{\"@type\":\"SearchAction\",\"target\":{\"@type\":\"EntryPoint\",\"urlTemplate\":\"https:\\\/\\\/tdv.org\\\/tr-TR\\\/?s={search_term_string}\"},\"query-input\":{\"@type\":\"PropertyValueSpecification\",\"valueRequired\":true,\"valueName\":\"search_term_string\"}}],\"inLanguage\":\"tr\"},{\"@type\":\"Organization\",\"@id\":\"https:\\\/\\\/tdv.org\\\/tr-TR\\\/#organization\",\"name\":\"T\u00fcrkiye Diyanet Vakf\u0131\",\"alternateName\":\"T\u00fcrkiye Diyanet Vakf\u0131\",\"url\":\"https:\\\/\\\/tdv.org\\\/tr-TR\\\/\",\"logo\":{\"@type\":\"ImageObject\",\"inLanguage\":\"tr\",\"@id\":\"https:\\\/\\\/tdv.org\\\/tr-TR\\\/#\\\/schema\\\/logo\\\/image\\\/\",\"url\":\"https:\\\/\\\/tdv.org\\\/tr-TR\\\/wp-content\\\/uploads\\\/2018\\\/12\\\/TDV_Logo_1.png\",\"contentUrl\":\"https:\\\/\\\/tdv.org\\\/tr-TR\\\/wp-content\\\/uploads\\\/2018\\\/12\\\/TDV_Logo_1.png\",\"width\":207,\"height\":71,\"caption\":\"T\u00fcrkiye Diyanet Vakf\u0131\"},\"image\":{\"@id\":\"https:\\\/\\\/tdv.org\\\/tr-TR\\\/#\\\/schema\\\/logo\\\/image\\\/\"},\"sameAs\":[\"https:\\\/\\\/www.facebook.com\\\/Diyanetvakfi\\\/\",\"https:\\\/\\\/x.com\\\/DiyanetVakfi\",\"https:\\\/\\\/www.instagram.com\\\/turkiyediyanetvakfi\\\/\",\"https:\\\/\\\/www.youtube.com\\\/user\\\/TurkiyeDiyanetVakfi\"]},{\"@type\":\"Person\",\"@id\":\"https:\\\/\\\/tdv.org\\\/tr-TR\\\/#\\\/schema\\\/person\\\/752b55e264a99273d55636516d96d5eb\",\"name\":\"Selim\",\"image\":{\"@type\":\"ImageObject\",\"inLanguage\":\"tr\",\"@id\":\"https:\\\/\\\/tdv.org\\\/tr-TR\\\/wp-content\\\/litespeed\\\/avatar\\\/a1e47b25396e98e5b781e88a5396cd96.jpg?ver=1777287391\",\"url\":\"https:\\\/\\\/tdv.org\\\/tr-TR\\\/wp-content\\\/litespeed\\\/avatar\\\/a1e47b25396e98e5b781e88a5396cd96.jpg?ver=1777287391\",\"contentUrl\":\"https:\\\/\\\/tdv.org\\\/tr-TR\\\/wp-content\\\/litespeed\\\/avatar\\\/a1e47b25396e98e5b781e88a5396cd96.jpg?ver=1777287391\",\"caption\":\"Selim\"}}]}<\/script>\n<!-- \/ Yoast SEO plugin. -->","yoast_head_json":{"title":"Diyanet \u0130\u015fleri Ba\u015fkan\u0131 Erba\u015f \u0130srail\u2019in sald\u0131r\u0131lar\u0131n\u0131 lanetledi","description":"Diyanet \u0130\u015fleri Ba\u015fkan\u0131 ve TDV M\u00fctevelli Heyeti Ba\u015fkan\u0131 Prof. Dr. Ali Erba\u015f, \u0130srail\u2019in, Gazze \u015feridindeki Refah kentine y\u00f6nelik sald\u0131r\u0131s\u0131na ili\u015fkin, \u201cGazze\u2019de s\u00f6z t\u00fckendi! \u0130nsanl\u0131k utand\u0131! Sab\u0131r kalmad\u0131! Katil \u0130srail\u2019in Refah\u2019ta savunmas\u0131z ve masum insanlara y\u00f6nelik d\u00fczenledi\u011fi sald\u0131r\u0131y\u0131 lanetliyorum.\u201d ifadelerini kulland\u0131.","robots":{"index":"index","follow":"follow","max-snippet":"max-snippet:-1","max-image-preview":"max-image-preview:large","max-video-preview":"max-video-preview:-1"},"canonical":"https:\/\/tdv.org\/tr-TR\/diyanet-isleri-baskani-erbas-israilin-saldirilarini-lanetledi\/","og_locale":"tr_TR","og_type":"article","og_title":"Diyanet \u0130\u015fleri Ba\u015fkan\u0131 Erba\u015f \u0130srail\u2019in sald\u0131r\u0131lar\u0131n\u0131 lanetledi","og_description":"Diyanet \u0130\u015fleri Ba\u015fkan\u0131 ve TDV M\u00fctevelli Heyeti Ba\u015fkan\u0131 Prof. Dr. Ali Erba\u015f, \u0130srail\u2019in, Gazze \u015feridindeki Refah kentine y\u00f6nelik sald\u0131r\u0131s\u0131na ili\u015fkin, \u201cGazze\u2019de s\u00f6z t\u00fckendi! \u0130nsanl\u0131k utand\u0131! Sab\u0131r kalmad\u0131! Katil \u0130srail\u2019in Refah\u2019ta savunmas\u0131z ve masum insanlara y\u00f6nelik d\u00fczenledi\u011fi sald\u0131r\u0131y\u0131 lanetliyorum.\u201d ifadelerini kulland\u0131.","og_url":"https:\/\/tdv.org\/tr-TR\/diyanet-isleri-baskani-erbas-israilin-saldirilarini-lanetledi\/","og_site_name":"T\u00fcrkiye Diyanet Vakf\u0131 Resmi Web Sitesi","article_publisher":"https:\/\/www.facebook.com\/Diyanetvakfi\/","article_published_time":"2024-05-27T11:34:16+00:00","article_modified_time":"2024-05-28T11:34:29+00:00","og_image":[{"width":1200,"height":799,"url":"https:\/\/tdv.org\/tr-TR\/wp-content\/uploads\/2024\/05\/33a2c4a2-d220-4663-a24d-8486c9782e14_1_1200x800.jpg","type":"image\/jpeg"}],"author":"Selim","twitter_card":"summary_large_image","twitter_creator":"@DiyanetVakfi","twitter_site":"@DiyanetVakfi","schema":{"@context":"https:\/\/schema.org","@graph":[{"@type":"Article","@id":"https:\/\/tdv.org\/tr-TR\/diyanet-isleri-baskani-erbas-israilin-saldirilarini-lanetledi\/#article","isPartOf":{"@id":"https:\/\/tdv.org\/tr-TR\/diyanet-isleri-baskani-erbas-israilin-saldirilarini-lanetledi\/"},"author":{"name":"Selim","@id":"https:\/\/tdv.org\/tr-TR\/#\/schema\/person\/752b55e264a99273d55636516d96d5eb"},"headline":"Diyanet \u0130\u015fleri Ba\u015fkan\u0131 Erba\u015f \u0130srail\u2019in sald\u0131r\u0131lar\u0131n\u0131 lanetledi","datePublished":"2024-05-27T11:34:16+00:00","dateModified":"2024-05-28T11:34:29+00:00","mainEntityOfPage":{"@id":"https:\/\/tdv.org\/tr-TR\/diyanet-isleri-baskani-erbas-israilin-saldirilarini-lanetledi\/"},"wordCount":293,"publisher":{"@id":"https:\/\/tdv.org\/tr-TR\/#organization"},"image":{"@id":"https:\/\/tdv.org\/tr-TR\/diyanet-isleri-baskani-erbas-israilin-saldirilarini-lanetledi\/#primaryimage"},"thumbnailUrl":"https:\/\/tdv.org\/tr-TR\/wp-content\/uploads\/2024\/05\/33a2c4a2-d220-4663-a24d-8486c9782e14_1_1200x800.jpg","keywords":["Filistin \u0130\u00e7in S\u00f6z\u00fcm\u00fcz Var","filistin yard\u0131m","filistine umut ol","gazze","Gazze \u015feridi","gazze yard\u0131m"],"articleSection":["Haberler"],"inLanguage":"tr"},{"@type":"WebPage","@id":"https:\/\/tdv.org\/tr-TR\/diyanet-isleri-baskani-erbas-israilin-saldirilarini-lanetledi\/","url":"https:\/\/tdv.org\/tr-TR\/diyanet-isleri-baskani-erbas-israilin-saldirilarini-lanetledi\/","name":"Diyanet \u0130\u015fleri Ba\u015fkan\u0131 Erba\u015f \u0130srail\u2019in sald\u0131r\u0131lar\u0131n\u0131 lanetledi","isPartOf":{"@id":"https:\/\/tdv.org\/tr-TR\/#website"},"primaryImageOfPage":{"@id":"https:\/\/tdv.org\/tr-TR\/diyanet-isleri-baskani-erbas-israilin-saldirilarini-lanetledi\/#primaryimage"},"image":{"@id":"https:\/\/tdv.org\/tr-TR\/diyanet-isleri-baskani-erbas-israilin-saldirilarini-lanetledi\/#primaryimage"},"thumbnailUrl":"https:\/\/tdv.org\/tr-TR\/wp-content\/uploads\/2024\/05\/33a2c4a2-d220-4663-a24d-8486c9782e14_1_1200x800.jpg","datePublished":"2024-05-27T11:34:16+00:00","dateModified":"2024-05-28T11:34:29+00:00","description":"Diyanet \u0130\u015fleri Ba\u015fkan\u0131 ve TDV M\u00fctevelli Heyeti Ba\u015fkan\u0131 Prof. Dr. Ali Erba\u015f, \u0130srail\u2019in, Gazze \u015feridindeki Refah kentine y\u00f6nelik sald\u0131r\u0131s\u0131na ili\u015fkin, \u201cGazze\u2019de s\u00f6z t\u00fckendi! \u0130nsanl\u0131k utand\u0131! Sab\u0131r kalmad\u0131! Katil \u0130srail\u2019in Refah\u2019ta savunmas\u0131z ve masum insanlara y\u00f6nelik d\u00fczenledi\u011fi sald\u0131r\u0131y\u0131 lanetliyorum.\u201d ifadelerini kulland\u0131.","breadcrumb":{"@id":"https:\/\/tdv.org\/tr-TR\/diyanet-isleri-baskani-erbas-israilin-saldirilarini-lanetledi\/#breadcrumb"},"inLanguage":"tr","potentialAction":[{"@type":"ReadAction","target":["https:\/\/tdv.org\/tr-TR\/diyanet-isleri-baskani-erbas-israilin-saldirilarini-lanetledi\/"]}]},{"@type":"ImageObject","inLanguage":"tr","@id":"https:\/\/tdv.org\/tr-TR\/diyanet-isleri-baskani-erbas-israilin-saldirilarini-lanetledi\/#primaryimage","url":"https:\/\/tdv.org\/tr-TR\/wp-content\/uploads\/2024\/05\/33a2c4a2-d220-4663-a24d-8486c9782e14_1_1200x800.jpg","contentUrl":"https:\/\/tdv.org\/tr-TR\/wp-content\/uploads\/2024\/05\/33a2c4a2-d220-4663-a24d-8486c9782e14_1_1200x800.jpg","width":1200,"height":799},{"@type":"BreadcrumbList","@id":"https:\/\/tdv.org\/tr-TR\/diyanet-isleri-baskani-erbas-israilin-saldirilarini-lanetledi\/#breadcrumb","itemListElement":[{"@type":"ListItem","position":1,"name":"Anasayfa","item":"https:\/\/tdv.org\/tr-TR\/"},{"@type":"ListItem","position":2,"name":"Diyanet \u0130\u015fleri Ba\u015fkan\u0131 Erba\u015f \u0130srail\u2019in sald\u0131r\u0131lar\u0131n\u0131 lanetledi"}]},{"@type":"WebSite","@id":"https:\/\/tdv.org\/tr-TR\/#website","url":"https:\/\/tdv.org\/tr-TR\/","name":"T\u00fcrkiye Diyanet Vakf\u0131 Resmi Web Sitesi","description":"Yery\u00fcz\u00fcnde iyilik egemen oluncaya kadar","publisher":{"@id":"https:\/\/tdv.org\/tr-TR\/#organization"},"alternateName":"T\u00fcrkiye Diyanet Vakf\u0131","potentialAction":[{"@type":"SearchAction","target":{"@type":"EntryPoint","urlTemplate":"https:\/\/tdv.org\/tr-TR\/?s={search_term_string}"},"query-input":{"@type":"PropertyValueSpecification","valueRequired":true,"valueName":"search_term_string"}}],"inLanguage":"tr"},{"@type":"Organization","@id":"https:\/\/tdv.org\/tr-TR\/#organization","name":"T\u00fcrkiye Diyanet Vakf\u0131","alternateName":"T\u00fcrkiye Diyanet Vakf\u0131","url":"https:\/\/tdv.org\/tr-TR\/","logo":{"@type":"ImageObject","inLanguage":"tr","@id":"https:\/\/tdv.org\/tr-TR\/#\/schema\/logo\/image\/","url":"https:\/\/tdv.org\/tr-TR\/wp-content\/uploads\/2018\/12\/TDV_Logo_1.png","contentUrl":"https:\/\/tdv.org\/tr-TR\/wp-content\/uploads\/2018\/12\/TDV_Logo_1.png","width":207,"height":71,"caption":"T\u00fcrkiye Diyanet Vakf\u0131"},"image":{"@id":"https:\/\/tdv.org\/tr-TR\/#\/schema\/logo\/image\/"},"sameAs":["https:\/\/www.facebook.com\/Diyanetvakfi\/","https:\/\/x.com\/DiyanetVakfi","https:\/\/www.instagram.com\/turkiyediyanetvakfi\/","https:\/\/www.youtube.com\/user\/TurkiyeDiyanetVakfi"]},{"@type":"Person","@id":"https:\/\/tdv.org\/tr-TR\/#\/schema\/person\/752b55e264a99273d55636516d96d5eb","name":"Selim","image":{"@type":"ImageObject","inLanguage":"tr","@id":"https:\/\/tdv.org\/tr-TR\/wp-content\/litespeed\/avatar\/a1e47b25396e98e5b781e88a5396cd96.jpg?ver=1777287391","url":"https:\/\/tdv.org\/tr-TR\/wp-content\/litespeed\/avatar\/a1e47b25396e98e5b781e88a5396cd96.jpg?ver=1777287391","contentUrl":"https:\/\/tdv.org\/tr-TR\/wp-content\/litespeed\/avatar\/a1e47b25396e98e5b781e88a5396cd96.jpg?ver=1777287391","caption":"Selim"}}]}},"_links":{"self":[{"href":"https:\/\/tdv.org\/tr-TR\/wp-json\/wp\/v2\/posts\/40071","targetHints":{"allow":["GET"]}}],"collection":[{"href":"https:\/\/tdv.org\/tr-TR\/wp-json\/wp\/v2\/posts"}],"about":[{"href":"https:\/\/tdv.org\/tr-TR\/wp-json\/wp\/v2\/types\/post"}],"author":[{"embeddable":true,"href":"https:\/\/tdv.org\/tr-TR\/wp-json\/wp\/v2\/users\/8"}],"replies":[{"embeddable":true,"href":"https:\/\/tdv.org\/tr-TR\/wp-json\/wp\/v2\/comments?post=40071"}],"version-history":[{"count":2,"href":"https:\/\/tdv.org\/tr-TR\/wp-json\/wp\/v2\/posts\/40071\/revisions"}],"predecessor-version":[{"id":40074,"href":"https:\/\/tdv.org\/tr-TR\/wp-json\/wp\/v2\/posts\/40071\/revisions\/40074"}],"wp:featuredmedia":[{"embeddable":true,"href":"https:\/\/tdv.org\/tr-TR\/wp-json\/wp\/v2\/media\/40072"}],"wp:attachment":[{"href":"https:\/\/tdv.org\/tr-TR\/wp-json\/wp\/v2\/media?parent=40071"}],"wp:term":[{"taxonomy":"category","embeddable":true,"href":"https:\/\/tdv.org\/tr-TR\/wp-json\/wp\/v2\/categories?post=40071"},{"taxonomy":"post_tag","embeddable":true,"href":"https:\/\/tdv.org\/tr-TR\/wp-json\/wp\/v2\/tags?post=40071"}],"curies":[{"name":"wp","href":"https:\/\/api.w.org\/{rel}","templated":true}]}}