{"id":40155,"date":"2024-05-29T10:12:47","date_gmt":"2024-05-29T07:12:47","guid":{"rendered":"https:\/\/tdv.org\/tr-TR\/?p=40155"},"modified":"2024-05-29T10:17:50","modified_gmt":"2024-05-29T07:17:50","slug":"ogrenciler-28-ilde-istanbulun-fethi-ve-ozgur-kudus-icin-sabah-namazinda-bulustu","status":"publish","type":"post","link":"https:\/\/tdv.org\/tr-TR\/ogrenciler-28-ilde-istanbulun-fethi-ve-ozgur-kudus-icin-sabah-namazinda-bulustu\/","title":{"rendered":"\u00d6\u011frenciler, 28 ilde \u0130stanbul\u2019un fethi ve \u00f6zg\u00fcr Kud\u00fcs i\u00e7in sabah namaz\u0131nda bulu\u015ftu"},"content":{"rendered":"<p style=\"text-align: justify;\"><a href=\"https:\/\/www.tdvyurt.com.tr\/\" target=\"_blank\" rel=\"noopener\">T\u00fcrkiye Diyanet Vakf\u0131 Yurtlar\u0131<\/a>, &#8220;\u0130stanbul&#8217;un Fethinden Kud\u00fcs&#8217;\u00fcn \u00d6zg\u00fcrl\u00fc\u011f\u00fcne&#8221; slogan\u0131yla 28 ilde 33 farkl\u0131 camide sabah namaz\u0131 ve dua program\u0131 d\u00fczenledi. \u0130l ve il\u00e7e m\u00fcft\u00fcl\u00fcklerinin deste\u011fiyle ger\u00e7ekle\u015ftirilen etkinlik, g\u00f6n\u00fcll\u00fc \u00f6\u011frenciler ve vatanda\u015flar\u0131n kat\u0131l\u0131m\u0131yla yap\u0131ld\u0131.<\/p>\n<p style=\"text-align: justify;\">\u0130stanbul \u00dcmraniye \u0130l\u00e7e M\u00fcft\u00fcl\u00fc\u011f\u00fc\u2019ne ba\u011fl\u0131 \u0130lim Saray\u0131 Camii\u2019nde ger\u00e7ekle\u015ftirilen programda konu\u015fan Diyanet \u0130\u015fleri Ba\u015fkanl\u0131\u011f\u0131 Ba\u015fkanl\u0131k M\u00fc\u015faviri, TDV M\u00fctevelli Heyeti \u00dcyesi ve Yurtlar ve Sosyal Tesisler \u0130ktisadi \u0130\u015fletmesi Y\u00f6netim Kurulu Ba\u015fkan\u0131 Do\u00e7. Dr. Fatih Kurt, Hz. Muhammed\u2019in (sas) m\u00fcjdesine vesile olan ecdad\u0131 hay\u0131rla yad etmek, Kud\u00fcs&#8217;\u00fcn \u00f6zg\u00fcrl\u00fc\u011f\u00fc i\u00e7in dua etmek ve t\u00fcm \u015fehitlerimize rahmetle dualar g\u00f6ndermek amac\u0131yla \u00fclke genelinde sabah namaz\u0131nda bir araya gelindi\u011fini ifade etti.<\/p>\n<p style=\"text-align: justify;\">\u201cFatih Sultan Mehmet Han\u2019\u0131n \u0130stanbul\u2019a giri\u015fi, Allah Resul\u2019\u00fcn\u00fcn Mekke-i M\u00fckerreme\u2019ye giri\u015findeki tevazuya benzer\u201d diyen Fatih Kurt \u015f\u00f6yle konu\u015ftu:<\/p>\n<p style=\"text-align: justify;\">\u201c\u0130nsanlar, Fatih Sultan Mehmet\u2019in kumandan oldu\u011funun fark\u0131na varmay\u0131p Ak\u015femsettin\u2019e h\u00fcrmet ettiklerinde, Ak\u015femsettin parma\u011f\u0131yla padi\u015fah\u0131n Fatih oldu\u011funu i\u015faret etmi\u015ftir. Sultan Fatih ise kendisine g\u00f6sterilen h\u00fcrmeti hocas\u0131na g\u00f6stermeye davet etmi\u015ftir. Fatih Sultan Mehmed, Allah\u2019\u0131n l\u00fctfetti\u011fi bu fethi bir b\u00fcy\u00fcklenme vesilesi yapmam\u0131\u015f ve tevazuyla \u0130stanbul\u2019a girmi\u015ftir. Fetih sonras\u0131nda kimsenin ya\u015fam hakk\u0131na, huzuruna, hayat\u0131na kastetmemi\u015ftir.<\/p>\n<p style=\"text-align: justify;\">Tarihin hi\u00e7bir d\u00f6neminde M\u00fcsl\u00fcmanlar, g\u00fcnahs\u0131z insanlar\u0131, silah \u00e7ekmeyen masum sivilleri katletmemi\u015ftir. \u0130stanbul\u2019un, Mekke\u2019nin ve Kud\u00fcs\u2019\u00fcn fethinde herkesin ya\u015fam hakk\u0131 korunmu\u015ftur. Bug\u00fcn zalim \u0130srail\u2019in yapt\u0131\u011f\u0131 gibi \u015fehirleri katletme, ibadethaneleri y\u0131kma, \u00e7ocuklar\u0131 \u00f6ld\u00fcrme, masum annelerin hayatlar\u0131n\u0131 sonland\u0131rma gibi eylemler \u0130slam tarihinde asla yer almam\u0131\u015ft\u0131r.<\/p>\n<p style=\"text-align: justify;\">De\u011ferli cemaatimiz, Sultan Fatih 21 ya\u015f\u0131nda gen\u00e7 bir komutand\u0131. O ya\u015fa kadar kendisini iyi haz\u0131rlam\u0131\u015f, ilim tahsilinde ihmalde bulunmam\u0131\u015f, bir\u00e7ok ilmi \u00f6\u011frenmi\u015f, bir\u00e7ok dili konu\u015fabilen gayretli bir gen\u00e7ti. Dolay\u0131s\u0131yla Fatih olabilmek, y\u00fcrek ve g\u00f6n\u00fcl fetihleri ger\u00e7ekle\u015ftirebilmek demektir. Lider olman\u0131n yolu, kendimizi iyi yeti\u015ftirmekten, ilim tahsilinden taviz vermemekten ge\u00e7er. \u00dclkemizin d\u00f6rt bir yan\u0131nda bu anlaml\u0131 program\u0131m\u0131za kat\u0131l\u0131m sa\u011flayan \u00f6\u011frencilerimize ve vatanda\u015flar\u0131m\u0131za te\u015fekk\u00fcr ederiz.\u201d<\/p>\n<p style=\"text-align: justify;\">Namaz sonras\u0131 vatanda\u015flar \u00f6\u011frencilerle birlikte ellerini semaya a\u00e7arak Filistin\u2019de ac\u0131lar\u0131n\u0131n sona ermesi ve Kud\u00fcs\u2019\u00fcn kurtulu\u015fu i\u00e7in dualar ettiler.<\/p>\n\n\t\t<style type=\"text\/css\">\n\t\t\t#gallery-1 {\n\t\t\t\tmargin: auto;\n\t\t\t}\n\t\t\t#gallery-1 .gallery-item {\n\t\t\t\tfloat: left;\n\t\t\t\tmargin-top: 10px;\n\t\t\t\ttext-align: center;\n\t\t\t\twidth: 33%;\n\t\t\t}\n\t\t\t#gallery-1 img {\n\t\t\t\tborder: 2px solid #cfcfcf;\n\t\t\t}\n\t\t\t#gallery-1 .gallery-caption {\n\t\t\t\tmargin-left: 0;\n\t\t\t}\n\t\t\t\/* see gallery_shortcode() in wp-includes\/media.php *\/\n\t\t<\/style>\n\t\t<div id='gallery-1' class='gallery galleryid-40155 gallery-columns-3 gallery-size-full'><dl class='gallery-item'>\n\t\t\t<dt class='gallery-icon landscape'>\n\t\t\t\t<a href='https:\/\/tdv.org\/tr-TR\/wp-content\/uploads\/2024\/05\/TDV-Yurtlar-Sabah-Namazi-2.jpg'><img decoding=\"async\" width=\"1151\" height=\"768\" src=\"https:\/\/tdv.org\/tr-TR\/wp-content\/uploads\/2024\/05\/TDV-Yurtlar-Sabah-Namazi-2.jpg\" class=\"attachment-full size-full\" alt=\"\" srcset=\"https:\/\/tdv.org\/tr-TR\/wp-content\/uploads\/2024\/05\/TDV-Yurtlar-Sabah-Namazi-2.jpg 1151w, https:\/\/tdv.org\/tr-TR\/wp-content\/uploads\/2024\/05\/TDV-Yurtlar-Sabah-Namazi-2-300x200.jpg 300w, https:\/\/tdv.org\/tr-TR\/wp-content\/uploads\/2024\/05\/TDV-Yurtlar-Sabah-Namazi-2-1024x683.jpg 1024w, https:\/\/tdv.org\/tr-TR\/wp-content\/uploads\/2024\/05\/TDV-Yurtlar-Sabah-Namazi-2-768x512.jpg 768w, https:\/\/tdv.org\/tr-TR\/wp-content\/uploads\/2024\/05\/TDV-Yurtlar-Sabah-Namazi-2-900x600.jpg 900w\" sizes=\"(max-width: 1151px) 100vw, 1151px\" \/><\/a>\n\t\t\t<\/dt><\/dl><dl class='gallery-item'>\n\t\t\t<dt class='gallery-icon landscape'>\n\t\t\t\t<a href='https:\/\/tdv.org\/tr-TR\/wp-content\/uploads\/2024\/05\/TDV-Yurtlar-Sabah-Namazi-7.jpg'><img decoding=\"async\" width=\"1080\" height=\"720\" src=\"https:\/\/tdv.org\/tr-TR\/wp-content\/uploads\/2024\/05\/TDV-Yurtlar-Sabah-Namazi-7.jpg\" class=\"attachment-full size-full\" alt=\"\" srcset=\"https:\/\/tdv.org\/tr-TR\/wp-content\/uploads\/2024\/05\/TDV-Yurtlar-Sabah-Namazi-7.jpg 1080w, https:\/\/tdv.org\/tr-TR\/wp-content\/uploads\/2024\/05\/TDV-Yurtlar-Sabah-Namazi-7-300x200.jpg 300w, https:\/\/tdv.org\/tr-TR\/wp-content\/uploads\/2024\/05\/TDV-Yurtlar-Sabah-Namazi-7-1024x683.jpg 1024w, https:\/\/tdv.org\/tr-TR\/wp-content\/uploads\/2024\/05\/TDV-Yurtlar-Sabah-Namazi-7-768x512.jpg 768w, https:\/\/tdv.org\/tr-TR\/wp-content\/uploads\/2024\/05\/TDV-Yurtlar-Sabah-Namazi-7-900x600.jpg 900w\" sizes=\"(max-width: 1080px) 100vw, 1080px\" \/><\/a>\n\t\t\t<\/dt><\/dl><dl class='gallery-item'>\n\t\t\t<dt class='gallery-icon landscape'>\n\t\t\t\t<a href='https:\/\/tdv.org\/tr-TR\/wp-content\/uploads\/2024\/05\/TDV-Yurtlar-Sabah-Namazi-3.jpeg'><img decoding=\"async\" width=\"1152\" height=\"768\" src=\"https:\/\/tdv.org\/tr-TR\/wp-content\/uploads\/2024\/05\/TDV-Yurtlar-Sabah-Namazi-3.jpeg\" class=\"attachment-full size-full\" alt=\"\" srcset=\"https:\/\/tdv.org\/tr-TR\/wp-content\/uploads\/2024\/05\/TDV-Yurtlar-Sabah-Namazi-3.jpeg 1152w, https:\/\/tdv.org\/tr-TR\/wp-content\/uploads\/2024\/05\/TDV-Yurtlar-Sabah-Namazi-3-300x200.jpeg 300w, https:\/\/tdv.org\/tr-TR\/wp-content\/uploads\/2024\/05\/TDV-Yurtlar-Sabah-Namazi-3-1024x683.jpeg 1024w, https:\/\/tdv.org\/tr-TR\/wp-content\/uploads\/2024\/05\/TDV-Yurtlar-Sabah-Namazi-3-768x512.jpeg 768w, https:\/\/tdv.org\/tr-TR\/wp-content\/uploads\/2024\/05\/TDV-Yurtlar-Sabah-Namazi-3-900x600.jpeg 900w\" sizes=\"(max-width: 1152px) 100vw, 1152px\" \/><\/a>\n\t\t\t<\/dt><\/dl><br style=\"clear: both\" \/><dl class='gallery-item'>\n\t\t\t<dt class='gallery-icon landscape'>\n\t\t\t\t<a href='https:\/\/tdv.org\/tr-TR\/wp-content\/uploads\/2024\/05\/TDV-Yurtlar-Sabah-Namazi-8.jpg'><img decoding=\"async\" width=\"1152\" height=\"768\" src=\"https:\/\/tdv.org\/tr-TR\/wp-content\/uploads\/2024\/05\/TDV-Yurtlar-Sabah-Namazi-8.jpg\" class=\"attachment-full size-full\" alt=\"\" srcset=\"https:\/\/tdv.org\/tr-TR\/wp-content\/uploads\/2024\/05\/TDV-Yurtlar-Sabah-Namazi-8.jpg 1152w, https:\/\/tdv.org\/tr-TR\/wp-content\/uploads\/2024\/05\/TDV-Yurtlar-Sabah-Namazi-8-300x200.jpg 300w, https:\/\/tdv.org\/tr-TR\/wp-content\/uploads\/2024\/05\/TDV-Yurtlar-Sabah-Namazi-8-1024x683.jpg 1024w, https:\/\/tdv.org\/tr-TR\/wp-content\/uploads\/2024\/05\/TDV-Yurtlar-Sabah-Namazi-8-768x512.jpg 768w, https:\/\/tdv.org\/tr-TR\/wp-content\/uploads\/2024\/05\/TDV-Yurtlar-Sabah-Namazi-8-900x600.jpg 900w\" sizes=\"(max-width: 1152px) 100vw, 1152px\" \/><\/a>\n\t\t\t<\/dt><\/dl><dl class='gallery-item'>\n\t\t\t<dt class='gallery-icon landscape'>\n\t\t\t\t<a href='https:\/\/tdv.org\/tr-TR\/wp-content\/uploads\/2024\/05\/TDV-Yurtlar-Sabah-Namazi-2.jpeg'><img decoding=\"async\" width=\"1152\" height=\"768\" src=\"https:\/\/tdv.org\/tr-TR\/wp-content\/uploads\/2024\/05\/TDV-Yurtlar-Sabah-Namazi-2.jpeg\" class=\"attachment-full size-full\" alt=\"\" srcset=\"https:\/\/tdv.org\/tr-TR\/wp-content\/uploads\/2024\/05\/TDV-Yurtlar-Sabah-Namazi-2.jpeg 1152w, https:\/\/tdv.org\/tr-TR\/wp-content\/uploads\/2024\/05\/TDV-Yurtlar-Sabah-Namazi-2-300x200.jpeg 300w, https:\/\/tdv.org\/tr-TR\/wp-content\/uploads\/2024\/05\/TDV-Yurtlar-Sabah-Namazi-2-1024x683.jpeg 1024w, https:\/\/tdv.org\/tr-TR\/wp-content\/uploads\/2024\/05\/TDV-Yurtlar-Sabah-Namazi-2-768x512.jpeg 768w, https:\/\/tdv.org\/tr-TR\/wp-content\/uploads\/2024\/05\/TDV-Yurtlar-Sabah-Namazi-2-900x600.jpeg 900w\" sizes=\"(max-width: 1152px) 100vw, 1152px\" \/><\/a>\n\t\t\t<\/dt><\/dl><dl class='gallery-item'>\n\t\t\t<dt class='gallery-icon landscape'>\n\t\t\t\t<a href='https:\/\/tdv.org\/tr-TR\/wp-content\/uploads\/2024\/05\/TDV-Yurtlar-Sabah-Namazi-4.jpg'><img decoding=\"async\" width=\"1152\" height=\"768\" src=\"https:\/\/tdv.org\/tr-TR\/wp-content\/uploads\/2024\/05\/TDV-Yurtlar-Sabah-Namazi-4.jpg\" class=\"attachment-full size-full\" alt=\"\" srcset=\"https:\/\/tdv.org\/tr-TR\/wp-content\/uploads\/2024\/05\/TDV-Yurtlar-Sabah-Namazi-4.jpg 1152w, https:\/\/tdv.org\/tr-TR\/wp-content\/uploads\/2024\/05\/TDV-Yurtlar-Sabah-Namazi-4-300x200.jpg 300w, https:\/\/tdv.org\/tr-TR\/wp-content\/uploads\/2024\/05\/TDV-Yurtlar-Sabah-Namazi-4-1024x683.jpg 1024w, https:\/\/tdv.org\/tr-TR\/wp-content\/uploads\/2024\/05\/TDV-Yurtlar-Sabah-Namazi-4-768x512.jpg 768w, https:\/\/tdv.org\/tr-TR\/wp-content\/uploads\/2024\/05\/TDV-Yurtlar-Sabah-Namazi-4-900x600.jpg 900w\" sizes=\"(max-width: 1152px) 100vw, 1152px\" \/><\/a>\n\t\t\t<\/dt><\/dl><br style=\"clear: both\" \/><dl class='gallery-item'>\n\t\t\t<dt class='gallery-icon landscape'>\n\t\t\t\t<a href='https:\/\/tdv.org\/tr-TR\/wp-content\/uploads\/2024\/05\/TDV-Yurtlar-Sabah-Namazi-1.jpg'><img decoding=\"async\" width=\"1152\" height=\"768\" src=\"https:\/\/tdv.org\/tr-TR\/wp-content\/uploads\/2024\/05\/TDV-Yurtlar-Sabah-Namazi-1.jpg\" class=\"attachment-full size-full\" alt=\"\" srcset=\"https:\/\/tdv.org\/tr-TR\/wp-content\/uploads\/2024\/05\/TDV-Yurtlar-Sabah-Namazi-1.jpg 1152w, https:\/\/tdv.org\/tr-TR\/wp-content\/uploads\/2024\/05\/TDV-Yurtlar-Sabah-Namazi-1-300x200.jpg 300w, https:\/\/tdv.org\/tr-TR\/wp-content\/uploads\/2024\/05\/TDV-Yurtlar-Sabah-Namazi-1-1024x683.jpg 1024w, https:\/\/tdv.org\/tr-TR\/wp-content\/uploads\/2024\/05\/TDV-Yurtlar-Sabah-Namazi-1-768x512.jpg 768w, https:\/\/tdv.org\/tr-TR\/wp-content\/uploads\/2024\/05\/TDV-Yurtlar-Sabah-Namazi-1-900x600.jpg 900w\" sizes=\"(max-width: 1152px) 100vw, 1152px\" \/><\/a>\n\t\t\t<\/dt><\/dl><dl class='gallery-item'>\n\t\t\t<dt class='gallery-icon landscape'>\n\t\t\t\t<a href='https:\/\/tdv.org\/tr-TR\/wp-content\/uploads\/2024\/05\/TDV-Yurtlar-Sabah-Namazi-4.jpeg'><img decoding=\"async\" width=\"1152\" height=\"768\" src=\"https:\/\/tdv.org\/tr-TR\/wp-content\/uploads\/2024\/05\/TDV-Yurtlar-Sabah-Namazi-4.jpeg\" class=\"attachment-full size-full\" alt=\"\" srcset=\"https:\/\/tdv.org\/tr-TR\/wp-content\/uploads\/2024\/05\/TDV-Yurtlar-Sabah-Namazi-4.jpeg 1152w, https:\/\/tdv.org\/tr-TR\/wp-content\/uploads\/2024\/05\/TDV-Yurtlar-Sabah-Namazi-4-300x200.jpeg 300w, https:\/\/tdv.org\/tr-TR\/wp-content\/uploads\/2024\/05\/TDV-Yurtlar-Sabah-Namazi-4-1024x683.jpeg 1024w, https:\/\/tdv.org\/tr-TR\/wp-content\/uploads\/2024\/05\/TDV-Yurtlar-Sabah-Namazi-4-768x512.jpeg 768w, https:\/\/tdv.org\/tr-TR\/wp-content\/uploads\/2024\/05\/TDV-Yurtlar-Sabah-Namazi-4-900x600.jpeg 900w\" sizes=\"(max-width: 1152px) 100vw, 1152px\" \/><\/a>\n\t\t\t<\/dt><\/dl><dl class='gallery-item'>\n\t\t\t<dt class='gallery-icon landscape'>\n\t\t\t\t<a href='https:\/\/tdv.org\/tr-TR\/wp-content\/uploads\/2024\/05\/TDV-Yurtlar-Sabah-Namazi-6.jpg'><img decoding=\"async\" width=\"1152\" height=\"768\" src=\"https:\/\/tdv.org\/tr-TR\/wp-content\/uploads\/2024\/05\/TDV-Yurtlar-Sabah-Namazi-6.jpg\" class=\"attachment-full size-full\" alt=\"\" srcset=\"https:\/\/tdv.org\/tr-TR\/wp-content\/uploads\/2024\/05\/TDV-Yurtlar-Sabah-Namazi-6.jpg 1152w, https:\/\/tdv.org\/tr-TR\/wp-content\/uploads\/2024\/05\/TDV-Yurtlar-Sabah-Namazi-6-300x200.jpg 300w, https:\/\/tdv.org\/tr-TR\/wp-content\/uploads\/2024\/05\/TDV-Yurtlar-Sabah-Namazi-6-1024x683.jpg 1024w, https:\/\/tdv.org\/tr-TR\/wp-content\/uploads\/2024\/05\/TDV-Yurtlar-Sabah-Namazi-6-768x512.jpg 768w, https:\/\/tdv.org\/tr-TR\/wp-content\/uploads\/2024\/05\/TDV-Yurtlar-Sabah-Namazi-6-900x600.jpg 900w\" sizes=\"(max-width: 1152px) 100vw, 1152px\" \/><\/a>\n\t\t\t<\/dt><\/dl><br style=\"clear: both\" \/><dl class='gallery-item'>\n\t\t\t<dt class='gallery-icon landscape'>\n\t\t\t\t<a href='https:\/\/tdv.org\/tr-TR\/wp-content\/uploads\/2024\/05\/TDV-Yurtlar-Sabah-Namazi-3.jpg'><img decoding=\"async\" width=\"1152\" height=\"768\" src=\"https:\/\/tdv.org\/tr-TR\/wp-content\/uploads\/2024\/05\/TDV-Yurtlar-Sabah-Namazi-3.jpg\" class=\"attachment-full size-full\" alt=\"\" srcset=\"https:\/\/tdv.org\/tr-TR\/wp-content\/uploads\/2024\/05\/TDV-Yurtlar-Sabah-Namazi-3.jpg 1152w, https:\/\/tdv.org\/tr-TR\/wp-content\/uploads\/2024\/05\/TDV-Yurtlar-Sabah-Namazi-3-300x200.jpg 300w, https:\/\/tdv.org\/tr-TR\/wp-content\/uploads\/2024\/05\/TDV-Yurtlar-Sabah-Namazi-3-1024x683.jpg 1024w, https:\/\/tdv.org\/tr-TR\/wp-content\/uploads\/2024\/05\/TDV-Yurtlar-Sabah-Namazi-3-768x512.jpg 768w, https:\/\/tdv.org\/tr-TR\/wp-content\/uploads\/2024\/05\/TDV-Yurtlar-Sabah-Namazi-3-900x600.jpg 900w\" sizes=\"(max-width: 1152px) 100vw, 1152px\" \/><\/a>\n\t\t\t<\/dt><\/dl><dl class='gallery-item'>\n\t\t\t<dt class='gallery-icon landscape'>\n\t\t\t\t<a href='https:\/\/tdv.org\/tr-TR\/wp-content\/uploads\/2024\/05\/TDV-Yurtlar-Sabah-Namazi-5.jpg'><img decoding=\"async\" width=\"1152\" height=\"768\" src=\"https:\/\/tdv.org\/tr-TR\/wp-content\/uploads\/2024\/05\/TDV-Yurtlar-Sabah-Namazi-5.jpg\" class=\"attachment-full size-full\" alt=\"\" srcset=\"https:\/\/tdv.org\/tr-TR\/wp-content\/uploads\/2024\/05\/TDV-Yurtlar-Sabah-Namazi-5.jpg 1152w, https:\/\/tdv.org\/tr-TR\/wp-content\/uploads\/2024\/05\/TDV-Yurtlar-Sabah-Namazi-5-300x200.jpg 300w, https:\/\/tdv.org\/tr-TR\/wp-content\/uploads\/2024\/05\/TDV-Yurtlar-Sabah-Namazi-5-1024x683.jpg 1024w, https:\/\/tdv.org\/tr-TR\/wp-content\/uploads\/2024\/05\/TDV-Yurtlar-Sabah-Namazi-5-768x512.jpg 768w, https:\/\/tdv.org\/tr-TR\/wp-content\/uploads\/2024\/05\/TDV-Yurtlar-Sabah-Namazi-5-900x600.jpg 900w\" sizes=\"(max-width: 1152px) 100vw, 1152px\" \/><\/a>\n\t\t\t<\/dt><\/dl><dl class='gallery-item'>\n\t\t\t<dt class='gallery-icon landscape'>\n\t\t\t\t<a href='https:\/\/tdv.org\/tr-TR\/wp-content\/uploads\/2024\/05\/TDV-Yurtlar-Sabah-Namazi-1.jpeg'><img decoding=\"async\" width=\"1152\" height=\"768\" src=\"https:\/\/tdv.org\/tr-TR\/wp-content\/uploads\/2024\/05\/TDV-Yurtlar-Sabah-Namazi-1.jpeg\" class=\"attachment-full size-full\" alt=\"\" srcset=\"https:\/\/tdv.org\/tr-TR\/wp-content\/uploads\/2024\/05\/TDV-Yurtlar-Sabah-Namazi-1.jpeg 1152w, https:\/\/tdv.org\/tr-TR\/wp-content\/uploads\/2024\/05\/TDV-Yurtlar-Sabah-Namazi-1-300x200.jpeg 300w, https:\/\/tdv.org\/tr-TR\/wp-content\/uploads\/2024\/05\/TDV-Yurtlar-Sabah-Namazi-1-1024x683.jpeg 1024w, https:\/\/tdv.org\/tr-TR\/wp-content\/uploads\/2024\/05\/TDV-Yurtlar-Sabah-Namazi-1-768x512.jpeg 768w, https:\/\/tdv.org\/tr-TR\/wp-content\/uploads\/2024\/05\/TDV-Yurtlar-Sabah-Namazi-1-900x600.jpeg 900w\" sizes=\"(max-width: 1152px) 100vw, 1152px\" \/><\/a>\n\t\t\t<\/dt><\/dl><br style=\"clear: both\" \/><dl class='gallery-item'>\n\t\t\t<dt class='gallery-icon landscape'>\n\t\t\t\t<a href='https:\/\/tdv.org\/tr-TR\/wp-content\/uploads\/2024\/05\/TDV-Yurtlar-Sabah-Namazi-9.jpg'><img decoding=\"async\" width=\"1152\" height=\"768\" src=\"https:\/\/tdv.org\/tr-TR\/wp-content\/uploads\/2024\/05\/TDV-Yurtlar-Sabah-Namazi-9.jpg\" class=\"attachment-full size-full\" alt=\"\" srcset=\"https:\/\/tdv.org\/tr-TR\/wp-content\/uploads\/2024\/05\/TDV-Yurtlar-Sabah-Namazi-9.jpg 1152w, https:\/\/tdv.org\/tr-TR\/wp-content\/uploads\/2024\/05\/TDV-Yurtlar-Sabah-Namazi-9-300x200.jpg 300w, https:\/\/tdv.org\/tr-TR\/wp-content\/uploads\/2024\/05\/TDV-Yurtlar-Sabah-Namazi-9-1024x683.jpg 1024w, https:\/\/tdv.org\/tr-TR\/wp-content\/uploads\/2024\/05\/TDV-Yurtlar-Sabah-Namazi-9-768x512.jpg 768w, https:\/\/tdv.org\/tr-TR\/wp-content\/uploads\/2024\/05\/TDV-Yurtlar-Sabah-Namazi-9-900x600.jpg 900w\" sizes=\"(max-width: 1152px) 100vw, 1152px\" \/><\/a>\n\t\t\t<\/dt><\/dl>\n\t\t\t<br style='clear: both' \/>\n\t\t<\/div>\n\n","protected":false},"excerpt":{"rendered":"<p>T\u00fcrkiye Diyanet Vakf\u0131 Yurtlar\u0131, &#8220;\u0130stanbul&#8217;un Fethinden Kud\u00fcs&#8217;\u00fcn \u00d6zg\u00fcrl\u00fc\u011f\u00fcne&#8221; slogan\u0131yla 28 ilde 33 farkl\u0131 camide sabah namaz\u0131 ve dua program\u0131 d\u00fczenledi. \u0130l ve il\u00e7e m\u00fcft\u00fcl\u00fcklerinin deste\u011fiyle ger\u00e7ekle\u015ftirilen etkinlik, g\u00f6n\u00fcll\u00fc \u00f6\u011frenciler ve&#8230;<\/p>\n","protected":false},"author":8,"featured_media":40161,"comment_status":"closed","ping_status":"closed","sticky":false,"template":"","format":"standard","meta":{"footnotes":""},"categories":[1],"tags":[110,2235,151,285],"class_list":{"0":"post-40155","1":"post","2":"type-post","3":"status-publish","4":"format-standard","5":"has-post-thumbnail","7":"category-haberler","8":"tag-filistin","9":"tag-filistin-icin-sozumuz-var","10":"tag-tdv-yurtlar","11":"tag-turkiye-diyanet-vakfi-ogrenci-yurtlari"},"yoast_head":"<!-- This site is optimized with the Yoast SEO plugin v27.5 - https:\/\/yoast.com\/product\/yoast-seo-wordpress\/ -->\n<title>\u00d6\u011frenciler, 28 ilde \u0130stanbul\u2019un fethi ve \u00f6zg\u00fcr Kud\u00fcs i\u00e7in sabah namaz\u0131nda bulu\u015ftu<\/title>\n<meta name=\"description\" content=\"T\u00fcrkiye Diyanet Vakf\u0131 Yurtlar\u0131, &quot;\u0130stanbul&#039;un Fethinden Kud\u00fcs&#039;\u00fcn \u00d6zg\u00fcrl\u00fc\u011f\u00fcne&quot; slogan\u0131yla 28 ilde 33 farkl\u0131 camide sabah namaz\u0131 ve dua program\u0131 d\u00fczenledi. \u0130l ve il\u00e7e m\u00fcft\u00fcl\u00fcklerinin deste\u011fiyle ger\u00e7ekle\u015ftirilen etkinlik, g\u00f6n\u00fcll\u00fc \u00f6\u011frenciler ve vatanda\u015flar\u0131n kat\u0131l\u0131m\u0131yla yap\u0131ld\u0131.\" \/>\n<meta name=\"robots\" content=\"index, follow, max-snippet:-1, max-image-preview:large, max-video-preview:-1\" \/>\n<link rel=\"canonical\" href=\"https:\/\/tdv.org\/tr-TR\/ogrenciler-28-ilde-istanbulun-fethi-ve-ozgur-kudus-icin-sabah-namazinda-bulustu\/\" \/>\n<meta property=\"og:locale\" content=\"tr_TR\" \/>\n<meta property=\"og:type\" content=\"article\" \/>\n<meta property=\"og:title\" content=\"\u00d6\u011frenciler, 28 ilde \u0130stanbul\u2019un fethi ve \u00f6zg\u00fcr Kud\u00fcs i\u00e7in sabah namaz\u0131nda bulu\u015ftu\" \/>\n<meta property=\"og:description\" content=\"T\u00fcrkiye Diyanet Vakf\u0131 Yurtlar\u0131, &quot;\u0130stanbul&#039;un Fethinden Kud\u00fcs&#039;\u00fcn \u00d6zg\u00fcrl\u00fc\u011f\u00fcne&quot; slogan\u0131yla 28 ilde 33 farkl\u0131 camide sabah namaz\u0131 ve dua program\u0131 d\u00fczenledi. \u0130l ve il\u00e7e m\u00fcft\u00fcl\u00fcklerinin deste\u011fiyle ger\u00e7ekle\u015ftirilen etkinlik, g\u00f6n\u00fcll\u00fc \u00f6\u011frenciler ve vatanda\u015flar\u0131n kat\u0131l\u0131m\u0131yla yap\u0131ld\u0131.\" \/>\n<meta property=\"og:url\" content=\"https:\/\/tdv.org\/tr-TR\/ogrenciler-28-ilde-istanbulun-fethi-ve-ozgur-kudus-icin-sabah-namazinda-bulustu\/\" \/>\n<meta property=\"og:site_name\" content=\"T\u00fcrkiye Diyanet Vakf\u0131 Resmi Web Sitesi\" \/>\n<meta property=\"article:publisher\" content=\"https:\/\/www.facebook.com\/Diyanetvakfi\/\" \/>\n<meta property=\"article:published_time\" content=\"2024-05-29T07:12:47+00:00\" \/>\n<meta property=\"article:modified_time\" content=\"2024-05-29T07:17:50+00:00\" \/>\n<meta property=\"og:image\" content=\"https:\/\/tdv.org\/tr-TR\/wp-content\/uploads\/2024\/05\/TDV-Yurtlar-Sabah-Namazi-3.jpg\" \/>\n\t<meta property=\"og:image:width\" content=\"1152\" \/>\n\t<meta property=\"og:image:height\" content=\"768\" \/>\n\t<meta property=\"og:image:type\" content=\"image\/jpeg\" \/>\n<meta name=\"author\" content=\"Selim\" \/>\n<meta name=\"twitter:card\" content=\"summary_large_image\" \/>\n<meta name=\"twitter:creator\" content=\"@DiyanetVakfi\" \/>\n<meta name=\"twitter:site\" content=\"@DiyanetVakfi\" \/>\n<script type=\"application\/ld+json\" class=\"yoast-schema-graph\">{\"@context\":\"https:\\\/\\\/schema.org\",\"@graph\":[{\"@type\":\"Article\",\"@id\":\"https:\\\/\\\/tdv.org\\\/tr-TR\\\/ogrenciler-28-ilde-istanbulun-fethi-ve-ozgur-kudus-icin-sabah-namazinda-bulustu\\\/#article\",\"isPartOf\":{\"@id\":\"https:\\\/\\\/tdv.org\\\/tr-TR\\\/ogrenciler-28-ilde-istanbulun-fethi-ve-ozgur-kudus-icin-sabah-namazinda-bulustu\\\/\"},\"author\":{\"name\":\"Selim\",\"@id\":\"https:\\\/\\\/tdv.org\\\/tr-TR\\\/#\\\/schema\\\/person\\\/752b55e264a99273d55636516d96d5eb\"},\"headline\":\"\u00d6\u011frenciler, 28 ilde \u0130stanbul\u2019un fethi ve \u00f6zg\u00fcr Kud\u00fcs i\u00e7in sabah namaz\u0131nda bulu\u015ftu\",\"datePublished\":\"2024-05-29T07:12:47+00:00\",\"dateModified\":\"2024-05-29T07:17:50+00:00\",\"mainEntityOfPage\":{\"@id\":\"https:\\\/\\\/tdv.org\\\/tr-TR\\\/ogrenciler-28-ilde-istanbulun-fethi-ve-ozgur-kudus-icin-sabah-namazinda-bulustu\\\/\"},\"wordCount\":461,\"publisher\":{\"@id\":\"https:\\\/\\\/tdv.org\\\/tr-TR\\\/#organization\"},\"image\":{\"@id\":\"https:\\\/\\\/tdv.org\\\/tr-TR\\\/ogrenciler-28-ilde-istanbulun-fethi-ve-ozgur-kudus-icin-sabah-namazinda-bulustu\\\/#primaryimage\"},\"thumbnailUrl\":\"https:\\\/\\\/tdv.org\\\/tr-TR\\\/wp-content\\\/uploads\\\/2024\\\/05\\\/TDV-Yurtlar-Sabah-Namazi-3.jpg\",\"keywords\":[\"filistin\",\"Filistin \u0130\u00e7in S\u00f6z\u00fcm\u00fcz Var\",\"TDV YURTLAR\",\"T\u00fcrkiye Diyanet Vakf\u0131 \u00d6\u011frenci Yurtlar\u0131\"],\"articleSection\":[\"Haberler\"],\"inLanguage\":\"tr\"},{\"@type\":\"WebPage\",\"@id\":\"https:\\\/\\\/tdv.org\\\/tr-TR\\\/ogrenciler-28-ilde-istanbulun-fethi-ve-ozgur-kudus-icin-sabah-namazinda-bulustu\\\/\",\"url\":\"https:\\\/\\\/tdv.org\\\/tr-TR\\\/ogrenciler-28-ilde-istanbulun-fethi-ve-ozgur-kudus-icin-sabah-namazinda-bulustu\\\/\",\"name\":\"\u00d6\u011frenciler, 28 ilde \u0130stanbul\u2019un fethi ve \u00f6zg\u00fcr Kud\u00fcs i\u00e7in sabah namaz\u0131nda bulu\u015ftu\",\"isPartOf\":{\"@id\":\"https:\\\/\\\/tdv.org\\\/tr-TR\\\/#website\"},\"primaryImageOfPage\":{\"@id\":\"https:\\\/\\\/tdv.org\\\/tr-TR\\\/ogrenciler-28-ilde-istanbulun-fethi-ve-ozgur-kudus-icin-sabah-namazinda-bulustu\\\/#primaryimage\"},\"image\":{\"@id\":\"https:\\\/\\\/tdv.org\\\/tr-TR\\\/ogrenciler-28-ilde-istanbulun-fethi-ve-ozgur-kudus-icin-sabah-namazinda-bulustu\\\/#primaryimage\"},\"thumbnailUrl\":\"https:\\\/\\\/tdv.org\\\/tr-TR\\\/wp-content\\\/uploads\\\/2024\\\/05\\\/TDV-Yurtlar-Sabah-Namazi-3.jpg\",\"datePublished\":\"2024-05-29T07:12:47+00:00\",\"dateModified\":\"2024-05-29T07:17:50+00:00\",\"description\":\"T\u00fcrkiye Diyanet Vakf\u0131 Yurtlar\u0131, \\\"\u0130stanbul'un Fethinden Kud\u00fcs'\u00fcn \u00d6zg\u00fcrl\u00fc\u011f\u00fcne\\\" slogan\u0131yla 28 ilde 33 farkl\u0131 camide sabah namaz\u0131 ve dua program\u0131 d\u00fczenledi. \u0130l ve il\u00e7e m\u00fcft\u00fcl\u00fcklerinin deste\u011fiyle ger\u00e7ekle\u015ftirilen etkinlik, g\u00f6n\u00fcll\u00fc \u00f6\u011frenciler ve vatanda\u015flar\u0131n kat\u0131l\u0131m\u0131yla yap\u0131ld\u0131.\",\"breadcrumb\":{\"@id\":\"https:\\\/\\\/tdv.org\\\/tr-TR\\\/ogrenciler-28-ilde-istanbulun-fethi-ve-ozgur-kudus-icin-sabah-namazinda-bulustu\\\/#breadcrumb\"},\"inLanguage\":\"tr\",\"potentialAction\":[{\"@type\":\"ReadAction\",\"target\":[\"https:\\\/\\\/tdv.org\\\/tr-TR\\\/ogrenciler-28-ilde-istanbulun-fethi-ve-ozgur-kudus-icin-sabah-namazinda-bulustu\\\/\"]}]},{\"@type\":\"ImageObject\",\"inLanguage\":\"tr\",\"@id\":\"https:\\\/\\\/tdv.org\\\/tr-TR\\\/ogrenciler-28-ilde-istanbulun-fethi-ve-ozgur-kudus-icin-sabah-namazinda-bulustu\\\/#primaryimage\",\"url\":\"https:\\\/\\\/tdv.org\\\/tr-TR\\\/wp-content\\\/uploads\\\/2024\\\/05\\\/TDV-Yurtlar-Sabah-Namazi-3.jpg\",\"contentUrl\":\"https:\\\/\\\/tdv.org\\\/tr-TR\\\/wp-content\\\/uploads\\\/2024\\\/05\\\/TDV-Yurtlar-Sabah-Namazi-3.jpg\",\"width\":1152,\"height\":768},{\"@type\":\"BreadcrumbList\",\"@id\":\"https:\\\/\\\/tdv.org\\\/tr-TR\\\/ogrenciler-28-ilde-istanbulun-fethi-ve-ozgur-kudus-icin-sabah-namazinda-bulustu\\\/#breadcrumb\",\"itemListElement\":[{\"@type\":\"ListItem\",\"position\":1,\"name\":\"Anasayfa\",\"item\":\"https:\\\/\\\/tdv.org\\\/tr-TR\\\/\"},{\"@type\":\"ListItem\",\"position\":2,\"name\":\"\u00d6\u011frenciler, 28 ilde \u0130stanbul\u2019un fethi ve \u00f6zg\u00fcr Kud\u00fcs i\u00e7in sabah namaz\u0131nda bulu\u015ftu\"}]},{\"@type\":\"WebSite\",\"@id\":\"https:\\\/\\\/tdv.org\\\/tr-TR\\\/#website\",\"url\":\"https:\\\/\\\/tdv.org\\\/tr-TR\\\/\",\"name\":\"T\u00fcrkiye Diyanet Vakf\u0131 Resmi Web Sitesi\",\"description\":\"Yery\u00fcz\u00fcnde iyilik egemen oluncaya kadar\",\"publisher\":{\"@id\":\"https:\\\/\\\/tdv.org\\\/tr-TR\\\/#organization\"},\"alternateName\":\"T\u00fcrkiye Diyanet Vakf\u0131\",\"potentialAction\":[{\"@type\":\"SearchAction\",\"target\":{\"@type\":\"EntryPoint\",\"urlTemplate\":\"https:\\\/\\\/tdv.org\\\/tr-TR\\\/?s={search_term_string}\"},\"query-input\":{\"@type\":\"PropertyValueSpecification\",\"valueRequired\":true,\"valueName\":\"search_term_string\"}}],\"inLanguage\":\"tr\"},{\"@type\":\"Organization\",\"@id\":\"https:\\\/\\\/tdv.org\\\/tr-TR\\\/#organization\",\"name\":\"T\u00fcrkiye Diyanet Vakf\u0131\",\"alternateName\":\"T\u00fcrkiye Diyanet Vakf\u0131\",\"url\":\"https:\\\/\\\/tdv.org\\\/tr-TR\\\/\",\"logo\":{\"@type\":\"ImageObject\",\"inLanguage\":\"tr\",\"@id\":\"https:\\\/\\\/tdv.org\\\/tr-TR\\\/#\\\/schema\\\/logo\\\/image\\\/\",\"url\":\"https:\\\/\\\/tdv.org\\\/tr-TR\\\/wp-content\\\/uploads\\\/2018\\\/12\\\/TDV_Logo_1.png\",\"contentUrl\":\"https:\\\/\\\/tdv.org\\\/tr-TR\\\/wp-content\\\/uploads\\\/2018\\\/12\\\/TDV_Logo_1.png\",\"width\":207,\"height\":71,\"caption\":\"T\u00fcrkiye Diyanet Vakf\u0131\"},\"image\":{\"@id\":\"https:\\\/\\\/tdv.org\\\/tr-TR\\\/#\\\/schema\\\/logo\\\/image\\\/\"},\"sameAs\":[\"https:\\\/\\\/www.facebook.com\\\/Diyanetvakfi\\\/\",\"https:\\\/\\\/x.com\\\/DiyanetVakfi\",\"https:\\\/\\\/www.instagram.com\\\/turkiyediyanetvakfi\\\/\",\"https:\\\/\\\/www.youtube.com\\\/user\\\/TurkiyeDiyanetVakfi\"]},{\"@type\":\"Person\",\"@id\":\"https:\\\/\\\/tdv.org\\\/tr-TR\\\/#\\\/schema\\\/person\\\/752b55e264a99273d55636516d96d5eb\",\"name\":\"Selim\",\"image\":{\"@type\":\"ImageObject\",\"inLanguage\":\"tr\",\"@id\":\"https:\\\/\\\/tdv.org\\\/tr-TR\\\/wp-content\\\/litespeed\\\/avatar\\\/a1e47b25396e98e5b781e88a5396cd96.jpg?ver=1777287391\",\"url\":\"https:\\\/\\\/tdv.org\\\/tr-TR\\\/wp-content\\\/litespeed\\\/avatar\\\/a1e47b25396e98e5b781e88a5396cd96.jpg?ver=1777287391\",\"contentUrl\":\"https:\\\/\\\/tdv.org\\\/tr-TR\\\/wp-content\\\/litespeed\\\/avatar\\\/a1e47b25396e98e5b781e88a5396cd96.jpg?ver=1777287391\",\"caption\":\"Selim\"}}]}<\/script>\n<!-- \/ Yoast SEO plugin. -->","yoast_head_json":{"title":"\u00d6\u011frenciler, 28 ilde \u0130stanbul\u2019un fethi ve \u00f6zg\u00fcr Kud\u00fcs i\u00e7in sabah namaz\u0131nda bulu\u015ftu","description":"T\u00fcrkiye Diyanet Vakf\u0131 Yurtlar\u0131, \"\u0130stanbul'un Fethinden Kud\u00fcs'\u00fcn \u00d6zg\u00fcrl\u00fc\u011f\u00fcne\" slogan\u0131yla 28 ilde 33 farkl\u0131 camide sabah namaz\u0131 ve dua program\u0131 d\u00fczenledi. \u0130l ve il\u00e7e m\u00fcft\u00fcl\u00fcklerinin deste\u011fiyle ger\u00e7ekle\u015ftirilen etkinlik, g\u00f6n\u00fcll\u00fc \u00f6\u011frenciler ve vatanda\u015flar\u0131n kat\u0131l\u0131m\u0131yla yap\u0131ld\u0131.","robots":{"index":"index","follow":"follow","max-snippet":"max-snippet:-1","max-image-preview":"max-image-preview:large","max-video-preview":"max-video-preview:-1"},"canonical":"https:\/\/tdv.org\/tr-TR\/ogrenciler-28-ilde-istanbulun-fethi-ve-ozgur-kudus-icin-sabah-namazinda-bulustu\/","og_locale":"tr_TR","og_type":"article","og_title":"\u00d6\u011frenciler, 28 ilde \u0130stanbul\u2019un fethi ve \u00f6zg\u00fcr Kud\u00fcs i\u00e7in sabah namaz\u0131nda bulu\u015ftu","og_description":"T\u00fcrkiye Diyanet Vakf\u0131 Yurtlar\u0131, \"\u0130stanbul'un Fethinden Kud\u00fcs'\u00fcn \u00d6zg\u00fcrl\u00fc\u011f\u00fcne\" slogan\u0131yla 28 ilde 33 farkl\u0131 camide sabah namaz\u0131 ve dua program\u0131 d\u00fczenledi. \u0130l ve il\u00e7e m\u00fcft\u00fcl\u00fcklerinin deste\u011fiyle ger\u00e7ekle\u015ftirilen etkinlik, g\u00f6n\u00fcll\u00fc \u00f6\u011frenciler ve vatanda\u015flar\u0131n kat\u0131l\u0131m\u0131yla yap\u0131ld\u0131.","og_url":"https:\/\/tdv.org\/tr-TR\/ogrenciler-28-ilde-istanbulun-fethi-ve-ozgur-kudus-icin-sabah-namazinda-bulustu\/","og_site_name":"T\u00fcrkiye Diyanet Vakf\u0131 Resmi Web Sitesi","article_publisher":"https:\/\/www.facebook.com\/Diyanetvakfi\/","article_published_time":"2024-05-29T07:12:47+00:00","article_modified_time":"2024-05-29T07:17:50+00:00","og_image":[{"width":1152,"height":768,"url":"https:\/\/tdv.org\/tr-TR\/wp-content\/uploads\/2024\/05\/TDV-Yurtlar-Sabah-Namazi-3.jpg","type":"image\/jpeg"}],"author":"Selim","twitter_card":"summary_large_image","twitter_creator":"@DiyanetVakfi","twitter_site":"@DiyanetVakfi","schema":{"@context":"https:\/\/schema.org","@graph":[{"@type":"Article","@id":"https:\/\/tdv.org\/tr-TR\/ogrenciler-28-ilde-istanbulun-fethi-ve-ozgur-kudus-icin-sabah-namazinda-bulustu\/#article","isPartOf":{"@id":"https:\/\/tdv.org\/tr-TR\/ogrenciler-28-ilde-istanbulun-fethi-ve-ozgur-kudus-icin-sabah-namazinda-bulustu\/"},"author":{"name":"Selim","@id":"https:\/\/tdv.org\/tr-TR\/#\/schema\/person\/752b55e264a99273d55636516d96d5eb"},"headline":"\u00d6\u011frenciler, 28 ilde \u0130stanbul\u2019un fethi ve \u00f6zg\u00fcr Kud\u00fcs i\u00e7in sabah namaz\u0131nda bulu\u015ftu","datePublished":"2024-05-29T07:12:47+00:00","dateModified":"2024-05-29T07:17:50+00:00","mainEntityOfPage":{"@id":"https:\/\/tdv.org\/tr-TR\/ogrenciler-28-ilde-istanbulun-fethi-ve-ozgur-kudus-icin-sabah-namazinda-bulustu\/"},"wordCount":461,"publisher":{"@id":"https:\/\/tdv.org\/tr-TR\/#organization"},"image":{"@id":"https:\/\/tdv.org\/tr-TR\/ogrenciler-28-ilde-istanbulun-fethi-ve-ozgur-kudus-icin-sabah-namazinda-bulustu\/#primaryimage"},"thumbnailUrl":"https:\/\/tdv.org\/tr-TR\/wp-content\/uploads\/2024\/05\/TDV-Yurtlar-Sabah-Namazi-3.jpg","keywords":["filistin","Filistin \u0130\u00e7in S\u00f6z\u00fcm\u00fcz Var","TDV YURTLAR","T\u00fcrkiye Diyanet Vakf\u0131 \u00d6\u011frenci Yurtlar\u0131"],"articleSection":["Haberler"],"inLanguage":"tr"},{"@type":"WebPage","@id":"https:\/\/tdv.org\/tr-TR\/ogrenciler-28-ilde-istanbulun-fethi-ve-ozgur-kudus-icin-sabah-namazinda-bulustu\/","url":"https:\/\/tdv.org\/tr-TR\/ogrenciler-28-ilde-istanbulun-fethi-ve-ozgur-kudus-icin-sabah-namazinda-bulustu\/","name":"\u00d6\u011frenciler, 28 ilde \u0130stanbul\u2019un fethi ve \u00f6zg\u00fcr Kud\u00fcs i\u00e7in sabah namaz\u0131nda bulu\u015ftu","isPartOf":{"@id":"https:\/\/tdv.org\/tr-TR\/#website"},"primaryImageOfPage":{"@id":"https:\/\/tdv.org\/tr-TR\/ogrenciler-28-ilde-istanbulun-fethi-ve-ozgur-kudus-icin-sabah-namazinda-bulustu\/#primaryimage"},"image":{"@id":"https:\/\/tdv.org\/tr-TR\/ogrenciler-28-ilde-istanbulun-fethi-ve-ozgur-kudus-icin-sabah-namazinda-bulustu\/#primaryimage"},"thumbnailUrl":"https:\/\/tdv.org\/tr-TR\/wp-content\/uploads\/2024\/05\/TDV-Yurtlar-Sabah-Namazi-3.jpg","datePublished":"2024-05-29T07:12:47+00:00","dateModified":"2024-05-29T07:17:50+00:00","description":"T\u00fcrkiye Diyanet Vakf\u0131 Yurtlar\u0131, \"\u0130stanbul'un Fethinden Kud\u00fcs'\u00fcn \u00d6zg\u00fcrl\u00fc\u011f\u00fcne\" slogan\u0131yla 28 ilde 33 farkl\u0131 camide sabah namaz\u0131 ve dua program\u0131 d\u00fczenledi. \u0130l ve il\u00e7e m\u00fcft\u00fcl\u00fcklerinin deste\u011fiyle ger\u00e7ekle\u015ftirilen etkinlik, g\u00f6n\u00fcll\u00fc \u00f6\u011frenciler ve vatanda\u015flar\u0131n kat\u0131l\u0131m\u0131yla yap\u0131ld\u0131.","breadcrumb":{"@id":"https:\/\/tdv.org\/tr-TR\/ogrenciler-28-ilde-istanbulun-fethi-ve-ozgur-kudus-icin-sabah-namazinda-bulustu\/#breadcrumb"},"inLanguage":"tr","potentialAction":[{"@type":"ReadAction","target":["https:\/\/tdv.org\/tr-TR\/ogrenciler-28-ilde-istanbulun-fethi-ve-ozgur-kudus-icin-sabah-namazinda-bulustu\/"]}]},{"@type":"ImageObject","inLanguage":"tr","@id":"https:\/\/tdv.org\/tr-TR\/ogrenciler-28-ilde-istanbulun-fethi-ve-ozgur-kudus-icin-sabah-namazinda-bulustu\/#primaryimage","url":"https:\/\/tdv.org\/tr-TR\/wp-content\/uploads\/2024\/05\/TDV-Yurtlar-Sabah-Namazi-3.jpg","contentUrl":"https:\/\/tdv.org\/tr-TR\/wp-content\/uploads\/2024\/05\/TDV-Yurtlar-Sabah-Namazi-3.jpg","width":1152,"height":768},{"@type":"BreadcrumbList","@id":"https:\/\/tdv.org\/tr-TR\/ogrenciler-28-ilde-istanbulun-fethi-ve-ozgur-kudus-icin-sabah-namazinda-bulustu\/#breadcrumb","itemListElement":[{"@type":"ListItem","position":1,"name":"Anasayfa","item":"https:\/\/tdv.org\/tr-TR\/"},{"@type":"ListItem","position":2,"name":"\u00d6\u011frenciler, 28 ilde \u0130stanbul\u2019un fethi ve \u00f6zg\u00fcr Kud\u00fcs i\u00e7in sabah namaz\u0131nda bulu\u015ftu"}]},{"@type":"WebSite","@id":"https:\/\/tdv.org\/tr-TR\/#website","url":"https:\/\/tdv.org\/tr-TR\/","name":"T\u00fcrkiye Diyanet Vakf\u0131 Resmi Web Sitesi","description":"Yery\u00fcz\u00fcnde iyilik egemen oluncaya kadar","publisher":{"@id":"https:\/\/tdv.org\/tr-TR\/#organization"},"alternateName":"T\u00fcrkiye Diyanet Vakf\u0131","potentialAction":[{"@type":"SearchAction","target":{"@type":"EntryPoint","urlTemplate":"https:\/\/tdv.org\/tr-TR\/?s={search_term_string}"},"query-input":{"@type":"PropertyValueSpecification","valueRequired":true,"valueName":"search_term_string"}}],"inLanguage":"tr"},{"@type":"Organization","@id":"https:\/\/tdv.org\/tr-TR\/#organization","name":"T\u00fcrkiye Diyanet Vakf\u0131","alternateName":"T\u00fcrkiye Diyanet Vakf\u0131","url":"https:\/\/tdv.org\/tr-TR\/","logo":{"@type":"ImageObject","inLanguage":"tr","@id":"https:\/\/tdv.org\/tr-TR\/#\/schema\/logo\/image\/","url":"https:\/\/tdv.org\/tr-TR\/wp-content\/uploads\/2018\/12\/TDV_Logo_1.png","contentUrl":"https:\/\/tdv.org\/tr-TR\/wp-content\/uploads\/2018\/12\/TDV_Logo_1.png","width":207,"height":71,"caption":"T\u00fcrkiye Diyanet Vakf\u0131"},"image":{"@id":"https:\/\/tdv.org\/tr-TR\/#\/schema\/logo\/image\/"},"sameAs":["https:\/\/www.facebook.com\/Diyanetvakfi\/","https:\/\/x.com\/DiyanetVakfi","https:\/\/www.instagram.com\/turkiyediyanetvakfi\/","https:\/\/www.youtube.com\/user\/TurkiyeDiyanetVakfi"]},{"@type":"Person","@id":"https:\/\/tdv.org\/tr-TR\/#\/schema\/person\/752b55e264a99273d55636516d96d5eb","name":"Selim","image":{"@type":"ImageObject","inLanguage":"tr","@id":"https:\/\/tdv.org\/tr-TR\/wp-content\/litespeed\/avatar\/a1e47b25396e98e5b781e88a5396cd96.jpg?ver=1777287391","url":"https:\/\/tdv.org\/tr-TR\/wp-content\/litespeed\/avatar\/a1e47b25396e98e5b781e88a5396cd96.jpg?ver=1777287391","contentUrl":"https:\/\/tdv.org\/tr-TR\/wp-content\/litespeed\/avatar\/a1e47b25396e98e5b781e88a5396cd96.jpg?ver=1777287391","caption":"Selim"}}]}},"_links":{"self":[{"href":"https:\/\/tdv.org\/tr-TR\/wp-json\/wp\/v2\/posts\/40155","targetHints":{"allow":["GET"]}}],"collection":[{"href":"https:\/\/tdv.org\/tr-TR\/wp-json\/wp\/v2\/posts"}],"about":[{"href":"https:\/\/tdv.org\/tr-TR\/wp-json\/wp\/v2\/types\/post"}],"author":[{"embeddable":true,"href":"https:\/\/tdv.org\/tr-TR\/wp-json\/wp\/v2\/users\/8"}],"replies":[{"embeddable":true,"href":"https:\/\/tdv.org\/tr-TR\/wp-json\/wp\/v2\/comments?post=40155"}],"version-history":[{"count":5,"href":"https:\/\/tdv.org\/tr-TR\/wp-json\/wp\/v2\/posts\/40155\/revisions"}],"predecessor-version":[{"id":40173,"href":"https:\/\/tdv.org\/tr-TR\/wp-json\/wp\/v2\/posts\/40155\/revisions\/40173"}],"wp:featuredmedia":[{"embeddable":true,"href":"https:\/\/tdv.org\/tr-TR\/wp-json\/wp\/v2\/media\/40161"}],"wp:attachment":[{"href":"https:\/\/tdv.org\/tr-TR\/wp-json\/wp\/v2\/media?parent=40155"}],"wp:term":[{"taxonomy":"category","embeddable":true,"href":"https:\/\/tdv.org\/tr-TR\/wp-json\/wp\/v2\/categories?post=40155"},{"taxonomy":"post_tag","embeddable":true,"href":"https:\/\/tdv.org\/tr-TR\/wp-json\/wp\/v2\/tags?post=40155"}],"curies":[{"name":"wp","href":"https:\/\/api.w.org\/{rel}","templated":true}]}}