{"id":40795,"date":"2024-06-01T13:19:07","date_gmt":"2024-06-01T10:19:07","guid":{"rendered":"https:\/\/tdv.org\/tr-TR\/?p=40795"},"modified":"2024-06-01T13:20:28","modified_gmt":"2024-06-01T10:20:28","slug":"tdv-kurban-yardimlariyla-birlikte-ihtiyac-sahiplerine-kuran-i-kerim-de-ulastiracak-2","status":"publish","type":"post","link":"https:\/\/tdv.org\/tr-TR\/tdv-kurban-yardimlariyla-birlikte-ihtiyac-sahiplerine-kuran-i-kerim-de-ulastiracak-2\/","title":{"rendered":"TDV kurban yard\u0131mlar\u0131yla birlikte ihtiya\u00e7 sahiplerine Kur\u2019an-\u0131 Kerim de ula\u015ft\u0131racak"},"content":{"rendered":"<p style=\"text-align: justify;\"><a href=\"https:\/\/tdv.org\/tr-TR\" target=\"_blank\" rel=\"noopener\">T\u00fcrkiye Diyanet Vakf\u0131\u2019n\u0131n (TDV)<\/a> y\u00fcr\u00fctt\u00fc\u011f\u00fc <a href=\"https:\/\/bagis.tdv.org\/#kurban\" target=\"_blank\" rel=\"noopener\">\u201cBir Kurban Bir Kur\u2019an\u201d<\/a> projesi kapsam\u0131nda vekaletle kurban ba\u011f\u0131\u015f\u0131nda bulunacak hay\u0131rseverler, ihtiya\u00e7 sahiplerine<a href=\"https:\/\/bagis.tdv.org\/kuran\/hediyem-kur-an-olsun-13\" target=\"_blank\" rel=\"noopener\"> Kur\u2019an-\u0131 Kerim de hediye<\/a> edebilecek.<\/p>\n<p style=\"text-align: justify;\">Bu y\u0131lki kurban kesim organizasyonunda, 41 farkl\u0131 dilde bas\u0131lan Kur\u2019an-\u0131 Kerimler, TDV taraf\u0131ndan d\u00fcnyan\u0131n d\u00f6rt bir yan\u0131ndaki ihtiya\u00e7 sahiplerine ula\u015ft\u0131r\u0131lacak.<\/p>\n<p style=\"text-align: justify;\">Vakf\u0131n internet sitesinde <a href=\"https:\/\/bagis.tdv.org\/kuran\/hediyem-kur-an-olsun-13\" target=\"_blank\" rel=\"noopener\">&#8220;Hediyem Kur\u2019an Olsun&#8221;<\/a> kategorisi \u00fczerinden ya da cep telefonlar\u0131ndan \u201c<a href=\"https:\/\/bagis.tdv.org\/kuran\/hediyem-kur-an-olsun-13\" target=\"_blank\" rel=\"noopener\">KURAN<\/a>\u201d yaz\u0131p 4333\u2019e SMS g\u00f6ndererek 150 TL kar\u015f\u0131l\u0131\u011f\u0131nda <a href=\"https:\/\/bagis.tdv.org\/kuran\/hediyem-kur-an-olsun-13\" target=\"_blank\" rel=\"noopener\">Kur\u2019an-\u0131 Kerim ba\u011f\u0131\u015f\u0131<\/a> yap\u0131labilir.<\/p>\n<p style=\"text-align: justify;\"><a href=\"https:\/\/tdv.org\/tr-TR\/kurumsal\/izani-turan\/\" target=\"_blank\" rel=\"noopener\">T\u00fcrkiye Diyanet Vakf\u0131 Genel M\u00fcd\u00fcr\u00fc \u0130zani Turan<\/a>, <a href=\"https:\/\/bagis.tdv.org\/#kurban\" target=\"_blank\" rel=\"noopener\">\u201cBir Kurban Bir Kur\u2019an\u201d<\/a> projesiyle y\u0131llard\u0131r ihtiya\u00e7 sahiplerine umut olduklar\u0131n\u0131 belirtti. Turan, Diyanet \u0130\u015fleri Ba\u015fkanl\u0131\u011f\u0131 ile 1993&#8217;ten beri y\u00fcr\u00fct\u00fclen Vekaletle Kurban Kesim Organizasyonu\u2019yla ihtiya\u00e7 sahiplerine yard\u0131m ula\u015ft\u0131rmaya devam ettiklerini vurgulad\u0131.<\/p>\n<p style=\"text-align: justify;\">Turan, hay\u0131rseverlerin kurban emanetlerinin yan\u0131 s\u0131ra Kur\u2019an-\u0131 Kerim\u2019i de ihtiya\u00e7 sahiplerine ula\u015ft\u0131rd\u0131klar\u0131n\u0131 belirterek, \u201cKurban ibadetiyle birlikte Kur\u2019an-\u0131 Kerim\u2019in evrensel mesaj\u0131n\u0131 geni\u015f kitlelere ula\u015ft\u0131rmay\u0131 ve onu okuma \u00e7abalar\u0131n\u0131 desteklemeyi ama\u00e7l\u0131yoruz\u201d dedi.<\/p>\n<p style=\"text-align: justify;\">Turan, d\u00fcnyan\u0131n \u00e7e\u015fitli b\u00f6lgelerinde Kur\u2019an-\u0131 Kerim\u2019e ula\u015fmakta zorlanan insanlara da kurban emanetlerinin yan\u0131nda Kur\u2019an-\u0131 Kerim ula\u015ft\u0131racaklar\u0131n\u0131 s\u00f6yledi. \u201cBa\u015fta Afrika olmak \u00fczere bir\u00e7ok yerde insanlar Kur\u2019an-\u0131 Kerim&#8217;e ula\u015fam\u0131yor. \u00c7ocuklar ve yeti\u015fkinler, tahtalara yazd\u0131klar\u0131 ayetleri ezberlemeye \u00e7al\u0131\u015f\u0131yorlar. Bu vesileyle Kur\u2019an-\u0131 Kerim\u2019i Mushaf olarak onlara ula\u015ft\u0131raca\u011f\u0131z\u201d dedi.<\/p>\n<p style=\"text-align: justify;\">\u201c<a href=\"https:\/\/bagis.tdv.org\/kuran\/hediyem-kur-an-olsun-13\" target=\"_blank\" rel=\"noopener\">Hediyem Kur\u2019an Olsun&#8221;<\/a> projesi kapsam\u0131nda T\u00fcrkiye, Asya, Afrika, Balkanlar ve Ortado\u011fu&#8217;daki 96 \u00fclkeye toplam 1 milyon 835 bin 475 adet Kur\u2019an-\u0131 Kerim da\u011f\u0131t\u0131ld\u0131. 41 farkl\u0131 dilde bas\u0131lan Kur\u2019an-\u0131 Kerimlerin da\u011f\u0131t\u0131m\u0131 s\u00fcr\u00fcyor.<\/p>\n<p style=\"text-align: justify;\">Turan, <a href=\"https:\/\/bagis.tdv.org\/#kurban\" target=\"_blank\" rel=\"noopener\">\u201cBir Kurban Bir Kur\u2019an\u201d<\/a> kampanyas\u0131 \u00e7er\u00e7evesinde <a href=\"https:\/\/bagis.tdv.org\/kuran\/hediyem-kur-an-olsun-13\" target=\"_blank\" rel=\"noopener\">Kur\u2019an-\u0131 Kerim ba\u011f\u0131\u015f\u0131<\/a>n\u0131n nas\u0131l yap\u0131laca\u011f\u0131n\u0131 \u015fu \u015fekilde a\u00e7\u0131klad\u0131: \u201c<a href=\"https:\/\/bagis.tdv.org\/#kurban\" target=\"_blank\" rel=\"noopener\">Kurban vekaletini<\/a> vakf\u0131m\u0131za veren hay\u0131rseverler, <a href=\"https:\/\/bagis.tdv.org\/\" target=\"_blank\" rel=\"noopener\">web sitemiz<\/a> ve <a href=\"https:\/\/tdv.org\/tr-TR\/mobil-uygulamalarimiz\/\" target=\"_blank\" rel=\"noopener\">mobil uygulamam\u0131z<\/a> \u00fczerinden ba\u011f\u0131\u015f yaparken &#8216;Kurban\u0131n\u0131zla birlikte bir de Kur\u2019an hediye etmek ister misiniz?&#8217; kutucu\u011funu i\u015faretleyerek 150 TL ekleyip <a href=\"https:\/\/bagis.tdv.org\/kuran\/hediyem-kur-an-olsun-13\" target=\"_blank\" rel=\"noopener\">Kur\u2019an ba\u011f\u0131\u015f\u0131<\/a>nda bulunabilirler. Ayr\u0131ca, &#8216;<a href=\"https:\/\/bagis.tdv.org\/kuran\/hediyem-kur-an-olsun-13\" target=\"_blank\" rel=\"noopener\">KURAN<\/a>&#8216; yaz\u0131p 4333\u2019e SMS g\u00f6ndererek de ba\u011f\u0131\u015f yapabilirler.\u201d<\/p>\n\n\t\t<style type=\"text\/css\">\n\t\t\t#gallery-1 {\n\t\t\t\tmargin: auto;\n\t\t\t}\n\t\t\t#gallery-1 .gallery-item {\n\t\t\t\tfloat: left;\n\t\t\t\tmargin-top: 10px;\n\t\t\t\ttext-align: center;\n\t\t\t\twidth: 33%;\n\t\t\t}\n\t\t\t#gallery-1 img {\n\t\t\t\tborder: 2px solid #cfcfcf;\n\t\t\t}\n\t\t\t#gallery-1 .gallery-caption {\n\t\t\t\tmargin-left: 0;\n\t\t\t}\n\t\t\t\/* see gallery_shortcode() in wp-includes\/media.php *\/\n\t\t<\/style>\n\t\t<div id='gallery-1' class='gallery galleryid-40795 gallery-columns-3 gallery-size-full'><dl class='gallery-item'>\n\t\t\t<dt class='gallery-icon landscape'>\n\t\t\t\t<a href='https:\/\/tdv.org\/tr-TR\/wp-content\/uploads\/2024\/06\/TDV-Bir-Kurban-Bir-Kuran-2.jpg'><img decoding=\"async\" width=\"1153\" height=\"768\" src=\"https:\/\/tdv.org\/tr-TR\/wp-content\/uploads\/2024\/06\/TDV-Bir-Kurban-Bir-Kuran-2.jpg\" class=\"attachment-full size-full\" alt=\"\" srcset=\"https:\/\/tdv.org\/tr-TR\/wp-content\/uploads\/2024\/06\/TDV-Bir-Kurban-Bir-Kuran-2.jpg 1153w, https:\/\/tdv.org\/tr-TR\/wp-content\/uploads\/2024\/06\/TDV-Bir-Kurban-Bir-Kuran-2-300x200.jpg 300w, https:\/\/tdv.org\/tr-TR\/wp-content\/uploads\/2024\/06\/TDV-Bir-Kurban-Bir-Kuran-2-1024x682.jpg 1024w, https:\/\/tdv.org\/tr-TR\/wp-content\/uploads\/2024\/06\/TDV-Bir-Kurban-Bir-Kuran-2-768x512.jpg 768w, https:\/\/tdv.org\/tr-TR\/wp-content\/uploads\/2024\/06\/TDV-Bir-Kurban-Bir-Kuran-2-900x600.jpg 900w\" sizes=\"(max-width: 1153px) 100vw, 1153px\" \/><\/a>\n\t\t\t<\/dt><\/dl><dl class='gallery-item'>\n\t\t\t<dt class='gallery-icon landscape'>\n\t\t\t\t<a href='https:\/\/tdv.org\/tr-TR\/wp-content\/uploads\/2024\/06\/TDV-Bir-Kurban-Bir-Kuran-2.jpeg'><img decoding=\"async\" width=\"1153\" height=\"768\" src=\"https:\/\/tdv.org\/tr-TR\/wp-content\/uploads\/2024\/06\/TDV-Bir-Kurban-Bir-Kuran-2.jpeg\" class=\"attachment-full size-full\" alt=\"\" srcset=\"https:\/\/tdv.org\/tr-TR\/wp-content\/uploads\/2024\/06\/TDV-Bir-Kurban-Bir-Kuran-2.jpeg 1153w, https:\/\/tdv.org\/tr-TR\/wp-content\/uploads\/2024\/06\/TDV-Bir-Kurban-Bir-Kuran-2-300x200.jpeg 300w, https:\/\/tdv.org\/tr-TR\/wp-content\/uploads\/2024\/06\/TDV-Bir-Kurban-Bir-Kuran-2-1024x682.jpeg 1024w, https:\/\/tdv.org\/tr-TR\/wp-content\/uploads\/2024\/06\/TDV-Bir-Kurban-Bir-Kuran-2-768x512.jpeg 768w, https:\/\/tdv.org\/tr-TR\/wp-content\/uploads\/2024\/06\/TDV-Bir-Kurban-Bir-Kuran-2-900x600.jpeg 900w\" sizes=\"(max-width: 1153px) 100vw, 1153px\" \/><\/a>\n\t\t\t<\/dt><\/dl><dl class='gallery-item'>\n\t\t\t<dt class='gallery-icon landscape'>\n\t\t\t\t<a href='https:\/\/tdv.org\/tr-TR\/wp-content\/uploads\/2024\/06\/TDV-Bir-Kurban-Bir-Kuran-1.jpeg'><img decoding=\"async\" width=\"1152\" height=\"768\" src=\"https:\/\/tdv.org\/tr-TR\/wp-content\/uploads\/2024\/06\/TDV-Bir-Kurban-Bir-Kuran-1.jpeg\" class=\"attachment-full size-full\" alt=\"\" srcset=\"https:\/\/tdv.org\/tr-TR\/wp-content\/uploads\/2024\/06\/TDV-Bir-Kurban-Bir-Kuran-1.jpeg 1152w, https:\/\/tdv.org\/tr-TR\/wp-content\/uploads\/2024\/06\/TDV-Bir-Kurban-Bir-Kuran-1-300x200.jpeg 300w, https:\/\/tdv.org\/tr-TR\/wp-content\/uploads\/2024\/06\/TDV-Bir-Kurban-Bir-Kuran-1-1024x683.jpeg 1024w, https:\/\/tdv.org\/tr-TR\/wp-content\/uploads\/2024\/06\/TDV-Bir-Kurban-Bir-Kuran-1-768x512.jpeg 768w, https:\/\/tdv.org\/tr-TR\/wp-content\/uploads\/2024\/06\/TDV-Bir-Kurban-Bir-Kuran-1-900x600.jpeg 900w\" sizes=\"(max-width: 1152px) 100vw, 1152px\" \/><\/a>\n\t\t\t<\/dt><\/dl><br style=\"clear: both\" \/><dl class='gallery-item'>\n\t\t\t<dt class='gallery-icon landscape'>\n\t\t\t\t<a href='https:\/\/tdv.org\/tr-TR\/wp-content\/uploads\/2024\/06\/TDV-Bir-Kurban-Bir-Kuran-6.jpg'><img decoding=\"async\" width=\"1151\" height=\"768\" src=\"https:\/\/tdv.org\/tr-TR\/wp-content\/uploads\/2024\/06\/TDV-Bir-Kurban-Bir-Kuran-6.jpg\" class=\"attachment-full size-full\" alt=\"\" srcset=\"https:\/\/tdv.org\/tr-TR\/wp-content\/uploads\/2024\/06\/TDV-Bir-Kurban-Bir-Kuran-6.jpg 1151w, https:\/\/tdv.org\/tr-TR\/wp-content\/uploads\/2024\/06\/TDV-Bir-Kurban-Bir-Kuran-6-300x200.jpg 300w, https:\/\/tdv.org\/tr-TR\/wp-content\/uploads\/2024\/06\/TDV-Bir-Kurban-Bir-Kuran-6-1024x683.jpg 1024w, https:\/\/tdv.org\/tr-TR\/wp-content\/uploads\/2024\/06\/TDV-Bir-Kurban-Bir-Kuran-6-768x512.jpg 768w, https:\/\/tdv.org\/tr-TR\/wp-content\/uploads\/2024\/06\/TDV-Bir-Kurban-Bir-Kuran-6-900x600.jpg 900w\" sizes=\"(max-width: 1151px) 100vw, 1151px\" \/><\/a>\n\t\t\t<\/dt><\/dl><dl class='gallery-item'>\n\t\t\t<dt class='gallery-icon landscape'>\n\t\t\t\t<a href='https:\/\/tdv.org\/tr-TR\/wp-content\/uploads\/2024\/06\/TDV-Bir-Kurban-Bir-Kuran-1.jpg'><img decoding=\"async\" width=\"1152\" height=\"768\" src=\"https:\/\/tdv.org\/tr-TR\/wp-content\/uploads\/2024\/06\/TDV-Bir-Kurban-Bir-Kuran-1.jpg\" class=\"attachment-full size-full\" alt=\"\" srcset=\"https:\/\/tdv.org\/tr-TR\/wp-content\/uploads\/2024\/06\/TDV-Bir-Kurban-Bir-Kuran-1.jpg 1152w, https:\/\/tdv.org\/tr-TR\/wp-content\/uploads\/2024\/06\/TDV-Bir-Kurban-Bir-Kuran-1-300x200.jpg 300w, https:\/\/tdv.org\/tr-TR\/wp-content\/uploads\/2024\/06\/TDV-Bir-Kurban-Bir-Kuran-1-1024x683.jpg 1024w, https:\/\/tdv.org\/tr-TR\/wp-content\/uploads\/2024\/06\/TDV-Bir-Kurban-Bir-Kuran-1-768x512.jpg 768w, https:\/\/tdv.org\/tr-TR\/wp-content\/uploads\/2024\/06\/TDV-Bir-Kurban-Bir-Kuran-1-900x600.jpg 900w\" sizes=\"(max-width: 1152px) 100vw, 1152px\" \/><\/a>\n\t\t\t<\/dt><\/dl><dl class='gallery-item'>\n\t\t\t<dt class='gallery-icon landscape'>\n\t\t\t\t<a href='https:\/\/tdv.org\/tr-TR\/wp-content\/uploads\/2024\/06\/TDV-Bir-Kurban-Bir-Kuran-8.jpg'><img decoding=\"async\" width=\"1152\" height=\"768\" src=\"https:\/\/tdv.org\/tr-TR\/wp-content\/uploads\/2024\/06\/TDV-Bir-Kurban-Bir-Kuran-8.jpg\" class=\"attachment-full size-full\" alt=\"\" srcset=\"https:\/\/tdv.org\/tr-TR\/wp-content\/uploads\/2024\/06\/TDV-Bir-Kurban-Bir-Kuran-8.jpg 1152w, https:\/\/tdv.org\/tr-TR\/wp-content\/uploads\/2024\/06\/TDV-Bir-Kurban-Bir-Kuran-8-300x200.jpg 300w, https:\/\/tdv.org\/tr-TR\/wp-content\/uploads\/2024\/06\/TDV-Bir-Kurban-Bir-Kuran-8-1024x683.jpg 1024w, https:\/\/tdv.org\/tr-TR\/wp-content\/uploads\/2024\/06\/TDV-Bir-Kurban-Bir-Kuran-8-768x512.jpg 768w, https:\/\/tdv.org\/tr-TR\/wp-content\/uploads\/2024\/06\/TDV-Bir-Kurban-Bir-Kuran-8-900x600.jpg 900w\" sizes=\"(max-width: 1152px) 100vw, 1152px\" \/><\/a>\n\t\t\t<\/dt><\/dl><br style=\"clear: both\" \/><dl class='gallery-item'>\n\t\t\t<dt class='gallery-icon landscape'>\n\t\t\t\t<a href='https:\/\/tdv.org\/tr-TR\/wp-content\/uploads\/2024\/06\/TDV-Bir-Kurban-Bir-Kuran-4.jpg'><img decoding=\"async\" width=\"1152\" height=\"768\" src=\"https:\/\/tdv.org\/tr-TR\/wp-content\/uploads\/2024\/06\/TDV-Bir-Kurban-Bir-Kuran-4.jpg\" class=\"attachment-full size-full\" alt=\"\" srcset=\"https:\/\/tdv.org\/tr-TR\/wp-content\/uploads\/2024\/06\/TDV-Bir-Kurban-Bir-Kuran-4.jpg 1152w, https:\/\/tdv.org\/tr-TR\/wp-content\/uploads\/2024\/06\/TDV-Bir-Kurban-Bir-Kuran-4-300x200.jpg 300w, https:\/\/tdv.org\/tr-TR\/wp-content\/uploads\/2024\/06\/TDV-Bir-Kurban-Bir-Kuran-4-1024x683.jpg 1024w, https:\/\/tdv.org\/tr-TR\/wp-content\/uploads\/2024\/06\/TDV-Bir-Kurban-Bir-Kuran-4-768x512.jpg 768w, https:\/\/tdv.org\/tr-TR\/wp-content\/uploads\/2024\/06\/TDV-Bir-Kurban-Bir-Kuran-4-900x600.jpg 900w\" sizes=\"(max-width: 1152px) 100vw, 1152px\" \/><\/a>\n\t\t\t<\/dt><\/dl><dl class='gallery-item'>\n\t\t\t<dt class='gallery-icon landscape'>\n\t\t\t\t<a href='https:\/\/tdv.org\/tr-TR\/wp-content\/uploads\/2024\/06\/TDV-Bir-Kurban-Bir-Kuran-3.jpg'><img decoding=\"async\" width=\"1152\" height=\"768\" src=\"https:\/\/tdv.org\/tr-TR\/wp-content\/uploads\/2024\/06\/TDV-Bir-Kurban-Bir-Kuran-3.jpg\" class=\"attachment-full size-full\" alt=\"\" srcset=\"https:\/\/tdv.org\/tr-TR\/wp-content\/uploads\/2024\/06\/TDV-Bir-Kurban-Bir-Kuran-3.jpg 1152w, https:\/\/tdv.org\/tr-TR\/wp-content\/uploads\/2024\/06\/TDV-Bir-Kurban-Bir-Kuran-3-300x200.jpg 300w, https:\/\/tdv.org\/tr-TR\/wp-content\/uploads\/2024\/06\/TDV-Bir-Kurban-Bir-Kuran-3-1024x683.jpg 1024w, https:\/\/tdv.org\/tr-TR\/wp-content\/uploads\/2024\/06\/TDV-Bir-Kurban-Bir-Kuran-3-768x512.jpg 768w, https:\/\/tdv.org\/tr-TR\/wp-content\/uploads\/2024\/06\/TDV-Bir-Kurban-Bir-Kuran-3-900x600.jpg 900w\" sizes=\"(max-width: 1152px) 100vw, 1152px\" \/><\/a>\n\t\t\t<\/dt><\/dl><dl class='gallery-item'>\n\t\t\t<dt class='gallery-icon landscape'>\n\t\t\t\t<a href='https:\/\/tdv.org\/tr-TR\/wp-content\/uploads\/2024\/06\/TDV-Bir-Kurban-Bir-Kuran-7.jpg'><img decoding=\"async\" width=\"1151\" height=\"768\" src=\"https:\/\/tdv.org\/tr-TR\/wp-content\/uploads\/2024\/06\/TDV-Bir-Kurban-Bir-Kuran-7.jpg\" class=\"attachment-full size-full\" alt=\"\" srcset=\"https:\/\/tdv.org\/tr-TR\/wp-content\/uploads\/2024\/06\/TDV-Bir-Kurban-Bir-Kuran-7.jpg 1151w, https:\/\/tdv.org\/tr-TR\/wp-content\/uploads\/2024\/06\/TDV-Bir-Kurban-Bir-Kuran-7-300x200.jpg 300w, https:\/\/tdv.org\/tr-TR\/wp-content\/uploads\/2024\/06\/TDV-Bir-Kurban-Bir-Kuran-7-1024x683.jpg 1024w, https:\/\/tdv.org\/tr-TR\/wp-content\/uploads\/2024\/06\/TDV-Bir-Kurban-Bir-Kuran-7-768x512.jpg 768w, https:\/\/tdv.org\/tr-TR\/wp-content\/uploads\/2024\/06\/TDV-Bir-Kurban-Bir-Kuran-7-900x600.jpg 900w\" sizes=\"(max-width: 1151px) 100vw, 1151px\" \/><\/a>\n\t\t\t<\/dt><\/dl><br style=\"clear: both\" \/><dl class='gallery-item'>\n\t\t\t<dt class='gallery-icon landscape'>\n\t\t\t\t<a href='https:\/\/tdv.org\/tr-TR\/wp-content\/uploads\/2024\/06\/TDV-Bir-Kurban-Bir-Kuran-5.jpg'><img decoding=\"async\" width=\"1152\" height=\"768\" src=\"https:\/\/tdv.org\/tr-TR\/wp-content\/uploads\/2024\/06\/TDV-Bir-Kurban-Bir-Kuran-5.jpg\" class=\"attachment-full size-full\" alt=\"\" srcset=\"https:\/\/tdv.org\/tr-TR\/wp-content\/uploads\/2024\/06\/TDV-Bir-Kurban-Bir-Kuran-5.jpg 1152w, https:\/\/tdv.org\/tr-TR\/wp-content\/uploads\/2024\/06\/TDV-Bir-Kurban-Bir-Kuran-5-300x200.jpg 300w, https:\/\/tdv.org\/tr-TR\/wp-content\/uploads\/2024\/06\/TDV-Bir-Kurban-Bir-Kuran-5-1024x683.jpg 1024w, https:\/\/tdv.org\/tr-TR\/wp-content\/uploads\/2024\/06\/TDV-Bir-Kurban-Bir-Kuran-5-768x512.jpg 768w, https:\/\/tdv.org\/tr-TR\/wp-content\/uploads\/2024\/06\/TDV-Bir-Kurban-Bir-Kuran-5-900x600.jpg 900w\" sizes=\"(max-width: 1152px) 100vw, 1152px\" \/><\/a>\n\t\t\t<\/dt><\/dl>\n\t\t\t<br style='clear: both' \/>\n\t\t<\/div>\n\n","protected":false},"excerpt":{"rendered":"<p>T\u00fcrkiye Diyanet Vakf\u0131\u2019n\u0131n (TDV) y\u00fcr\u00fctt\u00fc\u011f\u00fc \u201cBir Kurban Bir Kur\u2019an\u201d projesi kapsam\u0131nda vekaletle kurban ba\u011f\u0131\u015f\u0131nda bulunacak hay\u0131rseverler, ihtiya\u00e7 sahiplerine Kur\u2019an-\u0131 Kerim de hediye edebilecek. Bu y\u0131lki kurban kesim organizasyonunda, 41 farkl\u0131&#8230;<\/p>\n","protected":false},"author":8,"featured_media":40802,"comment_status":"closed","ping_status":"closed","sticky":false,"template":"","format":"standard","meta":{"footnotes":""},"categories":[1],"tags":[2291,2207,2191,116,1055],"class_list":{"0":"post-40795","1":"post","2":"type-post","3":"status-publish","4":"format-standard","5":"has-post-thumbnail","7":"category-haberler","8":"tag-bir-kurban-bir-kuran","9":"tag-dersimi-seciyorum-kuranimi-aliyorum","10":"tag-hediye-kuran","11":"tag-hediyem-kuran-olsun","12":"tag-kurani-kerim"},"yoast_head":"<!-- This site is optimized with the Yoast SEO plugin v27.5 - https:\/\/yoast.com\/product\/yoast-seo-wordpress\/ -->\n<title>TDV kurban yard\u0131mlar\u0131yla birlikte ihtiya\u00e7 sahiplerine Kur\u2019an-\u0131 Kerim de ula\u015ft\u0131racak<\/title>\n<meta name=\"description\" content=\"T\u00fcrkiye Diyanet Vakf\u0131\u2019n\u0131n (TDV) y\u00fcr\u00fctt\u00fc\u011f\u00fc \u201cBir Kurban Bir Kur\u2019an\u201d projesi kapsam\u0131nda vekaletle kurban ba\u011f\u0131\u015f\u0131nda bulunacak hay\u0131rseverler, ihtiya\u00e7 sahiplerine Kur\u2019an-\u0131 Kerim de hediye edebilecek.\" \/>\n<meta name=\"robots\" content=\"index, follow, max-snippet:-1, max-image-preview:large, max-video-preview:-1\" \/>\n<link rel=\"canonical\" href=\"https:\/\/tdv.org\/tr-TR\/tdv-kurban-yardimlariyla-birlikte-ihtiyac-sahiplerine-kuran-i-kerim-de-ulastiracak-2\/\" \/>\n<meta property=\"og:locale\" content=\"tr_TR\" \/>\n<meta property=\"og:type\" content=\"article\" \/>\n<meta property=\"og:title\" content=\"TDV kurban yard\u0131mlar\u0131yla birlikte ihtiya\u00e7 sahiplerine Kur\u2019an-\u0131 Kerim de ula\u015ft\u0131racak\" \/>\n<meta property=\"og:description\" content=\"T\u00fcrkiye Diyanet Vakf\u0131\u2019n\u0131n (TDV) y\u00fcr\u00fctt\u00fc\u011f\u00fc \u201cBir Kurban Bir Kur\u2019an\u201d projesi kapsam\u0131nda vekaletle kurban ba\u011f\u0131\u015f\u0131nda bulunacak hay\u0131rseverler, ihtiya\u00e7 sahiplerine Kur\u2019an-\u0131 Kerim de hediye edebilecek.\" \/>\n<meta property=\"og:url\" content=\"https:\/\/tdv.org\/tr-TR\/tdv-kurban-yardimlariyla-birlikte-ihtiyac-sahiplerine-kuran-i-kerim-de-ulastiracak-2\/\" \/>\n<meta property=\"og:site_name\" content=\"T\u00fcrkiye Diyanet Vakf\u0131 Resmi Web Sitesi\" \/>\n<meta property=\"article:publisher\" content=\"https:\/\/www.facebook.com\/Diyanetvakfi\/\" \/>\n<meta property=\"article:published_time\" content=\"2024-06-01T10:19:07+00:00\" \/>\n<meta property=\"article:modified_time\" content=\"2024-06-01T10:20:28+00:00\" \/>\n<meta property=\"og:image\" content=\"https:\/\/tdv.org\/tr-TR\/wp-content\/uploads\/2024\/06\/TDV-Bir-Kurban-Bir-Kuran-5.jpg\" \/>\n\t<meta property=\"og:image:width\" content=\"1152\" \/>\n\t<meta property=\"og:image:height\" content=\"768\" \/>\n\t<meta property=\"og:image:type\" content=\"image\/jpeg\" \/>\n<meta name=\"author\" content=\"Selim\" \/>\n<meta name=\"twitter:card\" content=\"summary_large_image\" \/>\n<meta name=\"twitter:creator\" content=\"@DiyanetVakfi\" \/>\n<meta name=\"twitter:site\" content=\"@DiyanetVakfi\" \/>\n<script type=\"application\/ld+json\" class=\"yoast-schema-graph\">{\"@context\":\"https:\\\/\\\/schema.org\",\"@graph\":[{\"@type\":\"Article\",\"@id\":\"https:\\\/\\\/tdv.org\\\/tr-TR\\\/tdv-kurban-yardimlariyla-birlikte-ihtiyac-sahiplerine-kuran-i-kerim-de-ulastiracak-2\\\/#article\",\"isPartOf\":{\"@id\":\"https:\\\/\\\/tdv.org\\\/tr-TR\\\/tdv-kurban-yardimlariyla-birlikte-ihtiyac-sahiplerine-kuran-i-kerim-de-ulastiracak-2\\\/\"},\"author\":{\"name\":\"Selim\",\"@id\":\"https:\\\/\\\/tdv.org\\\/tr-TR\\\/#\\\/schema\\\/person\\\/752b55e264a99273d55636516d96d5eb\"},\"headline\":\"TDV kurban yard\u0131mlar\u0131yla birlikte ihtiya\u00e7 sahiplerine Kur\u2019an-\u0131 Kerim de ula\u015ft\u0131racak\",\"datePublished\":\"2024-06-01T10:19:07+00:00\",\"dateModified\":\"2024-06-01T10:20:28+00:00\",\"mainEntityOfPage\":{\"@id\":\"https:\\\/\\\/tdv.org\\\/tr-TR\\\/tdv-kurban-yardimlariyla-birlikte-ihtiyac-sahiplerine-kuran-i-kerim-de-ulastiracak-2\\\/\"},\"wordCount\":401,\"publisher\":{\"@id\":\"https:\\\/\\\/tdv.org\\\/tr-TR\\\/#organization\"},\"image\":{\"@id\":\"https:\\\/\\\/tdv.org\\\/tr-TR\\\/tdv-kurban-yardimlariyla-birlikte-ihtiyac-sahiplerine-kuran-i-kerim-de-ulastiracak-2\\\/#primaryimage\"},\"thumbnailUrl\":\"https:\\\/\\\/tdv.org\\\/tr-TR\\\/wp-content\\\/uploads\\\/2024\\\/06\\\/TDV-Bir-Kurban-Bir-Kuran-5.jpg\",\"keywords\":[\"Bir Kurban Bir Kur\u2019an\",\"Dersimi Se\u00e7iyorum Kuran\u0131m\u0131 Al\u0131yorum\",\"Hediye Kuran\",\"Hediyem Kuran Olsun\",\"Kuran\u0131 Kerim\"],\"articleSection\":[\"Haberler\"],\"inLanguage\":\"tr\"},{\"@type\":\"WebPage\",\"@id\":\"https:\\\/\\\/tdv.org\\\/tr-TR\\\/tdv-kurban-yardimlariyla-birlikte-ihtiyac-sahiplerine-kuran-i-kerim-de-ulastiracak-2\\\/\",\"url\":\"https:\\\/\\\/tdv.org\\\/tr-TR\\\/tdv-kurban-yardimlariyla-birlikte-ihtiyac-sahiplerine-kuran-i-kerim-de-ulastiracak-2\\\/\",\"name\":\"TDV kurban yard\u0131mlar\u0131yla birlikte ihtiya\u00e7 sahiplerine Kur\u2019an-\u0131 Kerim de ula\u015ft\u0131racak\",\"isPartOf\":{\"@id\":\"https:\\\/\\\/tdv.org\\\/tr-TR\\\/#website\"},\"primaryImageOfPage\":{\"@id\":\"https:\\\/\\\/tdv.org\\\/tr-TR\\\/tdv-kurban-yardimlariyla-birlikte-ihtiyac-sahiplerine-kuran-i-kerim-de-ulastiracak-2\\\/#primaryimage\"},\"image\":{\"@id\":\"https:\\\/\\\/tdv.org\\\/tr-TR\\\/tdv-kurban-yardimlariyla-birlikte-ihtiyac-sahiplerine-kuran-i-kerim-de-ulastiracak-2\\\/#primaryimage\"},\"thumbnailUrl\":\"https:\\\/\\\/tdv.org\\\/tr-TR\\\/wp-content\\\/uploads\\\/2024\\\/06\\\/TDV-Bir-Kurban-Bir-Kuran-5.jpg\",\"datePublished\":\"2024-06-01T10:19:07+00:00\",\"dateModified\":\"2024-06-01T10:20:28+00:00\",\"description\":\"T\u00fcrkiye Diyanet Vakf\u0131\u2019n\u0131n (TDV) y\u00fcr\u00fctt\u00fc\u011f\u00fc \u201cBir Kurban Bir Kur\u2019an\u201d projesi kapsam\u0131nda vekaletle kurban ba\u011f\u0131\u015f\u0131nda bulunacak hay\u0131rseverler, ihtiya\u00e7 sahiplerine Kur\u2019an-\u0131 Kerim de hediye edebilecek.\",\"breadcrumb\":{\"@id\":\"https:\\\/\\\/tdv.org\\\/tr-TR\\\/tdv-kurban-yardimlariyla-birlikte-ihtiyac-sahiplerine-kuran-i-kerim-de-ulastiracak-2\\\/#breadcrumb\"},\"inLanguage\":\"tr\",\"potentialAction\":[{\"@type\":\"ReadAction\",\"target\":[\"https:\\\/\\\/tdv.org\\\/tr-TR\\\/tdv-kurban-yardimlariyla-birlikte-ihtiyac-sahiplerine-kuran-i-kerim-de-ulastiracak-2\\\/\"]}]},{\"@type\":\"ImageObject\",\"inLanguage\":\"tr\",\"@id\":\"https:\\\/\\\/tdv.org\\\/tr-TR\\\/tdv-kurban-yardimlariyla-birlikte-ihtiyac-sahiplerine-kuran-i-kerim-de-ulastiracak-2\\\/#primaryimage\",\"url\":\"https:\\\/\\\/tdv.org\\\/tr-TR\\\/wp-content\\\/uploads\\\/2024\\\/06\\\/TDV-Bir-Kurban-Bir-Kuran-5.jpg\",\"contentUrl\":\"https:\\\/\\\/tdv.org\\\/tr-TR\\\/wp-content\\\/uploads\\\/2024\\\/06\\\/TDV-Bir-Kurban-Bir-Kuran-5.jpg\",\"width\":1152,\"height\":768},{\"@type\":\"BreadcrumbList\",\"@id\":\"https:\\\/\\\/tdv.org\\\/tr-TR\\\/tdv-kurban-yardimlariyla-birlikte-ihtiyac-sahiplerine-kuran-i-kerim-de-ulastiracak-2\\\/#breadcrumb\",\"itemListElement\":[{\"@type\":\"ListItem\",\"position\":1,\"name\":\"Anasayfa\",\"item\":\"https:\\\/\\\/tdv.org\\\/tr-TR\\\/\"},{\"@type\":\"ListItem\",\"position\":2,\"name\":\"TDV kurban yard\u0131mlar\u0131yla birlikte ihtiya\u00e7 sahiplerine Kur\u2019an-\u0131 Kerim de ula\u015ft\u0131racak\"}]},{\"@type\":\"WebSite\",\"@id\":\"https:\\\/\\\/tdv.org\\\/tr-TR\\\/#website\",\"url\":\"https:\\\/\\\/tdv.org\\\/tr-TR\\\/\",\"name\":\"T\u00fcrkiye Diyanet Vakf\u0131 Resmi Web Sitesi\",\"description\":\"Yery\u00fcz\u00fcnde iyilik egemen oluncaya kadar\",\"publisher\":{\"@id\":\"https:\\\/\\\/tdv.org\\\/tr-TR\\\/#organization\"},\"alternateName\":\"T\u00fcrkiye Diyanet Vakf\u0131\",\"potentialAction\":[{\"@type\":\"SearchAction\",\"target\":{\"@type\":\"EntryPoint\",\"urlTemplate\":\"https:\\\/\\\/tdv.org\\\/tr-TR\\\/?s={search_term_string}\"},\"query-input\":{\"@type\":\"PropertyValueSpecification\",\"valueRequired\":true,\"valueName\":\"search_term_string\"}}],\"inLanguage\":\"tr\"},{\"@type\":\"Organization\",\"@id\":\"https:\\\/\\\/tdv.org\\\/tr-TR\\\/#organization\",\"name\":\"T\u00fcrkiye Diyanet Vakf\u0131\",\"alternateName\":\"T\u00fcrkiye Diyanet Vakf\u0131\",\"url\":\"https:\\\/\\\/tdv.org\\\/tr-TR\\\/\",\"logo\":{\"@type\":\"ImageObject\",\"inLanguage\":\"tr\",\"@id\":\"https:\\\/\\\/tdv.org\\\/tr-TR\\\/#\\\/schema\\\/logo\\\/image\\\/\",\"url\":\"https:\\\/\\\/tdv.org\\\/tr-TR\\\/wp-content\\\/uploads\\\/2018\\\/12\\\/TDV_Logo_1.png\",\"contentUrl\":\"https:\\\/\\\/tdv.org\\\/tr-TR\\\/wp-content\\\/uploads\\\/2018\\\/12\\\/TDV_Logo_1.png\",\"width\":207,\"height\":71,\"caption\":\"T\u00fcrkiye Diyanet Vakf\u0131\"},\"image\":{\"@id\":\"https:\\\/\\\/tdv.org\\\/tr-TR\\\/#\\\/schema\\\/logo\\\/image\\\/\"},\"sameAs\":[\"https:\\\/\\\/www.facebook.com\\\/Diyanetvakfi\\\/\",\"https:\\\/\\\/x.com\\\/DiyanetVakfi\",\"https:\\\/\\\/www.instagram.com\\\/turkiyediyanetvakfi\\\/\",\"https:\\\/\\\/www.youtube.com\\\/user\\\/TurkiyeDiyanetVakfi\"]},{\"@type\":\"Person\",\"@id\":\"https:\\\/\\\/tdv.org\\\/tr-TR\\\/#\\\/schema\\\/person\\\/752b55e264a99273d55636516d96d5eb\",\"name\":\"Selim\",\"image\":{\"@type\":\"ImageObject\",\"inLanguage\":\"tr\",\"@id\":\"https:\\\/\\\/tdv.org\\\/tr-TR\\\/wp-content\\\/litespeed\\\/avatar\\\/a1e47b25396e98e5b781e88a5396cd96.jpg?ver=1777287391\",\"url\":\"https:\\\/\\\/tdv.org\\\/tr-TR\\\/wp-content\\\/litespeed\\\/avatar\\\/a1e47b25396e98e5b781e88a5396cd96.jpg?ver=1777287391\",\"contentUrl\":\"https:\\\/\\\/tdv.org\\\/tr-TR\\\/wp-content\\\/litespeed\\\/avatar\\\/a1e47b25396e98e5b781e88a5396cd96.jpg?ver=1777287391\",\"caption\":\"Selim\"}}]}<\/script>\n<!-- \/ Yoast SEO plugin. -->","yoast_head_json":{"title":"TDV kurban yard\u0131mlar\u0131yla birlikte ihtiya\u00e7 sahiplerine Kur\u2019an-\u0131 Kerim de ula\u015ft\u0131racak","description":"T\u00fcrkiye Diyanet Vakf\u0131\u2019n\u0131n (TDV) y\u00fcr\u00fctt\u00fc\u011f\u00fc \u201cBir Kurban Bir Kur\u2019an\u201d projesi kapsam\u0131nda vekaletle kurban ba\u011f\u0131\u015f\u0131nda bulunacak hay\u0131rseverler, ihtiya\u00e7 sahiplerine Kur\u2019an-\u0131 Kerim de hediye edebilecek.","robots":{"index":"index","follow":"follow","max-snippet":"max-snippet:-1","max-image-preview":"max-image-preview:large","max-video-preview":"max-video-preview:-1"},"canonical":"https:\/\/tdv.org\/tr-TR\/tdv-kurban-yardimlariyla-birlikte-ihtiyac-sahiplerine-kuran-i-kerim-de-ulastiracak-2\/","og_locale":"tr_TR","og_type":"article","og_title":"TDV kurban yard\u0131mlar\u0131yla birlikte ihtiya\u00e7 sahiplerine Kur\u2019an-\u0131 Kerim de ula\u015ft\u0131racak","og_description":"T\u00fcrkiye Diyanet Vakf\u0131\u2019n\u0131n (TDV) y\u00fcr\u00fctt\u00fc\u011f\u00fc \u201cBir Kurban Bir Kur\u2019an\u201d projesi kapsam\u0131nda vekaletle kurban ba\u011f\u0131\u015f\u0131nda bulunacak hay\u0131rseverler, ihtiya\u00e7 sahiplerine Kur\u2019an-\u0131 Kerim de hediye edebilecek.","og_url":"https:\/\/tdv.org\/tr-TR\/tdv-kurban-yardimlariyla-birlikte-ihtiyac-sahiplerine-kuran-i-kerim-de-ulastiracak-2\/","og_site_name":"T\u00fcrkiye Diyanet Vakf\u0131 Resmi Web Sitesi","article_publisher":"https:\/\/www.facebook.com\/Diyanetvakfi\/","article_published_time":"2024-06-01T10:19:07+00:00","article_modified_time":"2024-06-01T10:20:28+00:00","og_image":[{"width":1152,"height":768,"url":"https:\/\/tdv.org\/tr-TR\/wp-content\/uploads\/2024\/06\/TDV-Bir-Kurban-Bir-Kuran-5.jpg","type":"image\/jpeg"}],"author":"Selim","twitter_card":"summary_large_image","twitter_creator":"@DiyanetVakfi","twitter_site":"@DiyanetVakfi","schema":{"@context":"https:\/\/schema.org","@graph":[{"@type":"Article","@id":"https:\/\/tdv.org\/tr-TR\/tdv-kurban-yardimlariyla-birlikte-ihtiyac-sahiplerine-kuran-i-kerim-de-ulastiracak-2\/#article","isPartOf":{"@id":"https:\/\/tdv.org\/tr-TR\/tdv-kurban-yardimlariyla-birlikte-ihtiyac-sahiplerine-kuran-i-kerim-de-ulastiracak-2\/"},"author":{"name":"Selim","@id":"https:\/\/tdv.org\/tr-TR\/#\/schema\/person\/752b55e264a99273d55636516d96d5eb"},"headline":"TDV kurban yard\u0131mlar\u0131yla birlikte ihtiya\u00e7 sahiplerine Kur\u2019an-\u0131 Kerim de ula\u015ft\u0131racak","datePublished":"2024-06-01T10:19:07+00:00","dateModified":"2024-06-01T10:20:28+00:00","mainEntityOfPage":{"@id":"https:\/\/tdv.org\/tr-TR\/tdv-kurban-yardimlariyla-birlikte-ihtiyac-sahiplerine-kuran-i-kerim-de-ulastiracak-2\/"},"wordCount":401,"publisher":{"@id":"https:\/\/tdv.org\/tr-TR\/#organization"},"image":{"@id":"https:\/\/tdv.org\/tr-TR\/tdv-kurban-yardimlariyla-birlikte-ihtiyac-sahiplerine-kuran-i-kerim-de-ulastiracak-2\/#primaryimage"},"thumbnailUrl":"https:\/\/tdv.org\/tr-TR\/wp-content\/uploads\/2024\/06\/TDV-Bir-Kurban-Bir-Kuran-5.jpg","keywords":["Bir Kurban Bir Kur\u2019an","Dersimi Se\u00e7iyorum Kuran\u0131m\u0131 Al\u0131yorum","Hediye Kuran","Hediyem Kuran Olsun","Kuran\u0131 Kerim"],"articleSection":["Haberler"],"inLanguage":"tr"},{"@type":"WebPage","@id":"https:\/\/tdv.org\/tr-TR\/tdv-kurban-yardimlariyla-birlikte-ihtiyac-sahiplerine-kuran-i-kerim-de-ulastiracak-2\/","url":"https:\/\/tdv.org\/tr-TR\/tdv-kurban-yardimlariyla-birlikte-ihtiyac-sahiplerine-kuran-i-kerim-de-ulastiracak-2\/","name":"TDV kurban yard\u0131mlar\u0131yla birlikte ihtiya\u00e7 sahiplerine Kur\u2019an-\u0131 Kerim de ula\u015ft\u0131racak","isPartOf":{"@id":"https:\/\/tdv.org\/tr-TR\/#website"},"primaryImageOfPage":{"@id":"https:\/\/tdv.org\/tr-TR\/tdv-kurban-yardimlariyla-birlikte-ihtiyac-sahiplerine-kuran-i-kerim-de-ulastiracak-2\/#primaryimage"},"image":{"@id":"https:\/\/tdv.org\/tr-TR\/tdv-kurban-yardimlariyla-birlikte-ihtiyac-sahiplerine-kuran-i-kerim-de-ulastiracak-2\/#primaryimage"},"thumbnailUrl":"https:\/\/tdv.org\/tr-TR\/wp-content\/uploads\/2024\/06\/TDV-Bir-Kurban-Bir-Kuran-5.jpg","datePublished":"2024-06-01T10:19:07+00:00","dateModified":"2024-06-01T10:20:28+00:00","description":"T\u00fcrkiye Diyanet Vakf\u0131\u2019n\u0131n (TDV) y\u00fcr\u00fctt\u00fc\u011f\u00fc \u201cBir Kurban Bir Kur\u2019an\u201d projesi kapsam\u0131nda vekaletle kurban ba\u011f\u0131\u015f\u0131nda bulunacak hay\u0131rseverler, ihtiya\u00e7 sahiplerine Kur\u2019an-\u0131 Kerim de hediye edebilecek.","breadcrumb":{"@id":"https:\/\/tdv.org\/tr-TR\/tdv-kurban-yardimlariyla-birlikte-ihtiyac-sahiplerine-kuran-i-kerim-de-ulastiracak-2\/#breadcrumb"},"inLanguage":"tr","potentialAction":[{"@type":"ReadAction","target":["https:\/\/tdv.org\/tr-TR\/tdv-kurban-yardimlariyla-birlikte-ihtiyac-sahiplerine-kuran-i-kerim-de-ulastiracak-2\/"]}]},{"@type":"ImageObject","inLanguage":"tr","@id":"https:\/\/tdv.org\/tr-TR\/tdv-kurban-yardimlariyla-birlikte-ihtiyac-sahiplerine-kuran-i-kerim-de-ulastiracak-2\/#primaryimage","url":"https:\/\/tdv.org\/tr-TR\/wp-content\/uploads\/2024\/06\/TDV-Bir-Kurban-Bir-Kuran-5.jpg","contentUrl":"https:\/\/tdv.org\/tr-TR\/wp-content\/uploads\/2024\/06\/TDV-Bir-Kurban-Bir-Kuran-5.jpg","width":1152,"height":768},{"@type":"BreadcrumbList","@id":"https:\/\/tdv.org\/tr-TR\/tdv-kurban-yardimlariyla-birlikte-ihtiyac-sahiplerine-kuran-i-kerim-de-ulastiracak-2\/#breadcrumb","itemListElement":[{"@type":"ListItem","position":1,"name":"Anasayfa","item":"https:\/\/tdv.org\/tr-TR\/"},{"@type":"ListItem","position":2,"name":"TDV kurban yard\u0131mlar\u0131yla birlikte ihtiya\u00e7 sahiplerine Kur\u2019an-\u0131 Kerim de ula\u015ft\u0131racak"}]},{"@type":"WebSite","@id":"https:\/\/tdv.org\/tr-TR\/#website","url":"https:\/\/tdv.org\/tr-TR\/","name":"T\u00fcrkiye Diyanet Vakf\u0131 Resmi Web Sitesi","description":"Yery\u00fcz\u00fcnde iyilik egemen oluncaya kadar","publisher":{"@id":"https:\/\/tdv.org\/tr-TR\/#organization"},"alternateName":"T\u00fcrkiye Diyanet Vakf\u0131","potentialAction":[{"@type":"SearchAction","target":{"@type":"EntryPoint","urlTemplate":"https:\/\/tdv.org\/tr-TR\/?s={search_term_string}"},"query-input":{"@type":"PropertyValueSpecification","valueRequired":true,"valueName":"search_term_string"}}],"inLanguage":"tr"},{"@type":"Organization","@id":"https:\/\/tdv.org\/tr-TR\/#organization","name":"T\u00fcrkiye Diyanet Vakf\u0131","alternateName":"T\u00fcrkiye Diyanet Vakf\u0131","url":"https:\/\/tdv.org\/tr-TR\/","logo":{"@type":"ImageObject","inLanguage":"tr","@id":"https:\/\/tdv.org\/tr-TR\/#\/schema\/logo\/image\/","url":"https:\/\/tdv.org\/tr-TR\/wp-content\/uploads\/2018\/12\/TDV_Logo_1.png","contentUrl":"https:\/\/tdv.org\/tr-TR\/wp-content\/uploads\/2018\/12\/TDV_Logo_1.png","width":207,"height":71,"caption":"T\u00fcrkiye Diyanet Vakf\u0131"},"image":{"@id":"https:\/\/tdv.org\/tr-TR\/#\/schema\/logo\/image\/"},"sameAs":["https:\/\/www.facebook.com\/Diyanetvakfi\/","https:\/\/x.com\/DiyanetVakfi","https:\/\/www.instagram.com\/turkiyediyanetvakfi\/","https:\/\/www.youtube.com\/user\/TurkiyeDiyanetVakfi"]},{"@type":"Person","@id":"https:\/\/tdv.org\/tr-TR\/#\/schema\/person\/752b55e264a99273d55636516d96d5eb","name":"Selim","image":{"@type":"ImageObject","inLanguage":"tr","@id":"https:\/\/tdv.org\/tr-TR\/wp-content\/litespeed\/avatar\/a1e47b25396e98e5b781e88a5396cd96.jpg?ver=1777287391","url":"https:\/\/tdv.org\/tr-TR\/wp-content\/litespeed\/avatar\/a1e47b25396e98e5b781e88a5396cd96.jpg?ver=1777287391","contentUrl":"https:\/\/tdv.org\/tr-TR\/wp-content\/litespeed\/avatar\/a1e47b25396e98e5b781e88a5396cd96.jpg?ver=1777287391","caption":"Selim"}}]}},"_links":{"self":[{"href":"https:\/\/tdv.org\/tr-TR\/wp-json\/wp\/v2\/posts\/40795","targetHints":{"allow":["GET"]}}],"collection":[{"href":"https:\/\/tdv.org\/tr-TR\/wp-json\/wp\/v2\/posts"}],"about":[{"href":"https:\/\/tdv.org\/tr-TR\/wp-json\/wp\/v2\/types\/post"}],"author":[{"embeddable":true,"href":"https:\/\/tdv.org\/tr-TR\/wp-json\/wp\/v2\/users\/8"}],"replies":[{"embeddable":true,"href":"https:\/\/tdv.org\/tr-TR\/wp-json\/wp\/v2\/comments?post=40795"}],"version-history":[{"count":2,"href":"https:\/\/tdv.org\/tr-TR\/wp-json\/wp\/v2\/posts\/40795\/revisions"}],"predecessor-version":[{"id":40807,"href":"https:\/\/tdv.org\/tr-TR\/wp-json\/wp\/v2\/posts\/40795\/revisions\/40807"}],"wp:featuredmedia":[{"embeddable":true,"href":"https:\/\/tdv.org\/tr-TR\/wp-json\/wp\/v2\/media\/40802"}],"wp:attachment":[{"href":"https:\/\/tdv.org\/tr-TR\/wp-json\/wp\/v2\/media?parent=40795"}],"wp:term":[{"taxonomy":"category","embeddable":true,"href":"https:\/\/tdv.org\/tr-TR\/wp-json\/wp\/v2\/categories?post=40795"},{"taxonomy":"post_tag","embeddable":true,"href":"https:\/\/tdv.org\/tr-TR\/wp-json\/wp\/v2\/tags?post=40795"}],"curies":[{"name":"wp","href":"https:\/\/api.w.org\/{rel}","templated":true}]}}