{"id":42043,"date":"2024-06-11T11:01:23","date_gmt":"2024-06-11T08:01:23","guid":{"rendered":"https:\/\/tdv.org\/tr-TR\/?p=42043"},"modified":"2024-06-11T11:06:17","modified_gmt":"2024-06-11T08:06:17","slug":"turkiye-diyanet-vakfinin-2024-yili-vekaletle-kurban-programina-unlulerden-destek","status":"publish","type":"post","link":"https:\/\/tdv.org\/tr-TR\/turkiye-diyanet-vakfinin-2024-yili-vekaletle-kurban-programina-unlulerden-destek\/","title":{"rendered":"T\u00fcrkiye Diyanet Vakf\u0131\u2019n\u0131n 2024 y\u0131l\u0131 vekaletle kurban program\u0131na \u00fcnl\u00fclerden destek"},"content":{"rendered":"<p style=\"text-align: justify;\">\u00dcnl\u00fc isimler \u00e7ektikleri videolarla <a href=\"https:\/\/tdv.org\/tr-TR\" target=\"_blank\" rel=\"noopener\">T\u00fcrkiye Diyanet Vakf\u0131<\/a>\u2019n\u0131n<a href=\"https:\/\/bagis.tdv.org\/#kurban\" target=\"_blank\" rel=\"noopener\"> 2024 y\u0131l\u0131 vekaletle kurban kesim program\u0131na<\/a> destek vererek ihtiya\u00e7 sahiplerine ula\u015f\u0131lmas\u0131 i\u00e7in hay\u0131rseverlere \u00e7a\u011fr\u0131da bulundu.<\/p>\n<p style=\"text-align: justify;\"><a href=\"https:\/\/tdv.org\/tr-TR\" target=\"_blank\" rel=\"noopener\">T\u00fcrkiye Diyanet Vakf\u0131\u2019n\u0131n (TDV) <\/a><a href=\"https:\/\/bagis.tdv.org\/#kurban\" target=\"_blank\" rel=\"noopener\">2024 y\u0131l\u0131 vekaletle kurban kesim program\u0131na<\/a> \u00fcnl\u00fc isimlerden yo\u011fun destek geldi. \u00dcnl\u00fc isimler \u00e7ektikleri videolarla hay\u0131rseverlere \u00e7a\u011fr\u0131da bulunarak yap\u0131lacak kurban ba\u011f\u0131\u015f\u0131 ile ba\u015fta T\u00fcrkiye olmak \u00fczere d\u00fcnyan\u0131n d\u00f6rt bir yan\u0131ndaki ihtiya\u00e7 sahiplerine bu Kurban Bayram\u0131\u2019nda da ula\u015f\u0131laca\u011f\u0131n\u0131 vurgulad\u0131.<\/p>\n<p style=\"text-align: justify;\"><strong>\u201cG\u00f6n\u00fcl rahatl\u0131\u011f\u0131yla <a href=\"https:\/\/bagis.tdv.org\/#kurban\" target=\"_blank\" rel=\"noopener\">kurbanlar\u0131n\u0131z\u0131<\/a> emanet edebilirsiniz\u201d<\/strong><\/p>\n<p style=\"text-align: justify;\">Dizi oyuncusu Burak Haktan\u0131r, <a href=\"https:\/\/tdv.org\/tr-TR\" target=\"_blank\" rel=\"noopener\">T\u00fcrkiye Diyanet Vakf\u0131<\/a>\u2019n\u0131n <a href=\"https:\/\/bagis.tdv.org\/#kurban\" target=\"_blank\" rel=\"noopener\">kurban ba\u011f\u0131\u015flar\u0131n<\/a>\u0131 g\u00fcvenilir bir \u015fekilde ihtiya\u00e7 sahiplerine ula\u015ft\u0131rd\u0131\u011f\u0131n\u0131 vurgulayarak \u015funlar\u0131 aktard\u0131: &#8220;Vakf\u0131n g\u00f6n\u00fcll\u00fcs\u00fc olarak Gana\u2019daki <a href=\"https:\/\/bagis.tdv.org\/#kurban\" target=\"_blank\" rel=\"noopener\">kurban<\/a> da\u011f\u0131t\u0131m organizasyonuna kat\u0131lm\u0131\u015f ve emanetlerinizi oradaki ihtiya\u00e7 sahibi karde\u015flerimize ula\u015ft\u0131r\u0131ld\u0131\u011f\u0131na bizzat \u015fahitlik etmi\u015ftim. Bu y\u0131l da Vakf\u0131n g\u00f6n\u00fcll\u00fcs\u00fc olarak Endonezya\u2019da kurban da\u011f\u0131t\u0131m organizasyonuna kat\u0131laca\u011f\u0131m ve emanetlerinizin orada sa\u011fl\u0131kl\u0131 bir \u015fekilde da\u011f\u0131t\u0131lmas\u0131na hem katk\u0131da bulunaca\u011f\u0131m hem de \u015fahitlik edece\u011fim. Sizler de kurban ba\u011f\u0131\u015flar\u0131n\u0131z\u0131 g\u00f6n\u00fcl rahatl\u0131\u011f\u0131yla T\u00fcrkiye Diyanet Vakf\u0131\u2019na emanet edebilirsiniz.\u201d<\/p>\n<p style=\"text-align: justify;\"><strong>\u201cT\u00fcrkiye\u2019de ve 79 \u00fclkede iyilik seferberli\u011fi\u2026\u201d<\/strong><\/p>\n<p style=\"text-align: justify;\">Sanat\u00e7\u0131 Dursun Ali Erzincanl\u0131, T\u00fcrkiye Diyanet Vakf\u0131\u2019n\u0131n T\u00fcrkiye\u2019de ve 79 \u00fclkede hay\u0131rseverlerin <a href=\"https:\/\/bagis.tdv.org\/#kurban\" target=\"_blank\" rel=\"noopener\">kurban<\/a> emanetlerini ihtiya\u00e7 sahiplerine ula\u015ft\u0131rd\u0131\u011f\u0131n\u0131 belirterek \u015fu \u00e7a\u011fr\u0131y\u0131 yapt\u0131: \u201cT\u00fcrkiye\u2019den Filistin\u2019e; Afrika\u2019dan Asya\u2019ya d\u00fcnyan\u0131n d\u00f6rt bir yan\u0131na uzanan bu iyilik seferberli\u011fine siz de emanetlerinizle destek olabilirsiniz.\u00a0 Haydi sen de bu hay\u0131r seferberli\u011fine kat\u0131l.\u201d<\/p>\n<p style=\"text-align: justify;\"><strong>\u201cKurban\u0131n\u0131 payla\u015f karde\u015finle yak\u0131nla\u015f\u201d<\/strong><\/p>\n<p style=\"text-align: justify;\">Oyuncu Emre \u00dc\u00e7tepe, Vakf\u0131n g\u00f6n\u00fcll\u00fcs\u00fc olarak ge\u00e7en y\u0131l deprem b\u00f6lgesindeki <a href=\"https:\/\/bagis.tdv.org\/#kurban\" target=\"_blank\" rel=\"noopener\">kurban<\/a> da\u011f\u0131t\u0131mlar\u0131na kat\u0131ld\u0131\u011f\u0131n\u0131 hat\u0131rlatarak, &#8220;Bu sene de in\u015fallah Etiyopya\u2019da milletimizin emaneti olan kurbanlar\u0131 karde\u015flerimize ula\u015ft\u0131raca\u011f\u0131z. Haydi sen de bu iyilik hareketine kat\u0131l, kurban\u0131n\u0131 payla\u015f, karde\u015finle yak\u0131nla\u015f.&#8221; \u015feklinde konu\u015ftu.<\/p>\n<p style=\"text-align: justify;\"><strong>\u201cEn g\u00fcvenli \u015fekilde yerine ula\u015facak\u201d<\/strong><\/p>\n<p style=\"text-align: justify;\">Akademisyen ve Sanat\u00e7\u0131 Fatih Koca, T\u00fcrkiye Diyanet Vakf\u0131\u2019n\u0131n kurban ba\u011f\u0131\u015flar\u0131n\u0131 g\u00fcvenilir bir \u015fekilde canla ba\u015fla ihtiya\u00e7 sahiplerine ula\u015ft\u0131rd\u0131\u011f\u0131na dikkat \u00e7ekerek, &#8220;Ben de kurban\u0131m\u0131 T\u00fcrkiye Diyanet Vakf\u0131\u2019na ba\u011f\u0131\u015fl\u0131yorum. Sizler de ba\u011f\u0131\u015flarsan\u0131z en g\u00fcvenli \u015fekilde yerine ula\u015facakt\u0131r.&#8221; dedi.<\/p>\n<p style=\"text-align: justify;\"><strong>\u201cMilletimizin emanetlerini ula\u015ft\u0131rmak i\u00e7in yola \u00e7\u0131kaca\u011f\u0131z\u201d<\/strong><\/p>\n<p style=\"text-align: justify;\">Gazeteci Mehmet Ard\u0131\u00e7 ise haz\u0131rlad\u0131\u011f\u0131 videoda \u201cMilletimizin g\u00fcvenerek T\u00fcrkiye Diyanet Vakf\u0131\u2019na emanet etti\u011fi kurbanlar\u0131 ihtiya\u00e7 sahibi karde\u015flerimize ula\u015ft\u0131rmak bizim i\u00e7in b\u00fcy\u00fck bir sorumluluk ve gurur kayna\u011f\u0131. Ge\u00e7ti\u011fimiz y\u0131llarda yurt i\u00e7inde ve yurt d\u0131\u015f\u0131nda bir\u00e7ok faaliyette aktif olarak rol ald\u0131m. Bu y\u0131l ise Endonezya\u2019da milletimizin T\u00fcrkiye Diyanet Vakf\u0131\u2019na emanet etti\u011fi kurbanlar\u0131 ihtiya\u00e7 sahiplerine ula\u015ft\u0131rmak i\u00e7in yola \u00e7\u0131kaca\u011f\u0131z. Sen de bu karde\u015flik hareketine kat\u0131l ve bir kurban ba\u011f\u0131\u015f\u0131 yaparak destek ol.\u201d ifadelerini kulland\u0131.<\/p>\n<p style=\"text-align: justify;\"><strong>\u201cKurban\u0131m\u0131za ihtiyac\u0131 olan insanlar var\u201d<\/strong><\/p>\n<p style=\"text-align: justify;\">Sanat\u00e7\u0131 Murat Kekilli, yakla\u015fan Kurban Bayram\u0131 \u00f6ncesinde d\u00fcnyan\u0131n bir\u00e7ok yerinde kurbanlara ihtiya\u00e7 duyan insanlar oldu\u011funu hat\u0131rlatt\u0131 ve TDV\u2019nin bu konuda g\u00fcvenilir bir adres oldu\u011funu vurgulad\u0131. Kekilli, \u201cD\u00fcnyan\u0131n bir\u00e7ok b\u00f6lgesinde kurbanlar\u0131m\u0131za ihtiyac\u0131 olan insanlar var. T\u00fcrkiye Diyanet Vakf\u0131 da bu konuda arac\u0131lar\u0131m\u0131zdan bir tanesi. Canla ba\u015fla \u00e7al\u0131\u015fan insanlardan olu\u015fuyor. Kurbanlar\u0131n\u0131z\u0131 TDV\u2019ye ba\u011f\u0131\u015flayabilirsiniz.\u201d dedi.<\/p>\n<p style=\"text-align: justify;\"><strong>\u201cDualarla besmelelerle kesiliyor\u201d<\/strong><\/p>\n<p style=\"text-align: justify;\">Ses Sanat\u00e7\u0131s\u0131 Mustafa Cihat, Kurban Bayram\u0131\u2019na say\u0131l\u0131 g\u00fcnler kald\u0131\u011f\u0131n\u0131 hat\u0131rlatarak, \u201cT\u00fcrkiye Diyanet Vakf\u0131, her y\u0131l oldu\u011fu gibi T\u00fcrkiye\u2019de ve d\u00fcnyan\u0131n d\u00f6rt bir yan\u0131nda ihtiya\u00e7 sahibi karde\u015flerimiz i\u00e7in kurbanlar\u0131m\u0131z\u0131 bizim isimlerimizi anarak dualarla, besmelelerle kesiyor. Allah onlardan raz\u0131 olsun. Bu y\u0131l da in\u015fallah hep birlikte kurbanlar\u0131m\u0131z\u0131 verelim. \u015eimdiden bayram\u0131n\u0131z m\u00fcbarek olsun.\u201d \u0130fadelerini kulland\u0131.<\/p>\n<p style=\"text-align: justify;\"><strong>\u201cG\u00f6n\u00fcllerde yer edinebilirsiniz\u201d<\/strong><\/p>\n<p style=\"text-align: justify;\">Ses Sanat\u00e7\u0131s\u0131 ve oyuncu Necip Karakaya, TDV\u2019nin d\u00fcnya genelinde ihtiya\u00e7 sahiplerine kurban ba\u011f\u0131\u015flar\u0131n\u0131 ula\u015ft\u0131rma seferberli\u011fine destek \u00e7a\u011fr\u0131s\u0131nda bulundu ve \u201cKurbanlar\u0131n\u0131z\u0131 T\u00fcrkiye Diyanet Vakf\u0131\u2019na ba\u011f\u0131\u015flayarak ihtiya\u00e7 sahibi karde\u015flerimizin g\u00f6n\u00fcllerinde yer edinebilirsiniz\u201d dedi.<\/p>\n<p style=\"text-align: justify;\"><strong>\u201cEmanetlerinizin do\u011fru yere ula\u015fmas\u0131na \u015fahitlik ediyoruz\u201d<\/strong><\/p>\n<p style=\"text-align: justify;\">Rap sanat\u00e7\u0131s\u0131 Resul Aydemir, vakf\u0131n g\u00f6n\u00fcll\u00fcs\u00fc olarak son 7 y\u0131ld\u0131r T\u00fcrkiye\u2019de ve d\u00fcnya genelinde kurban emanetlerini ihtiya\u00e7 sahiplerine ula\u015ft\u0131rd\u0131\u011f\u0131n\u0131 belirterek \u015funlar\u0131 s\u00f6yledi: \u201cT\u00fcrkiye Diyanet Vakf\u0131 g\u00f6n\u00fcll\u00fcs\u00fc olarak Ramazan\u2019da, kurbanda sizlerin emanetlerini karde\u015flerimize g\u00f6t\u00fcr\u00fcyoruz. Emanetlerinizin do\u011fru yere ula\u015fmas\u0131na \u015fahitlik ediyoruz. Bu sene Burundi\u2019de Afrika\u2019n\u0131n g\u00f6be\u011finde sizlerin kurban emanetlerini karde\u015flerimize ula\u015ft\u0131rmaya \u00e7al\u0131\u015faca\u011f\u0131z. Sen de bu seferberli\u011fe kat\u0131l.\u201d<\/p>\n<p style=\"text-align: justify;\"><strong>\u201cKarde\u015flik seferberli\u011fine kat\u0131l\u201d<\/strong><\/p>\n<p style=\"text-align: justify;\">Milli g\u00fcre\u015f\u00e7i R\u0131za Kayaalp da vakf\u0131n insani yard\u0131m \u00e7al\u0131\u015fmalar\u0131na g\u00f6n\u00fcll\u00fc olarak kat\u0131ld\u0131\u011f\u0131n\u0131 belirterek, &#8220;Her y\u0131l oldu\u011fu gibi bu sene de T\u00fcrkiye Diyanet Vakf\u0131, ba\u015fta \u00fclkemiz ve Filistin olmak \u00fczere d\u00fcnyan\u0131n d\u00f6rt bir yan\u0131nda milletimizin kurban emanetini ihtiya\u00e7 sahiplerine ula\u015ft\u0131r\u0131yor. Haydi, sen de karde\u015flik seferberli\u011fine kat\u0131l, kurban\u0131n\u0131 payla\u015f karde\u015finle yak\u0131nla\u015f.&#8221; diye konu\u015ftu.<\/p>\n<p style=\"text-align: justify;\"><strong>TDV\u2019ye kurban vekaleti nas\u0131l verilebilir?<\/strong><\/p>\n<p style=\"text-align: justify;\">T\u00fcrkiye Diyanet Vakf\u0131 bu Kurban Bayram\u0131\u2019nda T\u00fcrkiye\u2019de ve 79 \u00fclkede vekaletle kurban kesmeyi planl\u0131yor. <a href=\"https:\/\/bagis.tdv.org\/#kurban\" target=\"_blank\" rel=\"noopener\">Kurbanlar\u0131n\u0131<\/a> TDV arac\u0131l\u0131\u011f\u0131yla kestirmek isteyenler <a href=\"https:\/\/tdv.org\/tr-TR\" target=\"_blank\" rel=\"noopener\">www.tdv.org<\/a> ve <a href=\"https:\/\/bagis.tdv.org\/\" target=\"_blank\" rel=\"noopener\">bagis.tdv.org<\/a> web adreslerinden, <a href=\"https:\/\/tdv.org\/tr-TR\/mobil-uygulamalarimiz\/\" target=\"_blank\" rel=\"noopener\">Android ve Apple store ma\u011fazalar\u0131ndan indirilebilen mobil ba\u011f\u0131\u015f uygulamas\u0131ndan<\/a> <a href=\"https:\/\/bagis.tdv.org\/#kurban\" target=\"_blank\" rel=\"noopener\">kurban vekaletlerini<\/a> verebilecekleri gibi il ve il\u00e7e m\u00fcft\u00fcl\u00fckleri, <a href=\"https:\/\/tdv.org\/tr-TR\/subeler\/\" target=\"_blank\" rel=\"noopener\">TDV \u015fubeleri<\/a>, din g\u00f6revlileri, t\u00fcm PTT \u015fubeleri ve bankalar arac\u0131l\u0131\u011f\u0131yla da <a href=\"https:\/\/bagis.tdv.org\/#kurban\" target=\"_blank\" rel=\"noopener\">T\u00fcrkiye Diyanet Vakf\u0131 kurban program\u0131na<\/a> kat\u0131l\u0131m sa\u011flayabilirler. Yurt d\u0131\u015f\u0131nda ya\u015fayanlar ise din hizmetleri m\u00fc\u015favirlikleri, ata\u015felikler, koordinat\u00f6rl\u00fckler ve bu \u00fclkelerdeki cami dernekleri ile din g\u00f6revlileri vas\u0131tas\u0131yla kurban vekaletlerini verebilirler.<\/p>\n\n\t\t<style type=\"text\/css\">\n\t\t\t#gallery-1 {\n\t\t\t\tmargin: auto;\n\t\t\t}\n\t\t\t#gallery-1 .gallery-item {\n\t\t\t\tfloat: left;\n\t\t\t\tmargin-top: 10px;\n\t\t\t\ttext-align: center;\n\t\t\t\twidth: 33%;\n\t\t\t}\n\t\t\t#gallery-1 img {\n\t\t\t\tborder: 2px solid #cfcfcf;\n\t\t\t}\n\t\t\t#gallery-1 .gallery-caption {\n\t\t\t\tmargin-left: 0;\n\t\t\t}\n\t\t\t\/* see gallery_shortcode() in wp-includes\/media.php *\/\n\t\t<\/style>\n\t\t<div id='gallery-1' class='gallery galleryid-42043 gallery-columns-3 gallery-size-full'><dl class='gallery-item'>\n\t\t\t<dt class='gallery-icon landscape'>\n\t\t\t\t<a href='https:\/\/tdv.org\/tr-TR\/wp-content\/uploads\/2024\/06\/MuratKekilli.jpg'><img decoding=\"async\" width=\"1134\" height=\"768\" src=\"https:\/\/tdv.org\/tr-TR\/wp-content\/uploads\/2024\/06\/MuratKekilli.jpg\" class=\"attachment-full size-full\" alt=\"\" srcset=\"https:\/\/tdv.org\/tr-TR\/wp-content\/uploads\/2024\/06\/MuratKekilli.jpg 1134w, https:\/\/tdv.org\/tr-TR\/wp-content\/uploads\/2024\/06\/MuratKekilli-300x203.jpg 300w, https:\/\/tdv.org\/tr-TR\/wp-content\/uploads\/2024\/06\/MuratKekilli-1024x694.jpg 1024w, https:\/\/tdv.org\/tr-TR\/wp-content\/uploads\/2024\/06\/MuratKekilli-768x520.jpg 768w\" sizes=\"(max-width: 1134px) 100vw, 1134px\" \/><\/a>\n\t\t\t<\/dt><\/dl><dl class='gallery-item'>\n\t\t\t<dt class='gallery-icon landscape'>\n\t\t\t\t<a href='https:\/\/tdv.org\/tr-TR\/wp-content\/uploads\/2024\/06\/RizaKayalap.jpg'><img decoding=\"async\" width=\"1152\" height=\"768\" src=\"https:\/\/tdv.org\/tr-TR\/wp-content\/uploads\/2024\/06\/RizaKayalap.jpg\" class=\"attachment-full size-full\" alt=\"\" srcset=\"https:\/\/tdv.org\/tr-TR\/wp-content\/uploads\/2024\/06\/RizaKayalap.jpg 1152w, https:\/\/tdv.org\/tr-TR\/wp-content\/uploads\/2024\/06\/RizaKayalap-300x200.jpg 300w, https:\/\/tdv.org\/tr-TR\/wp-content\/uploads\/2024\/06\/RizaKayalap-1024x683.jpg 1024w, https:\/\/tdv.org\/tr-TR\/wp-content\/uploads\/2024\/06\/RizaKayalap-768x512.jpg 768w, https:\/\/tdv.org\/tr-TR\/wp-content\/uploads\/2024\/06\/RizaKayalap-900x600.jpg 900w\" sizes=\"(max-width: 1152px) 100vw, 1152px\" \/><\/a>\n\t\t\t<\/dt><\/dl><dl class='gallery-item'>\n\t\t\t<dt class='gallery-icon landscape'>\n\t\t\t\t<a href='https:\/\/tdv.org\/tr-TR\/wp-content\/uploads\/2024\/06\/BurakHaktanir.jpg'><img decoding=\"async\" width=\"1153\" height=\"768\" src=\"https:\/\/tdv.org\/tr-TR\/wp-content\/uploads\/2024\/06\/BurakHaktanir.jpg\" class=\"attachment-full size-full\" alt=\"\" srcset=\"https:\/\/tdv.org\/tr-TR\/wp-content\/uploads\/2024\/06\/BurakHaktanir.jpg 1153w, https:\/\/tdv.org\/tr-TR\/wp-content\/uploads\/2024\/06\/BurakHaktanir-300x200.jpg 300w, https:\/\/tdv.org\/tr-TR\/wp-content\/uploads\/2024\/06\/BurakHaktanir-1024x682.jpg 1024w, https:\/\/tdv.org\/tr-TR\/wp-content\/uploads\/2024\/06\/BurakHaktanir-768x512.jpg 768w, https:\/\/tdv.org\/tr-TR\/wp-content\/uploads\/2024\/06\/BurakHaktanir-900x600.jpg 900w\" sizes=\"(max-width: 1153px) 100vw, 1153px\" \/><\/a>\n\t\t\t<\/dt><\/dl><br style=\"clear: both\" \/><dl class='gallery-item'>\n\t\t\t<dt class='gallery-icon landscape'>\n\t\t\t\t<a href='https:\/\/tdv.org\/tr-TR\/wp-content\/uploads\/2024\/06\/ResulAydemir.jpg'><img decoding=\"async\" width=\"1151\" height=\"768\" src=\"https:\/\/tdv.org\/tr-TR\/wp-content\/uploads\/2024\/06\/ResulAydemir.jpg\" class=\"attachment-full size-full\" alt=\"\" srcset=\"https:\/\/tdv.org\/tr-TR\/wp-content\/uploads\/2024\/06\/ResulAydemir.jpg 1151w, https:\/\/tdv.org\/tr-TR\/wp-content\/uploads\/2024\/06\/ResulAydemir-300x200.jpg 300w, https:\/\/tdv.org\/tr-TR\/wp-content\/uploads\/2024\/06\/ResulAydemir-1024x683.jpg 1024w, https:\/\/tdv.org\/tr-TR\/wp-content\/uploads\/2024\/06\/ResulAydemir-768x512.jpg 768w, https:\/\/tdv.org\/tr-TR\/wp-content\/uploads\/2024\/06\/ResulAydemir-900x600.jpg 900w\" sizes=\"(max-width: 1151px) 100vw, 1151px\" \/><\/a>\n\t\t\t<\/dt><\/dl><dl class='gallery-item'>\n\t\t\t<dt class='gallery-icon landscape'>\n\t\t\t\t<a href='https:\/\/tdv.org\/tr-TR\/wp-content\/uploads\/2024\/06\/EmreUctepe.jpeg'><img decoding=\"async\" width=\"1150\" height=\"768\" src=\"https:\/\/tdv.org\/tr-TR\/wp-content\/uploads\/2024\/06\/EmreUctepe.jpeg\" class=\"attachment-full size-full\" alt=\"\" srcset=\"https:\/\/tdv.org\/tr-TR\/wp-content\/uploads\/2024\/06\/EmreUctepe.jpeg 1150w, https:\/\/tdv.org\/tr-TR\/wp-content\/uploads\/2024\/06\/EmreUctepe-300x200.jpeg 300w, https:\/\/tdv.org\/tr-TR\/wp-content\/uploads\/2024\/06\/EmreUctepe-1024x684.jpeg 1024w, https:\/\/tdv.org\/tr-TR\/wp-content\/uploads\/2024\/06\/EmreUctepe-768x513.jpeg 768w, https:\/\/tdv.org\/tr-TR\/wp-content\/uploads\/2024\/06\/EmreUctepe-900x600.jpeg 900w\" sizes=\"(max-width: 1150px) 100vw, 1150px\" \/><\/a>\n\t\t\t<\/dt><\/dl><dl class='gallery-item'>\n\t\t\t<dt class='gallery-icon landscape'>\n\t\t\t\t<a href='https:\/\/tdv.org\/tr-TR\/wp-content\/uploads\/2024\/06\/NecipKarakaya.jpg'><img decoding=\"async\" width=\"1152\" height=\"768\" src=\"https:\/\/tdv.org\/tr-TR\/wp-content\/uploads\/2024\/06\/NecipKarakaya.jpg\" class=\"attachment-full size-full\" alt=\"\" srcset=\"https:\/\/tdv.org\/tr-TR\/wp-content\/uploads\/2024\/06\/NecipKarakaya.jpg 1152w, https:\/\/tdv.org\/tr-TR\/wp-content\/uploads\/2024\/06\/NecipKarakaya-300x200.jpg 300w, https:\/\/tdv.org\/tr-TR\/wp-content\/uploads\/2024\/06\/NecipKarakaya-1024x683.jpg 1024w, https:\/\/tdv.org\/tr-TR\/wp-content\/uploads\/2024\/06\/NecipKarakaya-768x512.jpg 768w, https:\/\/tdv.org\/tr-TR\/wp-content\/uploads\/2024\/06\/NecipKarakaya-900x600.jpg 900w\" sizes=\"(max-width: 1152px) 100vw, 1152px\" \/><\/a>\n\t\t\t<\/dt><\/dl><br style=\"clear: both\" \/><dl class='gallery-item'>\n\t\t\t<dt class='gallery-icon landscape'>\n\t\t\t\t<a href='https:\/\/tdv.org\/tr-TR\/wp-content\/uploads\/2024\/06\/MehmetArdic.jpg'><img decoding=\"async\" width=\"1152\" height=\"768\" src=\"https:\/\/tdv.org\/tr-TR\/wp-content\/uploads\/2024\/06\/MehmetArdic.jpg\" class=\"attachment-full size-full\" alt=\"\" srcset=\"https:\/\/tdv.org\/tr-TR\/wp-content\/uploads\/2024\/06\/MehmetArdic.jpg 1152w, https:\/\/tdv.org\/tr-TR\/wp-content\/uploads\/2024\/06\/MehmetArdic-300x200.jpg 300w, https:\/\/tdv.org\/tr-TR\/wp-content\/uploads\/2024\/06\/MehmetArdic-1024x683.jpg 1024w, https:\/\/tdv.org\/tr-TR\/wp-content\/uploads\/2024\/06\/MehmetArdic-768x512.jpg 768w, https:\/\/tdv.org\/tr-TR\/wp-content\/uploads\/2024\/06\/MehmetArdic-900x600.jpg 900w\" sizes=\"(max-width: 1152px) 100vw, 1152px\" \/><\/a>\n\t\t\t<\/dt><\/dl>\n\t\t\t<br style='clear: both' \/>\n\t\t<\/div>\n\n","protected":false},"excerpt":{"rendered":"<p>\u00dcnl\u00fc isimler \u00e7ektikleri videolarla T\u00fcrkiye Diyanet Vakf\u0131\u2019n\u0131n 2024 y\u0131l\u0131 vekaletle kurban kesim program\u0131na destek vererek ihtiya\u00e7 sahiplerine ula\u015f\u0131lmas\u0131 i\u00e7in hay\u0131rseverlere \u00e7a\u011fr\u0131da bulundu. T\u00fcrkiye Diyanet Vakf\u0131\u2019n\u0131n (TDV) 2024 y\u0131l\u0131 vekaletle kurban&#8230;<\/p>\n","protected":false},"author":8,"featured_media":42051,"comment_status":"closed","ping_status":"closed","sticky":false,"template":"","format":"standard","meta":{"footnotes":""},"categories":[1],"tags":[627,629,632,1081,217,1952],"class_list":{"0":"post-42043","1":"post","2":"type-post","3":"status-publish","4":"format-standard","5":"has-post-thumbnail","7":"category-haberler","8":"tag-dursun-ali-erzincanli","9":"tag-emre-uctepe","10":"tag-fatih-koca","11":"tag-murat-kekili","12":"tag-resul-aydemir","13":"tag-riza-kayaalp"},"yoast_head":"<!-- This site is optimized with the Yoast SEO plugin v27.5 - https:\/\/yoast.com\/product\/yoast-seo-wordpress\/ -->\n<title>T\u00fcrkiye Diyanet Vakf\u0131\u2019n\u0131n 2024 y\u0131l\u0131 vekaletle kurban program\u0131na \u00fcnl\u00fclerden destek<\/title>\n<meta name=\"description\" content=\"\u00dcnl\u00fc isimler \u00e7ektikleri videolarla T\u00fcrkiye Diyanet Vakf\u0131\u2019n\u0131n 2024 y\u0131l\u0131 vekaletle kurban kesim program\u0131na destek vererek ihtiya\u00e7 sahiplerine ula\u015f\u0131lmas\u0131 i\u00e7in hay\u0131rseverlere \u00e7a\u011fr\u0131da bulundu.\" \/>\n<meta name=\"robots\" content=\"index, follow, max-snippet:-1, max-image-preview:large, max-video-preview:-1\" \/>\n<link rel=\"canonical\" href=\"https:\/\/tdv.org\/tr-TR\/turkiye-diyanet-vakfinin-2024-yili-vekaletle-kurban-programina-unlulerden-destek\/\" \/>\n<meta property=\"og:locale\" content=\"tr_TR\" \/>\n<meta property=\"og:type\" content=\"article\" \/>\n<meta property=\"og:title\" content=\"T\u00fcrkiye Diyanet Vakf\u0131\u2019n\u0131n 2024 y\u0131l\u0131 vekaletle kurban program\u0131na \u00fcnl\u00fclerden destek\" \/>\n<meta property=\"og:description\" content=\"\u00dcnl\u00fc isimler \u00e7ektikleri videolarla T\u00fcrkiye Diyanet Vakf\u0131\u2019n\u0131n 2024 y\u0131l\u0131 vekaletle kurban kesim program\u0131na destek vererek ihtiya\u00e7 sahiplerine ula\u015f\u0131lmas\u0131 i\u00e7in hay\u0131rseverlere \u00e7a\u011fr\u0131da bulundu.\" \/>\n<meta property=\"og:url\" content=\"https:\/\/tdv.org\/tr-TR\/turkiye-diyanet-vakfinin-2024-yili-vekaletle-kurban-programina-unlulerden-destek\/\" \/>\n<meta property=\"og:site_name\" content=\"T\u00fcrkiye Diyanet Vakf\u0131 Resmi Web Sitesi\" \/>\n<meta property=\"article:publisher\" content=\"https:\/\/www.facebook.com\/Diyanetvakfi\/\" \/>\n<meta property=\"article:published_time\" content=\"2024-06-11T08:01:23+00:00\" \/>\n<meta property=\"article:modified_time\" content=\"2024-06-11T08:06:17+00:00\" \/>\n<meta property=\"og:image\" content=\"https:\/\/tdv.org\/tr-TR\/wp-content\/uploads\/2024\/06\/TDV-gonullusu-unluler.jpg\" \/>\n\t<meta property=\"og:image:width\" content=\"1366\" \/>\n\t<meta property=\"og:image:height\" content=\"763\" \/>\n\t<meta property=\"og:image:type\" content=\"image\/jpeg\" \/>\n<meta name=\"author\" content=\"Selim\" \/>\n<meta name=\"twitter:card\" content=\"summary_large_image\" \/>\n<meta name=\"twitter:creator\" content=\"@DiyanetVakfi\" \/>\n<meta name=\"twitter:site\" content=\"@DiyanetVakfi\" \/>\n<script type=\"application\/ld+json\" class=\"yoast-schema-graph\">{\"@context\":\"https:\\\/\\\/schema.org\",\"@graph\":[{\"@type\":\"Article\",\"@id\":\"https:\\\/\\\/tdv.org\\\/tr-TR\\\/turkiye-diyanet-vakfinin-2024-yili-vekaletle-kurban-programina-unlulerden-destek\\\/#article\",\"isPartOf\":{\"@id\":\"https:\\\/\\\/tdv.org\\\/tr-TR\\\/turkiye-diyanet-vakfinin-2024-yili-vekaletle-kurban-programina-unlulerden-destek\\\/\"},\"author\":{\"name\":\"Selim\",\"@id\":\"https:\\\/\\\/tdv.org\\\/tr-TR\\\/#\\\/schema\\\/person\\\/752b55e264a99273d55636516d96d5eb\"},\"headline\":\"T\u00fcrkiye Diyanet Vakf\u0131\u2019n\u0131n 2024 y\u0131l\u0131 vekaletle kurban program\u0131na \u00fcnl\u00fclerden destek\",\"datePublished\":\"2024-06-11T08:01:23+00:00\",\"dateModified\":\"2024-06-11T08:06:17+00:00\",\"mainEntityOfPage\":{\"@id\":\"https:\\\/\\\/tdv.org\\\/tr-TR\\\/turkiye-diyanet-vakfinin-2024-yili-vekaletle-kurban-programina-unlulerden-destek\\\/\"},\"wordCount\":1093,\"publisher\":{\"@id\":\"https:\\\/\\\/tdv.org\\\/tr-TR\\\/#organization\"},\"image\":{\"@id\":\"https:\\\/\\\/tdv.org\\\/tr-TR\\\/turkiye-diyanet-vakfinin-2024-yili-vekaletle-kurban-programina-unlulerden-destek\\\/#primaryimage\"},\"thumbnailUrl\":\"https:\\\/\\\/tdv.org\\\/tr-TR\\\/wp-content\\\/uploads\\\/2024\\\/06\\\/TDV-gonullusu-unluler.jpg\",\"keywords\":[\"dursun ali erzincanl\u0131\",\"emre \u00fc\u00e7tepe\",\"fatih koca\",\"murat kekili\",\"Resul Aydemir\",\"r\u0131za kayaalp\"],\"articleSection\":[\"Haberler\"],\"inLanguage\":\"tr\"},{\"@type\":\"WebPage\",\"@id\":\"https:\\\/\\\/tdv.org\\\/tr-TR\\\/turkiye-diyanet-vakfinin-2024-yili-vekaletle-kurban-programina-unlulerden-destek\\\/\",\"url\":\"https:\\\/\\\/tdv.org\\\/tr-TR\\\/turkiye-diyanet-vakfinin-2024-yili-vekaletle-kurban-programina-unlulerden-destek\\\/\",\"name\":\"T\u00fcrkiye Diyanet Vakf\u0131\u2019n\u0131n 2024 y\u0131l\u0131 vekaletle kurban program\u0131na \u00fcnl\u00fclerden destek\",\"isPartOf\":{\"@id\":\"https:\\\/\\\/tdv.org\\\/tr-TR\\\/#website\"},\"primaryImageOfPage\":{\"@id\":\"https:\\\/\\\/tdv.org\\\/tr-TR\\\/turkiye-diyanet-vakfinin-2024-yili-vekaletle-kurban-programina-unlulerden-destek\\\/#primaryimage\"},\"image\":{\"@id\":\"https:\\\/\\\/tdv.org\\\/tr-TR\\\/turkiye-diyanet-vakfinin-2024-yili-vekaletle-kurban-programina-unlulerden-destek\\\/#primaryimage\"},\"thumbnailUrl\":\"https:\\\/\\\/tdv.org\\\/tr-TR\\\/wp-content\\\/uploads\\\/2024\\\/06\\\/TDV-gonullusu-unluler.jpg\",\"datePublished\":\"2024-06-11T08:01:23+00:00\",\"dateModified\":\"2024-06-11T08:06:17+00:00\",\"description\":\"\u00dcnl\u00fc isimler \u00e7ektikleri videolarla T\u00fcrkiye Diyanet Vakf\u0131\u2019n\u0131n 2024 y\u0131l\u0131 vekaletle kurban kesim program\u0131na destek vererek ihtiya\u00e7 sahiplerine ula\u015f\u0131lmas\u0131 i\u00e7in hay\u0131rseverlere \u00e7a\u011fr\u0131da bulundu.\",\"breadcrumb\":{\"@id\":\"https:\\\/\\\/tdv.org\\\/tr-TR\\\/turkiye-diyanet-vakfinin-2024-yili-vekaletle-kurban-programina-unlulerden-destek\\\/#breadcrumb\"},\"inLanguage\":\"tr\",\"potentialAction\":[{\"@type\":\"ReadAction\",\"target\":[\"https:\\\/\\\/tdv.org\\\/tr-TR\\\/turkiye-diyanet-vakfinin-2024-yili-vekaletle-kurban-programina-unlulerden-destek\\\/\"]}]},{\"@type\":\"ImageObject\",\"inLanguage\":\"tr\",\"@id\":\"https:\\\/\\\/tdv.org\\\/tr-TR\\\/turkiye-diyanet-vakfinin-2024-yili-vekaletle-kurban-programina-unlulerden-destek\\\/#primaryimage\",\"url\":\"https:\\\/\\\/tdv.org\\\/tr-TR\\\/wp-content\\\/uploads\\\/2024\\\/06\\\/TDV-gonullusu-unluler.jpg\",\"contentUrl\":\"https:\\\/\\\/tdv.org\\\/tr-TR\\\/wp-content\\\/uploads\\\/2024\\\/06\\\/TDV-gonullusu-unluler.jpg\",\"width\":1366,\"height\":763},{\"@type\":\"BreadcrumbList\",\"@id\":\"https:\\\/\\\/tdv.org\\\/tr-TR\\\/turkiye-diyanet-vakfinin-2024-yili-vekaletle-kurban-programina-unlulerden-destek\\\/#breadcrumb\",\"itemListElement\":[{\"@type\":\"ListItem\",\"position\":1,\"name\":\"Anasayfa\",\"item\":\"https:\\\/\\\/tdv.org\\\/tr-TR\\\/\"},{\"@type\":\"ListItem\",\"position\":2,\"name\":\"T\u00fcrkiye Diyanet Vakf\u0131\u2019n\u0131n 2024 y\u0131l\u0131 vekaletle kurban program\u0131na \u00fcnl\u00fclerden destek\"}]},{\"@type\":\"WebSite\",\"@id\":\"https:\\\/\\\/tdv.org\\\/tr-TR\\\/#website\",\"url\":\"https:\\\/\\\/tdv.org\\\/tr-TR\\\/\",\"name\":\"T\u00fcrkiye Diyanet Vakf\u0131 Resmi Web Sitesi\",\"description\":\"Yery\u00fcz\u00fcnde iyilik egemen oluncaya kadar\",\"publisher\":{\"@id\":\"https:\\\/\\\/tdv.org\\\/tr-TR\\\/#organization\"},\"alternateName\":\"T\u00fcrkiye Diyanet Vakf\u0131\",\"potentialAction\":[{\"@type\":\"SearchAction\",\"target\":{\"@type\":\"EntryPoint\",\"urlTemplate\":\"https:\\\/\\\/tdv.org\\\/tr-TR\\\/?s={search_term_string}\"},\"query-input\":{\"@type\":\"PropertyValueSpecification\",\"valueRequired\":true,\"valueName\":\"search_term_string\"}}],\"inLanguage\":\"tr\"},{\"@type\":\"Organization\",\"@id\":\"https:\\\/\\\/tdv.org\\\/tr-TR\\\/#organization\",\"name\":\"T\u00fcrkiye Diyanet Vakf\u0131\",\"alternateName\":\"T\u00fcrkiye Diyanet Vakf\u0131\",\"url\":\"https:\\\/\\\/tdv.org\\\/tr-TR\\\/\",\"logo\":{\"@type\":\"ImageObject\",\"inLanguage\":\"tr\",\"@id\":\"https:\\\/\\\/tdv.org\\\/tr-TR\\\/#\\\/schema\\\/logo\\\/image\\\/\",\"url\":\"https:\\\/\\\/tdv.org\\\/tr-TR\\\/wp-content\\\/uploads\\\/2018\\\/12\\\/TDV_Logo_1.png\",\"contentUrl\":\"https:\\\/\\\/tdv.org\\\/tr-TR\\\/wp-content\\\/uploads\\\/2018\\\/12\\\/TDV_Logo_1.png\",\"width\":207,\"height\":71,\"caption\":\"T\u00fcrkiye Diyanet Vakf\u0131\"},\"image\":{\"@id\":\"https:\\\/\\\/tdv.org\\\/tr-TR\\\/#\\\/schema\\\/logo\\\/image\\\/\"},\"sameAs\":[\"https:\\\/\\\/www.facebook.com\\\/Diyanetvakfi\\\/\",\"https:\\\/\\\/x.com\\\/DiyanetVakfi\",\"https:\\\/\\\/www.instagram.com\\\/turkiyediyanetvakfi\\\/\",\"https:\\\/\\\/www.youtube.com\\\/user\\\/TurkiyeDiyanetVakfi\"]},{\"@type\":\"Person\",\"@id\":\"https:\\\/\\\/tdv.org\\\/tr-TR\\\/#\\\/schema\\\/person\\\/752b55e264a99273d55636516d96d5eb\",\"name\":\"Selim\",\"image\":{\"@type\":\"ImageObject\",\"inLanguage\":\"tr\",\"@id\":\"https:\\\/\\\/tdv.org\\\/tr-TR\\\/wp-content\\\/litespeed\\\/avatar\\\/a1e47b25396e98e5b781e88a5396cd96.jpg?ver=1777287391\",\"url\":\"https:\\\/\\\/tdv.org\\\/tr-TR\\\/wp-content\\\/litespeed\\\/avatar\\\/a1e47b25396e98e5b781e88a5396cd96.jpg?ver=1777287391\",\"contentUrl\":\"https:\\\/\\\/tdv.org\\\/tr-TR\\\/wp-content\\\/litespeed\\\/avatar\\\/a1e47b25396e98e5b781e88a5396cd96.jpg?ver=1777287391\",\"caption\":\"Selim\"}}]}<\/script>\n<!-- \/ Yoast SEO plugin. -->","yoast_head_json":{"title":"T\u00fcrkiye Diyanet Vakf\u0131\u2019n\u0131n 2024 y\u0131l\u0131 vekaletle kurban program\u0131na \u00fcnl\u00fclerden destek","description":"\u00dcnl\u00fc isimler \u00e7ektikleri videolarla T\u00fcrkiye Diyanet Vakf\u0131\u2019n\u0131n 2024 y\u0131l\u0131 vekaletle kurban kesim program\u0131na destek vererek ihtiya\u00e7 sahiplerine ula\u015f\u0131lmas\u0131 i\u00e7in hay\u0131rseverlere \u00e7a\u011fr\u0131da bulundu.","robots":{"index":"index","follow":"follow","max-snippet":"max-snippet:-1","max-image-preview":"max-image-preview:large","max-video-preview":"max-video-preview:-1"},"canonical":"https:\/\/tdv.org\/tr-TR\/turkiye-diyanet-vakfinin-2024-yili-vekaletle-kurban-programina-unlulerden-destek\/","og_locale":"tr_TR","og_type":"article","og_title":"T\u00fcrkiye Diyanet Vakf\u0131\u2019n\u0131n 2024 y\u0131l\u0131 vekaletle kurban program\u0131na \u00fcnl\u00fclerden destek","og_description":"\u00dcnl\u00fc isimler \u00e7ektikleri videolarla T\u00fcrkiye Diyanet Vakf\u0131\u2019n\u0131n 2024 y\u0131l\u0131 vekaletle kurban kesim program\u0131na destek vererek ihtiya\u00e7 sahiplerine ula\u015f\u0131lmas\u0131 i\u00e7in hay\u0131rseverlere \u00e7a\u011fr\u0131da bulundu.","og_url":"https:\/\/tdv.org\/tr-TR\/turkiye-diyanet-vakfinin-2024-yili-vekaletle-kurban-programina-unlulerden-destek\/","og_site_name":"T\u00fcrkiye Diyanet Vakf\u0131 Resmi Web Sitesi","article_publisher":"https:\/\/www.facebook.com\/Diyanetvakfi\/","article_published_time":"2024-06-11T08:01:23+00:00","article_modified_time":"2024-06-11T08:06:17+00:00","og_image":[{"width":1366,"height":763,"url":"https:\/\/tdv.org\/tr-TR\/wp-content\/uploads\/2024\/06\/TDV-gonullusu-unluler.jpg","type":"image\/jpeg"}],"author":"Selim","twitter_card":"summary_large_image","twitter_creator":"@DiyanetVakfi","twitter_site":"@DiyanetVakfi","schema":{"@context":"https:\/\/schema.org","@graph":[{"@type":"Article","@id":"https:\/\/tdv.org\/tr-TR\/turkiye-diyanet-vakfinin-2024-yili-vekaletle-kurban-programina-unlulerden-destek\/#article","isPartOf":{"@id":"https:\/\/tdv.org\/tr-TR\/turkiye-diyanet-vakfinin-2024-yili-vekaletle-kurban-programina-unlulerden-destek\/"},"author":{"name":"Selim","@id":"https:\/\/tdv.org\/tr-TR\/#\/schema\/person\/752b55e264a99273d55636516d96d5eb"},"headline":"T\u00fcrkiye Diyanet Vakf\u0131\u2019n\u0131n 2024 y\u0131l\u0131 vekaletle kurban program\u0131na \u00fcnl\u00fclerden destek","datePublished":"2024-06-11T08:01:23+00:00","dateModified":"2024-06-11T08:06:17+00:00","mainEntityOfPage":{"@id":"https:\/\/tdv.org\/tr-TR\/turkiye-diyanet-vakfinin-2024-yili-vekaletle-kurban-programina-unlulerden-destek\/"},"wordCount":1093,"publisher":{"@id":"https:\/\/tdv.org\/tr-TR\/#organization"},"image":{"@id":"https:\/\/tdv.org\/tr-TR\/turkiye-diyanet-vakfinin-2024-yili-vekaletle-kurban-programina-unlulerden-destek\/#primaryimage"},"thumbnailUrl":"https:\/\/tdv.org\/tr-TR\/wp-content\/uploads\/2024\/06\/TDV-gonullusu-unluler.jpg","keywords":["dursun ali erzincanl\u0131","emre \u00fc\u00e7tepe","fatih koca","murat kekili","Resul Aydemir","r\u0131za kayaalp"],"articleSection":["Haberler"],"inLanguage":"tr"},{"@type":"WebPage","@id":"https:\/\/tdv.org\/tr-TR\/turkiye-diyanet-vakfinin-2024-yili-vekaletle-kurban-programina-unlulerden-destek\/","url":"https:\/\/tdv.org\/tr-TR\/turkiye-diyanet-vakfinin-2024-yili-vekaletle-kurban-programina-unlulerden-destek\/","name":"T\u00fcrkiye Diyanet Vakf\u0131\u2019n\u0131n 2024 y\u0131l\u0131 vekaletle kurban program\u0131na \u00fcnl\u00fclerden destek","isPartOf":{"@id":"https:\/\/tdv.org\/tr-TR\/#website"},"primaryImageOfPage":{"@id":"https:\/\/tdv.org\/tr-TR\/turkiye-diyanet-vakfinin-2024-yili-vekaletle-kurban-programina-unlulerden-destek\/#primaryimage"},"image":{"@id":"https:\/\/tdv.org\/tr-TR\/turkiye-diyanet-vakfinin-2024-yili-vekaletle-kurban-programina-unlulerden-destek\/#primaryimage"},"thumbnailUrl":"https:\/\/tdv.org\/tr-TR\/wp-content\/uploads\/2024\/06\/TDV-gonullusu-unluler.jpg","datePublished":"2024-06-11T08:01:23+00:00","dateModified":"2024-06-11T08:06:17+00:00","description":"\u00dcnl\u00fc isimler \u00e7ektikleri videolarla T\u00fcrkiye Diyanet Vakf\u0131\u2019n\u0131n 2024 y\u0131l\u0131 vekaletle kurban kesim program\u0131na destek vererek ihtiya\u00e7 sahiplerine ula\u015f\u0131lmas\u0131 i\u00e7in hay\u0131rseverlere \u00e7a\u011fr\u0131da bulundu.","breadcrumb":{"@id":"https:\/\/tdv.org\/tr-TR\/turkiye-diyanet-vakfinin-2024-yili-vekaletle-kurban-programina-unlulerden-destek\/#breadcrumb"},"inLanguage":"tr","potentialAction":[{"@type":"ReadAction","target":["https:\/\/tdv.org\/tr-TR\/turkiye-diyanet-vakfinin-2024-yili-vekaletle-kurban-programina-unlulerden-destek\/"]}]},{"@type":"ImageObject","inLanguage":"tr","@id":"https:\/\/tdv.org\/tr-TR\/turkiye-diyanet-vakfinin-2024-yili-vekaletle-kurban-programina-unlulerden-destek\/#primaryimage","url":"https:\/\/tdv.org\/tr-TR\/wp-content\/uploads\/2024\/06\/TDV-gonullusu-unluler.jpg","contentUrl":"https:\/\/tdv.org\/tr-TR\/wp-content\/uploads\/2024\/06\/TDV-gonullusu-unluler.jpg","width":1366,"height":763},{"@type":"BreadcrumbList","@id":"https:\/\/tdv.org\/tr-TR\/turkiye-diyanet-vakfinin-2024-yili-vekaletle-kurban-programina-unlulerden-destek\/#breadcrumb","itemListElement":[{"@type":"ListItem","position":1,"name":"Anasayfa","item":"https:\/\/tdv.org\/tr-TR\/"},{"@type":"ListItem","position":2,"name":"T\u00fcrkiye Diyanet Vakf\u0131\u2019n\u0131n 2024 y\u0131l\u0131 vekaletle kurban program\u0131na \u00fcnl\u00fclerden destek"}]},{"@type":"WebSite","@id":"https:\/\/tdv.org\/tr-TR\/#website","url":"https:\/\/tdv.org\/tr-TR\/","name":"T\u00fcrkiye Diyanet Vakf\u0131 Resmi Web Sitesi","description":"Yery\u00fcz\u00fcnde iyilik egemen oluncaya kadar","publisher":{"@id":"https:\/\/tdv.org\/tr-TR\/#organization"},"alternateName":"T\u00fcrkiye Diyanet Vakf\u0131","potentialAction":[{"@type":"SearchAction","target":{"@type":"EntryPoint","urlTemplate":"https:\/\/tdv.org\/tr-TR\/?s={search_term_string}"},"query-input":{"@type":"PropertyValueSpecification","valueRequired":true,"valueName":"search_term_string"}}],"inLanguage":"tr"},{"@type":"Organization","@id":"https:\/\/tdv.org\/tr-TR\/#organization","name":"T\u00fcrkiye Diyanet Vakf\u0131","alternateName":"T\u00fcrkiye Diyanet Vakf\u0131","url":"https:\/\/tdv.org\/tr-TR\/","logo":{"@type":"ImageObject","inLanguage":"tr","@id":"https:\/\/tdv.org\/tr-TR\/#\/schema\/logo\/image\/","url":"https:\/\/tdv.org\/tr-TR\/wp-content\/uploads\/2018\/12\/TDV_Logo_1.png","contentUrl":"https:\/\/tdv.org\/tr-TR\/wp-content\/uploads\/2018\/12\/TDV_Logo_1.png","width":207,"height":71,"caption":"T\u00fcrkiye Diyanet Vakf\u0131"},"image":{"@id":"https:\/\/tdv.org\/tr-TR\/#\/schema\/logo\/image\/"},"sameAs":["https:\/\/www.facebook.com\/Diyanetvakfi\/","https:\/\/x.com\/DiyanetVakfi","https:\/\/www.instagram.com\/turkiyediyanetvakfi\/","https:\/\/www.youtube.com\/user\/TurkiyeDiyanetVakfi"]},{"@type":"Person","@id":"https:\/\/tdv.org\/tr-TR\/#\/schema\/person\/752b55e264a99273d55636516d96d5eb","name":"Selim","image":{"@type":"ImageObject","inLanguage":"tr","@id":"https:\/\/tdv.org\/tr-TR\/wp-content\/litespeed\/avatar\/a1e47b25396e98e5b781e88a5396cd96.jpg?ver=1777287391","url":"https:\/\/tdv.org\/tr-TR\/wp-content\/litespeed\/avatar\/a1e47b25396e98e5b781e88a5396cd96.jpg?ver=1777287391","contentUrl":"https:\/\/tdv.org\/tr-TR\/wp-content\/litespeed\/avatar\/a1e47b25396e98e5b781e88a5396cd96.jpg?ver=1777287391","caption":"Selim"}}]}},"_links":{"self":[{"href":"https:\/\/tdv.org\/tr-TR\/wp-json\/wp\/v2\/posts\/42043","targetHints":{"allow":["GET"]}}],"collection":[{"href":"https:\/\/tdv.org\/tr-TR\/wp-json\/wp\/v2\/posts"}],"about":[{"href":"https:\/\/tdv.org\/tr-TR\/wp-json\/wp\/v2\/types\/post"}],"author":[{"embeddable":true,"href":"https:\/\/tdv.org\/tr-TR\/wp-json\/wp\/v2\/users\/8"}],"replies":[{"embeddable":true,"href":"https:\/\/tdv.org\/tr-TR\/wp-json\/wp\/v2\/comments?post=42043"}],"version-history":[{"count":4,"href":"https:\/\/tdv.org\/tr-TR\/wp-json\/wp\/v2\/posts\/42043\/revisions"}],"predecessor-version":[{"id":42055,"href":"https:\/\/tdv.org\/tr-TR\/wp-json\/wp\/v2\/posts\/42043\/revisions\/42055"}],"wp:featuredmedia":[{"embeddable":true,"href":"https:\/\/tdv.org\/tr-TR\/wp-json\/wp\/v2\/media\/42051"}],"wp:attachment":[{"href":"https:\/\/tdv.org\/tr-TR\/wp-json\/wp\/v2\/media?parent=42043"}],"wp:term":[{"taxonomy":"category","embeddable":true,"href":"https:\/\/tdv.org\/tr-TR\/wp-json\/wp\/v2\/categories?post=42043"},{"taxonomy":"post_tag","embeddable":true,"href":"https:\/\/tdv.org\/tr-TR\/wp-json\/wp\/v2\/tags?post=42043"}],"curies":[{"name":"wp","href":"https:\/\/api.w.org\/{rel}","templated":true}]}}