{"id":42838,"date":"2024-06-18T10:20:10","date_gmt":"2024-06-18T07:20:10","guid":{"rendered":"https:\/\/tdv.org\/tr-TR\/?p=42838"},"modified":"2024-06-18T10:20:10","modified_gmt":"2024-06-18T07:20:10","slug":"turkiye-diyanet-vakfi-zimbabvede-vekalet-yoluyla-kurban-kesimine-basladi","status":"publish","type":"post","link":"https:\/\/tdv.org\/tr-TR\/turkiye-diyanet-vakfi-zimbabvede-vekalet-yoluyla-kurban-kesimine-basladi\/","title":{"rendered":"T\u00fcrkiye Diyanet Vakf\u0131, Zimbabve&#8217;de vekalet yoluyla kurban kesimine ba\u015flad\u0131"},"content":{"rendered":"<p style=\"text-align: justify;\"><a href=\"https:\/\/tdv.org\/tr-TR\/\" target=\"_blank\" rel=\"noopener\">T\u00fcrkiye\u00a0Diyanet\u00a0Vakf\u0131 (TDV)<\/a> Zimbabve&#8217;de ihtiya\u00e7 sahiplerine da\u011f\u0131t\u0131lmak \u00fczere vekalet yoluyla <a href=\"https:\/\/tdv.org\/tr-TR\/faaliyetlerimiz\/kurban\/\" target=\"_blank\" rel=\"noopener\">kurban<\/a> kesimine ba\u015flad\u0131.<\/p>\n<p style=\"text-align: justify;\"><a href=\"https:\/\/tdv.org\/tr-TR\/faaliyetlerimiz\/kurban\/\">Kurban <\/a>Bayram\u0131&#8217;n\u0131n bug\u00fcn ba\u015flad\u0131\u011f\u0131 Zimbabve&#8217;de, <a href=\"https:\/\/gonullu.tdv.org\/\" target=\"_blank\" rel=\"noopener\">TDV g\u00f6n\u00fcll\u00fcleri<\/a> kurbanl\u0131klar\u0131n kesilece\u011fi b\u00f6lgelerde bayram namaz\u0131n\u0131 eda ettikten sonra kurban kesimine ge\u00e7ti.<\/p>\n<p style=\"text-align: justify;\"><a href=\"https:\/\/diyanet.gov.tr\/tr-TR\" target=\"_blank\" rel=\"noopener\">Diyanet\u00a0\u0130\u015fleri Ba\u015fkanl\u0131\u011f\u0131 (D\u0130B)<\/a> ile <a href=\"https:\/\/tdv.org\/tr-TR\/\" target=\"_blank\" rel=\"noopener\">TDV&#8217;nin<\/a> <a href=\"https:\/\/tdv.org\/tr-TR\/faaliyetlerimiz\/kurban\/\" target=\"_blank\" rel=\"noopener\">&#8220;Kurban\u0131n\u0131 payla\u015f, karde\u015finle yak\u0131nla\u015f&#8221;<\/a> temas\u0131yla d\u00fczenledi\u011fi 2024 Y\u0131l\u0131 Vekalet Yoluyla Kurban Kesim Organizasyonu&#8217;nda Zimbabve&#8217;de yakla\u015f\u0131k 10 bin 500 hisse kar\u015f\u0131l\u0131\u011f\u0131 1500 b\u00fcy\u00fckba\u015f kurban kesimi yap\u0131lacak.<\/p>\n<p style=\"text-align: justify;\">Kurban kesim i\u015flemlerinin 4 b\u00f6lgede yap\u0131ld\u0131\u011f\u0131 Zimbabve&#8217;de; Mutoko b\u00f6lgesi 900, Buhera b\u00f6lgesi 400, Rushinga b\u00f6lgesi 150 ve Macheke b\u00f6lgesinde 50 b\u00fcy\u00fckba\u015f kesilecek. Ayr\u0131ca kurban kesimi kamerayla kaydedilecek ve isteyen vekaletname sahiplerine kesim an\u0131na ait g\u00f6r\u00fcnt\u00fcler iletilebilecek. Kurban kesimleri bayram\u0131n 3. g\u00fcn\u00fcne kadar devam edecek.<\/p>\n<p style=\"text-align: justify;\">TDV yetkilisi Seyit Ak\u00e7a, Zimbabve&#8217;de 2024 Y\u0131l\u0131 Vekalet Yoluyla Kurban Kesim Organizasyonu&#8217;nun planland\u0131\u011f\u0131 \u015fekilde ilerledi\u011fini aktard\u0131.<\/p>\n<p style=\"text-align: justify;\">Ge\u00e7en y\u0131la g\u00f6re artan kurban ba\u011f\u0131\u015f\u0131 say\u0131s\u0131n\u0131n b\u00f6lgede ya\u015fanan kurakl\u0131k dolay\u0131s\u0131yla zor durumda bulunan b\u00f6lge halk\u0131 i\u00e7in \u00e7ok \u00f6nemli oldu\u011funu belirten Ak\u00e7a, ba\u011f\u0131\u015f\u00e7\u0131lara te\u015fekk\u00fcr etti.<\/p>\n<p style=\"text-align: justify;\">TDV&#8217;nin Zimbabve&#8217;de kesti\u011fi kurbanlar, 10 farkl\u0131 b\u00f6lgede, 45 bin ihtiya\u00e7 sahibi aileye da\u011f\u0131t\u0131lacak.<\/p>\n\n\t\t<style type=\"text\/css\">\n\t\t\t#gallery-1 {\n\t\t\t\tmargin: auto;\n\t\t\t}\n\t\t\t#gallery-1 .gallery-item {\n\t\t\t\tfloat: left;\n\t\t\t\tmargin-top: 10px;\n\t\t\t\ttext-align: center;\n\t\t\t\twidth: 33%;\n\t\t\t}\n\t\t\t#gallery-1 img {\n\t\t\t\tborder: 2px solid #cfcfcf;\n\t\t\t}\n\t\t\t#gallery-1 .gallery-caption {\n\t\t\t\tmargin-left: 0;\n\t\t\t}\n\t\t\t\/* see gallery_shortcode() in wp-includes\/media.php *\/\n\t\t<\/style>\n\t\t<div id='gallery-1' class='gallery galleryid-42838 gallery-columns-3 gallery-size-full'><dl class='gallery-item'>\n\t\t\t<dt class='gallery-icon landscape'>\n\t\t\t\t<a href='https:\/\/tdv.org\/tr-TR\/wp-content\/uploads\/2024\/06\/AA-20240617-34906906-34906899-TURKIYE_DIYANET_VAKFI_ZIMBABVEDE_VEKALET_YOLUYLA_KURBAN_KESIMINE_BASLADI.jpg'><img decoding=\"async\" width=\"1135\" height=\"768\" src=\"https:\/\/tdv.org\/tr-TR\/wp-content\/uploads\/2024\/06\/AA-20240617-34906906-34906899-TURKIYE_DIYANET_VAKFI_ZIMBABVEDE_VEKALET_YOLUYLA_KURBAN_KESIMINE_BASLADI.jpg\" class=\"attachment-full size-full\" alt=\"\" srcset=\"https:\/\/tdv.org\/tr-TR\/wp-content\/uploads\/2024\/06\/AA-20240617-34906906-34906899-TURKIYE_DIYANET_VAKFI_ZIMBABVEDE_VEKALET_YOLUYLA_KURBAN_KESIMINE_BASLADI.jpg 1135w, https:\/\/tdv.org\/tr-TR\/wp-content\/uploads\/2024\/06\/AA-20240617-34906906-34906899-TURKIYE_DIYANET_VAKFI_ZIMBABVEDE_VEKALET_YOLUYLA_KURBAN_KESIMINE_BASLADI-300x203.jpg 300w, https:\/\/tdv.org\/tr-TR\/wp-content\/uploads\/2024\/06\/AA-20240617-34906906-34906899-TURKIYE_DIYANET_VAKFI_ZIMBABVEDE_VEKALET_YOLUYLA_KURBAN_KESIMINE_BASLADI-1024x693.jpg 1024w, https:\/\/tdv.org\/tr-TR\/wp-content\/uploads\/2024\/06\/AA-20240617-34906906-34906899-TURKIYE_DIYANET_VAKFI_ZIMBABVEDE_VEKALET_YOLUYLA_KURBAN_KESIMINE_BASLADI-768x520.jpg 768w\" sizes=\"(max-width: 1135px) 100vw, 1135px\" \/><\/a>\n\t\t\t<\/dt><\/dl><dl class='gallery-item'>\n\t\t\t<dt class='gallery-icon landscape'>\n\t\t\t\t<a href='https:\/\/tdv.org\/tr-TR\/wp-content\/uploads\/2024\/06\/AA-20240617-34906906-34906900-TURKIYE_DIYANET_VAKFI_ZIMBABVEDE_VEKALET_YOLUYLA_KURBAN_KESIMINE_BASLADI.jpg'><img decoding=\"async\" width=\"1152\" height=\"768\" src=\"https:\/\/tdv.org\/tr-TR\/wp-content\/uploads\/2024\/06\/AA-20240617-34906906-34906900-TURKIYE_DIYANET_VAKFI_ZIMBABVEDE_VEKALET_YOLUYLA_KURBAN_KESIMINE_BASLADI.jpg\" class=\"attachment-full size-full\" alt=\"\" srcset=\"https:\/\/tdv.org\/tr-TR\/wp-content\/uploads\/2024\/06\/AA-20240617-34906906-34906900-TURKIYE_DIYANET_VAKFI_ZIMBABVEDE_VEKALET_YOLUYLA_KURBAN_KESIMINE_BASLADI.jpg 1152w, https:\/\/tdv.org\/tr-TR\/wp-content\/uploads\/2024\/06\/AA-20240617-34906906-34906900-TURKIYE_DIYANET_VAKFI_ZIMBABVEDE_VEKALET_YOLUYLA_KURBAN_KESIMINE_BASLADI-300x200.jpg 300w, https:\/\/tdv.org\/tr-TR\/wp-content\/uploads\/2024\/06\/AA-20240617-34906906-34906900-TURKIYE_DIYANET_VAKFI_ZIMBABVEDE_VEKALET_YOLUYLA_KURBAN_KESIMINE_BASLADI-1024x683.jpg 1024w, https:\/\/tdv.org\/tr-TR\/wp-content\/uploads\/2024\/06\/AA-20240617-34906906-34906900-TURKIYE_DIYANET_VAKFI_ZIMBABVEDE_VEKALET_YOLUYLA_KURBAN_KESIMINE_BASLADI-768x512.jpg 768w, https:\/\/tdv.org\/tr-TR\/wp-content\/uploads\/2024\/06\/AA-20240617-34906906-34906900-TURKIYE_DIYANET_VAKFI_ZIMBABVEDE_VEKALET_YOLUYLA_KURBAN_KESIMINE_BASLADI-900x600.jpg 900w\" sizes=\"(max-width: 1152px) 100vw, 1152px\" \/><\/a>\n\t\t\t<\/dt><\/dl><dl class='gallery-item'>\n\t\t\t<dt class='gallery-icon landscape'>\n\t\t\t\t<a href='https:\/\/tdv.org\/tr-TR\/wp-content\/uploads\/2024\/06\/AA-20240617-34906906-34906901-TURKIYE_DIYANET_VAKFI_ZIMBABVEDE_VEKALET_YOLUYLA_KURBAN_KESIMINE_BASLADI.jpg'><img decoding=\"async\" width=\"1051\" height=\"768\" src=\"https:\/\/tdv.org\/tr-TR\/wp-content\/uploads\/2024\/06\/AA-20240617-34906906-34906901-TURKIYE_DIYANET_VAKFI_ZIMBABVEDE_VEKALET_YOLUYLA_KURBAN_KESIMINE_BASLADI.jpg\" class=\"attachment-full size-full\" alt=\"\" srcset=\"https:\/\/tdv.org\/tr-TR\/wp-content\/uploads\/2024\/06\/AA-20240617-34906906-34906901-TURKIYE_DIYANET_VAKFI_ZIMBABVEDE_VEKALET_YOLUYLA_KURBAN_KESIMINE_BASLADI.jpg 1051w, https:\/\/tdv.org\/tr-TR\/wp-content\/uploads\/2024\/06\/AA-20240617-34906906-34906901-TURKIYE_DIYANET_VAKFI_ZIMBABVEDE_VEKALET_YOLUYLA_KURBAN_KESIMINE_BASLADI-300x219.jpg 300w, https:\/\/tdv.org\/tr-TR\/wp-content\/uploads\/2024\/06\/AA-20240617-34906906-34906901-TURKIYE_DIYANET_VAKFI_ZIMBABVEDE_VEKALET_YOLUYLA_KURBAN_KESIMINE_BASLADI-1024x748.jpg 1024w, https:\/\/tdv.org\/tr-TR\/wp-content\/uploads\/2024\/06\/AA-20240617-34906906-34906901-TURKIYE_DIYANET_VAKFI_ZIMBABVEDE_VEKALET_YOLUYLA_KURBAN_KESIMINE_BASLADI-768x561.jpg 768w\" sizes=\"(max-width: 1051px) 100vw, 1051px\" \/><\/a>\n\t\t\t<\/dt><\/dl><br style=\"clear: both\" \/><dl class='gallery-item'>\n\t\t\t<dt class='gallery-icon landscape'>\n\t\t\t\t<a href='https:\/\/tdv.org\/tr-TR\/wp-content\/uploads\/2024\/06\/AA-20240617-34906906-34906902-TURKIYE_DIYANET_VAKFI_ZIMBABVEDE_VEKALET_YOLUYLA_KURBAN_KESIMINE_BASLADI.jpg'><img decoding=\"async\" width=\"1190\" height=\"768\" src=\"https:\/\/tdv.org\/tr-TR\/wp-content\/uploads\/2024\/06\/AA-20240617-34906906-34906902-TURKIYE_DIYANET_VAKFI_ZIMBABVEDE_VEKALET_YOLUYLA_KURBAN_KESIMINE_BASLADI.jpg\" class=\"attachment-full size-full\" alt=\"\" srcset=\"https:\/\/tdv.org\/tr-TR\/wp-content\/uploads\/2024\/06\/AA-20240617-34906906-34906902-TURKIYE_DIYANET_VAKFI_ZIMBABVEDE_VEKALET_YOLUYLA_KURBAN_KESIMINE_BASLADI.jpg 1190w, https:\/\/tdv.org\/tr-TR\/wp-content\/uploads\/2024\/06\/AA-20240617-34906906-34906902-TURKIYE_DIYANET_VAKFI_ZIMBABVEDE_VEKALET_YOLUYLA_KURBAN_KESIMINE_BASLADI-300x194.jpg 300w, https:\/\/tdv.org\/tr-TR\/wp-content\/uploads\/2024\/06\/AA-20240617-34906906-34906902-TURKIYE_DIYANET_VAKFI_ZIMBABVEDE_VEKALET_YOLUYLA_KURBAN_KESIMINE_BASLADI-1024x661.jpg 1024w, https:\/\/tdv.org\/tr-TR\/wp-content\/uploads\/2024\/06\/AA-20240617-34906906-34906902-TURKIYE_DIYANET_VAKFI_ZIMBABVEDE_VEKALET_YOLUYLA_KURBAN_KESIMINE_BASLADI-768x496.jpg 768w\" sizes=\"(max-width: 1190px) 100vw, 1190px\" \/><\/a>\n\t\t\t<\/dt><\/dl><dl class='gallery-item'>\n\t\t\t<dt class='gallery-icon landscape'>\n\t\t\t\t<a href='https:\/\/tdv.org\/tr-TR\/wp-content\/uploads\/2024\/06\/AA-20240617-34906906-34906903-TURKIYE_DIYANET_VAKFI_ZIMBABVEDE_VEKALET_YOLUYLA_KURBAN_KESIMINE_BASLADI.jpg'><img decoding=\"async\" width=\"1098\" height=\"768\" src=\"https:\/\/tdv.org\/tr-TR\/wp-content\/uploads\/2024\/06\/AA-20240617-34906906-34906903-TURKIYE_DIYANET_VAKFI_ZIMBABVEDE_VEKALET_YOLUYLA_KURBAN_KESIMINE_BASLADI.jpg\" class=\"attachment-full size-full\" alt=\"\" srcset=\"https:\/\/tdv.org\/tr-TR\/wp-content\/uploads\/2024\/06\/AA-20240617-34906906-34906903-TURKIYE_DIYANET_VAKFI_ZIMBABVEDE_VEKALET_YOLUYLA_KURBAN_KESIMINE_BASLADI.jpg 1098w, https:\/\/tdv.org\/tr-TR\/wp-content\/uploads\/2024\/06\/AA-20240617-34906906-34906903-TURKIYE_DIYANET_VAKFI_ZIMBABVEDE_VEKALET_YOLUYLA_KURBAN_KESIMINE_BASLADI-300x210.jpg 300w, https:\/\/tdv.org\/tr-TR\/wp-content\/uploads\/2024\/06\/AA-20240617-34906906-34906903-TURKIYE_DIYANET_VAKFI_ZIMBABVEDE_VEKALET_YOLUYLA_KURBAN_KESIMINE_BASLADI-1024x716.jpg 1024w, https:\/\/tdv.org\/tr-TR\/wp-content\/uploads\/2024\/06\/AA-20240617-34906906-34906903-TURKIYE_DIYANET_VAKFI_ZIMBABVEDE_VEKALET_YOLUYLA_KURBAN_KESIMINE_BASLADI-768x537.jpg 768w\" sizes=\"(max-width: 1098px) 100vw, 1098px\" \/><\/a>\n\t\t\t<\/dt><\/dl><dl class='gallery-item'>\n\t\t\t<dt class='gallery-icon landscape'>\n\t\t\t\t<a href='https:\/\/tdv.org\/tr-TR\/wp-content\/uploads\/2024\/06\/AA-20240617-34906906-34906904-TURKIYE_DIYANET_VAKFI_ZIMBABVEDE_VEKALET_YOLUYLA_KURBAN_KESIMINE_BASLADI.jpg'><img decoding=\"async\" width=\"1147\" height=\"768\" src=\"https:\/\/tdv.org\/tr-TR\/wp-content\/uploads\/2024\/06\/AA-20240617-34906906-34906904-TURKIYE_DIYANET_VAKFI_ZIMBABVEDE_VEKALET_YOLUYLA_KURBAN_KESIMINE_BASLADI.jpg\" class=\"attachment-full size-full\" alt=\"\" srcset=\"https:\/\/tdv.org\/tr-TR\/wp-content\/uploads\/2024\/06\/AA-20240617-34906906-34906904-TURKIYE_DIYANET_VAKFI_ZIMBABVEDE_VEKALET_YOLUYLA_KURBAN_KESIMINE_BASLADI.jpg 1147w, https:\/\/tdv.org\/tr-TR\/wp-content\/uploads\/2024\/06\/AA-20240617-34906906-34906904-TURKIYE_DIYANET_VAKFI_ZIMBABVEDE_VEKALET_YOLUYLA_KURBAN_KESIMINE_BASLADI-300x201.jpg 300w, https:\/\/tdv.org\/tr-TR\/wp-content\/uploads\/2024\/06\/AA-20240617-34906906-34906904-TURKIYE_DIYANET_VAKFI_ZIMBABVEDE_VEKALET_YOLUYLA_KURBAN_KESIMINE_BASLADI-1024x686.jpg 1024w, https:\/\/tdv.org\/tr-TR\/wp-content\/uploads\/2024\/06\/AA-20240617-34906906-34906904-TURKIYE_DIYANET_VAKFI_ZIMBABVEDE_VEKALET_YOLUYLA_KURBAN_KESIMINE_BASLADI-768x514.jpg 768w, https:\/\/tdv.org\/tr-TR\/wp-content\/uploads\/2024\/06\/AA-20240617-34906906-34906904-TURKIYE_DIYANET_VAKFI_ZIMBABVEDE_VEKALET_YOLUYLA_KURBAN_KESIMINE_BASLADI-900x604.jpg 900w, https:\/\/tdv.org\/tr-TR\/wp-content\/uploads\/2024\/06\/AA-20240617-34906906-34906904-TURKIYE_DIYANET_VAKFI_ZIMBABVEDE_VEKALET_YOLUYLA_KURBAN_KESIMINE_BASLADI-600x403.jpg 600w, https:\/\/tdv.org\/tr-TR\/wp-content\/uploads\/2024\/06\/AA-20240617-34906906-34906904-TURKIYE_DIYANET_VAKFI_ZIMBABVEDE_VEKALET_YOLUYLA_KURBAN_KESIMINE_BASLADI-400x269.jpg 400w\" sizes=\"(max-width: 1147px) 100vw, 1147px\" \/><\/a>\n\t\t\t<\/dt><\/dl><br style=\"clear: both\" \/>\n\t\t<\/div>\n\n","protected":false},"excerpt":{"rendered":"<p>T\u00fcrkiye\u00a0Diyanet\u00a0Vakf\u0131 (TDV) Zimbabve&#8217;de ihtiya\u00e7 sahiplerine da\u011f\u0131t\u0131lmak \u00fczere vekalet yoluyla kurban kesimine ba\u015flad\u0131. Kurban Bayram\u0131&#8217;n\u0131n bug\u00fcn ba\u015flad\u0131\u011f\u0131 Zimbabve&#8217;de, TDV g\u00f6n\u00fcll\u00fcleri kurbanl\u0131klar\u0131n kesilece\u011fi b\u00f6lgelerde bayram namaz\u0131n\u0131 eda ettikten sonra kurban kesimine ge\u00e7ti&#8230;.<\/p>\n","protected":false},"author":8,"featured_media":42842,"comment_status":"closed","ping_status":"closed","sticky":false,"template":"","format":"standard","meta":{"footnotes":""},"categories":[1],"tags":[2285,2286,2284,746,704],"class_list":{"0":"post-42838","1":"post","2":"type-post","3":"status-publish","4":"format-standard","5":"has-post-thumbnail","7":"category-haberler","8":"tag-2024-kurban","9":"tag-2024-yili-vekalet-yoluyla-kurban-kesim-organizasyonu","10":"tag-kurban-2024","11":"tag-kurban-kesimi","12":"tag-zimbabve"},"yoast_head":"<!-- This site is optimized with the Yoast SEO plugin v27.5 - https:\/\/yoast.com\/product\/yoast-seo-wordpress\/ -->\n<title>T\u00fcrkiye Diyanet Vakf\u0131, Zimbabve&#039;de vekalet yoluyla kurban kesimine ba\u015flad\u0131<\/title>\n<meta name=\"description\" content=\"T\u00fcrkiye\u00a0Diyanet\u00a0Vakf\u0131 (TDV) Zimbabve&#039;de ihtiya\u00e7 sahiplerine da\u011f\u0131t\u0131lmak \u00fczere vekalet yoluyla kurban kesimine ba\u015flad\u0131.\" \/>\n<meta name=\"robots\" content=\"index, follow, max-snippet:-1, max-image-preview:large, max-video-preview:-1\" \/>\n<link rel=\"canonical\" href=\"https:\/\/tdv.org\/tr-TR\/turkiye-diyanet-vakfi-zimbabvede-vekalet-yoluyla-kurban-kesimine-basladi\/\" \/>\n<meta property=\"og:locale\" content=\"tr_TR\" \/>\n<meta property=\"og:type\" content=\"article\" \/>\n<meta property=\"og:title\" content=\"T\u00fcrkiye Diyanet Vakf\u0131, Zimbabve&#039;de vekalet yoluyla kurban kesimine ba\u015flad\u0131\" \/>\n<meta property=\"og:description\" content=\"T\u00fcrkiye\u00a0Diyanet\u00a0Vakf\u0131 (TDV) Zimbabve&#039;de ihtiya\u00e7 sahiplerine da\u011f\u0131t\u0131lmak \u00fczere vekalet yoluyla kurban kesimine ba\u015flad\u0131.\" \/>\n<meta property=\"og:url\" content=\"https:\/\/tdv.org\/tr-TR\/turkiye-diyanet-vakfi-zimbabvede-vekalet-yoluyla-kurban-kesimine-basladi\/\" \/>\n<meta property=\"og:site_name\" content=\"T\u00fcrkiye Diyanet Vakf\u0131 Resmi Web Sitesi\" \/>\n<meta property=\"article:publisher\" content=\"https:\/\/www.facebook.com\/Diyanetvakfi\/\" \/>\n<meta property=\"article:published_time\" content=\"2024-06-18T07:20:10+00:00\" \/>\n<meta property=\"og:image\" content=\"https:\/\/tdv.org\/tr-TR\/wp-content\/uploads\/2024\/06\/AA-20240617-34906906-34906902-TURKIYE_DIYANET_VAKFI_ZIMBABVEDE_VEKALET_YOLUYLA_KURBAN_KESIMINE_BASLADI.jpg\" \/>\n\t<meta property=\"og:image:width\" content=\"1190\" \/>\n\t<meta property=\"og:image:height\" content=\"768\" \/>\n\t<meta property=\"og:image:type\" content=\"image\/jpeg\" \/>\n<meta name=\"author\" content=\"Selim\" \/>\n<meta name=\"twitter:card\" content=\"summary_large_image\" \/>\n<meta name=\"twitter:creator\" content=\"@DiyanetVakfi\" \/>\n<meta name=\"twitter:site\" content=\"@DiyanetVakfi\" \/>\n<script type=\"application\/ld+json\" class=\"yoast-schema-graph\">{\"@context\":\"https:\\\/\\\/schema.org\",\"@graph\":[{\"@type\":\"Article\",\"@id\":\"https:\\\/\\\/tdv.org\\\/tr-TR\\\/turkiye-diyanet-vakfi-zimbabvede-vekalet-yoluyla-kurban-kesimine-basladi\\\/#article\",\"isPartOf\":{\"@id\":\"https:\\\/\\\/tdv.org\\\/tr-TR\\\/turkiye-diyanet-vakfi-zimbabvede-vekalet-yoluyla-kurban-kesimine-basladi\\\/\"},\"author\":{\"name\":\"Selim\",\"@id\":\"https:\\\/\\\/tdv.org\\\/tr-TR\\\/#\\\/schema\\\/person\\\/752b55e264a99273d55636516d96d5eb\"},\"headline\":\"T\u00fcrkiye Diyanet Vakf\u0131, Zimbabve&#8217;de vekalet yoluyla kurban kesimine ba\u015flad\u0131\",\"datePublished\":\"2024-06-18T07:20:10+00:00\",\"mainEntityOfPage\":{\"@id\":\"https:\\\/\\\/tdv.org\\\/tr-TR\\\/turkiye-diyanet-vakfi-zimbabvede-vekalet-yoluyla-kurban-kesimine-basladi\\\/\"},\"wordCount\":249,\"publisher\":{\"@id\":\"https:\\\/\\\/tdv.org\\\/tr-TR\\\/#organization\"},\"image\":{\"@id\":\"https:\\\/\\\/tdv.org\\\/tr-TR\\\/turkiye-diyanet-vakfi-zimbabvede-vekalet-yoluyla-kurban-kesimine-basladi\\\/#primaryimage\"},\"thumbnailUrl\":\"https:\\\/\\\/tdv.org\\\/tr-TR\\\/wp-content\\\/uploads\\\/2024\\\/06\\\/AA-20240617-34906906-34906902-TURKIYE_DIYANET_VAKFI_ZIMBABVEDE_VEKALET_YOLUYLA_KURBAN_KESIMINE_BASLADI.jpg\",\"keywords\":[\"2024 Kurban\",\"2024 Y\u0131l\u0131 Vekalet Yoluyla Kurban Kesim Organizasyonu\",\"Kurban 2024\",\"kurban kesimi\",\"Zimbabve\"],\"articleSection\":[\"Haberler\"],\"inLanguage\":\"tr\"},{\"@type\":\"WebPage\",\"@id\":\"https:\\\/\\\/tdv.org\\\/tr-TR\\\/turkiye-diyanet-vakfi-zimbabvede-vekalet-yoluyla-kurban-kesimine-basladi\\\/\",\"url\":\"https:\\\/\\\/tdv.org\\\/tr-TR\\\/turkiye-diyanet-vakfi-zimbabvede-vekalet-yoluyla-kurban-kesimine-basladi\\\/\",\"name\":\"T\u00fcrkiye Diyanet Vakf\u0131, Zimbabve'de vekalet yoluyla kurban kesimine ba\u015flad\u0131\",\"isPartOf\":{\"@id\":\"https:\\\/\\\/tdv.org\\\/tr-TR\\\/#website\"},\"primaryImageOfPage\":{\"@id\":\"https:\\\/\\\/tdv.org\\\/tr-TR\\\/turkiye-diyanet-vakfi-zimbabvede-vekalet-yoluyla-kurban-kesimine-basladi\\\/#primaryimage\"},\"image\":{\"@id\":\"https:\\\/\\\/tdv.org\\\/tr-TR\\\/turkiye-diyanet-vakfi-zimbabvede-vekalet-yoluyla-kurban-kesimine-basladi\\\/#primaryimage\"},\"thumbnailUrl\":\"https:\\\/\\\/tdv.org\\\/tr-TR\\\/wp-content\\\/uploads\\\/2024\\\/06\\\/AA-20240617-34906906-34906902-TURKIYE_DIYANET_VAKFI_ZIMBABVEDE_VEKALET_YOLUYLA_KURBAN_KESIMINE_BASLADI.jpg\",\"datePublished\":\"2024-06-18T07:20:10+00:00\",\"description\":\"T\u00fcrkiye\u00a0Diyanet\u00a0Vakf\u0131 (TDV) Zimbabve'de ihtiya\u00e7 sahiplerine da\u011f\u0131t\u0131lmak \u00fczere vekalet yoluyla kurban kesimine ba\u015flad\u0131.\",\"breadcrumb\":{\"@id\":\"https:\\\/\\\/tdv.org\\\/tr-TR\\\/turkiye-diyanet-vakfi-zimbabvede-vekalet-yoluyla-kurban-kesimine-basladi\\\/#breadcrumb\"},\"inLanguage\":\"tr\",\"potentialAction\":[{\"@type\":\"ReadAction\",\"target\":[\"https:\\\/\\\/tdv.org\\\/tr-TR\\\/turkiye-diyanet-vakfi-zimbabvede-vekalet-yoluyla-kurban-kesimine-basladi\\\/\"]}]},{\"@type\":\"ImageObject\",\"inLanguage\":\"tr\",\"@id\":\"https:\\\/\\\/tdv.org\\\/tr-TR\\\/turkiye-diyanet-vakfi-zimbabvede-vekalet-yoluyla-kurban-kesimine-basladi\\\/#primaryimage\",\"url\":\"https:\\\/\\\/tdv.org\\\/tr-TR\\\/wp-content\\\/uploads\\\/2024\\\/06\\\/AA-20240617-34906906-34906902-TURKIYE_DIYANET_VAKFI_ZIMBABVEDE_VEKALET_YOLUYLA_KURBAN_KESIMINE_BASLADI.jpg\",\"contentUrl\":\"https:\\\/\\\/tdv.org\\\/tr-TR\\\/wp-content\\\/uploads\\\/2024\\\/06\\\/AA-20240617-34906906-34906902-TURKIYE_DIYANET_VAKFI_ZIMBABVEDE_VEKALET_YOLUYLA_KURBAN_KESIMINE_BASLADI.jpg\",\"width\":1190,\"height\":768},{\"@type\":\"BreadcrumbList\",\"@id\":\"https:\\\/\\\/tdv.org\\\/tr-TR\\\/turkiye-diyanet-vakfi-zimbabvede-vekalet-yoluyla-kurban-kesimine-basladi\\\/#breadcrumb\",\"itemListElement\":[{\"@type\":\"ListItem\",\"position\":1,\"name\":\"Anasayfa\",\"item\":\"https:\\\/\\\/tdv.org\\\/tr-TR\\\/\"},{\"@type\":\"ListItem\",\"position\":2,\"name\":\"T\u00fcrkiye Diyanet Vakf\u0131, Zimbabve&#8217;de vekalet yoluyla kurban kesimine ba\u015flad\u0131\"}]},{\"@type\":\"WebSite\",\"@id\":\"https:\\\/\\\/tdv.org\\\/tr-TR\\\/#website\",\"url\":\"https:\\\/\\\/tdv.org\\\/tr-TR\\\/\",\"name\":\"T\u00fcrkiye Diyanet Vakf\u0131 Resmi Web Sitesi\",\"description\":\"Yery\u00fcz\u00fcnde iyilik egemen oluncaya kadar\",\"publisher\":{\"@id\":\"https:\\\/\\\/tdv.org\\\/tr-TR\\\/#organization\"},\"alternateName\":\"T\u00fcrkiye Diyanet Vakf\u0131\",\"potentialAction\":[{\"@type\":\"SearchAction\",\"target\":{\"@type\":\"EntryPoint\",\"urlTemplate\":\"https:\\\/\\\/tdv.org\\\/tr-TR\\\/?s={search_term_string}\"},\"query-input\":{\"@type\":\"PropertyValueSpecification\",\"valueRequired\":true,\"valueName\":\"search_term_string\"}}],\"inLanguage\":\"tr\"},{\"@type\":\"Organization\",\"@id\":\"https:\\\/\\\/tdv.org\\\/tr-TR\\\/#organization\",\"name\":\"T\u00fcrkiye Diyanet Vakf\u0131\",\"alternateName\":\"T\u00fcrkiye Diyanet Vakf\u0131\",\"url\":\"https:\\\/\\\/tdv.org\\\/tr-TR\\\/\",\"logo\":{\"@type\":\"ImageObject\",\"inLanguage\":\"tr\",\"@id\":\"https:\\\/\\\/tdv.org\\\/tr-TR\\\/#\\\/schema\\\/logo\\\/image\\\/\",\"url\":\"https:\\\/\\\/tdv.org\\\/tr-TR\\\/wp-content\\\/uploads\\\/2018\\\/12\\\/TDV_Logo_1.png\",\"contentUrl\":\"https:\\\/\\\/tdv.org\\\/tr-TR\\\/wp-content\\\/uploads\\\/2018\\\/12\\\/TDV_Logo_1.png\",\"width\":207,\"height\":71,\"caption\":\"T\u00fcrkiye Diyanet Vakf\u0131\"},\"image\":{\"@id\":\"https:\\\/\\\/tdv.org\\\/tr-TR\\\/#\\\/schema\\\/logo\\\/image\\\/\"},\"sameAs\":[\"https:\\\/\\\/www.facebook.com\\\/Diyanetvakfi\\\/\",\"https:\\\/\\\/x.com\\\/DiyanetVakfi\",\"https:\\\/\\\/www.instagram.com\\\/turkiyediyanetvakfi\\\/\",\"https:\\\/\\\/www.youtube.com\\\/user\\\/TurkiyeDiyanetVakfi\"]},{\"@type\":\"Person\",\"@id\":\"https:\\\/\\\/tdv.org\\\/tr-TR\\\/#\\\/schema\\\/person\\\/752b55e264a99273d55636516d96d5eb\",\"name\":\"Selim\",\"image\":{\"@type\":\"ImageObject\",\"inLanguage\":\"tr\",\"@id\":\"https:\\\/\\\/tdv.org\\\/tr-TR\\\/wp-content\\\/litespeed\\\/avatar\\\/a1e47b25396e98e5b781e88a5396cd96.jpg?ver=1777287391\",\"url\":\"https:\\\/\\\/tdv.org\\\/tr-TR\\\/wp-content\\\/litespeed\\\/avatar\\\/a1e47b25396e98e5b781e88a5396cd96.jpg?ver=1777287391\",\"contentUrl\":\"https:\\\/\\\/tdv.org\\\/tr-TR\\\/wp-content\\\/litespeed\\\/avatar\\\/a1e47b25396e98e5b781e88a5396cd96.jpg?ver=1777287391\",\"caption\":\"Selim\"}}]}<\/script>\n<!-- \/ Yoast SEO plugin. -->","yoast_head_json":{"title":"T\u00fcrkiye Diyanet Vakf\u0131, Zimbabve'de vekalet yoluyla kurban kesimine ba\u015flad\u0131","description":"T\u00fcrkiye\u00a0Diyanet\u00a0Vakf\u0131 (TDV) Zimbabve'de ihtiya\u00e7 sahiplerine da\u011f\u0131t\u0131lmak \u00fczere vekalet yoluyla kurban kesimine ba\u015flad\u0131.","robots":{"index":"index","follow":"follow","max-snippet":"max-snippet:-1","max-image-preview":"max-image-preview:large","max-video-preview":"max-video-preview:-1"},"canonical":"https:\/\/tdv.org\/tr-TR\/turkiye-diyanet-vakfi-zimbabvede-vekalet-yoluyla-kurban-kesimine-basladi\/","og_locale":"tr_TR","og_type":"article","og_title":"T\u00fcrkiye Diyanet Vakf\u0131, Zimbabve'de vekalet yoluyla kurban kesimine ba\u015flad\u0131","og_description":"T\u00fcrkiye\u00a0Diyanet\u00a0Vakf\u0131 (TDV) Zimbabve'de ihtiya\u00e7 sahiplerine da\u011f\u0131t\u0131lmak \u00fczere vekalet yoluyla kurban kesimine ba\u015flad\u0131.","og_url":"https:\/\/tdv.org\/tr-TR\/turkiye-diyanet-vakfi-zimbabvede-vekalet-yoluyla-kurban-kesimine-basladi\/","og_site_name":"T\u00fcrkiye Diyanet Vakf\u0131 Resmi Web Sitesi","article_publisher":"https:\/\/www.facebook.com\/Diyanetvakfi\/","article_published_time":"2024-06-18T07:20:10+00:00","og_image":[{"width":1190,"height":768,"url":"https:\/\/tdv.org\/tr-TR\/wp-content\/uploads\/2024\/06\/AA-20240617-34906906-34906902-TURKIYE_DIYANET_VAKFI_ZIMBABVEDE_VEKALET_YOLUYLA_KURBAN_KESIMINE_BASLADI.jpg","type":"image\/jpeg"}],"author":"Selim","twitter_card":"summary_large_image","twitter_creator":"@DiyanetVakfi","twitter_site":"@DiyanetVakfi","schema":{"@context":"https:\/\/schema.org","@graph":[{"@type":"Article","@id":"https:\/\/tdv.org\/tr-TR\/turkiye-diyanet-vakfi-zimbabvede-vekalet-yoluyla-kurban-kesimine-basladi\/#article","isPartOf":{"@id":"https:\/\/tdv.org\/tr-TR\/turkiye-diyanet-vakfi-zimbabvede-vekalet-yoluyla-kurban-kesimine-basladi\/"},"author":{"name":"Selim","@id":"https:\/\/tdv.org\/tr-TR\/#\/schema\/person\/752b55e264a99273d55636516d96d5eb"},"headline":"T\u00fcrkiye Diyanet Vakf\u0131, Zimbabve&#8217;de vekalet yoluyla kurban kesimine ba\u015flad\u0131","datePublished":"2024-06-18T07:20:10+00:00","mainEntityOfPage":{"@id":"https:\/\/tdv.org\/tr-TR\/turkiye-diyanet-vakfi-zimbabvede-vekalet-yoluyla-kurban-kesimine-basladi\/"},"wordCount":249,"publisher":{"@id":"https:\/\/tdv.org\/tr-TR\/#organization"},"image":{"@id":"https:\/\/tdv.org\/tr-TR\/turkiye-diyanet-vakfi-zimbabvede-vekalet-yoluyla-kurban-kesimine-basladi\/#primaryimage"},"thumbnailUrl":"https:\/\/tdv.org\/tr-TR\/wp-content\/uploads\/2024\/06\/AA-20240617-34906906-34906902-TURKIYE_DIYANET_VAKFI_ZIMBABVEDE_VEKALET_YOLUYLA_KURBAN_KESIMINE_BASLADI.jpg","keywords":["2024 Kurban","2024 Y\u0131l\u0131 Vekalet Yoluyla Kurban Kesim Organizasyonu","Kurban 2024","kurban kesimi","Zimbabve"],"articleSection":["Haberler"],"inLanguage":"tr"},{"@type":"WebPage","@id":"https:\/\/tdv.org\/tr-TR\/turkiye-diyanet-vakfi-zimbabvede-vekalet-yoluyla-kurban-kesimine-basladi\/","url":"https:\/\/tdv.org\/tr-TR\/turkiye-diyanet-vakfi-zimbabvede-vekalet-yoluyla-kurban-kesimine-basladi\/","name":"T\u00fcrkiye Diyanet Vakf\u0131, Zimbabve'de vekalet yoluyla kurban kesimine ba\u015flad\u0131","isPartOf":{"@id":"https:\/\/tdv.org\/tr-TR\/#website"},"primaryImageOfPage":{"@id":"https:\/\/tdv.org\/tr-TR\/turkiye-diyanet-vakfi-zimbabvede-vekalet-yoluyla-kurban-kesimine-basladi\/#primaryimage"},"image":{"@id":"https:\/\/tdv.org\/tr-TR\/turkiye-diyanet-vakfi-zimbabvede-vekalet-yoluyla-kurban-kesimine-basladi\/#primaryimage"},"thumbnailUrl":"https:\/\/tdv.org\/tr-TR\/wp-content\/uploads\/2024\/06\/AA-20240617-34906906-34906902-TURKIYE_DIYANET_VAKFI_ZIMBABVEDE_VEKALET_YOLUYLA_KURBAN_KESIMINE_BASLADI.jpg","datePublished":"2024-06-18T07:20:10+00:00","description":"T\u00fcrkiye\u00a0Diyanet\u00a0Vakf\u0131 (TDV) Zimbabve'de ihtiya\u00e7 sahiplerine da\u011f\u0131t\u0131lmak \u00fczere vekalet yoluyla kurban kesimine ba\u015flad\u0131.","breadcrumb":{"@id":"https:\/\/tdv.org\/tr-TR\/turkiye-diyanet-vakfi-zimbabvede-vekalet-yoluyla-kurban-kesimine-basladi\/#breadcrumb"},"inLanguage":"tr","potentialAction":[{"@type":"ReadAction","target":["https:\/\/tdv.org\/tr-TR\/turkiye-diyanet-vakfi-zimbabvede-vekalet-yoluyla-kurban-kesimine-basladi\/"]}]},{"@type":"ImageObject","inLanguage":"tr","@id":"https:\/\/tdv.org\/tr-TR\/turkiye-diyanet-vakfi-zimbabvede-vekalet-yoluyla-kurban-kesimine-basladi\/#primaryimage","url":"https:\/\/tdv.org\/tr-TR\/wp-content\/uploads\/2024\/06\/AA-20240617-34906906-34906902-TURKIYE_DIYANET_VAKFI_ZIMBABVEDE_VEKALET_YOLUYLA_KURBAN_KESIMINE_BASLADI.jpg","contentUrl":"https:\/\/tdv.org\/tr-TR\/wp-content\/uploads\/2024\/06\/AA-20240617-34906906-34906902-TURKIYE_DIYANET_VAKFI_ZIMBABVEDE_VEKALET_YOLUYLA_KURBAN_KESIMINE_BASLADI.jpg","width":1190,"height":768},{"@type":"BreadcrumbList","@id":"https:\/\/tdv.org\/tr-TR\/turkiye-diyanet-vakfi-zimbabvede-vekalet-yoluyla-kurban-kesimine-basladi\/#breadcrumb","itemListElement":[{"@type":"ListItem","position":1,"name":"Anasayfa","item":"https:\/\/tdv.org\/tr-TR\/"},{"@type":"ListItem","position":2,"name":"T\u00fcrkiye Diyanet Vakf\u0131, Zimbabve&#8217;de vekalet yoluyla kurban kesimine ba\u015flad\u0131"}]},{"@type":"WebSite","@id":"https:\/\/tdv.org\/tr-TR\/#website","url":"https:\/\/tdv.org\/tr-TR\/","name":"T\u00fcrkiye Diyanet Vakf\u0131 Resmi Web Sitesi","description":"Yery\u00fcz\u00fcnde iyilik egemen oluncaya kadar","publisher":{"@id":"https:\/\/tdv.org\/tr-TR\/#organization"},"alternateName":"T\u00fcrkiye Diyanet Vakf\u0131","potentialAction":[{"@type":"SearchAction","target":{"@type":"EntryPoint","urlTemplate":"https:\/\/tdv.org\/tr-TR\/?s={search_term_string}"},"query-input":{"@type":"PropertyValueSpecification","valueRequired":true,"valueName":"search_term_string"}}],"inLanguage":"tr"},{"@type":"Organization","@id":"https:\/\/tdv.org\/tr-TR\/#organization","name":"T\u00fcrkiye Diyanet Vakf\u0131","alternateName":"T\u00fcrkiye Diyanet Vakf\u0131","url":"https:\/\/tdv.org\/tr-TR\/","logo":{"@type":"ImageObject","inLanguage":"tr","@id":"https:\/\/tdv.org\/tr-TR\/#\/schema\/logo\/image\/","url":"https:\/\/tdv.org\/tr-TR\/wp-content\/uploads\/2018\/12\/TDV_Logo_1.png","contentUrl":"https:\/\/tdv.org\/tr-TR\/wp-content\/uploads\/2018\/12\/TDV_Logo_1.png","width":207,"height":71,"caption":"T\u00fcrkiye Diyanet Vakf\u0131"},"image":{"@id":"https:\/\/tdv.org\/tr-TR\/#\/schema\/logo\/image\/"},"sameAs":["https:\/\/www.facebook.com\/Diyanetvakfi\/","https:\/\/x.com\/DiyanetVakfi","https:\/\/www.instagram.com\/turkiyediyanetvakfi\/","https:\/\/www.youtube.com\/user\/TurkiyeDiyanetVakfi"]},{"@type":"Person","@id":"https:\/\/tdv.org\/tr-TR\/#\/schema\/person\/752b55e264a99273d55636516d96d5eb","name":"Selim","image":{"@type":"ImageObject","inLanguage":"tr","@id":"https:\/\/tdv.org\/tr-TR\/wp-content\/litespeed\/avatar\/a1e47b25396e98e5b781e88a5396cd96.jpg?ver=1777287391","url":"https:\/\/tdv.org\/tr-TR\/wp-content\/litespeed\/avatar\/a1e47b25396e98e5b781e88a5396cd96.jpg?ver=1777287391","contentUrl":"https:\/\/tdv.org\/tr-TR\/wp-content\/litespeed\/avatar\/a1e47b25396e98e5b781e88a5396cd96.jpg?ver=1777287391","caption":"Selim"}}]}},"_links":{"self":[{"href":"https:\/\/tdv.org\/tr-TR\/wp-json\/wp\/v2\/posts\/42838","targetHints":{"allow":["GET"]}}],"collection":[{"href":"https:\/\/tdv.org\/tr-TR\/wp-json\/wp\/v2\/posts"}],"about":[{"href":"https:\/\/tdv.org\/tr-TR\/wp-json\/wp\/v2\/types\/post"}],"author":[{"embeddable":true,"href":"https:\/\/tdv.org\/tr-TR\/wp-json\/wp\/v2\/users\/8"}],"replies":[{"embeddable":true,"href":"https:\/\/tdv.org\/tr-TR\/wp-json\/wp\/v2\/comments?post=42838"}],"version-history":[{"count":1,"href":"https:\/\/tdv.org\/tr-TR\/wp-json\/wp\/v2\/posts\/42838\/revisions"}],"predecessor-version":[{"id":42845,"href":"https:\/\/tdv.org\/tr-TR\/wp-json\/wp\/v2\/posts\/42838\/revisions\/42845"}],"wp:featuredmedia":[{"embeddable":true,"href":"https:\/\/tdv.org\/tr-TR\/wp-json\/wp\/v2\/media\/42842"}],"wp:attachment":[{"href":"https:\/\/tdv.org\/tr-TR\/wp-json\/wp\/v2\/media?parent=42838"}],"wp:term":[{"taxonomy":"category","embeddable":true,"href":"https:\/\/tdv.org\/tr-TR\/wp-json\/wp\/v2\/categories?post=42838"},{"taxonomy":"post_tag","embeddable":true,"href":"https:\/\/tdv.org\/tr-TR\/wp-json\/wp\/v2\/tags?post=42838"}],"curies":[{"name":"wp","href":"https:\/\/api.w.org\/{rel}","templated":true}]}}