{"id":42868,"date":"2024-06-18T11:41:53","date_gmt":"2024-06-18T08:41:53","guid":{"rendered":"https:\/\/tdv.org\/tr-TR\/?p=42868"},"modified":"2024-06-18T11:41:53","modified_gmt":"2024-06-18T08:41:53","slug":"turk-hayirseverlerin-bagislariyla-kesilen-kurbanlarin-etleri-burundide-ihtiyac-sahiplerine-ulastirildi","status":"publish","type":"post","link":"https:\/\/tdv.org\/tr-TR\/turk-hayirseverlerin-bagislariyla-kesilen-kurbanlarin-etleri-burundide-ihtiyac-sahiplerine-ulastirildi\/","title":{"rendered":"T\u00fcrk hay\u0131rseverlerin ba\u011f\u0131\u015flar\u0131yla kesilen kurbanlar\u0131n etleri Burundi&#8217;de ihtiya\u00e7 sahiplerine ula\u015ft\u0131r\u0131ld\u0131"},"content":{"rendered":"<p style=\"text-align: justify;\"><a href=\"https:\/\/diyanet.gov.tr\/tr-TR\" target=\"_blank\" rel=\"noopener\">Diyanet\u00a0\u0130\u015fleri Ba\u015fkanl\u0131\u011f\u0131<\/a> ile <a href=\"https:\/\/tdv.org\/tr-TR\/\" target=\"_blank\" rel=\"noopener\">T\u00fcrkiye\u00a0Diyanet\u00a0Vakf\u0131n\u0131n (TDV)<\/a> <a href=\"https:\/\/tdv.org\/tr-TR\/faaliyetlerimiz\/kurban\/\" target=\"_blank\" rel=\"noopener\">&#8220;Vekalet Yoluyla Kurban Kesim Organizasyonu&#8221;<\/a> kapsam\u0131nda Burundi&#8217;de kesilen kurbanlar\u0131n etleri, \u00fclkenin \u00e7e\u015fitli b\u00f6lgelerindeki ihtiya\u00e7 sahiplerine ula\u015ft\u0131r\u0131ld\u0131.<\/p>\n<p style=\"text-align: justify;\">TDV&#8217;nin <a href=\"https:\/\/tdv.org\/tr-TR\/faaliyetlerimiz\/kurban\/\" target=\"_blank\" rel=\"noopener\">&#8220;Kurban\u0131n\u0131 payla\u015f, karde\u015finle yak\u0131nla\u015f&#8221;<\/a> slogan\u0131yla d\u00fczenledi\u011fi organizasyon kapsam\u0131nda Matana, Cankuzo ve Egozi b\u00f6lgelerinde 11 bin 200 hisseye denk gelen 1600 b\u00fcy\u00fckba\u015f <a href=\"https:\/\/bagis.tdv.org\/\" target=\"_blank\" rel=\"noopener\">kurbanl\u0131k<\/a> hayvan kesildi.<\/p>\n<p style=\"text-align: justify;\">Paylara ayr\u0131larak paketlenen etler,<a href=\"https:\/\/gonullu.tdv.org\/\" target=\"_blank\" rel=\"noopener\"> TDV g\u00f6n\u00fcll\u00fcleri<\/a> taraf\u0131ndan \u00fclkenin bir\u00e7ok noktas\u0131ndaki ihtiya\u00e7 sahiplerine teslim edildi.<\/p>\n<p style=\"text-align: justify;\">T\u00fcrkiye Cumhuriyeti Bujumbura B\u00fcy\u00fckel\u00e7isi Alp I\u015f\u0131kl\u0131&#8217;n\u0131n kat\u0131l\u0131m\u0131yla, nisanda meydana gelen sel nedeniyle Gatumba&#8217;dan Mubimbi b\u00f6lgesine yerle\u015ftirilen afetzedelere de kurban etleri da\u011f\u0131t\u0131ld\u0131.<\/p>\n<p style=\"text-align: justify;\">I\u015f\u0131kl\u0131, nisanda yo\u011fun ya\u011f\u0131\u015f nedeniyle Tanganika G\u00f6l\u00fc&#8217;n\u00fcn ta\u015fmas\u0131 sonucu b\u00f6lgede ya\u015fayanlar\u0131n ge\u00e7ici olarak Mubimbi b\u00f6lgesine yerle\u015ftirildi\u011fini s\u00f6yledi.<\/p>\n<p style=\"text-align: justify;\">TDV&#8217;nin organizasyonu kapsam\u0131nda 18 ki\u015filik g\u00f6n\u00fcll\u00fc ekibin \u00fclkeye geldi\u011fini belirten I\u015f\u0131kl\u0131, \u015f\u00f6yle konu\u015ftu:<\/p>\n<p style=\"text-align: justify;\">&#8220;\u00dclkemizin ve halk\u0131m\u0131z\u0131n T\u00fcrkiye\u00a0Diyanet\u00a0Vakf\u0131 arac\u0131l\u0131\u011f\u0131yla 11 bin 200 hissenin, \u00f6zellikle M\u00fcsl\u00fcman karde\u015flerimize ve ihtiya\u00e7 sahibi selzedelere ula\u015ft\u0131r\u0131lacak olmas\u0131ndan k\u0131van\u00e7 duymaktay\u0131z. Dost Burundili selzedelerle iki \u00fclke aras\u0131ndaki dayan\u0131\u015fmay\u0131 bir kere daha g\u00f6stermek \u00fczere T\u00fcrkiye\u00a0Diyanet\u00a0Vakf\u0131 ve B\u00fcy\u00fckel\u00e7ili\u011fimiz ekibiyle burada bulu\u015ftuk. Ge\u00e7ti\u011fimiz sene Kahramanmara\u015f&#8217;ta vuku bulan asr\u0131n felaketi nedeniyle bize yard\u0131ma gelen Burundili Emniyet Genel M\u00fcd\u00fcrl\u00fc\u011f\u00fcnden 10 de\u011ferli subay\u0131 da hat\u0131rlayarak T\u00fcrkiye\u00a0Diyanet\u00a0Vakf\u0131n\u0131n ve AFAD&#8217;\u0131n da bu dostluk vesilesiyle Burundi&#8217;ye yard\u0131m etti\u011fini ifade etmek isterim.&#8221;<\/p>\n<p style=\"text-align: justify;\">T\u00fcrk halk\u0131n\u0131n ba\u011f\u0131\u015flar\u0131yla \u00fclkede 11 bin 200 hisseye ula\u015f\u0131ld\u0131\u011f\u0131n\u0131 aktaran I\u015f\u0131kl\u0131, bu yard\u0131m\u0131n d\u00fcnyan\u0131n en fakir \u00fclkelerinden olan Burundi i\u00e7in b\u00fcy\u00fck anlam ifade etti\u011fini vurgulad\u0131.<\/p>\n<p style=\"text-align: justify;\">TDV Burundi Koordinat\u00f6r\u00fc Muhammed Fatih Sar\u0131kaya da t\u00fcm kurbanl\u0131klar\u0131n kesimini tamamlad\u0131klar\u0131n\u0131 belirtti. Selden etkilenen insanlar\u0131n bulundu\u011fu kampta kurban etlerini da\u011f\u0131tt\u0131klar\u0131n\u0131 anlatan Sar\u0131kaya, \u015funlar\u0131 kaydetti:<\/p>\n<p style=\"text-align: justify;\">&#8220;Burada 3 bin 400 ki\u015fi ikamet ediyor. Biz de T\u00fcrkiye\u00a0Diyanet\u00a0Vakf\u0131 olarak vatanda\u015flar\u0131m\u0131z\u0131n k\u0131ymetli emanetlerini yerine ula\u015ft\u0131r\u0131yoruz. Allah hepsinden raz\u0131 olsun. Bulundu\u011fumuz \u00fclke gerek co\u011frafya \u015fartlar\u0131 gerekse de ekonomik y\u00f6nden yoksul bir yer. Bunun \u00fczerine b\u00f6yle bir afetin ya\u015fanmas\u0131 bizleri derinden \u00fczd\u00fc. Biz de bu b\u00f6lgeye vatanda\u015flar\u0131m\u0131z\u0131n ba\u011f\u0131\u015flar\u0131n\u0131 ula\u015ft\u0131rd\u0131k. B\u00f6lgeye yakla\u015f\u0131k 2 saatte geldik. Zor yollar\u0131 a\u015farak ula\u015ft\u0131k. \u0130n\u015fallah b\u00fct\u00fcn karde\u015flerimize yard\u0131mlar\u0131m\u0131z\u0131 ula\u015ft\u0131rmaya \u00e7al\u0131\u015faca\u011f\u0131z.&#8221;<\/p>\n\n\t\t<style type=\"text\/css\">\n\t\t\t#gallery-1 {\n\t\t\t\tmargin: auto;\n\t\t\t}\n\t\t\t#gallery-1 .gallery-item {\n\t\t\t\tfloat: left;\n\t\t\t\tmargin-top: 10px;\n\t\t\t\ttext-align: center;\n\t\t\t\twidth: 33%;\n\t\t\t}\n\t\t\t#gallery-1 img {\n\t\t\t\tborder: 2px solid #cfcfcf;\n\t\t\t}\n\t\t\t#gallery-1 .gallery-caption {\n\t\t\t\tmargin-left: 0;\n\t\t\t}\n\t\t\t\/* see gallery_shortcode() in wp-includes\/media.php *\/\n\t\t<\/style>\n\t\t<div id='gallery-1' class='gallery galleryid-42868 gallery-columns-3 gallery-size-full'><dl class='gallery-item'>\n\t\t\t<dt class='gallery-icon landscape'>\n\t\t\t\t<a href='https:\/\/tdv.org\/tr-TR\/wp-content\/uploads\/2024\/06\/AA6FA11-Orta.jpeg'><img decoding=\"async\" width=\"1024\" height=\"768\" src=\"https:\/\/tdv.org\/tr-TR\/wp-content\/uploads\/2024\/06\/AA6FA11-Orta.jpeg\" class=\"attachment-full size-full\" alt=\"\" srcset=\"https:\/\/tdv.org\/tr-TR\/wp-content\/uploads\/2024\/06\/AA6FA11-Orta.jpeg 1024w, https:\/\/tdv.org\/tr-TR\/wp-content\/uploads\/2024\/06\/AA6FA11-Orta-300x225.jpeg 300w, https:\/\/tdv.org\/tr-TR\/wp-content\/uploads\/2024\/06\/AA6FA11-Orta-768x576.jpeg 768w\" sizes=\"(max-width: 1024px) 100vw, 1024px\" \/><\/a>\n\t\t\t<\/dt><\/dl><dl class='gallery-item'>\n\t\t\t<dt class='gallery-icon landscape'>\n\t\t\t\t<a href='https:\/\/tdv.org\/tr-TR\/wp-content\/uploads\/2024\/06\/AA7E631-Orta.jpeg'><img decoding=\"async\" width=\"1024\" height=\"768\" src=\"https:\/\/tdv.org\/tr-TR\/wp-content\/uploads\/2024\/06\/AA7E631-Orta.jpeg\" class=\"attachment-full size-full\" alt=\"\" srcset=\"https:\/\/tdv.org\/tr-TR\/wp-content\/uploads\/2024\/06\/AA7E631-Orta.jpeg 1024w, https:\/\/tdv.org\/tr-TR\/wp-content\/uploads\/2024\/06\/AA7E631-Orta-300x225.jpeg 300w, https:\/\/tdv.org\/tr-TR\/wp-content\/uploads\/2024\/06\/AA7E631-Orta-768x576.jpeg 768w\" sizes=\"(max-width: 1024px) 100vw, 1024px\" \/><\/a>\n\t\t\t<\/dt><\/dl><dl class='gallery-item'>\n\t\t\t<dt class='gallery-icon landscape'>\n\t\t\t\t<a href='https:\/\/tdv.org\/tr-TR\/wp-content\/uploads\/2024\/06\/AA9AE41-Orta.jpeg'><img decoding=\"async\" width=\"1024\" height=\"768\" src=\"https:\/\/tdv.org\/tr-TR\/wp-content\/uploads\/2024\/06\/AA9AE41-Orta.jpeg\" class=\"attachment-full size-full\" alt=\"\" srcset=\"https:\/\/tdv.org\/tr-TR\/wp-content\/uploads\/2024\/06\/AA9AE41-Orta.jpeg 1024w, https:\/\/tdv.org\/tr-TR\/wp-content\/uploads\/2024\/06\/AA9AE41-Orta-300x225.jpeg 300w, https:\/\/tdv.org\/tr-TR\/wp-content\/uploads\/2024\/06\/AA9AE41-Orta-768x576.jpeg 768w\" sizes=\"(max-width: 1024px) 100vw, 1024px\" \/><\/a>\n\t\t\t<\/dt><\/dl><br style=\"clear: both\" \/><dl class='gallery-item'>\n\t\t\t<dt class='gallery-icon landscape'>\n\t\t\t\t<a href='https:\/\/tdv.org\/tr-TR\/wp-content\/uploads\/2024\/06\/AA26D21-Orta.jpeg'><img decoding=\"async\" width=\"1024\" height=\"768\" src=\"https:\/\/tdv.org\/tr-TR\/wp-content\/uploads\/2024\/06\/AA26D21-Orta.jpeg\" class=\"attachment-full size-full\" alt=\"\" srcset=\"https:\/\/tdv.org\/tr-TR\/wp-content\/uploads\/2024\/06\/AA26D21-Orta.jpeg 1024w, https:\/\/tdv.org\/tr-TR\/wp-content\/uploads\/2024\/06\/AA26D21-Orta-300x225.jpeg 300w, https:\/\/tdv.org\/tr-TR\/wp-content\/uploads\/2024\/06\/AA26D21-Orta-768x576.jpeg 768w\" sizes=\"(max-width: 1024px) 100vw, 1024px\" \/><\/a>\n\t\t\t<\/dt><\/dl><dl class='gallery-item'>\n\t\t\t<dt class='gallery-icon landscape'>\n\t\t\t\t<a href='https:\/\/tdv.org\/tr-TR\/wp-content\/uploads\/2024\/06\/AA187B1-Orta.jpeg'><img decoding=\"async\" width=\"1077\" height=\"768\" src=\"https:\/\/tdv.org\/tr-TR\/wp-content\/uploads\/2024\/06\/AA187B1-Orta.jpeg\" class=\"attachment-full size-full\" alt=\"\" srcset=\"https:\/\/tdv.org\/tr-TR\/wp-content\/uploads\/2024\/06\/AA187B1-Orta.jpeg 1077w, https:\/\/tdv.org\/tr-TR\/wp-content\/uploads\/2024\/06\/AA187B1-Orta-300x214.jpeg 300w, https:\/\/tdv.org\/tr-TR\/wp-content\/uploads\/2024\/06\/AA187B1-Orta-1024x730.jpeg 1024w, https:\/\/tdv.org\/tr-TR\/wp-content\/uploads\/2024\/06\/AA187B1-Orta-768x548.jpeg 768w\" sizes=\"(max-width: 1077px) 100vw, 1077px\" \/><\/a>\n\t\t\t<\/dt><\/dl><dl class='gallery-item'>\n\t\t\t<dt class='gallery-icon landscape'>\n\t\t\t\t<a href='https:\/\/tdv.org\/tr-TR\/wp-content\/uploads\/2024\/06\/AA-2021-Orta-7.jpeg'><img decoding=\"async\" width=\"1024\" height=\"768\" src=\"https:\/\/tdv.org\/tr-TR\/wp-content\/uploads\/2024\/06\/AA-2021-Orta-7.jpeg\" class=\"attachment-full size-full\" alt=\"\" srcset=\"https:\/\/tdv.org\/tr-TR\/wp-content\/uploads\/2024\/06\/AA-2021-Orta-7.jpeg 1024w, https:\/\/tdv.org\/tr-TR\/wp-content\/uploads\/2024\/06\/AA-2021-Orta-7-300x225.jpeg 300w, https:\/\/tdv.org\/tr-TR\/wp-content\/uploads\/2024\/06\/AA-2021-Orta-7-768x576.jpeg 768w\" sizes=\"(max-width: 1024px) 100vw, 1024px\" \/><\/a>\n\t\t\t<\/dt><\/dl><br style=\"clear: both\" \/><dl class='gallery-item'>\n\t\t\t<dt class='gallery-icon landscape'>\n\t\t\t\t<a href='https:\/\/tdv.org\/tr-TR\/wp-content\/uploads\/2024\/06\/AA-2022-Orta-7.jpeg'><img decoding=\"async\" width=\"1024\" height=\"768\" src=\"https:\/\/tdv.org\/tr-TR\/wp-content\/uploads\/2024\/06\/AA-2022-Orta-7.jpeg\" class=\"attachment-full size-full\" alt=\"\" srcset=\"https:\/\/tdv.org\/tr-TR\/wp-content\/uploads\/2024\/06\/AA-2022-Orta-7.jpeg 1024w, https:\/\/tdv.org\/tr-TR\/wp-content\/uploads\/2024\/06\/AA-2022-Orta-7-300x225.jpeg 300w, https:\/\/tdv.org\/tr-TR\/wp-content\/uploads\/2024\/06\/AA-2022-Orta-7-768x576.jpeg 768w\" sizes=\"(max-width: 1024px) 100vw, 1024px\" \/><\/a>\n\t\t\t<\/dt><\/dl><dl class='gallery-item'>\n\t\t\t<dt class='gallery-icon landscape'>\n\t\t\t\t<a href='https:\/\/tdv.org\/tr-TR\/wp-content\/uploads\/2024\/06\/AA-2023-Orta-7.jpeg'><img decoding=\"async\" width=\"1024\" height=\"768\" src=\"https:\/\/tdv.org\/tr-TR\/wp-content\/uploads\/2024\/06\/AA-2023-Orta-7.jpeg\" class=\"attachment-full size-full\" alt=\"\" srcset=\"https:\/\/tdv.org\/tr-TR\/wp-content\/uploads\/2024\/06\/AA-2023-Orta-7.jpeg 1024w, https:\/\/tdv.org\/tr-TR\/wp-content\/uploads\/2024\/06\/AA-2023-Orta-7-300x225.jpeg 300w, https:\/\/tdv.org\/tr-TR\/wp-content\/uploads\/2024\/06\/AA-2023-Orta-7-768x576.jpeg 768w\" sizes=\"(max-width: 1024px) 100vw, 1024px\" \/><\/a>\n\t\t\t<\/dt><\/dl><dl class='gallery-item'>\n\t\t\t<dt class='gallery-icon landscape'>\n\t\t\t\t<a href='https:\/\/tdv.org\/tr-TR\/wp-content\/uploads\/2024\/06\/AA-2024-Orta-5.jpeg'><img decoding=\"async\" width=\"1075\" height=\"768\" src=\"https:\/\/tdv.org\/tr-TR\/wp-content\/uploads\/2024\/06\/AA-2024-Orta-5.jpeg\" class=\"attachment-full size-full\" alt=\"\" srcset=\"https:\/\/tdv.org\/tr-TR\/wp-content\/uploads\/2024\/06\/AA-2024-Orta-5.jpeg 1075w, https:\/\/tdv.org\/tr-TR\/wp-content\/uploads\/2024\/06\/AA-2024-Orta-5-300x214.jpeg 300w, https:\/\/tdv.org\/tr-TR\/wp-content\/uploads\/2024\/06\/AA-2024-Orta-5-1024x732.jpeg 1024w, https:\/\/tdv.org\/tr-TR\/wp-content\/uploads\/2024\/06\/AA-2024-Orta-5-768x549.jpeg 768w\" sizes=\"(max-width: 1075px) 100vw, 1075px\" \/><\/a>\n\t\t\t<\/dt><\/dl><br style=\"clear: both\" \/><dl class='gallery-item'>\n\t\t\t<dt class='gallery-icon landscape'>\n\t\t\t\t<a href='https:\/\/tdv.org\/tr-TR\/wp-content\/uploads\/2024\/06\/AA14061-Orta.jpeg'><img decoding=\"async\" width=\"1024\" height=\"768\" src=\"https:\/\/tdv.org\/tr-TR\/wp-content\/uploads\/2024\/06\/AA14061-Orta.jpeg\" class=\"attachment-full size-full\" alt=\"\" srcset=\"https:\/\/tdv.org\/tr-TR\/wp-content\/uploads\/2024\/06\/AA14061-Orta.jpeg 1024w, https:\/\/tdv.org\/tr-TR\/wp-content\/uploads\/2024\/06\/AA14061-Orta-300x225.jpeg 300w, https:\/\/tdv.org\/tr-TR\/wp-content\/uploads\/2024\/06\/AA14061-Orta-768x576.jpeg 768w\" sizes=\"(max-width: 1024px) 100vw, 1024px\" \/><\/a>\n\t\t\t<\/dt><\/dl><dl class='gallery-item'>\n\t\t\t<dt class='gallery-icon landscape'>\n\t\t\t\t<a href='https:\/\/tdv.org\/tr-TR\/wp-content\/uploads\/2024\/06\/AAA1CB1-Orta.jpeg'><img decoding=\"async\" width=\"1024\" height=\"768\" src=\"https:\/\/tdv.org\/tr-TR\/wp-content\/uploads\/2024\/06\/AAA1CB1-Orta.jpeg\" class=\"attachment-full size-full\" alt=\"\" srcset=\"https:\/\/tdv.org\/tr-TR\/wp-content\/uploads\/2024\/06\/AAA1CB1-Orta.jpeg 1024w, https:\/\/tdv.org\/tr-TR\/wp-content\/uploads\/2024\/06\/AAA1CB1-Orta-300x225.jpeg 300w, https:\/\/tdv.org\/tr-TR\/wp-content\/uploads\/2024\/06\/AAA1CB1-Orta-768x576.jpeg 768w\" sizes=\"(max-width: 1024px) 100vw, 1024px\" \/><\/a>\n\t\t\t<\/dt><\/dl><dl class='gallery-item'>\n\t\t\t<dt class='gallery-icon landscape'>\n\t\t\t\t<a href='https:\/\/tdv.org\/tr-TR\/wp-content\/uploads\/2024\/06\/AAA5311-Orta.jpeg'><img decoding=\"async\" width=\"1024\" height=\"768\" src=\"https:\/\/tdv.org\/tr-TR\/wp-content\/uploads\/2024\/06\/AAA5311-Orta.jpeg\" class=\"attachment-full size-full\" alt=\"\" srcset=\"https:\/\/tdv.org\/tr-TR\/wp-content\/uploads\/2024\/06\/AAA5311-Orta.jpeg 1024w, https:\/\/tdv.org\/tr-TR\/wp-content\/uploads\/2024\/06\/AAA5311-Orta-300x225.jpeg 300w, https:\/\/tdv.org\/tr-TR\/wp-content\/uploads\/2024\/06\/AAA5311-Orta-768x576.jpeg 768w\" sizes=\"(max-width: 1024px) 100vw, 1024px\" \/><\/a>\n\t\t\t<\/dt><\/dl><br style=\"clear: both\" \/><dl class='gallery-item'>\n\t\t\t<dt class='gallery-icon landscape'>\n\t\t\t\t<a href='https:\/\/tdv.org\/tr-TR\/wp-content\/uploads\/2024\/06\/AAEC381-Orta.jpeg'><img decoding=\"async\" width=\"1136\" height=\"768\" src=\"https:\/\/tdv.org\/tr-TR\/wp-content\/uploads\/2024\/06\/AAEC381-Orta.jpeg\" class=\"attachment-full size-full\" alt=\"\" srcset=\"https:\/\/tdv.org\/tr-TR\/wp-content\/uploads\/2024\/06\/AAEC381-Orta.jpeg 1136w, https:\/\/tdv.org\/tr-TR\/wp-content\/uploads\/2024\/06\/AAEC381-Orta-300x203.jpeg 300w, https:\/\/tdv.org\/tr-TR\/wp-content\/uploads\/2024\/06\/AAEC381-Orta-1024x692.jpeg 1024w, https:\/\/tdv.org\/tr-TR\/wp-content\/uploads\/2024\/06\/AAEC381-Orta-768x519.jpeg 768w, https:\/\/tdv.org\/tr-TR\/wp-content\/uploads\/2024\/06\/AAEC381-Orta-400x269.jpeg 400w\" sizes=\"(max-width: 1136px) 100vw, 1136px\" \/><\/a>\n\t\t\t<\/dt><\/dl>\n\t\t\t<br style='clear: both' \/>\n\t\t<\/div>\n\n","protected":false},"excerpt":{"rendered":"<p>Diyanet\u00a0\u0130\u015fleri Ba\u015fkanl\u0131\u011f\u0131 ile T\u00fcrkiye\u00a0Diyanet\u00a0Vakf\u0131n\u0131n (TDV) &#8220;Vekalet Yoluyla Kurban Kesim Organizasyonu&#8221; kapsam\u0131nda Burundi&#8217;de kesilen kurbanlar\u0131n etleri, \u00fclkenin \u00e7e\u015fitli b\u00f6lgelerindeki ihtiya\u00e7 sahiplerine ula\u015ft\u0131r\u0131ld\u0131. TDV&#8217;nin &#8220;Kurban\u0131n\u0131 payla\u015f, karde\u015finle yak\u0131nla\u015f&#8221; slogan\u0131yla d\u00fczenledi\u011fi organizasyon kapsam\u0131nda&#8230;<\/p>\n","protected":false},"author":8,"featured_media":42880,"comment_status":"closed","ping_status":"closed","sticky":false,"template":"","format":"standard","meta":{"footnotes":""},"categories":[1],"tags":[2285,2286,2293,2284,744],"class_list":{"0":"post-42868","1":"post","2":"type-post","3":"status-publish","4":"format-standard","5":"has-post-thumbnail","7":"category-haberler","8":"tag-2024-kurban","9":"tag-2024-yili-vekalet-yoluyla-kurban-kesim-organizasyonu","10":"tag-burundi","11":"tag-kurban-2024","12":"tag-kurban-dagitimi"},"yoast_head":"<!-- This site is optimized with the Yoast SEO plugin v27.5 - https:\/\/yoast.com\/product\/yoast-seo-wordpress\/ -->\n<title>T\u00fcrk hay\u0131rseverlerin ba\u011f\u0131\u015flar\u0131yla kesilen kurbanlar\u0131n etleri Burundi&#039;de ihtiya\u00e7 sahiplerine ula\u015ft\u0131r\u0131ld\u0131<\/title>\n<meta name=\"description\" content=\"Diyanet\u00a0\u0130\u015fleri Ba\u015fkanl\u0131\u011f\u0131 ile T\u00fcrkiye\u00a0Diyanet\u00a0Vakf\u0131n\u0131n (TDV) &quot;Vekalet Yoluyla Kurban Kesim Organizasyonu&quot; kapsam\u0131nda Burundi&#039;de kesilen kurbanlar\u0131n etleri, \u00fclkenin \u00e7e\u015fitli b\u00f6lgelerindeki ihtiya\u00e7 sahiplerine ula\u015ft\u0131r\u0131ld\u0131.\" \/>\n<meta name=\"robots\" content=\"index, follow, max-snippet:-1, max-image-preview:large, max-video-preview:-1\" \/>\n<link rel=\"canonical\" href=\"https:\/\/tdv.org\/tr-TR\/turk-hayirseverlerin-bagislariyla-kesilen-kurbanlarin-etleri-burundide-ihtiyac-sahiplerine-ulastirildi\/\" \/>\n<meta property=\"og:locale\" content=\"tr_TR\" \/>\n<meta property=\"og:type\" content=\"article\" \/>\n<meta property=\"og:title\" content=\"T\u00fcrk hay\u0131rseverlerin ba\u011f\u0131\u015flar\u0131yla kesilen kurbanlar\u0131n etleri Burundi&#039;de ihtiya\u00e7 sahiplerine ula\u015ft\u0131r\u0131ld\u0131\" \/>\n<meta property=\"og:description\" content=\"Diyanet\u00a0\u0130\u015fleri Ba\u015fkanl\u0131\u011f\u0131 ile T\u00fcrkiye\u00a0Diyanet\u00a0Vakf\u0131n\u0131n (TDV) &quot;Vekalet Yoluyla Kurban Kesim Organizasyonu&quot; kapsam\u0131nda Burundi&#039;de kesilen kurbanlar\u0131n etleri, \u00fclkenin \u00e7e\u015fitli b\u00f6lgelerindeki ihtiya\u00e7 sahiplerine ula\u015ft\u0131r\u0131ld\u0131.\" \/>\n<meta property=\"og:url\" content=\"https:\/\/tdv.org\/tr-TR\/turk-hayirseverlerin-bagislariyla-kesilen-kurbanlarin-etleri-burundide-ihtiyac-sahiplerine-ulastirildi\/\" \/>\n<meta property=\"og:site_name\" content=\"T\u00fcrkiye Diyanet Vakf\u0131 Resmi Web Sitesi\" \/>\n<meta property=\"article:publisher\" content=\"https:\/\/www.facebook.com\/Diyanetvakfi\/\" \/>\n<meta property=\"article:published_time\" content=\"2024-06-18T08:41:53+00:00\" \/>\n<meta property=\"og:image\" content=\"https:\/\/tdv.org\/tr-TR\/wp-content\/uploads\/2024\/06\/AAA5311-Orta.jpeg\" \/>\n\t<meta property=\"og:image:width\" content=\"1024\" \/>\n\t<meta property=\"og:image:height\" content=\"768\" \/>\n\t<meta property=\"og:image:type\" content=\"image\/jpeg\" \/>\n<meta name=\"author\" content=\"Selim\" \/>\n<meta name=\"twitter:card\" content=\"summary_large_image\" \/>\n<meta name=\"twitter:creator\" content=\"@DiyanetVakfi\" \/>\n<meta name=\"twitter:site\" content=\"@DiyanetVakfi\" \/>\n<script type=\"application\/ld+json\" class=\"yoast-schema-graph\">{\"@context\":\"https:\\\/\\\/schema.org\",\"@graph\":[{\"@type\":\"Article\",\"@id\":\"https:\\\/\\\/tdv.org\\\/tr-TR\\\/turk-hayirseverlerin-bagislariyla-kesilen-kurbanlarin-etleri-burundide-ihtiyac-sahiplerine-ulastirildi\\\/#article\",\"isPartOf\":{\"@id\":\"https:\\\/\\\/tdv.org\\\/tr-TR\\\/turk-hayirseverlerin-bagislariyla-kesilen-kurbanlarin-etleri-burundide-ihtiyac-sahiplerine-ulastirildi\\\/\"},\"author\":{\"name\":\"Selim\",\"@id\":\"https:\\\/\\\/tdv.org\\\/tr-TR\\\/#\\\/schema\\\/person\\\/752b55e264a99273d55636516d96d5eb\"},\"headline\":\"T\u00fcrk hay\u0131rseverlerin ba\u011f\u0131\u015flar\u0131yla kesilen kurbanlar\u0131n etleri Burundi&#8217;de ihtiya\u00e7 sahiplerine ula\u015ft\u0131r\u0131ld\u0131\",\"datePublished\":\"2024-06-18T08:41:53+00:00\",\"mainEntityOfPage\":{\"@id\":\"https:\\\/\\\/tdv.org\\\/tr-TR\\\/turk-hayirseverlerin-bagislariyla-kesilen-kurbanlarin-etleri-burundide-ihtiyac-sahiplerine-ulastirildi\\\/\"},\"wordCount\":497,\"publisher\":{\"@id\":\"https:\\\/\\\/tdv.org\\\/tr-TR\\\/#organization\"},\"image\":{\"@id\":\"https:\\\/\\\/tdv.org\\\/tr-TR\\\/turk-hayirseverlerin-bagislariyla-kesilen-kurbanlarin-etleri-burundide-ihtiyac-sahiplerine-ulastirildi\\\/#primaryimage\"},\"thumbnailUrl\":\"https:\\\/\\\/tdv.org\\\/tr-TR\\\/wp-content\\\/uploads\\\/2024\\\/06\\\/AAA5311-Orta.jpeg\",\"keywords\":[\"2024 Kurban\",\"2024 Y\u0131l\u0131 Vekalet Yoluyla Kurban Kesim Organizasyonu\",\"burundi\",\"Kurban 2024\",\"kurban da\u011f\u0131t\u0131m\u0131\"],\"articleSection\":[\"Haberler\"],\"inLanguage\":\"tr\"},{\"@type\":\"WebPage\",\"@id\":\"https:\\\/\\\/tdv.org\\\/tr-TR\\\/turk-hayirseverlerin-bagislariyla-kesilen-kurbanlarin-etleri-burundide-ihtiyac-sahiplerine-ulastirildi\\\/\",\"url\":\"https:\\\/\\\/tdv.org\\\/tr-TR\\\/turk-hayirseverlerin-bagislariyla-kesilen-kurbanlarin-etleri-burundide-ihtiyac-sahiplerine-ulastirildi\\\/\",\"name\":\"T\u00fcrk hay\u0131rseverlerin ba\u011f\u0131\u015flar\u0131yla kesilen kurbanlar\u0131n etleri Burundi'de ihtiya\u00e7 sahiplerine ula\u015ft\u0131r\u0131ld\u0131\",\"isPartOf\":{\"@id\":\"https:\\\/\\\/tdv.org\\\/tr-TR\\\/#website\"},\"primaryImageOfPage\":{\"@id\":\"https:\\\/\\\/tdv.org\\\/tr-TR\\\/turk-hayirseverlerin-bagislariyla-kesilen-kurbanlarin-etleri-burundide-ihtiyac-sahiplerine-ulastirildi\\\/#primaryimage\"},\"image\":{\"@id\":\"https:\\\/\\\/tdv.org\\\/tr-TR\\\/turk-hayirseverlerin-bagislariyla-kesilen-kurbanlarin-etleri-burundide-ihtiyac-sahiplerine-ulastirildi\\\/#primaryimage\"},\"thumbnailUrl\":\"https:\\\/\\\/tdv.org\\\/tr-TR\\\/wp-content\\\/uploads\\\/2024\\\/06\\\/AAA5311-Orta.jpeg\",\"datePublished\":\"2024-06-18T08:41:53+00:00\",\"description\":\"Diyanet\u00a0\u0130\u015fleri Ba\u015fkanl\u0131\u011f\u0131 ile T\u00fcrkiye\u00a0Diyanet\u00a0Vakf\u0131n\u0131n (TDV) \\\"Vekalet Yoluyla Kurban Kesim Organizasyonu\\\" kapsam\u0131nda Burundi'de kesilen kurbanlar\u0131n etleri, \u00fclkenin \u00e7e\u015fitli b\u00f6lgelerindeki ihtiya\u00e7 sahiplerine ula\u015ft\u0131r\u0131ld\u0131.\",\"breadcrumb\":{\"@id\":\"https:\\\/\\\/tdv.org\\\/tr-TR\\\/turk-hayirseverlerin-bagislariyla-kesilen-kurbanlarin-etleri-burundide-ihtiyac-sahiplerine-ulastirildi\\\/#breadcrumb\"},\"inLanguage\":\"tr\",\"potentialAction\":[{\"@type\":\"ReadAction\",\"target\":[\"https:\\\/\\\/tdv.org\\\/tr-TR\\\/turk-hayirseverlerin-bagislariyla-kesilen-kurbanlarin-etleri-burundide-ihtiyac-sahiplerine-ulastirildi\\\/\"]}]},{\"@type\":\"ImageObject\",\"inLanguage\":\"tr\",\"@id\":\"https:\\\/\\\/tdv.org\\\/tr-TR\\\/turk-hayirseverlerin-bagislariyla-kesilen-kurbanlarin-etleri-burundide-ihtiyac-sahiplerine-ulastirildi\\\/#primaryimage\",\"url\":\"https:\\\/\\\/tdv.org\\\/tr-TR\\\/wp-content\\\/uploads\\\/2024\\\/06\\\/AAA5311-Orta.jpeg\",\"contentUrl\":\"https:\\\/\\\/tdv.org\\\/tr-TR\\\/wp-content\\\/uploads\\\/2024\\\/06\\\/AAA5311-Orta.jpeg\",\"width\":1024,\"height\":768},{\"@type\":\"BreadcrumbList\",\"@id\":\"https:\\\/\\\/tdv.org\\\/tr-TR\\\/turk-hayirseverlerin-bagislariyla-kesilen-kurbanlarin-etleri-burundide-ihtiyac-sahiplerine-ulastirildi\\\/#breadcrumb\",\"itemListElement\":[{\"@type\":\"ListItem\",\"position\":1,\"name\":\"Anasayfa\",\"item\":\"https:\\\/\\\/tdv.org\\\/tr-TR\\\/\"},{\"@type\":\"ListItem\",\"position\":2,\"name\":\"T\u00fcrk hay\u0131rseverlerin ba\u011f\u0131\u015flar\u0131yla kesilen kurbanlar\u0131n etleri Burundi&#8217;de ihtiya\u00e7 sahiplerine ula\u015ft\u0131r\u0131ld\u0131\"}]},{\"@type\":\"WebSite\",\"@id\":\"https:\\\/\\\/tdv.org\\\/tr-TR\\\/#website\",\"url\":\"https:\\\/\\\/tdv.org\\\/tr-TR\\\/\",\"name\":\"T\u00fcrkiye Diyanet Vakf\u0131 Resmi Web Sitesi\",\"description\":\"Yery\u00fcz\u00fcnde iyilik egemen oluncaya kadar\",\"publisher\":{\"@id\":\"https:\\\/\\\/tdv.org\\\/tr-TR\\\/#organization\"},\"alternateName\":\"T\u00fcrkiye Diyanet Vakf\u0131\",\"potentialAction\":[{\"@type\":\"SearchAction\",\"target\":{\"@type\":\"EntryPoint\",\"urlTemplate\":\"https:\\\/\\\/tdv.org\\\/tr-TR\\\/?s={search_term_string}\"},\"query-input\":{\"@type\":\"PropertyValueSpecification\",\"valueRequired\":true,\"valueName\":\"search_term_string\"}}],\"inLanguage\":\"tr\"},{\"@type\":\"Organization\",\"@id\":\"https:\\\/\\\/tdv.org\\\/tr-TR\\\/#organization\",\"name\":\"T\u00fcrkiye Diyanet Vakf\u0131\",\"alternateName\":\"T\u00fcrkiye Diyanet Vakf\u0131\",\"url\":\"https:\\\/\\\/tdv.org\\\/tr-TR\\\/\",\"logo\":{\"@type\":\"ImageObject\",\"inLanguage\":\"tr\",\"@id\":\"https:\\\/\\\/tdv.org\\\/tr-TR\\\/#\\\/schema\\\/logo\\\/image\\\/\",\"url\":\"https:\\\/\\\/tdv.org\\\/tr-TR\\\/wp-content\\\/uploads\\\/2018\\\/12\\\/TDV_Logo_1.png\",\"contentUrl\":\"https:\\\/\\\/tdv.org\\\/tr-TR\\\/wp-content\\\/uploads\\\/2018\\\/12\\\/TDV_Logo_1.png\",\"width\":207,\"height\":71,\"caption\":\"T\u00fcrkiye Diyanet Vakf\u0131\"},\"image\":{\"@id\":\"https:\\\/\\\/tdv.org\\\/tr-TR\\\/#\\\/schema\\\/logo\\\/image\\\/\"},\"sameAs\":[\"https:\\\/\\\/www.facebook.com\\\/Diyanetvakfi\\\/\",\"https:\\\/\\\/x.com\\\/DiyanetVakfi\",\"https:\\\/\\\/www.instagram.com\\\/turkiyediyanetvakfi\\\/\",\"https:\\\/\\\/www.youtube.com\\\/user\\\/TurkiyeDiyanetVakfi\"]},{\"@type\":\"Person\",\"@id\":\"https:\\\/\\\/tdv.org\\\/tr-TR\\\/#\\\/schema\\\/person\\\/752b55e264a99273d55636516d96d5eb\",\"name\":\"Selim\",\"image\":{\"@type\":\"ImageObject\",\"inLanguage\":\"tr\",\"@id\":\"https:\\\/\\\/tdv.org\\\/tr-TR\\\/wp-content\\\/litespeed\\\/avatar\\\/a1e47b25396e98e5b781e88a5396cd96.jpg?ver=1777287391\",\"url\":\"https:\\\/\\\/tdv.org\\\/tr-TR\\\/wp-content\\\/litespeed\\\/avatar\\\/a1e47b25396e98e5b781e88a5396cd96.jpg?ver=1777287391\",\"contentUrl\":\"https:\\\/\\\/tdv.org\\\/tr-TR\\\/wp-content\\\/litespeed\\\/avatar\\\/a1e47b25396e98e5b781e88a5396cd96.jpg?ver=1777287391\",\"caption\":\"Selim\"}}]}<\/script>\n<!-- \/ Yoast SEO plugin. -->","yoast_head_json":{"title":"T\u00fcrk hay\u0131rseverlerin ba\u011f\u0131\u015flar\u0131yla kesilen kurbanlar\u0131n etleri Burundi'de ihtiya\u00e7 sahiplerine ula\u015ft\u0131r\u0131ld\u0131","description":"Diyanet\u00a0\u0130\u015fleri Ba\u015fkanl\u0131\u011f\u0131 ile T\u00fcrkiye\u00a0Diyanet\u00a0Vakf\u0131n\u0131n (TDV) \"Vekalet Yoluyla Kurban Kesim Organizasyonu\" kapsam\u0131nda Burundi'de kesilen kurbanlar\u0131n etleri, \u00fclkenin \u00e7e\u015fitli b\u00f6lgelerindeki ihtiya\u00e7 sahiplerine ula\u015ft\u0131r\u0131ld\u0131.","robots":{"index":"index","follow":"follow","max-snippet":"max-snippet:-1","max-image-preview":"max-image-preview:large","max-video-preview":"max-video-preview:-1"},"canonical":"https:\/\/tdv.org\/tr-TR\/turk-hayirseverlerin-bagislariyla-kesilen-kurbanlarin-etleri-burundide-ihtiyac-sahiplerine-ulastirildi\/","og_locale":"tr_TR","og_type":"article","og_title":"T\u00fcrk hay\u0131rseverlerin ba\u011f\u0131\u015flar\u0131yla kesilen kurbanlar\u0131n etleri Burundi'de ihtiya\u00e7 sahiplerine ula\u015ft\u0131r\u0131ld\u0131","og_description":"Diyanet\u00a0\u0130\u015fleri Ba\u015fkanl\u0131\u011f\u0131 ile T\u00fcrkiye\u00a0Diyanet\u00a0Vakf\u0131n\u0131n (TDV) \"Vekalet Yoluyla Kurban Kesim Organizasyonu\" kapsam\u0131nda Burundi'de kesilen kurbanlar\u0131n etleri, \u00fclkenin \u00e7e\u015fitli b\u00f6lgelerindeki ihtiya\u00e7 sahiplerine ula\u015ft\u0131r\u0131ld\u0131.","og_url":"https:\/\/tdv.org\/tr-TR\/turk-hayirseverlerin-bagislariyla-kesilen-kurbanlarin-etleri-burundide-ihtiyac-sahiplerine-ulastirildi\/","og_site_name":"T\u00fcrkiye Diyanet Vakf\u0131 Resmi Web Sitesi","article_publisher":"https:\/\/www.facebook.com\/Diyanetvakfi\/","article_published_time":"2024-06-18T08:41:53+00:00","og_image":[{"width":1024,"height":768,"url":"https:\/\/tdv.org\/tr-TR\/wp-content\/uploads\/2024\/06\/AAA5311-Orta.jpeg","type":"image\/jpeg"}],"author":"Selim","twitter_card":"summary_large_image","twitter_creator":"@DiyanetVakfi","twitter_site":"@DiyanetVakfi","schema":{"@context":"https:\/\/schema.org","@graph":[{"@type":"Article","@id":"https:\/\/tdv.org\/tr-TR\/turk-hayirseverlerin-bagislariyla-kesilen-kurbanlarin-etleri-burundide-ihtiyac-sahiplerine-ulastirildi\/#article","isPartOf":{"@id":"https:\/\/tdv.org\/tr-TR\/turk-hayirseverlerin-bagislariyla-kesilen-kurbanlarin-etleri-burundide-ihtiyac-sahiplerine-ulastirildi\/"},"author":{"name":"Selim","@id":"https:\/\/tdv.org\/tr-TR\/#\/schema\/person\/752b55e264a99273d55636516d96d5eb"},"headline":"T\u00fcrk hay\u0131rseverlerin ba\u011f\u0131\u015flar\u0131yla kesilen kurbanlar\u0131n etleri Burundi&#8217;de ihtiya\u00e7 sahiplerine ula\u015ft\u0131r\u0131ld\u0131","datePublished":"2024-06-18T08:41:53+00:00","mainEntityOfPage":{"@id":"https:\/\/tdv.org\/tr-TR\/turk-hayirseverlerin-bagislariyla-kesilen-kurbanlarin-etleri-burundide-ihtiyac-sahiplerine-ulastirildi\/"},"wordCount":497,"publisher":{"@id":"https:\/\/tdv.org\/tr-TR\/#organization"},"image":{"@id":"https:\/\/tdv.org\/tr-TR\/turk-hayirseverlerin-bagislariyla-kesilen-kurbanlarin-etleri-burundide-ihtiyac-sahiplerine-ulastirildi\/#primaryimage"},"thumbnailUrl":"https:\/\/tdv.org\/tr-TR\/wp-content\/uploads\/2024\/06\/AAA5311-Orta.jpeg","keywords":["2024 Kurban","2024 Y\u0131l\u0131 Vekalet Yoluyla Kurban Kesim Organizasyonu","burundi","Kurban 2024","kurban da\u011f\u0131t\u0131m\u0131"],"articleSection":["Haberler"],"inLanguage":"tr"},{"@type":"WebPage","@id":"https:\/\/tdv.org\/tr-TR\/turk-hayirseverlerin-bagislariyla-kesilen-kurbanlarin-etleri-burundide-ihtiyac-sahiplerine-ulastirildi\/","url":"https:\/\/tdv.org\/tr-TR\/turk-hayirseverlerin-bagislariyla-kesilen-kurbanlarin-etleri-burundide-ihtiyac-sahiplerine-ulastirildi\/","name":"T\u00fcrk hay\u0131rseverlerin ba\u011f\u0131\u015flar\u0131yla kesilen kurbanlar\u0131n etleri Burundi'de ihtiya\u00e7 sahiplerine ula\u015ft\u0131r\u0131ld\u0131","isPartOf":{"@id":"https:\/\/tdv.org\/tr-TR\/#website"},"primaryImageOfPage":{"@id":"https:\/\/tdv.org\/tr-TR\/turk-hayirseverlerin-bagislariyla-kesilen-kurbanlarin-etleri-burundide-ihtiyac-sahiplerine-ulastirildi\/#primaryimage"},"image":{"@id":"https:\/\/tdv.org\/tr-TR\/turk-hayirseverlerin-bagislariyla-kesilen-kurbanlarin-etleri-burundide-ihtiyac-sahiplerine-ulastirildi\/#primaryimage"},"thumbnailUrl":"https:\/\/tdv.org\/tr-TR\/wp-content\/uploads\/2024\/06\/AAA5311-Orta.jpeg","datePublished":"2024-06-18T08:41:53+00:00","description":"Diyanet\u00a0\u0130\u015fleri Ba\u015fkanl\u0131\u011f\u0131 ile T\u00fcrkiye\u00a0Diyanet\u00a0Vakf\u0131n\u0131n (TDV) \"Vekalet Yoluyla Kurban Kesim Organizasyonu\" kapsam\u0131nda Burundi'de kesilen kurbanlar\u0131n etleri, \u00fclkenin \u00e7e\u015fitli b\u00f6lgelerindeki ihtiya\u00e7 sahiplerine ula\u015ft\u0131r\u0131ld\u0131.","breadcrumb":{"@id":"https:\/\/tdv.org\/tr-TR\/turk-hayirseverlerin-bagislariyla-kesilen-kurbanlarin-etleri-burundide-ihtiyac-sahiplerine-ulastirildi\/#breadcrumb"},"inLanguage":"tr","potentialAction":[{"@type":"ReadAction","target":["https:\/\/tdv.org\/tr-TR\/turk-hayirseverlerin-bagislariyla-kesilen-kurbanlarin-etleri-burundide-ihtiyac-sahiplerine-ulastirildi\/"]}]},{"@type":"ImageObject","inLanguage":"tr","@id":"https:\/\/tdv.org\/tr-TR\/turk-hayirseverlerin-bagislariyla-kesilen-kurbanlarin-etleri-burundide-ihtiyac-sahiplerine-ulastirildi\/#primaryimage","url":"https:\/\/tdv.org\/tr-TR\/wp-content\/uploads\/2024\/06\/AAA5311-Orta.jpeg","contentUrl":"https:\/\/tdv.org\/tr-TR\/wp-content\/uploads\/2024\/06\/AAA5311-Orta.jpeg","width":1024,"height":768},{"@type":"BreadcrumbList","@id":"https:\/\/tdv.org\/tr-TR\/turk-hayirseverlerin-bagislariyla-kesilen-kurbanlarin-etleri-burundide-ihtiyac-sahiplerine-ulastirildi\/#breadcrumb","itemListElement":[{"@type":"ListItem","position":1,"name":"Anasayfa","item":"https:\/\/tdv.org\/tr-TR\/"},{"@type":"ListItem","position":2,"name":"T\u00fcrk hay\u0131rseverlerin ba\u011f\u0131\u015flar\u0131yla kesilen kurbanlar\u0131n etleri Burundi&#8217;de ihtiya\u00e7 sahiplerine ula\u015ft\u0131r\u0131ld\u0131"}]},{"@type":"WebSite","@id":"https:\/\/tdv.org\/tr-TR\/#website","url":"https:\/\/tdv.org\/tr-TR\/","name":"T\u00fcrkiye Diyanet Vakf\u0131 Resmi Web Sitesi","description":"Yery\u00fcz\u00fcnde iyilik egemen oluncaya kadar","publisher":{"@id":"https:\/\/tdv.org\/tr-TR\/#organization"},"alternateName":"T\u00fcrkiye Diyanet Vakf\u0131","potentialAction":[{"@type":"SearchAction","target":{"@type":"EntryPoint","urlTemplate":"https:\/\/tdv.org\/tr-TR\/?s={search_term_string}"},"query-input":{"@type":"PropertyValueSpecification","valueRequired":true,"valueName":"search_term_string"}}],"inLanguage":"tr"},{"@type":"Organization","@id":"https:\/\/tdv.org\/tr-TR\/#organization","name":"T\u00fcrkiye Diyanet Vakf\u0131","alternateName":"T\u00fcrkiye Diyanet Vakf\u0131","url":"https:\/\/tdv.org\/tr-TR\/","logo":{"@type":"ImageObject","inLanguage":"tr","@id":"https:\/\/tdv.org\/tr-TR\/#\/schema\/logo\/image\/","url":"https:\/\/tdv.org\/tr-TR\/wp-content\/uploads\/2018\/12\/TDV_Logo_1.png","contentUrl":"https:\/\/tdv.org\/tr-TR\/wp-content\/uploads\/2018\/12\/TDV_Logo_1.png","width":207,"height":71,"caption":"T\u00fcrkiye Diyanet Vakf\u0131"},"image":{"@id":"https:\/\/tdv.org\/tr-TR\/#\/schema\/logo\/image\/"},"sameAs":["https:\/\/www.facebook.com\/Diyanetvakfi\/","https:\/\/x.com\/DiyanetVakfi","https:\/\/www.instagram.com\/turkiyediyanetvakfi\/","https:\/\/www.youtube.com\/user\/TurkiyeDiyanetVakfi"]},{"@type":"Person","@id":"https:\/\/tdv.org\/tr-TR\/#\/schema\/person\/752b55e264a99273d55636516d96d5eb","name":"Selim","image":{"@type":"ImageObject","inLanguage":"tr","@id":"https:\/\/tdv.org\/tr-TR\/wp-content\/litespeed\/avatar\/a1e47b25396e98e5b781e88a5396cd96.jpg?ver=1777287391","url":"https:\/\/tdv.org\/tr-TR\/wp-content\/litespeed\/avatar\/a1e47b25396e98e5b781e88a5396cd96.jpg?ver=1777287391","contentUrl":"https:\/\/tdv.org\/tr-TR\/wp-content\/litespeed\/avatar\/a1e47b25396e98e5b781e88a5396cd96.jpg?ver=1777287391","caption":"Selim"}}]}},"_links":{"self":[{"href":"https:\/\/tdv.org\/tr-TR\/wp-json\/wp\/v2\/posts\/42868","targetHints":{"allow":["GET"]}}],"collection":[{"href":"https:\/\/tdv.org\/tr-TR\/wp-json\/wp\/v2\/posts"}],"about":[{"href":"https:\/\/tdv.org\/tr-TR\/wp-json\/wp\/v2\/types\/post"}],"author":[{"embeddable":true,"href":"https:\/\/tdv.org\/tr-TR\/wp-json\/wp\/v2\/users\/8"}],"replies":[{"embeddable":true,"href":"https:\/\/tdv.org\/tr-TR\/wp-json\/wp\/v2\/comments?post=42868"}],"version-history":[{"count":1,"href":"https:\/\/tdv.org\/tr-TR\/wp-json\/wp\/v2\/posts\/42868\/revisions"}],"predecessor-version":[{"id":42882,"href":"https:\/\/tdv.org\/tr-TR\/wp-json\/wp\/v2\/posts\/42868\/revisions\/42882"}],"wp:featuredmedia":[{"embeddable":true,"href":"https:\/\/tdv.org\/tr-TR\/wp-json\/wp\/v2\/media\/42880"}],"wp:attachment":[{"href":"https:\/\/tdv.org\/tr-TR\/wp-json\/wp\/v2\/media?parent=42868"}],"wp:term":[{"taxonomy":"category","embeddable":true,"href":"https:\/\/tdv.org\/tr-TR\/wp-json\/wp\/v2\/categories?post=42868"},{"taxonomy":"post_tag","embeddable":true,"href":"https:\/\/tdv.org\/tr-TR\/wp-json\/wp\/v2\/tags?post=42868"}],"curies":[{"name":"wp","href":"https:\/\/api.w.org\/{rel}","templated":true}]}}