{"id":43337,"date":"2024-07-06T17:58:25","date_gmt":"2024-07-06T14:58:25","guid":{"rendered":"https:\/\/tdv.org\/tr-TR\/?p=43337"},"modified":"2024-07-06T17:58:25","modified_gmt":"2024-07-06T14:58:25","slug":"tdv-1-milyon-200-bin-filistinliye-kurban-ulastiracak","status":"publish","type":"post","link":"https:\/\/tdv.org\/tr-TR\/tdv-1-milyon-200-bin-filistinliye-kurban-ulastiracak\/","title":{"rendered":"TDV 1 milyon 200 bin Filistinliye kurban ula\u015ft\u0131racak"},"content":{"rendered":"<p style=\"text-align: justify;\"><a href=\"https:\/\/tdv.org\/tr-TR\/kurumsal\/izani-turan\/\" target=\"_blank\" rel=\"noopener\">T\u00fcrkiye Diyanet Vakf\u0131 (TDV) Genel M\u00fcd\u00fcr\u00fc \u0130zani Turan<\/a>, hay\u0131rseverlerin <a href=\"https:\/\/bagis.tdv.org\/kriz-bolgeleri\/filistin-6\" target=\"_blank\" rel=\"noopener\">Gazze<\/a> i\u00e7in ba\u011f\u0131\u015flad\u0131\u011f\u0131 <a href=\"https:\/\/tdv.org\/tr-TR\/faaliyetlerimiz\/kurban\/\" target=\"_blank\" rel=\"noopener\">kurban<\/a> etlerini M\u0131s\u0131r&#8217;da kiralad\u0131klar\u0131 so\u011fuk hava depolar\u0131nda muhafaza ederek, peyderpey <a href=\"https:\/\/bagis.tdv.org\/kriz-bolgeleri\/filistin-6\" target=\"_blank\" rel=\"noopener\">Gazze\u2019de<\/a> 800 bin ki\u015fiye, toplamda ise 1 milyon 200 bin Filistinliye ula\u015ft\u0131racaklar\u0131n\u0131 s\u00f6yledi.<\/p>\n<p style=\"text-align: justify;\">Turan, yapt\u0131\u011f\u0131 a\u00e7\u0131klamada, hay\u0131rseverlerin deste\u011fiyle 7 Ekim&#8217;den bu yana <a href=\"https:\/\/bagis.tdv.org\/kriz-bolgeleri\/filistin-6\" target=\"_blank\" rel=\"noopener\">Gazze&#8217;ye<\/a> yard\u0131mlar\u0131 s\u00fcrd\u00fcrd\u00fcklerini s\u00f6yledi.<\/p>\n<p style=\"text-align: justify;\">F\u0131rsat bulduklar\u0131 anda yard\u0131mlar\u0131 g\u00f6nderdiklerini belirten Turan, bug\u00fcne kadar hijyen malzemeleri, g\u0131da, un, yak\u0131t, giyecek, yard\u0131m kolileri olmak \u00fczere tutar\u0131 7 milyon dolardan fazla yard\u0131m\u0131 <a href=\"https:\/\/bagis.tdv.org\/kriz-bolgeleri\/filistin-6\" target=\"_blank\" rel=\"noopener\">Gazze&#8217;ye<\/a> ula\u015ft\u0131rd\u0131klar\u0131n\u0131 anlatt\u0131.<\/p>\n<p style=\"text-align: justify;\">Kap\u0131lar\u0131n tamamen a\u00e7\u0131lmas\u0131yla birlikte <a href=\"https:\/\/bagis.tdv.org\/kriz-bolgeleri\/filistin-6\" target=\"_blank\" rel=\"noopener\">Gazze&#8217;ye<\/a> yard\u0131m seferberli\u011fi ba\u015flatacaklar\u0131n\u0131 s\u00f6yleyen Turan, \u015f\u00f6yle konu\u015ftu:<\/p>\n<p style=\"text-align: justify;\">&#8220;Milletimiz Kurban mevsiminde 36 bin 700 hisseyi <a href=\"https:\/\/bagis.tdv.org\/kriz-bolgeleri\/filistin-6\" target=\"_blank\" rel=\"noopener\">Filistin<\/a> ve <a href=\"https:\/\/bagis.tdv.org\/kriz-bolgeleri\/filistin-6\" target=\"_blank\" rel=\"noopener\">Gazze<\/a> i\u00e7in bize verdi. An\u0131nda ula\u015ft\u0131rma imkan\u0131m\u0131z olmad\u0131\u011f\u0131 i\u00e7in etlerimiz zayi olmas\u0131n diye M\u0131s\u0131r&#8217;da so\u011fuk hava depolar\u0131 kiralad\u0131k. Etlerimizi b\u00f6l\u00fcp paketledik ve bu so\u011fuk hava depolar\u0131na yerle\u015ftirdik. \u0130n\u015fallah bunlar\u0131 peyderpey Gazze&#8217;deki ihtiya\u00e7 sahiplerine ula\u015ft\u0131raca\u011f\u0131z.<\/p>\n<p style=\"text-align: justify;\">1 milyon 200 bin <a href=\"https:\/\/bagis.tdv.org\/kriz-bolgeleri\/filistin-6\" target=\"_blank\" rel=\"noopener\">Filistinliye<\/a>, Gazze \u00f6zelinde ise 800 bin ma\u011fdura kurban etlerini ula\u015ft\u0131raca\u011f\u0131z. Bir k\u0131sm\u0131n\u0131 g\u00f6nderdik ama b\u00fcy\u00fck bir k\u0131sm\u0131 bu so\u011fuk hava depolar\u0131m\u0131zda \u015fu anda muhafaza ediliyor. \u0130n\u015fallah i\u00e7eriye rahat girece\u011fimiz zaman onlar\u0131 da ihtiya\u00e7 sahiplerine ula\u015ft\u0131rm\u0131\u015f olaca\u011f\u0131z.&#8221;<\/p>\n<p style=\"text-align: justify;\">Gazze&#8217;de 3 bin 500 civar\u0131nda ki\u015fiye g\u00fcnl\u00fck yemek da\u011f\u0131t\u0131m\u0131n\u0131 s\u00fcrd\u00fcrd\u00fcklerini belirten Turan, gelecek cuma g\u00fcn\u00fc T\u00fcrk K\u0131z\u0131lay ile birlikte Gazze i\u00e7in 30 t\u0131rdan olu\u015fan yard\u0131m\u0131 g\u00f6ndereceklerini de bildirdi.<\/p>\n\n\t\t<style type=\"text\/css\">\n\t\t\t#gallery-1 {\n\t\t\t\tmargin: auto;\n\t\t\t}\n\t\t\t#gallery-1 .gallery-item {\n\t\t\t\tfloat: left;\n\t\t\t\tmargin-top: 10px;\n\t\t\t\ttext-align: center;\n\t\t\t\twidth: 33%;\n\t\t\t}\n\t\t\t#gallery-1 img {\n\t\t\t\tborder: 2px solid #cfcfcf;\n\t\t\t}\n\t\t\t#gallery-1 .gallery-caption {\n\t\t\t\tmargin-left: 0;\n\t\t\t}\n\t\t\t\/* see gallery_shortcode() in wp-includes\/media.php *\/\n\t\t<\/style>\n\t\t<div id='gallery-1' class='gallery galleryid-43337 gallery-columns-3 gallery-size-full'><dl class='gallery-item'>\n\t\t\t<dt class='gallery-icon landscape'>\n\t\t\t\t<a href='https:\/\/tdv.org\/tr-TR\/wp-content\/uploads\/2024\/07\/2c03f666-215c-4161-bb93-8835b887d982.jpg'><img decoding=\"async\" width=\"1153\" height=\"768\" src=\"https:\/\/tdv.org\/tr-TR\/wp-content\/uploads\/2024\/07\/2c03f666-215c-4161-bb93-8835b887d982.jpg\" class=\"attachment-full size-full\" alt=\"\" srcset=\"https:\/\/tdv.org\/tr-TR\/wp-content\/uploads\/2024\/07\/2c03f666-215c-4161-bb93-8835b887d982.jpg 1153w, https:\/\/tdv.org\/tr-TR\/wp-content\/uploads\/2024\/07\/2c03f666-215c-4161-bb93-8835b887d982-300x200.jpg 300w, https:\/\/tdv.org\/tr-TR\/wp-content\/uploads\/2024\/07\/2c03f666-215c-4161-bb93-8835b887d982-1024x682.jpg 1024w, https:\/\/tdv.org\/tr-TR\/wp-content\/uploads\/2024\/07\/2c03f666-215c-4161-bb93-8835b887d982-768x512.jpg 768w, https:\/\/tdv.org\/tr-TR\/wp-content\/uploads\/2024\/07\/2c03f666-215c-4161-bb93-8835b887d982-900x600.jpg 900w\" sizes=\"(max-width: 1153px) 100vw, 1153px\" \/><\/a>\n\t\t\t<\/dt><\/dl><dl class='gallery-item'>\n\t\t\t<dt class='gallery-icon landscape'>\n\t\t\t\t<a href='https:\/\/tdv.org\/tr-TR\/wp-content\/uploads\/2024\/07\/57e12180-5cb2-413e-9d69-709ec46006e7.jpg'><img decoding=\"async\" width=\"1024\" height=\"768\" src=\"https:\/\/tdv.org\/tr-TR\/wp-content\/uploads\/2024\/07\/57e12180-5cb2-413e-9d69-709ec46006e7.jpg\" class=\"attachment-full size-full\" alt=\"\" srcset=\"https:\/\/tdv.org\/tr-TR\/wp-content\/uploads\/2024\/07\/57e12180-5cb2-413e-9d69-709ec46006e7.jpg 1024w, https:\/\/tdv.org\/tr-TR\/wp-content\/uploads\/2024\/07\/57e12180-5cb2-413e-9d69-709ec46006e7-300x225.jpg 300w, https:\/\/tdv.org\/tr-TR\/wp-content\/uploads\/2024\/07\/57e12180-5cb2-413e-9d69-709ec46006e7-768x576.jpg 768w\" sizes=\"(max-width: 1024px) 100vw, 1024px\" \/><\/a>\n\t\t\t<\/dt><\/dl><dl class='gallery-item'>\n\t\t\t<dt class='gallery-icon landscape'>\n\t\t\t\t<a href='https:\/\/tdv.org\/tr-TR\/wp-content\/uploads\/2024\/07\/62dd0b0a-2208-43e0-bed7-d3585ae06652.jpg'><img decoding=\"async\" width=\"1152\" height=\"768\" src=\"https:\/\/tdv.org\/tr-TR\/wp-content\/uploads\/2024\/07\/62dd0b0a-2208-43e0-bed7-d3585ae06652.jpg\" class=\"attachment-full size-full\" alt=\"\" srcset=\"https:\/\/tdv.org\/tr-TR\/wp-content\/uploads\/2024\/07\/62dd0b0a-2208-43e0-bed7-d3585ae06652.jpg 1152w, https:\/\/tdv.org\/tr-TR\/wp-content\/uploads\/2024\/07\/62dd0b0a-2208-43e0-bed7-d3585ae06652-300x200.jpg 300w, https:\/\/tdv.org\/tr-TR\/wp-content\/uploads\/2024\/07\/62dd0b0a-2208-43e0-bed7-d3585ae06652-1024x683.jpg 1024w, https:\/\/tdv.org\/tr-TR\/wp-content\/uploads\/2024\/07\/62dd0b0a-2208-43e0-bed7-d3585ae06652-768x512.jpg 768w, https:\/\/tdv.org\/tr-TR\/wp-content\/uploads\/2024\/07\/62dd0b0a-2208-43e0-bed7-d3585ae06652-900x600.jpg 900w\" sizes=\"(max-width: 1152px) 100vw, 1152px\" \/><\/a>\n\t\t\t<\/dt><\/dl><br style=\"clear: both\" \/><dl class='gallery-item'>\n\t\t\t<dt class='gallery-icon landscape'>\n\t\t\t\t<a href='https:\/\/tdv.org\/tr-TR\/wp-content\/uploads\/2024\/07\/83ef18a2-7840-4f11-9bc9-e92faa9c9a54.jpg'><img decoding=\"async\" width=\"1280\" height=\"853\" src=\"https:\/\/tdv.org\/tr-TR\/wp-content\/uploads\/2024\/07\/83ef18a2-7840-4f11-9bc9-e92faa9c9a54.jpg\" class=\"attachment-full size-full\" alt=\"\" srcset=\"https:\/\/tdv.org\/tr-TR\/wp-content\/uploads\/2024\/07\/83ef18a2-7840-4f11-9bc9-e92faa9c9a54.jpg 1280w, https:\/\/tdv.org\/tr-TR\/wp-content\/uploads\/2024\/07\/83ef18a2-7840-4f11-9bc9-e92faa9c9a54-300x200.jpg 300w, https:\/\/tdv.org\/tr-TR\/wp-content\/uploads\/2024\/07\/83ef18a2-7840-4f11-9bc9-e92faa9c9a54-1024x682.jpg 1024w, https:\/\/tdv.org\/tr-TR\/wp-content\/uploads\/2024\/07\/83ef18a2-7840-4f11-9bc9-e92faa9c9a54-768x512.jpg 768w, https:\/\/tdv.org\/tr-TR\/wp-content\/uploads\/2024\/07\/83ef18a2-7840-4f11-9bc9-e92faa9c9a54-900x600.jpg 900w\" sizes=\"(max-width: 1280px) 100vw, 1280px\" \/><\/a>\n\t\t\t<\/dt><\/dl><dl class='gallery-item'>\n\t\t\t<dt class='gallery-icon landscape'>\n\t\t\t\t<a href='https:\/\/tdv.org\/tr-TR\/wp-content\/uploads\/2024\/07\/2048478f-ee21-49ff-af28-d379e24f1ed6.jpg'><img decoding=\"async\" width=\"1350\" height=\"900\" src=\"https:\/\/tdv.org\/tr-TR\/wp-content\/uploads\/2024\/07\/2048478f-ee21-49ff-af28-d379e24f1ed6.jpg\" class=\"attachment-full size-full\" alt=\"\" srcset=\"https:\/\/tdv.org\/tr-TR\/wp-content\/uploads\/2024\/07\/2048478f-ee21-49ff-af28-d379e24f1ed6.jpg 1350w, https:\/\/tdv.org\/tr-TR\/wp-content\/uploads\/2024\/07\/2048478f-ee21-49ff-af28-d379e24f1ed6-300x200.jpg 300w, https:\/\/tdv.org\/tr-TR\/wp-content\/uploads\/2024\/07\/2048478f-ee21-49ff-af28-d379e24f1ed6-1024x683.jpg 1024w, https:\/\/tdv.org\/tr-TR\/wp-content\/uploads\/2024\/07\/2048478f-ee21-49ff-af28-d379e24f1ed6-768x512.jpg 768w, https:\/\/tdv.org\/tr-TR\/wp-content\/uploads\/2024\/07\/2048478f-ee21-49ff-af28-d379e24f1ed6-900x600.jpg 900w\" sizes=\"(max-width: 1350px) 100vw, 1350px\" \/><\/a>\n\t\t\t<\/dt><\/dl><dl class='gallery-item'>\n\t\t\t<dt class='gallery-icon landscape'>\n\t\t\t\t<a href='https:\/\/tdv.org\/tr-TR\/wp-content\/uploads\/2024\/07\/ac6ff8a2-2e4b-4ebc-bc2c-21d1a77e11ba.jpg'><img decoding=\"async\" width=\"1024\" height=\"768\" src=\"https:\/\/tdv.org\/tr-TR\/wp-content\/uploads\/2024\/07\/ac6ff8a2-2e4b-4ebc-bc2c-21d1a77e11ba.jpg\" class=\"attachment-full size-full\" alt=\"\" srcset=\"https:\/\/tdv.org\/tr-TR\/wp-content\/uploads\/2024\/07\/ac6ff8a2-2e4b-4ebc-bc2c-21d1a77e11ba.jpg 1024w, https:\/\/tdv.org\/tr-TR\/wp-content\/uploads\/2024\/07\/ac6ff8a2-2e4b-4ebc-bc2c-21d1a77e11ba-300x225.jpg 300w, https:\/\/tdv.org\/tr-TR\/wp-content\/uploads\/2024\/07\/ac6ff8a2-2e4b-4ebc-bc2c-21d1a77e11ba-768x576.jpg 768w\" sizes=\"(max-width: 1024px) 100vw, 1024px\" \/><\/a>\n\t\t\t<\/dt><\/dl><br style=\"clear: both\" \/><dl class='gallery-item'>\n\t\t\t<dt class='gallery-icon landscape'>\n\t\t\t\t<a href='https:\/\/tdv.org\/tr-TR\/wp-content\/uploads\/2024\/07\/da7ab645-7f07-46ff-80d6-8af92b599524.jpg'><img decoding=\"async\" width=\"1280\" height=\"853\" src=\"https:\/\/tdv.org\/tr-TR\/wp-content\/uploads\/2024\/07\/da7ab645-7f07-46ff-80d6-8af92b599524.jpg\" class=\"attachment-full size-full\" alt=\"\" srcset=\"https:\/\/tdv.org\/tr-TR\/wp-content\/uploads\/2024\/07\/da7ab645-7f07-46ff-80d6-8af92b599524.jpg 1280w, https:\/\/tdv.org\/tr-TR\/wp-content\/uploads\/2024\/07\/da7ab645-7f07-46ff-80d6-8af92b599524-300x200.jpg 300w, https:\/\/tdv.org\/tr-TR\/wp-content\/uploads\/2024\/07\/da7ab645-7f07-46ff-80d6-8af92b599524-1024x682.jpg 1024w, https:\/\/tdv.org\/tr-TR\/wp-content\/uploads\/2024\/07\/da7ab645-7f07-46ff-80d6-8af92b599524-768x512.jpg 768w, https:\/\/tdv.org\/tr-TR\/wp-content\/uploads\/2024\/07\/da7ab645-7f07-46ff-80d6-8af92b599524-900x600.jpg 900w\" sizes=\"(max-width: 1280px) 100vw, 1280px\" \/><\/a>\n\t\t\t<\/dt><\/dl>\n\t\t\t<br style='clear: both' \/>\n\t\t<\/div>\n\n","protected":false},"excerpt":{"rendered":"<p>T\u00fcrkiye Diyanet Vakf\u0131 (TDV) Genel M\u00fcd\u00fcr\u00fc \u0130zani Turan, hay\u0131rseverlerin Gazze i\u00e7in ba\u011f\u0131\u015flad\u0131\u011f\u0131 kurban etlerini M\u0131s\u0131r&#8217;da kiralad\u0131klar\u0131 so\u011fuk hava depolar\u0131nda muhafaza ederek, peyderpey Gazze\u2019de 800 bin ki\u015fiye, toplamda ise 1 milyon&#8230;<\/p>\n","protected":false},"author":8,"featured_media":43338,"comment_status":"closed","ping_status":"closed","sticky":false,"template":"","format":"standard","meta":{"footnotes":""},"categories":[1],"tags":[2235,1298,1307,1195,2218],"class_list":{"0":"post-43337","1":"post","2":"type-post","3":"status-publish","4":"format-standard","5":"has-post-thumbnail","7":"category-haberler","8":"tag-filistin-icin-sozumuz-var","9":"tag-filistin-yardim","10":"tag-gazze-yardim","11":"tag-izani-turan","12":"tag-ozgur-filistinin-yanindayiz"},"yoast_head":"<!-- This site is optimized with the Yoast SEO plugin v27.5 - https:\/\/yoast.com\/product\/yoast-seo-wordpress\/ -->\n<title>TDV 1 milyon 200 bin Filistinliye kurban ula\u015ft\u0131racak<\/title>\n<meta name=\"description\" content=\"T\u00fcrkiye Diyanet Vakf\u0131 (TDV) Genel M\u00fcd\u00fcr\u00fc \u0130zani Turan, hay\u0131rseverlerin Gazze i\u00e7in ba\u011f\u0131\u015flad\u0131\u011f\u0131 kurban etlerini M\u0131s\u0131r&#039;da kiralad\u0131klar\u0131 so\u011fuk hava depolar\u0131nda muhafaza ederek, peyderpey Gazze\u2019de 800 bin ki\u015fiye, toplamda ise 1 milyon 200 bin Filistinliye ula\u015ft\u0131racaklar\u0131n\u0131 s\u00f6yledi.\" \/>\n<meta name=\"robots\" content=\"index, follow, max-snippet:-1, max-image-preview:large, max-video-preview:-1\" \/>\n<link rel=\"canonical\" href=\"https:\/\/tdv.org\/tr-TR\/tdv-1-milyon-200-bin-filistinliye-kurban-ulastiracak\/\" \/>\n<meta property=\"og:locale\" content=\"tr_TR\" \/>\n<meta property=\"og:type\" content=\"article\" \/>\n<meta property=\"og:title\" content=\"TDV 1 milyon 200 bin Filistinliye kurban ula\u015ft\u0131racak\" \/>\n<meta property=\"og:description\" content=\"T\u00fcrkiye Diyanet Vakf\u0131 (TDV) Genel M\u00fcd\u00fcr\u00fc \u0130zani Turan, hay\u0131rseverlerin Gazze i\u00e7in ba\u011f\u0131\u015flad\u0131\u011f\u0131 kurban etlerini M\u0131s\u0131r&#039;da kiralad\u0131klar\u0131 so\u011fuk hava depolar\u0131nda muhafaza ederek, peyderpey Gazze\u2019de 800 bin ki\u015fiye, toplamda ise 1 milyon 200 bin Filistinliye ula\u015ft\u0131racaklar\u0131n\u0131 s\u00f6yledi.\" \/>\n<meta property=\"og:url\" content=\"https:\/\/tdv.org\/tr-TR\/tdv-1-milyon-200-bin-filistinliye-kurban-ulastiracak\/\" \/>\n<meta property=\"og:site_name\" content=\"T\u00fcrkiye Diyanet Vakf\u0131 Resmi Web Sitesi\" \/>\n<meta property=\"article:publisher\" content=\"https:\/\/www.facebook.com\/Diyanetvakfi\/\" \/>\n<meta property=\"article:published_time\" content=\"2024-07-06T14:58:25+00:00\" \/>\n<meta property=\"og:image\" content=\"https:\/\/tdv.org\/tr-TR\/wp-content\/uploads\/2024\/07\/2c03f666-215c-4161-bb93-8835b887d982.jpg\" \/>\n\t<meta property=\"og:image:width\" content=\"1153\" \/>\n\t<meta property=\"og:image:height\" content=\"768\" \/>\n\t<meta property=\"og:image:type\" content=\"image\/jpeg\" \/>\n<meta name=\"author\" content=\"Selim\" \/>\n<meta name=\"twitter:card\" content=\"summary_large_image\" \/>\n<meta name=\"twitter:creator\" content=\"@DiyanetVakfi\" \/>\n<meta name=\"twitter:site\" content=\"@DiyanetVakfi\" \/>\n<script type=\"application\/ld+json\" class=\"yoast-schema-graph\">{\"@context\":\"https:\\\/\\\/schema.org\",\"@graph\":[{\"@type\":\"Article\",\"@id\":\"https:\\\/\\\/tdv.org\\\/tr-TR\\\/tdv-1-milyon-200-bin-filistinliye-kurban-ulastiracak\\\/#article\",\"isPartOf\":{\"@id\":\"https:\\\/\\\/tdv.org\\\/tr-TR\\\/tdv-1-milyon-200-bin-filistinliye-kurban-ulastiracak\\\/\"},\"author\":{\"name\":\"Selim\",\"@id\":\"https:\\\/\\\/tdv.org\\\/tr-TR\\\/#\\\/schema\\\/person\\\/752b55e264a99273d55636516d96d5eb\"},\"headline\":\"TDV 1 milyon 200 bin Filistinliye kurban ula\u015ft\u0131racak\",\"datePublished\":\"2024-07-06T14:58:25+00:00\",\"mainEntityOfPage\":{\"@id\":\"https:\\\/\\\/tdv.org\\\/tr-TR\\\/tdv-1-milyon-200-bin-filistinliye-kurban-ulastiracak\\\/\"},\"wordCount\":314,\"publisher\":{\"@id\":\"https:\\\/\\\/tdv.org\\\/tr-TR\\\/#organization\"},\"image\":{\"@id\":\"https:\\\/\\\/tdv.org\\\/tr-TR\\\/tdv-1-milyon-200-bin-filistinliye-kurban-ulastiracak\\\/#primaryimage\"},\"thumbnailUrl\":\"https:\\\/\\\/tdv.org\\\/tr-TR\\\/wp-content\\\/uploads\\\/2024\\\/07\\\/2c03f666-215c-4161-bb93-8835b887d982.jpg\",\"keywords\":[\"Filistin \u0130\u00e7in S\u00f6z\u00fcm\u00fcz Var\",\"filistin yard\u0131m\",\"gazze yard\u0131m\",\"\u0130zani Turan\",\"\u00d6zg\u00fcr Filistin'in Yan\u0131nday\u0131z\"],\"articleSection\":[\"Haberler\"],\"inLanguage\":\"tr\"},{\"@type\":\"WebPage\",\"@id\":\"https:\\\/\\\/tdv.org\\\/tr-TR\\\/tdv-1-milyon-200-bin-filistinliye-kurban-ulastiracak\\\/\",\"url\":\"https:\\\/\\\/tdv.org\\\/tr-TR\\\/tdv-1-milyon-200-bin-filistinliye-kurban-ulastiracak\\\/\",\"name\":\"TDV 1 milyon 200 bin Filistinliye kurban ula\u015ft\u0131racak\",\"isPartOf\":{\"@id\":\"https:\\\/\\\/tdv.org\\\/tr-TR\\\/#website\"},\"primaryImageOfPage\":{\"@id\":\"https:\\\/\\\/tdv.org\\\/tr-TR\\\/tdv-1-milyon-200-bin-filistinliye-kurban-ulastiracak\\\/#primaryimage\"},\"image\":{\"@id\":\"https:\\\/\\\/tdv.org\\\/tr-TR\\\/tdv-1-milyon-200-bin-filistinliye-kurban-ulastiracak\\\/#primaryimage\"},\"thumbnailUrl\":\"https:\\\/\\\/tdv.org\\\/tr-TR\\\/wp-content\\\/uploads\\\/2024\\\/07\\\/2c03f666-215c-4161-bb93-8835b887d982.jpg\",\"datePublished\":\"2024-07-06T14:58:25+00:00\",\"description\":\"T\u00fcrkiye Diyanet Vakf\u0131 (TDV) Genel M\u00fcd\u00fcr\u00fc \u0130zani Turan, hay\u0131rseverlerin Gazze i\u00e7in ba\u011f\u0131\u015flad\u0131\u011f\u0131 kurban etlerini M\u0131s\u0131r'da kiralad\u0131klar\u0131 so\u011fuk hava depolar\u0131nda muhafaza ederek, peyderpey Gazze\u2019de 800 bin ki\u015fiye, toplamda ise 1 milyon 200 bin Filistinliye ula\u015ft\u0131racaklar\u0131n\u0131 s\u00f6yledi.\",\"breadcrumb\":{\"@id\":\"https:\\\/\\\/tdv.org\\\/tr-TR\\\/tdv-1-milyon-200-bin-filistinliye-kurban-ulastiracak\\\/#breadcrumb\"},\"inLanguage\":\"tr\",\"potentialAction\":[{\"@type\":\"ReadAction\",\"target\":[\"https:\\\/\\\/tdv.org\\\/tr-TR\\\/tdv-1-milyon-200-bin-filistinliye-kurban-ulastiracak\\\/\"]}]},{\"@type\":\"ImageObject\",\"inLanguage\":\"tr\",\"@id\":\"https:\\\/\\\/tdv.org\\\/tr-TR\\\/tdv-1-milyon-200-bin-filistinliye-kurban-ulastiracak\\\/#primaryimage\",\"url\":\"https:\\\/\\\/tdv.org\\\/tr-TR\\\/wp-content\\\/uploads\\\/2024\\\/07\\\/2c03f666-215c-4161-bb93-8835b887d982.jpg\",\"contentUrl\":\"https:\\\/\\\/tdv.org\\\/tr-TR\\\/wp-content\\\/uploads\\\/2024\\\/07\\\/2c03f666-215c-4161-bb93-8835b887d982.jpg\",\"width\":1153,\"height\":768},{\"@type\":\"BreadcrumbList\",\"@id\":\"https:\\\/\\\/tdv.org\\\/tr-TR\\\/tdv-1-milyon-200-bin-filistinliye-kurban-ulastiracak\\\/#breadcrumb\",\"itemListElement\":[{\"@type\":\"ListItem\",\"position\":1,\"name\":\"Anasayfa\",\"item\":\"https:\\\/\\\/tdv.org\\\/tr-TR\\\/\"},{\"@type\":\"ListItem\",\"position\":2,\"name\":\"TDV 1 milyon 200 bin Filistinliye kurban ula\u015ft\u0131racak\"}]},{\"@type\":\"WebSite\",\"@id\":\"https:\\\/\\\/tdv.org\\\/tr-TR\\\/#website\",\"url\":\"https:\\\/\\\/tdv.org\\\/tr-TR\\\/\",\"name\":\"T\u00fcrkiye Diyanet Vakf\u0131 Resmi Web Sitesi\",\"description\":\"Yery\u00fcz\u00fcnde iyilik egemen oluncaya kadar\",\"publisher\":{\"@id\":\"https:\\\/\\\/tdv.org\\\/tr-TR\\\/#organization\"},\"alternateName\":\"T\u00fcrkiye Diyanet Vakf\u0131\",\"potentialAction\":[{\"@type\":\"SearchAction\",\"target\":{\"@type\":\"EntryPoint\",\"urlTemplate\":\"https:\\\/\\\/tdv.org\\\/tr-TR\\\/?s={search_term_string}\"},\"query-input\":{\"@type\":\"PropertyValueSpecification\",\"valueRequired\":true,\"valueName\":\"search_term_string\"}}],\"inLanguage\":\"tr\"},{\"@type\":\"Organization\",\"@id\":\"https:\\\/\\\/tdv.org\\\/tr-TR\\\/#organization\",\"name\":\"T\u00fcrkiye Diyanet Vakf\u0131\",\"alternateName\":\"T\u00fcrkiye Diyanet Vakf\u0131\",\"url\":\"https:\\\/\\\/tdv.org\\\/tr-TR\\\/\",\"logo\":{\"@type\":\"ImageObject\",\"inLanguage\":\"tr\",\"@id\":\"https:\\\/\\\/tdv.org\\\/tr-TR\\\/#\\\/schema\\\/logo\\\/image\\\/\",\"url\":\"https:\\\/\\\/tdv.org\\\/tr-TR\\\/wp-content\\\/uploads\\\/2018\\\/12\\\/TDV_Logo_1.png\",\"contentUrl\":\"https:\\\/\\\/tdv.org\\\/tr-TR\\\/wp-content\\\/uploads\\\/2018\\\/12\\\/TDV_Logo_1.png\",\"width\":207,\"height\":71,\"caption\":\"T\u00fcrkiye Diyanet Vakf\u0131\"},\"image\":{\"@id\":\"https:\\\/\\\/tdv.org\\\/tr-TR\\\/#\\\/schema\\\/logo\\\/image\\\/\"},\"sameAs\":[\"https:\\\/\\\/www.facebook.com\\\/Diyanetvakfi\\\/\",\"https:\\\/\\\/x.com\\\/DiyanetVakfi\",\"https:\\\/\\\/www.instagram.com\\\/turkiyediyanetvakfi\\\/\",\"https:\\\/\\\/www.youtube.com\\\/user\\\/TurkiyeDiyanetVakfi\"]},{\"@type\":\"Person\",\"@id\":\"https:\\\/\\\/tdv.org\\\/tr-TR\\\/#\\\/schema\\\/person\\\/752b55e264a99273d55636516d96d5eb\",\"name\":\"Selim\",\"image\":{\"@type\":\"ImageObject\",\"inLanguage\":\"tr\",\"@id\":\"https:\\\/\\\/tdv.org\\\/tr-TR\\\/wp-content\\\/litespeed\\\/avatar\\\/a1e47b25396e98e5b781e88a5396cd96.jpg?ver=1777287391\",\"url\":\"https:\\\/\\\/tdv.org\\\/tr-TR\\\/wp-content\\\/litespeed\\\/avatar\\\/a1e47b25396e98e5b781e88a5396cd96.jpg?ver=1777287391\",\"contentUrl\":\"https:\\\/\\\/tdv.org\\\/tr-TR\\\/wp-content\\\/litespeed\\\/avatar\\\/a1e47b25396e98e5b781e88a5396cd96.jpg?ver=1777287391\",\"caption\":\"Selim\"}}]}<\/script>\n<!-- \/ Yoast SEO plugin. -->","yoast_head_json":{"title":"TDV 1 milyon 200 bin Filistinliye kurban ula\u015ft\u0131racak","description":"T\u00fcrkiye Diyanet Vakf\u0131 (TDV) Genel M\u00fcd\u00fcr\u00fc \u0130zani Turan, hay\u0131rseverlerin Gazze i\u00e7in ba\u011f\u0131\u015flad\u0131\u011f\u0131 kurban etlerini M\u0131s\u0131r'da kiralad\u0131klar\u0131 so\u011fuk hava depolar\u0131nda muhafaza ederek, peyderpey Gazze\u2019de 800 bin ki\u015fiye, toplamda ise 1 milyon 200 bin Filistinliye ula\u015ft\u0131racaklar\u0131n\u0131 s\u00f6yledi.","robots":{"index":"index","follow":"follow","max-snippet":"max-snippet:-1","max-image-preview":"max-image-preview:large","max-video-preview":"max-video-preview:-1"},"canonical":"https:\/\/tdv.org\/tr-TR\/tdv-1-milyon-200-bin-filistinliye-kurban-ulastiracak\/","og_locale":"tr_TR","og_type":"article","og_title":"TDV 1 milyon 200 bin Filistinliye kurban ula\u015ft\u0131racak","og_description":"T\u00fcrkiye Diyanet Vakf\u0131 (TDV) Genel M\u00fcd\u00fcr\u00fc \u0130zani Turan, hay\u0131rseverlerin Gazze i\u00e7in ba\u011f\u0131\u015flad\u0131\u011f\u0131 kurban etlerini M\u0131s\u0131r'da kiralad\u0131klar\u0131 so\u011fuk hava depolar\u0131nda muhafaza ederek, peyderpey Gazze\u2019de 800 bin ki\u015fiye, toplamda ise 1 milyon 200 bin Filistinliye ula\u015ft\u0131racaklar\u0131n\u0131 s\u00f6yledi.","og_url":"https:\/\/tdv.org\/tr-TR\/tdv-1-milyon-200-bin-filistinliye-kurban-ulastiracak\/","og_site_name":"T\u00fcrkiye Diyanet Vakf\u0131 Resmi Web Sitesi","article_publisher":"https:\/\/www.facebook.com\/Diyanetvakfi\/","article_published_time":"2024-07-06T14:58:25+00:00","og_image":[{"width":1153,"height":768,"url":"https:\/\/tdv.org\/tr-TR\/wp-content\/uploads\/2024\/07\/2c03f666-215c-4161-bb93-8835b887d982.jpg","type":"image\/jpeg"}],"author":"Selim","twitter_card":"summary_large_image","twitter_creator":"@DiyanetVakfi","twitter_site":"@DiyanetVakfi","schema":{"@context":"https:\/\/schema.org","@graph":[{"@type":"Article","@id":"https:\/\/tdv.org\/tr-TR\/tdv-1-milyon-200-bin-filistinliye-kurban-ulastiracak\/#article","isPartOf":{"@id":"https:\/\/tdv.org\/tr-TR\/tdv-1-milyon-200-bin-filistinliye-kurban-ulastiracak\/"},"author":{"name":"Selim","@id":"https:\/\/tdv.org\/tr-TR\/#\/schema\/person\/752b55e264a99273d55636516d96d5eb"},"headline":"TDV 1 milyon 200 bin Filistinliye kurban ula\u015ft\u0131racak","datePublished":"2024-07-06T14:58:25+00:00","mainEntityOfPage":{"@id":"https:\/\/tdv.org\/tr-TR\/tdv-1-milyon-200-bin-filistinliye-kurban-ulastiracak\/"},"wordCount":314,"publisher":{"@id":"https:\/\/tdv.org\/tr-TR\/#organization"},"image":{"@id":"https:\/\/tdv.org\/tr-TR\/tdv-1-milyon-200-bin-filistinliye-kurban-ulastiracak\/#primaryimage"},"thumbnailUrl":"https:\/\/tdv.org\/tr-TR\/wp-content\/uploads\/2024\/07\/2c03f666-215c-4161-bb93-8835b887d982.jpg","keywords":["Filistin \u0130\u00e7in S\u00f6z\u00fcm\u00fcz Var","filistin yard\u0131m","gazze yard\u0131m","\u0130zani Turan","\u00d6zg\u00fcr Filistin'in Yan\u0131nday\u0131z"],"articleSection":["Haberler"],"inLanguage":"tr"},{"@type":"WebPage","@id":"https:\/\/tdv.org\/tr-TR\/tdv-1-milyon-200-bin-filistinliye-kurban-ulastiracak\/","url":"https:\/\/tdv.org\/tr-TR\/tdv-1-milyon-200-bin-filistinliye-kurban-ulastiracak\/","name":"TDV 1 milyon 200 bin Filistinliye kurban ula\u015ft\u0131racak","isPartOf":{"@id":"https:\/\/tdv.org\/tr-TR\/#website"},"primaryImageOfPage":{"@id":"https:\/\/tdv.org\/tr-TR\/tdv-1-milyon-200-bin-filistinliye-kurban-ulastiracak\/#primaryimage"},"image":{"@id":"https:\/\/tdv.org\/tr-TR\/tdv-1-milyon-200-bin-filistinliye-kurban-ulastiracak\/#primaryimage"},"thumbnailUrl":"https:\/\/tdv.org\/tr-TR\/wp-content\/uploads\/2024\/07\/2c03f666-215c-4161-bb93-8835b887d982.jpg","datePublished":"2024-07-06T14:58:25+00:00","description":"T\u00fcrkiye Diyanet Vakf\u0131 (TDV) Genel M\u00fcd\u00fcr\u00fc \u0130zani Turan, hay\u0131rseverlerin Gazze i\u00e7in ba\u011f\u0131\u015flad\u0131\u011f\u0131 kurban etlerini M\u0131s\u0131r'da kiralad\u0131klar\u0131 so\u011fuk hava depolar\u0131nda muhafaza ederek, peyderpey Gazze\u2019de 800 bin ki\u015fiye, toplamda ise 1 milyon 200 bin Filistinliye ula\u015ft\u0131racaklar\u0131n\u0131 s\u00f6yledi.","breadcrumb":{"@id":"https:\/\/tdv.org\/tr-TR\/tdv-1-milyon-200-bin-filistinliye-kurban-ulastiracak\/#breadcrumb"},"inLanguage":"tr","potentialAction":[{"@type":"ReadAction","target":["https:\/\/tdv.org\/tr-TR\/tdv-1-milyon-200-bin-filistinliye-kurban-ulastiracak\/"]}]},{"@type":"ImageObject","inLanguage":"tr","@id":"https:\/\/tdv.org\/tr-TR\/tdv-1-milyon-200-bin-filistinliye-kurban-ulastiracak\/#primaryimage","url":"https:\/\/tdv.org\/tr-TR\/wp-content\/uploads\/2024\/07\/2c03f666-215c-4161-bb93-8835b887d982.jpg","contentUrl":"https:\/\/tdv.org\/tr-TR\/wp-content\/uploads\/2024\/07\/2c03f666-215c-4161-bb93-8835b887d982.jpg","width":1153,"height":768},{"@type":"BreadcrumbList","@id":"https:\/\/tdv.org\/tr-TR\/tdv-1-milyon-200-bin-filistinliye-kurban-ulastiracak\/#breadcrumb","itemListElement":[{"@type":"ListItem","position":1,"name":"Anasayfa","item":"https:\/\/tdv.org\/tr-TR\/"},{"@type":"ListItem","position":2,"name":"TDV 1 milyon 200 bin Filistinliye kurban ula\u015ft\u0131racak"}]},{"@type":"WebSite","@id":"https:\/\/tdv.org\/tr-TR\/#website","url":"https:\/\/tdv.org\/tr-TR\/","name":"T\u00fcrkiye Diyanet Vakf\u0131 Resmi Web Sitesi","description":"Yery\u00fcz\u00fcnde iyilik egemen oluncaya kadar","publisher":{"@id":"https:\/\/tdv.org\/tr-TR\/#organization"},"alternateName":"T\u00fcrkiye Diyanet Vakf\u0131","potentialAction":[{"@type":"SearchAction","target":{"@type":"EntryPoint","urlTemplate":"https:\/\/tdv.org\/tr-TR\/?s={search_term_string}"},"query-input":{"@type":"PropertyValueSpecification","valueRequired":true,"valueName":"search_term_string"}}],"inLanguage":"tr"},{"@type":"Organization","@id":"https:\/\/tdv.org\/tr-TR\/#organization","name":"T\u00fcrkiye Diyanet Vakf\u0131","alternateName":"T\u00fcrkiye Diyanet Vakf\u0131","url":"https:\/\/tdv.org\/tr-TR\/","logo":{"@type":"ImageObject","inLanguage":"tr","@id":"https:\/\/tdv.org\/tr-TR\/#\/schema\/logo\/image\/","url":"https:\/\/tdv.org\/tr-TR\/wp-content\/uploads\/2018\/12\/TDV_Logo_1.png","contentUrl":"https:\/\/tdv.org\/tr-TR\/wp-content\/uploads\/2018\/12\/TDV_Logo_1.png","width":207,"height":71,"caption":"T\u00fcrkiye Diyanet Vakf\u0131"},"image":{"@id":"https:\/\/tdv.org\/tr-TR\/#\/schema\/logo\/image\/"},"sameAs":["https:\/\/www.facebook.com\/Diyanetvakfi\/","https:\/\/x.com\/DiyanetVakfi","https:\/\/www.instagram.com\/turkiyediyanetvakfi\/","https:\/\/www.youtube.com\/user\/TurkiyeDiyanetVakfi"]},{"@type":"Person","@id":"https:\/\/tdv.org\/tr-TR\/#\/schema\/person\/752b55e264a99273d55636516d96d5eb","name":"Selim","image":{"@type":"ImageObject","inLanguage":"tr","@id":"https:\/\/tdv.org\/tr-TR\/wp-content\/litespeed\/avatar\/a1e47b25396e98e5b781e88a5396cd96.jpg?ver=1777287391","url":"https:\/\/tdv.org\/tr-TR\/wp-content\/litespeed\/avatar\/a1e47b25396e98e5b781e88a5396cd96.jpg?ver=1777287391","contentUrl":"https:\/\/tdv.org\/tr-TR\/wp-content\/litespeed\/avatar\/a1e47b25396e98e5b781e88a5396cd96.jpg?ver=1777287391","caption":"Selim"}}]}},"_links":{"self":[{"href":"https:\/\/tdv.org\/tr-TR\/wp-json\/wp\/v2\/posts\/43337","targetHints":{"allow":["GET"]}}],"collection":[{"href":"https:\/\/tdv.org\/tr-TR\/wp-json\/wp\/v2\/posts"}],"about":[{"href":"https:\/\/tdv.org\/tr-TR\/wp-json\/wp\/v2\/types\/post"}],"author":[{"embeddable":true,"href":"https:\/\/tdv.org\/tr-TR\/wp-json\/wp\/v2\/users\/8"}],"replies":[{"embeddable":true,"href":"https:\/\/tdv.org\/tr-TR\/wp-json\/wp\/v2\/comments?post=43337"}],"version-history":[{"count":1,"href":"https:\/\/tdv.org\/tr-TR\/wp-json\/wp\/v2\/posts\/43337\/revisions"}],"predecessor-version":[{"id":43345,"href":"https:\/\/tdv.org\/tr-TR\/wp-json\/wp\/v2\/posts\/43337\/revisions\/43345"}],"wp:featuredmedia":[{"embeddable":true,"href":"https:\/\/tdv.org\/tr-TR\/wp-json\/wp\/v2\/media\/43338"}],"wp:attachment":[{"href":"https:\/\/tdv.org\/tr-TR\/wp-json\/wp\/v2\/media?parent=43337"}],"wp:term":[{"taxonomy":"category","embeddable":true,"href":"https:\/\/tdv.org\/tr-TR\/wp-json\/wp\/v2\/categories?post=43337"},{"taxonomy":"post_tag","embeddable":true,"href":"https:\/\/tdv.org\/tr-TR\/wp-json\/wp\/v2\/tags?post=43337"}],"curies":[{"name":"wp","href":"https:\/\/api.w.org\/{rel}","templated":true}]}}