{"id":43355,"date":"2024-07-11T16:04:25","date_gmt":"2024-07-11T13:04:25","guid":{"rendered":"https:\/\/tdv.org\/tr-TR\/?p=43355"},"modified":"2024-07-11T16:04:25","modified_gmt":"2024-07-11T13:04:25","slug":"yazimda-kardeslik-var-egitim-kampi-basliyor","status":"publish","type":"post","link":"https:\/\/tdv.org\/tr-TR\/yazimda-kardeslik-var-egitim-kampi-basliyor\/","title":{"rendered":"\u201cYaz\u0131mda Karde\u015flik Var\u201d e\u011fitim kamp\u0131 ba\u015fl\u0131yor"},"content":{"rendered":"<p style=\"text-align: justify;\"><a href=\"https:\/\/diyanet.gov.tr\/tr-TR\">Diyanet \u0130\u015fleri Ba\u015fkanl\u0131\u011f\u0131<\/a> ve <a href=\"https:\/\/tdv.org\/tr-TR\/\">T\u00fcrkiye Diyanet Vakf\u0131<\/a> i\u015f birli\u011fiyle d\u00fczenlenen &#8220;Yaz\u0131mda Karde\u015flik Var&#8221; e\u011fitim kamp\u0131n\u0131n 7\u2019ncisi 14-21 Temmuz 2024 tarihleri aras\u0131nda Ankara&#8217;da ger\u00e7ekle\u015ftirilecek.<\/p>\n<p style=\"text-align: justify;\">\u00dclkemizin \u00e7e\u015fitli b\u00f6lgelerinden 250 erkek ve 250 k\u0131z \u00f6\u011frenci kampa kat\u0131lacak. 11 ilden \u00f6\u011frencilerin kat\u0131laca\u011f\u0131 kampta gen\u00e7lerin milli ve manevi de\u011ferlerimizle donat\u0131lmas\u0131, \u00fclkemizin tarihi ve k\u00fclt\u00fcrel de\u011ferlerini tan\u0131mas\u0131 hedefleniyor.<\/p>\n<p style=\"text-align: justify;\">Gen\u00e7lerin temel \u0130slami bilgilerinin art\u0131r\u0131lmas\u0131 ve karde\u015flik ruhuyla sosyalle\u015fmelerine imkan tan\u0131nacak e\u011fitim kamp\u0131nda esnek ders programlar\u0131yla temel d\u00fczeyde bilgi, bilin\u00e7 ve becerilerine de katk\u0131 sa\u011flanmas\u0131 ama\u00e7lan\u0131yor. \u00d6\u011fleden sonra ger\u00e7ekle\u015ftirilecek sosyal, k\u00fclt\u00fcrel ve sportif etkinliklerle de 500 \u00f6\u011frenciye sevgi, sayg\u0131, sorumluluk, yard\u0131mseverlik ve di\u011ferkaml\u0131k gibi de\u011ferlerin peki\u015ftirilmesi planlan\u0131yor.<\/p>\n<p style=\"text-align: justify;\">Program kapsam\u0131nda, tiyatro, dini musiki, i\u015faret dili, ke\u00e7e, seramik, ebru, tak\u0131 tasar\u0131m, sokak oyunlar\u0131 ile gezi ve ziyaret gibi etkinlikler d\u00fczenlenecek. Ayr\u0131ca, okuma gruplar\u0131 olu\u015fturularak kitap okuma faaliyetleri yap\u0131lacak. Ankara&#8217;da yap\u0131lacak kapan\u0131\u015f t\u00f6reninde ise \u00f6\u011frenciler haz\u0131rlad\u0131klar\u0131 g\u00f6sterileri sergileyecek.<\/p>\n\n\t\t<style type=\"text\/css\">\n\t\t\t#gallery-1 {\n\t\t\t\tmargin: auto;\n\t\t\t}\n\t\t\t#gallery-1 .gallery-item {\n\t\t\t\tfloat: left;\n\t\t\t\tmargin-top: 10px;\n\t\t\t\ttext-align: center;\n\t\t\t\twidth: 33%;\n\t\t\t}\n\t\t\t#gallery-1 img {\n\t\t\t\tborder: 2px solid #cfcfcf;\n\t\t\t}\n\t\t\t#gallery-1 .gallery-caption {\n\t\t\t\tmargin-left: 0;\n\t\t\t}\n\t\t\t\/* see gallery_shortcode() in wp-includes\/media.php *\/\n\t\t<\/style>\n\t\t<div id='gallery-1' class='gallery galleryid-43355 gallery-columns-3 gallery-size-full'><dl class='gallery-item'>\n\t\t\t<dt class='gallery-icon landscape'>\n\t\t\t\t<a href='https:\/\/tdv.org\/tr-TR\/wp-content\/uploads\/2024\/07\/Yazimda-Kardeslik-Var-1.jpeg'><img decoding=\"async\" width=\"1153\" height=\"768\" src=\"https:\/\/tdv.org\/tr-TR\/wp-content\/uploads\/2024\/07\/Yazimda-Kardeslik-Var-1.jpeg\" class=\"attachment-full size-full\" alt=\"\" srcset=\"https:\/\/tdv.org\/tr-TR\/wp-content\/uploads\/2024\/07\/Yazimda-Kardeslik-Var-1.jpeg 1153w, https:\/\/tdv.org\/tr-TR\/wp-content\/uploads\/2024\/07\/Yazimda-Kardeslik-Var-1-300x200.jpeg 300w, https:\/\/tdv.org\/tr-TR\/wp-content\/uploads\/2024\/07\/Yazimda-Kardeslik-Var-1-1024x682.jpeg 1024w, https:\/\/tdv.org\/tr-TR\/wp-content\/uploads\/2024\/07\/Yazimda-Kardeslik-Var-1-768x512.jpeg 768w, https:\/\/tdv.org\/tr-TR\/wp-content\/uploads\/2024\/07\/Yazimda-Kardeslik-Var-1-900x600.jpeg 900w\" sizes=\"(max-width: 1153px) 100vw, 1153px\" \/><\/a>\n\t\t\t<\/dt><\/dl><dl class='gallery-item'>\n\t\t\t<dt class='gallery-icon landscape'>\n\t\t\t\t<a href='https:\/\/tdv.org\/tr-TR\/wp-content\/uploads\/2024\/07\/Yazimda-Kardeslik-Var-1.jpg'><img decoding=\"async\" width=\"1152\" height=\"768\" src=\"https:\/\/tdv.org\/tr-TR\/wp-content\/uploads\/2024\/07\/Yazimda-Kardeslik-Var-1.jpg\" class=\"attachment-full size-full\" alt=\"\" srcset=\"https:\/\/tdv.org\/tr-TR\/wp-content\/uploads\/2024\/07\/Yazimda-Kardeslik-Var-1.jpg 1152w, https:\/\/tdv.org\/tr-TR\/wp-content\/uploads\/2024\/07\/Yazimda-Kardeslik-Var-1-300x200.jpg 300w, https:\/\/tdv.org\/tr-TR\/wp-content\/uploads\/2024\/07\/Yazimda-Kardeslik-Var-1-1024x683.jpg 1024w, https:\/\/tdv.org\/tr-TR\/wp-content\/uploads\/2024\/07\/Yazimda-Kardeslik-Var-1-768x512.jpg 768w, https:\/\/tdv.org\/tr-TR\/wp-content\/uploads\/2024\/07\/Yazimda-Kardeslik-Var-1-900x600.jpg 900w\" sizes=\"(max-width: 1152px) 100vw, 1152px\" \/><\/a>\n\t\t\t<\/dt><\/dl><dl class='gallery-item'>\n\t\t\t<dt class='gallery-icon landscape'>\n\t\t\t\t<a href='https:\/\/tdv.org\/tr-TR\/wp-content\/uploads\/2024\/07\/Yazimda-Kardeslik-Var-2.jpeg'><img decoding=\"async\" width=\"1152\" height=\"768\" src=\"https:\/\/tdv.org\/tr-TR\/wp-content\/uploads\/2024\/07\/Yazimda-Kardeslik-Var-2.jpeg\" class=\"attachment-full size-full\" alt=\"\" srcset=\"https:\/\/tdv.org\/tr-TR\/wp-content\/uploads\/2024\/07\/Yazimda-Kardeslik-Var-2.jpeg 1152w, https:\/\/tdv.org\/tr-TR\/wp-content\/uploads\/2024\/07\/Yazimda-Kardeslik-Var-2-300x200.jpeg 300w, https:\/\/tdv.org\/tr-TR\/wp-content\/uploads\/2024\/07\/Yazimda-Kardeslik-Var-2-1024x683.jpeg 1024w, https:\/\/tdv.org\/tr-TR\/wp-content\/uploads\/2024\/07\/Yazimda-Kardeslik-Var-2-768x512.jpeg 768w, https:\/\/tdv.org\/tr-TR\/wp-content\/uploads\/2024\/07\/Yazimda-Kardeslik-Var-2-900x600.jpeg 900w\" sizes=\"(max-width: 1152px) 100vw, 1152px\" \/><\/a>\n\t\t\t<\/dt><\/dl><br style=\"clear: both\" \/><dl class='gallery-item'>\n\t\t\t<dt class='gallery-icon landscape'>\n\t\t\t\t<a href='https:\/\/tdv.org\/tr-TR\/wp-content\/uploads\/2024\/07\/Yazimda-Kardeslik-Var-2.jpg'><img decoding=\"async\" width=\"766\" height=\"512\" src=\"https:\/\/tdv.org\/tr-TR\/wp-content\/uploads\/2024\/07\/Yazimda-Kardeslik-Var-2.jpg\" class=\"attachment-full size-full\" alt=\"\" srcset=\"https:\/\/tdv.org\/tr-TR\/wp-content\/uploads\/2024\/07\/Yazimda-Kardeslik-Var-2.jpg 766w, https:\/\/tdv.org\/tr-TR\/wp-content\/uploads\/2024\/07\/Yazimda-Kardeslik-Var-2-300x201.jpg 300w\" sizes=\"(max-width: 766px) 100vw, 766px\" \/><\/a>\n\t\t\t<\/dt><\/dl><dl class='gallery-item'>\n\t\t\t<dt class='gallery-icon landscape'>\n\t\t\t\t<a href='https:\/\/tdv.org\/tr-TR\/wp-content\/uploads\/2024\/07\/Yazimda-Kardeslik-Var-3.jpeg'><img decoding=\"async\" width=\"1153\" height=\"768\" src=\"https:\/\/tdv.org\/tr-TR\/wp-content\/uploads\/2024\/07\/Yazimda-Kardeslik-Var-3.jpeg\" class=\"attachment-full size-full\" alt=\"\" srcset=\"https:\/\/tdv.org\/tr-TR\/wp-content\/uploads\/2024\/07\/Yazimda-Kardeslik-Var-3.jpeg 1153w, https:\/\/tdv.org\/tr-TR\/wp-content\/uploads\/2024\/07\/Yazimda-Kardeslik-Var-3-300x200.jpeg 300w, https:\/\/tdv.org\/tr-TR\/wp-content\/uploads\/2024\/07\/Yazimda-Kardeslik-Var-3-1024x682.jpeg 1024w, https:\/\/tdv.org\/tr-TR\/wp-content\/uploads\/2024\/07\/Yazimda-Kardeslik-Var-3-768x512.jpeg 768w, https:\/\/tdv.org\/tr-TR\/wp-content\/uploads\/2024\/07\/Yazimda-Kardeslik-Var-3-900x600.jpeg 900w\" sizes=\"(max-width: 1153px) 100vw, 1153px\" \/><\/a>\n\t\t\t<\/dt><\/dl><dl class='gallery-item'>\n\t\t\t<dt class='gallery-icon landscape'>\n\t\t\t\t<a href='https:\/\/tdv.org\/tr-TR\/wp-content\/uploads\/2024\/07\/Yazimda-Kardeslik-Var-3.jpg'><img decoding=\"async\" width=\"1157\" height=\"768\" src=\"https:\/\/tdv.org\/tr-TR\/wp-content\/uploads\/2024\/07\/Yazimda-Kardeslik-Var-3.jpg\" class=\"attachment-full size-full\" alt=\"\" srcset=\"https:\/\/tdv.org\/tr-TR\/wp-content\/uploads\/2024\/07\/Yazimda-Kardeslik-Var-3.jpg 1157w, https:\/\/tdv.org\/tr-TR\/wp-content\/uploads\/2024\/07\/Yazimda-Kardeslik-Var-3-300x199.jpg 300w, https:\/\/tdv.org\/tr-TR\/wp-content\/uploads\/2024\/07\/Yazimda-Kardeslik-Var-3-1024x680.jpg 1024w, https:\/\/tdv.org\/tr-TR\/wp-content\/uploads\/2024\/07\/Yazimda-Kardeslik-Var-3-768x510.jpg 768w\" sizes=\"(max-width: 1157px) 100vw, 1157px\" \/><\/a>\n\t\t\t<\/dt><\/dl><br style=\"clear: both\" \/><dl class='gallery-item'>\n\t\t\t<dt class='gallery-icon landscape'>\n\t\t\t\t<a href='https:\/\/tdv.org\/tr-TR\/wp-content\/uploads\/2024\/07\/Yazimda-Kardeslik-Var-4.jpeg'><img decoding=\"async\" width=\"1152\" height=\"768\" src=\"https:\/\/tdv.org\/tr-TR\/wp-content\/uploads\/2024\/07\/Yazimda-Kardeslik-Var-4.jpeg\" class=\"attachment-full size-full\" alt=\"\" srcset=\"https:\/\/tdv.org\/tr-TR\/wp-content\/uploads\/2024\/07\/Yazimda-Kardeslik-Var-4.jpeg 1152w, https:\/\/tdv.org\/tr-TR\/wp-content\/uploads\/2024\/07\/Yazimda-Kardeslik-Var-4-300x200.jpeg 300w, https:\/\/tdv.org\/tr-TR\/wp-content\/uploads\/2024\/07\/Yazimda-Kardeslik-Var-4-1024x683.jpeg 1024w, https:\/\/tdv.org\/tr-TR\/wp-content\/uploads\/2024\/07\/Yazimda-Kardeslik-Var-4-768x512.jpeg 768w, https:\/\/tdv.org\/tr-TR\/wp-content\/uploads\/2024\/07\/Yazimda-Kardeslik-Var-4-900x600.jpeg 900w\" sizes=\"(max-width: 1152px) 100vw, 1152px\" \/><\/a>\n\t\t\t<\/dt><\/dl><dl class='gallery-item'>\n\t\t\t<dt class='gallery-icon landscape'>\n\t\t\t\t<a href='https:\/\/tdv.org\/tr-TR\/wp-content\/uploads\/2024\/07\/Yazimda-Kardeslik-Var-4.jpg'><img decoding=\"async\" width=\"1152\" height=\"768\" src=\"https:\/\/tdv.org\/tr-TR\/wp-content\/uploads\/2024\/07\/Yazimda-Kardeslik-Var-4.jpg\" class=\"attachment-full size-full\" alt=\"\" srcset=\"https:\/\/tdv.org\/tr-TR\/wp-content\/uploads\/2024\/07\/Yazimda-Kardeslik-Var-4.jpg 1152w, https:\/\/tdv.org\/tr-TR\/wp-content\/uploads\/2024\/07\/Yazimda-Kardeslik-Var-4-300x200.jpg 300w, https:\/\/tdv.org\/tr-TR\/wp-content\/uploads\/2024\/07\/Yazimda-Kardeslik-Var-4-1024x683.jpg 1024w, https:\/\/tdv.org\/tr-TR\/wp-content\/uploads\/2024\/07\/Yazimda-Kardeslik-Var-4-768x512.jpg 768w, https:\/\/tdv.org\/tr-TR\/wp-content\/uploads\/2024\/07\/Yazimda-Kardeslik-Var-4-900x600.jpg 900w\" sizes=\"(max-width: 1152px) 100vw, 1152px\" \/><\/a>\n\t\t\t<\/dt><\/dl><dl class='gallery-item'>\n\t\t\t<dt class='gallery-icon landscape'>\n\t\t\t\t<a href='https:\/\/tdv.org\/tr-TR\/wp-content\/uploads\/2024\/07\/Yazimda-Kardeslik-Var-5.jpeg'><img decoding=\"async\" width=\"1153\" height=\"768\" src=\"https:\/\/tdv.org\/tr-TR\/wp-content\/uploads\/2024\/07\/Yazimda-Kardeslik-Var-5.jpeg\" class=\"attachment-full size-full\" alt=\"\" srcset=\"https:\/\/tdv.org\/tr-TR\/wp-content\/uploads\/2024\/07\/Yazimda-Kardeslik-Var-5.jpeg 1153w, https:\/\/tdv.org\/tr-TR\/wp-content\/uploads\/2024\/07\/Yazimda-Kardeslik-Var-5-300x200.jpeg 300w, https:\/\/tdv.org\/tr-TR\/wp-content\/uploads\/2024\/07\/Yazimda-Kardeslik-Var-5-1024x682.jpeg 1024w, https:\/\/tdv.org\/tr-TR\/wp-content\/uploads\/2024\/07\/Yazimda-Kardeslik-Var-5-768x512.jpeg 768w, https:\/\/tdv.org\/tr-TR\/wp-content\/uploads\/2024\/07\/Yazimda-Kardeslik-Var-5-900x600.jpeg 900w\" sizes=\"(max-width: 1153px) 100vw, 1153px\" \/><\/a>\n\t\t\t<\/dt><\/dl><br style=\"clear: both\" \/><dl class='gallery-item'>\n\t\t\t<dt class='gallery-icon landscape'>\n\t\t\t\t<a href='https:\/\/tdv.org\/tr-TR\/wp-content\/uploads\/2024\/07\/Yazimda-Kardeslik-Var-5.jpg'><img decoding=\"async\" width=\"1080\" height=\"720\" src=\"https:\/\/tdv.org\/tr-TR\/wp-content\/uploads\/2024\/07\/Yazimda-Kardeslik-Var-5.jpg\" class=\"attachment-full size-full\" alt=\"\" srcset=\"https:\/\/tdv.org\/tr-TR\/wp-content\/uploads\/2024\/07\/Yazimda-Kardeslik-Var-5.jpg 1080w, https:\/\/tdv.org\/tr-TR\/wp-content\/uploads\/2024\/07\/Yazimda-Kardeslik-Var-5-300x200.jpg 300w, https:\/\/tdv.org\/tr-TR\/wp-content\/uploads\/2024\/07\/Yazimda-Kardeslik-Var-5-1024x683.jpg 1024w, https:\/\/tdv.org\/tr-TR\/wp-content\/uploads\/2024\/07\/Yazimda-Kardeslik-Var-5-768x512.jpg 768w, https:\/\/tdv.org\/tr-TR\/wp-content\/uploads\/2024\/07\/Yazimda-Kardeslik-Var-5-900x600.jpg 900w\" sizes=\"(max-width: 1080px) 100vw, 1080px\" \/><\/a>\n\t\t\t<\/dt><\/dl><dl class='gallery-item'>\n\t\t\t<dt class='gallery-icon landscape'>\n\t\t\t\t<a href='https:\/\/tdv.org\/tr-TR\/wp-content\/uploads\/2024\/07\/Yazimda-Kardeslik-Var-6.jpeg'><img decoding=\"async\" width=\"1153\" height=\"768\" src=\"https:\/\/tdv.org\/tr-TR\/wp-content\/uploads\/2024\/07\/Yazimda-Kardeslik-Var-6.jpeg\" class=\"attachment-full size-full\" alt=\"\" srcset=\"https:\/\/tdv.org\/tr-TR\/wp-content\/uploads\/2024\/07\/Yazimda-Kardeslik-Var-6.jpeg 1153w, https:\/\/tdv.org\/tr-TR\/wp-content\/uploads\/2024\/07\/Yazimda-Kardeslik-Var-6-300x200.jpeg 300w, https:\/\/tdv.org\/tr-TR\/wp-content\/uploads\/2024\/07\/Yazimda-Kardeslik-Var-6-1024x682.jpeg 1024w, https:\/\/tdv.org\/tr-TR\/wp-content\/uploads\/2024\/07\/Yazimda-Kardeslik-Var-6-768x512.jpeg 768w, https:\/\/tdv.org\/tr-TR\/wp-content\/uploads\/2024\/07\/Yazimda-Kardeslik-Var-6-900x600.jpeg 900w\" sizes=\"(max-width: 1153px) 100vw, 1153px\" \/><\/a>\n\t\t\t<\/dt><\/dl>\n\t\t\t<br style='clear: both' \/>\n\t\t<\/div>\n\n","protected":false},"excerpt":{"rendered":"<p>Diyanet \u0130\u015fleri Ba\u015fkanl\u0131\u011f\u0131 ve T\u00fcrkiye Diyanet Vakf\u0131 i\u015f birli\u011fiyle d\u00fczenlenen &#8220;Yaz\u0131mda Karde\u015flik Var&#8221; e\u011fitim kamp\u0131n\u0131n 7\u2019ncisi 14-21 Temmuz 2024 tarihleri aras\u0131nda Ankara&#8217;da ger\u00e7ekle\u015ftirilecek. \u00dclkemizin \u00e7e\u015fitli b\u00f6lgelerinden 250 erkek ve 250&#8230;<\/p>\n","protected":false},"author":8,"featured_media":43356,"comment_status":"closed","ping_status":"closed","sticky":false,"template":"","format":"standard","meta":{"footnotes":""},"categories":[1],"tags":[1128,190,194],"class_list":{"0":"post-43355","1":"post","2":"type-post","3":"status-publish","4":"format-standard","5":"has-post-thumbnail","7":"category-haberler","8":"tag-egitim-kampi","9":"tag-egitim-yazimda-kardeslik-var-van","10":"tag-yazimda-kardeslik-var"},"yoast_head":"<!-- This site is optimized with the Yoast SEO plugin v27.5 - https:\/\/yoast.com\/product\/yoast-seo-wordpress\/ -->\n<title>\u201cYaz\u0131mda Karde\u015flik Var\u201d e\u011fitim kamp\u0131 ba\u015fl\u0131yor<\/title>\n<meta name=\"description\" content=\"Diyanet \u0130\u015fleri Ba\u015fkanl\u0131\u011f\u0131 ve T\u00fcrkiye Diyanet Vakf\u0131 i\u015f birli\u011fiyle d\u00fczenlenen &quot;Yaz\u0131mda Karde\u015flik Var&quot; e\u011fitim kamp\u0131n\u0131n 7\u2019ncisi 14-21 Temmuz 2024 tarihleri aras\u0131nda Ankara&#039;da ger\u00e7ekle\u015ftirilecek.\" \/>\n<meta name=\"robots\" content=\"index, follow, max-snippet:-1, max-image-preview:large, max-video-preview:-1\" \/>\n<link rel=\"canonical\" href=\"https:\/\/tdv.org\/tr-TR\/yazimda-kardeslik-var-egitim-kampi-basliyor\/\" \/>\n<meta property=\"og:locale\" content=\"tr_TR\" \/>\n<meta property=\"og:type\" content=\"article\" \/>\n<meta property=\"og:title\" content=\"\u201cYaz\u0131mda Karde\u015flik Var\u201d e\u011fitim kamp\u0131 ba\u015fl\u0131yor\" \/>\n<meta property=\"og:description\" content=\"Diyanet \u0130\u015fleri Ba\u015fkanl\u0131\u011f\u0131 ve T\u00fcrkiye Diyanet Vakf\u0131 i\u015f birli\u011fiyle d\u00fczenlenen &quot;Yaz\u0131mda Karde\u015flik Var&quot; e\u011fitim kamp\u0131n\u0131n 7\u2019ncisi 14-21 Temmuz 2024 tarihleri aras\u0131nda Ankara&#039;da ger\u00e7ekle\u015ftirilecek.\" \/>\n<meta property=\"og:url\" content=\"https:\/\/tdv.org\/tr-TR\/yazimda-kardeslik-var-egitim-kampi-basliyor\/\" \/>\n<meta property=\"og:site_name\" content=\"T\u00fcrkiye Diyanet Vakf\u0131 Resmi Web Sitesi\" \/>\n<meta property=\"article:publisher\" content=\"https:\/\/www.facebook.com\/Diyanetvakfi\/\" \/>\n<meta property=\"article:published_time\" content=\"2024-07-11T13:04:25+00:00\" \/>\n<meta property=\"og:image\" content=\"https:\/\/tdv.org\/tr-TR\/wp-content\/uploads\/2024\/07\/Yazimda-Kardeslik-Var-1.jpeg\" \/>\n\t<meta property=\"og:image:width\" content=\"1153\" \/>\n\t<meta property=\"og:image:height\" content=\"768\" \/>\n\t<meta property=\"og:image:type\" content=\"image\/jpeg\" \/>\n<meta name=\"author\" content=\"Selim\" \/>\n<meta name=\"twitter:card\" content=\"summary_large_image\" \/>\n<meta name=\"twitter:creator\" content=\"@DiyanetVakfi\" \/>\n<meta name=\"twitter:site\" content=\"@DiyanetVakfi\" \/>\n<script type=\"application\/ld+json\" class=\"yoast-schema-graph\">{\"@context\":\"https:\\\/\\\/schema.org\",\"@graph\":[{\"@type\":\"Article\",\"@id\":\"https:\\\/\\\/tdv.org\\\/tr-TR\\\/yazimda-kardeslik-var-egitim-kampi-basliyor\\\/#article\",\"isPartOf\":{\"@id\":\"https:\\\/\\\/tdv.org\\\/tr-TR\\\/yazimda-kardeslik-var-egitim-kampi-basliyor\\\/\"},\"author\":{\"name\":\"Selim\",\"@id\":\"https:\\\/\\\/tdv.org\\\/tr-TR\\\/#\\\/schema\\\/person\\\/752b55e264a99273d55636516d96d5eb\"},\"headline\":\"\u201cYaz\u0131mda Karde\u015flik Var\u201d e\u011fitim kamp\u0131 ba\u015fl\u0131yor\",\"datePublished\":\"2024-07-11T13:04:25+00:00\",\"mainEntityOfPage\":{\"@id\":\"https:\\\/\\\/tdv.org\\\/tr-TR\\\/yazimda-kardeslik-var-egitim-kampi-basliyor\\\/\"},\"wordCount\":211,\"publisher\":{\"@id\":\"https:\\\/\\\/tdv.org\\\/tr-TR\\\/#organization\"},\"image\":{\"@id\":\"https:\\\/\\\/tdv.org\\\/tr-TR\\\/yazimda-kardeslik-var-egitim-kampi-basliyor\\\/#primaryimage\"},\"thumbnailUrl\":\"https:\\\/\\\/tdv.org\\\/tr-TR\\\/wp-content\\\/uploads\\\/2024\\\/07\\\/Yazimda-Kardeslik-Var-1.jpeg\",\"keywords\":[\"e\u011fitim kamp\u0131\",\"E\u011fitim; Yaz\u0131mda Karde\u015flik Var; Van\",\"Yaz\u0131mda Karde\u015flik Var\"],\"articleSection\":[\"Haberler\"],\"inLanguage\":\"tr\"},{\"@type\":\"WebPage\",\"@id\":\"https:\\\/\\\/tdv.org\\\/tr-TR\\\/yazimda-kardeslik-var-egitim-kampi-basliyor\\\/\",\"url\":\"https:\\\/\\\/tdv.org\\\/tr-TR\\\/yazimda-kardeslik-var-egitim-kampi-basliyor\\\/\",\"name\":\"\u201cYaz\u0131mda Karde\u015flik Var\u201d e\u011fitim kamp\u0131 ba\u015fl\u0131yor\",\"isPartOf\":{\"@id\":\"https:\\\/\\\/tdv.org\\\/tr-TR\\\/#website\"},\"primaryImageOfPage\":{\"@id\":\"https:\\\/\\\/tdv.org\\\/tr-TR\\\/yazimda-kardeslik-var-egitim-kampi-basliyor\\\/#primaryimage\"},\"image\":{\"@id\":\"https:\\\/\\\/tdv.org\\\/tr-TR\\\/yazimda-kardeslik-var-egitim-kampi-basliyor\\\/#primaryimage\"},\"thumbnailUrl\":\"https:\\\/\\\/tdv.org\\\/tr-TR\\\/wp-content\\\/uploads\\\/2024\\\/07\\\/Yazimda-Kardeslik-Var-1.jpeg\",\"datePublished\":\"2024-07-11T13:04:25+00:00\",\"description\":\"Diyanet \u0130\u015fleri Ba\u015fkanl\u0131\u011f\u0131 ve T\u00fcrkiye Diyanet Vakf\u0131 i\u015f birli\u011fiyle d\u00fczenlenen \\\"Yaz\u0131mda Karde\u015flik Var\\\" e\u011fitim kamp\u0131n\u0131n 7\u2019ncisi 14-21 Temmuz 2024 tarihleri aras\u0131nda Ankara'da ger\u00e7ekle\u015ftirilecek.\",\"breadcrumb\":{\"@id\":\"https:\\\/\\\/tdv.org\\\/tr-TR\\\/yazimda-kardeslik-var-egitim-kampi-basliyor\\\/#breadcrumb\"},\"inLanguage\":\"tr\",\"potentialAction\":[{\"@type\":\"ReadAction\",\"target\":[\"https:\\\/\\\/tdv.org\\\/tr-TR\\\/yazimda-kardeslik-var-egitim-kampi-basliyor\\\/\"]}]},{\"@type\":\"ImageObject\",\"inLanguage\":\"tr\",\"@id\":\"https:\\\/\\\/tdv.org\\\/tr-TR\\\/yazimda-kardeslik-var-egitim-kampi-basliyor\\\/#primaryimage\",\"url\":\"https:\\\/\\\/tdv.org\\\/tr-TR\\\/wp-content\\\/uploads\\\/2024\\\/07\\\/Yazimda-Kardeslik-Var-1.jpeg\",\"contentUrl\":\"https:\\\/\\\/tdv.org\\\/tr-TR\\\/wp-content\\\/uploads\\\/2024\\\/07\\\/Yazimda-Kardeslik-Var-1.jpeg\",\"width\":1153,\"height\":768},{\"@type\":\"BreadcrumbList\",\"@id\":\"https:\\\/\\\/tdv.org\\\/tr-TR\\\/yazimda-kardeslik-var-egitim-kampi-basliyor\\\/#breadcrumb\",\"itemListElement\":[{\"@type\":\"ListItem\",\"position\":1,\"name\":\"Anasayfa\",\"item\":\"https:\\\/\\\/tdv.org\\\/tr-TR\\\/\"},{\"@type\":\"ListItem\",\"position\":2,\"name\":\"\u201cYaz\u0131mda Karde\u015flik Var\u201d e\u011fitim kamp\u0131 ba\u015fl\u0131yor\"}]},{\"@type\":\"WebSite\",\"@id\":\"https:\\\/\\\/tdv.org\\\/tr-TR\\\/#website\",\"url\":\"https:\\\/\\\/tdv.org\\\/tr-TR\\\/\",\"name\":\"T\u00fcrkiye Diyanet Vakf\u0131 Resmi Web Sitesi\",\"description\":\"Yery\u00fcz\u00fcnde iyilik egemen oluncaya kadar\",\"publisher\":{\"@id\":\"https:\\\/\\\/tdv.org\\\/tr-TR\\\/#organization\"},\"alternateName\":\"T\u00fcrkiye Diyanet Vakf\u0131\",\"potentialAction\":[{\"@type\":\"SearchAction\",\"target\":{\"@type\":\"EntryPoint\",\"urlTemplate\":\"https:\\\/\\\/tdv.org\\\/tr-TR\\\/?s={search_term_string}\"},\"query-input\":{\"@type\":\"PropertyValueSpecification\",\"valueRequired\":true,\"valueName\":\"search_term_string\"}}],\"inLanguage\":\"tr\"},{\"@type\":\"Organization\",\"@id\":\"https:\\\/\\\/tdv.org\\\/tr-TR\\\/#organization\",\"name\":\"T\u00fcrkiye Diyanet Vakf\u0131\",\"alternateName\":\"T\u00fcrkiye Diyanet Vakf\u0131\",\"url\":\"https:\\\/\\\/tdv.org\\\/tr-TR\\\/\",\"logo\":{\"@type\":\"ImageObject\",\"inLanguage\":\"tr\",\"@id\":\"https:\\\/\\\/tdv.org\\\/tr-TR\\\/#\\\/schema\\\/logo\\\/image\\\/\",\"url\":\"https:\\\/\\\/tdv.org\\\/tr-TR\\\/wp-content\\\/uploads\\\/2018\\\/12\\\/TDV_Logo_1.png\",\"contentUrl\":\"https:\\\/\\\/tdv.org\\\/tr-TR\\\/wp-content\\\/uploads\\\/2018\\\/12\\\/TDV_Logo_1.png\",\"width\":207,\"height\":71,\"caption\":\"T\u00fcrkiye Diyanet Vakf\u0131\"},\"image\":{\"@id\":\"https:\\\/\\\/tdv.org\\\/tr-TR\\\/#\\\/schema\\\/logo\\\/image\\\/\"},\"sameAs\":[\"https:\\\/\\\/www.facebook.com\\\/Diyanetvakfi\\\/\",\"https:\\\/\\\/x.com\\\/DiyanetVakfi\",\"https:\\\/\\\/www.instagram.com\\\/turkiyediyanetvakfi\\\/\",\"https:\\\/\\\/www.youtube.com\\\/user\\\/TurkiyeDiyanetVakfi\"]},{\"@type\":\"Person\",\"@id\":\"https:\\\/\\\/tdv.org\\\/tr-TR\\\/#\\\/schema\\\/person\\\/752b55e264a99273d55636516d96d5eb\",\"name\":\"Selim\",\"image\":{\"@type\":\"ImageObject\",\"inLanguage\":\"tr\",\"@id\":\"https:\\\/\\\/tdv.org\\\/tr-TR\\\/wp-content\\\/litespeed\\\/avatar\\\/a1e47b25396e98e5b781e88a5396cd96.jpg?ver=1777287391\",\"url\":\"https:\\\/\\\/tdv.org\\\/tr-TR\\\/wp-content\\\/litespeed\\\/avatar\\\/a1e47b25396e98e5b781e88a5396cd96.jpg?ver=1777287391\",\"contentUrl\":\"https:\\\/\\\/tdv.org\\\/tr-TR\\\/wp-content\\\/litespeed\\\/avatar\\\/a1e47b25396e98e5b781e88a5396cd96.jpg?ver=1777287391\",\"caption\":\"Selim\"}}]}<\/script>\n<!-- \/ Yoast SEO plugin. -->","yoast_head_json":{"title":"\u201cYaz\u0131mda Karde\u015flik Var\u201d e\u011fitim kamp\u0131 ba\u015fl\u0131yor","description":"Diyanet \u0130\u015fleri Ba\u015fkanl\u0131\u011f\u0131 ve T\u00fcrkiye Diyanet Vakf\u0131 i\u015f birli\u011fiyle d\u00fczenlenen \"Yaz\u0131mda Karde\u015flik Var\" e\u011fitim kamp\u0131n\u0131n 7\u2019ncisi 14-21 Temmuz 2024 tarihleri aras\u0131nda Ankara'da ger\u00e7ekle\u015ftirilecek.","robots":{"index":"index","follow":"follow","max-snippet":"max-snippet:-1","max-image-preview":"max-image-preview:large","max-video-preview":"max-video-preview:-1"},"canonical":"https:\/\/tdv.org\/tr-TR\/yazimda-kardeslik-var-egitim-kampi-basliyor\/","og_locale":"tr_TR","og_type":"article","og_title":"\u201cYaz\u0131mda Karde\u015flik Var\u201d e\u011fitim kamp\u0131 ba\u015fl\u0131yor","og_description":"Diyanet \u0130\u015fleri Ba\u015fkanl\u0131\u011f\u0131 ve T\u00fcrkiye Diyanet Vakf\u0131 i\u015f birli\u011fiyle d\u00fczenlenen \"Yaz\u0131mda Karde\u015flik Var\" e\u011fitim kamp\u0131n\u0131n 7\u2019ncisi 14-21 Temmuz 2024 tarihleri aras\u0131nda Ankara'da ger\u00e7ekle\u015ftirilecek.","og_url":"https:\/\/tdv.org\/tr-TR\/yazimda-kardeslik-var-egitim-kampi-basliyor\/","og_site_name":"T\u00fcrkiye Diyanet Vakf\u0131 Resmi Web Sitesi","article_publisher":"https:\/\/www.facebook.com\/Diyanetvakfi\/","article_published_time":"2024-07-11T13:04:25+00:00","og_image":[{"width":1153,"height":768,"url":"https:\/\/tdv.org\/tr-TR\/wp-content\/uploads\/2024\/07\/Yazimda-Kardeslik-Var-1.jpeg","type":"image\/jpeg"}],"author":"Selim","twitter_card":"summary_large_image","twitter_creator":"@DiyanetVakfi","twitter_site":"@DiyanetVakfi","schema":{"@context":"https:\/\/schema.org","@graph":[{"@type":"Article","@id":"https:\/\/tdv.org\/tr-TR\/yazimda-kardeslik-var-egitim-kampi-basliyor\/#article","isPartOf":{"@id":"https:\/\/tdv.org\/tr-TR\/yazimda-kardeslik-var-egitim-kampi-basliyor\/"},"author":{"name":"Selim","@id":"https:\/\/tdv.org\/tr-TR\/#\/schema\/person\/752b55e264a99273d55636516d96d5eb"},"headline":"\u201cYaz\u0131mda Karde\u015flik Var\u201d e\u011fitim kamp\u0131 ba\u015fl\u0131yor","datePublished":"2024-07-11T13:04:25+00:00","mainEntityOfPage":{"@id":"https:\/\/tdv.org\/tr-TR\/yazimda-kardeslik-var-egitim-kampi-basliyor\/"},"wordCount":211,"publisher":{"@id":"https:\/\/tdv.org\/tr-TR\/#organization"},"image":{"@id":"https:\/\/tdv.org\/tr-TR\/yazimda-kardeslik-var-egitim-kampi-basliyor\/#primaryimage"},"thumbnailUrl":"https:\/\/tdv.org\/tr-TR\/wp-content\/uploads\/2024\/07\/Yazimda-Kardeslik-Var-1.jpeg","keywords":["e\u011fitim kamp\u0131","E\u011fitim; Yaz\u0131mda Karde\u015flik Var; Van","Yaz\u0131mda Karde\u015flik Var"],"articleSection":["Haberler"],"inLanguage":"tr"},{"@type":"WebPage","@id":"https:\/\/tdv.org\/tr-TR\/yazimda-kardeslik-var-egitim-kampi-basliyor\/","url":"https:\/\/tdv.org\/tr-TR\/yazimda-kardeslik-var-egitim-kampi-basliyor\/","name":"\u201cYaz\u0131mda Karde\u015flik Var\u201d e\u011fitim kamp\u0131 ba\u015fl\u0131yor","isPartOf":{"@id":"https:\/\/tdv.org\/tr-TR\/#website"},"primaryImageOfPage":{"@id":"https:\/\/tdv.org\/tr-TR\/yazimda-kardeslik-var-egitim-kampi-basliyor\/#primaryimage"},"image":{"@id":"https:\/\/tdv.org\/tr-TR\/yazimda-kardeslik-var-egitim-kampi-basliyor\/#primaryimage"},"thumbnailUrl":"https:\/\/tdv.org\/tr-TR\/wp-content\/uploads\/2024\/07\/Yazimda-Kardeslik-Var-1.jpeg","datePublished":"2024-07-11T13:04:25+00:00","description":"Diyanet \u0130\u015fleri Ba\u015fkanl\u0131\u011f\u0131 ve T\u00fcrkiye Diyanet Vakf\u0131 i\u015f birli\u011fiyle d\u00fczenlenen \"Yaz\u0131mda Karde\u015flik Var\" e\u011fitim kamp\u0131n\u0131n 7\u2019ncisi 14-21 Temmuz 2024 tarihleri aras\u0131nda Ankara'da ger\u00e7ekle\u015ftirilecek.","breadcrumb":{"@id":"https:\/\/tdv.org\/tr-TR\/yazimda-kardeslik-var-egitim-kampi-basliyor\/#breadcrumb"},"inLanguage":"tr","potentialAction":[{"@type":"ReadAction","target":["https:\/\/tdv.org\/tr-TR\/yazimda-kardeslik-var-egitim-kampi-basliyor\/"]}]},{"@type":"ImageObject","inLanguage":"tr","@id":"https:\/\/tdv.org\/tr-TR\/yazimda-kardeslik-var-egitim-kampi-basliyor\/#primaryimage","url":"https:\/\/tdv.org\/tr-TR\/wp-content\/uploads\/2024\/07\/Yazimda-Kardeslik-Var-1.jpeg","contentUrl":"https:\/\/tdv.org\/tr-TR\/wp-content\/uploads\/2024\/07\/Yazimda-Kardeslik-Var-1.jpeg","width":1153,"height":768},{"@type":"BreadcrumbList","@id":"https:\/\/tdv.org\/tr-TR\/yazimda-kardeslik-var-egitim-kampi-basliyor\/#breadcrumb","itemListElement":[{"@type":"ListItem","position":1,"name":"Anasayfa","item":"https:\/\/tdv.org\/tr-TR\/"},{"@type":"ListItem","position":2,"name":"\u201cYaz\u0131mda Karde\u015flik Var\u201d e\u011fitim kamp\u0131 ba\u015fl\u0131yor"}]},{"@type":"WebSite","@id":"https:\/\/tdv.org\/tr-TR\/#website","url":"https:\/\/tdv.org\/tr-TR\/","name":"T\u00fcrkiye Diyanet Vakf\u0131 Resmi Web Sitesi","description":"Yery\u00fcz\u00fcnde iyilik egemen oluncaya kadar","publisher":{"@id":"https:\/\/tdv.org\/tr-TR\/#organization"},"alternateName":"T\u00fcrkiye Diyanet Vakf\u0131","potentialAction":[{"@type":"SearchAction","target":{"@type":"EntryPoint","urlTemplate":"https:\/\/tdv.org\/tr-TR\/?s={search_term_string}"},"query-input":{"@type":"PropertyValueSpecification","valueRequired":true,"valueName":"search_term_string"}}],"inLanguage":"tr"},{"@type":"Organization","@id":"https:\/\/tdv.org\/tr-TR\/#organization","name":"T\u00fcrkiye Diyanet Vakf\u0131","alternateName":"T\u00fcrkiye Diyanet Vakf\u0131","url":"https:\/\/tdv.org\/tr-TR\/","logo":{"@type":"ImageObject","inLanguage":"tr","@id":"https:\/\/tdv.org\/tr-TR\/#\/schema\/logo\/image\/","url":"https:\/\/tdv.org\/tr-TR\/wp-content\/uploads\/2018\/12\/TDV_Logo_1.png","contentUrl":"https:\/\/tdv.org\/tr-TR\/wp-content\/uploads\/2018\/12\/TDV_Logo_1.png","width":207,"height":71,"caption":"T\u00fcrkiye Diyanet Vakf\u0131"},"image":{"@id":"https:\/\/tdv.org\/tr-TR\/#\/schema\/logo\/image\/"},"sameAs":["https:\/\/www.facebook.com\/Diyanetvakfi\/","https:\/\/x.com\/DiyanetVakfi","https:\/\/www.instagram.com\/turkiyediyanetvakfi\/","https:\/\/www.youtube.com\/user\/TurkiyeDiyanetVakfi"]},{"@type":"Person","@id":"https:\/\/tdv.org\/tr-TR\/#\/schema\/person\/752b55e264a99273d55636516d96d5eb","name":"Selim","image":{"@type":"ImageObject","inLanguage":"tr","@id":"https:\/\/tdv.org\/tr-TR\/wp-content\/litespeed\/avatar\/a1e47b25396e98e5b781e88a5396cd96.jpg?ver=1777287391","url":"https:\/\/tdv.org\/tr-TR\/wp-content\/litespeed\/avatar\/a1e47b25396e98e5b781e88a5396cd96.jpg?ver=1777287391","contentUrl":"https:\/\/tdv.org\/tr-TR\/wp-content\/litespeed\/avatar\/a1e47b25396e98e5b781e88a5396cd96.jpg?ver=1777287391","caption":"Selim"}}]}},"_links":{"self":[{"href":"https:\/\/tdv.org\/tr-TR\/wp-json\/wp\/v2\/posts\/43355","targetHints":{"allow":["GET"]}}],"collection":[{"href":"https:\/\/tdv.org\/tr-TR\/wp-json\/wp\/v2\/posts"}],"about":[{"href":"https:\/\/tdv.org\/tr-TR\/wp-json\/wp\/v2\/types\/post"}],"author":[{"embeddable":true,"href":"https:\/\/tdv.org\/tr-TR\/wp-json\/wp\/v2\/users\/8"}],"replies":[{"embeddable":true,"href":"https:\/\/tdv.org\/tr-TR\/wp-json\/wp\/v2\/comments?post=43355"}],"version-history":[{"count":1,"href":"https:\/\/tdv.org\/tr-TR\/wp-json\/wp\/v2\/posts\/43355\/revisions"}],"predecessor-version":[{"id":43367,"href":"https:\/\/tdv.org\/tr-TR\/wp-json\/wp\/v2\/posts\/43355\/revisions\/43367"}],"wp:featuredmedia":[{"embeddable":true,"href":"https:\/\/tdv.org\/tr-TR\/wp-json\/wp\/v2\/media\/43356"}],"wp:attachment":[{"href":"https:\/\/tdv.org\/tr-TR\/wp-json\/wp\/v2\/media?parent=43355"}],"wp:term":[{"taxonomy":"category","embeddable":true,"href":"https:\/\/tdv.org\/tr-TR\/wp-json\/wp\/v2\/categories?post=43355"},{"taxonomy":"post_tag","embeddable":true,"href":"https:\/\/tdv.org\/tr-TR\/wp-json\/wp\/v2\/tags?post=43355"}],"curies":[{"name":"wp","href":"https:\/\/api.w.org\/{rel}","templated":true}]}}