{"id":43624,"date":"2024-07-15T11:00:57","date_gmt":"2024-07-15T08:00:57","guid":{"rendered":"https:\/\/tdv.org\/tr-TR\/?p=43624"},"modified":"2024-07-15T22:48:13","modified_gmt":"2024-07-15T19:48:13","slug":"diyanet-isleri-baskani-erbastan-15-temmuz-demokrasi-ve-milli-birlik-gunu-mesaji-2","status":"publish","type":"post","link":"https:\/\/tdv.org\/tr-TR\/diyanet-isleri-baskani-erbastan-15-temmuz-demokrasi-ve-milli-birlik-gunu-mesaji-2\/","title":{"rendered":"Diyanet \u0130\u015fleri Ba\u015fkan\u0131 Erba\u015f\u2019tan, 15 Temmuz Demokrasi ve Milli Birlik G\u00fcn\u00fc mesaj\u0131"},"content":{"rendered":"<p class=\"text-justify\"><a href=\"https:\/\/tdv.org\/tr-TR\/kurumsal\/prof-dr-ali-erbas\/\" target=\"_blank\" rel=\"noopener\">Diyanet \u0130\u015fleri Ba\u015fkan\u0131 ve TDV M\u00fctevelli Heyeti Ba\u015fkan\u0131 Prof. Dr. Ali Erba\u015f<\/a>, 15 Temmuz Demokrasi ve Milli Birlik G\u00fcn\u00fc dolay\u0131s\u0131yla yay\u0131mlad\u0131\u011f\u0131 mesaj\u0131nda, \u201cBa\u015fkanl\u0131\u011f\u0131m\u0131z, inanc\u0131 ve samimiyeti istismar ederek yanl\u0131\u015f bilgilerle dini kavram ve de\u011ferler \u00fczerinden toplumumuzu ayr\u0131\u015ft\u0131rma ve aldatmaya y\u00f6nelik b\u00fct\u00fcn s\u00f6ylem ve faaliyetlere kar\u015f\u0131 titizlikle m\u00fccadele etmektedir.\u201d ifadesini kulland\u0131.<\/p>\n<div>\n<p>Bug\u00fcn, asr\u0131n en b\u00fcy\u00fck ihaneti kar\u015f\u0131s\u0131nda aziz milletimizin asil bir direni\u015fle yazd\u0131\u011f\u0131 onurlu bir destan\u0131n 8. y\u0131l d\u00f6n\u00fcm\u00fcd\u00fcr.<\/p>\n<p>Kirli emellerini y\u00fcce dinimiz \u0130slam\u2019\u0131n ilke ve de\u011ferlerinin ard\u0131na gizleyen bir ter\u00f6r \u015febekesi, 15 Temmuz 2016 tarihinde vatan\u0131m\u0131za, varl\u0131\u011f\u0131m\u0131za, birli\u011fimize, karde\u015fli\u011fimize, istiklal ve istikbalimize kastetmi\u015ftir. Ancak, h\u00fcrriyetine meftun aziz milletimiz, bu me\u015fum ihanete boyun e\u011fmemi\u015f, istiklal ve istikbalini m\u00fcdafaa i\u00e7in g\u00f6vdesini tanklara ve namlululara siper etmi\u015ftir. Aziz milletimiz, tarih boyunca nice zorluklar\u0131n \u00fcstesinden geldi\u011fi gibi o g\u00fcn de b\u00fcy\u00fck bir inan\u00e7, azim ve kararl\u0131l\u0131kla hareket ederek genciyle-ya\u015fl\u0131s\u0131yla, kad\u0131n\u0131yla-erke\u011fiyle meydanlara \u00e7\u0131km\u0131\u015f ve asil bir direni\u015fle hainlerin emellerini bo\u015fa \u00e7\u0131karm\u0131\u015ft\u0131r. Neticede Allah\u2019\u0131n inayeti, idarecilerimizin dirayeti ve milletimizin cesaretiyle, Fetullah\u00e7\u0131 Ter\u00f6r \u00d6rg\u00fct\u00fc\u2019n\u00fcn (FET\u00d6) hain darbe giri\u015fimi d\u00fcnyaya \u00f6rnek bir m\u00fccadeleyle bertaraf edilmi\u015ftir.<\/p>\n<p>Y\u0131llard\u0131r \u00fclkemizde ve \u0130slam co\u011frafyas\u0131nda sureti haktan g\u00f6r\u00fcnerek y\u00fcce dinimiz \u0130slam\u2019\u0131 istismar eden bu karanl\u0131k yap\u0131, bir kez daha g\u00f6stermi\u015ftir ki din konusundaki cehalet ya da yanl\u0131\u015f bilgi, telafisi zor ve b\u00fcy\u00fck felaketlere sebep olabilmektedir. Onun i\u00e7in fitne, tefrika ve anar\u015fi pe\u015finde ko\u015fanlara, birlik ve beraberli\u011fi, huzur ve karde\u015fli\u011fi hedef alanlara kar\u015f\u0131 g\u00fcvende olabilmek i\u00e7in \u0130slam\u2019\u0131n hayat veren hakikatlerini, huzur veren de\u011ferlerini ve rahmet ilkelerini do\u011fru kaynaklardan ve do\u011fru y\u00f6ntemlerle \u00f6\u011frenmek, M\u00fcsl\u00fcmanlar i\u00e7in ihmal edilemez bir g\u00f6revdir.<\/p>\n<p>\u00d6nemle ifade etmek isterim ki y\u00fcce dinimizi kendi kirli emelleri do\u011frultusunda kullananlara kar\u015f\u0131 al\u0131nacak en \u00f6nemli ve en etkili tedbir; inanc\u0131m\u0131z\u0131 milletimizin her bir ferdine, \u00f6zellikle \u00e7ocuklar\u0131m\u0131za ve gen\u00e7lerimize en g\u00fczel \u015fekilde \u00f6\u011fretmektir. Bu itibarla Diyanet \u0130\u015fleri Ba\u015fkanl\u0131\u011f\u0131, inanc\u0131 ve samimiyeti istismar ederek yanl\u0131\u015f bilgilerle dini kavram ve de\u011ferler \u00fczerinden toplumumuzu ayr\u0131\u015ft\u0131rma ve aldatmaya y\u00f6nelik b\u00fct\u00fcn s\u00f6ylem ve faaliyetlere kar\u015f\u0131 titizlikle m\u00fccadele etmektedir. Bu noktada \u00fczerine d\u00fc\u015fen sorumluluklar\u0131 b\u00fcy\u00fck bir hassasiyetle yapmaya, sahih dini bilgi ile milletimizin manevi hayat\u0131na rehberlik etmeye devam etmektedir. \u0130nan\u0131yoruz ki toplumun t\u00fcm katmanlar\u0131 do\u011fru dini bilgiyle bulu\u015fturuldu\u011funda FET\u00d6 ve benzeri din istismarc\u0131s\u0131 yap\u0131lar kendilerine bir daha zemin bulamayacakt\u0131r.<\/p>\n<p>Bu vesileyle ba\u015fta 15 Temmuz gecesi hain darbe giri\u015fimine kar\u015f\u0131 m\u00fccadelede \u015fehit olan karde\u015flerimiz olmak \u00fczere ge\u00e7mi\u015ften bug\u00fcne din, iman, vatan ve mukaddesat u\u011fruna feday-\u0131 can eden b\u00fct\u00fcn \u015fehitlerimize bir kez daha Allah\u2019tan rahmet, gazilerimize sa\u011fl\u0131k ve afiyet diliyorum. G\u00f6sterdi\u011fi b\u00fcy\u00fck cesaret, fedakarl\u0131k ve direni\u015ften dolay\u0131 aziz milletimize bir kez daha \u015f\u00fckranlar\u0131m\u0131 sunuyor; milletimizi her t\u00fcrl\u00fc fitne, tefrika, k\u00f6t\u00fcl\u00fck ve ihanetten korumas\u0131n\u0131 ve ilelebet payidar k\u0131lmas\u0131n\u0131 y\u00fcce Rabbimizden niyaz ediyorum.<\/p>\n<p><a href=\"https:\/\/tdv.org\/tr-TR\/kurumsal\/prof-dr-ali-erbas\/\"><strong>Prof. Dr. Ali ERBA\u015e<\/strong><\/a><\/p>\n<p><a href=\"https:\/\/tdv.org\/tr-TR\/kurumsal\/prof-dr-ali-erbas\/\" target=\"_blank\" rel=\"noopener\">Diyanet \u0130\u015fleri Ba\u015fkan\u0131 ve TDV M\u00fctevelli Heyeti Ba\u015fkan\u0131<\/a><\/p>\n<\/div>\n","protected":false},"excerpt":{"rendered":"<p>Diyanet \u0130\u015fleri Ba\u015fkan\u0131 ve TDV M\u00fctevelli Heyeti Ba\u015fkan\u0131 Prof. Dr. Ali Erba\u015f, 15 Temmuz Demokrasi ve Milli Birlik G\u00fcn\u00fc dolay\u0131s\u0131yla yay\u0131mlad\u0131\u011f\u0131 mesaj\u0131nda, \u201cBa\u015fkanl\u0131\u011f\u0131m\u0131z, inanc\u0131 ve samimiyeti istismar ederek yanl\u0131\u015f bilgilerle&#8230;<\/p>\n","protected":false},"author":8,"featured_media":43625,"comment_status":"closed","ping_status":"closed","sticky":false,"template":"","format":"standard","meta":{"footnotes":""},"categories":[1],"tags":[185,734,1775,130,729,596],"class_list":{"0":"post-43624","1":"post","2":"type-post","3":"status-publish","4":"format-standard","5":"has-post-thumbnail","7":"category-haberler","8":"tag-15-temmuz","9":"tag-15-temmuz-sehitler-makami","10":"tag-15-temmuz-sehitleri-ve-gaziler","11":"tag-ali-erbas","12":"tag-ali-erbas-15-temmuz-mesaji","13":"tag-diyanet-isleri-baskani-ve-turkiye-diyanet-vakfi-mutevelli-heyeti-baskani-prof-dr-ali-erbas"},"yoast_head":"<!-- This site is optimized with the Yoast SEO plugin v27.5 - https:\/\/yoast.com\/product\/yoast-seo-wordpress\/ -->\n<title>Diyanet \u0130\u015fleri Ba\u015fkan\u0131 Erba\u015f\u2019tan, 15 Temmuz Demokrasi ve Milli Birlik G\u00fcn\u00fc mesaj\u0131<\/title>\n<meta name=\"description\" content=\"Diyanet \u0130\u015fleri Ba\u015fkan\u0131 ve TDV M\u00fctevelli Heyeti Ba\u015fkan\u0131 Prof. Dr. Ali Erba\u015f, 15 Temmuz Demokrasi ve Milli Birlik G\u00fcn\u00fc dolay\u0131s\u0131yla yay\u0131mlad\u0131\u011f\u0131 mesaj\u0131nda, \u201cBa\u015fkanl\u0131\u011f\u0131m\u0131z, inanc\u0131 ve samimiyeti istismar ederek yanl\u0131\u015f bilgilerle dini kavram ve de\u011ferler \u00fczerinden toplumumuzu ayr\u0131\u015ft\u0131rma ve aldatmaya y\u00f6nelik b\u00fct\u00fcn s\u00f6ylem ve faaliyetlere kar\u015f\u0131 titizlikle m\u00fccadele etmektedir.\u201d ifadesini kulland\u0131.\" \/>\n<meta name=\"robots\" content=\"index, follow, max-snippet:-1, max-image-preview:large, max-video-preview:-1\" \/>\n<link rel=\"canonical\" href=\"https:\/\/tdv.org\/tr-TR\/diyanet-isleri-baskani-erbastan-15-temmuz-demokrasi-ve-milli-birlik-gunu-mesaji-2\/\" \/>\n<meta property=\"og:locale\" content=\"tr_TR\" \/>\n<meta property=\"og:type\" content=\"article\" \/>\n<meta property=\"og:title\" content=\"Diyanet \u0130\u015fleri Ba\u015fkan\u0131 Erba\u015f\u2019tan, 15 Temmuz Demokrasi ve Milli Birlik G\u00fcn\u00fc mesaj\u0131\" \/>\n<meta property=\"og:description\" content=\"Diyanet \u0130\u015fleri Ba\u015fkan\u0131 ve TDV M\u00fctevelli Heyeti Ba\u015fkan\u0131 Prof. Dr. Ali Erba\u015f, 15 Temmuz Demokrasi ve Milli Birlik G\u00fcn\u00fc dolay\u0131s\u0131yla yay\u0131mlad\u0131\u011f\u0131 mesaj\u0131nda, \u201cBa\u015fkanl\u0131\u011f\u0131m\u0131z, inanc\u0131 ve samimiyeti istismar ederek yanl\u0131\u015f bilgilerle dini kavram ve de\u011ferler \u00fczerinden toplumumuzu ayr\u0131\u015ft\u0131rma ve aldatmaya y\u00f6nelik b\u00fct\u00fcn s\u00f6ylem ve faaliyetlere kar\u015f\u0131 titizlikle m\u00fccadele etmektedir.\u201d ifadesini kulland\u0131.\" \/>\n<meta property=\"og:url\" content=\"https:\/\/tdv.org\/tr-TR\/diyanet-isleri-baskani-erbastan-15-temmuz-demokrasi-ve-milli-birlik-gunu-mesaji-2\/\" \/>\n<meta property=\"og:site_name\" content=\"T\u00fcrkiye Diyanet Vakf\u0131 Resmi Web Sitesi\" \/>\n<meta property=\"article:publisher\" content=\"https:\/\/www.facebook.com\/Diyanetvakfi\/\" \/>\n<meta property=\"article:published_time\" content=\"2024-07-15T08:00:57+00:00\" \/>\n<meta property=\"article:modified_time\" content=\"2024-07-15T19:48:13+00:00\" \/>\n<meta property=\"og:image\" content=\"https:\/\/tdv.org\/tr-TR\/wp-content\/uploads\/2024\/07\/f48dd8e4-77cc-4104-ba8f-a14f0f6c2648_1_1200x800.jpg\" \/>\n\t<meta property=\"og:image:width\" content=\"1200\" \/>\n\t<meta property=\"og:image:height\" content=\"799\" \/>\n\t<meta property=\"og:image:type\" content=\"image\/jpeg\" \/>\n<meta name=\"author\" content=\"Selim\" \/>\n<meta name=\"twitter:card\" content=\"summary_large_image\" \/>\n<meta name=\"twitter:creator\" content=\"@DiyanetVakfi\" \/>\n<meta name=\"twitter:site\" content=\"@DiyanetVakfi\" \/>\n<script type=\"application\/ld+json\" class=\"yoast-schema-graph\">{\"@context\":\"https:\\\/\\\/schema.org\",\"@graph\":[{\"@type\":\"Article\",\"@id\":\"https:\\\/\\\/tdv.org\\\/tr-TR\\\/diyanet-isleri-baskani-erbastan-15-temmuz-demokrasi-ve-milli-birlik-gunu-mesaji-2\\\/#article\",\"isPartOf\":{\"@id\":\"https:\\\/\\\/tdv.org\\\/tr-TR\\\/diyanet-isleri-baskani-erbastan-15-temmuz-demokrasi-ve-milli-birlik-gunu-mesaji-2\\\/\"},\"author\":{\"name\":\"Selim\",\"@id\":\"https:\\\/\\\/tdv.org\\\/tr-TR\\\/#\\\/schema\\\/person\\\/752b55e264a99273d55636516d96d5eb\"},\"headline\":\"Diyanet \u0130\u015fleri Ba\u015fkan\u0131 Erba\u015f\u2019tan, 15 Temmuz Demokrasi ve Milli Birlik G\u00fcn\u00fc mesaj\u0131\",\"datePublished\":\"2024-07-15T08:00:57+00:00\",\"dateModified\":\"2024-07-15T19:48:13+00:00\",\"mainEntityOfPage\":{\"@id\":\"https:\\\/\\\/tdv.org\\\/tr-TR\\\/diyanet-isleri-baskani-erbastan-15-temmuz-demokrasi-ve-milli-birlik-gunu-mesaji-2\\\/\"},\"wordCount\":607,\"publisher\":{\"@id\":\"https:\\\/\\\/tdv.org\\\/tr-TR\\\/#organization\"},\"image\":{\"@id\":\"https:\\\/\\\/tdv.org\\\/tr-TR\\\/diyanet-isleri-baskani-erbastan-15-temmuz-demokrasi-ve-milli-birlik-gunu-mesaji-2\\\/#primaryimage\"},\"thumbnailUrl\":\"https:\\\/\\\/tdv.org\\\/tr-TR\\\/wp-content\\\/uploads\\\/2024\\\/07\\\/f48dd8e4-77cc-4104-ba8f-a14f0f6c2648_1_1200x800.jpg\",\"keywords\":[\"15 Temmuz\",\"15 Temmuz \u015eehitler Makam\u0131\",\"15 Temmuz \u015fehitleri ve gaziler\",\"Ali Erba\u015f\",\"Ali Erba\u015f 15 Temmuz Mesaj\u0131\",\"Diyanet \u0130\u015fleri Ba\u015fkan\u0131 ve T\u00fcrkiye Diyanet Vakf\u0131 M\u00fctevelli Heyeti Ba\u015fkan\u0131 Prof. Dr. Ali Erba\u015f\"],\"articleSection\":[\"Haberler\"],\"inLanguage\":\"tr\"},{\"@type\":\"WebPage\",\"@id\":\"https:\\\/\\\/tdv.org\\\/tr-TR\\\/diyanet-isleri-baskani-erbastan-15-temmuz-demokrasi-ve-milli-birlik-gunu-mesaji-2\\\/\",\"url\":\"https:\\\/\\\/tdv.org\\\/tr-TR\\\/diyanet-isleri-baskani-erbastan-15-temmuz-demokrasi-ve-milli-birlik-gunu-mesaji-2\\\/\",\"name\":\"Diyanet \u0130\u015fleri Ba\u015fkan\u0131 Erba\u015f\u2019tan, 15 Temmuz Demokrasi ve Milli Birlik G\u00fcn\u00fc mesaj\u0131\",\"isPartOf\":{\"@id\":\"https:\\\/\\\/tdv.org\\\/tr-TR\\\/#website\"},\"primaryImageOfPage\":{\"@id\":\"https:\\\/\\\/tdv.org\\\/tr-TR\\\/diyanet-isleri-baskani-erbastan-15-temmuz-demokrasi-ve-milli-birlik-gunu-mesaji-2\\\/#primaryimage\"},\"image\":{\"@id\":\"https:\\\/\\\/tdv.org\\\/tr-TR\\\/diyanet-isleri-baskani-erbastan-15-temmuz-demokrasi-ve-milli-birlik-gunu-mesaji-2\\\/#primaryimage\"},\"thumbnailUrl\":\"https:\\\/\\\/tdv.org\\\/tr-TR\\\/wp-content\\\/uploads\\\/2024\\\/07\\\/f48dd8e4-77cc-4104-ba8f-a14f0f6c2648_1_1200x800.jpg\",\"datePublished\":\"2024-07-15T08:00:57+00:00\",\"dateModified\":\"2024-07-15T19:48:13+00:00\",\"description\":\"Diyanet \u0130\u015fleri Ba\u015fkan\u0131 ve TDV M\u00fctevelli Heyeti Ba\u015fkan\u0131 Prof. Dr. Ali Erba\u015f, 15 Temmuz Demokrasi ve Milli Birlik G\u00fcn\u00fc dolay\u0131s\u0131yla yay\u0131mlad\u0131\u011f\u0131 mesaj\u0131nda, \u201cBa\u015fkanl\u0131\u011f\u0131m\u0131z, inanc\u0131 ve samimiyeti istismar ederek yanl\u0131\u015f bilgilerle dini kavram ve de\u011ferler \u00fczerinden toplumumuzu ayr\u0131\u015ft\u0131rma ve aldatmaya y\u00f6nelik b\u00fct\u00fcn s\u00f6ylem ve faaliyetlere kar\u015f\u0131 titizlikle m\u00fccadele etmektedir.\u201d ifadesini kulland\u0131.\",\"breadcrumb\":{\"@id\":\"https:\\\/\\\/tdv.org\\\/tr-TR\\\/diyanet-isleri-baskani-erbastan-15-temmuz-demokrasi-ve-milli-birlik-gunu-mesaji-2\\\/#breadcrumb\"},\"inLanguage\":\"tr\",\"potentialAction\":[{\"@type\":\"ReadAction\",\"target\":[\"https:\\\/\\\/tdv.org\\\/tr-TR\\\/diyanet-isleri-baskani-erbastan-15-temmuz-demokrasi-ve-milli-birlik-gunu-mesaji-2\\\/\"]}]},{\"@type\":\"ImageObject\",\"inLanguage\":\"tr\",\"@id\":\"https:\\\/\\\/tdv.org\\\/tr-TR\\\/diyanet-isleri-baskani-erbastan-15-temmuz-demokrasi-ve-milli-birlik-gunu-mesaji-2\\\/#primaryimage\",\"url\":\"https:\\\/\\\/tdv.org\\\/tr-TR\\\/wp-content\\\/uploads\\\/2024\\\/07\\\/f48dd8e4-77cc-4104-ba8f-a14f0f6c2648_1_1200x800.jpg\",\"contentUrl\":\"https:\\\/\\\/tdv.org\\\/tr-TR\\\/wp-content\\\/uploads\\\/2024\\\/07\\\/f48dd8e4-77cc-4104-ba8f-a14f0f6c2648_1_1200x800.jpg\",\"width\":1200,\"height\":799},{\"@type\":\"BreadcrumbList\",\"@id\":\"https:\\\/\\\/tdv.org\\\/tr-TR\\\/diyanet-isleri-baskani-erbastan-15-temmuz-demokrasi-ve-milli-birlik-gunu-mesaji-2\\\/#breadcrumb\",\"itemListElement\":[{\"@type\":\"ListItem\",\"position\":1,\"name\":\"Anasayfa\",\"item\":\"https:\\\/\\\/tdv.org\\\/tr-TR\\\/\"},{\"@type\":\"ListItem\",\"position\":2,\"name\":\"Diyanet \u0130\u015fleri Ba\u015fkan\u0131 Erba\u015f\u2019tan, 15 Temmuz Demokrasi ve Milli Birlik G\u00fcn\u00fc mesaj\u0131\"}]},{\"@type\":\"WebSite\",\"@id\":\"https:\\\/\\\/tdv.org\\\/tr-TR\\\/#website\",\"url\":\"https:\\\/\\\/tdv.org\\\/tr-TR\\\/\",\"name\":\"T\u00fcrkiye Diyanet Vakf\u0131 Resmi Web Sitesi\",\"description\":\"Yery\u00fcz\u00fcnde iyilik egemen oluncaya kadar\",\"publisher\":{\"@id\":\"https:\\\/\\\/tdv.org\\\/tr-TR\\\/#organization\"},\"alternateName\":\"T\u00fcrkiye Diyanet Vakf\u0131\",\"potentialAction\":[{\"@type\":\"SearchAction\",\"target\":{\"@type\":\"EntryPoint\",\"urlTemplate\":\"https:\\\/\\\/tdv.org\\\/tr-TR\\\/?s={search_term_string}\"},\"query-input\":{\"@type\":\"PropertyValueSpecification\",\"valueRequired\":true,\"valueName\":\"search_term_string\"}}],\"inLanguage\":\"tr\"},{\"@type\":\"Organization\",\"@id\":\"https:\\\/\\\/tdv.org\\\/tr-TR\\\/#organization\",\"name\":\"T\u00fcrkiye Diyanet Vakf\u0131\",\"alternateName\":\"T\u00fcrkiye Diyanet Vakf\u0131\",\"url\":\"https:\\\/\\\/tdv.org\\\/tr-TR\\\/\",\"logo\":{\"@type\":\"ImageObject\",\"inLanguage\":\"tr\",\"@id\":\"https:\\\/\\\/tdv.org\\\/tr-TR\\\/#\\\/schema\\\/logo\\\/image\\\/\",\"url\":\"https:\\\/\\\/tdv.org\\\/tr-TR\\\/wp-content\\\/uploads\\\/2018\\\/12\\\/TDV_Logo_1.png\",\"contentUrl\":\"https:\\\/\\\/tdv.org\\\/tr-TR\\\/wp-content\\\/uploads\\\/2018\\\/12\\\/TDV_Logo_1.png\",\"width\":207,\"height\":71,\"caption\":\"T\u00fcrkiye Diyanet Vakf\u0131\"},\"image\":{\"@id\":\"https:\\\/\\\/tdv.org\\\/tr-TR\\\/#\\\/schema\\\/logo\\\/image\\\/\"},\"sameAs\":[\"https:\\\/\\\/www.facebook.com\\\/Diyanetvakfi\\\/\",\"https:\\\/\\\/x.com\\\/DiyanetVakfi\",\"https:\\\/\\\/www.instagram.com\\\/turkiyediyanetvakfi\\\/\",\"https:\\\/\\\/www.youtube.com\\\/user\\\/TurkiyeDiyanetVakfi\"]},{\"@type\":\"Person\",\"@id\":\"https:\\\/\\\/tdv.org\\\/tr-TR\\\/#\\\/schema\\\/person\\\/752b55e264a99273d55636516d96d5eb\",\"name\":\"Selim\",\"image\":{\"@type\":\"ImageObject\",\"inLanguage\":\"tr\",\"@id\":\"https:\\\/\\\/tdv.org\\\/tr-TR\\\/wp-content\\\/litespeed\\\/avatar\\\/a1e47b25396e98e5b781e88a5396cd96.jpg?ver=1777287391\",\"url\":\"https:\\\/\\\/tdv.org\\\/tr-TR\\\/wp-content\\\/litespeed\\\/avatar\\\/a1e47b25396e98e5b781e88a5396cd96.jpg?ver=1777287391\",\"contentUrl\":\"https:\\\/\\\/tdv.org\\\/tr-TR\\\/wp-content\\\/litespeed\\\/avatar\\\/a1e47b25396e98e5b781e88a5396cd96.jpg?ver=1777287391\",\"caption\":\"Selim\"}}]}<\/script>\n<!-- \/ Yoast SEO plugin. -->","yoast_head_json":{"title":"Diyanet \u0130\u015fleri Ba\u015fkan\u0131 Erba\u015f\u2019tan, 15 Temmuz Demokrasi ve Milli Birlik G\u00fcn\u00fc mesaj\u0131","description":"Diyanet \u0130\u015fleri Ba\u015fkan\u0131 ve TDV M\u00fctevelli Heyeti Ba\u015fkan\u0131 Prof. Dr. Ali Erba\u015f, 15 Temmuz Demokrasi ve Milli Birlik G\u00fcn\u00fc dolay\u0131s\u0131yla yay\u0131mlad\u0131\u011f\u0131 mesaj\u0131nda, \u201cBa\u015fkanl\u0131\u011f\u0131m\u0131z, inanc\u0131 ve samimiyeti istismar ederek yanl\u0131\u015f bilgilerle dini kavram ve de\u011ferler \u00fczerinden toplumumuzu ayr\u0131\u015ft\u0131rma ve aldatmaya y\u00f6nelik b\u00fct\u00fcn s\u00f6ylem ve faaliyetlere kar\u015f\u0131 titizlikle m\u00fccadele etmektedir.\u201d ifadesini kulland\u0131.","robots":{"index":"index","follow":"follow","max-snippet":"max-snippet:-1","max-image-preview":"max-image-preview:large","max-video-preview":"max-video-preview:-1"},"canonical":"https:\/\/tdv.org\/tr-TR\/diyanet-isleri-baskani-erbastan-15-temmuz-demokrasi-ve-milli-birlik-gunu-mesaji-2\/","og_locale":"tr_TR","og_type":"article","og_title":"Diyanet \u0130\u015fleri Ba\u015fkan\u0131 Erba\u015f\u2019tan, 15 Temmuz Demokrasi ve Milli Birlik G\u00fcn\u00fc mesaj\u0131","og_description":"Diyanet \u0130\u015fleri Ba\u015fkan\u0131 ve TDV M\u00fctevelli Heyeti Ba\u015fkan\u0131 Prof. Dr. Ali Erba\u015f, 15 Temmuz Demokrasi ve Milli Birlik G\u00fcn\u00fc dolay\u0131s\u0131yla yay\u0131mlad\u0131\u011f\u0131 mesaj\u0131nda, \u201cBa\u015fkanl\u0131\u011f\u0131m\u0131z, inanc\u0131 ve samimiyeti istismar ederek yanl\u0131\u015f bilgilerle dini kavram ve de\u011ferler \u00fczerinden toplumumuzu ayr\u0131\u015ft\u0131rma ve aldatmaya y\u00f6nelik b\u00fct\u00fcn s\u00f6ylem ve faaliyetlere kar\u015f\u0131 titizlikle m\u00fccadele etmektedir.\u201d ifadesini kulland\u0131.","og_url":"https:\/\/tdv.org\/tr-TR\/diyanet-isleri-baskani-erbastan-15-temmuz-demokrasi-ve-milli-birlik-gunu-mesaji-2\/","og_site_name":"T\u00fcrkiye Diyanet Vakf\u0131 Resmi Web Sitesi","article_publisher":"https:\/\/www.facebook.com\/Diyanetvakfi\/","article_published_time":"2024-07-15T08:00:57+00:00","article_modified_time":"2024-07-15T19:48:13+00:00","og_image":[{"width":1200,"height":799,"url":"https:\/\/tdv.org\/tr-TR\/wp-content\/uploads\/2024\/07\/f48dd8e4-77cc-4104-ba8f-a14f0f6c2648_1_1200x800.jpg","type":"image\/jpeg"}],"author":"Selim","twitter_card":"summary_large_image","twitter_creator":"@DiyanetVakfi","twitter_site":"@DiyanetVakfi","schema":{"@context":"https:\/\/schema.org","@graph":[{"@type":"Article","@id":"https:\/\/tdv.org\/tr-TR\/diyanet-isleri-baskani-erbastan-15-temmuz-demokrasi-ve-milli-birlik-gunu-mesaji-2\/#article","isPartOf":{"@id":"https:\/\/tdv.org\/tr-TR\/diyanet-isleri-baskani-erbastan-15-temmuz-demokrasi-ve-milli-birlik-gunu-mesaji-2\/"},"author":{"name":"Selim","@id":"https:\/\/tdv.org\/tr-TR\/#\/schema\/person\/752b55e264a99273d55636516d96d5eb"},"headline":"Diyanet \u0130\u015fleri Ba\u015fkan\u0131 Erba\u015f\u2019tan, 15 Temmuz Demokrasi ve Milli Birlik G\u00fcn\u00fc mesaj\u0131","datePublished":"2024-07-15T08:00:57+00:00","dateModified":"2024-07-15T19:48:13+00:00","mainEntityOfPage":{"@id":"https:\/\/tdv.org\/tr-TR\/diyanet-isleri-baskani-erbastan-15-temmuz-demokrasi-ve-milli-birlik-gunu-mesaji-2\/"},"wordCount":607,"publisher":{"@id":"https:\/\/tdv.org\/tr-TR\/#organization"},"image":{"@id":"https:\/\/tdv.org\/tr-TR\/diyanet-isleri-baskani-erbastan-15-temmuz-demokrasi-ve-milli-birlik-gunu-mesaji-2\/#primaryimage"},"thumbnailUrl":"https:\/\/tdv.org\/tr-TR\/wp-content\/uploads\/2024\/07\/f48dd8e4-77cc-4104-ba8f-a14f0f6c2648_1_1200x800.jpg","keywords":["15 Temmuz","15 Temmuz \u015eehitler Makam\u0131","15 Temmuz \u015fehitleri ve gaziler","Ali Erba\u015f","Ali Erba\u015f 15 Temmuz Mesaj\u0131","Diyanet \u0130\u015fleri Ba\u015fkan\u0131 ve T\u00fcrkiye Diyanet Vakf\u0131 M\u00fctevelli Heyeti Ba\u015fkan\u0131 Prof. Dr. Ali Erba\u015f"],"articleSection":["Haberler"],"inLanguage":"tr"},{"@type":"WebPage","@id":"https:\/\/tdv.org\/tr-TR\/diyanet-isleri-baskani-erbastan-15-temmuz-demokrasi-ve-milli-birlik-gunu-mesaji-2\/","url":"https:\/\/tdv.org\/tr-TR\/diyanet-isleri-baskani-erbastan-15-temmuz-demokrasi-ve-milli-birlik-gunu-mesaji-2\/","name":"Diyanet \u0130\u015fleri Ba\u015fkan\u0131 Erba\u015f\u2019tan, 15 Temmuz Demokrasi ve Milli Birlik G\u00fcn\u00fc mesaj\u0131","isPartOf":{"@id":"https:\/\/tdv.org\/tr-TR\/#website"},"primaryImageOfPage":{"@id":"https:\/\/tdv.org\/tr-TR\/diyanet-isleri-baskani-erbastan-15-temmuz-demokrasi-ve-milli-birlik-gunu-mesaji-2\/#primaryimage"},"image":{"@id":"https:\/\/tdv.org\/tr-TR\/diyanet-isleri-baskani-erbastan-15-temmuz-demokrasi-ve-milli-birlik-gunu-mesaji-2\/#primaryimage"},"thumbnailUrl":"https:\/\/tdv.org\/tr-TR\/wp-content\/uploads\/2024\/07\/f48dd8e4-77cc-4104-ba8f-a14f0f6c2648_1_1200x800.jpg","datePublished":"2024-07-15T08:00:57+00:00","dateModified":"2024-07-15T19:48:13+00:00","description":"Diyanet \u0130\u015fleri Ba\u015fkan\u0131 ve TDV M\u00fctevelli Heyeti Ba\u015fkan\u0131 Prof. Dr. Ali Erba\u015f, 15 Temmuz Demokrasi ve Milli Birlik G\u00fcn\u00fc dolay\u0131s\u0131yla yay\u0131mlad\u0131\u011f\u0131 mesaj\u0131nda, \u201cBa\u015fkanl\u0131\u011f\u0131m\u0131z, inanc\u0131 ve samimiyeti istismar ederek yanl\u0131\u015f bilgilerle dini kavram ve de\u011ferler \u00fczerinden toplumumuzu ayr\u0131\u015ft\u0131rma ve aldatmaya y\u00f6nelik b\u00fct\u00fcn s\u00f6ylem ve faaliyetlere kar\u015f\u0131 titizlikle m\u00fccadele etmektedir.\u201d ifadesini kulland\u0131.","breadcrumb":{"@id":"https:\/\/tdv.org\/tr-TR\/diyanet-isleri-baskani-erbastan-15-temmuz-demokrasi-ve-milli-birlik-gunu-mesaji-2\/#breadcrumb"},"inLanguage":"tr","potentialAction":[{"@type":"ReadAction","target":["https:\/\/tdv.org\/tr-TR\/diyanet-isleri-baskani-erbastan-15-temmuz-demokrasi-ve-milli-birlik-gunu-mesaji-2\/"]}]},{"@type":"ImageObject","inLanguage":"tr","@id":"https:\/\/tdv.org\/tr-TR\/diyanet-isleri-baskani-erbastan-15-temmuz-demokrasi-ve-milli-birlik-gunu-mesaji-2\/#primaryimage","url":"https:\/\/tdv.org\/tr-TR\/wp-content\/uploads\/2024\/07\/f48dd8e4-77cc-4104-ba8f-a14f0f6c2648_1_1200x800.jpg","contentUrl":"https:\/\/tdv.org\/tr-TR\/wp-content\/uploads\/2024\/07\/f48dd8e4-77cc-4104-ba8f-a14f0f6c2648_1_1200x800.jpg","width":1200,"height":799},{"@type":"BreadcrumbList","@id":"https:\/\/tdv.org\/tr-TR\/diyanet-isleri-baskani-erbastan-15-temmuz-demokrasi-ve-milli-birlik-gunu-mesaji-2\/#breadcrumb","itemListElement":[{"@type":"ListItem","position":1,"name":"Anasayfa","item":"https:\/\/tdv.org\/tr-TR\/"},{"@type":"ListItem","position":2,"name":"Diyanet \u0130\u015fleri Ba\u015fkan\u0131 Erba\u015f\u2019tan, 15 Temmuz Demokrasi ve Milli Birlik G\u00fcn\u00fc mesaj\u0131"}]},{"@type":"WebSite","@id":"https:\/\/tdv.org\/tr-TR\/#website","url":"https:\/\/tdv.org\/tr-TR\/","name":"T\u00fcrkiye Diyanet Vakf\u0131 Resmi Web Sitesi","description":"Yery\u00fcz\u00fcnde iyilik egemen oluncaya kadar","publisher":{"@id":"https:\/\/tdv.org\/tr-TR\/#organization"},"alternateName":"T\u00fcrkiye Diyanet Vakf\u0131","potentialAction":[{"@type":"SearchAction","target":{"@type":"EntryPoint","urlTemplate":"https:\/\/tdv.org\/tr-TR\/?s={search_term_string}"},"query-input":{"@type":"PropertyValueSpecification","valueRequired":true,"valueName":"search_term_string"}}],"inLanguage":"tr"},{"@type":"Organization","@id":"https:\/\/tdv.org\/tr-TR\/#organization","name":"T\u00fcrkiye Diyanet Vakf\u0131","alternateName":"T\u00fcrkiye Diyanet Vakf\u0131","url":"https:\/\/tdv.org\/tr-TR\/","logo":{"@type":"ImageObject","inLanguage":"tr","@id":"https:\/\/tdv.org\/tr-TR\/#\/schema\/logo\/image\/","url":"https:\/\/tdv.org\/tr-TR\/wp-content\/uploads\/2018\/12\/TDV_Logo_1.png","contentUrl":"https:\/\/tdv.org\/tr-TR\/wp-content\/uploads\/2018\/12\/TDV_Logo_1.png","width":207,"height":71,"caption":"T\u00fcrkiye Diyanet Vakf\u0131"},"image":{"@id":"https:\/\/tdv.org\/tr-TR\/#\/schema\/logo\/image\/"},"sameAs":["https:\/\/www.facebook.com\/Diyanetvakfi\/","https:\/\/x.com\/DiyanetVakfi","https:\/\/www.instagram.com\/turkiyediyanetvakfi\/","https:\/\/www.youtube.com\/user\/TurkiyeDiyanetVakfi"]},{"@type":"Person","@id":"https:\/\/tdv.org\/tr-TR\/#\/schema\/person\/752b55e264a99273d55636516d96d5eb","name":"Selim","image":{"@type":"ImageObject","inLanguage":"tr","@id":"https:\/\/tdv.org\/tr-TR\/wp-content\/litespeed\/avatar\/a1e47b25396e98e5b781e88a5396cd96.jpg?ver=1777287391","url":"https:\/\/tdv.org\/tr-TR\/wp-content\/litespeed\/avatar\/a1e47b25396e98e5b781e88a5396cd96.jpg?ver=1777287391","contentUrl":"https:\/\/tdv.org\/tr-TR\/wp-content\/litespeed\/avatar\/a1e47b25396e98e5b781e88a5396cd96.jpg?ver=1777287391","caption":"Selim"}}]}},"_links":{"self":[{"href":"https:\/\/tdv.org\/tr-TR\/wp-json\/wp\/v2\/posts\/43624","targetHints":{"allow":["GET"]}}],"collection":[{"href":"https:\/\/tdv.org\/tr-TR\/wp-json\/wp\/v2\/posts"}],"about":[{"href":"https:\/\/tdv.org\/tr-TR\/wp-json\/wp\/v2\/types\/post"}],"author":[{"embeddable":true,"href":"https:\/\/tdv.org\/tr-TR\/wp-json\/wp\/v2\/users\/8"}],"replies":[{"embeddable":true,"href":"https:\/\/tdv.org\/tr-TR\/wp-json\/wp\/v2\/comments?post=43624"}],"version-history":[{"count":1,"href":"https:\/\/tdv.org\/tr-TR\/wp-json\/wp\/v2\/posts\/43624\/revisions"}],"predecessor-version":[{"id":43626,"href":"https:\/\/tdv.org\/tr-TR\/wp-json\/wp\/v2\/posts\/43624\/revisions\/43626"}],"wp:featuredmedia":[{"embeddable":true,"href":"https:\/\/tdv.org\/tr-TR\/wp-json\/wp\/v2\/media\/43625"}],"wp:attachment":[{"href":"https:\/\/tdv.org\/tr-TR\/wp-json\/wp\/v2\/media?parent=43624"}],"wp:term":[{"taxonomy":"category","embeddable":true,"href":"https:\/\/tdv.org\/tr-TR\/wp-json\/wp\/v2\/categories?post=43624"},{"taxonomy":"post_tag","embeddable":true,"href":"https:\/\/tdv.org\/tr-TR\/wp-json\/wp\/v2\/tags?post=43624"}],"curies":[{"name":"wp","href":"https:\/\/api.w.org\/{rel}","templated":true}]}}