{"id":4372,"date":"2019-08-01T17:11:30","date_gmt":"2019-08-01T14:11:30","guid":{"rendered":"https:\/\/tdv.org\/tr-TR\/?p=4372"},"modified":"2023-04-11T14:37:45","modified_gmt":"2023-04-11T11:37:45","slug":"hepimiz-kulturel-diplomat-olabiliriz","status":"publish","type":"post","link":"https:\/\/tdv.org\/tr-TR\/hepimiz-kulturel-diplomat-olabiliriz\/","title":{"rendered":"\u00a0\u201cHepimiz k\u00fclt\u00fcrel diplomat olabiliriz\u201d"},"content":{"rendered":"<p style=\"text-align: justify;\">T\u00fcrkiye Diyanet Vakf\u0131 Strateji ve Arge M\u00fcd\u00fcrl\u00fc\u011f\u00fc taraf\u0131ndan d\u00f6rd\u00fcnc\u00fcs\u00fc ger\u00e7ekle\u015ftirilen \u201cD\u00fc\u015f\u00fcnce At\u00f6lyesi Seminerleri\u201dnin konu\u011fu Cumhurba\u015fkan\u0131 Dan\u0131\u015fman\u0131 K\u00fclt\u00fcr ve Sanat Politikalar\u0131 Kurulu \u00dcyesi Humeyra \u015eahin oldu.<br \/>\nTDV y\u00f6netici ve personelinin kat\u0131ld\u0131\u011f\u0131 \u201cK\u00fclt\u00fcrel Diplomasi\u201d konulu seminerinde \u015eahin, k\u00fclt\u00fcrel diplomasinin son y\u0131llarda \u00e7ok s\u0131k duyulan ve y\u00fckselen bir de\u011fer haline geldi\u011fini s\u00f6yledi.<br \/>\n\u00d6nceden diplomatlar\u0131n s\u00fcrd\u00fcrd\u00fc\u011f\u00fc siyasi ve askeri g\u00fcc\u00fcn diplomatik g\u00fc\u00e7 olarak alg\u0131land\u0131\u011f\u0131 bir d\u00fcnya d\u00fczeni oldu\u011funa dikkati \u00e7eken \u015eahin, \u00f6zellikle 2. D\u00fcnya Sava\u015f\u0131\u2019ndan sonra so\u011fuk sava\u015f d\u00f6neminde art\u0131k devletlerin topla, t\u00fcfekle m\u00fccadele etmek yerine birbirini ikna etmeye y\u00f6nelik, masa ba\u015f\u0131nda ve salonlarda bir diplomasi s\u00fcrecine girdi\u011fini s\u00f6yledi.<br \/>\nK\u00fclt\u00fcrel diplomasinin kamu diplomasisinin bir alt ba\u015fl\u0131\u011f\u0131 olarak de\u011ferlendirilebilece\u011fini dile getiren \u015eahin, \u201cK\u00fclt\u00fcrel diplomasiyle askeri, siyasi ve jeopolitik g\u00fc\u00e7le ifade edilen o sert g\u00fcc\u00fcn kar\u015f\u0131s\u0131nda daha farkl\u0131 alanlara a\u00e7\u0131l\u0131m sa\u011flayabilecek yumu\u015fak g\u00fc\u00e7 alan\u0131 tesis edildi. B\u00fct\u00fcn bu yumu\u015fak g\u00fc\u00e7 nedir diye bakt\u0131\u011f\u0131m\u0131zda oyun kurma becerisi. Bir \u00fclkenin oyun kurucu olmas\u0131. D\u00fcnya 5 ten b\u00fcy\u00fckt\u00fcr s\u00f6ylemi \u00e7ok ciddi bir oyun kurucu misyonunun asl\u0131nda somut bir \u015fekilde ifadeye d\u00f6k\u00fclm\u00fc\u015f halidir. Yani siz d\u00fcnyan\u0131n s\u00fcregelen siyasal d\u00fczenine kar\u015f\u0131l\u0131k veriyorsunuz ve bu oyun kurucu d\u00fczende \u00e7ok \u00f6nemli bir akt\u00f6r haline geliyorsunuz. Bu oyun kuruculuk misyonunda top, t\u00fcfek, askeri g\u00fc\u00e7 yok. Ama sizin s\u00f6ylem g\u00fcc\u00fcn\u00fcz var. Bir yan\u0131yla bu oyun kurucu g\u00fc\u00e7 \u00f6te yan\u0131yla kendi jeopolitik sahan\u0131zda tarihi birikiminizden ald\u0131\u011f\u0131n\u0131z b\u00fct\u00fcn bu potansiyel sizin oyun kurucu olman\u0131z\u0131 besleyen konular.\u201d \u015feklinde konu\u015ftu.<\/p>\n<p style=\"text-align: justify;\"><strong>\u201cT\u00fcrkiye rekabet edilemez bir noktaya geldi\u201d<\/strong><\/p>\n<p style=\"text-align: justify;\">Soft power ba\u015fl\u0131\u011f\u0131 alt\u0131nda ele al\u0131nacak di\u011fer \u00f6nemli bir ba\u015fl\u0131\u011f\u0131n da insani yard\u0131m konusu oldu\u011funu ifade eden \u015eahin, T\u00fcrkiye\u2019nin bu konuda Diyanet Vakf\u0131 gibi sivil toplum kurulu\u015flar\u0131 \u00f6nc\u00fcl\u00fc\u011f\u00fcnde d\u00fcnyada bir numara oldu\u011funu s\u00f6yledi.<br \/>\nT\u00fcrkiye\u2019nin Gayri Safi Milli Has\u0131laya g\u00f6re d\u00fcnyan\u0131n en c\u00f6mert \u00fclkesi ve insani yard\u0131m konusunda rekabet edilemez bir noktaya geldi\u011fini vurgulayan \u015eahin, \u201cT\u00fcrkiye\u2019nin insani yard\u0131m mant\u0131\u011f\u0131na bakt\u0131\u011f\u0131n\u0131zda yeni bir model \u00fcretti\u011fini g\u00f6r\u00fcyorsunuz. Sadece belli nakdi yard\u0131mlar yapmaktan \u00f6te insanlar\u0131n bilgi birikimlerin art\u0131racak, onlara mesleki donan\u0131mlar kazand\u0131racak, bir anlamda bal\u0131k tutmay\u0131 \u00f6\u011freten bir insani yard\u0131m misyonu devletimizin y\u00f6ntemi haline gelmi\u015f. Dolay\u0131s\u0131yla bu T\u00fcrkiye\u2019nin fark\u0131n\u0131 ortaya koyan \u00e7ok \u00f6nemli bir nokta\u201d diye konu\u015ftu.<br \/>\nK\u00fclt\u00fcrel diplomasi anlam\u0131nda insani yard\u0131mlar\u0131n, nakdi yard\u0131mlar\u0131n yan\u0131 s\u0131ra siyasi anlamda kar\u015f\u0131l\u0131\u011f\u0131 olan sembolik yard\u0131mlar\u0131n da \u00e7ok \u00f6nemli oldu\u011funa dikkati \u00e7eken \u015eahin, \u015f\u00f6yle devam etti:<br \/>\n\u201cKolombiya\u2019da 52 y\u0131l s\u00fcren sava\u015f\u0131n ard\u0131ndan en \u00e7ok may\u0131n d\u00f6\u015fenen alana T\u0130KA arac\u0131l\u0131\u011f\u0131yla bir okul yap\u0131ld\u0131 ve bu okul bar\u0131\u015fa adand\u0131. Yapt\u0131\u011f\u0131n\u0131z \u015fey k\u00fc\u00e7\u00fck bir b\u00fct\u00e7eyle bir okuldan ibaret ama uluslararas\u0131 alanda Kolombiya Devlet Ba\u015fkan\u0131 Santos\u2019un T\u00fcrkiye ve Cumhurba\u015fkan\u0131m\u0131za te\u015fekk\u00fcrlerini g\u00f6r\u00fcyorsunuz. K\u00fc\u00e7\u00fck bir yat\u0131r\u0131mla etkisi her an b\u00fcy\u00fcyen, \u00e7arpan etkileriyle d\u00fcnyaya yay\u0131lan bir insani yard\u0131m faaliyeti de yapm\u0131\u015f oluyorsunuz. Dolay\u0131s\u0131yla nakdi yard\u0131mdan tutun bu t\u00fcr sembolik, ger\u00e7ekten sofistike diyebilece\u011fimiz katk\u0131lara kadar \u00e7ok farkl\u0131 alanlarda bir kamu diplomasisiyle, yumu\u015fak g\u00fc\u00e7le T\u00fcrkiye d\u00fcnya siyaset arenas\u0131nda \u00f6nemli bir yer edinmi\u015f durumda. Tabi yumu\u015fak g\u00fcc\u00fcn en \u00f6nemli \u00f6zelli\u011fi topa t\u00fcfe\u011fe ihtiya\u00e7 duyulmamas\u0131, insanlar\u0131n kalplerine girmek, onlar\u0131n g\u00fcndelik hayatlar\u0131na n\u00fcfus etmek ve g\u00fcndelik hayatta bir kar\u015f\u0131l\u0131k edinmek. K\u00fclt\u00fcrel diplomaside, klasik diplomaside oldu\u011fu gibi tehdit, cayd\u0131rma, askeri g\u00fc\u00e7 gibi b\u00fct\u00fcn ayg\u0131tlar devreden \u00e7\u0131k\u0131yor, daha emek isteyen, sahada al\u0131n teri gerektiren, biraz daha ad\u0131 yumu\u015fak olsa da gayret ve emek gerektiren bir alan oluyor.\u201d<br \/>\nT\u00fcrkiye\u2019nin yumu\u015fak g\u00fc\u00e7 alanlar\u0131na bak\u0131ld\u0131\u011f\u0131nda T\u0130KA, YTB, AFAD, K\u0131z\u0131lay gibi kurumlar\u0131n yan\u0131 s\u0131ra Yunus Emre Enstit\u00fcs\u00fc\u2019n\u00fcn k\u00fclt\u00fcrel diplomasi misyonunu \u00fcstlenen kurumlar aras\u0131nda say\u0131labilece\u011fini belirten \u015eahin, T\u00fcrkiye\u2019nin di\u011fer \u00fclkelere g\u00f6re k\u00fclt\u00fcrel diplomasi alan\u0131nda ge\u00e7 kald\u0131\u011f\u0131n\u0131 s\u00f6yledi.<br \/>\nYunus Emre Enstit\u00fcs\u00fc\u2019n\u00fcn 58 \u00fclkede \u015fube yap\u0131lanmas\u0131 oldu\u011funu ifade eden \u015eahin, \u015funlar\u0131 kaydetti:<br \/>\n\u201cFransa, \u0130talya, \u0130ngiltere gibi \u00fclkelerde Yunus Emre Enstit\u00fcs\u00fcn\u00fcn muadili diyebilece\u011fimiz kurumlar \u00e7ok daha \u00f6nce faaliyetine ba\u015flam\u0131\u015f. Yani k\u00fclt\u00fcrel diplomasi kurumlar\u0131 bizden fersah fersah \u00f6nde. T\u00fcrkiye 2007\u2019de Yunus Emre Enstit\u00fcs\u00fc\u2019n\u00fc kurdu. \u0130lk \u015fubenin a\u00e7\u0131l\u0131\u015f\u0131 ve faaliyete ba\u015flamas\u0131 2009 y\u0131l\u0131nda oldu. 10 senede hat\u0131r\u0131 say\u0131l\u0131r bir yap\u0131lanmayla 58 \u015fubede b\u00fcy\u00fck bir a\u011f ile k\u00fclt\u00fcrel diplomasi alan\u0131nda hizmet veren bir kurum haline geldi. K\u00fclt\u00fcrel diplomasi, biraz etik ve estetik alan\u0131n bir araya geldi\u011fi, birle\u015fti\u011fi, sahada biraz al\u0131n teri d\u00f6kmeyi gerektiren s\u00fcrece dayal\u0131 bir \u015fey. Bir kereli\u011fine gidip katk\u0131 verdi\u011finiz bir alan de\u011fil. S\u00fcrd\u00fcr\u00fclebilir olmas\u0131 \u00e7ok \u00f6nemli. Dolay\u0131s\u0131yla T\u00fcrkiye\u2019nin k\u00fclt\u00fcrel diplomaside \u00e7ok \u00f6nemli kurumlar\u0131 var. Tek y\u00fcr\u00fct\u00fcc\u00fcs\u00fc de Yunus Emre Enstit\u00fcs\u00fc de\u011fil. Biliyorum ki bir\u00e7ok kurumumuz i\u015fin k\u00fclt\u00fcr aya\u011f\u0131n\u0131 da \u00fcstleniyor. Diyanet Vakf\u0131m\u0131z gerek Amerika\u2019daki merkez gerek Cambridge\u2019de yap\u0131lan cami b\u00fct\u00fcn bunlar asl\u0131nda k\u00fclt\u00fcrel diplomasinin sahadaki alanlar\u0131. Biz bunun i\u00e7ine ne kadar \u00e7ok k\u00fclt\u00fcrel enstr\u00fcman\u0131 devreye sokabilirsek buralar\u0131 bir k\u00fclt\u00fcrel diplomasi alan\u0131 haline getirebiliriz.\u201d<\/p>\n<p style=\"text-align: justify;\"><strong>\u201cK\u00fclt\u00fcrel diplomasi alan\u0131nda tarihsel kodlar\u0131m\u0131z var\u201d<\/strong><\/p>\n<p style=\"text-align: justify;\">K\u00fclt\u00fcrel diplomasi anlam\u0131nda ge\u00e7mi\u015fe bak\u0131ld\u0131\u011f\u0131nda Sultan Abdulhamid Han\u2019\u0131n \u00e7ok ilgin\u00e7 bir kitap diplomasisinin g\u00f6r\u00fclebilece\u011fini vurgulayan \u015eahin, \u201cAmerika\u2019daki Kongre K\u00fct\u00fcphanesi\u2019ne 8 sand\u0131k dolusu 400 ciltlik bir kitap hediye ediyor. Bu ger\u00e7ekten ilgin\u00e7 bir durum. O d\u00f6nemde b\u00f6yle bir diplomasi alan\u0131n fark\u0131ndal\u0131\u011f\u0131yla hareket etmek bizim bu i\u015fte tarihsel kodlar\u0131m\u0131z\u0131n da oldu\u011funu g\u00f6steriyor. Osmanl\u0131 diplomasisi 18. y\u00fczy\u0131la kadar kendine has diplomasi tarz\u0131 y\u00fcr\u00fct\u00fcyor. Bildi\u011fimiz anlamda m\u00fctekabiliyet esas\u0131na dayanan, kar\u015f\u0131l\u0131kl\u0131 el\u00e7ilerin oldu\u011fu bir diplomasi yerine Osmanl\u0131\u2019n\u0131n d\u0131\u015far\u0131daki d\u00fcnyay\u0131 takip etmeye \u00e7ok daha ihtiya\u00e7 duymad\u0131\u011f\u0131 bir diplomasi tarz\u0131. \u00c7\u00fcnk\u00fc kendi g\u00fcc\u00fcn\u00fcn o kadar fark\u0131nda. Ama b\u00fct\u00fcn \u00fclkelerin Osmanl\u0131\u2019y\u0131 takip etme ihtiyac\u0131 duydu\u011fu diplomatik tarz\u0131 g\u00f6rebiliyoruz. Avrupa\u2019daki Osmanl\u0131 alg\u0131s\u0131 Venedikli el\u00e7ilerin Osmanl\u0131 ile ilgili kanaatlerini raporla\u015ft\u0131rmas\u0131yla olu\u015fuyor.\u201d diye konu\u015ftu.<\/p>\n<p style=\"text-align: justify;\"><strong>\u201cHepimiz k\u00fclt\u00fcrel diplomat olabiliriz\u201d<\/strong><\/p>\n<p style=\"text-align: justify;\">Teknolojiyle birlikte dijital d\u00fcnyan\u0131n h\u0131zl\u0131 bir \u015fekilde geli\u015fip b\u00fcy\u00fcd\u00fc\u011f\u00fcne dikkati \u00e7eken \u015eahin, bug\u00fcn milyonlarca takip\u00e7isi olan youtuberlar\u0131n, instagram ve twitter kullan\u0131c\u0131lar\u0131n\u0131n oldu\u011funu s\u00f6yledi.<br \/>\nBu sosyal mecralarda ciddi anlamda k\u00fclt\u00fcrel diplomasi yap\u0131ld\u0131\u011f\u0131n\u0131 anlatan \u015eahin, bilinen b\u00fct\u00fcn klasik diplomasi anlay\u0131\u015f\u0131n\u0131n tamamen d\u0131\u015f\u0131nda yeni bir trend ve dijital imkanlar\u0131n sa\u011flad\u0131\u011f\u0131 bir diplomasi alan\u0131 oldu\u011funu ifade etti.<br \/>\n\u0130nternetteki bir bilgi \u00fczerinden bir Japon kitap\u00e7\u0131s\u0131n\u0131n merak edilebildi\u011fini ve onun insanlar\u0131n bu kitap\u00e7\u0131n\u0131n pe\u015fine d\u00fc\u015febildi\u011fini dile getiren \u015eahin, \u201cBuradan \u015fu ortaya \u00e7\u0131k\u0131yor. Asl\u0131nda bireylerin elinde ger\u00e7ekten bu anlamda m\u00fcthi\u015f bir g\u00fc\u00e7 var. Dijital d\u00fcnya bize bir\u00e7ok tehdit getirmekle birlikte ciddi f\u0131rsat\u0131 da beraberinde getirmekte. Bizler de bu f\u0131rsat\u0131 \u00e7ok iyi bir \u015fekilde kullanmal\u0131y\u0131z. Dijital diplomasi, k\u00fclt\u00fcrel diplomasinin bir yan veya alt dal\u0131 olarak tan\u0131mlayacak olursak dijital diplomasi \u00f6yle bir \u015fey ki \u015fatafatl\u0131 salonlar\u0131na, diplomat kimli\u011finize, mesai saatlerine hiyerar\u015fiye ihtiyac\u0131n\u0131z yok, 24 saat b\u00fct\u00fcn d\u00fcnya vatanda\u015flar\u0131na ula\u015f\u0131labilir diplomat haline gelebiliyorsunuz. Art\u0131k hepimiz k\u00fclt\u00fcrel diplomat olabiliriz. Elimizde \u00e7ok m\u00fcthi\u015f bir dijital imkan var. Parayla alm\u0131yor satm\u0131yorsunuz ama onun \u00fczerinden m\u00fcthi\u015f bir g\u00fc\u00e7 elde ediyorsunuz. Bu anlamda bakt\u0131\u011f\u0131m\u0131zda dijital diplomasi \u00e7ok \u00f6zel bir alan.\u201d<br \/>\nT\u00fcrkiye Diyanet Vakf\u0131 Genel M\u00fcd\u00fcr\u00fc Av. Mehmet Sava\u015f Polat da, k\u00fclt\u00fcrel diplomasinin \u00e7ok \u00f6nemli bir konu oldu\u011funu belirterek \u201cVak\u0131f olarak k\u00fclt\u00fcrel diplomasiye hizmet eden \u00f6nemli kurumlardan birisiyiz. T\u00fcrkiye\u2019nin hem dini k\u00fclt\u00fcr\u00fcn\u00fc, hem Osmanl\u0131 birikimlerini yapt\u0131\u011f\u0131m\u0131z hizmetlerle d\u00fcnyan\u0131n bir\u00e7ok noktas\u0131na ta\u015f\u0131m\u0131\u015f oluyoruz. \u00dclkemiz, bayra\u011f\u0131m\u0131z ad\u0131na Osmanl\u0131 k\u00fclt\u00fcr\u00fc ad\u0131na bu \u00e7al\u0131\u015fmalar \u00e7ok k\u0131ymetli\u201d diye konu\u015ftu.<br \/>\nKonu\u015fmalar\u0131n ard\u0131ndan T\u00fcrkiye Diyanet Vakf\u0131 Genel M\u00fcd\u00fcr\u00fc Polat, \u015eahin\u2019e Kur\u2019an-\u0131 Kerim hediye etti.<\/p>\n\n\t\t<style type=\"text\/css\">\n\t\t\t#gallery-1 {\n\t\t\t\tmargin: auto;\n\t\t\t}\n\t\t\t#gallery-1 .gallery-item {\n\t\t\t\tfloat: left;\n\t\t\t\tmargin-top: 10px;\n\t\t\t\ttext-align: center;\n\t\t\t\twidth: 25%;\n\t\t\t}\n\t\t\t#gallery-1 img {\n\t\t\t\tborder: 2px solid #cfcfcf;\n\t\t\t}\n\t\t\t#gallery-1 .gallery-caption {\n\t\t\t\tmargin-left: 0;\n\t\t\t}\n\t\t\t\/* see gallery_shortcode() in wp-includes\/media.php *\/\n\t\t<\/style>\n\t\t<div id='gallery-1' class='gallery galleryid-4372 gallery-columns-4 gallery-size-medium'><dl class='gallery-item'>\n\t\t\t<dt class='gallery-icon landscape'>\n\t\t\t\t<a href='https:\/\/tdv.org\/tr-TR\/wp-content\/uploads\/2019\/08\/TDV_6837-Large-1.jpg'><img decoding=\"async\" width=\"300\" height=\"193\" src=\"https:\/\/tdv.org\/tr-TR\/wp-content\/uploads\/2019\/08\/TDV_6837-Large-1-300x193.jpg\" class=\"attachment-medium size-medium\" alt=\"\" srcset=\"https:\/\/tdv.org\/tr-TR\/wp-content\/uploads\/2019\/08\/TDV_6837-Large-1-300x193.jpg 300w, https:\/\/tdv.org\/tr-TR\/wp-content\/uploads\/2019\/08\/TDV_6837-Large-1-768x494.jpg 768w, https:\/\/tdv.org\/tr-TR\/wp-content\/uploads\/2019\/08\/TDV_6837-Large-1-1024x659.jpg 1024w, https:\/\/tdv.org\/tr-TR\/wp-content\/uploads\/2019\/08\/TDV_6837-Large-1.jpg 1679w\" sizes=\"(max-width: 300px) 100vw, 300px\" \/><\/a>\n\t\t\t<\/dt><\/dl><dl class='gallery-item'>\n\t\t\t<dt class='gallery-icon portrait'>\n\t\t\t\t<a href='https:\/\/tdv.org\/tr-TR\/wp-content\/uploads\/2019\/08\/TDV_6868-Large-1.jpg'><img decoding=\"async\" width=\"238\" height=\"300\" src=\"https:\/\/tdv.org\/tr-TR\/wp-content\/uploads\/2019\/08\/TDV_6868-Large-1-238x300.jpg\" class=\"attachment-medium size-medium\" alt=\"\" srcset=\"https:\/\/tdv.org\/tr-TR\/wp-content\/uploads\/2019\/08\/TDV_6868-Large-1-238x300.jpg 238w, https:\/\/tdv.org\/tr-TR\/wp-content\/uploads\/2019\/08\/TDV_6868-Large-1-768x969.jpg 768w, https:\/\/tdv.org\/tr-TR\/wp-content\/uploads\/2019\/08\/TDV_6868-Large-1-812x1024.jpg 812w, https:\/\/tdv.org\/tr-TR\/wp-content\/uploads\/2019\/08\/TDV_6868-Large-1.jpg 1080w\" sizes=\"(max-width: 238px) 100vw, 238px\" \/><\/a>\n\t\t\t<\/dt><\/dl><dl class='gallery-item'>\n\t\t\t<dt class='gallery-icon landscape'>\n\t\t\t\t<a href='https:\/\/tdv.org\/tr-TR\/wp-content\/uploads\/2019\/08\/TDV_6875-Large-1.jpg'><img decoding=\"async\" width=\"300\" height=\"200\" src=\"https:\/\/tdv.org\/tr-TR\/wp-content\/uploads\/2019\/08\/TDV_6875-Large-1-300x200.jpg\" class=\"attachment-medium size-medium\" alt=\"\" srcset=\"https:\/\/tdv.org\/tr-TR\/wp-content\/uploads\/2019\/08\/TDV_6875-Large-1-300x200.jpg 300w, https:\/\/tdv.org\/tr-TR\/wp-content\/uploads\/2019\/08\/TDV_6875-Large-1-768x512.jpg 768w, https:\/\/tdv.org\/tr-TR\/wp-content\/uploads\/2019\/08\/TDV_6875-Large-1-1024x683.jpg 1024w, https:\/\/tdv.org\/tr-TR\/wp-content\/uploads\/2019\/08\/TDV_6875-Large-1-900x600.jpg 900w, https:\/\/tdv.org\/tr-TR\/wp-content\/uploads\/2019\/08\/TDV_6875-Large-1.jpg 1620w\" sizes=\"(max-width: 300px) 100vw, 300px\" \/><\/a>\n\t\t\t<\/dt><\/dl><dl class='gallery-item'>\n\t\t\t<dt class='gallery-icon landscape'>\n\t\t\t\t<a href='https:\/\/tdv.org\/tr-TR\/wp-content\/uploads\/2019\/08\/TDV_6883-Large-1.jpg'><img decoding=\"async\" width=\"300\" height=\"200\" src=\"https:\/\/tdv.org\/tr-TR\/wp-content\/uploads\/2019\/08\/TDV_6883-Large-1-300x200.jpg\" class=\"attachment-medium size-medium\" alt=\"\" srcset=\"https:\/\/tdv.org\/tr-TR\/wp-content\/uploads\/2019\/08\/TDV_6883-Large-1-300x200.jpg 300w, https:\/\/tdv.org\/tr-TR\/wp-content\/uploads\/2019\/08\/TDV_6883-Large-1-768x512.jpg 768w, https:\/\/tdv.org\/tr-TR\/wp-content\/uploads\/2019\/08\/TDV_6883-Large-1-1024x683.jpg 1024w, https:\/\/tdv.org\/tr-TR\/wp-content\/uploads\/2019\/08\/TDV_6883-Large-1-900x600.jpg 900w, https:\/\/tdv.org\/tr-TR\/wp-content\/uploads\/2019\/08\/TDV_6883-Large-1.jpg 1620w\" sizes=\"(max-width: 300px) 100vw, 300px\" \/><\/a>\n\t\t\t<\/dt><\/dl><br style=\"clear: both\" \/><dl class='gallery-item'>\n\t\t\t<dt class='gallery-icon landscape'>\n\t\t\t\t<a href='https:\/\/tdv.org\/tr-TR\/wp-content\/uploads\/2019\/08\/TDV_6901-Large-1.jpg'><img decoding=\"async\" width=\"300\" height=\"294\" src=\"https:\/\/tdv.org\/tr-TR\/wp-content\/uploads\/2019\/08\/TDV_6901-Large-1-300x294.jpg\" class=\"attachment-medium size-medium\" alt=\"\" srcset=\"https:\/\/tdv.org\/tr-TR\/wp-content\/uploads\/2019\/08\/TDV_6901-Large-1-300x294.jpg 300w, https:\/\/tdv.org\/tr-TR\/wp-content\/uploads\/2019\/08\/TDV_6901-Large-1-768x753.jpg 768w, https:\/\/tdv.org\/tr-TR\/wp-content\/uploads\/2019\/08\/TDV_6901-Large-1-1024x1004.jpg 1024w, https:\/\/tdv.org\/tr-TR\/wp-content\/uploads\/2019\/08\/TDV_6901-Large-1.jpg 1102w\" sizes=\"(max-width: 300px) 100vw, 300px\" \/><\/a>\n\t\t\t<\/dt><\/dl><dl class='gallery-item'>\n\t\t\t<dt class='gallery-icon landscape'>\n\t\t\t\t<a href='https:\/\/tdv.org\/tr-TR\/wp-content\/uploads\/2019\/08\/TDV_6910-Large-2.jpg'><img decoding=\"async\" width=\"300\" height=\"168\" src=\"https:\/\/tdv.org\/tr-TR\/wp-content\/uploads\/2019\/08\/TDV_6910-Large-2-300x168.jpg\" class=\"attachment-medium size-medium\" alt=\"\" srcset=\"https:\/\/tdv.org\/tr-TR\/wp-content\/uploads\/2019\/08\/TDV_6910-Large-2-300x168.jpg 300w, https:\/\/tdv.org\/tr-TR\/wp-content\/uploads\/2019\/08\/TDV_6910-Large-2-768x430.jpg 768w, https:\/\/tdv.org\/tr-TR\/wp-content\/uploads\/2019\/08\/TDV_6910-Large-2-1024x573.jpg 1024w, https:\/\/tdv.org\/tr-TR\/wp-content\/uploads\/2019\/08\/TDV_6910-Large-2.jpg 1920w\" sizes=\"(max-width: 300px) 100vw, 300px\" \/><\/a>\n\t\t\t<\/dt><\/dl>\n\t\t\t<br style='clear: both' \/>\n\t\t<\/div>\n\n<p style=\"text-align: justify;\">\n<p style=\"text-align: justify;\">\n","protected":false},"excerpt":{"rendered":"<p>T\u00fcrkiye Diyanet Vakf\u0131 Strateji ve Arge M\u00fcd\u00fcrl\u00fc\u011f\u00fc taraf\u0131ndan d\u00f6rd\u00fcnc\u00fcs\u00fc ger\u00e7ekle\u015ftirilen \u201cD\u00fc\u015f\u00fcnce At\u00f6lyesi Seminerleri\u201dnin konu\u011fu Cumhurba\u015fkan\u0131 Dan\u0131\u015fman\u0131 K\u00fclt\u00fcr ve Sanat Politikalar\u0131 Kurulu \u00dcyesi Humeyra \u015eahin oldu. TDV y\u00f6netici ve personelinin kat\u0131ld\u0131\u011f\u0131&#8230;<\/p>\n","protected":false},"author":6,"featured_media":4381,"comment_status":"open","ping_status":"closed","sticky":false,"template":"","format":"standard","meta":{"footnotes":""},"categories":[1],"tags":[189,10,221],"class_list":{"0":"post-4372","1":"post","2":"type-post","3":"status-publish","4":"format-standard","5":"has-post-thumbnail","7":"category-haberler","8":"tag-av-mehmet-savas-polat","9":"tag-dusunce-atolyesi","10":"tag-humeyra-sahin"},"yoast_head":"<!-- This site is optimized with the Yoast SEO plugin v27.5 - https:\/\/yoast.com\/product\/yoast-seo-wordpress\/ -->\n<title>\u00a0\u201cHepimiz k\u00fclt\u00fcrel diplomat olabiliriz\u201d<\/title>\n<meta name=\"description\" content=\"T\u00fcrkiye Diyanet Vakf\u0131 Strateji ve Arge M\u00fcd\u00fcrl\u00fc\u011f\u00fc taraf\u0131ndan d\u00f6rd\u00fcnc\u00fcs\u00fc ger\u00e7ekle\u015ftirilen \u201cD\u00fc\u015f\u00fcnce At\u00f6lyesi Seminerleri\u201dnin konu\u011fu Cumhurba\u015fkan\u0131 Dan\u0131\u015fman\u0131 K\u00fclt\u00fcr ve Sanat Politikalar\u0131 Kurulu \u00dcyesi Humeyra \u015eahin oldu.\" \/>\n<meta name=\"robots\" content=\"index, follow, max-snippet:-1, max-image-preview:large, max-video-preview:-1\" \/>\n<link rel=\"canonical\" href=\"https:\/\/tdv.org\/tr-TR\/hepimiz-kulturel-diplomat-olabiliriz\/\" \/>\n<meta property=\"og:locale\" content=\"tr_TR\" \/>\n<meta property=\"og:type\" content=\"article\" \/>\n<meta property=\"og:title\" content=\"\u00a0\u201cHepimiz k\u00fclt\u00fcrel diplomat olabiliriz\u201d\" \/>\n<meta property=\"og:description\" content=\"T\u00fcrkiye Diyanet Vakf\u0131 Strateji ve Arge M\u00fcd\u00fcrl\u00fc\u011f\u00fc taraf\u0131ndan d\u00f6rd\u00fcnc\u00fcs\u00fc ger\u00e7ekle\u015ftirilen \u201cD\u00fc\u015f\u00fcnce At\u00f6lyesi Seminerleri\u201dnin konu\u011fu Cumhurba\u015fkan\u0131 Dan\u0131\u015fman\u0131 K\u00fclt\u00fcr ve Sanat Politikalar\u0131 Kurulu \u00dcyesi Humeyra \u015eahin oldu.\" \/>\n<meta property=\"og:url\" content=\"https:\/\/tdv.org\/tr-TR\/hepimiz-kulturel-diplomat-olabiliriz\/\" \/>\n<meta property=\"og:site_name\" content=\"T\u00fcrkiye Diyanet Vakf\u0131 Resmi Web Sitesi\" \/>\n<meta property=\"article:publisher\" content=\"https:\/\/www.facebook.com\/Diyanetvakfi\/\" \/>\n<meta property=\"article:published_time\" content=\"2019-08-01T14:11:30+00:00\" \/>\n<meta property=\"article:modified_time\" content=\"2023-04-11T11:37:45+00:00\" \/>\n<meta property=\"og:image\" content=\"https:\/\/tdv.org\/tr-TR\/wp-content\/uploads\/2019\/08\/TDV_6829-Large-1.jpg\" \/>\n\t<meta property=\"og:image:width\" content=\"1639\" \/>\n\t<meta property=\"og:image:height\" content=\"1080\" \/>\n\t<meta property=\"og:image:type\" content=\"image\/jpeg\" \/>\n<meta name=\"author\" content=\"Musa\" \/>\n<meta name=\"twitter:card\" content=\"summary_large_image\" \/>\n<meta name=\"twitter:creator\" content=\"@DiyanetVakfi\" \/>\n<meta name=\"twitter:site\" content=\"@DiyanetVakfi\" \/>\n<script type=\"application\/ld+json\" class=\"yoast-schema-graph\">{\"@context\":\"https:\\\/\\\/schema.org\",\"@graph\":[{\"@type\":\"Article\",\"@id\":\"https:\\\/\\\/tdv.org\\\/tr-TR\\\/hepimiz-kulturel-diplomat-olabiliriz\\\/#article\",\"isPartOf\":{\"@id\":\"https:\\\/\\\/tdv.org\\\/tr-TR\\\/hepimiz-kulturel-diplomat-olabiliriz\\\/\"},\"author\":{\"name\":\"Musa\",\"@id\":\"https:\\\/\\\/tdv.org\\\/tr-TR\\\/#\\\/schema\\\/person\\\/8f21f05615f6bcf071bbd5ee8d376a8f\"},\"headline\":\"\u00a0\u201cHepimiz k\u00fclt\u00fcrel diplomat olabiliriz\u201d\",\"datePublished\":\"2019-08-01T14:11:30+00:00\",\"dateModified\":\"2023-04-11T11:37:45+00:00\",\"mainEntityOfPage\":{\"@id\":\"https:\\\/\\\/tdv.org\\\/tr-TR\\\/hepimiz-kulturel-diplomat-olabiliriz\\\/\"},\"wordCount\":1581,\"commentCount\":0,\"publisher\":{\"@id\":\"https:\\\/\\\/tdv.org\\\/tr-TR\\\/#organization\"},\"image\":{\"@id\":\"https:\\\/\\\/tdv.org\\\/tr-TR\\\/hepimiz-kulturel-diplomat-olabiliriz\\\/#primaryimage\"},\"thumbnailUrl\":\"https:\\\/\\\/tdv.org\\\/tr-TR\\\/wp-content\\\/uploads\\\/2019\\\/08\\\/TDV_6829-Large-1.jpg\",\"keywords\":[\"Av. Mehmet Sava\u015f Polat\",\"D\u00fc\u015f\u00fcnce At\u00f6lyesi\",\"Humeyra \u015eahin\"],\"articleSection\":[\"Haberler\"],\"inLanguage\":\"tr\",\"potentialAction\":[{\"@type\":\"CommentAction\",\"name\":\"Comment\",\"target\":[\"https:\\\/\\\/tdv.org\\\/tr-TR\\\/hepimiz-kulturel-diplomat-olabiliriz\\\/#respond\"]}]},{\"@type\":\"WebPage\",\"@id\":\"https:\\\/\\\/tdv.org\\\/tr-TR\\\/hepimiz-kulturel-diplomat-olabiliriz\\\/\",\"url\":\"https:\\\/\\\/tdv.org\\\/tr-TR\\\/hepimiz-kulturel-diplomat-olabiliriz\\\/\",\"name\":\"\u00a0\u201cHepimiz k\u00fclt\u00fcrel diplomat olabiliriz\u201d\",\"isPartOf\":{\"@id\":\"https:\\\/\\\/tdv.org\\\/tr-TR\\\/#website\"},\"primaryImageOfPage\":{\"@id\":\"https:\\\/\\\/tdv.org\\\/tr-TR\\\/hepimiz-kulturel-diplomat-olabiliriz\\\/#primaryimage\"},\"image\":{\"@id\":\"https:\\\/\\\/tdv.org\\\/tr-TR\\\/hepimiz-kulturel-diplomat-olabiliriz\\\/#primaryimage\"},\"thumbnailUrl\":\"https:\\\/\\\/tdv.org\\\/tr-TR\\\/wp-content\\\/uploads\\\/2019\\\/08\\\/TDV_6829-Large-1.jpg\",\"datePublished\":\"2019-08-01T14:11:30+00:00\",\"dateModified\":\"2023-04-11T11:37:45+00:00\",\"description\":\"T\u00fcrkiye Diyanet Vakf\u0131 Strateji ve Arge M\u00fcd\u00fcrl\u00fc\u011f\u00fc taraf\u0131ndan d\u00f6rd\u00fcnc\u00fcs\u00fc ger\u00e7ekle\u015ftirilen \u201cD\u00fc\u015f\u00fcnce At\u00f6lyesi Seminerleri\u201dnin konu\u011fu Cumhurba\u015fkan\u0131 Dan\u0131\u015fman\u0131 K\u00fclt\u00fcr ve Sanat Politikalar\u0131 Kurulu \u00dcyesi Humeyra \u015eahin oldu.\",\"breadcrumb\":{\"@id\":\"https:\\\/\\\/tdv.org\\\/tr-TR\\\/hepimiz-kulturel-diplomat-olabiliriz\\\/#breadcrumb\"},\"inLanguage\":\"tr\",\"potentialAction\":[{\"@type\":\"ReadAction\",\"target\":[\"https:\\\/\\\/tdv.org\\\/tr-TR\\\/hepimiz-kulturel-diplomat-olabiliriz\\\/\"]}]},{\"@type\":\"ImageObject\",\"inLanguage\":\"tr\",\"@id\":\"https:\\\/\\\/tdv.org\\\/tr-TR\\\/hepimiz-kulturel-diplomat-olabiliriz\\\/#primaryimage\",\"url\":\"https:\\\/\\\/tdv.org\\\/tr-TR\\\/wp-content\\\/uploads\\\/2019\\\/08\\\/TDV_6829-Large-1.jpg\",\"contentUrl\":\"https:\\\/\\\/tdv.org\\\/tr-TR\\\/wp-content\\\/uploads\\\/2019\\\/08\\\/TDV_6829-Large-1.jpg\",\"width\":1639,\"height\":1080},{\"@type\":\"BreadcrumbList\",\"@id\":\"https:\\\/\\\/tdv.org\\\/tr-TR\\\/hepimiz-kulturel-diplomat-olabiliriz\\\/#breadcrumb\",\"itemListElement\":[{\"@type\":\"ListItem\",\"position\":1,\"name\":\"Anasayfa\",\"item\":\"https:\\\/\\\/tdv.org\\\/tr-TR\\\/\"},{\"@type\":\"ListItem\",\"position\":2,\"name\":\"\u00a0\u201cHepimiz k\u00fclt\u00fcrel diplomat olabiliriz\u201d\"}]},{\"@type\":\"WebSite\",\"@id\":\"https:\\\/\\\/tdv.org\\\/tr-TR\\\/#website\",\"url\":\"https:\\\/\\\/tdv.org\\\/tr-TR\\\/\",\"name\":\"T\u00fcrkiye Diyanet Vakf\u0131 Resmi Web Sitesi\",\"description\":\"Yery\u00fcz\u00fcnde iyilik egemen oluncaya kadar\",\"publisher\":{\"@id\":\"https:\\\/\\\/tdv.org\\\/tr-TR\\\/#organization\"},\"alternateName\":\"T\u00fcrkiye Diyanet Vakf\u0131\",\"potentialAction\":[{\"@type\":\"SearchAction\",\"target\":{\"@type\":\"EntryPoint\",\"urlTemplate\":\"https:\\\/\\\/tdv.org\\\/tr-TR\\\/?s={search_term_string}\"},\"query-input\":{\"@type\":\"PropertyValueSpecification\",\"valueRequired\":true,\"valueName\":\"search_term_string\"}}],\"inLanguage\":\"tr\"},{\"@type\":\"Organization\",\"@id\":\"https:\\\/\\\/tdv.org\\\/tr-TR\\\/#organization\",\"name\":\"T\u00fcrkiye Diyanet Vakf\u0131\",\"alternateName\":\"T\u00fcrkiye Diyanet Vakf\u0131\",\"url\":\"https:\\\/\\\/tdv.org\\\/tr-TR\\\/\",\"logo\":{\"@type\":\"ImageObject\",\"inLanguage\":\"tr\",\"@id\":\"https:\\\/\\\/tdv.org\\\/tr-TR\\\/#\\\/schema\\\/logo\\\/image\\\/\",\"url\":\"https:\\\/\\\/tdv.org\\\/tr-TR\\\/wp-content\\\/uploads\\\/2018\\\/12\\\/TDV_Logo_1.png\",\"contentUrl\":\"https:\\\/\\\/tdv.org\\\/tr-TR\\\/wp-content\\\/uploads\\\/2018\\\/12\\\/TDV_Logo_1.png\",\"width\":207,\"height\":71,\"caption\":\"T\u00fcrkiye Diyanet Vakf\u0131\"},\"image\":{\"@id\":\"https:\\\/\\\/tdv.org\\\/tr-TR\\\/#\\\/schema\\\/logo\\\/image\\\/\"},\"sameAs\":[\"https:\\\/\\\/www.facebook.com\\\/Diyanetvakfi\\\/\",\"https:\\\/\\\/x.com\\\/DiyanetVakfi\",\"https:\\\/\\\/www.instagram.com\\\/turkiyediyanetvakfi\\\/\",\"https:\\\/\\\/www.youtube.com\\\/user\\\/TurkiyeDiyanetVakfi\"]},{\"@type\":\"Person\",\"@id\":\"https:\\\/\\\/tdv.org\\\/tr-TR\\\/#\\\/schema\\\/person\\\/8f21f05615f6bcf071bbd5ee8d376a8f\",\"name\":\"Musa\",\"image\":{\"@type\":\"ImageObject\",\"inLanguage\":\"tr\",\"@id\":\"https:\\\/\\\/tdv.org\\\/tr-TR\\\/wp-content\\\/litespeed\\\/avatar\\\/5b7955b12151edf37ee458402c4c6b7f.jpg?ver=1777295996\",\"url\":\"https:\\\/\\\/tdv.org\\\/tr-TR\\\/wp-content\\\/litespeed\\\/avatar\\\/5b7955b12151edf37ee458402c4c6b7f.jpg?ver=1777295996\",\"contentUrl\":\"https:\\\/\\\/tdv.org\\\/tr-TR\\\/wp-content\\\/litespeed\\\/avatar\\\/5b7955b12151edf37ee458402c4c6b7f.jpg?ver=1777295996\",\"caption\":\"Musa\"},\"sameAs\":[\"http:\\\/\\\/www.tdv.org\"]}]}<\/script>\n<!-- \/ Yoast SEO plugin. -->","yoast_head_json":{"title":"\u00a0\u201cHepimiz k\u00fclt\u00fcrel diplomat olabiliriz\u201d","description":"T\u00fcrkiye Diyanet Vakf\u0131 Strateji ve Arge M\u00fcd\u00fcrl\u00fc\u011f\u00fc taraf\u0131ndan d\u00f6rd\u00fcnc\u00fcs\u00fc ger\u00e7ekle\u015ftirilen \u201cD\u00fc\u015f\u00fcnce At\u00f6lyesi Seminerleri\u201dnin konu\u011fu Cumhurba\u015fkan\u0131 Dan\u0131\u015fman\u0131 K\u00fclt\u00fcr ve Sanat Politikalar\u0131 Kurulu \u00dcyesi Humeyra \u015eahin oldu.","robots":{"index":"index","follow":"follow","max-snippet":"max-snippet:-1","max-image-preview":"max-image-preview:large","max-video-preview":"max-video-preview:-1"},"canonical":"https:\/\/tdv.org\/tr-TR\/hepimiz-kulturel-diplomat-olabiliriz\/","og_locale":"tr_TR","og_type":"article","og_title":"\u00a0\u201cHepimiz k\u00fclt\u00fcrel diplomat olabiliriz\u201d","og_description":"T\u00fcrkiye Diyanet Vakf\u0131 Strateji ve Arge M\u00fcd\u00fcrl\u00fc\u011f\u00fc taraf\u0131ndan d\u00f6rd\u00fcnc\u00fcs\u00fc ger\u00e7ekle\u015ftirilen \u201cD\u00fc\u015f\u00fcnce At\u00f6lyesi Seminerleri\u201dnin konu\u011fu Cumhurba\u015fkan\u0131 Dan\u0131\u015fman\u0131 K\u00fclt\u00fcr ve Sanat Politikalar\u0131 Kurulu \u00dcyesi Humeyra \u015eahin oldu.","og_url":"https:\/\/tdv.org\/tr-TR\/hepimiz-kulturel-diplomat-olabiliriz\/","og_site_name":"T\u00fcrkiye Diyanet Vakf\u0131 Resmi Web Sitesi","article_publisher":"https:\/\/www.facebook.com\/Diyanetvakfi\/","article_published_time":"2019-08-01T14:11:30+00:00","article_modified_time":"2023-04-11T11:37:45+00:00","og_image":[{"width":1639,"height":1080,"url":"https:\/\/tdv.org\/tr-TR\/wp-content\/uploads\/2019\/08\/TDV_6829-Large-1.jpg","type":"image\/jpeg"}],"author":"Musa","twitter_card":"summary_large_image","twitter_creator":"@DiyanetVakfi","twitter_site":"@DiyanetVakfi","schema":{"@context":"https:\/\/schema.org","@graph":[{"@type":"Article","@id":"https:\/\/tdv.org\/tr-TR\/hepimiz-kulturel-diplomat-olabiliriz\/#article","isPartOf":{"@id":"https:\/\/tdv.org\/tr-TR\/hepimiz-kulturel-diplomat-olabiliriz\/"},"author":{"name":"Musa","@id":"https:\/\/tdv.org\/tr-TR\/#\/schema\/person\/8f21f05615f6bcf071bbd5ee8d376a8f"},"headline":"\u00a0\u201cHepimiz k\u00fclt\u00fcrel diplomat olabiliriz\u201d","datePublished":"2019-08-01T14:11:30+00:00","dateModified":"2023-04-11T11:37:45+00:00","mainEntityOfPage":{"@id":"https:\/\/tdv.org\/tr-TR\/hepimiz-kulturel-diplomat-olabiliriz\/"},"wordCount":1581,"commentCount":0,"publisher":{"@id":"https:\/\/tdv.org\/tr-TR\/#organization"},"image":{"@id":"https:\/\/tdv.org\/tr-TR\/hepimiz-kulturel-diplomat-olabiliriz\/#primaryimage"},"thumbnailUrl":"https:\/\/tdv.org\/tr-TR\/wp-content\/uploads\/2019\/08\/TDV_6829-Large-1.jpg","keywords":["Av. Mehmet Sava\u015f Polat","D\u00fc\u015f\u00fcnce At\u00f6lyesi","Humeyra \u015eahin"],"articleSection":["Haberler"],"inLanguage":"tr","potentialAction":[{"@type":"CommentAction","name":"Comment","target":["https:\/\/tdv.org\/tr-TR\/hepimiz-kulturel-diplomat-olabiliriz\/#respond"]}]},{"@type":"WebPage","@id":"https:\/\/tdv.org\/tr-TR\/hepimiz-kulturel-diplomat-olabiliriz\/","url":"https:\/\/tdv.org\/tr-TR\/hepimiz-kulturel-diplomat-olabiliriz\/","name":"\u00a0\u201cHepimiz k\u00fclt\u00fcrel diplomat olabiliriz\u201d","isPartOf":{"@id":"https:\/\/tdv.org\/tr-TR\/#website"},"primaryImageOfPage":{"@id":"https:\/\/tdv.org\/tr-TR\/hepimiz-kulturel-diplomat-olabiliriz\/#primaryimage"},"image":{"@id":"https:\/\/tdv.org\/tr-TR\/hepimiz-kulturel-diplomat-olabiliriz\/#primaryimage"},"thumbnailUrl":"https:\/\/tdv.org\/tr-TR\/wp-content\/uploads\/2019\/08\/TDV_6829-Large-1.jpg","datePublished":"2019-08-01T14:11:30+00:00","dateModified":"2023-04-11T11:37:45+00:00","description":"T\u00fcrkiye Diyanet Vakf\u0131 Strateji ve Arge M\u00fcd\u00fcrl\u00fc\u011f\u00fc taraf\u0131ndan d\u00f6rd\u00fcnc\u00fcs\u00fc ger\u00e7ekle\u015ftirilen \u201cD\u00fc\u015f\u00fcnce At\u00f6lyesi Seminerleri\u201dnin konu\u011fu Cumhurba\u015fkan\u0131 Dan\u0131\u015fman\u0131 K\u00fclt\u00fcr ve Sanat Politikalar\u0131 Kurulu \u00dcyesi Humeyra \u015eahin oldu.","breadcrumb":{"@id":"https:\/\/tdv.org\/tr-TR\/hepimiz-kulturel-diplomat-olabiliriz\/#breadcrumb"},"inLanguage":"tr","potentialAction":[{"@type":"ReadAction","target":["https:\/\/tdv.org\/tr-TR\/hepimiz-kulturel-diplomat-olabiliriz\/"]}]},{"@type":"ImageObject","inLanguage":"tr","@id":"https:\/\/tdv.org\/tr-TR\/hepimiz-kulturel-diplomat-olabiliriz\/#primaryimage","url":"https:\/\/tdv.org\/tr-TR\/wp-content\/uploads\/2019\/08\/TDV_6829-Large-1.jpg","contentUrl":"https:\/\/tdv.org\/tr-TR\/wp-content\/uploads\/2019\/08\/TDV_6829-Large-1.jpg","width":1639,"height":1080},{"@type":"BreadcrumbList","@id":"https:\/\/tdv.org\/tr-TR\/hepimiz-kulturel-diplomat-olabiliriz\/#breadcrumb","itemListElement":[{"@type":"ListItem","position":1,"name":"Anasayfa","item":"https:\/\/tdv.org\/tr-TR\/"},{"@type":"ListItem","position":2,"name":"\u00a0\u201cHepimiz k\u00fclt\u00fcrel diplomat olabiliriz\u201d"}]},{"@type":"WebSite","@id":"https:\/\/tdv.org\/tr-TR\/#website","url":"https:\/\/tdv.org\/tr-TR\/","name":"T\u00fcrkiye Diyanet Vakf\u0131 Resmi Web Sitesi","description":"Yery\u00fcz\u00fcnde iyilik egemen oluncaya kadar","publisher":{"@id":"https:\/\/tdv.org\/tr-TR\/#organization"},"alternateName":"T\u00fcrkiye Diyanet Vakf\u0131","potentialAction":[{"@type":"SearchAction","target":{"@type":"EntryPoint","urlTemplate":"https:\/\/tdv.org\/tr-TR\/?s={search_term_string}"},"query-input":{"@type":"PropertyValueSpecification","valueRequired":true,"valueName":"search_term_string"}}],"inLanguage":"tr"},{"@type":"Organization","@id":"https:\/\/tdv.org\/tr-TR\/#organization","name":"T\u00fcrkiye Diyanet Vakf\u0131","alternateName":"T\u00fcrkiye Diyanet Vakf\u0131","url":"https:\/\/tdv.org\/tr-TR\/","logo":{"@type":"ImageObject","inLanguage":"tr","@id":"https:\/\/tdv.org\/tr-TR\/#\/schema\/logo\/image\/","url":"https:\/\/tdv.org\/tr-TR\/wp-content\/uploads\/2018\/12\/TDV_Logo_1.png","contentUrl":"https:\/\/tdv.org\/tr-TR\/wp-content\/uploads\/2018\/12\/TDV_Logo_1.png","width":207,"height":71,"caption":"T\u00fcrkiye Diyanet Vakf\u0131"},"image":{"@id":"https:\/\/tdv.org\/tr-TR\/#\/schema\/logo\/image\/"},"sameAs":["https:\/\/www.facebook.com\/Diyanetvakfi\/","https:\/\/x.com\/DiyanetVakfi","https:\/\/www.instagram.com\/turkiyediyanetvakfi\/","https:\/\/www.youtube.com\/user\/TurkiyeDiyanetVakfi"]},{"@type":"Person","@id":"https:\/\/tdv.org\/tr-TR\/#\/schema\/person\/8f21f05615f6bcf071bbd5ee8d376a8f","name":"Musa","image":{"@type":"ImageObject","inLanguage":"tr","@id":"https:\/\/tdv.org\/tr-TR\/wp-content\/litespeed\/avatar\/5b7955b12151edf37ee458402c4c6b7f.jpg?ver=1777295996","url":"https:\/\/tdv.org\/tr-TR\/wp-content\/litespeed\/avatar\/5b7955b12151edf37ee458402c4c6b7f.jpg?ver=1777295996","contentUrl":"https:\/\/tdv.org\/tr-TR\/wp-content\/litespeed\/avatar\/5b7955b12151edf37ee458402c4c6b7f.jpg?ver=1777295996","caption":"Musa"},"sameAs":["http:\/\/www.tdv.org"]}]}},"_links":{"self":[{"href":"https:\/\/tdv.org\/tr-TR\/wp-json\/wp\/v2\/posts\/4372","targetHints":{"allow":["GET"]}}],"collection":[{"href":"https:\/\/tdv.org\/tr-TR\/wp-json\/wp\/v2\/posts"}],"about":[{"href":"https:\/\/tdv.org\/tr-TR\/wp-json\/wp\/v2\/types\/post"}],"author":[{"embeddable":true,"href":"https:\/\/tdv.org\/tr-TR\/wp-json\/wp\/v2\/users\/6"}],"replies":[{"embeddable":true,"href":"https:\/\/tdv.org\/tr-TR\/wp-json\/wp\/v2\/comments?post=4372"}],"version-history":[{"count":1,"href":"https:\/\/tdv.org\/tr-TR\/wp-json\/wp\/v2\/posts\/4372\/revisions"}],"predecessor-version":[{"id":31999,"href":"https:\/\/tdv.org\/tr-TR\/wp-json\/wp\/v2\/posts\/4372\/revisions\/31999"}],"wp:featuredmedia":[{"embeddable":true,"href":"https:\/\/tdv.org\/tr-TR\/wp-json\/wp\/v2\/media\/4381"}],"wp:attachment":[{"href":"https:\/\/tdv.org\/tr-TR\/wp-json\/wp\/v2\/media?parent=4372"}],"wp:term":[{"taxonomy":"category","embeddable":true,"href":"https:\/\/tdv.org\/tr-TR\/wp-json\/wp\/v2\/categories?post=4372"},{"taxonomy":"post_tag","embeddable":true,"href":"https:\/\/tdv.org\/tr-TR\/wp-json\/wp\/v2\/tags?post=4372"}],"curies":[{"name":"wp","href":"https:\/\/api.w.org\/{rel}","templated":true}]}}