{"id":43835,"date":"2024-07-18T09:12:23","date_gmt":"2024-07-18T06:12:23","guid":{"rendered":"https:\/\/tdv.org\/tr-TR\/?p=43835"},"modified":"2024-07-18T09:15:16","modified_gmt":"2024-07-18T06:15:16","slug":"samsundaki-tdv-yaz-kampina-25-farkli-ulkeden-111-ogrenci-katildi","status":"publish","type":"post","link":"https:\/\/tdv.org\/tr-TR\/samsundaki-tdv-yaz-kampina-25-farkli-ulkeden-111-ogrenci-katildi\/","title":{"rendered":"Samsun&#8217;daki TDV yaz kamp\u0131na 25 farkl\u0131 \u00fclkeden 111 \u00f6\u011frenci kat\u0131ld\u0131"},"content":{"rendered":"<p style=\"text-align: justify;\"><span data-contrast=\"auto\"><a href=\"https:\/\/tdv.org\/tr-TR\/\" target=\"_blank\" rel=\"noopener\">T\u00fcrkiye Diyanet Vakf\u0131n\u0131n (TDV)<\/a> Yaz Kamplar\u0131 \u00e7er\u00e7evesinde Samsun Nebiyan Do\u011fa ve \u0130zcilik Kamp Alan\u0131&#8217;nda ger\u00e7ekle\u015ftirece\u011fi kampa 25 \u00fclkeden \u00f6\u011frenci kat\u0131ld\u0131.<\/span><span data-ccp-props=\"{&quot;201341983&quot;:0,&quot;335559739&quot;:160,&quot;335559740&quot;:259}\">\u00a0<\/span><\/p>\n<p style=\"text-align: justify;\"><span data-contrast=\"auto\"><a href=\"https:\/\/gsb.gov.tr\/\" target=\"_blank\" rel=\"noopener\">Gen\u00e7lik ve Spor Bakanl\u0131\u011f\u0131na<\/a> ait, 19 May\u0131s il\u00e7esi Nebiyan Yaylas\u0131&#8217;nda bulunan Nebiyan Do\u011fa ve \u0130zcilik Kamp Alan\u0131&#8217;nda d\u00fczenlenen kapma 111 \u00f6\u011frenci kat\u0131ld\u0131.<\/span><span data-ccp-props=\"{&quot;201341983&quot;:0,&quot;335559739&quot;:160,&quot;335559740&quot;:259}\">\u00a0<\/span><\/p>\n<p style=\"text-align: justify;\"><span data-contrast=\"auto\">Yaz kamp\u0131na kat\u0131lan \u00f6\u011frenciler i\u00e7in ok\u00e7uluk, balon futbolu, do\u011fa y\u00fcr\u00fcy\u00fc\u015fleri, spor faaliyetleri, kitap kritikleri, akademisyenlerin kat\u0131ld\u0131\u011f\u0131 seminerler gibi etkinlikler d\u00fczenleniyor.<\/span><span data-ccp-props=\"{&quot;201341983&quot;:0,&quot;335559739&quot;:160,&quot;335559740&quot;:259}\">\u00a0<\/span><\/p>\n<p style=\"text-align: justify;\"><span data-contrast=\"auto\"><a href=\"https:\/\/tdv.org\/tr-TR\/fatih-kayacan\/\" target=\"_blank\" rel=\"noopener\">TDV Genel M\u00fcd\u00fcr Yard\u0131mc\u0131s\u0131 Fatih Kayacan<\/a>, kampa kat\u0131lan \u00f6\u011frencilerle bir araya gelerek d\u00fczenlenen s\u00f6yle\u015fiye kat\u0131ld\u0131.<\/span><span data-ccp-props=\"{&quot;201341983&quot;:0,&quot;335559739&quot;:160,&quot;335559740&quot;:259}\">\u00a0<\/span><\/p>\n<p style=\"text-align: justify;\"><span data-contrast=\"auto\">Kayacan, s\u00f6yle\u015fi sonras\u0131 gazetecilere yapt\u0131\u011f\u0131 a\u00e7\u0131klamada, \u00fcniversitede okuyan gen\u00e7lerle bir araya gelmekten mutluluk duydu\u011funu s\u00f6yledi.<\/span><span data-ccp-props=\"{&quot;201341983&quot;:0,&quot;335559739&quot;:160,&quot;335559740&quot;:259}\">\u00a0<\/span><\/p>\n<p style=\"text-align: justify;\"><span data-contrast=\"auto\">&#8220;Bilgi ve irfanla gelece\u011fe y\u00fcr\u00fcyoruz&#8221; slogan\u0131yla yola \u00e7\u0131kt\u0131klar\u0131n\u0131 dile getiren Kayacan, &#8220;TDV olarak yaz boyunca kamplara devam ediyoruz. \u015eu an Ankara&#8217;da &#8216;yaz\u0131mda karde\u015flik var&#8217; kamp\u0131m\u0131z devam ediyor ve in\u015fallah yine a\u011fustos ay\u0131n\u0131n ba\u015f\u0131nda \u0130stanbul&#8217;da k\u0131z \u00f6\u011frencilerimize y\u00f6nelik kamp\u0131m\u0131z olacak. K\u0131\u015f aylar\u0131ndaki yo\u011fun e\u011fitim s\u00fcre\u00e7lerinde, yaz aylar\u0131nda da hem e\u011flence hem bir sosyal ortam hem de g\u00fcncel konularla ilgili \u00e7ok farkl\u0131, verimli bir in\u015fallah ortam\u0131m\u0131z oluyor.&#8221; dedi.<\/span><span data-ccp-props=\"{&quot;201341983&quot;:0,&quot;335559739&quot;:160,&quot;335559740&quot;:259}\">\u00a0<\/span><\/p>\n<p style=\"text-align: justify;\"><span data-contrast=\"auto\">Kampa kat\u0131lan \u00f6\u011frencilerin ilahiyat, t\u0131p, hukuk fak\u00fcltesi gibi b\u00f6l\u00fcmlerde \u00f6\u011frenim g\u00f6rd\u00fcklerini bildiren Kayacan, &#8220;Bu imkan i\u00e7in de Gen\u00e7lik ve Spor Bakanl\u0131\u011f\u0131m\u0131za da \u00e7ok te\u015fekk\u00fcr ediyoruz. \u0130n\u015fallah kazas\u0131z, kedersiz g\u00fczel bir s\u00fcreci ge\u00e7irmeyi niyaz ediyoruz.&#8221; dedi.<\/span><span data-ccp-props=\"{&quot;201341983&quot;:0,&quot;335559739&quot;:160,&quot;335559740&quot;:259}\">\u00a0<\/span><\/p>\n<p style=\"text-align: justify;\"><span data-contrast=\"auto\"><a href=\"https:\/\/gsb.gov.tr\/\" target=\"_blank\" rel=\"noopener\">Gen\u00e7lik ve Spor Bakanl\u0131\u011f\u0131<\/a> ve <a href=\"https:\/\/tdv.org\/tr-TR\/\" target=\"_blank\" rel=\"noopener\">TDV&#8217;nin<\/a> d\u00fczenledi\u011fi yaz kamp\u0131 19 Temmuz&#8217;a kadar s\u00fcrecek.<\/span><span data-ccp-props=\"{&quot;201341983&quot;:0,&quot;335559739&quot;:160,&quot;335559740&quot;:259}\">\u00a0<\/span><\/p>\n\n\t\t<style type=\"text\/css\">\n\t\t\t#gallery-1 {\n\t\t\t\tmargin: auto;\n\t\t\t}\n\t\t\t#gallery-1 .gallery-item {\n\t\t\t\tfloat: left;\n\t\t\t\tmargin-top: 10px;\n\t\t\t\ttext-align: center;\n\t\t\t\twidth: 33%;\n\t\t\t}\n\t\t\t#gallery-1 img {\n\t\t\t\tborder: 2px solid #cfcfcf;\n\t\t\t}\n\t\t\t#gallery-1 .gallery-caption {\n\t\t\t\tmargin-left: 0;\n\t\t\t}\n\t\t\t\/* see gallery_shortcode() in wp-includes\/media.php *\/\n\t\t<\/style>\n\t\t<div id='gallery-1' class='gallery galleryid-43835 gallery-columns-3 gallery-size-full'><dl class='gallery-item'>\n\t\t\t<dt class='gallery-icon landscape'>\n\t\t\t\t<a href='https:\/\/tdv.org\/tr-TR\/wp-content\/uploads\/2024\/07\/AA-20240717-35168170-35168161-SAMSUNDAKI_TDV_YAZ_KAMPINA_25_FARKLI_ULKEDEN_111_OGRENCI_KATILDI.jpg'><img decoding=\"async\" width=\"1152\" height=\"768\" src=\"https:\/\/tdv.org\/tr-TR\/wp-content\/uploads\/2024\/07\/AA-20240717-35168170-35168161-SAMSUNDAKI_TDV_YAZ_KAMPINA_25_FARKLI_ULKEDEN_111_OGRENCI_KATILDI.jpg\" class=\"attachment-full size-full\" alt=\"\" srcset=\"https:\/\/tdv.org\/tr-TR\/wp-content\/uploads\/2024\/07\/AA-20240717-35168170-35168161-SAMSUNDAKI_TDV_YAZ_KAMPINA_25_FARKLI_ULKEDEN_111_OGRENCI_KATILDI.jpg 1152w, https:\/\/tdv.org\/tr-TR\/wp-content\/uploads\/2024\/07\/AA-20240717-35168170-35168161-SAMSUNDAKI_TDV_YAZ_KAMPINA_25_FARKLI_ULKEDEN_111_OGRENCI_KATILDI-300x200.jpg 300w, https:\/\/tdv.org\/tr-TR\/wp-content\/uploads\/2024\/07\/AA-20240717-35168170-35168161-SAMSUNDAKI_TDV_YAZ_KAMPINA_25_FARKLI_ULKEDEN_111_OGRENCI_KATILDI-1024x683.jpg 1024w, https:\/\/tdv.org\/tr-TR\/wp-content\/uploads\/2024\/07\/AA-20240717-35168170-35168161-SAMSUNDAKI_TDV_YAZ_KAMPINA_25_FARKLI_ULKEDEN_111_OGRENCI_KATILDI-768x512.jpg 768w, https:\/\/tdv.org\/tr-TR\/wp-content\/uploads\/2024\/07\/AA-20240717-35168170-35168161-SAMSUNDAKI_TDV_YAZ_KAMPINA_25_FARKLI_ULKEDEN_111_OGRENCI_KATILDI-900x600.jpg 900w\" sizes=\"(max-width: 1152px) 100vw, 1152px\" \/><\/a>\n\t\t\t<\/dt><\/dl><dl class='gallery-item'>\n\t\t\t<dt class='gallery-icon landscape'>\n\t\t\t\t<a href='https:\/\/tdv.org\/tr-TR\/wp-content\/uploads\/2024\/07\/AA-20240717-35168170-35168167-SAMSUNDAKI_TDV_YAZ_KAMPINA_25_FARKLI_ULKEDEN_111_OGRENCI_KATILDI.jpg'><img decoding=\"async\" width=\"1152\" height=\"768\" src=\"https:\/\/tdv.org\/tr-TR\/wp-content\/uploads\/2024\/07\/AA-20240717-35168170-35168167-SAMSUNDAKI_TDV_YAZ_KAMPINA_25_FARKLI_ULKEDEN_111_OGRENCI_KATILDI.jpg\" class=\"attachment-full size-full\" alt=\"\" srcset=\"https:\/\/tdv.org\/tr-TR\/wp-content\/uploads\/2024\/07\/AA-20240717-35168170-35168167-SAMSUNDAKI_TDV_YAZ_KAMPINA_25_FARKLI_ULKEDEN_111_OGRENCI_KATILDI.jpg 1152w, https:\/\/tdv.org\/tr-TR\/wp-content\/uploads\/2024\/07\/AA-20240717-35168170-35168167-SAMSUNDAKI_TDV_YAZ_KAMPINA_25_FARKLI_ULKEDEN_111_OGRENCI_KATILDI-300x200.jpg 300w, https:\/\/tdv.org\/tr-TR\/wp-content\/uploads\/2024\/07\/AA-20240717-35168170-35168167-SAMSUNDAKI_TDV_YAZ_KAMPINA_25_FARKLI_ULKEDEN_111_OGRENCI_KATILDI-1024x683.jpg 1024w, https:\/\/tdv.org\/tr-TR\/wp-content\/uploads\/2024\/07\/AA-20240717-35168170-35168167-SAMSUNDAKI_TDV_YAZ_KAMPINA_25_FARKLI_ULKEDEN_111_OGRENCI_KATILDI-768x512.jpg 768w, https:\/\/tdv.org\/tr-TR\/wp-content\/uploads\/2024\/07\/AA-20240717-35168170-35168167-SAMSUNDAKI_TDV_YAZ_KAMPINA_25_FARKLI_ULKEDEN_111_OGRENCI_KATILDI-900x600.jpg 900w\" sizes=\"(max-width: 1152px) 100vw, 1152px\" \/><\/a>\n\t\t\t<\/dt><\/dl><dl class='gallery-item'>\n\t\t\t<dt class='gallery-icon landscape'>\n\t\t\t\t<a href='https:\/\/tdv.org\/tr-TR\/wp-content\/uploads\/2024\/07\/AA-20240717-35168170-35168162-SAMSUNDAKI_TDV_YAZ_KAMPINA_25_FARKLI_ULKEDEN_111_OGRENCI_KATILDI.jpg'><img decoding=\"async\" width=\"1152\" height=\"768\" src=\"https:\/\/tdv.org\/tr-TR\/wp-content\/uploads\/2024\/07\/AA-20240717-35168170-35168162-SAMSUNDAKI_TDV_YAZ_KAMPINA_25_FARKLI_ULKEDEN_111_OGRENCI_KATILDI.jpg\" class=\"attachment-full size-full\" alt=\"\" srcset=\"https:\/\/tdv.org\/tr-TR\/wp-content\/uploads\/2024\/07\/AA-20240717-35168170-35168162-SAMSUNDAKI_TDV_YAZ_KAMPINA_25_FARKLI_ULKEDEN_111_OGRENCI_KATILDI.jpg 1152w, https:\/\/tdv.org\/tr-TR\/wp-content\/uploads\/2024\/07\/AA-20240717-35168170-35168162-SAMSUNDAKI_TDV_YAZ_KAMPINA_25_FARKLI_ULKEDEN_111_OGRENCI_KATILDI-300x200.jpg 300w, https:\/\/tdv.org\/tr-TR\/wp-content\/uploads\/2024\/07\/AA-20240717-35168170-35168162-SAMSUNDAKI_TDV_YAZ_KAMPINA_25_FARKLI_ULKEDEN_111_OGRENCI_KATILDI-1024x683.jpg 1024w, https:\/\/tdv.org\/tr-TR\/wp-content\/uploads\/2024\/07\/AA-20240717-35168170-35168162-SAMSUNDAKI_TDV_YAZ_KAMPINA_25_FARKLI_ULKEDEN_111_OGRENCI_KATILDI-768x512.jpg 768w, https:\/\/tdv.org\/tr-TR\/wp-content\/uploads\/2024\/07\/AA-20240717-35168170-35168162-SAMSUNDAKI_TDV_YAZ_KAMPINA_25_FARKLI_ULKEDEN_111_OGRENCI_KATILDI-900x600.jpg 900w\" sizes=\"(max-width: 1152px) 100vw, 1152px\" \/><\/a>\n\t\t\t<\/dt><\/dl><br style=\"clear: both\" \/><dl class='gallery-item'>\n\t\t\t<dt class='gallery-icon landscape'>\n\t\t\t\t<a href='https:\/\/tdv.org\/tr-TR\/wp-content\/uploads\/2024\/07\/AA-20240717-35168170-35168166-SAMSUNDAKI_TDV_YAZ_KAMPINA_25_FARKLI_ULKEDEN_111_OGRENCI_KATILDI.jpg'><img decoding=\"async\" width=\"1152\" height=\"768\" src=\"https:\/\/tdv.org\/tr-TR\/wp-content\/uploads\/2024\/07\/AA-20240717-35168170-35168166-SAMSUNDAKI_TDV_YAZ_KAMPINA_25_FARKLI_ULKEDEN_111_OGRENCI_KATILDI.jpg\" class=\"attachment-full size-full\" alt=\"\" srcset=\"https:\/\/tdv.org\/tr-TR\/wp-content\/uploads\/2024\/07\/AA-20240717-35168170-35168166-SAMSUNDAKI_TDV_YAZ_KAMPINA_25_FARKLI_ULKEDEN_111_OGRENCI_KATILDI.jpg 1152w, https:\/\/tdv.org\/tr-TR\/wp-content\/uploads\/2024\/07\/AA-20240717-35168170-35168166-SAMSUNDAKI_TDV_YAZ_KAMPINA_25_FARKLI_ULKEDEN_111_OGRENCI_KATILDI-300x200.jpg 300w, https:\/\/tdv.org\/tr-TR\/wp-content\/uploads\/2024\/07\/AA-20240717-35168170-35168166-SAMSUNDAKI_TDV_YAZ_KAMPINA_25_FARKLI_ULKEDEN_111_OGRENCI_KATILDI-1024x683.jpg 1024w, https:\/\/tdv.org\/tr-TR\/wp-content\/uploads\/2024\/07\/AA-20240717-35168170-35168166-SAMSUNDAKI_TDV_YAZ_KAMPINA_25_FARKLI_ULKEDEN_111_OGRENCI_KATILDI-768x512.jpg 768w, https:\/\/tdv.org\/tr-TR\/wp-content\/uploads\/2024\/07\/AA-20240717-35168170-35168166-SAMSUNDAKI_TDV_YAZ_KAMPINA_25_FARKLI_ULKEDEN_111_OGRENCI_KATILDI-900x600.jpg 900w\" sizes=\"(max-width: 1152px) 100vw, 1152px\" \/><\/a>\n\t\t\t<\/dt><\/dl><dl class='gallery-item'>\n\t\t\t<dt class='gallery-icon landscape'>\n\t\t\t\t<a href='https:\/\/tdv.org\/tr-TR\/wp-content\/uploads\/2024\/07\/AW248988_03.jpg'><img decoding=\"async\" width=\"1152\" height=\"768\" src=\"https:\/\/tdv.org\/tr-TR\/wp-content\/uploads\/2024\/07\/AW248988_03.jpg\" class=\"attachment-full size-full\" alt=\"\" srcset=\"https:\/\/tdv.org\/tr-TR\/wp-content\/uploads\/2024\/07\/AW248988_03.jpg 1152w, https:\/\/tdv.org\/tr-TR\/wp-content\/uploads\/2024\/07\/AW248988_03-300x200.jpg 300w, https:\/\/tdv.org\/tr-TR\/wp-content\/uploads\/2024\/07\/AW248988_03-1024x683.jpg 1024w, https:\/\/tdv.org\/tr-TR\/wp-content\/uploads\/2024\/07\/AW248988_03-768x512.jpg 768w, https:\/\/tdv.org\/tr-TR\/wp-content\/uploads\/2024\/07\/AW248988_03-900x600.jpg 900w\" sizes=\"(max-width: 1152px) 100vw, 1152px\" \/><\/a>\n\t\t\t<\/dt><\/dl><dl class='gallery-item'>\n\t\t\t<dt class='gallery-icon landscape'>\n\t\t\t\t<a href='https:\/\/tdv.org\/tr-TR\/wp-content\/uploads\/2024\/07\/AA-20240717-35168170-35168160-SAMSUNDAKI_TDV_YAZ_KAMPINA_25_FARKLI_ULKEDEN_111_OGRENCI_KATILDI.jpg'><img decoding=\"async\" width=\"997\" height=\"768\" src=\"https:\/\/tdv.org\/tr-TR\/wp-content\/uploads\/2024\/07\/AA-20240717-35168170-35168160-SAMSUNDAKI_TDV_YAZ_KAMPINA_25_FARKLI_ULKEDEN_111_OGRENCI_KATILDI.jpg\" class=\"attachment-full size-full\" alt=\"\" srcset=\"https:\/\/tdv.org\/tr-TR\/wp-content\/uploads\/2024\/07\/AA-20240717-35168170-35168160-SAMSUNDAKI_TDV_YAZ_KAMPINA_25_FARKLI_ULKEDEN_111_OGRENCI_KATILDI.jpg 997w, https:\/\/tdv.org\/tr-TR\/wp-content\/uploads\/2024\/07\/AA-20240717-35168170-35168160-SAMSUNDAKI_TDV_YAZ_KAMPINA_25_FARKLI_ULKEDEN_111_OGRENCI_KATILDI-300x231.jpg 300w, https:\/\/tdv.org\/tr-TR\/wp-content\/uploads\/2024\/07\/AA-20240717-35168170-35168160-SAMSUNDAKI_TDV_YAZ_KAMPINA_25_FARKLI_ULKEDEN_111_OGRENCI_KATILDI-768x592.jpg 768w\" sizes=\"(max-width: 997px) 100vw, 997px\" \/><\/a>\n\t\t\t<\/dt><\/dl><br style=\"clear: both\" \/><dl class='gallery-item'>\n\t\t\t<dt class='gallery-icon landscape'>\n\t\t\t\t<a href='https:\/\/tdv.org\/tr-TR\/wp-content\/uploads\/2024\/07\/AA-20240717-35168170-35168169-SAMSUNDAKI_TDV_YAZ_KAMPINA_25_FARKLI_ULKEDEN_111_OGRENCI_KATILDI.jpg'><img decoding=\"async\" width=\"1152\" height=\"768\" src=\"https:\/\/tdv.org\/tr-TR\/wp-content\/uploads\/2024\/07\/AA-20240717-35168170-35168169-SAMSUNDAKI_TDV_YAZ_KAMPINA_25_FARKLI_ULKEDEN_111_OGRENCI_KATILDI.jpg\" class=\"attachment-full size-full\" alt=\"\" srcset=\"https:\/\/tdv.org\/tr-TR\/wp-content\/uploads\/2024\/07\/AA-20240717-35168170-35168169-SAMSUNDAKI_TDV_YAZ_KAMPINA_25_FARKLI_ULKEDEN_111_OGRENCI_KATILDI.jpg 1152w, https:\/\/tdv.org\/tr-TR\/wp-content\/uploads\/2024\/07\/AA-20240717-35168170-35168169-SAMSUNDAKI_TDV_YAZ_KAMPINA_25_FARKLI_ULKEDEN_111_OGRENCI_KATILDI-300x200.jpg 300w, https:\/\/tdv.org\/tr-TR\/wp-content\/uploads\/2024\/07\/AA-20240717-35168170-35168169-SAMSUNDAKI_TDV_YAZ_KAMPINA_25_FARKLI_ULKEDEN_111_OGRENCI_KATILDI-1024x683.jpg 1024w, https:\/\/tdv.org\/tr-TR\/wp-content\/uploads\/2024\/07\/AA-20240717-35168170-35168169-SAMSUNDAKI_TDV_YAZ_KAMPINA_25_FARKLI_ULKEDEN_111_OGRENCI_KATILDI-768x512.jpg 768w, https:\/\/tdv.org\/tr-TR\/wp-content\/uploads\/2024\/07\/AA-20240717-35168170-35168169-SAMSUNDAKI_TDV_YAZ_KAMPINA_25_FARKLI_ULKEDEN_111_OGRENCI_KATILDI-900x600.jpg 900w\" sizes=\"(max-width: 1152px) 100vw, 1152px\" \/><\/a>\n\t\t\t<\/dt><\/dl><dl class='gallery-item'>\n\t\t\t<dt class='gallery-icon landscape'>\n\t\t\t\t<a href='https:\/\/tdv.org\/tr-TR\/wp-content\/uploads\/2024\/07\/AA-20240717-35168170-35168163-SAMSUNDAKI_TDV_YAZ_KAMPINA_25_FARKLI_ULKEDEN_111_OGRENCI_KATILDI.jpg'><img decoding=\"async\" width=\"1364\" height=\"768\" src=\"https:\/\/tdv.org\/tr-TR\/wp-content\/uploads\/2024\/07\/AA-20240717-35168170-35168163-SAMSUNDAKI_TDV_YAZ_KAMPINA_25_FARKLI_ULKEDEN_111_OGRENCI_KATILDI.jpg\" class=\"attachment-full size-full\" alt=\"\" srcset=\"https:\/\/tdv.org\/tr-TR\/wp-content\/uploads\/2024\/07\/AA-20240717-35168170-35168163-SAMSUNDAKI_TDV_YAZ_KAMPINA_25_FARKLI_ULKEDEN_111_OGRENCI_KATILDI.jpg 1364w, https:\/\/tdv.org\/tr-TR\/wp-content\/uploads\/2024\/07\/AA-20240717-35168170-35168163-SAMSUNDAKI_TDV_YAZ_KAMPINA_25_FARKLI_ULKEDEN_111_OGRENCI_KATILDI-300x169.jpg 300w, https:\/\/tdv.org\/tr-TR\/wp-content\/uploads\/2024\/07\/AA-20240717-35168170-35168163-SAMSUNDAKI_TDV_YAZ_KAMPINA_25_FARKLI_ULKEDEN_111_OGRENCI_KATILDI-1024x577.jpg 1024w, https:\/\/tdv.org\/tr-TR\/wp-content\/uploads\/2024\/07\/AA-20240717-35168170-35168163-SAMSUNDAKI_TDV_YAZ_KAMPINA_25_FARKLI_ULKEDEN_111_OGRENCI_KATILDI-768x432.jpg 768w\" sizes=\"(max-width: 1364px) 100vw, 1364px\" \/><\/a>\n\t\t\t<\/dt><\/dl><dl class='gallery-item'>\n\t\t\t<dt class='gallery-icon landscape'>\n\t\t\t\t<a href='https:\/\/tdv.org\/tr-TR\/wp-content\/uploads\/2024\/07\/AA-20240717-35168170-35168165-SAMSUNDAKI_TDV_YAZ_KAMPINA_25_FARKLI_ULKEDEN_111_OGRENCI_KATILDI.jpg'><img decoding=\"async\" width=\"1221\" height=\"768\" src=\"https:\/\/tdv.org\/tr-TR\/wp-content\/uploads\/2024\/07\/AA-20240717-35168170-35168165-SAMSUNDAKI_TDV_YAZ_KAMPINA_25_FARKLI_ULKEDEN_111_OGRENCI_KATILDI.jpg\" class=\"attachment-full size-full\" alt=\"\" srcset=\"https:\/\/tdv.org\/tr-TR\/wp-content\/uploads\/2024\/07\/AA-20240717-35168170-35168165-SAMSUNDAKI_TDV_YAZ_KAMPINA_25_FARKLI_ULKEDEN_111_OGRENCI_KATILDI.jpg 1221w, https:\/\/tdv.org\/tr-TR\/wp-content\/uploads\/2024\/07\/AA-20240717-35168170-35168165-SAMSUNDAKI_TDV_YAZ_KAMPINA_25_FARKLI_ULKEDEN_111_OGRENCI_KATILDI-300x189.jpg 300w, https:\/\/tdv.org\/tr-TR\/wp-content\/uploads\/2024\/07\/AA-20240717-35168170-35168165-SAMSUNDAKI_TDV_YAZ_KAMPINA_25_FARKLI_ULKEDEN_111_OGRENCI_KATILDI-1024x644.jpg 1024w, https:\/\/tdv.org\/tr-TR\/wp-content\/uploads\/2024\/07\/AA-20240717-35168170-35168165-SAMSUNDAKI_TDV_YAZ_KAMPINA_25_FARKLI_ULKEDEN_111_OGRENCI_KATILDI-768x483.jpg 768w\" sizes=\"(max-width: 1221px) 100vw, 1221px\" \/><\/a>\n\t\t\t<\/dt><\/dl><br style=\"clear: both\" \/><dl class='gallery-item'>\n\t\t\t<dt class='gallery-icon landscape'>\n\t\t\t\t<a href='https:\/\/tdv.org\/tr-TR\/wp-content\/uploads\/2024\/07\/AA-20240717-35168170-35168164-SAMSUNDAKI_TDV_YAZ_KAMPINA_25_FARKLI_ULKEDEN_111_OGRENCI_KATILDI.jpg'><img decoding=\"async\" width=\"1031\" height=\"768\" src=\"https:\/\/tdv.org\/tr-TR\/wp-content\/uploads\/2024\/07\/AA-20240717-35168170-35168164-SAMSUNDAKI_TDV_YAZ_KAMPINA_25_FARKLI_ULKEDEN_111_OGRENCI_KATILDI.jpg\" class=\"attachment-full size-full\" alt=\"\" srcset=\"https:\/\/tdv.org\/tr-TR\/wp-content\/uploads\/2024\/07\/AA-20240717-35168170-35168164-SAMSUNDAKI_TDV_YAZ_KAMPINA_25_FARKLI_ULKEDEN_111_OGRENCI_KATILDI.jpg 1031w, https:\/\/tdv.org\/tr-TR\/wp-content\/uploads\/2024\/07\/AA-20240717-35168170-35168164-SAMSUNDAKI_TDV_YAZ_KAMPINA_25_FARKLI_ULKEDEN_111_OGRENCI_KATILDI-300x223.jpg 300w, https:\/\/tdv.org\/tr-TR\/wp-content\/uploads\/2024\/07\/AA-20240717-35168170-35168164-SAMSUNDAKI_TDV_YAZ_KAMPINA_25_FARKLI_ULKEDEN_111_OGRENCI_KATILDI-1024x763.jpg 1024w, https:\/\/tdv.org\/tr-TR\/wp-content\/uploads\/2024\/07\/AA-20240717-35168170-35168164-SAMSUNDAKI_TDV_YAZ_KAMPINA_25_FARKLI_ULKEDEN_111_OGRENCI_KATILDI-768x572.jpg 768w\" sizes=\"(max-width: 1031px) 100vw, 1031px\" \/><\/a>\n\t\t\t<\/dt><\/dl><dl class='gallery-item'>\n\t\t\t<dt class='gallery-icon landscape'>\n\t\t\t\t<a href='https:\/\/tdv.org\/tr-TR\/wp-content\/uploads\/2024\/07\/AW248988_05.jpg'><img decoding=\"async\" width=\"1152\" height=\"768\" src=\"https:\/\/tdv.org\/tr-TR\/wp-content\/uploads\/2024\/07\/AW248988_05.jpg\" class=\"attachment-full size-full\" alt=\"\" srcset=\"https:\/\/tdv.org\/tr-TR\/wp-content\/uploads\/2024\/07\/AW248988_05.jpg 1152w, https:\/\/tdv.org\/tr-TR\/wp-content\/uploads\/2024\/07\/AW248988_05-300x200.jpg 300w, https:\/\/tdv.org\/tr-TR\/wp-content\/uploads\/2024\/07\/AW248988_05-1024x683.jpg 1024w, https:\/\/tdv.org\/tr-TR\/wp-content\/uploads\/2024\/07\/AW248988_05-768x512.jpg 768w, https:\/\/tdv.org\/tr-TR\/wp-content\/uploads\/2024\/07\/AW248988_05-900x600.jpg 900w\" sizes=\"(max-width: 1152px) 100vw, 1152px\" \/><\/a>\n\t\t\t<\/dt><\/dl><dl class='gallery-item'>\n\t\t\t<dt class='gallery-icon landscape'>\n\t\t\t\t<a href='https:\/\/tdv.org\/tr-TR\/wp-content\/uploads\/2024\/07\/AW248988_06.jpg'><img decoding=\"async\" width=\"1159\" height=\"768\" src=\"https:\/\/tdv.org\/tr-TR\/wp-content\/uploads\/2024\/07\/AW248988_06.jpg\" class=\"attachment-full size-full\" alt=\"\" srcset=\"https:\/\/tdv.org\/tr-TR\/wp-content\/uploads\/2024\/07\/AW248988_06.jpg 1159w, https:\/\/tdv.org\/tr-TR\/wp-content\/uploads\/2024\/07\/AW248988_06-300x199.jpg 300w, https:\/\/tdv.org\/tr-TR\/wp-content\/uploads\/2024\/07\/AW248988_06-1024x679.jpg 1024w, https:\/\/tdv.org\/tr-TR\/wp-content\/uploads\/2024\/07\/AW248988_06-768x509.jpg 768w\" sizes=\"(max-width: 1159px) 100vw, 1159px\" \/><\/a>\n\t\t\t<\/dt><\/dl><br style=\"clear: both\" \/><dl class='gallery-item'>\n\t\t\t<dt class='gallery-icon landscape'>\n\t\t\t\t<a href='https:\/\/tdv.org\/tr-TR\/wp-content\/uploads\/2024\/07\/AW248988_07.jpg'><img decoding=\"async\" width=\"1159\" height=\"768\" src=\"https:\/\/tdv.org\/tr-TR\/wp-content\/uploads\/2024\/07\/AW248988_07.jpg\" class=\"attachment-full size-full\" alt=\"\" srcset=\"https:\/\/tdv.org\/tr-TR\/wp-content\/uploads\/2024\/07\/AW248988_07.jpg 1159w, https:\/\/tdv.org\/tr-TR\/wp-content\/uploads\/2024\/07\/AW248988_07-300x199.jpg 300w, https:\/\/tdv.org\/tr-TR\/wp-content\/uploads\/2024\/07\/AW248988_07-1024x679.jpg 1024w, https:\/\/tdv.org\/tr-TR\/wp-content\/uploads\/2024\/07\/AW248988_07-768x509.jpg 768w\" sizes=\"(max-width: 1159px) 100vw, 1159px\" \/><\/a>\n\t\t\t<\/dt><\/dl>\n\t\t\t<br style='clear: both' \/>\n\t\t<\/div>\n\n","protected":false},"excerpt":{"rendered":"<p>T\u00fcrkiye Diyanet Vakf\u0131n\u0131n (TDV) Yaz Kamplar\u0131 \u00e7er\u00e7evesinde Samsun Nebiyan Do\u011fa ve \u0130zcilik Kamp Alan\u0131&#8217;nda ger\u00e7ekle\u015ftirece\u011fi kampa 25 \u00fclkeden \u00f6\u011frenci kat\u0131ld\u0131.\u00a0 Gen\u00e7lik ve Spor Bakanl\u0131\u011f\u0131na ait, 19 May\u0131s il\u00e7esi Nebiyan Yaylas\u0131&#8217;nda&#8230;<\/p>\n","protected":false},"author":8,"featured_media":43840,"comment_status":"closed","ping_status":"closed","sticky":false,"template":"","format":"standard","meta":{"footnotes":""},"categories":[1],"tags":[2295,1359,2296,575,1875,194],"class_list":{"0":"post-43835","1":"post","2":"type-post","3":"status-publish","4":"format-standard","5":"has-post-thumbnail","7":"category-haberler","8":"tag-fatih-kayacan","9":"tag-genclik-ve-gonulluluk-kampi","10":"tag-genclik-ve-spor-bakanligi","11":"tag-tdv-yariyil-kampi","12":"tag-yaz-kampi","13":"tag-yazimda-kardeslik-var"},"yoast_head":"<!-- This site is optimized with the Yoast SEO plugin v27.5 - https:\/\/yoast.com\/product\/yoast-seo-wordpress\/ -->\n<title>Samsun&#039;daki TDV yaz kamp\u0131na 25 farkl\u0131 \u00fclkeden 111 \u00f6\u011frenci kat\u0131ld\u0131<\/title>\n<meta name=\"description\" content=\"T\u00fcrkiye Diyanet Vakf\u0131n\u0131n (TDV) Yaz Kamplar\u0131 \u00e7er\u00e7evesinde Samsun Nebiyan Do\u011fa ve \u0130zcilik Kamp Alan\u0131&#039;nda ger\u00e7ekle\u015ftirece\u011fi kampa 25 \u00fclkeden \u00f6\u011frenci kat\u0131ld\u0131.\u00a0\" \/>\n<meta name=\"robots\" content=\"index, follow, max-snippet:-1, max-image-preview:large, max-video-preview:-1\" \/>\n<link rel=\"canonical\" href=\"https:\/\/tdv.org\/tr-TR\/samsundaki-tdv-yaz-kampina-25-farkli-ulkeden-111-ogrenci-katildi\/\" \/>\n<meta property=\"og:locale\" content=\"tr_TR\" \/>\n<meta property=\"og:type\" content=\"article\" \/>\n<meta property=\"og:title\" content=\"Samsun&#039;daki TDV yaz kamp\u0131na 25 farkl\u0131 \u00fclkeden 111 \u00f6\u011frenci kat\u0131ld\u0131\" \/>\n<meta property=\"og:description\" content=\"T\u00fcrkiye Diyanet Vakf\u0131n\u0131n (TDV) Yaz Kamplar\u0131 \u00e7er\u00e7evesinde Samsun Nebiyan Do\u011fa ve \u0130zcilik Kamp Alan\u0131&#039;nda ger\u00e7ekle\u015ftirece\u011fi kampa 25 \u00fclkeden \u00f6\u011frenci kat\u0131ld\u0131.\u00a0\" \/>\n<meta property=\"og:url\" content=\"https:\/\/tdv.org\/tr-TR\/samsundaki-tdv-yaz-kampina-25-farkli-ulkeden-111-ogrenci-katildi\/\" \/>\n<meta property=\"og:site_name\" content=\"T\u00fcrkiye Diyanet Vakf\u0131 Resmi Web Sitesi\" \/>\n<meta property=\"article:publisher\" content=\"https:\/\/www.facebook.com\/Diyanetvakfi\/\" \/>\n<meta property=\"article:published_time\" content=\"2024-07-18T06:12:23+00:00\" \/>\n<meta property=\"article:modified_time\" content=\"2024-07-18T06:15:16+00:00\" \/>\n<meta property=\"og:image\" content=\"https:\/\/tdv.org\/tr-TR\/wp-content\/uploads\/2024\/07\/AA-20240717-35168170-35168164-SAMSUNDAKI_TDV_YAZ_KAMPINA_25_FARKLI_ULKEDEN_111_OGRENCI_KATILDI.jpg\" \/>\n\t<meta property=\"og:image:width\" content=\"1031\" \/>\n\t<meta property=\"og:image:height\" content=\"768\" \/>\n\t<meta property=\"og:image:type\" content=\"image\/jpeg\" \/>\n<meta name=\"author\" content=\"Selim\" \/>\n<meta name=\"twitter:card\" content=\"summary_large_image\" \/>\n<meta name=\"twitter:creator\" content=\"@DiyanetVakfi\" \/>\n<meta name=\"twitter:site\" content=\"@DiyanetVakfi\" \/>\n<script type=\"application\/ld+json\" class=\"yoast-schema-graph\">{\"@context\":\"https:\\\/\\\/schema.org\",\"@graph\":[{\"@type\":\"Article\",\"@id\":\"https:\\\/\\\/tdv.org\\\/tr-TR\\\/samsundaki-tdv-yaz-kampina-25-farkli-ulkeden-111-ogrenci-katildi\\\/#article\",\"isPartOf\":{\"@id\":\"https:\\\/\\\/tdv.org\\\/tr-TR\\\/samsundaki-tdv-yaz-kampina-25-farkli-ulkeden-111-ogrenci-katildi\\\/\"},\"author\":{\"name\":\"Selim\",\"@id\":\"https:\\\/\\\/tdv.org\\\/tr-TR\\\/#\\\/schema\\\/person\\\/752b55e264a99273d55636516d96d5eb\"},\"headline\":\"Samsun&#8217;daki TDV yaz kamp\u0131na 25 farkl\u0131 \u00fclkeden 111 \u00f6\u011frenci kat\u0131ld\u0131\",\"datePublished\":\"2024-07-18T06:12:23+00:00\",\"dateModified\":\"2024-07-18T06:15:16+00:00\",\"mainEntityOfPage\":{\"@id\":\"https:\\\/\\\/tdv.org\\\/tr-TR\\\/samsundaki-tdv-yaz-kampina-25-farkli-ulkeden-111-ogrenci-katildi\\\/\"},\"wordCount\":319,\"publisher\":{\"@id\":\"https:\\\/\\\/tdv.org\\\/tr-TR\\\/#organization\"},\"image\":{\"@id\":\"https:\\\/\\\/tdv.org\\\/tr-TR\\\/samsundaki-tdv-yaz-kampina-25-farkli-ulkeden-111-ogrenci-katildi\\\/#primaryimage\"},\"thumbnailUrl\":\"https:\\\/\\\/tdv.org\\\/tr-TR\\\/wp-content\\\/uploads\\\/2024\\\/07\\\/AA-20240717-35168170-35168164-SAMSUNDAKI_TDV_YAZ_KAMPINA_25_FARKLI_ULKEDEN_111_OGRENCI_KATILDI.jpg\",\"keywords\":[\"fatih kayacan\",\"Gen\u00e7lik ve G\u00f6n\u00fcll\u00fcl\u00fck Kamp\u0131\",\"gen\u00e7lik ve spor bakanl\u0131\u011f\u0131\",\"TDV Yar\u0131y\u0131l Kamp\u0131\",\"yaz kamp\u0131\",\"Yaz\u0131mda Karde\u015flik Var\"],\"articleSection\":[\"Haberler\"],\"inLanguage\":\"tr\"},{\"@type\":\"WebPage\",\"@id\":\"https:\\\/\\\/tdv.org\\\/tr-TR\\\/samsundaki-tdv-yaz-kampina-25-farkli-ulkeden-111-ogrenci-katildi\\\/\",\"url\":\"https:\\\/\\\/tdv.org\\\/tr-TR\\\/samsundaki-tdv-yaz-kampina-25-farkli-ulkeden-111-ogrenci-katildi\\\/\",\"name\":\"Samsun'daki TDV yaz kamp\u0131na 25 farkl\u0131 \u00fclkeden 111 \u00f6\u011frenci kat\u0131ld\u0131\",\"isPartOf\":{\"@id\":\"https:\\\/\\\/tdv.org\\\/tr-TR\\\/#website\"},\"primaryImageOfPage\":{\"@id\":\"https:\\\/\\\/tdv.org\\\/tr-TR\\\/samsundaki-tdv-yaz-kampina-25-farkli-ulkeden-111-ogrenci-katildi\\\/#primaryimage\"},\"image\":{\"@id\":\"https:\\\/\\\/tdv.org\\\/tr-TR\\\/samsundaki-tdv-yaz-kampina-25-farkli-ulkeden-111-ogrenci-katildi\\\/#primaryimage\"},\"thumbnailUrl\":\"https:\\\/\\\/tdv.org\\\/tr-TR\\\/wp-content\\\/uploads\\\/2024\\\/07\\\/AA-20240717-35168170-35168164-SAMSUNDAKI_TDV_YAZ_KAMPINA_25_FARKLI_ULKEDEN_111_OGRENCI_KATILDI.jpg\",\"datePublished\":\"2024-07-18T06:12:23+00:00\",\"dateModified\":\"2024-07-18T06:15:16+00:00\",\"description\":\"T\u00fcrkiye Diyanet Vakf\u0131n\u0131n (TDV) Yaz Kamplar\u0131 \u00e7er\u00e7evesinde Samsun Nebiyan Do\u011fa ve \u0130zcilik Kamp Alan\u0131'nda ger\u00e7ekle\u015ftirece\u011fi kampa 25 \u00fclkeden \u00f6\u011frenci kat\u0131ld\u0131.\u00a0\",\"breadcrumb\":{\"@id\":\"https:\\\/\\\/tdv.org\\\/tr-TR\\\/samsundaki-tdv-yaz-kampina-25-farkli-ulkeden-111-ogrenci-katildi\\\/#breadcrumb\"},\"inLanguage\":\"tr\",\"potentialAction\":[{\"@type\":\"ReadAction\",\"target\":[\"https:\\\/\\\/tdv.org\\\/tr-TR\\\/samsundaki-tdv-yaz-kampina-25-farkli-ulkeden-111-ogrenci-katildi\\\/\"]}]},{\"@type\":\"ImageObject\",\"inLanguage\":\"tr\",\"@id\":\"https:\\\/\\\/tdv.org\\\/tr-TR\\\/samsundaki-tdv-yaz-kampina-25-farkli-ulkeden-111-ogrenci-katildi\\\/#primaryimage\",\"url\":\"https:\\\/\\\/tdv.org\\\/tr-TR\\\/wp-content\\\/uploads\\\/2024\\\/07\\\/AA-20240717-35168170-35168164-SAMSUNDAKI_TDV_YAZ_KAMPINA_25_FARKLI_ULKEDEN_111_OGRENCI_KATILDI.jpg\",\"contentUrl\":\"https:\\\/\\\/tdv.org\\\/tr-TR\\\/wp-content\\\/uploads\\\/2024\\\/07\\\/AA-20240717-35168170-35168164-SAMSUNDAKI_TDV_YAZ_KAMPINA_25_FARKLI_ULKEDEN_111_OGRENCI_KATILDI.jpg\",\"width\":1031,\"height\":768},{\"@type\":\"BreadcrumbList\",\"@id\":\"https:\\\/\\\/tdv.org\\\/tr-TR\\\/samsundaki-tdv-yaz-kampina-25-farkli-ulkeden-111-ogrenci-katildi\\\/#breadcrumb\",\"itemListElement\":[{\"@type\":\"ListItem\",\"position\":1,\"name\":\"Anasayfa\",\"item\":\"https:\\\/\\\/tdv.org\\\/tr-TR\\\/\"},{\"@type\":\"ListItem\",\"position\":2,\"name\":\"Samsun&#8217;daki TDV yaz kamp\u0131na 25 farkl\u0131 \u00fclkeden 111 \u00f6\u011frenci kat\u0131ld\u0131\"}]},{\"@type\":\"WebSite\",\"@id\":\"https:\\\/\\\/tdv.org\\\/tr-TR\\\/#website\",\"url\":\"https:\\\/\\\/tdv.org\\\/tr-TR\\\/\",\"name\":\"T\u00fcrkiye Diyanet Vakf\u0131 Resmi Web Sitesi\",\"description\":\"Yery\u00fcz\u00fcnde iyilik egemen oluncaya kadar\",\"publisher\":{\"@id\":\"https:\\\/\\\/tdv.org\\\/tr-TR\\\/#organization\"},\"alternateName\":\"T\u00fcrkiye Diyanet Vakf\u0131\",\"potentialAction\":[{\"@type\":\"SearchAction\",\"target\":{\"@type\":\"EntryPoint\",\"urlTemplate\":\"https:\\\/\\\/tdv.org\\\/tr-TR\\\/?s={search_term_string}\"},\"query-input\":{\"@type\":\"PropertyValueSpecification\",\"valueRequired\":true,\"valueName\":\"search_term_string\"}}],\"inLanguage\":\"tr\"},{\"@type\":\"Organization\",\"@id\":\"https:\\\/\\\/tdv.org\\\/tr-TR\\\/#organization\",\"name\":\"T\u00fcrkiye Diyanet Vakf\u0131\",\"alternateName\":\"T\u00fcrkiye Diyanet Vakf\u0131\",\"url\":\"https:\\\/\\\/tdv.org\\\/tr-TR\\\/\",\"logo\":{\"@type\":\"ImageObject\",\"inLanguage\":\"tr\",\"@id\":\"https:\\\/\\\/tdv.org\\\/tr-TR\\\/#\\\/schema\\\/logo\\\/image\\\/\",\"url\":\"https:\\\/\\\/tdv.org\\\/tr-TR\\\/wp-content\\\/uploads\\\/2018\\\/12\\\/TDV_Logo_1.png\",\"contentUrl\":\"https:\\\/\\\/tdv.org\\\/tr-TR\\\/wp-content\\\/uploads\\\/2018\\\/12\\\/TDV_Logo_1.png\",\"width\":207,\"height\":71,\"caption\":\"T\u00fcrkiye Diyanet Vakf\u0131\"},\"image\":{\"@id\":\"https:\\\/\\\/tdv.org\\\/tr-TR\\\/#\\\/schema\\\/logo\\\/image\\\/\"},\"sameAs\":[\"https:\\\/\\\/www.facebook.com\\\/Diyanetvakfi\\\/\",\"https:\\\/\\\/x.com\\\/DiyanetVakfi\",\"https:\\\/\\\/www.instagram.com\\\/turkiyediyanetvakfi\\\/\",\"https:\\\/\\\/www.youtube.com\\\/user\\\/TurkiyeDiyanetVakfi\"]},{\"@type\":\"Person\",\"@id\":\"https:\\\/\\\/tdv.org\\\/tr-TR\\\/#\\\/schema\\\/person\\\/752b55e264a99273d55636516d96d5eb\",\"name\":\"Selim\",\"image\":{\"@type\":\"ImageObject\",\"inLanguage\":\"tr\",\"@id\":\"https:\\\/\\\/tdv.org\\\/tr-TR\\\/wp-content\\\/litespeed\\\/avatar\\\/a1e47b25396e98e5b781e88a5396cd96.jpg?ver=1777287391\",\"url\":\"https:\\\/\\\/tdv.org\\\/tr-TR\\\/wp-content\\\/litespeed\\\/avatar\\\/a1e47b25396e98e5b781e88a5396cd96.jpg?ver=1777287391\",\"contentUrl\":\"https:\\\/\\\/tdv.org\\\/tr-TR\\\/wp-content\\\/litespeed\\\/avatar\\\/a1e47b25396e98e5b781e88a5396cd96.jpg?ver=1777287391\",\"caption\":\"Selim\"}}]}<\/script>\n<!-- \/ Yoast SEO plugin. -->","yoast_head_json":{"title":"Samsun'daki TDV yaz kamp\u0131na 25 farkl\u0131 \u00fclkeden 111 \u00f6\u011frenci kat\u0131ld\u0131","description":"T\u00fcrkiye Diyanet Vakf\u0131n\u0131n (TDV) Yaz Kamplar\u0131 \u00e7er\u00e7evesinde Samsun Nebiyan Do\u011fa ve \u0130zcilik Kamp Alan\u0131'nda ger\u00e7ekle\u015ftirece\u011fi kampa 25 \u00fclkeden \u00f6\u011frenci kat\u0131ld\u0131.\u00a0","robots":{"index":"index","follow":"follow","max-snippet":"max-snippet:-1","max-image-preview":"max-image-preview:large","max-video-preview":"max-video-preview:-1"},"canonical":"https:\/\/tdv.org\/tr-TR\/samsundaki-tdv-yaz-kampina-25-farkli-ulkeden-111-ogrenci-katildi\/","og_locale":"tr_TR","og_type":"article","og_title":"Samsun'daki TDV yaz kamp\u0131na 25 farkl\u0131 \u00fclkeden 111 \u00f6\u011frenci kat\u0131ld\u0131","og_description":"T\u00fcrkiye Diyanet Vakf\u0131n\u0131n (TDV) Yaz Kamplar\u0131 \u00e7er\u00e7evesinde Samsun Nebiyan Do\u011fa ve \u0130zcilik Kamp Alan\u0131'nda ger\u00e7ekle\u015ftirece\u011fi kampa 25 \u00fclkeden \u00f6\u011frenci kat\u0131ld\u0131.\u00a0","og_url":"https:\/\/tdv.org\/tr-TR\/samsundaki-tdv-yaz-kampina-25-farkli-ulkeden-111-ogrenci-katildi\/","og_site_name":"T\u00fcrkiye Diyanet Vakf\u0131 Resmi Web Sitesi","article_publisher":"https:\/\/www.facebook.com\/Diyanetvakfi\/","article_published_time":"2024-07-18T06:12:23+00:00","article_modified_time":"2024-07-18T06:15:16+00:00","og_image":[{"width":1031,"height":768,"url":"https:\/\/tdv.org\/tr-TR\/wp-content\/uploads\/2024\/07\/AA-20240717-35168170-35168164-SAMSUNDAKI_TDV_YAZ_KAMPINA_25_FARKLI_ULKEDEN_111_OGRENCI_KATILDI.jpg","type":"image\/jpeg"}],"author":"Selim","twitter_card":"summary_large_image","twitter_creator":"@DiyanetVakfi","twitter_site":"@DiyanetVakfi","schema":{"@context":"https:\/\/schema.org","@graph":[{"@type":"Article","@id":"https:\/\/tdv.org\/tr-TR\/samsundaki-tdv-yaz-kampina-25-farkli-ulkeden-111-ogrenci-katildi\/#article","isPartOf":{"@id":"https:\/\/tdv.org\/tr-TR\/samsundaki-tdv-yaz-kampina-25-farkli-ulkeden-111-ogrenci-katildi\/"},"author":{"name":"Selim","@id":"https:\/\/tdv.org\/tr-TR\/#\/schema\/person\/752b55e264a99273d55636516d96d5eb"},"headline":"Samsun&#8217;daki TDV yaz kamp\u0131na 25 farkl\u0131 \u00fclkeden 111 \u00f6\u011frenci kat\u0131ld\u0131","datePublished":"2024-07-18T06:12:23+00:00","dateModified":"2024-07-18T06:15:16+00:00","mainEntityOfPage":{"@id":"https:\/\/tdv.org\/tr-TR\/samsundaki-tdv-yaz-kampina-25-farkli-ulkeden-111-ogrenci-katildi\/"},"wordCount":319,"publisher":{"@id":"https:\/\/tdv.org\/tr-TR\/#organization"},"image":{"@id":"https:\/\/tdv.org\/tr-TR\/samsundaki-tdv-yaz-kampina-25-farkli-ulkeden-111-ogrenci-katildi\/#primaryimage"},"thumbnailUrl":"https:\/\/tdv.org\/tr-TR\/wp-content\/uploads\/2024\/07\/AA-20240717-35168170-35168164-SAMSUNDAKI_TDV_YAZ_KAMPINA_25_FARKLI_ULKEDEN_111_OGRENCI_KATILDI.jpg","keywords":["fatih kayacan","Gen\u00e7lik ve G\u00f6n\u00fcll\u00fcl\u00fck Kamp\u0131","gen\u00e7lik ve spor bakanl\u0131\u011f\u0131","TDV Yar\u0131y\u0131l Kamp\u0131","yaz kamp\u0131","Yaz\u0131mda Karde\u015flik Var"],"articleSection":["Haberler"],"inLanguage":"tr"},{"@type":"WebPage","@id":"https:\/\/tdv.org\/tr-TR\/samsundaki-tdv-yaz-kampina-25-farkli-ulkeden-111-ogrenci-katildi\/","url":"https:\/\/tdv.org\/tr-TR\/samsundaki-tdv-yaz-kampina-25-farkli-ulkeden-111-ogrenci-katildi\/","name":"Samsun'daki TDV yaz kamp\u0131na 25 farkl\u0131 \u00fclkeden 111 \u00f6\u011frenci kat\u0131ld\u0131","isPartOf":{"@id":"https:\/\/tdv.org\/tr-TR\/#website"},"primaryImageOfPage":{"@id":"https:\/\/tdv.org\/tr-TR\/samsundaki-tdv-yaz-kampina-25-farkli-ulkeden-111-ogrenci-katildi\/#primaryimage"},"image":{"@id":"https:\/\/tdv.org\/tr-TR\/samsundaki-tdv-yaz-kampina-25-farkli-ulkeden-111-ogrenci-katildi\/#primaryimage"},"thumbnailUrl":"https:\/\/tdv.org\/tr-TR\/wp-content\/uploads\/2024\/07\/AA-20240717-35168170-35168164-SAMSUNDAKI_TDV_YAZ_KAMPINA_25_FARKLI_ULKEDEN_111_OGRENCI_KATILDI.jpg","datePublished":"2024-07-18T06:12:23+00:00","dateModified":"2024-07-18T06:15:16+00:00","description":"T\u00fcrkiye Diyanet Vakf\u0131n\u0131n (TDV) Yaz Kamplar\u0131 \u00e7er\u00e7evesinde Samsun Nebiyan Do\u011fa ve \u0130zcilik Kamp Alan\u0131'nda ger\u00e7ekle\u015ftirece\u011fi kampa 25 \u00fclkeden \u00f6\u011frenci kat\u0131ld\u0131.\u00a0","breadcrumb":{"@id":"https:\/\/tdv.org\/tr-TR\/samsundaki-tdv-yaz-kampina-25-farkli-ulkeden-111-ogrenci-katildi\/#breadcrumb"},"inLanguage":"tr","potentialAction":[{"@type":"ReadAction","target":["https:\/\/tdv.org\/tr-TR\/samsundaki-tdv-yaz-kampina-25-farkli-ulkeden-111-ogrenci-katildi\/"]}]},{"@type":"ImageObject","inLanguage":"tr","@id":"https:\/\/tdv.org\/tr-TR\/samsundaki-tdv-yaz-kampina-25-farkli-ulkeden-111-ogrenci-katildi\/#primaryimage","url":"https:\/\/tdv.org\/tr-TR\/wp-content\/uploads\/2024\/07\/AA-20240717-35168170-35168164-SAMSUNDAKI_TDV_YAZ_KAMPINA_25_FARKLI_ULKEDEN_111_OGRENCI_KATILDI.jpg","contentUrl":"https:\/\/tdv.org\/tr-TR\/wp-content\/uploads\/2024\/07\/AA-20240717-35168170-35168164-SAMSUNDAKI_TDV_YAZ_KAMPINA_25_FARKLI_ULKEDEN_111_OGRENCI_KATILDI.jpg","width":1031,"height":768},{"@type":"BreadcrumbList","@id":"https:\/\/tdv.org\/tr-TR\/samsundaki-tdv-yaz-kampina-25-farkli-ulkeden-111-ogrenci-katildi\/#breadcrumb","itemListElement":[{"@type":"ListItem","position":1,"name":"Anasayfa","item":"https:\/\/tdv.org\/tr-TR\/"},{"@type":"ListItem","position":2,"name":"Samsun&#8217;daki TDV yaz kamp\u0131na 25 farkl\u0131 \u00fclkeden 111 \u00f6\u011frenci kat\u0131ld\u0131"}]},{"@type":"WebSite","@id":"https:\/\/tdv.org\/tr-TR\/#website","url":"https:\/\/tdv.org\/tr-TR\/","name":"T\u00fcrkiye Diyanet Vakf\u0131 Resmi Web Sitesi","description":"Yery\u00fcz\u00fcnde iyilik egemen oluncaya kadar","publisher":{"@id":"https:\/\/tdv.org\/tr-TR\/#organization"},"alternateName":"T\u00fcrkiye Diyanet Vakf\u0131","potentialAction":[{"@type":"SearchAction","target":{"@type":"EntryPoint","urlTemplate":"https:\/\/tdv.org\/tr-TR\/?s={search_term_string}"},"query-input":{"@type":"PropertyValueSpecification","valueRequired":true,"valueName":"search_term_string"}}],"inLanguage":"tr"},{"@type":"Organization","@id":"https:\/\/tdv.org\/tr-TR\/#organization","name":"T\u00fcrkiye Diyanet Vakf\u0131","alternateName":"T\u00fcrkiye Diyanet Vakf\u0131","url":"https:\/\/tdv.org\/tr-TR\/","logo":{"@type":"ImageObject","inLanguage":"tr","@id":"https:\/\/tdv.org\/tr-TR\/#\/schema\/logo\/image\/","url":"https:\/\/tdv.org\/tr-TR\/wp-content\/uploads\/2018\/12\/TDV_Logo_1.png","contentUrl":"https:\/\/tdv.org\/tr-TR\/wp-content\/uploads\/2018\/12\/TDV_Logo_1.png","width":207,"height":71,"caption":"T\u00fcrkiye Diyanet Vakf\u0131"},"image":{"@id":"https:\/\/tdv.org\/tr-TR\/#\/schema\/logo\/image\/"},"sameAs":["https:\/\/www.facebook.com\/Diyanetvakfi\/","https:\/\/x.com\/DiyanetVakfi","https:\/\/www.instagram.com\/turkiyediyanetvakfi\/","https:\/\/www.youtube.com\/user\/TurkiyeDiyanetVakfi"]},{"@type":"Person","@id":"https:\/\/tdv.org\/tr-TR\/#\/schema\/person\/752b55e264a99273d55636516d96d5eb","name":"Selim","image":{"@type":"ImageObject","inLanguage":"tr","@id":"https:\/\/tdv.org\/tr-TR\/wp-content\/litespeed\/avatar\/a1e47b25396e98e5b781e88a5396cd96.jpg?ver=1777287391","url":"https:\/\/tdv.org\/tr-TR\/wp-content\/litespeed\/avatar\/a1e47b25396e98e5b781e88a5396cd96.jpg?ver=1777287391","contentUrl":"https:\/\/tdv.org\/tr-TR\/wp-content\/litespeed\/avatar\/a1e47b25396e98e5b781e88a5396cd96.jpg?ver=1777287391","caption":"Selim"}}]}},"_links":{"self":[{"href":"https:\/\/tdv.org\/tr-TR\/wp-json\/wp\/v2\/posts\/43835","targetHints":{"allow":["GET"]}}],"collection":[{"href":"https:\/\/tdv.org\/tr-TR\/wp-json\/wp\/v2\/posts"}],"about":[{"href":"https:\/\/tdv.org\/tr-TR\/wp-json\/wp\/v2\/types\/post"}],"author":[{"embeddable":true,"href":"https:\/\/tdv.org\/tr-TR\/wp-json\/wp\/v2\/users\/8"}],"replies":[{"embeddable":true,"href":"https:\/\/tdv.org\/tr-TR\/wp-json\/wp\/v2\/comments?post=43835"}],"version-history":[{"count":3,"href":"https:\/\/tdv.org\/tr-TR\/wp-json\/wp\/v2\/posts\/43835\/revisions"}],"predecessor-version":[{"id":43855,"href":"https:\/\/tdv.org\/tr-TR\/wp-json\/wp\/v2\/posts\/43835\/revisions\/43855"}],"wp:featuredmedia":[{"embeddable":true,"href":"https:\/\/tdv.org\/tr-TR\/wp-json\/wp\/v2\/media\/43840"}],"wp:attachment":[{"href":"https:\/\/tdv.org\/tr-TR\/wp-json\/wp\/v2\/media?parent=43835"}],"wp:term":[{"taxonomy":"category","embeddable":true,"href":"https:\/\/tdv.org\/tr-TR\/wp-json\/wp\/v2\/categories?post=43835"},{"taxonomy":"post_tag","embeddable":true,"href":"https:\/\/tdv.org\/tr-TR\/wp-json\/wp\/v2\/tags?post=43835"}],"curies":[{"name":"wp","href":"https:\/\/api.w.org\/{rel}","templated":true}]}}