{"id":43986,"date":"2024-07-21T21:06:38","date_gmt":"2024-07-21T18:06:38","guid":{"rendered":"https:\/\/tdv.org\/tr-TR\/?p=43986"},"modified":"2024-07-22T09:08:45","modified_gmt":"2024-07-22T06:08:45","slug":"inancini-tarihini-nesillerine-aktaramayan-toplumlar-geleceklerinden-emin-olamaz","status":"publish","type":"post","link":"https:\/\/tdv.org\/tr-TR\/inancini-tarihini-nesillerine-aktaramayan-toplumlar-geleceklerinden-emin-olamaz\/","title":{"rendered":"\u201c\u0130nanc\u0131n\u0131, tarihini nesillerine aktaramayan toplumlar geleceklerinden emin olamaz\u201d"},"content":{"rendered":"<p class=\"text-justify\" style=\"text-align: justify;\"><a href=\"https:\/\/tdv.org\/tr-TR\/kurumsal\/prof-dr-ali-erbas\/\" target=\"_blank\" rel=\"noopener\">Diyanet \u0130\u015fleri Ba\u015fkan\u0131 ve TDV M\u00fctevelli Heyeti Ba\u015fkan\u0131 Prof. Dr. Ali Erba\u015f<\/a> \u201c\u0130nanc\u0131n\u0131, tarihini ve k\u00fclt\u00fcrel de\u011ferlerini nesillerine aktaramayan toplumlar geleceklerinden emin olamazlar.\u201d dedi.<\/p>\n<div style=\"text-align: justify;\">\n<p>Diyanet \u0130\u015fleri Ba\u015fkanl\u0131\u011f\u0131 ve T\u00fcrkiye Diyanet Vakf\u0131 taraf\u0131ndan d\u00fczenlenen ve T\u00fcrkiye\u2019nin 11 farkl\u0131 ilinden 500 gencin a\u011f\u0131rland\u0131\u011f\u0131 \u201c2024 Yaz\u0131mda Karde\u015flik Var\u201d temal\u0131 yaz kamp\u0131 kapan\u0131\u015f program\u0131 Ankara\u2019da yap\u0131ld\u0131.<\/p>\n<p>T\u00fcrkiye Diyanet Vakf\u0131 Konferans Salonu\u2019ndaki programda konu\u015fan Ba\u015fkan Erba\u015f, \u201cYaz\u0131mda Karde\u015flik Var\u201d projesinin geri d\u00f6n\u00fc\u015f\u00fcmlerinin \u00f6nemine i\u015faret ederek, \u201cBizler de gen\u00e7lerimizin y\u00fcreklerine dokunabilmekten, hayatlar\u0131nda g\u00fczel izler ve hat\u0131ralar b\u0131rakabilmekten b\u00fcy\u00fck bir memnuniyet duyuyoruz. Her y\u0131l oldu\u011fu gibi bu y\u0131l da projemizi gen\u00e7lerimizin, yavrular\u0131m\u0131z\u0131n yetenek, ilgi ve ya\u015f \u00f6zelliklerini dikkate alan bir yakla\u015f\u0131mla hayata ge\u00e7irdik.\u201d dedi.<\/p>\n<p><strong>\u201cAdaleti, merhameti ve ahlak\u0131 merkezi alan bir inanc\u0131n, \u015fanl\u0131 bir tarihin \u00e7ocuklar\u0131s\u0131n\u0131z\u201d<\/strong><\/p>\n<p>Ba\u015fkan Erba\u015f, gen\u00e7lere hitap ederek, \u201cSizler b\u00fcy\u00fck ve g\u00fc\u00e7l\u00fc medeniyetimizin evlatlar\u0131s\u0131n\u0131z. Bizim medeniyetimiz sevgi, sayg\u0131, karde\u015flik, yard\u0131mla\u015fma, ilim, irfan, bilgi, hikmet medeniyetidir. \u0130\u015fte sizler b\u00f6yle g\u00fc\u00e7l\u00fc bir medeniyetin \u00e7ocuklar\u0131, mensuplar\u0131s\u0131n\u0131z. Adaleti, merhameti ve ahlak\u0131 merkezi alan bir inanc\u0131n, \u015fanl\u0131 bir tarihin \u00e7ocuklar\u0131s\u0131n\u0131z. \u0130slam medeniyeti ahlak medeniyetidir.\u201d diye konu\u015ftu.<\/p>\n<p>\u201cBen g\u00fczel ahlak\u0131 tamamlamak i\u00e7in g\u00f6nderildim.\u201d hadis-i \u015ferifini an\u0131msatarak, \u201cSizler Peygamber (s.a.s.) ahlak\u0131yla ahlaklanmay\u0131 ilke edinmi\u015f, buna niyet etmi\u015f gen\u00e7lerimizsiniz. Peygamber ahlak\u0131yla ahlaklanmak yery\u00fcz\u00fcnde bir insana nasip olabilecek en b\u00fcy\u00fck kazan\u0131md\u0131r. Zengin bir miras\u0131n varislerisiniz. Hangi inanc\u0131 temsil etti\u011finizi ve kimlerin temsilcisi oldu\u011funuzu hi\u00e7bir zaman akl\u0131n\u0131zdan \u00e7\u0131karmay\u0131n.\u201d ifadelerini kulland\u0131.<\/p>\n<p><strong>\u201c\u0130stikbalimiz gen\u00e7lerle daha g\u00fczel olacak\u201d<\/strong><\/p>\n<p>Ba\u015fkan Erba\u015f, gen\u00e7lere hitap ederek, \u015f\u00f6yle konu\u015ftu:<\/p>\n<p>\u201cSizler \u00f6\u011frendiklerinizi b\u00fcy\u00fck bir inan\u00e7 ve kararl\u0131l\u0131kla gelece\u011fe ta\u015f\u0131yacaks\u0131n\u0131z. \u0130stikbaliniz sizlerle daha g\u00fczel olacak in\u015fallah. \u00dclkemizi ve milletimizi bug\u00fcn bulundu\u011fu noktadan \u00e7ok daha ileri noktalara ta\u015f\u0131yacaks\u0131n\u0131z. Bilgi Birikiminizle her biriniz belli uzmanl\u0131k alanlar\u0131nda kendinizi geli\u015ftireceksiniz. \u0130slam, ahlak, adalet medeniyetinin gen\u00e7leri olarak bulundu\u011funuz her ortam\u0131 iyili\u011fe kavu\u015fturacaks\u0131n\u0131z, g\u00fczelle\u015ftireceksiniz.\u201d<\/p>\n<p>\u0130slam medeniyetinin bilgiye ve e\u011fitime b\u00fcy\u00fck de\u011fer verdi\u011fine dikkati \u00e7eken Ba\u015fkan Erba\u015f, \u201cAilenizden, hocalar\u0131n\u0131zdan, \u00f6\u011fretmenlerinizden ve kitaplardan \u00f6\u011frendi\u011finiz her bilgiyi insanl\u0131\u011f\u0131n hayr\u0131na kullanacaks\u0131n\u0131z. \u0130nsanl\u0131\u011f\u0131n iyili\u011fi ve hayr\u0131 i\u00e7in kullan\u0131lmayan bilginin hi\u00e7bir kimseye fayda sa\u011flamayaca\u011f\u0131n\u0131 asla akl\u0131n\u0131zdan \u00e7\u0131karmay\u0131n. Sizler in\u015fallah \u00f6mr\u00fcn\u00fcz boyunca Allah\u2019\u0131n izniyle, Peygamber Efendimizin (s.a.s.) ahlak\u0131yla ahlaklanarak, insanlara hizmet etmeye ve faydal\u0131 olmaya gayret edeceksiniz.\u201d \u015feklinde konu\u015ftu.<\/p>\n<p>Ba\u015fkan Erba\u015f, gen\u00e7lere sadece kendilerini d\u00fc\u015f\u00fcnmemesi gerekti\u011fini belirterek, \u201cMilletimizin sizden beklentileri var. Zorluklar kar\u015f\u0131s\u0131nda her zaman metanetli, sab\u0131rl\u0131 olacaks\u0131n\u0131z, asla y\u0131lmayacaks\u0131n\u0131z, \u00fcmitsizli\u011fe kap\u0131lmayacaks\u0131n\u0131z. Duygu, d\u00fc\u015f\u00fcnce ve davran\u0131\u015flar\u0131n\u0131zda her daim mutedil olacaks\u0131n\u0131z, a\u015f\u0131r\u0131l\u0131klara gitmeyeceksiniz. \u00c7al\u0131\u015fmalar\u0131n\u0131z\u0131n hedefinde milletimizin, insanl\u0131\u011f\u0131n ve b\u00fct\u00fcn varl\u0131\u011f\u0131n huzur ve g\u00fcvenini, bar\u0131\u015f ve selametini temin etme gayesi olsun. Her zaman bu u\u011furda \u00e7al\u0131\u015fan gen\u00e7ler olun.\u201d dedi.<\/p>\n<p><strong>\u201cK\u00fclt\u00fcr\u00fcn\u00fc kaybeden toplumlar kimli\u011fini de kaybeder\u201d<\/strong><\/p>\n<p>Projenin en temel amac\u0131n\u0131n gen\u00e7lerin inanc\u0131, tarihi, k\u00fclt\u00fcr ve medeniyet de\u011ferleriyle olan ba\u011flar\u0131n\u0131n g\u00fc\u00e7lenmesine katk\u0131 sunmak oldu\u011funu dile getiren Ba\u015fkan Erba\u015f, \u201c\u0130nanc\u0131n\u0131, tarihini ve k\u00fclt\u00fcrel de\u011ferlerini nesillerine aktaramayan toplumlar geleceklerinden emin olamazlar. \u0130nanc\u0131n\u0131 kaybedenler istikametini de kaybederler. K\u00fclt\u00fcr\u00fcn\u00fc kaybedenler kimli\u011fini de kaybederler. Tarihini unutanlar haf\u0131zalar\u0131n\u0131 da kaybederler.\u201d a\u00e7\u0131klamalar\u0131nda bulundu. ,<\/p>\n<p><strong>\u00d6\u011frenciler ilahiler okudu, tiyatro g\u00f6sterisi sergiledi<\/strong><\/p>\n<p>Programda ayr\u0131ca, kampa kat\u0131lan \u00f6\u011frencilerin Ankara\u2019daki etkinlik ve gezilerine ili\u015fkin sinevizyon g\u00f6sterimi izlenerek, \u015fiirler ve ilahiler okunurken, \u00f6\u011frenciler ve hocalar\u0131 taraf\u0131ndan haz\u0131rlanan 15 Temmuz tiyatro g\u00f6sterisi de sahnelendi.<\/p>\n<p>Programa, Diyanet \u0130\u015fleri Ba\u015fkanl\u0131\u011f\u0131 Din Hizmetleri Genel M\u00fcd\u00fcr\u00fc Dr. \u015eaban Kondi, <a href=\"https:\/\/tdv.org\/tr-TR\/kurumsal\/izani-turan\/\" target=\"_blank\" rel=\"noopener\">T\u00fcrkiye Diyanet Vakf\u0131 Genel M\u00fcd\u00fcr\u00fc \u0130zani Turan,<\/a> Ankara \u0130l M\u00fcft\u00fcs\u00fc Hasan \u00c7\u0131nar ve Konya \u0130l M\u00fcft\u00fcs\u00fc Prof. Dr. Ali \u00d6ge de kat\u0131ld\u0131.<\/p>\n\n\t\t<style type=\"text\/css\">\n\t\t\t#gallery-1 {\n\t\t\t\tmargin: auto;\n\t\t\t}\n\t\t\t#gallery-1 .gallery-item {\n\t\t\t\tfloat: left;\n\t\t\t\tmargin-top: 10px;\n\t\t\t\ttext-align: center;\n\t\t\t\twidth: 33%;\n\t\t\t}\n\t\t\t#gallery-1 img {\n\t\t\t\tborder: 2px solid #cfcfcf;\n\t\t\t}\n\t\t\t#gallery-1 .gallery-caption {\n\t\t\t\tmargin-left: 0;\n\t\t\t}\n\t\t\t\/* see gallery_shortcode() in wp-includes\/media.php *\/\n\t\t<\/style>\n\t\t<div id='gallery-1' class='gallery galleryid-43986 gallery-columns-3 gallery-size-full'><dl class='gallery-item'>\n\t\t\t<dt class='gallery-icon landscape'>\n\t\t\t\t<a href='https:\/\/tdv.org\/tr-TR\/wp-content\/uploads\/2024\/07\/c179f9f6-0a78-4e58-9475-d0d86bbd1b73_1_1200x800.jpg'><img decoding=\"async\" width=\"1200\" height=\"800\" src=\"https:\/\/tdv.org\/tr-TR\/wp-content\/uploads\/2024\/07\/c179f9f6-0a78-4e58-9475-d0d86bbd1b73_1_1200x800.jpg\" class=\"attachment-full size-full\" alt=\"\" srcset=\"https:\/\/tdv.org\/tr-TR\/wp-content\/uploads\/2024\/07\/c179f9f6-0a78-4e58-9475-d0d86bbd1b73_1_1200x800.jpg 1200w, https:\/\/tdv.org\/tr-TR\/wp-content\/uploads\/2024\/07\/c179f9f6-0a78-4e58-9475-d0d86bbd1b73_1_1200x800-300x200.jpg 300w, https:\/\/tdv.org\/tr-TR\/wp-content\/uploads\/2024\/07\/c179f9f6-0a78-4e58-9475-d0d86bbd1b73_1_1200x800-1024x683.jpg 1024w, https:\/\/tdv.org\/tr-TR\/wp-content\/uploads\/2024\/07\/c179f9f6-0a78-4e58-9475-d0d86bbd1b73_1_1200x800-768x512.jpg 768w, https:\/\/tdv.org\/tr-TR\/wp-content\/uploads\/2024\/07\/c179f9f6-0a78-4e58-9475-d0d86bbd1b73_1_1200x800-900x600.jpg 900w\" sizes=\"(max-width: 1200px) 100vw, 1200px\" \/><\/a>\n\t\t\t<\/dt><\/dl><dl class='gallery-item'>\n\t\t\t<dt class='gallery-icon landscape'>\n\t\t\t\t<a href='https:\/\/tdv.org\/tr-TR\/wp-content\/uploads\/2024\/07\/70241167-6d5f-48f1-b7e8-5ab2e1daa3bb_1_1200x800.jpg'><img decoding=\"async\" width=\"1200\" height=\"800\" src=\"https:\/\/tdv.org\/tr-TR\/wp-content\/uploads\/2024\/07\/70241167-6d5f-48f1-b7e8-5ab2e1daa3bb_1_1200x800.jpg\" class=\"attachment-full size-full\" alt=\"\" srcset=\"https:\/\/tdv.org\/tr-TR\/wp-content\/uploads\/2024\/07\/70241167-6d5f-48f1-b7e8-5ab2e1daa3bb_1_1200x800.jpg 1200w, https:\/\/tdv.org\/tr-TR\/wp-content\/uploads\/2024\/07\/70241167-6d5f-48f1-b7e8-5ab2e1daa3bb_1_1200x800-300x200.jpg 300w, https:\/\/tdv.org\/tr-TR\/wp-content\/uploads\/2024\/07\/70241167-6d5f-48f1-b7e8-5ab2e1daa3bb_1_1200x800-1024x683.jpg 1024w, https:\/\/tdv.org\/tr-TR\/wp-content\/uploads\/2024\/07\/70241167-6d5f-48f1-b7e8-5ab2e1daa3bb_1_1200x800-768x512.jpg 768w, https:\/\/tdv.org\/tr-TR\/wp-content\/uploads\/2024\/07\/70241167-6d5f-48f1-b7e8-5ab2e1daa3bb_1_1200x800-900x600.jpg 900w\" sizes=\"(max-width: 1200px) 100vw, 1200px\" \/><\/a>\n\t\t\t<\/dt><\/dl><dl class='gallery-item'>\n\t\t\t<dt class='gallery-icon landscape'>\n\t\t\t\t<a href='https:\/\/tdv.org\/tr-TR\/wp-content\/uploads\/2024\/07\/16ed5799-6211-456d-8dff-0c024f9036b5_1_1200x800.jpg'><img decoding=\"async\" width=\"1200\" height=\"800\" src=\"https:\/\/tdv.org\/tr-TR\/wp-content\/uploads\/2024\/07\/16ed5799-6211-456d-8dff-0c024f9036b5_1_1200x800.jpg\" class=\"attachment-full size-full\" alt=\"\" srcset=\"https:\/\/tdv.org\/tr-TR\/wp-content\/uploads\/2024\/07\/16ed5799-6211-456d-8dff-0c024f9036b5_1_1200x800.jpg 1200w, https:\/\/tdv.org\/tr-TR\/wp-content\/uploads\/2024\/07\/16ed5799-6211-456d-8dff-0c024f9036b5_1_1200x800-300x200.jpg 300w, https:\/\/tdv.org\/tr-TR\/wp-content\/uploads\/2024\/07\/16ed5799-6211-456d-8dff-0c024f9036b5_1_1200x800-1024x683.jpg 1024w, https:\/\/tdv.org\/tr-TR\/wp-content\/uploads\/2024\/07\/16ed5799-6211-456d-8dff-0c024f9036b5_1_1200x800-768x512.jpg 768w, https:\/\/tdv.org\/tr-TR\/wp-content\/uploads\/2024\/07\/16ed5799-6211-456d-8dff-0c024f9036b5_1_1200x800-900x600.jpg 900w\" sizes=\"(max-width: 1200px) 100vw, 1200px\" \/><\/a>\n\t\t\t<\/dt><\/dl><br style=\"clear: both\" \/><dl class='gallery-item'>\n\t\t\t<dt class='gallery-icon landscape'>\n\t\t\t\t<a href='https:\/\/tdv.org\/tr-TR\/wp-content\/uploads\/2024\/07\/d29e4a08-a02f-43a7-a0fd-26e7c41e60d6_1_1200x800.jpg'><img decoding=\"async\" width=\"1200\" height=\"800\" src=\"https:\/\/tdv.org\/tr-TR\/wp-content\/uploads\/2024\/07\/d29e4a08-a02f-43a7-a0fd-26e7c41e60d6_1_1200x800.jpg\" class=\"attachment-full size-full\" alt=\"\" srcset=\"https:\/\/tdv.org\/tr-TR\/wp-content\/uploads\/2024\/07\/d29e4a08-a02f-43a7-a0fd-26e7c41e60d6_1_1200x800.jpg 1200w, https:\/\/tdv.org\/tr-TR\/wp-content\/uploads\/2024\/07\/d29e4a08-a02f-43a7-a0fd-26e7c41e60d6_1_1200x800-300x200.jpg 300w, https:\/\/tdv.org\/tr-TR\/wp-content\/uploads\/2024\/07\/d29e4a08-a02f-43a7-a0fd-26e7c41e60d6_1_1200x800-1024x683.jpg 1024w, https:\/\/tdv.org\/tr-TR\/wp-content\/uploads\/2024\/07\/d29e4a08-a02f-43a7-a0fd-26e7c41e60d6_1_1200x800-768x512.jpg 768w, https:\/\/tdv.org\/tr-TR\/wp-content\/uploads\/2024\/07\/d29e4a08-a02f-43a7-a0fd-26e7c41e60d6_1_1200x800-900x600.jpg 900w\" sizes=\"(max-width: 1200px) 100vw, 1200px\" \/><\/a>\n\t\t\t<\/dt><\/dl><dl class='gallery-item'>\n\t\t\t<dt class='gallery-icon landscape'>\n\t\t\t\t<a href='https:\/\/tdv.org\/tr-TR\/wp-content\/uploads\/2024\/07\/cde7642b-3030-4cfc-af80-5dda658f037a_1_1200x800.jpg'><img decoding=\"async\" width=\"1200\" height=\"800\" src=\"https:\/\/tdv.org\/tr-TR\/wp-content\/uploads\/2024\/07\/cde7642b-3030-4cfc-af80-5dda658f037a_1_1200x800.jpg\" class=\"attachment-full size-full\" alt=\"\" srcset=\"https:\/\/tdv.org\/tr-TR\/wp-content\/uploads\/2024\/07\/cde7642b-3030-4cfc-af80-5dda658f037a_1_1200x800.jpg 1200w, https:\/\/tdv.org\/tr-TR\/wp-content\/uploads\/2024\/07\/cde7642b-3030-4cfc-af80-5dda658f037a_1_1200x800-300x200.jpg 300w, https:\/\/tdv.org\/tr-TR\/wp-content\/uploads\/2024\/07\/cde7642b-3030-4cfc-af80-5dda658f037a_1_1200x800-1024x683.jpg 1024w, https:\/\/tdv.org\/tr-TR\/wp-content\/uploads\/2024\/07\/cde7642b-3030-4cfc-af80-5dda658f037a_1_1200x800-768x512.jpg 768w, https:\/\/tdv.org\/tr-TR\/wp-content\/uploads\/2024\/07\/cde7642b-3030-4cfc-af80-5dda658f037a_1_1200x800-900x600.jpg 900w\" sizes=\"(max-width: 1200px) 100vw, 1200px\" \/><\/a>\n\t\t\t<\/dt><\/dl><dl class='gallery-item'>\n\t\t\t<dt class='gallery-icon landscape'>\n\t\t\t\t<a href='https:\/\/tdv.org\/tr-TR\/wp-content\/uploads\/2024\/07\/1041d022-a972-4517-83fe-b3f59bf8bdd7_1_1200x800.jpg'><img decoding=\"async\" width=\"1200\" height=\"800\" src=\"https:\/\/tdv.org\/tr-TR\/wp-content\/uploads\/2024\/07\/1041d022-a972-4517-83fe-b3f59bf8bdd7_1_1200x800.jpg\" class=\"attachment-full size-full\" alt=\"\" srcset=\"https:\/\/tdv.org\/tr-TR\/wp-content\/uploads\/2024\/07\/1041d022-a972-4517-83fe-b3f59bf8bdd7_1_1200x800.jpg 1200w, https:\/\/tdv.org\/tr-TR\/wp-content\/uploads\/2024\/07\/1041d022-a972-4517-83fe-b3f59bf8bdd7_1_1200x800-300x200.jpg 300w, https:\/\/tdv.org\/tr-TR\/wp-content\/uploads\/2024\/07\/1041d022-a972-4517-83fe-b3f59bf8bdd7_1_1200x800-1024x683.jpg 1024w, https:\/\/tdv.org\/tr-TR\/wp-content\/uploads\/2024\/07\/1041d022-a972-4517-83fe-b3f59bf8bdd7_1_1200x800-768x512.jpg 768w, https:\/\/tdv.org\/tr-TR\/wp-content\/uploads\/2024\/07\/1041d022-a972-4517-83fe-b3f59bf8bdd7_1_1200x800-900x600.jpg 900w\" sizes=\"(max-width: 1200px) 100vw, 1200px\" \/><\/a>\n\t\t\t<\/dt><\/dl><br style=\"clear: both\" \/><dl class='gallery-item'>\n\t\t\t<dt class='gallery-icon landscape'>\n\t\t\t\t<a href='https:\/\/tdv.org\/tr-TR\/wp-content\/uploads\/2024\/07\/ff9c6678-9c2e-4865-b675-a1f36c428410_1_1200x800.jpg'><img decoding=\"async\" width=\"1200\" height=\"800\" src=\"https:\/\/tdv.org\/tr-TR\/wp-content\/uploads\/2024\/07\/ff9c6678-9c2e-4865-b675-a1f36c428410_1_1200x800.jpg\" class=\"attachment-full size-full\" alt=\"\" srcset=\"https:\/\/tdv.org\/tr-TR\/wp-content\/uploads\/2024\/07\/ff9c6678-9c2e-4865-b675-a1f36c428410_1_1200x800.jpg 1200w, https:\/\/tdv.org\/tr-TR\/wp-content\/uploads\/2024\/07\/ff9c6678-9c2e-4865-b675-a1f36c428410_1_1200x800-300x200.jpg 300w, https:\/\/tdv.org\/tr-TR\/wp-content\/uploads\/2024\/07\/ff9c6678-9c2e-4865-b675-a1f36c428410_1_1200x800-1024x683.jpg 1024w, https:\/\/tdv.org\/tr-TR\/wp-content\/uploads\/2024\/07\/ff9c6678-9c2e-4865-b675-a1f36c428410_1_1200x800-768x512.jpg 768w, https:\/\/tdv.org\/tr-TR\/wp-content\/uploads\/2024\/07\/ff9c6678-9c2e-4865-b675-a1f36c428410_1_1200x800-900x600.jpg 900w\" sizes=\"(max-width: 1200px) 100vw, 1200px\" \/><\/a>\n\t\t\t<\/dt><\/dl><dl class='gallery-item'>\n\t\t\t<dt class='gallery-icon landscape'>\n\t\t\t\t<a href='https:\/\/tdv.org\/tr-TR\/wp-content\/uploads\/2024\/07\/d292e280-2b8e-459e-ac0f-509181421e01_1_1200x800.jpg'><img decoding=\"async\" width=\"1200\" height=\"800\" src=\"https:\/\/tdv.org\/tr-TR\/wp-content\/uploads\/2024\/07\/d292e280-2b8e-459e-ac0f-509181421e01_1_1200x800.jpg\" class=\"attachment-full size-full\" alt=\"\" srcset=\"https:\/\/tdv.org\/tr-TR\/wp-content\/uploads\/2024\/07\/d292e280-2b8e-459e-ac0f-509181421e01_1_1200x800.jpg 1200w, https:\/\/tdv.org\/tr-TR\/wp-content\/uploads\/2024\/07\/d292e280-2b8e-459e-ac0f-509181421e01_1_1200x800-300x200.jpg 300w, https:\/\/tdv.org\/tr-TR\/wp-content\/uploads\/2024\/07\/d292e280-2b8e-459e-ac0f-509181421e01_1_1200x800-1024x683.jpg 1024w, https:\/\/tdv.org\/tr-TR\/wp-content\/uploads\/2024\/07\/d292e280-2b8e-459e-ac0f-509181421e01_1_1200x800-768x512.jpg 768w, https:\/\/tdv.org\/tr-TR\/wp-content\/uploads\/2024\/07\/d292e280-2b8e-459e-ac0f-509181421e01_1_1200x800-900x600.jpg 900w\" sizes=\"(max-width: 1200px) 100vw, 1200px\" \/><\/a>\n\t\t\t<\/dt><\/dl><dl class='gallery-item'>\n\t\t\t<dt class='gallery-icon landscape'>\n\t\t\t\t<a href='https:\/\/tdv.org\/tr-TR\/wp-content\/uploads\/2024\/07\/d4e363f1-f720-460e-8720-48f03e6c0b22_1_1200x800.jpg'><img decoding=\"async\" width=\"1200\" height=\"800\" src=\"https:\/\/tdv.org\/tr-TR\/wp-content\/uploads\/2024\/07\/d4e363f1-f720-460e-8720-48f03e6c0b22_1_1200x800.jpg\" class=\"attachment-full size-full\" alt=\"\" srcset=\"https:\/\/tdv.org\/tr-TR\/wp-content\/uploads\/2024\/07\/d4e363f1-f720-460e-8720-48f03e6c0b22_1_1200x800.jpg 1200w, https:\/\/tdv.org\/tr-TR\/wp-content\/uploads\/2024\/07\/d4e363f1-f720-460e-8720-48f03e6c0b22_1_1200x800-300x200.jpg 300w, https:\/\/tdv.org\/tr-TR\/wp-content\/uploads\/2024\/07\/d4e363f1-f720-460e-8720-48f03e6c0b22_1_1200x800-1024x683.jpg 1024w, https:\/\/tdv.org\/tr-TR\/wp-content\/uploads\/2024\/07\/d4e363f1-f720-460e-8720-48f03e6c0b22_1_1200x800-768x512.jpg 768w, https:\/\/tdv.org\/tr-TR\/wp-content\/uploads\/2024\/07\/d4e363f1-f720-460e-8720-48f03e6c0b22_1_1200x800-900x600.jpg 900w\" sizes=\"(max-width: 1200px) 100vw, 1200px\" \/><\/a>\n\t\t\t<\/dt><\/dl><br style=\"clear: both\" \/><dl class='gallery-item'>\n\t\t\t<dt class='gallery-icon landscape'>\n\t\t\t\t<a href='https:\/\/tdv.org\/tr-TR\/wp-content\/uploads\/2024\/07\/b974467a-5f85-4cfb-9e86-35855651ebcd_1_1200x800.jpg'><img decoding=\"async\" width=\"1200\" height=\"800\" src=\"https:\/\/tdv.org\/tr-TR\/wp-content\/uploads\/2024\/07\/b974467a-5f85-4cfb-9e86-35855651ebcd_1_1200x800.jpg\" class=\"attachment-full size-full\" alt=\"\" srcset=\"https:\/\/tdv.org\/tr-TR\/wp-content\/uploads\/2024\/07\/b974467a-5f85-4cfb-9e86-35855651ebcd_1_1200x800.jpg 1200w, https:\/\/tdv.org\/tr-TR\/wp-content\/uploads\/2024\/07\/b974467a-5f85-4cfb-9e86-35855651ebcd_1_1200x800-300x200.jpg 300w, https:\/\/tdv.org\/tr-TR\/wp-content\/uploads\/2024\/07\/b974467a-5f85-4cfb-9e86-35855651ebcd_1_1200x800-1024x683.jpg 1024w, https:\/\/tdv.org\/tr-TR\/wp-content\/uploads\/2024\/07\/b974467a-5f85-4cfb-9e86-35855651ebcd_1_1200x800-768x512.jpg 768w, https:\/\/tdv.org\/tr-TR\/wp-content\/uploads\/2024\/07\/b974467a-5f85-4cfb-9e86-35855651ebcd_1_1200x800-900x600.jpg 900w\" sizes=\"(max-width: 1200px) 100vw, 1200px\" \/><\/a>\n\t\t\t<\/dt><\/dl><dl class='gallery-item'>\n\t\t\t<dt class='gallery-icon landscape'>\n\t\t\t\t<a href='https:\/\/tdv.org\/tr-TR\/wp-content\/uploads\/2024\/07\/3379e9f7-3c37-4b65-bb02-e92554fd48be_1_1200x800.jpg'><img decoding=\"async\" width=\"1200\" height=\"800\" src=\"https:\/\/tdv.org\/tr-TR\/wp-content\/uploads\/2024\/07\/3379e9f7-3c37-4b65-bb02-e92554fd48be_1_1200x800.jpg\" class=\"attachment-full size-full\" alt=\"\" srcset=\"https:\/\/tdv.org\/tr-TR\/wp-content\/uploads\/2024\/07\/3379e9f7-3c37-4b65-bb02-e92554fd48be_1_1200x800.jpg 1200w, https:\/\/tdv.org\/tr-TR\/wp-content\/uploads\/2024\/07\/3379e9f7-3c37-4b65-bb02-e92554fd48be_1_1200x800-300x200.jpg 300w, https:\/\/tdv.org\/tr-TR\/wp-content\/uploads\/2024\/07\/3379e9f7-3c37-4b65-bb02-e92554fd48be_1_1200x800-1024x683.jpg 1024w, https:\/\/tdv.org\/tr-TR\/wp-content\/uploads\/2024\/07\/3379e9f7-3c37-4b65-bb02-e92554fd48be_1_1200x800-768x512.jpg 768w, https:\/\/tdv.org\/tr-TR\/wp-content\/uploads\/2024\/07\/3379e9f7-3c37-4b65-bb02-e92554fd48be_1_1200x800-900x600.jpg 900w\" sizes=\"(max-width: 1200px) 100vw, 1200px\" \/><\/a>\n\t\t\t<\/dt><\/dl><dl class='gallery-item'>\n\t\t\t<dt class='gallery-icon landscape'>\n\t\t\t\t<a href='https:\/\/tdv.org\/tr-TR\/wp-content\/uploads\/2024\/07\/afa266a1-c765-4fd3-bdf4-e2e0b8b8e9c1_1_1200x800.jpg'><img decoding=\"async\" width=\"1200\" height=\"800\" src=\"https:\/\/tdv.org\/tr-TR\/wp-content\/uploads\/2024\/07\/afa266a1-c765-4fd3-bdf4-e2e0b8b8e9c1_1_1200x800.jpg\" class=\"attachment-full size-full\" alt=\"\" srcset=\"https:\/\/tdv.org\/tr-TR\/wp-content\/uploads\/2024\/07\/afa266a1-c765-4fd3-bdf4-e2e0b8b8e9c1_1_1200x800.jpg 1200w, https:\/\/tdv.org\/tr-TR\/wp-content\/uploads\/2024\/07\/afa266a1-c765-4fd3-bdf4-e2e0b8b8e9c1_1_1200x800-300x200.jpg 300w, https:\/\/tdv.org\/tr-TR\/wp-content\/uploads\/2024\/07\/afa266a1-c765-4fd3-bdf4-e2e0b8b8e9c1_1_1200x800-1024x683.jpg 1024w, https:\/\/tdv.org\/tr-TR\/wp-content\/uploads\/2024\/07\/afa266a1-c765-4fd3-bdf4-e2e0b8b8e9c1_1_1200x800-768x512.jpg 768w, https:\/\/tdv.org\/tr-TR\/wp-content\/uploads\/2024\/07\/afa266a1-c765-4fd3-bdf4-e2e0b8b8e9c1_1_1200x800-900x600.jpg 900w\" sizes=\"(max-width: 1200px) 100vw, 1200px\" \/><\/a>\n\t\t\t<\/dt><\/dl><br style=\"clear: both\" \/><dl class='gallery-item'>\n\t\t\t<dt class='gallery-icon landscape'>\n\t\t\t\t<a href='https:\/\/tdv.org\/tr-TR\/wp-content\/uploads\/2024\/07\/699ba6a8-92d2-4251-8bdd-380d1400bc0c_1_1200x800.jpg'><img decoding=\"async\" width=\"1200\" height=\"800\" src=\"https:\/\/tdv.org\/tr-TR\/wp-content\/uploads\/2024\/07\/699ba6a8-92d2-4251-8bdd-380d1400bc0c_1_1200x800.jpg\" class=\"attachment-full size-full\" alt=\"\" srcset=\"https:\/\/tdv.org\/tr-TR\/wp-content\/uploads\/2024\/07\/699ba6a8-92d2-4251-8bdd-380d1400bc0c_1_1200x800.jpg 1200w, https:\/\/tdv.org\/tr-TR\/wp-content\/uploads\/2024\/07\/699ba6a8-92d2-4251-8bdd-380d1400bc0c_1_1200x800-300x200.jpg 300w, https:\/\/tdv.org\/tr-TR\/wp-content\/uploads\/2024\/07\/699ba6a8-92d2-4251-8bdd-380d1400bc0c_1_1200x800-1024x683.jpg 1024w, https:\/\/tdv.org\/tr-TR\/wp-content\/uploads\/2024\/07\/699ba6a8-92d2-4251-8bdd-380d1400bc0c_1_1200x800-768x512.jpg 768w, https:\/\/tdv.org\/tr-TR\/wp-content\/uploads\/2024\/07\/699ba6a8-92d2-4251-8bdd-380d1400bc0c_1_1200x800-900x600.jpg 900w\" sizes=\"(max-width: 1200px) 100vw, 1200px\" \/><\/a>\n\t\t\t<\/dt><\/dl><dl class='gallery-item'>\n\t\t\t<dt class='gallery-icon landscape'>\n\t\t\t\t<a href='https:\/\/tdv.org\/tr-TR\/wp-content\/uploads\/2024\/07\/02757bc7-c332-4a30-b57c-4e02145f9c12_1_1200x800.jpg'><img decoding=\"async\" width=\"1200\" height=\"800\" src=\"https:\/\/tdv.org\/tr-TR\/wp-content\/uploads\/2024\/07\/02757bc7-c332-4a30-b57c-4e02145f9c12_1_1200x800.jpg\" class=\"attachment-full size-full\" alt=\"\" srcset=\"https:\/\/tdv.org\/tr-TR\/wp-content\/uploads\/2024\/07\/02757bc7-c332-4a30-b57c-4e02145f9c12_1_1200x800.jpg 1200w, https:\/\/tdv.org\/tr-TR\/wp-content\/uploads\/2024\/07\/02757bc7-c332-4a30-b57c-4e02145f9c12_1_1200x800-300x200.jpg 300w, https:\/\/tdv.org\/tr-TR\/wp-content\/uploads\/2024\/07\/02757bc7-c332-4a30-b57c-4e02145f9c12_1_1200x800-1024x683.jpg 1024w, https:\/\/tdv.org\/tr-TR\/wp-content\/uploads\/2024\/07\/02757bc7-c332-4a30-b57c-4e02145f9c12_1_1200x800-768x512.jpg 768w, https:\/\/tdv.org\/tr-TR\/wp-content\/uploads\/2024\/07\/02757bc7-c332-4a30-b57c-4e02145f9c12_1_1200x800-900x600.jpg 900w\" sizes=\"(max-width: 1200px) 100vw, 1200px\" \/><\/a>\n\t\t\t<\/dt><\/dl>\n\t\t\t<br style='clear: both' \/>\n\t\t<\/div>\n\n<\/div>\n","protected":false},"excerpt":{"rendered":"<p>Diyanet \u0130\u015fleri Ba\u015fkan\u0131 ve TDV M\u00fctevelli Heyeti Ba\u015fkan\u0131 Prof. Dr. Ali Erba\u015f \u201c\u0130nanc\u0131n\u0131, tarihini ve k\u00fclt\u00fcrel de\u011ferlerini nesillerine aktaramayan toplumlar geleceklerinden emin olamazlar.\u201d dedi. Diyanet \u0130\u015fleri Ba\u015fkanl\u0131\u011f\u0131 ve T\u00fcrkiye Diyanet&#8230;<\/p>\n","protected":false},"author":8,"featured_media":43996,"comment_status":"closed","ping_status":"closed","sticky":false,"template":"","format":"standard","meta":{"footnotes":""},"categories":[1],"tags":[596,1875,198],"class_list":{"0":"post-43986","1":"post","2":"type-post","3":"status-publish","4":"format-standard","5":"has-post-thumbnail","7":"category-haberler","8":"tag-diyanet-isleri-baskani-ve-turkiye-diyanet-vakfi-mutevelli-heyeti-baskani-prof-dr-ali-erbas","9":"tag-yaz-kampi","10":"tag-yaz-okulu"},"yoast_head":"<!-- This site is optimized with the Yoast SEO plugin v27.5 - https:\/\/yoast.com\/product\/yoast-seo-wordpress\/ -->\n<title>\u201c\u0130nanc\u0131n\u0131, tarihini nesillerine aktaramayan toplumlar geleceklerinden emin olamaz\u201d<\/title>\n<meta name=\"description\" content=\"Diyanet \u0130\u015fleri Ba\u015fkan\u0131 ve TDV M\u00fctevelli Heyeti Ba\u015fkan\u0131 Prof. Dr. Ali Erba\u015f \u201c\u0130nanc\u0131n\u0131, tarihini ve k\u00fclt\u00fcrel de\u011ferlerini nesillerine aktaramayan toplumlar geleceklerinden emin olamazlar.\u201d dedi.\" \/>\n<meta name=\"robots\" content=\"index, follow, max-snippet:-1, max-image-preview:large, max-video-preview:-1\" \/>\n<link rel=\"canonical\" href=\"https:\/\/tdv.org\/tr-TR\/inancini-tarihini-nesillerine-aktaramayan-toplumlar-geleceklerinden-emin-olamaz\/\" \/>\n<meta property=\"og:locale\" content=\"tr_TR\" \/>\n<meta property=\"og:type\" content=\"article\" \/>\n<meta property=\"og:title\" content=\"\u201c\u0130nanc\u0131n\u0131, tarihini nesillerine aktaramayan toplumlar geleceklerinden emin olamaz\u201d\" \/>\n<meta property=\"og:description\" content=\"Diyanet \u0130\u015fleri Ba\u015fkan\u0131 ve TDV M\u00fctevelli Heyeti Ba\u015fkan\u0131 Prof. Dr. Ali Erba\u015f \u201c\u0130nanc\u0131n\u0131, tarihini ve k\u00fclt\u00fcrel de\u011ferlerini nesillerine aktaramayan toplumlar geleceklerinden emin olamazlar.\u201d dedi.\" \/>\n<meta property=\"og:url\" content=\"https:\/\/tdv.org\/tr-TR\/inancini-tarihini-nesillerine-aktaramayan-toplumlar-geleceklerinden-emin-olamaz\/\" \/>\n<meta property=\"og:site_name\" content=\"T\u00fcrkiye Diyanet Vakf\u0131 Resmi Web Sitesi\" \/>\n<meta property=\"article:publisher\" content=\"https:\/\/www.facebook.com\/Diyanetvakfi\/\" \/>\n<meta property=\"article:published_time\" content=\"2024-07-21T18:06:38+00:00\" \/>\n<meta property=\"article:modified_time\" content=\"2024-07-22T06:08:45+00:00\" \/>\n<meta property=\"og:image\" content=\"https:\/\/tdv.org\/tr-TR\/wp-content\/uploads\/2024\/07\/b974467a-5f85-4cfb-9e86-35855651ebcd_1_1200x800.jpg\" \/>\n\t<meta property=\"og:image:width\" content=\"1200\" \/>\n\t<meta property=\"og:image:height\" content=\"800\" \/>\n\t<meta property=\"og:image:type\" content=\"image\/jpeg\" \/>\n<meta name=\"author\" content=\"Selim\" \/>\n<meta name=\"twitter:card\" content=\"summary_large_image\" \/>\n<meta name=\"twitter:creator\" content=\"@DiyanetVakfi\" \/>\n<meta name=\"twitter:site\" content=\"@DiyanetVakfi\" \/>\n<script type=\"application\/ld+json\" class=\"yoast-schema-graph\">{\"@context\":\"https:\\\/\\\/schema.org\",\"@graph\":[{\"@type\":\"Article\",\"@id\":\"https:\\\/\\\/tdv.org\\\/tr-TR\\\/inancini-tarihini-nesillerine-aktaramayan-toplumlar-geleceklerinden-emin-olamaz\\\/#article\",\"isPartOf\":{\"@id\":\"https:\\\/\\\/tdv.org\\\/tr-TR\\\/inancini-tarihini-nesillerine-aktaramayan-toplumlar-geleceklerinden-emin-olamaz\\\/\"},\"author\":{\"name\":\"Selim\",\"@id\":\"https:\\\/\\\/tdv.org\\\/tr-TR\\\/#\\\/schema\\\/person\\\/752b55e264a99273d55636516d96d5eb\"},\"headline\":\"\u201c\u0130nanc\u0131n\u0131, tarihini nesillerine aktaramayan toplumlar geleceklerinden emin olamaz\u201d\",\"datePublished\":\"2024-07-21T18:06:38+00:00\",\"dateModified\":\"2024-07-22T06:08:45+00:00\",\"mainEntityOfPage\":{\"@id\":\"https:\\\/\\\/tdv.org\\\/tr-TR\\\/inancini-tarihini-nesillerine-aktaramayan-toplumlar-geleceklerinden-emin-olamaz\\\/\"},\"wordCount\":763,\"publisher\":{\"@id\":\"https:\\\/\\\/tdv.org\\\/tr-TR\\\/#organization\"},\"image\":{\"@id\":\"https:\\\/\\\/tdv.org\\\/tr-TR\\\/inancini-tarihini-nesillerine-aktaramayan-toplumlar-geleceklerinden-emin-olamaz\\\/#primaryimage\"},\"thumbnailUrl\":\"https:\\\/\\\/tdv.org\\\/tr-TR\\\/wp-content\\\/uploads\\\/2024\\\/07\\\/b974467a-5f85-4cfb-9e86-35855651ebcd_1_1200x800.jpg\",\"keywords\":[\"Diyanet \u0130\u015fleri Ba\u015fkan\u0131 ve T\u00fcrkiye Diyanet Vakf\u0131 M\u00fctevelli Heyeti Ba\u015fkan\u0131 Prof. Dr. Ali Erba\u015f\",\"yaz kamp\u0131\",\"Yaz Okulu\"],\"articleSection\":[\"Haberler\"],\"inLanguage\":\"tr\"},{\"@type\":\"WebPage\",\"@id\":\"https:\\\/\\\/tdv.org\\\/tr-TR\\\/inancini-tarihini-nesillerine-aktaramayan-toplumlar-geleceklerinden-emin-olamaz\\\/\",\"url\":\"https:\\\/\\\/tdv.org\\\/tr-TR\\\/inancini-tarihini-nesillerine-aktaramayan-toplumlar-geleceklerinden-emin-olamaz\\\/\",\"name\":\"\u201c\u0130nanc\u0131n\u0131, tarihini nesillerine aktaramayan toplumlar geleceklerinden emin olamaz\u201d\",\"isPartOf\":{\"@id\":\"https:\\\/\\\/tdv.org\\\/tr-TR\\\/#website\"},\"primaryImageOfPage\":{\"@id\":\"https:\\\/\\\/tdv.org\\\/tr-TR\\\/inancini-tarihini-nesillerine-aktaramayan-toplumlar-geleceklerinden-emin-olamaz\\\/#primaryimage\"},\"image\":{\"@id\":\"https:\\\/\\\/tdv.org\\\/tr-TR\\\/inancini-tarihini-nesillerine-aktaramayan-toplumlar-geleceklerinden-emin-olamaz\\\/#primaryimage\"},\"thumbnailUrl\":\"https:\\\/\\\/tdv.org\\\/tr-TR\\\/wp-content\\\/uploads\\\/2024\\\/07\\\/b974467a-5f85-4cfb-9e86-35855651ebcd_1_1200x800.jpg\",\"datePublished\":\"2024-07-21T18:06:38+00:00\",\"dateModified\":\"2024-07-22T06:08:45+00:00\",\"description\":\"Diyanet \u0130\u015fleri Ba\u015fkan\u0131 ve TDV M\u00fctevelli Heyeti Ba\u015fkan\u0131 Prof. Dr. Ali Erba\u015f \u201c\u0130nanc\u0131n\u0131, tarihini ve k\u00fclt\u00fcrel de\u011ferlerini nesillerine aktaramayan toplumlar geleceklerinden emin olamazlar.\u201d dedi.\",\"breadcrumb\":{\"@id\":\"https:\\\/\\\/tdv.org\\\/tr-TR\\\/inancini-tarihini-nesillerine-aktaramayan-toplumlar-geleceklerinden-emin-olamaz\\\/#breadcrumb\"},\"inLanguage\":\"tr\",\"potentialAction\":[{\"@type\":\"ReadAction\",\"target\":[\"https:\\\/\\\/tdv.org\\\/tr-TR\\\/inancini-tarihini-nesillerine-aktaramayan-toplumlar-geleceklerinden-emin-olamaz\\\/\"]}]},{\"@type\":\"ImageObject\",\"inLanguage\":\"tr\",\"@id\":\"https:\\\/\\\/tdv.org\\\/tr-TR\\\/inancini-tarihini-nesillerine-aktaramayan-toplumlar-geleceklerinden-emin-olamaz\\\/#primaryimage\",\"url\":\"https:\\\/\\\/tdv.org\\\/tr-TR\\\/wp-content\\\/uploads\\\/2024\\\/07\\\/b974467a-5f85-4cfb-9e86-35855651ebcd_1_1200x800.jpg\",\"contentUrl\":\"https:\\\/\\\/tdv.org\\\/tr-TR\\\/wp-content\\\/uploads\\\/2024\\\/07\\\/b974467a-5f85-4cfb-9e86-35855651ebcd_1_1200x800.jpg\",\"width\":1200,\"height\":800},{\"@type\":\"BreadcrumbList\",\"@id\":\"https:\\\/\\\/tdv.org\\\/tr-TR\\\/inancini-tarihini-nesillerine-aktaramayan-toplumlar-geleceklerinden-emin-olamaz\\\/#breadcrumb\",\"itemListElement\":[{\"@type\":\"ListItem\",\"position\":1,\"name\":\"Anasayfa\",\"item\":\"https:\\\/\\\/tdv.org\\\/tr-TR\\\/\"},{\"@type\":\"ListItem\",\"position\":2,\"name\":\"\u201c\u0130nanc\u0131n\u0131, tarihini nesillerine aktaramayan toplumlar geleceklerinden emin olamaz\u201d\"}]},{\"@type\":\"WebSite\",\"@id\":\"https:\\\/\\\/tdv.org\\\/tr-TR\\\/#website\",\"url\":\"https:\\\/\\\/tdv.org\\\/tr-TR\\\/\",\"name\":\"T\u00fcrkiye Diyanet Vakf\u0131 Resmi Web Sitesi\",\"description\":\"Yery\u00fcz\u00fcnde iyilik egemen oluncaya kadar\",\"publisher\":{\"@id\":\"https:\\\/\\\/tdv.org\\\/tr-TR\\\/#organization\"},\"alternateName\":\"T\u00fcrkiye Diyanet Vakf\u0131\",\"potentialAction\":[{\"@type\":\"SearchAction\",\"target\":{\"@type\":\"EntryPoint\",\"urlTemplate\":\"https:\\\/\\\/tdv.org\\\/tr-TR\\\/?s={search_term_string}\"},\"query-input\":{\"@type\":\"PropertyValueSpecification\",\"valueRequired\":true,\"valueName\":\"search_term_string\"}}],\"inLanguage\":\"tr\"},{\"@type\":\"Organization\",\"@id\":\"https:\\\/\\\/tdv.org\\\/tr-TR\\\/#organization\",\"name\":\"T\u00fcrkiye Diyanet Vakf\u0131\",\"alternateName\":\"T\u00fcrkiye Diyanet Vakf\u0131\",\"url\":\"https:\\\/\\\/tdv.org\\\/tr-TR\\\/\",\"logo\":{\"@type\":\"ImageObject\",\"inLanguage\":\"tr\",\"@id\":\"https:\\\/\\\/tdv.org\\\/tr-TR\\\/#\\\/schema\\\/logo\\\/image\\\/\",\"url\":\"https:\\\/\\\/tdv.org\\\/tr-TR\\\/wp-content\\\/uploads\\\/2018\\\/12\\\/TDV_Logo_1.png\",\"contentUrl\":\"https:\\\/\\\/tdv.org\\\/tr-TR\\\/wp-content\\\/uploads\\\/2018\\\/12\\\/TDV_Logo_1.png\",\"width\":207,\"height\":71,\"caption\":\"T\u00fcrkiye Diyanet Vakf\u0131\"},\"image\":{\"@id\":\"https:\\\/\\\/tdv.org\\\/tr-TR\\\/#\\\/schema\\\/logo\\\/image\\\/\"},\"sameAs\":[\"https:\\\/\\\/www.facebook.com\\\/Diyanetvakfi\\\/\",\"https:\\\/\\\/x.com\\\/DiyanetVakfi\",\"https:\\\/\\\/www.instagram.com\\\/turkiyediyanetvakfi\\\/\",\"https:\\\/\\\/www.youtube.com\\\/user\\\/TurkiyeDiyanetVakfi\"]},{\"@type\":\"Person\",\"@id\":\"https:\\\/\\\/tdv.org\\\/tr-TR\\\/#\\\/schema\\\/person\\\/752b55e264a99273d55636516d96d5eb\",\"name\":\"Selim\",\"image\":{\"@type\":\"ImageObject\",\"inLanguage\":\"tr\",\"@id\":\"https:\\\/\\\/tdv.org\\\/tr-TR\\\/wp-content\\\/litespeed\\\/avatar\\\/a1e47b25396e98e5b781e88a5396cd96.jpg?ver=1777287391\",\"url\":\"https:\\\/\\\/tdv.org\\\/tr-TR\\\/wp-content\\\/litespeed\\\/avatar\\\/a1e47b25396e98e5b781e88a5396cd96.jpg?ver=1777287391\",\"contentUrl\":\"https:\\\/\\\/tdv.org\\\/tr-TR\\\/wp-content\\\/litespeed\\\/avatar\\\/a1e47b25396e98e5b781e88a5396cd96.jpg?ver=1777287391\",\"caption\":\"Selim\"}}]}<\/script>\n<!-- \/ Yoast SEO plugin. -->","yoast_head_json":{"title":"\u201c\u0130nanc\u0131n\u0131, tarihini nesillerine aktaramayan toplumlar geleceklerinden emin olamaz\u201d","description":"Diyanet \u0130\u015fleri Ba\u015fkan\u0131 ve TDV M\u00fctevelli Heyeti Ba\u015fkan\u0131 Prof. Dr. Ali Erba\u015f \u201c\u0130nanc\u0131n\u0131, tarihini ve k\u00fclt\u00fcrel de\u011ferlerini nesillerine aktaramayan toplumlar geleceklerinden emin olamazlar.\u201d dedi.","robots":{"index":"index","follow":"follow","max-snippet":"max-snippet:-1","max-image-preview":"max-image-preview:large","max-video-preview":"max-video-preview:-1"},"canonical":"https:\/\/tdv.org\/tr-TR\/inancini-tarihini-nesillerine-aktaramayan-toplumlar-geleceklerinden-emin-olamaz\/","og_locale":"tr_TR","og_type":"article","og_title":"\u201c\u0130nanc\u0131n\u0131, tarihini nesillerine aktaramayan toplumlar geleceklerinden emin olamaz\u201d","og_description":"Diyanet \u0130\u015fleri Ba\u015fkan\u0131 ve TDV M\u00fctevelli Heyeti Ba\u015fkan\u0131 Prof. Dr. Ali Erba\u015f \u201c\u0130nanc\u0131n\u0131, tarihini ve k\u00fclt\u00fcrel de\u011ferlerini nesillerine aktaramayan toplumlar geleceklerinden emin olamazlar.\u201d dedi.","og_url":"https:\/\/tdv.org\/tr-TR\/inancini-tarihini-nesillerine-aktaramayan-toplumlar-geleceklerinden-emin-olamaz\/","og_site_name":"T\u00fcrkiye Diyanet Vakf\u0131 Resmi Web Sitesi","article_publisher":"https:\/\/www.facebook.com\/Diyanetvakfi\/","article_published_time":"2024-07-21T18:06:38+00:00","article_modified_time":"2024-07-22T06:08:45+00:00","og_image":[{"width":1200,"height":800,"url":"https:\/\/tdv.org\/tr-TR\/wp-content\/uploads\/2024\/07\/b974467a-5f85-4cfb-9e86-35855651ebcd_1_1200x800.jpg","type":"image\/jpeg"}],"author":"Selim","twitter_card":"summary_large_image","twitter_creator":"@DiyanetVakfi","twitter_site":"@DiyanetVakfi","schema":{"@context":"https:\/\/schema.org","@graph":[{"@type":"Article","@id":"https:\/\/tdv.org\/tr-TR\/inancini-tarihini-nesillerine-aktaramayan-toplumlar-geleceklerinden-emin-olamaz\/#article","isPartOf":{"@id":"https:\/\/tdv.org\/tr-TR\/inancini-tarihini-nesillerine-aktaramayan-toplumlar-geleceklerinden-emin-olamaz\/"},"author":{"name":"Selim","@id":"https:\/\/tdv.org\/tr-TR\/#\/schema\/person\/752b55e264a99273d55636516d96d5eb"},"headline":"\u201c\u0130nanc\u0131n\u0131, tarihini nesillerine aktaramayan toplumlar geleceklerinden emin olamaz\u201d","datePublished":"2024-07-21T18:06:38+00:00","dateModified":"2024-07-22T06:08:45+00:00","mainEntityOfPage":{"@id":"https:\/\/tdv.org\/tr-TR\/inancini-tarihini-nesillerine-aktaramayan-toplumlar-geleceklerinden-emin-olamaz\/"},"wordCount":763,"publisher":{"@id":"https:\/\/tdv.org\/tr-TR\/#organization"},"image":{"@id":"https:\/\/tdv.org\/tr-TR\/inancini-tarihini-nesillerine-aktaramayan-toplumlar-geleceklerinden-emin-olamaz\/#primaryimage"},"thumbnailUrl":"https:\/\/tdv.org\/tr-TR\/wp-content\/uploads\/2024\/07\/b974467a-5f85-4cfb-9e86-35855651ebcd_1_1200x800.jpg","keywords":["Diyanet \u0130\u015fleri Ba\u015fkan\u0131 ve T\u00fcrkiye Diyanet Vakf\u0131 M\u00fctevelli Heyeti Ba\u015fkan\u0131 Prof. Dr. Ali Erba\u015f","yaz kamp\u0131","Yaz Okulu"],"articleSection":["Haberler"],"inLanguage":"tr"},{"@type":"WebPage","@id":"https:\/\/tdv.org\/tr-TR\/inancini-tarihini-nesillerine-aktaramayan-toplumlar-geleceklerinden-emin-olamaz\/","url":"https:\/\/tdv.org\/tr-TR\/inancini-tarihini-nesillerine-aktaramayan-toplumlar-geleceklerinden-emin-olamaz\/","name":"\u201c\u0130nanc\u0131n\u0131, tarihini nesillerine aktaramayan toplumlar geleceklerinden emin olamaz\u201d","isPartOf":{"@id":"https:\/\/tdv.org\/tr-TR\/#website"},"primaryImageOfPage":{"@id":"https:\/\/tdv.org\/tr-TR\/inancini-tarihini-nesillerine-aktaramayan-toplumlar-geleceklerinden-emin-olamaz\/#primaryimage"},"image":{"@id":"https:\/\/tdv.org\/tr-TR\/inancini-tarihini-nesillerine-aktaramayan-toplumlar-geleceklerinden-emin-olamaz\/#primaryimage"},"thumbnailUrl":"https:\/\/tdv.org\/tr-TR\/wp-content\/uploads\/2024\/07\/b974467a-5f85-4cfb-9e86-35855651ebcd_1_1200x800.jpg","datePublished":"2024-07-21T18:06:38+00:00","dateModified":"2024-07-22T06:08:45+00:00","description":"Diyanet \u0130\u015fleri Ba\u015fkan\u0131 ve TDV M\u00fctevelli Heyeti Ba\u015fkan\u0131 Prof. Dr. Ali Erba\u015f \u201c\u0130nanc\u0131n\u0131, tarihini ve k\u00fclt\u00fcrel de\u011ferlerini nesillerine aktaramayan toplumlar geleceklerinden emin olamazlar.\u201d dedi.","breadcrumb":{"@id":"https:\/\/tdv.org\/tr-TR\/inancini-tarihini-nesillerine-aktaramayan-toplumlar-geleceklerinden-emin-olamaz\/#breadcrumb"},"inLanguage":"tr","potentialAction":[{"@type":"ReadAction","target":["https:\/\/tdv.org\/tr-TR\/inancini-tarihini-nesillerine-aktaramayan-toplumlar-geleceklerinden-emin-olamaz\/"]}]},{"@type":"ImageObject","inLanguage":"tr","@id":"https:\/\/tdv.org\/tr-TR\/inancini-tarihini-nesillerine-aktaramayan-toplumlar-geleceklerinden-emin-olamaz\/#primaryimage","url":"https:\/\/tdv.org\/tr-TR\/wp-content\/uploads\/2024\/07\/b974467a-5f85-4cfb-9e86-35855651ebcd_1_1200x800.jpg","contentUrl":"https:\/\/tdv.org\/tr-TR\/wp-content\/uploads\/2024\/07\/b974467a-5f85-4cfb-9e86-35855651ebcd_1_1200x800.jpg","width":1200,"height":800},{"@type":"BreadcrumbList","@id":"https:\/\/tdv.org\/tr-TR\/inancini-tarihini-nesillerine-aktaramayan-toplumlar-geleceklerinden-emin-olamaz\/#breadcrumb","itemListElement":[{"@type":"ListItem","position":1,"name":"Anasayfa","item":"https:\/\/tdv.org\/tr-TR\/"},{"@type":"ListItem","position":2,"name":"\u201c\u0130nanc\u0131n\u0131, tarihini nesillerine aktaramayan toplumlar geleceklerinden emin olamaz\u201d"}]},{"@type":"WebSite","@id":"https:\/\/tdv.org\/tr-TR\/#website","url":"https:\/\/tdv.org\/tr-TR\/","name":"T\u00fcrkiye Diyanet Vakf\u0131 Resmi Web Sitesi","description":"Yery\u00fcz\u00fcnde iyilik egemen oluncaya kadar","publisher":{"@id":"https:\/\/tdv.org\/tr-TR\/#organization"},"alternateName":"T\u00fcrkiye Diyanet Vakf\u0131","potentialAction":[{"@type":"SearchAction","target":{"@type":"EntryPoint","urlTemplate":"https:\/\/tdv.org\/tr-TR\/?s={search_term_string}"},"query-input":{"@type":"PropertyValueSpecification","valueRequired":true,"valueName":"search_term_string"}}],"inLanguage":"tr"},{"@type":"Organization","@id":"https:\/\/tdv.org\/tr-TR\/#organization","name":"T\u00fcrkiye Diyanet Vakf\u0131","alternateName":"T\u00fcrkiye Diyanet Vakf\u0131","url":"https:\/\/tdv.org\/tr-TR\/","logo":{"@type":"ImageObject","inLanguage":"tr","@id":"https:\/\/tdv.org\/tr-TR\/#\/schema\/logo\/image\/","url":"https:\/\/tdv.org\/tr-TR\/wp-content\/uploads\/2018\/12\/TDV_Logo_1.png","contentUrl":"https:\/\/tdv.org\/tr-TR\/wp-content\/uploads\/2018\/12\/TDV_Logo_1.png","width":207,"height":71,"caption":"T\u00fcrkiye Diyanet Vakf\u0131"},"image":{"@id":"https:\/\/tdv.org\/tr-TR\/#\/schema\/logo\/image\/"},"sameAs":["https:\/\/www.facebook.com\/Diyanetvakfi\/","https:\/\/x.com\/DiyanetVakfi","https:\/\/www.instagram.com\/turkiyediyanetvakfi\/","https:\/\/www.youtube.com\/user\/TurkiyeDiyanetVakfi"]},{"@type":"Person","@id":"https:\/\/tdv.org\/tr-TR\/#\/schema\/person\/752b55e264a99273d55636516d96d5eb","name":"Selim","image":{"@type":"ImageObject","inLanguage":"tr","@id":"https:\/\/tdv.org\/tr-TR\/wp-content\/litespeed\/avatar\/a1e47b25396e98e5b781e88a5396cd96.jpg?ver=1777287391","url":"https:\/\/tdv.org\/tr-TR\/wp-content\/litespeed\/avatar\/a1e47b25396e98e5b781e88a5396cd96.jpg?ver=1777287391","contentUrl":"https:\/\/tdv.org\/tr-TR\/wp-content\/litespeed\/avatar\/a1e47b25396e98e5b781e88a5396cd96.jpg?ver=1777287391","caption":"Selim"}}]}},"_links":{"self":[{"href":"https:\/\/tdv.org\/tr-TR\/wp-json\/wp\/v2\/posts\/43986","targetHints":{"allow":["GET"]}}],"collection":[{"href":"https:\/\/tdv.org\/tr-TR\/wp-json\/wp\/v2\/posts"}],"about":[{"href":"https:\/\/tdv.org\/tr-TR\/wp-json\/wp\/v2\/types\/post"}],"author":[{"embeddable":true,"href":"https:\/\/tdv.org\/tr-TR\/wp-json\/wp\/v2\/users\/8"}],"replies":[{"embeddable":true,"href":"https:\/\/tdv.org\/tr-TR\/wp-json\/wp\/v2\/comments?post=43986"}],"version-history":[{"count":4,"href":"https:\/\/tdv.org\/tr-TR\/wp-json\/wp\/v2\/posts\/43986\/revisions"}],"predecessor-version":[{"id":44024,"href":"https:\/\/tdv.org\/tr-TR\/wp-json\/wp\/v2\/posts\/43986\/revisions\/44024"}],"wp:featuredmedia":[{"embeddable":true,"href":"https:\/\/tdv.org\/tr-TR\/wp-json\/wp\/v2\/media\/43996"}],"wp:attachment":[{"href":"https:\/\/tdv.org\/tr-TR\/wp-json\/wp\/v2\/media?parent=43986"}],"wp:term":[{"taxonomy":"category","embeddable":true,"href":"https:\/\/tdv.org\/tr-TR\/wp-json\/wp\/v2\/categories?post=43986"},{"taxonomy":"post_tag","embeddable":true,"href":"https:\/\/tdv.org\/tr-TR\/wp-json\/wp\/v2\/tags?post=43986"}],"curies":[{"name":"wp","href":"https:\/\/api.w.org\/{rel}","templated":true}]}}