{"id":46440,"date":"2024-09-26T16:34:42","date_gmt":"2024-09-26T13:34:42","guid":{"rendered":"https:\/\/tdv.org\/tr-TR\/?p=46440"},"modified":"2024-09-26T16:34:42","modified_gmt":"2024-09-26T13:34:42","slug":"hatayda-turkiye-diyanet-vakfi-guzel-isler-merkezi-hizmete-girdi","status":"publish","type":"post","link":"https:\/\/tdv.org\/tr-TR\/hatayda-turkiye-diyanet-vakfi-guzel-isler-merkezi-hizmete-girdi\/","title":{"rendered":"Hatay&#8217;da T\u00fcrkiye Diyanet Vakf\u0131 G\u00fczel \u0130\u015fler Merkezi hizmete girdi"},"content":{"rendered":"<p style=\"text-align: justify;\">Hatay&#8217;\u0131n Antakya il\u00e7esinde \u0130l M\u00fcft\u00fcl\u00fc\u011f\u00fc ve <a href=\"https:\/\/tdv.org\/tr-TR\/\" target=\"_blank\" rel=\"noopener\">T\u00fcrkiye Diyanet Vakf\u0131<\/a> i\u015f birli\u011finde hayata ge\u00e7irilen G\u00fczel \u0130\u015fler Merkezi&#8217;nden elde edilen gelir <a href=\"https:\/\/bagis.tdv.org\/afet\/deprem-25\" target=\"_blank\" rel=\"noopener\">depremzede<\/a> vatanda\u015flara umut olacak.<\/p>\n<p style=\"text-align: justify;\">Kahramanmara\u015f merkezli <a href=\"https:\/\/bagis.tdv.org\/afet\/deprem-25\" target=\"_blank\" rel=\"noopener\">depremde<\/a> en \u00e7ok y\u0131k\u0131ma u\u011frayan Hatay&#8217;da <a href=\"https:\/\/bagis.tdv.org\/afet\/deprem-25\" target=\"_blank\" rel=\"noopener\">depremzede<\/a> vatanda\u015flara T\u00fcrkiye Diyanet Vakf\u0131 taraf\u0131ndan yap\u0131lan yard\u0131mlar ve destekler devam ediyor.<\/p>\n<p style=\"text-align: justify;\">T\u00fcrkiye Diyanet Vakf\u0131 ve Hatay \u0130l M\u00fcft\u00fcl\u00fc\u011f\u00fc i\u015f birli\u011finde Antakya il\u00e7esi Sarayc\u0131k Mahallesi&#8217;nde hayata ge\u00e7irilen G\u00fczel \u0130\u015fler Merkezi&#8217;nin faaliyetleri ba\u015flad\u0131. Hatay \u0130l M\u00fcft\u00fcs\u00fc ve TDV \u015eube Ba\u015fkan\u0131 Mevl\u00fct Top\u00e7u, 3 konteynerden olu\u015fan merkezde y\u00fcr\u00fct\u00fclen \u00e7al\u0131\u015fmalar\u0131 yerinde inceledi. Depremzede vatanda\u015flar\u0131n vakit ge\u00e7irebilece\u011fi bir ortam haz\u0131rlad\u0131klar\u0131n\u0131 s\u00f6yleyen Top\u00e7u, merkezin \u0130yilik At\u00f6lyesi, Terzi At\u00f6lyesi ve Kitap Kafesi ile vatanda\u015flara huzur ve g\u00fcven dolu bir ortam olu\u015fturdu\u011funu belirtti.<\/p>\n<p style=\"text-align: justify;\"><strong>\u201cB\u00fct\u00fcn yavrular\u0131m\u0131z\u0131, gen\u00e7lerimizi ve ailelerimizi G\u00fczel \u0130\u015fler Merkezi&#8217;ne davet ediyoruz\u201d<\/strong><\/p>\n<p style=\"text-align: justify;\">Top\u00e7u, merkezden elde edilen gelirin ihtiya\u00e7 sahibi vatanda\u015flar\u0131n ve haf\u0131zl\u0131k \u00f6\u011frencilerinin ihtiya\u00e7lar\u0131na harcand\u0131\u011f\u0131n\u0131 belirterek, \u201cDepremzede vatanda\u015flar\u0131m\u0131z\u0131n hizmetine sundu\u011fumuz G\u00fczel \u0130\u015fler Merkezi&#8217;nde \u0130yilik At\u00f6lyesi, Terzi At\u00f6lyesi ve Kitap Kafemiz var. Hatay&#8217;\u0131m\u0131z\u0131n y\u00f6resel \u00fcr\u00fcnlerinin \u00fcretildi\u011fi ve vatanda\u015flara takdim edildi\u011fi bir yer. Her t\u00fcrl\u00fc \u00fcr\u00fcn\u00fc g\u00f6n\u00fcll\u00fc vatanda\u015flar\u0131m\u0131z \u00fcretiyorlar ve bunlar\u0131 ihtiyac\u0131 olan karde\u015flerimizin takdimine sunuyoruz. Buradan elden edilen gelirleri de \u00f6zellikle ihtiya\u00e7 sahibi depremzede ailelerimize ve haf\u0131z \u00f6\u011frencilerimizin ihtiya\u00e7lar\u0131na harc\u0131yoruz. Onlar\u0131n mutlulu\u011funa \u015fahit oluyoruz. B\u00fct\u00fcn yavrular\u0131m\u0131z\u0131, gen\u00e7lerimizi ve ailelerimizi buraya davet ediyoruz. Burada bir taraftan okurken, bir taraftan e\u011flenecekleri, huzurla \u00e7aylar\u0131n\u0131 yudumlayacaklar\u0131 g\u00fczel bir ortam var\u201d ifadelerini kulland\u0131.<\/p>\n\n\t\t<style type=\"text\/css\">\n\t\t\t#gallery-1 {\n\t\t\t\tmargin: auto;\n\t\t\t}\n\t\t\t#gallery-1 .gallery-item {\n\t\t\t\tfloat: left;\n\t\t\t\tmargin-top: 10px;\n\t\t\t\ttext-align: center;\n\t\t\t\twidth: 33%;\n\t\t\t}\n\t\t\t#gallery-1 img {\n\t\t\t\tborder: 2px solid #cfcfcf;\n\t\t\t}\n\t\t\t#gallery-1 .gallery-caption {\n\t\t\t\tmargin-left: 0;\n\t\t\t}\n\t\t\t\/* see gallery_shortcode() in wp-includes\/media.php *\/\n\t\t<\/style>\n\t\t<div id='gallery-1' class='gallery galleryid-46440 gallery-columns-3 gallery-size-full'><dl class='gallery-item'>\n\t\t\t<dt class='gallery-icon landscape'>\n\t\t\t\t<a href='https:\/\/tdv.org\/tr-TR\/wp-content\/uploads\/2024\/09\/hatayda-turkiye-diyanet-vakfi-guzel-isler-merkezi-hizmete-girdi-3.jpg'><img decoding=\"async\" width=\"1152\" height=\"768\" src=\"https:\/\/tdv.org\/tr-TR\/wp-content\/uploads\/2024\/09\/hatayda-turkiye-diyanet-vakfi-guzel-isler-merkezi-hizmete-girdi-3.jpg\" class=\"attachment-full size-full\" alt=\"\" srcset=\"https:\/\/tdv.org\/tr-TR\/wp-content\/uploads\/2024\/09\/hatayda-turkiye-diyanet-vakfi-guzel-isler-merkezi-hizmete-girdi-3.jpg 1152w, https:\/\/tdv.org\/tr-TR\/wp-content\/uploads\/2024\/09\/hatayda-turkiye-diyanet-vakfi-guzel-isler-merkezi-hizmete-girdi-3-300x200.jpg 300w, https:\/\/tdv.org\/tr-TR\/wp-content\/uploads\/2024\/09\/hatayda-turkiye-diyanet-vakfi-guzel-isler-merkezi-hizmete-girdi-3-1024x683.jpg 1024w, https:\/\/tdv.org\/tr-TR\/wp-content\/uploads\/2024\/09\/hatayda-turkiye-diyanet-vakfi-guzel-isler-merkezi-hizmete-girdi-3-768x512.jpg 768w, https:\/\/tdv.org\/tr-TR\/wp-content\/uploads\/2024\/09\/hatayda-turkiye-diyanet-vakfi-guzel-isler-merkezi-hizmete-girdi-3-900x600.jpg 900w\" sizes=\"(max-width: 1152px) 100vw, 1152px\" \/><\/a>\n\t\t\t<\/dt><\/dl><dl class='gallery-item'>\n\t\t\t<dt class='gallery-icon landscape'>\n\t\t\t\t<a href='https:\/\/tdv.org\/tr-TR\/wp-content\/uploads\/2024\/09\/hatayda-turkiye-diyanet-vakfi-guzel-isler-merkezi-hizmete-girdi-4.jpg'><img decoding=\"async\" width=\"1152\" height=\"768\" src=\"https:\/\/tdv.org\/tr-TR\/wp-content\/uploads\/2024\/09\/hatayda-turkiye-diyanet-vakfi-guzel-isler-merkezi-hizmete-girdi-4.jpg\" class=\"attachment-full size-full\" alt=\"\" srcset=\"https:\/\/tdv.org\/tr-TR\/wp-content\/uploads\/2024\/09\/hatayda-turkiye-diyanet-vakfi-guzel-isler-merkezi-hizmete-girdi-4.jpg 1152w, https:\/\/tdv.org\/tr-TR\/wp-content\/uploads\/2024\/09\/hatayda-turkiye-diyanet-vakfi-guzel-isler-merkezi-hizmete-girdi-4-300x200.jpg 300w, https:\/\/tdv.org\/tr-TR\/wp-content\/uploads\/2024\/09\/hatayda-turkiye-diyanet-vakfi-guzel-isler-merkezi-hizmete-girdi-4-1024x683.jpg 1024w, https:\/\/tdv.org\/tr-TR\/wp-content\/uploads\/2024\/09\/hatayda-turkiye-diyanet-vakfi-guzel-isler-merkezi-hizmete-girdi-4-768x512.jpg 768w, https:\/\/tdv.org\/tr-TR\/wp-content\/uploads\/2024\/09\/hatayda-turkiye-diyanet-vakfi-guzel-isler-merkezi-hizmete-girdi-4-900x600.jpg 900w\" sizes=\"(max-width: 1152px) 100vw, 1152px\" \/><\/a>\n\t\t\t<\/dt><\/dl><dl class='gallery-item'>\n\t\t\t<dt class='gallery-icon landscape'>\n\t\t\t\t<a href='https:\/\/tdv.org\/tr-TR\/wp-content\/uploads\/2024\/09\/hatayda-turkiye-diyanet-vakfi-guzel-isler-merkezi-hizmete-girdi-5.jpg'><img decoding=\"async\" width=\"1152\" height=\"768\" src=\"https:\/\/tdv.org\/tr-TR\/wp-content\/uploads\/2024\/09\/hatayda-turkiye-diyanet-vakfi-guzel-isler-merkezi-hizmete-girdi-5.jpg\" class=\"attachment-full size-full\" alt=\"\" srcset=\"https:\/\/tdv.org\/tr-TR\/wp-content\/uploads\/2024\/09\/hatayda-turkiye-diyanet-vakfi-guzel-isler-merkezi-hizmete-girdi-5.jpg 1152w, https:\/\/tdv.org\/tr-TR\/wp-content\/uploads\/2024\/09\/hatayda-turkiye-diyanet-vakfi-guzel-isler-merkezi-hizmete-girdi-5-300x200.jpg 300w, https:\/\/tdv.org\/tr-TR\/wp-content\/uploads\/2024\/09\/hatayda-turkiye-diyanet-vakfi-guzel-isler-merkezi-hizmete-girdi-5-1024x683.jpg 1024w, https:\/\/tdv.org\/tr-TR\/wp-content\/uploads\/2024\/09\/hatayda-turkiye-diyanet-vakfi-guzel-isler-merkezi-hizmete-girdi-5-768x512.jpg 768w, https:\/\/tdv.org\/tr-TR\/wp-content\/uploads\/2024\/09\/hatayda-turkiye-diyanet-vakfi-guzel-isler-merkezi-hizmete-girdi-5-900x600.jpg 900w\" sizes=\"(max-width: 1152px) 100vw, 1152px\" \/><\/a>\n\t\t\t<\/dt><\/dl><br style=\"clear: both\" \/><dl class='gallery-item'>\n\t\t\t<dt class='gallery-icon landscape'>\n\t\t\t\t<a href='https:\/\/tdv.org\/tr-TR\/wp-content\/uploads\/2024\/09\/hatayda-turkiye-diyanet-vakfi-guzel-isler-merkezi-hizmete-girdi-6.jpg'><img decoding=\"async\" width=\"1152\" height=\"768\" src=\"https:\/\/tdv.org\/tr-TR\/wp-content\/uploads\/2024\/09\/hatayda-turkiye-diyanet-vakfi-guzel-isler-merkezi-hizmete-girdi-6.jpg\" class=\"attachment-full size-full\" alt=\"\" srcset=\"https:\/\/tdv.org\/tr-TR\/wp-content\/uploads\/2024\/09\/hatayda-turkiye-diyanet-vakfi-guzel-isler-merkezi-hizmete-girdi-6.jpg 1152w, https:\/\/tdv.org\/tr-TR\/wp-content\/uploads\/2024\/09\/hatayda-turkiye-diyanet-vakfi-guzel-isler-merkezi-hizmete-girdi-6-300x200.jpg 300w, https:\/\/tdv.org\/tr-TR\/wp-content\/uploads\/2024\/09\/hatayda-turkiye-diyanet-vakfi-guzel-isler-merkezi-hizmete-girdi-6-1024x683.jpg 1024w, https:\/\/tdv.org\/tr-TR\/wp-content\/uploads\/2024\/09\/hatayda-turkiye-diyanet-vakfi-guzel-isler-merkezi-hizmete-girdi-6-768x512.jpg 768w, https:\/\/tdv.org\/tr-TR\/wp-content\/uploads\/2024\/09\/hatayda-turkiye-diyanet-vakfi-guzel-isler-merkezi-hizmete-girdi-6-900x600.jpg 900w\" sizes=\"(max-width: 1152px) 100vw, 1152px\" \/><\/a>\n\t\t\t<\/dt><\/dl><dl class='gallery-item'>\n\t\t\t<dt class='gallery-icon landscape'>\n\t\t\t\t<a href='https:\/\/tdv.org\/tr-TR\/wp-content\/uploads\/2024\/09\/hatayda-turkiye-diyanet-vakfi-guzel-isler-merkezi-hizmete-girdi.jpg'><img decoding=\"async\" width=\"1152\" height=\"768\" src=\"https:\/\/tdv.org\/tr-TR\/wp-content\/uploads\/2024\/09\/hatayda-turkiye-diyanet-vakfi-guzel-isler-merkezi-hizmete-girdi.jpg\" class=\"attachment-full size-full\" alt=\"\" srcset=\"https:\/\/tdv.org\/tr-TR\/wp-content\/uploads\/2024\/09\/hatayda-turkiye-diyanet-vakfi-guzel-isler-merkezi-hizmete-girdi.jpg 1152w, https:\/\/tdv.org\/tr-TR\/wp-content\/uploads\/2024\/09\/hatayda-turkiye-diyanet-vakfi-guzel-isler-merkezi-hizmete-girdi-300x200.jpg 300w, https:\/\/tdv.org\/tr-TR\/wp-content\/uploads\/2024\/09\/hatayda-turkiye-diyanet-vakfi-guzel-isler-merkezi-hizmete-girdi-1024x683.jpg 1024w, https:\/\/tdv.org\/tr-TR\/wp-content\/uploads\/2024\/09\/hatayda-turkiye-diyanet-vakfi-guzel-isler-merkezi-hizmete-girdi-768x512.jpg 768w, https:\/\/tdv.org\/tr-TR\/wp-content\/uploads\/2024\/09\/hatayda-turkiye-diyanet-vakfi-guzel-isler-merkezi-hizmete-girdi-900x600.jpg 900w\" sizes=\"(max-width: 1152px) 100vw, 1152px\" \/><\/a>\n\t\t\t<\/dt><\/dl><dl class='gallery-item'>\n\t\t\t<dt class='gallery-icon landscape'>\n\t\t\t\t<a href='https:\/\/tdv.org\/tr-TR\/wp-content\/uploads\/2024\/09\/hatayda-turkiye-diyanet-vakfi-guzel-isler-merkezi-hizmete-girdi-2.jpg'><img decoding=\"async\" width=\"1152\" height=\"768\" src=\"https:\/\/tdv.org\/tr-TR\/wp-content\/uploads\/2024\/09\/hatayda-turkiye-diyanet-vakfi-guzel-isler-merkezi-hizmete-girdi-2.jpg\" class=\"attachment-full size-full\" alt=\"\" srcset=\"https:\/\/tdv.org\/tr-TR\/wp-content\/uploads\/2024\/09\/hatayda-turkiye-diyanet-vakfi-guzel-isler-merkezi-hizmete-girdi-2.jpg 1152w, https:\/\/tdv.org\/tr-TR\/wp-content\/uploads\/2024\/09\/hatayda-turkiye-diyanet-vakfi-guzel-isler-merkezi-hizmete-girdi-2-300x200.jpg 300w, https:\/\/tdv.org\/tr-TR\/wp-content\/uploads\/2024\/09\/hatayda-turkiye-diyanet-vakfi-guzel-isler-merkezi-hizmete-girdi-2-1024x683.jpg 1024w, https:\/\/tdv.org\/tr-TR\/wp-content\/uploads\/2024\/09\/hatayda-turkiye-diyanet-vakfi-guzel-isler-merkezi-hizmete-girdi-2-768x512.jpg 768w, https:\/\/tdv.org\/tr-TR\/wp-content\/uploads\/2024\/09\/hatayda-turkiye-diyanet-vakfi-guzel-isler-merkezi-hizmete-girdi-2-900x600.jpg 900w\" sizes=\"(max-width: 1152px) 100vw, 1152px\" \/><\/a>\n\t\t\t<\/dt><\/dl><br style=\"clear: both\" \/>\n\t\t<\/div>\n\n","protected":false},"excerpt":{"rendered":"<p>Hatay&#8217;\u0131n Antakya il\u00e7esinde \u0130l M\u00fcft\u00fcl\u00fc\u011f\u00fc ve T\u00fcrkiye Diyanet Vakf\u0131 i\u015f birli\u011finde hayata ge\u00e7irilen G\u00fczel \u0130\u015fler Merkezi&#8217;nden elde edilen gelir depremzede vatanda\u015flara umut olacak. Kahramanmara\u015f merkezli depremde en \u00e7ok y\u0131k\u0131ma u\u011frayan&#8230;<\/p>\n","protected":false},"author":8,"featured_media":46443,"comment_status":"closed","ping_status":"closed","sticky":false,"template":"","format":"standard","meta":{"footnotes":""},"categories":[1],"tags":[505,897,1550,2078],"class_list":{"0":"post-46440","1":"post","2":"type-post","3":"status-publish","4":"format-standard","5":"has-post-thumbnail","7":"category-haberler","8":"tag-depremzede","9":"tag-hatay","10":"tag-hatay-muftulugu","11":"tag-kahramanmaras-depremi"},"yoast_head":"<!-- This site is optimized with the Yoast SEO plugin v27.5 - https:\/\/yoast.com\/product\/yoast-seo-wordpress\/ -->\n<title>Hatay&#039;da T\u00fcrkiye Diyanet Vakf\u0131 G\u00fczel \u0130\u015fler Merkezi hizmete girdi<\/title>\n<meta name=\"description\" content=\"Hatay&#039;\u0131n Antakya il\u00e7esinde \u0130l M\u00fcft\u00fcl\u00fc\u011f\u00fc ve T\u00fcrkiye Diyanet Vakf\u0131 i\u015f birli\u011finde hayata ge\u00e7irilen G\u00fczel \u0130\u015fler Merkezi&#039;nden elde edilen gelir depremzede vatanda\u015flara umut olacak.\" \/>\n<meta name=\"robots\" content=\"index, follow, max-snippet:-1, max-image-preview:large, max-video-preview:-1\" \/>\n<link rel=\"canonical\" href=\"https:\/\/tdv.org\/tr-TR\/hatayda-turkiye-diyanet-vakfi-guzel-isler-merkezi-hizmete-girdi\/\" \/>\n<meta property=\"og:locale\" content=\"tr_TR\" \/>\n<meta property=\"og:type\" content=\"article\" \/>\n<meta property=\"og:title\" content=\"Hatay&#039;da T\u00fcrkiye Diyanet Vakf\u0131 G\u00fczel \u0130\u015fler Merkezi hizmete girdi\" \/>\n<meta property=\"og:description\" content=\"Hatay&#039;\u0131n Antakya il\u00e7esinde \u0130l M\u00fcft\u00fcl\u00fc\u011f\u00fc ve T\u00fcrkiye Diyanet Vakf\u0131 i\u015f birli\u011finde hayata ge\u00e7irilen G\u00fczel \u0130\u015fler Merkezi&#039;nden elde edilen gelir depremzede vatanda\u015flara umut olacak.\" \/>\n<meta property=\"og:url\" content=\"https:\/\/tdv.org\/tr-TR\/hatayda-turkiye-diyanet-vakfi-guzel-isler-merkezi-hizmete-girdi\/\" \/>\n<meta property=\"og:site_name\" content=\"T\u00fcrkiye Diyanet Vakf\u0131 Resmi Web Sitesi\" \/>\n<meta property=\"article:publisher\" content=\"https:\/\/www.facebook.com\/Diyanetvakfi\/\" \/>\n<meta property=\"article:published_time\" content=\"2024-09-26T13:34:42+00:00\" \/>\n<meta property=\"og:image\" content=\"https:\/\/tdv.org\/tr-TR\/wp-content\/uploads\/2024\/09\/hatayda-turkiye-diyanet-vakfi-guzel-isler-merkezi-hizmete-girdi-2.jpg\" \/>\n\t<meta property=\"og:image:width\" content=\"1152\" \/>\n\t<meta property=\"og:image:height\" content=\"768\" \/>\n\t<meta property=\"og:image:type\" content=\"image\/jpeg\" \/>\n<meta name=\"author\" content=\"Selim\" \/>\n<meta name=\"twitter:card\" content=\"summary_large_image\" \/>\n<meta name=\"twitter:creator\" content=\"@DiyanetVakfi\" \/>\n<meta name=\"twitter:site\" content=\"@DiyanetVakfi\" \/>\n<script type=\"application\/ld+json\" class=\"yoast-schema-graph\">{\"@context\":\"https:\\\/\\\/schema.org\",\"@graph\":[{\"@type\":\"Article\",\"@id\":\"https:\\\/\\\/tdv.org\\\/tr-TR\\\/hatayda-turkiye-diyanet-vakfi-guzel-isler-merkezi-hizmete-girdi\\\/#article\",\"isPartOf\":{\"@id\":\"https:\\\/\\\/tdv.org\\\/tr-TR\\\/hatayda-turkiye-diyanet-vakfi-guzel-isler-merkezi-hizmete-girdi\\\/\"},\"author\":{\"name\":\"Selim\",\"@id\":\"https:\\\/\\\/tdv.org\\\/tr-TR\\\/#\\\/schema\\\/person\\\/752b55e264a99273d55636516d96d5eb\"},\"headline\":\"Hatay&#8217;da T\u00fcrkiye Diyanet Vakf\u0131 G\u00fczel \u0130\u015fler Merkezi hizmete girdi\",\"datePublished\":\"2024-09-26T13:34:42+00:00\",\"mainEntityOfPage\":{\"@id\":\"https:\\\/\\\/tdv.org\\\/tr-TR\\\/hatayda-turkiye-diyanet-vakfi-guzel-isler-merkezi-hizmete-girdi\\\/\"},\"wordCount\":338,\"publisher\":{\"@id\":\"https:\\\/\\\/tdv.org\\\/tr-TR\\\/#organization\"},\"image\":{\"@id\":\"https:\\\/\\\/tdv.org\\\/tr-TR\\\/hatayda-turkiye-diyanet-vakfi-guzel-isler-merkezi-hizmete-girdi\\\/#primaryimage\"},\"thumbnailUrl\":\"https:\\\/\\\/tdv.org\\\/tr-TR\\\/wp-content\\\/uploads\\\/2024\\\/09\\\/hatayda-turkiye-diyanet-vakfi-guzel-isler-merkezi-hizmete-girdi-2.jpg\",\"keywords\":[\"depremzede\",\"hatay\",\"Hatay M\u00fcft\u00fcl\u00fc\u011f\u00fc\",\"Kahramanmara\u015f Depremi\"],\"articleSection\":[\"Haberler\"],\"inLanguage\":\"tr\"},{\"@type\":\"WebPage\",\"@id\":\"https:\\\/\\\/tdv.org\\\/tr-TR\\\/hatayda-turkiye-diyanet-vakfi-guzel-isler-merkezi-hizmete-girdi\\\/\",\"url\":\"https:\\\/\\\/tdv.org\\\/tr-TR\\\/hatayda-turkiye-diyanet-vakfi-guzel-isler-merkezi-hizmete-girdi\\\/\",\"name\":\"Hatay'da T\u00fcrkiye Diyanet Vakf\u0131 G\u00fczel \u0130\u015fler Merkezi hizmete girdi\",\"isPartOf\":{\"@id\":\"https:\\\/\\\/tdv.org\\\/tr-TR\\\/#website\"},\"primaryImageOfPage\":{\"@id\":\"https:\\\/\\\/tdv.org\\\/tr-TR\\\/hatayda-turkiye-diyanet-vakfi-guzel-isler-merkezi-hizmete-girdi\\\/#primaryimage\"},\"image\":{\"@id\":\"https:\\\/\\\/tdv.org\\\/tr-TR\\\/hatayda-turkiye-diyanet-vakfi-guzel-isler-merkezi-hizmete-girdi\\\/#primaryimage\"},\"thumbnailUrl\":\"https:\\\/\\\/tdv.org\\\/tr-TR\\\/wp-content\\\/uploads\\\/2024\\\/09\\\/hatayda-turkiye-diyanet-vakfi-guzel-isler-merkezi-hizmete-girdi-2.jpg\",\"datePublished\":\"2024-09-26T13:34:42+00:00\",\"description\":\"Hatay'\u0131n Antakya il\u00e7esinde \u0130l M\u00fcft\u00fcl\u00fc\u011f\u00fc ve T\u00fcrkiye Diyanet Vakf\u0131 i\u015f birli\u011finde hayata ge\u00e7irilen G\u00fczel \u0130\u015fler Merkezi'nden elde edilen gelir depremzede vatanda\u015flara umut olacak.\",\"breadcrumb\":{\"@id\":\"https:\\\/\\\/tdv.org\\\/tr-TR\\\/hatayda-turkiye-diyanet-vakfi-guzel-isler-merkezi-hizmete-girdi\\\/#breadcrumb\"},\"inLanguage\":\"tr\",\"potentialAction\":[{\"@type\":\"ReadAction\",\"target\":[\"https:\\\/\\\/tdv.org\\\/tr-TR\\\/hatayda-turkiye-diyanet-vakfi-guzel-isler-merkezi-hizmete-girdi\\\/\"]}]},{\"@type\":\"ImageObject\",\"inLanguage\":\"tr\",\"@id\":\"https:\\\/\\\/tdv.org\\\/tr-TR\\\/hatayda-turkiye-diyanet-vakfi-guzel-isler-merkezi-hizmete-girdi\\\/#primaryimage\",\"url\":\"https:\\\/\\\/tdv.org\\\/tr-TR\\\/wp-content\\\/uploads\\\/2024\\\/09\\\/hatayda-turkiye-diyanet-vakfi-guzel-isler-merkezi-hizmete-girdi-2.jpg\",\"contentUrl\":\"https:\\\/\\\/tdv.org\\\/tr-TR\\\/wp-content\\\/uploads\\\/2024\\\/09\\\/hatayda-turkiye-diyanet-vakfi-guzel-isler-merkezi-hizmete-girdi-2.jpg\",\"width\":1152,\"height\":768},{\"@type\":\"BreadcrumbList\",\"@id\":\"https:\\\/\\\/tdv.org\\\/tr-TR\\\/hatayda-turkiye-diyanet-vakfi-guzel-isler-merkezi-hizmete-girdi\\\/#breadcrumb\",\"itemListElement\":[{\"@type\":\"ListItem\",\"position\":1,\"name\":\"Anasayfa\",\"item\":\"https:\\\/\\\/tdv.org\\\/tr-TR\\\/\"},{\"@type\":\"ListItem\",\"position\":2,\"name\":\"Hatay&#8217;da T\u00fcrkiye Diyanet Vakf\u0131 G\u00fczel \u0130\u015fler Merkezi hizmete girdi\"}]},{\"@type\":\"WebSite\",\"@id\":\"https:\\\/\\\/tdv.org\\\/tr-TR\\\/#website\",\"url\":\"https:\\\/\\\/tdv.org\\\/tr-TR\\\/\",\"name\":\"T\u00fcrkiye Diyanet Vakf\u0131 Resmi Web Sitesi\",\"description\":\"Yery\u00fcz\u00fcnde iyilik egemen oluncaya kadar\",\"publisher\":{\"@id\":\"https:\\\/\\\/tdv.org\\\/tr-TR\\\/#organization\"},\"alternateName\":\"T\u00fcrkiye Diyanet Vakf\u0131\",\"potentialAction\":[{\"@type\":\"SearchAction\",\"target\":{\"@type\":\"EntryPoint\",\"urlTemplate\":\"https:\\\/\\\/tdv.org\\\/tr-TR\\\/?s={search_term_string}\"},\"query-input\":{\"@type\":\"PropertyValueSpecification\",\"valueRequired\":true,\"valueName\":\"search_term_string\"}}],\"inLanguage\":\"tr\"},{\"@type\":\"Organization\",\"@id\":\"https:\\\/\\\/tdv.org\\\/tr-TR\\\/#organization\",\"name\":\"T\u00fcrkiye Diyanet Vakf\u0131\",\"alternateName\":\"T\u00fcrkiye Diyanet Vakf\u0131\",\"url\":\"https:\\\/\\\/tdv.org\\\/tr-TR\\\/\",\"logo\":{\"@type\":\"ImageObject\",\"inLanguage\":\"tr\",\"@id\":\"https:\\\/\\\/tdv.org\\\/tr-TR\\\/#\\\/schema\\\/logo\\\/image\\\/\",\"url\":\"https:\\\/\\\/tdv.org\\\/tr-TR\\\/wp-content\\\/uploads\\\/2018\\\/12\\\/TDV_Logo_1.png\",\"contentUrl\":\"https:\\\/\\\/tdv.org\\\/tr-TR\\\/wp-content\\\/uploads\\\/2018\\\/12\\\/TDV_Logo_1.png\",\"width\":207,\"height\":71,\"caption\":\"T\u00fcrkiye Diyanet Vakf\u0131\"},\"image\":{\"@id\":\"https:\\\/\\\/tdv.org\\\/tr-TR\\\/#\\\/schema\\\/logo\\\/image\\\/\"},\"sameAs\":[\"https:\\\/\\\/www.facebook.com\\\/Diyanetvakfi\\\/\",\"https:\\\/\\\/x.com\\\/DiyanetVakfi\",\"https:\\\/\\\/www.instagram.com\\\/turkiyediyanetvakfi\\\/\",\"https:\\\/\\\/www.youtube.com\\\/user\\\/TurkiyeDiyanetVakfi\"]},{\"@type\":\"Person\",\"@id\":\"https:\\\/\\\/tdv.org\\\/tr-TR\\\/#\\\/schema\\\/person\\\/752b55e264a99273d55636516d96d5eb\",\"name\":\"Selim\",\"image\":{\"@type\":\"ImageObject\",\"inLanguage\":\"tr\",\"@id\":\"https:\\\/\\\/tdv.org\\\/tr-TR\\\/wp-content\\\/litespeed\\\/avatar\\\/a1e47b25396e98e5b781e88a5396cd96.jpg?ver=1777287391\",\"url\":\"https:\\\/\\\/tdv.org\\\/tr-TR\\\/wp-content\\\/litespeed\\\/avatar\\\/a1e47b25396e98e5b781e88a5396cd96.jpg?ver=1777287391\",\"contentUrl\":\"https:\\\/\\\/tdv.org\\\/tr-TR\\\/wp-content\\\/litespeed\\\/avatar\\\/a1e47b25396e98e5b781e88a5396cd96.jpg?ver=1777287391\",\"caption\":\"Selim\"}}]}<\/script>\n<!-- \/ Yoast SEO plugin. -->","yoast_head_json":{"title":"Hatay'da T\u00fcrkiye Diyanet Vakf\u0131 G\u00fczel \u0130\u015fler Merkezi hizmete girdi","description":"Hatay'\u0131n Antakya il\u00e7esinde \u0130l M\u00fcft\u00fcl\u00fc\u011f\u00fc ve T\u00fcrkiye Diyanet Vakf\u0131 i\u015f birli\u011finde hayata ge\u00e7irilen G\u00fczel \u0130\u015fler Merkezi'nden elde edilen gelir depremzede vatanda\u015flara umut olacak.","robots":{"index":"index","follow":"follow","max-snippet":"max-snippet:-1","max-image-preview":"max-image-preview:large","max-video-preview":"max-video-preview:-1"},"canonical":"https:\/\/tdv.org\/tr-TR\/hatayda-turkiye-diyanet-vakfi-guzel-isler-merkezi-hizmete-girdi\/","og_locale":"tr_TR","og_type":"article","og_title":"Hatay'da T\u00fcrkiye Diyanet Vakf\u0131 G\u00fczel \u0130\u015fler Merkezi hizmete girdi","og_description":"Hatay'\u0131n Antakya il\u00e7esinde \u0130l M\u00fcft\u00fcl\u00fc\u011f\u00fc ve T\u00fcrkiye Diyanet Vakf\u0131 i\u015f birli\u011finde hayata ge\u00e7irilen G\u00fczel \u0130\u015fler Merkezi'nden elde edilen gelir depremzede vatanda\u015flara umut olacak.","og_url":"https:\/\/tdv.org\/tr-TR\/hatayda-turkiye-diyanet-vakfi-guzel-isler-merkezi-hizmete-girdi\/","og_site_name":"T\u00fcrkiye Diyanet Vakf\u0131 Resmi Web Sitesi","article_publisher":"https:\/\/www.facebook.com\/Diyanetvakfi\/","article_published_time":"2024-09-26T13:34:42+00:00","og_image":[{"width":1152,"height":768,"url":"https:\/\/tdv.org\/tr-TR\/wp-content\/uploads\/2024\/09\/hatayda-turkiye-diyanet-vakfi-guzel-isler-merkezi-hizmete-girdi-2.jpg","type":"image\/jpeg"}],"author":"Selim","twitter_card":"summary_large_image","twitter_creator":"@DiyanetVakfi","twitter_site":"@DiyanetVakfi","schema":{"@context":"https:\/\/schema.org","@graph":[{"@type":"Article","@id":"https:\/\/tdv.org\/tr-TR\/hatayda-turkiye-diyanet-vakfi-guzel-isler-merkezi-hizmete-girdi\/#article","isPartOf":{"@id":"https:\/\/tdv.org\/tr-TR\/hatayda-turkiye-diyanet-vakfi-guzel-isler-merkezi-hizmete-girdi\/"},"author":{"name":"Selim","@id":"https:\/\/tdv.org\/tr-TR\/#\/schema\/person\/752b55e264a99273d55636516d96d5eb"},"headline":"Hatay&#8217;da T\u00fcrkiye Diyanet Vakf\u0131 G\u00fczel \u0130\u015fler Merkezi hizmete girdi","datePublished":"2024-09-26T13:34:42+00:00","mainEntityOfPage":{"@id":"https:\/\/tdv.org\/tr-TR\/hatayda-turkiye-diyanet-vakfi-guzel-isler-merkezi-hizmete-girdi\/"},"wordCount":338,"publisher":{"@id":"https:\/\/tdv.org\/tr-TR\/#organization"},"image":{"@id":"https:\/\/tdv.org\/tr-TR\/hatayda-turkiye-diyanet-vakfi-guzel-isler-merkezi-hizmete-girdi\/#primaryimage"},"thumbnailUrl":"https:\/\/tdv.org\/tr-TR\/wp-content\/uploads\/2024\/09\/hatayda-turkiye-diyanet-vakfi-guzel-isler-merkezi-hizmete-girdi-2.jpg","keywords":["depremzede","hatay","Hatay M\u00fcft\u00fcl\u00fc\u011f\u00fc","Kahramanmara\u015f Depremi"],"articleSection":["Haberler"],"inLanguage":"tr"},{"@type":"WebPage","@id":"https:\/\/tdv.org\/tr-TR\/hatayda-turkiye-diyanet-vakfi-guzel-isler-merkezi-hizmete-girdi\/","url":"https:\/\/tdv.org\/tr-TR\/hatayda-turkiye-diyanet-vakfi-guzel-isler-merkezi-hizmete-girdi\/","name":"Hatay'da T\u00fcrkiye Diyanet Vakf\u0131 G\u00fczel \u0130\u015fler Merkezi hizmete girdi","isPartOf":{"@id":"https:\/\/tdv.org\/tr-TR\/#website"},"primaryImageOfPage":{"@id":"https:\/\/tdv.org\/tr-TR\/hatayda-turkiye-diyanet-vakfi-guzel-isler-merkezi-hizmete-girdi\/#primaryimage"},"image":{"@id":"https:\/\/tdv.org\/tr-TR\/hatayda-turkiye-diyanet-vakfi-guzel-isler-merkezi-hizmete-girdi\/#primaryimage"},"thumbnailUrl":"https:\/\/tdv.org\/tr-TR\/wp-content\/uploads\/2024\/09\/hatayda-turkiye-diyanet-vakfi-guzel-isler-merkezi-hizmete-girdi-2.jpg","datePublished":"2024-09-26T13:34:42+00:00","description":"Hatay'\u0131n Antakya il\u00e7esinde \u0130l M\u00fcft\u00fcl\u00fc\u011f\u00fc ve T\u00fcrkiye Diyanet Vakf\u0131 i\u015f birli\u011finde hayata ge\u00e7irilen G\u00fczel \u0130\u015fler Merkezi'nden elde edilen gelir depremzede vatanda\u015flara umut olacak.","breadcrumb":{"@id":"https:\/\/tdv.org\/tr-TR\/hatayda-turkiye-diyanet-vakfi-guzel-isler-merkezi-hizmete-girdi\/#breadcrumb"},"inLanguage":"tr","potentialAction":[{"@type":"ReadAction","target":["https:\/\/tdv.org\/tr-TR\/hatayda-turkiye-diyanet-vakfi-guzel-isler-merkezi-hizmete-girdi\/"]}]},{"@type":"ImageObject","inLanguage":"tr","@id":"https:\/\/tdv.org\/tr-TR\/hatayda-turkiye-diyanet-vakfi-guzel-isler-merkezi-hizmete-girdi\/#primaryimage","url":"https:\/\/tdv.org\/tr-TR\/wp-content\/uploads\/2024\/09\/hatayda-turkiye-diyanet-vakfi-guzel-isler-merkezi-hizmete-girdi-2.jpg","contentUrl":"https:\/\/tdv.org\/tr-TR\/wp-content\/uploads\/2024\/09\/hatayda-turkiye-diyanet-vakfi-guzel-isler-merkezi-hizmete-girdi-2.jpg","width":1152,"height":768},{"@type":"BreadcrumbList","@id":"https:\/\/tdv.org\/tr-TR\/hatayda-turkiye-diyanet-vakfi-guzel-isler-merkezi-hizmete-girdi\/#breadcrumb","itemListElement":[{"@type":"ListItem","position":1,"name":"Anasayfa","item":"https:\/\/tdv.org\/tr-TR\/"},{"@type":"ListItem","position":2,"name":"Hatay&#8217;da T\u00fcrkiye Diyanet Vakf\u0131 G\u00fczel \u0130\u015fler Merkezi hizmete girdi"}]},{"@type":"WebSite","@id":"https:\/\/tdv.org\/tr-TR\/#website","url":"https:\/\/tdv.org\/tr-TR\/","name":"T\u00fcrkiye Diyanet Vakf\u0131 Resmi Web Sitesi","description":"Yery\u00fcz\u00fcnde iyilik egemen oluncaya kadar","publisher":{"@id":"https:\/\/tdv.org\/tr-TR\/#organization"},"alternateName":"T\u00fcrkiye Diyanet Vakf\u0131","potentialAction":[{"@type":"SearchAction","target":{"@type":"EntryPoint","urlTemplate":"https:\/\/tdv.org\/tr-TR\/?s={search_term_string}"},"query-input":{"@type":"PropertyValueSpecification","valueRequired":true,"valueName":"search_term_string"}}],"inLanguage":"tr"},{"@type":"Organization","@id":"https:\/\/tdv.org\/tr-TR\/#organization","name":"T\u00fcrkiye Diyanet Vakf\u0131","alternateName":"T\u00fcrkiye Diyanet Vakf\u0131","url":"https:\/\/tdv.org\/tr-TR\/","logo":{"@type":"ImageObject","inLanguage":"tr","@id":"https:\/\/tdv.org\/tr-TR\/#\/schema\/logo\/image\/","url":"https:\/\/tdv.org\/tr-TR\/wp-content\/uploads\/2018\/12\/TDV_Logo_1.png","contentUrl":"https:\/\/tdv.org\/tr-TR\/wp-content\/uploads\/2018\/12\/TDV_Logo_1.png","width":207,"height":71,"caption":"T\u00fcrkiye Diyanet Vakf\u0131"},"image":{"@id":"https:\/\/tdv.org\/tr-TR\/#\/schema\/logo\/image\/"},"sameAs":["https:\/\/www.facebook.com\/Diyanetvakfi\/","https:\/\/x.com\/DiyanetVakfi","https:\/\/www.instagram.com\/turkiyediyanetvakfi\/","https:\/\/www.youtube.com\/user\/TurkiyeDiyanetVakfi"]},{"@type":"Person","@id":"https:\/\/tdv.org\/tr-TR\/#\/schema\/person\/752b55e264a99273d55636516d96d5eb","name":"Selim","image":{"@type":"ImageObject","inLanguage":"tr","@id":"https:\/\/tdv.org\/tr-TR\/wp-content\/litespeed\/avatar\/a1e47b25396e98e5b781e88a5396cd96.jpg?ver=1777287391","url":"https:\/\/tdv.org\/tr-TR\/wp-content\/litespeed\/avatar\/a1e47b25396e98e5b781e88a5396cd96.jpg?ver=1777287391","contentUrl":"https:\/\/tdv.org\/tr-TR\/wp-content\/litespeed\/avatar\/a1e47b25396e98e5b781e88a5396cd96.jpg?ver=1777287391","caption":"Selim"}}]}},"_links":{"self":[{"href":"https:\/\/tdv.org\/tr-TR\/wp-json\/wp\/v2\/posts\/46440","targetHints":{"allow":["GET"]}}],"collection":[{"href":"https:\/\/tdv.org\/tr-TR\/wp-json\/wp\/v2\/posts"}],"about":[{"href":"https:\/\/tdv.org\/tr-TR\/wp-json\/wp\/v2\/types\/post"}],"author":[{"embeddable":true,"href":"https:\/\/tdv.org\/tr-TR\/wp-json\/wp\/v2\/users\/8"}],"replies":[{"embeddable":true,"href":"https:\/\/tdv.org\/tr-TR\/wp-json\/wp\/v2\/comments?post=46440"}],"version-history":[{"count":2,"href":"https:\/\/tdv.org\/tr-TR\/wp-json\/wp\/v2\/posts\/46440\/revisions"}],"predecessor-version":[{"id":46449,"href":"https:\/\/tdv.org\/tr-TR\/wp-json\/wp\/v2\/posts\/46440\/revisions\/46449"}],"wp:featuredmedia":[{"embeddable":true,"href":"https:\/\/tdv.org\/tr-TR\/wp-json\/wp\/v2\/media\/46443"}],"wp:attachment":[{"href":"https:\/\/tdv.org\/tr-TR\/wp-json\/wp\/v2\/media?parent=46440"}],"wp:term":[{"taxonomy":"category","embeddable":true,"href":"https:\/\/tdv.org\/tr-TR\/wp-json\/wp\/v2\/categories?post=46440"},{"taxonomy":"post_tag","embeddable":true,"href":"https:\/\/tdv.org\/tr-TR\/wp-json\/wp\/v2\/tags?post=46440"}],"curies":[{"name":"wp","href":"https:\/\/api.w.org\/{rel}","templated":true}]}}