{"id":46459,"date":"2024-09-27T10:37:15","date_gmt":"2024-09-27T07:37:15","guid":{"rendered":"https:\/\/tdv.org\/tr-TR\/?p=46459"},"modified":"2024-09-27T10:37:15","modified_gmt":"2024-09-27T07:37:15","slug":"turkiye-diyanet-vakfi-lubnan-icin-yardim-kampanyasi-baslatti","status":"publish","type":"post","link":"https:\/\/tdv.org\/tr-TR\/turkiye-diyanet-vakfi-lubnan-icin-yardim-kampanyasi-baslatti\/","title":{"rendered":"T\u00fcrkiye Diyanet Vakf\u0131 L\u00fcbnan i\u00e7in yard\u0131m kampanyas\u0131 ba\u015flatt\u0131"},"content":{"rendered":"<p style=\"text-align: justify;\"><a href=\"https:\/\/tdv.org\/tr-TR\" target=\"_blank\" rel=\"noopener\">T\u00fcrkiye Diyanet Vakf\u0131<\/a> \u0130srail&#8217;in sald\u0131r\u0131lar\u0131 sonucu zor g\u00fcnler ya\u015fayan <a href=\"https:\/\/bagis.tdv.org\/kriz-bolgeleri\/lubnan-148\" target=\"_blank\" rel=\"noopener\">L\u00fcbnan<\/a> halk\u0131na destek olmak i\u00e7in <a href=\"https:\/\/bagis.tdv.org\/kriz-bolgeleri\/lubnan-148\" target=\"_blank\" rel=\"noopener\">&#8220;L\u00fcbnan Acil Yard\u0131m Bekliyor&#8221;<\/a> slogan\u0131yla bir <a href=\"https:\/\/bagis.tdv.org\/kriz-bolgeleri\/lubnan-148\" target=\"_blank\" rel=\"noopener\">yard\u0131m kampanyas\u0131<\/a> ba\u015flatt\u0131.<\/p>\n<p style=\"text-align: justify;\"><a href=\"https:\/\/tdv.org\/tr-TR\/kurumsal\/izani-turan\/\" target=\"_blank\" rel=\"noopener\">T\u00fcrkiye Diyanet Vakf\u0131 Genel M\u00fcd\u00fcr\u00fc \u0130zani Turan<\/a>, \u0130srail&#8217;in 7 Ekim\u2019den bu yana <a href=\"https:\/\/bagis.tdv.org\/kriz-bolgeleri\/filistin-6\" target=\"_blank\" rel=\"noopener\">Filistin&#8217;de<\/a> soyk\u0131r\u0131ma d\u00f6n\u00fc\u015fen zulm\u00fcn\u00fcn <a href=\"https:\/\/bagis.tdv.org\/kriz-bolgeleri\/lubnan-148\" target=\"_blank\" rel=\"noopener\">L\u00fcbnan&#8217;da<\/a> devam etti\u011fini belirtti. 23 Eyl\u00fcl&#8217;den itibaren <a href=\"https:\/\/bagis.tdv.org\/kriz-bolgeleri\/lubnan-148\" target=\"_blank\" rel=\"noopener\">L\u00fcbnan&#8217;\u0131n<\/a> g\u00fcney kentleri, Bekaa ve Baalbek b\u00f6lgelerine y\u00fczlerce hava sald\u0131r\u0131s\u0131 d\u00fczenleyen \u0130srail&#8217;in masum sivilleri katletti\u011fini vurgulayan Turan, y\u00fcz binlerce <a href=\"https:\/\/bagis.tdv.org\/kriz-bolgeleri\/lubnan-148\" target=\"_blank\" rel=\"noopener\">L\u00fcbnanl\u0131n\u0131n<\/a> da evlerini terk etmek zorunda kald\u0131\u011f\u0131n\u0131 s\u00f6yledi.<\/p>\n<p style=\"text-align: justify;\">\u0130srail&#8217;in <a href=\"https:\/\/bagis.tdv.org\/kriz-bolgeleri\/filistin-6\" target=\"_blank\" rel=\"noopener\">Gazze&#8217;de<\/a> s\u00fcrd\u00fcrd\u00fc\u011f\u00fc vah\u015feti <a href=\"https:\/\/bagis.tdv.org\/kriz-bolgeleri\/lubnan-148\" target=\"_blank\" rel=\"noopener\">L\u00fcbnan&#8217;a<\/a> ta\u015f\u0131d\u0131\u011f\u0131n\u0131 aktaran Turan, &#8220;Bu insanl\u0131k d\u0131\u015f\u0131 sald\u0131r\u0131lardan en \u00e7ok \u00e7ocuklar, kad\u0131nlar ve ya\u015fl\u0131lar etkileniyor. Binlerce insan evinden ve yurdundan g\u00f6\u00e7 etmek zorunda kal\u0131yor. Can g\u00fcvenli\u011fi olmayan ve sald\u0131r\u0131lar nedeniyle zor durumda olan karde\u015flerimize T\u00fcrkiye Diyanet Vakf\u0131 olarak yard\u0131mlar\u0131 ula\u015ft\u0131rmaya ba\u015flad\u0131k. Bu zor g\u00fcnlerinde alicenap milletimizin destekleriyle L\u00fcbnanl\u0131 karde\u015flerimizin yan\u0131nda olaca\u011f\u0131z&#8221; dedi.<\/p>\n<p style=\"text-align: justify;\">L\u00fcbnan devletinin \u0130srail&#8217;in yo\u011fun sald\u0131r\u0131lar\u0131 nedeniyle acil yard\u0131m \u00e7a\u011fr\u0131s\u0131nda bulundu\u011funu hat\u0131rlatan Turan, &#8220;L\u00fcbnan&#8217;a sald\u0131r\u0131lardan 48 saat sonra \u00fclkemiz, Cumhurba\u015fkan\u0131m\u0131z Recep Tayyip Erdo\u011fan&#8217;\u0131n talimat\u0131yla 30 tonluk insani yard\u0131m\u0131 ula\u015ft\u0131rd\u0131. \u015eu anda b\u00f6lgede olan g\u00f6revlilerimiz yard\u0131m \u00e7al\u0131\u015fmalar\u0131m\u0131z\u0131 y\u00fcr\u00fct\u00fcyor. Yaralar\u0131n sar\u0131lmas\u0131 i\u00e7in t\u00fcm imkanlar\u0131m\u0131z\u0131 seferber ettik. Yard\u0131mla\u015fma ve dayan\u0131\u015fma duygusuyla zor durumda kalan karde\u015flerimizin yan\u0131nda olaca\u011f\u0131z&#8221; \u015feklinde konu\u015ftu<\/p>\n<p style=\"text-align: justify;\">Kampanyaya destek olmak isteyen hay\u0131rseverler, &#8220;<a href=\"https:\/\/bagis.tdv.org\/kriz-bolgeleri\/lubnan-148\" target=\"_blank\" rel=\"noopener\">L\u00dcBNAN<\/a>&#8221; yaz\u0131p 5601\u2019e SMS g\u00f6ndererek 25 TL destek verebilecekler. Ayr\u0131ca <a href=\"https:\/\/bagis.tdv.org\/kriz-bolgeleri\/lubnan-148\" target=\"_blank\" rel=\"noopener\">bagis.tdv.org<\/a> adresinden, <a href=\"https:\/\/tdv.org\/tr-TR\/mobil-uygulamalarimiz\/\" target=\"_blank\" rel=\"noopener\">TDV mobil ba\u011f\u0131\u015f uygulamas\u0131ndan<\/a> veya m\u00fcft\u00fcl\u00fckler ile \u015fubeler \u00fczerinden istedikleri miktarda <a href=\"https:\/\/bagis.tdv.org\/kriz-bolgeleri\/lubnan-148\">ba\u011f\u0131\u015f<\/a> yapabilecekler.<\/p>\n\n\t\t<style type=\"text\/css\">\n\t\t\t#gallery-1 {\n\t\t\t\tmargin: auto;\n\t\t\t}\n\t\t\t#gallery-1 .gallery-item {\n\t\t\t\tfloat: left;\n\t\t\t\tmargin-top: 10px;\n\t\t\t\ttext-align: center;\n\t\t\t\twidth: 33%;\n\t\t\t}\n\t\t\t#gallery-1 img {\n\t\t\t\tborder: 2px solid #cfcfcf;\n\t\t\t}\n\t\t\t#gallery-1 .gallery-caption {\n\t\t\t\tmargin-left: 0;\n\t\t\t}\n\t\t\t\/* see gallery_shortcode() in wp-includes\/media.php *\/\n\t\t<\/style>\n\t\t<div id='gallery-1' class='gallery galleryid-46459 gallery-columns-3 gallery-size-full'><dl class='gallery-item'>\n\t\t\t<dt class='gallery-icon landscape'>\n\t\t\t\t<a href='https:\/\/tdv.org\/tr-TR\/wp-content\/uploads\/2024\/09\/turkiye-diyanet-vakfi-lubnan-icin-yardim-kampanyasi-baslatti-13.jpg'><img decoding=\"async\" width=\"1152\" height=\"768\" src=\"https:\/\/tdv.org\/tr-TR\/wp-content\/uploads\/2024\/09\/turkiye-diyanet-vakfi-lubnan-icin-yardim-kampanyasi-baslatti-13.jpg\" class=\"attachment-full size-full\" alt=\"\" srcset=\"https:\/\/tdv.org\/tr-TR\/wp-content\/uploads\/2024\/09\/turkiye-diyanet-vakfi-lubnan-icin-yardim-kampanyasi-baslatti-13.jpg 1152w, https:\/\/tdv.org\/tr-TR\/wp-content\/uploads\/2024\/09\/turkiye-diyanet-vakfi-lubnan-icin-yardim-kampanyasi-baslatti-13-300x200.jpg 300w, https:\/\/tdv.org\/tr-TR\/wp-content\/uploads\/2024\/09\/turkiye-diyanet-vakfi-lubnan-icin-yardim-kampanyasi-baslatti-13-1024x683.jpg 1024w, https:\/\/tdv.org\/tr-TR\/wp-content\/uploads\/2024\/09\/turkiye-diyanet-vakfi-lubnan-icin-yardim-kampanyasi-baslatti-13-768x512.jpg 768w, https:\/\/tdv.org\/tr-TR\/wp-content\/uploads\/2024\/09\/turkiye-diyanet-vakfi-lubnan-icin-yardim-kampanyasi-baslatti-13-900x600.jpg 900w\" sizes=\"(max-width: 1152px) 100vw, 1152px\" \/><\/a>\n\t\t\t<\/dt><\/dl><dl class='gallery-item'>\n\t\t\t<dt class='gallery-icon landscape'>\n\t\t\t\t<a href='https:\/\/tdv.org\/tr-TR\/wp-content\/uploads\/2024\/09\/turkiye-diyanet-vakfi-lubnan-icin-yardim-kampanyasi-baslatti.jpg'><img decoding=\"async\" width=\"1152\" height=\"768\" src=\"https:\/\/tdv.org\/tr-TR\/wp-content\/uploads\/2024\/09\/turkiye-diyanet-vakfi-lubnan-icin-yardim-kampanyasi-baslatti.jpg\" class=\"attachment-full size-full\" alt=\"\" srcset=\"https:\/\/tdv.org\/tr-TR\/wp-content\/uploads\/2024\/09\/turkiye-diyanet-vakfi-lubnan-icin-yardim-kampanyasi-baslatti.jpg 1152w, https:\/\/tdv.org\/tr-TR\/wp-content\/uploads\/2024\/09\/turkiye-diyanet-vakfi-lubnan-icin-yardim-kampanyasi-baslatti-300x200.jpg 300w, https:\/\/tdv.org\/tr-TR\/wp-content\/uploads\/2024\/09\/turkiye-diyanet-vakfi-lubnan-icin-yardim-kampanyasi-baslatti-1024x683.jpg 1024w, https:\/\/tdv.org\/tr-TR\/wp-content\/uploads\/2024\/09\/turkiye-diyanet-vakfi-lubnan-icin-yardim-kampanyasi-baslatti-768x512.jpg 768w, https:\/\/tdv.org\/tr-TR\/wp-content\/uploads\/2024\/09\/turkiye-diyanet-vakfi-lubnan-icin-yardim-kampanyasi-baslatti-900x600.jpg 900w\" sizes=\"(max-width: 1152px) 100vw, 1152px\" \/><\/a>\n\t\t\t<\/dt><\/dl><dl class='gallery-item'>\n\t\t\t<dt class='gallery-icon landscape'>\n\t\t\t\t<a href='https:\/\/tdv.org\/tr-TR\/wp-content\/uploads\/2024\/09\/turkiye-diyanet-vakfi-lubnan-icin-yardim-kampanyasi-baslatti-2.jpg'><img decoding=\"async\" width=\"1152\" height=\"768\" src=\"https:\/\/tdv.org\/tr-TR\/wp-content\/uploads\/2024\/09\/turkiye-diyanet-vakfi-lubnan-icin-yardim-kampanyasi-baslatti-2.jpg\" class=\"attachment-full size-full\" alt=\"\" srcset=\"https:\/\/tdv.org\/tr-TR\/wp-content\/uploads\/2024\/09\/turkiye-diyanet-vakfi-lubnan-icin-yardim-kampanyasi-baslatti-2.jpg 1152w, https:\/\/tdv.org\/tr-TR\/wp-content\/uploads\/2024\/09\/turkiye-diyanet-vakfi-lubnan-icin-yardim-kampanyasi-baslatti-2-300x200.jpg 300w, https:\/\/tdv.org\/tr-TR\/wp-content\/uploads\/2024\/09\/turkiye-diyanet-vakfi-lubnan-icin-yardim-kampanyasi-baslatti-2-1024x683.jpg 1024w, https:\/\/tdv.org\/tr-TR\/wp-content\/uploads\/2024\/09\/turkiye-diyanet-vakfi-lubnan-icin-yardim-kampanyasi-baslatti-2-768x512.jpg 768w, https:\/\/tdv.org\/tr-TR\/wp-content\/uploads\/2024\/09\/turkiye-diyanet-vakfi-lubnan-icin-yardim-kampanyasi-baslatti-2-900x600.jpg 900w\" sizes=\"(max-width: 1152px) 100vw, 1152px\" \/><\/a>\n\t\t\t<\/dt><\/dl><br style=\"clear: both\" \/><dl class='gallery-item'>\n\t\t\t<dt class='gallery-icon landscape'>\n\t\t\t\t<a href='https:\/\/tdv.org\/tr-TR\/wp-content\/uploads\/2024\/09\/turkiye-diyanet-vakfi-lubnan-icin-yardim-kampanyasi-baslatti-3.jpg'><img decoding=\"async\" width=\"1152\" height=\"768\" src=\"https:\/\/tdv.org\/tr-TR\/wp-content\/uploads\/2024\/09\/turkiye-diyanet-vakfi-lubnan-icin-yardim-kampanyasi-baslatti-3.jpg\" class=\"attachment-full size-full\" alt=\"\" srcset=\"https:\/\/tdv.org\/tr-TR\/wp-content\/uploads\/2024\/09\/turkiye-diyanet-vakfi-lubnan-icin-yardim-kampanyasi-baslatti-3.jpg 1152w, https:\/\/tdv.org\/tr-TR\/wp-content\/uploads\/2024\/09\/turkiye-diyanet-vakfi-lubnan-icin-yardim-kampanyasi-baslatti-3-300x200.jpg 300w, https:\/\/tdv.org\/tr-TR\/wp-content\/uploads\/2024\/09\/turkiye-diyanet-vakfi-lubnan-icin-yardim-kampanyasi-baslatti-3-1024x683.jpg 1024w, https:\/\/tdv.org\/tr-TR\/wp-content\/uploads\/2024\/09\/turkiye-diyanet-vakfi-lubnan-icin-yardim-kampanyasi-baslatti-3-768x512.jpg 768w, https:\/\/tdv.org\/tr-TR\/wp-content\/uploads\/2024\/09\/turkiye-diyanet-vakfi-lubnan-icin-yardim-kampanyasi-baslatti-3-900x600.jpg 900w\" sizes=\"(max-width: 1152px) 100vw, 1152px\" \/><\/a>\n\t\t\t<\/dt><\/dl><dl class='gallery-item'>\n\t\t\t<dt class='gallery-icon landscape'>\n\t\t\t\t<a href='https:\/\/tdv.org\/tr-TR\/wp-content\/uploads\/2024\/09\/turkiye-diyanet-vakfi-lubnan-icin-yardim-kampanyasi-baslatti-4.jpg'><img decoding=\"async\" width=\"1152\" height=\"768\" src=\"https:\/\/tdv.org\/tr-TR\/wp-content\/uploads\/2024\/09\/turkiye-diyanet-vakfi-lubnan-icin-yardim-kampanyasi-baslatti-4.jpg\" class=\"attachment-full size-full\" alt=\"\" srcset=\"https:\/\/tdv.org\/tr-TR\/wp-content\/uploads\/2024\/09\/turkiye-diyanet-vakfi-lubnan-icin-yardim-kampanyasi-baslatti-4.jpg 1152w, https:\/\/tdv.org\/tr-TR\/wp-content\/uploads\/2024\/09\/turkiye-diyanet-vakfi-lubnan-icin-yardim-kampanyasi-baslatti-4-300x200.jpg 300w, https:\/\/tdv.org\/tr-TR\/wp-content\/uploads\/2024\/09\/turkiye-diyanet-vakfi-lubnan-icin-yardim-kampanyasi-baslatti-4-1024x683.jpg 1024w, https:\/\/tdv.org\/tr-TR\/wp-content\/uploads\/2024\/09\/turkiye-diyanet-vakfi-lubnan-icin-yardim-kampanyasi-baslatti-4-768x512.jpg 768w, https:\/\/tdv.org\/tr-TR\/wp-content\/uploads\/2024\/09\/turkiye-diyanet-vakfi-lubnan-icin-yardim-kampanyasi-baslatti-4-900x600.jpg 900w\" sizes=\"(max-width: 1152px) 100vw, 1152px\" \/><\/a>\n\t\t\t<\/dt><\/dl><dl class='gallery-item'>\n\t\t\t<dt class='gallery-icon landscape'>\n\t\t\t\t<a href='https:\/\/tdv.org\/tr-TR\/wp-content\/uploads\/2024\/09\/turkiye-diyanet-vakfi-lubnan-icin-yardim-kampanyasi-baslatti-5.jpg'><img decoding=\"async\" width=\"1152\" height=\"768\" src=\"https:\/\/tdv.org\/tr-TR\/wp-content\/uploads\/2024\/09\/turkiye-diyanet-vakfi-lubnan-icin-yardim-kampanyasi-baslatti-5.jpg\" class=\"attachment-full size-full\" alt=\"\" srcset=\"https:\/\/tdv.org\/tr-TR\/wp-content\/uploads\/2024\/09\/turkiye-diyanet-vakfi-lubnan-icin-yardim-kampanyasi-baslatti-5.jpg 1152w, https:\/\/tdv.org\/tr-TR\/wp-content\/uploads\/2024\/09\/turkiye-diyanet-vakfi-lubnan-icin-yardim-kampanyasi-baslatti-5-300x200.jpg 300w, https:\/\/tdv.org\/tr-TR\/wp-content\/uploads\/2024\/09\/turkiye-diyanet-vakfi-lubnan-icin-yardim-kampanyasi-baslatti-5-1024x683.jpg 1024w, https:\/\/tdv.org\/tr-TR\/wp-content\/uploads\/2024\/09\/turkiye-diyanet-vakfi-lubnan-icin-yardim-kampanyasi-baslatti-5-768x512.jpg 768w, https:\/\/tdv.org\/tr-TR\/wp-content\/uploads\/2024\/09\/turkiye-diyanet-vakfi-lubnan-icin-yardim-kampanyasi-baslatti-5-900x600.jpg 900w\" sizes=\"(max-width: 1152px) 100vw, 1152px\" \/><\/a>\n\t\t\t<\/dt><\/dl><br style=\"clear: both\" \/><dl class='gallery-item'>\n\t\t\t<dt class='gallery-icon landscape'>\n\t\t\t\t<a href='https:\/\/tdv.org\/tr-TR\/wp-content\/uploads\/2024\/09\/turkiye-diyanet-vakfi-lubnan-icin-yardim-kampanyasi-baslatti-6.jpg'><img decoding=\"async\" width=\"1152\" height=\"768\" src=\"https:\/\/tdv.org\/tr-TR\/wp-content\/uploads\/2024\/09\/turkiye-diyanet-vakfi-lubnan-icin-yardim-kampanyasi-baslatti-6.jpg\" class=\"attachment-full size-full\" alt=\"\" srcset=\"https:\/\/tdv.org\/tr-TR\/wp-content\/uploads\/2024\/09\/turkiye-diyanet-vakfi-lubnan-icin-yardim-kampanyasi-baslatti-6.jpg 1152w, https:\/\/tdv.org\/tr-TR\/wp-content\/uploads\/2024\/09\/turkiye-diyanet-vakfi-lubnan-icin-yardim-kampanyasi-baslatti-6-300x200.jpg 300w, https:\/\/tdv.org\/tr-TR\/wp-content\/uploads\/2024\/09\/turkiye-diyanet-vakfi-lubnan-icin-yardim-kampanyasi-baslatti-6-1024x683.jpg 1024w, https:\/\/tdv.org\/tr-TR\/wp-content\/uploads\/2024\/09\/turkiye-diyanet-vakfi-lubnan-icin-yardim-kampanyasi-baslatti-6-768x512.jpg 768w, https:\/\/tdv.org\/tr-TR\/wp-content\/uploads\/2024\/09\/turkiye-diyanet-vakfi-lubnan-icin-yardim-kampanyasi-baslatti-6-900x600.jpg 900w\" sizes=\"(max-width: 1152px) 100vw, 1152px\" \/><\/a>\n\t\t\t<\/dt><\/dl><dl class='gallery-item'>\n\t\t\t<dt class='gallery-icon landscape'>\n\t\t\t\t<a href='https:\/\/tdv.org\/tr-TR\/wp-content\/uploads\/2024\/09\/turkiye-diyanet-vakfi-lubnan-icin-yardim-kampanyasi-baslatti-7.jpg'><img decoding=\"async\" width=\"1152\" height=\"768\" src=\"https:\/\/tdv.org\/tr-TR\/wp-content\/uploads\/2024\/09\/turkiye-diyanet-vakfi-lubnan-icin-yardim-kampanyasi-baslatti-7.jpg\" class=\"attachment-full size-full\" alt=\"\" srcset=\"https:\/\/tdv.org\/tr-TR\/wp-content\/uploads\/2024\/09\/turkiye-diyanet-vakfi-lubnan-icin-yardim-kampanyasi-baslatti-7.jpg 1152w, https:\/\/tdv.org\/tr-TR\/wp-content\/uploads\/2024\/09\/turkiye-diyanet-vakfi-lubnan-icin-yardim-kampanyasi-baslatti-7-300x200.jpg 300w, https:\/\/tdv.org\/tr-TR\/wp-content\/uploads\/2024\/09\/turkiye-diyanet-vakfi-lubnan-icin-yardim-kampanyasi-baslatti-7-1024x683.jpg 1024w, https:\/\/tdv.org\/tr-TR\/wp-content\/uploads\/2024\/09\/turkiye-diyanet-vakfi-lubnan-icin-yardim-kampanyasi-baslatti-7-768x512.jpg 768w, https:\/\/tdv.org\/tr-TR\/wp-content\/uploads\/2024\/09\/turkiye-diyanet-vakfi-lubnan-icin-yardim-kampanyasi-baslatti-7-900x600.jpg 900w\" sizes=\"(max-width: 1152px) 100vw, 1152px\" \/><\/a>\n\t\t\t<\/dt><\/dl><dl class='gallery-item'>\n\t\t\t<dt class='gallery-icon landscape'>\n\t\t\t\t<a href='https:\/\/tdv.org\/tr-TR\/wp-content\/uploads\/2024\/09\/turkiye-diyanet-vakfi-lubnan-icin-yardim-kampanyasi-baslatti-8.jpg'><img decoding=\"async\" width=\"1152\" height=\"768\" src=\"https:\/\/tdv.org\/tr-TR\/wp-content\/uploads\/2024\/09\/turkiye-diyanet-vakfi-lubnan-icin-yardim-kampanyasi-baslatti-8.jpg\" class=\"attachment-full size-full\" alt=\"\" srcset=\"https:\/\/tdv.org\/tr-TR\/wp-content\/uploads\/2024\/09\/turkiye-diyanet-vakfi-lubnan-icin-yardim-kampanyasi-baslatti-8.jpg 1152w, https:\/\/tdv.org\/tr-TR\/wp-content\/uploads\/2024\/09\/turkiye-diyanet-vakfi-lubnan-icin-yardim-kampanyasi-baslatti-8-300x200.jpg 300w, https:\/\/tdv.org\/tr-TR\/wp-content\/uploads\/2024\/09\/turkiye-diyanet-vakfi-lubnan-icin-yardim-kampanyasi-baslatti-8-1024x683.jpg 1024w, https:\/\/tdv.org\/tr-TR\/wp-content\/uploads\/2024\/09\/turkiye-diyanet-vakfi-lubnan-icin-yardim-kampanyasi-baslatti-8-768x512.jpg 768w, https:\/\/tdv.org\/tr-TR\/wp-content\/uploads\/2024\/09\/turkiye-diyanet-vakfi-lubnan-icin-yardim-kampanyasi-baslatti-8-900x600.jpg 900w\" sizes=\"(max-width: 1152px) 100vw, 1152px\" \/><\/a>\n\t\t\t<\/dt><\/dl><br style=\"clear: both\" \/><dl class='gallery-item'>\n\t\t\t<dt class='gallery-icon landscape'>\n\t\t\t\t<a href='https:\/\/tdv.org\/tr-TR\/wp-content\/uploads\/2024\/09\/turkiye-diyanet-vakfi-lubnan-icin-yardim-kampanyasi-baslatti-9.jpg'><img decoding=\"async\" width=\"1152\" height=\"768\" src=\"https:\/\/tdv.org\/tr-TR\/wp-content\/uploads\/2024\/09\/turkiye-diyanet-vakfi-lubnan-icin-yardim-kampanyasi-baslatti-9.jpg\" class=\"attachment-full size-full\" alt=\"\" srcset=\"https:\/\/tdv.org\/tr-TR\/wp-content\/uploads\/2024\/09\/turkiye-diyanet-vakfi-lubnan-icin-yardim-kampanyasi-baslatti-9.jpg 1152w, https:\/\/tdv.org\/tr-TR\/wp-content\/uploads\/2024\/09\/turkiye-diyanet-vakfi-lubnan-icin-yardim-kampanyasi-baslatti-9-300x200.jpg 300w, https:\/\/tdv.org\/tr-TR\/wp-content\/uploads\/2024\/09\/turkiye-diyanet-vakfi-lubnan-icin-yardim-kampanyasi-baslatti-9-1024x683.jpg 1024w, https:\/\/tdv.org\/tr-TR\/wp-content\/uploads\/2024\/09\/turkiye-diyanet-vakfi-lubnan-icin-yardim-kampanyasi-baslatti-9-768x512.jpg 768w, https:\/\/tdv.org\/tr-TR\/wp-content\/uploads\/2024\/09\/turkiye-diyanet-vakfi-lubnan-icin-yardim-kampanyasi-baslatti-9-900x600.jpg 900w\" sizes=\"(max-width: 1152px) 100vw, 1152px\" \/><\/a>\n\t\t\t<\/dt><\/dl><dl class='gallery-item'>\n\t\t\t<dt class='gallery-icon landscape'>\n\t\t\t\t<a href='https:\/\/tdv.org\/tr-TR\/wp-content\/uploads\/2024\/09\/turkiye-diyanet-vakfi-lubnan-icin-yardim-kampanyasi-baslatti-10.jpg'><img decoding=\"async\" width=\"1152\" height=\"768\" src=\"https:\/\/tdv.org\/tr-TR\/wp-content\/uploads\/2024\/09\/turkiye-diyanet-vakfi-lubnan-icin-yardim-kampanyasi-baslatti-10.jpg\" class=\"attachment-full size-full\" alt=\"\" srcset=\"https:\/\/tdv.org\/tr-TR\/wp-content\/uploads\/2024\/09\/turkiye-diyanet-vakfi-lubnan-icin-yardim-kampanyasi-baslatti-10.jpg 1152w, https:\/\/tdv.org\/tr-TR\/wp-content\/uploads\/2024\/09\/turkiye-diyanet-vakfi-lubnan-icin-yardim-kampanyasi-baslatti-10-300x200.jpg 300w, https:\/\/tdv.org\/tr-TR\/wp-content\/uploads\/2024\/09\/turkiye-diyanet-vakfi-lubnan-icin-yardim-kampanyasi-baslatti-10-1024x683.jpg 1024w, https:\/\/tdv.org\/tr-TR\/wp-content\/uploads\/2024\/09\/turkiye-diyanet-vakfi-lubnan-icin-yardim-kampanyasi-baslatti-10-768x512.jpg 768w, https:\/\/tdv.org\/tr-TR\/wp-content\/uploads\/2024\/09\/turkiye-diyanet-vakfi-lubnan-icin-yardim-kampanyasi-baslatti-10-900x600.jpg 900w\" sizes=\"(max-width: 1152px) 100vw, 1152px\" \/><\/a>\n\t\t\t<\/dt><\/dl><dl class='gallery-item'>\n\t\t\t<dt class='gallery-icon landscape'>\n\t\t\t\t<a href='https:\/\/tdv.org\/tr-TR\/wp-content\/uploads\/2024\/09\/turkiye-diyanet-vakfi-lubnan-icin-yardim-kampanyasi-baslatti-11.jpg'><img decoding=\"async\" width=\"1152\" height=\"768\" src=\"https:\/\/tdv.org\/tr-TR\/wp-content\/uploads\/2024\/09\/turkiye-diyanet-vakfi-lubnan-icin-yardim-kampanyasi-baslatti-11.jpg\" class=\"attachment-full size-full\" alt=\"\" srcset=\"https:\/\/tdv.org\/tr-TR\/wp-content\/uploads\/2024\/09\/turkiye-diyanet-vakfi-lubnan-icin-yardim-kampanyasi-baslatti-11.jpg 1152w, https:\/\/tdv.org\/tr-TR\/wp-content\/uploads\/2024\/09\/turkiye-diyanet-vakfi-lubnan-icin-yardim-kampanyasi-baslatti-11-300x200.jpg 300w, https:\/\/tdv.org\/tr-TR\/wp-content\/uploads\/2024\/09\/turkiye-diyanet-vakfi-lubnan-icin-yardim-kampanyasi-baslatti-11-1024x683.jpg 1024w, https:\/\/tdv.org\/tr-TR\/wp-content\/uploads\/2024\/09\/turkiye-diyanet-vakfi-lubnan-icin-yardim-kampanyasi-baslatti-11-768x512.jpg 768w, https:\/\/tdv.org\/tr-TR\/wp-content\/uploads\/2024\/09\/turkiye-diyanet-vakfi-lubnan-icin-yardim-kampanyasi-baslatti-11-900x600.jpg 900w\" sizes=\"(max-width: 1152px) 100vw, 1152px\" \/><\/a>\n\t\t\t<\/dt><\/dl><br style=\"clear: both\" \/><dl class='gallery-item'>\n\t\t\t<dt class='gallery-icon landscape'>\n\t\t\t\t<a href='https:\/\/tdv.org\/tr-TR\/wp-content\/uploads\/2024\/09\/turkiye-diyanet-vakfi-lubnan-icin-yardim-kampanyasi-baslatti-12.jpg'><img decoding=\"async\" width=\"1152\" height=\"768\" src=\"https:\/\/tdv.org\/tr-TR\/wp-content\/uploads\/2024\/09\/turkiye-diyanet-vakfi-lubnan-icin-yardim-kampanyasi-baslatti-12.jpg\" class=\"attachment-full size-full\" alt=\"\" srcset=\"https:\/\/tdv.org\/tr-TR\/wp-content\/uploads\/2024\/09\/turkiye-diyanet-vakfi-lubnan-icin-yardim-kampanyasi-baslatti-12.jpg 1152w, https:\/\/tdv.org\/tr-TR\/wp-content\/uploads\/2024\/09\/turkiye-diyanet-vakfi-lubnan-icin-yardim-kampanyasi-baslatti-12-300x200.jpg 300w, https:\/\/tdv.org\/tr-TR\/wp-content\/uploads\/2024\/09\/turkiye-diyanet-vakfi-lubnan-icin-yardim-kampanyasi-baslatti-12-1024x683.jpg 1024w, https:\/\/tdv.org\/tr-TR\/wp-content\/uploads\/2024\/09\/turkiye-diyanet-vakfi-lubnan-icin-yardim-kampanyasi-baslatti-12-768x512.jpg 768w, https:\/\/tdv.org\/tr-TR\/wp-content\/uploads\/2024\/09\/turkiye-diyanet-vakfi-lubnan-icin-yardim-kampanyasi-baslatti-12-900x600.jpg 900w\" sizes=\"(max-width: 1152px) 100vw, 1152px\" \/><\/a>\n\t\t\t<\/dt><\/dl><dl class='gallery-item'>\n\t\t\t<dt class='gallery-icon landscape'>\n\t\t\t\t<a href='https:\/\/tdv.org\/tr-TR\/wp-content\/uploads\/2024\/09\/turkiye-diyanet-vakfi-lubnan-icin-yardim-kampanyasi-baslatti-1.jpg'><img decoding=\"async\" width=\"1620\" height=\"1080\" src=\"https:\/\/tdv.org\/tr-TR\/wp-content\/uploads\/2024\/09\/turkiye-diyanet-vakfi-lubnan-icin-yardim-kampanyasi-baslatti-1.jpg\" class=\"attachment-full size-full\" alt=\"\" srcset=\"https:\/\/tdv.org\/tr-TR\/wp-content\/uploads\/2024\/09\/turkiye-diyanet-vakfi-lubnan-icin-yardim-kampanyasi-baslatti-1.jpg 1620w, https:\/\/tdv.org\/tr-TR\/wp-content\/uploads\/2024\/09\/turkiye-diyanet-vakfi-lubnan-icin-yardim-kampanyasi-baslatti-1-300x200.jpg 300w, https:\/\/tdv.org\/tr-TR\/wp-content\/uploads\/2024\/09\/turkiye-diyanet-vakfi-lubnan-icin-yardim-kampanyasi-baslatti-1-1024x683.jpg 1024w, https:\/\/tdv.org\/tr-TR\/wp-content\/uploads\/2024\/09\/turkiye-diyanet-vakfi-lubnan-icin-yardim-kampanyasi-baslatti-1-768x512.jpg 768w, https:\/\/tdv.org\/tr-TR\/wp-content\/uploads\/2024\/09\/turkiye-diyanet-vakfi-lubnan-icin-yardim-kampanyasi-baslatti-1-1536x1024.jpg 1536w, https:\/\/tdv.org\/tr-TR\/wp-content\/uploads\/2024\/09\/turkiye-diyanet-vakfi-lubnan-icin-yardim-kampanyasi-baslatti-1-900x600.jpg 900w\" sizes=\"(max-width: 1620px) 100vw, 1620px\" \/><\/a>\n\t\t\t<\/dt><\/dl>\n\t\t\t<br style='clear: both' \/>\n\t\t<\/div>\n\n","protected":false},"excerpt":{"rendered":"<p>T\u00fcrkiye Diyanet Vakf\u0131 \u0130srail&#8217;in sald\u0131r\u0131lar\u0131 sonucu zor g\u00fcnler ya\u015fayan L\u00fcbnan halk\u0131na destek olmak i\u00e7in &#8220;L\u00fcbnan Acil Yard\u0131m Bekliyor&#8221; slogan\u0131yla bir yard\u0131m kampanyas\u0131 ba\u015flatt\u0131. T\u00fcrkiye Diyanet Vakf\u0131 Genel M\u00fcd\u00fcr\u00fc \u0130zani Turan,&#8230;<\/p>\n","protected":false},"author":8,"featured_media":46461,"comment_status":"closed","ping_status":"closed","sticky":false,"template":"","format":"standard","meta":{"footnotes":""},"categories":[1],"tags":[445,2345,2225],"class_list":{"0":"post-46459","1":"post","2":"type-post","3":"status-publish","4":"format-standard","5":"has-post-thumbnail","7":"category-haberler","8":"tag-lubnan","9":"tag-lubnan-acil-yardim-bekliyor","10":"tag-yardim-kampanyasi"},"yoast_head":"<!-- This site is optimized with the Yoast SEO plugin v27.5 - https:\/\/yoast.com\/product\/yoast-seo-wordpress\/ -->\n<title>T\u00fcrkiye Diyanet Vakf\u0131 L\u00fcbnan i\u00e7in yard\u0131m kampanyas\u0131 ba\u015flatt\u0131<\/title>\n<meta name=\"description\" content=\"T\u00fcrkiye Diyanet Vakf\u0131 \u0130srail&#039;in sald\u0131r\u0131lar\u0131 sonucu zor g\u00fcnler ya\u015fayan L\u00fcbnan halk\u0131na destek olmak i\u00e7in &quot;L\u00fcbnan Acil Yard\u0131m Bekliyor&quot; slogan\u0131yla bir yard\u0131m kampanyas\u0131 ba\u015flatt\u0131.\" \/>\n<meta name=\"robots\" content=\"index, follow, max-snippet:-1, max-image-preview:large, max-video-preview:-1\" \/>\n<link rel=\"canonical\" href=\"https:\/\/tdv.org\/tr-TR\/turkiye-diyanet-vakfi-lubnan-icin-yardim-kampanyasi-baslatti\/\" \/>\n<meta property=\"og:locale\" content=\"tr_TR\" \/>\n<meta property=\"og:type\" content=\"article\" \/>\n<meta property=\"og:title\" content=\"T\u00fcrkiye Diyanet Vakf\u0131 L\u00fcbnan i\u00e7in yard\u0131m kampanyas\u0131 ba\u015flatt\u0131\" \/>\n<meta property=\"og:description\" content=\"T\u00fcrkiye Diyanet Vakf\u0131 \u0130srail&#039;in sald\u0131r\u0131lar\u0131 sonucu zor g\u00fcnler ya\u015fayan L\u00fcbnan halk\u0131na destek olmak i\u00e7in &quot;L\u00fcbnan Acil Yard\u0131m Bekliyor&quot; slogan\u0131yla bir yard\u0131m kampanyas\u0131 ba\u015flatt\u0131.\" \/>\n<meta property=\"og:url\" content=\"https:\/\/tdv.org\/tr-TR\/turkiye-diyanet-vakfi-lubnan-icin-yardim-kampanyasi-baslatti\/\" \/>\n<meta property=\"og:site_name\" content=\"T\u00fcrkiye Diyanet Vakf\u0131 Resmi Web Sitesi\" \/>\n<meta property=\"article:publisher\" content=\"https:\/\/www.facebook.com\/Diyanetvakfi\/\" \/>\n<meta property=\"article:published_time\" content=\"2024-09-27T07:37:15+00:00\" \/>\n<meta property=\"og:image\" content=\"https:\/\/tdv.org\/tr-TR\/wp-content\/uploads\/2024\/09\/turkiye-diyanet-vakfi-lubnan-icin-yardim-kampanyasi-baslatti.jpg\" \/>\n\t<meta property=\"og:image:width\" content=\"1152\" \/>\n\t<meta property=\"og:image:height\" content=\"768\" \/>\n\t<meta property=\"og:image:type\" content=\"image\/jpeg\" \/>\n<meta name=\"author\" content=\"Selim\" \/>\n<meta name=\"twitter:card\" content=\"summary_large_image\" \/>\n<meta name=\"twitter:creator\" content=\"@DiyanetVakfi\" \/>\n<meta name=\"twitter:site\" content=\"@DiyanetVakfi\" \/>\n<script type=\"application\/ld+json\" class=\"yoast-schema-graph\">{\"@context\":\"https:\\\/\\\/schema.org\",\"@graph\":[{\"@type\":\"Article\",\"@id\":\"https:\\\/\\\/tdv.org\\\/tr-TR\\\/turkiye-diyanet-vakfi-lubnan-icin-yardim-kampanyasi-baslatti\\\/#article\",\"isPartOf\":{\"@id\":\"https:\\\/\\\/tdv.org\\\/tr-TR\\\/turkiye-diyanet-vakfi-lubnan-icin-yardim-kampanyasi-baslatti\\\/\"},\"author\":{\"name\":\"Selim\",\"@id\":\"https:\\\/\\\/tdv.org\\\/tr-TR\\\/#\\\/schema\\\/person\\\/752b55e264a99273d55636516d96d5eb\"},\"headline\":\"T\u00fcrkiye Diyanet Vakf\u0131 L\u00fcbnan i\u00e7in yard\u0131m kampanyas\u0131 ba\u015flatt\u0131\",\"datePublished\":\"2024-09-27T07:37:15+00:00\",\"mainEntityOfPage\":{\"@id\":\"https:\\\/\\\/tdv.org\\\/tr-TR\\\/turkiye-diyanet-vakfi-lubnan-icin-yardim-kampanyasi-baslatti\\\/\"},\"wordCount\":364,\"publisher\":{\"@id\":\"https:\\\/\\\/tdv.org\\\/tr-TR\\\/#organization\"},\"image\":{\"@id\":\"https:\\\/\\\/tdv.org\\\/tr-TR\\\/turkiye-diyanet-vakfi-lubnan-icin-yardim-kampanyasi-baslatti\\\/#primaryimage\"},\"thumbnailUrl\":\"https:\\\/\\\/tdv.org\\\/tr-TR\\\/wp-content\\\/uploads\\\/2024\\\/09\\\/turkiye-diyanet-vakfi-lubnan-icin-yardim-kampanyasi-baslatti.jpg\",\"keywords\":[\"L\u00fcbnan\",\"L\u00fcbnan Acil Yard\u0131m Bekliyor\",\"Yard\u0131m Kampanyas\u0131\"],\"articleSection\":[\"Haberler\"],\"inLanguage\":\"tr\"},{\"@type\":\"WebPage\",\"@id\":\"https:\\\/\\\/tdv.org\\\/tr-TR\\\/turkiye-diyanet-vakfi-lubnan-icin-yardim-kampanyasi-baslatti\\\/\",\"url\":\"https:\\\/\\\/tdv.org\\\/tr-TR\\\/turkiye-diyanet-vakfi-lubnan-icin-yardim-kampanyasi-baslatti\\\/\",\"name\":\"T\u00fcrkiye Diyanet Vakf\u0131 L\u00fcbnan i\u00e7in yard\u0131m kampanyas\u0131 ba\u015flatt\u0131\",\"isPartOf\":{\"@id\":\"https:\\\/\\\/tdv.org\\\/tr-TR\\\/#website\"},\"primaryImageOfPage\":{\"@id\":\"https:\\\/\\\/tdv.org\\\/tr-TR\\\/turkiye-diyanet-vakfi-lubnan-icin-yardim-kampanyasi-baslatti\\\/#primaryimage\"},\"image\":{\"@id\":\"https:\\\/\\\/tdv.org\\\/tr-TR\\\/turkiye-diyanet-vakfi-lubnan-icin-yardim-kampanyasi-baslatti\\\/#primaryimage\"},\"thumbnailUrl\":\"https:\\\/\\\/tdv.org\\\/tr-TR\\\/wp-content\\\/uploads\\\/2024\\\/09\\\/turkiye-diyanet-vakfi-lubnan-icin-yardim-kampanyasi-baslatti.jpg\",\"datePublished\":\"2024-09-27T07:37:15+00:00\",\"description\":\"T\u00fcrkiye Diyanet Vakf\u0131 \u0130srail'in sald\u0131r\u0131lar\u0131 sonucu zor g\u00fcnler ya\u015fayan L\u00fcbnan halk\u0131na destek olmak i\u00e7in \\\"L\u00fcbnan Acil Yard\u0131m Bekliyor\\\" slogan\u0131yla bir yard\u0131m kampanyas\u0131 ba\u015flatt\u0131.\",\"breadcrumb\":{\"@id\":\"https:\\\/\\\/tdv.org\\\/tr-TR\\\/turkiye-diyanet-vakfi-lubnan-icin-yardim-kampanyasi-baslatti\\\/#breadcrumb\"},\"inLanguage\":\"tr\",\"potentialAction\":[{\"@type\":\"ReadAction\",\"target\":[\"https:\\\/\\\/tdv.org\\\/tr-TR\\\/turkiye-diyanet-vakfi-lubnan-icin-yardim-kampanyasi-baslatti\\\/\"]}]},{\"@type\":\"ImageObject\",\"inLanguage\":\"tr\",\"@id\":\"https:\\\/\\\/tdv.org\\\/tr-TR\\\/turkiye-diyanet-vakfi-lubnan-icin-yardim-kampanyasi-baslatti\\\/#primaryimage\",\"url\":\"https:\\\/\\\/tdv.org\\\/tr-TR\\\/wp-content\\\/uploads\\\/2024\\\/09\\\/turkiye-diyanet-vakfi-lubnan-icin-yardim-kampanyasi-baslatti.jpg\",\"contentUrl\":\"https:\\\/\\\/tdv.org\\\/tr-TR\\\/wp-content\\\/uploads\\\/2024\\\/09\\\/turkiye-diyanet-vakfi-lubnan-icin-yardim-kampanyasi-baslatti.jpg\",\"width\":1152,\"height\":768},{\"@type\":\"BreadcrumbList\",\"@id\":\"https:\\\/\\\/tdv.org\\\/tr-TR\\\/turkiye-diyanet-vakfi-lubnan-icin-yardim-kampanyasi-baslatti\\\/#breadcrumb\",\"itemListElement\":[{\"@type\":\"ListItem\",\"position\":1,\"name\":\"Anasayfa\",\"item\":\"https:\\\/\\\/tdv.org\\\/tr-TR\\\/\"},{\"@type\":\"ListItem\",\"position\":2,\"name\":\"T\u00fcrkiye Diyanet Vakf\u0131 L\u00fcbnan i\u00e7in yard\u0131m kampanyas\u0131 ba\u015flatt\u0131\"}]},{\"@type\":\"WebSite\",\"@id\":\"https:\\\/\\\/tdv.org\\\/tr-TR\\\/#website\",\"url\":\"https:\\\/\\\/tdv.org\\\/tr-TR\\\/\",\"name\":\"T\u00fcrkiye Diyanet Vakf\u0131 Resmi Web Sitesi\",\"description\":\"Yery\u00fcz\u00fcnde iyilik egemen oluncaya kadar\",\"publisher\":{\"@id\":\"https:\\\/\\\/tdv.org\\\/tr-TR\\\/#organization\"},\"alternateName\":\"T\u00fcrkiye Diyanet Vakf\u0131\",\"potentialAction\":[{\"@type\":\"SearchAction\",\"target\":{\"@type\":\"EntryPoint\",\"urlTemplate\":\"https:\\\/\\\/tdv.org\\\/tr-TR\\\/?s={search_term_string}\"},\"query-input\":{\"@type\":\"PropertyValueSpecification\",\"valueRequired\":true,\"valueName\":\"search_term_string\"}}],\"inLanguage\":\"tr\"},{\"@type\":\"Organization\",\"@id\":\"https:\\\/\\\/tdv.org\\\/tr-TR\\\/#organization\",\"name\":\"T\u00fcrkiye Diyanet Vakf\u0131\",\"alternateName\":\"T\u00fcrkiye Diyanet Vakf\u0131\",\"url\":\"https:\\\/\\\/tdv.org\\\/tr-TR\\\/\",\"logo\":{\"@type\":\"ImageObject\",\"inLanguage\":\"tr\",\"@id\":\"https:\\\/\\\/tdv.org\\\/tr-TR\\\/#\\\/schema\\\/logo\\\/image\\\/\",\"url\":\"https:\\\/\\\/tdv.org\\\/tr-TR\\\/wp-content\\\/uploads\\\/2018\\\/12\\\/TDV_Logo_1.png\",\"contentUrl\":\"https:\\\/\\\/tdv.org\\\/tr-TR\\\/wp-content\\\/uploads\\\/2018\\\/12\\\/TDV_Logo_1.png\",\"width\":207,\"height\":71,\"caption\":\"T\u00fcrkiye Diyanet Vakf\u0131\"},\"image\":{\"@id\":\"https:\\\/\\\/tdv.org\\\/tr-TR\\\/#\\\/schema\\\/logo\\\/image\\\/\"},\"sameAs\":[\"https:\\\/\\\/www.facebook.com\\\/Diyanetvakfi\\\/\",\"https:\\\/\\\/x.com\\\/DiyanetVakfi\",\"https:\\\/\\\/www.instagram.com\\\/turkiyediyanetvakfi\\\/\",\"https:\\\/\\\/www.youtube.com\\\/user\\\/TurkiyeDiyanetVakfi\"]},{\"@type\":\"Person\",\"@id\":\"https:\\\/\\\/tdv.org\\\/tr-TR\\\/#\\\/schema\\\/person\\\/752b55e264a99273d55636516d96d5eb\",\"name\":\"Selim\",\"image\":{\"@type\":\"ImageObject\",\"inLanguage\":\"tr\",\"@id\":\"https:\\\/\\\/tdv.org\\\/tr-TR\\\/wp-content\\\/litespeed\\\/avatar\\\/a1e47b25396e98e5b781e88a5396cd96.jpg?ver=1777287391\",\"url\":\"https:\\\/\\\/tdv.org\\\/tr-TR\\\/wp-content\\\/litespeed\\\/avatar\\\/a1e47b25396e98e5b781e88a5396cd96.jpg?ver=1777287391\",\"contentUrl\":\"https:\\\/\\\/tdv.org\\\/tr-TR\\\/wp-content\\\/litespeed\\\/avatar\\\/a1e47b25396e98e5b781e88a5396cd96.jpg?ver=1777287391\",\"caption\":\"Selim\"}}]}<\/script>\n<!-- \/ Yoast SEO plugin. -->","yoast_head_json":{"title":"T\u00fcrkiye Diyanet Vakf\u0131 L\u00fcbnan i\u00e7in yard\u0131m kampanyas\u0131 ba\u015flatt\u0131","description":"T\u00fcrkiye Diyanet Vakf\u0131 \u0130srail'in sald\u0131r\u0131lar\u0131 sonucu zor g\u00fcnler ya\u015fayan L\u00fcbnan halk\u0131na destek olmak i\u00e7in \"L\u00fcbnan Acil Yard\u0131m Bekliyor\" slogan\u0131yla bir yard\u0131m kampanyas\u0131 ba\u015flatt\u0131.","robots":{"index":"index","follow":"follow","max-snippet":"max-snippet:-1","max-image-preview":"max-image-preview:large","max-video-preview":"max-video-preview:-1"},"canonical":"https:\/\/tdv.org\/tr-TR\/turkiye-diyanet-vakfi-lubnan-icin-yardim-kampanyasi-baslatti\/","og_locale":"tr_TR","og_type":"article","og_title":"T\u00fcrkiye Diyanet Vakf\u0131 L\u00fcbnan i\u00e7in yard\u0131m kampanyas\u0131 ba\u015flatt\u0131","og_description":"T\u00fcrkiye Diyanet Vakf\u0131 \u0130srail'in sald\u0131r\u0131lar\u0131 sonucu zor g\u00fcnler ya\u015fayan L\u00fcbnan halk\u0131na destek olmak i\u00e7in \"L\u00fcbnan Acil Yard\u0131m Bekliyor\" slogan\u0131yla bir yard\u0131m kampanyas\u0131 ba\u015flatt\u0131.","og_url":"https:\/\/tdv.org\/tr-TR\/turkiye-diyanet-vakfi-lubnan-icin-yardim-kampanyasi-baslatti\/","og_site_name":"T\u00fcrkiye Diyanet Vakf\u0131 Resmi Web Sitesi","article_publisher":"https:\/\/www.facebook.com\/Diyanetvakfi\/","article_published_time":"2024-09-27T07:37:15+00:00","og_image":[{"width":1152,"height":768,"url":"https:\/\/tdv.org\/tr-TR\/wp-content\/uploads\/2024\/09\/turkiye-diyanet-vakfi-lubnan-icin-yardim-kampanyasi-baslatti.jpg","type":"image\/jpeg"}],"author":"Selim","twitter_card":"summary_large_image","twitter_creator":"@DiyanetVakfi","twitter_site":"@DiyanetVakfi","schema":{"@context":"https:\/\/schema.org","@graph":[{"@type":"Article","@id":"https:\/\/tdv.org\/tr-TR\/turkiye-diyanet-vakfi-lubnan-icin-yardim-kampanyasi-baslatti\/#article","isPartOf":{"@id":"https:\/\/tdv.org\/tr-TR\/turkiye-diyanet-vakfi-lubnan-icin-yardim-kampanyasi-baslatti\/"},"author":{"name":"Selim","@id":"https:\/\/tdv.org\/tr-TR\/#\/schema\/person\/752b55e264a99273d55636516d96d5eb"},"headline":"T\u00fcrkiye Diyanet Vakf\u0131 L\u00fcbnan i\u00e7in yard\u0131m kampanyas\u0131 ba\u015flatt\u0131","datePublished":"2024-09-27T07:37:15+00:00","mainEntityOfPage":{"@id":"https:\/\/tdv.org\/tr-TR\/turkiye-diyanet-vakfi-lubnan-icin-yardim-kampanyasi-baslatti\/"},"wordCount":364,"publisher":{"@id":"https:\/\/tdv.org\/tr-TR\/#organization"},"image":{"@id":"https:\/\/tdv.org\/tr-TR\/turkiye-diyanet-vakfi-lubnan-icin-yardim-kampanyasi-baslatti\/#primaryimage"},"thumbnailUrl":"https:\/\/tdv.org\/tr-TR\/wp-content\/uploads\/2024\/09\/turkiye-diyanet-vakfi-lubnan-icin-yardim-kampanyasi-baslatti.jpg","keywords":["L\u00fcbnan","L\u00fcbnan Acil Yard\u0131m Bekliyor","Yard\u0131m Kampanyas\u0131"],"articleSection":["Haberler"],"inLanguage":"tr"},{"@type":"WebPage","@id":"https:\/\/tdv.org\/tr-TR\/turkiye-diyanet-vakfi-lubnan-icin-yardim-kampanyasi-baslatti\/","url":"https:\/\/tdv.org\/tr-TR\/turkiye-diyanet-vakfi-lubnan-icin-yardim-kampanyasi-baslatti\/","name":"T\u00fcrkiye Diyanet Vakf\u0131 L\u00fcbnan i\u00e7in yard\u0131m kampanyas\u0131 ba\u015flatt\u0131","isPartOf":{"@id":"https:\/\/tdv.org\/tr-TR\/#website"},"primaryImageOfPage":{"@id":"https:\/\/tdv.org\/tr-TR\/turkiye-diyanet-vakfi-lubnan-icin-yardim-kampanyasi-baslatti\/#primaryimage"},"image":{"@id":"https:\/\/tdv.org\/tr-TR\/turkiye-diyanet-vakfi-lubnan-icin-yardim-kampanyasi-baslatti\/#primaryimage"},"thumbnailUrl":"https:\/\/tdv.org\/tr-TR\/wp-content\/uploads\/2024\/09\/turkiye-diyanet-vakfi-lubnan-icin-yardim-kampanyasi-baslatti.jpg","datePublished":"2024-09-27T07:37:15+00:00","description":"T\u00fcrkiye Diyanet Vakf\u0131 \u0130srail'in sald\u0131r\u0131lar\u0131 sonucu zor g\u00fcnler ya\u015fayan L\u00fcbnan halk\u0131na destek olmak i\u00e7in \"L\u00fcbnan Acil Yard\u0131m Bekliyor\" slogan\u0131yla bir yard\u0131m kampanyas\u0131 ba\u015flatt\u0131.","breadcrumb":{"@id":"https:\/\/tdv.org\/tr-TR\/turkiye-diyanet-vakfi-lubnan-icin-yardim-kampanyasi-baslatti\/#breadcrumb"},"inLanguage":"tr","potentialAction":[{"@type":"ReadAction","target":["https:\/\/tdv.org\/tr-TR\/turkiye-diyanet-vakfi-lubnan-icin-yardim-kampanyasi-baslatti\/"]}]},{"@type":"ImageObject","inLanguage":"tr","@id":"https:\/\/tdv.org\/tr-TR\/turkiye-diyanet-vakfi-lubnan-icin-yardim-kampanyasi-baslatti\/#primaryimage","url":"https:\/\/tdv.org\/tr-TR\/wp-content\/uploads\/2024\/09\/turkiye-diyanet-vakfi-lubnan-icin-yardim-kampanyasi-baslatti.jpg","contentUrl":"https:\/\/tdv.org\/tr-TR\/wp-content\/uploads\/2024\/09\/turkiye-diyanet-vakfi-lubnan-icin-yardim-kampanyasi-baslatti.jpg","width":1152,"height":768},{"@type":"BreadcrumbList","@id":"https:\/\/tdv.org\/tr-TR\/turkiye-diyanet-vakfi-lubnan-icin-yardim-kampanyasi-baslatti\/#breadcrumb","itemListElement":[{"@type":"ListItem","position":1,"name":"Anasayfa","item":"https:\/\/tdv.org\/tr-TR\/"},{"@type":"ListItem","position":2,"name":"T\u00fcrkiye Diyanet Vakf\u0131 L\u00fcbnan i\u00e7in yard\u0131m kampanyas\u0131 ba\u015flatt\u0131"}]},{"@type":"WebSite","@id":"https:\/\/tdv.org\/tr-TR\/#website","url":"https:\/\/tdv.org\/tr-TR\/","name":"T\u00fcrkiye Diyanet Vakf\u0131 Resmi Web Sitesi","description":"Yery\u00fcz\u00fcnde iyilik egemen oluncaya kadar","publisher":{"@id":"https:\/\/tdv.org\/tr-TR\/#organization"},"alternateName":"T\u00fcrkiye Diyanet Vakf\u0131","potentialAction":[{"@type":"SearchAction","target":{"@type":"EntryPoint","urlTemplate":"https:\/\/tdv.org\/tr-TR\/?s={search_term_string}"},"query-input":{"@type":"PropertyValueSpecification","valueRequired":true,"valueName":"search_term_string"}}],"inLanguage":"tr"},{"@type":"Organization","@id":"https:\/\/tdv.org\/tr-TR\/#organization","name":"T\u00fcrkiye Diyanet Vakf\u0131","alternateName":"T\u00fcrkiye Diyanet Vakf\u0131","url":"https:\/\/tdv.org\/tr-TR\/","logo":{"@type":"ImageObject","inLanguage":"tr","@id":"https:\/\/tdv.org\/tr-TR\/#\/schema\/logo\/image\/","url":"https:\/\/tdv.org\/tr-TR\/wp-content\/uploads\/2018\/12\/TDV_Logo_1.png","contentUrl":"https:\/\/tdv.org\/tr-TR\/wp-content\/uploads\/2018\/12\/TDV_Logo_1.png","width":207,"height":71,"caption":"T\u00fcrkiye Diyanet Vakf\u0131"},"image":{"@id":"https:\/\/tdv.org\/tr-TR\/#\/schema\/logo\/image\/"},"sameAs":["https:\/\/www.facebook.com\/Diyanetvakfi\/","https:\/\/x.com\/DiyanetVakfi","https:\/\/www.instagram.com\/turkiyediyanetvakfi\/","https:\/\/www.youtube.com\/user\/TurkiyeDiyanetVakfi"]},{"@type":"Person","@id":"https:\/\/tdv.org\/tr-TR\/#\/schema\/person\/752b55e264a99273d55636516d96d5eb","name":"Selim","image":{"@type":"ImageObject","inLanguage":"tr","@id":"https:\/\/tdv.org\/tr-TR\/wp-content\/litespeed\/avatar\/a1e47b25396e98e5b781e88a5396cd96.jpg?ver=1777287391","url":"https:\/\/tdv.org\/tr-TR\/wp-content\/litespeed\/avatar\/a1e47b25396e98e5b781e88a5396cd96.jpg?ver=1777287391","contentUrl":"https:\/\/tdv.org\/tr-TR\/wp-content\/litespeed\/avatar\/a1e47b25396e98e5b781e88a5396cd96.jpg?ver=1777287391","caption":"Selim"}}]}},"_links":{"self":[{"href":"https:\/\/tdv.org\/tr-TR\/wp-json\/wp\/v2\/posts\/46459","targetHints":{"allow":["GET"]}}],"collection":[{"href":"https:\/\/tdv.org\/tr-TR\/wp-json\/wp\/v2\/posts"}],"about":[{"href":"https:\/\/tdv.org\/tr-TR\/wp-json\/wp\/v2\/types\/post"}],"author":[{"embeddable":true,"href":"https:\/\/tdv.org\/tr-TR\/wp-json\/wp\/v2\/users\/8"}],"replies":[{"embeddable":true,"href":"https:\/\/tdv.org\/tr-TR\/wp-json\/wp\/v2\/comments?post=46459"}],"version-history":[{"count":1,"href":"https:\/\/tdv.org\/tr-TR\/wp-json\/wp\/v2\/posts\/46459\/revisions"}],"predecessor-version":[{"id":46474,"href":"https:\/\/tdv.org\/tr-TR\/wp-json\/wp\/v2\/posts\/46459\/revisions\/46474"}],"wp:featuredmedia":[{"embeddable":true,"href":"https:\/\/tdv.org\/tr-TR\/wp-json\/wp\/v2\/media\/46461"}],"wp:attachment":[{"href":"https:\/\/tdv.org\/tr-TR\/wp-json\/wp\/v2\/media?parent=46459"}],"wp:term":[{"taxonomy":"category","embeddable":true,"href":"https:\/\/tdv.org\/tr-TR\/wp-json\/wp\/v2\/categories?post=46459"},{"taxonomy":"post_tag","embeddable":true,"href":"https:\/\/tdv.org\/tr-TR\/wp-json\/wp\/v2\/tags?post=46459"}],"curies":[{"name":"wp","href":"https:\/\/api.w.org\/{rel}","templated":true}]}}