{"id":46708,"date":"2024-10-23T15:39:39","date_gmt":"2024-10-23T12:39:39","guid":{"rendered":"https:\/\/tdv.org\/tr-TR\/?p=46708"},"modified":"2024-11-05T16:16:01","modified_gmt":"2024-11-05T13:16:01","slug":"13-20-mart-arasini-iyilik-haftasi-olarak-kutlayacagiz","status":"publish","type":"post","link":"https:\/\/tdv.org\/tr-TR\/13-20-mart-arasini-iyilik-haftasi-olarak-kutlayacagiz\/","title":{"rendered":"\u201c13-20 Mart aras\u0131n\u0131 \u201c\u0130yilik Haftas\u0131\u201d olarak kutlayaca\u011f\u0131z\u201d"},"content":{"rendered":"<p style=\"text-align: justify;\"><a href=\"https:\/\/tdv.org\/tr-TR\/kurumsal\/prof-dr-ali-erbas\/\" target=\"_blank\" rel=\"noopener\">Diyanet \u0130\u015fleri Ba\u015fkan\u0131 ve T\u00fcrkiye Diyanet Vakf\u0131 M\u00fctevelli Heyeti Ba\u015fkan\u0131 Prof. Dr. Ali Erba\u015f<\/a> ,<a href=\"https:\/\/tdv.org\/tr-TR\" target=\"_blank\" rel=\"noopener\"> T\u00fcrkiye Diyanet Vakf\u0131 (TDV)<\/a> Kad\u0131n Aile ve G\u00f6n\u00fcll\u00fcl\u00fck Hizmetleri M\u00fcd\u00fcrl\u00fc\u011f\u00fc taraf\u0131ndan haz\u0131rlanan \u201c\u0130yilik At\u00f6lyeleri Hay\u0131rda Bulu\u015fuyor\u201d temal\u0131 hay\u0131r \u00e7ar\u015f\u0131s\u0131n\u0131n a\u00e7\u0131l\u0131\u015f\u0131n\u0131 yapt\u0131.<\/p>\n<p style=\"text-align: justify;\">Ankara Kocatepe Camii\u2019ndeki programda konu\u015fan Diyanet \u0130\u015fleri Ba\u015fkan\u0131 Erba\u015f, \u201cKarde\u015flerimizin becerileri, sanatlar\u0131, zanaatlar\u0131 ile ortaya koyduklar\u0131 eserlerden bir k\u0131sm\u0131 i\u015fte burada. T\u00fcrkiye Diyanet Vakf\u0131 Kad\u0131n Kollar\u0131m\u0131z\u0131n kurulu\u015fundan itibaren vakf\u0131m\u0131z\u0131n nas\u0131l hareketlendi\u011fini g\u00f6rmekten olduk\u00e7a memnunuz. Sadece b\u00fcy\u00fck \u015fehirlerde de\u011fil, \u00fclkemizin her \u015fehrinde kad\u0131n kollar\u0131m\u0131z b\u00fcy\u00fck bir \u00e7al\u0131\u015fman\u0131n, b\u00fcy\u00fck bir faaliyetin i\u00e7erisinde.\u201d dedi.<\/p>\n<p style=\"text-align: justify;\"><a href=\"https:\/\/tdv.org\/tr-TR\/gonullu-ol\/\" target=\"_blank\" rel=\"noopener\">TDV g\u00f6n\u00fcll\u00fclerinin<\/a> ve \u00e7al\u0131\u015fanlar\u0131n\u0131n hay\u0131rda yar\u0131\u015ft\u0131klar\u0131n\u0131 belirten Ba\u015fkan Erba\u015f, \u201cBizim derdimiz, Allah r\u0131zas\u0131. \u0130nsanlara yard\u0131m etmek, yard\u0131mc\u0131 olmak, yard\u0131mla\u015fmak, dayan\u0131\u015fma, infak, iyilik, medeniyetimizin en \u00f6nemli unsurlar\u0131ndan birisidir. Diyanet Vakf\u0131m\u0131z\u0131n logosunun alt\u0131ndaki yaz\u0131da &#8216;Yery\u00fcz\u00fcnde iyilik egemen oluncaya kadar&#8217; diyoruz ya, i\u015fte \u015fu an yapm\u0131\u015f oldu\u011fumuz iyilik \u00e7ar\u015f\u0131s\u0131 bu hedefimize ula\u015fmak i\u00e7in yapm\u0131\u015f oldu\u011fumuz faaliyetlerden birisi.\u201d diye konu\u015ftu.<\/p>\n<p style=\"text-align: justify;\"><b>\u201c\u0130yili\u011fin ula\u015fmad\u0131\u011f\u0131 hi\u00e7bir yer kalmas\u0131n\u201d<\/b><\/p>\n<p style=\"text-align: justify;\">TDV olarak yurt i\u00e7inde ve yurt d\u0131\u015f\u0131nda \u201ciyili\u011fin ula\u015fmad\u0131\u011f\u0131 hi\u00e7bir yer kalmas\u0131n\u201d diye \u00e7al\u0131\u015ft\u0131klar\u0131n\u0131 kaydeden Ba\u015fkan Erba\u015f, \u201cNe b\u00fcy\u00fck bir iyilik, ne b\u00fcy\u00fck bir hay\u0131r hareketidir. \u0130n\u015fallah \u00f6n\u00fcm\u00fczdeki y\u0131ldan itibaren 13-20 Mart aras\u0131 \u00fclkemizde \u0130yilik Haftas\u0131n\u0131 idrak edece\u011fiz. 13-20 Mart aras\u0131n\u0131 \u0130yilik Haftas\u0131 faaliyetlerini ger\u00e7ekle\u015ftirece\u011fimiz bir hafta olarak belirledik. Allah\u2019\u0131n izniyle bundan sonra daha da iyiliklerin artmas\u0131, yap\u0131lan hay\u0131rlar\u0131n \u00e7o\u011falmas\u0131 i\u00e7in \u0130yilik Haftam\u0131z b\u00fcy\u00fck bir vesile, b\u00fcy\u00fck bir vas\u0131ta olacakt\u0131r.\u201d ifadelerini kulland\u0131.<\/p>\n<p style=\"text-align: justify;\">Hay\u0131r \u00e7ar\u015f\u0131s\u0131na katk\u0131 sa\u011flayanlara te\u015fekk\u00fcr eden Ba\u015fkan Erba\u015f, \u201cKendilerine sa\u011fl\u0131k, afiyet i\u00e7erisinde daha nice iyilikler ger\u00e7ekle\u015ftirmelerini, g\u00fczel eserler ortaya koymalar\u0131n\u0131 Cenab-\u0131 Hak\u2019tan niyaz ediyorum. \u0130n\u015fallah bu eserler nice insanlara ula\u015facak, bu eserlerden elde edilen miktarlarla nice ihtiya\u00e7 sahibi insanlara destek olunacak. T\u00fcrkiye Diyanet Vakf\u0131m\u0131z ve kad\u0131n kollar\u0131 \u00e7al\u0131\u015fmalar\u0131na kat\u0131lan karde\u015flerimiz buna vas\u0131ta oluyorlar, vesile oluyorlar. Allah hepinizden raz\u0131 olsun.\u201d \u015feklinde konu\u015ftu.<\/p>\n<p style=\"text-align: justify;\"><a href=\"https:\/\/tdv.org\/tr-TR\/kurumsal\/izani-turan\/\" target=\"_blank\" rel=\"noopener\">T\u00fcrkiye Diyanet Vakf\u0131 Genel M\u00fcd\u00fcr\u00fc \u0130zani Turan<\/a>\u2019\u0131n selamlama konu\u015fmas\u0131 yapt\u0131\u011f\u0131 programa, Ba\u015fkan Erba\u015f\u2019\u0131n e\u015fi Seher Erba\u015f ve<a href=\"https:\/\/www.diyanet.gov.tr\/tr-TR\" target=\"_blank\" rel=\"noopener\"> Diyanet \u0130\u015fleri Ba\u015fkanl\u0131\u011f\u0131<\/a> ve <a href=\"https:\/\/tdv.org\/tr-TR\/\" target=\"_blank\" rel=\"noopener\">TDV\u2019nin<\/a> \u00fcst d\u00fczey y\u00f6neticileri de kat\u0131ld\u0131.<\/p>\n<p style=\"text-align: justify;\">21 ilden kat\u0131l\u0131m\u0131n oldu\u011fu hay\u0131r \u00e7ar\u015f\u0131s\u0131, 25 Ekim Cuma saat 18.00\u2019e kadar ziyaret edilebilecek.<\/p>\n\n\t\t<style type=\"text\/css\">\n\t\t\t#gallery-1 {\n\t\t\t\tmargin: auto;\n\t\t\t}\n\t\t\t#gallery-1 .gallery-item {\n\t\t\t\tfloat: left;\n\t\t\t\tmargin-top: 10px;\n\t\t\t\ttext-align: center;\n\t\t\t\twidth: 33%;\n\t\t\t}\n\t\t\t#gallery-1 img {\n\t\t\t\tborder: 2px solid #cfcfcf;\n\t\t\t}\n\t\t\t#gallery-1 .gallery-caption {\n\t\t\t\tmargin-left: 0;\n\t\t\t}\n\t\t\t\/* see gallery_shortcode() in wp-includes\/media.php *\/\n\t\t<\/style>\n\t\t<div id='gallery-1' class='gallery galleryid-46708 gallery-columns-3 gallery-size-full'><dl class='gallery-item'>\n\t\t\t<dt class='gallery-icon landscape'>\n\t\t\t\t<a href='https:\/\/tdv.org\/tr-TR\/wp-content\/uploads\/2024\/10\/2-1.jpg'><img decoding=\"async\" width=\"1200\" height=\"800\" src=\"https:\/\/tdv.org\/tr-TR\/wp-content\/uploads\/2024\/10\/2-1.jpg\" class=\"attachment-full size-full\" alt=\"\" srcset=\"https:\/\/tdv.org\/tr-TR\/wp-content\/uploads\/2024\/10\/2-1.jpg 1200w, https:\/\/tdv.org\/tr-TR\/wp-content\/uploads\/2024\/10\/2-1-300x200.jpg 300w, https:\/\/tdv.org\/tr-TR\/wp-content\/uploads\/2024\/10\/2-1-1024x683.jpg 1024w, https:\/\/tdv.org\/tr-TR\/wp-content\/uploads\/2024\/10\/2-1-768x512.jpg 768w, https:\/\/tdv.org\/tr-TR\/wp-content\/uploads\/2024\/10\/2-1-900x600.jpg 900w\" sizes=\"(max-width: 1200px) 100vw, 1200px\" \/><\/a>\n\t\t\t<\/dt><\/dl><dl class='gallery-item'>\n\t\t\t<dt class='gallery-icon landscape'>\n\t\t\t\t<a href='https:\/\/tdv.org\/tr-TR\/wp-content\/uploads\/2024\/10\/4-1.jpg'><img decoding=\"async\" width=\"1200\" height=\"800\" src=\"https:\/\/tdv.org\/tr-TR\/wp-content\/uploads\/2024\/10\/4-1.jpg\" class=\"attachment-full size-full\" alt=\"\" srcset=\"https:\/\/tdv.org\/tr-TR\/wp-content\/uploads\/2024\/10\/4-1.jpg 1200w, https:\/\/tdv.org\/tr-TR\/wp-content\/uploads\/2024\/10\/4-1-300x200.jpg 300w, https:\/\/tdv.org\/tr-TR\/wp-content\/uploads\/2024\/10\/4-1-1024x683.jpg 1024w, https:\/\/tdv.org\/tr-TR\/wp-content\/uploads\/2024\/10\/4-1-768x512.jpg 768w, https:\/\/tdv.org\/tr-TR\/wp-content\/uploads\/2024\/10\/4-1-900x600.jpg 900w\" sizes=\"(max-width: 1200px) 100vw, 1200px\" \/><\/a>\n\t\t\t<\/dt><\/dl><dl class='gallery-item'>\n\t\t\t<dt class='gallery-icon landscape'>\n\t\t\t\t<a href='https:\/\/tdv.org\/tr-TR\/wp-content\/uploads\/2024\/10\/5-1.jpg'><img decoding=\"async\" width=\"1200\" height=\"747\" src=\"https:\/\/tdv.org\/tr-TR\/wp-content\/uploads\/2024\/10\/5-1.jpg\" class=\"attachment-full size-full\" alt=\"\" srcset=\"https:\/\/tdv.org\/tr-TR\/wp-content\/uploads\/2024\/10\/5-1.jpg 1200w, https:\/\/tdv.org\/tr-TR\/wp-content\/uploads\/2024\/10\/5-1-300x187.jpg 300w, https:\/\/tdv.org\/tr-TR\/wp-content\/uploads\/2024\/10\/5-1-1024x637.jpg 1024w, https:\/\/tdv.org\/tr-TR\/wp-content\/uploads\/2024\/10\/5-1-768x478.jpg 768w\" sizes=\"(max-width: 1200px) 100vw, 1200px\" \/><\/a>\n\t\t\t<\/dt><\/dl><br style=\"clear: both\" \/><dl class='gallery-item'>\n\t\t\t<dt class='gallery-icon landscape'>\n\t\t\t\t<a href='https:\/\/tdv.org\/tr-TR\/wp-content\/uploads\/2024\/10\/1.jpg'><img decoding=\"async\" width=\"1200\" height=\"800\" src=\"https:\/\/tdv.org\/tr-TR\/wp-content\/uploads\/2024\/10\/1.jpg\" class=\"attachment-full size-full\" alt=\"\" srcset=\"https:\/\/tdv.org\/tr-TR\/wp-content\/uploads\/2024\/10\/1.jpg 1200w, https:\/\/tdv.org\/tr-TR\/wp-content\/uploads\/2024\/10\/1-300x200.jpg 300w, https:\/\/tdv.org\/tr-TR\/wp-content\/uploads\/2024\/10\/1-1024x683.jpg 1024w, https:\/\/tdv.org\/tr-TR\/wp-content\/uploads\/2024\/10\/1-768x512.jpg 768w, https:\/\/tdv.org\/tr-TR\/wp-content\/uploads\/2024\/10\/1-900x600.jpg 900w\" sizes=\"(max-width: 1200px) 100vw, 1200px\" \/><\/a>\n\t\t\t<\/dt><\/dl><dl class='gallery-item'>\n\t\t\t<dt class='gallery-icon landscape'>\n\t\t\t\t<a href='https:\/\/tdv.org\/tr-TR\/wp-content\/uploads\/2024\/10\/3-1.jpg'><img decoding=\"async\" width=\"1200\" height=\"771\" src=\"https:\/\/tdv.org\/tr-TR\/wp-content\/uploads\/2024\/10\/3-1.jpg\" class=\"attachment-full size-full\" alt=\"\" srcset=\"https:\/\/tdv.org\/tr-TR\/wp-content\/uploads\/2024\/10\/3-1.jpg 1200w, https:\/\/tdv.org\/tr-TR\/wp-content\/uploads\/2024\/10\/3-1-300x193.jpg 300w, https:\/\/tdv.org\/tr-TR\/wp-content\/uploads\/2024\/10\/3-1-1024x658.jpg 1024w, https:\/\/tdv.org\/tr-TR\/wp-content\/uploads\/2024\/10\/3-1-768x493.jpg 768w\" sizes=\"(max-width: 1200px) 100vw, 1200px\" \/><\/a>\n\t\t\t<\/dt><\/dl><dl class='gallery-item'>\n\t\t\t<dt class='gallery-icon landscape'>\n\t\t\t\t<a href='https:\/\/tdv.org\/tr-TR\/wp-content\/uploads\/2024\/10\/6-1.jpg'><img decoding=\"async\" width=\"1200\" height=\"800\" src=\"https:\/\/tdv.org\/tr-TR\/wp-content\/uploads\/2024\/10\/6-1.jpg\" class=\"attachment-full size-full\" alt=\"\" srcset=\"https:\/\/tdv.org\/tr-TR\/wp-content\/uploads\/2024\/10\/6-1.jpg 1200w, https:\/\/tdv.org\/tr-TR\/wp-content\/uploads\/2024\/10\/6-1-300x200.jpg 300w, https:\/\/tdv.org\/tr-TR\/wp-content\/uploads\/2024\/10\/6-1-1024x683.jpg 1024w, https:\/\/tdv.org\/tr-TR\/wp-content\/uploads\/2024\/10\/6-1-768x512.jpg 768w, https:\/\/tdv.org\/tr-TR\/wp-content\/uploads\/2024\/10\/6-1-900x600.jpg 900w\" sizes=\"(max-width: 1200px) 100vw, 1200px\" \/><\/a>\n\t\t\t<\/dt><\/dl><br style=\"clear: both\" \/>\n\t\t<\/div>\n\n<p><iframe title=\"YouTube video player\" src=\"https:\/\/www.youtube.com\/embed\/01IlRSgtnVc?si=bJQH3T7R42pRIjeS\" width=\"1280\" height=\"520\" frameborder=\"0\" allowfullscreen=\"allowfullscreen\"><span data-mce-type=\"bookmark\" style=\"display: inline-block; width: 0px; overflow: hidden; line-height: 0;\" class=\"mce_SELRES_start\">\ufeff<\/span><\/iframe><\/p>\n","protected":false},"excerpt":{"rendered":"<p>Diyanet \u0130\u015fleri Ba\u015fkan\u0131 ve T\u00fcrkiye Diyanet Vakf\u0131 M\u00fctevelli Heyeti Ba\u015fkan\u0131 Prof. Dr. Ali Erba\u015f , T\u00fcrkiye Diyanet Vakf\u0131 (TDV) Kad\u0131n Aile ve G\u00f6n\u00fcll\u00fcl\u00fck Hizmetleri M\u00fcd\u00fcrl\u00fc\u011f\u00fc taraf\u0131ndan haz\u0131rlanan \u201c\u0130yilik At\u00f6lyeleri Hay\u0131rda&#8230;<\/p>\n","protected":false},"author":11,"featured_media":46714,"comment_status":"closed","ping_status":"closed","sticky":false,"template":"","format":"standard","meta":{"footnotes":""},"categories":[1],"tags":[130,259,978,2097,1182,197,416,239],"class_list":{"0":"post-46708","1":"post","2":"type-post","3":"status-publish","4":"format-standard","5":"has-post-thumbnail","7":"category-haberler","8":"tag-ali-erbas","9":"tag-diyanet-isleri-baskani","10":"tag-hayir-carsisi","11":"tag-iyilik-carsisi","12":"tag-iyilik-haftasi","13":"tag-kocatepe-camii","14":"tag-tdv","15":"tag-turkiye-diyanet-vakfi"},"yoast_head":"<!-- This site is optimized with the Yoast SEO plugin v27.5 - https:\/\/yoast.com\/product\/yoast-seo-wordpress\/ -->\n<title>\u201c13-20 Mart aras\u0131n\u0131 \u201c\u0130yilik Haftas\u0131\u201d olarak kutlayaca\u011f\u0131z\u201d<\/title>\n<meta name=\"description\" content=\"Diyanet \u0130\u015fleri Ba\u015fkan\u0131 Prof. Dr. Ali Erba\u015f, T\u00fcrkiye Diyanet Vakf\u0131 (TDV) Kad\u0131n Aile ve G\u00f6n\u00fcll\u00fcl\u00fck Hizmetleri M\u00fcd\u00fcrl\u00fc\u011f\u00fc taraf\u0131ndan haz\u0131rlanan \u201c\u0130yilik At\u00f6lyeleri Hay\u0131rda Bulu\u015fuyor\u201d temal\u0131 hay\u0131r \u00e7ar\u015f\u0131s\u0131n\u0131n a\u00e7\u0131l\u0131\u015f\u0131n\u0131 yapt\u0131.\" \/>\n<meta name=\"robots\" content=\"index, follow, max-snippet:-1, max-image-preview:large, max-video-preview:-1\" \/>\n<link rel=\"canonical\" href=\"https:\/\/tdv.org\/tr-TR\/13-20-mart-arasini-iyilik-haftasi-olarak-kutlayacagiz\/\" \/>\n<meta property=\"og:locale\" content=\"tr_TR\" \/>\n<meta property=\"og:type\" content=\"article\" \/>\n<meta property=\"og:title\" content=\"\u201c13-20 Mart aras\u0131n\u0131 \u201c\u0130yilik Haftas\u0131\u201d olarak kutlayaca\u011f\u0131z\u201d\" \/>\n<meta property=\"og:description\" content=\"Diyanet \u0130\u015fleri Ba\u015fkan\u0131 Prof. Dr. Ali Erba\u015f, T\u00fcrkiye Diyanet Vakf\u0131 (TDV) Kad\u0131n Aile ve G\u00f6n\u00fcll\u00fcl\u00fck Hizmetleri M\u00fcd\u00fcrl\u00fc\u011f\u00fc taraf\u0131ndan haz\u0131rlanan \u201c\u0130yilik At\u00f6lyeleri Hay\u0131rda Bulu\u015fuyor\u201d temal\u0131 hay\u0131r \u00e7ar\u015f\u0131s\u0131n\u0131n a\u00e7\u0131l\u0131\u015f\u0131n\u0131 yapt\u0131.\" \/>\n<meta property=\"og:url\" content=\"https:\/\/tdv.org\/tr-TR\/13-20-mart-arasini-iyilik-haftasi-olarak-kutlayacagiz\/\" \/>\n<meta property=\"og:site_name\" content=\"T\u00fcrkiye Diyanet Vakf\u0131 Resmi Web Sitesi\" \/>\n<meta property=\"article:publisher\" content=\"https:\/\/www.facebook.com\/Diyanetvakfi\/\" \/>\n<meta property=\"article:published_time\" content=\"2024-10-23T12:39:39+00:00\" \/>\n<meta property=\"article:modified_time\" content=\"2024-11-05T13:16:01+00:00\" \/>\n<meta property=\"og:image\" content=\"https:\/\/tdv.org\/tr-TR\/wp-content\/uploads\/2024\/10\/5-1.jpg\" \/>\n\t<meta property=\"og:image:width\" content=\"1200\" \/>\n\t<meta property=\"og:image:height\" content=\"747\" \/>\n\t<meta property=\"og:image:type\" content=\"image\/jpeg\" \/>\n<meta name=\"author\" content=\"Enes Nalbat\" \/>\n<meta name=\"twitter:card\" content=\"summary_large_image\" \/>\n<meta name=\"twitter:creator\" content=\"@DiyanetVakfi\" \/>\n<meta name=\"twitter:site\" content=\"@DiyanetVakfi\" \/>\n<script type=\"application\/ld+json\" class=\"yoast-schema-graph\">{\"@context\":\"https:\\\/\\\/schema.org\",\"@graph\":[{\"@type\":\"Article\",\"@id\":\"https:\\\/\\\/tdv.org\\\/tr-TR\\\/13-20-mart-arasini-iyilik-haftasi-olarak-kutlayacagiz\\\/#article\",\"isPartOf\":{\"@id\":\"https:\\\/\\\/tdv.org\\\/tr-TR\\\/13-20-mart-arasini-iyilik-haftasi-olarak-kutlayacagiz\\\/\"},\"author\":{\"name\":\"Enes Nalbat\",\"@id\":\"https:\\\/\\\/tdv.org\\\/tr-TR\\\/#\\\/schema\\\/person\\\/95a034531f42558c3d9fdd6f893a7f3a\"},\"headline\":\"\u201c13-20 Mart aras\u0131n\u0131 \u201c\u0130yilik Haftas\u0131\u201d olarak kutlayaca\u011f\u0131z\u201d\",\"datePublished\":\"2024-10-23T12:39:39+00:00\",\"dateModified\":\"2024-11-05T13:16:01+00:00\",\"mainEntityOfPage\":{\"@id\":\"https:\\\/\\\/tdv.org\\\/tr-TR\\\/13-20-mart-arasini-iyilik-haftasi-olarak-kutlayacagiz\\\/\"},\"wordCount\":509,\"publisher\":{\"@id\":\"https:\\\/\\\/tdv.org\\\/tr-TR\\\/#organization\"},\"image\":{\"@id\":\"https:\\\/\\\/tdv.org\\\/tr-TR\\\/13-20-mart-arasini-iyilik-haftasi-olarak-kutlayacagiz\\\/#primaryimage\"},\"thumbnailUrl\":\"https:\\\/\\\/tdv.org\\\/tr-TR\\\/wp-content\\\/uploads\\\/2024\\\/10\\\/5-1.jpg\",\"keywords\":[\"Ali Erba\u015f\",\"Diyanet \u0130\u015fleri Ba\u015fkan\u0131\",\"hay\u0131r \u00e7ar\u015f\u0131s\u0131\",\"iyilik \u00e7ar\u015f\u0131s\u0131\",\"\u0130yilik Haftas\u0131\",\"Kocatepe Camii\",\"TDV\",\"T\u00fcrkiye Diyanet Vakf\u0131\"],\"articleSection\":[\"Haberler\"],\"inLanguage\":\"tr\"},{\"@type\":\"WebPage\",\"@id\":\"https:\\\/\\\/tdv.org\\\/tr-TR\\\/13-20-mart-arasini-iyilik-haftasi-olarak-kutlayacagiz\\\/\",\"url\":\"https:\\\/\\\/tdv.org\\\/tr-TR\\\/13-20-mart-arasini-iyilik-haftasi-olarak-kutlayacagiz\\\/\",\"name\":\"\u201c13-20 Mart aras\u0131n\u0131 \u201c\u0130yilik Haftas\u0131\u201d olarak kutlayaca\u011f\u0131z\u201d\",\"isPartOf\":{\"@id\":\"https:\\\/\\\/tdv.org\\\/tr-TR\\\/#website\"},\"primaryImageOfPage\":{\"@id\":\"https:\\\/\\\/tdv.org\\\/tr-TR\\\/13-20-mart-arasini-iyilik-haftasi-olarak-kutlayacagiz\\\/#primaryimage\"},\"image\":{\"@id\":\"https:\\\/\\\/tdv.org\\\/tr-TR\\\/13-20-mart-arasini-iyilik-haftasi-olarak-kutlayacagiz\\\/#primaryimage\"},\"thumbnailUrl\":\"https:\\\/\\\/tdv.org\\\/tr-TR\\\/wp-content\\\/uploads\\\/2024\\\/10\\\/5-1.jpg\",\"datePublished\":\"2024-10-23T12:39:39+00:00\",\"dateModified\":\"2024-11-05T13:16:01+00:00\",\"description\":\"Diyanet \u0130\u015fleri Ba\u015fkan\u0131 Prof. Dr. Ali Erba\u015f, T\u00fcrkiye Diyanet Vakf\u0131 (TDV) Kad\u0131n Aile ve G\u00f6n\u00fcll\u00fcl\u00fck Hizmetleri M\u00fcd\u00fcrl\u00fc\u011f\u00fc taraf\u0131ndan haz\u0131rlanan \u201c\u0130yilik At\u00f6lyeleri Hay\u0131rda Bulu\u015fuyor\u201d temal\u0131 hay\u0131r \u00e7ar\u015f\u0131s\u0131n\u0131n a\u00e7\u0131l\u0131\u015f\u0131n\u0131 yapt\u0131.\",\"breadcrumb\":{\"@id\":\"https:\\\/\\\/tdv.org\\\/tr-TR\\\/13-20-mart-arasini-iyilik-haftasi-olarak-kutlayacagiz\\\/#breadcrumb\"},\"inLanguage\":\"tr\",\"potentialAction\":[{\"@type\":\"ReadAction\",\"target\":[\"https:\\\/\\\/tdv.org\\\/tr-TR\\\/13-20-mart-arasini-iyilik-haftasi-olarak-kutlayacagiz\\\/\"]}]},{\"@type\":\"ImageObject\",\"inLanguage\":\"tr\",\"@id\":\"https:\\\/\\\/tdv.org\\\/tr-TR\\\/13-20-mart-arasini-iyilik-haftasi-olarak-kutlayacagiz\\\/#primaryimage\",\"url\":\"https:\\\/\\\/tdv.org\\\/tr-TR\\\/wp-content\\\/uploads\\\/2024\\\/10\\\/5-1.jpg\",\"contentUrl\":\"https:\\\/\\\/tdv.org\\\/tr-TR\\\/wp-content\\\/uploads\\\/2024\\\/10\\\/5-1.jpg\",\"width\":1200,\"height\":747},{\"@type\":\"BreadcrumbList\",\"@id\":\"https:\\\/\\\/tdv.org\\\/tr-TR\\\/13-20-mart-arasini-iyilik-haftasi-olarak-kutlayacagiz\\\/#breadcrumb\",\"itemListElement\":[{\"@type\":\"ListItem\",\"position\":1,\"name\":\"Anasayfa\",\"item\":\"https:\\\/\\\/tdv.org\\\/tr-TR\\\/\"},{\"@type\":\"ListItem\",\"position\":2,\"name\":\"\u201c13-20 Mart aras\u0131n\u0131 \u201c\u0130yilik Haftas\u0131\u201d olarak kutlayaca\u011f\u0131z\u201d\"}]},{\"@type\":\"WebSite\",\"@id\":\"https:\\\/\\\/tdv.org\\\/tr-TR\\\/#website\",\"url\":\"https:\\\/\\\/tdv.org\\\/tr-TR\\\/\",\"name\":\"T\u00fcrkiye Diyanet Vakf\u0131 Resmi Web Sitesi\",\"description\":\"Yery\u00fcz\u00fcnde iyilik egemen oluncaya kadar\",\"publisher\":{\"@id\":\"https:\\\/\\\/tdv.org\\\/tr-TR\\\/#organization\"},\"alternateName\":\"T\u00fcrkiye Diyanet Vakf\u0131\",\"potentialAction\":[{\"@type\":\"SearchAction\",\"target\":{\"@type\":\"EntryPoint\",\"urlTemplate\":\"https:\\\/\\\/tdv.org\\\/tr-TR\\\/?s={search_term_string}\"},\"query-input\":{\"@type\":\"PropertyValueSpecification\",\"valueRequired\":true,\"valueName\":\"search_term_string\"}}],\"inLanguage\":\"tr\"},{\"@type\":\"Organization\",\"@id\":\"https:\\\/\\\/tdv.org\\\/tr-TR\\\/#organization\",\"name\":\"T\u00fcrkiye Diyanet Vakf\u0131\",\"alternateName\":\"T\u00fcrkiye Diyanet Vakf\u0131\",\"url\":\"https:\\\/\\\/tdv.org\\\/tr-TR\\\/\",\"logo\":{\"@type\":\"ImageObject\",\"inLanguage\":\"tr\",\"@id\":\"https:\\\/\\\/tdv.org\\\/tr-TR\\\/#\\\/schema\\\/logo\\\/image\\\/\",\"url\":\"https:\\\/\\\/tdv.org\\\/tr-TR\\\/wp-content\\\/uploads\\\/2018\\\/12\\\/TDV_Logo_1.png\",\"contentUrl\":\"https:\\\/\\\/tdv.org\\\/tr-TR\\\/wp-content\\\/uploads\\\/2018\\\/12\\\/TDV_Logo_1.png\",\"width\":207,\"height\":71,\"caption\":\"T\u00fcrkiye Diyanet Vakf\u0131\"},\"image\":{\"@id\":\"https:\\\/\\\/tdv.org\\\/tr-TR\\\/#\\\/schema\\\/logo\\\/image\\\/\"},\"sameAs\":[\"https:\\\/\\\/www.facebook.com\\\/Diyanetvakfi\\\/\",\"https:\\\/\\\/x.com\\\/DiyanetVakfi\",\"https:\\\/\\\/www.instagram.com\\\/turkiyediyanetvakfi\\\/\",\"https:\\\/\\\/www.youtube.com\\\/user\\\/TurkiyeDiyanetVakfi\"]},{\"@type\":\"Person\",\"@id\":\"https:\\\/\\\/tdv.org\\\/tr-TR\\\/#\\\/schema\\\/person\\\/95a034531f42558c3d9fdd6f893a7f3a\",\"name\":\"Enes Nalbat\",\"image\":{\"@type\":\"ImageObject\",\"inLanguage\":\"tr\",\"@id\":\"https:\\\/\\\/tdv.org\\\/tr-TR\\\/wp-content\\\/litespeed\\\/avatar\\\/dd40c5d7b2d06052c6cf9828cd628c53.jpg?ver=1777297944\",\"url\":\"https:\\\/\\\/tdv.org\\\/tr-TR\\\/wp-content\\\/litespeed\\\/avatar\\\/dd40c5d7b2d06052c6cf9828cd628c53.jpg?ver=1777297944\",\"contentUrl\":\"https:\\\/\\\/tdv.org\\\/tr-TR\\\/wp-content\\\/litespeed\\\/avatar\\\/dd40c5d7b2d06052c6cf9828cd628c53.jpg?ver=1777297944\",\"caption\":\"Enes Nalbat\"}}]}<\/script>\n<!-- \/ Yoast SEO plugin. -->","yoast_head_json":{"title":"\u201c13-20 Mart aras\u0131n\u0131 \u201c\u0130yilik Haftas\u0131\u201d olarak kutlayaca\u011f\u0131z\u201d","description":"Diyanet \u0130\u015fleri Ba\u015fkan\u0131 Prof. Dr. Ali Erba\u015f, T\u00fcrkiye Diyanet Vakf\u0131 (TDV) Kad\u0131n Aile ve G\u00f6n\u00fcll\u00fcl\u00fck Hizmetleri M\u00fcd\u00fcrl\u00fc\u011f\u00fc taraf\u0131ndan haz\u0131rlanan \u201c\u0130yilik At\u00f6lyeleri Hay\u0131rda Bulu\u015fuyor\u201d temal\u0131 hay\u0131r \u00e7ar\u015f\u0131s\u0131n\u0131n a\u00e7\u0131l\u0131\u015f\u0131n\u0131 yapt\u0131.","robots":{"index":"index","follow":"follow","max-snippet":"max-snippet:-1","max-image-preview":"max-image-preview:large","max-video-preview":"max-video-preview:-1"},"canonical":"https:\/\/tdv.org\/tr-TR\/13-20-mart-arasini-iyilik-haftasi-olarak-kutlayacagiz\/","og_locale":"tr_TR","og_type":"article","og_title":"\u201c13-20 Mart aras\u0131n\u0131 \u201c\u0130yilik Haftas\u0131\u201d olarak kutlayaca\u011f\u0131z\u201d","og_description":"Diyanet \u0130\u015fleri Ba\u015fkan\u0131 Prof. Dr. Ali Erba\u015f, T\u00fcrkiye Diyanet Vakf\u0131 (TDV) Kad\u0131n Aile ve G\u00f6n\u00fcll\u00fcl\u00fck Hizmetleri M\u00fcd\u00fcrl\u00fc\u011f\u00fc taraf\u0131ndan haz\u0131rlanan \u201c\u0130yilik At\u00f6lyeleri Hay\u0131rda Bulu\u015fuyor\u201d temal\u0131 hay\u0131r \u00e7ar\u015f\u0131s\u0131n\u0131n a\u00e7\u0131l\u0131\u015f\u0131n\u0131 yapt\u0131.","og_url":"https:\/\/tdv.org\/tr-TR\/13-20-mart-arasini-iyilik-haftasi-olarak-kutlayacagiz\/","og_site_name":"T\u00fcrkiye Diyanet Vakf\u0131 Resmi Web Sitesi","article_publisher":"https:\/\/www.facebook.com\/Diyanetvakfi\/","article_published_time":"2024-10-23T12:39:39+00:00","article_modified_time":"2024-11-05T13:16:01+00:00","og_image":[{"width":1200,"height":747,"url":"https:\/\/tdv.org\/tr-TR\/wp-content\/uploads\/2024\/10\/5-1.jpg","type":"image\/jpeg"}],"author":"Enes Nalbat","twitter_card":"summary_large_image","twitter_creator":"@DiyanetVakfi","twitter_site":"@DiyanetVakfi","schema":{"@context":"https:\/\/schema.org","@graph":[{"@type":"Article","@id":"https:\/\/tdv.org\/tr-TR\/13-20-mart-arasini-iyilik-haftasi-olarak-kutlayacagiz\/#article","isPartOf":{"@id":"https:\/\/tdv.org\/tr-TR\/13-20-mart-arasini-iyilik-haftasi-olarak-kutlayacagiz\/"},"author":{"name":"Enes Nalbat","@id":"https:\/\/tdv.org\/tr-TR\/#\/schema\/person\/95a034531f42558c3d9fdd6f893a7f3a"},"headline":"\u201c13-20 Mart aras\u0131n\u0131 \u201c\u0130yilik Haftas\u0131\u201d olarak kutlayaca\u011f\u0131z\u201d","datePublished":"2024-10-23T12:39:39+00:00","dateModified":"2024-11-05T13:16:01+00:00","mainEntityOfPage":{"@id":"https:\/\/tdv.org\/tr-TR\/13-20-mart-arasini-iyilik-haftasi-olarak-kutlayacagiz\/"},"wordCount":509,"publisher":{"@id":"https:\/\/tdv.org\/tr-TR\/#organization"},"image":{"@id":"https:\/\/tdv.org\/tr-TR\/13-20-mart-arasini-iyilik-haftasi-olarak-kutlayacagiz\/#primaryimage"},"thumbnailUrl":"https:\/\/tdv.org\/tr-TR\/wp-content\/uploads\/2024\/10\/5-1.jpg","keywords":["Ali Erba\u015f","Diyanet \u0130\u015fleri Ba\u015fkan\u0131","hay\u0131r \u00e7ar\u015f\u0131s\u0131","iyilik \u00e7ar\u015f\u0131s\u0131","\u0130yilik Haftas\u0131","Kocatepe Camii","TDV","T\u00fcrkiye Diyanet Vakf\u0131"],"articleSection":["Haberler"],"inLanguage":"tr"},{"@type":"WebPage","@id":"https:\/\/tdv.org\/tr-TR\/13-20-mart-arasini-iyilik-haftasi-olarak-kutlayacagiz\/","url":"https:\/\/tdv.org\/tr-TR\/13-20-mart-arasini-iyilik-haftasi-olarak-kutlayacagiz\/","name":"\u201c13-20 Mart aras\u0131n\u0131 \u201c\u0130yilik Haftas\u0131\u201d olarak kutlayaca\u011f\u0131z\u201d","isPartOf":{"@id":"https:\/\/tdv.org\/tr-TR\/#website"},"primaryImageOfPage":{"@id":"https:\/\/tdv.org\/tr-TR\/13-20-mart-arasini-iyilik-haftasi-olarak-kutlayacagiz\/#primaryimage"},"image":{"@id":"https:\/\/tdv.org\/tr-TR\/13-20-mart-arasini-iyilik-haftasi-olarak-kutlayacagiz\/#primaryimage"},"thumbnailUrl":"https:\/\/tdv.org\/tr-TR\/wp-content\/uploads\/2024\/10\/5-1.jpg","datePublished":"2024-10-23T12:39:39+00:00","dateModified":"2024-11-05T13:16:01+00:00","description":"Diyanet \u0130\u015fleri Ba\u015fkan\u0131 Prof. Dr. Ali Erba\u015f, T\u00fcrkiye Diyanet Vakf\u0131 (TDV) Kad\u0131n Aile ve G\u00f6n\u00fcll\u00fcl\u00fck Hizmetleri M\u00fcd\u00fcrl\u00fc\u011f\u00fc taraf\u0131ndan haz\u0131rlanan \u201c\u0130yilik At\u00f6lyeleri Hay\u0131rda Bulu\u015fuyor\u201d temal\u0131 hay\u0131r \u00e7ar\u015f\u0131s\u0131n\u0131n a\u00e7\u0131l\u0131\u015f\u0131n\u0131 yapt\u0131.","breadcrumb":{"@id":"https:\/\/tdv.org\/tr-TR\/13-20-mart-arasini-iyilik-haftasi-olarak-kutlayacagiz\/#breadcrumb"},"inLanguage":"tr","potentialAction":[{"@type":"ReadAction","target":["https:\/\/tdv.org\/tr-TR\/13-20-mart-arasini-iyilik-haftasi-olarak-kutlayacagiz\/"]}]},{"@type":"ImageObject","inLanguage":"tr","@id":"https:\/\/tdv.org\/tr-TR\/13-20-mart-arasini-iyilik-haftasi-olarak-kutlayacagiz\/#primaryimage","url":"https:\/\/tdv.org\/tr-TR\/wp-content\/uploads\/2024\/10\/5-1.jpg","contentUrl":"https:\/\/tdv.org\/tr-TR\/wp-content\/uploads\/2024\/10\/5-1.jpg","width":1200,"height":747},{"@type":"BreadcrumbList","@id":"https:\/\/tdv.org\/tr-TR\/13-20-mart-arasini-iyilik-haftasi-olarak-kutlayacagiz\/#breadcrumb","itemListElement":[{"@type":"ListItem","position":1,"name":"Anasayfa","item":"https:\/\/tdv.org\/tr-TR\/"},{"@type":"ListItem","position":2,"name":"\u201c13-20 Mart aras\u0131n\u0131 \u201c\u0130yilik Haftas\u0131\u201d olarak kutlayaca\u011f\u0131z\u201d"}]},{"@type":"WebSite","@id":"https:\/\/tdv.org\/tr-TR\/#website","url":"https:\/\/tdv.org\/tr-TR\/","name":"T\u00fcrkiye Diyanet Vakf\u0131 Resmi Web Sitesi","description":"Yery\u00fcz\u00fcnde iyilik egemen oluncaya kadar","publisher":{"@id":"https:\/\/tdv.org\/tr-TR\/#organization"},"alternateName":"T\u00fcrkiye Diyanet Vakf\u0131","potentialAction":[{"@type":"SearchAction","target":{"@type":"EntryPoint","urlTemplate":"https:\/\/tdv.org\/tr-TR\/?s={search_term_string}"},"query-input":{"@type":"PropertyValueSpecification","valueRequired":true,"valueName":"search_term_string"}}],"inLanguage":"tr"},{"@type":"Organization","@id":"https:\/\/tdv.org\/tr-TR\/#organization","name":"T\u00fcrkiye Diyanet Vakf\u0131","alternateName":"T\u00fcrkiye Diyanet Vakf\u0131","url":"https:\/\/tdv.org\/tr-TR\/","logo":{"@type":"ImageObject","inLanguage":"tr","@id":"https:\/\/tdv.org\/tr-TR\/#\/schema\/logo\/image\/","url":"https:\/\/tdv.org\/tr-TR\/wp-content\/uploads\/2018\/12\/TDV_Logo_1.png","contentUrl":"https:\/\/tdv.org\/tr-TR\/wp-content\/uploads\/2018\/12\/TDV_Logo_1.png","width":207,"height":71,"caption":"T\u00fcrkiye Diyanet Vakf\u0131"},"image":{"@id":"https:\/\/tdv.org\/tr-TR\/#\/schema\/logo\/image\/"},"sameAs":["https:\/\/www.facebook.com\/Diyanetvakfi\/","https:\/\/x.com\/DiyanetVakfi","https:\/\/www.instagram.com\/turkiyediyanetvakfi\/","https:\/\/www.youtube.com\/user\/TurkiyeDiyanetVakfi"]},{"@type":"Person","@id":"https:\/\/tdv.org\/tr-TR\/#\/schema\/person\/95a034531f42558c3d9fdd6f893a7f3a","name":"Enes Nalbat","image":{"@type":"ImageObject","inLanguage":"tr","@id":"https:\/\/tdv.org\/tr-TR\/wp-content\/litespeed\/avatar\/dd40c5d7b2d06052c6cf9828cd628c53.jpg?ver=1777297944","url":"https:\/\/tdv.org\/tr-TR\/wp-content\/litespeed\/avatar\/dd40c5d7b2d06052c6cf9828cd628c53.jpg?ver=1777297944","contentUrl":"https:\/\/tdv.org\/tr-TR\/wp-content\/litespeed\/avatar\/dd40c5d7b2d06052c6cf9828cd628c53.jpg?ver=1777297944","caption":"Enes Nalbat"}}]}},"_links":{"self":[{"href":"https:\/\/tdv.org\/tr-TR\/wp-json\/wp\/v2\/posts\/46708","targetHints":{"allow":["GET"]}}],"collection":[{"href":"https:\/\/tdv.org\/tr-TR\/wp-json\/wp\/v2\/posts"}],"about":[{"href":"https:\/\/tdv.org\/tr-TR\/wp-json\/wp\/v2\/types\/post"}],"author":[{"embeddable":true,"href":"https:\/\/tdv.org\/tr-TR\/wp-json\/wp\/v2\/users\/11"}],"replies":[{"embeddable":true,"href":"https:\/\/tdv.org\/tr-TR\/wp-json\/wp\/v2\/comments?post=46708"}],"version-history":[{"count":6,"href":"https:\/\/tdv.org\/tr-TR\/wp-json\/wp\/v2\/posts\/46708\/revisions"}],"predecessor-version":[{"id":46792,"href":"https:\/\/tdv.org\/tr-TR\/wp-json\/wp\/v2\/posts\/46708\/revisions\/46792"}],"wp:featuredmedia":[{"embeddable":true,"href":"https:\/\/tdv.org\/tr-TR\/wp-json\/wp\/v2\/media\/46714"}],"wp:attachment":[{"href":"https:\/\/tdv.org\/tr-TR\/wp-json\/wp\/v2\/media?parent=46708"}],"wp:term":[{"taxonomy":"category","embeddable":true,"href":"https:\/\/tdv.org\/tr-TR\/wp-json\/wp\/v2\/categories?post=46708"},{"taxonomy":"post_tag","embeddable":true,"href":"https:\/\/tdv.org\/tr-TR\/wp-json\/wp\/v2\/tags?post=46708"}],"curies":[{"name":"wp","href":"https:\/\/api.w.org\/{rel}","templated":true}]}}