{"id":47463,"date":"2024-12-06T12:11:46","date_gmt":"2024-12-06T09:11:46","guid":{"rendered":"https:\/\/tdv.org\/tr-TR\/?p=47463"},"modified":"2024-12-10T11:20:37","modified_gmt":"2024-12-10T08:20:37","slug":"turkiye-diyanet-vakfi-gonulluler-gununu-gonulluleri-ile-kutladi","status":"publish","type":"post","link":"https:\/\/tdv.org\/tr-TR\/turkiye-diyanet-vakfi-gonulluler-gununu-gonulluleri-ile-kutladi\/","title":{"rendered":"T\u00fcrkiye Diyanet Vakf\u0131 G\u00f6n\u00fcll\u00fcler G\u00fcn\u00fc\u2019n\u00fc g\u00f6n\u00fcll\u00fcleri ile kutlad\u0131"},"content":{"rendered":"[vc_row type=&#8221;in_container&#8221; full_screen_row_position=&#8221;middle&#8221; scene_position=&#8221;center&#8221; text_color=&#8221;dark&#8221; text_align=&#8221;left&#8221; overlay_strength=&#8221;0.3&#8243; shape_divider_position=&#8221;bottom&#8221; bg_image_animation=&#8221;none&#8221;][vc_column column_padding=&#8221;no-extra-padding&#8221; column_padding_position=&#8221;all&#8221; background_color_opacity=&#8221;1&#8243; background_hover_color_opacity=&#8221;1&#8243; column_link_target=&#8221;_self&#8221; column_shadow=&#8221;none&#8221; column_border_radius=&#8221;none&#8221; width=&#8221;1\/1&#8243; tablet_width_inherit=&#8221;default&#8221; tablet_text_alignment=&#8221;default&#8221; phone_text_alignment=&#8221;default&#8221; column_border_width=&#8221;none&#8221; column_border_style=&#8221;solid&#8221; bg_image_animation=&#8221;none&#8221;][vc_column_text]\n<p style=\"text-align: justify;\">T\u00fcrkiye Diyanet Vakf\u0131 (TDV) Kad\u0131n Aile ve G\u00f6n\u00fcll\u00fcl\u00fck Hizmetleri M\u00fcd\u00fcrl\u00fc\u011f\u00fc&#8217;nce <a href=\"https:\/\/tdv.org\/tr-TR\/gonullu-ol\/\" target=\"_blank\" rel=\"noopener\">&#8216;D\u00fcnya G\u00f6n\u00fcll\u00fcler G\u00fcn\u00fc&#8217;<\/a> nedeniyle bir etkinlik d\u00fczenlendi.<\/p>\n<p style=\"text-align: justify;\">T\u00fcrkiye Diyanet Vakf\u0131 Kad\u0131n Aile ve G\u00f6n\u00fcll\u00fcl\u00fck Hizmetleri M\u00fcd\u00fcrl\u00fc\u011f\u00fc, 5 Aral\u0131k D\u00fcnya <a href=\"https:\/\/tdv.org\/tr-TR\/gonullu-ol\/\" target=\"_blank\" rel=\"noopener\">G\u00f6n\u00fcll\u00fcler<\/a> G\u00fcn\u00fc \u00e7er\u00e7evesinde <a href=\"https:\/\/gonullu.tdv.org\/Account\/Login\" target=\"_blank\" rel=\"noopener\">T\u00fcrkiye Diyanet Vakf\u0131 g\u00f6n\u00fcll\u00fclerini<\/a> a\u011f\u0131rlad\u0131. Gen\u00e7lik ve Spor Bakanl\u0131\u011f\u0131 Marmarac\u0131k Kamp\u0131&#8217;nda ger\u00e7ekle\u015ftirilen etkinli\u011fe, Diyanet \u0130\u015fleri Ba\u015fkan Yard\u0131mc\u0131s\u0131 ve TDV M\u00fctevelli Heyeti \u00dcyesi Prof. Dr. Huriye Mart\u0131, T\u00fcrkiye Diyanet Vakf\u0131 Genel M\u00fcd\u00fcr Yard\u0131mc\u0131s\u0131 Recep \u015e\u00fckr\u00fc Balkan, Kad\u0131n, Aile ve G\u00f6n\u00fcll\u00fcl\u00fck Hizmetleri M\u00fcd\u00fcr\u00fc Hatice Kahyao\u011flu kat\u0131ld\u0131. Etkinlikte &#8216;\u0130yilik At\u00f6lyeleri&#8217; adl\u0131 sergi ziyarete a\u00e7\u0131ld\u0131.<\/p>\n<p style=\"text-align: justify;\"><strong>\u201cBir toplumu geli\u015ftirmek istiyorsan\u0131z, kad\u0131nlara ve gen\u00e7lere emek vermelisiniz\u201d<\/strong><\/p>\n<p style=\"text-align: justify;\">Diyanet \u0130\u015fleri Ba\u015fkan Yard\u0131mc\u0131s\u0131 Prof. Dr. Huriye Mart\u0131, \u201c<a href=\"https:\/\/tdv.org\/tr-TR\" target=\"_blank\" rel=\"noopener\">T\u00fcrkiye Diyanet Vakf\u0131<\/a> 50 ya\u015f\u0131nda. 50 y\u0131ld\u0131r iyilik \u00fcreten bir vak\u0131f buras\u0131. 50 y\u0131ld\u0131r ak\u0131\u015fkan ve her sene \u00fczerine koyarak devam eden iyilik yolculu\u011funda kad\u0131nlarla ilgili \u00f6zel bir birim olu\u015fturulmas\u0131; o \u00f6zel birimin kad\u0131n ve aile faaliyetleri yapmas\u0131 \u00e7ok \u00f6zel bir ad\u0131md\u0131r. Bir toplumu de\u011fi\u015ftirmek istiyorsan\u0131z kad\u0131nlara ve gen\u00e7lere emek vermelisiniz. Bug\u00fcn T\u00fcrkiye Diyanet Vakf\u0131 Kad\u0131n Kollar\u0131&#8217;n\u0131n \u00e7ok b\u00fcy\u00fck bir h\u0131zla b\u00fcy\u00fcd\u00fc\u011f\u00fcn\u00fc ve geli\u015fti\u011fini g\u00f6r\u00fcyorum. Sizlere \u00e7ok te\u015fekk\u00fcr ediyorum. T\u00fcrkiye Diyanet Vakf\u0131&#8217;nda Kad\u0131n, Aile ve G\u00f6n\u00fcll\u00fcl\u00fck Hizmetleri bir m\u00fcd\u00fcrl\u00fckt\u00fcr ba\u015fka bir m\u00fcd\u00fcrl\u00fc\u011f\u00fcn alt\u0131nda yer alan k\u00fc\u00e7\u00fck bir birim de\u011fildir. Bunu da b\u00f6yle planlayan Muhterem Ali Erba\u015f Hocam\u0131zd\u0131r\u201d diye konu\u015ftu.<\/p>\n<p style=\"text-align: justify;\"><strong>\u201cHan\u0131mlar\u0131n elinin de\u011fdi\u011fi her \u015fey g\u00fczelle\u015fir\u201d<\/strong><\/p>\n<p style=\"text-align: justify;\"><a href=\"https:\/\/tdv.org\/tr-TR\/recep-sukru-balkan\/\" target=\"_blank\" rel=\"noopener\">Diyanet Vakf\u0131 Genel M\u00fcd\u00fcr Yard\u0131mc\u0131s\u0131 Recep \u015e\u00fckr\u00fc Balkan<\/a> ise, \u201c1975 y\u0131l\u0131nda kurulan T\u00fcrkiye Diyanet Vakf\u0131m\u0131z her y\u0131l b\u00fcy\u00fcyen hizmet alan\u0131yla ve hizmet kalitesi ile hem \u00fclkemizde hem de di\u011fer 149 \u00fclkede hizmetlerini ve faaliyetlerini art\u0131rarak devam ettirmekte. Y\u0131llardan beri bu hizmetlerde en b\u00fcy\u00fck destek\u00e7imiz olan han\u0131m karde\u015flerimize bir alan a\u00e7mak istedik. T\u00fcrkiye Diyanet Vakf\u0131 b\u00fcnyesinde Kad\u0131n, Aile ve G\u00f6n\u00fcll\u00fcl\u00fck Hizmetleri ad\u0131 alt\u0131nda bir m\u00fcd\u00fcrl\u00fc\u011f\u00fcm\u00fcz ve buna ba\u011fl\u0131 bir kad\u0131n kollar\u0131 birimimiz de kuruldu. Han\u0131mlar\u0131n elinin de\u011fdi\u011fi, her \u015fey g\u00fczelle\u015fir anlay\u0131\u015f\u0131 bizde hakimdir. Biz de han\u0131m karde\u015flerimizin hi\u00e7bir kar\u015f\u0131l\u0131k beklemeden tamamen g\u00f6n\u00fcll\u00fcl\u00fck esas\u0131na dayal\u0131 yapm\u0131\u015f olduklar\u0131 hizmetleri t\u00fcm T\u00fcrkiye genelinde s\u00fcrd\u00fcr\u00fcyorlar, hepsine te\u015fekk\u00fcr ediyorum. Bug\u00fcn yap\u0131lan bu \u00e7al\u0131\u015fmalar\u0131 bir araya toplamak, motivasyon sa\u011flamak, birbirlerine tecr\u00fcbelerini aktarmak ve etkile\u015fim sa\u011flamak m\u00fcnasebetiyle b\u00f6yle bir program ger\u00e7ekle\u015ftirdik. \u00c7ok da g\u00fczel bir etkinlik oldu. \u0130n\u015fallah hay\u0131rlara vesile olur. Herkese te\u015fekk\u00fcr ediyorum\u201d dedi<\/p>\n[\/vc_column_text][vc_video link=&#8221;https:\/\/www.youtube.com\/watch?v=1LrNZTjN3Cw&#8221; align=&#8221;center&#8221;][vc_column_text]\n\n\t\t<style type=\"text\/css\">\n\t\t\t#gallery-1 {\n\t\t\t\tmargin: auto;\n\t\t\t}\n\t\t\t#gallery-1 .gallery-item {\n\t\t\t\tfloat: left;\n\t\t\t\tmargin-top: 10px;\n\t\t\t\ttext-align: center;\n\t\t\t\twidth: 33%;\n\t\t\t}\n\t\t\t#gallery-1 img {\n\t\t\t\tborder: 2px solid #cfcfcf;\n\t\t\t}\n\t\t\t#gallery-1 .gallery-caption {\n\t\t\t\tmargin-left: 0;\n\t\t\t}\n\t\t\t\/* see gallery_shortcode() in wp-includes\/media.php *\/\n\t\t<\/style>\n\t\t<div id='gallery-1' class='gallery galleryid-47463 gallery-columns-3 gallery-size-full'><dl class='gallery-item'>\n\t\t\t<dt class='gallery-icon landscape'>\n\t\t\t\t<a href='https:\/\/tdv.org\/tr-TR\/wp-content\/uploads\/2024\/12\/1-scaled.jpg'><img decoding=\"async\" width=\"2560\" height=\"1707\" src=\"https:\/\/tdv.org\/tr-TR\/wp-content\/uploads\/2024\/12\/1-scaled.jpg\" class=\"attachment-full size-full\" alt=\"\" srcset=\"https:\/\/tdv.org\/tr-TR\/wp-content\/uploads\/2024\/12\/1-scaled.jpg 2560w, https:\/\/tdv.org\/tr-TR\/wp-content\/uploads\/2024\/12\/1-300x200.jpg 300w, https:\/\/tdv.org\/tr-TR\/wp-content\/uploads\/2024\/12\/1-1024x683.jpg 1024w, https:\/\/tdv.org\/tr-TR\/wp-content\/uploads\/2024\/12\/1-768x512.jpg 768w, https:\/\/tdv.org\/tr-TR\/wp-content\/uploads\/2024\/12\/1-1536x1024.jpg 1536w, https:\/\/tdv.org\/tr-TR\/wp-content\/uploads\/2024\/12\/1-2048x1365.jpg 2048w, https:\/\/tdv.org\/tr-TR\/wp-content\/uploads\/2024\/12\/1-900x600.jpg 900w\" sizes=\"(max-width: 2560px) 100vw, 2560px\" \/><\/a>\n\t\t\t<\/dt><\/dl><dl class='gallery-item'>\n\t\t\t<dt class='gallery-icon landscape'>\n\t\t\t\t<a href='https:\/\/tdv.org\/tr-TR\/wp-content\/uploads\/2024\/12\/2-scaled.jpg'><img decoding=\"async\" width=\"2560\" height=\"1707\" src=\"https:\/\/tdv.org\/tr-TR\/wp-content\/uploads\/2024\/12\/2-scaled.jpg\" class=\"attachment-full size-full\" alt=\"\" srcset=\"https:\/\/tdv.org\/tr-TR\/wp-content\/uploads\/2024\/12\/2-scaled.jpg 2560w, https:\/\/tdv.org\/tr-TR\/wp-content\/uploads\/2024\/12\/2-300x200.jpg 300w, https:\/\/tdv.org\/tr-TR\/wp-content\/uploads\/2024\/12\/2-1024x683.jpg 1024w, https:\/\/tdv.org\/tr-TR\/wp-content\/uploads\/2024\/12\/2-768x512.jpg 768w, https:\/\/tdv.org\/tr-TR\/wp-content\/uploads\/2024\/12\/2-1536x1024.jpg 1536w, https:\/\/tdv.org\/tr-TR\/wp-content\/uploads\/2024\/12\/2-2048x1365.jpg 2048w, https:\/\/tdv.org\/tr-TR\/wp-content\/uploads\/2024\/12\/2-900x600.jpg 900w\" sizes=\"(max-width: 2560px) 100vw, 2560px\" \/><\/a>\n\t\t\t<\/dt><\/dl><dl class='gallery-item'>\n\t\t\t<dt class='gallery-icon landscape'>\n\t\t\t\t<a href='https:\/\/tdv.org\/tr-TR\/wp-content\/uploads\/2024\/12\/3-scaled.jpg'><img decoding=\"async\" width=\"2560\" height=\"1707\" src=\"https:\/\/tdv.org\/tr-TR\/wp-content\/uploads\/2024\/12\/3-scaled.jpg\" class=\"attachment-full size-full\" alt=\"\" srcset=\"https:\/\/tdv.org\/tr-TR\/wp-content\/uploads\/2024\/12\/3-scaled.jpg 2560w, https:\/\/tdv.org\/tr-TR\/wp-content\/uploads\/2024\/12\/3-300x200.jpg 300w, https:\/\/tdv.org\/tr-TR\/wp-content\/uploads\/2024\/12\/3-1024x683.jpg 1024w, https:\/\/tdv.org\/tr-TR\/wp-content\/uploads\/2024\/12\/3-768x512.jpg 768w, https:\/\/tdv.org\/tr-TR\/wp-content\/uploads\/2024\/12\/3-1536x1024.jpg 1536w, https:\/\/tdv.org\/tr-TR\/wp-content\/uploads\/2024\/12\/3-2048x1365.jpg 2048w, https:\/\/tdv.org\/tr-TR\/wp-content\/uploads\/2024\/12\/3-900x600.jpg 900w\" sizes=\"(max-width: 2560px) 100vw, 2560px\" \/><\/a>\n\t\t\t<\/dt><\/dl><br style=\"clear: both\" \/><dl class='gallery-item'>\n\t\t\t<dt class='gallery-icon landscape'>\n\t\t\t\t<a href='https:\/\/tdv.org\/tr-TR\/wp-content\/uploads\/2024\/12\/4-scaled.jpg'><img decoding=\"async\" width=\"2560\" height=\"1707\" src=\"https:\/\/tdv.org\/tr-TR\/wp-content\/uploads\/2024\/12\/4-scaled.jpg\" class=\"attachment-full size-full\" alt=\"\" srcset=\"https:\/\/tdv.org\/tr-TR\/wp-content\/uploads\/2024\/12\/4-scaled.jpg 2560w, https:\/\/tdv.org\/tr-TR\/wp-content\/uploads\/2024\/12\/4-300x200.jpg 300w, https:\/\/tdv.org\/tr-TR\/wp-content\/uploads\/2024\/12\/4-1024x683.jpg 1024w, https:\/\/tdv.org\/tr-TR\/wp-content\/uploads\/2024\/12\/4-768x512.jpg 768w, https:\/\/tdv.org\/tr-TR\/wp-content\/uploads\/2024\/12\/4-1536x1024.jpg 1536w, https:\/\/tdv.org\/tr-TR\/wp-content\/uploads\/2024\/12\/4-2048x1365.jpg 2048w, https:\/\/tdv.org\/tr-TR\/wp-content\/uploads\/2024\/12\/4-900x600.jpg 900w\" sizes=\"(max-width: 2560px) 100vw, 2560px\" \/><\/a>\n\t\t\t<\/dt><\/dl><dl class='gallery-item'>\n\t\t\t<dt class='gallery-icon landscape'>\n\t\t\t\t<a href='https:\/\/tdv.org\/tr-TR\/wp-content\/uploads\/2024\/12\/5-scaled.jpg'><img decoding=\"async\" width=\"2560\" height=\"1707\" src=\"https:\/\/tdv.org\/tr-TR\/wp-content\/uploads\/2024\/12\/5-scaled.jpg\" class=\"attachment-full size-full\" alt=\"\" srcset=\"https:\/\/tdv.org\/tr-TR\/wp-content\/uploads\/2024\/12\/5-scaled.jpg 2560w, https:\/\/tdv.org\/tr-TR\/wp-content\/uploads\/2024\/12\/5-300x200.jpg 300w, https:\/\/tdv.org\/tr-TR\/wp-content\/uploads\/2024\/12\/5-1024x683.jpg 1024w, https:\/\/tdv.org\/tr-TR\/wp-content\/uploads\/2024\/12\/5-768x512.jpg 768w, https:\/\/tdv.org\/tr-TR\/wp-content\/uploads\/2024\/12\/5-1536x1024.jpg 1536w, https:\/\/tdv.org\/tr-TR\/wp-content\/uploads\/2024\/12\/5-2048x1365.jpg 2048w, https:\/\/tdv.org\/tr-TR\/wp-content\/uploads\/2024\/12\/5-900x600.jpg 900w\" sizes=\"(max-width: 2560px) 100vw, 2560px\" \/><\/a>\n\t\t\t<\/dt><\/dl><dl class='gallery-item'>\n\t\t\t<dt class='gallery-icon landscape'>\n\t\t\t\t<a href='https:\/\/tdv.org\/tr-TR\/wp-content\/uploads\/2024\/12\/7-scaled.jpg'><img decoding=\"async\" width=\"2560\" height=\"1707\" src=\"https:\/\/tdv.org\/tr-TR\/wp-content\/uploads\/2024\/12\/7-scaled.jpg\" class=\"attachment-full size-full\" alt=\"\" srcset=\"https:\/\/tdv.org\/tr-TR\/wp-content\/uploads\/2024\/12\/7-scaled.jpg 2560w, https:\/\/tdv.org\/tr-TR\/wp-content\/uploads\/2024\/12\/7-300x200.jpg 300w, https:\/\/tdv.org\/tr-TR\/wp-content\/uploads\/2024\/12\/7-1024x683.jpg 1024w, https:\/\/tdv.org\/tr-TR\/wp-content\/uploads\/2024\/12\/7-768x512.jpg 768w, https:\/\/tdv.org\/tr-TR\/wp-content\/uploads\/2024\/12\/7-1536x1024.jpg 1536w, https:\/\/tdv.org\/tr-TR\/wp-content\/uploads\/2024\/12\/7-2048x1365.jpg 2048w, https:\/\/tdv.org\/tr-TR\/wp-content\/uploads\/2024\/12\/7-900x600.jpg 900w\" sizes=\"(max-width: 2560px) 100vw, 2560px\" \/><\/a>\n\t\t\t<\/dt><\/dl><br style=\"clear: both\" \/><dl class='gallery-item'>\n\t\t\t<dt class='gallery-icon landscape'>\n\t\t\t\t<a href='https:\/\/tdv.org\/tr-TR\/wp-content\/uploads\/2024\/12\/8-scaled.jpg'><img decoding=\"async\" width=\"2560\" height=\"1707\" src=\"https:\/\/tdv.org\/tr-TR\/wp-content\/uploads\/2024\/12\/8-scaled.jpg\" class=\"attachment-full size-full\" alt=\"\" srcset=\"https:\/\/tdv.org\/tr-TR\/wp-content\/uploads\/2024\/12\/8-scaled.jpg 2560w, https:\/\/tdv.org\/tr-TR\/wp-content\/uploads\/2024\/12\/8-300x200.jpg 300w, https:\/\/tdv.org\/tr-TR\/wp-content\/uploads\/2024\/12\/8-1024x683.jpg 1024w, https:\/\/tdv.org\/tr-TR\/wp-content\/uploads\/2024\/12\/8-768x512.jpg 768w, https:\/\/tdv.org\/tr-TR\/wp-content\/uploads\/2024\/12\/8-1536x1024.jpg 1536w, https:\/\/tdv.org\/tr-TR\/wp-content\/uploads\/2024\/12\/8-2048x1365.jpg 2048w, https:\/\/tdv.org\/tr-TR\/wp-content\/uploads\/2024\/12\/8-900x600.jpg 900w\" sizes=\"(max-width: 2560px) 100vw, 2560px\" \/><\/a>\n\t\t\t<\/dt><\/dl><dl class='gallery-item'>\n\t\t\t<dt class='gallery-icon landscape'>\n\t\t\t\t<a href='https:\/\/tdv.org\/tr-TR\/wp-content\/uploads\/2024\/12\/9-scaled.jpg'><img decoding=\"async\" width=\"2560\" height=\"1707\" src=\"https:\/\/tdv.org\/tr-TR\/wp-content\/uploads\/2024\/12\/9-scaled.jpg\" class=\"attachment-full size-full\" alt=\"\" srcset=\"https:\/\/tdv.org\/tr-TR\/wp-content\/uploads\/2024\/12\/9-scaled.jpg 2560w, https:\/\/tdv.org\/tr-TR\/wp-content\/uploads\/2024\/12\/9-300x200.jpg 300w, https:\/\/tdv.org\/tr-TR\/wp-content\/uploads\/2024\/12\/9-1024x683.jpg 1024w, https:\/\/tdv.org\/tr-TR\/wp-content\/uploads\/2024\/12\/9-768x512.jpg 768w, https:\/\/tdv.org\/tr-TR\/wp-content\/uploads\/2024\/12\/9-1536x1024.jpg 1536w, https:\/\/tdv.org\/tr-TR\/wp-content\/uploads\/2024\/12\/9-2048x1365.jpg 2048w, https:\/\/tdv.org\/tr-TR\/wp-content\/uploads\/2024\/12\/9-900x600.jpg 900w\" sizes=\"(max-width: 2560px) 100vw, 2560px\" \/><\/a>\n\t\t\t<\/dt><\/dl><dl class='gallery-item'>\n\t\t\t<dt class='gallery-icon landscape'>\n\t\t\t\t<a href='https:\/\/tdv.org\/tr-TR\/wp-content\/uploads\/2024\/12\/10-scaled.jpg'><img decoding=\"async\" width=\"2560\" height=\"1707\" src=\"https:\/\/tdv.org\/tr-TR\/wp-content\/uploads\/2024\/12\/10-scaled.jpg\" class=\"attachment-full size-full\" alt=\"\" srcset=\"https:\/\/tdv.org\/tr-TR\/wp-content\/uploads\/2024\/12\/10-scaled.jpg 2560w, https:\/\/tdv.org\/tr-TR\/wp-content\/uploads\/2024\/12\/10-300x200.jpg 300w, https:\/\/tdv.org\/tr-TR\/wp-content\/uploads\/2024\/12\/10-1024x683.jpg 1024w, https:\/\/tdv.org\/tr-TR\/wp-content\/uploads\/2024\/12\/10-768x512.jpg 768w, https:\/\/tdv.org\/tr-TR\/wp-content\/uploads\/2024\/12\/10-1536x1024.jpg 1536w, https:\/\/tdv.org\/tr-TR\/wp-content\/uploads\/2024\/12\/10-2048x1365.jpg 2048w, https:\/\/tdv.org\/tr-TR\/wp-content\/uploads\/2024\/12\/10-900x600.jpg 900w\" sizes=\"(max-width: 2560px) 100vw, 2560px\" \/><\/a>\n\t\t\t<\/dt><\/dl><br style=\"clear: both\" \/><dl class='gallery-item'>\n\t\t\t<dt class='gallery-icon landscape'>\n\t\t\t\t<a href='https:\/\/tdv.org\/tr-TR\/wp-content\/uploads\/2024\/12\/11-scaled.jpg'><img decoding=\"async\" width=\"2560\" height=\"1707\" src=\"https:\/\/tdv.org\/tr-TR\/wp-content\/uploads\/2024\/12\/11-scaled.jpg\" class=\"attachment-full size-full\" alt=\"\" srcset=\"https:\/\/tdv.org\/tr-TR\/wp-content\/uploads\/2024\/12\/11-scaled.jpg 2560w, https:\/\/tdv.org\/tr-TR\/wp-content\/uploads\/2024\/12\/11-300x200.jpg 300w, https:\/\/tdv.org\/tr-TR\/wp-content\/uploads\/2024\/12\/11-1024x683.jpg 1024w, https:\/\/tdv.org\/tr-TR\/wp-content\/uploads\/2024\/12\/11-768x512.jpg 768w, https:\/\/tdv.org\/tr-TR\/wp-content\/uploads\/2024\/12\/11-1536x1024.jpg 1536w, https:\/\/tdv.org\/tr-TR\/wp-content\/uploads\/2024\/12\/11-2048x1365.jpg 2048w, https:\/\/tdv.org\/tr-TR\/wp-content\/uploads\/2024\/12\/11-900x600.jpg 900w\" sizes=\"(max-width: 2560px) 100vw, 2560px\" \/><\/a>\n\t\t\t<\/dt><\/dl>\n\t\t\t<br style='clear: both' \/>\n\t\t<\/div>\n\n[\/vc_column_text][\/vc_column][\/vc_row]\n","protected":false},"excerpt":{"rendered":"<p>[vc_row type=&#8221;in_container&#8221; full_screen_row_position=&#8221;middle&#8221; scene_position=&#8221;center&#8221; text_color=&#8221;dark&#8221; text_align=&#8221;left&#8221; overlay_strength=&#8221;0.3&#8243; shape_divider_position=&#8221;bottom&#8221; bg_image_animation=&#8221;none&#8221;][vc_column column_padding=&#8221;no-extra-padding&#8221; column_padding_position=&#8221;all&#8221; background_color_opacity=&#8221;1&#8243; background_hover_color_opacity=&#8221;1&#8243; column_link_target=&#8221;_self&#8221; column_shadow=&#8221;none&#8221; column_border_radius=&#8221;none&#8221; width=&#8221;1\/1&#8243; tablet_width_inherit=&#8221;default&#8221; tablet_text_alignment=&#8221;default&#8221; phone_text_alignment=&#8221;default&#8221; column_border_width=&#8221;none&#8221; column_border_style=&#8221;solid&#8221; bg_image_animation=&#8221;none&#8221;][vc_column_text] T\u00fcrkiye Diyanet Vakf\u0131 (TDV) Kad\u0131n Aile ve&#8230;<\/p>\n","protected":false},"author":7,"featured_media":47464,"comment_status":"closed","ping_status":"closed","sticky":false,"template":"","format":"standard","meta":{"footnotes":""},"categories":[1],"tags":[1478,2343,668,137,297,296,694],"class_list":{"0":"post-47463","1":"post","2":"type-post","3":"status-publish","4":"format-standard","5":"has-post-thumbnail","7":"category-haberler","8":"tag-dunya-gonulluler-gunu","9":"tag-genel-mudur-yardimcisi-recep-sukru-balkan","10":"tag-gonullu","11":"tag-gonulluluk","12":"tag-tdv-gonulluleri","13":"tag-tdv-gonullusu","14":"tag-turkiye-diyanet-vakfi-gonulluleri"},"yoast_head":"<!-- This site is optimized with the Yoast SEO plugin v27.4 - https:\/\/yoast.com\/product\/yoast-seo-wordpress\/ -->\n<title>T\u00fcrkiye Diyanet Vakf\u0131 G\u00f6n\u00fcll\u00fcler G\u00fcn\u00fc\u2019n\u00fc g\u00f6n\u00fcll\u00fcleri ile kutlad\u0131<\/title>\n<meta name=\"description\" content=\"T\u00fcrkiye Diyanet Vakf\u0131 (TDV) Kad\u0131n Aile ve G\u00f6n\u00fcll\u00fcl\u00fck Hizmetleri M\u00fcd\u00fcrl\u00fc\u011f\u00fc&#039;nce &#039;D\u00fcnya G\u00f6n\u00fcll\u00fcler G\u00fcn\u00fc&#039; nedeniyle bir etkinlik d\u00fczenlendi.\" \/>\n<meta name=\"robots\" content=\"index, follow, max-snippet:-1, max-image-preview:large, max-video-preview:-1\" \/>\n<link rel=\"canonical\" href=\"https:\/\/tdv.org\/tr-TR\/turkiye-diyanet-vakfi-gonulluler-gununu-gonulluleri-ile-kutladi\/\" \/>\n<meta property=\"og:locale\" content=\"tr_TR\" \/>\n<meta property=\"og:type\" content=\"article\" \/>\n<meta property=\"og:title\" content=\"T\u00fcrkiye Diyanet Vakf\u0131 G\u00f6n\u00fcll\u00fcler G\u00fcn\u00fc\u2019n\u00fc g\u00f6n\u00fcll\u00fcleri ile kutlad\u0131\" \/>\n<meta property=\"og:description\" content=\"T\u00fcrkiye Diyanet Vakf\u0131 (TDV) Kad\u0131n Aile ve G\u00f6n\u00fcll\u00fcl\u00fck Hizmetleri M\u00fcd\u00fcrl\u00fc\u011f\u00fc&#039;nce &#039;D\u00fcnya G\u00f6n\u00fcll\u00fcler G\u00fcn\u00fc&#039; nedeniyle bir etkinlik d\u00fczenlendi.\" \/>\n<meta property=\"og:url\" content=\"https:\/\/tdv.org\/tr-TR\/turkiye-diyanet-vakfi-gonulluler-gununu-gonulluleri-ile-kutladi\/\" \/>\n<meta property=\"og:site_name\" content=\"T\u00fcrkiye Diyanet Vakf\u0131 Resmi Web Sitesi\" \/>\n<meta property=\"article:publisher\" content=\"https:\/\/www.facebook.com\/Diyanetvakfi\/\" \/>\n<meta property=\"article:published_time\" content=\"2024-12-06T09:11:46+00:00\" \/>\n<meta property=\"article:modified_time\" content=\"2024-12-10T08:20:37+00:00\" \/>\n<meta property=\"og:image\" content=\"https:\/\/tdv.org\/tr-TR\/wp-content\/uploads\/2024\/12\/1-scaled.jpg\" \/>\n\t<meta property=\"og:image:width\" content=\"2560\" \/>\n\t<meta property=\"og:image:height\" content=\"1707\" \/>\n\t<meta property=\"og:image:type\" content=\"image\/jpeg\" \/>\n<meta name=\"author\" content=\"U\u011fur\" \/>\n<meta name=\"twitter:card\" content=\"summary_large_image\" \/>\n<meta name=\"twitter:creator\" content=\"@DiyanetVakfi\" \/>\n<meta name=\"twitter:site\" content=\"@DiyanetVakfi\" \/>\n<script type=\"application\/ld+json\" class=\"yoast-schema-graph\">{\"@context\":\"https:\\\/\\\/schema.org\",\"@graph\":[{\"@type\":\"Article\",\"@id\":\"https:\\\/\\\/tdv.org\\\/tr-TR\\\/turkiye-diyanet-vakfi-gonulluler-gununu-gonulluleri-ile-kutladi\\\/#article\",\"isPartOf\":{\"@id\":\"https:\\\/\\\/tdv.org\\\/tr-TR\\\/turkiye-diyanet-vakfi-gonulluler-gununu-gonulluleri-ile-kutladi\\\/\"},\"author\":{\"name\":\"U\u011fur\",\"@id\":\"https:\\\/\\\/tdv.org\\\/tr-TR\\\/#\\\/schema\\\/person\\\/8dcf742852c4614c6fdadb92da159c05\"},\"headline\":\"T\u00fcrkiye Diyanet Vakf\u0131 G\u00f6n\u00fcll\u00fcler G\u00fcn\u00fc\u2019n\u00fc g\u00f6n\u00fcll\u00fcleri ile kutlad\u0131\",\"datePublished\":\"2024-12-06T09:11:46+00:00\",\"dateModified\":\"2024-12-10T08:20:37+00:00\",\"mainEntityOfPage\":{\"@id\":\"https:\\\/\\\/tdv.org\\\/tr-TR\\\/turkiye-diyanet-vakfi-gonulluler-gununu-gonulluleri-ile-kutladi\\\/\"},\"wordCount\":676,\"publisher\":{\"@id\":\"https:\\\/\\\/tdv.org\\\/tr-TR\\\/#organization\"},\"image\":{\"@id\":\"https:\\\/\\\/tdv.org\\\/tr-TR\\\/turkiye-diyanet-vakfi-gonulluler-gununu-gonulluleri-ile-kutladi\\\/#primaryimage\"},\"thumbnailUrl\":\"https:\\\/\\\/tdv.org\\\/tr-TR\\\/wp-content\\\/uploads\\\/2024\\\/12\\\/1-scaled.jpg\",\"keywords\":[\"D\u00fcnya G\u00f6n\u00fcll\u00fcler G\u00fcn\u00fc\",\"Genel M\u00fcd\u00fcr Yard\u0131mc\u0131s\u0131 Recep \u015e\u00fckr\u00fc Balkan\",\"g\u00f6n\u00fcll\u00fc\",\"g\u00f6n\u00fcll\u00fcl\u00fck\",\"TDV G\u00f6n\u00fcll\u00fcleri\",\"TDV G\u00f6n\u00fcll\u00fcs\u00fc\",\"T\u00fcrkiye Diyanet Vakf\u0131 g\u00f6n\u00fcll\u00fcleri\"],\"articleSection\":[\"Haberler\"],\"inLanguage\":\"tr\"},{\"@type\":\"WebPage\",\"@id\":\"https:\\\/\\\/tdv.org\\\/tr-TR\\\/turkiye-diyanet-vakfi-gonulluler-gununu-gonulluleri-ile-kutladi\\\/\",\"url\":\"https:\\\/\\\/tdv.org\\\/tr-TR\\\/turkiye-diyanet-vakfi-gonulluler-gununu-gonulluleri-ile-kutladi\\\/\",\"name\":\"T\u00fcrkiye Diyanet Vakf\u0131 G\u00f6n\u00fcll\u00fcler G\u00fcn\u00fc\u2019n\u00fc g\u00f6n\u00fcll\u00fcleri ile kutlad\u0131\",\"isPartOf\":{\"@id\":\"https:\\\/\\\/tdv.org\\\/tr-TR\\\/#website\"},\"primaryImageOfPage\":{\"@id\":\"https:\\\/\\\/tdv.org\\\/tr-TR\\\/turkiye-diyanet-vakfi-gonulluler-gununu-gonulluleri-ile-kutladi\\\/#primaryimage\"},\"image\":{\"@id\":\"https:\\\/\\\/tdv.org\\\/tr-TR\\\/turkiye-diyanet-vakfi-gonulluler-gununu-gonulluleri-ile-kutladi\\\/#primaryimage\"},\"thumbnailUrl\":\"https:\\\/\\\/tdv.org\\\/tr-TR\\\/wp-content\\\/uploads\\\/2024\\\/12\\\/1-scaled.jpg\",\"datePublished\":\"2024-12-06T09:11:46+00:00\",\"dateModified\":\"2024-12-10T08:20:37+00:00\",\"description\":\"T\u00fcrkiye Diyanet Vakf\u0131 (TDV) Kad\u0131n Aile ve G\u00f6n\u00fcll\u00fcl\u00fck Hizmetleri M\u00fcd\u00fcrl\u00fc\u011f\u00fc'nce 'D\u00fcnya G\u00f6n\u00fcll\u00fcler G\u00fcn\u00fc' nedeniyle bir etkinlik d\u00fczenlendi.\",\"breadcrumb\":{\"@id\":\"https:\\\/\\\/tdv.org\\\/tr-TR\\\/turkiye-diyanet-vakfi-gonulluler-gununu-gonulluleri-ile-kutladi\\\/#breadcrumb\"},\"inLanguage\":\"tr\",\"potentialAction\":[{\"@type\":\"ReadAction\",\"target\":[\"https:\\\/\\\/tdv.org\\\/tr-TR\\\/turkiye-diyanet-vakfi-gonulluler-gununu-gonulluleri-ile-kutladi\\\/\"]}]},{\"@type\":\"ImageObject\",\"inLanguage\":\"tr\",\"@id\":\"https:\\\/\\\/tdv.org\\\/tr-TR\\\/turkiye-diyanet-vakfi-gonulluler-gununu-gonulluleri-ile-kutladi\\\/#primaryimage\",\"url\":\"https:\\\/\\\/tdv.org\\\/tr-TR\\\/wp-content\\\/uploads\\\/2024\\\/12\\\/1-scaled.jpg\",\"contentUrl\":\"https:\\\/\\\/tdv.org\\\/tr-TR\\\/wp-content\\\/uploads\\\/2024\\\/12\\\/1-scaled.jpg\",\"width\":2560,\"height\":1707},{\"@type\":\"BreadcrumbList\",\"@id\":\"https:\\\/\\\/tdv.org\\\/tr-TR\\\/turkiye-diyanet-vakfi-gonulluler-gununu-gonulluleri-ile-kutladi\\\/#breadcrumb\",\"itemListElement\":[{\"@type\":\"ListItem\",\"position\":1,\"name\":\"Anasayfa\",\"item\":\"https:\\\/\\\/tdv.org\\\/tr-TR\\\/\"},{\"@type\":\"ListItem\",\"position\":2,\"name\":\"T\u00fcrkiye Diyanet Vakf\u0131 G\u00f6n\u00fcll\u00fcler G\u00fcn\u00fc\u2019n\u00fc g\u00f6n\u00fcll\u00fcleri ile kutlad\u0131\"}]},{\"@type\":\"WebSite\",\"@id\":\"https:\\\/\\\/tdv.org\\\/tr-TR\\\/#website\",\"url\":\"https:\\\/\\\/tdv.org\\\/tr-TR\\\/\",\"name\":\"T\u00fcrkiye Diyanet Vakf\u0131 Resmi Web Sitesi\",\"description\":\"Yery\u00fcz\u00fcnde iyilik egemen oluncaya kadar\",\"publisher\":{\"@id\":\"https:\\\/\\\/tdv.org\\\/tr-TR\\\/#organization\"},\"alternateName\":\"T\u00fcrkiye Diyanet Vakf\u0131\",\"potentialAction\":[{\"@type\":\"SearchAction\",\"target\":{\"@type\":\"EntryPoint\",\"urlTemplate\":\"https:\\\/\\\/tdv.org\\\/tr-TR\\\/?s={search_term_string}\"},\"query-input\":{\"@type\":\"PropertyValueSpecification\",\"valueRequired\":true,\"valueName\":\"search_term_string\"}}],\"inLanguage\":\"tr\"},{\"@type\":\"Organization\",\"@id\":\"https:\\\/\\\/tdv.org\\\/tr-TR\\\/#organization\",\"name\":\"T\u00fcrkiye Diyanet Vakf\u0131\",\"alternateName\":\"T\u00fcrkiye Diyanet Vakf\u0131\",\"url\":\"https:\\\/\\\/tdv.org\\\/tr-TR\\\/\",\"logo\":{\"@type\":\"ImageObject\",\"inLanguage\":\"tr\",\"@id\":\"https:\\\/\\\/tdv.org\\\/tr-TR\\\/#\\\/schema\\\/logo\\\/image\\\/\",\"url\":\"https:\\\/\\\/tdv.org\\\/tr-TR\\\/wp-content\\\/uploads\\\/2018\\\/12\\\/TDV_Logo_1.png\",\"contentUrl\":\"https:\\\/\\\/tdv.org\\\/tr-TR\\\/wp-content\\\/uploads\\\/2018\\\/12\\\/TDV_Logo_1.png\",\"width\":207,\"height\":71,\"caption\":\"T\u00fcrkiye Diyanet Vakf\u0131\"},\"image\":{\"@id\":\"https:\\\/\\\/tdv.org\\\/tr-TR\\\/#\\\/schema\\\/logo\\\/image\\\/\"},\"sameAs\":[\"https:\\\/\\\/www.facebook.com\\\/Diyanetvakfi\\\/\",\"https:\\\/\\\/x.com\\\/DiyanetVakfi\",\"https:\\\/\\\/www.instagram.com\\\/turkiyediyanetvakfi\\\/\",\"https:\\\/\\\/www.youtube.com\\\/user\\\/TurkiyeDiyanetVakfi\"]},{\"@type\":\"Person\",\"@id\":\"https:\\\/\\\/tdv.org\\\/tr-TR\\\/#\\\/schema\\\/person\\\/8dcf742852c4614c6fdadb92da159c05\",\"name\":\"U\u011fur\",\"image\":{\"@type\":\"ImageObject\",\"inLanguage\":\"tr\",\"@id\":\"https:\\\/\\\/tdv.org\\\/tr-TR\\\/wp-content\\\/litespeed\\\/avatar\\\/b970c0eba1124f8268544e2640bfa964.jpg?ver=1777289940\",\"url\":\"https:\\\/\\\/tdv.org\\\/tr-TR\\\/wp-content\\\/litespeed\\\/avatar\\\/b970c0eba1124f8268544e2640bfa964.jpg?ver=1777289940\",\"contentUrl\":\"https:\\\/\\\/tdv.org\\\/tr-TR\\\/wp-content\\\/litespeed\\\/avatar\\\/b970c0eba1124f8268544e2640bfa964.jpg?ver=1777289940\",\"caption\":\"U\u011fur\"}}]}<\/script>\n<!-- \/ Yoast SEO plugin. -->","yoast_head_json":{"title":"T\u00fcrkiye Diyanet Vakf\u0131 G\u00f6n\u00fcll\u00fcler G\u00fcn\u00fc\u2019n\u00fc g\u00f6n\u00fcll\u00fcleri ile kutlad\u0131","description":"T\u00fcrkiye Diyanet Vakf\u0131 (TDV) Kad\u0131n Aile ve G\u00f6n\u00fcll\u00fcl\u00fck Hizmetleri M\u00fcd\u00fcrl\u00fc\u011f\u00fc'nce 'D\u00fcnya G\u00f6n\u00fcll\u00fcler G\u00fcn\u00fc' nedeniyle bir etkinlik d\u00fczenlendi.","robots":{"index":"index","follow":"follow","max-snippet":"max-snippet:-1","max-image-preview":"max-image-preview:large","max-video-preview":"max-video-preview:-1"},"canonical":"https:\/\/tdv.org\/tr-TR\/turkiye-diyanet-vakfi-gonulluler-gununu-gonulluleri-ile-kutladi\/","og_locale":"tr_TR","og_type":"article","og_title":"T\u00fcrkiye Diyanet Vakf\u0131 G\u00f6n\u00fcll\u00fcler G\u00fcn\u00fc\u2019n\u00fc g\u00f6n\u00fcll\u00fcleri ile kutlad\u0131","og_description":"T\u00fcrkiye Diyanet Vakf\u0131 (TDV) Kad\u0131n Aile ve G\u00f6n\u00fcll\u00fcl\u00fck Hizmetleri M\u00fcd\u00fcrl\u00fc\u011f\u00fc'nce 'D\u00fcnya G\u00f6n\u00fcll\u00fcler G\u00fcn\u00fc' nedeniyle bir etkinlik d\u00fczenlendi.","og_url":"https:\/\/tdv.org\/tr-TR\/turkiye-diyanet-vakfi-gonulluler-gununu-gonulluleri-ile-kutladi\/","og_site_name":"T\u00fcrkiye Diyanet Vakf\u0131 Resmi Web Sitesi","article_publisher":"https:\/\/www.facebook.com\/Diyanetvakfi\/","article_published_time":"2024-12-06T09:11:46+00:00","article_modified_time":"2024-12-10T08:20:37+00:00","og_image":[{"width":2560,"height":1707,"url":"https:\/\/tdv.org\/tr-TR\/wp-content\/uploads\/2024\/12\/1-scaled.jpg","type":"image\/jpeg"}],"author":"U\u011fur","twitter_card":"summary_large_image","twitter_creator":"@DiyanetVakfi","twitter_site":"@DiyanetVakfi","schema":{"@context":"https:\/\/schema.org","@graph":[{"@type":"Article","@id":"https:\/\/tdv.org\/tr-TR\/turkiye-diyanet-vakfi-gonulluler-gununu-gonulluleri-ile-kutladi\/#article","isPartOf":{"@id":"https:\/\/tdv.org\/tr-TR\/turkiye-diyanet-vakfi-gonulluler-gununu-gonulluleri-ile-kutladi\/"},"author":{"name":"U\u011fur","@id":"https:\/\/tdv.org\/tr-TR\/#\/schema\/person\/8dcf742852c4614c6fdadb92da159c05"},"headline":"T\u00fcrkiye Diyanet Vakf\u0131 G\u00f6n\u00fcll\u00fcler G\u00fcn\u00fc\u2019n\u00fc g\u00f6n\u00fcll\u00fcleri ile kutlad\u0131","datePublished":"2024-12-06T09:11:46+00:00","dateModified":"2024-12-10T08:20:37+00:00","mainEntityOfPage":{"@id":"https:\/\/tdv.org\/tr-TR\/turkiye-diyanet-vakfi-gonulluler-gununu-gonulluleri-ile-kutladi\/"},"wordCount":676,"publisher":{"@id":"https:\/\/tdv.org\/tr-TR\/#organization"},"image":{"@id":"https:\/\/tdv.org\/tr-TR\/turkiye-diyanet-vakfi-gonulluler-gununu-gonulluleri-ile-kutladi\/#primaryimage"},"thumbnailUrl":"https:\/\/tdv.org\/tr-TR\/wp-content\/uploads\/2024\/12\/1-scaled.jpg","keywords":["D\u00fcnya G\u00f6n\u00fcll\u00fcler G\u00fcn\u00fc","Genel M\u00fcd\u00fcr Yard\u0131mc\u0131s\u0131 Recep \u015e\u00fckr\u00fc Balkan","g\u00f6n\u00fcll\u00fc","g\u00f6n\u00fcll\u00fcl\u00fck","TDV G\u00f6n\u00fcll\u00fcleri","TDV G\u00f6n\u00fcll\u00fcs\u00fc","T\u00fcrkiye Diyanet Vakf\u0131 g\u00f6n\u00fcll\u00fcleri"],"articleSection":["Haberler"],"inLanguage":"tr"},{"@type":"WebPage","@id":"https:\/\/tdv.org\/tr-TR\/turkiye-diyanet-vakfi-gonulluler-gununu-gonulluleri-ile-kutladi\/","url":"https:\/\/tdv.org\/tr-TR\/turkiye-diyanet-vakfi-gonulluler-gununu-gonulluleri-ile-kutladi\/","name":"T\u00fcrkiye Diyanet Vakf\u0131 G\u00f6n\u00fcll\u00fcler G\u00fcn\u00fc\u2019n\u00fc g\u00f6n\u00fcll\u00fcleri ile kutlad\u0131","isPartOf":{"@id":"https:\/\/tdv.org\/tr-TR\/#website"},"primaryImageOfPage":{"@id":"https:\/\/tdv.org\/tr-TR\/turkiye-diyanet-vakfi-gonulluler-gununu-gonulluleri-ile-kutladi\/#primaryimage"},"image":{"@id":"https:\/\/tdv.org\/tr-TR\/turkiye-diyanet-vakfi-gonulluler-gununu-gonulluleri-ile-kutladi\/#primaryimage"},"thumbnailUrl":"https:\/\/tdv.org\/tr-TR\/wp-content\/uploads\/2024\/12\/1-scaled.jpg","datePublished":"2024-12-06T09:11:46+00:00","dateModified":"2024-12-10T08:20:37+00:00","description":"T\u00fcrkiye Diyanet Vakf\u0131 (TDV) Kad\u0131n Aile ve G\u00f6n\u00fcll\u00fcl\u00fck Hizmetleri M\u00fcd\u00fcrl\u00fc\u011f\u00fc'nce 'D\u00fcnya G\u00f6n\u00fcll\u00fcler G\u00fcn\u00fc' nedeniyle bir etkinlik d\u00fczenlendi.","breadcrumb":{"@id":"https:\/\/tdv.org\/tr-TR\/turkiye-diyanet-vakfi-gonulluler-gununu-gonulluleri-ile-kutladi\/#breadcrumb"},"inLanguage":"tr","potentialAction":[{"@type":"ReadAction","target":["https:\/\/tdv.org\/tr-TR\/turkiye-diyanet-vakfi-gonulluler-gununu-gonulluleri-ile-kutladi\/"]}]},{"@type":"ImageObject","inLanguage":"tr","@id":"https:\/\/tdv.org\/tr-TR\/turkiye-diyanet-vakfi-gonulluler-gununu-gonulluleri-ile-kutladi\/#primaryimage","url":"https:\/\/tdv.org\/tr-TR\/wp-content\/uploads\/2024\/12\/1-scaled.jpg","contentUrl":"https:\/\/tdv.org\/tr-TR\/wp-content\/uploads\/2024\/12\/1-scaled.jpg","width":2560,"height":1707},{"@type":"BreadcrumbList","@id":"https:\/\/tdv.org\/tr-TR\/turkiye-diyanet-vakfi-gonulluler-gununu-gonulluleri-ile-kutladi\/#breadcrumb","itemListElement":[{"@type":"ListItem","position":1,"name":"Anasayfa","item":"https:\/\/tdv.org\/tr-TR\/"},{"@type":"ListItem","position":2,"name":"T\u00fcrkiye Diyanet Vakf\u0131 G\u00f6n\u00fcll\u00fcler G\u00fcn\u00fc\u2019n\u00fc g\u00f6n\u00fcll\u00fcleri ile kutlad\u0131"}]},{"@type":"WebSite","@id":"https:\/\/tdv.org\/tr-TR\/#website","url":"https:\/\/tdv.org\/tr-TR\/","name":"T\u00fcrkiye Diyanet Vakf\u0131 Resmi Web Sitesi","description":"Yery\u00fcz\u00fcnde iyilik egemen oluncaya kadar","publisher":{"@id":"https:\/\/tdv.org\/tr-TR\/#organization"},"alternateName":"T\u00fcrkiye Diyanet Vakf\u0131","potentialAction":[{"@type":"SearchAction","target":{"@type":"EntryPoint","urlTemplate":"https:\/\/tdv.org\/tr-TR\/?s={search_term_string}"},"query-input":{"@type":"PropertyValueSpecification","valueRequired":true,"valueName":"search_term_string"}}],"inLanguage":"tr"},{"@type":"Organization","@id":"https:\/\/tdv.org\/tr-TR\/#organization","name":"T\u00fcrkiye Diyanet Vakf\u0131","alternateName":"T\u00fcrkiye Diyanet Vakf\u0131","url":"https:\/\/tdv.org\/tr-TR\/","logo":{"@type":"ImageObject","inLanguage":"tr","@id":"https:\/\/tdv.org\/tr-TR\/#\/schema\/logo\/image\/","url":"https:\/\/tdv.org\/tr-TR\/wp-content\/uploads\/2018\/12\/TDV_Logo_1.png","contentUrl":"https:\/\/tdv.org\/tr-TR\/wp-content\/uploads\/2018\/12\/TDV_Logo_1.png","width":207,"height":71,"caption":"T\u00fcrkiye Diyanet Vakf\u0131"},"image":{"@id":"https:\/\/tdv.org\/tr-TR\/#\/schema\/logo\/image\/"},"sameAs":["https:\/\/www.facebook.com\/Diyanetvakfi\/","https:\/\/x.com\/DiyanetVakfi","https:\/\/www.instagram.com\/turkiyediyanetvakfi\/","https:\/\/www.youtube.com\/user\/TurkiyeDiyanetVakfi"]},{"@type":"Person","@id":"https:\/\/tdv.org\/tr-TR\/#\/schema\/person\/8dcf742852c4614c6fdadb92da159c05","name":"U\u011fur","image":{"@type":"ImageObject","inLanguage":"tr","@id":"https:\/\/tdv.org\/tr-TR\/wp-content\/litespeed\/avatar\/b970c0eba1124f8268544e2640bfa964.jpg?ver=1777289940","url":"https:\/\/tdv.org\/tr-TR\/wp-content\/litespeed\/avatar\/b970c0eba1124f8268544e2640bfa964.jpg?ver=1777289940","contentUrl":"https:\/\/tdv.org\/tr-TR\/wp-content\/litespeed\/avatar\/b970c0eba1124f8268544e2640bfa964.jpg?ver=1777289940","caption":"U\u011fur"}}]}},"_links":{"self":[{"href":"https:\/\/tdv.org\/tr-TR\/wp-json\/wp\/v2\/posts\/47463","targetHints":{"allow":["GET"]}}],"collection":[{"href":"https:\/\/tdv.org\/tr-TR\/wp-json\/wp\/v2\/posts"}],"about":[{"href":"https:\/\/tdv.org\/tr-TR\/wp-json\/wp\/v2\/types\/post"}],"author":[{"embeddable":true,"href":"https:\/\/tdv.org\/tr-TR\/wp-json\/wp\/v2\/users\/7"}],"replies":[{"embeddable":true,"href":"https:\/\/tdv.org\/tr-TR\/wp-json\/wp\/v2\/comments?post=47463"}],"version-history":[{"count":9,"href":"https:\/\/tdv.org\/tr-TR\/wp-json\/wp\/v2\/posts\/47463\/revisions"}],"predecessor-version":[{"id":47484,"href":"https:\/\/tdv.org\/tr-TR\/wp-json\/wp\/v2\/posts\/47463\/revisions\/47484"}],"wp:featuredmedia":[{"embeddable":true,"href":"https:\/\/tdv.org\/tr-TR\/wp-json\/wp\/v2\/media\/47464"}],"wp:attachment":[{"href":"https:\/\/tdv.org\/tr-TR\/wp-json\/wp\/v2\/media?parent=47463"}],"wp:term":[{"taxonomy":"category","embeddable":true,"href":"https:\/\/tdv.org\/tr-TR\/wp-json\/wp\/v2\/categories?post=47463"},{"taxonomy":"post_tag","embeddable":true,"href":"https:\/\/tdv.org\/tr-TR\/wp-json\/wp\/v2\/tags?post=47463"}],"curies":[{"name":"wp","href":"https:\/\/api.w.org\/{rel}","templated":true}]}}