{"id":47486,"date":"2024-12-09T14:23:19","date_gmt":"2024-12-09T11:23:19","guid":{"rendered":"https:\/\/tdv.org\/tr-TR\/?p=47486"},"modified":"2024-12-09T14:23:19","modified_gmt":"2024-12-09T11:23:19","slug":"turkiye-diyanet-vakfindan-ailem-en-degerli-hazinem-roman-yarismasi","status":"publish","type":"post","link":"https:\/\/tdv.org\/tr-TR\/turkiye-diyanet-vakfindan-ailem-en-degerli-hazinem-roman-yarismasi\/","title":{"rendered":"T\u00fcrkiye Diyanet Vakf\u0131\u2019ndan \u201cAilem: En De\u011ferli Hazinem\u201d Roman Yar\u0131\u015fmas\u0131"},"content":{"rendered":"[vc_row type=&#8221;in_container&#8221; full_screen_row_position=&#8221;middle&#8221; scene_position=&#8221;center&#8221; text_color=&#8221;dark&#8221; text_align=&#8221;left&#8221; overlay_strength=&#8221;0.3&#8243; shape_divider_position=&#8221;bottom&#8221; bg_image_animation=&#8221;none&#8221;][vc_column column_padding=&#8221;no-extra-padding&#8221; column_padding_position=&#8221;all&#8221; background_color_opacity=&#8221;1&#8243; background_hover_color_opacity=&#8221;1&#8243; column_link_target=&#8221;_self&#8221; column_shadow=&#8221;none&#8221; column_border_radius=&#8221;none&#8221; width=&#8221;1\/1&#8243; tablet_width_inherit=&#8221;default&#8221; tablet_text_alignment=&#8221;default&#8221; phone_text_alignment=&#8221;default&#8221; column_border_width=&#8221;none&#8221; column_border_style=&#8221;solid&#8221; bg_image_animation=&#8221;none&#8221;][vc_column_text]\n<p style=\"text-align: justify;\"><a href=\"https:\/\/tdv.org\/tr-TR\/ilksay\/\" target=\"_blank\" rel=\"noopener\">T\u00fcrkiye Diyanet Vakf\u0131 \u0130LKSAY<\/a>, aile kavram\u0131n\u0131n \u00f6nemine dikkat \u00e7ekmek amac\u0131yla anlaml\u0131 bir roman yar\u0131\u015fmas\u0131 d\u00fczenliyor.<\/p>\n<p style=\"text-align: justify;\"><a href=\"https:\/\/tdv.org\/tr-TR\" target=\"_blank\" rel=\"noopener\">T\u00fcrkiye Diyanet Vakf\u0131 (TDV<\/a>) <a href=\"https:\/\/tdv.org\/tr-TR\/ilksay\/\" target=\"_blank\" rel=\"noopener\">\u0130lim K\u00fclt\u00fcr Sanat ve Yay\u0131n Kurulu Ba\u015fkanl\u0131\u011f\u0131 (\u0130LKSAY),<\/a> 2025 Aile Haftas\u0131 dolay\u0131s\u0131yla d\u00fczenleyece\u011fi <a href=\"https:\/\/tdv.org\/tr-TR\/ilksay\/ailem-en-degerli-hazinem\/\" target=\"_blank\" rel=\"noopener\">\u201cAilem: En De\u011ferli Hazinem\u201d<\/a> temal\u0131 roman yar\u0131\u015fmas\u0131 i\u00e7in ba\u015fvurular\u0131 kabul etmeye ba\u015flad\u0131.<\/p>\n<p style=\"text-align: justify;\">\u0130nsan\u0131n en k\u00fc\u00e7\u00fck vatan\u0131 olan ailenin roman arac\u0131l\u0131\u011f\u0131yla i\u015flenece\u011fi yar\u0131\u015fman\u0131n se\u00e7ici kurulunda; Naime Erkovan, Emre Ergin, Ayla Abak, Kadir Dani\u015f ve Ay\u015feg\u00fcl Gen\u00e7 gibi edebiyat\u00e7\u0131lar yer al\u0131yor.<\/p>\n<p style=\"text-align: justify;\">Yar\u0131\u015fmaya, 18 ya\u015f\u0131n\u0131 doldurmu\u015f ve T\u00fcrk\u00e7e yazabilen yurt i\u00e7i ve yurt d\u0131\u015f\u0131ndan herkes kat\u0131labilecek. Romanlar\u0131n, 15 ya\u015f ve \u00fczeri okuyuculara hitap etmesi ve aile konulu \u00f6zg\u00fcn nitelik ta\u015f\u0131mas\u0131 gerekecek. Milli, dini ve manevi de\u011ferlere ayk\u0131r\u0131 i\u00e7erikler de\u011ferlendirme d\u0131\u015f\u0131 b\u0131rak\u0131lacak.<\/p>\n<p style=\"text-align: justify;\">Ba\u015fvurular yaln\u0131zca \u201c<a href=\"mailto:yarisma.ilksay@tdv.org\" target=\"_blank\" rel=\"noopener\">yarisma.ilksay@tdv.org<\/a>\u201d adresi \u00fczerinden kabul edilecek. Son ba\u015fvuru tarihi 11 Nisan 2025 saat 17.00 olarak belirlenirken, bu tarihten sonra g\u00f6nderilen eserler kabul edilmeyecek. Yar\u0131\u015fma hakk\u0131nda detayl\u0131 bilgi h<a href=\"https:\/\/tdv.org\/tr-TR\/ilksay\/ailem-en-degerli-hazinem\/\">ttps:\/\/tdv.org\/tr-TR\/ilksay\/ailem-en-degerli-hazinem\/<\/a> web adresinden al\u0131nabilecek.<\/p>\n<p style=\"text-align: justify;\">Yar\u0131\u015fmada birinciye 50 bin TL, ikinciye 35 bin TL, \u00fc\u00e7\u00fcnc\u00fcye ise 20 bin TL para \u00f6d\u00fcl\u00fc takdim edilecek. Ayr\u0131ca mansiyon \u00f6d\u00fcl\u00fc de sahibini bulacak.<\/p>\n<p style=\"text-align: justify;\">Sonu\u00e7lar 15 May\u0131s 2025 tarihinde a\u00e7\u0131klanacak. \u00d6d\u00fcl t\u00f6reni ise ileri bir tarihte duyurulacak.<\/p>\n<p>\u00a0[\/vc_column_text][vc_row_inner column_margin=&#8221;default&#8221; text_align=&#8221;left&#8221;][vc_column_inner column_padding=&#8221;no-extra-padding&#8221; column_padding_position=&#8221;all&#8221; background_color_opacity=&#8221;1&#8243; background_hover_color_opacity=&#8221;1&#8243; column_shadow=&#8221;none&#8221; column_border_radius=&#8221;none&#8221; column_link_target=&#8221;_self&#8221; width=&#8221;1\/1&#8243; tablet_width_inherit=&#8221;default&#8221; column_border_width=&#8221;none&#8221; column_border_style=&#8221;solid&#8221; bg_image_animation=&#8221;none&#8221;][image_with_animation image_url=&#8221;47392&#8243; alignment=&#8221;center&#8221; animation=&#8221;Fade In&#8221; img_link_large=&#8221;yes&#8221; border_radius=&#8221;5px&#8221; box_shadow=&#8221;none&#8221; max_width=&#8221;75%&#8221;][\/vc_column_inner][\/vc_row_inner][\/vc_column][\/vc_row]\n","protected":false},"excerpt":{"rendered":"<p>[vc_row type=&#8221;in_container&#8221; full_screen_row_position=&#8221;middle&#8221; scene_position=&#8221;center&#8221; text_color=&#8221;dark&#8221; text_align=&#8221;left&#8221; overlay_strength=&#8221;0.3&#8243; shape_divider_position=&#8221;bottom&#8221; bg_image_animation=&#8221;none&#8221;][vc_column column_padding=&#8221;no-extra-padding&#8221; column_padding_position=&#8221;all&#8221; background_color_opacity=&#8221;1&#8243; background_hover_color_opacity=&#8221;1&#8243; column_link_target=&#8221;_self&#8221; column_shadow=&#8221;none&#8221; column_border_radius=&#8221;none&#8221; width=&#8221;1\/1&#8243; tablet_width_inherit=&#8221;default&#8221; tablet_text_alignment=&#8221;default&#8221; phone_text_alignment=&#8221;default&#8221; column_border_width=&#8221;none&#8221; column_border_style=&#8221;solid&#8221; bg_image_animation=&#8221;none&#8221;][vc_column_text] T\u00fcrkiye Diyanet Vakf\u0131 \u0130LKSAY, aile kavram\u0131n\u0131n \u00f6nemine&#8230;<\/p>\n","protected":false},"author":8,"featured_media":47487,"comment_status":"closed","ping_status":"closed","sticky":false,"template":"","format":"standard","meta":{"footnotes":""},"categories":[1],"tags":[857,2341,584],"class_list":{"0":"post-47486","1":"post","2":"type-post","3":"status-publish","4":"format-standard","5":"has-post-thumbnail","7":"category-haberler","8":"tag-aile","9":"tag-ilksay","10":"tag-yarisma"},"yoast_head":"<!-- This site is optimized with the Yoast SEO plugin v27.4 - https:\/\/yoast.com\/product\/yoast-seo-wordpress\/ -->\n<title>T\u00fcrkiye Diyanet Vakf\u0131\u2019ndan \u201cAilem: En De\u011ferli Hazinem\u201d Roman Yar\u0131\u015fmas\u0131<\/title>\n<meta name=\"description\" content=\"T\u00fcrkiye Diyanet Vakf\u0131 \u0130LKSAY, aile kavram\u0131n\u0131n \u00f6nemine dikkat \u00e7ekmek amac\u0131yla anlaml\u0131 bir roman yar\u0131\u015fmas\u0131 d\u00fczenliyor.\" \/>\n<meta name=\"robots\" content=\"index, follow, max-snippet:-1, max-image-preview:large, max-video-preview:-1\" \/>\n<link rel=\"canonical\" href=\"https:\/\/tdv.org\/tr-TR\/turkiye-diyanet-vakfindan-ailem-en-degerli-hazinem-roman-yarismasi\/\" \/>\n<meta property=\"og:locale\" content=\"tr_TR\" \/>\n<meta property=\"og:type\" content=\"article\" \/>\n<meta property=\"og:title\" content=\"T\u00fcrkiye Diyanet Vakf\u0131\u2019ndan \u201cAilem: En De\u011ferli Hazinem\u201d Roman Yar\u0131\u015fmas\u0131\" \/>\n<meta property=\"og:description\" content=\"T\u00fcrkiye Diyanet Vakf\u0131 \u0130LKSAY, aile kavram\u0131n\u0131n \u00f6nemine dikkat \u00e7ekmek amac\u0131yla anlaml\u0131 bir roman yar\u0131\u015fmas\u0131 d\u00fczenliyor.\" \/>\n<meta property=\"og:url\" content=\"https:\/\/tdv.org\/tr-TR\/turkiye-diyanet-vakfindan-ailem-en-degerli-hazinem-roman-yarismasi\/\" \/>\n<meta property=\"og:site_name\" content=\"T\u00fcrkiye Diyanet Vakf\u0131 Resmi Web Sitesi\" \/>\n<meta property=\"article:publisher\" content=\"https:\/\/www.facebook.com\/Diyanetvakfi\/\" \/>\n<meta property=\"article:published_time\" content=\"2024-12-09T11:23:19+00:00\" \/>\n<meta property=\"og:image\" content=\"https:\/\/tdv.org\/tr-TR\/wp-content\/uploads\/2024\/12\/Ailem-En-Degerli-Hazinem-Roman-Yarismasi.jpg\" \/>\n\t<meta property=\"og:image:width\" content=\"1920\" \/>\n\t<meta property=\"og:image:height\" content=\"1080\" \/>\n\t<meta property=\"og:image:type\" content=\"image\/jpeg\" \/>\n<meta name=\"author\" content=\"Selim\" \/>\n<meta name=\"twitter:card\" content=\"summary_large_image\" \/>\n<meta name=\"twitter:creator\" content=\"@DiyanetVakfi\" \/>\n<meta name=\"twitter:site\" content=\"@DiyanetVakfi\" \/>\n<script type=\"application\/ld+json\" class=\"yoast-schema-graph\">{\"@context\":\"https:\\\/\\\/schema.org\",\"@graph\":[{\"@type\":\"Article\",\"@id\":\"https:\\\/\\\/tdv.org\\\/tr-TR\\\/turkiye-diyanet-vakfindan-ailem-en-degerli-hazinem-roman-yarismasi\\\/#article\",\"isPartOf\":{\"@id\":\"https:\\\/\\\/tdv.org\\\/tr-TR\\\/turkiye-diyanet-vakfindan-ailem-en-degerli-hazinem-roman-yarismasi\\\/\"},\"author\":{\"name\":\"Selim\",\"@id\":\"https:\\\/\\\/tdv.org\\\/tr-TR\\\/#\\\/schema\\\/person\\\/752b55e264a99273d55636516d96d5eb\"},\"headline\":\"T\u00fcrkiye Diyanet Vakf\u0131\u2019ndan \u201cAilem: En De\u011ferli Hazinem\u201d Roman Yar\u0131\u015fmas\u0131\",\"datePublished\":\"2024-12-09T11:23:19+00:00\",\"mainEntityOfPage\":{\"@id\":\"https:\\\/\\\/tdv.org\\\/tr-TR\\\/turkiye-diyanet-vakfindan-ailem-en-degerli-hazinem-roman-yarismasi\\\/\"},\"wordCount\":428,\"publisher\":{\"@id\":\"https:\\\/\\\/tdv.org\\\/tr-TR\\\/#organization\"},\"image\":{\"@id\":\"https:\\\/\\\/tdv.org\\\/tr-TR\\\/turkiye-diyanet-vakfindan-ailem-en-degerli-hazinem-roman-yarismasi\\\/#primaryimage\"},\"thumbnailUrl\":\"https:\\\/\\\/tdv.org\\\/tr-TR\\\/wp-content\\\/uploads\\\/2024\\\/12\\\/Ailem-En-Degerli-Hazinem-Roman-Yarismasi.jpg\",\"keywords\":[\"aile\",\"ilksay\",\"yar\u0131\u015fma\"],\"articleSection\":[\"Haberler\"],\"inLanguage\":\"tr\"},{\"@type\":\"WebPage\",\"@id\":\"https:\\\/\\\/tdv.org\\\/tr-TR\\\/turkiye-diyanet-vakfindan-ailem-en-degerli-hazinem-roman-yarismasi\\\/\",\"url\":\"https:\\\/\\\/tdv.org\\\/tr-TR\\\/turkiye-diyanet-vakfindan-ailem-en-degerli-hazinem-roman-yarismasi\\\/\",\"name\":\"T\u00fcrkiye Diyanet Vakf\u0131\u2019ndan \u201cAilem: En De\u011ferli Hazinem\u201d Roman Yar\u0131\u015fmas\u0131\",\"isPartOf\":{\"@id\":\"https:\\\/\\\/tdv.org\\\/tr-TR\\\/#website\"},\"primaryImageOfPage\":{\"@id\":\"https:\\\/\\\/tdv.org\\\/tr-TR\\\/turkiye-diyanet-vakfindan-ailem-en-degerli-hazinem-roman-yarismasi\\\/#primaryimage\"},\"image\":{\"@id\":\"https:\\\/\\\/tdv.org\\\/tr-TR\\\/turkiye-diyanet-vakfindan-ailem-en-degerli-hazinem-roman-yarismasi\\\/#primaryimage\"},\"thumbnailUrl\":\"https:\\\/\\\/tdv.org\\\/tr-TR\\\/wp-content\\\/uploads\\\/2024\\\/12\\\/Ailem-En-Degerli-Hazinem-Roman-Yarismasi.jpg\",\"datePublished\":\"2024-12-09T11:23:19+00:00\",\"description\":\"T\u00fcrkiye Diyanet Vakf\u0131 \u0130LKSAY, aile kavram\u0131n\u0131n \u00f6nemine dikkat \u00e7ekmek amac\u0131yla anlaml\u0131 bir roman yar\u0131\u015fmas\u0131 d\u00fczenliyor.\",\"breadcrumb\":{\"@id\":\"https:\\\/\\\/tdv.org\\\/tr-TR\\\/turkiye-diyanet-vakfindan-ailem-en-degerli-hazinem-roman-yarismasi\\\/#breadcrumb\"},\"inLanguage\":\"tr\",\"potentialAction\":[{\"@type\":\"ReadAction\",\"target\":[\"https:\\\/\\\/tdv.org\\\/tr-TR\\\/turkiye-diyanet-vakfindan-ailem-en-degerli-hazinem-roman-yarismasi\\\/\"]}]},{\"@type\":\"ImageObject\",\"inLanguage\":\"tr\",\"@id\":\"https:\\\/\\\/tdv.org\\\/tr-TR\\\/turkiye-diyanet-vakfindan-ailem-en-degerli-hazinem-roman-yarismasi\\\/#primaryimage\",\"url\":\"https:\\\/\\\/tdv.org\\\/tr-TR\\\/wp-content\\\/uploads\\\/2024\\\/12\\\/Ailem-En-Degerli-Hazinem-Roman-Yarismasi.jpg\",\"contentUrl\":\"https:\\\/\\\/tdv.org\\\/tr-TR\\\/wp-content\\\/uploads\\\/2024\\\/12\\\/Ailem-En-Degerli-Hazinem-Roman-Yarismasi.jpg\",\"width\":1920,\"height\":1080},{\"@type\":\"BreadcrumbList\",\"@id\":\"https:\\\/\\\/tdv.org\\\/tr-TR\\\/turkiye-diyanet-vakfindan-ailem-en-degerli-hazinem-roman-yarismasi\\\/#breadcrumb\",\"itemListElement\":[{\"@type\":\"ListItem\",\"position\":1,\"name\":\"Anasayfa\",\"item\":\"https:\\\/\\\/tdv.org\\\/tr-TR\\\/\"},{\"@type\":\"ListItem\",\"position\":2,\"name\":\"T\u00fcrkiye Diyanet Vakf\u0131\u2019ndan \u201cAilem: En De\u011ferli Hazinem\u201d Roman Yar\u0131\u015fmas\u0131\"}]},{\"@type\":\"WebSite\",\"@id\":\"https:\\\/\\\/tdv.org\\\/tr-TR\\\/#website\",\"url\":\"https:\\\/\\\/tdv.org\\\/tr-TR\\\/\",\"name\":\"T\u00fcrkiye Diyanet Vakf\u0131 Resmi Web Sitesi\",\"description\":\"Yery\u00fcz\u00fcnde iyilik egemen oluncaya kadar\",\"publisher\":{\"@id\":\"https:\\\/\\\/tdv.org\\\/tr-TR\\\/#organization\"},\"alternateName\":\"T\u00fcrkiye Diyanet Vakf\u0131\",\"potentialAction\":[{\"@type\":\"SearchAction\",\"target\":{\"@type\":\"EntryPoint\",\"urlTemplate\":\"https:\\\/\\\/tdv.org\\\/tr-TR\\\/?s={search_term_string}\"},\"query-input\":{\"@type\":\"PropertyValueSpecification\",\"valueRequired\":true,\"valueName\":\"search_term_string\"}}],\"inLanguage\":\"tr\"},{\"@type\":\"Organization\",\"@id\":\"https:\\\/\\\/tdv.org\\\/tr-TR\\\/#organization\",\"name\":\"T\u00fcrkiye Diyanet Vakf\u0131\",\"alternateName\":\"T\u00fcrkiye Diyanet Vakf\u0131\",\"url\":\"https:\\\/\\\/tdv.org\\\/tr-TR\\\/\",\"logo\":{\"@type\":\"ImageObject\",\"inLanguage\":\"tr\",\"@id\":\"https:\\\/\\\/tdv.org\\\/tr-TR\\\/#\\\/schema\\\/logo\\\/image\\\/\",\"url\":\"https:\\\/\\\/tdv.org\\\/tr-TR\\\/wp-content\\\/uploads\\\/2018\\\/12\\\/TDV_Logo_1.png\",\"contentUrl\":\"https:\\\/\\\/tdv.org\\\/tr-TR\\\/wp-content\\\/uploads\\\/2018\\\/12\\\/TDV_Logo_1.png\",\"width\":207,\"height\":71,\"caption\":\"T\u00fcrkiye Diyanet Vakf\u0131\"},\"image\":{\"@id\":\"https:\\\/\\\/tdv.org\\\/tr-TR\\\/#\\\/schema\\\/logo\\\/image\\\/\"},\"sameAs\":[\"https:\\\/\\\/www.facebook.com\\\/Diyanetvakfi\\\/\",\"https:\\\/\\\/x.com\\\/DiyanetVakfi\",\"https:\\\/\\\/www.instagram.com\\\/turkiyediyanetvakfi\\\/\",\"https:\\\/\\\/www.youtube.com\\\/user\\\/TurkiyeDiyanetVakfi\"]},{\"@type\":\"Person\",\"@id\":\"https:\\\/\\\/tdv.org\\\/tr-TR\\\/#\\\/schema\\\/person\\\/752b55e264a99273d55636516d96d5eb\",\"name\":\"Selim\",\"image\":{\"@type\":\"ImageObject\",\"inLanguage\":\"tr\",\"@id\":\"https:\\\/\\\/tdv.org\\\/tr-TR\\\/wp-content\\\/litespeed\\\/avatar\\\/a1e47b25396e98e5b781e88a5396cd96.jpg?ver=1777287391\",\"url\":\"https:\\\/\\\/tdv.org\\\/tr-TR\\\/wp-content\\\/litespeed\\\/avatar\\\/a1e47b25396e98e5b781e88a5396cd96.jpg?ver=1777287391\",\"contentUrl\":\"https:\\\/\\\/tdv.org\\\/tr-TR\\\/wp-content\\\/litespeed\\\/avatar\\\/a1e47b25396e98e5b781e88a5396cd96.jpg?ver=1777287391\",\"caption\":\"Selim\"}}]}<\/script>\n<!-- \/ Yoast SEO plugin. -->","yoast_head_json":{"title":"T\u00fcrkiye Diyanet Vakf\u0131\u2019ndan \u201cAilem: En De\u011ferli Hazinem\u201d Roman Yar\u0131\u015fmas\u0131","description":"T\u00fcrkiye Diyanet Vakf\u0131 \u0130LKSAY, aile kavram\u0131n\u0131n \u00f6nemine dikkat \u00e7ekmek amac\u0131yla anlaml\u0131 bir roman yar\u0131\u015fmas\u0131 d\u00fczenliyor.","robots":{"index":"index","follow":"follow","max-snippet":"max-snippet:-1","max-image-preview":"max-image-preview:large","max-video-preview":"max-video-preview:-1"},"canonical":"https:\/\/tdv.org\/tr-TR\/turkiye-diyanet-vakfindan-ailem-en-degerli-hazinem-roman-yarismasi\/","og_locale":"tr_TR","og_type":"article","og_title":"T\u00fcrkiye Diyanet Vakf\u0131\u2019ndan \u201cAilem: En De\u011ferli Hazinem\u201d Roman Yar\u0131\u015fmas\u0131","og_description":"T\u00fcrkiye Diyanet Vakf\u0131 \u0130LKSAY, aile kavram\u0131n\u0131n \u00f6nemine dikkat \u00e7ekmek amac\u0131yla anlaml\u0131 bir roman yar\u0131\u015fmas\u0131 d\u00fczenliyor.","og_url":"https:\/\/tdv.org\/tr-TR\/turkiye-diyanet-vakfindan-ailem-en-degerli-hazinem-roman-yarismasi\/","og_site_name":"T\u00fcrkiye Diyanet Vakf\u0131 Resmi Web Sitesi","article_publisher":"https:\/\/www.facebook.com\/Diyanetvakfi\/","article_published_time":"2024-12-09T11:23:19+00:00","og_image":[{"width":1920,"height":1080,"url":"https:\/\/tdv.org\/tr-TR\/wp-content\/uploads\/2024\/12\/Ailem-En-Degerli-Hazinem-Roman-Yarismasi.jpg","type":"image\/jpeg"}],"author":"Selim","twitter_card":"summary_large_image","twitter_creator":"@DiyanetVakfi","twitter_site":"@DiyanetVakfi","schema":{"@context":"https:\/\/schema.org","@graph":[{"@type":"Article","@id":"https:\/\/tdv.org\/tr-TR\/turkiye-diyanet-vakfindan-ailem-en-degerli-hazinem-roman-yarismasi\/#article","isPartOf":{"@id":"https:\/\/tdv.org\/tr-TR\/turkiye-diyanet-vakfindan-ailem-en-degerli-hazinem-roman-yarismasi\/"},"author":{"name":"Selim","@id":"https:\/\/tdv.org\/tr-TR\/#\/schema\/person\/752b55e264a99273d55636516d96d5eb"},"headline":"T\u00fcrkiye Diyanet Vakf\u0131\u2019ndan \u201cAilem: En De\u011ferli Hazinem\u201d Roman Yar\u0131\u015fmas\u0131","datePublished":"2024-12-09T11:23:19+00:00","mainEntityOfPage":{"@id":"https:\/\/tdv.org\/tr-TR\/turkiye-diyanet-vakfindan-ailem-en-degerli-hazinem-roman-yarismasi\/"},"wordCount":428,"publisher":{"@id":"https:\/\/tdv.org\/tr-TR\/#organization"},"image":{"@id":"https:\/\/tdv.org\/tr-TR\/turkiye-diyanet-vakfindan-ailem-en-degerli-hazinem-roman-yarismasi\/#primaryimage"},"thumbnailUrl":"https:\/\/tdv.org\/tr-TR\/wp-content\/uploads\/2024\/12\/Ailem-En-Degerli-Hazinem-Roman-Yarismasi.jpg","keywords":["aile","ilksay","yar\u0131\u015fma"],"articleSection":["Haberler"],"inLanguage":"tr"},{"@type":"WebPage","@id":"https:\/\/tdv.org\/tr-TR\/turkiye-diyanet-vakfindan-ailem-en-degerli-hazinem-roman-yarismasi\/","url":"https:\/\/tdv.org\/tr-TR\/turkiye-diyanet-vakfindan-ailem-en-degerli-hazinem-roman-yarismasi\/","name":"T\u00fcrkiye Diyanet Vakf\u0131\u2019ndan \u201cAilem: En De\u011ferli Hazinem\u201d Roman Yar\u0131\u015fmas\u0131","isPartOf":{"@id":"https:\/\/tdv.org\/tr-TR\/#website"},"primaryImageOfPage":{"@id":"https:\/\/tdv.org\/tr-TR\/turkiye-diyanet-vakfindan-ailem-en-degerli-hazinem-roman-yarismasi\/#primaryimage"},"image":{"@id":"https:\/\/tdv.org\/tr-TR\/turkiye-diyanet-vakfindan-ailem-en-degerli-hazinem-roman-yarismasi\/#primaryimage"},"thumbnailUrl":"https:\/\/tdv.org\/tr-TR\/wp-content\/uploads\/2024\/12\/Ailem-En-Degerli-Hazinem-Roman-Yarismasi.jpg","datePublished":"2024-12-09T11:23:19+00:00","description":"T\u00fcrkiye Diyanet Vakf\u0131 \u0130LKSAY, aile kavram\u0131n\u0131n \u00f6nemine dikkat \u00e7ekmek amac\u0131yla anlaml\u0131 bir roman yar\u0131\u015fmas\u0131 d\u00fczenliyor.","breadcrumb":{"@id":"https:\/\/tdv.org\/tr-TR\/turkiye-diyanet-vakfindan-ailem-en-degerli-hazinem-roman-yarismasi\/#breadcrumb"},"inLanguage":"tr","potentialAction":[{"@type":"ReadAction","target":["https:\/\/tdv.org\/tr-TR\/turkiye-diyanet-vakfindan-ailem-en-degerli-hazinem-roman-yarismasi\/"]}]},{"@type":"ImageObject","inLanguage":"tr","@id":"https:\/\/tdv.org\/tr-TR\/turkiye-diyanet-vakfindan-ailem-en-degerli-hazinem-roman-yarismasi\/#primaryimage","url":"https:\/\/tdv.org\/tr-TR\/wp-content\/uploads\/2024\/12\/Ailem-En-Degerli-Hazinem-Roman-Yarismasi.jpg","contentUrl":"https:\/\/tdv.org\/tr-TR\/wp-content\/uploads\/2024\/12\/Ailem-En-Degerli-Hazinem-Roman-Yarismasi.jpg","width":1920,"height":1080},{"@type":"BreadcrumbList","@id":"https:\/\/tdv.org\/tr-TR\/turkiye-diyanet-vakfindan-ailem-en-degerli-hazinem-roman-yarismasi\/#breadcrumb","itemListElement":[{"@type":"ListItem","position":1,"name":"Anasayfa","item":"https:\/\/tdv.org\/tr-TR\/"},{"@type":"ListItem","position":2,"name":"T\u00fcrkiye Diyanet Vakf\u0131\u2019ndan \u201cAilem: En De\u011ferli Hazinem\u201d Roman Yar\u0131\u015fmas\u0131"}]},{"@type":"WebSite","@id":"https:\/\/tdv.org\/tr-TR\/#website","url":"https:\/\/tdv.org\/tr-TR\/","name":"T\u00fcrkiye Diyanet Vakf\u0131 Resmi Web Sitesi","description":"Yery\u00fcz\u00fcnde iyilik egemen oluncaya kadar","publisher":{"@id":"https:\/\/tdv.org\/tr-TR\/#organization"},"alternateName":"T\u00fcrkiye Diyanet Vakf\u0131","potentialAction":[{"@type":"SearchAction","target":{"@type":"EntryPoint","urlTemplate":"https:\/\/tdv.org\/tr-TR\/?s={search_term_string}"},"query-input":{"@type":"PropertyValueSpecification","valueRequired":true,"valueName":"search_term_string"}}],"inLanguage":"tr"},{"@type":"Organization","@id":"https:\/\/tdv.org\/tr-TR\/#organization","name":"T\u00fcrkiye Diyanet Vakf\u0131","alternateName":"T\u00fcrkiye Diyanet Vakf\u0131","url":"https:\/\/tdv.org\/tr-TR\/","logo":{"@type":"ImageObject","inLanguage":"tr","@id":"https:\/\/tdv.org\/tr-TR\/#\/schema\/logo\/image\/","url":"https:\/\/tdv.org\/tr-TR\/wp-content\/uploads\/2018\/12\/TDV_Logo_1.png","contentUrl":"https:\/\/tdv.org\/tr-TR\/wp-content\/uploads\/2018\/12\/TDV_Logo_1.png","width":207,"height":71,"caption":"T\u00fcrkiye Diyanet Vakf\u0131"},"image":{"@id":"https:\/\/tdv.org\/tr-TR\/#\/schema\/logo\/image\/"},"sameAs":["https:\/\/www.facebook.com\/Diyanetvakfi\/","https:\/\/x.com\/DiyanetVakfi","https:\/\/www.instagram.com\/turkiyediyanetvakfi\/","https:\/\/www.youtube.com\/user\/TurkiyeDiyanetVakfi"]},{"@type":"Person","@id":"https:\/\/tdv.org\/tr-TR\/#\/schema\/person\/752b55e264a99273d55636516d96d5eb","name":"Selim","image":{"@type":"ImageObject","inLanguage":"tr","@id":"https:\/\/tdv.org\/tr-TR\/wp-content\/litespeed\/avatar\/a1e47b25396e98e5b781e88a5396cd96.jpg?ver=1777287391","url":"https:\/\/tdv.org\/tr-TR\/wp-content\/litespeed\/avatar\/a1e47b25396e98e5b781e88a5396cd96.jpg?ver=1777287391","contentUrl":"https:\/\/tdv.org\/tr-TR\/wp-content\/litespeed\/avatar\/a1e47b25396e98e5b781e88a5396cd96.jpg?ver=1777287391","caption":"Selim"}}]}},"_links":{"self":[{"href":"https:\/\/tdv.org\/tr-TR\/wp-json\/wp\/v2\/posts\/47486","targetHints":{"allow":["GET"]}}],"collection":[{"href":"https:\/\/tdv.org\/tr-TR\/wp-json\/wp\/v2\/posts"}],"about":[{"href":"https:\/\/tdv.org\/tr-TR\/wp-json\/wp\/v2\/types\/post"}],"author":[{"embeddable":true,"href":"https:\/\/tdv.org\/tr-TR\/wp-json\/wp\/v2\/users\/8"}],"replies":[{"embeddable":true,"href":"https:\/\/tdv.org\/tr-TR\/wp-json\/wp\/v2\/comments?post=47486"}],"version-history":[{"count":3,"href":"https:\/\/tdv.org\/tr-TR\/wp-json\/wp\/v2\/posts\/47486\/revisions"}],"predecessor-version":[{"id":47490,"href":"https:\/\/tdv.org\/tr-TR\/wp-json\/wp\/v2\/posts\/47486\/revisions\/47490"}],"wp:featuredmedia":[{"embeddable":true,"href":"https:\/\/tdv.org\/tr-TR\/wp-json\/wp\/v2\/media\/47487"}],"wp:attachment":[{"href":"https:\/\/tdv.org\/tr-TR\/wp-json\/wp\/v2\/media?parent=47486"}],"wp:term":[{"taxonomy":"category","embeddable":true,"href":"https:\/\/tdv.org\/tr-TR\/wp-json\/wp\/v2\/categories?post=47486"},{"taxonomy":"post_tag","embeddable":true,"href":"https:\/\/tdv.org\/tr-TR\/wp-json\/wp\/v2\/tags?post=47486"}],"curies":[{"name":"wp","href":"https:\/\/api.w.org\/{rel}","templated":true}]}}