{"id":47504,"date":"2024-12-10T11:39:54","date_gmt":"2024-12-10T08:39:54","guid":{"rendered":"https:\/\/tdv.org\/tr-TR\/?p=47504"},"modified":"2024-12-10T11:42:43","modified_gmt":"2024-12-10T08:42:43","slug":"diyanet-isleri-baskani-erbastan-dunya-insan-haklari-gunu-mesaji","status":"publish","type":"post","link":"https:\/\/tdv.org\/tr-TR\/diyanet-isleri-baskani-erbastan-dunya-insan-haklari-gunu-mesaji\/","title":{"rendered":"Diyanet \u0130\u015fleri Ba\u015fkan\u0131 Erba\u015f\u2019tan D\u00fcnya \u0130nsan Haklar\u0131 G\u00fcn\u00fc Mesaj\u0131"},"content":{"rendered":"[vc_row type=&#8221;in_container&#8221; full_screen_row_position=&#8221;middle&#8221; scene_position=&#8221;center&#8221; text_color=&#8221;dark&#8221; text_align=&#8221;left&#8221; overlay_strength=&#8221;0.3&#8243; shape_divider_position=&#8221;bottom&#8221; bg_image_animation=&#8221;none&#8221;][vc_column column_padding=&#8221;no-extra-padding&#8221; column_padding_position=&#8221;all&#8221; background_color_opacity=&#8221;1&#8243; background_hover_color_opacity=&#8221;1&#8243; column_link_target=&#8221;_self&#8221; column_shadow=&#8221;none&#8221; column_border_radius=&#8221;none&#8221; width=&#8221;1\/1&#8243; tablet_width_inherit=&#8221;default&#8221; tablet_text_alignment=&#8221;default&#8221; phone_text_alignment=&#8221;default&#8221; column_border_width=&#8221;none&#8221; column_border_style=&#8221;solid&#8221; bg_image_animation=&#8221;none&#8221;][vc_column_text]\n<p class=\"text-justify\" style=\"text-align: justify;\"><a href=\"https:\/\/tdv.org\/tr-TR\/kurumsal\/prof-dr-ali-erbas\/\">Diyanet \u0130\u015fleri Ba\u015fkan\u0131 ve T\u00fcrkiye Diyanet Vakf\u0131 M\u00fctevelli Heyeti Ba\u015fkan\u0131 Prof. Dr. Ali Erba\u015f<\/a>, 10 Aral\u0131k D\u00fcnya \u0130nsan Haklar\u0131 G\u00fcn\u00fc Mesaj\u0131\u2019nda, \u201cSon g\u00fcnlerde Suriye\u2019de ya\u015fananlar, d\u00fcnyan\u0131n di\u011fer mazlum co\u011frafyalar\u0131nda hak ve hukuk m\u00fccadelesi verenler i\u00e7in bir umut \u0131\u015f\u0131\u011f\u0131 olmu\u015ftur.\u201d ifadesini kulland\u0131.<\/p>\n<div>\n<p style=\"text-align: justify;\">Y\u00fcce dinimiz \u0130slam\u2019a g\u00f6re \u0131rk\u0131, rengi, inanc\u0131, co\u011frafyas\u0131 ne olursa olsun her insan\u0131n can\u0131, akl\u0131, inanc\u0131, mal\u0131 ve nesli mukaddestir, dokunulmazd\u0131r. Her insan\u0131n ve hatta her canl\u0131n\u0131n do\u011fu\u015ftan sahip oldu\u011fu haklar vard\u0131r. Y\u00fcce Allah, s\u00f6z konusu haklar\u0131n korunmas\u0131 i\u00e7in h\u00fck\u00fcmler, \u00f6l\u00e7\u00fcler ve ilkleler koymu\u015f; bunlara riayet edilmesini, bu konuda ya\u015fanan ihlaller kar\u015f\u0131s\u0131nda duyarl\u0131 davran\u0131lmas\u0131n\u0131, bilin\u00e7li hareket edilmesini en temel insan\u00ee g\u00f6rev olarak t\u00fcm insanl\u0131\u011fa emretmi\u015ftir.<\/p>\n<p style=\"text-align: justify;\">\u0130slam\u2019\u0131n gayesi, insan\u0131n Rabbiyle, kendisiyle, \u00e7evresiyle ve b\u00fct\u00fcn varl\u0131k \u00e2lemiyle olumlu ili\u015fkiler kurmas\u0131n\u0131; b\u00fct\u00fcn ili\u015fkilerini adalet, merhamet, hakkaniyet ve emanet bilinciyle ger\u00e7ekle\u015ftirmesini temin etmektir. Zira yery\u00fcz\u00fcnde huzur, g\u00fcven ve bar\u0131\u015f ortam\u0131n\u0131n tesisi, ancak bu ilke ve \u00f6l\u00e7\u00fclere riayet edildi\u011finde ger\u00e7eklik bulur. Nitekim M\u00fcsl\u00fcmanlar\u0131n s\u00f6z konusu ilkelerle egemen oldu\u011fu co\u011frafyalarda insanlar, b\u00fct\u00fcn farkl\u0131l\u0131klar\u0131na ra\u011fmen as\u0131rlarca huzur ve g\u00fcven i\u00e7ine ya\u015fam\u0131\u015flard\u0131r.<\/p>\n<p style=\"text-align: justify;\">Ne var ki bug\u00fcn Bat\u0131 medeniyetinin hegemonyas\u0131nda yery\u00fcz\u00fc, en temel hak ve h\u00fcrriyetlere hasret kalm\u0131\u015ft\u0131r. Bar\u0131\u015f yurdu Kud\u00fcs ve \u00e7evresi, bug\u00fcnlerde hi\u00e7bir uluslararas\u0131 kurala ve hukuka uymayan siyonist zalimlerin elinde, e\u015fi g\u00f6r\u00fclmemi\u015f bir katliama sahne olmakta; kad\u0131n, \u00e7ocuk demeden bir millet topyek\u00fbn yok edilmeye \u00e7al\u0131\u015f\u0131lmaktad\u0131r. \u0130nsanlar, d\u00fcnyan\u0131n g\u00f6z\u00fc \u00f6n\u00fcnde evsiz, yurtsuz bir \u015fekilde a\u00e7l\u0131k, susuzluk, salg\u0131n hastal\u0131k gibi sorunlar\u0131n pen\u00e7esinde hayatta kalma m\u00fccadelesi vermektedir. \u0130nsanl\u0131k ad\u0131na bir utan\u00e7 vesikas\u0131 olan bu trajik tablo, kendilerini insan haklar\u0131 savunucusu gibi g\u00f6stermeye \u00e7al\u0131\u015fan uluslararas\u0131 yap\u0131lar\u0131n ve devletlerin maskesini d\u00fc\u015f\u00fcrm\u00fc\u015ft\u00fcr. Her f\u0131rsatta insan haklar\u0131ndan, hukukun \u00fcst\u00fcnl\u00fc\u011f\u00fcnden dem vuran Bat\u0131, b\u00fct\u00fcn inand\u0131r\u0131c\u0131l\u0131\u011f\u0131n\u0131 kaybetmi\u015ftir. \u0130nsanl\u0131\u011fa bar\u0131\u015f ve huzur getirme iddias\u0131yla ortaya \u00e7\u0131kan Bat\u0131 merkezli b\u00fct\u00fcn politikalar iflas etmi\u015ftir. Bilinmelidir ki Filistin \u00f6zg\u00fcr olmadan insan haklar\u0131ndan bahsetmek m\u00fcmk\u00fcn de\u011fildir.<\/p>\n<p style=\"text-align: justify;\">Son g\u00fcnlerde Suriye\u2019de ya\u015fananlar, d\u00fcnyan\u0131n di\u011fer mazlum co\u011frafyalar\u0131nda hak ve hukuk m\u00fccadelesi verenler i\u00e7in bir umut \u0131\u015f\u0131\u011f\u0131 olmu\u015ftur. Bask\u0131c\u0131 ve zalim politikalar\u0131n sonucu olarak evlerinden, m\u00fclklerinden, yurtlar\u0131ndan ve en temel haklar\u0131ndan mahrum b\u0131rak\u0131lan, y\u0131llarca zindanlarda korkun\u00e7 i\u015fkencelere maruz kalan Suriyeli karde\u015flerimiz bug\u00fcnlerde vatanlar\u0131na ve \u00f6zg\u00fcrl\u00fcklerine kavu\u015fman\u0131n hakl\u0131 gururunu ya\u015famaktad\u0131r. Bu vesileyle zalimlere kar\u015f\u0131 hak ve hakikat m\u00fccadelesi veren b\u00fct\u00fcn karde\u015flerimizi tebrik ediyor, geli\u015fmelerin hay\u0131rl\u0131 neticelere vesile olmas\u0131n\u0131 diliyorum. Yery\u00fcz\u00fcndeki herkesin onurlu, g\u00fcvenli, \u00f6zg\u00fcrce ya\u015fayabilecekleri, temel hak ve h\u00fcrriyetlerin teminat alt\u0131na al\u0131nd\u0131\u011f\u0131 bir d\u00fcnyan\u0131n in\u015fas\u0131 i\u00e7in gayret edenleri muvaffak k\u0131lmas\u0131n\u0131 y\u00fcce Rabbimizden niyaz ediyorum.<\/p>\n<p style=\"text-align: justify;\"><a href=\"https:\/\/tdv.org\/tr-TR\/kurumsal\/prof-dr-ali-erbas\/\">Prof. Dr. Ali Erba\u015f<\/a><\/p>\n<p style=\"text-align: justify;\"><a href=\"https:\/\/tdv.org\/tr-TR\/kurumsal\/prof-dr-ali-erbas\/\">Diyanet \u0130\u015fleri Ba\u015fkan\u0131 ve T\u00fcrkiye Diyanet Vakf\u0131 M\u00fctevelli Heyeti Ba\u015fkan\u0131<\/a><\/p>\n<\/div>\n[\/vc_column_text][divider line_type=&#8221;No Line&#8221; custom_height=&#8221;30&#8243;][\/vc_column][\/vc_row]\n","protected":false},"excerpt":{"rendered":"<p>[vc_row type=&#8221;in_container&#8221; full_screen_row_position=&#8221;middle&#8221; scene_position=&#8221;center&#8221; text_color=&#8221;dark&#8221; text_align=&#8221;left&#8221; overlay_strength=&#8221;0.3&#8243; shape_divider_position=&#8221;bottom&#8221; bg_image_animation=&#8221;none&#8221;][vc_column column_padding=&#8221;no-extra-padding&#8221; column_padding_position=&#8221;all&#8221; background_color_opacity=&#8221;1&#8243; background_hover_color_opacity=&#8221;1&#8243; column_link_target=&#8221;_self&#8221; column_shadow=&#8221;none&#8221; column_border_radius=&#8221;none&#8221; width=&#8221;1\/1&#8243; tablet_width_inherit=&#8221;default&#8221; tablet_text_alignment=&#8221;default&#8221; phone_text_alignment=&#8221;default&#8221; column_border_width=&#8221;none&#8221; column_border_style=&#8221;solid&#8221; bg_image_animation=&#8221;none&#8221;][vc_column_text] Diyanet \u0130\u015fleri Ba\u015fkan\u0131 ve T\u00fcrkiye Diyanet Vakf\u0131&#8230;<\/p>\n","protected":false},"author":8,"featured_media":47506,"comment_status":"closed","ping_status":"closed","sticky":false,"template":"","format":"standard","meta":{"footnotes":""},"categories":[1],"tags":[596,2232,83],"class_list":{"0":"post-47504","1":"post","2":"type-post","3":"status-publish","4":"format-standard","5":"has-post-thumbnail","7":"category-haberler","8":"tag-diyanet-isleri-baskani-ve-turkiye-diyanet-vakfi-mutevelli-heyeti-baskani-prof-dr-ali-erbas","9":"tag-dunya-insan-haklari-gunu","10":"tag-insani-yardim"},"yoast_head":"<!-- This site is optimized with the Yoast SEO plugin v27.4 - https:\/\/yoast.com\/product\/yoast-seo-wordpress\/ -->\n<title>Diyanet \u0130\u015fleri Ba\u015fkan\u0131 Erba\u015f\u2019tan D\u00fcnya \u0130nsan Haklar\u0131 G\u00fcn\u00fc Mesaj\u0131<\/title>\n<meta name=\"description\" content=\"Diyanet \u0130\u015fleri Ba\u015fkan\u0131 ve T\u00fcrkiye Diyanet Vakf\u0131 M\u00fctevelli Heyeti Ba\u015fkan\u0131 Prof. Dr. Ali Erba\u015f,10 Aral\u0131k D\u00fcnya \u0130nsan Haklar\u0131 G\u00fcn\u00fc Mesaj\u0131\u2019nda, \u201cSon g\u00fcnlerde Suriye\u2019de ya\u015fananlar, d\u00fcnyan\u0131n di\u011fer mazlum co\u011frafyalar\u0131nda hak ve hukuk m\u00fccadelesi verenler i\u00e7in bir umut \u0131\u015f\u0131\u011f\u0131 olmu\u015ftur.\u201d ifadesini kulland\u0131.\" \/>\n<meta name=\"robots\" content=\"index, follow, max-snippet:-1, max-image-preview:large, max-video-preview:-1\" \/>\n<link rel=\"canonical\" href=\"https:\/\/tdv.org\/tr-TR\/diyanet-isleri-baskani-erbastan-dunya-insan-haklari-gunu-mesaji\/\" \/>\n<meta property=\"og:locale\" content=\"tr_TR\" \/>\n<meta property=\"og:type\" content=\"article\" \/>\n<meta property=\"og:title\" content=\"Diyanet \u0130\u015fleri Ba\u015fkan\u0131 Erba\u015f\u2019tan D\u00fcnya \u0130nsan Haklar\u0131 G\u00fcn\u00fc Mesaj\u0131\" \/>\n<meta property=\"og:description\" content=\"Diyanet \u0130\u015fleri Ba\u015fkan\u0131 ve T\u00fcrkiye Diyanet Vakf\u0131 M\u00fctevelli Heyeti Ba\u015fkan\u0131 Prof. Dr. Ali Erba\u015f,10 Aral\u0131k D\u00fcnya \u0130nsan Haklar\u0131 G\u00fcn\u00fc Mesaj\u0131\u2019nda, \u201cSon g\u00fcnlerde Suriye\u2019de ya\u015fananlar, d\u00fcnyan\u0131n di\u011fer mazlum co\u011frafyalar\u0131nda hak ve hukuk m\u00fccadelesi verenler i\u00e7in bir umut \u0131\u015f\u0131\u011f\u0131 olmu\u015ftur.\u201d ifadesini kulland\u0131.\" \/>\n<meta property=\"og:url\" content=\"https:\/\/tdv.org\/tr-TR\/diyanet-isleri-baskani-erbastan-dunya-insan-haklari-gunu-mesaji\/\" \/>\n<meta property=\"og:site_name\" content=\"T\u00fcrkiye Diyanet Vakf\u0131 Resmi Web Sitesi\" \/>\n<meta property=\"article:publisher\" content=\"https:\/\/www.facebook.com\/Diyanetvakfi\/\" \/>\n<meta property=\"article:published_time\" content=\"2024-12-10T08:39:54+00:00\" \/>\n<meta property=\"article:modified_time\" content=\"2024-12-10T08:42:43+00:00\" \/>\n<meta property=\"og:image\" content=\"https:\/\/tdv.org\/tr-TR\/wp-content\/uploads\/2024\/12\/83f49c0a-f9d9-44a5-878e-5dd7aa5aecf8_1_1200x800.jpeg\" \/>\n\t<meta property=\"og:image:width\" content=\"1200\" \/>\n\t<meta property=\"og:image:height\" content=\"800\" \/>\n\t<meta property=\"og:image:type\" content=\"image\/jpeg\" \/>\n<meta name=\"author\" content=\"Selim\" \/>\n<meta name=\"twitter:card\" content=\"summary_large_image\" \/>\n<meta name=\"twitter:creator\" content=\"@DiyanetVakfi\" \/>\n<meta name=\"twitter:site\" content=\"@DiyanetVakfi\" \/>\n<script type=\"application\/ld+json\" class=\"yoast-schema-graph\">{\"@context\":\"https:\\\/\\\/schema.org\",\"@graph\":[{\"@type\":\"Article\",\"@id\":\"https:\\\/\\\/tdv.org\\\/tr-TR\\\/diyanet-isleri-baskani-erbastan-dunya-insan-haklari-gunu-mesaji\\\/#article\",\"isPartOf\":{\"@id\":\"https:\\\/\\\/tdv.org\\\/tr-TR\\\/diyanet-isleri-baskani-erbastan-dunya-insan-haklari-gunu-mesaji\\\/\"},\"author\":{\"name\":\"Selim\",\"@id\":\"https:\\\/\\\/tdv.org\\\/tr-TR\\\/#\\\/schema\\\/person\\\/752b55e264a99273d55636516d96d5eb\"},\"headline\":\"Diyanet \u0130\u015fleri Ba\u015fkan\u0131 Erba\u015f\u2019tan D\u00fcnya \u0130nsan Haklar\u0131 G\u00fcn\u00fc Mesaj\u0131\",\"datePublished\":\"2024-12-10T08:39:54+00:00\",\"dateModified\":\"2024-12-10T08:42:43+00:00\",\"mainEntityOfPage\":{\"@id\":\"https:\\\/\\\/tdv.org\\\/tr-TR\\\/diyanet-isleri-baskani-erbastan-dunya-insan-haklari-gunu-mesaji\\\/\"},\"wordCount\":701,\"publisher\":{\"@id\":\"https:\\\/\\\/tdv.org\\\/tr-TR\\\/#organization\"},\"image\":{\"@id\":\"https:\\\/\\\/tdv.org\\\/tr-TR\\\/diyanet-isleri-baskani-erbastan-dunya-insan-haklari-gunu-mesaji\\\/#primaryimage\"},\"thumbnailUrl\":\"https:\\\/\\\/tdv.org\\\/tr-TR\\\/wp-content\\\/uploads\\\/2024\\\/12\\\/83f49c0a-f9d9-44a5-878e-5dd7aa5aecf8_1_1200x800.jpeg\",\"keywords\":[\"Diyanet \u0130\u015fleri Ba\u015fkan\u0131 ve T\u00fcrkiye Diyanet Vakf\u0131 M\u00fctevelli Heyeti Ba\u015fkan\u0131 Prof. Dr. Ali Erba\u015f\",\"D\u00fcnya \u0130nsan Haklar\u0131 G\u00fcn\u00fc\",\"\u0130nsani yard\u0131m\"],\"articleSection\":[\"Haberler\"],\"inLanguage\":\"tr\"},{\"@type\":\"WebPage\",\"@id\":\"https:\\\/\\\/tdv.org\\\/tr-TR\\\/diyanet-isleri-baskani-erbastan-dunya-insan-haklari-gunu-mesaji\\\/\",\"url\":\"https:\\\/\\\/tdv.org\\\/tr-TR\\\/diyanet-isleri-baskani-erbastan-dunya-insan-haklari-gunu-mesaji\\\/\",\"name\":\"Diyanet \u0130\u015fleri Ba\u015fkan\u0131 Erba\u015f\u2019tan D\u00fcnya \u0130nsan Haklar\u0131 G\u00fcn\u00fc Mesaj\u0131\",\"isPartOf\":{\"@id\":\"https:\\\/\\\/tdv.org\\\/tr-TR\\\/#website\"},\"primaryImageOfPage\":{\"@id\":\"https:\\\/\\\/tdv.org\\\/tr-TR\\\/diyanet-isleri-baskani-erbastan-dunya-insan-haklari-gunu-mesaji\\\/#primaryimage\"},\"image\":{\"@id\":\"https:\\\/\\\/tdv.org\\\/tr-TR\\\/diyanet-isleri-baskani-erbastan-dunya-insan-haklari-gunu-mesaji\\\/#primaryimage\"},\"thumbnailUrl\":\"https:\\\/\\\/tdv.org\\\/tr-TR\\\/wp-content\\\/uploads\\\/2024\\\/12\\\/83f49c0a-f9d9-44a5-878e-5dd7aa5aecf8_1_1200x800.jpeg\",\"datePublished\":\"2024-12-10T08:39:54+00:00\",\"dateModified\":\"2024-12-10T08:42:43+00:00\",\"description\":\"Diyanet \u0130\u015fleri Ba\u015fkan\u0131 ve T\u00fcrkiye Diyanet Vakf\u0131 M\u00fctevelli Heyeti Ba\u015fkan\u0131 Prof. Dr. Ali Erba\u015f,10 Aral\u0131k D\u00fcnya \u0130nsan Haklar\u0131 G\u00fcn\u00fc Mesaj\u0131\u2019nda, \u201cSon g\u00fcnlerde Suriye\u2019de ya\u015fananlar, d\u00fcnyan\u0131n di\u011fer mazlum co\u011frafyalar\u0131nda hak ve hukuk m\u00fccadelesi verenler i\u00e7in bir umut \u0131\u015f\u0131\u011f\u0131 olmu\u015ftur.\u201d ifadesini kulland\u0131.\",\"breadcrumb\":{\"@id\":\"https:\\\/\\\/tdv.org\\\/tr-TR\\\/diyanet-isleri-baskani-erbastan-dunya-insan-haklari-gunu-mesaji\\\/#breadcrumb\"},\"inLanguage\":\"tr\",\"potentialAction\":[{\"@type\":\"ReadAction\",\"target\":[\"https:\\\/\\\/tdv.org\\\/tr-TR\\\/diyanet-isleri-baskani-erbastan-dunya-insan-haklari-gunu-mesaji\\\/\"]}]},{\"@type\":\"ImageObject\",\"inLanguage\":\"tr\",\"@id\":\"https:\\\/\\\/tdv.org\\\/tr-TR\\\/diyanet-isleri-baskani-erbastan-dunya-insan-haklari-gunu-mesaji\\\/#primaryimage\",\"url\":\"https:\\\/\\\/tdv.org\\\/tr-TR\\\/wp-content\\\/uploads\\\/2024\\\/12\\\/83f49c0a-f9d9-44a5-878e-5dd7aa5aecf8_1_1200x800.jpeg\",\"contentUrl\":\"https:\\\/\\\/tdv.org\\\/tr-TR\\\/wp-content\\\/uploads\\\/2024\\\/12\\\/83f49c0a-f9d9-44a5-878e-5dd7aa5aecf8_1_1200x800.jpeg\",\"width\":1200,\"height\":800},{\"@type\":\"BreadcrumbList\",\"@id\":\"https:\\\/\\\/tdv.org\\\/tr-TR\\\/diyanet-isleri-baskani-erbastan-dunya-insan-haklari-gunu-mesaji\\\/#breadcrumb\",\"itemListElement\":[{\"@type\":\"ListItem\",\"position\":1,\"name\":\"Anasayfa\",\"item\":\"https:\\\/\\\/tdv.org\\\/tr-TR\\\/\"},{\"@type\":\"ListItem\",\"position\":2,\"name\":\"Diyanet \u0130\u015fleri Ba\u015fkan\u0131 Erba\u015f\u2019tan D\u00fcnya \u0130nsan Haklar\u0131 G\u00fcn\u00fc Mesaj\u0131\"}]},{\"@type\":\"WebSite\",\"@id\":\"https:\\\/\\\/tdv.org\\\/tr-TR\\\/#website\",\"url\":\"https:\\\/\\\/tdv.org\\\/tr-TR\\\/\",\"name\":\"T\u00fcrkiye Diyanet Vakf\u0131 Resmi Web Sitesi\",\"description\":\"Yery\u00fcz\u00fcnde iyilik egemen oluncaya kadar\",\"publisher\":{\"@id\":\"https:\\\/\\\/tdv.org\\\/tr-TR\\\/#organization\"},\"alternateName\":\"T\u00fcrkiye Diyanet Vakf\u0131\",\"potentialAction\":[{\"@type\":\"SearchAction\",\"target\":{\"@type\":\"EntryPoint\",\"urlTemplate\":\"https:\\\/\\\/tdv.org\\\/tr-TR\\\/?s={search_term_string}\"},\"query-input\":{\"@type\":\"PropertyValueSpecification\",\"valueRequired\":true,\"valueName\":\"search_term_string\"}}],\"inLanguage\":\"tr\"},{\"@type\":\"Organization\",\"@id\":\"https:\\\/\\\/tdv.org\\\/tr-TR\\\/#organization\",\"name\":\"T\u00fcrkiye Diyanet Vakf\u0131\",\"alternateName\":\"T\u00fcrkiye Diyanet Vakf\u0131\",\"url\":\"https:\\\/\\\/tdv.org\\\/tr-TR\\\/\",\"logo\":{\"@type\":\"ImageObject\",\"inLanguage\":\"tr\",\"@id\":\"https:\\\/\\\/tdv.org\\\/tr-TR\\\/#\\\/schema\\\/logo\\\/image\\\/\",\"url\":\"https:\\\/\\\/tdv.org\\\/tr-TR\\\/wp-content\\\/uploads\\\/2018\\\/12\\\/TDV_Logo_1.png\",\"contentUrl\":\"https:\\\/\\\/tdv.org\\\/tr-TR\\\/wp-content\\\/uploads\\\/2018\\\/12\\\/TDV_Logo_1.png\",\"width\":207,\"height\":71,\"caption\":\"T\u00fcrkiye Diyanet Vakf\u0131\"},\"image\":{\"@id\":\"https:\\\/\\\/tdv.org\\\/tr-TR\\\/#\\\/schema\\\/logo\\\/image\\\/\"},\"sameAs\":[\"https:\\\/\\\/www.facebook.com\\\/Diyanetvakfi\\\/\",\"https:\\\/\\\/x.com\\\/DiyanetVakfi\",\"https:\\\/\\\/www.instagram.com\\\/turkiyediyanetvakfi\\\/\",\"https:\\\/\\\/www.youtube.com\\\/user\\\/TurkiyeDiyanetVakfi\"]},{\"@type\":\"Person\",\"@id\":\"https:\\\/\\\/tdv.org\\\/tr-TR\\\/#\\\/schema\\\/person\\\/752b55e264a99273d55636516d96d5eb\",\"name\":\"Selim\",\"image\":{\"@type\":\"ImageObject\",\"inLanguage\":\"tr\",\"@id\":\"https:\\\/\\\/tdv.org\\\/tr-TR\\\/wp-content\\\/litespeed\\\/avatar\\\/a1e47b25396e98e5b781e88a5396cd96.jpg?ver=1777287391\",\"url\":\"https:\\\/\\\/tdv.org\\\/tr-TR\\\/wp-content\\\/litespeed\\\/avatar\\\/a1e47b25396e98e5b781e88a5396cd96.jpg?ver=1777287391\",\"contentUrl\":\"https:\\\/\\\/tdv.org\\\/tr-TR\\\/wp-content\\\/litespeed\\\/avatar\\\/a1e47b25396e98e5b781e88a5396cd96.jpg?ver=1777287391\",\"caption\":\"Selim\"}}]}<\/script>\n<!-- \/ Yoast SEO plugin. -->","yoast_head_json":{"title":"Diyanet \u0130\u015fleri Ba\u015fkan\u0131 Erba\u015f\u2019tan D\u00fcnya \u0130nsan Haklar\u0131 G\u00fcn\u00fc Mesaj\u0131","description":"Diyanet \u0130\u015fleri Ba\u015fkan\u0131 ve T\u00fcrkiye Diyanet Vakf\u0131 M\u00fctevelli Heyeti Ba\u015fkan\u0131 Prof. Dr. Ali Erba\u015f,10 Aral\u0131k D\u00fcnya \u0130nsan Haklar\u0131 G\u00fcn\u00fc Mesaj\u0131\u2019nda, \u201cSon g\u00fcnlerde Suriye\u2019de ya\u015fananlar, d\u00fcnyan\u0131n di\u011fer mazlum co\u011frafyalar\u0131nda hak ve hukuk m\u00fccadelesi verenler i\u00e7in bir umut \u0131\u015f\u0131\u011f\u0131 olmu\u015ftur.\u201d ifadesini kulland\u0131.","robots":{"index":"index","follow":"follow","max-snippet":"max-snippet:-1","max-image-preview":"max-image-preview:large","max-video-preview":"max-video-preview:-1"},"canonical":"https:\/\/tdv.org\/tr-TR\/diyanet-isleri-baskani-erbastan-dunya-insan-haklari-gunu-mesaji\/","og_locale":"tr_TR","og_type":"article","og_title":"Diyanet \u0130\u015fleri Ba\u015fkan\u0131 Erba\u015f\u2019tan D\u00fcnya \u0130nsan Haklar\u0131 G\u00fcn\u00fc Mesaj\u0131","og_description":"Diyanet \u0130\u015fleri Ba\u015fkan\u0131 ve T\u00fcrkiye Diyanet Vakf\u0131 M\u00fctevelli Heyeti Ba\u015fkan\u0131 Prof. Dr. Ali Erba\u015f,10 Aral\u0131k D\u00fcnya \u0130nsan Haklar\u0131 G\u00fcn\u00fc Mesaj\u0131\u2019nda, \u201cSon g\u00fcnlerde Suriye\u2019de ya\u015fananlar, d\u00fcnyan\u0131n di\u011fer mazlum co\u011frafyalar\u0131nda hak ve hukuk m\u00fccadelesi verenler i\u00e7in bir umut \u0131\u015f\u0131\u011f\u0131 olmu\u015ftur.\u201d ifadesini kulland\u0131.","og_url":"https:\/\/tdv.org\/tr-TR\/diyanet-isleri-baskani-erbastan-dunya-insan-haklari-gunu-mesaji\/","og_site_name":"T\u00fcrkiye Diyanet Vakf\u0131 Resmi Web Sitesi","article_publisher":"https:\/\/www.facebook.com\/Diyanetvakfi\/","article_published_time":"2024-12-10T08:39:54+00:00","article_modified_time":"2024-12-10T08:42:43+00:00","og_image":[{"width":1200,"height":800,"url":"https:\/\/tdv.org\/tr-TR\/wp-content\/uploads\/2024\/12\/83f49c0a-f9d9-44a5-878e-5dd7aa5aecf8_1_1200x800.jpeg","type":"image\/jpeg"}],"author":"Selim","twitter_card":"summary_large_image","twitter_creator":"@DiyanetVakfi","twitter_site":"@DiyanetVakfi","schema":{"@context":"https:\/\/schema.org","@graph":[{"@type":"Article","@id":"https:\/\/tdv.org\/tr-TR\/diyanet-isleri-baskani-erbastan-dunya-insan-haklari-gunu-mesaji\/#article","isPartOf":{"@id":"https:\/\/tdv.org\/tr-TR\/diyanet-isleri-baskani-erbastan-dunya-insan-haklari-gunu-mesaji\/"},"author":{"name":"Selim","@id":"https:\/\/tdv.org\/tr-TR\/#\/schema\/person\/752b55e264a99273d55636516d96d5eb"},"headline":"Diyanet \u0130\u015fleri Ba\u015fkan\u0131 Erba\u015f\u2019tan D\u00fcnya \u0130nsan Haklar\u0131 G\u00fcn\u00fc Mesaj\u0131","datePublished":"2024-12-10T08:39:54+00:00","dateModified":"2024-12-10T08:42:43+00:00","mainEntityOfPage":{"@id":"https:\/\/tdv.org\/tr-TR\/diyanet-isleri-baskani-erbastan-dunya-insan-haklari-gunu-mesaji\/"},"wordCount":701,"publisher":{"@id":"https:\/\/tdv.org\/tr-TR\/#organization"},"image":{"@id":"https:\/\/tdv.org\/tr-TR\/diyanet-isleri-baskani-erbastan-dunya-insan-haklari-gunu-mesaji\/#primaryimage"},"thumbnailUrl":"https:\/\/tdv.org\/tr-TR\/wp-content\/uploads\/2024\/12\/83f49c0a-f9d9-44a5-878e-5dd7aa5aecf8_1_1200x800.jpeg","keywords":["Diyanet \u0130\u015fleri Ba\u015fkan\u0131 ve T\u00fcrkiye Diyanet Vakf\u0131 M\u00fctevelli Heyeti Ba\u015fkan\u0131 Prof. Dr. Ali Erba\u015f","D\u00fcnya \u0130nsan Haklar\u0131 G\u00fcn\u00fc","\u0130nsani yard\u0131m"],"articleSection":["Haberler"],"inLanguage":"tr"},{"@type":"WebPage","@id":"https:\/\/tdv.org\/tr-TR\/diyanet-isleri-baskani-erbastan-dunya-insan-haklari-gunu-mesaji\/","url":"https:\/\/tdv.org\/tr-TR\/diyanet-isleri-baskani-erbastan-dunya-insan-haklari-gunu-mesaji\/","name":"Diyanet \u0130\u015fleri Ba\u015fkan\u0131 Erba\u015f\u2019tan D\u00fcnya \u0130nsan Haklar\u0131 G\u00fcn\u00fc Mesaj\u0131","isPartOf":{"@id":"https:\/\/tdv.org\/tr-TR\/#website"},"primaryImageOfPage":{"@id":"https:\/\/tdv.org\/tr-TR\/diyanet-isleri-baskani-erbastan-dunya-insan-haklari-gunu-mesaji\/#primaryimage"},"image":{"@id":"https:\/\/tdv.org\/tr-TR\/diyanet-isleri-baskani-erbastan-dunya-insan-haklari-gunu-mesaji\/#primaryimage"},"thumbnailUrl":"https:\/\/tdv.org\/tr-TR\/wp-content\/uploads\/2024\/12\/83f49c0a-f9d9-44a5-878e-5dd7aa5aecf8_1_1200x800.jpeg","datePublished":"2024-12-10T08:39:54+00:00","dateModified":"2024-12-10T08:42:43+00:00","description":"Diyanet \u0130\u015fleri Ba\u015fkan\u0131 ve T\u00fcrkiye Diyanet Vakf\u0131 M\u00fctevelli Heyeti Ba\u015fkan\u0131 Prof. Dr. Ali Erba\u015f,10 Aral\u0131k D\u00fcnya \u0130nsan Haklar\u0131 G\u00fcn\u00fc Mesaj\u0131\u2019nda, \u201cSon g\u00fcnlerde Suriye\u2019de ya\u015fananlar, d\u00fcnyan\u0131n di\u011fer mazlum co\u011frafyalar\u0131nda hak ve hukuk m\u00fccadelesi verenler i\u00e7in bir umut \u0131\u015f\u0131\u011f\u0131 olmu\u015ftur.\u201d ifadesini kulland\u0131.","breadcrumb":{"@id":"https:\/\/tdv.org\/tr-TR\/diyanet-isleri-baskani-erbastan-dunya-insan-haklari-gunu-mesaji\/#breadcrumb"},"inLanguage":"tr","potentialAction":[{"@type":"ReadAction","target":["https:\/\/tdv.org\/tr-TR\/diyanet-isleri-baskani-erbastan-dunya-insan-haklari-gunu-mesaji\/"]}]},{"@type":"ImageObject","inLanguage":"tr","@id":"https:\/\/tdv.org\/tr-TR\/diyanet-isleri-baskani-erbastan-dunya-insan-haklari-gunu-mesaji\/#primaryimage","url":"https:\/\/tdv.org\/tr-TR\/wp-content\/uploads\/2024\/12\/83f49c0a-f9d9-44a5-878e-5dd7aa5aecf8_1_1200x800.jpeg","contentUrl":"https:\/\/tdv.org\/tr-TR\/wp-content\/uploads\/2024\/12\/83f49c0a-f9d9-44a5-878e-5dd7aa5aecf8_1_1200x800.jpeg","width":1200,"height":800},{"@type":"BreadcrumbList","@id":"https:\/\/tdv.org\/tr-TR\/diyanet-isleri-baskani-erbastan-dunya-insan-haklari-gunu-mesaji\/#breadcrumb","itemListElement":[{"@type":"ListItem","position":1,"name":"Anasayfa","item":"https:\/\/tdv.org\/tr-TR\/"},{"@type":"ListItem","position":2,"name":"Diyanet \u0130\u015fleri Ba\u015fkan\u0131 Erba\u015f\u2019tan D\u00fcnya \u0130nsan Haklar\u0131 G\u00fcn\u00fc Mesaj\u0131"}]},{"@type":"WebSite","@id":"https:\/\/tdv.org\/tr-TR\/#website","url":"https:\/\/tdv.org\/tr-TR\/","name":"T\u00fcrkiye Diyanet Vakf\u0131 Resmi Web Sitesi","description":"Yery\u00fcz\u00fcnde iyilik egemen oluncaya kadar","publisher":{"@id":"https:\/\/tdv.org\/tr-TR\/#organization"},"alternateName":"T\u00fcrkiye Diyanet Vakf\u0131","potentialAction":[{"@type":"SearchAction","target":{"@type":"EntryPoint","urlTemplate":"https:\/\/tdv.org\/tr-TR\/?s={search_term_string}"},"query-input":{"@type":"PropertyValueSpecification","valueRequired":true,"valueName":"search_term_string"}}],"inLanguage":"tr"},{"@type":"Organization","@id":"https:\/\/tdv.org\/tr-TR\/#organization","name":"T\u00fcrkiye Diyanet Vakf\u0131","alternateName":"T\u00fcrkiye Diyanet Vakf\u0131","url":"https:\/\/tdv.org\/tr-TR\/","logo":{"@type":"ImageObject","inLanguage":"tr","@id":"https:\/\/tdv.org\/tr-TR\/#\/schema\/logo\/image\/","url":"https:\/\/tdv.org\/tr-TR\/wp-content\/uploads\/2018\/12\/TDV_Logo_1.png","contentUrl":"https:\/\/tdv.org\/tr-TR\/wp-content\/uploads\/2018\/12\/TDV_Logo_1.png","width":207,"height":71,"caption":"T\u00fcrkiye Diyanet Vakf\u0131"},"image":{"@id":"https:\/\/tdv.org\/tr-TR\/#\/schema\/logo\/image\/"},"sameAs":["https:\/\/www.facebook.com\/Diyanetvakfi\/","https:\/\/x.com\/DiyanetVakfi","https:\/\/www.instagram.com\/turkiyediyanetvakfi\/","https:\/\/www.youtube.com\/user\/TurkiyeDiyanetVakfi"]},{"@type":"Person","@id":"https:\/\/tdv.org\/tr-TR\/#\/schema\/person\/752b55e264a99273d55636516d96d5eb","name":"Selim","image":{"@type":"ImageObject","inLanguage":"tr","@id":"https:\/\/tdv.org\/tr-TR\/wp-content\/litespeed\/avatar\/a1e47b25396e98e5b781e88a5396cd96.jpg?ver=1777287391","url":"https:\/\/tdv.org\/tr-TR\/wp-content\/litespeed\/avatar\/a1e47b25396e98e5b781e88a5396cd96.jpg?ver=1777287391","contentUrl":"https:\/\/tdv.org\/tr-TR\/wp-content\/litespeed\/avatar\/a1e47b25396e98e5b781e88a5396cd96.jpg?ver=1777287391","caption":"Selim"}}]}},"_links":{"self":[{"href":"https:\/\/tdv.org\/tr-TR\/wp-json\/wp\/v2\/posts\/47504","targetHints":{"allow":["GET"]}}],"collection":[{"href":"https:\/\/tdv.org\/tr-TR\/wp-json\/wp\/v2\/posts"}],"about":[{"href":"https:\/\/tdv.org\/tr-TR\/wp-json\/wp\/v2\/types\/post"}],"author":[{"embeddable":true,"href":"https:\/\/tdv.org\/tr-TR\/wp-json\/wp\/v2\/users\/8"}],"replies":[{"embeddable":true,"href":"https:\/\/tdv.org\/tr-TR\/wp-json\/wp\/v2\/comments?post=47504"}],"version-history":[{"count":3,"href":"https:\/\/tdv.org\/tr-TR\/wp-json\/wp\/v2\/posts\/47504\/revisions"}],"predecessor-version":[{"id":47509,"href":"https:\/\/tdv.org\/tr-TR\/wp-json\/wp\/v2\/posts\/47504\/revisions\/47509"}],"wp:featuredmedia":[{"embeddable":true,"href":"https:\/\/tdv.org\/tr-TR\/wp-json\/wp\/v2\/media\/47506"}],"wp:attachment":[{"href":"https:\/\/tdv.org\/tr-TR\/wp-json\/wp\/v2\/media?parent=47504"}],"wp:term":[{"taxonomy":"category","embeddable":true,"href":"https:\/\/tdv.org\/tr-TR\/wp-json\/wp\/v2\/categories?post=47504"},{"taxonomy":"post_tag","embeddable":true,"href":"https:\/\/tdv.org\/tr-TR\/wp-json\/wp\/v2\/tags?post=47504"}],"curies":[{"name":"wp","href":"https:\/\/api.w.org\/{rel}","templated":true}]}}