{"id":47544,"date":"2024-12-11T14:54:47","date_gmt":"2024-12-11T11:54:47","guid":{"rendered":"https:\/\/tdv.org\/tr-TR\/?p=47544"},"modified":"2024-12-11T16:09:15","modified_gmt":"2024-12-11T13:09:15","slug":"hep-otuz-uc-yasinda-filmi-turkiye-diyanet-vakfi-islam-ansiklopedisinin-tarihe-isik-tutan-hikayesidir","status":"publish","type":"post","link":"https:\/\/tdv.org\/tr-TR\/hep-otuz-uc-yasinda-filmi-turkiye-diyanet-vakfi-islam-ansiklopedisinin-tarihe-isik-tutan-hikayesidir\/","title":{"rendered":"\u201c\u2018Hep Otuz \u00dc\u00e7 Ya\u015f\u0131nda\u2019 filmi, T\u00fcrkiye Diyanet Vakf\u0131 \u0130slam Ansiklopedisi\u2019nin tarihe \u0131\u015f\u0131k tutan hikayesidir\u201d"},"content":{"rendered":"<div class=\"row-bg-wrap\" style=\"text-align: justify;\" data-bg-animation=\"none\">\n<div style=\"text-align: justify;\"><a href=\"https:\/\/tdv.org\/tr-TR\/kurumsal\/prof-dr-ali-erbas\/\" target=\"_blank\" rel=\"noopener\">Diyanet \u0130\u015fleri Ba\u015fkan\u0131 ve T\u00fcrkiye Diyanet Vakf\u0131 M\u00fctevelli Heyeti Ba\u015fkan\u0131 Prof. Dr. Ali Erba\u015f<\/a>, <a href=\"https:\/\/diyanet.tv\/hep-otuz-uc-yasinda\/\">\u201c\u2018Hep Otuz \u00dc\u00e7 Ya\u015f\u0131nda\u2019 filmi<\/a>, insanl\u0131\u011f\u0131n haf\u0131zas\u0131n\u0131 diri tutmaya adanm\u0131\u015f bir \u00e7aban\u0131n, ilim ve irfan yolunda g\u00f6sterilen fedakarl\u0131\u011f\u0131n sinema diliyle hayat bulmu\u015f halidir. Bu film, 33 y\u0131ll\u0131k emek ve b\u00fcy\u00fck fedakarl\u0131klarla fasik\u00fcl fasik\u00fcl heyecanla b\u00fcy\u00fctt\u00fc\u011f\u00fcm\u00fcz <a href=\"https:\/\/islamansiklopedisi.org.tr\/\" target=\"_blank\" rel=\"noopener\">T\u00fcrkiye Diyanet Vakf\u0131 \u0130slam Ansiklopedisi<\/a>\u2019nin tarihe \u0131\u015f\u0131k tutan hikayesidir.\u201d dedi.<\/div>\n<\/div>\n<div style=\"text-align: justify;\">\n<p style=\"text-align: justify;\">Diyanet \u0130\u015fleri Ba\u015fkan\u0131 Prof. Dr. Ali Erba\u015f, 13 Aral\u0131k Cuma g\u00fcn\u00fc vizyona girecek olan ve T\u00fcrkiye Diyanet Vakf\u0131 \u0130slam Ansiklopedisi\u2019nin b\u00fcy\u00fck emeklerle haz\u0131rlan\u0131\u015f\u0131n\u0131 konu alan \u201cHep Otuz \u00dc\u00e7 Ya\u015f\u0131nda\u201d isimli filmle ilgili sosyal medya hesaplar\u0131ndan video mesaj payla\u015ft\u0131.<\/p>\n<p style=\"text-align: justify;\"><strong>\u201cBu film ilim ve irfan yolunda g\u00f6sterilen fedakarl\u0131\u011f\u0131n sinema diliyle hayat bulmu\u015f halidir\u201d<\/strong><\/p>\n<p style=\"text-align: justify;\">Ba\u015fkan Erba\u015f mesaj\u0131nda, T\u00fcrk sinemas\u0131n\u0131n, k\u00f6kl\u00fc medeniyetimizin zenginliklerini beyaz perdeye ta\u015f\u0131ma noktas\u0131nda her ge\u00e7en g\u00fcn daha da k\u0131ymetli eserlerle bulu\u015ftu\u011funu dile getirerek, \u015f\u00f6yle konu\u015ftu:<\/p>\n<p style=\"text-align: justify;\">\u201cBug\u00fcn sizlere yaln\u0131zca bir film de\u011fil; ilimle, inan\u00e7la, azimle yaz\u0131lm\u0131\u015f, bizim de dahil oldu\u011fumuz koca bir hikayeden, Hep Otuz \u00dc\u00e7 Ya\u015f\u0131nda filminden bahsetmek istiyorum. Hep Otuz \u00dc\u00e7 Ya\u015f\u0131nda filmi, insanl\u0131\u011f\u0131n haf\u0131zas\u0131n\u0131 diri tutmaya adanm\u0131\u015f bir \u00e7aban\u0131n, ilim ve irfan yolunda g\u00f6sterilen fedakarl\u0131\u011f\u0131n sinema diliyle hayat bulmu\u015f halidir. Bu film, 33 y\u0131ll\u0131k emek ve b\u00fcy\u00fck fedakarl\u0131klarla fasik\u00fcl fasik\u00fcl heyecanla b\u00fcy\u00fctt\u00fc\u011f\u00fcm\u00fcz <a href=\"https:\/\/islamansiklopedisi.org.tr\/\" target=\"_blank\" rel=\"noopener\">T\u00fcrkiye Diyanet Vakf\u0131 \u0130slam Ansiklopedisi<\/a>\u2019nin tarihe \u0131\u015f\u0131k tutan hikayesidir. Bir kelimeyi do\u011fru se\u00e7mek i\u00e7in g\u00fcnlerini harcayanlar\u0131n, o kelimenin d\u00fcnyadaki yerini bulmas\u0131na adanm\u0131\u015f hayatlar\u0131n hikayesidir. Bu hikaye, \u2018Ortado\u011fu yar\u0131m kalan i\u015fler mezarl\u0131\u011f\u0131d\u0131r\u2019 diyenlere inat, inan\u00e7la ba\u015flayan bir i\u015fin azimle nas\u0131l tamamland\u0131\u011f\u0131n\u0131n en somut kan\u0131t\u0131d\u0131r.\u201d<\/p>\n<p style=\"text-align: justify;\"><strong>\u201cBu topraklar\u0131n ilim, irfan ve hikmetle nas\u0131l aya\u011fa kalkt\u0131\u011f\u0131n\u0131 anlat\u0131yor\u201d<\/strong><\/p>\n<p style=\"text-align: justify;\">Ba\u015fkan Erba\u015f, \u201cBu topraklar, i\u00e7inde sonsuz bir hazine bar\u0131nd\u0131r\u0131yor; bizim hikayemiz, o hazineyi ke\u015ffetmenin ve gelece\u011fe ta\u015f\u0131man\u0131n hikayesidir. Hep Otuz \u00dc\u00e7 Ya\u015f\u0131nda filmi, bu topraklar\u0131n ilim, irfan ve hikmetle nas\u0131l aya\u011fa kalkt\u0131\u011f\u0131n\u0131 anlat\u0131yor. Bir milleti, bir medeniyeti, hatta zaman\u0131n derinliklerinde unutulmu\u015f bir ideali yeniden hat\u0131rlat\u0131yor. Bilginin en b\u00fcy\u00fck g\u00fc\u00e7 oldu\u011funu, yazman\u0131n tarihe tan\u0131kl\u0131k etmek oldu\u011funu yeniden hat\u0131rlat\u0131yor.\u201d dedi.<\/p>\n<p style=\"text-align: justify;\"><strong>\u201cB\u00fcy\u00fck hikayenin bir par\u00e7as\u0131 olmaya davet ediyorum\u201d<\/strong><\/p>\n<p style=\"text-align: justify;\">Tarihin, birikmi\u015f hat\u0131ralar ve haf\u0131zalardan ibaret oldu\u011funa dikkati \u00e7eken Ba\u015fkan Erba\u015f, \u201cBu film, ansiklopedinin yaz\u0131m s\u00fcrecini anlat\u0131rken asl\u0131nda yaln\u0131zca bir d\u00f6nemi de\u011fil, ortak bir idealin, kolektif bir iradenin ve azmin hikayesini bizlere sunuyor. Film boyunca g\u00f6rd\u00fc\u011f\u00fcm\u00fcz her detay, yaln\u0131zca bir ansiklopediyi de\u011fil, onu var eden hayalleri, korkular\u0131 ve umutlar\u0131 da anlat\u0131yor. Bu filmde, bir araya gelmesi imkans\u0131z g\u00f6r\u00fcnen binlerce insan\u0131n, ilme ve insanl\u0131\u011fa duydu\u011fu sevdayla nas\u0131l bir araya geldi\u011fine tan\u0131kl\u0131k ediyoruz. Bu film, yaln\u0131zca tarihsel bir anlat\u0131 de\u011fil; gen\u00e7lerin cesaretlerini per\u00e7inlemek ve bu b\u00fcy\u00fck emaneti daha ileri ta\u015f\u0131malar\u0131n\u0131 sa\u011flayacak bir ideale ilham olmak i\u00e7in yap\u0131lm\u0131\u015f g\u00fc\u00e7l\u00fc bir \u00e7a\u011fr\u0131d\u0131r. Sevgili Karde\u015flerim, sizi bu anlaml\u0131 \u00e7a\u011fr\u0131ya hep birlikte g\u00f6n\u00fcl vermeye, bu e\u015fsiz eseri izlemeye ve bu b\u00fcy\u00fck hikayenin bir par\u00e7as\u0131 olmaya davet ediyorum.\u201d diye konu\u015ftu.<\/p>\n<p style=\"text-align: justify;\">\n<\/div>\n[vc_row type=&#8221;in_container&#8221; full_screen_row_position=&#8221;middle&#8221; scene_position=&#8221;center&#8221; text_color=&#8221;dark&#8221; text_align=&#8221;left&#8221; overlay_strength=&#8221;0.3&#8243; shape_divider_position=&#8221;bottom&#8221; bg_image_animation=&#8221;none&#8221;][vc_column column_padding=&#8221;no-extra-padding&#8221; column_padding_position=&#8221;all&#8221; background_color_opacity=&#8221;1&#8243; background_hover_color_opacity=&#8221;1&#8243; column_link_target=&#8221;_self&#8221; column_shadow=&#8221;none&#8221; column_border_radius=&#8221;none&#8221; width=&#8221;1\/1&#8243; tablet_width_inherit=&#8221;default&#8221; tablet_text_alignment=&#8221;default&#8221; phone_text_alignment=&#8221;default&#8221; column_border_width=&#8221;none&#8221; column_border_style=&#8221;solid&#8221; bg_image_animation=&#8221;none&#8221;][vc_row_inner column_margin=&#8221;default&#8221; text_align=&#8221;left&#8221;][vc_column_inner column_padding=&#8221;no-extra-padding&#8221; column_padding_position=&#8221;all&#8221; background_color_opacity=&#8221;1&#8243; background_hover_color_opacity=&#8221;1&#8243; column_shadow=&#8221;none&#8221; column_border_radius=&#8221;none&#8221; column_link_target=&#8221;_self&#8221; width=&#8221;1\/1&#8243; tablet_width_inherit=&#8221;default&#8221; column_border_width=&#8221;none&#8221; column_border_style=&#8221;solid&#8221; bg_image_animation=&#8221;none&#8221;][vc_video link=&#8221;https:\/\/youtu.be\/aolKoHFvTBs&#8221; align=&#8221;center&#8221;][divider line_type=&#8221;No Line&#8221; custom_height=&#8221;20&#8243;][vc_video link=&#8221;https:\/\/www.youtube.com\/watch?v=vuFZmU_0ZoE&#8221; align=&#8221;center&#8221;][\/vc_column_inner][\/vc_row_inner][vc_row_inner column_margin=&#8221;default&#8221; text_align=&#8221;left&#8221;][vc_column_inner column_padding=&#8221;no-extra-padding&#8221; column_padding_position=&#8221;all&#8221; background_color_opacity=&#8221;1&#8243; background_hover_color_opacity=&#8221;1&#8243; column_shadow=&#8221;none&#8221; column_border_radius=&#8221;none&#8221; column_link_target=&#8221;_self&#8221; width=&#8221;1\/1&#8243; tablet_width_inherit=&#8221;default&#8221; column_border_width=&#8221;none&#8221; column_border_style=&#8221;solid&#8221; bg_image_animation=&#8221;none&#8221;][vc_column_text]\n\n\t\t<style type=\"text\/css\">\n\t\t\t#gallery-1 {\n\t\t\t\tmargin: auto;\n\t\t\t}\n\t\t\t#gallery-1 .gallery-item {\n\t\t\t\tfloat: left;\n\t\t\t\tmargin-top: 10px;\n\t\t\t\ttext-align: center;\n\t\t\t\twidth: 33%;\n\t\t\t}\n\t\t\t#gallery-1 img {\n\t\t\t\tborder: 2px solid #cfcfcf;\n\t\t\t}\n\t\t\t#gallery-1 .gallery-caption {\n\t\t\t\tmargin-left: 0;\n\t\t\t}\n\t\t\t\/* see gallery_shortcode() in wp-includes\/media.php *\/\n\t\t<\/style>\n\t\t<div id='gallery-1' class='gallery galleryid-47544 gallery-columns-3 gallery-size-full'><dl class='gallery-item'>\n\t\t\t<dt class='gallery-icon landscape'>\n\t\t\t\t<a href='https:\/\/tdv.org\/tr-TR\/wp-content\/uploads\/2024\/12\/hep-otuz-uc-yasinda-filmi-turkiye-diyanet-vakfi-islam-ansiklopedisinin-tarihe-isik-tutan-hikayesidir-1.jpg'><img decoding=\"async\" width=\"1185\" height=\"800\" src=\"https:\/\/tdv.org\/tr-TR\/wp-content\/uploads\/2024\/12\/hep-otuz-uc-yasinda-filmi-turkiye-diyanet-vakfi-islam-ansiklopedisinin-tarihe-isik-tutan-hikayesidir-1.jpg\" class=\"attachment-full size-full\" alt=\"\" srcset=\"https:\/\/tdv.org\/tr-TR\/wp-content\/uploads\/2024\/12\/hep-otuz-uc-yasinda-filmi-turkiye-diyanet-vakfi-islam-ansiklopedisinin-tarihe-isik-tutan-hikayesidir-1.jpg 1185w, https:\/\/tdv.org\/tr-TR\/wp-content\/uploads\/2024\/12\/hep-otuz-uc-yasinda-filmi-turkiye-diyanet-vakfi-islam-ansiklopedisinin-tarihe-isik-tutan-hikayesidir-1-300x203.jpg 300w, https:\/\/tdv.org\/tr-TR\/wp-content\/uploads\/2024\/12\/hep-otuz-uc-yasinda-filmi-turkiye-diyanet-vakfi-islam-ansiklopedisinin-tarihe-isik-tutan-hikayesidir-1-1024x691.jpg 1024w, https:\/\/tdv.org\/tr-TR\/wp-content\/uploads\/2024\/12\/hep-otuz-uc-yasinda-filmi-turkiye-diyanet-vakfi-islam-ansiklopedisinin-tarihe-isik-tutan-hikayesidir-1-768x518.jpg 768w, https:\/\/tdv.org\/tr-TR\/wp-content\/uploads\/2024\/12\/hep-otuz-uc-yasinda-filmi-turkiye-diyanet-vakfi-islam-ansiklopedisinin-tarihe-isik-tutan-hikayesidir-1-400x269.jpg 400w\" sizes=\"(max-width: 1185px) 100vw, 1185px\" \/><\/a>\n\t\t\t<\/dt><\/dl><dl class='gallery-item'>\n\t\t\t<dt class='gallery-icon landscape'>\n\t\t\t\t<a href='https:\/\/tdv.org\/tr-TR\/wp-content\/uploads\/2024\/12\/hep-otuz-uc-yasinda-filmi-turkiye-diyanet-vakfi-islam-ansiklopedisinin-tarihe-isik-tutan-hikayesidir-2.jpg'><img decoding=\"async\" width=\"1185\" height=\"800\" src=\"https:\/\/tdv.org\/tr-TR\/wp-content\/uploads\/2024\/12\/hep-otuz-uc-yasinda-filmi-turkiye-diyanet-vakfi-islam-ansiklopedisinin-tarihe-isik-tutan-hikayesidir-2.jpg\" class=\"attachment-full size-full\" alt=\"\" srcset=\"https:\/\/tdv.org\/tr-TR\/wp-content\/uploads\/2024\/12\/hep-otuz-uc-yasinda-filmi-turkiye-diyanet-vakfi-islam-ansiklopedisinin-tarihe-isik-tutan-hikayesidir-2.jpg 1185w, https:\/\/tdv.org\/tr-TR\/wp-content\/uploads\/2024\/12\/hep-otuz-uc-yasinda-filmi-turkiye-diyanet-vakfi-islam-ansiklopedisinin-tarihe-isik-tutan-hikayesidir-2-300x203.jpg 300w, https:\/\/tdv.org\/tr-TR\/wp-content\/uploads\/2024\/12\/hep-otuz-uc-yasinda-filmi-turkiye-diyanet-vakfi-islam-ansiklopedisinin-tarihe-isik-tutan-hikayesidir-2-1024x691.jpg 1024w, https:\/\/tdv.org\/tr-TR\/wp-content\/uploads\/2024\/12\/hep-otuz-uc-yasinda-filmi-turkiye-diyanet-vakfi-islam-ansiklopedisinin-tarihe-isik-tutan-hikayesidir-2-768x518.jpg 768w, https:\/\/tdv.org\/tr-TR\/wp-content\/uploads\/2024\/12\/hep-otuz-uc-yasinda-filmi-turkiye-diyanet-vakfi-islam-ansiklopedisinin-tarihe-isik-tutan-hikayesidir-2-400x269.jpg 400w\" sizes=\"(max-width: 1185px) 100vw, 1185px\" \/><\/a>\n\t\t\t<\/dt><\/dl><dl class='gallery-item'>\n\t\t\t<dt class='gallery-icon landscape'>\n\t\t\t\t<a href='https:\/\/tdv.org\/tr-TR\/wp-content\/uploads\/2024\/12\/hep-otuz-uc-yasinda-filmi-turkiye-diyanet-vakfi-islam-ansiklopedisinin-tarihe-isik-tutan-hikayesidir-3.jpg'><img decoding=\"async\" width=\"1200\" height=\"800\" src=\"https:\/\/tdv.org\/tr-TR\/wp-content\/uploads\/2024\/12\/hep-otuz-uc-yasinda-filmi-turkiye-diyanet-vakfi-islam-ansiklopedisinin-tarihe-isik-tutan-hikayesidir-3.jpg\" class=\"attachment-full size-full\" alt=\"\" srcset=\"https:\/\/tdv.org\/tr-TR\/wp-content\/uploads\/2024\/12\/hep-otuz-uc-yasinda-filmi-turkiye-diyanet-vakfi-islam-ansiklopedisinin-tarihe-isik-tutan-hikayesidir-3.jpg 1200w, https:\/\/tdv.org\/tr-TR\/wp-content\/uploads\/2024\/12\/hep-otuz-uc-yasinda-filmi-turkiye-diyanet-vakfi-islam-ansiklopedisinin-tarihe-isik-tutan-hikayesidir-3-300x200.jpg 300w, https:\/\/tdv.org\/tr-TR\/wp-content\/uploads\/2024\/12\/hep-otuz-uc-yasinda-filmi-turkiye-diyanet-vakfi-islam-ansiklopedisinin-tarihe-isik-tutan-hikayesidir-3-1024x683.jpg 1024w, https:\/\/tdv.org\/tr-TR\/wp-content\/uploads\/2024\/12\/hep-otuz-uc-yasinda-filmi-turkiye-diyanet-vakfi-islam-ansiklopedisinin-tarihe-isik-tutan-hikayesidir-3-768x512.jpg 768w, https:\/\/tdv.org\/tr-TR\/wp-content\/uploads\/2024\/12\/hep-otuz-uc-yasinda-filmi-turkiye-diyanet-vakfi-islam-ansiklopedisinin-tarihe-isik-tutan-hikayesidir-3-900x600.jpg 900w\" sizes=\"(max-width: 1200px) 100vw, 1200px\" \/><\/a>\n\t\t\t<\/dt><\/dl><br style=\"clear: both\" \/>\n\t\t<\/div>\n\n<p style=\"text-align: justify;\">[\/vc_column_text][\/vc_column_inner][\/vc_row_inner][\/vc_column][\/vc_row]\n","protected":false},"excerpt":{"rendered":"<p>Diyanet \u0130\u015fleri Ba\u015fkan\u0131 ve T\u00fcrkiye Diyanet Vakf\u0131 M\u00fctevelli Heyeti Ba\u015fkan\u0131 Prof. Dr. Ali Erba\u015f, \u201c\u2018Hep Otuz \u00dc\u00e7 Ya\u015f\u0131nda\u2019 filmi, insanl\u0131\u011f\u0131n haf\u0131zas\u0131n\u0131 diri tutmaya adanm\u0131\u015f bir \u00e7aban\u0131n, ilim ve irfan yolunda&#8230;<\/p>\n","protected":false},"author":8,"featured_media":47545,"comment_status":"closed","ping_status":"closed","sticky":false,"template":"","format":"standard","meta":{"footnotes":""},"categories":[1],"tags":[596,2369,560,563,561],"class_list":{"0":"post-47544","1":"post","2":"type-post","3":"status-publish","4":"format-standard","5":"has-post-thumbnail","7":"category-haberler","8":"tag-diyanet-isleri-baskani-ve-turkiye-diyanet-vakfi-mutevelli-heyeti-baskani-prof-dr-ali-erbas","9":"tag-hep-33-yasinda","10":"tag-isam","11":"tag-islam-ansiklopedisi","12":"tag-tdv-isam"},"yoast_head":"<!-- This site is optimized with the Yoast SEO plugin v27.4 - https:\/\/yoast.com\/product\/yoast-seo-wordpress\/ -->\n<title>\u201c\u2018Hep Otuz \u00dc\u00e7 Ya\u015f\u0131nda\u2019 filmi, T\u00fcrkiye Diyanet Vakf\u0131 \u0130slam Ansiklopedisi\u2019nin tarihe \u0131\u015f\u0131k tutan hikayesidir\u201d<\/title>\n<meta name=\"description\" content=\"Diyanet \u0130\u015fleri Ba\u015fkan\u0131 ve T\u00fcrkiye Diyanet Vakf\u0131 M\u00fctevelli Heyeti Ba\u015fkan\u0131 Prof. Dr. Ali Erba\u015f, \u201c\u2018Hep Otuz \u00dc\u00e7 Ya\u015f\u0131nda\u2019 filmi, insanl\u0131\u011f\u0131n haf\u0131zas\u0131n\u0131 diri tutmaya adanm\u0131\u015f bir \u00e7aban\u0131n, ilim ve irfan yolunda g\u00f6sterilen fedakarl\u0131\u011f\u0131n sinema diliyle hayat bulmu\u015f halidir. Bu film, 33 y\u0131ll\u0131k emek ve b\u00fcy\u00fck fedakarl\u0131klarla fasik\u00fcl fasik\u00fcl heyecanla b\u00fcy\u00fctt\u00fc\u011f\u00fcm\u00fcz T\u00fcrkiye Diyanet Vakf\u0131 \u0130slam Ansiklopedisi\u2019nin tarihe \u0131\u015f\u0131k tutan hikayesidir.\u201d dedi.\" \/>\n<meta name=\"robots\" content=\"index, follow, max-snippet:-1, max-image-preview:large, max-video-preview:-1\" \/>\n<link rel=\"canonical\" href=\"https:\/\/tdv.org\/tr-TR\/hep-otuz-uc-yasinda-filmi-turkiye-diyanet-vakfi-islam-ansiklopedisinin-tarihe-isik-tutan-hikayesidir\/\" \/>\n<meta property=\"og:locale\" content=\"tr_TR\" \/>\n<meta property=\"og:type\" content=\"article\" \/>\n<meta property=\"og:title\" content=\"\u201c\u2018Hep Otuz \u00dc\u00e7 Ya\u015f\u0131nda\u2019 filmi, T\u00fcrkiye Diyanet Vakf\u0131 \u0130slam Ansiklopedisi\u2019nin tarihe \u0131\u015f\u0131k tutan hikayesidir\u201d\" \/>\n<meta property=\"og:description\" content=\"Diyanet \u0130\u015fleri Ba\u015fkan\u0131 ve T\u00fcrkiye Diyanet Vakf\u0131 M\u00fctevelli Heyeti Ba\u015fkan\u0131 Prof. Dr. Ali Erba\u015f, \u201c\u2018Hep Otuz \u00dc\u00e7 Ya\u015f\u0131nda\u2019 filmi, insanl\u0131\u011f\u0131n haf\u0131zas\u0131n\u0131 diri tutmaya adanm\u0131\u015f bir \u00e7aban\u0131n, ilim ve irfan yolunda g\u00f6sterilen fedakarl\u0131\u011f\u0131n sinema diliyle hayat bulmu\u015f halidir. Bu film, 33 y\u0131ll\u0131k emek ve b\u00fcy\u00fck fedakarl\u0131klarla fasik\u00fcl fasik\u00fcl heyecanla b\u00fcy\u00fctt\u00fc\u011f\u00fcm\u00fcz T\u00fcrkiye Diyanet Vakf\u0131 \u0130slam Ansiklopedisi\u2019nin tarihe \u0131\u015f\u0131k tutan hikayesidir.\u201d dedi.\" \/>\n<meta property=\"og:url\" content=\"https:\/\/tdv.org\/tr-TR\/hep-otuz-uc-yasinda-filmi-turkiye-diyanet-vakfi-islam-ansiklopedisinin-tarihe-isik-tutan-hikayesidir\/\" \/>\n<meta property=\"og:site_name\" content=\"T\u00fcrkiye Diyanet Vakf\u0131 Resmi Web Sitesi\" \/>\n<meta property=\"article:publisher\" content=\"https:\/\/www.facebook.com\/Diyanetvakfi\/\" \/>\n<meta property=\"article:published_time\" content=\"2024-12-11T11:54:47+00:00\" \/>\n<meta property=\"article:modified_time\" content=\"2024-12-11T13:09:15+00:00\" \/>\n<meta property=\"og:image\" content=\"https:\/\/tdv.org\/tr-TR\/wp-content\/uploads\/2024\/12\/hep-otuz-uc-yasinda-filmi-turkiye-diyanet-vakfi-islam-ansiklopedisinin-tarihe-isik-tutan-hikayesidir-1.jpg\" \/>\n\t<meta property=\"og:image:width\" content=\"1185\" \/>\n\t<meta property=\"og:image:height\" content=\"800\" \/>\n\t<meta property=\"og:image:type\" content=\"image\/jpeg\" \/>\n<meta name=\"author\" content=\"Selim\" \/>\n<meta name=\"twitter:card\" content=\"summary_large_image\" \/>\n<meta name=\"twitter:creator\" content=\"@DiyanetVakfi\" \/>\n<meta name=\"twitter:site\" content=\"@DiyanetVakfi\" \/>\n<script type=\"application\/ld+json\" class=\"yoast-schema-graph\">{\"@context\":\"https:\\\/\\\/schema.org\",\"@graph\":[{\"@type\":\"Article\",\"@id\":\"https:\\\/\\\/tdv.org\\\/tr-TR\\\/hep-otuz-uc-yasinda-filmi-turkiye-diyanet-vakfi-islam-ansiklopedisinin-tarihe-isik-tutan-hikayesidir\\\/#article\",\"isPartOf\":{\"@id\":\"https:\\\/\\\/tdv.org\\\/tr-TR\\\/hep-otuz-uc-yasinda-filmi-turkiye-diyanet-vakfi-islam-ansiklopedisinin-tarihe-isik-tutan-hikayesidir\\\/\"},\"author\":{\"name\":\"Selim\",\"@id\":\"https:\\\/\\\/tdv.org\\\/tr-TR\\\/#\\\/schema\\\/person\\\/752b55e264a99273d55636516d96d5eb\"},\"headline\":\"\u201c\u2018Hep Otuz \u00dc\u00e7 Ya\u015f\u0131nda\u2019 filmi, T\u00fcrkiye Diyanet Vakf\u0131 \u0130slam Ansiklopedisi\u2019nin tarihe \u0131\u015f\u0131k tutan hikayesidir\u201d\",\"datePublished\":\"2024-12-11T11:54:47+00:00\",\"dateModified\":\"2024-12-11T13:09:15+00:00\",\"mainEntityOfPage\":{\"@id\":\"https:\\\/\\\/tdv.org\\\/tr-TR\\\/hep-otuz-uc-yasinda-filmi-turkiye-diyanet-vakfi-islam-ansiklopedisinin-tarihe-isik-tutan-hikayesidir\\\/\"},\"wordCount\":876,\"publisher\":{\"@id\":\"https:\\\/\\\/tdv.org\\\/tr-TR\\\/#organization\"},\"image\":{\"@id\":\"https:\\\/\\\/tdv.org\\\/tr-TR\\\/hep-otuz-uc-yasinda-filmi-turkiye-diyanet-vakfi-islam-ansiklopedisinin-tarihe-isik-tutan-hikayesidir\\\/#primaryimage\"},\"thumbnailUrl\":\"https:\\\/\\\/tdv.org\\\/tr-TR\\\/wp-content\\\/uploads\\\/2024\\\/12\\\/hep-otuz-uc-yasinda-filmi-turkiye-diyanet-vakfi-islam-ansiklopedisinin-tarihe-isik-tutan-hikayesidir-1.jpg\",\"keywords\":[\"Diyanet \u0130\u015fleri Ba\u015fkan\u0131 ve T\u00fcrkiye Diyanet Vakf\u0131 M\u00fctevelli Heyeti Ba\u015fkan\u0131 Prof. Dr. Ali Erba\u015f\",\"Hep 33 Ya\u015f\u0131nda\",\"\u0130SAM\",\"\u0130slam Ansiklopedisi\",\"TDV \u0130SAM\"],\"articleSection\":[\"Haberler\"],\"inLanguage\":\"tr\"},{\"@type\":\"WebPage\",\"@id\":\"https:\\\/\\\/tdv.org\\\/tr-TR\\\/hep-otuz-uc-yasinda-filmi-turkiye-diyanet-vakfi-islam-ansiklopedisinin-tarihe-isik-tutan-hikayesidir\\\/\",\"url\":\"https:\\\/\\\/tdv.org\\\/tr-TR\\\/hep-otuz-uc-yasinda-filmi-turkiye-diyanet-vakfi-islam-ansiklopedisinin-tarihe-isik-tutan-hikayesidir\\\/\",\"name\":\"\u201c\u2018Hep Otuz \u00dc\u00e7 Ya\u015f\u0131nda\u2019 filmi, T\u00fcrkiye Diyanet Vakf\u0131 \u0130slam Ansiklopedisi\u2019nin tarihe \u0131\u015f\u0131k tutan hikayesidir\u201d\",\"isPartOf\":{\"@id\":\"https:\\\/\\\/tdv.org\\\/tr-TR\\\/#website\"},\"primaryImageOfPage\":{\"@id\":\"https:\\\/\\\/tdv.org\\\/tr-TR\\\/hep-otuz-uc-yasinda-filmi-turkiye-diyanet-vakfi-islam-ansiklopedisinin-tarihe-isik-tutan-hikayesidir\\\/#primaryimage\"},\"image\":{\"@id\":\"https:\\\/\\\/tdv.org\\\/tr-TR\\\/hep-otuz-uc-yasinda-filmi-turkiye-diyanet-vakfi-islam-ansiklopedisinin-tarihe-isik-tutan-hikayesidir\\\/#primaryimage\"},\"thumbnailUrl\":\"https:\\\/\\\/tdv.org\\\/tr-TR\\\/wp-content\\\/uploads\\\/2024\\\/12\\\/hep-otuz-uc-yasinda-filmi-turkiye-diyanet-vakfi-islam-ansiklopedisinin-tarihe-isik-tutan-hikayesidir-1.jpg\",\"datePublished\":\"2024-12-11T11:54:47+00:00\",\"dateModified\":\"2024-12-11T13:09:15+00:00\",\"description\":\"Diyanet \u0130\u015fleri Ba\u015fkan\u0131 ve T\u00fcrkiye Diyanet Vakf\u0131 M\u00fctevelli Heyeti Ba\u015fkan\u0131 Prof. Dr. Ali Erba\u015f, \u201c\u2018Hep Otuz \u00dc\u00e7 Ya\u015f\u0131nda\u2019 filmi, insanl\u0131\u011f\u0131n haf\u0131zas\u0131n\u0131 diri tutmaya adanm\u0131\u015f bir \u00e7aban\u0131n, ilim ve irfan yolunda g\u00f6sterilen fedakarl\u0131\u011f\u0131n sinema diliyle hayat bulmu\u015f halidir. Bu film, 33 y\u0131ll\u0131k emek ve b\u00fcy\u00fck fedakarl\u0131klarla fasik\u00fcl fasik\u00fcl heyecanla b\u00fcy\u00fctt\u00fc\u011f\u00fcm\u00fcz T\u00fcrkiye Diyanet Vakf\u0131 \u0130slam Ansiklopedisi\u2019nin tarihe \u0131\u015f\u0131k tutan hikayesidir.\u201d dedi.\",\"breadcrumb\":{\"@id\":\"https:\\\/\\\/tdv.org\\\/tr-TR\\\/hep-otuz-uc-yasinda-filmi-turkiye-diyanet-vakfi-islam-ansiklopedisinin-tarihe-isik-tutan-hikayesidir\\\/#breadcrumb\"},\"inLanguage\":\"tr\",\"potentialAction\":[{\"@type\":\"ReadAction\",\"target\":[\"https:\\\/\\\/tdv.org\\\/tr-TR\\\/hep-otuz-uc-yasinda-filmi-turkiye-diyanet-vakfi-islam-ansiklopedisinin-tarihe-isik-tutan-hikayesidir\\\/\"]}]},{\"@type\":\"ImageObject\",\"inLanguage\":\"tr\",\"@id\":\"https:\\\/\\\/tdv.org\\\/tr-TR\\\/hep-otuz-uc-yasinda-filmi-turkiye-diyanet-vakfi-islam-ansiklopedisinin-tarihe-isik-tutan-hikayesidir\\\/#primaryimage\",\"url\":\"https:\\\/\\\/tdv.org\\\/tr-TR\\\/wp-content\\\/uploads\\\/2024\\\/12\\\/hep-otuz-uc-yasinda-filmi-turkiye-diyanet-vakfi-islam-ansiklopedisinin-tarihe-isik-tutan-hikayesidir-1.jpg\",\"contentUrl\":\"https:\\\/\\\/tdv.org\\\/tr-TR\\\/wp-content\\\/uploads\\\/2024\\\/12\\\/hep-otuz-uc-yasinda-filmi-turkiye-diyanet-vakfi-islam-ansiklopedisinin-tarihe-isik-tutan-hikayesidir-1.jpg\",\"width\":1185,\"height\":800},{\"@type\":\"BreadcrumbList\",\"@id\":\"https:\\\/\\\/tdv.org\\\/tr-TR\\\/hep-otuz-uc-yasinda-filmi-turkiye-diyanet-vakfi-islam-ansiklopedisinin-tarihe-isik-tutan-hikayesidir\\\/#breadcrumb\",\"itemListElement\":[{\"@type\":\"ListItem\",\"position\":1,\"name\":\"Anasayfa\",\"item\":\"https:\\\/\\\/tdv.org\\\/tr-TR\\\/\"},{\"@type\":\"ListItem\",\"position\":2,\"name\":\"\u201c\u2018Hep Otuz \u00dc\u00e7 Ya\u015f\u0131nda\u2019 filmi, T\u00fcrkiye Diyanet Vakf\u0131 \u0130slam Ansiklopedisi\u2019nin tarihe \u0131\u015f\u0131k tutan hikayesidir\u201d\"}]},{\"@type\":\"WebSite\",\"@id\":\"https:\\\/\\\/tdv.org\\\/tr-TR\\\/#website\",\"url\":\"https:\\\/\\\/tdv.org\\\/tr-TR\\\/\",\"name\":\"T\u00fcrkiye Diyanet Vakf\u0131 Resmi Web Sitesi\",\"description\":\"Yery\u00fcz\u00fcnde iyilik egemen oluncaya kadar\",\"publisher\":{\"@id\":\"https:\\\/\\\/tdv.org\\\/tr-TR\\\/#organization\"},\"alternateName\":\"T\u00fcrkiye Diyanet Vakf\u0131\",\"potentialAction\":[{\"@type\":\"SearchAction\",\"target\":{\"@type\":\"EntryPoint\",\"urlTemplate\":\"https:\\\/\\\/tdv.org\\\/tr-TR\\\/?s={search_term_string}\"},\"query-input\":{\"@type\":\"PropertyValueSpecification\",\"valueRequired\":true,\"valueName\":\"search_term_string\"}}],\"inLanguage\":\"tr\"},{\"@type\":\"Organization\",\"@id\":\"https:\\\/\\\/tdv.org\\\/tr-TR\\\/#organization\",\"name\":\"T\u00fcrkiye Diyanet Vakf\u0131\",\"alternateName\":\"T\u00fcrkiye Diyanet Vakf\u0131\",\"url\":\"https:\\\/\\\/tdv.org\\\/tr-TR\\\/\",\"logo\":{\"@type\":\"ImageObject\",\"inLanguage\":\"tr\",\"@id\":\"https:\\\/\\\/tdv.org\\\/tr-TR\\\/#\\\/schema\\\/logo\\\/image\\\/\",\"url\":\"https:\\\/\\\/tdv.org\\\/tr-TR\\\/wp-content\\\/uploads\\\/2018\\\/12\\\/TDV_Logo_1.png\",\"contentUrl\":\"https:\\\/\\\/tdv.org\\\/tr-TR\\\/wp-content\\\/uploads\\\/2018\\\/12\\\/TDV_Logo_1.png\",\"width\":207,\"height\":71,\"caption\":\"T\u00fcrkiye Diyanet Vakf\u0131\"},\"image\":{\"@id\":\"https:\\\/\\\/tdv.org\\\/tr-TR\\\/#\\\/schema\\\/logo\\\/image\\\/\"},\"sameAs\":[\"https:\\\/\\\/www.facebook.com\\\/Diyanetvakfi\\\/\",\"https:\\\/\\\/x.com\\\/DiyanetVakfi\",\"https:\\\/\\\/www.instagram.com\\\/turkiyediyanetvakfi\\\/\",\"https:\\\/\\\/www.youtube.com\\\/user\\\/TurkiyeDiyanetVakfi\"]},{\"@type\":\"Person\",\"@id\":\"https:\\\/\\\/tdv.org\\\/tr-TR\\\/#\\\/schema\\\/person\\\/752b55e264a99273d55636516d96d5eb\",\"name\":\"Selim\",\"image\":{\"@type\":\"ImageObject\",\"inLanguage\":\"tr\",\"@id\":\"https:\\\/\\\/tdv.org\\\/tr-TR\\\/wp-content\\\/litespeed\\\/avatar\\\/a1e47b25396e98e5b781e88a5396cd96.jpg?ver=1777287391\",\"url\":\"https:\\\/\\\/tdv.org\\\/tr-TR\\\/wp-content\\\/litespeed\\\/avatar\\\/a1e47b25396e98e5b781e88a5396cd96.jpg?ver=1777287391\",\"contentUrl\":\"https:\\\/\\\/tdv.org\\\/tr-TR\\\/wp-content\\\/litespeed\\\/avatar\\\/a1e47b25396e98e5b781e88a5396cd96.jpg?ver=1777287391\",\"caption\":\"Selim\"}}]}<\/script>\n<!-- \/ Yoast SEO plugin. -->","yoast_head_json":{"title":"\u201c\u2018Hep Otuz \u00dc\u00e7 Ya\u015f\u0131nda\u2019 filmi, T\u00fcrkiye Diyanet Vakf\u0131 \u0130slam Ansiklopedisi\u2019nin tarihe \u0131\u015f\u0131k tutan hikayesidir\u201d","description":"Diyanet \u0130\u015fleri Ba\u015fkan\u0131 ve T\u00fcrkiye Diyanet Vakf\u0131 M\u00fctevelli Heyeti Ba\u015fkan\u0131 Prof. Dr. Ali Erba\u015f, \u201c\u2018Hep Otuz \u00dc\u00e7 Ya\u015f\u0131nda\u2019 filmi, insanl\u0131\u011f\u0131n haf\u0131zas\u0131n\u0131 diri tutmaya adanm\u0131\u015f bir \u00e7aban\u0131n, ilim ve irfan yolunda g\u00f6sterilen fedakarl\u0131\u011f\u0131n sinema diliyle hayat bulmu\u015f halidir. Bu film, 33 y\u0131ll\u0131k emek ve b\u00fcy\u00fck fedakarl\u0131klarla fasik\u00fcl fasik\u00fcl heyecanla b\u00fcy\u00fctt\u00fc\u011f\u00fcm\u00fcz T\u00fcrkiye Diyanet Vakf\u0131 \u0130slam Ansiklopedisi\u2019nin tarihe \u0131\u015f\u0131k tutan hikayesidir.\u201d dedi.","robots":{"index":"index","follow":"follow","max-snippet":"max-snippet:-1","max-image-preview":"max-image-preview:large","max-video-preview":"max-video-preview:-1"},"canonical":"https:\/\/tdv.org\/tr-TR\/hep-otuz-uc-yasinda-filmi-turkiye-diyanet-vakfi-islam-ansiklopedisinin-tarihe-isik-tutan-hikayesidir\/","og_locale":"tr_TR","og_type":"article","og_title":"\u201c\u2018Hep Otuz \u00dc\u00e7 Ya\u015f\u0131nda\u2019 filmi, T\u00fcrkiye Diyanet Vakf\u0131 \u0130slam Ansiklopedisi\u2019nin tarihe \u0131\u015f\u0131k tutan hikayesidir\u201d","og_description":"Diyanet \u0130\u015fleri Ba\u015fkan\u0131 ve T\u00fcrkiye Diyanet Vakf\u0131 M\u00fctevelli Heyeti Ba\u015fkan\u0131 Prof. Dr. Ali Erba\u015f, \u201c\u2018Hep Otuz \u00dc\u00e7 Ya\u015f\u0131nda\u2019 filmi, insanl\u0131\u011f\u0131n haf\u0131zas\u0131n\u0131 diri tutmaya adanm\u0131\u015f bir \u00e7aban\u0131n, ilim ve irfan yolunda g\u00f6sterilen fedakarl\u0131\u011f\u0131n sinema diliyle hayat bulmu\u015f halidir. Bu film, 33 y\u0131ll\u0131k emek ve b\u00fcy\u00fck fedakarl\u0131klarla fasik\u00fcl fasik\u00fcl heyecanla b\u00fcy\u00fctt\u00fc\u011f\u00fcm\u00fcz T\u00fcrkiye Diyanet Vakf\u0131 \u0130slam Ansiklopedisi\u2019nin tarihe \u0131\u015f\u0131k tutan hikayesidir.\u201d dedi.","og_url":"https:\/\/tdv.org\/tr-TR\/hep-otuz-uc-yasinda-filmi-turkiye-diyanet-vakfi-islam-ansiklopedisinin-tarihe-isik-tutan-hikayesidir\/","og_site_name":"T\u00fcrkiye Diyanet Vakf\u0131 Resmi Web Sitesi","article_publisher":"https:\/\/www.facebook.com\/Diyanetvakfi\/","article_published_time":"2024-12-11T11:54:47+00:00","article_modified_time":"2024-12-11T13:09:15+00:00","og_image":[{"width":1185,"height":800,"url":"https:\/\/tdv.org\/tr-TR\/wp-content\/uploads\/2024\/12\/hep-otuz-uc-yasinda-filmi-turkiye-diyanet-vakfi-islam-ansiklopedisinin-tarihe-isik-tutan-hikayesidir-1.jpg","type":"image\/jpeg"}],"author":"Selim","twitter_card":"summary_large_image","twitter_creator":"@DiyanetVakfi","twitter_site":"@DiyanetVakfi","schema":{"@context":"https:\/\/schema.org","@graph":[{"@type":"Article","@id":"https:\/\/tdv.org\/tr-TR\/hep-otuz-uc-yasinda-filmi-turkiye-diyanet-vakfi-islam-ansiklopedisinin-tarihe-isik-tutan-hikayesidir\/#article","isPartOf":{"@id":"https:\/\/tdv.org\/tr-TR\/hep-otuz-uc-yasinda-filmi-turkiye-diyanet-vakfi-islam-ansiklopedisinin-tarihe-isik-tutan-hikayesidir\/"},"author":{"name":"Selim","@id":"https:\/\/tdv.org\/tr-TR\/#\/schema\/person\/752b55e264a99273d55636516d96d5eb"},"headline":"\u201c\u2018Hep Otuz \u00dc\u00e7 Ya\u015f\u0131nda\u2019 filmi, T\u00fcrkiye Diyanet Vakf\u0131 \u0130slam Ansiklopedisi\u2019nin tarihe \u0131\u015f\u0131k tutan hikayesidir\u201d","datePublished":"2024-12-11T11:54:47+00:00","dateModified":"2024-12-11T13:09:15+00:00","mainEntityOfPage":{"@id":"https:\/\/tdv.org\/tr-TR\/hep-otuz-uc-yasinda-filmi-turkiye-diyanet-vakfi-islam-ansiklopedisinin-tarihe-isik-tutan-hikayesidir\/"},"wordCount":876,"publisher":{"@id":"https:\/\/tdv.org\/tr-TR\/#organization"},"image":{"@id":"https:\/\/tdv.org\/tr-TR\/hep-otuz-uc-yasinda-filmi-turkiye-diyanet-vakfi-islam-ansiklopedisinin-tarihe-isik-tutan-hikayesidir\/#primaryimage"},"thumbnailUrl":"https:\/\/tdv.org\/tr-TR\/wp-content\/uploads\/2024\/12\/hep-otuz-uc-yasinda-filmi-turkiye-diyanet-vakfi-islam-ansiklopedisinin-tarihe-isik-tutan-hikayesidir-1.jpg","keywords":["Diyanet \u0130\u015fleri Ba\u015fkan\u0131 ve T\u00fcrkiye Diyanet Vakf\u0131 M\u00fctevelli Heyeti Ba\u015fkan\u0131 Prof. Dr. Ali Erba\u015f","Hep 33 Ya\u015f\u0131nda","\u0130SAM","\u0130slam Ansiklopedisi","TDV \u0130SAM"],"articleSection":["Haberler"],"inLanguage":"tr"},{"@type":"WebPage","@id":"https:\/\/tdv.org\/tr-TR\/hep-otuz-uc-yasinda-filmi-turkiye-diyanet-vakfi-islam-ansiklopedisinin-tarihe-isik-tutan-hikayesidir\/","url":"https:\/\/tdv.org\/tr-TR\/hep-otuz-uc-yasinda-filmi-turkiye-diyanet-vakfi-islam-ansiklopedisinin-tarihe-isik-tutan-hikayesidir\/","name":"\u201c\u2018Hep Otuz \u00dc\u00e7 Ya\u015f\u0131nda\u2019 filmi, T\u00fcrkiye Diyanet Vakf\u0131 \u0130slam Ansiklopedisi\u2019nin tarihe \u0131\u015f\u0131k tutan hikayesidir\u201d","isPartOf":{"@id":"https:\/\/tdv.org\/tr-TR\/#website"},"primaryImageOfPage":{"@id":"https:\/\/tdv.org\/tr-TR\/hep-otuz-uc-yasinda-filmi-turkiye-diyanet-vakfi-islam-ansiklopedisinin-tarihe-isik-tutan-hikayesidir\/#primaryimage"},"image":{"@id":"https:\/\/tdv.org\/tr-TR\/hep-otuz-uc-yasinda-filmi-turkiye-diyanet-vakfi-islam-ansiklopedisinin-tarihe-isik-tutan-hikayesidir\/#primaryimage"},"thumbnailUrl":"https:\/\/tdv.org\/tr-TR\/wp-content\/uploads\/2024\/12\/hep-otuz-uc-yasinda-filmi-turkiye-diyanet-vakfi-islam-ansiklopedisinin-tarihe-isik-tutan-hikayesidir-1.jpg","datePublished":"2024-12-11T11:54:47+00:00","dateModified":"2024-12-11T13:09:15+00:00","description":"Diyanet \u0130\u015fleri Ba\u015fkan\u0131 ve T\u00fcrkiye Diyanet Vakf\u0131 M\u00fctevelli Heyeti Ba\u015fkan\u0131 Prof. Dr. Ali Erba\u015f, \u201c\u2018Hep Otuz \u00dc\u00e7 Ya\u015f\u0131nda\u2019 filmi, insanl\u0131\u011f\u0131n haf\u0131zas\u0131n\u0131 diri tutmaya adanm\u0131\u015f bir \u00e7aban\u0131n, ilim ve irfan yolunda g\u00f6sterilen fedakarl\u0131\u011f\u0131n sinema diliyle hayat bulmu\u015f halidir. Bu film, 33 y\u0131ll\u0131k emek ve b\u00fcy\u00fck fedakarl\u0131klarla fasik\u00fcl fasik\u00fcl heyecanla b\u00fcy\u00fctt\u00fc\u011f\u00fcm\u00fcz T\u00fcrkiye Diyanet Vakf\u0131 \u0130slam Ansiklopedisi\u2019nin tarihe \u0131\u015f\u0131k tutan hikayesidir.\u201d dedi.","breadcrumb":{"@id":"https:\/\/tdv.org\/tr-TR\/hep-otuz-uc-yasinda-filmi-turkiye-diyanet-vakfi-islam-ansiklopedisinin-tarihe-isik-tutan-hikayesidir\/#breadcrumb"},"inLanguage":"tr","potentialAction":[{"@type":"ReadAction","target":["https:\/\/tdv.org\/tr-TR\/hep-otuz-uc-yasinda-filmi-turkiye-diyanet-vakfi-islam-ansiklopedisinin-tarihe-isik-tutan-hikayesidir\/"]}]},{"@type":"ImageObject","inLanguage":"tr","@id":"https:\/\/tdv.org\/tr-TR\/hep-otuz-uc-yasinda-filmi-turkiye-diyanet-vakfi-islam-ansiklopedisinin-tarihe-isik-tutan-hikayesidir\/#primaryimage","url":"https:\/\/tdv.org\/tr-TR\/wp-content\/uploads\/2024\/12\/hep-otuz-uc-yasinda-filmi-turkiye-diyanet-vakfi-islam-ansiklopedisinin-tarihe-isik-tutan-hikayesidir-1.jpg","contentUrl":"https:\/\/tdv.org\/tr-TR\/wp-content\/uploads\/2024\/12\/hep-otuz-uc-yasinda-filmi-turkiye-diyanet-vakfi-islam-ansiklopedisinin-tarihe-isik-tutan-hikayesidir-1.jpg","width":1185,"height":800},{"@type":"BreadcrumbList","@id":"https:\/\/tdv.org\/tr-TR\/hep-otuz-uc-yasinda-filmi-turkiye-diyanet-vakfi-islam-ansiklopedisinin-tarihe-isik-tutan-hikayesidir\/#breadcrumb","itemListElement":[{"@type":"ListItem","position":1,"name":"Anasayfa","item":"https:\/\/tdv.org\/tr-TR\/"},{"@type":"ListItem","position":2,"name":"\u201c\u2018Hep Otuz \u00dc\u00e7 Ya\u015f\u0131nda\u2019 filmi, T\u00fcrkiye Diyanet Vakf\u0131 \u0130slam Ansiklopedisi\u2019nin tarihe \u0131\u015f\u0131k tutan hikayesidir\u201d"}]},{"@type":"WebSite","@id":"https:\/\/tdv.org\/tr-TR\/#website","url":"https:\/\/tdv.org\/tr-TR\/","name":"T\u00fcrkiye Diyanet Vakf\u0131 Resmi Web Sitesi","description":"Yery\u00fcz\u00fcnde iyilik egemen oluncaya kadar","publisher":{"@id":"https:\/\/tdv.org\/tr-TR\/#organization"},"alternateName":"T\u00fcrkiye Diyanet Vakf\u0131","potentialAction":[{"@type":"SearchAction","target":{"@type":"EntryPoint","urlTemplate":"https:\/\/tdv.org\/tr-TR\/?s={search_term_string}"},"query-input":{"@type":"PropertyValueSpecification","valueRequired":true,"valueName":"search_term_string"}}],"inLanguage":"tr"},{"@type":"Organization","@id":"https:\/\/tdv.org\/tr-TR\/#organization","name":"T\u00fcrkiye Diyanet Vakf\u0131","alternateName":"T\u00fcrkiye Diyanet Vakf\u0131","url":"https:\/\/tdv.org\/tr-TR\/","logo":{"@type":"ImageObject","inLanguage":"tr","@id":"https:\/\/tdv.org\/tr-TR\/#\/schema\/logo\/image\/","url":"https:\/\/tdv.org\/tr-TR\/wp-content\/uploads\/2018\/12\/TDV_Logo_1.png","contentUrl":"https:\/\/tdv.org\/tr-TR\/wp-content\/uploads\/2018\/12\/TDV_Logo_1.png","width":207,"height":71,"caption":"T\u00fcrkiye Diyanet Vakf\u0131"},"image":{"@id":"https:\/\/tdv.org\/tr-TR\/#\/schema\/logo\/image\/"},"sameAs":["https:\/\/www.facebook.com\/Diyanetvakfi\/","https:\/\/x.com\/DiyanetVakfi","https:\/\/www.instagram.com\/turkiyediyanetvakfi\/","https:\/\/www.youtube.com\/user\/TurkiyeDiyanetVakfi"]},{"@type":"Person","@id":"https:\/\/tdv.org\/tr-TR\/#\/schema\/person\/752b55e264a99273d55636516d96d5eb","name":"Selim","image":{"@type":"ImageObject","inLanguage":"tr","@id":"https:\/\/tdv.org\/tr-TR\/wp-content\/litespeed\/avatar\/a1e47b25396e98e5b781e88a5396cd96.jpg?ver=1777287391","url":"https:\/\/tdv.org\/tr-TR\/wp-content\/litespeed\/avatar\/a1e47b25396e98e5b781e88a5396cd96.jpg?ver=1777287391","contentUrl":"https:\/\/tdv.org\/tr-TR\/wp-content\/litespeed\/avatar\/a1e47b25396e98e5b781e88a5396cd96.jpg?ver=1777287391","caption":"Selim"}}]}},"_links":{"self":[{"href":"https:\/\/tdv.org\/tr-TR\/wp-json\/wp\/v2\/posts\/47544","targetHints":{"allow":["GET"]}}],"collection":[{"href":"https:\/\/tdv.org\/tr-TR\/wp-json\/wp\/v2\/posts"}],"about":[{"href":"https:\/\/tdv.org\/tr-TR\/wp-json\/wp\/v2\/types\/post"}],"author":[{"embeddable":true,"href":"https:\/\/tdv.org\/tr-TR\/wp-json\/wp\/v2\/users\/8"}],"replies":[{"embeddable":true,"href":"https:\/\/tdv.org\/tr-TR\/wp-json\/wp\/v2\/comments?post=47544"}],"version-history":[{"count":7,"href":"https:\/\/tdv.org\/tr-TR\/wp-json\/wp\/v2\/posts\/47544\/revisions"}],"predecessor-version":[{"id":47557,"href":"https:\/\/tdv.org\/tr-TR\/wp-json\/wp\/v2\/posts\/47544\/revisions\/47557"}],"wp:featuredmedia":[{"embeddable":true,"href":"https:\/\/tdv.org\/tr-TR\/wp-json\/wp\/v2\/media\/47545"}],"wp:attachment":[{"href":"https:\/\/tdv.org\/tr-TR\/wp-json\/wp\/v2\/media?parent=47544"}],"wp:term":[{"taxonomy":"category","embeddable":true,"href":"https:\/\/tdv.org\/tr-TR\/wp-json\/wp\/v2\/categories?post=47544"},{"taxonomy":"post_tag","embeddable":true,"href":"https:\/\/tdv.org\/tr-TR\/wp-json\/wp\/v2\/tags?post=47544"}],"curies":[{"name":"wp","href":"https:\/\/api.w.org\/{rel}","templated":true}]}}