{"id":47572,"date":"2024-12-14T11:35:35","date_gmt":"2024-12-14T08:35:35","guid":{"rendered":"https:\/\/tdv.org\/tr-TR\/?p=47572"},"modified":"2024-12-16T09:46:30","modified_gmt":"2024-12-16T06:46:30","slug":"tdv-kagemin-duzenledigi-baba-olma-sanati-seminerinin-kapanis-toreni-gerceklestirildi","status":"publish","type":"post","link":"https:\/\/tdv.org\/tr-TR\/tdv-kagemin-duzenledigi-baba-olma-sanati-seminerinin-kapanis-toreni-gerceklestirildi\/","title":{"rendered":"TDV KAGEM&#8217;in d\u00fczenledi\u011fi \u201cBaba Olma Sanat\u0131\u201d seminerinin kapan\u0131\u015f t\u00f6reni ger\u00e7ekle\u015ftirildi"},"content":{"rendered":"[vc_row type=&#8221;in_container&#8221; full_screen_row_position=&#8221;middle&#8221; scene_position=&#8221;center&#8221; text_color=&#8221;dark&#8221; text_align=&#8221;left&#8221; overlay_strength=&#8221;0.3&#8243; shape_divider_position=&#8221;bottom&#8221; bg_image_animation=&#8221;none&#8221;][vc_column column_padding=&#8221;no-extra-padding&#8221; column_padding_position=&#8221;all&#8221; background_color_opacity=&#8221;1&#8243; background_hover_color_opacity=&#8221;1&#8243; column_link_target=&#8221;_self&#8221; column_shadow=&#8221;none&#8221; column_border_radius=&#8221;none&#8221; width=&#8221;1\/1&#8243; tablet_width_inherit=&#8221;default&#8221; tablet_text_alignment=&#8221;default&#8221; phone_text_alignment=&#8221;default&#8221; column_border_width=&#8221;none&#8221; column_border_style=&#8221;solid&#8221; bg_image_animation=&#8221;none&#8221;][vc_column_text]\n<p style=\"text-align: justify;\"><a href=\"https:\/\/tdv.org\/tr-TR\/\" target=\"_blank\" rel=\"noopener\">T\u00fcrkiye Diyanet Vakf\u0131 (TDV)<\/a> Kad\u0131n Aile ve Gen\u00e7lik Merkezi (KAGEM) taraf\u0131ndan d\u00fczenlenen \u201cBaba Olma Sanat\u0131\u201d seminerinin sertifika takdim etme ve kapan\u0131\u015f program\u0131 ger\u00e7ekle\u015ftirildi.<\/p>\n<p style=\"text-align: justify;\">Aile ba\u011flar\u0131n\u0131n g\u00fc\u00e7lendirilmesi ve babal\u0131k bilincinin geli\u015ftirilmesi amac\u0131yla d\u00fczenlenen &#8220;Baba Olma Sanat\u0131\u201d seminerinin bu y\u0131l sekizincisi tamamland\u0131. Seminerde, 7 haftal\u0131k e\u011fitim s\u00fcresince babalar\u0131n aile i\u00e7indeki ve toplumdaki sorumluluklar\u0131na dair fark\u0131ndal\u0131k olu\u015fturulmas\u0131 hedeflendi. E\u011fitimlerde, babalar\u0131n \u00e7ocuklar\u0131yla olan ba\u011flar\u0131n\u0131 g\u00fc\u00e7lendirecek pratik y\u00f6ntemler ele al\u0131nd\u0131.<\/p>\n<p style=\"text-align: justify;\">Seminerler s\u00fcresince kat\u0131l\u0131mc\u0131lara; \u00e7ocuk psikolojisi, e\u011fitim, de\u011ferler, aile i\u00e7inde ileti\u015fim ve ebeveyn sorumluluklar\u0131 gibi \u00f6nemli ba\u015fl\u0131klarda rehberlik sa\u011fland\u0131. Seminerler, Klinik Psikolog M\u00fcr\u015fid Ekmel Aybek taraf\u0131ndan y\u00fcz y\u00fcze ger\u00e7ekle\u015ftirildi. Seminerlerin kapan\u0131\u015f t\u00f6reni, <a href=\"https:\/\/tdv.org\/tr-TR\/kurumsal\/izani-turan\/\" target=\"_blank\" rel=\"noopener\">T\u00fcrkiye Diyanet Vakf\u0131 Genel M\u00fcd\u00fcr\u00fc \u0130zani Turan<\/a>\u2019\u0131n kat\u0131l\u0131m\u0131yla ger\u00e7ekle\u015fti. Turan, t\u00f6rende 35 baba ve baba aday\u0131na sertifikalar\u0131n\u0131 takdim etti.<\/p>\n<p style=\"text-align: justify;\"><strong>&#8220;149 \u00fclkede bir\u00e7ok faaliyeti yapan bir vak\u0131f\u0131z&#8221;<\/strong><\/p>\n<p style=\"text-align: justify;\"><a href=\"https:\/\/tdv.org\/tr-TR\/kurumsal\/izani-turan\/\" target=\"_blank\" rel=\"noopener\">T\u00fcrkiye Diyanet Vakf\u0131 Genel M\u00fcd\u00fcr\u00fc \u0130zani Turan,<\/a> programda yapt\u0131\u011f\u0131 a\u00e7\u0131klamada, vakf\u0131n bir\u00e7ok alanda vatanda\u015flara hizmet etti\u011fini belirterek &#8220;Bir hay\u0131r ve insani yard\u0131m kurulu\u015fudur ama e\u011fitimden k\u00fclt\u00fcre, in\u015faata, su kuyusuna, yetim projelerine d\u00fcnyada 149 \u00fclkede bir\u00e7ok faaliyeti yapan \u00e7ok \u00f6nemli bir vak\u0131f\u0131z&#8221; dedi.<\/p>\n<p style=\"text-align: justify;\"><strong>&#8220;Ailesine nas\u0131l davran\u0131laca\u011f\u0131n\u0131 bilen babalar\u0131 topluma hediye ettik&#8221;<\/strong><\/p>\n<p style=\"text-align: justify;\">Turan, KAGEM&#8217;in vatanda\u015flar\u0131n hayatlar\u0131na e\u011fitimden k\u00fclt\u00fcre kadar bir\u00e7ok alanda dokundu\u011funa dikkati \u00e7ekerek, &#8220;Babal\u0131k m\u00fcessesesinin ehemmiyetini toplum olarak \u00e7ok iyi kavram\u0131\u015f m\u0131y\u0131z? Burada bir soru i\u015fareti var. Bunun temellendirmek, olmas\u0131 gereken konuma oturtabilmek i\u00e7in bir fark\u0131ndal\u0131k olu\u015fturmak ad\u0131na bu program\u0131 yapt\u0131k. Alan\u0131nda uzman rehber, hocalar\u0131m\u0131z ve psikologlar\u0131m\u0131zla bu dersleri y\u00fcr\u00fctt\u00fck. Buna sab\u0131rla 35 tane babam\u0131z i\u015ftirak etti. \u00c7ocu\u011funa ve ailesine kar\u015f\u0131 nas\u0131l davran\u0131laca\u011f\u0131n\u0131 bilen babalar\u0131 topluma hediye etmi\u015f olduk&#8221; ifadelerini kulland\u0131.<\/p>\n<p style=\"text-align: justify;\"><strong>&#8220;\u00c7ocuklar\u0131m ile \u00e7ok daha yak\u0131n bir ili\u015fki kurmay\u0131 bekliyorum&#8221;<\/strong><\/p>\n<p style=\"text-align: justify;\">Kursiyerlerden 4 \u00e7ocuk babas\u0131 Bar\u0131\u015f Sa\u011flam ise a\u00e7\u0131klamas\u0131nda, program\u0131n aile ba\u011flar\u0131n\u0131 g\u00fc\u00e7lendirme yolundaki katk\u0131s\u0131n\u0131 dile getirerek, \u015funlar\u0131 kaydetti:<br \/>\n&#8220;Bu e\u011fitim program\u0131na \u00e7ocuklar\u0131m ile daha iyi bir ileti\u015fim ger\u00e7ekle\u015ftirmek ve onlar\u0131n geli\u015fimi esnas\u0131nda daha faydal\u0131 bir babal\u0131k sunabilmek i\u00e7in geldim. E\u011fitmen hocam\u0131z\u0131n anlatt\u0131\u011f\u0131 insan\u0131n \u00f6z\u00fcne ve de\u011fi\u015fimine dair olumlu bir bak\u0131\u015f a\u00e7\u0131s\u0131n\u0131 kazand\u0131k. Hi\u00e7bir \u015fey ile k\u0131yas edemeyece\u011fim bir de\u011fi\u015fim meydana getirdi. Bundan sonra \u00e7ocuklar\u0131m ile \u00e7ok daha yak\u0131n bir ili\u015fki kurmay\u0131 bekliyorum. Buradaki e\u011fitimin en b\u00fcy\u00fck katk\u0131s\u0131 bence bundan sonraki insanlara da en \u00e7ok onlar\u0131n kendi aile i\u00e7erisinde hem kendileri ve hem de \u00e7ocuklar\u0131 ile daha bar\u0131\u015f\u0131k olmas\u0131n\u0131 umuyorum ve bundan eminim.&#8221;<\/p>\n<p style=\"text-align: justify;\"><strong>&#8220;Bu programdan \u00e7ok istifade ettim&#8221;<\/strong><\/p>\n<p style=\"text-align: justify;\">Kursiyerlerden Fatih Sar\u0131kaya ise a\u00e7\u0131klamas\u0131nda, &#8220;T\u00fcrkiye Diyanet Vakf\u0131 KAGEM&#8217;in b\u00f6yle bir etkinlik d\u00fczenleyece\u011fini duydum. O zaman daha baba de\u011fildim. Babal\u0131k bekliyorduk. Do\u011fum hen\u00fcz ger\u00e7ekle\u015fmemi\u015fti. Bilin\u00e7li bir birey olmak ad\u0131na \u00e7ocu\u011fumuz d\u00fcnyaya gelmeden e\u011fitimlerimizi alal\u0131m ve bilin\u00e7li bir birey olal\u0131m d\u00fc\u015f\u00fcncesiyle bu programa kat\u0131ld\u0131m. Kat\u0131laca\u011f\u0131m ilk hafta \u00e7ocu\u011fum d\u00fcnyaya geldi. Bu programdan \u00e7ok istifade ettim. Yeni d\u00fcnyaya gelmi\u015f \u00e7ocu\u011fun acaba ne ihtiyac\u0131 vard\u0131r ve bundan sonraki s\u00fcre\u00e7lerde nas\u0131l sorunlar veya g\u00fczel g\u00fcnler bekliyor bunlar\u0131 tecr\u00fcbe ettim&#8221; \u015feklinde konu\u015ftu.<\/p>\n<p style=\"text-align: justify;\">T\u00f6rene TDV Kad\u0131n Aile ve G\u00f6n\u00fcll\u00fcl\u00fck Hizmetleri M\u00fcd\u00fcr\u00fc Hatice Kahyao\u011flu da kat\u0131ld\u0131.<\/p>\n[\/vc_column_text][divider line_type=&#8221;No Line&#8221; custom_height=&#8221;20&#8243;][vc_video link=&#8221;https:\/\/youtu.be\/5ZA4P85w1gg?si=k3MfwxQCM0jkrZHh&#8221; align=&#8221;center&#8221;][vc_row_inner column_margin=&#8221;default&#8221; text_align=&#8221;left&#8221;][vc_column_inner column_padding=&#8221;no-extra-padding&#8221; column_padding_position=&#8221;all&#8221; background_color_opacity=&#8221;1&#8243; background_hover_color_opacity=&#8221;1&#8243; column_shadow=&#8221;none&#8221; column_border_radius=&#8221;none&#8221; column_link_target=&#8221;_self&#8221; width=&#8221;1\/1&#8243; tablet_width_inherit=&#8221;default&#8221; column_border_width=&#8221;none&#8221; column_border_style=&#8221;solid&#8221; bg_image_animation=&#8221;none&#8221;][vc_column_text]\n\n\t\t<style type=\"text\/css\">\n\t\t\t#gallery-1 {\n\t\t\t\tmargin: auto;\n\t\t\t}\n\t\t\t#gallery-1 .gallery-item {\n\t\t\t\tfloat: left;\n\t\t\t\tmargin-top: 10px;\n\t\t\t\ttext-align: center;\n\t\t\t\twidth: 33%;\n\t\t\t}\n\t\t\t#gallery-1 img {\n\t\t\t\tborder: 2px solid #cfcfcf;\n\t\t\t}\n\t\t\t#gallery-1 .gallery-caption {\n\t\t\t\tmargin-left: 0;\n\t\t\t}\n\t\t\t\/* see gallery_shortcode() in wp-includes\/media.php *\/\n\t\t<\/style>\n\t\t<div id='gallery-1' class='gallery galleryid-47572 gallery-columns-3 gallery-size-full'><dl class='gallery-item'>\n\t\t\t<dt class='gallery-icon landscape'>\n\t\t\t\t<a href='https:\/\/tdv.org\/tr-TR\/wp-content\/uploads\/2024\/12\/tdv-kagemin-duzenledigi-baba-olma-sanati-seminerinin-kapanis-toreni-gerceklestirildi-12.jpg'><img decoding=\"async\" width=\"1152\" height=\"768\" src=\"https:\/\/tdv.org\/tr-TR\/wp-content\/uploads\/2024\/12\/tdv-kagemin-duzenledigi-baba-olma-sanati-seminerinin-kapanis-toreni-gerceklestirildi-12.jpg\" class=\"attachment-full size-full\" alt=\"\" srcset=\"https:\/\/tdv.org\/tr-TR\/wp-content\/uploads\/2024\/12\/tdv-kagemin-duzenledigi-baba-olma-sanati-seminerinin-kapanis-toreni-gerceklestirildi-12.jpg 1152w, https:\/\/tdv.org\/tr-TR\/wp-content\/uploads\/2024\/12\/tdv-kagemin-duzenledigi-baba-olma-sanati-seminerinin-kapanis-toreni-gerceklestirildi-12-300x200.jpg 300w, https:\/\/tdv.org\/tr-TR\/wp-content\/uploads\/2024\/12\/tdv-kagemin-duzenledigi-baba-olma-sanati-seminerinin-kapanis-toreni-gerceklestirildi-12-1024x683.jpg 1024w, https:\/\/tdv.org\/tr-TR\/wp-content\/uploads\/2024\/12\/tdv-kagemin-duzenledigi-baba-olma-sanati-seminerinin-kapanis-toreni-gerceklestirildi-12-768x512.jpg 768w, https:\/\/tdv.org\/tr-TR\/wp-content\/uploads\/2024\/12\/tdv-kagemin-duzenledigi-baba-olma-sanati-seminerinin-kapanis-toreni-gerceklestirildi-12-900x600.jpg 900w\" sizes=\"(max-width: 1152px) 100vw, 1152px\" \/><\/a>\n\t\t\t<\/dt><\/dl><dl class='gallery-item'>\n\t\t\t<dt class='gallery-icon landscape'>\n\t\t\t\t<a href='https:\/\/tdv.org\/tr-TR\/wp-content\/uploads\/2024\/12\/tdv-kagemin-duzenledigi-baba-olma-sanati-seminerinin-kapanis-toreni-gerceklestirildi-13.jpg'><img decoding=\"async\" width=\"1152\" height=\"768\" src=\"https:\/\/tdv.org\/tr-TR\/wp-content\/uploads\/2024\/12\/tdv-kagemin-duzenledigi-baba-olma-sanati-seminerinin-kapanis-toreni-gerceklestirildi-13.jpg\" class=\"attachment-full size-full\" alt=\"\" srcset=\"https:\/\/tdv.org\/tr-TR\/wp-content\/uploads\/2024\/12\/tdv-kagemin-duzenledigi-baba-olma-sanati-seminerinin-kapanis-toreni-gerceklestirildi-13.jpg 1152w, https:\/\/tdv.org\/tr-TR\/wp-content\/uploads\/2024\/12\/tdv-kagemin-duzenledigi-baba-olma-sanati-seminerinin-kapanis-toreni-gerceklestirildi-13-300x200.jpg 300w, https:\/\/tdv.org\/tr-TR\/wp-content\/uploads\/2024\/12\/tdv-kagemin-duzenledigi-baba-olma-sanati-seminerinin-kapanis-toreni-gerceklestirildi-13-1024x683.jpg 1024w, https:\/\/tdv.org\/tr-TR\/wp-content\/uploads\/2024\/12\/tdv-kagemin-duzenledigi-baba-olma-sanati-seminerinin-kapanis-toreni-gerceklestirildi-13-768x512.jpg 768w, https:\/\/tdv.org\/tr-TR\/wp-content\/uploads\/2024\/12\/tdv-kagemin-duzenledigi-baba-olma-sanati-seminerinin-kapanis-toreni-gerceklestirildi-13-900x600.jpg 900w\" sizes=\"(max-width: 1152px) 100vw, 1152px\" \/><\/a>\n\t\t\t<\/dt><\/dl><dl class='gallery-item'>\n\t\t\t<dt class='gallery-icon landscape'>\n\t\t\t\t<a href='https:\/\/tdv.org\/tr-TR\/wp-content\/uploads\/2024\/12\/tdv-kagemin-duzenledigi-baba-olma-sanati-seminerinin-kapanis-toreni-gerceklestirildi-14.jpg'><img decoding=\"async\" width=\"1294\" height=\"768\" src=\"https:\/\/tdv.org\/tr-TR\/wp-content\/uploads\/2024\/12\/tdv-kagemin-duzenledigi-baba-olma-sanati-seminerinin-kapanis-toreni-gerceklestirildi-14.jpg\" class=\"attachment-full size-full\" alt=\"\" srcset=\"https:\/\/tdv.org\/tr-TR\/wp-content\/uploads\/2024\/12\/tdv-kagemin-duzenledigi-baba-olma-sanati-seminerinin-kapanis-toreni-gerceklestirildi-14.jpg 1294w, https:\/\/tdv.org\/tr-TR\/wp-content\/uploads\/2024\/12\/tdv-kagemin-duzenledigi-baba-olma-sanati-seminerinin-kapanis-toreni-gerceklestirildi-14-300x178.jpg 300w, https:\/\/tdv.org\/tr-TR\/wp-content\/uploads\/2024\/12\/tdv-kagemin-duzenledigi-baba-olma-sanati-seminerinin-kapanis-toreni-gerceklestirildi-14-1024x608.jpg 1024w, https:\/\/tdv.org\/tr-TR\/wp-content\/uploads\/2024\/12\/tdv-kagemin-duzenledigi-baba-olma-sanati-seminerinin-kapanis-toreni-gerceklestirildi-14-768x456.jpg 768w\" sizes=\"(max-width: 1294px) 100vw, 1294px\" \/><\/a>\n\t\t\t<\/dt><\/dl><br style=\"clear: both\" \/><dl class='gallery-item'>\n\t\t\t<dt class='gallery-icon landscape'>\n\t\t\t\t<a href='https:\/\/tdv.org\/tr-TR\/wp-content\/uploads\/2024\/12\/tdv-kagemin-duzenledigi-baba-olma-sanati-seminerinin-kapanis-toreni-gerceklestirildi-15.jpg'><img decoding=\"async\" width=\"1260\" height=\"768\" src=\"https:\/\/tdv.org\/tr-TR\/wp-content\/uploads\/2024\/12\/tdv-kagemin-duzenledigi-baba-olma-sanati-seminerinin-kapanis-toreni-gerceklestirildi-15.jpg\" class=\"attachment-full size-full\" alt=\"\" srcset=\"https:\/\/tdv.org\/tr-TR\/wp-content\/uploads\/2024\/12\/tdv-kagemin-duzenledigi-baba-olma-sanati-seminerinin-kapanis-toreni-gerceklestirildi-15.jpg 1260w, https:\/\/tdv.org\/tr-TR\/wp-content\/uploads\/2024\/12\/tdv-kagemin-duzenledigi-baba-olma-sanati-seminerinin-kapanis-toreni-gerceklestirildi-15-300x183.jpg 300w, https:\/\/tdv.org\/tr-TR\/wp-content\/uploads\/2024\/12\/tdv-kagemin-duzenledigi-baba-olma-sanati-seminerinin-kapanis-toreni-gerceklestirildi-15-1024x624.jpg 1024w, https:\/\/tdv.org\/tr-TR\/wp-content\/uploads\/2024\/12\/tdv-kagemin-duzenledigi-baba-olma-sanati-seminerinin-kapanis-toreni-gerceklestirildi-15-768x468.jpg 768w\" sizes=\"(max-width: 1260px) 100vw, 1260px\" \/><\/a>\n\t\t\t<\/dt><\/dl><dl class='gallery-item'>\n\t\t\t<dt class='gallery-icon landscape'>\n\t\t\t\t<a href='https:\/\/tdv.org\/tr-TR\/wp-content\/uploads\/2024\/12\/tdv-kagemin-duzenledigi-baba-olma-sanati-seminerinin-kapanis-toreni-gerceklestirildi-1.jpg'><img decoding=\"async\" width=\"1152\" height=\"768\" src=\"https:\/\/tdv.org\/tr-TR\/wp-content\/uploads\/2024\/12\/tdv-kagemin-duzenledigi-baba-olma-sanati-seminerinin-kapanis-toreni-gerceklestirildi-1.jpg\" class=\"attachment-full size-full\" alt=\"\" srcset=\"https:\/\/tdv.org\/tr-TR\/wp-content\/uploads\/2024\/12\/tdv-kagemin-duzenledigi-baba-olma-sanati-seminerinin-kapanis-toreni-gerceklestirildi-1.jpg 1152w, https:\/\/tdv.org\/tr-TR\/wp-content\/uploads\/2024\/12\/tdv-kagemin-duzenledigi-baba-olma-sanati-seminerinin-kapanis-toreni-gerceklestirildi-1-300x200.jpg 300w, https:\/\/tdv.org\/tr-TR\/wp-content\/uploads\/2024\/12\/tdv-kagemin-duzenledigi-baba-olma-sanati-seminerinin-kapanis-toreni-gerceklestirildi-1-1024x683.jpg 1024w, https:\/\/tdv.org\/tr-TR\/wp-content\/uploads\/2024\/12\/tdv-kagemin-duzenledigi-baba-olma-sanati-seminerinin-kapanis-toreni-gerceklestirildi-1-768x512.jpg 768w, https:\/\/tdv.org\/tr-TR\/wp-content\/uploads\/2024\/12\/tdv-kagemin-duzenledigi-baba-olma-sanati-seminerinin-kapanis-toreni-gerceklestirildi-1-900x600.jpg 900w\" sizes=\"(max-width: 1152px) 100vw, 1152px\" \/><\/a>\n\t\t\t<\/dt><\/dl><dl class='gallery-item'>\n\t\t\t<dt class='gallery-icon landscape'>\n\t\t\t\t<a href='https:\/\/tdv.org\/tr-TR\/wp-content\/uploads\/2024\/12\/tdv-kagemin-duzenledigi-baba-olma-sanati-seminerinin-kapanis-toreni-gerceklestirildi-2.jpg'><img decoding=\"async\" width=\"1152\" height=\"768\" src=\"https:\/\/tdv.org\/tr-TR\/wp-content\/uploads\/2024\/12\/tdv-kagemin-duzenledigi-baba-olma-sanati-seminerinin-kapanis-toreni-gerceklestirildi-2.jpg\" class=\"attachment-full size-full\" alt=\"\" srcset=\"https:\/\/tdv.org\/tr-TR\/wp-content\/uploads\/2024\/12\/tdv-kagemin-duzenledigi-baba-olma-sanati-seminerinin-kapanis-toreni-gerceklestirildi-2.jpg 1152w, https:\/\/tdv.org\/tr-TR\/wp-content\/uploads\/2024\/12\/tdv-kagemin-duzenledigi-baba-olma-sanati-seminerinin-kapanis-toreni-gerceklestirildi-2-300x200.jpg 300w, https:\/\/tdv.org\/tr-TR\/wp-content\/uploads\/2024\/12\/tdv-kagemin-duzenledigi-baba-olma-sanati-seminerinin-kapanis-toreni-gerceklestirildi-2-1024x683.jpg 1024w, https:\/\/tdv.org\/tr-TR\/wp-content\/uploads\/2024\/12\/tdv-kagemin-duzenledigi-baba-olma-sanati-seminerinin-kapanis-toreni-gerceklestirildi-2-768x512.jpg 768w, https:\/\/tdv.org\/tr-TR\/wp-content\/uploads\/2024\/12\/tdv-kagemin-duzenledigi-baba-olma-sanati-seminerinin-kapanis-toreni-gerceklestirildi-2-900x600.jpg 900w\" sizes=\"(max-width: 1152px) 100vw, 1152px\" \/><\/a>\n\t\t\t<\/dt><\/dl><br style=\"clear: both\" \/><dl class='gallery-item'>\n\t\t\t<dt class='gallery-icon landscape'>\n\t\t\t\t<a href='https:\/\/tdv.org\/tr-TR\/wp-content\/uploads\/2024\/12\/tdv-kagemin-duzenledigi-baba-olma-sanati-seminerinin-kapanis-toreni-gerceklestirildi-3.jpg'><img decoding=\"async\" width=\"1152\" height=\"768\" src=\"https:\/\/tdv.org\/tr-TR\/wp-content\/uploads\/2024\/12\/tdv-kagemin-duzenledigi-baba-olma-sanati-seminerinin-kapanis-toreni-gerceklestirildi-3.jpg\" class=\"attachment-full size-full\" alt=\"\" srcset=\"https:\/\/tdv.org\/tr-TR\/wp-content\/uploads\/2024\/12\/tdv-kagemin-duzenledigi-baba-olma-sanati-seminerinin-kapanis-toreni-gerceklestirildi-3.jpg 1152w, https:\/\/tdv.org\/tr-TR\/wp-content\/uploads\/2024\/12\/tdv-kagemin-duzenledigi-baba-olma-sanati-seminerinin-kapanis-toreni-gerceklestirildi-3-300x200.jpg 300w, https:\/\/tdv.org\/tr-TR\/wp-content\/uploads\/2024\/12\/tdv-kagemin-duzenledigi-baba-olma-sanati-seminerinin-kapanis-toreni-gerceklestirildi-3-1024x683.jpg 1024w, https:\/\/tdv.org\/tr-TR\/wp-content\/uploads\/2024\/12\/tdv-kagemin-duzenledigi-baba-olma-sanati-seminerinin-kapanis-toreni-gerceklestirildi-3-768x512.jpg 768w, https:\/\/tdv.org\/tr-TR\/wp-content\/uploads\/2024\/12\/tdv-kagemin-duzenledigi-baba-olma-sanati-seminerinin-kapanis-toreni-gerceklestirildi-3-900x600.jpg 900w\" sizes=\"(max-width: 1152px) 100vw, 1152px\" \/><\/a>\n\t\t\t<\/dt><\/dl><dl class='gallery-item'>\n\t\t\t<dt class='gallery-icon landscape'>\n\t\t\t\t<a href='https:\/\/tdv.org\/tr-TR\/wp-content\/uploads\/2024\/12\/tdv-kagemin-duzenledigi-baba-olma-sanati-seminerinin-kapanis-toreni-gerceklestirildi-4.jpg'><img decoding=\"async\" width=\"1152\" height=\"768\" src=\"https:\/\/tdv.org\/tr-TR\/wp-content\/uploads\/2024\/12\/tdv-kagemin-duzenledigi-baba-olma-sanati-seminerinin-kapanis-toreni-gerceklestirildi-4.jpg\" class=\"attachment-full size-full\" alt=\"\" srcset=\"https:\/\/tdv.org\/tr-TR\/wp-content\/uploads\/2024\/12\/tdv-kagemin-duzenledigi-baba-olma-sanati-seminerinin-kapanis-toreni-gerceklestirildi-4.jpg 1152w, https:\/\/tdv.org\/tr-TR\/wp-content\/uploads\/2024\/12\/tdv-kagemin-duzenledigi-baba-olma-sanati-seminerinin-kapanis-toreni-gerceklestirildi-4-300x200.jpg 300w, https:\/\/tdv.org\/tr-TR\/wp-content\/uploads\/2024\/12\/tdv-kagemin-duzenledigi-baba-olma-sanati-seminerinin-kapanis-toreni-gerceklestirildi-4-1024x683.jpg 1024w, https:\/\/tdv.org\/tr-TR\/wp-content\/uploads\/2024\/12\/tdv-kagemin-duzenledigi-baba-olma-sanati-seminerinin-kapanis-toreni-gerceklestirildi-4-768x512.jpg 768w, https:\/\/tdv.org\/tr-TR\/wp-content\/uploads\/2024\/12\/tdv-kagemin-duzenledigi-baba-olma-sanati-seminerinin-kapanis-toreni-gerceklestirildi-4-900x600.jpg 900w\" sizes=\"(max-width: 1152px) 100vw, 1152px\" \/><\/a>\n\t\t\t<\/dt><\/dl><dl class='gallery-item'>\n\t\t\t<dt class='gallery-icon landscape'>\n\t\t\t\t<a href='https:\/\/tdv.org\/tr-TR\/wp-content\/uploads\/2024\/12\/tdv-kagemin-duzenledigi-baba-olma-sanati-seminerinin-kapanis-toreni-gerceklestirildi-5.jpg'><img decoding=\"async\" width=\"1152\" height=\"768\" src=\"https:\/\/tdv.org\/tr-TR\/wp-content\/uploads\/2024\/12\/tdv-kagemin-duzenledigi-baba-olma-sanati-seminerinin-kapanis-toreni-gerceklestirildi-5.jpg\" class=\"attachment-full size-full\" alt=\"\" srcset=\"https:\/\/tdv.org\/tr-TR\/wp-content\/uploads\/2024\/12\/tdv-kagemin-duzenledigi-baba-olma-sanati-seminerinin-kapanis-toreni-gerceklestirildi-5.jpg 1152w, https:\/\/tdv.org\/tr-TR\/wp-content\/uploads\/2024\/12\/tdv-kagemin-duzenledigi-baba-olma-sanati-seminerinin-kapanis-toreni-gerceklestirildi-5-300x200.jpg 300w, https:\/\/tdv.org\/tr-TR\/wp-content\/uploads\/2024\/12\/tdv-kagemin-duzenledigi-baba-olma-sanati-seminerinin-kapanis-toreni-gerceklestirildi-5-1024x683.jpg 1024w, https:\/\/tdv.org\/tr-TR\/wp-content\/uploads\/2024\/12\/tdv-kagemin-duzenledigi-baba-olma-sanati-seminerinin-kapanis-toreni-gerceklestirildi-5-768x512.jpg 768w, https:\/\/tdv.org\/tr-TR\/wp-content\/uploads\/2024\/12\/tdv-kagemin-duzenledigi-baba-olma-sanati-seminerinin-kapanis-toreni-gerceklestirildi-5-900x600.jpg 900w\" sizes=\"(max-width: 1152px) 100vw, 1152px\" \/><\/a>\n\t\t\t<\/dt><\/dl><br style=\"clear: both\" \/><dl class='gallery-item'>\n\t\t\t<dt class='gallery-icon landscape'>\n\t\t\t\t<a href='https:\/\/tdv.org\/tr-TR\/wp-content\/uploads\/2024\/12\/tdv-kagemin-duzenledigi-baba-olma-sanati-seminerinin-kapanis-toreni-gerceklestirildi-6.jpg'><img decoding=\"async\" width=\"1152\" height=\"768\" src=\"https:\/\/tdv.org\/tr-TR\/wp-content\/uploads\/2024\/12\/tdv-kagemin-duzenledigi-baba-olma-sanati-seminerinin-kapanis-toreni-gerceklestirildi-6.jpg\" class=\"attachment-full size-full\" alt=\"\" srcset=\"https:\/\/tdv.org\/tr-TR\/wp-content\/uploads\/2024\/12\/tdv-kagemin-duzenledigi-baba-olma-sanati-seminerinin-kapanis-toreni-gerceklestirildi-6.jpg 1152w, https:\/\/tdv.org\/tr-TR\/wp-content\/uploads\/2024\/12\/tdv-kagemin-duzenledigi-baba-olma-sanati-seminerinin-kapanis-toreni-gerceklestirildi-6-300x200.jpg 300w, https:\/\/tdv.org\/tr-TR\/wp-content\/uploads\/2024\/12\/tdv-kagemin-duzenledigi-baba-olma-sanati-seminerinin-kapanis-toreni-gerceklestirildi-6-1024x683.jpg 1024w, https:\/\/tdv.org\/tr-TR\/wp-content\/uploads\/2024\/12\/tdv-kagemin-duzenledigi-baba-olma-sanati-seminerinin-kapanis-toreni-gerceklestirildi-6-768x512.jpg 768w, https:\/\/tdv.org\/tr-TR\/wp-content\/uploads\/2024\/12\/tdv-kagemin-duzenledigi-baba-olma-sanati-seminerinin-kapanis-toreni-gerceklestirildi-6-900x600.jpg 900w\" sizes=\"(max-width: 1152px) 100vw, 1152px\" \/><\/a>\n\t\t\t<\/dt><\/dl><dl class='gallery-item'>\n\t\t\t<dt class='gallery-icon landscape'>\n\t\t\t\t<a href='https:\/\/tdv.org\/tr-TR\/wp-content\/uploads\/2024\/12\/tdv-kagemin-duzenledigi-baba-olma-sanati-seminerinin-kapanis-toreni-gerceklestirildi-7.jpg'><img decoding=\"async\" width=\"1152\" height=\"768\" src=\"https:\/\/tdv.org\/tr-TR\/wp-content\/uploads\/2024\/12\/tdv-kagemin-duzenledigi-baba-olma-sanati-seminerinin-kapanis-toreni-gerceklestirildi-7.jpg\" class=\"attachment-full size-full\" alt=\"\" srcset=\"https:\/\/tdv.org\/tr-TR\/wp-content\/uploads\/2024\/12\/tdv-kagemin-duzenledigi-baba-olma-sanati-seminerinin-kapanis-toreni-gerceklestirildi-7.jpg 1152w, https:\/\/tdv.org\/tr-TR\/wp-content\/uploads\/2024\/12\/tdv-kagemin-duzenledigi-baba-olma-sanati-seminerinin-kapanis-toreni-gerceklestirildi-7-300x200.jpg 300w, https:\/\/tdv.org\/tr-TR\/wp-content\/uploads\/2024\/12\/tdv-kagemin-duzenledigi-baba-olma-sanati-seminerinin-kapanis-toreni-gerceklestirildi-7-1024x683.jpg 1024w, https:\/\/tdv.org\/tr-TR\/wp-content\/uploads\/2024\/12\/tdv-kagemin-duzenledigi-baba-olma-sanati-seminerinin-kapanis-toreni-gerceklestirildi-7-768x512.jpg 768w, https:\/\/tdv.org\/tr-TR\/wp-content\/uploads\/2024\/12\/tdv-kagemin-duzenledigi-baba-olma-sanati-seminerinin-kapanis-toreni-gerceklestirildi-7-900x600.jpg 900w\" sizes=\"(max-width: 1152px) 100vw, 1152px\" \/><\/a>\n\t\t\t<\/dt><\/dl><dl class='gallery-item'>\n\t\t\t<dt class='gallery-icon landscape'>\n\t\t\t\t<a href='https:\/\/tdv.org\/tr-TR\/wp-content\/uploads\/2024\/12\/tdv-kagemin-duzenledigi-baba-olma-sanati-seminerinin-kapanis-toreni-gerceklestirildi-8.jpg'><img decoding=\"async\" width=\"1152\" height=\"768\" src=\"https:\/\/tdv.org\/tr-TR\/wp-content\/uploads\/2024\/12\/tdv-kagemin-duzenledigi-baba-olma-sanati-seminerinin-kapanis-toreni-gerceklestirildi-8.jpg\" class=\"attachment-full size-full\" alt=\"\" srcset=\"https:\/\/tdv.org\/tr-TR\/wp-content\/uploads\/2024\/12\/tdv-kagemin-duzenledigi-baba-olma-sanati-seminerinin-kapanis-toreni-gerceklestirildi-8.jpg 1152w, https:\/\/tdv.org\/tr-TR\/wp-content\/uploads\/2024\/12\/tdv-kagemin-duzenledigi-baba-olma-sanati-seminerinin-kapanis-toreni-gerceklestirildi-8-300x200.jpg 300w, https:\/\/tdv.org\/tr-TR\/wp-content\/uploads\/2024\/12\/tdv-kagemin-duzenledigi-baba-olma-sanati-seminerinin-kapanis-toreni-gerceklestirildi-8-1024x683.jpg 1024w, https:\/\/tdv.org\/tr-TR\/wp-content\/uploads\/2024\/12\/tdv-kagemin-duzenledigi-baba-olma-sanati-seminerinin-kapanis-toreni-gerceklestirildi-8-768x512.jpg 768w, https:\/\/tdv.org\/tr-TR\/wp-content\/uploads\/2024\/12\/tdv-kagemin-duzenledigi-baba-olma-sanati-seminerinin-kapanis-toreni-gerceklestirildi-8-900x600.jpg 900w\" sizes=\"(max-width: 1152px) 100vw, 1152px\" \/><\/a>\n\t\t\t<\/dt><\/dl><br style=\"clear: both\" \/><dl class='gallery-item'>\n\t\t\t<dt class='gallery-icon landscape'>\n\t\t\t\t<a href='https:\/\/tdv.org\/tr-TR\/wp-content\/uploads\/2024\/12\/tdv-kagemin-duzenledigi-baba-olma-sanati-seminerinin-kapanis-toreni-gerceklestirildi-9.jpg'><img decoding=\"async\" width=\"1152\" height=\"768\" src=\"https:\/\/tdv.org\/tr-TR\/wp-content\/uploads\/2024\/12\/tdv-kagemin-duzenledigi-baba-olma-sanati-seminerinin-kapanis-toreni-gerceklestirildi-9.jpg\" class=\"attachment-full size-full\" alt=\"\" srcset=\"https:\/\/tdv.org\/tr-TR\/wp-content\/uploads\/2024\/12\/tdv-kagemin-duzenledigi-baba-olma-sanati-seminerinin-kapanis-toreni-gerceklestirildi-9.jpg 1152w, https:\/\/tdv.org\/tr-TR\/wp-content\/uploads\/2024\/12\/tdv-kagemin-duzenledigi-baba-olma-sanati-seminerinin-kapanis-toreni-gerceklestirildi-9-300x200.jpg 300w, https:\/\/tdv.org\/tr-TR\/wp-content\/uploads\/2024\/12\/tdv-kagemin-duzenledigi-baba-olma-sanati-seminerinin-kapanis-toreni-gerceklestirildi-9-1024x683.jpg 1024w, https:\/\/tdv.org\/tr-TR\/wp-content\/uploads\/2024\/12\/tdv-kagemin-duzenledigi-baba-olma-sanati-seminerinin-kapanis-toreni-gerceklestirildi-9-768x512.jpg 768w, https:\/\/tdv.org\/tr-TR\/wp-content\/uploads\/2024\/12\/tdv-kagemin-duzenledigi-baba-olma-sanati-seminerinin-kapanis-toreni-gerceklestirildi-9-900x600.jpg 900w\" sizes=\"(max-width: 1152px) 100vw, 1152px\" \/><\/a>\n\t\t\t<\/dt><\/dl><dl class='gallery-item'>\n\t\t\t<dt class='gallery-icon landscape'>\n\t\t\t\t<a href='https:\/\/tdv.org\/tr-TR\/wp-content\/uploads\/2024\/12\/tdv-kagemin-duzenledigi-baba-olma-sanati-seminerinin-kapanis-toreni-gerceklestirildi-10.jpg'><img decoding=\"async\" width=\"1152\" height=\"768\" src=\"https:\/\/tdv.org\/tr-TR\/wp-content\/uploads\/2024\/12\/tdv-kagemin-duzenledigi-baba-olma-sanati-seminerinin-kapanis-toreni-gerceklestirildi-10.jpg\" class=\"attachment-full size-full\" alt=\"\" srcset=\"https:\/\/tdv.org\/tr-TR\/wp-content\/uploads\/2024\/12\/tdv-kagemin-duzenledigi-baba-olma-sanati-seminerinin-kapanis-toreni-gerceklestirildi-10.jpg 1152w, https:\/\/tdv.org\/tr-TR\/wp-content\/uploads\/2024\/12\/tdv-kagemin-duzenledigi-baba-olma-sanati-seminerinin-kapanis-toreni-gerceklestirildi-10-300x200.jpg 300w, https:\/\/tdv.org\/tr-TR\/wp-content\/uploads\/2024\/12\/tdv-kagemin-duzenledigi-baba-olma-sanati-seminerinin-kapanis-toreni-gerceklestirildi-10-1024x683.jpg 1024w, https:\/\/tdv.org\/tr-TR\/wp-content\/uploads\/2024\/12\/tdv-kagemin-duzenledigi-baba-olma-sanati-seminerinin-kapanis-toreni-gerceklestirildi-10-768x512.jpg 768w, https:\/\/tdv.org\/tr-TR\/wp-content\/uploads\/2024\/12\/tdv-kagemin-duzenledigi-baba-olma-sanati-seminerinin-kapanis-toreni-gerceklestirildi-10-900x600.jpg 900w\" sizes=\"(max-width: 1152px) 100vw, 1152px\" \/><\/a>\n\t\t\t<\/dt><\/dl><dl class='gallery-item'>\n\t\t\t<dt class='gallery-icon landscape'>\n\t\t\t\t<a href='https:\/\/tdv.org\/tr-TR\/wp-content\/uploads\/2024\/12\/tdv-kagemin-duzenledigi-baba-olma-sanati-seminerinin-kapanis-toreni-gerceklestirildi-11.jpg'><img decoding=\"async\" width=\"1152\" height=\"768\" src=\"https:\/\/tdv.org\/tr-TR\/wp-content\/uploads\/2024\/12\/tdv-kagemin-duzenledigi-baba-olma-sanati-seminerinin-kapanis-toreni-gerceklestirildi-11.jpg\" class=\"attachment-full size-full\" alt=\"\" srcset=\"https:\/\/tdv.org\/tr-TR\/wp-content\/uploads\/2024\/12\/tdv-kagemin-duzenledigi-baba-olma-sanati-seminerinin-kapanis-toreni-gerceklestirildi-11.jpg 1152w, https:\/\/tdv.org\/tr-TR\/wp-content\/uploads\/2024\/12\/tdv-kagemin-duzenledigi-baba-olma-sanati-seminerinin-kapanis-toreni-gerceklestirildi-11-300x200.jpg 300w, https:\/\/tdv.org\/tr-TR\/wp-content\/uploads\/2024\/12\/tdv-kagemin-duzenledigi-baba-olma-sanati-seminerinin-kapanis-toreni-gerceklestirildi-11-1024x683.jpg 1024w, https:\/\/tdv.org\/tr-TR\/wp-content\/uploads\/2024\/12\/tdv-kagemin-duzenledigi-baba-olma-sanati-seminerinin-kapanis-toreni-gerceklestirildi-11-768x512.jpg 768w, https:\/\/tdv.org\/tr-TR\/wp-content\/uploads\/2024\/12\/tdv-kagemin-duzenledigi-baba-olma-sanati-seminerinin-kapanis-toreni-gerceklestirildi-11-900x600.jpg 900w\" sizes=\"(max-width: 1152px) 100vw, 1152px\" \/><\/a>\n\t\t\t<\/dt><\/dl><br style=\"clear: both\" \/><dl class='gallery-item'>\n\t\t\t<dt class='gallery-icon landscape'>\n\t\t\t\t<a href='https:\/\/tdv.org\/tr-TR\/wp-content\/uploads\/2024\/12\/tdv-kagemin-duzenledigi-baba-olma-sanati-seminerinin-kapanis-toreni-gerceklestirildi-16.jpg'><img decoding=\"async\" width=\"1152\" height=\"768\" src=\"https:\/\/tdv.org\/tr-TR\/wp-content\/uploads\/2024\/12\/tdv-kagemin-duzenledigi-baba-olma-sanati-seminerinin-kapanis-toreni-gerceklestirildi-16.jpg\" class=\"attachment-full size-full\" alt=\"\" srcset=\"https:\/\/tdv.org\/tr-TR\/wp-content\/uploads\/2024\/12\/tdv-kagemin-duzenledigi-baba-olma-sanati-seminerinin-kapanis-toreni-gerceklestirildi-16.jpg 1152w, https:\/\/tdv.org\/tr-TR\/wp-content\/uploads\/2024\/12\/tdv-kagemin-duzenledigi-baba-olma-sanati-seminerinin-kapanis-toreni-gerceklestirildi-16-300x200.jpg 300w, https:\/\/tdv.org\/tr-TR\/wp-content\/uploads\/2024\/12\/tdv-kagemin-duzenledigi-baba-olma-sanati-seminerinin-kapanis-toreni-gerceklestirildi-16-1024x683.jpg 1024w, https:\/\/tdv.org\/tr-TR\/wp-content\/uploads\/2024\/12\/tdv-kagemin-duzenledigi-baba-olma-sanati-seminerinin-kapanis-toreni-gerceklestirildi-16-768x512.jpg 768w, https:\/\/tdv.org\/tr-TR\/wp-content\/uploads\/2024\/12\/tdv-kagemin-duzenledigi-baba-olma-sanati-seminerinin-kapanis-toreni-gerceklestirildi-16-900x600.jpg 900w\" sizes=\"(max-width: 1152px) 100vw, 1152px\" \/><\/a>\n\t\t\t<\/dt><\/dl><dl class='gallery-item'>\n\t\t\t<dt class='gallery-icon landscape'>\n\t\t\t\t<a href='https:\/\/tdv.org\/tr-TR\/wp-content\/uploads\/2024\/12\/tdv-kagemin-duzenledigi-baba-olma-sanati-seminerinin-kapanis-toreni-gerceklestirildi-17.jpg'><img decoding=\"async\" width=\"1152\" height=\"768\" src=\"https:\/\/tdv.org\/tr-TR\/wp-content\/uploads\/2024\/12\/tdv-kagemin-duzenledigi-baba-olma-sanati-seminerinin-kapanis-toreni-gerceklestirildi-17.jpg\" class=\"attachment-full size-full\" alt=\"\" srcset=\"https:\/\/tdv.org\/tr-TR\/wp-content\/uploads\/2024\/12\/tdv-kagemin-duzenledigi-baba-olma-sanati-seminerinin-kapanis-toreni-gerceklestirildi-17.jpg 1152w, https:\/\/tdv.org\/tr-TR\/wp-content\/uploads\/2024\/12\/tdv-kagemin-duzenledigi-baba-olma-sanati-seminerinin-kapanis-toreni-gerceklestirildi-17-300x200.jpg 300w, https:\/\/tdv.org\/tr-TR\/wp-content\/uploads\/2024\/12\/tdv-kagemin-duzenledigi-baba-olma-sanati-seminerinin-kapanis-toreni-gerceklestirildi-17-1024x683.jpg 1024w, https:\/\/tdv.org\/tr-TR\/wp-content\/uploads\/2024\/12\/tdv-kagemin-duzenledigi-baba-olma-sanati-seminerinin-kapanis-toreni-gerceklestirildi-17-768x512.jpg 768w, https:\/\/tdv.org\/tr-TR\/wp-content\/uploads\/2024\/12\/tdv-kagemin-duzenledigi-baba-olma-sanati-seminerinin-kapanis-toreni-gerceklestirildi-17-900x600.jpg 900w\" sizes=\"(max-width: 1152px) 100vw, 1152px\" \/><\/a>\n\t\t\t<\/dt><\/dl>\n\t\t\t<br style='clear: both' \/>\n\t\t<\/div>\n\n[\/vc_column_text][\/vc_column_inner][\/vc_row_inner][\/vc_column][\/vc_row]\n","protected":false},"excerpt":{"rendered":"<p>[vc_row type=&#8221;in_container&#8221; full_screen_row_position=&#8221;middle&#8221; scene_position=&#8221;center&#8221; text_color=&#8221;dark&#8221; text_align=&#8221;left&#8221; overlay_strength=&#8221;0.3&#8243; shape_divider_position=&#8221;bottom&#8221; bg_image_animation=&#8221;none&#8221;][vc_column column_padding=&#8221;no-extra-padding&#8221; column_padding_position=&#8221;all&#8221; background_color_opacity=&#8221;1&#8243; background_hover_color_opacity=&#8221;1&#8243; column_link_target=&#8221;_self&#8221; column_shadow=&#8221;none&#8221; column_border_radius=&#8221;none&#8221; width=&#8221;1\/1&#8243; tablet_width_inherit=&#8221;default&#8221; tablet_text_alignment=&#8221;default&#8221; phone_text_alignment=&#8221;default&#8221; column_border_width=&#8221;none&#8221; column_border_style=&#8221;solid&#8221; bg_image_animation=&#8221;none&#8221;][vc_column_text] T\u00fcrkiye Diyanet Vakf\u0131 (TDV) Kad\u0131n Aile ve&#8230;<\/p>\n","protected":false},"author":8,"featured_media":47575,"comment_status":"closed","ping_status":"closed","sticky":false,"template":"","format":"standard","meta":{"footnotes":""},"categories":[1,2294],"tags":[2227,196,271,2346],"class_list":{"0":"post-47572","1":"post","2":"type-post","3":"status-publish","4":"format-standard","5":"has-post-thumbnail","7":"category-haberler","8":"category-kagem-haberler","9":"tag-anne-baba-okulu","10":"tag-kagem","11":"tag-tdv-kagem","12":"tag-turkiye-diyanet-vakfi-genel-muduru-izani-turan"},"yoast_head":"<!-- This site is optimized with the Yoast SEO plugin v27.4 - https:\/\/yoast.com\/product\/yoast-seo-wordpress\/ -->\n<title>TDV KAGEM&#039;in d\u00fczenledi\u011fi \u201cBaba Olma Sanat\u0131\u201d seminerinin kapan\u0131\u015f t\u00f6reni ger\u00e7ekle\u015ftirildi<\/title>\n<meta name=\"description\" content=\"T\u00fcrkiye Diyanet Vakf\u0131 (TDV) Kad\u0131n Aile ve Gen\u00e7lik Merkezi (KAGEM) taraf\u0131ndan d\u00fczenlenen \u201cBaba Olma Sanat\u0131\u201d seminerinin sertifika takdim etme ve kapan\u0131\u015f program\u0131 ger\u00e7ekle\u015ftirildi.\" \/>\n<meta name=\"robots\" content=\"index, follow, max-snippet:-1, max-image-preview:large, max-video-preview:-1\" \/>\n<link rel=\"canonical\" href=\"https:\/\/tdv.org\/tr-TR\/tdv-kagemin-duzenledigi-baba-olma-sanati-seminerinin-kapanis-toreni-gerceklestirildi\/\" \/>\n<meta property=\"og:locale\" content=\"tr_TR\" \/>\n<meta property=\"og:type\" content=\"article\" \/>\n<meta property=\"og:title\" content=\"TDV KAGEM&#039;in d\u00fczenledi\u011fi \u201cBaba Olma Sanat\u0131\u201d seminerinin kapan\u0131\u015f t\u00f6reni ger\u00e7ekle\u015ftirildi\" \/>\n<meta property=\"og:description\" content=\"T\u00fcrkiye Diyanet Vakf\u0131 (TDV) Kad\u0131n Aile ve Gen\u00e7lik Merkezi (KAGEM) taraf\u0131ndan d\u00fczenlenen \u201cBaba Olma Sanat\u0131\u201d seminerinin sertifika takdim etme ve kapan\u0131\u015f program\u0131 ger\u00e7ekle\u015ftirildi.\" \/>\n<meta property=\"og:url\" content=\"https:\/\/tdv.org\/tr-TR\/tdv-kagemin-duzenledigi-baba-olma-sanati-seminerinin-kapanis-toreni-gerceklestirildi\/\" \/>\n<meta property=\"og:site_name\" content=\"T\u00fcrkiye Diyanet Vakf\u0131 Resmi Web Sitesi\" \/>\n<meta property=\"article:publisher\" content=\"https:\/\/www.facebook.com\/Diyanetvakfi\/\" \/>\n<meta property=\"article:published_time\" content=\"2024-12-14T08:35:35+00:00\" \/>\n<meta property=\"article:modified_time\" content=\"2024-12-16T06:46:30+00:00\" \/>\n<meta property=\"og:image\" content=\"https:\/\/tdv.org\/tr-TR\/wp-content\/uploads\/2024\/12\/tdv-kagemin-duzenledigi-baba-olma-sanati-seminerinin-kapanis-toreni-gerceklestirildi-14.jpg\" \/>\n\t<meta property=\"og:image:width\" content=\"1294\" \/>\n\t<meta property=\"og:image:height\" content=\"768\" \/>\n\t<meta property=\"og:image:type\" content=\"image\/jpeg\" \/>\n<meta name=\"author\" content=\"Selim\" \/>\n<meta name=\"twitter:card\" content=\"summary_large_image\" \/>\n<meta name=\"twitter:creator\" content=\"@DiyanetVakfi\" \/>\n<meta name=\"twitter:site\" content=\"@DiyanetVakfi\" \/>\n<script type=\"application\/ld+json\" class=\"yoast-schema-graph\">{\"@context\":\"https:\\\/\\\/schema.org\",\"@graph\":[{\"@type\":\"Article\",\"@id\":\"https:\\\/\\\/tdv.org\\\/tr-TR\\\/tdv-kagemin-duzenledigi-baba-olma-sanati-seminerinin-kapanis-toreni-gerceklestirildi\\\/#article\",\"isPartOf\":{\"@id\":\"https:\\\/\\\/tdv.org\\\/tr-TR\\\/tdv-kagemin-duzenledigi-baba-olma-sanati-seminerinin-kapanis-toreni-gerceklestirildi\\\/\"},\"author\":{\"name\":\"Selim\",\"@id\":\"https:\\\/\\\/tdv.org\\\/tr-TR\\\/#\\\/schema\\\/person\\\/752b55e264a99273d55636516d96d5eb\"},\"headline\":\"TDV KAGEM&#8217;in d\u00fczenledi\u011fi \u201cBaba Olma Sanat\u0131\u201d seminerinin kapan\u0131\u015f t\u00f6reni ger\u00e7ekle\u015ftirildi\",\"datePublished\":\"2024-12-14T08:35:35+00:00\",\"dateModified\":\"2024-12-16T06:46:30+00:00\",\"mainEntityOfPage\":{\"@id\":\"https:\\\/\\\/tdv.org\\\/tr-TR\\\/tdv-kagemin-duzenledigi-baba-olma-sanati-seminerinin-kapanis-toreni-gerceklestirildi\\\/\"},\"wordCount\":866,\"publisher\":{\"@id\":\"https:\\\/\\\/tdv.org\\\/tr-TR\\\/#organization\"},\"image\":{\"@id\":\"https:\\\/\\\/tdv.org\\\/tr-TR\\\/tdv-kagemin-duzenledigi-baba-olma-sanati-seminerinin-kapanis-toreni-gerceklestirildi\\\/#primaryimage\"},\"thumbnailUrl\":\"https:\\\/\\\/tdv.org\\\/tr-TR\\\/wp-content\\\/uploads\\\/2024\\\/12\\\/tdv-kagemin-duzenledigi-baba-olma-sanati-seminerinin-kapanis-toreni-gerceklestirildi-14.jpg\",\"keywords\":[\"Anne Baba Okulu\",\"Kagem\",\"TDV KAGEM\",\"T\u00fcrkiye Diyanet Vakf\u0131 Genel M\u00fcd\u00fcr\u00fc \u0130zani Turan\"],\"articleSection\":[\"Haberler\",\"KAGEM Haberler\"],\"inLanguage\":\"tr\"},{\"@type\":\"WebPage\",\"@id\":\"https:\\\/\\\/tdv.org\\\/tr-TR\\\/tdv-kagemin-duzenledigi-baba-olma-sanati-seminerinin-kapanis-toreni-gerceklestirildi\\\/\",\"url\":\"https:\\\/\\\/tdv.org\\\/tr-TR\\\/tdv-kagemin-duzenledigi-baba-olma-sanati-seminerinin-kapanis-toreni-gerceklestirildi\\\/\",\"name\":\"TDV KAGEM'in d\u00fczenledi\u011fi \u201cBaba Olma Sanat\u0131\u201d seminerinin kapan\u0131\u015f t\u00f6reni ger\u00e7ekle\u015ftirildi\",\"isPartOf\":{\"@id\":\"https:\\\/\\\/tdv.org\\\/tr-TR\\\/#website\"},\"primaryImageOfPage\":{\"@id\":\"https:\\\/\\\/tdv.org\\\/tr-TR\\\/tdv-kagemin-duzenledigi-baba-olma-sanati-seminerinin-kapanis-toreni-gerceklestirildi\\\/#primaryimage\"},\"image\":{\"@id\":\"https:\\\/\\\/tdv.org\\\/tr-TR\\\/tdv-kagemin-duzenledigi-baba-olma-sanati-seminerinin-kapanis-toreni-gerceklestirildi\\\/#primaryimage\"},\"thumbnailUrl\":\"https:\\\/\\\/tdv.org\\\/tr-TR\\\/wp-content\\\/uploads\\\/2024\\\/12\\\/tdv-kagemin-duzenledigi-baba-olma-sanati-seminerinin-kapanis-toreni-gerceklestirildi-14.jpg\",\"datePublished\":\"2024-12-14T08:35:35+00:00\",\"dateModified\":\"2024-12-16T06:46:30+00:00\",\"description\":\"T\u00fcrkiye Diyanet Vakf\u0131 (TDV) Kad\u0131n Aile ve Gen\u00e7lik Merkezi (KAGEM) taraf\u0131ndan d\u00fczenlenen \u201cBaba Olma Sanat\u0131\u201d seminerinin sertifika takdim etme ve kapan\u0131\u015f program\u0131 ger\u00e7ekle\u015ftirildi.\",\"breadcrumb\":{\"@id\":\"https:\\\/\\\/tdv.org\\\/tr-TR\\\/tdv-kagemin-duzenledigi-baba-olma-sanati-seminerinin-kapanis-toreni-gerceklestirildi\\\/#breadcrumb\"},\"inLanguage\":\"tr\",\"potentialAction\":[{\"@type\":\"ReadAction\",\"target\":[\"https:\\\/\\\/tdv.org\\\/tr-TR\\\/tdv-kagemin-duzenledigi-baba-olma-sanati-seminerinin-kapanis-toreni-gerceklestirildi\\\/\"]}]},{\"@type\":\"ImageObject\",\"inLanguage\":\"tr\",\"@id\":\"https:\\\/\\\/tdv.org\\\/tr-TR\\\/tdv-kagemin-duzenledigi-baba-olma-sanati-seminerinin-kapanis-toreni-gerceklestirildi\\\/#primaryimage\",\"url\":\"https:\\\/\\\/tdv.org\\\/tr-TR\\\/wp-content\\\/uploads\\\/2024\\\/12\\\/tdv-kagemin-duzenledigi-baba-olma-sanati-seminerinin-kapanis-toreni-gerceklestirildi-14.jpg\",\"contentUrl\":\"https:\\\/\\\/tdv.org\\\/tr-TR\\\/wp-content\\\/uploads\\\/2024\\\/12\\\/tdv-kagemin-duzenledigi-baba-olma-sanati-seminerinin-kapanis-toreni-gerceklestirildi-14.jpg\",\"width\":1294,\"height\":768},{\"@type\":\"BreadcrumbList\",\"@id\":\"https:\\\/\\\/tdv.org\\\/tr-TR\\\/tdv-kagemin-duzenledigi-baba-olma-sanati-seminerinin-kapanis-toreni-gerceklestirildi\\\/#breadcrumb\",\"itemListElement\":[{\"@type\":\"ListItem\",\"position\":1,\"name\":\"Anasayfa\",\"item\":\"https:\\\/\\\/tdv.org\\\/tr-TR\\\/\"},{\"@type\":\"ListItem\",\"position\":2,\"name\":\"TDV KAGEM&#8217;in d\u00fczenledi\u011fi \u201cBaba Olma Sanat\u0131\u201d seminerinin kapan\u0131\u015f t\u00f6reni ger\u00e7ekle\u015ftirildi\"}]},{\"@type\":\"WebSite\",\"@id\":\"https:\\\/\\\/tdv.org\\\/tr-TR\\\/#website\",\"url\":\"https:\\\/\\\/tdv.org\\\/tr-TR\\\/\",\"name\":\"T\u00fcrkiye Diyanet Vakf\u0131 Resmi Web Sitesi\",\"description\":\"Yery\u00fcz\u00fcnde iyilik egemen oluncaya kadar\",\"publisher\":{\"@id\":\"https:\\\/\\\/tdv.org\\\/tr-TR\\\/#organization\"},\"alternateName\":\"T\u00fcrkiye Diyanet Vakf\u0131\",\"potentialAction\":[{\"@type\":\"SearchAction\",\"target\":{\"@type\":\"EntryPoint\",\"urlTemplate\":\"https:\\\/\\\/tdv.org\\\/tr-TR\\\/?s={search_term_string}\"},\"query-input\":{\"@type\":\"PropertyValueSpecification\",\"valueRequired\":true,\"valueName\":\"search_term_string\"}}],\"inLanguage\":\"tr\"},{\"@type\":\"Organization\",\"@id\":\"https:\\\/\\\/tdv.org\\\/tr-TR\\\/#organization\",\"name\":\"T\u00fcrkiye Diyanet Vakf\u0131\",\"alternateName\":\"T\u00fcrkiye Diyanet Vakf\u0131\",\"url\":\"https:\\\/\\\/tdv.org\\\/tr-TR\\\/\",\"logo\":{\"@type\":\"ImageObject\",\"inLanguage\":\"tr\",\"@id\":\"https:\\\/\\\/tdv.org\\\/tr-TR\\\/#\\\/schema\\\/logo\\\/image\\\/\",\"url\":\"https:\\\/\\\/tdv.org\\\/tr-TR\\\/wp-content\\\/uploads\\\/2018\\\/12\\\/TDV_Logo_1.png\",\"contentUrl\":\"https:\\\/\\\/tdv.org\\\/tr-TR\\\/wp-content\\\/uploads\\\/2018\\\/12\\\/TDV_Logo_1.png\",\"width\":207,\"height\":71,\"caption\":\"T\u00fcrkiye Diyanet Vakf\u0131\"},\"image\":{\"@id\":\"https:\\\/\\\/tdv.org\\\/tr-TR\\\/#\\\/schema\\\/logo\\\/image\\\/\"},\"sameAs\":[\"https:\\\/\\\/www.facebook.com\\\/Diyanetvakfi\\\/\",\"https:\\\/\\\/x.com\\\/DiyanetVakfi\",\"https:\\\/\\\/www.instagram.com\\\/turkiyediyanetvakfi\\\/\",\"https:\\\/\\\/www.youtube.com\\\/user\\\/TurkiyeDiyanetVakfi\"]},{\"@type\":\"Person\",\"@id\":\"https:\\\/\\\/tdv.org\\\/tr-TR\\\/#\\\/schema\\\/person\\\/752b55e264a99273d55636516d96d5eb\",\"name\":\"Selim\",\"image\":{\"@type\":\"ImageObject\",\"inLanguage\":\"tr\",\"@id\":\"https:\\\/\\\/tdv.org\\\/tr-TR\\\/wp-content\\\/litespeed\\\/avatar\\\/a1e47b25396e98e5b781e88a5396cd96.jpg?ver=1777287391\",\"url\":\"https:\\\/\\\/tdv.org\\\/tr-TR\\\/wp-content\\\/litespeed\\\/avatar\\\/a1e47b25396e98e5b781e88a5396cd96.jpg?ver=1777287391\",\"contentUrl\":\"https:\\\/\\\/tdv.org\\\/tr-TR\\\/wp-content\\\/litespeed\\\/avatar\\\/a1e47b25396e98e5b781e88a5396cd96.jpg?ver=1777287391\",\"caption\":\"Selim\"}}]}<\/script>\n<!-- \/ Yoast SEO plugin. -->","yoast_head_json":{"title":"TDV KAGEM'in d\u00fczenledi\u011fi \u201cBaba Olma Sanat\u0131\u201d seminerinin kapan\u0131\u015f t\u00f6reni ger\u00e7ekle\u015ftirildi","description":"T\u00fcrkiye Diyanet Vakf\u0131 (TDV) Kad\u0131n Aile ve Gen\u00e7lik Merkezi (KAGEM) taraf\u0131ndan d\u00fczenlenen \u201cBaba Olma Sanat\u0131\u201d seminerinin sertifika takdim etme ve kapan\u0131\u015f program\u0131 ger\u00e7ekle\u015ftirildi.","robots":{"index":"index","follow":"follow","max-snippet":"max-snippet:-1","max-image-preview":"max-image-preview:large","max-video-preview":"max-video-preview:-1"},"canonical":"https:\/\/tdv.org\/tr-TR\/tdv-kagemin-duzenledigi-baba-olma-sanati-seminerinin-kapanis-toreni-gerceklestirildi\/","og_locale":"tr_TR","og_type":"article","og_title":"TDV KAGEM'in d\u00fczenledi\u011fi \u201cBaba Olma Sanat\u0131\u201d seminerinin kapan\u0131\u015f t\u00f6reni ger\u00e7ekle\u015ftirildi","og_description":"T\u00fcrkiye Diyanet Vakf\u0131 (TDV) Kad\u0131n Aile ve Gen\u00e7lik Merkezi (KAGEM) taraf\u0131ndan d\u00fczenlenen \u201cBaba Olma Sanat\u0131\u201d seminerinin sertifika takdim etme ve kapan\u0131\u015f program\u0131 ger\u00e7ekle\u015ftirildi.","og_url":"https:\/\/tdv.org\/tr-TR\/tdv-kagemin-duzenledigi-baba-olma-sanati-seminerinin-kapanis-toreni-gerceklestirildi\/","og_site_name":"T\u00fcrkiye Diyanet Vakf\u0131 Resmi Web Sitesi","article_publisher":"https:\/\/www.facebook.com\/Diyanetvakfi\/","article_published_time":"2024-12-14T08:35:35+00:00","article_modified_time":"2024-12-16T06:46:30+00:00","og_image":[{"width":1294,"height":768,"url":"https:\/\/tdv.org\/tr-TR\/wp-content\/uploads\/2024\/12\/tdv-kagemin-duzenledigi-baba-olma-sanati-seminerinin-kapanis-toreni-gerceklestirildi-14.jpg","type":"image\/jpeg"}],"author":"Selim","twitter_card":"summary_large_image","twitter_creator":"@DiyanetVakfi","twitter_site":"@DiyanetVakfi","schema":{"@context":"https:\/\/schema.org","@graph":[{"@type":"Article","@id":"https:\/\/tdv.org\/tr-TR\/tdv-kagemin-duzenledigi-baba-olma-sanati-seminerinin-kapanis-toreni-gerceklestirildi\/#article","isPartOf":{"@id":"https:\/\/tdv.org\/tr-TR\/tdv-kagemin-duzenledigi-baba-olma-sanati-seminerinin-kapanis-toreni-gerceklestirildi\/"},"author":{"name":"Selim","@id":"https:\/\/tdv.org\/tr-TR\/#\/schema\/person\/752b55e264a99273d55636516d96d5eb"},"headline":"TDV KAGEM&#8217;in d\u00fczenledi\u011fi \u201cBaba Olma Sanat\u0131\u201d seminerinin kapan\u0131\u015f t\u00f6reni ger\u00e7ekle\u015ftirildi","datePublished":"2024-12-14T08:35:35+00:00","dateModified":"2024-12-16T06:46:30+00:00","mainEntityOfPage":{"@id":"https:\/\/tdv.org\/tr-TR\/tdv-kagemin-duzenledigi-baba-olma-sanati-seminerinin-kapanis-toreni-gerceklestirildi\/"},"wordCount":866,"publisher":{"@id":"https:\/\/tdv.org\/tr-TR\/#organization"},"image":{"@id":"https:\/\/tdv.org\/tr-TR\/tdv-kagemin-duzenledigi-baba-olma-sanati-seminerinin-kapanis-toreni-gerceklestirildi\/#primaryimage"},"thumbnailUrl":"https:\/\/tdv.org\/tr-TR\/wp-content\/uploads\/2024\/12\/tdv-kagemin-duzenledigi-baba-olma-sanati-seminerinin-kapanis-toreni-gerceklestirildi-14.jpg","keywords":["Anne Baba Okulu","Kagem","TDV KAGEM","T\u00fcrkiye Diyanet Vakf\u0131 Genel M\u00fcd\u00fcr\u00fc \u0130zani Turan"],"articleSection":["Haberler","KAGEM Haberler"],"inLanguage":"tr"},{"@type":"WebPage","@id":"https:\/\/tdv.org\/tr-TR\/tdv-kagemin-duzenledigi-baba-olma-sanati-seminerinin-kapanis-toreni-gerceklestirildi\/","url":"https:\/\/tdv.org\/tr-TR\/tdv-kagemin-duzenledigi-baba-olma-sanati-seminerinin-kapanis-toreni-gerceklestirildi\/","name":"TDV KAGEM'in d\u00fczenledi\u011fi \u201cBaba Olma Sanat\u0131\u201d seminerinin kapan\u0131\u015f t\u00f6reni ger\u00e7ekle\u015ftirildi","isPartOf":{"@id":"https:\/\/tdv.org\/tr-TR\/#website"},"primaryImageOfPage":{"@id":"https:\/\/tdv.org\/tr-TR\/tdv-kagemin-duzenledigi-baba-olma-sanati-seminerinin-kapanis-toreni-gerceklestirildi\/#primaryimage"},"image":{"@id":"https:\/\/tdv.org\/tr-TR\/tdv-kagemin-duzenledigi-baba-olma-sanati-seminerinin-kapanis-toreni-gerceklestirildi\/#primaryimage"},"thumbnailUrl":"https:\/\/tdv.org\/tr-TR\/wp-content\/uploads\/2024\/12\/tdv-kagemin-duzenledigi-baba-olma-sanati-seminerinin-kapanis-toreni-gerceklestirildi-14.jpg","datePublished":"2024-12-14T08:35:35+00:00","dateModified":"2024-12-16T06:46:30+00:00","description":"T\u00fcrkiye Diyanet Vakf\u0131 (TDV) Kad\u0131n Aile ve Gen\u00e7lik Merkezi (KAGEM) taraf\u0131ndan d\u00fczenlenen \u201cBaba Olma Sanat\u0131\u201d seminerinin sertifika takdim etme ve kapan\u0131\u015f program\u0131 ger\u00e7ekle\u015ftirildi.","breadcrumb":{"@id":"https:\/\/tdv.org\/tr-TR\/tdv-kagemin-duzenledigi-baba-olma-sanati-seminerinin-kapanis-toreni-gerceklestirildi\/#breadcrumb"},"inLanguage":"tr","potentialAction":[{"@type":"ReadAction","target":["https:\/\/tdv.org\/tr-TR\/tdv-kagemin-duzenledigi-baba-olma-sanati-seminerinin-kapanis-toreni-gerceklestirildi\/"]}]},{"@type":"ImageObject","inLanguage":"tr","@id":"https:\/\/tdv.org\/tr-TR\/tdv-kagemin-duzenledigi-baba-olma-sanati-seminerinin-kapanis-toreni-gerceklestirildi\/#primaryimage","url":"https:\/\/tdv.org\/tr-TR\/wp-content\/uploads\/2024\/12\/tdv-kagemin-duzenledigi-baba-olma-sanati-seminerinin-kapanis-toreni-gerceklestirildi-14.jpg","contentUrl":"https:\/\/tdv.org\/tr-TR\/wp-content\/uploads\/2024\/12\/tdv-kagemin-duzenledigi-baba-olma-sanati-seminerinin-kapanis-toreni-gerceklestirildi-14.jpg","width":1294,"height":768},{"@type":"BreadcrumbList","@id":"https:\/\/tdv.org\/tr-TR\/tdv-kagemin-duzenledigi-baba-olma-sanati-seminerinin-kapanis-toreni-gerceklestirildi\/#breadcrumb","itemListElement":[{"@type":"ListItem","position":1,"name":"Anasayfa","item":"https:\/\/tdv.org\/tr-TR\/"},{"@type":"ListItem","position":2,"name":"TDV KAGEM&#8217;in d\u00fczenledi\u011fi \u201cBaba Olma Sanat\u0131\u201d seminerinin kapan\u0131\u015f t\u00f6reni ger\u00e7ekle\u015ftirildi"}]},{"@type":"WebSite","@id":"https:\/\/tdv.org\/tr-TR\/#website","url":"https:\/\/tdv.org\/tr-TR\/","name":"T\u00fcrkiye Diyanet Vakf\u0131 Resmi Web Sitesi","description":"Yery\u00fcz\u00fcnde iyilik egemen oluncaya kadar","publisher":{"@id":"https:\/\/tdv.org\/tr-TR\/#organization"},"alternateName":"T\u00fcrkiye Diyanet Vakf\u0131","potentialAction":[{"@type":"SearchAction","target":{"@type":"EntryPoint","urlTemplate":"https:\/\/tdv.org\/tr-TR\/?s={search_term_string}"},"query-input":{"@type":"PropertyValueSpecification","valueRequired":true,"valueName":"search_term_string"}}],"inLanguage":"tr"},{"@type":"Organization","@id":"https:\/\/tdv.org\/tr-TR\/#organization","name":"T\u00fcrkiye Diyanet Vakf\u0131","alternateName":"T\u00fcrkiye Diyanet Vakf\u0131","url":"https:\/\/tdv.org\/tr-TR\/","logo":{"@type":"ImageObject","inLanguage":"tr","@id":"https:\/\/tdv.org\/tr-TR\/#\/schema\/logo\/image\/","url":"https:\/\/tdv.org\/tr-TR\/wp-content\/uploads\/2018\/12\/TDV_Logo_1.png","contentUrl":"https:\/\/tdv.org\/tr-TR\/wp-content\/uploads\/2018\/12\/TDV_Logo_1.png","width":207,"height":71,"caption":"T\u00fcrkiye Diyanet Vakf\u0131"},"image":{"@id":"https:\/\/tdv.org\/tr-TR\/#\/schema\/logo\/image\/"},"sameAs":["https:\/\/www.facebook.com\/Diyanetvakfi\/","https:\/\/x.com\/DiyanetVakfi","https:\/\/www.instagram.com\/turkiyediyanetvakfi\/","https:\/\/www.youtube.com\/user\/TurkiyeDiyanetVakfi"]},{"@type":"Person","@id":"https:\/\/tdv.org\/tr-TR\/#\/schema\/person\/752b55e264a99273d55636516d96d5eb","name":"Selim","image":{"@type":"ImageObject","inLanguage":"tr","@id":"https:\/\/tdv.org\/tr-TR\/wp-content\/litespeed\/avatar\/a1e47b25396e98e5b781e88a5396cd96.jpg?ver=1777287391","url":"https:\/\/tdv.org\/tr-TR\/wp-content\/litespeed\/avatar\/a1e47b25396e98e5b781e88a5396cd96.jpg?ver=1777287391","contentUrl":"https:\/\/tdv.org\/tr-TR\/wp-content\/litespeed\/avatar\/a1e47b25396e98e5b781e88a5396cd96.jpg?ver=1777287391","caption":"Selim"}}]}},"_links":{"self":[{"href":"https:\/\/tdv.org\/tr-TR\/wp-json\/wp\/v2\/posts\/47572","targetHints":{"allow":["GET"]}}],"collection":[{"href":"https:\/\/tdv.org\/tr-TR\/wp-json\/wp\/v2\/posts"}],"about":[{"href":"https:\/\/tdv.org\/tr-TR\/wp-json\/wp\/v2\/types\/post"}],"author":[{"embeddable":true,"href":"https:\/\/tdv.org\/tr-TR\/wp-json\/wp\/v2\/users\/8"}],"replies":[{"embeddable":true,"href":"https:\/\/tdv.org\/tr-TR\/wp-json\/wp\/v2\/comments?post=47572"}],"version-history":[{"count":3,"href":"https:\/\/tdv.org\/tr-TR\/wp-json\/wp\/v2\/posts\/47572\/revisions"}],"predecessor-version":[{"id":47594,"href":"https:\/\/tdv.org\/tr-TR\/wp-json\/wp\/v2\/posts\/47572\/revisions\/47594"}],"wp:featuredmedia":[{"embeddable":true,"href":"https:\/\/tdv.org\/tr-TR\/wp-json\/wp\/v2\/media\/47575"}],"wp:attachment":[{"href":"https:\/\/tdv.org\/tr-TR\/wp-json\/wp\/v2\/media?parent=47572"}],"wp:term":[{"taxonomy":"category","embeddable":true,"href":"https:\/\/tdv.org\/tr-TR\/wp-json\/wp\/v2\/categories?post=47572"},{"taxonomy":"post_tag","embeddable":true,"href":"https:\/\/tdv.org\/tr-TR\/wp-json\/wp\/v2\/tags?post=47572"}],"curies":[{"name":"wp","href":"https:\/\/api.w.org\/{rel}","templated":true}]}}