{"id":47678,"date":"2024-12-18T08:42:43","date_gmt":"2024-12-18T05:42:43","guid":{"rendered":"https:\/\/tdv.org\/tr-TR\/?p=47678"},"modified":"2024-12-19T09:01:59","modified_gmt":"2024-12-19T06:01:59","slug":"turkiye-diyanet-vakfi-20-ilde-1500den-fazla-yetimi-sevindirdi","status":"publish","type":"post","link":"https:\/\/tdv.org\/tr-TR\/turkiye-diyanet-vakfi-20-ilde-1500den-fazla-yetimi-sevindirdi\/","title":{"rendered":"T\u00fcrkiye Diyanet Vakf\u0131, 20 ilde 1500\u2019den fazla yetimi sevindirdi"},"content":{"rendered":"[vc_row type=&#8221;in_container&#8221; full_screen_row_position=&#8221;middle&#8221; scene_position=&#8221;center&#8221; text_color=&#8221;dark&#8221; text_align=&#8221;left&#8221; overlay_strength=&#8221;0.3&#8243; shape_divider_position=&#8221;bottom&#8221; bg_image_animation=&#8221;none&#8221;][vc_column column_padding=&#8221;no-extra-padding&#8221; column_padding_position=&#8221;all&#8221; background_color_opacity=&#8221;1&#8243; background_hover_color_opacity=&#8221;1&#8243; column_link_target=&#8221;_self&#8221; column_shadow=&#8221;none&#8221; column_border_radius=&#8221;none&#8221; width=&#8221;1\/1&#8243; tablet_width_inherit=&#8221;default&#8221; tablet_text_alignment=&#8221;default&#8221; phone_text_alignment=&#8221;default&#8221; column_border_width=&#8221;none&#8221; column_border_style=&#8221;solid&#8221; bg_image_animation=&#8221;none&#8221;][vc_column_text]\n<p style=\"text-align: justify;\"><a href=\"https:\/\/tdv.org\/tr-TR\" target=\"_blank\" rel=\"noopener\">T\u00fcrkiye Diyanet Vakf\u0131nca (TDV)<\/a>, Kahramanmara\u015f&#8217;ta <a href=\"https:\/\/bagis.tdv.org\/bagis\/projeler\/kis-bayrami\/134\" target=\"_blank\" rel=\"noopener\">&#8220;K\u0131\u015f Bayram\u0131 Projesi&#8221;<\/a> kapsam\u0131nda 62 <a href=\"https:\/\/bagis.tdv.org\/#yetim\" target=\"_blank\" rel=\"noopener\">yetim<\/a> \u00e7ocu\u011fa k\u0131yafet deste\u011finde bulunuldu.<\/p>\n<p style=\"text-align: justify;\">Kentte bir al\u0131\u015fveri\u015f merkezindeki ma\u011fazada bir araya gelen TDV yetkilileri ve g\u00f6n\u00fcll\u00fcleri, burada k\u0131\u015fl\u0131k k\u0131yafetleri isteklerine g\u00f6re se\u00e7en \u00e7ocuklara yard\u0131mc\u0131 oldu.<\/p>\n<p style=\"text-align: justify;\">\u0130l M\u00fcft\u00fc Yard\u0131mc\u0131s\u0131 Song\u00fcl Haktan, gazetecilere, <a href=\"https:\/\/bagis.tdv.org\/#yetim\" target=\"_blank\" rel=\"noopener\">yetimleri<\/a> giydirip y\u00fczlerini g\u00fcld\u00fcrmek i\u00e7in bir araya geldiklerini s\u00f6yledi.<\/p>\n<p style=\"text-align: justify;\">TDV taraf\u0131ndan hayata ge\u00e7irilen <a href=\"https:\/\/bagis.tdv.org\/bagis\/projeler\/kis-bayrami\/134\" target=\"_blank\" rel=\"noopener\">&#8220;K\u0131\u015f Bayram\u0131 Projesi&#8221;<\/a> kapsam\u0131nda 20 ilde 1500 yetim \u00e7ocu\u011fa ula\u015f\u0131ld\u0131\u011f\u0131n\u0131 anlatan Haktan, \u015f\u00f6yle konu\u015ftu:<\/p>\n<p style=\"text-align: justify;\">&#8220;T\u00fcrkiye Diyanet Vakf\u0131n\u0131n <a href=\"https:\/\/bagis.tdv.org\/bagis\/projeler\/kis-bayrami\/134\" target=\"_blank\" rel=\"noopener\">&#8216;K\u0131\u015f Bayram\u0131 Projesi&#8217;<\/a> ve M\u00fcft\u00fcl\u00fc\u011f\u00fcm\u00fcz\u00fcn <a href=\"https:\/\/tdv.org\/tr-TR\/faaliyetlerimiz\/yetim\/\" target=\"_blank\" rel=\"noopener\">&#8216;Unutursan Yetim Kal\u0131r&#8217;<\/a> projemiz kapsam\u0131nda 62 yetimimizin k\u0131\u015fl\u0131k ihtiya\u00e7lar\u0131n\u0131 kar\u015f\u0131lad\u0131k. \u015eimdi de yetim \u00e7ocuklar\u0131m\u0131zla m\u00fcft\u00fcl\u00fck hizmet binam\u0131zda bir araya geldik ve onlar i\u00e7in ufak konser etkinli\u011fi oldu. G\u00f6n\u00fcll\u00fclerimiz, kad\u0131n ve gen\u00e7lik kollar\u0131m\u0131zla bu tarz etkinlerimizi her zaman devam ettirece\u011fiz. Yetimlerimizin y\u00fczlerini g\u00fcld\u00fcrmeye \u00e7al\u0131\u015f\u0131yoruz. \u0130htiya\u00e7 sahibi vatanda\u015flar\u0131m\u0131z ve yetim \u00e7ocuklar\u0131m\u0131z\u0131n y\u00fczlerini g\u00fcld\u00fcrmek i\u00e7in gayretimiz devam edecek.&#8221;<\/p>\n<p style=\"text-align: justify;\">K\u0131yafet da\u011f\u0131t\u0131m etkinli\u011finin ard\u0131ndan rap sanat\u00e7\u0131s\u0131 Resul Aydemir, yetim \u00e7ocuklara baz\u0131 par\u00e7alar\u0131n\u0131 seslendirdi.<\/p>\n<p style=\"text-align: justify;\">Aydemir, \u00e7ocuklara &#8220;S\u00fcpermen ve Spiderman&#8221; gibi yabanc\u0131 karakterler yerine Seyit Onba\u015f\u0131, Fatih Sultan Mehmet, Harezmi, \u0130bn-i Sina ve El Cezeri gibi kahramanlar\u0131 \u00f6rnek almalar\u0131n\u0131 tavsiye etti.<\/p>\n[\/vc_column_text][vc_video link=&#8221;https:\/\/youtu.be\/Ttuxl_DQQSQ?si=g7lguwNhC_5lGNSt&#8221; align=&#8221;center&#8221;][vc_column_text]\n\n\t\t<style type=\"text\/css\">\n\t\t\t#gallery-1 {\n\t\t\t\tmargin: auto;\n\t\t\t}\n\t\t\t#gallery-1 .gallery-item {\n\t\t\t\tfloat: left;\n\t\t\t\tmargin-top: 10px;\n\t\t\t\ttext-align: center;\n\t\t\t\twidth: 33%;\n\t\t\t}\n\t\t\t#gallery-1 img {\n\t\t\t\tborder: 2px solid #cfcfcf;\n\t\t\t}\n\t\t\t#gallery-1 .gallery-caption {\n\t\t\t\tmargin-left: 0;\n\t\t\t}\n\t\t\t\/* see gallery_shortcode() in wp-includes\/media.php *\/\n\t\t<\/style>\n\t\t<div id='gallery-1' class='gallery galleryid-47678 gallery-columns-3 gallery-size-full'><dl class='gallery-item'>\n\t\t\t<dt class='gallery-icon landscape'>\n\t\t\t\t<a href='https:\/\/tdv.org\/tr-TR\/wp-content\/uploads\/2024\/12\/turkiye-diyanet-vakfi-kahramanmarasta-62-yetim-cocugu-sevindirdi-22.jpg'><img decoding=\"async\" width=\"1152\" height=\"768\" src=\"https:\/\/tdv.org\/tr-TR\/wp-content\/uploads\/2024\/12\/turkiye-diyanet-vakfi-kahramanmarasta-62-yetim-cocugu-sevindirdi-22.jpg\" class=\"attachment-full size-full\" alt=\"\" srcset=\"https:\/\/tdv.org\/tr-TR\/wp-content\/uploads\/2024\/12\/turkiye-diyanet-vakfi-kahramanmarasta-62-yetim-cocugu-sevindirdi-22.jpg 1152w, https:\/\/tdv.org\/tr-TR\/wp-content\/uploads\/2024\/12\/turkiye-diyanet-vakfi-kahramanmarasta-62-yetim-cocugu-sevindirdi-22-300x200.jpg 300w, https:\/\/tdv.org\/tr-TR\/wp-content\/uploads\/2024\/12\/turkiye-diyanet-vakfi-kahramanmarasta-62-yetim-cocugu-sevindirdi-22-1024x683.jpg 1024w, https:\/\/tdv.org\/tr-TR\/wp-content\/uploads\/2024\/12\/turkiye-diyanet-vakfi-kahramanmarasta-62-yetim-cocugu-sevindirdi-22-768x512.jpg 768w, https:\/\/tdv.org\/tr-TR\/wp-content\/uploads\/2024\/12\/turkiye-diyanet-vakfi-kahramanmarasta-62-yetim-cocugu-sevindirdi-22-900x600.jpg 900w\" sizes=\"(max-width: 1152px) 100vw, 1152px\" \/><\/a>\n\t\t\t<\/dt><\/dl><dl class='gallery-item'>\n\t\t\t<dt class='gallery-icon landscape'>\n\t\t\t\t<a href='https:\/\/tdv.org\/tr-TR\/wp-content\/uploads\/2024\/12\/turkiye-diyanet-vakfi-kahramanmarasta-62-yetim-cocugu-sevindirdi-23.jpg'><img decoding=\"async\" width=\"1152\" height=\"768\" src=\"https:\/\/tdv.org\/tr-TR\/wp-content\/uploads\/2024\/12\/turkiye-diyanet-vakfi-kahramanmarasta-62-yetim-cocugu-sevindirdi-23.jpg\" class=\"attachment-full size-full\" alt=\"\" srcset=\"https:\/\/tdv.org\/tr-TR\/wp-content\/uploads\/2024\/12\/turkiye-diyanet-vakfi-kahramanmarasta-62-yetim-cocugu-sevindirdi-23.jpg 1152w, https:\/\/tdv.org\/tr-TR\/wp-content\/uploads\/2024\/12\/turkiye-diyanet-vakfi-kahramanmarasta-62-yetim-cocugu-sevindirdi-23-300x200.jpg 300w, https:\/\/tdv.org\/tr-TR\/wp-content\/uploads\/2024\/12\/turkiye-diyanet-vakfi-kahramanmarasta-62-yetim-cocugu-sevindirdi-23-1024x683.jpg 1024w, https:\/\/tdv.org\/tr-TR\/wp-content\/uploads\/2024\/12\/turkiye-diyanet-vakfi-kahramanmarasta-62-yetim-cocugu-sevindirdi-23-768x512.jpg 768w, https:\/\/tdv.org\/tr-TR\/wp-content\/uploads\/2024\/12\/turkiye-diyanet-vakfi-kahramanmarasta-62-yetim-cocugu-sevindirdi-23-900x600.jpg 900w\" sizes=\"(max-width: 1152px) 100vw, 1152px\" \/><\/a>\n\t\t\t<\/dt><\/dl><dl class='gallery-item'>\n\t\t\t<dt class='gallery-icon landscape'>\n\t\t\t\t<a href='https:\/\/tdv.org\/tr-TR\/wp-content\/uploads\/2024\/12\/turkiye-diyanet-vakfi-kahramanmarasta-62-yetim-cocugu-sevindirdi-24.jpg'><img decoding=\"async\" width=\"1152\" height=\"768\" src=\"https:\/\/tdv.org\/tr-TR\/wp-content\/uploads\/2024\/12\/turkiye-diyanet-vakfi-kahramanmarasta-62-yetim-cocugu-sevindirdi-24.jpg\" class=\"attachment-full size-full\" alt=\"\" srcset=\"https:\/\/tdv.org\/tr-TR\/wp-content\/uploads\/2024\/12\/turkiye-diyanet-vakfi-kahramanmarasta-62-yetim-cocugu-sevindirdi-24.jpg 1152w, https:\/\/tdv.org\/tr-TR\/wp-content\/uploads\/2024\/12\/turkiye-diyanet-vakfi-kahramanmarasta-62-yetim-cocugu-sevindirdi-24-300x200.jpg 300w, https:\/\/tdv.org\/tr-TR\/wp-content\/uploads\/2024\/12\/turkiye-diyanet-vakfi-kahramanmarasta-62-yetim-cocugu-sevindirdi-24-1024x683.jpg 1024w, https:\/\/tdv.org\/tr-TR\/wp-content\/uploads\/2024\/12\/turkiye-diyanet-vakfi-kahramanmarasta-62-yetim-cocugu-sevindirdi-24-768x512.jpg 768w, https:\/\/tdv.org\/tr-TR\/wp-content\/uploads\/2024\/12\/turkiye-diyanet-vakfi-kahramanmarasta-62-yetim-cocugu-sevindirdi-24-900x600.jpg 900w\" sizes=\"(max-width: 1152px) 100vw, 1152px\" \/><\/a>\n\t\t\t<\/dt><\/dl><br style=\"clear: both\" \/><dl class='gallery-item'>\n\t\t\t<dt class='gallery-icon landscape'>\n\t\t\t\t<a href='https:\/\/tdv.org\/tr-TR\/wp-content\/uploads\/2024\/12\/turkiye-diyanet-vakfi-kahramanmarasta-62-yetim-cocugu-sevindirdi-25.jpg'><img decoding=\"async\" width=\"1152\" height=\"768\" src=\"https:\/\/tdv.org\/tr-TR\/wp-content\/uploads\/2024\/12\/turkiye-diyanet-vakfi-kahramanmarasta-62-yetim-cocugu-sevindirdi-25.jpg\" class=\"attachment-full size-full\" alt=\"\" srcset=\"https:\/\/tdv.org\/tr-TR\/wp-content\/uploads\/2024\/12\/turkiye-diyanet-vakfi-kahramanmarasta-62-yetim-cocugu-sevindirdi-25.jpg 1152w, https:\/\/tdv.org\/tr-TR\/wp-content\/uploads\/2024\/12\/turkiye-diyanet-vakfi-kahramanmarasta-62-yetim-cocugu-sevindirdi-25-300x200.jpg 300w, https:\/\/tdv.org\/tr-TR\/wp-content\/uploads\/2024\/12\/turkiye-diyanet-vakfi-kahramanmarasta-62-yetim-cocugu-sevindirdi-25-1024x683.jpg 1024w, https:\/\/tdv.org\/tr-TR\/wp-content\/uploads\/2024\/12\/turkiye-diyanet-vakfi-kahramanmarasta-62-yetim-cocugu-sevindirdi-25-768x512.jpg 768w, https:\/\/tdv.org\/tr-TR\/wp-content\/uploads\/2024\/12\/turkiye-diyanet-vakfi-kahramanmarasta-62-yetim-cocugu-sevindirdi-25-900x600.jpg 900w\" sizes=\"(max-width: 1152px) 100vw, 1152px\" \/><\/a>\n\t\t\t<\/dt><\/dl><dl class='gallery-item'>\n\t\t\t<dt class='gallery-icon landscape'>\n\t\t\t\t<a href='https:\/\/tdv.org\/tr-TR\/wp-content\/uploads\/2024\/12\/turkiye-diyanet-vakfi-kahramanmarasta-62-yetim-cocugu-sevindirdi-9.jpg'><img decoding=\"async\" width=\"1152\" height=\"768\" src=\"https:\/\/tdv.org\/tr-TR\/wp-content\/uploads\/2024\/12\/turkiye-diyanet-vakfi-kahramanmarasta-62-yetim-cocugu-sevindirdi-9.jpg\" class=\"attachment-full size-full\" alt=\"\" srcset=\"https:\/\/tdv.org\/tr-TR\/wp-content\/uploads\/2024\/12\/turkiye-diyanet-vakfi-kahramanmarasta-62-yetim-cocugu-sevindirdi-9.jpg 1152w, https:\/\/tdv.org\/tr-TR\/wp-content\/uploads\/2024\/12\/turkiye-diyanet-vakfi-kahramanmarasta-62-yetim-cocugu-sevindirdi-9-300x200.jpg 300w, https:\/\/tdv.org\/tr-TR\/wp-content\/uploads\/2024\/12\/turkiye-diyanet-vakfi-kahramanmarasta-62-yetim-cocugu-sevindirdi-9-1024x683.jpg 1024w, https:\/\/tdv.org\/tr-TR\/wp-content\/uploads\/2024\/12\/turkiye-diyanet-vakfi-kahramanmarasta-62-yetim-cocugu-sevindirdi-9-768x512.jpg 768w, https:\/\/tdv.org\/tr-TR\/wp-content\/uploads\/2024\/12\/turkiye-diyanet-vakfi-kahramanmarasta-62-yetim-cocugu-sevindirdi-9-900x600.jpg 900w\" sizes=\"(max-width: 1152px) 100vw, 1152px\" \/><\/a>\n\t\t\t<\/dt><\/dl><dl class='gallery-item'>\n\t\t\t<dt class='gallery-icon landscape'>\n\t\t\t\t<a href='https:\/\/tdv.org\/tr-TR\/wp-content\/uploads\/2024\/12\/turkiye-diyanet-vakfi-kahramanmarasta-62-yetim-cocugu-sevindirdi-26.jpg'><img decoding=\"async\" width=\"1152\" height=\"768\" src=\"https:\/\/tdv.org\/tr-TR\/wp-content\/uploads\/2024\/12\/turkiye-diyanet-vakfi-kahramanmarasta-62-yetim-cocugu-sevindirdi-26.jpg\" class=\"attachment-full size-full\" alt=\"\" srcset=\"https:\/\/tdv.org\/tr-TR\/wp-content\/uploads\/2024\/12\/turkiye-diyanet-vakfi-kahramanmarasta-62-yetim-cocugu-sevindirdi-26.jpg 1152w, https:\/\/tdv.org\/tr-TR\/wp-content\/uploads\/2024\/12\/turkiye-diyanet-vakfi-kahramanmarasta-62-yetim-cocugu-sevindirdi-26-300x200.jpg 300w, https:\/\/tdv.org\/tr-TR\/wp-content\/uploads\/2024\/12\/turkiye-diyanet-vakfi-kahramanmarasta-62-yetim-cocugu-sevindirdi-26-1024x683.jpg 1024w, https:\/\/tdv.org\/tr-TR\/wp-content\/uploads\/2024\/12\/turkiye-diyanet-vakfi-kahramanmarasta-62-yetim-cocugu-sevindirdi-26-768x512.jpg 768w, https:\/\/tdv.org\/tr-TR\/wp-content\/uploads\/2024\/12\/turkiye-diyanet-vakfi-kahramanmarasta-62-yetim-cocugu-sevindirdi-26-900x600.jpg 900w\" sizes=\"(max-width: 1152px) 100vw, 1152px\" \/><\/a>\n\t\t\t<\/dt><\/dl><br style=\"clear: both\" \/><dl class='gallery-item'>\n\t\t\t<dt class='gallery-icon landscape'>\n\t\t\t\t<a href='https:\/\/tdv.org\/tr-TR\/wp-content\/uploads\/2024\/12\/turkiye-diyanet-vakfi-kahramanmarasta-62-yetim-cocugu-sevindirdi-14.jpg'><img decoding=\"async\" width=\"1152\" height=\"768\" src=\"https:\/\/tdv.org\/tr-TR\/wp-content\/uploads\/2024\/12\/turkiye-diyanet-vakfi-kahramanmarasta-62-yetim-cocugu-sevindirdi-14.jpg\" class=\"attachment-full size-full\" alt=\"\" srcset=\"https:\/\/tdv.org\/tr-TR\/wp-content\/uploads\/2024\/12\/turkiye-diyanet-vakfi-kahramanmarasta-62-yetim-cocugu-sevindirdi-14.jpg 1152w, https:\/\/tdv.org\/tr-TR\/wp-content\/uploads\/2024\/12\/turkiye-diyanet-vakfi-kahramanmarasta-62-yetim-cocugu-sevindirdi-14-300x200.jpg 300w, https:\/\/tdv.org\/tr-TR\/wp-content\/uploads\/2024\/12\/turkiye-diyanet-vakfi-kahramanmarasta-62-yetim-cocugu-sevindirdi-14-1024x683.jpg 1024w, https:\/\/tdv.org\/tr-TR\/wp-content\/uploads\/2024\/12\/turkiye-diyanet-vakfi-kahramanmarasta-62-yetim-cocugu-sevindirdi-14-768x512.jpg 768w, https:\/\/tdv.org\/tr-TR\/wp-content\/uploads\/2024\/12\/turkiye-diyanet-vakfi-kahramanmarasta-62-yetim-cocugu-sevindirdi-14-900x600.jpg 900w\" sizes=\"(max-width: 1152px) 100vw, 1152px\" \/><\/a>\n\t\t\t<\/dt><\/dl><dl class='gallery-item'>\n\t\t\t<dt class='gallery-icon landscape'>\n\t\t\t\t<a href='https:\/\/tdv.org\/tr-TR\/wp-content\/uploads\/2024\/12\/turkiye-diyanet-vakfi-kahramanmarasta-62-yetim-cocugu-sevindirdi-16.jpg'><img decoding=\"async\" width=\"1152\" height=\"768\" src=\"https:\/\/tdv.org\/tr-TR\/wp-content\/uploads\/2024\/12\/turkiye-diyanet-vakfi-kahramanmarasta-62-yetim-cocugu-sevindirdi-16.jpg\" class=\"attachment-full size-full\" alt=\"\" srcset=\"https:\/\/tdv.org\/tr-TR\/wp-content\/uploads\/2024\/12\/turkiye-diyanet-vakfi-kahramanmarasta-62-yetim-cocugu-sevindirdi-16.jpg 1152w, https:\/\/tdv.org\/tr-TR\/wp-content\/uploads\/2024\/12\/turkiye-diyanet-vakfi-kahramanmarasta-62-yetim-cocugu-sevindirdi-16-300x200.jpg 300w, https:\/\/tdv.org\/tr-TR\/wp-content\/uploads\/2024\/12\/turkiye-diyanet-vakfi-kahramanmarasta-62-yetim-cocugu-sevindirdi-16-1024x683.jpg 1024w, https:\/\/tdv.org\/tr-TR\/wp-content\/uploads\/2024\/12\/turkiye-diyanet-vakfi-kahramanmarasta-62-yetim-cocugu-sevindirdi-16-768x512.jpg 768w, https:\/\/tdv.org\/tr-TR\/wp-content\/uploads\/2024\/12\/turkiye-diyanet-vakfi-kahramanmarasta-62-yetim-cocugu-sevindirdi-16-900x600.jpg 900w\" sizes=\"(max-width: 1152px) 100vw, 1152px\" \/><\/a>\n\t\t\t<\/dt><\/dl><dl class='gallery-item'>\n\t\t\t<dt class='gallery-icon landscape'>\n\t\t\t\t<a href='https:\/\/tdv.org\/tr-TR\/wp-content\/uploads\/2024\/12\/turkiye-diyanet-vakfi-kahramanmarasta-62-yetim-cocugu-sevindirdi-17.jpg'><img decoding=\"async\" width=\"1152\" height=\"768\" src=\"https:\/\/tdv.org\/tr-TR\/wp-content\/uploads\/2024\/12\/turkiye-diyanet-vakfi-kahramanmarasta-62-yetim-cocugu-sevindirdi-17.jpg\" class=\"attachment-full size-full\" alt=\"\" srcset=\"https:\/\/tdv.org\/tr-TR\/wp-content\/uploads\/2024\/12\/turkiye-diyanet-vakfi-kahramanmarasta-62-yetim-cocugu-sevindirdi-17.jpg 1152w, https:\/\/tdv.org\/tr-TR\/wp-content\/uploads\/2024\/12\/turkiye-diyanet-vakfi-kahramanmarasta-62-yetim-cocugu-sevindirdi-17-300x200.jpg 300w, https:\/\/tdv.org\/tr-TR\/wp-content\/uploads\/2024\/12\/turkiye-diyanet-vakfi-kahramanmarasta-62-yetim-cocugu-sevindirdi-17-1024x683.jpg 1024w, https:\/\/tdv.org\/tr-TR\/wp-content\/uploads\/2024\/12\/turkiye-diyanet-vakfi-kahramanmarasta-62-yetim-cocugu-sevindirdi-17-768x512.jpg 768w, https:\/\/tdv.org\/tr-TR\/wp-content\/uploads\/2024\/12\/turkiye-diyanet-vakfi-kahramanmarasta-62-yetim-cocugu-sevindirdi-17-900x600.jpg 900w\" sizes=\"(max-width: 1152px) 100vw, 1152px\" \/><\/a>\n\t\t\t<\/dt><\/dl><br style=\"clear: both\" \/><dl class='gallery-item'>\n\t\t\t<dt class='gallery-icon landscape'>\n\t\t\t\t<a href='https:\/\/tdv.org\/tr-TR\/wp-content\/uploads\/2024\/12\/turkiye-diyanet-vakfi-kahramanmarasta-62-yetim-cocugu-sevindirdi-18.jpg'><img decoding=\"async\" width=\"1152\" height=\"768\" src=\"https:\/\/tdv.org\/tr-TR\/wp-content\/uploads\/2024\/12\/turkiye-diyanet-vakfi-kahramanmarasta-62-yetim-cocugu-sevindirdi-18.jpg\" class=\"attachment-full size-full\" alt=\"\" srcset=\"https:\/\/tdv.org\/tr-TR\/wp-content\/uploads\/2024\/12\/turkiye-diyanet-vakfi-kahramanmarasta-62-yetim-cocugu-sevindirdi-18.jpg 1152w, https:\/\/tdv.org\/tr-TR\/wp-content\/uploads\/2024\/12\/turkiye-diyanet-vakfi-kahramanmarasta-62-yetim-cocugu-sevindirdi-18-300x200.jpg 300w, https:\/\/tdv.org\/tr-TR\/wp-content\/uploads\/2024\/12\/turkiye-diyanet-vakfi-kahramanmarasta-62-yetim-cocugu-sevindirdi-18-1024x683.jpg 1024w, https:\/\/tdv.org\/tr-TR\/wp-content\/uploads\/2024\/12\/turkiye-diyanet-vakfi-kahramanmarasta-62-yetim-cocugu-sevindirdi-18-768x512.jpg 768w, https:\/\/tdv.org\/tr-TR\/wp-content\/uploads\/2024\/12\/turkiye-diyanet-vakfi-kahramanmarasta-62-yetim-cocugu-sevindirdi-18-900x600.jpg 900w\" sizes=\"(max-width: 1152px) 100vw, 1152px\" \/><\/a>\n\t\t\t<\/dt><\/dl><dl class='gallery-item'>\n\t\t\t<dt class='gallery-icon landscape'>\n\t\t\t\t<a href='https:\/\/tdv.org\/tr-TR\/wp-content\/uploads\/2024\/12\/turkiye-diyanet-vakfi-kahramanmarasta-62-yetim-cocugu-sevindirdi-19.jpg'><img decoding=\"async\" width=\"1152\" height=\"768\" src=\"https:\/\/tdv.org\/tr-TR\/wp-content\/uploads\/2024\/12\/turkiye-diyanet-vakfi-kahramanmarasta-62-yetim-cocugu-sevindirdi-19.jpg\" class=\"attachment-full size-full\" alt=\"\" srcset=\"https:\/\/tdv.org\/tr-TR\/wp-content\/uploads\/2024\/12\/turkiye-diyanet-vakfi-kahramanmarasta-62-yetim-cocugu-sevindirdi-19.jpg 1152w, https:\/\/tdv.org\/tr-TR\/wp-content\/uploads\/2024\/12\/turkiye-diyanet-vakfi-kahramanmarasta-62-yetim-cocugu-sevindirdi-19-300x200.jpg 300w, https:\/\/tdv.org\/tr-TR\/wp-content\/uploads\/2024\/12\/turkiye-diyanet-vakfi-kahramanmarasta-62-yetim-cocugu-sevindirdi-19-1024x683.jpg 1024w, https:\/\/tdv.org\/tr-TR\/wp-content\/uploads\/2024\/12\/turkiye-diyanet-vakfi-kahramanmarasta-62-yetim-cocugu-sevindirdi-19-768x512.jpg 768w, https:\/\/tdv.org\/tr-TR\/wp-content\/uploads\/2024\/12\/turkiye-diyanet-vakfi-kahramanmarasta-62-yetim-cocugu-sevindirdi-19-900x600.jpg 900w\" sizes=\"(max-width: 1152px) 100vw, 1152px\" \/><\/a>\n\t\t\t<\/dt><\/dl><dl class='gallery-item'>\n\t\t\t<dt class='gallery-icon landscape'>\n\t\t\t\t<a href='https:\/\/tdv.org\/tr-TR\/wp-content\/uploads\/2024\/12\/turkiye-diyanet-vakfi-kahramanmarasta-62-yetim-cocugu-sevindirdi-20.jpg'><img decoding=\"async\" width=\"1152\" height=\"768\" src=\"https:\/\/tdv.org\/tr-TR\/wp-content\/uploads\/2024\/12\/turkiye-diyanet-vakfi-kahramanmarasta-62-yetim-cocugu-sevindirdi-20.jpg\" class=\"attachment-full size-full\" alt=\"\" srcset=\"https:\/\/tdv.org\/tr-TR\/wp-content\/uploads\/2024\/12\/turkiye-diyanet-vakfi-kahramanmarasta-62-yetim-cocugu-sevindirdi-20.jpg 1152w, https:\/\/tdv.org\/tr-TR\/wp-content\/uploads\/2024\/12\/turkiye-diyanet-vakfi-kahramanmarasta-62-yetim-cocugu-sevindirdi-20-300x200.jpg 300w, https:\/\/tdv.org\/tr-TR\/wp-content\/uploads\/2024\/12\/turkiye-diyanet-vakfi-kahramanmarasta-62-yetim-cocugu-sevindirdi-20-1024x683.jpg 1024w, https:\/\/tdv.org\/tr-TR\/wp-content\/uploads\/2024\/12\/turkiye-diyanet-vakfi-kahramanmarasta-62-yetim-cocugu-sevindirdi-20-768x512.jpg 768w, https:\/\/tdv.org\/tr-TR\/wp-content\/uploads\/2024\/12\/turkiye-diyanet-vakfi-kahramanmarasta-62-yetim-cocugu-sevindirdi-20-900x600.jpg 900w\" sizes=\"(max-width: 1152px) 100vw, 1152px\" \/><\/a>\n\t\t\t<\/dt><\/dl><br style=\"clear: both\" \/><dl class='gallery-item'>\n\t\t\t<dt class='gallery-icon landscape'>\n\t\t\t\t<a href='https:\/\/tdv.org\/tr-TR\/wp-content\/uploads\/2024\/12\/turkiye-diyanet-vakfi-kahramanmarasta-62-yetim-cocugu-sevindirdi-6.jpg'><img decoding=\"async\" width=\"1152\" height=\"768\" src=\"https:\/\/tdv.org\/tr-TR\/wp-content\/uploads\/2024\/12\/turkiye-diyanet-vakfi-kahramanmarasta-62-yetim-cocugu-sevindirdi-6.jpg\" class=\"attachment-full size-full\" alt=\"\" srcset=\"https:\/\/tdv.org\/tr-TR\/wp-content\/uploads\/2024\/12\/turkiye-diyanet-vakfi-kahramanmarasta-62-yetim-cocugu-sevindirdi-6.jpg 1152w, https:\/\/tdv.org\/tr-TR\/wp-content\/uploads\/2024\/12\/turkiye-diyanet-vakfi-kahramanmarasta-62-yetim-cocugu-sevindirdi-6-300x200.jpg 300w, https:\/\/tdv.org\/tr-TR\/wp-content\/uploads\/2024\/12\/turkiye-diyanet-vakfi-kahramanmarasta-62-yetim-cocugu-sevindirdi-6-1024x683.jpg 1024w, https:\/\/tdv.org\/tr-TR\/wp-content\/uploads\/2024\/12\/turkiye-diyanet-vakfi-kahramanmarasta-62-yetim-cocugu-sevindirdi-6-768x512.jpg 768w, https:\/\/tdv.org\/tr-TR\/wp-content\/uploads\/2024\/12\/turkiye-diyanet-vakfi-kahramanmarasta-62-yetim-cocugu-sevindirdi-6-900x600.jpg 900w\" sizes=\"(max-width: 1152px) 100vw, 1152px\" \/><\/a>\n\t\t\t<\/dt><\/dl><dl class='gallery-item'>\n\t\t\t<dt class='gallery-icon landscape'>\n\t\t\t\t<a href='https:\/\/tdv.org\/tr-TR\/wp-content\/uploads\/2024\/12\/turkiye-diyanet-vakfi-kahramanmarasta-62-yetim-cocugu-sevindirdi-7.jpg'><img decoding=\"async\" width=\"1152\" height=\"768\" src=\"https:\/\/tdv.org\/tr-TR\/wp-content\/uploads\/2024\/12\/turkiye-diyanet-vakfi-kahramanmarasta-62-yetim-cocugu-sevindirdi-7.jpg\" class=\"attachment-full size-full\" alt=\"\" srcset=\"https:\/\/tdv.org\/tr-TR\/wp-content\/uploads\/2024\/12\/turkiye-diyanet-vakfi-kahramanmarasta-62-yetim-cocugu-sevindirdi-7.jpg 1152w, https:\/\/tdv.org\/tr-TR\/wp-content\/uploads\/2024\/12\/turkiye-diyanet-vakfi-kahramanmarasta-62-yetim-cocugu-sevindirdi-7-300x200.jpg 300w, https:\/\/tdv.org\/tr-TR\/wp-content\/uploads\/2024\/12\/turkiye-diyanet-vakfi-kahramanmarasta-62-yetim-cocugu-sevindirdi-7-1024x683.jpg 1024w, https:\/\/tdv.org\/tr-TR\/wp-content\/uploads\/2024\/12\/turkiye-diyanet-vakfi-kahramanmarasta-62-yetim-cocugu-sevindirdi-7-768x512.jpg 768w, https:\/\/tdv.org\/tr-TR\/wp-content\/uploads\/2024\/12\/turkiye-diyanet-vakfi-kahramanmarasta-62-yetim-cocugu-sevindirdi-7-900x600.jpg 900w\" sizes=\"(max-width: 1152px) 100vw, 1152px\" \/><\/a>\n\t\t\t<\/dt><\/dl><dl class='gallery-item'>\n\t\t\t<dt class='gallery-icon landscape'>\n\t\t\t\t<a href='https:\/\/tdv.org\/tr-TR\/wp-content\/uploads\/2024\/12\/turkiye-diyanet-vakfi-kahramanmarasta-62-yetim-cocugu-sevindirdi-8.jpg'><img decoding=\"async\" width=\"1152\" height=\"768\" src=\"https:\/\/tdv.org\/tr-TR\/wp-content\/uploads\/2024\/12\/turkiye-diyanet-vakfi-kahramanmarasta-62-yetim-cocugu-sevindirdi-8.jpg\" class=\"attachment-full size-full\" alt=\"\" srcset=\"https:\/\/tdv.org\/tr-TR\/wp-content\/uploads\/2024\/12\/turkiye-diyanet-vakfi-kahramanmarasta-62-yetim-cocugu-sevindirdi-8.jpg 1152w, https:\/\/tdv.org\/tr-TR\/wp-content\/uploads\/2024\/12\/turkiye-diyanet-vakfi-kahramanmarasta-62-yetim-cocugu-sevindirdi-8-300x200.jpg 300w, https:\/\/tdv.org\/tr-TR\/wp-content\/uploads\/2024\/12\/turkiye-diyanet-vakfi-kahramanmarasta-62-yetim-cocugu-sevindirdi-8-1024x683.jpg 1024w, https:\/\/tdv.org\/tr-TR\/wp-content\/uploads\/2024\/12\/turkiye-diyanet-vakfi-kahramanmarasta-62-yetim-cocugu-sevindirdi-8-768x512.jpg 768w, https:\/\/tdv.org\/tr-TR\/wp-content\/uploads\/2024\/12\/turkiye-diyanet-vakfi-kahramanmarasta-62-yetim-cocugu-sevindirdi-8-900x600.jpg 900w\" sizes=\"(max-width: 1152px) 100vw, 1152px\" \/><\/a>\n\t\t\t<\/dt><\/dl><br style=\"clear: both\" \/><dl class='gallery-item'>\n\t\t\t<dt class='gallery-icon landscape'>\n\t\t\t\t<a href='https:\/\/tdv.org\/tr-TR\/wp-content\/uploads\/2024\/12\/turkiye-diyanet-vakfi-kahramanmarasta-62-yetim-cocugu-sevindirdi-10.jpg'><img decoding=\"async\" width=\"1152\" height=\"768\" src=\"https:\/\/tdv.org\/tr-TR\/wp-content\/uploads\/2024\/12\/turkiye-diyanet-vakfi-kahramanmarasta-62-yetim-cocugu-sevindirdi-10.jpg\" class=\"attachment-full size-full\" alt=\"\" srcset=\"https:\/\/tdv.org\/tr-TR\/wp-content\/uploads\/2024\/12\/turkiye-diyanet-vakfi-kahramanmarasta-62-yetim-cocugu-sevindirdi-10.jpg 1152w, https:\/\/tdv.org\/tr-TR\/wp-content\/uploads\/2024\/12\/turkiye-diyanet-vakfi-kahramanmarasta-62-yetim-cocugu-sevindirdi-10-300x200.jpg 300w, https:\/\/tdv.org\/tr-TR\/wp-content\/uploads\/2024\/12\/turkiye-diyanet-vakfi-kahramanmarasta-62-yetim-cocugu-sevindirdi-10-1024x683.jpg 1024w, https:\/\/tdv.org\/tr-TR\/wp-content\/uploads\/2024\/12\/turkiye-diyanet-vakfi-kahramanmarasta-62-yetim-cocugu-sevindirdi-10-768x512.jpg 768w, https:\/\/tdv.org\/tr-TR\/wp-content\/uploads\/2024\/12\/turkiye-diyanet-vakfi-kahramanmarasta-62-yetim-cocugu-sevindirdi-10-900x600.jpg 900w\" sizes=\"(max-width: 1152px) 100vw, 1152px\" \/><\/a>\n\t\t\t<\/dt><\/dl><dl class='gallery-item'>\n\t\t\t<dt class='gallery-icon landscape'>\n\t\t\t\t<a href='https:\/\/tdv.org\/tr-TR\/wp-content\/uploads\/2024\/12\/turkiye-diyanet-vakfi-kahramanmarasta-62-yetim-cocugu-sevindirdi-11.jpg'><img decoding=\"async\" width=\"1152\" height=\"768\" src=\"https:\/\/tdv.org\/tr-TR\/wp-content\/uploads\/2024\/12\/turkiye-diyanet-vakfi-kahramanmarasta-62-yetim-cocugu-sevindirdi-11.jpg\" class=\"attachment-full size-full\" alt=\"\" srcset=\"https:\/\/tdv.org\/tr-TR\/wp-content\/uploads\/2024\/12\/turkiye-diyanet-vakfi-kahramanmarasta-62-yetim-cocugu-sevindirdi-11.jpg 1152w, https:\/\/tdv.org\/tr-TR\/wp-content\/uploads\/2024\/12\/turkiye-diyanet-vakfi-kahramanmarasta-62-yetim-cocugu-sevindirdi-11-300x200.jpg 300w, https:\/\/tdv.org\/tr-TR\/wp-content\/uploads\/2024\/12\/turkiye-diyanet-vakfi-kahramanmarasta-62-yetim-cocugu-sevindirdi-11-1024x683.jpg 1024w, https:\/\/tdv.org\/tr-TR\/wp-content\/uploads\/2024\/12\/turkiye-diyanet-vakfi-kahramanmarasta-62-yetim-cocugu-sevindirdi-11-768x512.jpg 768w, https:\/\/tdv.org\/tr-TR\/wp-content\/uploads\/2024\/12\/turkiye-diyanet-vakfi-kahramanmarasta-62-yetim-cocugu-sevindirdi-11-900x600.jpg 900w\" sizes=\"(max-width: 1152px) 100vw, 1152px\" \/><\/a>\n\t\t\t<\/dt><\/dl><dl class='gallery-item'>\n\t\t\t<dt class='gallery-icon landscape'>\n\t\t\t\t<a href='https:\/\/tdv.org\/tr-TR\/wp-content\/uploads\/2024\/12\/turkiye-diyanet-vakfi-kahramanmarasta-62-yetim-cocugu-sevindirdi-21.jpg'><img decoding=\"async\" width=\"1152\" height=\"768\" src=\"https:\/\/tdv.org\/tr-TR\/wp-content\/uploads\/2024\/12\/turkiye-diyanet-vakfi-kahramanmarasta-62-yetim-cocugu-sevindirdi-21.jpg\" class=\"attachment-full size-full\" alt=\"\" srcset=\"https:\/\/tdv.org\/tr-TR\/wp-content\/uploads\/2024\/12\/turkiye-diyanet-vakfi-kahramanmarasta-62-yetim-cocugu-sevindirdi-21.jpg 1152w, https:\/\/tdv.org\/tr-TR\/wp-content\/uploads\/2024\/12\/turkiye-diyanet-vakfi-kahramanmarasta-62-yetim-cocugu-sevindirdi-21-300x200.jpg 300w, https:\/\/tdv.org\/tr-TR\/wp-content\/uploads\/2024\/12\/turkiye-diyanet-vakfi-kahramanmarasta-62-yetim-cocugu-sevindirdi-21-1024x683.jpg 1024w, https:\/\/tdv.org\/tr-TR\/wp-content\/uploads\/2024\/12\/turkiye-diyanet-vakfi-kahramanmarasta-62-yetim-cocugu-sevindirdi-21-768x512.jpg 768w, https:\/\/tdv.org\/tr-TR\/wp-content\/uploads\/2024\/12\/turkiye-diyanet-vakfi-kahramanmarasta-62-yetim-cocugu-sevindirdi-21-900x600.jpg 900w\" sizes=\"(max-width: 1152px) 100vw, 1152px\" \/><\/a>\n\t\t\t<\/dt><\/dl><br style=\"clear: both\" \/><dl class='gallery-item'>\n\t\t\t<dt class='gallery-icon landscape'>\n\t\t\t\t<a href='https:\/\/tdv.org\/tr-TR\/wp-content\/uploads\/2024\/12\/turkiye-diyanet-vakfi-kahramanmarasta-62-yetim-cocugu-sevindirdi-12.jpg'><img decoding=\"async\" width=\"1152\" height=\"768\" src=\"https:\/\/tdv.org\/tr-TR\/wp-content\/uploads\/2024\/12\/turkiye-diyanet-vakfi-kahramanmarasta-62-yetim-cocugu-sevindirdi-12.jpg\" class=\"attachment-full size-full\" alt=\"\" srcset=\"https:\/\/tdv.org\/tr-TR\/wp-content\/uploads\/2024\/12\/turkiye-diyanet-vakfi-kahramanmarasta-62-yetim-cocugu-sevindirdi-12.jpg 1152w, https:\/\/tdv.org\/tr-TR\/wp-content\/uploads\/2024\/12\/turkiye-diyanet-vakfi-kahramanmarasta-62-yetim-cocugu-sevindirdi-12-300x200.jpg 300w, https:\/\/tdv.org\/tr-TR\/wp-content\/uploads\/2024\/12\/turkiye-diyanet-vakfi-kahramanmarasta-62-yetim-cocugu-sevindirdi-12-1024x683.jpg 1024w, https:\/\/tdv.org\/tr-TR\/wp-content\/uploads\/2024\/12\/turkiye-diyanet-vakfi-kahramanmarasta-62-yetim-cocugu-sevindirdi-12-768x512.jpg 768w, https:\/\/tdv.org\/tr-TR\/wp-content\/uploads\/2024\/12\/turkiye-diyanet-vakfi-kahramanmarasta-62-yetim-cocugu-sevindirdi-12-900x600.jpg 900w\" sizes=\"(max-width: 1152px) 100vw, 1152px\" \/><\/a>\n\t\t\t<\/dt><\/dl><dl class='gallery-item'>\n\t\t\t<dt class='gallery-icon landscape'>\n\t\t\t\t<a href='https:\/\/tdv.org\/tr-TR\/wp-content\/uploads\/2024\/12\/turkiye-diyanet-vakfi-kahramanmarasta-62-yetim-cocugu-sevindirdi-13.jpg'><img decoding=\"async\" width=\"1152\" height=\"768\" src=\"https:\/\/tdv.org\/tr-TR\/wp-content\/uploads\/2024\/12\/turkiye-diyanet-vakfi-kahramanmarasta-62-yetim-cocugu-sevindirdi-13.jpg\" class=\"attachment-full size-full\" alt=\"\" srcset=\"https:\/\/tdv.org\/tr-TR\/wp-content\/uploads\/2024\/12\/turkiye-diyanet-vakfi-kahramanmarasta-62-yetim-cocugu-sevindirdi-13.jpg 1152w, https:\/\/tdv.org\/tr-TR\/wp-content\/uploads\/2024\/12\/turkiye-diyanet-vakfi-kahramanmarasta-62-yetim-cocugu-sevindirdi-13-300x200.jpg 300w, https:\/\/tdv.org\/tr-TR\/wp-content\/uploads\/2024\/12\/turkiye-diyanet-vakfi-kahramanmarasta-62-yetim-cocugu-sevindirdi-13-1024x683.jpg 1024w, https:\/\/tdv.org\/tr-TR\/wp-content\/uploads\/2024\/12\/turkiye-diyanet-vakfi-kahramanmarasta-62-yetim-cocugu-sevindirdi-13-768x512.jpg 768w, https:\/\/tdv.org\/tr-TR\/wp-content\/uploads\/2024\/12\/turkiye-diyanet-vakfi-kahramanmarasta-62-yetim-cocugu-sevindirdi-13-900x600.jpg 900w\" sizes=\"(max-width: 1152px) 100vw, 1152px\" \/><\/a>\n\t\t\t<\/dt><\/dl><dl class='gallery-item'>\n\t\t\t<dt class='gallery-icon landscape'>\n\t\t\t\t<a href='https:\/\/tdv.org\/tr-TR\/wp-content\/uploads\/2024\/12\/turkiye-diyanet-vakfi-kahramanmarasta-62-yetim-cocugu-sevindirdi-1.jpg'><img decoding=\"async\" width=\"1152\" height=\"768\" src=\"https:\/\/tdv.org\/tr-TR\/wp-content\/uploads\/2024\/12\/turkiye-diyanet-vakfi-kahramanmarasta-62-yetim-cocugu-sevindirdi-1.jpg\" class=\"attachment-full size-full\" alt=\"\" srcset=\"https:\/\/tdv.org\/tr-TR\/wp-content\/uploads\/2024\/12\/turkiye-diyanet-vakfi-kahramanmarasta-62-yetim-cocugu-sevindirdi-1.jpg 1152w, https:\/\/tdv.org\/tr-TR\/wp-content\/uploads\/2024\/12\/turkiye-diyanet-vakfi-kahramanmarasta-62-yetim-cocugu-sevindirdi-1-300x200.jpg 300w, https:\/\/tdv.org\/tr-TR\/wp-content\/uploads\/2024\/12\/turkiye-diyanet-vakfi-kahramanmarasta-62-yetim-cocugu-sevindirdi-1-1024x683.jpg 1024w, https:\/\/tdv.org\/tr-TR\/wp-content\/uploads\/2024\/12\/turkiye-diyanet-vakfi-kahramanmarasta-62-yetim-cocugu-sevindirdi-1-768x512.jpg 768w, https:\/\/tdv.org\/tr-TR\/wp-content\/uploads\/2024\/12\/turkiye-diyanet-vakfi-kahramanmarasta-62-yetim-cocugu-sevindirdi-1-900x600.jpg 900w\" sizes=\"(max-width: 1152px) 100vw, 1152px\" \/><\/a>\n\t\t\t<\/dt><\/dl><br style=\"clear: both\" \/><dl class='gallery-item'>\n\t\t\t<dt class='gallery-icon landscape'>\n\t\t\t\t<a href='https:\/\/tdv.org\/tr-TR\/wp-content\/uploads\/2024\/12\/turkiye-diyanet-vakfi-kahramanmarasta-62-yetim-cocugu-sevindirdi-15.jpg'><img decoding=\"async\" width=\"1152\" height=\"768\" src=\"https:\/\/tdv.org\/tr-TR\/wp-content\/uploads\/2024\/12\/turkiye-diyanet-vakfi-kahramanmarasta-62-yetim-cocugu-sevindirdi-15.jpg\" class=\"attachment-full size-full\" alt=\"\" srcset=\"https:\/\/tdv.org\/tr-TR\/wp-content\/uploads\/2024\/12\/turkiye-diyanet-vakfi-kahramanmarasta-62-yetim-cocugu-sevindirdi-15.jpg 1152w, https:\/\/tdv.org\/tr-TR\/wp-content\/uploads\/2024\/12\/turkiye-diyanet-vakfi-kahramanmarasta-62-yetim-cocugu-sevindirdi-15-300x200.jpg 300w, https:\/\/tdv.org\/tr-TR\/wp-content\/uploads\/2024\/12\/turkiye-diyanet-vakfi-kahramanmarasta-62-yetim-cocugu-sevindirdi-15-1024x683.jpg 1024w, https:\/\/tdv.org\/tr-TR\/wp-content\/uploads\/2024\/12\/turkiye-diyanet-vakfi-kahramanmarasta-62-yetim-cocugu-sevindirdi-15-768x512.jpg 768w, https:\/\/tdv.org\/tr-TR\/wp-content\/uploads\/2024\/12\/turkiye-diyanet-vakfi-kahramanmarasta-62-yetim-cocugu-sevindirdi-15-900x600.jpg 900w\" sizes=\"(max-width: 1152px) 100vw, 1152px\" \/><\/a>\n\t\t\t<\/dt><\/dl><dl class='gallery-item'>\n\t\t\t<dt class='gallery-icon landscape'>\n\t\t\t\t<a href='https:\/\/tdv.org\/tr-TR\/wp-content\/uploads\/2024\/12\/turkiye-diyanet-vakfi-kahramanmarasta-62-yetim-cocugu-sevindirdi-2.jpg'><img decoding=\"async\" width=\"1152\" height=\"768\" src=\"https:\/\/tdv.org\/tr-TR\/wp-content\/uploads\/2024\/12\/turkiye-diyanet-vakfi-kahramanmarasta-62-yetim-cocugu-sevindirdi-2.jpg\" class=\"attachment-full size-full\" alt=\"\" srcset=\"https:\/\/tdv.org\/tr-TR\/wp-content\/uploads\/2024\/12\/turkiye-diyanet-vakfi-kahramanmarasta-62-yetim-cocugu-sevindirdi-2.jpg 1152w, https:\/\/tdv.org\/tr-TR\/wp-content\/uploads\/2024\/12\/turkiye-diyanet-vakfi-kahramanmarasta-62-yetim-cocugu-sevindirdi-2-300x200.jpg 300w, https:\/\/tdv.org\/tr-TR\/wp-content\/uploads\/2024\/12\/turkiye-diyanet-vakfi-kahramanmarasta-62-yetim-cocugu-sevindirdi-2-1024x683.jpg 1024w, https:\/\/tdv.org\/tr-TR\/wp-content\/uploads\/2024\/12\/turkiye-diyanet-vakfi-kahramanmarasta-62-yetim-cocugu-sevindirdi-2-768x512.jpg 768w, https:\/\/tdv.org\/tr-TR\/wp-content\/uploads\/2024\/12\/turkiye-diyanet-vakfi-kahramanmarasta-62-yetim-cocugu-sevindirdi-2-900x600.jpg 900w\" sizes=\"(max-width: 1152px) 100vw, 1152px\" \/><\/a>\n\t\t\t<\/dt><\/dl><dl class='gallery-item'>\n\t\t\t<dt class='gallery-icon landscape'>\n\t\t\t\t<a href='https:\/\/tdv.org\/tr-TR\/wp-content\/uploads\/2024\/12\/turkiye-diyanet-vakfi-kahramanmarasta-62-yetim-cocugu-sevindirdi-3.jpg'><img decoding=\"async\" width=\"1152\" height=\"768\" src=\"https:\/\/tdv.org\/tr-TR\/wp-content\/uploads\/2024\/12\/turkiye-diyanet-vakfi-kahramanmarasta-62-yetim-cocugu-sevindirdi-3.jpg\" class=\"attachment-full size-full\" alt=\"\" srcset=\"https:\/\/tdv.org\/tr-TR\/wp-content\/uploads\/2024\/12\/turkiye-diyanet-vakfi-kahramanmarasta-62-yetim-cocugu-sevindirdi-3.jpg 1152w, https:\/\/tdv.org\/tr-TR\/wp-content\/uploads\/2024\/12\/turkiye-diyanet-vakfi-kahramanmarasta-62-yetim-cocugu-sevindirdi-3-300x200.jpg 300w, https:\/\/tdv.org\/tr-TR\/wp-content\/uploads\/2024\/12\/turkiye-diyanet-vakfi-kahramanmarasta-62-yetim-cocugu-sevindirdi-3-1024x683.jpg 1024w, https:\/\/tdv.org\/tr-TR\/wp-content\/uploads\/2024\/12\/turkiye-diyanet-vakfi-kahramanmarasta-62-yetim-cocugu-sevindirdi-3-768x512.jpg 768w, https:\/\/tdv.org\/tr-TR\/wp-content\/uploads\/2024\/12\/turkiye-diyanet-vakfi-kahramanmarasta-62-yetim-cocugu-sevindirdi-3-900x600.jpg 900w\" sizes=\"(max-width: 1152px) 100vw, 1152px\" \/><\/a>\n\t\t\t<\/dt><\/dl><br style=\"clear: both\" \/><dl class='gallery-item'>\n\t\t\t<dt class='gallery-icon landscape'>\n\t\t\t\t<a href='https:\/\/tdv.org\/tr-TR\/wp-content\/uploads\/2024\/12\/turkiye-diyanet-vakfi-kahramanmarasta-62-yetim-cocugu-sevindirdi-4.jpg'><img decoding=\"async\" width=\"1152\" height=\"768\" src=\"https:\/\/tdv.org\/tr-TR\/wp-content\/uploads\/2024\/12\/turkiye-diyanet-vakfi-kahramanmarasta-62-yetim-cocugu-sevindirdi-4.jpg\" class=\"attachment-full size-full\" alt=\"\" srcset=\"https:\/\/tdv.org\/tr-TR\/wp-content\/uploads\/2024\/12\/turkiye-diyanet-vakfi-kahramanmarasta-62-yetim-cocugu-sevindirdi-4.jpg 1152w, https:\/\/tdv.org\/tr-TR\/wp-content\/uploads\/2024\/12\/turkiye-diyanet-vakfi-kahramanmarasta-62-yetim-cocugu-sevindirdi-4-300x200.jpg 300w, https:\/\/tdv.org\/tr-TR\/wp-content\/uploads\/2024\/12\/turkiye-diyanet-vakfi-kahramanmarasta-62-yetim-cocugu-sevindirdi-4-1024x683.jpg 1024w, https:\/\/tdv.org\/tr-TR\/wp-content\/uploads\/2024\/12\/turkiye-diyanet-vakfi-kahramanmarasta-62-yetim-cocugu-sevindirdi-4-768x512.jpg 768w, https:\/\/tdv.org\/tr-TR\/wp-content\/uploads\/2024\/12\/turkiye-diyanet-vakfi-kahramanmarasta-62-yetim-cocugu-sevindirdi-4-900x600.jpg 900w\" sizes=\"(max-width: 1152px) 100vw, 1152px\" \/><\/a>\n\t\t\t<\/dt><\/dl><dl class='gallery-item'>\n\t\t\t<dt class='gallery-icon landscape'>\n\t\t\t\t<a href='https:\/\/tdv.org\/tr-TR\/wp-content\/uploads\/2024\/12\/turkiye-diyanet-vakfi-kahramanmarasta-62-yetim-cocugu-sevindirdi-5.jpg'><img decoding=\"async\" width=\"1152\" height=\"768\" src=\"https:\/\/tdv.org\/tr-TR\/wp-content\/uploads\/2024\/12\/turkiye-diyanet-vakfi-kahramanmarasta-62-yetim-cocugu-sevindirdi-5.jpg\" class=\"attachment-full size-full\" alt=\"\" srcset=\"https:\/\/tdv.org\/tr-TR\/wp-content\/uploads\/2024\/12\/turkiye-diyanet-vakfi-kahramanmarasta-62-yetim-cocugu-sevindirdi-5.jpg 1152w, https:\/\/tdv.org\/tr-TR\/wp-content\/uploads\/2024\/12\/turkiye-diyanet-vakfi-kahramanmarasta-62-yetim-cocugu-sevindirdi-5-300x200.jpg 300w, https:\/\/tdv.org\/tr-TR\/wp-content\/uploads\/2024\/12\/turkiye-diyanet-vakfi-kahramanmarasta-62-yetim-cocugu-sevindirdi-5-1024x683.jpg 1024w, https:\/\/tdv.org\/tr-TR\/wp-content\/uploads\/2024\/12\/turkiye-diyanet-vakfi-kahramanmarasta-62-yetim-cocugu-sevindirdi-5-768x512.jpg 768w, https:\/\/tdv.org\/tr-TR\/wp-content\/uploads\/2024\/12\/turkiye-diyanet-vakfi-kahramanmarasta-62-yetim-cocugu-sevindirdi-5-900x600.jpg 900w\" sizes=\"(max-width: 1152px) 100vw, 1152px\" \/><\/a>\n\t\t\t<\/dt><\/dl>\n\t\t\t<br style='clear: both' \/>\n\t\t<\/div>\n\n[\/vc_column_text][\/vc_column][\/vc_row]\n","protected":false},"excerpt":{"rendered":"<p>[vc_row type=&#8221;in_container&#8221; full_screen_row_position=&#8221;middle&#8221; scene_position=&#8221;center&#8221; text_color=&#8221;dark&#8221; text_align=&#8221;left&#8221; overlay_strength=&#8221;0.3&#8243; shape_divider_position=&#8221;bottom&#8221; bg_image_animation=&#8221;none&#8221;][vc_column column_padding=&#8221;no-extra-padding&#8221; column_padding_position=&#8221;all&#8221; background_color_opacity=&#8221;1&#8243; background_hover_color_opacity=&#8221;1&#8243; column_link_target=&#8221;_self&#8221; column_shadow=&#8221;none&#8221; column_border_radius=&#8221;none&#8221; width=&#8221;1\/1&#8243; tablet_width_inherit=&#8221;default&#8221; tablet_text_alignment=&#8221;default&#8221; phone_text_alignment=&#8221;default&#8221; column_border_width=&#8221;none&#8221; column_border_style=&#8221;solid&#8221; bg_image_animation=&#8221;none&#8221;][vc_column_text] T\u00fcrkiye Diyanet Vakf\u0131nca (TDV), Kahramanmara\u015f&#8217;ta &#8220;K\u0131\u015f Bayram\u0131&#8230;<\/p>\n","protected":false},"author":8,"featured_media":47700,"comment_status":"closed","ping_status":"closed","sticky":false,"template":"","format":"standard","meta":{"footnotes":""},"categories":[1],"tags":[1176,2370,1077,1548,217,1276,114,2264],"class_list":{"0":"post-47678","1":"post","2":"type-post","3":"status-publish","4":"format-standard","5":"has-post-thumbnail","7":"category-haberler","8":"tag-kis-bayrami","9":"tag-kis-bayrami-gaziantep","10":"tag-kislik-kiyafet","11":"tag-kislik-yardimi","12":"tag-resul-aydemir","13":"tag-unutursan-yetim-kalir","14":"tag-yetim","15":"tag-yetim-yardimi"},"yoast_head":"<!-- This site is optimized with the Yoast SEO plugin v27.5 - https:\/\/yoast.com\/product\/yoast-seo-wordpress\/ -->\n<title>T\u00fcrkiye Diyanet Vakf\u0131, 20 ilde 1500\u2019den fazla yetimi sevindirdi<\/title>\n<meta name=\"description\" content=\"T\u00fcrkiye Diyanet Vakf\u0131nca (TDV), Kahramanmara\u015f&#039;ta &quot;K\u0131\u015f Bayram\u0131 Projesi&quot; kapsam\u0131nda 62 yetim \u00e7ocu\u011fa k\u0131yafet deste\u011finde bulunuldu.\" \/>\n<meta name=\"robots\" content=\"index, follow, max-snippet:-1, max-image-preview:large, max-video-preview:-1\" \/>\n<link rel=\"canonical\" href=\"https:\/\/tdv.org\/tr-TR\/turkiye-diyanet-vakfi-20-ilde-1500den-fazla-yetimi-sevindirdi\/\" \/>\n<meta property=\"og:locale\" content=\"tr_TR\" \/>\n<meta property=\"og:type\" content=\"article\" \/>\n<meta property=\"og:title\" content=\"T\u00fcrkiye Diyanet Vakf\u0131, 20 ilde 1500\u2019den fazla yetimi sevindirdi\" \/>\n<meta property=\"og:description\" content=\"T\u00fcrkiye Diyanet Vakf\u0131nca (TDV), Kahramanmara\u015f&#039;ta &quot;K\u0131\u015f Bayram\u0131 Projesi&quot; kapsam\u0131nda 62 yetim \u00e7ocu\u011fa k\u0131yafet deste\u011finde bulunuldu.\" \/>\n<meta property=\"og:url\" content=\"https:\/\/tdv.org\/tr-TR\/turkiye-diyanet-vakfi-20-ilde-1500den-fazla-yetimi-sevindirdi\/\" \/>\n<meta property=\"og:site_name\" content=\"T\u00fcrkiye Diyanet Vakf\u0131 Resmi Web Sitesi\" \/>\n<meta property=\"article:publisher\" content=\"https:\/\/www.facebook.com\/Diyanetvakfi\/\" \/>\n<meta property=\"article:published_time\" content=\"2024-12-18T05:42:43+00:00\" \/>\n<meta property=\"article:modified_time\" content=\"2024-12-19T06:01:59+00:00\" \/>\n<meta property=\"og:image\" content=\"https:\/\/tdv.org\/tr-TR\/wp-content\/uploads\/2024\/12\/turkiye-diyanet-vakfi-kahramanmarasta-62-yetim-cocugu-sevindirdi-1.jpg\" \/>\n\t<meta property=\"og:image:width\" content=\"1152\" \/>\n\t<meta property=\"og:image:height\" content=\"768\" \/>\n\t<meta property=\"og:image:type\" content=\"image\/jpeg\" \/>\n<meta name=\"author\" content=\"Selim\" \/>\n<meta name=\"twitter:card\" content=\"summary_large_image\" \/>\n<meta name=\"twitter:creator\" content=\"@DiyanetVakfi\" \/>\n<meta name=\"twitter:site\" content=\"@DiyanetVakfi\" \/>\n<script type=\"application\/ld+json\" class=\"yoast-schema-graph\">{\"@context\":\"https:\\\/\\\/schema.org\",\"@graph\":[{\"@type\":\"Article\",\"@id\":\"https:\\\/\\\/tdv.org\\\/tr-TR\\\/turkiye-diyanet-vakfi-20-ilde-1500den-fazla-yetimi-sevindirdi\\\/#article\",\"isPartOf\":{\"@id\":\"https:\\\/\\\/tdv.org\\\/tr-TR\\\/turkiye-diyanet-vakfi-20-ilde-1500den-fazla-yetimi-sevindirdi\\\/\"},\"author\":{\"name\":\"Selim\",\"@id\":\"https:\\\/\\\/tdv.org\\\/tr-TR\\\/#\\\/schema\\\/person\\\/752b55e264a99273d55636516d96d5eb\"},\"headline\":\"T\u00fcrkiye Diyanet Vakf\u0131, 20 ilde 1500\u2019den fazla yetimi sevindirdi\",\"datePublished\":\"2024-12-18T05:42:43+00:00\",\"dateModified\":\"2024-12-19T06:01:59+00:00\",\"mainEntityOfPage\":{\"@id\":\"https:\\\/\\\/tdv.org\\\/tr-TR\\\/turkiye-diyanet-vakfi-20-ilde-1500den-fazla-yetimi-sevindirdi\\\/\"},\"wordCount\":383,\"publisher\":{\"@id\":\"https:\\\/\\\/tdv.org\\\/tr-TR\\\/#organization\"},\"image\":{\"@id\":\"https:\\\/\\\/tdv.org\\\/tr-TR\\\/turkiye-diyanet-vakfi-20-ilde-1500den-fazla-yetimi-sevindirdi\\\/#primaryimage\"},\"thumbnailUrl\":\"https:\\\/\\\/tdv.org\\\/tr-TR\\\/wp-content\\\/uploads\\\/2024\\\/12\\\/turkiye-diyanet-vakfi-kahramanmarasta-62-yetim-cocugu-sevindirdi-1.jpg\",\"keywords\":[\"k\u0131\u015f bayram\u0131\",\"k\u0131\u015f bayram\u0131 gaziantep\",\"k\u0131\u015fl\u0131k k\u0131yafet\",\"k\u0131\u015fl\u0131k yard\u0131m\u0131\",\"Resul Aydemir\",\"unutursan yetim kal\u0131r\",\"Yetim\",\"Yetim Yard\u0131m\u0131\"],\"articleSection\":[\"Haberler\"],\"inLanguage\":\"tr\"},{\"@type\":\"WebPage\",\"@id\":\"https:\\\/\\\/tdv.org\\\/tr-TR\\\/turkiye-diyanet-vakfi-20-ilde-1500den-fazla-yetimi-sevindirdi\\\/\",\"url\":\"https:\\\/\\\/tdv.org\\\/tr-TR\\\/turkiye-diyanet-vakfi-20-ilde-1500den-fazla-yetimi-sevindirdi\\\/\",\"name\":\"T\u00fcrkiye Diyanet Vakf\u0131, 20 ilde 1500\u2019den fazla yetimi sevindirdi\",\"isPartOf\":{\"@id\":\"https:\\\/\\\/tdv.org\\\/tr-TR\\\/#website\"},\"primaryImageOfPage\":{\"@id\":\"https:\\\/\\\/tdv.org\\\/tr-TR\\\/turkiye-diyanet-vakfi-20-ilde-1500den-fazla-yetimi-sevindirdi\\\/#primaryimage\"},\"image\":{\"@id\":\"https:\\\/\\\/tdv.org\\\/tr-TR\\\/turkiye-diyanet-vakfi-20-ilde-1500den-fazla-yetimi-sevindirdi\\\/#primaryimage\"},\"thumbnailUrl\":\"https:\\\/\\\/tdv.org\\\/tr-TR\\\/wp-content\\\/uploads\\\/2024\\\/12\\\/turkiye-diyanet-vakfi-kahramanmarasta-62-yetim-cocugu-sevindirdi-1.jpg\",\"datePublished\":\"2024-12-18T05:42:43+00:00\",\"dateModified\":\"2024-12-19T06:01:59+00:00\",\"description\":\"T\u00fcrkiye Diyanet Vakf\u0131nca (TDV), Kahramanmara\u015f'ta \\\"K\u0131\u015f Bayram\u0131 Projesi\\\" kapsam\u0131nda 62 yetim \u00e7ocu\u011fa k\u0131yafet deste\u011finde bulunuldu.\",\"breadcrumb\":{\"@id\":\"https:\\\/\\\/tdv.org\\\/tr-TR\\\/turkiye-diyanet-vakfi-20-ilde-1500den-fazla-yetimi-sevindirdi\\\/#breadcrumb\"},\"inLanguage\":\"tr\",\"potentialAction\":[{\"@type\":\"ReadAction\",\"target\":[\"https:\\\/\\\/tdv.org\\\/tr-TR\\\/turkiye-diyanet-vakfi-20-ilde-1500den-fazla-yetimi-sevindirdi\\\/\"]}]},{\"@type\":\"ImageObject\",\"inLanguage\":\"tr\",\"@id\":\"https:\\\/\\\/tdv.org\\\/tr-TR\\\/turkiye-diyanet-vakfi-20-ilde-1500den-fazla-yetimi-sevindirdi\\\/#primaryimage\",\"url\":\"https:\\\/\\\/tdv.org\\\/tr-TR\\\/wp-content\\\/uploads\\\/2024\\\/12\\\/turkiye-diyanet-vakfi-kahramanmarasta-62-yetim-cocugu-sevindirdi-1.jpg\",\"contentUrl\":\"https:\\\/\\\/tdv.org\\\/tr-TR\\\/wp-content\\\/uploads\\\/2024\\\/12\\\/turkiye-diyanet-vakfi-kahramanmarasta-62-yetim-cocugu-sevindirdi-1.jpg\",\"width\":1152,\"height\":768},{\"@type\":\"BreadcrumbList\",\"@id\":\"https:\\\/\\\/tdv.org\\\/tr-TR\\\/turkiye-diyanet-vakfi-20-ilde-1500den-fazla-yetimi-sevindirdi\\\/#breadcrumb\",\"itemListElement\":[{\"@type\":\"ListItem\",\"position\":1,\"name\":\"Anasayfa\",\"item\":\"https:\\\/\\\/tdv.org\\\/tr-TR\\\/\"},{\"@type\":\"ListItem\",\"position\":2,\"name\":\"T\u00fcrkiye Diyanet Vakf\u0131, 20 ilde 1500\u2019den fazla yetimi sevindirdi\"}]},{\"@type\":\"WebSite\",\"@id\":\"https:\\\/\\\/tdv.org\\\/tr-TR\\\/#website\",\"url\":\"https:\\\/\\\/tdv.org\\\/tr-TR\\\/\",\"name\":\"T\u00fcrkiye Diyanet Vakf\u0131 Resmi Web Sitesi\",\"description\":\"Yery\u00fcz\u00fcnde iyilik egemen oluncaya kadar\",\"publisher\":{\"@id\":\"https:\\\/\\\/tdv.org\\\/tr-TR\\\/#organization\"},\"alternateName\":\"T\u00fcrkiye Diyanet Vakf\u0131\",\"potentialAction\":[{\"@type\":\"SearchAction\",\"target\":{\"@type\":\"EntryPoint\",\"urlTemplate\":\"https:\\\/\\\/tdv.org\\\/tr-TR\\\/?s={search_term_string}\"},\"query-input\":{\"@type\":\"PropertyValueSpecification\",\"valueRequired\":true,\"valueName\":\"search_term_string\"}}],\"inLanguage\":\"tr\"},{\"@type\":\"Organization\",\"@id\":\"https:\\\/\\\/tdv.org\\\/tr-TR\\\/#organization\",\"name\":\"T\u00fcrkiye Diyanet Vakf\u0131\",\"alternateName\":\"T\u00fcrkiye Diyanet Vakf\u0131\",\"url\":\"https:\\\/\\\/tdv.org\\\/tr-TR\\\/\",\"logo\":{\"@type\":\"ImageObject\",\"inLanguage\":\"tr\",\"@id\":\"https:\\\/\\\/tdv.org\\\/tr-TR\\\/#\\\/schema\\\/logo\\\/image\\\/\",\"url\":\"https:\\\/\\\/tdv.org\\\/tr-TR\\\/wp-content\\\/uploads\\\/2018\\\/12\\\/TDV_Logo_1.png\",\"contentUrl\":\"https:\\\/\\\/tdv.org\\\/tr-TR\\\/wp-content\\\/uploads\\\/2018\\\/12\\\/TDV_Logo_1.png\",\"width\":207,\"height\":71,\"caption\":\"T\u00fcrkiye Diyanet Vakf\u0131\"},\"image\":{\"@id\":\"https:\\\/\\\/tdv.org\\\/tr-TR\\\/#\\\/schema\\\/logo\\\/image\\\/\"},\"sameAs\":[\"https:\\\/\\\/www.facebook.com\\\/Diyanetvakfi\\\/\",\"https:\\\/\\\/x.com\\\/DiyanetVakfi\",\"https:\\\/\\\/www.instagram.com\\\/turkiyediyanetvakfi\\\/\",\"https:\\\/\\\/www.youtube.com\\\/user\\\/TurkiyeDiyanetVakfi\"]},{\"@type\":\"Person\",\"@id\":\"https:\\\/\\\/tdv.org\\\/tr-TR\\\/#\\\/schema\\\/person\\\/752b55e264a99273d55636516d96d5eb\",\"name\":\"Selim\",\"image\":{\"@type\":\"ImageObject\",\"inLanguage\":\"tr\",\"@id\":\"https:\\\/\\\/tdv.org\\\/tr-TR\\\/wp-content\\\/litespeed\\\/avatar\\\/a1e47b25396e98e5b781e88a5396cd96.jpg?ver=1777287391\",\"url\":\"https:\\\/\\\/tdv.org\\\/tr-TR\\\/wp-content\\\/litespeed\\\/avatar\\\/a1e47b25396e98e5b781e88a5396cd96.jpg?ver=1777287391\",\"contentUrl\":\"https:\\\/\\\/tdv.org\\\/tr-TR\\\/wp-content\\\/litespeed\\\/avatar\\\/a1e47b25396e98e5b781e88a5396cd96.jpg?ver=1777287391\",\"caption\":\"Selim\"}}]}<\/script>\n<!-- \/ Yoast SEO plugin. -->","yoast_head_json":{"title":"T\u00fcrkiye Diyanet Vakf\u0131, 20 ilde 1500\u2019den fazla yetimi sevindirdi","description":"T\u00fcrkiye Diyanet Vakf\u0131nca (TDV), Kahramanmara\u015f'ta \"K\u0131\u015f Bayram\u0131 Projesi\" kapsam\u0131nda 62 yetim \u00e7ocu\u011fa k\u0131yafet deste\u011finde bulunuldu.","robots":{"index":"index","follow":"follow","max-snippet":"max-snippet:-1","max-image-preview":"max-image-preview:large","max-video-preview":"max-video-preview:-1"},"canonical":"https:\/\/tdv.org\/tr-TR\/turkiye-diyanet-vakfi-20-ilde-1500den-fazla-yetimi-sevindirdi\/","og_locale":"tr_TR","og_type":"article","og_title":"T\u00fcrkiye Diyanet Vakf\u0131, 20 ilde 1500\u2019den fazla yetimi sevindirdi","og_description":"T\u00fcrkiye Diyanet Vakf\u0131nca (TDV), Kahramanmara\u015f'ta \"K\u0131\u015f Bayram\u0131 Projesi\" kapsam\u0131nda 62 yetim \u00e7ocu\u011fa k\u0131yafet deste\u011finde bulunuldu.","og_url":"https:\/\/tdv.org\/tr-TR\/turkiye-diyanet-vakfi-20-ilde-1500den-fazla-yetimi-sevindirdi\/","og_site_name":"T\u00fcrkiye Diyanet Vakf\u0131 Resmi Web Sitesi","article_publisher":"https:\/\/www.facebook.com\/Diyanetvakfi\/","article_published_time":"2024-12-18T05:42:43+00:00","article_modified_time":"2024-12-19T06:01:59+00:00","og_image":[{"width":1152,"height":768,"url":"https:\/\/tdv.org\/tr-TR\/wp-content\/uploads\/2024\/12\/turkiye-diyanet-vakfi-kahramanmarasta-62-yetim-cocugu-sevindirdi-1.jpg","type":"image\/jpeg"}],"author":"Selim","twitter_card":"summary_large_image","twitter_creator":"@DiyanetVakfi","twitter_site":"@DiyanetVakfi","schema":{"@context":"https:\/\/schema.org","@graph":[{"@type":"Article","@id":"https:\/\/tdv.org\/tr-TR\/turkiye-diyanet-vakfi-20-ilde-1500den-fazla-yetimi-sevindirdi\/#article","isPartOf":{"@id":"https:\/\/tdv.org\/tr-TR\/turkiye-diyanet-vakfi-20-ilde-1500den-fazla-yetimi-sevindirdi\/"},"author":{"name":"Selim","@id":"https:\/\/tdv.org\/tr-TR\/#\/schema\/person\/752b55e264a99273d55636516d96d5eb"},"headline":"T\u00fcrkiye Diyanet Vakf\u0131, 20 ilde 1500\u2019den fazla yetimi sevindirdi","datePublished":"2024-12-18T05:42:43+00:00","dateModified":"2024-12-19T06:01:59+00:00","mainEntityOfPage":{"@id":"https:\/\/tdv.org\/tr-TR\/turkiye-diyanet-vakfi-20-ilde-1500den-fazla-yetimi-sevindirdi\/"},"wordCount":383,"publisher":{"@id":"https:\/\/tdv.org\/tr-TR\/#organization"},"image":{"@id":"https:\/\/tdv.org\/tr-TR\/turkiye-diyanet-vakfi-20-ilde-1500den-fazla-yetimi-sevindirdi\/#primaryimage"},"thumbnailUrl":"https:\/\/tdv.org\/tr-TR\/wp-content\/uploads\/2024\/12\/turkiye-diyanet-vakfi-kahramanmarasta-62-yetim-cocugu-sevindirdi-1.jpg","keywords":["k\u0131\u015f bayram\u0131","k\u0131\u015f bayram\u0131 gaziantep","k\u0131\u015fl\u0131k k\u0131yafet","k\u0131\u015fl\u0131k yard\u0131m\u0131","Resul Aydemir","unutursan yetim kal\u0131r","Yetim","Yetim Yard\u0131m\u0131"],"articleSection":["Haberler"],"inLanguage":"tr"},{"@type":"WebPage","@id":"https:\/\/tdv.org\/tr-TR\/turkiye-diyanet-vakfi-20-ilde-1500den-fazla-yetimi-sevindirdi\/","url":"https:\/\/tdv.org\/tr-TR\/turkiye-diyanet-vakfi-20-ilde-1500den-fazla-yetimi-sevindirdi\/","name":"T\u00fcrkiye Diyanet Vakf\u0131, 20 ilde 1500\u2019den fazla yetimi sevindirdi","isPartOf":{"@id":"https:\/\/tdv.org\/tr-TR\/#website"},"primaryImageOfPage":{"@id":"https:\/\/tdv.org\/tr-TR\/turkiye-diyanet-vakfi-20-ilde-1500den-fazla-yetimi-sevindirdi\/#primaryimage"},"image":{"@id":"https:\/\/tdv.org\/tr-TR\/turkiye-diyanet-vakfi-20-ilde-1500den-fazla-yetimi-sevindirdi\/#primaryimage"},"thumbnailUrl":"https:\/\/tdv.org\/tr-TR\/wp-content\/uploads\/2024\/12\/turkiye-diyanet-vakfi-kahramanmarasta-62-yetim-cocugu-sevindirdi-1.jpg","datePublished":"2024-12-18T05:42:43+00:00","dateModified":"2024-12-19T06:01:59+00:00","description":"T\u00fcrkiye Diyanet Vakf\u0131nca (TDV), Kahramanmara\u015f'ta \"K\u0131\u015f Bayram\u0131 Projesi\" kapsam\u0131nda 62 yetim \u00e7ocu\u011fa k\u0131yafet deste\u011finde bulunuldu.","breadcrumb":{"@id":"https:\/\/tdv.org\/tr-TR\/turkiye-diyanet-vakfi-20-ilde-1500den-fazla-yetimi-sevindirdi\/#breadcrumb"},"inLanguage":"tr","potentialAction":[{"@type":"ReadAction","target":["https:\/\/tdv.org\/tr-TR\/turkiye-diyanet-vakfi-20-ilde-1500den-fazla-yetimi-sevindirdi\/"]}]},{"@type":"ImageObject","inLanguage":"tr","@id":"https:\/\/tdv.org\/tr-TR\/turkiye-diyanet-vakfi-20-ilde-1500den-fazla-yetimi-sevindirdi\/#primaryimage","url":"https:\/\/tdv.org\/tr-TR\/wp-content\/uploads\/2024\/12\/turkiye-diyanet-vakfi-kahramanmarasta-62-yetim-cocugu-sevindirdi-1.jpg","contentUrl":"https:\/\/tdv.org\/tr-TR\/wp-content\/uploads\/2024\/12\/turkiye-diyanet-vakfi-kahramanmarasta-62-yetim-cocugu-sevindirdi-1.jpg","width":1152,"height":768},{"@type":"BreadcrumbList","@id":"https:\/\/tdv.org\/tr-TR\/turkiye-diyanet-vakfi-20-ilde-1500den-fazla-yetimi-sevindirdi\/#breadcrumb","itemListElement":[{"@type":"ListItem","position":1,"name":"Anasayfa","item":"https:\/\/tdv.org\/tr-TR\/"},{"@type":"ListItem","position":2,"name":"T\u00fcrkiye Diyanet Vakf\u0131, 20 ilde 1500\u2019den fazla yetimi sevindirdi"}]},{"@type":"WebSite","@id":"https:\/\/tdv.org\/tr-TR\/#website","url":"https:\/\/tdv.org\/tr-TR\/","name":"T\u00fcrkiye Diyanet Vakf\u0131 Resmi Web Sitesi","description":"Yery\u00fcz\u00fcnde iyilik egemen oluncaya kadar","publisher":{"@id":"https:\/\/tdv.org\/tr-TR\/#organization"},"alternateName":"T\u00fcrkiye Diyanet Vakf\u0131","potentialAction":[{"@type":"SearchAction","target":{"@type":"EntryPoint","urlTemplate":"https:\/\/tdv.org\/tr-TR\/?s={search_term_string}"},"query-input":{"@type":"PropertyValueSpecification","valueRequired":true,"valueName":"search_term_string"}}],"inLanguage":"tr"},{"@type":"Organization","@id":"https:\/\/tdv.org\/tr-TR\/#organization","name":"T\u00fcrkiye Diyanet Vakf\u0131","alternateName":"T\u00fcrkiye Diyanet Vakf\u0131","url":"https:\/\/tdv.org\/tr-TR\/","logo":{"@type":"ImageObject","inLanguage":"tr","@id":"https:\/\/tdv.org\/tr-TR\/#\/schema\/logo\/image\/","url":"https:\/\/tdv.org\/tr-TR\/wp-content\/uploads\/2018\/12\/TDV_Logo_1.png","contentUrl":"https:\/\/tdv.org\/tr-TR\/wp-content\/uploads\/2018\/12\/TDV_Logo_1.png","width":207,"height":71,"caption":"T\u00fcrkiye Diyanet Vakf\u0131"},"image":{"@id":"https:\/\/tdv.org\/tr-TR\/#\/schema\/logo\/image\/"},"sameAs":["https:\/\/www.facebook.com\/Diyanetvakfi\/","https:\/\/x.com\/DiyanetVakfi","https:\/\/www.instagram.com\/turkiyediyanetvakfi\/","https:\/\/www.youtube.com\/user\/TurkiyeDiyanetVakfi"]},{"@type":"Person","@id":"https:\/\/tdv.org\/tr-TR\/#\/schema\/person\/752b55e264a99273d55636516d96d5eb","name":"Selim","image":{"@type":"ImageObject","inLanguage":"tr","@id":"https:\/\/tdv.org\/tr-TR\/wp-content\/litespeed\/avatar\/a1e47b25396e98e5b781e88a5396cd96.jpg?ver=1777287391","url":"https:\/\/tdv.org\/tr-TR\/wp-content\/litespeed\/avatar\/a1e47b25396e98e5b781e88a5396cd96.jpg?ver=1777287391","contentUrl":"https:\/\/tdv.org\/tr-TR\/wp-content\/litespeed\/avatar\/a1e47b25396e98e5b781e88a5396cd96.jpg?ver=1777287391","caption":"Selim"}}]}},"_links":{"self":[{"href":"https:\/\/tdv.org\/tr-TR\/wp-json\/wp\/v2\/posts\/47678","targetHints":{"allow":["GET"]}}],"collection":[{"href":"https:\/\/tdv.org\/tr-TR\/wp-json\/wp\/v2\/posts"}],"about":[{"href":"https:\/\/tdv.org\/tr-TR\/wp-json\/wp\/v2\/types\/post"}],"author":[{"embeddable":true,"href":"https:\/\/tdv.org\/tr-TR\/wp-json\/wp\/v2\/users\/8"}],"replies":[{"embeddable":true,"href":"https:\/\/tdv.org\/tr-TR\/wp-json\/wp\/v2\/comments?post=47678"}],"version-history":[{"count":6,"href":"https:\/\/tdv.org\/tr-TR\/wp-json\/wp\/v2\/posts\/47678\/revisions"}],"predecessor-version":[{"id":47718,"href":"https:\/\/tdv.org\/tr-TR\/wp-json\/wp\/v2\/posts\/47678\/revisions\/47718"}],"wp:featuredmedia":[{"embeddable":true,"href":"https:\/\/tdv.org\/tr-TR\/wp-json\/wp\/v2\/media\/47700"}],"wp:attachment":[{"href":"https:\/\/tdv.org\/tr-TR\/wp-json\/wp\/v2\/media?parent=47678"}],"wp:term":[{"taxonomy":"category","embeddable":true,"href":"https:\/\/tdv.org\/tr-TR\/wp-json\/wp\/v2\/categories?post=47678"},{"taxonomy":"post_tag","embeddable":true,"href":"https:\/\/tdv.org\/tr-TR\/wp-json\/wp\/v2\/tags?post=47678"}],"curies":[{"name":"wp","href":"https:\/\/api.w.org\/{rel}","templated":true}]}}