{"id":49609,"date":"2025-03-08T20:10:13","date_gmt":"2025-03-08T17:10:13","guid":{"rendered":"https:\/\/tdv.org\/tr-TR\/?p=49609"},"modified":"2025-03-09T01:12:40","modified_gmt":"2025-03-08T22:12:40","slug":"diyanet-isleri-baskani-erbastan-8-mart-dunya-kadinlar-gunu-mesaji-3","status":"publish","type":"post","link":"https:\/\/tdv.org\/tr-TR\/diyanet-isleri-baskani-erbastan-8-mart-dunya-kadinlar-gunu-mesaji-3\/","title":{"rendered":"Diyanet \u0130\u015fleri Ba\u015fkan\u0131 Erba\u015f\u2019tan 8 Mart D\u00fcnya Kad\u0131nlar G\u00fcn\u00fc mesaj\u0131"},"content":{"rendered":"<p class=\"text-justify\" style=\"text-align: justify;\"><a href=\"https:\/\/tdv.org\/tr-TR\/kurumsal\/prof-dr-ali-erbas\/\" target=\"_blank\" rel=\"noopener\">Diyanet \u0130\u015fleri Ba\u015fkan\u0131 ve T\u00fcrkiye Diyanet Vakf\u0131 M\u00fctevelli Heyeti Ba\u015fkan\u0131 Prof. Dr. Ali Erba\u015f<\/a>, \u201cNezaket, zarafet, \u015fefkat ve merhamet timsali t\u00fcm kad\u0131nlar\u0131m\u0131z\u0131n 8 Mart D\u00fcnya Kad\u0131nlar G\u00fcn\u00fc\u2019n\u00fc kutluyor, sava\u015f ve \u015fiddet nedeniyle ma\u011fdur olan niceleri i\u00e7in vicdanlar\u0131 harekete ge\u00e7iren bir iyilik seferberli\u011fine vesile olmas\u0131n\u0131 temenni ediyorum.\u201d ifadesini kulland\u0131.<\/p>\n<div>\n<p style=\"text-align: justify;\">Diyanet \u0130\u015fleri Ba\u015fkan\u0131 Erba\u015f, sosyal medya hesab\u0131ndan yay\u0131mlad\u0131\u011f\u0131 mesaj\u0131nda, \u015fu ifadelere yer verdi:<\/p>\n<p style=\"text-align: justify;\">\u201cBug\u00fcn 8 Mart D\u00fcnya Kad\u0131nlar G\u00fcn\u00fc. \u0130nsana de\u011fer veren, onu yarat\u0131lm\u0131\u015flar\u0131n en \u015fereflisi olarak kabul eden, en temel haklar\u0131n\u0131 korumay\u0131 bir zaruret sayan,\u00a0<strong>annelik payesine ula\u015fanlar\u0131n ayaklar\u0131 alt\u0131na cenneti koyan, sa\u011flam bir ailenin \u015fefkat ve merhamet kayna\u011f\u0131 olarak anneyi hep \u00f6n planda tutan<\/strong>\u00a0\u0130slam medeniyetinin mensuplar\u0131 olarak kad\u0131nlar\u0131m\u0131z\u0131n d\u00fcnyaya umutla bakabildi\u011fi, sayg\u0131nl\u0131\u011f\u0131 ve haklar\u0131na sahip olabildi\u011fi bir d\u00fcnyay\u0131 tesis etmek ve bu do\u011frultuda fark\u0131ndal\u0131k olu\u015fturacak \u00e7al\u0131\u015fmalar yapmak bizlerin en temel g\u00f6revlerinden birisidir.<\/p>\n<p style=\"text-align: justify;\">D\u00fcnyam\u0131zda k\u00fclt\u00fcrler, medeniyetler, \u015fehirler, insani de\u011ferler zalimler taraf\u0131ndan bir bir yok edilmeye \u00e7al\u0131\u015f\u0131l\u0131rken yap\u0131lan zul\u00fcmlerin ve ya\u015fat\u0131lan ac\u0131lar\u0131n bedelini en a\u011f\u0131r bi\u00e7imde \u00f6deyenler maalesef kad\u0131nlar ve \u00e7ocuklar oluyor. Ba\u015fta i\u015fgalcilerin soyk\u0131r\u0131m yapt\u0131\u011f\u0131 Gazze olmak \u00fczere en temel haklar\u0131ndan bile mahrum b\u0131rak\u0131lan; sava\u015f, \u015fiddet ve yoksullu\u011fun pen\u00e7esinde hayatta kalmaya \u00e7al\u0131\u015fan kad\u0131nlar iyili\u011fe ve hukuka dair kurulan her c\u00fcmleyi anlams\u0131z b\u0131rak\u0131yor.<\/p>\n<p style=\"text-align: justify;\">Nezaket, zarafet, \u015fefkat ve merhamet timsali t\u00fcm kad\u0131nlar\u0131m\u0131z\u0131n 8 Mart D\u00fcnya Kad\u0131nlar G\u00fcn\u00fc\u2019n\u00fc kutluyor, sava\u015f ve \u015fiddet nedeniyle ma\u011fdur olan niceleri i\u00e7in vicdanlar\u0131 harekete ge\u00e7iren bir iyilik seferberli\u011fine vesile olmas\u0131n\u0131 temenni ediyorum.\u201d<\/p>\n<blockquote class=\"twitter-tweet\">\n<p dir=\"ltr\" lang=\"tr\">Bug\u00fcn <a href=\"https:\/\/twitter.com\/hashtag\/8MartD%C3%BCnyaKad%C4%B1nlarG%C3%BCn%C3%BC?src=hash&amp;ref_src=twsrc%5Etfw\">#8MartD\u00fcnyaKad\u0131nlarG\u00fcn\u00fc<\/a><\/p>\n<p>\u0130nsana de\u011fer veren, onu yarat\u0131lm\u0131\u015flar\u0131n en \u015fereflisi olarak kabul eden, en temel haklar\u0131n\u0131 korumay\u0131 bir zaruret sayan, annelik payesine ula\u015fanlar\u0131n ayaklar\u0131 alt\u0131na cenneti koyan, sa\u011flam bir ailenin \u015fefkat ve merhamet kayna\u011f\u0131 olarak anneyi hep \u00f6n\u2026<\/p>\n<p>\u2014 Prof. Dr. Ali Erba\u015f (@DIBAliErbas) <a href=\"https:\/\/twitter.com\/DIBAliErbas\/status\/1898315340108398819?ref_src=twsrc%5Etfw\">March 8, 2025<\/a><\/p><\/blockquote>\n<p style=\"text-align: justify;\"><script async src=\"https:\/\/platform.twitter.com\/widgets.js\" charset=\"utf-8\"><\/script><\/p>\n<\/div>\n","protected":false},"excerpt":{"rendered":"<p>Diyanet \u0130\u015fleri Ba\u015fkan\u0131 ve T\u00fcrkiye Diyanet Vakf\u0131 M\u00fctevelli Heyeti Ba\u015fkan\u0131 Prof. Dr. Ali Erba\u015f, \u201cNezaket, zarafet, \u015fefkat ve merhamet timsali t\u00fcm kad\u0131nlar\u0131m\u0131z\u0131n 8 Mart D\u00fcnya Kad\u0131nlar G\u00fcn\u00fc\u2019n\u00fc kutluyor, sava\u015f ve&#8230;<\/p>\n","protected":false},"author":8,"featured_media":49610,"comment_status":"closed","ping_status":"closed","sticky":false,"template":"","format":"standard","meta":{"footnotes":""},"categories":[1],"tags":[2260,1342,1807,941,1024,1030,865,2095,737],"class_list":{"0":"post-49609","1":"post","2":"type-post","3":"status-publish","4":"format-standard","5":"has-post-thumbnail","7":"category-haberler","8":"tag-dunya-kadinlar-gunu","9":"tag-kadin","10":"tag-kadin-aile","11":"tag-kadin-aile-ve-genclik-hizmetleri-mudurlugu","12":"tag-kadin-gonulluler","13":"tag-kadin-kollari","14":"tag-kadin-kollari-komisyonlari","15":"tag-kadinlar-gunu","16":"tag-turkiye-diyanet-vakfi-kadin-kollari-komisyonu"},"yoast_head":"<!-- This site is optimized with the Yoast SEO plugin v27.5 - https:\/\/yoast.com\/product\/yoast-seo-wordpress\/ -->\n<title>Diyanet \u0130\u015fleri Ba\u015fkan\u0131 Erba\u015f\u2019tan 8 Mart D\u00fcnya Kad\u0131nlar G\u00fcn\u00fc mesaj\u0131<\/title>\n<meta name=\"description\" content=\"Diyanet \u0130\u015fleri Ba\u015fkan\u0131 ve T\u00fcrkiye Diyanet Vakf\u0131 M\u00fctevelli Heyeti Ba\u015fkan\u0131 Prof. Dr. Ali Erba\u015f, \u201cNezaket, zarafet, \u015fefkat ve merhamet timsali t\u00fcm kad\u0131nlar\u0131m\u0131z\u0131n 8 Mart D\u00fcnya Kad\u0131nlar G\u00fcn\u00fc\u2019n\u00fc kutluyor, sava\u015f ve \u015fiddet nedeniyle ma\u011fdur olan niceleri i\u00e7in vicdanlar\u0131 harekete ge\u00e7iren bir iyilik seferberli\u011fine vesile olmas\u0131n\u0131 temenni ediyorum.\u201d ifadesini kulland\u0131.\" \/>\n<meta name=\"robots\" content=\"index, follow, max-snippet:-1, max-image-preview:large, max-video-preview:-1\" \/>\n<link rel=\"canonical\" href=\"https:\/\/tdv.org\/tr-TR\/diyanet-isleri-baskani-erbastan-8-mart-dunya-kadinlar-gunu-mesaji-3\/\" \/>\n<meta property=\"og:locale\" content=\"tr_TR\" \/>\n<meta property=\"og:type\" content=\"article\" \/>\n<meta property=\"og:title\" content=\"Diyanet \u0130\u015fleri Ba\u015fkan\u0131 Erba\u015f\u2019tan 8 Mart D\u00fcnya Kad\u0131nlar G\u00fcn\u00fc mesaj\u0131\" \/>\n<meta property=\"og:description\" content=\"Diyanet \u0130\u015fleri Ba\u015fkan\u0131 ve T\u00fcrkiye Diyanet Vakf\u0131 M\u00fctevelli Heyeti Ba\u015fkan\u0131 Prof. Dr. Ali Erba\u015f, \u201cNezaket, zarafet, \u015fefkat ve merhamet timsali t\u00fcm kad\u0131nlar\u0131m\u0131z\u0131n 8 Mart D\u00fcnya Kad\u0131nlar G\u00fcn\u00fc\u2019n\u00fc kutluyor, sava\u015f ve \u015fiddet nedeniyle ma\u011fdur olan niceleri i\u00e7in vicdanlar\u0131 harekete ge\u00e7iren bir iyilik seferberli\u011fine vesile olmas\u0131n\u0131 temenni ediyorum.\u201d ifadesini kulland\u0131.\" \/>\n<meta property=\"og:url\" content=\"https:\/\/tdv.org\/tr-TR\/diyanet-isleri-baskani-erbastan-8-mart-dunya-kadinlar-gunu-mesaji-3\/\" \/>\n<meta property=\"og:site_name\" content=\"T\u00fcrkiye Diyanet Vakf\u0131 Resmi Web Sitesi\" \/>\n<meta property=\"article:publisher\" content=\"https:\/\/www.facebook.com\/Diyanetvakfi\/\" \/>\n<meta property=\"article:published_time\" content=\"2025-03-08T17:10:13+00:00\" \/>\n<meta property=\"article:modified_time\" content=\"2025-03-08T22:12:40+00:00\" \/>\n<meta property=\"og:image\" content=\"https:\/\/tdv.org\/tr-TR\/wp-content\/uploads\/2025\/03\/diyanet-isleri-baskani-erbastan-8-mart-dunya-kadinlar-gunu-mesaji-3.jpg\" \/>\n\t<meta property=\"og:image:width\" content=\"1200\" \/>\n\t<meta property=\"og:image:height\" content=\"800\" \/>\n\t<meta property=\"og:image:type\" content=\"image\/jpeg\" \/>\n<meta name=\"author\" content=\"Selim\" \/>\n<meta name=\"twitter:card\" content=\"summary_large_image\" \/>\n<meta name=\"twitter:creator\" content=\"@DiyanetVakfi\" \/>\n<meta name=\"twitter:site\" content=\"@DiyanetVakfi\" \/>\n<script type=\"application\/ld+json\" class=\"yoast-schema-graph\">{\"@context\":\"https:\\\/\\\/schema.org\",\"@graph\":[{\"@type\":\"Article\",\"@id\":\"https:\\\/\\\/tdv.org\\\/tr-TR\\\/diyanet-isleri-baskani-erbastan-8-mart-dunya-kadinlar-gunu-mesaji-3\\\/#article\",\"isPartOf\":{\"@id\":\"https:\\\/\\\/tdv.org\\\/tr-TR\\\/diyanet-isleri-baskani-erbastan-8-mart-dunya-kadinlar-gunu-mesaji-3\\\/\"},\"author\":{\"name\":\"Selim\",\"@id\":\"https:\\\/\\\/tdv.org\\\/tr-TR\\\/#\\\/schema\\\/person\\\/752b55e264a99273d55636516d96d5eb\"},\"headline\":\"Diyanet \u0130\u015fleri Ba\u015fkan\u0131 Erba\u015f\u2019tan 8 Mart D\u00fcnya Kad\u0131nlar G\u00fcn\u00fc mesaj\u0131\",\"datePublished\":\"2025-03-08T17:10:13+00:00\",\"dateModified\":\"2025-03-08T22:12:40+00:00\",\"mainEntityOfPage\":{\"@id\":\"https:\\\/\\\/tdv.org\\\/tr-TR\\\/diyanet-isleri-baskani-erbastan-8-mart-dunya-kadinlar-gunu-mesaji-3\\\/\"},\"wordCount\":389,\"publisher\":{\"@id\":\"https:\\\/\\\/tdv.org\\\/tr-TR\\\/#organization\"},\"image\":{\"@id\":\"https:\\\/\\\/tdv.org\\\/tr-TR\\\/diyanet-isleri-baskani-erbastan-8-mart-dunya-kadinlar-gunu-mesaji-3\\\/#primaryimage\"},\"thumbnailUrl\":\"https:\\\/\\\/tdv.org\\\/tr-TR\\\/wp-content\\\/uploads\\\/2025\\\/03\\\/diyanet-isleri-baskani-erbastan-8-mart-dunya-kadinlar-gunu-mesaji-3.jpg\",\"keywords\":[\"D\u00fcnya Kad\u0131nlar G\u00fcn\u00fc\",\"kad\u0131n\",\"kad\u0131n aile\",\"kad\u0131n aile ve gen\u00e7lik hizmetleri m\u00fcd\u00fcrl\u00fc\u011f\u00fc\",\"kad\u0131n g\u00f6n\u00fcll\u00fcler\",\"kad\u0131n kollar\u0131\",\"kad\u0131n kollar\u0131 komisyonlar\u0131\",\"kad\u0131nlar g\u00fcn\u00fc\",\"T\u00fcrkiye Diyanet Vakf\u0131 Kad\u0131n Kollar\u0131 Komisyonu\"],\"articleSection\":[\"Haberler\"],\"inLanguage\":\"tr\"},{\"@type\":\"WebPage\",\"@id\":\"https:\\\/\\\/tdv.org\\\/tr-TR\\\/diyanet-isleri-baskani-erbastan-8-mart-dunya-kadinlar-gunu-mesaji-3\\\/\",\"url\":\"https:\\\/\\\/tdv.org\\\/tr-TR\\\/diyanet-isleri-baskani-erbastan-8-mart-dunya-kadinlar-gunu-mesaji-3\\\/\",\"name\":\"Diyanet \u0130\u015fleri Ba\u015fkan\u0131 Erba\u015f\u2019tan 8 Mart D\u00fcnya Kad\u0131nlar G\u00fcn\u00fc mesaj\u0131\",\"isPartOf\":{\"@id\":\"https:\\\/\\\/tdv.org\\\/tr-TR\\\/#website\"},\"primaryImageOfPage\":{\"@id\":\"https:\\\/\\\/tdv.org\\\/tr-TR\\\/diyanet-isleri-baskani-erbastan-8-mart-dunya-kadinlar-gunu-mesaji-3\\\/#primaryimage\"},\"image\":{\"@id\":\"https:\\\/\\\/tdv.org\\\/tr-TR\\\/diyanet-isleri-baskani-erbastan-8-mart-dunya-kadinlar-gunu-mesaji-3\\\/#primaryimage\"},\"thumbnailUrl\":\"https:\\\/\\\/tdv.org\\\/tr-TR\\\/wp-content\\\/uploads\\\/2025\\\/03\\\/diyanet-isleri-baskani-erbastan-8-mart-dunya-kadinlar-gunu-mesaji-3.jpg\",\"datePublished\":\"2025-03-08T17:10:13+00:00\",\"dateModified\":\"2025-03-08T22:12:40+00:00\",\"description\":\"Diyanet \u0130\u015fleri Ba\u015fkan\u0131 ve T\u00fcrkiye Diyanet Vakf\u0131 M\u00fctevelli Heyeti Ba\u015fkan\u0131 Prof. Dr. Ali Erba\u015f, \u201cNezaket, zarafet, \u015fefkat ve merhamet timsali t\u00fcm kad\u0131nlar\u0131m\u0131z\u0131n 8 Mart D\u00fcnya Kad\u0131nlar G\u00fcn\u00fc\u2019n\u00fc kutluyor, sava\u015f ve \u015fiddet nedeniyle ma\u011fdur olan niceleri i\u00e7in vicdanlar\u0131 harekete ge\u00e7iren bir iyilik seferberli\u011fine vesile olmas\u0131n\u0131 temenni ediyorum.\u201d ifadesini kulland\u0131.\",\"breadcrumb\":{\"@id\":\"https:\\\/\\\/tdv.org\\\/tr-TR\\\/diyanet-isleri-baskani-erbastan-8-mart-dunya-kadinlar-gunu-mesaji-3\\\/#breadcrumb\"},\"inLanguage\":\"tr\",\"potentialAction\":[{\"@type\":\"ReadAction\",\"target\":[\"https:\\\/\\\/tdv.org\\\/tr-TR\\\/diyanet-isleri-baskani-erbastan-8-mart-dunya-kadinlar-gunu-mesaji-3\\\/\"]}]},{\"@type\":\"ImageObject\",\"inLanguage\":\"tr\",\"@id\":\"https:\\\/\\\/tdv.org\\\/tr-TR\\\/diyanet-isleri-baskani-erbastan-8-mart-dunya-kadinlar-gunu-mesaji-3\\\/#primaryimage\",\"url\":\"https:\\\/\\\/tdv.org\\\/tr-TR\\\/wp-content\\\/uploads\\\/2025\\\/03\\\/diyanet-isleri-baskani-erbastan-8-mart-dunya-kadinlar-gunu-mesaji-3.jpg\",\"contentUrl\":\"https:\\\/\\\/tdv.org\\\/tr-TR\\\/wp-content\\\/uploads\\\/2025\\\/03\\\/diyanet-isleri-baskani-erbastan-8-mart-dunya-kadinlar-gunu-mesaji-3.jpg\",\"width\":1200,\"height\":800},{\"@type\":\"BreadcrumbList\",\"@id\":\"https:\\\/\\\/tdv.org\\\/tr-TR\\\/diyanet-isleri-baskani-erbastan-8-mart-dunya-kadinlar-gunu-mesaji-3\\\/#breadcrumb\",\"itemListElement\":[{\"@type\":\"ListItem\",\"position\":1,\"name\":\"Anasayfa\",\"item\":\"https:\\\/\\\/tdv.org\\\/tr-TR\\\/\"},{\"@type\":\"ListItem\",\"position\":2,\"name\":\"Diyanet \u0130\u015fleri Ba\u015fkan\u0131 Erba\u015f\u2019tan 8 Mart D\u00fcnya Kad\u0131nlar G\u00fcn\u00fc mesaj\u0131\"}]},{\"@type\":\"WebSite\",\"@id\":\"https:\\\/\\\/tdv.org\\\/tr-TR\\\/#website\",\"url\":\"https:\\\/\\\/tdv.org\\\/tr-TR\\\/\",\"name\":\"T\u00fcrkiye Diyanet Vakf\u0131 Resmi Web Sitesi\",\"description\":\"Yery\u00fcz\u00fcnde iyilik egemen oluncaya kadar\",\"publisher\":{\"@id\":\"https:\\\/\\\/tdv.org\\\/tr-TR\\\/#organization\"},\"alternateName\":\"T\u00fcrkiye Diyanet Vakf\u0131\",\"potentialAction\":[{\"@type\":\"SearchAction\",\"target\":{\"@type\":\"EntryPoint\",\"urlTemplate\":\"https:\\\/\\\/tdv.org\\\/tr-TR\\\/?s={search_term_string}\"},\"query-input\":{\"@type\":\"PropertyValueSpecification\",\"valueRequired\":true,\"valueName\":\"search_term_string\"}}],\"inLanguage\":\"tr\"},{\"@type\":\"Organization\",\"@id\":\"https:\\\/\\\/tdv.org\\\/tr-TR\\\/#organization\",\"name\":\"T\u00fcrkiye Diyanet Vakf\u0131\",\"alternateName\":\"T\u00fcrkiye Diyanet Vakf\u0131\",\"url\":\"https:\\\/\\\/tdv.org\\\/tr-TR\\\/\",\"logo\":{\"@type\":\"ImageObject\",\"inLanguage\":\"tr\",\"@id\":\"https:\\\/\\\/tdv.org\\\/tr-TR\\\/#\\\/schema\\\/logo\\\/image\\\/\",\"url\":\"https:\\\/\\\/tdv.org\\\/tr-TR\\\/wp-content\\\/uploads\\\/2018\\\/12\\\/TDV_Logo_1.png\",\"contentUrl\":\"https:\\\/\\\/tdv.org\\\/tr-TR\\\/wp-content\\\/uploads\\\/2018\\\/12\\\/TDV_Logo_1.png\",\"width\":207,\"height\":71,\"caption\":\"T\u00fcrkiye Diyanet Vakf\u0131\"},\"image\":{\"@id\":\"https:\\\/\\\/tdv.org\\\/tr-TR\\\/#\\\/schema\\\/logo\\\/image\\\/\"},\"sameAs\":[\"https:\\\/\\\/www.facebook.com\\\/Diyanetvakfi\\\/\",\"https:\\\/\\\/x.com\\\/DiyanetVakfi\",\"https:\\\/\\\/www.instagram.com\\\/turkiyediyanetvakfi\\\/\",\"https:\\\/\\\/www.youtube.com\\\/user\\\/TurkiyeDiyanetVakfi\"]},{\"@type\":\"Person\",\"@id\":\"https:\\\/\\\/tdv.org\\\/tr-TR\\\/#\\\/schema\\\/person\\\/752b55e264a99273d55636516d96d5eb\",\"name\":\"Selim\",\"image\":{\"@type\":\"ImageObject\",\"inLanguage\":\"tr\",\"@id\":\"https:\\\/\\\/tdv.org\\\/tr-TR\\\/wp-content\\\/litespeed\\\/avatar\\\/a1e47b25396e98e5b781e88a5396cd96.jpg?ver=1777287391\",\"url\":\"https:\\\/\\\/tdv.org\\\/tr-TR\\\/wp-content\\\/litespeed\\\/avatar\\\/a1e47b25396e98e5b781e88a5396cd96.jpg?ver=1777287391\",\"contentUrl\":\"https:\\\/\\\/tdv.org\\\/tr-TR\\\/wp-content\\\/litespeed\\\/avatar\\\/a1e47b25396e98e5b781e88a5396cd96.jpg?ver=1777287391\",\"caption\":\"Selim\"}}]}<\/script>\n<!-- \/ Yoast SEO plugin. -->","yoast_head_json":{"title":"Diyanet \u0130\u015fleri Ba\u015fkan\u0131 Erba\u015f\u2019tan 8 Mart D\u00fcnya Kad\u0131nlar G\u00fcn\u00fc mesaj\u0131","description":"Diyanet \u0130\u015fleri Ba\u015fkan\u0131 ve T\u00fcrkiye Diyanet Vakf\u0131 M\u00fctevelli Heyeti Ba\u015fkan\u0131 Prof. Dr. Ali Erba\u015f, \u201cNezaket, zarafet, \u015fefkat ve merhamet timsali t\u00fcm kad\u0131nlar\u0131m\u0131z\u0131n 8 Mart D\u00fcnya Kad\u0131nlar G\u00fcn\u00fc\u2019n\u00fc kutluyor, sava\u015f ve \u015fiddet nedeniyle ma\u011fdur olan niceleri i\u00e7in vicdanlar\u0131 harekete ge\u00e7iren bir iyilik seferberli\u011fine vesile olmas\u0131n\u0131 temenni ediyorum.\u201d ifadesini kulland\u0131.","robots":{"index":"index","follow":"follow","max-snippet":"max-snippet:-1","max-image-preview":"max-image-preview:large","max-video-preview":"max-video-preview:-1"},"canonical":"https:\/\/tdv.org\/tr-TR\/diyanet-isleri-baskani-erbastan-8-mart-dunya-kadinlar-gunu-mesaji-3\/","og_locale":"tr_TR","og_type":"article","og_title":"Diyanet \u0130\u015fleri Ba\u015fkan\u0131 Erba\u015f\u2019tan 8 Mart D\u00fcnya Kad\u0131nlar G\u00fcn\u00fc mesaj\u0131","og_description":"Diyanet \u0130\u015fleri Ba\u015fkan\u0131 ve T\u00fcrkiye Diyanet Vakf\u0131 M\u00fctevelli Heyeti Ba\u015fkan\u0131 Prof. Dr. Ali Erba\u015f, \u201cNezaket, zarafet, \u015fefkat ve merhamet timsali t\u00fcm kad\u0131nlar\u0131m\u0131z\u0131n 8 Mart D\u00fcnya Kad\u0131nlar G\u00fcn\u00fc\u2019n\u00fc kutluyor, sava\u015f ve \u015fiddet nedeniyle ma\u011fdur olan niceleri i\u00e7in vicdanlar\u0131 harekete ge\u00e7iren bir iyilik seferberli\u011fine vesile olmas\u0131n\u0131 temenni ediyorum.\u201d ifadesini kulland\u0131.","og_url":"https:\/\/tdv.org\/tr-TR\/diyanet-isleri-baskani-erbastan-8-mart-dunya-kadinlar-gunu-mesaji-3\/","og_site_name":"T\u00fcrkiye Diyanet Vakf\u0131 Resmi Web Sitesi","article_publisher":"https:\/\/www.facebook.com\/Diyanetvakfi\/","article_published_time":"2025-03-08T17:10:13+00:00","article_modified_time":"2025-03-08T22:12:40+00:00","og_image":[{"width":1200,"height":800,"url":"https:\/\/tdv.org\/tr-TR\/wp-content\/uploads\/2025\/03\/diyanet-isleri-baskani-erbastan-8-mart-dunya-kadinlar-gunu-mesaji-3.jpg","type":"image\/jpeg"}],"author":"Selim","twitter_card":"summary_large_image","twitter_creator":"@DiyanetVakfi","twitter_site":"@DiyanetVakfi","schema":{"@context":"https:\/\/schema.org","@graph":[{"@type":"Article","@id":"https:\/\/tdv.org\/tr-TR\/diyanet-isleri-baskani-erbastan-8-mart-dunya-kadinlar-gunu-mesaji-3\/#article","isPartOf":{"@id":"https:\/\/tdv.org\/tr-TR\/diyanet-isleri-baskani-erbastan-8-mart-dunya-kadinlar-gunu-mesaji-3\/"},"author":{"name":"Selim","@id":"https:\/\/tdv.org\/tr-TR\/#\/schema\/person\/752b55e264a99273d55636516d96d5eb"},"headline":"Diyanet \u0130\u015fleri Ba\u015fkan\u0131 Erba\u015f\u2019tan 8 Mart D\u00fcnya Kad\u0131nlar G\u00fcn\u00fc mesaj\u0131","datePublished":"2025-03-08T17:10:13+00:00","dateModified":"2025-03-08T22:12:40+00:00","mainEntityOfPage":{"@id":"https:\/\/tdv.org\/tr-TR\/diyanet-isleri-baskani-erbastan-8-mart-dunya-kadinlar-gunu-mesaji-3\/"},"wordCount":389,"publisher":{"@id":"https:\/\/tdv.org\/tr-TR\/#organization"},"image":{"@id":"https:\/\/tdv.org\/tr-TR\/diyanet-isleri-baskani-erbastan-8-mart-dunya-kadinlar-gunu-mesaji-3\/#primaryimage"},"thumbnailUrl":"https:\/\/tdv.org\/tr-TR\/wp-content\/uploads\/2025\/03\/diyanet-isleri-baskani-erbastan-8-mart-dunya-kadinlar-gunu-mesaji-3.jpg","keywords":["D\u00fcnya Kad\u0131nlar G\u00fcn\u00fc","kad\u0131n","kad\u0131n aile","kad\u0131n aile ve gen\u00e7lik hizmetleri m\u00fcd\u00fcrl\u00fc\u011f\u00fc","kad\u0131n g\u00f6n\u00fcll\u00fcler","kad\u0131n kollar\u0131","kad\u0131n kollar\u0131 komisyonlar\u0131","kad\u0131nlar g\u00fcn\u00fc","T\u00fcrkiye Diyanet Vakf\u0131 Kad\u0131n Kollar\u0131 Komisyonu"],"articleSection":["Haberler"],"inLanguage":"tr"},{"@type":"WebPage","@id":"https:\/\/tdv.org\/tr-TR\/diyanet-isleri-baskani-erbastan-8-mart-dunya-kadinlar-gunu-mesaji-3\/","url":"https:\/\/tdv.org\/tr-TR\/diyanet-isleri-baskani-erbastan-8-mart-dunya-kadinlar-gunu-mesaji-3\/","name":"Diyanet \u0130\u015fleri Ba\u015fkan\u0131 Erba\u015f\u2019tan 8 Mart D\u00fcnya Kad\u0131nlar G\u00fcn\u00fc mesaj\u0131","isPartOf":{"@id":"https:\/\/tdv.org\/tr-TR\/#website"},"primaryImageOfPage":{"@id":"https:\/\/tdv.org\/tr-TR\/diyanet-isleri-baskani-erbastan-8-mart-dunya-kadinlar-gunu-mesaji-3\/#primaryimage"},"image":{"@id":"https:\/\/tdv.org\/tr-TR\/diyanet-isleri-baskani-erbastan-8-mart-dunya-kadinlar-gunu-mesaji-3\/#primaryimage"},"thumbnailUrl":"https:\/\/tdv.org\/tr-TR\/wp-content\/uploads\/2025\/03\/diyanet-isleri-baskani-erbastan-8-mart-dunya-kadinlar-gunu-mesaji-3.jpg","datePublished":"2025-03-08T17:10:13+00:00","dateModified":"2025-03-08T22:12:40+00:00","description":"Diyanet \u0130\u015fleri Ba\u015fkan\u0131 ve T\u00fcrkiye Diyanet Vakf\u0131 M\u00fctevelli Heyeti Ba\u015fkan\u0131 Prof. Dr. Ali Erba\u015f, \u201cNezaket, zarafet, \u015fefkat ve merhamet timsali t\u00fcm kad\u0131nlar\u0131m\u0131z\u0131n 8 Mart D\u00fcnya Kad\u0131nlar G\u00fcn\u00fc\u2019n\u00fc kutluyor, sava\u015f ve \u015fiddet nedeniyle ma\u011fdur olan niceleri i\u00e7in vicdanlar\u0131 harekete ge\u00e7iren bir iyilik seferberli\u011fine vesile olmas\u0131n\u0131 temenni ediyorum.\u201d ifadesini kulland\u0131.","breadcrumb":{"@id":"https:\/\/tdv.org\/tr-TR\/diyanet-isleri-baskani-erbastan-8-mart-dunya-kadinlar-gunu-mesaji-3\/#breadcrumb"},"inLanguage":"tr","potentialAction":[{"@type":"ReadAction","target":["https:\/\/tdv.org\/tr-TR\/diyanet-isleri-baskani-erbastan-8-mart-dunya-kadinlar-gunu-mesaji-3\/"]}]},{"@type":"ImageObject","inLanguage":"tr","@id":"https:\/\/tdv.org\/tr-TR\/diyanet-isleri-baskani-erbastan-8-mart-dunya-kadinlar-gunu-mesaji-3\/#primaryimage","url":"https:\/\/tdv.org\/tr-TR\/wp-content\/uploads\/2025\/03\/diyanet-isleri-baskani-erbastan-8-mart-dunya-kadinlar-gunu-mesaji-3.jpg","contentUrl":"https:\/\/tdv.org\/tr-TR\/wp-content\/uploads\/2025\/03\/diyanet-isleri-baskani-erbastan-8-mart-dunya-kadinlar-gunu-mesaji-3.jpg","width":1200,"height":800},{"@type":"BreadcrumbList","@id":"https:\/\/tdv.org\/tr-TR\/diyanet-isleri-baskani-erbastan-8-mart-dunya-kadinlar-gunu-mesaji-3\/#breadcrumb","itemListElement":[{"@type":"ListItem","position":1,"name":"Anasayfa","item":"https:\/\/tdv.org\/tr-TR\/"},{"@type":"ListItem","position":2,"name":"Diyanet \u0130\u015fleri Ba\u015fkan\u0131 Erba\u015f\u2019tan 8 Mart D\u00fcnya Kad\u0131nlar G\u00fcn\u00fc mesaj\u0131"}]},{"@type":"WebSite","@id":"https:\/\/tdv.org\/tr-TR\/#website","url":"https:\/\/tdv.org\/tr-TR\/","name":"T\u00fcrkiye Diyanet Vakf\u0131 Resmi Web Sitesi","description":"Yery\u00fcz\u00fcnde iyilik egemen oluncaya kadar","publisher":{"@id":"https:\/\/tdv.org\/tr-TR\/#organization"},"alternateName":"T\u00fcrkiye Diyanet Vakf\u0131","potentialAction":[{"@type":"SearchAction","target":{"@type":"EntryPoint","urlTemplate":"https:\/\/tdv.org\/tr-TR\/?s={search_term_string}"},"query-input":{"@type":"PropertyValueSpecification","valueRequired":true,"valueName":"search_term_string"}}],"inLanguage":"tr"},{"@type":"Organization","@id":"https:\/\/tdv.org\/tr-TR\/#organization","name":"T\u00fcrkiye Diyanet Vakf\u0131","alternateName":"T\u00fcrkiye Diyanet Vakf\u0131","url":"https:\/\/tdv.org\/tr-TR\/","logo":{"@type":"ImageObject","inLanguage":"tr","@id":"https:\/\/tdv.org\/tr-TR\/#\/schema\/logo\/image\/","url":"https:\/\/tdv.org\/tr-TR\/wp-content\/uploads\/2018\/12\/TDV_Logo_1.png","contentUrl":"https:\/\/tdv.org\/tr-TR\/wp-content\/uploads\/2018\/12\/TDV_Logo_1.png","width":207,"height":71,"caption":"T\u00fcrkiye Diyanet Vakf\u0131"},"image":{"@id":"https:\/\/tdv.org\/tr-TR\/#\/schema\/logo\/image\/"},"sameAs":["https:\/\/www.facebook.com\/Diyanetvakfi\/","https:\/\/x.com\/DiyanetVakfi","https:\/\/www.instagram.com\/turkiyediyanetvakfi\/","https:\/\/www.youtube.com\/user\/TurkiyeDiyanetVakfi"]},{"@type":"Person","@id":"https:\/\/tdv.org\/tr-TR\/#\/schema\/person\/752b55e264a99273d55636516d96d5eb","name":"Selim","image":{"@type":"ImageObject","inLanguage":"tr","@id":"https:\/\/tdv.org\/tr-TR\/wp-content\/litespeed\/avatar\/a1e47b25396e98e5b781e88a5396cd96.jpg?ver=1777287391","url":"https:\/\/tdv.org\/tr-TR\/wp-content\/litespeed\/avatar\/a1e47b25396e98e5b781e88a5396cd96.jpg?ver=1777287391","contentUrl":"https:\/\/tdv.org\/tr-TR\/wp-content\/litespeed\/avatar\/a1e47b25396e98e5b781e88a5396cd96.jpg?ver=1777287391","caption":"Selim"}}]}},"_links":{"self":[{"href":"https:\/\/tdv.org\/tr-TR\/wp-json\/wp\/v2\/posts\/49609","targetHints":{"allow":["GET"]}}],"collection":[{"href":"https:\/\/tdv.org\/tr-TR\/wp-json\/wp\/v2\/posts"}],"about":[{"href":"https:\/\/tdv.org\/tr-TR\/wp-json\/wp\/v2\/types\/post"}],"author":[{"embeddable":true,"href":"https:\/\/tdv.org\/tr-TR\/wp-json\/wp\/v2\/users\/8"}],"replies":[{"embeddable":true,"href":"https:\/\/tdv.org\/tr-TR\/wp-json\/wp\/v2\/comments?post=49609"}],"version-history":[{"count":1,"href":"https:\/\/tdv.org\/tr-TR\/wp-json\/wp\/v2\/posts\/49609\/revisions"}],"predecessor-version":[{"id":49611,"href":"https:\/\/tdv.org\/tr-TR\/wp-json\/wp\/v2\/posts\/49609\/revisions\/49611"}],"wp:featuredmedia":[{"embeddable":true,"href":"https:\/\/tdv.org\/tr-TR\/wp-json\/wp\/v2\/media\/49610"}],"wp:attachment":[{"href":"https:\/\/tdv.org\/tr-TR\/wp-json\/wp\/v2\/media?parent=49609"}],"wp:term":[{"taxonomy":"category","embeddable":true,"href":"https:\/\/tdv.org\/tr-TR\/wp-json\/wp\/v2\/categories?post=49609"},{"taxonomy":"post_tag","embeddable":true,"href":"https:\/\/tdv.org\/tr-TR\/wp-json\/wp\/v2\/tags?post=49609"}],"curies":[{"name":"wp","href":"https:\/\/api.w.org\/{rel}","templated":true}]}}