{"id":49737,"date":"2025-03-11T16:01:33","date_gmt":"2025-03-11T13:01:33","guid":{"rendered":"https:\/\/tdv.org\/tr-TR\/?p=49737"},"modified":"2025-03-13T14:53:08","modified_gmt":"2025-03-13T11:53:08","slug":"turkiye-diyanet-vakfindan-etiyopyada-35-bin-ihtiyac-sahibine-ramazan-yardimi","status":"publish","type":"post","link":"https:\/\/tdv.org\/tr-TR\/turkiye-diyanet-vakfindan-etiyopyada-35-bin-ihtiyac-sahibine-ramazan-yardimi\/","title":{"rendered":"T\u00fcrkiye\u202fDiyanet\u202fVakf\u0131ndan Etiyopya&#8217;da 35 bin ihtiya\u00e7 sahibine ramazan yard\u0131m\u0131"},"content":{"rendered":"<p style=\"text-align: justify;\"><span data-contrast=\"none\"><a href=\"https:\/\/tdv.org\/tr-TR\/\" target=\"_blank\" rel=\"noopener\">T\u00fcrkiye\u202fDiyanet\u202fVakf\u0131\u202f(TDV),<\/a> \u00a0<a href=\"https:\/\/bagis.tdv.org\/#ramazan\" target=\"_blank\" rel=\"noopener\">ramazan<\/a> ay\u0131 dolay\u0131s\u0131yla Etiyopya&#8217;da ihtiya\u00e7 sahibi 35 bin ki\u015fiye <a href=\"https:\/\/bagis.tdv.org\/ramazan\/gida-paketi-39\">g\u0131da kolisi<\/a>\u00a0, iftarl\u0131k ve bayraml\u0131k k\u0131yafet deste\u011fi sa\u011flad\u0131.<\/span><span data-ccp-props=\"{&quot;134233118&quot;:true,&quot;201341983&quot;:2,&quot;335557856&quot;:16777215,&quot;335559740&quot;:390}\">\u00a0<\/span><\/p>\n<p style=\"text-align: justify;\"><span data-contrast=\"none\">TDV&#8217;den yap\u0131lan yaz\u0131l\u0131 a\u00e7\u0131klamaya g\u00f6re, \u00a0<a href=\"https:\/\/bagis.tdv.org\/#ramazan\" target=\"_blank\" rel=\"noopener\">ramazan<\/a> ay\u0131 dolay\u0131s\u0131yla Etiyopya&#8217;da ihtiya\u00e7 sahiplerine y\u00f6nelik g\u0131da ve giyim yard\u0131m\u0131 ger\u00e7ekle\u015ftirildi.<\/span><span data-ccp-props=\"{&quot;134233118&quot;:true,&quot;201341983&quot;:2,&quot;335557856&quot;:16777215,&quot;335559740&quot;:390}\">\u00a0<\/span><\/p>\n<p style=\"text-align: justify;\"><span data-contrast=\"none\">Ba\u015fkent Addis Ababa&#8217;daki \u0130slam Konseyi Merkezi&#8217;nde yap\u0131lan yard\u0131m da\u011f\u0131t\u0131m\u0131 program\u0131na, T\u00fcrkiye&#8217;nin Addis Ababa B\u00fcy\u00fckel\u00e7isi Berk Baran, Din Hizmetleri M\u00fc\u015faviri Ya\u015far Cuhadar ile TDV g\u00f6revlileri ve g\u00f6n\u00fcll\u00fcleri kat\u0131ld\u0131.<\/span><span data-ccp-props=\"{&quot;134233118&quot;:true,&quot;201341983&quot;:2,&quot;335557856&quot;:16777215,&quot;335559740&quot;:390}\">\u00a0<\/span><\/p>\n<p style=\"text-align: justify;\"><span data-contrast=\"none\">Programda konu\u015fma yapan B\u00fcy\u00fckel\u00e7i Baran, T\u00fcrkiye ve Etiyopya halklar\u0131 aras\u0131nda as\u0131rlar dayanan bir birliktelik oldu\u011funu belirtti.<\/span><span data-ccp-props=\"{&quot;134233118&quot;:true,&quot;201341983&quot;:2,&quot;335557856&quot;:16777215,&quot;335559740&quot;:390}\">\u00a0<\/span><\/p>\n<p style=\"text-align: justify;\"><span data-contrast=\"none\">TDV&#8217;nin b\u00f6lge ofislerinin ilkini Etiyopya&#8217;da a\u00e7t\u0131\u011f\u0131n\u0131 an\u0131msatan Baran, &#8220;T\u00fcrkiye&#8217;nin en b\u00fcy\u00fck sivil toplum kurulu\u015fu olan TDV&#8217;nin Etiyopya halk\u0131yla ramazan ay\u0131 vesilesiyle aziz milletimizin emanetlerini payla\u015fmas\u0131 \u00e7ok anlaml\u0131.&#8221; dedi.<\/span><span data-ccp-props=\"{&quot;134233118&quot;:true,&quot;201341983&quot;:2,&quot;335557856&quot;:16777215,&quot;335559740&quot;:390}\">\u00a0<\/span><\/p>\n<p style=\"text-align: justify;\"><span data-contrast=\"none\">Ramazan\u0131n en \u00f6nemli taraf\u0131n\u0131n &#8220;payla\u015fmak&#8221; oldu\u011funu vurgulayan Baran, &#8220;TDV&#8217;nin Etiyopya&#8217;n\u0131n farkl\u0131 eyaletlerinde yetim \u00f6\u011frenciler i\u00e7in k\u0131yafet, g\u0131da yard\u0131m\u0131 yapmas\u0131, iftar vermesi aram\u0131zdaki ba\u011f\u0131 daha de g\u00fc\u00e7lendiren sembolik bir faaliyet olmu\u015ftur.&#8221; ifadesini kulland\u0131.<\/span><span data-ccp-props=\"{&quot;134233118&quot;:true,&quot;201341983&quot;:2,&quot;335557856&quot;:16777215,&quot;335559740&quot;:390}\">\u00a0<\/span><\/p>\n<p style=\"text-align: justify;\"><span data-contrast=\"none\">Addis Ababa Din Hizmetleri M\u00fc\u015faviri Ya\u015far Cuhadar da yakla\u015f\u0131k 15 y\u0131ld\u0131r Etiyopya&#8217;da\u202fDiyanet\u202f\u0130\u015fleri Ba\u015fkanl\u0131\u011f\u0131 ve TDV olarak insani ve hay\u0131r hizmetlerini yerine getirdiklerini belirtti.<\/span><span data-ccp-props=\"{&quot;134233118&quot;:true,&quot;201341983&quot;:2,&quot;335557856&quot;:16777215,&quot;335559740&quot;:390}\">\u00a0<\/span><\/p>\n<p style=\"text-align: justify;\"><span data-contrast=\"none\">Etiyopya&#8217;n\u0131n ba\u015fkenti ba\u015fta olmak \u00fczere, Beni \u015eangul, Oromia, Amhara, Afar, ve Tigray b\u00f6lgelerine yard\u0131m yap\u0131ld\u0131\u011f\u0131n\u0131 anlatan Cuhadar, m\u00fclteci kamplar\u0131nda, yetimhanelerde ve Kur&#8217;an kurslar\u0131nda da 5 bin ki\u015fiye iftar deste\u011fi sa\u011flad\u0131klar\u0131n\u0131 kaydetti.<\/span><span data-ccp-props=\"{&quot;134233118&quot;:true,&quot;201341983&quot;:2,&quot;335557856&quot;:16777215,&quot;335559740&quot;:390}\">\u00a0<\/span><\/p>\n<p style=\"text-align: justify;\"><span data-contrast=\"none\">Ramazan ay\u0131 dolay\u0131s\u0131yla Etiyopya&#8217;da ihtiya\u00e7 sahibi 35 bin ki\u015fiye g\u0131da kolisi, iftarl\u0131k ve bayraml\u0131k k\u0131yafet deste\u011fi sa\u011flamay\u0131 planlad\u0131klar\u0131n\u0131 bildiren Cuhadar, ihtiya\u00e7 sahibi 5 bin 800 aileye g\u0131da kolisi da\u011f\u0131tt\u0131klar\u0131n\u0131 ve 3 bin \u00e7ocu\u011fa bayraml\u0131k k\u0131yafet deste\u011finde bulunduklar\u0131n\u0131 belirtti.<\/span><span data-ccp-props=\"{&quot;134233118&quot;:true,&quot;201341983&quot;:2,&quot;335557856&quot;:16777215,&quot;335559740&quot;:390}\">\u00a0<\/span><\/p>\n\n\t\t<style type=\"text\/css\">\n\t\t\t#gallery-1 {\n\t\t\t\tmargin: auto;\n\t\t\t}\n\t\t\t#gallery-1 .gallery-item {\n\t\t\t\tfloat: left;\n\t\t\t\tmargin-top: 10px;\n\t\t\t\ttext-align: center;\n\t\t\t\twidth: 33%;\n\t\t\t}\n\t\t\t#gallery-1 img {\n\t\t\t\tborder: 2px solid #cfcfcf;\n\t\t\t}\n\t\t\t#gallery-1 .gallery-caption {\n\t\t\t\tmargin-left: 0;\n\t\t\t}\n\t\t\t\/* see gallery_shortcode() in wp-includes\/media.php *\/\n\t\t<\/style>\n\t\t<div id='gallery-1' class='gallery galleryid-49737 gallery-columns-3 gallery-size-large'><dl class='gallery-item'>\n\t\t\t<dt class='gallery-icon landscape'>\n\t\t\t\t<a href='https:\/\/tdv.org\/tr-TR\/wp-content\/uploads\/2025\/03\/turkiye-diyanet-vakfindan-etiyopyada-35-bin-ihtiyac-sahibine-ramazan-yardimi-3.jpg'><img decoding=\"async\" width=\"1024\" height=\"683\" src=\"https:\/\/tdv.org\/tr-TR\/wp-content\/uploads\/2025\/03\/turkiye-diyanet-vakfindan-etiyopyada-35-bin-ihtiyac-sahibine-ramazan-yardimi-3-1024x683.jpg\" class=\"attachment-large size-large\" alt=\"T\u00fcrkiye\u202fDiyanet\u202fVakf\u0131ndan Etiyopya&#039;da 35 bin ihtiya\u00e7 sahibine ramazan yard\u0131m\u0131, ihtiya\u00e7 sahiplerine ramazan kolisi yard\u0131m\" srcset=\"https:\/\/tdv.org\/tr-TR\/wp-content\/uploads\/2025\/03\/turkiye-diyanet-vakfindan-etiyopyada-35-bin-ihtiyac-sahibine-ramazan-yardimi-3-1024x683.jpg 1024w, https:\/\/tdv.org\/tr-TR\/wp-content\/uploads\/2025\/03\/turkiye-diyanet-vakfindan-etiyopyada-35-bin-ihtiyac-sahibine-ramazan-yardimi-3-300x200.jpg 300w, https:\/\/tdv.org\/tr-TR\/wp-content\/uploads\/2025\/03\/turkiye-diyanet-vakfindan-etiyopyada-35-bin-ihtiyac-sahibine-ramazan-yardimi-3-768x512.jpg 768w, https:\/\/tdv.org\/tr-TR\/wp-content\/uploads\/2025\/03\/turkiye-diyanet-vakfindan-etiyopyada-35-bin-ihtiyac-sahibine-ramazan-yardimi-3-900x600.jpg 900w, https:\/\/tdv.org\/tr-TR\/wp-content\/uploads\/2025\/03\/turkiye-diyanet-vakfindan-etiyopyada-35-bin-ihtiyac-sahibine-ramazan-yardimi-3.jpg 1152w\" sizes=\"(max-width: 1024px) 100vw, 1024px\" \/><\/a>\n\t\t\t<\/dt><\/dl><dl class='gallery-item'>\n\t\t\t<dt class='gallery-icon landscape'>\n\t\t\t\t<a href='https:\/\/tdv.org\/tr-TR\/wp-content\/uploads\/2025\/03\/turkiye-diyanet-vakfindan-etiyopyada-35-bin-ihtiyac-sahibine-ramazan-yardimi-2.jpg'><img decoding=\"async\" width=\"1024\" height=\"683\" src=\"https:\/\/tdv.org\/tr-TR\/wp-content\/uploads\/2025\/03\/turkiye-diyanet-vakfindan-etiyopyada-35-bin-ihtiyac-sahibine-ramazan-yardimi-2-1024x683.jpg\" class=\"attachment-large size-large\" alt=\"T\u00fcrkiye\u202fDiyanet\u202fVakf\u0131ndan Etiyopya&#039;da 35 bin ihtiya\u00e7 sahibine ramazan yard\u0131m\u0131, ihtiya\u00e7 sahiplerine ramazan kolisi yard\u0131m\" srcset=\"https:\/\/tdv.org\/tr-TR\/wp-content\/uploads\/2025\/03\/turkiye-diyanet-vakfindan-etiyopyada-35-bin-ihtiyac-sahibine-ramazan-yardimi-2-1024x683.jpg 1024w, https:\/\/tdv.org\/tr-TR\/wp-content\/uploads\/2025\/03\/turkiye-diyanet-vakfindan-etiyopyada-35-bin-ihtiyac-sahibine-ramazan-yardimi-2-300x200.jpg 300w, https:\/\/tdv.org\/tr-TR\/wp-content\/uploads\/2025\/03\/turkiye-diyanet-vakfindan-etiyopyada-35-bin-ihtiyac-sahibine-ramazan-yardimi-2-768x512.jpg 768w, https:\/\/tdv.org\/tr-TR\/wp-content\/uploads\/2025\/03\/turkiye-diyanet-vakfindan-etiyopyada-35-bin-ihtiyac-sahibine-ramazan-yardimi-2-900x600.jpg 900w, https:\/\/tdv.org\/tr-TR\/wp-content\/uploads\/2025\/03\/turkiye-diyanet-vakfindan-etiyopyada-35-bin-ihtiyac-sahibine-ramazan-yardimi-2.jpg 1152w\" sizes=\"(max-width: 1024px) 100vw, 1024px\" \/><\/a>\n\t\t\t<\/dt><\/dl><dl class='gallery-item'>\n\t\t\t<dt class='gallery-icon landscape'>\n\t\t\t\t<a href='https:\/\/tdv.org\/tr-TR\/wp-content\/uploads\/2025\/03\/turkiye-diyanet-vakfindan-etiyopyada-35-bin-ihtiyac-sahibine-ramazan-yardimi-1.jpg'><img decoding=\"async\" width=\"1024\" height=\"683\" src=\"https:\/\/tdv.org\/tr-TR\/wp-content\/uploads\/2025\/03\/turkiye-diyanet-vakfindan-etiyopyada-35-bin-ihtiyac-sahibine-ramazan-yardimi-1-1024x683.jpg\" class=\"attachment-large size-large\" alt=\"T\u00fcrkiye\u202fDiyanet\u202fVakf\u0131ndan Etiyopya&#039;da 35 bin ihtiya\u00e7 sahibine ramazan yard\u0131m\u0131, ihtiya\u00e7 sahiplerine ramazan kolisi yard\u0131m\" srcset=\"https:\/\/tdv.org\/tr-TR\/wp-content\/uploads\/2025\/03\/turkiye-diyanet-vakfindan-etiyopyada-35-bin-ihtiyac-sahibine-ramazan-yardimi-1-1024x683.jpg 1024w, https:\/\/tdv.org\/tr-TR\/wp-content\/uploads\/2025\/03\/turkiye-diyanet-vakfindan-etiyopyada-35-bin-ihtiyac-sahibine-ramazan-yardimi-1-300x200.jpg 300w, https:\/\/tdv.org\/tr-TR\/wp-content\/uploads\/2025\/03\/turkiye-diyanet-vakfindan-etiyopyada-35-bin-ihtiyac-sahibine-ramazan-yardimi-1-768x512.jpg 768w, https:\/\/tdv.org\/tr-TR\/wp-content\/uploads\/2025\/03\/turkiye-diyanet-vakfindan-etiyopyada-35-bin-ihtiyac-sahibine-ramazan-yardimi-1-900x600.jpg 900w, https:\/\/tdv.org\/tr-TR\/wp-content\/uploads\/2025\/03\/turkiye-diyanet-vakfindan-etiyopyada-35-bin-ihtiyac-sahibine-ramazan-yardimi-1.jpg 1152w\" sizes=\"(max-width: 1024px) 100vw, 1024px\" \/><\/a>\n\t\t\t<\/dt><\/dl><br style=\"clear: both\" \/>\n\t\t<\/div>\n\n","protected":false},"excerpt":{"rendered":"<p>T\u00fcrkiye\u202fDiyanet\u202fVakf\u0131\u202f(TDV), \u00a0ramazan ay\u0131 dolay\u0131s\u0131yla Etiyopya&#8217;da ihtiya\u00e7 sahibi 35 bin ki\u015fiye g\u0131da kolisi\u00a0, iftarl\u0131k ve bayraml\u0131k k\u0131yafet deste\u011fi sa\u011flad\u0131.\u00a0 TDV&#8217;den yap\u0131lan yaz\u0131l\u0131 a\u00e7\u0131klamaya g\u00f6re, \u00a0ramazan ay\u0131 dolay\u0131s\u0131yla Etiyopya&#8217;da ihtiya\u00e7 sahiplerine y\u00f6nelik&#8230;<\/p>\n","protected":false},"author":8,"featured_media":49739,"comment_status":"closed","ping_status":"closed","sticky":false,"template":"","format":"standard","meta":{"footnotes":""},"categories":[1],"tags":[2383],"class_list":{"0":"post-49737","1":"post","2":"type-post","3":"status-publish","4":"format-standard","5":"has-post-thumbnail","7":"category-haberler","8":"tag-2025-ramazan"},"yoast_head":"<!-- This site is optimized with the Yoast SEO plugin v27.4 - https:\/\/yoast.com\/product\/yoast-seo-wordpress\/ -->\n<title>T\u00fcrkiye\u202fDiyanet\u202fVakf\u0131ndan Etiyopya&#039;da 35 bin ihtiya\u00e7 sahibine ramazan yard\u0131m\u0131<\/title>\n<meta name=\"description\" content=\"T\u00fcrkiye\u202fDiyanet\u202fVakf\u0131\u202f(TDV), \u00a0ramazan ay\u0131 dolay\u0131s\u0131yla Etiyopya&#039;da ihtiya\u00e7 sahibi 35 bin ki\u015fiye g\u0131da kolisi\u00a0, iftarl\u0131k ve bayraml\u0131k k\u0131yafet deste\u011fi sa\u011flad\u0131.\u00a0\" \/>\n<meta name=\"robots\" content=\"index, follow, max-snippet:-1, max-image-preview:large, max-video-preview:-1\" \/>\n<link rel=\"canonical\" href=\"https:\/\/tdv.org\/tr-TR\/turkiye-diyanet-vakfindan-etiyopyada-35-bin-ihtiyac-sahibine-ramazan-yardimi\/\" \/>\n<meta property=\"og:locale\" content=\"tr_TR\" \/>\n<meta property=\"og:type\" content=\"article\" \/>\n<meta property=\"og:title\" content=\"T\u00fcrkiye\u202fDiyanet\u202fVakf\u0131ndan Etiyopya&#039;da 35 bin ihtiya\u00e7 sahibine ramazan yard\u0131m\u0131\" \/>\n<meta property=\"og:description\" content=\"T\u00fcrkiye\u202fDiyanet\u202fVakf\u0131\u202f(TDV), \u00a0ramazan ay\u0131 dolay\u0131s\u0131yla Etiyopya&#039;da ihtiya\u00e7 sahibi 35 bin ki\u015fiye g\u0131da kolisi\u00a0, iftarl\u0131k ve bayraml\u0131k k\u0131yafet deste\u011fi sa\u011flad\u0131.\u00a0\" \/>\n<meta property=\"og:url\" content=\"https:\/\/tdv.org\/tr-TR\/turkiye-diyanet-vakfindan-etiyopyada-35-bin-ihtiyac-sahibine-ramazan-yardimi\/\" \/>\n<meta property=\"og:site_name\" content=\"T\u00fcrkiye Diyanet Vakf\u0131 Resmi Web Sitesi\" \/>\n<meta property=\"article:publisher\" content=\"https:\/\/www.facebook.com\/Diyanetvakfi\/\" \/>\n<meta property=\"article:published_time\" content=\"2025-03-11T13:01:33+00:00\" \/>\n<meta property=\"article:modified_time\" content=\"2025-03-13T11:53:08+00:00\" \/>\n<meta property=\"og:image\" content=\"https:\/\/tdv.org\/tr-TR\/wp-content\/uploads\/2025\/03\/turkiye-diyanet-vakfindan-etiyopyada-35-bin-ihtiyac-sahibine-ramazan-yardimi-1.jpg\" \/>\n\t<meta property=\"og:image:width\" content=\"1152\" \/>\n\t<meta property=\"og:image:height\" content=\"768\" \/>\n\t<meta property=\"og:image:type\" content=\"image\/jpeg\" \/>\n<meta name=\"author\" content=\"Selim\" \/>\n<meta name=\"twitter:card\" content=\"summary_large_image\" \/>\n<meta name=\"twitter:creator\" content=\"@DiyanetVakfi\" \/>\n<meta name=\"twitter:site\" content=\"@DiyanetVakfi\" \/>\n<script type=\"application\/ld+json\" class=\"yoast-schema-graph\">{\"@context\":\"https:\\\/\\\/schema.org\",\"@graph\":[{\"@type\":\"Article\",\"@id\":\"https:\\\/\\\/tdv.org\\\/tr-TR\\\/turkiye-diyanet-vakfindan-etiyopyada-35-bin-ihtiyac-sahibine-ramazan-yardimi\\\/#article\",\"isPartOf\":{\"@id\":\"https:\\\/\\\/tdv.org\\\/tr-TR\\\/turkiye-diyanet-vakfindan-etiyopyada-35-bin-ihtiyac-sahibine-ramazan-yardimi\\\/\"},\"author\":{\"name\":\"Selim\",\"@id\":\"https:\\\/\\\/tdv.org\\\/tr-TR\\\/#\\\/schema\\\/person\\\/752b55e264a99273d55636516d96d5eb\"},\"headline\":\"T\u00fcrkiye\u202fDiyanet\u202fVakf\u0131ndan Etiyopya&#8217;da 35 bin ihtiya\u00e7 sahibine ramazan yard\u0131m\u0131\",\"datePublished\":\"2025-03-11T13:01:33+00:00\",\"dateModified\":\"2025-03-13T11:53:08+00:00\",\"mainEntityOfPage\":{\"@id\":\"https:\\\/\\\/tdv.org\\\/tr-TR\\\/turkiye-diyanet-vakfindan-etiyopyada-35-bin-ihtiyac-sahibine-ramazan-yardimi\\\/\"},\"wordCount\":374,\"publisher\":{\"@id\":\"https:\\\/\\\/tdv.org\\\/tr-TR\\\/#organization\"},\"image\":{\"@id\":\"https:\\\/\\\/tdv.org\\\/tr-TR\\\/turkiye-diyanet-vakfindan-etiyopyada-35-bin-ihtiyac-sahibine-ramazan-yardimi\\\/#primaryimage\"},\"thumbnailUrl\":\"https:\\\/\\\/tdv.org\\\/tr-TR\\\/wp-content\\\/uploads\\\/2025\\\/03\\\/turkiye-diyanet-vakfindan-etiyopyada-35-bin-ihtiyac-sahibine-ramazan-yardimi-1.jpg\",\"keywords\":[\"2025 ramazan\"],\"articleSection\":[\"Haberler\"],\"inLanguage\":\"tr\"},{\"@type\":\"WebPage\",\"@id\":\"https:\\\/\\\/tdv.org\\\/tr-TR\\\/turkiye-diyanet-vakfindan-etiyopyada-35-bin-ihtiyac-sahibine-ramazan-yardimi\\\/\",\"url\":\"https:\\\/\\\/tdv.org\\\/tr-TR\\\/turkiye-diyanet-vakfindan-etiyopyada-35-bin-ihtiyac-sahibine-ramazan-yardimi\\\/\",\"name\":\"T\u00fcrkiye\u202fDiyanet\u202fVakf\u0131ndan Etiyopya'da 35 bin ihtiya\u00e7 sahibine ramazan yard\u0131m\u0131\",\"isPartOf\":{\"@id\":\"https:\\\/\\\/tdv.org\\\/tr-TR\\\/#website\"},\"primaryImageOfPage\":{\"@id\":\"https:\\\/\\\/tdv.org\\\/tr-TR\\\/turkiye-diyanet-vakfindan-etiyopyada-35-bin-ihtiyac-sahibine-ramazan-yardimi\\\/#primaryimage\"},\"image\":{\"@id\":\"https:\\\/\\\/tdv.org\\\/tr-TR\\\/turkiye-diyanet-vakfindan-etiyopyada-35-bin-ihtiyac-sahibine-ramazan-yardimi\\\/#primaryimage\"},\"thumbnailUrl\":\"https:\\\/\\\/tdv.org\\\/tr-TR\\\/wp-content\\\/uploads\\\/2025\\\/03\\\/turkiye-diyanet-vakfindan-etiyopyada-35-bin-ihtiyac-sahibine-ramazan-yardimi-1.jpg\",\"datePublished\":\"2025-03-11T13:01:33+00:00\",\"dateModified\":\"2025-03-13T11:53:08+00:00\",\"description\":\"T\u00fcrkiye\u202fDiyanet\u202fVakf\u0131\u202f(TDV), \u00a0ramazan ay\u0131 dolay\u0131s\u0131yla Etiyopya'da ihtiya\u00e7 sahibi 35 bin ki\u015fiye g\u0131da kolisi\u00a0, iftarl\u0131k ve bayraml\u0131k k\u0131yafet deste\u011fi sa\u011flad\u0131.\u00a0\",\"breadcrumb\":{\"@id\":\"https:\\\/\\\/tdv.org\\\/tr-TR\\\/turkiye-diyanet-vakfindan-etiyopyada-35-bin-ihtiyac-sahibine-ramazan-yardimi\\\/#breadcrumb\"},\"inLanguage\":\"tr\",\"potentialAction\":[{\"@type\":\"ReadAction\",\"target\":[\"https:\\\/\\\/tdv.org\\\/tr-TR\\\/turkiye-diyanet-vakfindan-etiyopyada-35-bin-ihtiyac-sahibine-ramazan-yardimi\\\/\"]}]},{\"@type\":\"ImageObject\",\"inLanguage\":\"tr\",\"@id\":\"https:\\\/\\\/tdv.org\\\/tr-TR\\\/turkiye-diyanet-vakfindan-etiyopyada-35-bin-ihtiyac-sahibine-ramazan-yardimi\\\/#primaryimage\",\"url\":\"https:\\\/\\\/tdv.org\\\/tr-TR\\\/wp-content\\\/uploads\\\/2025\\\/03\\\/turkiye-diyanet-vakfindan-etiyopyada-35-bin-ihtiyac-sahibine-ramazan-yardimi-1.jpg\",\"contentUrl\":\"https:\\\/\\\/tdv.org\\\/tr-TR\\\/wp-content\\\/uploads\\\/2025\\\/03\\\/turkiye-diyanet-vakfindan-etiyopyada-35-bin-ihtiyac-sahibine-ramazan-yardimi-1.jpg\",\"width\":1152,\"height\":768,\"caption\":\"T\u00fcrkiye\u202fDiyanet\u202fVakf\u0131ndan Etiyopya'da 35 bin ihtiya\u00e7 sahibine ramazan yard\u0131m\u0131, ihtiya\u00e7 sahiplerine ramazan kolisi yard\u0131m\"},{\"@type\":\"BreadcrumbList\",\"@id\":\"https:\\\/\\\/tdv.org\\\/tr-TR\\\/turkiye-diyanet-vakfindan-etiyopyada-35-bin-ihtiyac-sahibine-ramazan-yardimi\\\/#breadcrumb\",\"itemListElement\":[{\"@type\":\"ListItem\",\"position\":1,\"name\":\"Anasayfa\",\"item\":\"https:\\\/\\\/tdv.org\\\/tr-TR\\\/\"},{\"@type\":\"ListItem\",\"position\":2,\"name\":\"T\u00fcrkiye\u202fDiyanet\u202fVakf\u0131ndan Etiyopya&#8217;da 35 bin ihtiya\u00e7 sahibine ramazan yard\u0131m\u0131\"}]},{\"@type\":\"WebSite\",\"@id\":\"https:\\\/\\\/tdv.org\\\/tr-TR\\\/#website\",\"url\":\"https:\\\/\\\/tdv.org\\\/tr-TR\\\/\",\"name\":\"T\u00fcrkiye Diyanet Vakf\u0131 Resmi Web Sitesi\",\"description\":\"Yery\u00fcz\u00fcnde iyilik egemen oluncaya kadar\",\"publisher\":{\"@id\":\"https:\\\/\\\/tdv.org\\\/tr-TR\\\/#organization\"},\"alternateName\":\"T\u00fcrkiye Diyanet Vakf\u0131\",\"potentialAction\":[{\"@type\":\"SearchAction\",\"target\":{\"@type\":\"EntryPoint\",\"urlTemplate\":\"https:\\\/\\\/tdv.org\\\/tr-TR\\\/?s={search_term_string}\"},\"query-input\":{\"@type\":\"PropertyValueSpecification\",\"valueRequired\":true,\"valueName\":\"search_term_string\"}}],\"inLanguage\":\"tr\"},{\"@type\":\"Organization\",\"@id\":\"https:\\\/\\\/tdv.org\\\/tr-TR\\\/#organization\",\"name\":\"T\u00fcrkiye Diyanet Vakf\u0131\",\"alternateName\":\"T\u00fcrkiye Diyanet Vakf\u0131\",\"url\":\"https:\\\/\\\/tdv.org\\\/tr-TR\\\/\",\"logo\":{\"@type\":\"ImageObject\",\"inLanguage\":\"tr\",\"@id\":\"https:\\\/\\\/tdv.org\\\/tr-TR\\\/#\\\/schema\\\/logo\\\/image\\\/\",\"url\":\"https:\\\/\\\/tdv.org\\\/tr-TR\\\/wp-content\\\/uploads\\\/2018\\\/12\\\/TDV_Logo_1.png\",\"contentUrl\":\"https:\\\/\\\/tdv.org\\\/tr-TR\\\/wp-content\\\/uploads\\\/2018\\\/12\\\/TDV_Logo_1.png\",\"width\":207,\"height\":71,\"caption\":\"T\u00fcrkiye Diyanet Vakf\u0131\"},\"image\":{\"@id\":\"https:\\\/\\\/tdv.org\\\/tr-TR\\\/#\\\/schema\\\/logo\\\/image\\\/\"},\"sameAs\":[\"https:\\\/\\\/www.facebook.com\\\/Diyanetvakfi\\\/\",\"https:\\\/\\\/x.com\\\/DiyanetVakfi\",\"https:\\\/\\\/www.instagram.com\\\/turkiyediyanetvakfi\\\/\",\"https:\\\/\\\/www.youtube.com\\\/user\\\/TurkiyeDiyanetVakfi\"]},{\"@type\":\"Person\",\"@id\":\"https:\\\/\\\/tdv.org\\\/tr-TR\\\/#\\\/schema\\\/person\\\/752b55e264a99273d55636516d96d5eb\",\"name\":\"Selim\",\"image\":{\"@type\":\"ImageObject\",\"inLanguage\":\"tr\",\"@id\":\"https:\\\/\\\/tdv.org\\\/tr-TR\\\/wp-content\\\/litespeed\\\/avatar\\\/a1e47b25396e98e5b781e88a5396cd96.jpg?ver=1776682544\",\"url\":\"https:\\\/\\\/tdv.org\\\/tr-TR\\\/wp-content\\\/litespeed\\\/avatar\\\/a1e47b25396e98e5b781e88a5396cd96.jpg?ver=1776682544\",\"contentUrl\":\"https:\\\/\\\/tdv.org\\\/tr-TR\\\/wp-content\\\/litespeed\\\/avatar\\\/a1e47b25396e98e5b781e88a5396cd96.jpg?ver=1776682544\",\"caption\":\"Selim\"}}]}<\/script>\n<!-- \/ Yoast SEO plugin. -->","yoast_head_json":{"title":"T\u00fcrkiye\u202fDiyanet\u202fVakf\u0131ndan Etiyopya'da 35 bin ihtiya\u00e7 sahibine ramazan yard\u0131m\u0131","description":"T\u00fcrkiye\u202fDiyanet\u202fVakf\u0131\u202f(TDV), \u00a0ramazan ay\u0131 dolay\u0131s\u0131yla Etiyopya'da ihtiya\u00e7 sahibi 35 bin ki\u015fiye g\u0131da kolisi\u00a0, iftarl\u0131k ve bayraml\u0131k k\u0131yafet deste\u011fi sa\u011flad\u0131.\u00a0","robots":{"index":"index","follow":"follow","max-snippet":"max-snippet:-1","max-image-preview":"max-image-preview:large","max-video-preview":"max-video-preview:-1"},"canonical":"https:\/\/tdv.org\/tr-TR\/turkiye-diyanet-vakfindan-etiyopyada-35-bin-ihtiyac-sahibine-ramazan-yardimi\/","og_locale":"tr_TR","og_type":"article","og_title":"T\u00fcrkiye\u202fDiyanet\u202fVakf\u0131ndan Etiyopya'da 35 bin ihtiya\u00e7 sahibine ramazan yard\u0131m\u0131","og_description":"T\u00fcrkiye\u202fDiyanet\u202fVakf\u0131\u202f(TDV), \u00a0ramazan ay\u0131 dolay\u0131s\u0131yla Etiyopya'da ihtiya\u00e7 sahibi 35 bin ki\u015fiye g\u0131da kolisi\u00a0, iftarl\u0131k ve bayraml\u0131k k\u0131yafet deste\u011fi sa\u011flad\u0131.\u00a0","og_url":"https:\/\/tdv.org\/tr-TR\/turkiye-diyanet-vakfindan-etiyopyada-35-bin-ihtiyac-sahibine-ramazan-yardimi\/","og_site_name":"T\u00fcrkiye Diyanet Vakf\u0131 Resmi Web Sitesi","article_publisher":"https:\/\/www.facebook.com\/Diyanetvakfi\/","article_published_time":"2025-03-11T13:01:33+00:00","article_modified_time":"2025-03-13T11:53:08+00:00","og_image":[{"width":1152,"height":768,"url":"https:\/\/tdv.org\/tr-TR\/wp-content\/uploads\/2025\/03\/turkiye-diyanet-vakfindan-etiyopyada-35-bin-ihtiyac-sahibine-ramazan-yardimi-1.jpg","type":"image\/jpeg"}],"author":"Selim","twitter_card":"summary_large_image","twitter_creator":"@DiyanetVakfi","twitter_site":"@DiyanetVakfi","schema":{"@context":"https:\/\/schema.org","@graph":[{"@type":"Article","@id":"https:\/\/tdv.org\/tr-TR\/turkiye-diyanet-vakfindan-etiyopyada-35-bin-ihtiyac-sahibine-ramazan-yardimi\/#article","isPartOf":{"@id":"https:\/\/tdv.org\/tr-TR\/turkiye-diyanet-vakfindan-etiyopyada-35-bin-ihtiyac-sahibine-ramazan-yardimi\/"},"author":{"name":"Selim","@id":"https:\/\/tdv.org\/tr-TR\/#\/schema\/person\/752b55e264a99273d55636516d96d5eb"},"headline":"T\u00fcrkiye\u202fDiyanet\u202fVakf\u0131ndan Etiyopya&#8217;da 35 bin ihtiya\u00e7 sahibine ramazan yard\u0131m\u0131","datePublished":"2025-03-11T13:01:33+00:00","dateModified":"2025-03-13T11:53:08+00:00","mainEntityOfPage":{"@id":"https:\/\/tdv.org\/tr-TR\/turkiye-diyanet-vakfindan-etiyopyada-35-bin-ihtiyac-sahibine-ramazan-yardimi\/"},"wordCount":374,"publisher":{"@id":"https:\/\/tdv.org\/tr-TR\/#organization"},"image":{"@id":"https:\/\/tdv.org\/tr-TR\/turkiye-diyanet-vakfindan-etiyopyada-35-bin-ihtiyac-sahibine-ramazan-yardimi\/#primaryimage"},"thumbnailUrl":"https:\/\/tdv.org\/tr-TR\/wp-content\/uploads\/2025\/03\/turkiye-diyanet-vakfindan-etiyopyada-35-bin-ihtiyac-sahibine-ramazan-yardimi-1.jpg","keywords":["2025 ramazan"],"articleSection":["Haberler"],"inLanguage":"tr"},{"@type":"WebPage","@id":"https:\/\/tdv.org\/tr-TR\/turkiye-diyanet-vakfindan-etiyopyada-35-bin-ihtiyac-sahibine-ramazan-yardimi\/","url":"https:\/\/tdv.org\/tr-TR\/turkiye-diyanet-vakfindan-etiyopyada-35-bin-ihtiyac-sahibine-ramazan-yardimi\/","name":"T\u00fcrkiye\u202fDiyanet\u202fVakf\u0131ndan Etiyopya'da 35 bin ihtiya\u00e7 sahibine ramazan yard\u0131m\u0131","isPartOf":{"@id":"https:\/\/tdv.org\/tr-TR\/#website"},"primaryImageOfPage":{"@id":"https:\/\/tdv.org\/tr-TR\/turkiye-diyanet-vakfindan-etiyopyada-35-bin-ihtiyac-sahibine-ramazan-yardimi\/#primaryimage"},"image":{"@id":"https:\/\/tdv.org\/tr-TR\/turkiye-diyanet-vakfindan-etiyopyada-35-bin-ihtiyac-sahibine-ramazan-yardimi\/#primaryimage"},"thumbnailUrl":"https:\/\/tdv.org\/tr-TR\/wp-content\/uploads\/2025\/03\/turkiye-diyanet-vakfindan-etiyopyada-35-bin-ihtiyac-sahibine-ramazan-yardimi-1.jpg","datePublished":"2025-03-11T13:01:33+00:00","dateModified":"2025-03-13T11:53:08+00:00","description":"T\u00fcrkiye\u202fDiyanet\u202fVakf\u0131\u202f(TDV), \u00a0ramazan ay\u0131 dolay\u0131s\u0131yla Etiyopya'da ihtiya\u00e7 sahibi 35 bin ki\u015fiye g\u0131da kolisi\u00a0, iftarl\u0131k ve bayraml\u0131k k\u0131yafet deste\u011fi sa\u011flad\u0131.\u00a0","breadcrumb":{"@id":"https:\/\/tdv.org\/tr-TR\/turkiye-diyanet-vakfindan-etiyopyada-35-bin-ihtiyac-sahibine-ramazan-yardimi\/#breadcrumb"},"inLanguage":"tr","potentialAction":[{"@type":"ReadAction","target":["https:\/\/tdv.org\/tr-TR\/turkiye-diyanet-vakfindan-etiyopyada-35-bin-ihtiyac-sahibine-ramazan-yardimi\/"]}]},{"@type":"ImageObject","inLanguage":"tr","@id":"https:\/\/tdv.org\/tr-TR\/turkiye-diyanet-vakfindan-etiyopyada-35-bin-ihtiyac-sahibine-ramazan-yardimi\/#primaryimage","url":"https:\/\/tdv.org\/tr-TR\/wp-content\/uploads\/2025\/03\/turkiye-diyanet-vakfindan-etiyopyada-35-bin-ihtiyac-sahibine-ramazan-yardimi-1.jpg","contentUrl":"https:\/\/tdv.org\/tr-TR\/wp-content\/uploads\/2025\/03\/turkiye-diyanet-vakfindan-etiyopyada-35-bin-ihtiyac-sahibine-ramazan-yardimi-1.jpg","width":1152,"height":768,"caption":"T\u00fcrkiye\u202fDiyanet\u202fVakf\u0131ndan Etiyopya'da 35 bin ihtiya\u00e7 sahibine ramazan yard\u0131m\u0131, ihtiya\u00e7 sahiplerine ramazan kolisi yard\u0131m"},{"@type":"BreadcrumbList","@id":"https:\/\/tdv.org\/tr-TR\/turkiye-diyanet-vakfindan-etiyopyada-35-bin-ihtiyac-sahibine-ramazan-yardimi\/#breadcrumb","itemListElement":[{"@type":"ListItem","position":1,"name":"Anasayfa","item":"https:\/\/tdv.org\/tr-TR\/"},{"@type":"ListItem","position":2,"name":"T\u00fcrkiye\u202fDiyanet\u202fVakf\u0131ndan Etiyopya&#8217;da 35 bin ihtiya\u00e7 sahibine ramazan yard\u0131m\u0131"}]},{"@type":"WebSite","@id":"https:\/\/tdv.org\/tr-TR\/#website","url":"https:\/\/tdv.org\/tr-TR\/","name":"T\u00fcrkiye Diyanet Vakf\u0131 Resmi Web Sitesi","description":"Yery\u00fcz\u00fcnde iyilik egemen oluncaya kadar","publisher":{"@id":"https:\/\/tdv.org\/tr-TR\/#organization"},"alternateName":"T\u00fcrkiye Diyanet Vakf\u0131","potentialAction":[{"@type":"SearchAction","target":{"@type":"EntryPoint","urlTemplate":"https:\/\/tdv.org\/tr-TR\/?s={search_term_string}"},"query-input":{"@type":"PropertyValueSpecification","valueRequired":true,"valueName":"search_term_string"}}],"inLanguage":"tr"},{"@type":"Organization","@id":"https:\/\/tdv.org\/tr-TR\/#organization","name":"T\u00fcrkiye Diyanet Vakf\u0131","alternateName":"T\u00fcrkiye Diyanet Vakf\u0131","url":"https:\/\/tdv.org\/tr-TR\/","logo":{"@type":"ImageObject","inLanguage":"tr","@id":"https:\/\/tdv.org\/tr-TR\/#\/schema\/logo\/image\/","url":"https:\/\/tdv.org\/tr-TR\/wp-content\/uploads\/2018\/12\/TDV_Logo_1.png","contentUrl":"https:\/\/tdv.org\/tr-TR\/wp-content\/uploads\/2018\/12\/TDV_Logo_1.png","width":207,"height":71,"caption":"T\u00fcrkiye Diyanet Vakf\u0131"},"image":{"@id":"https:\/\/tdv.org\/tr-TR\/#\/schema\/logo\/image\/"},"sameAs":["https:\/\/www.facebook.com\/Diyanetvakfi\/","https:\/\/x.com\/DiyanetVakfi","https:\/\/www.instagram.com\/turkiyediyanetvakfi\/","https:\/\/www.youtube.com\/user\/TurkiyeDiyanetVakfi"]},{"@type":"Person","@id":"https:\/\/tdv.org\/tr-TR\/#\/schema\/person\/752b55e264a99273d55636516d96d5eb","name":"Selim","image":{"@type":"ImageObject","inLanguage":"tr","@id":"https:\/\/tdv.org\/tr-TR\/wp-content\/litespeed\/avatar\/a1e47b25396e98e5b781e88a5396cd96.jpg?ver=1776682544","url":"https:\/\/tdv.org\/tr-TR\/wp-content\/litespeed\/avatar\/a1e47b25396e98e5b781e88a5396cd96.jpg?ver=1776682544","contentUrl":"https:\/\/tdv.org\/tr-TR\/wp-content\/litespeed\/avatar\/a1e47b25396e98e5b781e88a5396cd96.jpg?ver=1776682544","caption":"Selim"}}]}},"_links":{"self":[{"href":"https:\/\/tdv.org\/tr-TR\/wp-json\/wp\/v2\/posts\/49737","targetHints":{"allow":["GET"]}}],"collection":[{"href":"https:\/\/tdv.org\/tr-TR\/wp-json\/wp\/v2\/posts"}],"about":[{"href":"https:\/\/tdv.org\/tr-TR\/wp-json\/wp\/v2\/types\/post"}],"author":[{"embeddable":true,"href":"https:\/\/tdv.org\/tr-TR\/wp-json\/wp\/v2\/users\/8"}],"replies":[{"embeddable":true,"href":"https:\/\/tdv.org\/tr-TR\/wp-json\/wp\/v2\/comments?post=49737"}],"version-history":[{"count":1,"href":"https:\/\/tdv.org\/tr-TR\/wp-json\/wp\/v2\/posts\/49737\/revisions"}],"predecessor-version":[{"id":49741,"href":"https:\/\/tdv.org\/tr-TR\/wp-json\/wp\/v2\/posts\/49737\/revisions\/49741"}],"wp:featuredmedia":[{"embeddable":true,"href":"https:\/\/tdv.org\/tr-TR\/wp-json\/wp\/v2\/media\/49739"}],"wp:attachment":[{"href":"https:\/\/tdv.org\/tr-TR\/wp-json\/wp\/v2\/media?parent=49737"}],"wp:term":[{"taxonomy":"category","embeddable":true,"href":"https:\/\/tdv.org\/tr-TR\/wp-json\/wp\/v2\/categories?post=49737"},{"taxonomy":"post_tag","embeddable":true,"href":"https:\/\/tdv.org\/tr-TR\/wp-json\/wp\/v2\/tags?post=49737"}],"curies":[{"name":"wp","href":"https:\/\/api.w.org\/{rel}","templated":true}]}}