{"id":50494,"date":"2025-04-09T08:53:44","date_gmt":"2025-04-09T05:53:44","guid":{"rendered":"https:\/\/tdv.org\/tr-TR\/?p=50494"},"modified":"2025-04-18T09:17:55","modified_gmt":"2025-04-18T06:17:55","slug":"diyanet-ile-mehir-vakfindan-genclere-evlilik-destegi","status":"publish","type":"post","link":"https:\/\/tdv.org\/tr-TR\/diyanet-ile-mehir-vakfindan-genclere-evlilik-destegi\/","title":{"rendered":"Diyanet ile Mehir Vakf\u0131\u2019ndan Gen\u00e7lere Evlilik Deste\u011fi"},"content":{"rendered":"<p class=\"text-justify\" style=\"text-align: justify;\"><a href=\"https:\/\/tdv.org\/tr-TR\/kurumsal\/prof-dr-ali-erbas\/\" target=\"_blank\" rel=\"noopener\">Diyanet \u0130\u015fleri Ba\u015fkan\u0131 ve T\u00fcrkiye Diyanet Vakf\u0131 M\u00fctevelli Heyeti Ba\u015fkan\u0131 Prof. Dr. Ali Erba\u015f<\/a>, T\u00fcrkiye Diyanet Vakf\u0131 ile Mehir Vakf\u0131 aras\u0131nda yap\u0131lan i\u015fbirli\u011fi kapsam\u0131nda, toplu nikah merasimleriyle gen\u00e7lere maddi ve manevi destek sunacaklar\u0131n\u0131 belirterek, bu \u00e7al\u0131\u015fmalar\u0131n artarak devam edece\u011fini vurgulad\u0131.<\/p>\n<div>\n<p style=\"text-align: justify;\"><a href=\"https:\/\/tdv.org\/tr-TR\/kurumsal\/prof-dr-ali-erbas\/\" target=\"_blank\" rel=\"noopener\">Diyanet \u0130\u015fleri Ba\u015fkan\u0131 ve T\u00fcrkiye Diyanet Vakf\u0131 M\u00fctevelli Heyeti Ba\u015fkan\u0131 Prof. Dr. Ali Erba\u015f<\/a>, Mehir Vakf\u0131 M\u00fctevelli Heyeti Ba\u015fkan\u0131 Mustafa \u00d6zdemir ile bir g\u00f6r\u00fc\u015fme ger\u00e7ekle\u015ftirdi.<\/p>\n<p style=\"text-align: justify;\">Ba\u015fkan Erba\u015f, g\u00f6r\u00fc\u015fmeyle ilgili sosyal medya hesab\u0131ndan yapt\u0131\u011f\u0131 payla\u015f\u0131mda, \u015fu ifadelere yer verdi:<\/p>\n<p style=\"text-align: justify;\">\u201cCumhurba\u015fkan\u0131m\u0131z Say\u0131n Recep Tayyip Erdo\u011fan taraf\u0131ndan 2025 y\u0131l\u0131n\u0131n \u2018Aile y\u0131l\u0131\u2019 olarak ilan edilmesi m\u00fcnasebetiyle ailenin korunmas\u0131 ve gen\u00e7lerimizin evliliklerine katk\u0131 sunma noktas\u0131nda Diyanet \u0130\u015fleri Ba\u015fkanl\u0131\u011f\u0131 ve T\u00fcrkiye Diyanet Vakf\u0131 olarak Mehir Vakf\u0131 ile i\u015fbirli\u011fi protokol\u00fc imzalam\u0131\u015ft\u0131k. Bu i\u015fbirli\u011fi kapsam\u0131nda milletimize \u00f6nemli destekler sunuyor, \u00fclkemizin farkl\u0131 noktalar\u0131nda ger\u00e7ekle\u015ftirdi\u011fimiz toplu nikah merasimleri ile gen\u00e7lerimizin en mutlu anlar\u0131nda ya\u015fad\u0131klar\u0131 zorluklar\u0131 kolayla\u015ft\u0131rmak i\u00e7in maddi ve manevi t\u00fcm imkanlar\u0131m\u0131zla onlar\u0131n yan\u0131nda olmaya gayret ediyoruz. Ger\u00e7ekle\u015ftirdi\u011fimiz bu \u00e7al\u0131\u015fmalar artarak devam edecek \u0130n\u015fallah. Cenab-\u0131 Hak yar ve yard\u0131mc\u0131m\u0131z olsun.\u201d<\/p>\n\n\t\t<style type=\"text\/css\">\n\t\t\t#gallery-1 {\n\t\t\t\tmargin: auto;\n\t\t\t}\n\t\t\t#gallery-1 .gallery-item {\n\t\t\t\tfloat: left;\n\t\t\t\tmargin-top: 10px;\n\t\t\t\ttext-align: center;\n\t\t\t\twidth: 33%;\n\t\t\t}\n\t\t\t#gallery-1 img {\n\t\t\t\tborder: 2px solid #cfcfcf;\n\t\t\t}\n\t\t\t#gallery-1 .gallery-caption {\n\t\t\t\tmargin-left: 0;\n\t\t\t}\n\t\t\t\/* see gallery_shortcode() in wp-includes\/media.php *\/\n\t\t<\/style>\n\t\t<div id='gallery-1' class='gallery galleryid-50494 gallery-columns-3 gallery-size-full'><dl class='gallery-item'>\n\t\t\t<dt class='gallery-icon landscape'>\n\t\t\t\t<a href='https:\/\/tdv.org\/tr-TR\/wp-content\/uploads\/2025\/04\/c972696f-5da5-454f-a032-41071599d0fb_4_760x506-1.jpg'><img decoding=\"async\" width=\"1366\" height=\"909\" src=\"https:\/\/tdv.org\/tr-TR\/wp-content\/uploads\/2025\/04\/c972696f-5da5-454f-a032-41071599d0fb_4_760x506-1.jpg\" class=\"attachment-full size-full\" alt=\"Diyanet ile Mehir Vakf\u0131\u2019ndan Gen\u00e7lere Evlilik Deste\u011fi, evlilik, evlilik deste\u011fi,\" srcset=\"https:\/\/tdv.org\/tr-TR\/wp-content\/uploads\/2025\/04\/c972696f-5da5-454f-a032-41071599d0fb_4_760x506-1.jpg 1366w, https:\/\/tdv.org\/tr-TR\/wp-content\/uploads\/2025\/04\/c972696f-5da5-454f-a032-41071599d0fb_4_760x506-1-300x200.jpg 300w, https:\/\/tdv.org\/tr-TR\/wp-content\/uploads\/2025\/04\/c972696f-5da5-454f-a032-41071599d0fb_4_760x506-1-1024x681.jpg 1024w, https:\/\/tdv.org\/tr-TR\/wp-content\/uploads\/2025\/04\/c972696f-5da5-454f-a032-41071599d0fb_4_760x506-1-768x511.jpg 768w, https:\/\/tdv.org\/tr-TR\/wp-content\/uploads\/2025\/04\/c972696f-5da5-454f-a032-41071599d0fb_4_760x506-1-900x600.jpg 900w\" sizes=\"(max-width: 1366px) 100vw, 1366px\" \/><\/a>\n\t\t\t<\/dt><\/dl><dl class='gallery-item'>\n\t\t\t<dt class='gallery-icon landscape'>\n\t\t\t\t<a href='https:\/\/tdv.org\/tr-TR\/wp-content\/uploads\/2025\/04\/6f899645-1fd2-4dfb-81ed-258643733224_1_1200x800.jpg'><img decoding=\"async\" width=\"1200\" height=\"800\" src=\"https:\/\/tdv.org\/tr-TR\/wp-content\/uploads\/2025\/04\/6f899645-1fd2-4dfb-81ed-258643733224_1_1200x800.jpg\" class=\"attachment-full size-full\" alt=\"Diyanet ile Mehir Vakf\u0131\u2019ndan Gen\u00e7lere Evlilik Deste\u011fi, evlilik, evlilik deste\u011fi,\" srcset=\"https:\/\/tdv.org\/tr-TR\/wp-content\/uploads\/2025\/04\/6f899645-1fd2-4dfb-81ed-258643733224_1_1200x800.jpg 1200w, https:\/\/tdv.org\/tr-TR\/wp-content\/uploads\/2025\/04\/6f899645-1fd2-4dfb-81ed-258643733224_1_1200x800-300x200.jpg 300w, https:\/\/tdv.org\/tr-TR\/wp-content\/uploads\/2025\/04\/6f899645-1fd2-4dfb-81ed-258643733224_1_1200x800-1024x683.jpg 1024w, https:\/\/tdv.org\/tr-TR\/wp-content\/uploads\/2025\/04\/6f899645-1fd2-4dfb-81ed-258643733224_1_1200x800-768x512.jpg 768w, https:\/\/tdv.org\/tr-TR\/wp-content\/uploads\/2025\/04\/6f899645-1fd2-4dfb-81ed-258643733224_1_1200x800-900x600.jpg 900w\" sizes=\"(max-width: 1200px) 100vw, 1200px\" \/><\/a>\n\t\t\t<\/dt><\/dl>\n\t\t\t<br style='clear: both' \/>\n\t\t<\/div>\n\n<\/div>\n","protected":false},"excerpt":{"rendered":"<p>Diyanet \u0130\u015fleri Ba\u015fkan\u0131 ve T\u00fcrkiye Diyanet Vakf\u0131 M\u00fctevelli Heyeti Ba\u015fkan\u0131 Prof. Dr. Ali Erba\u015f, T\u00fcrkiye Diyanet Vakf\u0131 ile Mehir Vakf\u0131 aras\u0131nda yap\u0131lan i\u015fbirli\u011fi kapsam\u0131nda, toplu nikah merasimleriyle gen\u00e7lere maddi ve&#8230;<\/p>\n","protected":false},"author":8,"featured_media":50495,"comment_status":"closed","ping_status":"closed","sticky":false,"template":"","format":"standard","meta":{"footnotes":""},"categories":[1],"tags":[857,1638,1637,2199],"class_list":{"0":"post-50494","1":"post","2":"type-post","3":"status-publish","4":"format-standard","5":"has-post-thumbnail","7":"category-haberler","8":"tag-aile","9":"tag-gencleri-evlendirme-ve-mehir-vakfi","10":"tag-mehir-vakfi","11":"tag-toplu-nikah"},"yoast_head":"<!-- This site is optimized with the Yoast SEO plugin v27.4 - https:\/\/yoast.com\/product\/yoast-seo-wordpress\/ -->\n<title>Diyanet ile Mehir Vakf\u0131\u2019ndan Gen\u00e7lere Evlilik Deste\u011fi<\/title>\n<meta name=\"description\" content=\"Diyanet \u0130\u015fleri Ba\u015fkan\u0131 ve T\u00fcrkiye Diyanet Vakf\u0131 M\u00fctevelli Heyeti Ba\u015fkan\u0131 Prof. Dr. Ali Erba\u015f, T\u00fcrkiye Diyanet Vakf\u0131 ile Mehir Vakf\u0131 aras\u0131nda yap\u0131lan i\u015fbirli\u011fi kapsam\u0131nda, toplu nikah merasimleriyle gen\u00e7lere maddi ve manevi destek sunacaklar\u0131n\u0131 belirterek, bu \u00e7al\u0131\u015fmalar\u0131n artarak devam edece\u011fini vurgulad\u0131.\" \/>\n<meta name=\"robots\" content=\"index, follow, max-snippet:-1, max-image-preview:large, max-video-preview:-1\" \/>\n<link rel=\"canonical\" href=\"https:\/\/tdv.org\/tr-TR\/diyanet-ile-mehir-vakfindan-genclere-evlilik-destegi\/\" \/>\n<meta property=\"og:locale\" content=\"tr_TR\" \/>\n<meta property=\"og:type\" content=\"article\" \/>\n<meta property=\"og:title\" content=\"Diyanet ile Mehir Vakf\u0131\u2019ndan Gen\u00e7lere Evlilik Deste\u011fi\" \/>\n<meta property=\"og:description\" content=\"Diyanet \u0130\u015fleri Ba\u015fkan\u0131 ve T\u00fcrkiye Diyanet Vakf\u0131 M\u00fctevelli Heyeti Ba\u015fkan\u0131 Prof. Dr. Ali Erba\u015f, T\u00fcrkiye Diyanet Vakf\u0131 ile Mehir Vakf\u0131 aras\u0131nda yap\u0131lan i\u015fbirli\u011fi kapsam\u0131nda, toplu nikah merasimleriyle gen\u00e7lere maddi ve manevi destek sunacaklar\u0131n\u0131 belirterek, bu \u00e7al\u0131\u015fmalar\u0131n artarak devam edece\u011fini vurgulad\u0131.\" \/>\n<meta property=\"og:url\" content=\"https:\/\/tdv.org\/tr-TR\/diyanet-ile-mehir-vakfindan-genclere-evlilik-destegi\/\" \/>\n<meta property=\"og:site_name\" content=\"T\u00fcrkiye Diyanet Vakf\u0131 Resmi Web Sitesi\" \/>\n<meta property=\"article:publisher\" content=\"https:\/\/www.facebook.com\/Diyanetvakfi\/\" \/>\n<meta property=\"article:published_time\" content=\"2025-04-09T05:53:44+00:00\" \/>\n<meta property=\"article:modified_time\" content=\"2025-04-18T06:17:55+00:00\" \/>\n<meta property=\"og:image\" content=\"https:\/\/tdv.org\/tr-TR\/wp-content\/uploads\/2025\/04\/c972696f-5da5-454f-a032-41071599d0fb_4_760x506-1.jpg\" \/>\n\t<meta property=\"og:image:width\" content=\"1366\" \/>\n\t<meta property=\"og:image:height\" content=\"909\" \/>\n\t<meta property=\"og:image:type\" content=\"image\/jpeg\" \/>\n<meta name=\"author\" content=\"Selim\" \/>\n<meta name=\"twitter:card\" content=\"summary_large_image\" \/>\n<meta name=\"twitter:creator\" content=\"@DiyanetVakfi\" \/>\n<meta name=\"twitter:site\" content=\"@DiyanetVakfi\" \/>\n<script type=\"application\/ld+json\" class=\"yoast-schema-graph\">{\"@context\":\"https:\\\/\\\/schema.org\",\"@graph\":[{\"@type\":\"Article\",\"@id\":\"https:\\\/\\\/tdv.org\\\/tr-TR\\\/diyanet-ile-mehir-vakfindan-genclere-evlilik-destegi\\\/#article\",\"isPartOf\":{\"@id\":\"https:\\\/\\\/tdv.org\\\/tr-TR\\\/diyanet-ile-mehir-vakfindan-genclere-evlilik-destegi\\\/\"},\"author\":{\"name\":\"Selim\",\"@id\":\"https:\\\/\\\/tdv.org\\\/tr-TR\\\/#\\\/schema\\\/person\\\/752b55e264a99273d55636516d96d5eb\"},\"headline\":\"Diyanet ile Mehir Vakf\u0131\u2019ndan Gen\u00e7lere Evlilik Deste\u011fi\",\"datePublished\":\"2025-04-09T05:53:44+00:00\",\"dateModified\":\"2025-04-18T06:17:55+00:00\",\"mainEntityOfPage\":{\"@id\":\"https:\\\/\\\/tdv.org\\\/tr-TR\\\/diyanet-ile-mehir-vakfindan-genclere-evlilik-destegi\\\/\"},\"wordCount\":251,\"publisher\":{\"@id\":\"https:\\\/\\\/tdv.org\\\/tr-TR\\\/#organization\"},\"image\":{\"@id\":\"https:\\\/\\\/tdv.org\\\/tr-TR\\\/diyanet-ile-mehir-vakfindan-genclere-evlilik-destegi\\\/#primaryimage\"},\"thumbnailUrl\":\"https:\\\/\\\/tdv.org\\\/tr-TR\\\/wp-content\\\/uploads\\\/2025\\\/04\\\/c972696f-5da5-454f-a032-41071599d0fb_4_760x506-1.jpg\",\"keywords\":[\"aile\",\"Gen\u00e7leri Evlendirme ve Mehir Vakf\u0131\",\"mehir vakf\u0131\",\"Toplu Nikah\"],\"articleSection\":[\"Haberler\"],\"inLanguage\":\"tr\"},{\"@type\":\"WebPage\",\"@id\":\"https:\\\/\\\/tdv.org\\\/tr-TR\\\/diyanet-ile-mehir-vakfindan-genclere-evlilik-destegi\\\/\",\"url\":\"https:\\\/\\\/tdv.org\\\/tr-TR\\\/diyanet-ile-mehir-vakfindan-genclere-evlilik-destegi\\\/\",\"name\":\"Diyanet ile Mehir Vakf\u0131\u2019ndan Gen\u00e7lere Evlilik Deste\u011fi\",\"isPartOf\":{\"@id\":\"https:\\\/\\\/tdv.org\\\/tr-TR\\\/#website\"},\"primaryImageOfPage\":{\"@id\":\"https:\\\/\\\/tdv.org\\\/tr-TR\\\/diyanet-ile-mehir-vakfindan-genclere-evlilik-destegi\\\/#primaryimage\"},\"image\":{\"@id\":\"https:\\\/\\\/tdv.org\\\/tr-TR\\\/diyanet-ile-mehir-vakfindan-genclere-evlilik-destegi\\\/#primaryimage\"},\"thumbnailUrl\":\"https:\\\/\\\/tdv.org\\\/tr-TR\\\/wp-content\\\/uploads\\\/2025\\\/04\\\/c972696f-5da5-454f-a032-41071599d0fb_4_760x506-1.jpg\",\"datePublished\":\"2025-04-09T05:53:44+00:00\",\"dateModified\":\"2025-04-18T06:17:55+00:00\",\"description\":\"Diyanet \u0130\u015fleri Ba\u015fkan\u0131 ve T\u00fcrkiye Diyanet Vakf\u0131 M\u00fctevelli Heyeti Ba\u015fkan\u0131 Prof. Dr. Ali Erba\u015f, T\u00fcrkiye Diyanet Vakf\u0131 ile Mehir Vakf\u0131 aras\u0131nda yap\u0131lan i\u015fbirli\u011fi kapsam\u0131nda, toplu nikah merasimleriyle gen\u00e7lere maddi ve manevi destek sunacaklar\u0131n\u0131 belirterek, bu \u00e7al\u0131\u015fmalar\u0131n artarak devam edece\u011fini vurgulad\u0131.\",\"breadcrumb\":{\"@id\":\"https:\\\/\\\/tdv.org\\\/tr-TR\\\/diyanet-ile-mehir-vakfindan-genclere-evlilik-destegi\\\/#breadcrumb\"},\"inLanguage\":\"tr\",\"potentialAction\":[{\"@type\":\"ReadAction\",\"target\":[\"https:\\\/\\\/tdv.org\\\/tr-TR\\\/diyanet-ile-mehir-vakfindan-genclere-evlilik-destegi\\\/\"]}]},{\"@type\":\"ImageObject\",\"inLanguage\":\"tr\",\"@id\":\"https:\\\/\\\/tdv.org\\\/tr-TR\\\/diyanet-ile-mehir-vakfindan-genclere-evlilik-destegi\\\/#primaryimage\",\"url\":\"https:\\\/\\\/tdv.org\\\/tr-TR\\\/wp-content\\\/uploads\\\/2025\\\/04\\\/c972696f-5da5-454f-a032-41071599d0fb_4_760x506-1.jpg\",\"contentUrl\":\"https:\\\/\\\/tdv.org\\\/tr-TR\\\/wp-content\\\/uploads\\\/2025\\\/04\\\/c972696f-5da5-454f-a032-41071599d0fb_4_760x506-1.jpg\",\"width\":1366,\"height\":909,\"caption\":\"Diyanet ile Mehir Vakf\u0131\u2019ndan Gen\u00e7lere Evlilik Deste\u011fi, evlilik, evlilik deste\u011fi,\"},{\"@type\":\"BreadcrumbList\",\"@id\":\"https:\\\/\\\/tdv.org\\\/tr-TR\\\/diyanet-ile-mehir-vakfindan-genclere-evlilik-destegi\\\/#breadcrumb\",\"itemListElement\":[{\"@type\":\"ListItem\",\"position\":1,\"name\":\"Anasayfa\",\"item\":\"https:\\\/\\\/tdv.org\\\/tr-TR\\\/\"},{\"@type\":\"ListItem\",\"position\":2,\"name\":\"Diyanet ile Mehir Vakf\u0131\u2019ndan Gen\u00e7lere Evlilik Deste\u011fi\"}]},{\"@type\":\"WebSite\",\"@id\":\"https:\\\/\\\/tdv.org\\\/tr-TR\\\/#website\",\"url\":\"https:\\\/\\\/tdv.org\\\/tr-TR\\\/\",\"name\":\"T\u00fcrkiye Diyanet Vakf\u0131 Resmi Web Sitesi\",\"description\":\"Yery\u00fcz\u00fcnde iyilik egemen oluncaya kadar\",\"publisher\":{\"@id\":\"https:\\\/\\\/tdv.org\\\/tr-TR\\\/#organization\"},\"alternateName\":\"T\u00fcrkiye Diyanet Vakf\u0131\",\"potentialAction\":[{\"@type\":\"SearchAction\",\"target\":{\"@type\":\"EntryPoint\",\"urlTemplate\":\"https:\\\/\\\/tdv.org\\\/tr-TR\\\/?s={search_term_string}\"},\"query-input\":{\"@type\":\"PropertyValueSpecification\",\"valueRequired\":true,\"valueName\":\"search_term_string\"}}],\"inLanguage\":\"tr\"},{\"@type\":\"Organization\",\"@id\":\"https:\\\/\\\/tdv.org\\\/tr-TR\\\/#organization\",\"name\":\"T\u00fcrkiye Diyanet Vakf\u0131\",\"alternateName\":\"T\u00fcrkiye Diyanet Vakf\u0131\",\"url\":\"https:\\\/\\\/tdv.org\\\/tr-TR\\\/\",\"logo\":{\"@type\":\"ImageObject\",\"inLanguage\":\"tr\",\"@id\":\"https:\\\/\\\/tdv.org\\\/tr-TR\\\/#\\\/schema\\\/logo\\\/image\\\/\",\"url\":\"https:\\\/\\\/tdv.org\\\/tr-TR\\\/wp-content\\\/uploads\\\/2018\\\/12\\\/TDV_Logo_1.png\",\"contentUrl\":\"https:\\\/\\\/tdv.org\\\/tr-TR\\\/wp-content\\\/uploads\\\/2018\\\/12\\\/TDV_Logo_1.png\",\"width\":207,\"height\":71,\"caption\":\"T\u00fcrkiye Diyanet Vakf\u0131\"},\"image\":{\"@id\":\"https:\\\/\\\/tdv.org\\\/tr-TR\\\/#\\\/schema\\\/logo\\\/image\\\/\"},\"sameAs\":[\"https:\\\/\\\/www.facebook.com\\\/Diyanetvakfi\\\/\",\"https:\\\/\\\/x.com\\\/DiyanetVakfi\",\"https:\\\/\\\/www.instagram.com\\\/turkiyediyanetvakfi\\\/\",\"https:\\\/\\\/www.youtube.com\\\/user\\\/TurkiyeDiyanetVakfi\"]},{\"@type\":\"Person\",\"@id\":\"https:\\\/\\\/tdv.org\\\/tr-TR\\\/#\\\/schema\\\/person\\\/752b55e264a99273d55636516d96d5eb\",\"name\":\"Selim\",\"image\":{\"@type\":\"ImageObject\",\"inLanguage\":\"tr\",\"@id\":\"https:\\\/\\\/tdv.org\\\/tr-TR\\\/wp-content\\\/litespeed\\\/avatar\\\/a1e47b25396e98e5b781e88a5396cd96.jpg?ver=1777287391\",\"url\":\"https:\\\/\\\/tdv.org\\\/tr-TR\\\/wp-content\\\/litespeed\\\/avatar\\\/a1e47b25396e98e5b781e88a5396cd96.jpg?ver=1777287391\",\"contentUrl\":\"https:\\\/\\\/tdv.org\\\/tr-TR\\\/wp-content\\\/litespeed\\\/avatar\\\/a1e47b25396e98e5b781e88a5396cd96.jpg?ver=1777287391\",\"caption\":\"Selim\"}}]}<\/script>\n<!-- \/ Yoast SEO plugin. -->","yoast_head_json":{"title":"Diyanet ile Mehir Vakf\u0131\u2019ndan Gen\u00e7lere Evlilik Deste\u011fi","description":"Diyanet \u0130\u015fleri Ba\u015fkan\u0131 ve T\u00fcrkiye Diyanet Vakf\u0131 M\u00fctevelli Heyeti Ba\u015fkan\u0131 Prof. Dr. Ali Erba\u015f, T\u00fcrkiye Diyanet Vakf\u0131 ile Mehir Vakf\u0131 aras\u0131nda yap\u0131lan i\u015fbirli\u011fi kapsam\u0131nda, toplu nikah merasimleriyle gen\u00e7lere maddi ve manevi destek sunacaklar\u0131n\u0131 belirterek, bu \u00e7al\u0131\u015fmalar\u0131n artarak devam edece\u011fini vurgulad\u0131.","robots":{"index":"index","follow":"follow","max-snippet":"max-snippet:-1","max-image-preview":"max-image-preview:large","max-video-preview":"max-video-preview:-1"},"canonical":"https:\/\/tdv.org\/tr-TR\/diyanet-ile-mehir-vakfindan-genclere-evlilik-destegi\/","og_locale":"tr_TR","og_type":"article","og_title":"Diyanet ile Mehir Vakf\u0131\u2019ndan Gen\u00e7lere Evlilik Deste\u011fi","og_description":"Diyanet \u0130\u015fleri Ba\u015fkan\u0131 ve T\u00fcrkiye Diyanet Vakf\u0131 M\u00fctevelli Heyeti Ba\u015fkan\u0131 Prof. Dr. Ali Erba\u015f, T\u00fcrkiye Diyanet Vakf\u0131 ile Mehir Vakf\u0131 aras\u0131nda yap\u0131lan i\u015fbirli\u011fi kapsam\u0131nda, toplu nikah merasimleriyle gen\u00e7lere maddi ve manevi destek sunacaklar\u0131n\u0131 belirterek, bu \u00e7al\u0131\u015fmalar\u0131n artarak devam edece\u011fini vurgulad\u0131.","og_url":"https:\/\/tdv.org\/tr-TR\/diyanet-ile-mehir-vakfindan-genclere-evlilik-destegi\/","og_site_name":"T\u00fcrkiye Diyanet Vakf\u0131 Resmi Web Sitesi","article_publisher":"https:\/\/www.facebook.com\/Diyanetvakfi\/","article_published_time":"2025-04-09T05:53:44+00:00","article_modified_time":"2025-04-18T06:17:55+00:00","og_image":[{"width":1366,"height":909,"url":"https:\/\/tdv.org\/tr-TR\/wp-content\/uploads\/2025\/04\/c972696f-5da5-454f-a032-41071599d0fb_4_760x506-1.jpg","type":"image\/jpeg"}],"author":"Selim","twitter_card":"summary_large_image","twitter_creator":"@DiyanetVakfi","twitter_site":"@DiyanetVakfi","schema":{"@context":"https:\/\/schema.org","@graph":[{"@type":"Article","@id":"https:\/\/tdv.org\/tr-TR\/diyanet-ile-mehir-vakfindan-genclere-evlilik-destegi\/#article","isPartOf":{"@id":"https:\/\/tdv.org\/tr-TR\/diyanet-ile-mehir-vakfindan-genclere-evlilik-destegi\/"},"author":{"name":"Selim","@id":"https:\/\/tdv.org\/tr-TR\/#\/schema\/person\/752b55e264a99273d55636516d96d5eb"},"headline":"Diyanet ile Mehir Vakf\u0131\u2019ndan Gen\u00e7lere Evlilik Deste\u011fi","datePublished":"2025-04-09T05:53:44+00:00","dateModified":"2025-04-18T06:17:55+00:00","mainEntityOfPage":{"@id":"https:\/\/tdv.org\/tr-TR\/diyanet-ile-mehir-vakfindan-genclere-evlilik-destegi\/"},"wordCount":251,"publisher":{"@id":"https:\/\/tdv.org\/tr-TR\/#organization"},"image":{"@id":"https:\/\/tdv.org\/tr-TR\/diyanet-ile-mehir-vakfindan-genclere-evlilik-destegi\/#primaryimage"},"thumbnailUrl":"https:\/\/tdv.org\/tr-TR\/wp-content\/uploads\/2025\/04\/c972696f-5da5-454f-a032-41071599d0fb_4_760x506-1.jpg","keywords":["aile","Gen\u00e7leri Evlendirme ve Mehir Vakf\u0131","mehir vakf\u0131","Toplu Nikah"],"articleSection":["Haberler"],"inLanguage":"tr"},{"@type":"WebPage","@id":"https:\/\/tdv.org\/tr-TR\/diyanet-ile-mehir-vakfindan-genclere-evlilik-destegi\/","url":"https:\/\/tdv.org\/tr-TR\/diyanet-ile-mehir-vakfindan-genclere-evlilik-destegi\/","name":"Diyanet ile Mehir Vakf\u0131\u2019ndan Gen\u00e7lere Evlilik Deste\u011fi","isPartOf":{"@id":"https:\/\/tdv.org\/tr-TR\/#website"},"primaryImageOfPage":{"@id":"https:\/\/tdv.org\/tr-TR\/diyanet-ile-mehir-vakfindan-genclere-evlilik-destegi\/#primaryimage"},"image":{"@id":"https:\/\/tdv.org\/tr-TR\/diyanet-ile-mehir-vakfindan-genclere-evlilik-destegi\/#primaryimage"},"thumbnailUrl":"https:\/\/tdv.org\/tr-TR\/wp-content\/uploads\/2025\/04\/c972696f-5da5-454f-a032-41071599d0fb_4_760x506-1.jpg","datePublished":"2025-04-09T05:53:44+00:00","dateModified":"2025-04-18T06:17:55+00:00","description":"Diyanet \u0130\u015fleri Ba\u015fkan\u0131 ve T\u00fcrkiye Diyanet Vakf\u0131 M\u00fctevelli Heyeti Ba\u015fkan\u0131 Prof. Dr. Ali Erba\u015f, T\u00fcrkiye Diyanet Vakf\u0131 ile Mehir Vakf\u0131 aras\u0131nda yap\u0131lan i\u015fbirli\u011fi kapsam\u0131nda, toplu nikah merasimleriyle gen\u00e7lere maddi ve manevi destek sunacaklar\u0131n\u0131 belirterek, bu \u00e7al\u0131\u015fmalar\u0131n artarak devam edece\u011fini vurgulad\u0131.","breadcrumb":{"@id":"https:\/\/tdv.org\/tr-TR\/diyanet-ile-mehir-vakfindan-genclere-evlilik-destegi\/#breadcrumb"},"inLanguage":"tr","potentialAction":[{"@type":"ReadAction","target":["https:\/\/tdv.org\/tr-TR\/diyanet-ile-mehir-vakfindan-genclere-evlilik-destegi\/"]}]},{"@type":"ImageObject","inLanguage":"tr","@id":"https:\/\/tdv.org\/tr-TR\/diyanet-ile-mehir-vakfindan-genclere-evlilik-destegi\/#primaryimage","url":"https:\/\/tdv.org\/tr-TR\/wp-content\/uploads\/2025\/04\/c972696f-5da5-454f-a032-41071599d0fb_4_760x506-1.jpg","contentUrl":"https:\/\/tdv.org\/tr-TR\/wp-content\/uploads\/2025\/04\/c972696f-5da5-454f-a032-41071599d0fb_4_760x506-1.jpg","width":1366,"height":909,"caption":"Diyanet ile Mehir Vakf\u0131\u2019ndan Gen\u00e7lere Evlilik Deste\u011fi, evlilik, evlilik deste\u011fi,"},{"@type":"BreadcrumbList","@id":"https:\/\/tdv.org\/tr-TR\/diyanet-ile-mehir-vakfindan-genclere-evlilik-destegi\/#breadcrumb","itemListElement":[{"@type":"ListItem","position":1,"name":"Anasayfa","item":"https:\/\/tdv.org\/tr-TR\/"},{"@type":"ListItem","position":2,"name":"Diyanet ile Mehir Vakf\u0131\u2019ndan Gen\u00e7lere Evlilik Deste\u011fi"}]},{"@type":"WebSite","@id":"https:\/\/tdv.org\/tr-TR\/#website","url":"https:\/\/tdv.org\/tr-TR\/","name":"T\u00fcrkiye Diyanet Vakf\u0131 Resmi Web Sitesi","description":"Yery\u00fcz\u00fcnde iyilik egemen oluncaya kadar","publisher":{"@id":"https:\/\/tdv.org\/tr-TR\/#organization"},"alternateName":"T\u00fcrkiye Diyanet Vakf\u0131","potentialAction":[{"@type":"SearchAction","target":{"@type":"EntryPoint","urlTemplate":"https:\/\/tdv.org\/tr-TR\/?s={search_term_string}"},"query-input":{"@type":"PropertyValueSpecification","valueRequired":true,"valueName":"search_term_string"}}],"inLanguage":"tr"},{"@type":"Organization","@id":"https:\/\/tdv.org\/tr-TR\/#organization","name":"T\u00fcrkiye Diyanet Vakf\u0131","alternateName":"T\u00fcrkiye Diyanet Vakf\u0131","url":"https:\/\/tdv.org\/tr-TR\/","logo":{"@type":"ImageObject","inLanguage":"tr","@id":"https:\/\/tdv.org\/tr-TR\/#\/schema\/logo\/image\/","url":"https:\/\/tdv.org\/tr-TR\/wp-content\/uploads\/2018\/12\/TDV_Logo_1.png","contentUrl":"https:\/\/tdv.org\/tr-TR\/wp-content\/uploads\/2018\/12\/TDV_Logo_1.png","width":207,"height":71,"caption":"T\u00fcrkiye Diyanet Vakf\u0131"},"image":{"@id":"https:\/\/tdv.org\/tr-TR\/#\/schema\/logo\/image\/"},"sameAs":["https:\/\/www.facebook.com\/Diyanetvakfi\/","https:\/\/x.com\/DiyanetVakfi","https:\/\/www.instagram.com\/turkiyediyanetvakfi\/","https:\/\/www.youtube.com\/user\/TurkiyeDiyanetVakfi"]},{"@type":"Person","@id":"https:\/\/tdv.org\/tr-TR\/#\/schema\/person\/752b55e264a99273d55636516d96d5eb","name":"Selim","image":{"@type":"ImageObject","inLanguage":"tr","@id":"https:\/\/tdv.org\/tr-TR\/wp-content\/litespeed\/avatar\/a1e47b25396e98e5b781e88a5396cd96.jpg?ver=1777287391","url":"https:\/\/tdv.org\/tr-TR\/wp-content\/litespeed\/avatar\/a1e47b25396e98e5b781e88a5396cd96.jpg?ver=1777287391","contentUrl":"https:\/\/tdv.org\/tr-TR\/wp-content\/litespeed\/avatar\/a1e47b25396e98e5b781e88a5396cd96.jpg?ver=1777287391","caption":"Selim"}}]}},"_links":{"self":[{"href":"https:\/\/tdv.org\/tr-TR\/wp-json\/wp\/v2\/posts\/50494","targetHints":{"allow":["GET"]}}],"collection":[{"href":"https:\/\/tdv.org\/tr-TR\/wp-json\/wp\/v2\/posts"}],"about":[{"href":"https:\/\/tdv.org\/tr-TR\/wp-json\/wp\/v2\/types\/post"}],"author":[{"embeddable":true,"href":"https:\/\/tdv.org\/tr-TR\/wp-json\/wp\/v2\/users\/8"}],"replies":[{"embeddable":true,"href":"https:\/\/tdv.org\/tr-TR\/wp-json\/wp\/v2\/comments?post=50494"}],"version-history":[{"count":1,"href":"https:\/\/tdv.org\/tr-TR\/wp-json\/wp\/v2\/posts\/50494\/revisions"}],"predecessor-version":[{"id":50498,"href":"https:\/\/tdv.org\/tr-TR\/wp-json\/wp\/v2\/posts\/50494\/revisions\/50498"}],"wp:featuredmedia":[{"embeddable":true,"href":"https:\/\/tdv.org\/tr-TR\/wp-json\/wp\/v2\/media\/50495"}],"wp:attachment":[{"href":"https:\/\/tdv.org\/tr-TR\/wp-json\/wp\/v2\/media?parent=50494"}],"wp:term":[{"taxonomy":"category","embeddable":true,"href":"https:\/\/tdv.org\/tr-TR\/wp-json\/wp\/v2\/categories?post=50494"},{"taxonomy":"post_tag","embeddable":true,"href":"https:\/\/tdv.org\/tr-TR\/wp-json\/wp\/v2\/tags?post=50494"}],"curies":[{"name":"wp","href":"https:\/\/api.w.org\/{rel}","templated":true}]}}