{"id":51775,"date":"2025-06-10T09:35:16","date_gmt":"2025-06-10T06:35:16","guid":{"rendered":"https:\/\/tdv.org\/tr-TR\/?p=51775"},"modified":"2025-06-12T09:26:28","modified_gmt":"2025-06-12T06:26:28","slug":"turkiye-diyanet-vakfi-burkina-fasoda-ihtiyac-sahiplerine-kurban-eti-ulastirdi","status":"publish","type":"post","link":"https:\/\/tdv.org\/tr-TR\/turkiye-diyanet-vakfi-burkina-fasoda-ihtiyac-sahiplerine-kurban-eti-ulastirdi\/","title":{"rendered":"T\u00fcrkiye Diyanet Vakf\u0131, Burkina Faso&#8217;da ihtiya\u00e7 sahiplerine kurban eti ula\u015ft\u0131rd\u0131"},"content":{"rendered":"<p style=\"text-align: justify;\"><a href=\"https:\/\/tdv.org\/tr-TR\/\" target=\"_blank\" rel=\"noopener\">T\u00fcrkiye Diyanet Vakf\u0131 (TDV)<\/a>, vekaletle <a href=\"https:\/\/bagis.tdv.org\/#kurban\" target=\"_blank\" rel=\"noopener\">kurban<\/a> kesim organizasyonu kapsam\u0131nda Burkina Faso&#8217;da, yakla\u015f\u0131k 1 milyon 300 bin ihtiya\u00e7 sahibine <a href=\"https:\/\/bagis.tdv.org\/#kurban\" target=\"_blank\" rel=\"noopener\">kurban<\/a> eti da\u011f\u0131tt\u0131.<\/p>\n<p style=\"text-align: justify;\">TDV&#8217;nin <a href=\"https:\/\/tdv.org\/tr-TR\/faaliyetlerimiz\/kurban\/\" target=\"_blank\" rel=\"noopener\">&#8220;Kurban\u0131n\u0131 payla\u015f, karde\u015finle yak\u0131nla\u015f&#8221; t<\/a>emas\u0131yla d\u00fczenledi\u011fi organizasyon kapsam\u0131nda Burkina Faso&#8217;nun 19 b\u00f6lgesinde 5 bin 950 b\u00fcy\u00fckba\u015f hayvan kesildi.<\/p>\n<p style=\"text-align: justify;\">T\u00fcrkiye&#8217;nin Vagadugu B\u00fcy\u00fckel\u00e7ili\u011fi Din Hizmetleri M\u00fc\u015faviri Dr. Hasan Rami Kara, TDV&#8217;ye emanet olarak verilen kurbanlar\u0131 kesip ihtiya\u00e7 sahiplerine ula\u015ft\u0131rd\u0131klar\u0131n\u0131 s\u00f6yledi.<\/p>\n<p style=\"text-align: justify;\">Kara, \u00fclkenin 19 ayr\u0131 b\u00f6lgesinde 34 ki\u015filik bir ekiple, vekaletle g\u00f6nderilen <a href=\"https:\/\/bagis.tdv.org\/#kurban\" target=\"_blank\" rel=\"noopener\">kurban<\/a> kesimlerini sorunsuz bir \u015fekilde ger\u00e7ekle\u015ftirdiklerini ifade ederek, &#8220;T\u00fcrkiye Diyanet Vakf\u0131n\u0131n 2025 y\u0131l\u0131 vekaletle <a href=\"https:\/\/bagis.tdv.org\/#kurban\" target=\"_blank\" rel=\"noopener\">kurban<\/a> organizasyonu kapsam\u0131nda Burkina Faso&#8217;da 5 bin 950 b\u00fcy\u00fck ba\u015f <a href=\"https:\/\/bagis.tdv.org\/#kurban\" target=\"_blank\" rel=\"noopener\">kurban<\/a> kesildi. Buna kar\u015f\u0131l\u0131k gelen 40 bin hisseyi yakla\u015f\u0131k 1 milyon 300 bin Burkina Fasolu karde\u015flerimize da\u011f\u0131t\u0131m\u0131n\u0131 ger\u00e7ekle\u015ftirdik.&#8221; dedi.<\/p>\n<p style=\"text-align: justify;\">TDV arac\u0131l\u0131\u011f\u0131yla vekaletle kurbanlar\u0131n\u0131 g\u00f6nderen hay\u0131rseverlere te\u015fekk\u00fcr eden Kara, \u015f\u00f6yle konu\u015ftu:<\/p>\n<p style=\"text-align: justify;\">&#8220;Emanetler burada ihtiya\u00e7 sahibi vatanda\u015flara ula\u015ft\u0131r\u0131ld\u0131. \u00d6n\u00fcm\u00fczdeki <a href=\"https:\/\/bagis.tdv.org\/#kurban\" target=\"_blank\" rel=\"noopener\">kurban<\/a> sezonunda da vatanda\u015flar\u0131m\u0131z\u0131n kurbanlar\u0131n\u0131 artan bir \u015fekilde bu t\u00fcr ma\u011fdur \u00fclkelere ula\u015ft\u0131rmalar\u0131n\u0131 temenni ediyorum. Burkina Faso&#8217;da, i\u00e7erisinde veterinerin de bulundu\u011fu bir ekiple kurbanl\u0131k hayvanlar\u0131n tespitleri do\u011frudan veteriner ve ekibi taraf\u0131ndan yap\u0131ld\u0131. K\u00fcpeleme i\u015flemleri ger\u00e7ekle\u015ftirildi ve hayvanlar <a href=\"https:\/\/bagis.tdv.org\/#kurban\" target=\"_blank\" rel=\"noopener\">kurban<\/a> g\u00fcn\u00fcne haz\u0131r \u015fekilde bekletildi. Kurban Bayram\u0131&#8217;nda ise dini usullere uygun olarak kesimleri yap\u0131ld\u0131. Tam bir dayan\u0131\u015fma ruhu i\u00e7inde, herhangi bir aksamaya mahal vermeden da\u011f\u0131t\u0131mlar ger\u00e7ekle\u015ftirildi.&#8221;<\/p>\n<p style=\"text-align: justify;\">Kara, kesilen kurban etlerinin ula\u015ft\u0131r\u0131ld\u0131\u011f\u0131 ki\u015filerin y\u00fcz\u00fcndeki mutlulu\u011fun her \u015feyin \u00fczerinde oldu\u011funu dile getirerek, &#8220;Onlardan ald\u0131\u011f\u0131m\u0131z mesaj, kurbanla birlikte yard\u0131mlar\u0131n \u00fclkelerine daha fazla ula\u015ft\u0131r\u0131lmas\u0131n\u0131 talep etmeleri oldu. Biz de ald\u0131\u011f\u0131m\u0131z bu mesaj do\u011frultusunda, gelen ekibimizle birlikte T\u00fcrkiye&#8217;deki vatanda\u015flar\u0131m\u0131za bunu iletip, bu yard\u0131mlar\u0131n artmas\u0131n\u0131 Allah&#8217;\u0131n izniyle sa\u011flayaca\u011f\u0131m\u0131z\u0131 \u00fcmit ediyorum.&#8221; \u015feklinde konu\u015ftu.<\/p>\n<p style=\"text-align: justify;\">T\u00fcrkiye Diyanet Vakf\u0131 ekiplerinin <a href=\"https:\/\/bagis.tdv.org\/#kurban\" target=\"_blank\" rel=\"noopener\">kurban<\/a> eti ula\u015ft\u0131rd\u0131\u011f\u0131 Burkina Fasolular ise T\u00fcrkiye&#8217;ye te\u015fekk\u00fcrlerini iletti.<\/p>\n<p style=\"text-align: justify;\">\u00dclkede <a href=\"https:\/\/bagis.tdv.org\/#kurban\" target=\"_blank\" rel=\"noopener\">kurban<\/a> kesiminin tamamlanmas\u0131ndan sonra TDV ekibi, T\u00fcrkiye&#8217;nin Burkina Faso B\u00fcy\u00fckel\u00e7isi Feriba Hokkac\u0131 Esirgen&#8217;i ziyaret ederek <a href=\"https:\/\/bagis.tdv.org\/#kurban\" target=\"_blank\" rel=\"noopener\">kurban<\/a> \u00e7al\u0131\u015fmas\u0131 hakk\u0131nda bilgi verdi.<\/p>\n<p style=\"text-align: justify;\">B\u00fcy\u00fckel\u00e7i Esirgen, yapt\u0131klar\u0131 \u00e7al\u0131\u015fmalar i\u00e7in TDV ekibine te\u015fekk\u00fcr etti.<\/p>\n<p style=\"text-align: justify;\">\u00d6te yandan, Avrupa ve T\u00fcrkiye&#8217;den Burkina Faso&#8217;ya giden T\u00fcrk sivil toplum kurulu\u015flar\u0131, \u00fclkede 81 bin 171 hisseye kar\u015f\u0131l\u0131k gelen 11 bin 596 b\u00fcy\u00fckba\u015f <a href=\"https:\/\/bagis.tdv.org\/#kurban\" target=\"_blank\" rel=\"noopener\">kurban<\/a>\u0131 keserek, yakla\u015f\u0131k 2 milyon 300 bin ihtiya\u00e7 sahibine ula\u015ft\u0131rd\u0131.<\/p>\n\n\t\t<style type=\"text\/css\">\n\t\t\t#gallery-1 {\n\t\t\t\tmargin: auto;\n\t\t\t}\n\t\t\t#gallery-1 .gallery-item {\n\t\t\t\tfloat: left;\n\t\t\t\tmargin-top: 10px;\n\t\t\t\ttext-align: center;\n\t\t\t\twidth: 33%;\n\t\t\t}\n\t\t\t#gallery-1 img {\n\t\t\t\tborder: 2px solid #cfcfcf;\n\t\t\t}\n\t\t\t#gallery-1 .gallery-caption {\n\t\t\t\tmargin-left: 0;\n\t\t\t}\n\t\t\t\/* see gallery_shortcode() in wp-includes\/media.php *\/\n\t\t<\/style>\n\t\t<div id='gallery-1' class='gallery galleryid-51775 gallery-columns-3 gallery-size-large'><dl class='gallery-item'>\n\t\t\t<dt class='gallery-icon landscape'>\n\t\t\t\t<a href='https:\/\/tdv.org\/tr-TR\/wp-content\/uploads\/2025\/06\/turkiye-diyanet-vakfi-burkina-fasoda-ihtiyac-sahiplerine-kurban-eti-ulastirdi-1.jpg'><img decoding=\"async\" width=\"1024\" height=\"693\" src=\"https:\/\/tdv.org\/tr-TR\/wp-content\/uploads\/2025\/06\/turkiye-diyanet-vakfi-burkina-fasoda-ihtiyac-sahiplerine-kurban-eti-ulastirdi-1-1024x693.jpg\" class=\"attachment-large size-large\" alt=\"T\u00fcrkiye Diyanet Vakf\u0131, Burkina Faso&#039;da ihtiya\u00e7 sahiplerine kurban eti ula\u015ft\u0131rd\u0131, kurban eti da\u011f\u0131t\u0131m\u0131, kurban ba\u011f\u0131\u015f\u0131\" srcset=\"https:\/\/tdv.org\/tr-TR\/wp-content\/uploads\/2025\/06\/turkiye-diyanet-vakfi-burkina-fasoda-ihtiyac-sahiplerine-kurban-eti-ulastirdi-1-1024x693.jpg 1024w, https:\/\/tdv.org\/tr-TR\/wp-content\/uploads\/2025\/06\/turkiye-diyanet-vakfi-burkina-fasoda-ihtiyac-sahiplerine-kurban-eti-ulastirdi-1-300x203.jpg 300w, https:\/\/tdv.org\/tr-TR\/wp-content\/uploads\/2025\/06\/turkiye-diyanet-vakfi-burkina-fasoda-ihtiyac-sahiplerine-kurban-eti-ulastirdi-1-768x520.jpg 768w, https:\/\/tdv.org\/tr-TR\/wp-content\/uploads\/2025\/06\/turkiye-diyanet-vakfi-burkina-fasoda-ihtiyac-sahiplerine-kurban-eti-ulastirdi-1.jpg 1135w\" sizes=\"(max-width: 1024px) 100vw, 1024px\" \/><\/a>\n\t\t\t<\/dt><\/dl><dl class='gallery-item'>\n\t\t\t<dt class='gallery-icon landscape'>\n\t\t\t\t<a href='https:\/\/tdv.org\/tr-TR\/wp-content\/uploads\/2025\/06\/turkiye-diyanet-vakfi-burkina-fasoda-ihtiyac-sahiplerine-kurban-eti-ulastirdi-2.jpg'><img decoding=\"async\" width=\"1024\" height=\"576\" src=\"https:\/\/tdv.org\/tr-TR\/wp-content\/uploads\/2025\/06\/turkiye-diyanet-vakfi-burkina-fasoda-ihtiyac-sahiplerine-kurban-eti-ulastirdi-2-1024x576.jpg\" class=\"attachment-large size-large\" alt=\"T\u00fcrkiye Diyanet Vakf\u0131, Burkina Faso&#039;da ihtiya\u00e7 sahiplerine kurban eti ula\u015ft\u0131rd\u0131, kurban eti da\u011f\u0131t\u0131m\u0131, kurban ba\u011f\u0131\u015f\u0131\" srcset=\"https:\/\/tdv.org\/tr-TR\/wp-content\/uploads\/2025\/06\/turkiye-diyanet-vakfi-burkina-fasoda-ihtiyac-sahiplerine-kurban-eti-ulastirdi-2-1024x576.jpg 1024w, https:\/\/tdv.org\/tr-TR\/wp-content\/uploads\/2025\/06\/turkiye-diyanet-vakfi-burkina-fasoda-ihtiyac-sahiplerine-kurban-eti-ulastirdi-2-300x169.jpg 300w, https:\/\/tdv.org\/tr-TR\/wp-content\/uploads\/2025\/06\/turkiye-diyanet-vakfi-burkina-fasoda-ihtiyac-sahiplerine-kurban-eti-ulastirdi-2-768x432.jpg 768w, https:\/\/tdv.org\/tr-TR\/wp-content\/uploads\/2025\/06\/turkiye-diyanet-vakfi-burkina-fasoda-ihtiyac-sahiplerine-kurban-eti-ulastirdi-2.jpg 1365w\" sizes=\"(max-width: 1024px) 100vw, 1024px\" \/><\/a>\n\t\t\t<\/dt><\/dl><dl class='gallery-item'>\n\t\t\t<dt class='gallery-icon landscape'>\n\t\t\t\t<a href='https:\/\/tdv.org\/tr-TR\/wp-content\/uploads\/2025\/06\/turkiye-diyanet-vakfi-burkina-fasoda-ihtiyac-sahiplerine-kurban-eti-ulastirdi-3.jpg'><img decoding=\"async\" width=\"1024\" height=\"576\" src=\"https:\/\/tdv.org\/tr-TR\/wp-content\/uploads\/2025\/06\/turkiye-diyanet-vakfi-burkina-fasoda-ihtiyac-sahiplerine-kurban-eti-ulastirdi-3-1024x576.jpg\" class=\"attachment-large size-large\" alt=\"T\u00fcrkiye Diyanet Vakf\u0131, Burkina Faso&#039;da ihtiya\u00e7 sahiplerine kurban eti ula\u015ft\u0131rd\u0131, kurban eti da\u011f\u0131t\u0131m\u0131, kurban ba\u011f\u0131\u015f\u0131\" srcset=\"https:\/\/tdv.org\/tr-TR\/wp-content\/uploads\/2025\/06\/turkiye-diyanet-vakfi-burkina-fasoda-ihtiyac-sahiplerine-kurban-eti-ulastirdi-3-1024x576.jpg 1024w, https:\/\/tdv.org\/tr-TR\/wp-content\/uploads\/2025\/06\/turkiye-diyanet-vakfi-burkina-fasoda-ihtiyac-sahiplerine-kurban-eti-ulastirdi-3-300x169.jpg 300w, https:\/\/tdv.org\/tr-TR\/wp-content\/uploads\/2025\/06\/turkiye-diyanet-vakfi-burkina-fasoda-ihtiyac-sahiplerine-kurban-eti-ulastirdi-3-768x432.jpg 768w, https:\/\/tdv.org\/tr-TR\/wp-content\/uploads\/2025\/06\/turkiye-diyanet-vakfi-burkina-fasoda-ihtiyac-sahiplerine-kurban-eti-ulastirdi-3.jpg 1365w\" sizes=\"(max-width: 1024px) 100vw, 1024px\" \/><\/a>\n\t\t\t<\/dt><\/dl><br style=\"clear: both\" \/><dl class='gallery-item'>\n\t\t\t<dt class='gallery-icon landscape'>\n\t\t\t\t<a href='https:\/\/tdv.org\/tr-TR\/wp-content\/uploads\/2025\/06\/turkiye-diyanet-vakfi-burkina-fasoda-ihtiyac-sahiplerine-kurban-eti-ulastirdi-4.jpg'><img decoding=\"async\" width=\"1024\" height=\"683\" src=\"https:\/\/tdv.org\/tr-TR\/wp-content\/uploads\/2025\/06\/turkiye-diyanet-vakfi-burkina-fasoda-ihtiyac-sahiplerine-kurban-eti-ulastirdi-4-1024x683.jpg\" class=\"attachment-large size-large\" alt=\"T\u00fcrkiye Diyanet Vakf\u0131, Burkina Faso&#039;da ihtiya\u00e7 sahiplerine kurban eti ula\u015ft\u0131rd\u0131, kurban eti da\u011f\u0131t\u0131m\u0131, kurban ba\u011f\u0131\u015f\u0131\" srcset=\"https:\/\/tdv.org\/tr-TR\/wp-content\/uploads\/2025\/06\/turkiye-diyanet-vakfi-burkina-fasoda-ihtiyac-sahiplerine-kurban-eti-ulastirdi-4-1024x683.jpg 1024w, https:\/\/tdv.org\/tr-TR\/wp-content\/uploads\/2025\/06\/turkiye-diyanet-vakfi-burkina-fasoda-ihtiyac-sahiplerine-kurban-eti-ulastirdi-4-300x200.jpg 300w, https:\/\/tdv.org\/tr-TR\/wp-content\/uploads\/2025\/06\/turkiye-diyanet-vakfi-burkina-fasoda-ihtiyac-sahiplerine-kurban-eti-ulastirdi-4-768x512.jpg 768w, https:\/\/tdv.org\/tr-TR\/wp-content\/uploads\/2025\/06\/turkiye-diyanet-vakfi-burkina-fasoda-ihtiyac-sahiplerine-kurban-eti-ulastirdi-4-900x600.jpg 900w, https:\/\/tdv.org\/tr-TR\/wp-content\/uploads\/2025\/06\/turkiye-diyanet-vakfi-burkina-fasoda-ihtiyac-sahiplerine-kurban-eti-ulastirdi-4.jpg 1152w\" sizes=\"(max-width: 1024px) 100vw, 1024px\" \/><\/a>\n\t\t\t<\/dt><\/dl>\n\t\t\t<br style='clear: both' \/>\n\t\t<\/div>\n\n","protected":false},"excerpt":{"rendered":"<p>T\u00fcrkiye Diyanet Vakf\u0131 (TDV), vekaletle kurban kesim organizasyonu kapsam\u0131nda Burkina Faso&#8217;da, yakla\u015f\u0131k 1 milyon 300 bin ihtiya\u00e7 sahibine kurban eti da\u011f\u0131tt\u0131. TDV&#8217;nin &#8220;Kurban\u0131n\u0131 payla\u015f, karde\u015finle yak\u0131nla\u015f&#8221; temas\u0131yla d\u00fczenledi\u011fi organizasyon kapsam\u0131nda&#8230;<\/p>\n","protected":false},"author":8,"featured_media":51778,"comment_status":"closed","ping_status":"closed","sticky":false,"template":"","format":"standard","meta":{"footnotes":""},"categories":[1],"tags":[2385,2403,2414,787,744],"class_list":{"0":"post-51775","1":"post","2":"type-post","3":"status-publish","4":"format-standard","5":"has-post-thumbnail","7":"category-haberler","8":"tag-2025-kurban","9":"tag-2025-yili-vekalet-yoluyla-kurban-kesim-organizasyonu","10":"tag-kurban-2025","11":"tag-kurban-dagitim","12":"tag-kurban-dagitimi"},"yoast_head":"<!-- This site is optimized with the Yoast SEO plugin v27.5 - https:\/\/yoast.com\/product\/yoast-seo-wordpress\/ -->\n<title>T\u00fcrkiye Diyanet Vakf\u0131, Burkina Faso&#039;da ihtiya\u00e7 sahiplerine kurban eti ula\u015ft\u0131rd\u0131<\/title>\n<meta name=\"description\" content=\"T\u00fcrkiye\u00a0Diyanet\u00a0Vakf\u0131 (TDV), vekaletle kurban kesim organizasyonu kapsam\u0131nda Burkina Faso&#039;da, yakla\u015f\u0131k 1 milyon 300 bin ihtiya\u00e7 sahibine kurban eti da\u011f\u0131tt\u0131.\" \/>\n<meta name=\"robots\" content=\"index, follow, max-snippet:-1, max-image-preview:large, max-video-preview:-1\" \/>\n<link rel=\"canonical\" href=\"https:\/\/tdv.org\/tr-TR\/turkiye-diyanet-vakfi-burkina-fasoda-ihtiyac-sahiplerine-kurban-eti-ulastirdi\/\" \/>\n<meta property=\"og:locale\" content=\"tr_TR\" \/>\n<meta property=\"og:type\" content=\"article\" \/>\n<meta property=\"og:title\" content=\"T\u00fcrkiye Diyanet Vakf\u0131, Burkina Faso&#039;da ihtiya\u00e7 sahiplerine kurban eti ula\u015ft\u0131rd\u0131\" \/>\n<meta property=\"og:description\" content=\"T\u00fcrkiye\u00a0Diyanet\u00a0Vakf\u0131 (TDV), vekaletle kurban kesim organizasyonu kapsam\u0131nda Burkina Faso&#039;da, yakla\u015f\u0131k 1 milyon 300 bin ihtiya\u00e7 sahibine kurban eti da\u011f\u0131tt\u0131.\" \/>\n<meta property=\"og:url\" content=\"https:\/\/tdv.org\/tr-TR\/turkiye-diyanet-vakfi-burkina-fasoda-ihtiyac-sahiplerine-kurban-eti-ulastirdi\/\" \/>\n<meta property=\"og:site_name\" content=\"T\u00fcrkiye Diyanet Vakf\u0131 Resmi Web Sitesi\" \/>\n<meta property=\"article:publisher\" content=\"https:\/\/www.facebook.com\/Diyanetvakfi\/\" \/>\n<meta property=\"article:published_time\" content=\"2025-06-10T06:35:16+00:00\" \/>\n<meta property=\"article:modified_time\" content=\"2025-06-12T06:26:28+00:00\" \/>\n<meta property=\"og:image\" content=\"https:\/\/tdv.org\/tr-TR\/wp-content\/uploads\/2025\/06\/turkiye-diyanet-vakfi-burkina-fasoda-ihtiyac-sahiplerine-kurban-eti-ulastirdi-3.jpg\" \/>\n\t<meta property=\"og:image:width\" content=\"1365\" \/>\n\t<meta property=\"og:image:height\" content=\"768\" \/>\n\t<meta property=\"og:image:type\" content=\"image\/jpeg\" \/>\n<meta name=\"author\" content=\"Selim\" \/>\n<meta name=\"twitter:card\" content=\"summary_large_image\" \/>\n<meta name=\"twitter:creator\" content=\"@DiyanetVakfi\" \/>\n<meta name=\"twitter:site\" content=\"@DiyanetVakfi\" \/>\n<script type=\"application\/ld+json\" class=\"yoast-schema-graph\">{\"@context\":\"https:\\\/\\\/schema.org\",\"@graph\":[{\"@type\":\"Article\",\"@id\":\"https:\\\/\\\/tdv.org\\\/tr-TR\\\/turkiye-diyanet-vakfi-burkina-fasoda-ihtiyac-sahiplerine-kurban-eti-ulastirdi\\\/#article\",\"isPartOf\":{\"@id\":\"https:\\\/\\\/tdv.org\\\/tr-TR\\\/turkiye-diyanet-vakfi-burkina-fasoda-ihtiyac-sahiplerine-kurban-eti-ulastirdi\\\/\"},\"author\":{\"name\":\"Selim\",\"@id\":\"https:\\\/\\\/tdv.org\\\/tr-TR\\\/#\\\/schema\\\/person\\\/752b55e264a99273d55636516d96d5eb\"},\"headline\":\"T\u00fcrkiye Diyanet Vakf\u0131, Burkina Faso&#8217;da ihtiya\u00e7 sahiplerine kurban eti ula\u015ft\u0131rd\u0131\",\"datePublished\":\"2025-06-10T06:35:16+00:00\",\"dateModified\":\"2025-06-12T06:26:28+00:00\",\"mainEntityOfPage\":{\"@id\":\"https:\\\/\\\/tdv.org\\\/tr-TR\\\/turkiye-diyanet-vakfi-burkina-fasoda-ihtiyac-sahiplerine-kurban-eti-ulastirdi\\\/\"},\"wordCount\":489,\"publisher\":{\"@id\":\"https:\\\/\\\/tdv.org\\\/tr-TR\\\/#organization\"},\"image\":{\"@id\":\"https:\\\/\\\/tdv.org\\\/tr-TR\\\/turkiye-diyanet-vakfi-burkina-fasoda-ihtiyac-sahiplerine-kurban-eti-ulastirdi\\\/#primaryimage\"},\"thumbnailUrl\":\"https:\\\/\\\/tdv.org\\\/tr-TR\\\/wp-content\\\/uploads\\\/2025\\\/06\\\/turkiye-diyanet-vakfi-burkina-fasoda-ihtiyac-sahiplerine-kurban-eti-ulastirdi-3.jpg\",\"keywords\":[\"2025 kurban\",\"2025 Y\u0131l\u0131 Vekalet Yoluyla Kurban Kesim Organizasyonu\",\"kurban 2025\",\"kurban da\u011f\u0131t\u0131m\",\"kurban da\u011f\u0131t\u0131m\u0131\"],\"articleSection\":[\"Haberler\"],\"inLanguage\":\"tr\"},{\"@type\":\"WebPage\",\"@id\":\"https:\\\/\\\/tdv.org\\\/tr-TR\\\/turkiye-diyanet-vakfi-burkina-fasoda-ihtiyac-sahiplerine-kurban-eti-ulastirdi\\\/\",\"url\":\"https:\\\/\\\/tdv.org\\\/tr-TR\\\/turkiye-diyanet-vakfi-burkina-fasoda-ihtiyac-sahiplerine-kurban-eti-ulastirdi\\\/\",\"name\":\"T\u00fcrkiye Diyanet Vakf\u0131, Burkina Faso'da ihtiya\u00e7 sahiplerine kurban eti ula\u015ft\u0131rd\u0131\",\"isPartOf\":{\"@id\":\"https:\\\/\\\/tdv.org\\\/tr-TR\\\/#website\"},\"primaryImageOfPage\":{\"@id\":\"https:\\\/\\\/tdv.org\\\/tr-TR\\\/turkiye-diyanet-vakfi-burkina-fasoda-ihtiyac-sahiplerine-kurban-eti-ulastirdi\\\/#primaryimage\"},\"image\":{\"@id\":\"https:\\\/\\\/tdv.org\\\/tr-TR\\\/turkiye-diyanet-vakfi-burkina-fasoda-ihtiyac-sahiplerine-kurban-eti-ulastirdi\\\/#primaryimage\"},\"thumbnailUrl\":\"https:\\\/\\\/tdv.org\\\/tr-TR\\\/wp-content\\\/uploads\\\/2025\\\/06\\\/turkiye-diyanet-vakfi-burkina-fasoda-ihtiyac-sahiplerine-kurban-eti-ulastirdi-3.jpg\",\"datePublished\":\"2025-06-10T06:35:16+00:00\",\"dateModified\":\"2025-06-12T06:26:28+00:00\",\"description\":\"T\u00fcrkiye\u00a0Diyanet\u00a0Vakf\u0131 (TDV), vekaletle kurban kesim organizasyonu kapsam\u0131nda Burkina Faso'da, yakla\u015f\u0131k 1 milyon 300 bin ihtiya\u00e7 sahibine kurban eti da\u011f\u0131tt\u0131.\",\"breadcrumb\":{\"@id\":\"https:\\\/\\\/tdv.org\\\/tr-TR\\\/turkiye-diyanet-vakfi-burkina-fasoda-ihtiyac-sahiplerine-kurban-eti-ulastirdi\\\/#breadcrumb\"},\"inLanguage\":\"tr\",\"potentialAction\":[{\"@type\":\"ReadAction\",\"target\":[\"https:\\\/\\\/tdv.org\\\/tr-TR\\\/turkiye-diyanet-vakfi-burkina-fasoda-ihtiyac-sahiplerine-kurban-eti-ulastirdi\\\/\"]}]},{\"@type\":\"ImageObject\",\"inLanguage\":\"tr\",\"@id\":\"https:\\\/\\\/tdv.org\\\/tr-TR\\\/turkiye-diyanet-vakfi-burkina-fasoda-ihtiyac-sahiplerine-kurban-eti-ulastirdi\\\/#primaryimage\",\"url\":\"https:\\\/\\\/tdv.org\\\/tr-TR\\\/wp-content\\\/uploads\\\/2025\\\/06\\\/turkiye-diyanet-vakfi-burkina-fasoda-ihtiyac-sahiplerine-kurban-eti-ulastirdi-3.jpg\",\"contentUrl\":\"https:\\\/\\\/tdv.org\\\/tr-TR\\\/wp-content\\\/uploads\\\/2025\\\/06\\\/turkiye-diyanet-vakfi-burkina-fasoda-ihtiyac-sahiplerine-kurban-eti-ulastirdi-3.jpg\",\"width\":1365,\"height\":768,\"caption\":\"T\u00fcrkiye Diyanet Vakf\u0131, Burkina Faso'da ihtiya\u00e7 sahiplerine kurban eti ula\u015ft\u0131rd\u0131, kurban eti da\u011f\u0131t\u0131m\u0131, kurban ba\u011f\u0131\u015f\u0131\"},{\"@type\":\"BreadcrumbList\",\"@id\":\"https:\\\/\\\/tdv.org\\\/tr-TR\\\/turkiye-diyanet-vakfi-burkina-fasoda-ihtiyac-sahiplerine-kurban-eti-ulastirdi\\\/#breadcrumb\",\"itemListElement\":[{\"@type\":\"ListItem\",\"position\":1,\"name\":\"Anasayfa\",\"item\":\"https:\\\/\\\/tdv.org\\\/tr-TR\\\/\"},{\"@type\":\"ListItem\",\"position\":2,\"name\":\"T\u00fcrkiye Diyanet Vakf\u0131, Burkina Faso&#8217;da ihtiya\u00e7 sahiplerine kurban eti ula\u015ft\u0131rd\u0131\"}]},{\"@type\":\"WebSite\",\"@id\":\"https:\\\/\\\/tdv.org\\\/tr-TR\\\/#website\",\"url\":\"https:\\\/\\\/tdv.org\\\/tr-TR\\\/\",\"name\":\"T\u00fcrkiye Diyanet Vakf\u0131 Resmi Web Sitesi\",\"description\":\"Yery\u00fcz\u00fcnde iyilik egemen oluncaya kadar\",\"publisher\":{\"@id\":\"https:\\\/\\\/tdv.org\\\/tr-TR\\\/#organization\"},\"alternateName\":\"T\u00fcrkiye Diyanet Vakf\u0131\",\"potentialAction\":[{\"@type\":\"SearchAction\",\"target\":{\"@type\":\"EntryPoint\",\"urlTemplate\":\"https:\\\/\\\/tdv.org\\\/tr-TR\\\/?s={search_term_string}\"},\"query-input\":{\"@type\":\"PropertyValueSpecification\",\"valueRequired\":true,\"valueName\":\"search_term_string\"}}],\"inLanguage\":\"tr\"},{\"@type\":\"Organization\",\"@id\":\"https:\\\/\\\/tdv.org\\\/tr-TR\\\/#organization\",\"name\":\"T\u00fcrkiye Diyanet Vakf\u0131\",\"alternateName\":\"T\u00fcrkiye Diyanet Vakf\u0131\",\"url\":\"https:\\\/\\\/tdv.org\\\/tr-TR\\\/\",\"logo\":{\"@type\":\"ImageObject\",\"inLanguage\":\"tr\",\"@id\":\"https:\\\/\\\/tdv.org\\\/tr-TR\\\/#\\\/schema\\\/logo\\\/image\\\/\",\"url\":\"https:\\\/\\\/tdv.org\\\/tr-TR\\\/wp-content\\\/uploads\\\/2018\\\/12\\\/TDV_Logo_1.png\",\"contentUrl\":\"https:\\\/\\\/tdv.org\\\/tr-TR\\\/wp-content\\\/uploads\\\/2018\\\/12\\\/TDV_Logo_1.png\",\"width\":207,\"height\":71,\"caption\":\"T\u00fcrkiye Diyanet Vakf\u0131\"},\"image\":{\"@id\":\"https:\\\/\\\/tdv.org\\\/tr-TR\\\/#\\\/schema\\\/logo\\\/image\\\/\"},\"sameAs\":[\"https:\\\/\\\/www.facebook.com\\\/Diyanetvakfi\\\/\",\"https:\\\/\\\/x.com\\\/DiyanetVakfi\",\"https:\\\/\\\/www.instagram.com\\\/turkiyediyanetvakfi\\\/\",\"https:\\\/\\\/www.youtube.com\\\/user\\\/TurkiyeDiyanetVakfi\"]},{\"@type\":\"Person\",\"@id\":\"https:\\\/\\\/tdv.org\\\/tr-TR\\\/#\\\/schema\\\/person\\\/752b55e264a99273d55636516d96d5eb\",\"name\":\"Selim\",\"image\":{\"@type\":\"ImageObject\",\"inLanguage\":\"tr\",\"@id\":\"https:\\\/\\\/tdv.org\\\/tr-TR\\\/wp-content\\\/litespeed\\\/avatar\\\/a1e47b25396e98e5b781e88a5396cd96.jpg?ver=1777287391\",\"url\":\"https:\\\/\\\/tdv.org\\\/tr-TR\\\/wp-content\\\/litespeed\\\/avatar\\\/a1e47b25396e98e5b781e88a5396cd96.jpg?ver=1777287391\",\"contentUrl\":\"https:\\\/\\\/tdv.org\\\/tr-TR\\\/wp-content\\\/litespeed\\\/avatar\\\/a1e47b25396e98e5b781e88a5396cd96.jpg?ver=1777287391\",\"caption\":\"Selim\"}}]}<\/script>\n<!-- \/ Yoast SEO plugin. -->","yoast_head_json":{"title":"T\u00fcrkiye Diyanet Vakf\u0131, Burkina Faso'da ihtiya\u00e7 sahiplerine kurban eti ula\u015ft\u0131rd\u0131","description":"T\u00fcrkiye\u00a0Diyanet\u00a0Vakf\u0131 (TDV), vekaletle kurban kesim organizasyonu kapsam\u0131nda Burkina Faso'da, yakla\u015f\u0131k 1 milyon 300 bin ihtiya\u00e7 sahibine kurban eti da\u011f\u0131tt\u0131.","robots":{"index":"index","follow":"follow","max-snippet":"max-snippet:-1","max-image-preview":"max-image-preview:large","max-video-preview":"max-video-preview:-1"},"canonical":"https:\/\/tdv.org\/tr-TR\/turkiye-diyanet-vakfi-burkina-fasoda-ihtiyac-sahiplerine-kurban-eti-ulastirdi\/","og_locale":"tr_TR","og_type":"article","og_title":"T\u00fcrkiye Diyanet Vakf\u0131, Burkina Faso'da ihtiya\u00e7 sahiplerine kurban eti ula\u015ft\u0131rd\u0131","og_description":"T\u00fcrkiye\u00a0Diyanet\u00a0Vakf\u0131 (TDV), vekaletle kurban kesim organizasyonu kapsam\u0131nda Burkina Faso'da, yakla\u015f\u0131k 1 milyon 300 bin ihtiya\u00e7 sahibine kurban eti da\u011f\u0131tt\u0131.","og_url":"https:\/\/tdv.org\/tr-TR\/turkiye-diyanet-vakfi-burkina-fasoda-ihtiyac-sahiplerine-kurban-eti-ulastirdi\/","og_site_name":"T\u00fcrkiye Diyanet Vakf\u0131 Resmi Web Sitesi","article_publisher":"https:\/\/www.facebook.com\/Diyanetvakfi\/","article_published_time":"2025-06-10T06:35:16+00:00","article_modified_time":"2025-06-12T06:26:28+00:00","og_image":[{"width":1365,"height":768,"url":"https:\/\/tdv.org\/tr-TR\/wp-content\/uploads\/2025\/06\/turkiye-diyanet-vakfi-burkina-fasoda-ihtiyac-sahiplerine-kurban-eti-ulastirdi-3.jpg","type":"image\/jpeg"}],"author":"Selim","twitter_card":"summary_large_image","twitter_creator":"@DiyanetVakfi","twitter_site":"@DiyanetVakfi","schema":{"@context":"https:\/\/schema.org","@graph":[{"@type":"Article","@id":"https:\/\/tdv.org\/tr-TR\/turkiye-diyanet-vakfi-burkina-fasoda-ihtiyac-sahiplerine-kurban-eti-ulastirdi\/#article","isPartOf":{"@id":"https:\/\/tdv.org\/tr-TR\/turkiye-diyanet-vakfi-burkina-fasoda-ihtiyac-sahiplerine-kurban-eti-ulastirdi\/"},"author":{"name":"Selim","@id":"https:\/\/tdv.org\/tr-TR\/#\/schema\/person\/752b55e264a99273d55636516d96d5eb"},"headline":"T\u00fcrkiye Diyanet Vakf\u0131, Burkina Faso&#8217;da ihtiya\u00e7 sahiplerine kurban eti ula\u015ft\u0131rd\u0131","datePublished":"2025-06-10T06:35:16+00:00","dateModified":"2025-06-12T06:26:28+00:00","mainEntityOfPage":{"@id":"https:\/\/tdv.org\/tr-TR\/turkiye-diyanet-vakfi-burkina-fasoda-ihtiyac-sahiplerine-kurban-eti-ulastirdi\/"},"wordCount":489,"publisher":{"@id":"https:\/\/tdv.org\/tr-TR\/#organization"},"image":{"@id":"https:\/\/tdv.org\/tr-TR\/turkiye-diyanet-vakfi-burkina-fasoda-ihtiyac-sahiplerine-kurban-eti-ulastirdi\/#primaryimage"},"thumbnailUrl":"https:\/\/tdv.org\/tr-TR\/wp-content\/uploads\/2025\/06\/turkiye-diyanet-vakfi-burkina-fasoda-ihtiyac-sahiplerine-kurban-eti-ulastirdi-3.jpg","keywords":["2025 kurban","2025 Y\u0131l\u0131 Vekalet Yoluyla Kurban Kesim Organizasyonu","kurban 2025","kurban da\u011f\u0131t\u0131m","kurban da\u011f\u0131t\u0131m\u0131"],"articleSection":["Haberler"],"inLanguage":"tr"},{"@type":"WebPage","@id":"https:\/\/tdv.org\/tr-TR\/turkiye-diyanet-vakfi-burkina-fasoda-ihtiyac-sahiplerine-kurban-eti-ulastirdi\/","url":"https:\/\/tdv.org\/tr-TR\/turkiye-diyanet-vakfi-burkina-fasoda-ihtiyac-sahiplerine-kurban-eti-ulastirdi\/","name":"T\u00fcrkiye Diyanet Vakf\u0131, Burkina Faso'da ihtiya\u00e7 sahiplerine kurban eti ula\u015ft\u0131rd\u0131","isPartOf":{"@id":"https:\/\/tdv.org\/tr-TR\/#website"},"primaryImageOfPage":{"@id":"https:\/\/tdv.org\/tr-TR\/turkiye-diyanet-vakfi-burkina-fasoda-ihtiyac-sahiplerine-kurban-eti-ulastirdi\/#primaryimage"},"image":{"@id":"https:\/\/tdv.org\/tr-TR\/turkiye-diyanet-vakfi-burkina-fasoda-ihtiyac-sahiplerine-kurban-eti-ulastirdi\/#primaryimage"},"thumbnailUrl":"https:\/\/tdv.org\/tr-TR\/wp-content\/uploads\/2025\/06\/turkiye-diyanet-vakfi-burkina-fasoda-ihtiyac-sahiplerine-kurban-eti-ulastirdi-3.jpg","datePublished":"2025-06-10T06:35:16+00:00","dateModified":"2025-06-12T06:26:28+00:00","description":"T\u00fcrkiye\u00a0Diyanet\u00a0Vakf\u0131 (TDV), vekaletle kurban kesim organizasyonu kapsam\u0131nda Burkina Faso'da, yakla\u015f\u0131k 1 milyon 300 bin ihtiya\u00e7 sahibine kurban eti da\u011f\u0131tt\u0131.","breadcrumb":{"@id":"https:\/\/tdv.org\/tr-TR\/turkiye-diyanet-vakfi-burkina-fasoda-ihtiyac-sahiplerine-kurban-eti-ulastirdi\/#breadcrumb"},"inLanguage":"tr","potentialAction":[{"@type":"ReadAction","target":["https:\/\/tdv.org\/tr-TR\/turkiye-diyanet-vakfi-burkina-fasoda-ihtiyac-sahiplerine-kurban-eti-ulastirdi\/"]}]},{"@type":"ImageObject","inLanguage":"tr","@id":"https:\/\/tdv.org\/tr-TR\/turkiye-diyanet-vakfi-burkina-fasoda-ihtiyac-sahiplerine-kurban-eti-ulastirdi\/#primaryimage","url":"https:\/\/tdv.org\/tr-TR\/wp-content\/uploads\/2025\/06\/turkiye-diyanet-vakfi-burkina-fasoda-ihtiyac-sahiplerine-kurban-eti-ulastirdi-3.jpg","contentUrl":"https:\/\/tdv.org\/tr-TR\/wp-content\/uploads\/2025\/06\/turkiye-diyanet-vakfi-burkina-fasoda-ihtiyac-sahiplerine-kurban-eti-ulastirdi-3.jpg","width":1365,"height":768,"caption":"T\u00fcrkiye Diyanet Vakf\u0131, Burkina Faso'da ihtiya\u00e7 sahiplerine kurban eti ula\u015ft\u0131rd\u0131, kurban eti da\u011f\u0131t\u0131m\u0131, kurban ba\u011f\u0131\u015f\u0131"},{"@type":"BreadcrumbList","@id":"https:\/\/tdv.org\/tr-TR\/turkiye-diyanet-vakfi-burkina-fasoda-ihtiyac-sahiplerine-kurban-eti-ulastirdi\/#breadcrumb","itemListElement":[{"@type":"ListItem","position":1,"name":"Anasayfa","item":"https:\/\/tdv.org\/tr-TR\/"},{"@type":"ListItem","position":2,"name":"T\u00fcrkiye Diyanet Vakf\u0131, Burkina Faso&#8217;da ihtiya\u00e7 sahiplerine kurban eti ula\u015ft\u0131rd\u0131"}]},{"@type":"WebSite","@id":"https:\/\/tdv.org\/tr-TR\/#website","url":"https:\/\/tdv.org\/tr-TR\/","name":"T\u00fcrkiye Diyanet Vakf\u0131 Resmi Web Sitesi","description":"Yery\u00fcz\u00fcnde iyilik egemen oluncaya kadar","publisher":{"@id":"https:\/\/tdv.org\/tr-TR\/#organization"},"alternateName":"T\u00fcrkiye Diyanet Vakf\u0131","potentialAction":[{"@type":"SearchAction","target":{"@type":"EntryPoint","urlTemplate":"https:\/\/tdv.org\/tr-TR\/?s={search_term_string}"},"query-input":{"@type":"PropertyValueSpecification","valueRequired":true,"valueName":"search_term_string"}}],"inLanguage":"tr"},{"@type":"Organization","@id":"https:\/\/tdv.org\/tr-TR\/#organization","name":"T\u00fcrkiye Diyanet Vakf\u0131","alternateName":"T\u00fcrkiye Diyanet Vakf\u0131","url":"https:\/\/tdv.org\/tr-TR\/","logo":{"@type":"ImageObject","inLanguage":"tr","@id":"https:\/\/tdv.org\/tr-TR\/#\/schema\/logo\/image\/","url":"https:\/\/tdv.org\/tr-TR\/wp-content\/uploads\/2018\/12\/TDV_Logo_1.png","contentUrl":"https:\/\/tdv.org\/tr-TR\/wp-content\/uploads\/2018\/12\/TDV_Logo_1.png","width":207,"height":71,"caption":"T\u00fcrkiye Diyanet Vakf\u0131"},"image":{"@id":"https:\/\/tdv.org\/tr-TR\/#\/schema\/logo\/image\/"},"sameAs":["https:\/\/www.facebook.com\/Diyanetvakfi\/","https:\/\/x.com\/DiyanetVakfi","https:\/\/www.instagram.com\/turkiyediyanetvakfi\/","https:\/\/www.youtube.com\/user\/TurkiyeDiyanetVakfi"]},{"@type":"Person","@id":"https:\/\/tdv.org\/tr-TR\/#\/schema\/person\/752b55e264a99273d55636516d96d5eb","name":"Selim","image":{"@type":"ImageObject","inLanguage":"tr","@id":"https:\/\/tdv.org\/tr-TR\/wp-content\/litespeed\/avatar\/a1e47b25396e98e5b781e88a5396cd96.jpg?ver=1777287391","url":"https:\/\/tdv.org\/tr-TR\/wp-content\/litespeed\/avatar\/a1e47b25396e98e5b781e88a5396cd96.jpg?ver=1777287391","contentUrl":"https:\/\/tdv.org\/tr-TR\/wp-content\/litespeed\/avatar\/a1e47b25396e98e5b781e88a5396cd96.jpg?ver=1777287391","caption":"Selim"}}]}},"_links":{"self":[{"href":"https:\/\/tdv.org\/tr-TR\/wp-json\/wp\/v2\/posts\/51775","targetHints":{"allow":["GET"]}}],"collection":[{"href":"https:\/\/tdv.org\/tr-TR\/wp-json\/wp\/v2\/posts"}],"about":[{"href":"https:\/\/tdv.org\/tr-TR\/wp-json\/wp\/v2\/types\/post"}],"author":[{"embeddable":true,"href":"https:\/\/tdv.org\/tr-TR\/wp-json\/wp\/v2\/users\/8"}],"replies":[{"embeddable":true,"href":"https:\/\/tdv.org\/tr-TR\/wp-json\/wp\/v2\/comments?post=51775"}],"version-history":[{"count":1,"href":"https:\/\/tdv.org\/tr-TR\/wp-json\/wp\/v2\/posts\/51775\/revisions"}],"predecessor-version":[{"id":51780,"href":"https:\/\/tdv.org\/tr-TR\/wp-json\/wp\/v2\/posts\/51775\/revisions\/51780"}],"wp:featuredmedia":[{"embeddable":true,"href":"https:\/\/tdv.org\/tr-TR\/wp-json\/wp\/v2\/media\/51778"}],"wp:attachment":[{"href":"https:\/\/tdv.org\/tr-TR\/wp-json\/wp\/v2\/media?parent=51775"}],"wp:term":[{"taxonomy":"category","embeddable":true,"href":"https:\/\/tdv.org\/tr-TR\/wp-json\/wp\/v2\/categories?post=51775"},{"taxonomy":"post_tag","embeddable":true,"href":"https:\/\/tdv.org\/tr-TR\/wp-json\/wp\/v2\/tags?post=51775"}],"curies":[{"name":"wp","href":"https:\/\/api.w.org\/{rel}","templated":true}]}}