{"id":52054,"date":"2025-07-11T18:24:29","date_gmt":"2025-07-11T15:24:29","guid":{"rendered":"https:\/\/tdv.org\/tr-TR\/?p=52054"},"modified":"2025-07-11T18:24:29","modified_gmt":"2025-07-11T15:24:29","slug":"diyanet-isleri-baskani-erbastan-srebrenitsa-soykirimi-mesaji","status":"publish","type":"post","link":"https:\/\/tdv.org\/tr-TR\/diyanet-isleri-baskani-erbastan-srebrenitsa-soykirimi-mesaji\/","title":{"rendered":"Diyanet \u0130\u015fleri Ba\u015fkan\u0131 Erba\u015f\u2019tan Srebrenitsa Soyk\u0131r\u0131m\u0131 mesaj\u0131"},"content":{"rendered":"<p class=\"text-justify\" style=\"text-align: justify;\"><a href=\"https:\/\/tdv.org\/tr-TR\/kurumsal\/prof-dr-ali-erbas\/\" target=\"_blank\" rel=\"noopener\">Diyanet \u0130\u015fleri Ba\u015fkan\u0131 ve T\u00fcrkiye Diyanet Vakf\u0131 M\u00fctevelli Heyeti Ba\u015fkan\u0131 Prof. Dr. Ali Erba\u015f<\/a>,\u201cSrebrenitsa&#8217;da, Gazze\u2019de, Filistin\u2019de ve mazlum co\u011frafyalarda yap\u0131lanlar\u0131 unutmayacak, unutturmayacak ve zalimlere kar\u015f\u0131 m\u00fccadelemizi kararl\u0131l\u0131kla s\u00fcrd\u00fcrece\u011fiz.\u201d dedi.<\/p>\n<div style=\"text-align: justify;\">\n<p>Diyanet \u0130\u015fleri Ba\u015fkan\u0131 Prof. Dr. Ali Erba\u015f, Srebrenitsa Soyk\u0131r\u0131m\u0131\u2019n\u0131n 30. y\u0131l d\u00f6n\u00fcm\u00fc dolay\u0131s\u0131yla sosyal medya hesab\u0131ndan yapt\u0131\u011f\u0131 payla\u015f\u0131mda, ac\u0131n\u0131n hala taze oldu\u011funu belirterek, Gazze ve di\u011fer mazlum co\u011frafyalarda ya\u015fanan zul\u00fcmlere dikkat \u00e7ekti.<\/p>\n<p><strong>\u201cYa\u015fanan ac\u0131, y\u00fcreklerimizi yakmaya devam ediyor\u201d<\/strong><\/p>\n<p>Ba\u015fkan Erba\u015f, mesaj\u0131nda, \u201cAvrupa\u2019n\u0131n g\u00f6be\u011finde, t\u00fcm d\u00fcnyan\u0131n g\u00f6zleri \u00f6n\u00fcnde ger\u00e7ekle\u015fen Srebrenitsa Soyk\u0131r\u0131m\u0131&#8217;n\u0131n \u00fczerinden 30 y\u0131l ge\u00e7ti. Ancak ya\u015fanan ac\u0131, hala y\u00fcreklerimizi yakmaya devam ediyor.\u201d ifadelerini kulland\u0131.<\/p>\n<p><strong>\u201cGazze\u2019de zulmedenler hem bu d\u00fcnyada hem de ahirette hesap verecek\u201d<\/strong><\/p>\n<p>Srebrenitsa\u2019da ya\u015fananlar\u0131n unutulmamas\u0131 gerekti\u011fini vurgulayan Ba\u015fkan Erba\u015f, \u015fu de\u011ferlendirmede bulundu:<\/p>\n<p>\u201cBu elim hadiseyi y\u00fcre\u011fimizde derin bir h\u00fcz\u00fcnle anarken, ne yaz\u0131k ki bug\u00fcn Gazze\u2019de ve mazlum co\u011frafyalarda zalimler eliyle ayn\u0131 ac\u0131lar s\u00fcrd\u00fcr\u00fcl\u00fcyor. \u0130nan\u0131yor ve biliyoruz ki Srebrenitsa\u2019daki katiller uluslararas\u0131 mahkemelerde ve insanl\u0131k \u00f6n\u00fcnde zalimlikleri tescil edilerek, nas\u0131l hesap verdilerse, bug\u00fcn Gazze\u2019de ve di\u011fer mazlum co\u011frafyalarda zulmedenler de hem bu d\u00fcnyada hem de ahirette hesap verecek ve yapt\u0131klar\u0131n\u0131n bedelini \u00f6deyeceklerdir.\u201d<\/p>\n<p><strong>\u201cZalimlere kar\u015f\u0131 m\u00fccadelemizi kararl\u0131l\u0131kla s\u00fcrd\u00fcrece\u011fiz\u201d<\/strong><\/p>\n<p>Bosna halk\u0131n\u0131n m\u00fccadelesine \u00f6nderlik eden Aliya \u0130zzet Begovi\u00e7\u2019in, \u201cNe yaparsan\u0131z yap\u0131n ama soyk\u0131r\u0131m\u0131 unutmay\u0131n. \u00c7\u00fcnk\u00fc unutulan soyk\u0131r\u0131m tekrarlan\u0131r.\u201d s\u00f6z\u00fcn\u00fc hat\u0131rlatan Ba\u015fkan Erba\u015f, \u201cBizler de Srebrenitsa&#8217;da, Gazze\u2019de, Filistin\u2019de ve mazlum co\u011frafyalarda yap\u0131lanlar\u0131 unutmayacak, unutturmayacak ve zalimlere kar\u015f\u0131 m\u00fccadelemizi kararl\u0131l\u0131kla s\u00fcrd\u00fcrece\u011fiz.\u201d dedi.<\/p>\n<p>Ba\u015fkan Erba\u015f, payla\u015f\u0131m\u0131n\u0131n sonunda Srebrenitsa Soyk\u0131r\u0131m\u0131\u2019nda \u015fehit edilenler ile Gazze ba\u015fta olmak \u00fczere d\u00fcnyan\u0131n d\u00f6rt bir yan\u0131nda hayat\u0131n\u0131 kaybeden t\u00fcm mazlumlar i\u00e7in dua ederek, \u201cRuhlar\u0131 \u015fad, mekanlar\u0131 cennet olsun.\u201d ifadesini kulland\u0131.<\/p>\n<\/div>\n<blockquote class=\"twitter-tweet\">\n<p dir=\"ltr\" lang=\"tr\">Avrupa\u2019n\u0131n g\u00f6be\u011finde, t\u00fcm d\u00fcnyan\u0131n g\u00f6zleri \u00f6n\u00fcnde ger\u00e7ekle\u015fen Srebrenitsa Soyk\u0131r\u0131m\u0131&#8217;n\u0131n \u00fczerinden 30 y\u0131l ge\u00e7ti. Ancak ya\u015fanan ac\u0131, h\u00e2l\u00e2 y\u00fcreklerimizi yakmaya devam ediyor.<\/p>\n<p>Bu elim hadiseyi y\u00fcre\u011fimizde derin bir h\u00fcz\u00fcnle anarken, ne yaz\u0131k ki bug\u00fcn Gazze\u2019de ve mazlum co\u011frafyalarda\u2026 <a href=\"https:\/\/t.co\/l5y4knagRe\">pic.twitter.com\/l5y4knagRe<\/a><\/p>\n<p>\u2014 Prof. Dr. Ali Erba\u015f (@DIBAliErbas) <a href=\"https:\/\/twitter.com\/DIBAliErbas\/status\/1943566036537651664?ref_src=twsrc%5Etfw\">July 11, 2025<\/a><\/p><\/blockquote>\n<p style=\"text-align: justify;\"><script async src=\"https:\/\/platform.twitter.com\/widgets.js\" charset=\"utf-8\"><\/script><\/p>\n","protected":false},"excerpt":{"rendered":"<p>Diyanet \u0130\u015fleri Ba\u015fkan\u0131 ve T\u00fcrkiye Diyanet Vakf\u0131 M\u00fctevelli Heyeti Ba\u015fkan\u0131 Prof. Dr. Ali Erba\u015f,\u201cSrebrenitsa&#8217;da, Gazze\u2019de, Filistin\u2019de ve mazlum co\u011frafyalarda yap\u0131lanlar\u0131 unutmayacak, unutturmayacak ve zalimlere kar\u015f\u0131 m\u00fccadelemizi kararl\u0131l\u0131kla s\u00fcrd\u00fcrece\u011fiz.\u201d dedi. Diyanet&#8230;<\/p>\n","protected":false},"author":8,"featured_media":52055,"comment_status":"closed","ping_status":"closed","sticky":false,"template":"","format":"standard","meta":{"footnotes":""},"categories":[1],"tags":[2277,596,2226],"class_list":{"0":"post-52054","1":"post","2":"type-post","3":"status-publish","4":"format-standard","5":"has-post-thumbnail","7":"category-haberler","8":"tag-anma-mesaji","9":"tag-diyanet-isleri-baskani-ve-turkiye-diyanet-vakfi-mutevelli-heyeti-baskani-prof-dr-ali-erbas","10":"tag-soykirim"},"yoast_head":"<!-- This site is optimized with the Yoast SEO plugin v27.4 - https:\/\/yoast.com\/product\/yoast-seo-wordpress\/ -->\n<title>Diyanet \u0130\u015fleri Ba\u015fkan\u0131 Erba\u015f\u2019tan Srebrenitsa Soyk\u0131r\u0131m\u0131 mesaj\u0131<\/title>\n<meta name=\"description\" content=\"Diyanet \u0130\u015fleri Ba\u015fkan\u0131 ve T\u00fcrkiye Diyanet Vakf\u0131 M\u00fctevelli Heyeti Ba\u015fkan\u0131 Prof. Dr. Ali Erba\u015f,\u201cSrebrenitsa&#039;da, Gazze\u2019de, Filistin\u2019de ve mazlum co\u011frafyalarda yap\u0131lanlar\u0131 unutmayacak, unutturmayacak ve zalimlere kar\u015f\u0131 m\u00fccadelemizi kararl\u0131l\u0131kla s\u00fcrd\u00fcrece\u011fiz.\u201d dedi.\" \/>\n<meta name=\"robots\" content=\"index, follow, max-snippet:-1, max-image-preview:large, max-video-preview:-1\" \/>\n<link rel=\"canonical\" href=\"https:\/\/tdv.org\/tr-TR\/diyanet-isleri-baskani-erbastan-srebrenitsa-soykirimi-mesaji\/\" \/>\n<meta property=\"og:locale\" content=\"tr_TR\" \/>\n<meta property=\"og:type\" content=\"article\" \/>\n<meta property=\"og:title\" content=\"Diyanet \u0130\u015fleri Ba\u015fkan\u0131 Erba\u015f\u2019tan Srebrenitsa Soyk\u0131r\u0131m\u0131 mesaj\u0131\" \/>\n<meta property=\"og:description\" content=\"Diyanet \u0130\u015fleri Ba\u015fkan\u0131 ve T\u00fcrkiye Diyanet Vakf\u0131 M\u00fctevelli Heyeti Ba\u015fkan\u0131 Prof. Dr. Ali Erba\u015f,\u201cSrebrenitsa&#039;da, Gazze\u2019de, Filistin\u2019de ve mazlum co\u011frafyalarda yap\u0131lanlar\u0131 unutmayacak, unutturmayacak ve zalimlere kar\u015f\u0131 m\u00fccadelemizi kararl\u0131l\u0131kla s\u00fcrd\u00fcrece\u011fiz.\u201d dedi.\" \/>\n<meta property=\"og:url\" content=\"https:\/\/tdv.org\/tr-TR\/diyanet-isleri-baskani-erbastan-srebrenitsa-soykirimi-mesaji\/\" \/>\n<meta property=\"og:site_name\" content=\"T\u00fcrkiye Diyanet Vakf\u0131 Resmi Web Sitesi\" \/>\n<meta property=\"article:publisher\" content=\"https:\/\/www.facebook.com\/Diyanetvakfi\/\" \/>\n<meta property=\"article:published_time\" content=\"2025-07-11T15:24:29+00:00\" \/>\n<meta property=\"og:image\" content=\"https:\/\/tdv.org\/tr-TR\/wp-content\/uploads\/2025\/07\/diyanet-isleri-baskani-erbastan-srebrenitsa-soykirimi-mesaji.jpeg\" \/>\n\t<meta property=\"og:image:width\" content=\"1200\" \/>\n\t<meta property=\"og:image:height\" content=\"674\" \/>\n\t<meta property=\"og:image:type\" content=\"image\/jpeg\" \/>\n<meta name=\"author\" content=\"Selim\" \/>\n<meta name=\"twitter:card\" content=\"summary_large_image\" \/>\n<meta name=\"twitter:creator\" content=\"@DiyanetVakfi\" \/>\n<meta name=\"twitter:site\" content=\"@DiyanetVakfi\" \/>\n<script type=\"application\/ld+json\" class=\"yoast-schema-graph\">{\"@context\":\"https:\\\/\\\/schema.org\",\"@graph\":[{\"@type\":\"Article\",\"@id\":\"https:\\\/\\\/tdv.org\\\/tr-TR\\\/diyanet-isleri-baskani-erbastan-srebrenitsa-soykirimi-mesaji\\\/#article\",\"isPartOf\":{\"@id\":\"https:\\\/\\\/tdv.org\\\/tr-TR\\\/diyanet-isleri-baskani-erbastan-srebrenitsa-soykirimi-mesaji\\\/\"},\"author\":{\"name\":\"Selim\",\"@id\":\"https:\\\/\\\/tdv.org\\\/tr-TR\\\/#\\\/schema\\\/person\\\/752b55e264a99273d55636516d96d5eb\"},\"headline\":\"Diyanet \u0130\u015fleri Ba\u015fkan\u0131 Erba\u015f\u2019tan Srebrenitsa Soyk\u0131r\u0131m\u0131 mesaj\u0131\",\"datePublished\":\"2025-07-11T15:24:29+00:00\",\"mainEntityOfPage\":{\"@id\":\"https:\\\/\\\/tdv.org\\\/tr-TR\\\/diyanet-isleri-baskani-erbastan-srebrenitsa-soykirimi-mesaji\\\/\"},\"wordCount\":472,\"publisher\":{\"@id\":\"https:\\\/\\\/tdv.org\\\/tr-TR\\\/#organization\"},\"image\":{\"@id\":\"https:\\\/\\\/tdv.org\\\/tr-TR\\\/diyanet-isleri-baskani-erbastan-srebrenitsa-soykirimi-mesaji\\\/#primaryimage\"},\"thumbnailUrl\":\"https:\\\/\\\/tdv.org\\\/tr-TR\\\/wp-content\\\/uploads\\\/2025\\\/07\\\/diyanet-isleri-baskani-erbastan-srebrenitsa-soykirimi-mesaji.jpeg\",\"keywords\":[\"Anma Mesaj\u0131\",\"Diyanet \u0130\u015fleri Ba\u015fkan\u0131 ve T\u00fcrkiye Diyanet Vakf\u0131 M\u00fctevelli Heyeti Ba\u015fkan\u0131 Prof. Dr. Ali Erba\u015f\",\"Soyk\u0131r\u0131m\"],\"articleSection\":[\"Haberler\"],\"inLanguage\":\"tr\"},{\"@type\":\"WebPage\",\"@id\":\"https:\\\/\\\/tdv.org\\\/tr-TR\\\/diyanet-isleri-baskani-erbastan-srebrenitsa-soykirimi-mesaji\\\/\",\"url\":\"https:\\\/\\\/tdv.org\\\/tr-TR\\\/diyanet-isleri-baskani-erbastan-srebrenitsa-soykirimi-mesaji\\\/\",\"name\":\"Diyanet \u0130\u015fleri Ba\u015fkan\u0131 Erba\u015f\u2019tan Srebrenitsa Soyk\u0131r\u0131m\u0131 mesaj\u0131\",\"isPartOf\":{\"@id\":\"https:\\\/\\\/tdv.org\\\/tr-TR\\\/#website\"},\"primaryImageOfPage\":{\"@id\":\"https:\\\/\\\/tdv.org\\\/tr-TR\\\/diyanet-isleri-baskani-erbastan-srebrenitsa-soykirimi-mesaji\\\/#primaryimage\"},\"image\":{\"@id\":\"https:\\\/\\\/tdv.org\\\/tr-TR\\\/diyanet-isleri-baskani-erbastan-srebrenitsa-soykirimi-mesaji\\\/#primaryimage\"},\"thumbnailUrl\":\"https:\\\/\\\/tdv.org\\\/tr-TR\\\/wp-content\\\/uploads\\\/2025\\\/07\\\/diyanet-isleri-baskani-erbastan-srebrenitsa-soykirimi-mesaji.jpeg\",\"datePublished\":\"2025-07-11T15:24:29+00:00\",\"description\":\"Diyanet \u0130\u015fleri Ba\u015fkan\u0131 ve T\u00fcrkiye Diyanet Vakf\u0131 M\u00fctevelli Heyeti Ba\u015fkan\u0131 Prof. Dr. Ali Erba\u015f,\u201cSrebrenitsa'da, Gazze\u2019de, Filistin\u2019de ve mazlum co\u011frafyalarda yap\u0131lanlar\u0131 unutmayacak, unutturmayacak ve zalimlere kar\u015f\u0131 m\u00fccadelemizi kararl\u0131l\u0131kla s\u00fcrd\u00fcrece\u011fiz.\u201d dedi.\",\"breadcrumb\":{\"@id\":\"https:\\\/\\\/tdv.org\\\/tr-TR\\\/diyanet-isleri-baskani-erbastan-srebrenitsa-soykirimi-mesaji\\\/#breadcrumb\"},\"inLanguage\":\"tr\",\"potentialAction\":[{\"@type\":\"ReadAction\",\"target\":[\"https:\\\/\\\/tdv.org\\\/tr-TR\\\/diyanet-isleri-baskani-erbastan-srebrenitsa-soykirimi-mesaji\\\/\"]}]},{\"@type\":\"ImageObject\",\"inLanguage\":\"tr\",\"@id\":\"https:\\\/\\\/tdv.org\\\/tr-TR\\\/diyanet-isleri-baskani-erbastan-srebrenitsa-soykirimi-mesaji\\\/#primaryimage\",\"url\":\"https:\\\/\\\/tdv.org\\\/tr-TR\\\/wp-content\\\/uploads\\\/2025\\\/07\\\/diyanet-isleri-baskani-erbastan-srebrenitsa-soykirimi-mesaji.jpeg\",\"contentUrl\":\"https:\\\/\\\/tdv.org\\\/tr-TR\\\/wp-content\\\/uploads\\\/2025\\\/07\\\/diyanet-isleri-baskani-erbastan-srebrenitsa-soykirimi-mesaji.jpeg\",\"width\":1200,\"height\":674,\"caption\":\"Konya m\u00fcft\u00fcl\u00fc\u011f\u00fc, yard\u0131m t\u0131r\u0131, depremzede \u00e7iftler i\u00e7in yard\u0131m, T\u00fcrkiye diyanet vakf\u0131, toplu nikah t\u00f6reni, aile, aile y\u0131l\u0131 ,\"},{\"@type\":\"BreadcrumbList\",\"@id\":\"https:\\\/\\\/tdv.org\\\/tr-TR\\\/diyanet-isleri-baskani-erbastan-srebrenitsa-soykirimi-mesaji\\\/#breadcrumb\",\"itemListElement\":[{\"@type\":\"ListItem\",\"position\":1,\"name\":\"Anasayfa\",\"item\":\"https:\\\/\\\/tdv.org\\\/tr-TR\\\/\"},{\"@type\":\"ListItem\",\"position\":2,\"name\":\"Diyanet \u0130\u015fleri Ba\u015fkan\u0131 Erba\u015f\u2019tan Srebrenitsa Soyk\u0131r\u0131m\u0131 mesaj\u0131\"}]},{\"@type\":\"WebSite\",\"@id\":\"https:\\\/\\\/tdv.org\\\/tr-TR\\\/#website\",\"url\":\"https:\\\/\\\/tdv.org\\\/tr-TR\\\/\",\"name\":\"T\u00fcrkiye Diyanet Vakf\u0131 Resmi Web Sitesi\",\"description\":\"Yery\u00fcz\u00fcnde iyilik egemen oluncaya kadar\",\"publisher\":{\"@id\":\"https:\\\/\\\/tdv.org\\\/tr-TR\\\/#organization\"},\"alternateName\":\"T\u00fcrkiye Diyanet Vakf\u0131\",\"potentialAction\":[{\"@type\":\"SearchAction\",\"target\":{\"@type\":\"EntryPoint\",\"urlTemplate\":\"https:\\\/\\\/tdv.org\\\/tr-TR\\\/?s={search_term_string}\"},\"query-input\":{\"@type\":\"PropertyValueSpecification\",\"valueRequired\":true,\"valueName\":\"search_term_string\"}}],\"inLanguage\":\"tr\"},{\"@type\":\"Organization\",\"@id\":\"https:\\\/\\\/tdv.org\\\/tr-TR\\\/#organization\",\"name\":\"T\u00fcrkiye Diyanet Vakf\u0131\",\"alternateName\":\"T\u00fcrkiye Diyanet Vakf\u0131\",\"url\":\"https:\\\/\\\/tdv.org\\\/tr-TR\\\/\",\"logo\":{\"@type\":\"ImageObject\",\"inLanguage\":\"tr\",\"@id\":\"https:\\\/\\\/tdv.org\\\/tr-TR\\\/#\\\/schema\\\/logo\\\/image\\\/\",\"url\":\"https:\\\/\\\/tdv.org\\\/tr-TR\\\/wp-content\\\/uploads\\\/2018\\\/12\\\/TDV_Logo_1.png\",\"contentUrl\":\"https:\\\/\\\/tdv.org\\\/tr-TR\\\/wp-content\\\/uploads\\\/2018\\\/12\\\/TDV_Logo_1.png\",\"width\":207,\"height\":71,\"caption\":\"T\u00fcrkiye Diyanet Vakf\u0131\"},\"image\":{\"@id\":\"https:\\\/\\\/tdv.org\\\/tr-TR\\\/#\\\/schema\\\/logo\\\/image\\\/\"},\"sameAs\":[\"https:\\\/\\\/www.facebook.com\\\/Diyanetvakfi\\\/\",\"https:\\\/\\\/x.com\\\/DiyanetVakfi\",\"https:\\\/\\\/www.instagram.com\\\/turkiyediyanetvakfi\\\/\",\"https:\\\/\\\/www.youtube.com\\\/user\\\/TurkiyeDiyanetVakfi\"]},{\"@type\":\"Person\",\"@id\":\"https:\\\/\\\/tdv.org\\\/tr-TR\\\/#\\\/schema\\\/person\\\/752b55e264a99273d55636516d96d5eb\",\"name\":\"Selim\",\"image\":{\"@type\":\"ImageObject\",\"inLanguage\":\"tr\",\"@id\":\"https:\\\/\\\/tdv.org\\\/tr-TR\\\/wp-content\\\/litespeed\\\/avatar\\\/a1e47b25396e98e5b781e88a5396cd96.jpg?ver=1777287391\",\"url\":\"https:\\\/\\\/tdv.org\\\/tr-TR\\\/wp-content\\\/litespeed\\\/avatar\\\/a1e47b25396e98e5b781e88a5396cd96.jpg?ver=1777287391\",\"contentUrl\":\"https:\\\/\\\/tdv.org\\\/tr-TR\\\/wp-content\\\/litespeed\\\/avatar\\\/a1e47b25396e98e5b781e88a5396cd96.jpg?ver=1777287391\",\"caption\":\"Selim\"}}]}<\/script>\n<!-- \/ Yoast SEO plugin. -->","yoast_head_json":{"title":"Diyanet \u0130\u015fleri Ba\u015fkan\u0131 Erba\u015f\u2019tan Srebrenitsa Soyk\u0131r\u0131m\u0131 mesaj\u0131","description":"Diyanet \u0130\u015fleri Ba\u015fkan\u0131 ve T\u00fcrkiye Diyanet Vakf\u0131 M\u00fctevelli Heyeti Ba\u015fkan\u0131 Prof. Dr. Ali Erba\u015f,\u201cSrebrenitsa'da, Gazze\u2019de, Filistin\u2019de ve mazlum co\u011frafyalarda yap\u0131lanlar\u0131 unutmayacak, unutturmayacak ve zalimlere kar\u015f\u0131 m\u00fccadelemizi kararl\u0131l\u0131kla s\u00fcrd\u00fcrece\u011fiz.\u201d dedi.","robots":{"index":"index","follow":"follow","max-snippet":"max-snippet:-1","max-image-preview":"max-image-preview:large","max-video-preview":"max-video-preview:-1"},"canonical":"https:\/\/tdv.org\/tr-TR\/diyanet-isleri-baskani-erbastan-srebrenitsa-soykirimi-mesaji\/","og_locale":"tr_TR","og_type":"article","og_title":"Diyanet \u0130\u015fleri Ba\u015fkan\u0131 Erba\u015f\u2019tan Srebrenitsa Soyk\u0131r\u0131m\u0131 mesaj\u0131","og_description":"Diyanet \u0130\u015fleri Ba\u015fkan\u0131 ve T\u00fcrkiye Diyanet Vakf\u0131 M\u00fctevelli Heyeti Ba\u015fkan\u0131 Prof. Dr. Ali Erba\u015f,\u201cSrebrenitsa'da, Gazze\u2019de, Filistin\u2019de ve mazlum co\u011frafyalarda yap\u0131lanlar\u0131 unutmayacak, unutturmayacak ve zalimlere kar\u015f\u0131 m\u00fccadelemizi kararl\u0131l\u0131kla s\u00fcrd\u00fcrece\u011fiz.\u201d dedi.","og_url":"https:\/\/tdv.org\/tr-TR\/diyanet-isleri-baskani-erbastan-srebrenitsa-soykirimi-mesaji\/","og_site_name":"T\u00fcrkiye Diyanet Vakf\u0131 Resmi Web Sitesi","article_publisher":"https:\/\/www.facebook.com\/Diyanetvakfi\/","article_published_time":"2025-07-11T15:24:29+00:00","og_image":[{"width":1200,"height":674,"url":"https:\/\/tdv.org\/tr-TR\/wp-content\/uploads\/2025\/07\/diyanet-isleri-baskani-erbastan-srebrenitsa-soykirimi-mesaji.jpeg","type":"image\/jpeg"}],"author":"Selim","twitter_card":"summary_large_image","twitter_creator":"@DiyanetVakfi","twitter_site":"@DiyanetVakfi","schema":{"@context":"https:\/\/schema.org","@graph":[{"@type":"Article","@id":"https:\/\/tdv.org\/tr-TR\/diyanet-isleri-baskani-erbastan-srebrenitsa-soykirimi-mesaji\/#article","isPartOf":{"@id":"https:\/\/tdv.org\/tr-TR\/diyanet-isleri-baskani-erbastan-srebrenitsa-soykirimi-mesaji\/"},"author":{"name":"Selim","@id":"https:\/\/tdv.org\/tr-TR\/#\/schema\/person\/752b55e264a99273d55636516d96d5eb"},"headline":"Diyanet \u0130\u015fleri Ba\u015fkan\u0131 Erba\u015f\u2019tan Srebrenitsa Soyk\u0131r\u0131m\u0131 mesaj\u0131","datePublished":"2025-07-11T15:24:29+00:00","mainEntityOfPage":{"@id":"https:\/\/tdv.org\/tr-TR\/diyanet-isleri-baskani-erbastan-srebrenitsa-soykirimi-mesaji\/"},"wordCount":472,"publisher":{"@id":"https:\/\/tdv.org\/tr-TR\/#organization"},"image":{"@id":"https:\/\/tdv.org\/tr-TR\/diyanet-isleri-baskani-erbastan-srebrenitsa-soykirimi-mesaji\/#primaryimage"},"thumbnailUrl":"https:\/\/tdv.org\/tr-TR\/wp-content\/uploads\/2025\/07\/diyanet-isleri-baskani-erbastan-srebrenitsa-soykirimi-mesaji.jpeg","keywords":["Anma Mesaj\u0131","Diyanet \u0130\u015fleri Ba\u015fkan\u0131 ve T\u00fcrkiye Diyanet Vakf\u0131 M\u00fctevelli Heyeti Ba\u015fkan\u0131 Prof. Dr. Ali Erba\u015f","Soyk\u0131r\u0131m"],"articleSection":["Haberler"],"inLanguage":"tr"},{"@type":"WebPage","@id":"https:\/\/tdv.org\/tr-TR\/diyanet-isleri-baskani-erbastan-srebrenitsa-soykirimi-mesaji\/","url":"https:\/\/tdv.org\/tr-TR\/diyanet-isleri-baskani-erbastan-srebrenitsa-soykirimi-mesaji\/","name":"Diyanet \u0130\u015fleri Ba\u015fkan\u0131 Erba\u015f\u2019tan Srebrenitsa Soyk\u0131r\u0131m\u0131 mesaj\u0131","isPartOf":{"@id":"https:\/\/tdv.org\/tr-TR\/#website"},"primaryImageOfPage":{"@id":"https:\/\/tdv.org\/tr-TR\/diyanet-isleri-baskani-erbastan-srebrenitsa-soykirimi-mesaji\/#primaryimage"},"image":{"@id":"https:\/\/tdv.org\/tr-TR\/diyanet-isleri-baskani-erbastan-srebrenitsa-soykirimi-mesaji\/#primaryimage"},"thumbnailUrl":"https:\/\/tdv.org\/tr-TR\/wp-content\/uploads\/2025\/07\/diyanet-isleri-baskani-erbastan-srebrenitsa-soykirimi-mesaji.jpeg","datePublished":"2025-07-11T15:24:29+00:00","description":"Diyanet \u0130\u015fleri Ba\u015fkan\u0131 ve T\u00fcrkiye Diyanet Vakf\u0131 M\u00fctevelli Heyeti Ba\u015fkan\u0131 Prof. Dr. Ali Erba\u015f,\u201cSrebrenitsa'da, Gazze\u2019de, Filistin\u2019de ve mazlum co\u011frafyalarda yap\u0131lanlar\u0131 unutmayacak, unutturmayacak ve zalimlere kar\u015f\u0131 m\u00fccadelemizi kararl\u0131l\u0131kla s\u00fcrd\u00fcrece\u011fiz.\u201d dedi.","breadcrumb":{"@id":"https:\/\/tdv.org\/tr-TR\/diyanet-isleri-baskani-erbastan-srebrenitsa-soykirimi-mesaji\/#breadcrumb"},"inLanguage":"tr","potentialAction":[{"@type":"ReadAction","target":["https:\/\/tdv.org\/tr-TR\/diyanet-isleri-baskani-erbastan-srebrenitsa-soykirimi-mesaji\/"]}]},{"@type":"ImageObject","inLanguage":"tr","@id":"https:\/\/tdv.org\/tr-TR\/diyanet-isleri-baskani-erbastan-srebrenitsa-soykirimi-mesaji\/#primaryimage","url":"https:\/\/tdv.org\/tr-TR\/wp-content\/uploads\/2025\/07\/diyanet-isleri-baskani-erbastan-srebrenitsa-soykirimi-mesaji.jpeg","contentUrl":"https:\/\/tdv.org\/tr-TR\/wp-content\/uploads\/2025\/07\/diyanet-isleri-baskani-erbastan-srebrenitsa-soykirimi-mesaji.jpeg","width":1200,"height":674,"caption":"Konya m\u00fcft\u00fcl\u00fc\u011f\u00fc, yard\u0131m t\u0131r\u0131, depremzede \u00e7iftler i\u00e7in yard\u0131m, T\u00fcrkiye diyanet vakf\u0131, toplu nikah t\u00f6reni, aile, aile y\u0131l\u0131 ,"},{"@type":"BreadcrumbList","@id":"https:\/\/tdv.org\/tr-TR\/diyanet-isleri-baskani-erbastan-srebrenitsa-soykirimi-mesaji\/#breadcrumb","itemListElement":[{"@type":"ListItem","position":1,"name":"Anasayfa","item":"https:\/\/tdv.org\/tr-TR\/"},{"@type":"ListItem","position":2,"name":"Diyanet \u0130\u015fleri Ba\u015fkan\u0131 Erba\u015f\u2019tan Srebrenitsa Soyk\u0131r\u0131m\u0131 mesaj\u0131"}]},{"@type":"WebSite","@id":"https:\/\/tdv.org\/tr-TR\/#website","url":"https:\/\/tdv.org\/tr-TR\/","name":"T\u00fcrkiye Diyanet Vakf\u0131 Resmi Web Sitesi","description":"Yery\u00fcz\u00fcnde iyilik egemen oluncaya kadar","publisher":{"@id":"https:\/\/tdv.org\/tr-TR\/#organization"},"alternateName":"T\u00fcrkiye Diyanet Vakf\u0131","potentialAction":[{"@type":"SearchAction","target":{"@type":"EntryPoint","urlTemplate":"https:\/\/tdv.org\/tr-TR\/?s={search_term_string}"},"query-input":{"@type":"PropertyValueSpecification","valueRequired":true,"valueName":"search_term_string"}}],"inLanguage":"tr"},{"@type":"Organization","@id":"https:\/\/tdv.org\/tr-TR\/#organization","name":"T\u00fcrkiye Diyanet Vakf\u0131","alternateName":"T\u00fcrkiye Diyanet Vakf\u0131","url":"https:\/\/tdv.org\/tr-TR\/","logo":{"@type":"ImageObject","inLanguage":"tr","@id":"https:\/\/tdv.org\/tr-TR\/#\/schema\/logo\/image\/","url":"https:\/\/tdv.org\/tr-TR\/wp-content\/uploads\/2018\/12\/TDV_Logo_1.png","contentUrl":"https:\/\/tdv.org\/tr-TR\/wp-content\/uploads\/2018\/12\/TDV_Logo_1.png","width":207,"height":71,"caption":"T\u00fcrkiye Diyanet Vakf\u0131"},"image":{"@id":"https:\/\/tdv.org\/tr-TR\/#\/schema\/logo\/image\/"},"sameAs":["https:\/\/www.facebook.com\/Diyanetvakfi\/","https:\/\/x.com\/DiyanetVakfi","https:\/\/www.instagram.com\/turkiyediyanetvakfi\/","https:\/\/www.youtube.com\/user\/TurkiyeDiyanetVakfi"]},{"@type":"Person","@id":"https:\/\/tdv.org\/tr-TR\/#\/schema\/person\/752b55e264a99273d55636516d96d5eb","name":"Selim","image":{"@type":"ImageObject","inLanguage":"tr","@id":"https:\/\/tdv.org\/tr-TR\/wp-content\/litespeed\/avatar\/a1e47b25396e98e5b781e88a5396cd96.jpg?ver=1777287391","url":"https:\/\/tdv.org\/tr-TR\/wp-content\/litespeed\/avatar\/a1e47b25396e98e5b781e88a5396cd96.jpg?ver=1777287391","contentUrl":"https:\/\/tdv.org\/tr-TR\/wp-content\/litespeed\/avatar\/a1e47b25396e98e5b781e88a5396cd96.jpg?ver=1777287391","caption":"Selim"}}]}},"_links":{"self":[{"href":"https:\/\/tdv.org\/tr-TR\/wp-json\/wp\/v2\/posts\/52054","targetHints":{"allow":["GET"]}}],"collection":[{"href":"https:\/\/tdv.org\/tr-TR\/wp-json\/wp\/v2\/posts"}],"about":[{"href":"https:\/\/tdv.org\/tr-TR\/wp-json\/wp\/v2\/types\/post"}],"author":[{"embeddable":true,"href":"https:\/\/tdv.org\/tr-TR\/wp-json\/wp\/v2\/users\/8"}],"replies":[{"embeddable":true,"href":"https:\/\/tdv.org\/tr-TR\/wp-json\/wp\/v2\/comments?post=52054"}],"version-history":[{"count":1,"href":"https:\/\/tdv.org\/tr-TR\/wp-json\/wp\/v2\/posts\/52054\/revisions"}],"predecessor-version":[{"id":52056,"href":"https:\/\/tdv.org\/tr-TR\/wp-json\/wp\/v2\/posts\/52054\/revisions\/52056"}],"wp:featuredmedia":[{"embeddable":true,"href":"https:\/\/tdv.org\/tr-TR\/wp-json\/wp\/v2\/media\/52055"}],"wp:attachment":[{"href":"https:\/\/tdv.org\/tr-TR\/wp-json\/wp\/v2\/media?parent=52054"}],"wp:term":[{"taxonomy":"category","embeddable":true,"href":"https:\/\/tdv.org\/tr-TR\/wp-json\/wp\/v2\/categories?post=52054"},{"taxonomy":"post_tag","embeddable":true,"href":"https:\/\/tdv.org\/tr-TR\/wp-json\/wp\/v2\/tags?post=52054"}],"curies":[{"name":"wp","href":"https:\/\/api.w.org\/{rel}","templated":true}]}}