{"id":52057,"date":"2025-07-14T15:56:28","date_gmt":"2025-07-14T12:56:28","guid":{"rendered":"https:\/\/tdv.org\/tr-TR\/?p=52057"},"modified":"2025-07-14T15:57:53","modified_gmt":"2025-07-14T12:57:53","slug":"konyadan-8-yardim-tiri-adiyamandaki-100-depremzede-ciftin-toplu-dugunu-icin-yola-cikti","status":"publish","type":"post","link":"https:\/\/tdv.org\/tr-TR\/konyadan-8-yardim-tiri-adiyamandaki-100-depremzede-ciftin-toplu-dugunu-icin-yola-cikti\/","title":{"rendered":"Konya&#8217;dan 8 yard\u0131m t\u0131r\u0131, Ad\u0131yaman&#8217;daki 100 depremzede \u00e7iftin toplu d\u00fc\u011f\u00fcn\u00fc i\u00e7in yola \u00e7\u0131kt\u0131"},"content":{"rendered":"<p style=\"text-align: justify;\">Ad\u0131yaman&#8217;da 6 \u015eubat 2023&#8217;teki depremlerden etkilenen 100 ni\u015fanl\u0131 \u00e7iftin toplu d\u00fc\u011f\u00fcn\u00fc i\u00e7in haz\u0131rlanan <a href=\"https:\/\/bagis.tdv.org\/sosyal-destek\/sosyal-projeler-77\" target=\"_blank\" rel=\"noopener\">\u00e7eyiz deste\u011finin <\/a>bulundu\u011fu t\u0131rlar Konya&#8217;dan u\u011furland\u0131.<\/p>\n<p style=\"text-align: justify;\">Ad\u0131yaman Valili\u011fi, <a href=\"https:\/\/tdv.org\/tr-TR\" target=\"_blank\" rel=\"noopener\">T\u00fcrkiye Diyanet Vakf\u0131 (TDV)<\/a> Konya ve Ad\u0131yaman \u015fubeleri, Gen\u00e7leri Evlendirme ve Mehir Vakf\u0131, Mehir Aile Derne\u011fi ile il m\u00fcft\u00fcl\u00fcklerince organize edilen, &#8220;Ad\u0131yaman&#8217;da Yuvalar Kuruyoruz Toplu D\u00fc\u011f\u00fcn ve \u00c7eyiz Yard\u0131m\u0131&#8221; projesi kapsam\u0131nda, Konya&#8217;dan \u00e7iftlerin ihtiyac\u0131 olan malzemelerle doldurulan 8 t\u0131r, d\u00fczenlenen t\u00f6renin ard\u0131ndan Ad\u0131yaman&#8217;a do\u011fru yola \u00e7\u0131kt\u0131.<\/p>\n<p style=\"text-align: justify;\"><a href=\"https:\/\/konya.diyanet.gov.tr\/Sayfalar\/home.aspx\">Konya M\u00fcft\u00fcs\u00fc<\/a> ve <a href=\"https:\/\/tdv.org\/tr-TR\" target=\"_blank\" rel=\"noopener\">TDV<\/a> Konya \u015eube Ba\u015fkan\u0131 Prof. Dr. Ali \u00d6ge, depremin haf\u0131zalarda silinmez izler b\u0131rakt\u0131\u011f\u0131n\u0131 s\u00f6yledi.<\/p>\n<p style=\"text-align: justify;\">Yaralar\u0131n dayan\u0131\u015fmayla sar\u0131laca\u011f\u0131n\u0131 belirten \u00d6ge, &#8220;Daha \u00f6nce Hatay, Kahramanmara\u015f ve Malatya&#8217;da toplam 300 \u00e7iftimizin toplu d\u00fc\u011f\u00fcnlerini ger\u00e7ekle\u015ftirdik. Bug\u00fcn de bu hay\u0131rl\u0131 projenin d\u00f6rd\u00fcnc\u00fc dura\u011f\u0131 olan Ad\u0131yaman&#8217;da, 100 \u00e7iftimiz i\u00e7in haz\u0131rlanan d\u00fc\u011f\u00fcn ve \u00e7eyiz yard\u0131mlar\u0131n\u0131 ta\u015f\u0131yan t\u0131rlar\u0131m\u0131z\u0131 dualarla u\u011furlamak \u00fczere bir araday\u0131z.&#8221; ifadelerini kulland\u0131.<\/p>\n<p style=\"text-align: justify;\">Mehir Aile Derne\u011fi Ba\u015fkan\u0131 Abdurrahman Tekin de \u00fclke genelinde bug\u00fcne kadar 64 ile ve yurt d\u0131\u015f\u0131nda 28 \u00fclkeye \u00e7eyiz yard\u0131mlar\u0131n\u0131 ula\u015ft\u0131rarak binlerce gencin mutlulu\u011funa vesile olman\u0131n gururunu ya\u015fad\u0131klar\u0131n\u0131 dile getirdi.<\/p>\n<p style=\"text-align: justify;\">Tekin, Ad\u0131yaman&#8217;da da ihtiya\u00e7 sahibi depremzede ni\u015fanl\u0131 \u00e7iftlerin y\u00fczlerini g\u00fcld\u00fcrmek istediklerini vurgulayarak, projede eme\u011fi ge\u00e7enlere te\u015fekk\u00fcr etti.<\/p>\n\n\t\t<style type=\"text\/css\">\n\t\t\t#gallery-1 {\n\t\t\t\tmargin: auto;\n\t\t\t}\n\t\t\t#gallery-1 .gallery-item {\n\t\t\t\tfloat: left;\n\t\t\t\tmargin-top: 10px;\n\t\t\t\ttext-align: center;\n\t\t\t\twidth: 33%;\n\t\t\t}\n\t\t\t#gallery-1 img {\n\t\t\t\tborder: 2px solid #cfcfcf;\n\t\t\t}\n\t\t\t#gallery-1 .gallery-caption {\n\t\t\t\tmargin-left: 0;\n\t\t\t}\n\t\t\t\/* see gallery_shortcode() in wp-includes\/media.php *\/\n\t\t<\/style>\n\t\t<div id='gallery-1' class='gallery galleryid-52057 gallery-columns-3 gallery-size-large'><dl class='gallery-item'>\n\t\t\t<dt class='gallery-icon landscape'>\n\t\t\t\t<a href='https:\/\/tdv.org\/tr-TR\/wp-content\/uploads\/2025\/07\/konyadan-8-yardim-tiri-adiyamandaki-100-depremzede-ciftin-toplu-dugunu-icin-yola-cikti-1.jpg'><img decoding=\"async\" width=\"1024\" height=\"682\" src=\"https:\/\/tdv.org\/tr-TR\/wp-content\/uploads\/2025\/07\/konyadan-8-yardim-tiri-adiyamandaki-100-depremzede-ciftin-toplu-dugunu-icin-yola-cikti-1-1024x682.jpg\" class=\"attachment-large size-large\" alt=\"Konya m\u00fcft\u00fcl\u00fc\u011f\u00fc, yard\u0131m t\u0131r\u0131, depremzede \u00e7iftler i\u00e7in yard\u0131m, T\u00fcrkiye diyanet vakf\u0131, toplu nikah t\u00f6reni, aile, aile y\u0131l\u0131 ,\" srcset=\"https:\/\/tdv.org\/tr-TR\/wp-content\/uploads\/2025\/07\/konyadan-8-yardim-tiri-adiyamandaki-100-depremzede-ciftin-toplu-dugunu-icin-yola-cikti-1-1024x682.jpg 1024w, https:\/\/tdv.org\/tr-TR\/wp-content\/uploads\/2025\/07\/konyadan-8-yardim-tiri-adiyamandaki-100-depremzede-ciftin-toplu-dugunu-icin-yola-cikti-1-300x200.jpg 300w, https:\/\/tdv.org\/tr-TR\/wp-content\/uploads\/2025\/07\/konyadan-8-yardim-tiri-adiyamandaki-100-depremzede-ciftin-toplu-dugunu-icin-yola-cikti-1-768x512.jpg 768w, https:\/\/tdv.org\/tr-TR\/wp-content\/uploads\/2025\/07\/konyadan-8-yardim-tiri-adiyamandaki-100-depremzede-ciftin-toplu-dugunu-icin-yola-cikti-1-900x600.jpg 900w, https:\/\/tdv.org\/tr-TR\/wp-content\/uploads\/2025\/07\/konyadan-8-yardim-tiri-adiyamandaki-100-depremzede-ciftin-toplu-dugunu-icin-yola-cikti-1.jpg 1153w\" sizes=\"(max-width: 1024px) 100vw, 1024px\" \/><\/a>\n\t\t\t<\/dt><\/dl><dl class='gallery-item'>\n\t\t\t<dt class='gallery-icon landscape'>\n\t\t\t\t<a href='https:\/\/tdv.org\/tr-TR\/wp-content\/uploads\/2025\/07\/konyadan-8-yardim-tiri-adiyamandaki-100-depremzede-ciftin-toplu-dugunu-icin-yola-cikti-3.jpg'><img decoding=\"async\" width=\"1024\" height=\"682\" src=\"https:\/\/tdv.org\/tr-TR\/wp-content\/uploads\/2025\/07\/konyadan-8-yardim-tiri-adiyamandaki-100-depremzede-ciftin-toplu-dugunu-icin-yola-cikti-3-1024x682.jpg\" class=\"attachment-large size-large\" alt=\"Konya m\u00fcft\u00fcl\u00fc\u011f\u00fc, yard\u0131m t\u0131r\u0131, depremzede \u00e7iftler i\u00e7in yard\u0131m, T\u00fcrkiye diyanet vakf\u0131, toplu nikah t\u00f6reni, aile, aile y\u0131l\u0131 ,\" srcset=\"https:\/\/tdv.org\/tr-TR\/wp-content\/uploads\/2025\/07\/konyadan-8-yardim-tiri-adiyamandaki-100-depremzede-ciftin-toplu-dugunu-icin-yola-cikti-3-1024x682.jpg 1024w, https:\/\/tdv.org\/tr-TR\/wp-content\/uploads\/2025\/07\/konyadan-8-yardim-tiri-adiyamandaki-100-depremzede-ciftin-toplu-dugunu-icin-yola-cikti-3-300x200.jpg 300w, https:\/\/tdv.org\/tr-TR\/wp-content\/uploads\/2025\/07\/konyadan-8-yardim-tiri-adiyamandaki-100-depremzede-ciftin-toplu-dugunu-icin-yola-cikti-3-768x512.jpg 768w, https:\/\/tdv.org\/tr-TR\/wp-content\/uploads\/2025\/07\/konyadan-8-yardim-tiri-adiyamandaki-100-depremzede-ciftin-toplu-dugunu-icin-yola-cikti-3-900x600.jpg 900w, https:\/\/tdv.org\/tr-TR\/wp-content\/uploads\/2025\/07\/konyadan-8-yardim-tiri-adiyamandaki-100-depremzede-ciftin-toplu-dugunu-icin-yola-cikti-3.jpg 1153w\" sizes=\"(max-width: 1024px) 100vw, 1024px\" \/><\/a>\n\t\t\t<\/dt><\/dl><dl class='gallery-item'>\n\t\t\t<dt class='gallery-icon landscape'>\n\t\t\t\t<a href='https:\/\/tdv.org\/tr-TR\/wp-content\/uploads\/2025\/07\/konyadan-8-yardim-tiri-adiyamandaki-100-depremzede-ciftin-toplu-dugunu-icin-yola-cikti-4.jpg'><img decoding=\"async\" width=\"1024\" height=\"682\" src=\"https:\/\/tdv.org\/tr-TR\/wp-content\/uploads\/2025\/07\/konyadan-8-yardim-tiri-adiyamandaki-100-depremzede-ciftin-toplu-dugunu-icin-yola-cikti-4-1024x682.jpg\" class=\"attachment-large size-large\" alt=\"Konya m\u00fcft\u00fcl\u00fc\u011f\u00fc, yard\u0131m t\u0131r\u0131, depremzede \u00e7iftler i\u00e7in yard\u0131m, T\u00fcrkiye diyanet vakf\u0131, toplu nikah t\u00f6reni, aile, aile y\u0131l\u0131 ,\" srcset=\"https:\/\/tdv.org\/tr-TR\/wp-content\/uploads\/2025\/07\/konyadan-8-yardim-tiri-adiyamandaki-100-depremzede-ciftin-toplu-dugunu-icin-yola-cikti-4-1024x682.jpg 1024w, https:\/\/tdv.org\/tr-TR\/wp-content\/uploads\/2025\/07\/konyadan-8-yardim-tiri-adiyamandaki-100-depremzede-ciftin-toplu-dugunu-icin-yola-cikti-4-300x200.jpg 300w, https:\/\/tdv.org\/tr-TR\/wp-content\/uploads\/2025\/07\/konyadan-8-yardim-tiri-adiyamandaki-100-depremzede-ciftin-toplu-dugunu-icin-yola-cikti-4-768x512.jpg 768w, https:\/\/tdv.org\/tr-TR\/wp-content\/uploads\/2025\/07\/konyadan-8-yardim-tiri-adiyamandaki-100-depremzede-ciftin-toplu-dugunu-icin-yola-cikti-4-900x600.jpg 900w, https:\/\/tdv.org\/tr-TR\/wp-content\/uploads\/2025\/07\/konyadan-8-yardim-tiri-adiyamandaki-100-depremzede-ciftin-toplu-dugunu-icin-yola-cikti-4.jpg 1153w\" sizes=\"(max-width: 1024px) 100vw, 1024px\" \/><\/a>\n\t\t\t<\/dt><\/dl><br style=\"clear: both\" \/><dl class='gallery-item'>\n\t\t\t<dt class='gallery-icon landscape'>\n\t\t\t\t<a href='https:\/\/tdv.org\/tr-TR\/wp-content\/uploads\/2025\/07\/konyadan-8-yardim-tiri-adiyamandaki-100-depremzede-ciftin-toplu-dugunu-icin-yola-cikti-2.jpg'><img decoding=\"async\" width=\"1024\" height=\"768\" src=\"https:\/\/tdv.org\/tr-TR\/wp-content\/uploads\/2025\/07\/konyadan-8-yardim-tiri-adiyamandaki-100-depremzede-ciftin-toplu-dugunu-icin-yola-cikti-2.jpg\" class=\"attachment-large size-large\" alt=\"Konya m\u00fcft\u00fcl\u00fc\u011f\u00fc, yard\u0131m t\u0131r\u0131, depremzede \u00e7iftler i\u00e7in yard\u0131m, T\u00fcrkiye diyanet vakf\u0131, toplu nikah t\u00f6reni, aile, aile y\u0131l\u0131 ,\" srcset=\"https:\/\/tdv.org\/tr-TR\/wp-content\/uploads\/2025\/07\/konyadan-8-yardim-tiri-adiyamandaki-100-depremzede-ciftin-toplu-dugunu-icin-yola-cikti-2.jpg 1024w, https:\/\/tdv.org\/tr-TR\/wp-content\/uploads\/2025\/07\/konyadan-8-yardim-tiri-adiyamandaki-100-depremzede-ciftin-toplu-dugunu-icin-yola-cikti-2-300x225.jpg 300w, https:\/\/tdv.org\/tr-TR\/wp-content\/uploads\/2025\/07\/konyadan-8-yardim-tiri-adiyamandaki-100-depremzede-ciftin-toplu-dugunu-icin-yola-cikti-2-768x576.jpg 768w\" sizes=\"(max-width: 1024px) 100vw, 1024px\" \/><\/a>\n\t\t\t<\/dt><\/dl>\n\t\t\t<br style='clear: both' \/>\n\t\t<\/div>\n\n","protected":false},"excerpt":{"rendered":"<p>Ad\u0131yaman&#8217;da 6 \u015eubat 2023&#8217;teki depremlerden etkilenen 100 ni\u015fanl\u0131 \u00e7iftin toplu d\u00fc\u011f\u00fcn\u00fc i\u00e7in haz\u0131rlanan \u00e7eyiz deste\u011finin bulundu\u011fu t\u0131rlar Konya&#8217;dan u\u011furland\u0131. Ad\u0131yaman Valili\u011fi, T\u00fcrkiye Diyanet Vakf\u0131 (TDV) Konya ve Ad\u0131yaman \u015fubeleri, Gen\u00e7leri&#8230;<\/p>\n","protected":false},"author":8,"featured_media":52059,"comment_status":"closed","ping_status":"closed","sticky":false,"template":"","format":"standard","meta":{"footnotes":""},"categories":[1],"tags":[1640,1641,1638,612,990,1637],"class_list":{"0":"post-52057","1":"post","2":"type-post","3":"status-publish","4":"format-standard","5":"has-post-thumbnail","7":"category-haberler","8":"tag-ceyiz","9":"tag-ceyiz-yardimi","10":"tag-gencleri-evlendirme-ve-mehir-vakfi","11":"tag-konya","12":"tag-konya-muftulugu","13":"tag-mehir-vakfi"},"yoast_head":"<!-- This site is optimized with the Yoast SEO plugin v27.4 - https:\/\/yoast.com\/product\/yoast-seo-wordpress\/ -->\n<title>Konya&#039;dan 8 yard\u0131m t\u0131r\u0131, Ad\u0131yaman&#039;daki 100 depremzede \u00e7iftin toplu d\u00fc\u011f\u00fcn\u00fc i\u00e7in yola \u00e7\u0131kt\u0131<\/title>\n<meta name=\"description\" content=\"Ad\u0131yaman&#039;da 6 \u015eubat 2023&#039;teki depremlerden etkilenen 100 ni\u015fanl\u0131 \u00e7iftin toplu d\u00fc\u011f\u00fcn\u00fc i\u00e7in haz\u0131rlanan \u00e7eyiz deste\u011finin bulundu\u011fu t\u0131rlar Konya&#039;dan u\u011furland\u0131.\" \/>\n<meta name=\"robots\" content=\"index, follow, max-snippet:-1, max-image-preview:large, max-video-preview:-1\" \/>\n<link rel=\"canonical\" href=\"https:\/\/tdv.org\/tr-TR\/konyadan-8-yardim-tiri-adiyamandaki-100-depremzede-ciftin-toplu-dugunu-icin-yola-cikti\/\" \/>\n<meta property=\"og:locale\" content=\"tr_TR\" \/>\n<meta property=\"og:type\" content=\"article\" \/>\n<meta property=\"og:title\" content=\"Konya&#039;dan 8 yard\u0131m t\u0131r\u0131, Ad\u0131yaman&#039;daki 100 depremzede \u00e7iftin toplu d\u00fc\u011f\u00fcn\u00fc i\u00e7in yola \u00e7\u0131kt\u0131\" \/>\n<meta property=\"og:description\" content=\"Ad\u0131yaman&#039;da 6 \u015eubat 2023&#039;teki depremlerden etkilenen 100 ni\u015fanl\u0131 \u00e7iftin toplu d\u00fc\u011f\u00fcn\u00fc i\u00e7in haz\u0131rlanan \u00e7eyiz deste\u011finin bulundu\u011fu t\u0131rlar Konya&#039;dan u\u011furland\u0131.\" \/>\n<meta property=\"og:url\" content=\"https:\/\/tdv.org\/tr-TR\/konyadan-8-yardim-tiri-adiyamandaki-100-depremzede-ciftin-toplu-dugunu-icin-yola-cikti\/\" \/>\n<meta property=\"og:site_name\" content=\"T\u00fcrkiye Diyanet Vakf\u0131 Resmi Web Sitesi\" \/>\n<meta property=\"article:publisher\" content=\"https:\/\/www.facebook.com\/Diyanetvakfi\/\" \/>\n<meta property=\"article:published_time\" content=\"2025-07-14T12:56:28+00:00\" \/>\n<meta property=\"article:modified_time\" content=\"2025-07-14T12:57:53+00:00\" \/>\n<meta property=\"og:image\" content=\"https:\/\/tdv.org\/tr-TR\/wp-content\/uploads\/2025\/07\/konyadan-8-yardim-tiri-adiyamandaki-100-depremzede-ciftin-toplu-dugunu-icin-yola-cikti-2.jpg\" \/>\n\t<meta property=\"og:image:width\" content=\"1024\" \/>\n\t<meta property=\"og:image:height\" content=\"768\" \/>\n\t<meta property=\"og:image:type\" content=\"image\/jpeg\" \/>\n<meta name=\"author\" content=\"Selim\" \/>\n<meta name=\"twitter:card\" content=\"summary_large_image\" \/>\n<meta name=\"twitter:creator\" content=\"@DiyanetVakfi\" \/>\n<meta name=\"twitter:site\" content=\"@DiyanetVakfi\" \/>\n<script type=\"application\/ld+json\" class=\"yoast-schema-graph\">{\"@context\":\"https:\\\/\\\/schema.org\",\"@graph\":[{\"@type\":\"Article\",\"@id\":\"https:\\\/\\\/tdv.org\\\/tr-TR\\\/konyadan-8-yardim-tiri-adiyamandaki-100-depremzede-ciftin-toplu-dugunu-icin-yola-cikti\\\/#article\",\"isPartOf\":{\"@id\":\"https:\\\/\\\/tdv.org\\\/tr-TR\\\/konyadan-8-yardim-tiri-adiyamandaki-100-depremzede-ciftin-toplu-dugunu-icin-yola-cikti\\\/\"},\"author\":{\"name\":\"Selim\",\"@id\":\"https:\\\/\\\/tdv.org\\\/tr-TR\\\/#\\\/schema\\\/person\\\/752b55e264a99273d55636516d96d5eb\"},\"headline\":\"Konya&#8217;dan 8 yard\u0131m t\u0131r\u0131, Ad\u0131yaman&#8217;daki 100 depremzede \u00e7iftin toplu d\u00fc\u011f\u00fcn\u00fc i\u00e7in yola \u00e7\u0131kt\u0131\",\"datePublished\":\"2025-07-14T12:56:28+00:00\",\"dateModified\":\"2025-07-14T12:57:53+00:00\",\"mainEntityOfPage\":{\"@id\":\"https:\\\/\\\/tdv.org\\\/tr-TR\\\/konyadan-8-yardim-tiri-adiyamandaki-100-depremzede-ciftin-toplu-dugunu-icin-yola-cikti\\\/\"},\"wordCount\":279,\"publisher\":{\"@id\":\"https:\\\/\\\/tdv.org\\\/tr-TR\\\/#organization\"},\"image\":{\"@id\":\"https:\\\/\\\/tdv.org\\\/tr-TR\\\/konyadan-8-yardim-tiri-adiyamandaki-100-depremzede-ciftin-toplu-dugunu-icin-yola-cikti\\\/#primaryimage\"},\"thumbnailUrl\":\"https:\\\/\\\/tdv.org\\\/tr-TR\\\/wp-content\\\/uploads\\\/2025\\\/07\\\/konyadan-8-yardim-tiri-adiyamandaki-100-depremzede-ciftin-toplu-dugunu-icin-yola-cikti-2.jpg\",\"keywords\":[\"\u00e7eyiz\",\"\u00e7eyiz yard\u0131m\u0131\",\"Gen\u00e7leri Evlendirme ve Mehir Vakf\u0131\",\"Konya\",\"Konya M\u00fcft\u00fcl\u00fc\u011f\u00fc\",\"mehir vakf\u0131\"],\"articleSection\":[\"Haberler\"],\"inLanguage\":\"tr\"},{\"@type\":\"WebPage\",\"@id\":\"https:\\\/\\\/tdv.org\\\/tr-TR\\\/konyadan-8-yardim-tiri-adiyamandaki-100-depremzede-ciftin-toplu-dugunu-icin-yola-cikti\\\/\",\"url\":\"https:\\\/\\\/tdv.org\\\/tr-TR\\\/konyadan-8-yardim-tiri-adiyamandaki-100-depremzede-ciftin-toplu-dugunu-icin-yola-cikti\\\/\",\"name\":\"Konya'dan 8 yard\u0131m t\u0131r\u0131, Ad\u0131yaman'daki 100 depremzede \u00e7iftin toplu d\u00fc\u011f\u00fcn\u00fc i\u00e7in yola \u00e7\u0131kt\u0131\",\"isPartOf\":{\"@id\":\"https:\\\/\\\/tdv.org\\\/tr-TR\\\/#website\"},\"primaryImageOfPage\":{\"@id\":\"https:\\\/\\\/tdv.org\\\/tr-TR\\\/konyadan-8-yardim-tiri-adiyamandaki-100-depremzede-ciftin-toplu-dugunu-icin-yola-cikti\\\/#primaryimage\"},\"image\":{\"@id\":\"https:\\\/\\\/tdv.org\\\/tr-TR\\\/konyadan-8-yardim-tiri-adiyamandaki-100-depremzede-ciftin-toplu-dugunu-icin-yola-cikti\\\/#primaryimage\"},\"thumbnailUrl\":\"https:\\\/\\\/tdv.org\\\/tr-TR\\\/wp-content\\\/uploads\\\/2025\\\/07\\\/konyadan-8-yardim-tiri-adiyamandaki-100-depremzede-ciftin-toplu-dugunu-icin-yola-cikti-2.jpg\",\"datePublished\":\"2025-07-14T12:56:28+00:00\",\"dateModified\":\"2025-07-14T12:57:53+00:00\",\"description\":\"Ad\u0131yaman'da 6 \u015eubat 2023'teki depremlerden etkilenen 100 ni\u015fanl\u0131 \u00e7iftin toplu d\u00fc\u011f\u00fcn\u00fc i\u00e7in haz\u0131rlanan \u00e7eyiz deste\u011finin bulundu\u011fu t\u0131rlar Konya'dan u\u011furland\u0131.\",\"breadcrumb\":{\"@id\":\"https:\\\/\\\/tdv.org\\\/tr-TR\\\/konyadan-8-yardim-tiri-adiyamandaki-100-depremzede-ciftin-toplu-dugunu-icin-yola-cikti\\\/#breadcrumb\"},\"inLanguage\":\"tr\",\"potentialAction\":[{\"@type\":\"ReadAction\",\"target\":[\"https:\\\/\\\/tdv.org\\\/tr-TR\\\/konyadan-8-yardim-tiri-adiyamandaki-100-depremzede-ciftin-toplu-dugunu-icin-yola-cikti\\\/\"]}]},{\"@type\":\"ImageObject\",\"inLanguage\":\"tr\",\"@id\":\"https:\\\/\\\/tdv.org\\\/tr-TR\\\/konyadan-8-yardim-tiri-adiyamandaki-100-depremzede-ciftin-toplu-dugunu-icin-yola-cikti\\\/#primaryimage\",\"url\":\"https:\\\/\\\/tdv.org\\\/tr-TR\\\/wp-content\\\/uploads\\\/2025\\\/07\\\/konyadan-8-yardim-tiri-adiyamandaki-100-depremzede-ciftin-toplu-dugunu-icin-yola-cikti-2.jpg\",\"contentUrl\":\"https:\\\/\\\/tdv.org\\\/tr-TR\\\/wp-content\\\/uploads\\\/2025\\\/07\\\/konyadan-8-yardim-tiri-adiyamandaki-100-depremzede-ciftin-toplu-dugunu-icin-yola-cikti-2.jpg\",\"width\":1024,\"height\":768,\"caption\":\"Konya m\u00fcft\u00fcl\u00fc\u011f\u00fc, yard\u0131m t\u0131r\u0131, depremzede \u00e7iftler i\u00e7in yard\u0131m, T\u00fcrkiye diyanet vakf\u0131, toplu nikah t\u00f6reni, aile, aile y\u0131l\u0131 ,\"},{\"@type\":\"BreadcrumbList\",\"@id\":\"https:\\\/\\\/tdv.org\\\/tr-TR\\\/konyadan-8-yardim-tiri-adiyamandaki-100-depremzede-ciftin-toplu-dugunu-icin-yola-cikti\\\/#breadcrumb\",\"itemListElement\":[{\"@type\":\"ListItem\",\"position\":1,\"name\":\"Anasayfa\",\"item\":\"https:\\\/\\\/tdv.org\\\/tr-TR\\\/\"},{\"@type\":\"ListItem\",\"position\":2,\"name\":\"Konya&#8217;dan 8 yard\u0131m t\u0131r\u0131, Ad\u0131yaman&#8217;daki 100 depremzede \u00e7iftin toplu d\u00fc\u011f\u00fcn\u00fc i\u00e7in yola \u00e7\u0131kt\u0131\"}]},{\"@type\":\"WebSite\",\"@id\":\"https:\\\/\\\/tdv.org\\\/tr-TR\\\/#website\",\"url\":\"https:\\\/\\\/tdv.org\\\/tr-TR\\\/\",\"name\":\"T\u00fcrkiye Diyanet Vakf\u0131 Resmi Web Sitesi\",\"description\":\"Yery\u00fcz\u00fcnde iyilik egemen oluncaya kadar\",\"publisher\":{\"@id\":\"https:\\\/\\\/tdv.org\\\/tr-TR\\\/#organization\"},\"alternateName\":\"T\u00fcrkiye Diyanet Vakf\u0131\",\"potentialAction\":[{\"@type\":\"SearchAction\",\"target\":{\"@type\":\"EntryPoint\",\"urlTemplate\":\"https:\\\/\\\/tdv.org\\\/tr-TR\\\/?s={search_term_string}\"},\"query-input\":{\"@type\":\"PropertyValueSpecification\",\"valueRequired\":true,\"valueName\":\"search_term_string\"}}],\"inLanguage\":\"tr\"},{\"@type\":\"Organization\",\"@id\":\"https:\\\/\\\/tdv.org\\\/tr-TR\\\/#organization\",\"name\":\"T\u00fcrkiye Diyanet Vakf\u0131\",\"alternateName\":\"T\u00fcrkiye Diyanet Vakf\u0131\",\"url\":\"https:\\\/\\\/tdv.org\\\/tr-TR\\\/\",\"logo\":{\"@type\":\"ImageObject\",\"inLanguage\":\"tr\",\"@id\":\"https:\\\/\\\/tdv.org\\\/tr-TR\\\/#\\\/schema\\\/logo\\\/image\\\/\",\"url\":\"https:\\\/\\\/tdv.org\\\/tr-TR\\\/wp-content\\\/uploads\\\/2018\\\/12\\\/TDV_Logo_1.png\",\"contentUrl\":\"https:\\\/\\\/tdv.org\\\/tr-TR\\\/wp-content\\\/uploads\\\/2018\\\/12\\\/TDV_Logo_1.png\",\"width\":207,\"height\":71,\"caption\":\"T\u00fcrkiye Diyanet Vakf\u0131\"},\"image\":{\"@id\":\"https:\\\/\\\/tdv.org\\\/tr-TR\\\/#\\\/schema\\\/logo\\\/image\\\/\"},\"sameAs\":[\"https:\\\/\\\/www.facebook.com\\\/Diyanetvakfi\\\/\",\"https:\\\/\\\/x.com\\\/DiyanetVakfi\",\"https:\\\/\\\/www.instagram.com\\\/turkiyediyanetvakfi\\\/\",\"https:\\\/\\\/www.youtube.com\\\/user\\\/TurkiyeDiyanetVakfi\"]},{\"@type\":\"Person\",\"@id\":\"https:\\\/\\\/tdv.org\\\/tr-TR\\\/#\\\/schema\\\/person\\\/752b55e264a99273d55636516d96d5eb\",\"name\":\"Selim\",\"image\":{\"@type\":\"ImageObject\",\"inLanguage\":\"tr\",\"@id\":\"https:\\\/\\\/tdv.org\\\/tr-TR\\\/wp-content\\\/litespeed\\\/avatar\\\/a1e47b25396e98e5b781e88a5396cd96.jpg?ver=1777287391\",\"url\":\"https:\\\/\\\/tdv.org\\\/tr-TR\\\/wp-content\\\/litespeed\\\/avatar\\\/a1e47b25396e98e5b781e88a5396cd96.jpg?ver=1777287391\",\"contentUrl\":\"https:\\\/\\\/tdv.org\\\/tr-TR\\\/wp-content\\\/litespeed\\\/avatar\\\/a1e47b25396e98e5b781e88a5396cd96.jpg?ver=1777287391\",\"caption\":\"Selim\"}}]}<\/script>\n<!-- \/ Yoast SEO plugin. -->","yoast_head_json":{"title":"Konya'dan 8 yard\u0131m t\u0131r\u0131, Ad\u0131yaman'daki 100 depremzede \u00e7iftin toplu d\u00fc\u011f\u00fcn\u00fc i\u00e7in yola \u00e7\u0131kt\u0131","description":"Ad\u0131yaman'da 6 \u015eubat 2023'teki depremlerden etkilenen 100 ni\u015fanl\u0131 \u00e7iftin toplu d\u00fc\u011f\u00fcn\u00fc i\u00e7in haz\u0131rlanan \u00e7eyiz deste\u011finin bulundu\u011fu t\u0131rlar Konya'dan u\u011furland\u0131.","robots":{"index":"index","follow":"follow","max-snippet":"max-snippet:-1","max-image-preview":"max-image-preview:large","max-video-preview":"max-video-preview:-1"},"canonical":"https:\/\/tdv.org\/tr-TR\/konyadan-8-yardim-tiri-adiyamandaki-100-depremzede-ciftin-toplu-dugunu-icin-yola-cikti\/","og_locale":"tr_TR","og_type":"article","og_title":"Konya'dan 8 yard\u0131m t\u0131r\u0131, Ad\u0131yaman'daki 100 depremzede \u00e7iftin toplu d\u00fc\u011f\u00fcn\u00fc i\u00e7in yola \u00e7\u0131kt\u0131","og_description":"Ad\u0131yaman'da 6 \u015eubat 2023'teki depremlerden etkilenen 100 ni\u015fanl\u0131 \u00e7iftin toplu d\u00fc\u011f\u00fcn\u00fc i\u00e7in haz\u0131rlanan \u00e7eyiz deste\u011finin bulundu\u011fu t\u0131rlar Konya'dan u\u011furland\u0131.","og_url":"https:\/\/tdv.org\/tr-TR\/konyadan-8-yardim-tiri-adiyamandaki-100-depremzede-ciftin-toplu-dugunu-icin-yola-cikti\/","og_site_name":"T\u00fcrkiye Diyanet Vakf\u0131 Resmi Web Sitesi","article_publisher":"https:\/\/www.facebook.com\/Diyanetvakfi\/","article_published_time":"2025-07-14T12:56:28+00:00","article_modified_time":"2025-07-14T12:57:53+00:00","og_image":[{"width":1024,"height":768,"url":"https:\/\/tdv.org\/tr-TR\/wp-content\/uploads\/2025\/07\/konyadan-8-yardim-tiri-adiyamandaki-100-depremzede-ciftin-toplu-dugunu-icin-yola-cikti-2.jpg","type":"image\/jpeg"}],"author":"Selim","twitter_card":"summary_large_image","twitter_creator":"@DiyanetVakfi","twitter_site":"@DiyanetVakfi","schema":{"@context":"https:\/\/schema.org","@graph":[{"@type":"Article","@id":"https:\/\/tdv.org\/tr-TR\/konyadan-8-yardim-tiri-adiyamandaki-100-depremzede-ciftin-toplu-dugunu-icin-yola-cikti\/#article","isPartOf":{"@id":"https:\/\/tdv.org\/tr-TR\/konyadan-8-yardim-tiri-adiyamandaki-100-depremzede-ciftin-toplu-dugunu-icin-yola-cikti\/"},"author":{"name":"Selim","@id":"https:\/\/tdv.org\/tr-TR\/#\/schema\/person\/752b55e264a99273d55636516d96d5eb"},"headline":"Konya&#8217;dan 8 yard\u0131m t\u0131r\u0131, Ad\u0131yaman&#8217;daki 100 depremzede \u00e7iftin toplu d\u00fc\u011f\u00fcn\u00fc i\u00e7in yola \u00e7\u0131kt\u0131","datePublished":"2025-07-14T12:56:28+00:00","dateModified":"2025-07-14T12:57:53+00:00","mainEntityOfPage":{"@id":"https:\/\/tdv.org\/tr-TR\/konyadan-8-yardim-tiri-adiyamandaki-100-depremzede-ciftin-toplu-dugunu-icin-yola-cikti\/"},"wordCount":279,"publisher":{"@id":"https:\/\/tdv.org\/tr-TR\/#organization"},"image":{"@id":"https:\/\/tdv.org\/tr-TR\/konyadan-8-yardim-tiri-adiyamandaki-100-depremzede-ciftin-toplu-dugunu-icin-yola-cikti\/#primaryimage"},"thumbnailUrl":"https:\/\/tdv.org\/tr-TR\/wp-content\/uploads\/2025\/07\/konyadan-8-yardim-tiri-adiyamandaki-100-depremzede-ciftin-toplu-dugunu-icin-yola-cikti-2.jpg","keywords":["\u00e7eyiz","\u00e7eyiz yard\u0131m\u0131","Gen\u00e7leri Evlendirme ve Mehir Vakf\u0131","Konya","Konya M\u00fcft\u00fcl\u00fc\u011f\u00fc","mehir vakf\u0131"],"articleSection":["Haberler"],"inLanguage":"tr"},{"@type":"WebPage","@id":"https:\/\/tdv.org\/tr-TR\/konyadan-8-yardim-tiri-adiyamandaki-100-depremzede-ciftin-toplu-dugunu-icin-yola-cikti\/","url":"https:\/\/tdv.org\/tr-TR\/konyadan-8-yardim-tiri-adiyamandaki-100-depremzede-ciftin-toplu-dugunu-icin-yola-cikti\/","name":"Konya'dan 8 yard\u0131m t\u0131r\u0131, Ad\u0131yaman'daki 100 depremzede \u00e7iftin toplu d\u00fc\u011f\u00fcn\u00fc i\u00e7in yola \u00e7\u0131kt\u0131","isPartOf":{"@id":"https:\/\/tdv.org\/tr-TR\/#website"},"primaryImageOfPage":{"@id":"https:\/\/tdv.org\/tr-TR\/konyadan-8-yardim-tiri-adiyamandaki-100-depremzede-ciftin-toplu-dugunu-icin-yola-cikti\/#primaryimage"},"image":{"@id":"https:\/\/tdv.org\/tr-TR\/konyadan-8-yardim-tiri-adiyamandaki-100-depremzede-ciftin-toplu-dugunu-icin-yola-cikti\/#primaryimage"},"thumbnailUrl":"https:\/\/tdv.org\/tr-TR\/wp-content\/uploads\/2025\/07\/konyadan-8-yardim-tiri-adiyamandaki-100-depremzede-ciftin-toplu-dugunu-icin-yola-cikti-2.jpg","datePublished":"2025-07-14T12:56:28+00:00","dateModified":"2025-07-14T12:57:53+00:00","description":"Ad\u0131yaman'da 6 \u015eubat 2023'teki depremlerden etkilenen 100 ni\u015fanl\u0131 \u00e7iftin toplu d\u00fc\u011f\u00fcn\u00fc i\u00e7in haz\u0131rlanan \u00e7eyiz deste\u011finin bulundu\u011fu t\u0131rlar Konya'dan u\u011furland\u0131.","breadcrumb":{"@id":"https:\/\/tdv.org\/tr-TR\/konyadan-8-yardim-tiri-adiyamandaki-100-depremzede-ciftin-toplu-dugunu-icin-yola-cikti\/#breadcrumb"},"inLanguage":"tr","potentialAction":[{"@type":"ReadAction","target":["https:\/\/tdv.org\/tr-TR\/konyadan-8-yardim-tiri-adiyamandaki-100-depremzede-ciftin-toplu-dugunu-icin-yola-cikti\/"]}]},{"@type":"ImageObject","inLanguage":"tr","@id":"https:\/\/tdv.org\/tr-TR\/konyadan-8-yardim-tiri-adiyamandaki-100-depremzede-ciftin-toplu-dugunu-icin-yola-cikti\/#primaryimage","url":"https:\/\/tdv.org\/tr-TR\/wp-content\/uploads\/2025\/07\/konyadan-8-yardim-tiri-adiyamandaki-100-depremzede-ciftin-toplu-dugunu-icin-yola-cikti-2.jpg","contentUrl":"https:\/\/tdv.org\/tr-TR\/wp-content\/uploads\/2025\/07\/konyadan-8-yardim-tiri-adiyamandaki-100-depremzede-ciftin-toplu-dugunu-icin-yola-cikti-2.jpg","width":1024,"height":768,"caption":"Konya m\u00fcft\u00fcl\u00fc\u011f\u00fc, yard\u0131m t\u0131r\u0131, depremzede \u00e7iftler i\u00e7in yard\u0131m, T\u00fcrkiye diyanet vakf\u0131, toplu nikah t\u00f6reni, aile, aile y\u0131l\u0131 ,"},{"@type":"BreadcrumbList","@id":"https:\/\/tdv.org\/tr-TR\/konyadan-8-yardim-tiri-adiyamandaki-100-depremzede-ciftin-toplu-dugunu-icin-yola-cikti\/#breadcrumb","itemListElement":[{"@type":"ListItem","position":1,"name":"Anasayfa","item":"https:\/\/tdv.org\/tr-TR\/"},{"@type":"ListItem","position":2,"name":"Konya&#8217;dan 8 yard\u0131m t\u0131r\u0131, Ad\u0131yaman&#8217;daki 100 depremzede \u00e7iftin toplu d\u00fc\u011f\u00fcn\u00fc i\u00e7in yola \u00e7\u0131kt\u0131"}]},{"@type":"WebSite","@id":"https:\/\/tdv.org\/tr-TR\/#website","url":"https:\/\/tdv.org\/tr-TR\/","name":"T\u00fcrkiye Diyanet Vakf\u0131 Resmi Web Sitesi","description":"Yery\u00fcz\u00fcnde iyilik egemen oluncaya kadar","publisher":{"@id":"https:\/\/tdv.org\/tr-TR\/#organization"},"alternateName":"T\u00fcrkiye Diyanet Vakf\u0131","potentialAction":[{"@type":"SearchAction","target":{"@type":"EntryPoint","urlTemplate":"https:\/\/tdv.org\/tr-TR\/?s={search_term_string}"},"query-input":{"@type":"PropertyValueSpecification","valueRequired":true,"valueName":"search_term_string"}}],"inLanguage":"tr"},{"@type":"Organization","@id":"https:\/\/tdv.org\/tr-TR\/#organization","name":"T\u00fcrkiye Diyanet Vakf\u0131","alternateName":"T\u00fcrkiye Diyanet Vakf\u0131","url":"https:\/\/tdv.org\/tr-TR\/","logo":{"@type":"ImageObject","inLanguage":"tr","@id":"https:\/\/tdv.org\/tr-TR\/#\/schema\/logo\/image\/","url":"https:\/\/tdv.org\/tr-TR\/wp-content\/uploads\/2018\/12\/TDV_Logo_1.png","contentUrl":"https:\/\/tdv.org\/tr-TR\/wp-content\/uploads\/2018\/12\/TDV_Logo_1.png","width":207,"height":71,"caption":"T\u00fcrkiye Diyanet Vakf\u0131"},"image":{"@id":"https:\/\/tdv.org\/tr-TR\/#\/schema\/logo\/image\/"},"sameAs":["https:\/\/www.facebook.com\/Diyanetvakfi\/","https:\/\/x.com\/DiyanetVakfi","https:\/\/www.instagram.com\/turkiyediyanetvakfi\/","https:\/\/www.youtube.com\/user\/TurkiyeDiyanetVakfi"]},{"@type":"Person","@id":"https:\/\/tdv.org\/tr-TR\/#\/schema\/person\/752b55e264a99273d55636516d96d5eb","name":"Selim","image":{"@type":"ImageObject","inLanguage":"tr","@id":"https:\/\/tdv.org\/tr-TR\/wp-content\/litespeed\/avatar\/a1e47b25396e98e5b781e88a5396cd96.jpg?ver=1777287391","url":"https:\/\/tdv.org\/tr-TR\/wp-content\/litespeed\/avatar\/a1e47b25396e98e5b781e88a5396cd96.jpg?ver=1777287391","contentUrl":"https:\/\/tdv.org\/tr-TR\/wp-content\/litespeed\/avatar\/a1e47b25396e98e5b781e88a5396cd96.jpg?ver=1777287391","caption":"Selim"}}]}},"_links":{"self":[{"href":"https:\/\/tdv.org\/tr-TR\/wp-json\/wp\/v2\/posts\/52057","targetHints":{"allow":["GET"]}}],"collection":[{"href":"https:\/\/tdv.org\/tr-TR\/wp-json\/wp\/v2\/posts"}],"about":[{"href":"https:\/\/tdv.org\/tr-TR\/wp-json\/wp\/v2\/types\/post"}],"author":[{"embeddable":true,"href":"https:\/\/tdv.org\/tr-TR\/wp-json\/wp\/v2\/users\/8"}],"replies":[{"embeddable":true,"href":"https:\/\/tdv.org\/tr-TR\/wp-json\/wp\/v2\/comments?post=52057"}],"version-history":[{"count":4,"href":"https:\/\/tdv.org\/tr-TR\/wp-json\/wp\/v2\/posts\/52057\/revisions"}],"predecessor-version":[{"id":52065,"href":"https:\/\/tdv.org\/tr-TR\/wp-json\/wp\/v2\/posts\/52057\/revisions\/52065"}],"wp:featuredmedia":[{"embeddable":true,"href":"https:\/\/tdv.org\/tr-TR\/wp-json\/wp\/v2\/media\/52059"}],"wp:attachment":[{"href":"https:\/\/tdv.org\/tr-TR\/wp-json\/wp\/v2\/media?parent=52057"}],"wp:term":[{"taxonomy":"category","embeddable":true,"href":"https:\/\/tdv.org\/tr-TR\/wp-json\/wp\/v2\/categories?post=52057"},{"taxonomy":"post_tag","embeddable":true,"href":"https:\/\/tdv.org\/tr-TR\/wp-json\/wp\/v2\/tags?post=52057"}],"curies":[{"name":"wp","href":"https:\/\/api.w.org\/{rel}","templated":true}]}}