{"id":52066,"date":"2025-07-15T12:46:40","date_gmt":"2025-07-15T09:46:40","guid":{"rendered":"https:\/\/tdv.org\/tr-TR\/?p=52066"},"modified":"2025-07-15T12:46:40","modified_gmt":"2025-07-15T09:46:40","slug":"diyanet-isleri-baskani-erbastan-15-temmuz-demokrasi-ve-milli-birlik-gunu-mesaji-3","status":"publish","type":"post","link":"https:\/\/tdv.org\/tr-TR\/diyanet-isleri-baskani-erbastan-15-temmuz-demokrasi-ve-milli-birlik-gunu-mesaji-3\/","title":{"rendered":"Diyanet \u0130\u015fleri Ba\u015fkan\u0131 Erba\u015f\u2019tan, 15 Temmuz Demokrasi ve Milli Birlik G\u00fcn\u00fc mesaj\u0131"},"content":{"rendered":"<p class=\"text-justify\" style=\"text-align: justify;\"><a href=\"https:\/\/tdv.org\/tr-TR\/kurumsal\/prof-dr-ali-erbas\/\" target=\"_blank\" rel=\"noopener\">Diyanet \u0130\u015fleri Ba\u015fkan\u0131 ve T\u00fcrkiye Diyanet Vakf\u0131 M\u00fctevelli Heyeti Ba\u015fkan\u0131 Prof. Dr. Ali Erba\u015f<\/a>, \u201c15 Temmuz, dini de\u011ferlerimizi kendi kirli ve karanl\u0131k emelleri do\u011frultusunda suistimal eden, insanlar\u0131m\u0131z\u0131n temiz ve samimi duygular\u0131n\u0131 istismar eden ki\u015fi ve gruplara kar\u015f\u0131 uyan\u0131k olmam\u0131z gerekti\u011fini bize g\u00fc\u00e7l\u00fc bir \u015fekilde hat\u0131rlatm\u0131\u015ft\u0131r.\u201d ifadelerini kulland\u0131.<\/p>\n<div>\n<p dir=\"ltr\" style=\"text-align: justify;\">\u015eanl\u0131 tarihimizin en b\u00fcy\u00fck destanlar\u0131ndan biri olan 15 Temmuz, aziz milletimizin ba\u011f\u0131ms\u0131zl\u0131k ve h\u00fcrriyetine olan sars\u0131lmaz inanc\u0131n\u0131 t\u00fcm d\u00fcnyaya ilan etti\u011fi bir m\u00fccadelenin ve kutlu bir direni\u015fin y\u0131l d\u00f6n\u00fcm\u00fcd\u00fcr.<\/p>\n<p dir=\"ltr\" style=\"text-align: justify;\">O gece, \u00fclkesine ve iradesine kasteden, gelece\u011fini ve ufkunu karartmak isteyen dahili ve harici mihraklar\u0131n hain darbe giri\u015fimini milletimiz sadece p\u00fcsk\u00fcrtmekle kalmam\u0131\u015f, ayn\u0131 zamanda birlik-beraberli\u011fe ve h\u00fcrriyetine olan ba\u011fl\u0131l\u0131\u011f\u0131n\u0131 bir kez daha ortaya koymu\u015ftur.<\/p>\n<p dir=\"ltr\" style=\"text-align: justify;\">15 Temmuz\u2019da sergilenen \u015fanl\u0131 direni\u015f, bir darbe giri\u015fimini engellemenin yan\u0131 s\u0131ra d\u0131\u015f mihraklar\u0131n g\u00fcd\u00fcm\u00fcnde olan FET\u00d6 ihanetini de b\u00fct\u00fcn y\u00f6nleriyle if\u015fa etmi\u015ftir.<\/p>\n<p dir=\"ltr\" style=\"text-align: justify;\">15 Temmuz, dini de\u011ferlerimizi kendi kirli ve karanl\u0131k emelleri do\u011frultusunda suistimal eden, insanlar\u0131m\u0131z\u0131n temiz ve samimi duygular\u0131n\u0131 istismar eden ki\u015fi ve gruplara kar\u015f\u0131 uyan\u0131k olmam\u0131z gerekti\u011fini bize g\u00fc\u00e7l\u00fc bir \u015fekilde hat\u0131rlatm\u0131\u015ft\u0131r.<\/p>\n<p dir=\"ltr\" style=\"text-align: justify;\">15 Temmuz\u2019da ya\u015fad\u0131\u011f\u0131m\u0131z ac\u0131 tecr\u00fcbe, \u0130slam\u2019\u0131n y\u00fcce kavramlar\u0131n\u0131 kirli \u00e7\u0131karlar\u0131 i\u00e7in kullanan, nifak ve ihanet hareketlerine kar\u015f\u0131 devlet ve millet olarak bilin\u00e7li olman\u0131n ne derece \u00f6nemli oldu\u011funu a\u00e7\u0131k\u00e7a g\u00f6stermi\u015ftir. Bu sebeple Diyanet \u0130\u015fleri Ba\u015fkanl\u0131\u011f\u0131m\u0131z, t\u00fcm te\u015fkilat\u0131yla kararl\u0131 bir \u015fekilde sahih dini bilgi ve do\u011fru din hizmeti \u00fcreterek nesillerimizi \u0130slam\u2019\u0131n hakikatleriyle bulu\u015fturmak i\u00e7in yo\u011fun gayret i\u00e7indedir.<\/p>\n<p dir=\"ltr\" style=\"text-align: justify;\">Ba\u015fkanl\u0131\u011f\u0131m\u0131z, \u0130slam\u2019\u0131n cihan\u015f\u00fcmul de\u011ferlerini istismar eden, aziz milletimize tuzaklar kurarak fitne ve tefrikaya s\u00fcr\u00fcklemeyi arzulayan t\u00fcm giri\u015fimlere kar\u015f\u0131 inanc\u0131ndan ve tarihinden ald\u0131\u011f\u0131 g\u00fc\u00e7le \u00fczerine d\u00fc\u015fen sorumluluklar\u0131 yerine getirmeye, milletimizin manevi hayat\u0131na Kur\u2019an ve s\u00fcnnet \u0131\u015f\u0131\u011f\u0131nda rehberlik etmeye devam edecektir.<\/p>\n<p dir=\"ltr\" style=\"text-align: justify;\">Bu vesileyle, 15 Temmuz\u2019un y\u0131l d\u00f6n\u00fcm\u00fcnde, istiklal ve istikbaline sahip \u00e7\u0131kmak i\u00e7in b\u00fcy\u00fck bir inan\u00e7 ve azimle m\u00fccadele eden herkese \u015f\u00fckranlar\u0131m\u0131 sunuyorum. Bu u\u011furda feday-\u0131 can eden t\u00fcm \u015fehitlerimizi rahmet ve minnetle an\u0131yor, gazilerimize sa\u011fl\u0131k ve afiyet diliyorum.<\/p>\n<p dir=\"ltr\" style=\"text-align: justify;\">Cenab\u0131 Hak, milletimizi ve \u0130slam \u00fcmmetini her t\u00fcrl\u00fc fitne, fesat, tefrika, k\u00f6t\u00fcl\u00fck, nifak ve ihanetten korusun ve ilelebet payidar eylesin.<\/p>\n<p dir=\"ltr\" style=\"text-align: right;\"><a href=\"https:\/\/tdv.org\/tr-TR\/kurumsal\/prof-dr-ali-erbas\/\" target=\"_blank\" rel=\"noopener\">Prof. Dr. Ali Erba\u015f<\/a><br \/>\n<a href=\"https:\/\/tdv.org\/tr-TR\/kurumsal\/prof-dr-ali-erbas\/\" target=\"_blank\" rel=\"noopener\">Diyanet \u0130\u015fleri Ba\u015fkan\u0131 ve T\u00fcrkiye Diyanet Vakf\u0131 M\u00fctevelli Heyeti Ba\u015fkan\u0131\u00a0<\/a><\/p>\n<\/div>\n","protected":false},"excerpt":{"rendered":"<p>Diyanet \u0130\u015fleri Ba\u015fkan\u0131 ve T\u00fcrkiye Diyanet Vakf\u0131 M\u00fctevelli Heyeti Ba\u015fkan\u0131 Prof. Dr. Ali Erba\u015f, \u201c15 Temmuz, dini de\u011ferlerimizi kendi kirli ve karanl\u0131k emelleri do\u011frultusunda suistimal eden, insanlar\u0131m\u0131z\u0131n temiz ve samimi&#8230;<\/p>\n","protected":false},"author":8,"featured_media":52067,"comment_status":"closed","ping_status":"closed","sticky":false,"template":"","format":"standard","meta":{"footnotes":""},"categories":[1],"tags":[185,734,1775,729,2175,2174],"class_list":{"0":"post-52066","1":"post","2":"type-post","3":"status-publish","4":"format-standard","5":"has-post-thumbnail","7":"category-haberler","8":"tag-15-temmuz","9":"tag-15-temmuz-sehitler-makami","10":"tag-15-temmuz-sehitleri-ve-gaziler","11":"tag-ali-erbas-15-temmuz-mesaji","12":"tag-demokrasi-ve-milli-birlik-gunu","13":"tag-sehit-ve-gaziler"},"yoast_head":"<!-- This site is optimized with the Yoast SEO plugin v27.4 - https:\/\/yoast.com\/product\/yoast-seo-wordpress\/ -->\n<title>Diyanet \u0130\u015fleri Ba\u015fkan\u0131 Erba\u015f\u2019tan, 15 Temmuz Demokrasi ve Milli Birlik G\u00fcn\u00fc mesaj\u0131<\/title>\n<meta name=\"description\" content=\"Diyanet \u0130\u015fleri Ba\u015fkan\u0131 ve T\u00fcrkiye Diyanet Vakf\u0131 M\u00fctevelli Heyeti Ba\u015fkan\u0131 Prof. Dr. Ali Erba\u015f, \u201c15 Temmuz, dini de\u011ferlerimizi kendi kirli ve karanl\u0131k emelleri do\u011frultusunda suistimal eden, insanlar\u0131m\u0131z\u0131n temiz ve samimi duygular\u0131n\u0131 istismar eden ki\u015fi ve gruplara kar\u015f\u0131 uyan\u0131k olmam\u0131z gerekti\u011fini bize g\u00fc\u00e7l\u00fc bir \u015fekilde hat\u0131rlatm\u0131\u015ft\u0131r.\u201d ifadelerini kulland\u0131.\" \/>\n<meta name=\"robots\" content=\"index, follow, max-snippet:-1, max-image-preview:large, max-video-preview:-1\" \/>\n<link rel=\"canonical\" href=\"https:\/\/tdv.org\/tr-TR\/diyanet-isleri-baskani-erbastan-15-temmuz-demokrasi-ve-milli-birlik-gunu-mesaji-3\/\" \/>\n<meta property=\"og:locale\" content=\"tr_TR\" \/>\n<meta property=\"og:type\" content=\"article\" \/>\n<meta property=\"og:title\" content=\"Diyanet \u0130\u015fleri Ba\u015fkan\u0131 Erba\u015f\u2019tan, 15 Temmuz Demokrasi ve Milli Birlik G\u00fcn\u00fc mesaj\u0131\" \/>\n<meta property=\"og:description\" content=\"Diyanet \u0130\u015fleri Ba\u015fkan\u0131 ve T\u00fcrkiye Diyanet Vakf\u0131 M\u00fctevelli Heyeti Ba\u015fkan\u0131 Prof. Dr. Ali Erba\u015f, \u201c15 Temmuz, dini de\u011ferlerimizi kendi kirli ve karanl\u0131k emelleri do\u011frultusunda suistimal eden, insanlar\u0131m\u0131z\u0131n temiz ve samimi duygular\u0131n\u0131 istismar eden ki\u015fi ve gruplara kar\u015f\u0131 uyan\u0131k olmam\u0131z gerekti\u011fini bize g\u00fc\u00e7l\u00fc bir \u015fekilde hat\u0131rlatm\u0131\u015ft\u0131r.\u201d ifadelerini kulland\u0131.\" \/>\n<meta property=\"og:url\" content=\"https:\/\/tdv.org\/tr-TR\/diyanet-isleri-baskani-erbastan-15-temmuz-demokrasi-ve-milli-birlik-gunu-mesaji-3\/\" \/>\n<meta property=\"og:site_name\" content=\"T\u00fcrkiye Diyanet Vakf\u0131 Resmi Web Sitesi\" \/>\n<meta property=\"article:publisher\" content=\"https:\/\/www.facebook.com\/Diyanetvakfi\/\" \/>\n<meta property=\"article:published_time\" content=\"2025-07-15T09:46:40+00:00\" \/>\n<meta property=\"og:image\" content=\"https:\/\/tdv.org\/tr-TR\/wp-content\/uploads\/2025\/07\/diyanet-isleri-baskani-erbastan-srebrenitsa-soykirimi-mesaji.jpg\" \/>\n\t<meta property=\"og:image:width\" content=\"1066\" \/>\n\t<meta property=\"og:image:height\" content=\"800\" \/>\n\t<meta property=\"og:image:type\" content=\"image\/jpeg\" \/>\n<meta name=\"author\" content=\"Selim\" \/>\n<meta name=\"twitter:card\" content=\"summary_large_image\" \/>\n<meta name=\"twitter:creator\" content=\"@DiyanetVakfi\" \/>\n<meta name=\"twitter:site\" content=\"@DiyanetVakfi\" \/>\n<script type=\"application\/ld+json\" class=\"yoast-schema-graph\">{\"@context\":\"https:\\\/\\\/schema.org\",\"@graph\":[{\"@type\":\"Article\",\"@id\":\"https:\\\/\\\/tdv.org\\\/tr-TR\\\/diyanet-isleri-baskani-erbastan-15-temmuz-demokrasi-ve-milli-birlik-gunu-mesaji-3\\\/#article\",\"isPartOf\":{\"@id\":\"https:\\\/\\\/tdv.org\\\/tr-TR\\\/diyanet-isleri-baskani-erbastan-15-temmuz-demokrasi-ve-milli-birlik-gunu-mesaji-3\\\/\"},\"author\":{\"name\":\"Selim\",\"@id\":\"https:\\\/\\\/tdv.org\\\/tr-TR\\\/#\\\/schema\\\/person\\\/752b55e264a99273d55636516d96d5eb\"},\"headline\":\"Diyanet \u0130\u015fleri Ba\u015fkan\u0131 Erba\u015f\u2019tan, 15 Temmuz Demokrasi ve Milli Birlik G\u00fcn\u00fc mesaj\u0131\",\"datePublished\":\"2025-07-15T09:46:40+00:00\",\"mainEntityOfPage\":{\"@id\":\"https:\\\/\\\/tdv.org\\\/tr-TR\\\/diyanet-isleri-baskani-erbastan-15-temmuz-demokrasi-ve-milli-birlik-gunu-mesaji-3\\\/\"},\"wordCount\":480,\"publisher\":{\"@id\":\"https:\\\/\\\/tdv.org\\\/tr-TR\\\/#organization\"},\"image\":{\"@id\":\"https:\\\/\\\/tdv.org\\\/tr-TR\\\/diyanet-isleri-baskani-erbastan-15-temmuz-demokrasi-ve-milli-birlik-gunu-mesaji-3\\\/#primaryimage\"},\"thumbnailUrl\":\"https:\\\/\\\/tdv.org\\\/tr-TR\\\/wp-content\\\/uploads\\\/2025\\\/07\\\/diyanet-isleri-baskani-erbastan-srebrenitsa-soykirimi-mesaji.jpg\",\"keywords\":[\"15 Temmuz\",\"15 Temmuz \u015eehitler Makam\u0131\",\"15 Temmuz \u015fehitleri ve gaziler\",\"Ali Erba\u015f 15 Temmuz Mesaj\u0131\",\"Demokrasi ve Milli Birlik G\u00fcn\u00fc\",\"\u015eehit ve Gaziler\"],\"articleSection\":[\"Haberler\"],\"inLanguage\":\"tr\"},{\"@type\":\"WebPage\",\"@id\":\"https:\\\/\\\/tdv.org\\\/tr-TR\\\/diyanet-isleri-baskani-erbastan-15-temmuz-demokrasi-ve-milli-birlik-gunu-mesaji-3\\\/\",\"url\":\"https:\\\/\\\/tdv.org\\\/tr-TR\\\/diyanet-isleri-baskani-erbastan-15-temmuz-demokrasi-ve-milli-birlik-gunu-mesaji-3\\\/\",\"name\":\"Diyanet \u0130\u015fleri Ba\u015fkan\u0131 Erba\u015f\u2019tan, 15 Temmuz Demokrasi ve Milli Birlik G\u00fcn\u00fc mesaj\u0131\",\"isPartOf\":{\"@id\":\"https:\\\/\\\/tdv.org\\\/tr-TR\\\/#website\"},\"primaryImageOfPage\":{\"@id\":\"https:\\\/\\\/tdv.org\\\/tr-TR\\\/diyanet-isleri-baskani-erbastan-15-temmuz-demokrasi-ve-milli-birlik-gunu-mesaji-3\\\/#primaryimage\"},\"image\":{\"@id\":\"https:\\\/\\\/tdv.org\\\/tr-TR\\\/diyanet-isleri-baskani-erbastan-15-temmuz-demokrasi-ve-milli-birlik-gunu-mesaji-3\\\/#primaryimage\"},\"thumbnailUrl\":\"https:\\\/\\\/tdv.org\\\/tr-TR\\\/wp-content\\\/uploads\\\/2025\\\/07\\\/diyanet-isleri-baskani-erbastan-srebrenitsa-soykirimi-mesaji.jpg\",\"datePublished\":\"2025-07-15T09:46:40+00:00\",\"description\":\"Diyanet \u0130\u015fleri Ba\u015fkan\u0131 ve T\u00fcrkiye Diyanet Vakf\u0131 M\u00fctevelli Heyeti Ba\u015fkan\u0131 Prof. Dr. Ali Erba\u015f, \u201c15 Temmuz, dini de\u011ferlerimizi kendi kirli ve karanl\u0131k emelleri do\u011frultusunda suistimal eden, insanlar\u0131m\u0131z\u0131n temiz ve samimi duygular\u0131n\u0131 istismar eden ki\u015fi ve gruplara kar\u015f\u0131 uyan\u0131k olmam\u0131z gerekti\u011fini bize g\u00fc\u00e7l\u00fc bir \u015fekilde hat\u0131rlatm\u0131\u015ft\u0131r.\u201d ifadelerini kulland\u0131.\",\"breadcrumb\":{\"@id\":\"https:\\\/\\\/tdv.org\\\/tr-TR\\\/diyanet-isleri-baskani-erbastan-15-temmuz-demokrasi-ve-milli-birlik-gunu-mesaji-3\\\/#breadcrumb\"},\"inLanguage\":\"tr\",\"potentialAction\":[{\"@type\":\"ReadAction\",\"target\":[\"https:\\\/\\\/tdv.org\\\/tr-TR\\\/diyanet-isleri-baskani-erbastan-15-temmuz-demokrasi-ve-milli-birlik-gunu-mesaji-3\\\/\"]}]},{\"@type\":\"ImageObject\",\"inLanguage\":\"tr\",\"@id\":\"https:\\\/\\\/tdv.org\\\/tr-TR\\\/diyanet-isleri-baskani-erbastan-15-temmuz-demokrasi-ve-milli-birlik-gunu-mesaji-3\\\/#primaryimage\",\"url\":\"https:\\\/\\\/tdv.org\\\/tr-TR\\\/wp-content\\\/uploads\\\/2025\\\/07\\\/diyanet-isleri-baskani-erbastan-srebrenitsa-soykirimi-mesaji.jpg\",\"contentUrl\":\"https:\\\/\\\/tdv.org\\\/tr-TR\\\/wp-content\\\/uploads\\\/2025\\\/07\\\/diyanet-isleri-baskani-erbastan-srebrenitsa-soykirimi-mesaji.jpg\",\"width\":1066,\"height\":800,\"caption\":\"15 temmuz, demokrasi ve milli birlik, anma mesaj\u0131, ali erba\u015f, T\u00fcrkiye diyanet vakf\u0131,\"},{\"@type\":\"BreadcrumbList\",\"@id\":\"https:\\\/\\\/tdv.org\\\/tr-TR\\\/diyanet-isleri-baskani-erbastan-15-temmuz-demokrasi-ve-milli-birlik-gunu-mesaji-3\\\/#breadcrumb\",\"itemListElement\":[{\"@type\":\"ListItem\",\"position\":1,\"name\":\"Anasayfa\",\"item\":\"https:\\\/\\\/tdv.org\\\/tr-TR\\\/\"},{\"@type\":\"ListItem\",\"position\":2,\"name\":\"Diyanet \u0130\u015fleri Ba\u015fkan\u0131 Erba\u015f\u2019tan, 15 Temmuz Demokrasi ve Milli Birlik G\u00fcn\u00fc mesaj\u0131\"}]},{\"@type\":\"WebSite\",\"@id\":\"https:\\\/\\\/tdv.org\\\/tr-TR\\\/#website\",\"url\":\"https:\\\/\\\/tdv.org\\\/tr-TR\\\/\",\"name\":\"T\u00fcrkiye Diyanet Vakf\u0131 Resmi Web Sitesi\",\"description\":\"Yery\u00fcz\u00fcnde iyilik egemen oluncaya kadar\",\"publisher\":{\"@id\":\"https:\\\/\\\/tdv.org\\\/tr-TR\\\/#organization\"},\"alternateName\":\"T\u00fcrkiye Diyanet Vakf\u0131\",\"potentialAction\":[{\"@type\":\"SearchAction\",\"target\":{\"@type\":\"EntryPoint\",\"urlTemplate\":\"https:\\\/\\\/tdv.org\\\/tr-TR\\\/?s={search_term_string}\"},\"query-input\":{\"@type\":\"PropertyValueSpecification\",\"valueRequired\":true,\"valueName\":\"search_term_string\"}}],\"inLanguage\":\"tr\"},{\"@type\":\"Organization\",\"@id\":\"https:\\\/\\\/tdv.org\\\/tr-TR\\\/#organization\",\"name\":\"T\u00fcrkiye Diyanet Vakf\u0131\",\"alternateName\":\"T\u00fcrkiye Diyanet Vakf\u0131\",\"url\":\"https:\\\/\\\/tdv.org\\\/tr-TR\\\/\",\"logo\":{\"@type\":\"ImageObject\",\"inLanguage\":\"tr\",\"@id\":\"https:\\\/\\\/tdv.org\\\/tr-TR\\\/#\\\/schema\\\/logo\\\/image\\\/\",\"url\":\"https:\\\/\\\/tdv.org\\\/tr-TR\\\/wp-content\\\/uploads\\\/2018\\\/12\\\/TDV_Logo_1.png\",\"contentUrl\":\"https:\\\/\\\/tdv.org\\\/tr-TR\\\/wp-content\\\/uploads\\\/2018\\\/12\\\/TDV_Logo_1.png\",\"width\":207,\"height\":71,\"caption\":\"T\u00fcrkiye Diyanet Vakf\u0131\"},\"image\":{\"@id\":\"https:\\\/\\\/tdv.org\\\/tr-TR\\\/#\\\/schema\\\/logo\\\/image\\\/\"},\"sameAs\":[\"https:\\\/\\\/www.facebook.com\\\/Diyanetvakfi\\\/\",\"https:\\\/\\\/x.com\\\/DiyanetVakfi\",\"https:\\\/\\\/www.instagram.com\\\/turkiyediyanetvakfi\\\/\",\"https:\\\/\\\/www.youtube.com\\\/user\\\/TurkiyeDiyanetVakfi\"]},{\"@type\":\"Person\",\"@id\":\"https:\\\/\\\/tdv.org\\\/tr-TR\\\/#\\\/schema\\\/person\\\/752b55e264a99273d55636516d96d5eb\",\"name\":\"Selim\",\"image\":{\"@type\":\"ImageObject\",\"inLanguage\":\"tr\",\"@id\":\"https:\\\/\\\/tdv.org\\\/tr-TR\\\/wp-content\\\/litespeed\\\/avatar\\\/a1e47b25396e98e5b781e88a5396cd96.jpg?ver=1777287391\",\"url\":\"https:\\\/\\\/tdv.org\\\/tr-TR\\\/wp-content\\\/litespeed\\\/avatar\\\/a1e47b25396e98e5b781e88a5396cd96.jpg?ver=1777287391\",\"contentUrl\":\"https:\\\/\\\/tdv.org\\\/tr-TR\\\/wp-content\\\/litespeed\\\/avatar\\\/a1e47b25396e98e5b781e88a5396cd96.jpg?ver=1777287391\",\"caption\":\"Selim\"}}]}<\/script>\n<!-- \/ Yoast SEO plugin. -->","yoast_head_json":{"title":"Diyanet \u0130\u015fleri Ba\u015fkan\u0131 Erba\u015f\u2019tan, 15 Temmuz Demokrasi ve Milli Birlik G\u00fcn\u00fc mesaj\u0131","description":"Diyanet \u0130\u015fleri Ba\u015fkan\u0131 ve T\u00fcrkiye Diyanet Vakf\u0131 M\u00fctevelli Heyeti Ba\u015fkan\u0131 Prof. Dr. Ali Erba\u015f, \u201c15 Temmuz, dini de\u011ferlerimizi kendi kirli ve karanl\u0131k emelleri do\u011frultusunda suistimal eden, insanlar\u0131m\u0131z\u0131n temiz ve samimi duygular\u0131n\u0131 istismar eden ki\u015fi ve gruplara kar\u015f\u0131 uyan\u0131k olmam\u0131z gerekti\u011fini bize g\u00fc\u00e7l\u00fc bir \u015fekilde hat\u0131rlatm\u0131\u015ft\u0131r.\u201d ifadelerini kulland\u0131.","robots":{"index":"index","follow":"follow","max-snippet":"max-snippet:-1","max-image-preview":"max-image-preview:large","max-video-preview":"max-video-preview:-1"},"canonical":"https:\/\/tdv.org\/tr-TR\/diyanet-isleri-baskani-erbastan-15-temmuz-demokrasi-ve-milli-birlik-gunu-mesaji-3\/","og_locale":"tr_TR","og_type":"article","og_title":"Diyanet \u0130\u015fleri Ba\u015fkan\u0131 Erba\u015f\u2019tan, 15 Temmuz Demokrasi ve Milli Birlik G\u00fcn\u00fc mesaj\u0131","og_description":"Diyanet \u0130\u015fleri Ba\u015fkan\u0131 ve T\u00fcrkiye Diyanet Vakf\u0131 M\u00fctevelli Heyeti Ba\u015fkan\u0131 Prof. Dr. Ali Erba\u015f, \u201c15 Temmuz, dini de\u011ferlerimizi kendi kirli ve karanl\u0131k emelleri do\u011frultusunda suistimal eden, insanlar\u0131m\u0131z\u0131n temiz ve samimi duygular\u0131n\u0131 istismar eden ki\u015fi ve gruplara kar\u015f\u0131 uyan\u0131k olmam\u0131z gerekti\u011fini bize g\u00fc\u00e7l\u00fc bir \u015fekilde hat\u0131rlatm\u0131\u015ft\u0131r.\u201d ifadelerini kulland\u0131.","og_url":"https:\/\/tdv.org\/tr-TR\/diyanet-isleri-baskani-erbastan-15-temmuz-demokrasi-ve-milli-birlik-gunu-mesaji-3\/","og_site_name":"T\u00fcrkiye Diyanet Vakf\u0131 Resmi Web Sitesi","article_publisher":"https:\/\/www.facebook.com\/Diyanetvakfi\/","article_published_time":"2025-07-15T09:46:40+00:00","og_image":[{"width":1066,"height":800,"url":"https:\/\/tdv.org\/tr-TR\/wp-content\/uploads\/2025\/07\/diyanet-isleri-baskani-erbastan-srebrenitsa-soykirimi-mesaji.jpg","type":"image\/jpeg"}],"author":"Selim","twitter_card":"summary_large_image","twitter_creator":"@DiyanetVakfi","twitter_site":"@DiyanetVakfi","schema":{"@context":"https:\/\/schema.org","@graph":[{"@type":"Article","@id":"https:\/\/tdv.org\/tr-TR\/diyanet-isleri-baskani-erbastan-15-temmuz-demokrasi-ve-milli-birlik-gunu-mesaji-3\/#article","isPartOf":{"@id":"https:\/\/tdv.org\/tr-TR\/diyanet-isleri-baskani-erbastan-15-temmuz-demokrasi-ve-milli-birlik-gunu-mesaji-3\/"},"author":{"name":"Selim","@id":"https:\/\/tdv.org\/tr-TR\/#\/schema\/person\/752b55e264a99273d55636516d96d5eb"},"headline":"Diyanet \u0130\u015fleri Ba\u015fkan\u0131 Erba\u015f\u2019tan, 15 Temmuz Demokrasi ve Milli Birlik G\u00fcn\u00fc mesaj\u0131","datePublished":"2025-07-15T09:46:40+00:00","mainEntityOfPage":{"@id":"https:\/\/tdv.org\/tr-TR\/diyanet-isleri-baskani-erbastan-15-temmuz-demokrasi-ve-milli-birlik-gunu-mesaji-3\/"},"wordCount":480,"publisher":{"@id":"https:\/\/tdv.org\/tr-TR\/#organization"},"image":{"@id":"https:\/\/tdv.org\/tr-TR\/diyanet-isleri-baskani-erbastan-15-temmuz-demokrasi-ve-milli-birlik-gunu-mesaji-3\/#primaryimage"},"thumbnailUrl":"https:\/\/tdv.org\/tr-TR\/wp-content\/uploads\/2025\/07\/diyanet-isleri-baskani-erbastan-srebrenitsa-soykirimi-mesaji.jpg","keywords":["15 Temmuz","15 Temmuz \u015eehitler Makam\u0131","15 Temmuz \u015fehitleri ve gaziler","Ali Erba\u015f 15 Temmuz Mesaj\u0131","Demokrasi ve Milli Birlik G\u00fcn\u00fc","\u015eehit ve Gaziler"],"articleSection":["Haberler"],"inLanguage":"tr"},{"@type":"WebPage","@id":"https:\/\/tdv.org\/tr-TR\/diyanet-isleri-baskani-erbastan-15-temmuz-demokrasi-ve-milli-birlik-gunu-mesaji-3\/","url":"https:\/\/tdv.org\/tr-TR\/diyanet-isleri-baskani-erbastan-15-temmuz-demokrasi-ve-milli-birlik-gunu-mesaji-3\/","name":"Diyanet \u0130\u015fleri Ba\u015fkan\u0131 Erba\u015f\u2019tan, 15 Temmuz Demokrasi ve Milli Birlik G\u00fcn\u00fc mesaj\u0131","isPartOf":{"@id":"https:\/\/tdv.org\/tr-TR\/#website"},"primaryImageOfPage":{"@id":"https:\/\/tdv.org\/tr-TR\/diyanet-isleri-baskani-erbastan-15-temmuz-demokrasi-ve-milli-birlik-gunu-mesaji-3\/#primaryimage"},"image":{"@id":"https:\/\/tdv.org\/tr-TR\/diyanet-isleri-baskani-erbastan-15-temmuz-demokrasi-ve-milli-birlik-gunu-mesaji-3\/#primaryimage"},"thumbnailUrl":"https:\/\/tdv.org\/tr-TR\/wp-content\/uploads\/2025\/07\/diyanet-isleri-baskani-erbastan-srebrenitsa-soykirimi-mesaji.jpg","datePublished":"2025-07-15T09:46:40+00:00","description":"Diyanet \u0130\u015fleri Ba\u015fkan\u0131 ve T\u00fcrkiye Diyanet Vakf\u0131 M\u00fctevelli Heyeti Ba\u015fkan\u0131 Prof. Dr. Ali Erba\u015f, \u201c15 Temmuz, dini de\u011ferlerimizi kendi kirli ve karanl\u0131k emelleri do\u011frultusunda suistimal eden, insanlar\u0131m\u0131z\u0131n temiz ve samimi duygular\u0131n\u0131 istismar eden ki\u015fi ve gruplara kar\u015f\u0131 uyan\u0131k olmam\u0131z gerekti\u011fini bize g\u00fc\u00e7l\u00fc bir \u015fekilde hat\u0131rlatm\u0131\u015ft\u0131r.\u201d ifadelerini kulland\u0131.","breadcrumb":{"@id":"https:\/\/tdv.org\/tr-TR\/diyanet-isleri-baskani-erbastan-15-temmuz-demokrasi-ve-milli-birlik-gunu-mesaji-3\/#breadcrumb"},"inLanguage":"tr","potentialAction":[{"@type":"ReadAction","target":["https:\/\/tdv.org\/tr-TR\/diyanet-isleri-baskani-erbastan-15-temmuz-demokrasi-ve-milli-birlik-gunu-mesaji-3\/"]}]},{"@type":"ImageObject","inLanguage":"tr","@id":"https:\/\/tdv.org\/tr-TR\/diyanet-isleri-baskani-erbastan-15-temmuz-demokrasi-ve-milli-birlik-gunu-mesaji-3\/#primaryimage","url":"https:\/\/tdv.org\/tr-TR\/wp-content\/uploads\/2025\/07\/diyanet-isleri-baskani-erbastan-srebrenitsa-soykirimi-mesaji.jpg","contentUrl":"https:\/\/tdv.org\/tr-TR\/wp-content\/uploads\/2025\/07\/diyanet-isleri-baskani-erbastan-srebrenitsa-soykirimi-mesaji.jpg","width":1066,"height":800,"caption":"15 temmuz, demokrasi ve milli birlik, anma mesaj\u0131, ali erba\u015f, T\u00fcrkiye diyanet vakf\u0131,"},{"@type":"BreadcrumbList","@id":"https:\/\/tdv.org\/tr-TR\/diyanet-isleri-baskani-erbastan-15-temmuz-demokrasi-ve-milli-birlik-gunu-mesaji-3\/#breadcrumb","itemListElement":[{"@type":"ListItem","position":1,"name":"Anasayfa","item":"https:\/\/tdv.org\/tr-TR\/"},{"@type":"ListItem","position":2,"name":"Diyanet \u0130\u015fleri Ba\u015fkan\u0131 Erba\u015f\u2019tan, 15 Temmuz Demokrasi ve Milli Birlik G\u00fcn\u00fc mesaj\u0131"}]},{"@type":"WebSite","@id":"https:\/\/tdv.org\/tr-TR\/#website","url":"https:\/\/tdv.org\/tr-TR\/","name":"T\u00fcrkiye Diyanet Vakf\u0131 Resmi Web Sitesi","description":"Yery\u00fcz\u00fcnde iyilik egemen oluncaya kadar","publisher":{"@id":"https:\/\/tdv.org\/tr-TR\/#organization"},"alternateName":"T\u00fcrkiye Diyanet Vakf\u0131","potentialAction":[{"@type":"SearchAction","target":{"@type":"EntryPoint","urlTemplate":"https:\/\/tdv.org\/tr-TR\/?s={search_term_string}"},"query-input":{"@type":"PropertyValueSpecification","valueRequired":true,"valueName":"search_term_string"}}],"inLanguage":"tr"},{"@type":"Organization","@id":"https:\/\/tdv.org\/tr-TR\/#organization","name":"T\u00fcrkiye Diyanet Vakf\u0131","alternateName":"T\u00fcrkiye Diyanet Vakf\u0131","url":"https:\/\/tdv.org\/tr-TR\/","logo":{"@type":"ImageObject","inLanguage":"tr","@id":"https:\/\/tdv.org\/tr-TR\/#\/schema\/logo\/image\/","url":"https:\/\/tdv.org\/tr-TR\/wp-content\/uploads\/2018\/12\/TDV_Logo_1.png","contentUrl":"https:\/\/tdv.org\/tr-TR\/wp-content\/uploads\/2018\/12\/TDV_Logo_1.png","width":207,"height":71,"caption":"T\u00fcrkiye Diyanet Vakf\u0131"},"image":{"@id":"https:\/\/tdv.org\/tr-TR\/#\/schema\/logo\/image\/"},"sameAs":["https:\/\/www.facebook.com\/Diyanetvakfi\/","https:\/\/x.com\/DiyanetVakfi","https:\/\/www.instagram.com\/turkiyediyanetvakfi\/","https:\/\/www.youtube.com\/user\/TurkiyeDiyanetVakfi"]},{"@type":"Person","@id":"https:\/\/tdv.org\/tr-TR\/#\/schema\/person\/752b55e264a99273d55636516d96d5eb","name":"Selim","image":{"@type":"ImageObject","inLanguage":"tr","@id":"https:\/\/tdv.org\/tr-TR\/wp-content\/litespeed\/avatar\/a1e47b25396e98e5b781e88a5396cd96.jpg?ver=1777287391","url":"https:\/\/tdv.org\/tr-TR\/wp-content\/litespeed\/avatar\/a1e47b25396e98e5b781e88a5396cd96.jpg?ver=1777287391","contentUrl":"https:\/\/tdv.org\/tr-TR\/wp-content\/litespeed\/avatar\/a1e47b25396e98e5b781e88a5396cd96.jpg?ver=1777287391","caption":"Selim"}}]}},"_links":{"self":[{"href":"https:\/\/tdv.org\/tr-TR\/wp-json\/wp\/v2\/posts\/52066","targetHints":{"allow":["GET"]}}],"collection":[{"href":"https:\/\/tdv.org\/tr-TR\/wp-json\/wp\/v2\/posts"}],"about":[{"href":"https:\/\/tdv.org\/tr-TR\/wp-json\/wp\/v2\/types\/post"}],"author":[{"embeddable":true,"href":"https:\/\/tdv.org\/tr-TR\/wp-json\/wp\/v2\/users\/8"}],"replies":[{"embeddable":true,"href":"https:\/\/tdv.org\/tr-TR\/wp-json\/wp\/v2\/comments?post=52066"}],"version-history":[{"count":2,"href":"https:\/\/tdv.org\/tr-TR\/wp-json\/wp\/v2\/posts\/52066\/revisions"}],"predecessor-version":[{"id":52069,"href":"https:\/\/tdv.org\/tr-TR\/wp-json\/wp\/v2\/posts\/52066\/revisions\/52069"}],"wp:featuredmedia":[{"embeddable":true,"href":"https:\/\/tdv.org\/tr-TR\/wp-json\/wp\/v2\/media\/52067"}],"wp:attachment":[{"href":"https:\/\/tdv.org\/tr-TR\/wp-json\/wp\/v2\/media?parent=52066"}],"wp:term":[{"taxonomy":"category","embeddable":true,"href":"https:\/\/tdv.org\/tr-TR\/wp-json\/wp\/v2\/categories?post=52066"},{"taxonomy":"post_tag","embeddable":true,"href":"https:\/\/tdv.org\/tr-TR\/wp-json\/wp\/v2\/tags?post=52066"}],"curies":[{"name":"wp","href":"https:\/\/api.w.org\/{rel}","templated":true}]}}