{"id":52179,"date":"2025-07-24T19:03:40","date_gmt":"2025-07-24T16:03:40","guid":{"rendered":"https:\/\/tdv.org\/tr-TR\/?p=52179"},"modified":"2025-07-24T19:03:40","modified_gmt":"2025-07-24T16:03:40","slug":"yuce-rabbimiz-ayasofyanin-acilisini-mazlum-yureklerin-ozgurlugune-vesile-eylesin","status":"publish","type":"post","link":"https:\/\/tdv.org\/tr-TR\/yuce-rabbimiz-ayasofyanin-acilisini-mazlum-yureklerin-ozgurlugune-vesile-eylesin\/","title":{"rendered":"\u201cY\u00fcce Rabbimiz Ayasofya&#8217;n\u0131n a\u00e7\u0131l\u0131\u015f\u0131n\u0131 mazlum y\u00fcreklerin \u00f6zg\u00fcrl\u00fc\u011f\u00fcne vesile eylesin\u201d"},"content":{"rendered":"<p class=\"text-justify\" style=\"text-align: justify;\"><a href=\"https:\/\/tdv.org\/tr-TR\/kurumsal\/prof-dr-ali-erbas\/\" target=\"_blank\" rel=\"noopener\">Diyanet \u0130\u015fleri Ba\u015fkan\u0131 ve T\u00fcrkiye Diyanet Vakf\u0131 M\u00fctevelli Heyeti Ba\u015fkan\u0131 Prof. Dr. Ali Erba\u015f<\/a>, Ayasofya-i Kebir Cami-i \u015eerifi\u2019nin 86 y\u0131l aradan sonra tekrar ibadete a\u00e7\u0131lmas\u0131n\u0131n be\u015finci y\u0131l d\u00f6n\u00fcm\u00fcnde sosyal medyadan yapt\u0131\u011f\u0131 payla\u015f\u0131m\u0131nda, \u201cY\u00fcce Rabbimiz bu kutlu g\u00fcn\u00fc ba\u015fta Mescid-i Aksa olmak \u00fczere, yery\u00fcz\u00fcndeki t\u00fcm mahzun mescidlerin ve mazlum y\u00fcreklerin \u00f6zg\u00fcrl\u00fc\u011f\u00fcne vesile eylesin.\u201d dedi.<\/p>\n<div>\n<p style=\"text-align: justify;\"><a href=\"https:\/\/tdv.org\/tr-TR\/kurumsal\/prof-dr-ali-erbas\/\" target=\"_blank\" rel=\"noopener\">Diyanet \u0130\u015fleri Ba\u015fkan\u0131 ve T\u00fcrkiye Diyanet Vakf\u0131 M\u00fctevelli Heyeti Ba\u015fkan\u0131 Prof. Dr. Ali Erba\u015f<\/a>, sosyal medya hesab\u0131ndan yapt\u0131\u011f\u0131 payla\u015f\u0131mda, \u015fu ifadelere yer verdi;<\/p>\n<p style=\"text-align: justify;\">\u201cBug\u00fcn, fethin sembol\u00fc Ayasofya-i Keb\u00eer Cami-i \u015eerifi&#8217;nin yeniden ibadete a\u00e7\u0131ld\u0131\u011f\u0131 kutlu g\u00fcn\u00fcn y\u0131l d\u00f6n\u00fcm\u00fc. Y\u0131llar sonra m\u00fcminleri yeniden ba\u011fr\u0131na basan, secdelerine kavu\u015fan bu ulu mabedin sevinci, g\u00f6nl\u00fcm\u00fcz\u00fc her daim umutla dolduruyor. Y\u00fcce Rabbimiz bu kutlu g\u00fcn\u00fc ba\u015fta Mescid-i Aksa olmak \u00fczere, yery\u00fcz\u00fcndeki t\u00fcm mahzun mescidlerin ve mazlum y\u00fcreklerin \u00f6zg\u00fcrl\u00fc\u011f\u00fcne vesile eylesin.\u201d<\/p>\n<p>&nbsp;<\/p>\n<\/div>\n","protected":false},"excerpt":{"rendered":"<p>Diyanet \u0130\u015fleri Ba\u015fkan\u0131 ve T\u00fcrkiye Diyanet Vakf\u0131 M\u00fctevelli Heyeti Ba\u015fkan\u0131 Prof. Dr. Ali Erba\u015f, Ayasofya-i Kebir Cami-i \u015eerifi\u2019nin 86 y\u0131l aradan sonra tekrar ibadete a\u00e7\u0131lmas\u0131n\u0131n be\u015finci y\u0131l d\u00f6n\u00fcm\u00fcnde sosyal medyadan&#8230;<\/p>\n","protected":false},"author":8,"featured_media":52180,"comment_status":"closed","ping_status":"closed","sticky":false,"template":"","format":"standard","meta":{"footnotes":""},"categories":[1],"tags":[2277,1494,1508,596],"class_list":{"0":"post-52179","1":"post","2":"type-post","3":"status-publish","4":"format-standard","5":"has-post-thumbnail","7":"category-haberler","8":"tag-anma-mesaji","9":"tag-ayasofya-cami","10":"tag-ayasofya-i-kebir-cami-i-serifi","11":"tag-diyanet-isleri-baskani-ve-turkiye-diyanet-vakfi-mutevelli-heyeti-baskani-prof-dr-ali-erbas"},"yoast_head":"<!-- This site is optimized with the Yoast SEO plugin v27.5 - https:\/\/yoast.com\/product\/yoast-seo-wordpress\/ -->\n<title>\u201cY\u00fcce Rabbimiz Ayasofya&#039;n\u0131n a\u00e7\u0131l\u0131\u015f\u0131n\u0131 mazlum y\u00fcreklerin \u00f6zg\u00fcrl\u00fc\u011f\u00fcne vesile eylesin\u201d<\/title>\n<meta name=\"description\" content=\"Diyanet \u0130\u015fleri Ba\u015fkan\u0131 ve T\u00fcrkiye Diyanet Vakf\u0131 M\u00fctevelli Heyeti Ba\u015fkan\u0131 Prof. Dr. Ali Erba\u015f, Ayasofya-i Kebir Cami-i \u015eerifi\u2019nin 86 y\u0131l aradan sonra tekrar ibadete a\u00e7\u0131lmas\u0131n\u0131n be\u015finci y\u0131l d\u00f6n\u00fcm\u00fcnde sosyal medyadan yapt\u0131\u011f\u0131 payla\u015f\u0131m\u0131nda, \u201cY\u00fcce Rabbimiz bu kutlu g\u00fcn\u00fc ba\u015fta Mescid-i Aksa olmak \u00fczere, yery\u00fcz\u00fcndeki t\u00fcm mahzun mescidlerin ve mazlum y\u00fcreklerin \u00f6zg\u00fcrl\u00fc\u011f\u00fcne vesile eylesin.\u201d dedi.\" \/>\n<meta name=\"robots\" content=\"index, follow, max-snippet:-1, max-image-preview:large, max-video-preview:-1\" \/>\n<link rel=\"canonical\" href=\"https:\/\/tdv.org\/tr-TR\/yuce-rabbimiz-ayasofyanin-acilisini-mazlum-yureklerin-ozgurlugune-vesile-eylesin\/\" \/>\n<meta property=\"og:locale\" content=\"tr_TR\" \/>\n<meta property=\"og:type\" content=\"article\" \/>\n<meta property=\"og:title\" content=\"\u201cY\u00fcce Rabbimiz Ayasofya&#039;n\u0131n a\u00e7\u0131l\u0131\u015f\u0131n\u0131 mazlum y\u00fcreklerin \u00f6zg\u00fcrl\u00fc\u011f\u00fcne vesile eylesin\u201d\" \/>\n<meta property=\"og:description\" content=\"Diyanet \u0130\u015fleri Ba\u015fkan\u0131 ve T\u00fcrkiye Diyanet Vakf\u0131 M\u00fctevelli Heyeti Ba\u015fkan\u0131 Prof. Dr. Ali Erba\u015f, Ayasofya-i Kebir Cami-i \u015eerifi\u2019nin 86 y\u0131l aradan sonra tekrar ibadete a\u00e7\u0131lmas\u0131n\u0131n be\u015finci y\u0131l d\u00f6n\u00fcm\u00fcnde sosyal medyadan yapt\u0131\u011f\u0131 payla\u015f\u0131m\u0131nda, \u201cY\u00fcce Rabbimiz bu kutlu g\u00fcn\u00fc ba\u015fta Mescid-i Aksa olmak \u00fczere, yery\u00fcz\u00fcndeki t\u00fcm mahzun mescidlerin ve mazlum y\u00fcreklerin \u00f6zg\u00fcrl\u00fc\u011f\u00fcne vesile eylesin.\u201d dedi.\" \/>\n<meta property=\"og:url\" content=\"https:\/\/tdv.org\/tr-TR\/yuce-rabbimiz-ayasofyanin-acilisini-mazlum-yureklerin-ozgurlugune-vesile-eylesin\/\" \/>\n<meta property=\"og:site_name\" content=\"T\u00fcrkiye Diyanet Vakf\u0131 Resmi Web Sitesi\" \/>\n<meta property=\"article:publisher\" content=\"https:\/\/www.facebook.com\/Diyanetvakfi\/\" \/>\n<meta property=\"article:published_time\" content=\"2025-07-24T16:03:40+00:00\" \/>\n<meta property=\"og:image\" content=\"https:\/\/tdv.org\/tr-TR\/wp-content\/uploads\/2025\/07\/yuce-rabbimiz-ayasofyanin-acilisini-mazlum-yureklerin-ozgurlugune-vesile-eylesin.jpg\" \/>\n\t<meta property=\"og:image:width\" content=\"1200\" \/>\n\t<meta property=\"og:image:height\" content=\"674\" \/>\n\t<meta property=\"og:image:type\" content=\"image\/jpeg\" \/>\n<meta name=\"author\" content=\"Selim\" \/>\n<meta name=\"twitter:card\" content=\"summary_large_image\" \/>\n<meta name=\"twitter:creator\" content=\"@DiyanetVakfi\" \/>\n<meta name=\"twitter:site\" content=\"@DiyanetVakfi\" \/>\n<script type=\"application\/ld+json\" class=\"yoast-schema-graph\">{\"@context\":\"https:\\\/\\\/schema.org\",\"@graph\":[{\"@type\":\"Article\",\"@id\":\"https:\\\/\\\/tdv.org\\\/tr-TR\\\/yuce-rabbimiz-ayasofyanin-acilisini-mazlum-yureklerin-ozgurlugune-vesile-eylesin\\\/#article\",\"isPartOf\":{\"@id\":\"https:\\\/\\\/tdv.org\\\/tr-TR\\\/yuce-rabbimiz-ayasofyanin-acilisini-mazlum-yureklerin-ozgurlugune-vesile-eylesin\\\/\"},\"author\":{\"name\":\"Selim\",\"@id\":\"https:\\\/\\\/tdv.org\\\/tr-TR\\\/#\\\/schema\\\/person\\\/752b55e264a99273d55636516d96d5eb\"},\"headline\":\"\u201cY\u00fcce Rabbimiz Ayasofya&#8217;n\u0131n a\u00e7\u0131l\u0131\u015f\u0131n\u0131 mazlum y\u00fcreklerin \u00f6zg\u00fcrl\u00fc\u011f\u00fcne vesile eylesin\u201d\",\"datePublished\":\"2025-07-24T16:03:40+00:00\",\"mainEntityOfPage\":{\"@id\":\"https:\\\/\\\/tdv.org\\\/tr-TR\\\/yuce-rabbimiz-ayasofyanin-acilisini-mazlum-yureklerin-ozgurlugune-vesile-eylesin\\\/\"},\"wordCount\":201,\"publisher\":{\"@id\":\"https:\\\/\\\/tdv.org\\\/tr-TR\\\/#organization\"},\"image\":{\"@id\":\"https:\\\/\\\/tdv.org\\\/tr-TR\\\/yuce-rabbimiz-ayasofyanin-acilisini-mazlum-yureklerin-ozgurlugune-vesile-eylesin\\\/#primaryimage\"},\"thumbnailUrl\":\"https:\\\/\\\/tdv.org\\\/tr-TR\\\/wp-content\\\/uploads\\\/2025\\\/07\\\/yuce-rabbimiz-ayasofyanin-acilisini-mazlum-yureklerin-ozgurlugune-vesile-eylesin.jpg\",\"keywords\":[\"Anma Mesaj\u0131\",\"Ayasofya Cami\",\"Ayasofya-i Kebir Cami-i \u015eerifi\",\"Diyanet \u0130\u015fleri Ba\u015fkan\u0131 ve T\u00fcrkiye Diyanet Vakf\u0131 M\u00fctevelli Heyeti Ba\u015fkan\u0131 Prof. Dr. Ali Erba\u015f\"],\"articleSection\":[\"Haberler\"],\"inLanguage\":\"tr\"},{\"@type\":\"WebPage\",\"@id\":\"https:\\\/\\\/tdv.org\\\/tr-TR\\\/yuce-rabbimiz-ayasofyanin-acilisini-mazlum-yureklerin-ozgurlugune-vesile-eylesin\\\/\",\"url\":\"https:\\\/\\\/tdv.org\\\/tr-TR\\\/yuce-rabbimiz-ayasofyanin-acilisini-mazlum-yureklerin-ozgurlugune-vesile-eylesin\\\/\",\"name\":\"\u201cY\u00fcce Rabbimiz Ayasofya'n\u0131n a\u00e7\u0131l\u0131\u015f\u0131n\u0131 mazlum y\u00fcreklerin \u00f6zg\u00fcrl\u00fc\u011f\u00fcne vesile eylesin\u201d\",\"isPartOf\":{\"@id\":\"https:\\\/\\\/tdv.org\\\/tr-TR\\\/#website\"},\"primaryImageOfPage\":{\"@id\":\"https:\\\/\\\/tdv.org\\\/tr-TR\\\/yuce-rabbimiz-ayasofyanin-acilisini-mazlum-yureklerin-ozgurlugune-vesile-eylesin\\\/#primaryimage\"},\"image\":{\"@id\":\"https:\\\/\\\/tdv.org\\\/tr-TR\\\/yuce-rabbimiz-ayasofyanin-acilisini-mazlum-yureklerin-ozgurlugune-vesile-eylesin\\\/#primaryimage\"},\"thumbnailUrl\":\"https:\\\/\\\/tdv.org\\\/tr-TR\\\/wp-content\\\/uploads\\\/2025\\\/07\\\/yuce-rabbimiz-ayasofyanin-acilisini-mazlum-yureklerin-ozgurlugune-vesile-eylesin.jpg\",\"datePublished\":\"2025-07-24T16:03:40+00:00\",\"description\":\"Diyanet \u0130\u015fleri Ba\u015fkan\u0131 ve T\u00fcrkiye Diyanet Vakf\u0131 M\u00fctevelli Heyeti Ba\u015fkan\u0131 Prof. Dr. Ali Erba\u015f, Ayasofya-i Kebir Cami-i \u015eerifi\u2019nin 86 y\u0131l aradan sonra tekrar ibadete a\u00e7\u0131lmas\u0131n\u0131n be\u015finci y\u0131l d\u00f6n\u00fcm\u00fcnde sosyal medyadan yapt\u0131\u011f\u0131 payla\u015f\u0131m\u0131nda, \u201cY\u00fcce Rabbimiz bu kutlu g\u00fcn\u00fc ba\u015fta Mescid-i Aksa olmak \u00fczere, yery\u00fcz\u00fcndeki t\u00fcm mahzun mescidlerin ve mazlum y\u00fcreklerin \u00f6zg\u00fcrl\u00fc\u011f\u00fcne vesile eylesin.\u201d dedi.\",\"breadcrumb\":{\"@id\":\"https:\\\/\\\/tdv.org\\\/tr-TR\\\/yuce-rabbimiz-ayasofyanin-acilisini-mazlum-yureklerin-ozgurlugune-vesile-eylesin\\\/#breadcrumb\"},\"inLanguage\":\"tr\",\"potentialAction\":[{\"@type\":\"ReadAction\",\"target\":[\"https:\\\/\\\/tdv.org\\\/tr-TR\\\/yuce-rabbimiz-ayasofyanin-acilisini-mazlum-yureklerin-ozgurlugune-vesile-eylesin\\\/\"]}]},{\"@type\":\"ImageObject\",\"inLanguage\":\"tr\",\"@id\":\"https:\\\/\\\/tdv.org\\\/tr-TR\\\/yuce-rabbimiz-ayasofyanin-acilisini-mazlum-yureklerin-ozgurlugune-vesile-eylesin\\\/#primaryimage\",\"url\":\"https:\\\/\\\/tdv.org\\\/tr-TR\\\/wp-content\\\/uploads\\\/2025\\\/07\\\/yuce-rabbimiz-ayasofyanin-acilisini-mazlum-yureklerin-ozgurlugune-vesile-eylesin.jpg\",\"contentUrl\":\"https:\\\/\\\/tdv.org\\\/tr-TR\\\/wp-content\\\/uploads\\\/2025\\\/07\\\/yuce-rabbimiz-ayasofyanin-acilisini-mazlum-yureklerin-ozgurlugune-vesile-eylesin.jpg\",\"width\":1200,\"height\":674,\"caption\":\"Ayasofya camii, Ayasofya Vakf\u0131kebir Camii, Ayasofya Camii a\u00e7\u0131l\u0131\u015f\u0131, ali erba\u015f, prof. dr. ali erba\u015f.\"},{\"@type\":\"BreadcrumbList\",\"@id\":\"https:\\\/\\\/tdv.org\\\/tr-TR\\\/yuce-rabbimiz-ayasofyanin-acilisini-mazlum-yureklerin-ozgurlugune-vesile-eylesin\\\/#breadcrumb\",\"itemListElement\":[{\"@type\":\"ListItem\",\"position\":1,\"name\":\"Anasayfa\",\"item\":\"https:\\\/\\\/tdv.org\\\/tr-TR\\\/\"},{\"@type\":\"ListItem\",\"position\":2,\"name\":\"\u201cY\u00fcce Rabbimiz Ayasofya&#8217;n\u0131n a\u00e7\u0131l\u0131\u015f\u0131n\u0131 mazlum y\u00fcreklerin \u00f6zg\u00fcrl\u00fc\u011f\u00fcne vesile eylesin\u201d\"}]},{\"@type\":\"WebSite\",\"@id\":\"https:\\\/\\\/tdv.org\\\/tr-TR\\\/#website\",\"url\":\"https:\\\/\\\/tdv.org\\\/tr-TR\\\/\",\"name\":\"T\u00fcrkiye Diyanet Vakf\u0131 Resmi Web Sitesi\",\"description\":\"Yery\u00fcz\u00fcnde iyilik egemen oluncaya kadar\",\"publisher\":{\"@id\":\"https:\\\/\\\/tdv.org\\\/tr-TR\\\/#organization\"},\"alternateName\":\"T\u00fcrkiye Diyanet Vakf\u0131\",\"potentialAction\":[{\"@type\":\"SearchAction\",\"target\":{\"@type\":\"EntryPoint\",\"urlTemplate\":\"https:\\\/\\\/tdv.org\\\/tr-TR\\\/?s={search_term_string}\"},\"query-input\":{\"@type\":\"PropertyValueSpecification\",\"valueRequired\":true,\"valueName\":\"search_term_string\"}}],\"inLanguage\":\"tr\"},{\"@type\":\"Organization\",\"@id\":\"https:\\\/\\\/tdv.org\\\/tr-TR\\\/#organization\",\"name\":\"T\u00fcrkiye Diyanet Vakf\u0131\",\"alternateName\":\"T\u00fcrkiye Diyanet Vakf\u0131\",\"url\":\"https:\\\/\\\/tdv.org\\\/tr-TR\\\/\",\"logo\":{\"@type\":\"ImageObject\",\"inLanguage\":\"tr\",\"@id\":\"https:\\\/\\\/tdv.org\\\/tr-TR\\\/#\\\/schema\\\/logo\\\/image\\\/\",\"url\":\"https:\\\/\\\/tdv.org\\\/tr-TR\\\/wp-content\\\/uploads\\\/2018\\\/12\\\/TDV_Logo_1.png\",\"contentUrl\":\"https:\\\/\\\/tdv.org\\\/tr-TR\\\/wp-content\\\/uploads\\\/2018\\\/12\\\/TDV_Logo_1.png\",\"width\":207,\"height\":71,\"caption\":\"T\u00fcrkiye Diyanet Vakf\u0131\"},\"image\":{\"@id\":\"https:\\\/\\\/tdv.org\\\/tr-TR\\\/#\\\/schema\\\/logo\\\/image\\\/\"},\"sameAs\":[\"https:\\\/\\\/www.facebook.com\\\/Diyanetvakfi\\\/\",\"https:\\\/\\\/x.com\\\/DiyanetVakfi\",\"https:\\\/\\\/www.instagram.com\\\/turkiyediyanetvakfi\\\/\",\"https:\\\/\\\/www.youtube.com\\\/user\\\/TurkiyeDiyanetVakfi\"]},{\"@type\":\"Person\",\"@id\":\"https:\\\/\\\/tdv.org\\\/tr-TR\\\/#\\\/schema\\\/person\\\/752b55e264a99273d55636516d96d5eb\",\"name\":\"Selim\",\"image\":{\"@type\":\"ImageObject\",\"inLanguage\":\"tr\",\"@id\":\"https:\\\/\\\/tdv.org\\\/tr-TR\\\/wp-content\\\/litespeed\\\/avatar\\\/a1e47b25396e98e5b781e88a5396cd96.jpg?ver=1777287391\",\"url\":\"https:\\\/\\\/tdv.org\\\/tr-TR\\\/wp-content\\\/litespeed\\\/avatar\\\/a1e47b25396e98e5b781e88a5396cd96.jpg?ver=1777287391\",\"contentUrl\":\"https:\\\/\\\/tdv.org\\\/tr-TR\\\/wp-content\\\/litespeed\\\/avatar\\\/a1e47b25396e98e5b781e88a5396cd96.jpg?ver=1777287391\",\"caption\":\"Selim\"}}]}<\/script>\n<!-- \/ Yoast SEO plugin. -->","yoast_head_json":{"title":"\u201cY\u00fcce Rabbimiz Ayasofya'n\u0131n a\u00e7\u0131l\u0131\u015f\u0131n\u0131 mazlum y\u00fcreklerin \u00f6zg\u00fcrl\u00fc\u011f\u00fcne vesile eylesin\u201d","description":"Diyanet \u0130\u015fleri Ba\u015fkan\u0131 ve T\u00fcrkiye Diyanet Vakf\u0131 M\u00fctevelli Heyeti Ba\u015fkan\u0131 Prof. Dr. Ali Erba\u015f, Ayasofya-i Kebir Cami-i \u015eerifi\u2019nin 86 y\u0131l aradan sonra tekrar ibadete a\u00e7\u0131lmas\u0131n\u0131n be\u015finci y\u0131l d\u00f6n\u00fcm\u00fcnde sosyal medyadan yapt\u0131\u011f\u0131 payla\u015f\u0131m\u0131nda, \u201cY\u00fcce Rabbimiz bu kutlu g\u00fcn\u00fc ba\u015fta Mescid-i Aksa olmak \u00fczere, yery\u00fcz\u00fcndeki t\u00fcm mahzun mescidlerin ve mazlum y\u00fcreklerin \u00f6zg\u00fcrl\u00fc\u011f\u00fcne vesile eylesin.\u201d dedi.","robots":{"index":"index","follow":"follow","max-snippet":"max-snippet:-1","max-image-preview":"max-image-preview:large","max-video-preview":"max-video-preview:-1"},"canonical":"https:\/\/tdv.org\/tr-TR\/yuce-rabbimiz-ayasofyanin-acilisini-mazlum-yureklerin-ozgurlugune-vesile-eylesin\/","og_locale":"tr_TR","og_type":"article","og_title":"\u201cY\u00fcce Rabbimiz Ayasofya'n\u0131n a\u00e7\u0131l\u0131\u015f\u0131n\u0131 mazlum y\u00fcreklerin \u00f6zg\u00fcrl\u00fc\u011f\u00fcne vesile eylesin\u201d","og_description":"Diyanet \u0130\u015fleri Ba\u015fkan\u0131 ve T\u00fcrkiye Diyanet Vakf\u0131 M\u00fctevelli Heyeti Ba\u015fkan\u0131 Prof. Dr. Ali Erba\u015f, Ayasofya-i Kebir Cami-i \u015eerifi\u2019nin 86 y\u0131l aradan sonra tekrar ibadete a\u00e7\u0131lmas\u0131n\u0131n be\u015finci y\u0131l d\u00f6n\u00fcm\u00fcnde sosyal medyadan yapt\u0131\u011f\u0131 payla\u015f\u0131m\u0131nda, \u201cY\u00fcce Rabbimiz bu kutlu g\u00fcn\u00fc ba\u015fta Mescid-i Aksa olmak \u00fczere, yery\u00fcz\u00fcndeki t\u00fcm mahzun mescidlerin ve mazlum y\u00fcreklerin \u00f6zg\u00fcrl\u00fc\u011f\u00fcne vesile eylesin.\u201d dedi.","og_url":"https:\/\/tdv.org\/tr-TR\/yuce-rabbimiz-ayasofyanin-acilisini-mazlum-yureklerin-ozgurlugune-vesile-eylesin\/","og_site_name":"T\u00fcrkiye Diyanet Vakf\u0131 Resmi Web Sitesi","article_publisher":"https:\/\/www.facebook.com\/Diyanetvakfi\/","article_published_time":"2025-07-24T16:03:40+00:00","og_image":[{"width":1200,"height":674,"url":"https:\/\/tdv.org\/tr-TR\/wp-content\/uploads\/2025\/07\/yuce-rabbimiz-ayasofyanin-acilisini-mazlum-yureklerin-ozgurlugune-vesile-eylesin.jpg","type":"image\/jpeg"}],"author":"Selim","twitter_card":"summary_large_image","twitter_creator":"@DiyanetVakfi","twitter_site":"@DiyanetVakfi","schema":{"@context":"https:\/\/schema.org","@graph":[{"@type":"Article","@id":"https:\/\/tdv.org\/tr-TR\/yuce-rabbimiz-ayasofyanin-acilisini-mazlum-yureklerin-ozgurlugune-vesile-eylesin\/#article","isPartOf":{"@id":"https:\/\/tdv.org\/tr-TR\/yuce-rabbimiz-ayasofyanin-acilisini-mazlum-yureklerin-ozgurlugune-vesile-eylesin\/"},"author":{"name":"Selim","@id":"https:\/\/tdv.org\/tr-TR\/#\/schema\/person\/752b55e264a99273d55636516d96d5eb"},"headline":"\u201cY\u00fcce Rabbimiz Ayasofya&#8217;n\u0131n a\u00e7\u0131l\u0131\u015f\u0131n\u0131 mazlum y\u00fcreklerin \u00f6zg\u00fcrl\u00fc\u011f\u00fcne vesile eylesin\u201d","datePublished":"2025-07-24T16:03:40+00:00","mainEntityOfPage":{"@id":"https:\/\/tdv.org\/tr-TR\/yuce-rabbimiz-ayasofyanin-acilisini-mazlum-yureklerin-ozgurlugune-vesile-eylesin\/"},"wordCount":201,"publisher":{"@id":"https:\/\/tdv.org\/tr-TR\/#organization"},"image":{"@id":"https:\/\/tdv.org\/tr-TR\/yuce-rabbimiz-ayasofyanin-acilisini-mazlum-yureklerin-ozgurlugune-vesile-eylesin\/#primaryimage"},"thumbnailUrl":"https:\/\/tdv.org\/tr-TR\/wp-content\/uploads\/2025\/07\/yuce-rabbimiz-ayasofyanin-acilisini-mazlum-yureklerin-ozgurlugune-vesile-eylesin.jpg","keywords":["Anma Mesaj\u0131","Ayasofya Cami","Ayasofya-i Kebir Cami-i \u015eerifi","Diyanet \u0130\u015fleri Ba\u015fkan\u0131 ve T\u00fcrkiye Diyanet Vakf\u0131 M\u00fctevelli Heyeti Ba\u015fkan\u0131 Prof. Dr. Ali Erba\u015f"],"articleSection":["Haberler"],"inLanguage":"tr"},{"@type":"WebPage","@id":"https:\/\/tdv.org\/tr-TR\/yuce-rabbimiz-ayasofyanin-acilisini-mazlum-yureklerin-ozgurlugune-vesile-eylesin\/","url":"https:\/\/tdv.org\/tr-TR\/yuce-rabbimiz-ayasofyanin-acilisini-mazlum-yureklerin-ozgurlugune-vesile-eylesin\/","name":"\u201cY\u00fcce Rabbimiz Ayasofya'n\u0131n a\u00e7\u0131l\u0131\u015f\u0131n\u0131 mazlum y\u00fcreklerin \u00f6zg\u00fcrl\u00fc\u011f\u00fcne vesile eylesin\u201d","isPartOf":{"@id":"https:\/\/tdv.org\/tr-TR\/#website"},"primaryImageOfPage":{"@id":"https:\/\/tdv.org\/tr-TR\/yuce-rabbimiz-ayasofyanin-acilisini-mazlum-yureklerin-ozgurlugune-vesile-eylesin\/#primaryimage"},"image":{"@id":"https:\/\/tdv.org\/tr-TR\/yuce-rabbimiz-ayasofyanin-acilisini-mazlum-yureklerin-ozgurlugune-vesile-eylesin\/#primaryimage"},"thumbnailUrl":"https:\/\/tdv.org\/tr-TR\/wp-content\/uploads\/2025\/07\/yuce-rabbimiz-ayasofyanin-acilisini-mazlum-yureklerin-ozgurlugune-vesile-eylesin.jpg","datePublished":"2025-07-24T16:03:40+00:00","description":"Diyanet \u0130\u015fleri Ba\u015fkan\u0131 ve T\u00fcrkiye Diyanet Vakf\u0131 M\u00fctevelli Heyeti Ba\u015fkan\u0131 Prof. Dr. Ali Erba\u015f, Ayasofya-i Kebir Cami-i \u015eerifi\u2019nin 86 y\u0131l aradan sonra tekrar ibadete a\u00e7\u0131lmas\u0131n\u0131n be\u015finci y\u0131l d\u00f6n\u00fcm\u00fcnde sosyal medyadan yapt\u0131\u011f\u0131 payla\u015f\u0131m\u0131nda, \u201cY\u00fcce Rabbimiz bu kutlu g\u00fcn\u00fc ba\u015fta Mescid-i Aksa olmak \u00fczere, yery\u00fcz\u00fcndeki t\u00fcm mahzun mescidlerin ve mazlum y\u00fcreklerin \u00f6zg\u00fcrl\u00fc\u011f\u00fcne vesile eylesin.\u201d dedi.","breadcrumb":{"@id":"https:\/\/tdv.org\/tr-TR\/yuce-rabbimiz-ayasofyanin-acilisini-mazlum-yureklerin-ozgurlugune-vesile-eylesin\/#breadcrumb"},"inLanguage":"tr","potentialAction":[{"@type":"ReadAction","target":["https:\/\/tdv.org\/tr-TR\/yuce-rabbimiz-ayasofyanin-acilisini-mazlum-yureklerin-ozgurlugune-vesile-eylesin\/"]}]},{"@type":"ImageObject","inLanguage":"tr","@id":"https:\/\/tdv.org\/tr-TR\/yuce-rabbimiz-ayasofyanin-acilisini-mazlum-yureklerin-ozgurlugune-vesile-eylesin\/#primaryimage","url":"https:\/\/tdv.org\/tr-TR\/wp-content\/uploads\/2025\/07\/yuce-rabbimiz-ayasofyanin-acilisini-mazlum-yureklerin-ozgurlugune-vesile-eylesin.jpg","contentUrl":"https:\/\/tdv.org\/tr-TR\/wp-content\/uploads\/2025\/07\/yuce-rabbimiz-ayasofyanin-acilisini-mazlum-yureklerin-ozgurlugune-vesile-eylesin.jpg","width":1200,"height":674,"caption":"Ayasofya camii, Ayasofya Vakf\u0131kebir Camii, Ayasofya Camii a\u00e7\u0131l\u0131\u015f\u0131, ali erba\u015f, prof. dr. ali erba\u015f."},{"@type":"BreadcrumbList","@id":"https:\/\/tdv.org\/tr-TR\/yuce-rabbimiz-ayasofyanin-acilisini-mazlum-yureklerin-ozgurlugune-vesile-eylesin\/#breadcrumb","itemListElement":[{"@type":"ListItem","position":1,"name":"Anasayfa","item":"https:\/\/tdv.org\/tr-TR\/"},{"@type":"ListItem","position":2,"name":"\u201cY\u00fcce Rabbimiz Ayasofya&#8217;n\u0131n a\u00e7\u0131l\u0131\u015f\u0131n\u0131 mazlum y\u00fcreklerin \u00f6zg\u00fcrl\u00fc\u011f\u00fcne vesile eylesin\u201d"}]},{"@type":"WebSite","@id":"https:\/\/tdv.org\/tr-TR\/#website","url":"https:\/\/tdv.org\/tr-TR\/","name":"T\u00fcrkiye Diyanet Vakf\u0131 Resmi Web Sitesi","description":"Yery\u00fcz\u00fcnde iyilik egemen oluncaya kadar","publisher":{"@id":"https:\/\/tdv.org\/tr-TR\/#organization"},"alternateName":"T\u00fcrkiye Diyanet Vakf\u0131","potentialAction":[{"@type":"SearchAction","target":{"@type":"EntryPoint","urlTemplate":"https:\/\/tdv.org\/tr-TR\/?s={search_term_string}"},"query-input":{"@type":"PropertyValueSpecification","valueRequired":true,"valueName":"search_term_string"}}],"inLanguage":"tr"},{"@type":"Organization","@id":"https:\/\/tdv.org\/tr-TR\/#organization","name":"T\u00fcrkiye Diyanet Vakf\u0131","alternateName":"T\u00fcrkiye Diyanet Vakf\u0131","url":"https:\/\/tdv.org\/tr-TR\/","logo":{"@type":"ImageObject","inLanguage":"tr","@id":"https:\/\/tdv.org\/tr-TR\/#\/schema\/logo\/image\/","url":"https:\/\/tdv.org\/tr-TR\/wp-content\/uploads\/2018\/12\/TDV_Logo_1.png","contentUrl":"https:\/\/tdv.org\/tr-TR\/wp-content\/uploads\/2018\/12\/TDV_Logo_1.png","width":207,"height":71,"caption":"T\u00fcrkiye Diyanet Vakf\u0131"},"image":{"@id":"https:\/\/tdv.org\/tr-TR\/#\/schema\/logo\/image\/"},"sameAs":["https:\/\/www.facebook.com\/Diyanetvakfi\/","https:\/\/x.com\/DiyanetVakfi","https:\/\/www.instagram.com\/turkiyediyanetvakfi\/","https:\/\/www.youtube.com\/user\/TurkiyeDiyanetVakfi"]},{"@type":"Person","@id":"https:\/\/tdv.org\/tr-TR\/#\/schema\/person\/752b55e264a99273d55636516d96d5eb","name":"Selim","image":{"@type":"ImageObject","inLanguage":"tr","@id":"https:\/\/tdv.org\/tr-TR\/wp-content\/litespeed\/avatar\/a1e47b25396e98e5b781e88a5396cd96.jpg?ver=1777287391","url":"https:\/\/tdv.org\/tr-TR\/wp-content\/litespeed\/avatar\/a1e47b25396e98e5b781e88a5396cd96.jpg?ver=1777287391","contentUrl":"https:\/\/tdv.org\/tr-TR\/wp-content\/litespeed\/avatar\/a1e47b25396e98e5b781e88a5396cd96.jpg?ver=1777287391","caption":"Selim"}}]}},"_links":{"self":[{"href":"https:\/\/tdv.org\/tr-TR\/wp-json\/wp\/v2\/posts\/52179","targetHints":{"allow":["GET"]}}],"collection":[{"href":"https:\/\/tdv.org\/tr-TR\/wp-json\/wp\/v2\/posts"}],"about":[{"href":"https:\/\/tdv.org\/tr-TR\/wp-json\/wp\/v2\/types\/post"}],"author":[{"embeddable":true,"href":"https:\/\/tdv.org\/tr-TR\/wp-json\/wp\/v2\/users\/8"}],"replies":[{"embeddable":true,"href":"https:\/\/tdv.org\/tr-TR\/wp-json\/wp\/v2\/comments?post=52179"}],"version-history":[{"count":3,"href":"https:\/\/tdv.org\/tr-TR\/wp-json\/wp\/v2\/posts\/52179\/revisions"}],"predecessor-version":[{"id":52183,"href":"https:\/\/tdv.org\/tr-TR\/wp-json\/wp\/v2\/posts\/52179\/revisions\/52183"}],"wp:featuredmedia":[{"embeddable":true,"href":"https:\/\/tdv.org\/tr-TR\/wp-json\/wp\/v2\/media\/52180"}],"wp:attachment":[{"href":"https:\/\/tdv.org\/tr-TR\/wp-json\/wp\/v2\/media?parent=52179"}],"wp:term":[{"taxonomy":"category","embeddable":true,"href":"https:\/\/tdv.org\/tr-TR\/wp-json\/wp\/v2\/categories?post=52179"},{"taxonomy":"post_tag","embeddable":true,"href":"https:\/\/tdv.org\/tr-TR\/wp-json\/wp\/v2\/tags?post=52179"}],"curies":[{"name":"wp","href":"https:\/\/api.w.org\/{rel}","templated":true}]}}