{"id":52282,"date":"2025-08-10T08:09:14","date_gmt":"2025-08-10T05:09:14","guid":{"rendered":"https:\/\/tdv.org\/tr-TR\/?p=52282"},"modified":"2025-08-10T08:09:14","modified_gmt":"2025-08-10T05:09:14","slug":"diyanet-isleri-baskani-erbastan-ayasofya-meydaninda-gazze-duasi","status":"publish","type":"post","link":"https:\/\/tdv.org\/tr-TR\/diyanet-isleri-baskani-erbastan-ayasofya-meydaninda-gazze-duasi\/","title":{"rendered":"Diyanet \u0130\u015fleri Ba\u015fkan\u0131 Erba\u015f\u2019tan Ayasofya Meydan\u0131\u2019nda Gazze duas\u0131"},"content":{"rendered":"[vc_row type=&#8221;in_container&#8221; full_screen_row_position=&#8221;middle&#8221; scene_position=&#8221;center&#8221; text_color=&#8221;dark&#8221; text_align=&#8221;left&#8221; overlay_strength=&#8221;0.3&#8243; shape_divider_position=&#8221;bottom&#8221; bg_image_animation=&#8221;none&#8221;][vc_column column_padding=&#8221;no-extra-padding&#8221; column_padding_position=&#8221;all&#8221; background_color_opacity=&#8221;1&#8243; background_hover_color_opacity=&#8221;1&#8243; column_link_target=&#8221;_self&#8221; column_shadow=&#8221;none&#8221; column_border_radius=&#8221;none&#8221; width=&#8221;1\/1&#8243; tablet_width_inherit=&#8221;default&#8221; tablet_text_alignment=&#8221;default&#8221; phone_text_alignment=&#8221;default&#8221; column_border_width=&#8221;none&#8221; column_border_style=&#8221;solid&#8221; bg_image_animation=&#8221;none&#8221;][vc_column_text]\n<p class=\"text-justify\" style=\"text-align: justify;\"><a href=\"https:\/\/tdv.org\/tr-TR\/kurumsal\/prof-dr-ali-erbas\/\" target=\"_blank\" rel=\"noopener\">Diyanet \u0130\u015fleri Ba\u015fkan\u0131 ve T\u00fcrkiye Diyanet Vakf\u0131 M\u00fctevelli Heyeti Ba\u015fkan\u0131 Prof. Dr. Ali Erba\u015f,<\/a>\u00a0Filistin\u2019e Destek Platformu taraf\u0131ndan \u0130stanbul\u2019da \u201c<a href=\"https:\/\/bagis.tdv.org\/kriz-bolgeleri\/filistin-6\" target=\"_blank\" rel=\"noopener\">Gazze<\/a>\u2019ye Umut I\u015f\u0131\u011f\u0131 Ol\u201d slogan\u0131yla d\u00fczenlenen y\u00fcr\u00fcy\u00fc\u015f program\u0131na kat\u0131ld\u0131.<\/p>\n<div>\n<p style=\"text-align: justify;\">Diyanet \u0130\u015fleri Ba\u015fkan\u0131 Prof. Dr. Ali Erba\u015f, Filistin\u2019e Destek Platformu taraf\u0131ndan \u0130srail&#8217;in Gazze&#8217;de s\u00fcrd\u00fcrd\u00fc\u011f\u00fc sald\u0131r\u0131lara ve ablukaya kar\u015f\u0131 d\u00fcnya kamuoyunun dikkatini \u00e7ekmek amac\u0131yla &#8220;<a href=\"https:\/\/bagis.tdv.org\/kriz-bolgeleri\/filistin-6\" target=\"_blank\" rel=\"noopener\">Gazze<\/a>&#8216;ye Umut Ol&#8221; slogan\u0131yla \u0130stanbul\u2019da d\u00fczenledi\u011fi y\u00fcr\u00fcy\u00fc\u015f program\u0131na i\u015ftirak etti.<\/p>\n<p style=\"text-align: justify;\">Ba\u015fkan Erba\u015f, Beyaz\u0131t Camii&#8217;nde k\u0131l\u0131nan Ak\u015fam namaz\u0131n\u0131n ard\u0131ndan binlerce vatanda\u015f ile birlikte buradan Ayasofya Meydan\u0131\u2019na hareket etti.<\/p>\n<p style=\"text-align: justify;\"><strong>Ba\u015fkan Erba\u015f, dua etti<\/strong><\/p>\n<p style=\"text-align: justify;\">Y\u00fcr\u00fcy\u00fc\u015f\u00fcn ard\u0131ndan Ayasofya Meydan\u0131\u2019nda dua eden Ba\u015fkan Erba\u015f, \u015fu niyazda bulundu:<\/p>\n<p style=\"text-align: justify;\">\u201cEy yerlerin, g\u00f6klerin ve b\u00fct\u00fcn kainat\u0131n yoktan var edicisi! Ey istedi\u011fini istedi\u011fine veren, istedi\u011fi zaman yegane almak g\u00fcc\u00fcn\u00fcn sahibi olan Y\u00fcce Mevlam\u0131z! \u015eu anda, \u015furada, \u015fu b\u00fcy\u00fck meydanda ellerini Senin r\u0131zan i\u00e7in kald\u0131rm\u0131\u015f, dualar\u0131m\u0131za \u2018amin\u2019 diyen \u015furadaki m\u00fcmin kullar\u0131n\u0131n dualar\u0131n\u0131 kabul eyle Ya Rabbi.<\/p>\n<p style=\"text-align: justify;\">Okumu\u015f oldu\u011fumuz Kur&#8217;an-\u0131 Kerim&#8217;den has\u0131l olan sevab\u0131, evvelen bizzat, h\u00fclasa-i kainat, iki cihan serveri, sevgili Peygamberimiz Hz. Muhammed Mustafa (s.a.s) Efendimizin m\u00fcbarek, m\u00fcnevver, mutahhar, aziz ruh-u tayyibelerine hediye eyledik, Sen vas\u0131l eyle Allah&#8217;\u0131m.<\/p>\n<p style=\"text-align: justify;\">\u0130lahi Ya Rabbi! Has\u0131l olan sevab\u0131; <a href=\"https:\/\/bagis.tdv.org\/kriz-bolgeleri\/filistin-6\" target=\"_blank\" rel=\"noopener\">Gazze<\/a>&#8216;de, <a href=\"https:\/\/bagis.tdv.org\/kriz-bolgeleri\/filistin-6\" target=\"_blank\" rel=\"noopener\">Filistin<\/a>&#8216;de evlerini, yurtlar\u0131n\u0131, yuvalar\u0131n\u0131 korumak i\u00e7in zalim siyonistlerin zulm\u00fc alt\u0131nda inleyerek can veren c\u00fcmle \u015fehitlerimizin ruhlar\u0131na hediye eyledik, kabul eyle. Bu m\u00fccadelesinde gazi olan, yaralanan b\u00fct\u00fcn karde\u015flerimize, b\u00fct\u00fcn gazilerimize \u015fifalar ihsan eyle Ya Rabbi.<\/p>\n<p style=\"text-align: justify;\">\u0130lahi Ya Rabbi! Filistin&#8217;de, <a href=\"https:\/\/bagis.tdv.org\/kriz-bolgeleri\/filistin-6\" target=\"_blank\" rel=\"noopener\">Gazze<\/a>&#8216;de, vatan m\u00fccadelesi i\u00e7in cihat eden b\u00fct\u00fcn m\u00fccahit karde\u015flerimize yard\u0131m eyle.<\/p>\n<p style=\"text-align: justify;\">\u0130lahi Ya Rabbi! B\u00fct\u00fcn M\u00fcsl\u00fcmanlar ve \u0130slam alemi olarak, <a href=\"https:\/\/bagis.tdv.org\/kriz-bolgeleri\/filistin-6\" target=\"_blank\" rel=\"noopener\">Gazzeli karde\u015flerim<\/a>izin yan\u0131nda g\u00fc\u00e7lerimizi birle\u015ftirerek zalim siyonistlere kar\u015f\u0131 koymay\u0131, mazlum <a href=\"https:\/\/bagis.tdv.org\/kriz-bolgeleri\/filistin-6\" target=\"_blank\" rel=\"noopener\">Gazzeli karde\u015flerimiz<\/a>in zafere ula\u015fmas\u0131n\u0131 nasip eyle.<\/p>\n<p style=\"text-align: justify;\">\u0130lahi Ya Rabbi! D\u00fcnyan\u0131n \u00e7e\u015fitli yerlerinde, gerek M\u00fcsl\u00fcman gerek gayrim\u00fcslim olsun, vicdanl\u0131 insanlar <a href=\"https:\/\/bagis.tdv.org\/kriz-bolgeleri\/filistin-6\" target=\"_blank\" rel=\"noopener\">Gazze<\/a>&#8216;deki karde\u015flerimizin yan\u0131nda yer almak i\u00e7in, d\u00fcnyay\u0131 aya\u011fa kald\u0131rmak i\u00e7in m\u00fccadele ediyorlar. Onlar\u0131n hepsini, her t\u00fcrl\u00fc kazalardan, belalardan muhafaza eyle. Hidayetinle, rahmetinle, merhametinle onlara muamele eyle Ya Rabbi!<\/p>\n<p style=\"text-align: justify;\">\u0130lahi Ya Rabbi! Sen her zaman mazlumlar\u0131n duas\u0131n\u0131 kabul edersin. Mazlumlar i\u00e7in yapm\u0131\u015f oldu\u011fumuz duay\u0131, \u0130lahi Ya Rabbi, Arafat&#8217;ta yapm\u0131\u015f oldu\u011fumuz dualarla birlikte kabul eyle. Kabe-i Muazzama&#8217;da, Ravza-i Mutahhara&#8217;da yap\u0131l\u0131p da kabul olan dualar\u0131n z\u00fcmresine ilhak eyle Ya Rabbi!<\/p>\n<p style=\"text-align: justify;\">\u0130lahi Ya Rabbi! D\u00fcnyada Ebu Cehillerin, Ebu Leheblerin torunlar\u0131 kol geziyor. Onlar bitmedi, adeta k\u0131talar dola\u015f\u0131yor. Onlar\u0131 \u2018Kahhar\u2019 isminin tecellisiyle kahru peri\u015fan eyle Ya Rabbi!<\/p>\n<p style=\"text-align: justify;\">\u0130lahi Ya Rabbi! Zalimleri zalimlere musallet eyle ve mazlumlar i\u00e7in kurmu\u015f olduklar\u0131 hile, desise ve tuzaklar\u0131 kendi ba\u015flar\u0131na makus eyle.<\/p>\n<p style=\"text-align: justify;\">\u0130lahi Ya Rabbi! Sen buyuruyorsun ki; \u2018Onlar tuzak kurarlar, onlar plan yaparlar ama Allah onlar\u0131n plan\u0131n\u0131, tuzaklar\u0131n\u0131 bozar.\u2019 Onlar\u0131n tuzaklar\u0131n\u0131 kendi ba\u015flar\u0131na makus eyle Ya Rabbi!<\/p>\n<p style=\"text-align: justify;\">\u0130lahi Ya Rabbi! <a href=\"https:\/\/bagis.tdv.org\/kriz-bolgeleri\/filistin-6\" target=\"_blank\" rel=\"noopener\">Gazze<\/a>&#8216;ye, <a href=\"https:\/\/bagis.tdv.org\/kriz-bolgeleri\/filistin-6\" target=\"_blank\" rel=\"noopener\">Filistin<\/a>&#8216;e duyars\u0131z olan \u0130slam aleminde nice M\u00fcsl\u00fcmanlar var. Onlar i\u00e7in dua ediyoruz, dualar\u0131m\u0131z\u0131 kabul eyle! O gafil M\u00fcsl\u00fcmanlar\u0131 uyand\u0131r ve Gazzeli mazlum karde\u015flerimizin yan\u0131nda g\u00fc\u00e7 birli\u011fi yapmalar\u0131n\u0131 nasip eyle Ya Rabbi!<\/p>\n<p style=\"text-align: justify;\">\u0130lahi Ya Rabbi! Bizler ordumuza \u2018Peygamber oca\u011f\u0131\u2019 diyoruz. G\u00fcvenlik g\u00fc\u00e7lerimiz her biri Peygamber oca\u011f\u0131n\u0131n birer mensubu Ya Rabbi! Kahraman ordumuzu, g\u00fcvenlik g\u00fc\u00e7lerimizi s\u0131n\u0131rlar\u0131m\u0131z\u0131n i\u00e7inde ve \u00f6tesinde yapm\u0131\u015f olduklar\u0131 kahraman m\u00fccadelelerinde; karada, havada, denizde her zaman ve her yerde mansur ve muzaffer eyle Ya Rabbi!<\/p>\n<p style=\"text-align: justify;\">Bedir&#8217;den Uhud&#8217;a, Hendek&#8217;ten Malazgirt&#8217;e, \u00c7anakkale&#8217;den milli m\u00fccadeleye, 15 Temmuz&#8217;dan g\u00fcn\u00fcm\u00fcze vatan, millet, ezan, bayrak ve namusumuz i\u00e7in m\u00fccadele ederken feda-i can eden b\u00fct\u00fcn \u015fehitlere rahmet eyle, gazilerimize acil \u015fifalar nasip eyle Ya Rabbi!<\/p>\n<p style=\"text-align: justify;\">Gazzeli karde\u015flerimiz i\u00e7in \u015fu meydanda topland\u0131\u011f\u0131m\u0131z gibi mah\u015fer g\u00fcn\u00fc sevgili Peygamberimiz Hz. Muhammed Mustafa (s.a.s) Efendimizin Liva-\u00fcl Hamd isimli sanca\u011f\u0131 alt\u0131nda c\u00fcmlemizi ha\u015fr-u cem eyle Ya Rabbi!<\/p>\n<p style=\"text-align: justify;\">\u0130lahi Ya Rabbi! Ayasofya&#8217;n\u0131n ve Sultanahmet Camii&#8217;nin minarelerinden y\u00fckselen ezanlar h\u00fcrmetine, \u015furadaki karde\u015flerimizin yapm\u0131\u015f oldu\u011fu dualar\u0131n\u0131, aminlerini kabul-\u00fc kerim eyle Ya Rabbi!\u201d<\/p>\n<p style=\"text-align: justify;\">Programda, Filistinli bir k\u0131z \u00f6\u011frenci de \u015fair Mehmet Akif \u0130nan&#8217;\u0131n &#8220;<a href=\"https:\/\/bagis.tdv.org\/kriz-bolgeleri\/filistin-6\" target=\"_blank\" rel=\"noopener\">Mescid-i Aksa<\/a>&#8216;y\u0131 g\u00f6rd\u00fcm d\u00fc\u015f\u00fcmde&#8221; \u015fiirini okudu.<\/p>\n<p style=\"text-align: justify;\">Y\u00fcr\u00fcy\u00fc\u015fe, \u0130stanbul Valisi Davut G\u00fcl, Baykar Y\u00f6netim Kurulu Ba\u015fkan\u0131 Sel\u00e7uk Bayraktar, \u0130lim Yayma Vakf\u0131 M\u00fctevelli Heyeti Ba\u015fkan\u0131 Bilal Erdo\u011fan, T\u00fcrkiye Gen\u00e7lik Vakf\u0131 (T\u00dcGVA) Genel Ba\u015fkan\u0131 \u0130brahim Be\u015finci, Filistin\u2019e Destek Platformu D\u00f6nem Ba\u015fkan\u0131 Mehmet G\u00fcney ve \u00e7ok say\u0131da vatanda\u015f kat\u0131ld\u0131.<\/p>\n<p style=\"text-align: justify;\">Ba\u015fkan Erba\u015f, program\u0131n ard\u0131ndan Ayasofya-i Kebir Cami-i \u015eerifi\u2019nde yats\u0131 namaz\u0131n\u0131 k\u0131ld\u0131rd\u0131, ard\u0131ndan Kur\u2019an-\u0131 Kerim tilavet etti.<\/p>\n<p>&nbsp;<\/p>\n<\/div>\n[\/vc_column_text][divider line_type=&#8221;No Line&#8221; custom_height=&#8221;30&#8243;][vc_column_text]\n\n\t\t<style type=\"text\/css\">\n\t\t\t#gallery-1 {\n\t\t\t\tmargin: auto;\n\t\t\t}\n\t\t\t#gallery-1 .gallery-item {\n\t\t\t\tfloat: left;\n\t\t\t\tmargin-top: 10px;\n\t\t\t\ttext-align: center;\n\t\t\t\twidth: 33%;\n\t\t\t}\n\t\t\t#gallery-1 img {\n\t\t\t\tborder: 2px solid #cfcfcf;\n\t\t\t}\n\t\t\t#gallery-1 .gallery-caption {\n\t\t\t\tmargin-left: 0;\n\t\t\t}\n\t\t\t\/* see gallery_shortcode() in wp-includes\/media.php *\/\n\t\t<\/style>\n\t\t<div id='gallery-1' class='gallery galleryid-52282 gallery-columns-3 gallery-size-full'><dl class='gallery-item'>\n\t\t\t<dt class='gallery-icon landscape'>\n\t\t\t\t<a href='https:\/\/tdv.org\/tr-TR\/wp-content\/uploads\/2025\/08\/diyanet-isleri-baskani-erbastan-ayasofya-meydaninda-gazze-duasi-9.jpg'><img decoding=\"async\" width=\"1152\" height=\"768\" src=\"https:\/\/tdv.org\/tr-TR\/wp-content\/uploads\/2025\/08\/diyanet-isleri-baskani-erbastan-ayasofya-meydaninda-gazze-duasi-9.jpg\" class=\"attachment-full size-full\" alt=\"gazze ,Filistin ,T\u00fcrkiye Diyanet Vakf\u0131 Filistin, ali erba\u015f , dua\" srcset=\"https:\/\/tdv.org\/tr-TR\/wp-content\/uploads\/2025\/08\/diyanet-isleri-baskani-erbastan-ayasofya-meydaninda-gazze-duasi-9.jpg 1152w, https:\/\/tdv.org\/tr-TR\/wp-content\/uploads\/2025\/08\/diyanet-isleri-baskani-erbastan-ayasofya-meydaninda-gazze-duasi-9-300x200.jpg 300w, https:\/\/tdv.org\/tr-TR\/wp-content\/uploads\/2025\/08\/diyanet-isleri-baskani-erbastan-ayasofya-meydaninda-gazze-duasi-9-1024x683.jpg 1024w, https:\/\/tdv.org\/tr-TR\/wp-content\/uploads\/2025\/08\/diyanet-isleri-baskani-erbastan-ayasofya-meydaninda-gazze-duasi-9-768x512.jpg 768w, https:\/\/tdv.org\/tr-TR\/wp-content\/uploads\/2025\/08\/diyanet-isleri-baskani-erbastan-ayasofya-meydaninda-gazze-duasi-9-900x600.jpg 900w\" sizes=\"(max-width: 1152px) 100vw, 1152px\" \/><\/a>\n\t\t\t<\/dt><\/dl><dl class='gallery-item'>\n\t\t\t<dt class='gallery-icon landscape'>\n\t\t\t\t<a href='https:\/\/tdv.org\/tr-TR\/wp-content\/uploads\/2025\/08\/diyanet-isleri-baskani-erbastan-ayasofya-meydaninda-gazze-duasi-10.jpg'><img decoding=\"async\" width=\"1152\" height=\"768\" src=\"https:\/\/tdv.org\/tr-TR\/wp-content\/uploads\/2025\/08\/diyanet-isleri-baskani-erbastan-ayasofya-meydaninda-gazze-duasi-10.jpg\" class=\"attachment-full size-full\" alt=\"gazze ,Filistin ,T\u00fcrkiye Diyanet Vakf\u0131 Filistin, ali erba\u015f , dua\" srcset=\"https:\/\/tdv.org\/tr-TR\/wp-content\/uploads\/2025\/08\/diyanet-isleri-baskani-erbastan-ayasofya-meydaninda-gazze-duasi-10.jpg 1152w, https:\/\/tdv.org\/tr-TR\/wp-content\/uploads\/2025\/08\/diyanet-isleri-baskani-erbastan-ayasofya-meydaninda-gazze-duasi-10-300x200.jpg 300w, https:\/\/tdv.org\/tr-TR\/wp-content\/uploads\/2025\/08\/diyanet-isleri-baskani-erbastan-ayasofya-meydaninda-gazze-duasi-10-1024x683.jpg 1024w, https:\/\/tdv.org\/tr-TR\/wp-content\/uploads\/2025\/08\/diyanet-isleri-baskani-erbastan-ayasofya-meydaninda-gazze-duasi-10-768x512.jpg 768w, https:\/\/tdv.org\/tr-TR\/wp-content\/uploads\/2025\/08\/diyanet-isleri-baskani-erbastan-ayasofya-meydaninda-gazze-duasi-10-900x600.jpg 900w\" sizes=\"(max-width: 1152px) 100vw, 1152px\" \/><\/a>\n\t\t\t<\/dt><\/dl><dl class='gallery-item'>\n\t\t\t<dt class='gallery-icon landscape'>\n\t\t\t\t<a href='https:\/\/tdv.org\/tr-TR\/wp-content\/uploads\/2025\/08\/diyanet-isleri-baskani-erbastan-ayasofya-meydaninda-gazze-duasi-1.jpg'><img decoding=\"async\" width=\"1152\" height=\"768\" src=\"https:\/\/tdv.org\/tr-TR\/wp-content\/uploads\/2025\/08\/diyanet-isleri-baskani-erbastan-ayasofya-meydaninda-gazze-duasi-1.jpg\" class=\"attachment-full size-full\" alt=\"gazze ,Filistin ,T\u00fcrkiye Diyanet Vakf\u0131 Filistin, ali erba\u015f , dua\" srcset=\"https:\/\/tdv.org\/tr-TR\/wp-content\/uploads\/2025\/08\/diyanet-isleri-baskani-erbastan-ayasofya-meydaninda-gazze-duasi-1.jpg 1152w, https:\/\/tdv.org\/tr-TR\/wp-content\/uploads\/2025\/08\/diyanet-isleri-baskani-erbastan-ayasofya-meydaninda-gazze-duasi-1-300x200.jpg 300w, https:\/\/tdv.org\/tr-TR\/wp-content\/uploads\/2025\/08\/diyanet-isleri-baskani-erbastan-ayasofya-meydaninda-gazze-duasi-1-1024x683.jpg 1024w, https:\/\/tdv.org\/tr-TR\/wp-content\/uploads\/2025\/08\/diyanet-isleri-baskani-erbastan-ayasofya-meydaninda-gazze-duasi-1-768x512.jpg 768w, https:\/\/tdv.org\/tr-TR\/wp-content\/uploads\/2025\/08\/diyanet-isleri-baskani-erbastan-ayasofya-meydaninda-gazze-duasi-1-900x600.jpg 900w\" sizes=\"(max-width: 1152px) 100vw, 1152px\" \/><\/a>\n\t\t\t<\/dt><\/dl><br style=\"clear: both\" \/><dl class='gallery-item'>\n\t\t\t<dt class='gallery-icon landscape'>\n\t\t\t\t<a href='https:\/\/tdv.org\/tr-TR\/wp-content\/uploads\/2025\/08\/diyanet-isleri-baskani-erbastan-ayasofya-meydaninda-gazze-duasi-2.jpg'><img decoding=\"async\" width=\"1152\" height=\"768\" src=\"https:\/\/tdv.org\/tr-TR\/wp-content\/uploads\/2025\/08\/diyanet-isleri-baskani-erbastan-ayasofya-meydaninda-gazze-duasi-2.jpg\" class=\"attachment-full size-full\" alt=\"gazze ,Filistin ,T\u00fcrkiye Diyanet Vakf\u0131 Filistin, ali erba\u015f , dua\" srcset=\"https:\/\/tdv.org\/tr-TR\/wp-content\/uploads\/2025\/08\/diyanet-isleri-baskani-erbastan-ayasofya-meydaninda-gazze-duasi-2.jpg 1152w, https:\/\/tdv.org\/tr-TR\/wp-content\/uploads\/2025\/08\/diyanet-isleri-baskani-erbastan-ayasofya-meydaninda-gazze-duasi-2-300x200.jpg 300w, https:\/\/tdv.org\/tr-TR\/wp-content\/uploads\/2025\/08\/diyanet-isleri-baskani-erbastan-ayasofya-meydaninda-gazze-duasi-2-1024x683.jpg 1024w, https:\/\/tdv.org\/tr-TR\/wp-content\/uploads\/2025\/08\/diyanet-isleri-baskani-erbastan-ayasofya-meydaninda-gazze-duasi-2-768x512.jpg 768w, https:\/\/tdv.org\/tr-TR\/wp-content\/uploads\/2025\/08\/diyanet-isleri-baskani-erbastan-ayasofya-meydaninda-gazze-duasi-2-900x600.jpg 900w\" sizes=\"(max-width: 1152px) 100vw, 1152px\" \/><\/a>\n\t\t\t<\/dt><\/dl><dl class='gallery-item'>\n\t\t\t<dt class='gallery-icon landscape'>\n\t\t\t\t<a href='https:\/\/tdv.org\/tr-TR\/wp-content\/uploads\/2025\/08\/diyanet-isleri-baskani-erbastan-ayasofya-meydaninda-gazze-duasi-3.jpg'><img decoding=\"async\" width=\"1152\" height=\"768\" src=\"https:\/\/tdv.org\/tr-TR\/wp-content\/uploads\/2025\/08\/diyanet-isleri-baskani-erbastan-ayasofya-meydaninda-gazze-duasi-3.jpg\" class=\"attachment-full size-full\" alt=\"gazze ,Filistin ,T\u00fcrkiye Diyanet Vakf\u0131 Filistin, ali erba\u015f , dua\" srcset=\"https:\/\/tdv.org\/tr-TR\/wp-content\/uploads\/2025\/08\/diyanet-isleri-baskani-erbastan-ayasofya-meydaninda-gazze-duasi-3.jpg 1152w, https:\/\/tdv.org\/tr-TR\/wp-content\/uploads\/2025\/08\/diyanet-isleri-baskani-erbastan-ayasofya-meydaninda-gazze-duasi-3-300x200.jpg 300w, https:\/\/tdv.org\/tr-TR\/wp-content\/uploads\/2025\/08\/diyanet-isleri-baskani-erbastan-ayasofya-meydaninda-gazze-duasi-3-1024x683.jpg 1024w, https:\/\/tdv.org\/tr-TR\/wp-content\/uploads\/2025\/08\/diyanet-isleri-baskani-erbastan-ayasofya-meydaninda-gazze-duasi-3-768x512.jpg 768w, https:\/\/tdv.org\/tr-TR\/wp-content\/uploads\/2025\/08\/diyanet-isleri-baskani-erbastan-ayasofya-meydaninda-gazze-duasi-3-900x600.jpg 900w\" sizes=\"(max-width: 1152px) 100vw, 1152px\" \/><\/a>\n\t\t\t<\/dt><\/dl><dl class='gallery-item'>\n\t\t\t<dt class='gallery-icon landscape'>\n\t\t\t\t<a href='https:\/\/tdv.org\/tr-TR\/wp-content\/uploads\/2025\/08\/diyanet-isleri-baskani-erbastan-ayasofya-meydaninda-gazze-duasi-4.jpg'><img decoding=\"async\" width=\"1152\" height=\"768\" src=\"https:\/\/tdv.org\/tr-TR\/wp-content\/uploads\/2025\/08\/diyanet-isleri-baskani-erbastan-ayasofya-meydaninda-gazze-duasi-4.jpg\" class=\"attachment-full size-full\" alt=\"gazze ,Filistin ,T\u00fcrkiye Diyanet Vakf\u0131 Filistin, ali erba\u015f , dua\" srcset=\"https:\/\/tdv.org\/tr-TR\/wp-content\/uploads\/2025\/08\/diyanet-isleri-baskani-erbastan-ayasofya-meydaninda-gazze-duasi-4.jpg 1152w, https:\/\/tdv.org\/tr-TR\/wp-content\/uploads\/2025\/08\/diyanet-isleri-baskani-erbastan-ayasofya-meydaninda-gazze-duasi-4-300x200.jpg 300w, https:\/\/tdv.org\/tr-TR\/wp-content\/uploads\/2025\/08\/diyanet-isleri-baskani-erbastan-ayasofya-meydaninda-gazze-duasi-4-1024x683.jpg 1024w, https:\/\/tdv.org\/tr-TR\/wp-content\/uploads\/2025\/08\/diyanet-isleri-baskani-erbastan-ayasofya-meydaninda-gazze-duasi-4-768x512.jpg 768w, https:\/\/tdv.org\/tr-TR\/wp-content\/uploads\/2025\/08\/diyanet-isleri-baskani-erbastan-ayasofya-meydaninda-gazze-duasi-4-900x600.jpg 900w\" sizes=\"(max-width: 1152px) 100vw, 1152px\" \/><\/a>\n\t\t\t<\/dt><\/dl><br style=\"clear: both\" \/><dl class='gallery-item'>\n\t\t\t<dt class='gallery-icon landscape'>\n\t\t\t\t<a href='https:\/\/tdv.org\/tr-TR\/wp-content\/uploads\/2025\/08\/diyanet-isleri-baskani-erbastan-ayasofya-meydaninda-gazze-duasi-5.jpg'><img decoding=\"async\" width=\"1152\" height=\"768\" src=\"https:\/\/tdv.org\/tr-TR\/wp-content\/uploads\/2025\/08\/diyanet-isleri-baskani-erbastan-ayasofya-meydaninda-gazze-duasi-5.jpg\" class=\"attachment-full size-full\" alt=\"gazze ,Filistin ,T\u00fcrkiye Diyanet Vakf\u0131 Filistin, ali erba\u015f , dua\" srcset=\"https:\/\/tdv.org\/tr-TR\/wp-content\/uploads\/2025\/08\/diyanet-isleri-baskani-erbastan-ayasofya-meydaninda-gazze-duasi-5.jpg 1152w, https:\/\/tdv.org\/tr-TR\/wp-content\/uploads\/2025\/08\/diyanet-isleri-baskani-erbastan-ayasofya-meydaninda-gazze-duasi-5-300x200.jpg 300w, https:\/\/tdv.org\/tr-TR\/wp-content\/uploads\/2025\/08\/diyanet-isleri-baskani-erbastan-ayasofya-meydaninda-gazze-duasi-5-1024x683.jpg 1024w, https:\/\/tdv.org\/tr-TR\/wp-content\/uploads\/2025\/08\/diyanet-isleri-baskani-erbastan-ayasofya-meydaninda-gazze-duasi-5-768x512.jpg 768w, https:\/\/tdv.org\/tr-TR\/wp-content\/uploads\/2025\/08\/diyanet-isleri-baskani-erbastan-ayasofya-meydaninda-gazze-duasi-5-900x600.jpg 900w\" sizes=\"(max-width: 1152px) 100vw, 1152px\" \/><\/a>\n\t\t\t<\/dt><\/dl><dl class='gallery-item'>\n\t\t\t<dt class='gallery-icon landscape'>\n\t\t\t\t<a href='https:\/\/tdv.org\/tr-TR\/wp-content\/uploads\/2025\/08\/diyanet-isleri-baskani-erbastan-ayasofya-meydaninda-gazze-duasi-6.jpg'><img decoding=\"async\" width=\"1152\" height=\"768\" src=\"https:\/\/tdv.org\/tr-TR\/wp-content\/uploads\/2025\/08\/diyanet-isleri-baskani-erbastan-ayasofya-meydaninda-gazze-duasi-6.jpg\" class=\"attachment-full size-full\" alt=\"gazze ,Filistin ,T\u00fcrkiye Diyanet Vakf\u0131 Filistin, ali erba\u015f , dua\" srcset=\"https:\/\/tdv.org\/tr-TR\/wp-content\/uploads\/2025\/08\/diyanet-isleri-baskani-erbastan-ayasofya-meydaninda-gazze-duasi-6.jpg 1152w, https:\/\/tdv.org\/tr-TR\/wp-content\/uploads\/2025\/08\/diyanet-isleri-baskani-erbastan-ayasofya-meydaninda-gazze-duasi-6-300x200.jpg 300w, https:\/\/tdv.org\/tr-TR\/wp-content\/uploads\/2025\/08\/diyanet-isleri-baskani-erbastan-ayasofya-meydaninda-gazze-duasi-6-1024x683.jpg 1024w, https:\/\/tdv.org\/tr-TR\/wp-content\/uploads\/2025\/08\/diyanet-isleri-baskani-erbastan-ayasofya-meydaninda-gazze-duasi-6-768x512.jpg 768w, https:\/\/tdv.org\/tr-TR\/wp-content\/uploads\/2025\/08\/diyanet-isleri-baskani-erbastan-ayasofya-meydaninda-gazze-duasi-6-900x600.jpg 900w\" sizes=\"(max-width: 1152px) 100vw, 1152px\" \/><\/a>\n\t\t\t<\/dt><\/dl><dl class='gallery-item'>\n\t\t\t<dt class='gallery-icon landscape'>\n\t\t\t\t<a href='https:\/\/tdv.org\/tr-TR\/wp-content\/uploads\/2025\/08\/diyanet-isleri-baskani-erbastan-ayasofya-meydaninda-gazze-duasi-7.jpg'><img decoding=\"async\" width=\"1152\" height=\"768\" src=\"https:\/\/tdv.org\/tr-TR\/wp-content\/uploads\/2025\/08\/diyanet-isleri-baskani-erbastan-ayasofya-meydaninda-gazze-duasi-7.jpg\" class=\"attachment-full size-full\" alt=\"gazze ,Filistin ,T\u00fcrkiye Diyanet Vakf\u0131 Filistin, ali erba\u015f , dua\" srcset=\"https:\/\/tdv.org\/tr-TR\/wp-content\/uploads\/2025\/08\/diyanet-isleri-baskani-erbastan-ayasofya-meydaninda-gazze-duasi-7.jpg 1152w, https:\/\/tdv.org\/tr-TR\/wp-content\/uploads\/2025\/08\/diyanet-isleri-baskani-erbastan-ayasofya-meydaninda-gazze-duasi-7-300x200.jpg 300w, https:\/\/tdv.org\/tr-TR\/wp-content\/uploads\/2025\/08\/diyanet-isleri-baskani-erbastan-ayasofya-meydaninda-gazze-duasi-7-1024x683.jpg 1024w, https:\/\/tdv.org\/tr-TR\/wp-content\/uploads\/2025\/08\/diyanet-isleri-baskani-erbastan-ayasofya-meydaninda-gazze-duasi-7-768x512.jpg 768w, https:\/\/tdv.org\/tr-TR\/wp-content\/uploads\/2025\/08\/diyanet-isleri-baskani-erbastan-ayasofya-meydaninda-gazze-duasi-7-900x600.jpg 900w\" sizes=\"(max-width: 1152px) 100vw, 1152px\" \/><\/a>\n\t\t\t<\/dt><\/dl><br style=\"clear: both\" \/><dl class='gallery-item'>\n\t\t\t<dt class='gallery-icon landscape'>\n\t\t\t\t<a href='https:\/\/tdv.org\/tr-TR\/wp-content\/uploads\/2025\/08\/diyanet-isleri-baskani-erbastan-ayasofya-meydaninda-gazze-duasi-8.jpg'><img decoding=\"async\" width=\"1152\" height=\"768\" src=\"https:\/\/tdv.org\/tr-TR\/wp-content\/uploads\/2025\/08\/diyanet-isleri-baskani-erbastan-ayasofya-meydaninda-gazze-duasi-8.jpg\" class=\"attachment-full size-full\" alt=\"gazze ,Filistin ,T\u00fcrkiye Diyanet Vakf\u0131 Filistin, ali erba\u015f , dua\" srcset=\"https:\/\/tdv.org\/tr-TR\/wp-content\/uploads\/2025\/08\/diyanet-isleri-baskani-erbastan-ayasofya-meydaninda-gazze-duasi-8.jpg 1152w, https:\/\/tdv.org\/tr-TR\/wp-content\/uploads\/2025\/08\/diyanet-isleri-baskani-erbastan-ayasofya-meydaninda-gazze-duasi-8-300x200.jpg 300w, https:\/\/tdv.org\/tr-TR\/wp-content\/uploads\/2025\/08\/diyanet-isleri-baskani-erbastan-ayasofya-meydaninda-gazze-duasi-8-1024x683.jpg 1024w, https:\/\/tdv.org\/tr-TR\/wp-content\/uploads\/2025\/08\/diyanet-isleri-baskani-erbastan-ayasofya-meydaninda-gazze-duasi-8-768x512.jpg 768w, https:\/\/tdv.org\/tr-TR\/wp-content\/uploads\/2025\/08\/diyanet-isleri-baskani-erbastan-ayasofya-meydaninda-gazze-duasi-8-900x600.jpg 900w\" sizes=\"(max-width: 1152px) 100vw, 1152px\" \/><\/a>\n\t\t\t<\/dt><\/dl>\n\t\t\t<br style='clear: both' \/>\n\t\t<\/div>\n\n[\/vc_column_text][divider line_type=&#8221;No Line&#8221; custom_height=&#8221;30&#8243;][vc_video link=&#8221;https:\/\/youtu.be\/2HaST_LydLQ&#8221;][\/vc_column][\/vc_row]\n","protected":false},"excerpt":{"rendered":"<p>[vc_row type=&#8221;in_container&#8221; full_screen_row_position=&#8221;middle&#8221; scene_position=&#8221;center&#8221; text_color=&#8221;dark&#8221; text_align=&#8221;left&#8221; overlay_strength=&#8221;0.3&#8243; shape_divider_position=&#8221;bottom&#8221; bg_image_animation=&#8221;none&#8221;][vc_column column_padding=&#8221;no-extra-padding&#8221; column_padding_position=&#8221;all&#8221; background_color_opacity=&#8221;1&#8243; background_hover_color_opacity=&#8221;1&#8243; column_link_target=&#8221;_self&#8221; column_shadow=&#8221;none&#8221; column_border_radius=&#8221;none&#8221; width=&#8221;1\/1&#8243; tablet_width_inherit=&#8221;default&#8221; tablet_text_alignment=&#8221;default&#8221; phone_text_alignment=&#8221;default&#8221; column_border_width=&#8221;none&#8221; column_border_style=&#8221;solid&#8221; bg_image_animation=&#8221;none&#8221;][vc_column_text] Diyanet \u0130\u015fleri Ba\u015fkan\u0131 ve T\u00fcrkiye Diyanet Vakf\u0131&#8230;<\/p>\n","protected":false},"author":8,"featured_media":52291,"comment_status":"closed","ping_status":"closed","sticky":false,"template":"","format":"standard","meta":{"footnotes":""},"categories":[1],"tags":[2367,596,110,2235,1298,2398,106,764,1307,2218,2234],"class_list":{"0":"post-52282","1":"post","2":"type-post","3":"status-publish","4":"format-standard","5":"has-post-thumbnail","7":"category-haberler","8":"tag-uluslararasi-insani-yardim-zirvesi-gazzenin-gelecegi","9":"tag-diyanet-isleri-baskani-ve-turkiye-diyanet-vakfi-mutevelli-heyeti-baskani-prof-dr-ali-erbas","10":"tag-filistin","11":"tag-filistin-icin-sozumuz-var","12":"tag-filistin-yardim","13":"tag-filistinli-cocuklar","14":"tag-gazze","15":"tag-gazze-seridi","16":"tag-gazze-yardim","17":"tag-ozgur-filistinin-yanindayiz","18":"tag-uluslararasi-cizgilerle-ozgur-filistin-sergisi"},"yoast_head":"<!-- This site is optimized with the Yoast SEO plugin v27.5 - https:\/\/yoast.com\/product\/yoast-seo-wordpress\/ -->\n<title>Diyanet \u0130\u015fleri Ba\u015fkan\u0131 Erba\u015f\u2019tan Ayasofya Meydan\u0131\u2019nda Gazze duas\u0131<\/title>\n<meta name=\"description\" content=\"Diyanet \u0130\u015fleri Ba\u015fkan\u0131 ve T\u00fcrkiye Diyanet Vakf\u0131 M\u00fctevelli Heyeti Ba\u015fkan\u0131 Prof. Dr. Ali Erba\u015f,\u00a0Filistin\u2019e Destek Platformu taraf\u0131ndan \u0130stanbul\u2019da \u201cGazze\u2019ye Umut I\u015f\u0131\u011f\u0131 Ol\u201d slogan\u0131yla d\u00fczenlenen y\u00fcr\u00fcy\u00fc\u015f program\u0131na kat\u0131ld\u0131.\" \/>\n<meta name=\"robots\" content=\"index, follow, max-snippet:-1, max-image-preview:large, max-video-preview:-1\" \/>\n<link rel=\"canonical\" href=\"https:\/\/tdv.org\/tr-TR\/diyanet-isleri-baskani-erbastan-ayasofya-meydaninda-gazze-duasi\/\" \/>\n<meta property=\"og:locale\" content=\"tr_TR\" \/>\n<meta property=\"og:type\" content=\"article\" \/>\n<meta property=\"og:title\" content=\"Diyanet \u0130\u015fleri Ba\u015fkan\u0131 Erba\u015f\u2019tan Ayasofya Meydan\u0131\u2019nda Gazze duas\u0131\" \/>\n<meta property=\"og:description\" content=\"Diyanet \u0130\u015fleri Ba\u015fkan\u0131 ve T\u00fcrkiye Diyanet Vakf\u0131 M\u00fctevelli Heyeti Ba\u015fkan\u0131 Prof. Dr. Ali Erba\u015f,\u00a0Filistin\u2019e Destek Platformu taraf\u0131ndan \u0130stanbul\u2019da \u201cGazze\u2019ye Umut I\u015f\u0131\u011f\u0131 Ol\u201d slogan\u0131yla d\u00fczenlenen y\u00fcr\u00fcy\u00fc\u015f program\u0131na kat\u0131ld\u0131.\" \/>\n<meta property=\"og:url\" content=\"https:\/\/tdv.org\/tr-TR\/diyanet-isleri-baskani-erbastan-ayasofya-meydaninda-gazze-duasi\/\" \/>\n<meta property=\"og:site_name\" content=\"T\u00fcrkiye Diyanet Vakf\u0131 Resmi Web Sitesi\" \/>\n<meta property=\"article:publisher\" content=\"https:\/\/www.facebook.com\/Diyanetvakfi\/\" \/>\n<meta property=\"article:published_time\" content=\"2025-08-10T05:09:14+00:00\" \/>\n<meta property=\"og:image\" content=\"https:\/\/tdv.org\/tr-TR\/wp-content\/uploads\/2025\/08\/diyanet-isleri-baskani-erbastan-ayasofya-meydaninda-gazze-duasi-7.jpg\" \/>\n\t<meta property=\"og:image:width\" content=\"1152\" \/>\n\t<meta property=\"og:image:height\" content=\"768\" \/>\n\t<meta property=\"og:image:type\" content=\"image\/jpeg\" \/>\n<meta name=\"author\" content=\"Selim\" \/>\n<meta name=\"twitter:card\" content=\"summary_large_image\" \/>\n<meta name=\"twitter:creator\" content=\"@DiyanetVakfi\" \/>\n<meta name=\"twitter:site\" content=\"@DiyanetVakfi\" \/>\n<script type=\"application\/ld+json\" class=\"yoast-schema-graph\">{\"@context\":\"https:\\\/\\\/schema.org\",\"@graph\":[{\"@type\":\"Article\",\"@id\":\"https:\\\/\\\/tdv.org\\\/tr-TR\\\/diyanet-isleri-baskani-erbastan-ayasofya-meydaninda-gazze-duasi\\\/#article\",\"isPartOf\":{\"@id\":\"https:\\\/\\\/tdv.org\\\/tr-TR\\\/diyanet-isleri-baskani-erbastan-ayasofya-meydaninda-gazze-duasi\\\/\"},\"author\":{\"name\":\"Selim\",\"@id\":\"https:\\\/\\\/tdv.org\\\/tr-TR\\\/#\\\/schema\\\/person\\\/752b55e264a99273d55636516d96d5eb\"},\"headline\":\"Diyanet \u0130\u015fleri Ba\u015fkan\u0131 Erba\u015f\u2019tan Ayasofya Meydan\u0131\u2019nda Gazze duas\u0131\",\"datePublished\":\"2025-08-10T05:09:14+00:00\",\"mainEntityOfPage\":{\"@id\":\"https:\\\/\\\/tdv.org\\\/tr-TR\\\/diyanet-isleri-baskani-erbastan-ayasofya-meydaninda-gazze-duasi\\\/\"},\"wordCount\":1031,\"publisher\":{\"@id\":\"https:\\\/\\\/tdv.org\\\/tr-TR\\\/#organization\"},\"image\":{\"@id\":\"https:\\\/\\\/tdv.org\\\/tr-TR\\\/diyanet-isleri-baskani-erbastan-ayasofya-meydaninda-gazze-duasi\\\/#primaryimage\"},\"thumbnailUrl\":\"https:\\\/\\\/tdv.org\\\/tr-TR\\\/wp-content\\\/uploads\\\/2025\\\/08\\\/diyanet-isleri-baskani-erbastan-ayasofya-meydaninda-gazze-duasi-7.jpg\",\"keywords\":[\"\u201cUluslararas\u0131 \u0130nsani Yard\u0131m Zirvesi: Gazze\u2019nin Gelece\u011fi\",\"Diyanet \u0130\u015fleri Ba\u015fkan\u0131 ve T\u00fcrkiye Diyanet Vakf\u0131 M\u00fctevelli Heyeti Ba\u015fkan\u0131 Prof. Dr. Ali Erba\u015f\",\"filistin\",\"Filistin \u0130\u00e7in S\u00f6z\u00fcm\u00fcz Var\",\"filistin yard\u0131m\",\"Filistinli \u00e7ocuklar\",\"gazze\",\"Gazze \u015feridi\",\"gazze yard\u0131m\",\"\u00d6zg\u00fcr Filistin'in Yan\u0131nday\u0131z\",\"Uluslararas\u0131 \u00c7izgilerle \u00d6zg\u00fcr Filistin Sergisi\"],\"articleSection\":[\"Haberler\"],\"inLanguage\":\"tr\"},{\"@type\":\"WebPage\",\"@id\":\"https:\\\/\\\/tdv.org\\\/tr-TR\\\/diyanet-isleri-baskani-erbastan-ayasofya-meydaninda-gazze-duasi\\\/\",\"url\":\"https:\\\/\\\/tdv.org\\\/tr-TR\\\/diyanet-isleri-baskani-erbastan-ayasofya-meydaninda-gazze-duasi\\\/\",\"name\":\"Diyanet \u0130\u015fleri Ba\u015fkan\u0131 Erba\u015f\u2019tan Ayasofya Meydan\u0131\u2019nda Gazze duas\u0131\",\"isPartOf\":{\"@id\":\"https:\\\/\\\/tdv.org\\\/tr-TR\\\/#website\"},\"primaryImageOfPage\":{\"@id\":\"https:\\\/\\\/tdv.org\\\/tr-TR\\\/diyanet-isleri-baskani-erbastan-ayasofya-meydaninda-gazze-duasi\\\/#primaryimage\"},\"image\":{\"@id\":\"https:\\\/\\\/tdv.org\\\/tr-TR\\\/diyanet-isleri-baskani-erbastan-ayasofya-meydaninda-gazze-duasi\\\/#primaryimage\"},\"thumbnailUrl\":\"https:\\\/\\\/tdv.org\\\/tr-TR\\\/wp-content\\\/uploads\\\/2025\\\/08\\\/diyanet-isleri-baskani-erbastan-ayasofya-meydaninda-gazze-duasi-7.jpg\",\"datePublished\":\"2025-08-10T05:09:14+00:00\",\"description\":\"Diyanet \u0130\u015fleri Ba\u015fkan\u0131 ve T\u00fcrkiye Diyanet Vakf\u0131 M\u00fctevelli Heyeti Ba\u015fkan\u0131 Prof. Dr. Ali Erba\u015f,\u00a0Filistin\u2019e Destek Platformu taraf\u0131ndan \u0130stanbul\u2019da \u201cGazze\u2019ye Umut I\u015f\u0131\u011f\u0131 Ol\u201d slogan\u0131yla d\u00fczenlenen y\u00fcr\u00fcy\u00fc\u015f program\u0131na kat\u0131ld\u0131.\",\"breadcrumb\":{\"@id\":\"https:\\\/\\\/tdv.org\\\/tr-TR\\\/diyanet-isleri-baskani-erbastan-ayasofya-meydaninda-gazze-duasi\\\/#breadcrumb\"},\"inLanguage\":\"tr\",\"potentialAction\":[{\"@type\":\"ReadAction\",\"target\":[\"https:\\\/\\\/tdv.org\\\/tr-TR\\\/diyanet-isleri-baskani-erbastan-ayasofya-meydaninda-gazze-duasi\\\/\"]}]},{\"@type\":\"ImageObject\",\"inLanguage\":\"tr\",\"@id\":\"https:\\\/\\\/tdv.org\\\/tr-TR\\\/diyanet-isleri-baskani-erbastan-ayasofya-meydaninda-gazze-duasi\\\/#primaryimage\",\"url\":\"https:\\\/\\\/tdv.org\\\/tr-TR\\\/wp-content\\\/uploads\\\/2025\\\/08\\\/diyanet-isleri-baskani-erbastan-ayasofya-meydaninda-gazze-duasi-7.jpg\",\"contentUrl\":\"https:\\\/\\\/tdv.org\\\/tr-TR\\\/wp-content\\\/uploads\\\/2025\\\/08\\\/diyanet-isleri-baskani-erbastan-ayasofya-meydaninda-gazze-duasi-7.jpg\",\"width\":1152,\"height\":768,\"caption\":\"gazze ,Filistin ,T\u00fcrkiye Diyanet Vakf\u0131 Filistin, ali erba\u015f , dua\"},{\"@type\":\"BreadcrumbList\",\"@id\":\"https:\\\/\\\/tdv.org\\\/tr-TR\\\/diyanet-isleri-baskani-erbastan-ayasofya-meydaninda-gazze-duasi\\\/#breadcrumb\",\"itemListElement\":[{\"@type\":\"ListItem\",\"position\":1,\"name\":\"Anasayfa\",\"item\":\"https:\\\/\\\/tdv.org\\\/tr-TR\\\/\"},{\"@type\":\"ListItem\",\"position\":2,\"name\":\"Diyanet \u0130\u015fleri Ba\u015fkan\u0131 Erba\u015f\u2019tan Ayasofya Meydan\u0131\u2019nda Gazze duas\u0131\"}]},{\"@type\":\"WebSite\",\"@id\":\"https:\\\/\\\/tdv.org\\\/tr-TR\\\/#website\",\"url\":\"https:\\\/\\\/tdv.org\\\/tr-TR\\\/\",\"name\":\"T\u00fcrkiye Diyanet Vakf\u0131 Resmi Web Sitesi\",\"description\":\"Yery\u00fcz\u00fcnde iyilik egemen oluncaya kadar\",\"publisher\":{\"@id\":\"https:\\\/\\\/tdv.org\\\/tr-TR\\\/#organization\"},\"alternateName\":\"T\u00fcrkiye Diyanet Vakf\u0131\",\"potentialAction\":[{\"@type\":\"SearchAction\",\"target\":{\"@type\":\"EntryPoint\",\"urlTemplate\":\"https:\\\/\\\/tdv.org\\\/tr-TR\\\/?s={search_term_string}\"},\"query-input\":{\"@type\":\"PropertyValueSpecification\",\"valueRequired\":true,\"valueName\":\"search_term_string\"}}],\"inLanguage\":\"tr\"},{\"@type\":\"Organization\",\"@id\":\"https:\\\/\\\/tdv.org\\\/tr-TR\\\/#organization\",\"name\":\"T\u00fcrkiye Diyanet Vakf\u0131\",\"alternateName\":\"T\u00fcrkiye Diyanet Vakf\u0131\",\"url\":\"https:\\\/\\\/tdv.org\\\/tr-TR\\\/\",\"logo\":{\"@type\":\"ImageObject\",\"inLanguage\":\"tr\",\"@id\":\"https:\\\/\\\/tdv.org\\\/tr-TR\\\/#\\\/schema\\\/logo\\\/image\\\/\",\"url\":\"https:\\\/\\\/tdv.org\\\/tr-TR\\\/wp-content\\\/uploads\\\/2018\\\/12\\\/TDV_Logo_1.png\",\"contentUrl\":\"https:\\\/\\\/tdv.org\\\/tr-TR\\\/wp-content\\\/uploads\\\/2018\\\/12\\\/TDV_Logo_1.png\",\"width\":207,\"height\":71,\"caption\":\"T\u00fcrkiye Diyanet Vakf\u0131\"},\"image\":{\"@id\":\"https:\\\/\\\/tdv.org\\\/tr-TR\\\/#\\\/schema\\\/logo\\\/image\\\/\"},\"sameAs\":[\"https:\\\/\\\/www.facebook.com\\\/Diyanetvakfi\\\/\",\"https:\\\/\\\/x.com\\\/DiyanetVakfi\",\"https:\\\/\\\/www.instagram.com\\\/turkiyediyanetvakfi\\\/\",\"https:\\\/\\\/www.youtube.com\\\/user\\\/TurkiyeDiyanetVakfi\"]},{\"@type\":\"Person\",\"@id\":\"https:\\\/\\\/tdv.org\\\/tr-TR\\\/#\\\/schema\\\/person\\\/752b55e264a99273d55636516d96d5eb\",\"name\":\"Selim\",\"image\":{\"@type\":\"ImageObject\",\"inLanguage\":\"tr\",\"@id\":\"https:\\\/\\\/tdv.org\\\/tr-TR\\\/wp-content\\\/litespeed\\\/avatar\\\/a1e47b25396e98e5b781e88a5396cd96.jpg?ver=1777287391\",\"url\":\"https:\\\/\\\/tdv.org\\\/tr-TR\\\/wp-content\\\/litespeed\\\/avatar\\\/a1e47b25396e98e5b781e88a5396cd96.jpg?ver=1777287391\",\"contentUrl\":\"https:\\\/\\\/tdv.org\\\/tr-TR\\\/wp-content\\\/litespeed\\\/avatar\\\/a1e47b25396e98e5b781e88a5396cd96.jpg?ver=1777287391\",\"caption\":\"Selim\"}}]}<\/script>\n<!-- \/ Yoast SEO plugin. -->","yoast_head_json":{"title":"Diyanet \u0130\u015fleri Ba\u015fkan\u0131 Erba\u015f\u2019tan Ayasofya Meydan\u0131\u2019nda Gazze duas\u0131","description":"Diyanet \u0130\u015fleri Ba\u015fkan\u0131 ve T\u00fcrkiye Diyanet Vakf\u0131 M\u00fctevelli Heyeti Ba\u015fkan\u0131 Prof. Dr. Ali Erba\u015f,\u00a0Filistin\u2019e Destek Platformu taraf\u0131ndan \u0130stanbul\u2019da \u201cGazze\u2019ye Umut I\u015f\u0131\u011f\u0131 Ol\u201d slogan\u0131yla d\u00fczenlenen y\u00fcr\u00fcy\u00fc\u015f program\u0131na kat\u0131ld\u0131.","robots":{"index":"index","follow":"follow","max-snippet":"max-snippet:-1","max-image-preview":"max-image-preview:large","max-video-preview":"max-video-preview:-1"},"canonical":"https:\/\/tdv.org\/tr-TR\/diyanet-isleri-baskani-erbastan-ayasofya-meydaninda-gazze-duasi\/","og_locale":"tr_TR","og_type":"article","og_title":"Diyanet \u0130\u015fleri Ba\u015fkan\u0131 Erba\u015f\u2019tan Ayasofya Meydan\u0131\u2019nda Gazze duas\u0131","og_description":"Diyanet \u0130\u015fleri Ba\u015fkan\u0131 ve T\u00fcrkiye Diyanet Vakf\u0131 M\u00fctevelli Heyeti Ba\u015fkan\u0131 Prof. Dr. Ali Erba\u015f,\u00a0Filistin\u2019e Destek Platformu taraf\u0131ndan \u0130stanbul\u2019da \u201cGazze\u2019ye Umut I\u015f\u0131\u011f\u0131 Ol\u201d slogan\u0131yla d\u00fczenlenen y\u00fcr\u00fcy\u00fc\u015f program\u0131na kat\u0131ld\u0131.","og_url":"https:\/\/tdv.org\/tr-TR\/diyanet-isleri-baskani-erbastan-ayasofya-meydaninda-gazze-duasi\/","og_site_name":"T\u00fcrkiye Diyanet Vakf\u0131 Resmi Web Sitesi","article_publisher":"https:\/\/www.facebook.com\/Diyanetvakfi\/","article_published_time":"2025-08-10T05:09:14+00:00","og_image":[{"width":1152,"height":768,"url":"https:\/\/tdv.org\/tr-TR\/wp-content\/uploads\/2025\/08\/diyanet-isleri-baskani-erbastan-ayasofya-meydaninda-gazze-duasi-7.jpg","type":"image\/jpeg"}],"author":"Selim","twitter_card":"summary_large_image","twitter_creator":"@DiyanetVakfi","twitter_site":"@DiyanetVakfi","schema":{"@context":"https:\/\/schema.org","@graph":[{"@type":"Article","@id":"https:\/\/tdv.org\/tr-TR\/diyanet-isleri-baskani-erbastan-ayasofya-meydaninda-gazze-duasi\/#article","isPartOf":{"@id":"https:\/\/tdv.org\/tr-TR\/diyanet-isleri-baskani-erbastan-ayasofya-meydaninda-gazze-duasi\/"},"author":{"name":"Selim","@id":"https:\/\/tdv.org\/tr-TR\/#\/schema\/person\/752b55e264a99273d55636516d96d5eb"},"headline":"Diyanet \u0130\u015fleri Ba\u015fkan\u0131 Erba\u015f\u2019tan Ayasofya Meydan\u0131\u2019nda Gazze duas\u0131","datePublished":"2025-08-10T05:09:14+00:00","mainEntityOfPage":{"@id":"https:\/\/tdv.org\/tr-TR\/diyanet-isleri-baskani-erbastan-ayasofya-meydaninda-gazze-duasi\/"},"wordCount":1031,"publisher":{"@id":"https:\/\/tdv.org\/tr-TR\/#organization"},"image":{"@id":"https:\/\/tdv.org\/tr-TR\/diyanet-isleri-baskani-erbastan-ayasofya-meydaninda-gazze-duasi\/#primaryimage"},"thumbnailUrl":"https:\/\/tdv.org\/tr-TR\/wp-content\/uploads\/2025\/08\/diyanet-isleri-baskani-erbastan-ayasofya-meydaninda-gazze-duasi-7.jpg","keywords":["\u201cUluslararas\u0131 \u0130nsani Yard\u0131m Zirvesi: Gazze\u2019nin Gelece\u011fi","Diyanet \u0130\u015fleri Ba\u015fkan\u0131 ve T\u00fcrkiye Diyanet Vakf\u0131 M\u00fctevelli Heyeti Ba\u015fkan\u0131 Prof. Dr. Ali Erba\u015f","filistin","Filistin \u0130\u00e7in S\u00f6z\u00fcm\u00fcz Var","filistin yard\u0131m","Filistinli \u00e7ocuklar","gazze","Gazze \u015feridi","gazze yard\u0131m","\u00d6zg\u00fcr Filistin'in Yan\u0131nday\u0131z","Uluslararas\u0131 \u00c7izgilerle \u00d6zg\u00fcr Filistin Sergisi"],"articleSection":["Haberler"],"inLanguage":"tr"},{"@type":"WebPage","@id":"https:\/\/tdv.org\/tr-TR\/diyanet-isleri-baskani-erbastan-ayasofya-meydaninda-gazze-duasi\/","url":"https:\/\/tdv.org\/tr-TR\/diyanet-isleri-baskani-erbastan-ayasofya-meydaninda-gazze-duasi\/","name":"Diyanet \u0130\u015fleri Ba\u015fkan\u0131 Erba\u015f\u2019tan Ayasofya Meydan\u0131\u2019nda Gazze duas\u0131","isPartOf":{"@id":"https:\/\/tdv.org\/tr-TR\/#website"},"primaryImageOfPage":{"@id":"https:\/\/tdv.org\/tr-TR\/diyanet-isleri-baskani-erbastan-ayasofya-meydaninda-gazze-duasi\/#primaryimage"},"image":{"@id":"https:\/\/tdv.org\/tr-TR\/diyanet-isleri-baskani-erbastan-ayasofya-meydaninda-gazze-duasi\/#primaryimage"},"thumbnailUrl":"https:\/\/tdv.org\/tr-TR\/wp-content\/uploads\/2025\/08\/diyanet-isleri-baskani-erbastan-ayasofya-meydaninda-gazze-duasi-7.jpg","datePublished":"2025-08-10T05:09:14+00:00","description":"Diyanet \u0130\u015fleri Ba\u015fkan\u0131 ve T\u00fcrkiye Diyanet Vakf\u0131 M\u00fctevelli Heyeti Ba\u015fkan\u0131 Prof. Dr. Ali Erba\u015f,\u00a0Filistin\u2019e Destek Platformu taraf\u0131ndan \u0130stanbul\u2019da \u201cGazze\u2019ye Umut I\u015f\u0131\u011f\u0131 Ol\u201d slogan\u0131yla d\u00fczenlenen y\u00fcr\u00fcy\u00fc\u015f program\u0131na kat\u0131ld\u0131.","breadcrumb":{"@id":"https:\/\/tdv.org\/tr-TR\/diyanet-isleri-baskani-erbastan-ayasofya-meydaninda-gazze-duasi\/#breadcrumb"},"inLanguage":"tr","potentialAction":[{"@type":"ReadAction","target":["https:\/\/tdv.org\/tr-TR\/diyanet-isleri-baskani-erbastan-ayasofya-meydaninda-gazze-duasi\/"]}]},{"@type":"ImageObject","inLanguage":"tr","@id":"https:\/\/tdv.org\/tr-TR\/diyanet-isleri-baskani-erbastan-ayasofya-meydaninda-gazze-duasi\/#primaryimage","url":"https:\/\/tdv.org\/tr-TR\/wp-content\/uploads\/2025\/08\/diyanet-isleri-baskani-erbastan-ayasofya-meydaninda-gazze-duasi-7.jpg","contentUrl":"https:\/\/tdv.org\/tr-TR\/wp-content\/uploads\/2025\/08\/diyanet-isleri-baskani-erbastan-ayasofya-meydaninda-gazze-duasi-7.jpg","width":1152,"height":768,"caption":"gazze ,Filistin ,T\u00fcrkiye Diyanet Vakf\u0131 Filistin, ali erba\u015f , dua"},{"@type":"BreadcrumbList","@id":"https:\/\/tdv.org\/tr-TR\/diyanet-isleri-baskani-erbastan-ayasofya-meydaninda-gazze-duasi\/#breadcrumb","itemListElement":[{"@type":"ListItem","position":1,"name":"Anasayfa","item":"https:\/\/tdv.org\/tr-TR\/"},{"@type":"ListItem","position":2,"name":"Diyanet \u0130\u015fleri Ba\u015fkan\u0131 Erba\u015f\u2019tan Ayasofya Meydan\u0131\u2019nda Gazze duas\u0131"}]},{"@type":"WebSite","@id":"https:\/\/tdv.org\/tr-TR\/#website","url":"https:\/\/tdv.org\/tr-TR\/","name":"T\u00fcrkiye Diyanet Vakf\u0131 Resmi Web Sitesi","description":"Yery\u00fcz\u00fcnde iyilik egemen oluncaya kadar","publisher":{"@id":"https:\/\/tdv.org\/tr-TR\/#organization"},"alternateName":"T\u00fcrkiye Diyanet Vakf\u0131","potentialAction":[{"@type":"SearchAction","target":{"@type":"EntryPoint","urlTemplate":"https:\/\/tdv.org\/tr-TR\/?s={search_term_string}"},"query-input":{"@type":"PropertyValueSpecification","valueRequired":true,"valueName":"search_term_string"}}],"inLanguage":"tr"},{"@type":"Organization","@id":"https:\/\/tdv.org\/tr-TR\/#organization","name":"T\u00fcrkiye Diyanet Vakf\u0131","alternateName":"T\u00fcrkiye Diyanet Vakf\u0131","url":"https:\/\/tdv.org\/tr-TR\/","logo":{"@type":"ImageObject","inLanguage":"tr","@id":"https:\/\/tdv.org\/tr-TR\/#\/schema\/logo\/image\/","url":"https:\/\/tdv.org\/tr-TR\/wp-content\/uploads\/2018\/12\/TDV_Logo_1.png","contentUrl":"https:\/\/tdv.org\/tr-TR\/wp-content\/uploads\/2018\/12\/TDV_Logo_1.png","width":207,"height":71,"caption":"T\u00fcrkiye Diyanet Vakf\u0131"},"image":{"@id":"https:\/\/tdv.org\/tr-TR\/#\/schema\/logo\/image\/"},"sameAs":["https:\/\/www.facebook.com\/Diyanetvakfi\/","https:\/\/x.com\/DiyanetVakfi","https:\/\/www.instagram.com\/turkiyediyanetvakfi\/","https:\/\/www.youtube.com\/user\/TurkiyeDiyanetVakfi"]},{"@type":"Person","@id":"https:\/\/tdv.org\/tr-TR\/#\/schema\/person\/752b55e264a99273d55636516d96d5eb","name":"Selim","image":{"@type":"ImageObject","inLanguage":"tr","@id":"https:\/\/tdv.org\/tr-TR\/wp-content\/litespeed\/avatar\/a1e47b25396e98e5b781e88a5396cd96.jpg?ver=1777287391","url":"https:\/\/tdv.org\/tr-TR\/wp-content\/litespeed\/avatar\/a1e47b25396e98e5b781e88a5396cd96.jpg?ver=1777287391","contentUrl":"https:\/\/tdv.org\/tr-TR\/wp-content\/litespeed\/avatar\/a1e47b25396e98e5b781e88a5396cd96.jpg?ver=1777287391","caption":"Selim"}}]}},"_links":{"self":[{"href":"https:\/\/tdv.org\/tr-TR\/wp-json\/wp\/v2\/posts\/52282","targetHints":{"allow":["GET"]}}],"collection":[{"href":"https:\/\/tdv.org\/tr-TR\/wp-json\/wp\/v2\/posts"}],"about":[{"href":"https:\/\/tdv.org\/tr-TR\/wp-json\/wp\/v2\/types\/post"}],"author":[{"embeddable":true,"href":"https:\/\/tdv.org\/tr-TR\/wp-json\/wp\/v2\/users\/8"}],"replies":[{"embeddable":true,"href":"https:\/\/tdv.org\/tr-TR\/wp-json\/wp\/v2\/comments?post=52282"}],"version-history":[{"count":1,"href":"https:\/\/tdv.org\/tr-TR\/wp-json\/wp\/v2\/posts\/52282\/revisions"}],"predecessor-version":[{"id":52293,"href":"https:\/\/tdv.org\/tr-TR\/wp-json\/wp\/v2\/posts\/52282\/revisions\/52293"}],"wp:featuredmedia":[{"embeddable":true,"href":"https:\/\/tdv.org\/tr-TR\/wp-json\/wp\/v2\/media\/52291"}],"wp:attachment":[{"href":"https:\/\/tdv.org\/tr-TR\/wp-json\/wp\/v2\/media?parent=52282"}],"wp:term":[{"taxonomy":"category","embeddable":true,"href":"https:\/\/tdv.org\/tr-TR\/wp-json\/wp\/v2\/categories?post=52282"},{"taxonomy":"post_tag","embeddable":true,"href":"https:\/\/tdv.org\/tr-TR\/wp-json\/wp\/v2\/tags?post=52282"}],"curies":[{"name":"wp","href":"https:\/\/api.w.org\/{rel}","templated":true}]}}