{"id":52630,"date":"2025-09-01T10:46:40","date_gmt":"2025-09-01T07:46:40","guid":{"rendered":"https:\/\/tdv.org\/tr-TR\/?p=52630"},"modified":"2025-09-01T10:46:56","modified_gmt":"2025-09-01T07:46:56","slug":"tdv-2025-yaz-kamplari-tamamlandi","status":"publish","type":"post","link":"https:\/\/tdv.org\/tr-TR\/tdv-2025-yaz-kamplari-tamamlandi\/","title":{"rendered":"TDV 2025 Yaz Kamplar\u0131 tamamland\u0131"},"content":{"rendered":"<p style=\"text-align: justify;\"><a href=\"https:\/\/tdv.org\/tr-TR\" target=\"_blank\" rel=\"noopener\">T\u00fcrkiye Diyanet Vakf\u0131 (TDV)<\/a> <a href=\"https:\/\/diyanetburslari.tdv.org\/\" target=\"_blank\" rel=\"noopener\">burs<\/a> verdi\u011fi \u00f6\u011frencilere y\u00f6nelik d\u00fczenledi\u011fi <a href=\"https:\/\/tdv.org\/tr-TR\/faaliyetlerimiz\/egitim-kultur\/\" target=\"_blank\" rel=\"noopener\">2025 Yaz Kamplar\u0131n\u0131<\/a> ba\u015far\u0131yla tamamlad\u0131. Kamplara 377 \u00f6\u011frenci kat\u0131ld\u0131.<\/p>\n<p style=\"text-align: justify;\">Farkl\u0131 illerde ger\u00e7ekle\u015ftirilen kamplarda \u00f6\u011frenciler akademik, <a href=\"https:\/\/tdv.org\/tr-TR\/faaliyetlerimiz\/egitim-kultur\/\" target=\"_blank\" rel=\"noopener\">sosyal ve k\u00fclt\u00fcrel<\/a> geli\u015fimlerine katk\u0131 sa\u011flayan etkinliklerle dolu dolu bir yaz d\u00f6nemi ge\u00e7irdi. Vakf\u0131n <a href=\"https:\/\/tdv.org\/tr-TR\/faaliyetlerimiz\/egitim-kultur\/\" target=\"_blank\" rel=\"noopener\">E\u011fitim ve K\u00fclt\u00fcr<\/a> Hizmetleri M\u00fcd\u00fcrl\u00fc\u011f\u00fc taraf\u0131ndan d\u00fczenlenen kamplar, \u00f6\u011frencilerin <a href=\"https:\/\/tdv.org\/tr-TR\/faaliyetlerimiz\/egitim-kultur\/\" target=\"_blank\" rel=\"noopener\">e\u011fitim<\/a> hayat\u0131na katk\u0131 sa\u011flayarak becerilerini geli\u015ftirdi.<\/p>\n<p style=\"text-align: justify;\"><strong>T\u00fcrkiye\u2019nin \u00e7e\u015fitli illerinden \u00f6\u011frenciler kat\u0131ld\u0131<\/strong><\/p>\n<p style=\"text-align: justify;\">Ankara\u2019da 20-26 Temmuz 2025 tarihleri aras\u0131nda d\u00fczenlenen Lisans Erkek \u00d6\u011frenci Kamp\u0131, \u201cBilgi ve \u0130rfanla Gelece\u011fe Y\u00fcr\u00fcyoruz (Aile, Zaman ve De\u011fer)\u201d temas\u0131yla ger\u00e7ekle\u015ftirildi. T\u00fcrkiye\u2019nin farkl\u0131 illerinden gelen 72 \u00f6\u011frenci <a href=\"https:\/\/tdv.org\/tr-TR\/faaliyetlerimiz\/egitim-kultur\/\" target=\"_blank\" rel=\"noopener\">akademik, sosyal, k\u00fclt\u00fcrel ve sportif etkinliklerle<\/a> okuma, anlama ve yorumlama yeteneklerini geli\u015ftirdi.<\/p>\n<p style=\"text-align: justify;\">\u0130stanbul\u2019da 20-26 Temmuz tarihlerinde <a href=\"https:\/\/www.29mayis.edu.tr\/tr\/\" target=\"_blank\" rel=\"noopener\">\u0130stanbul 29 May\u0131s \u00dcniversitesi<\/a> Elmal\u0131kent Yerle\u015fkesinde ger\u00e7ekle\u015ftirilen Lisans K\u0131z \u00d6\u011frenci Kamp\u0131 da ayn\u0131 temayla yap\u0131ld\u0131. <a href=\"https:\/\/diyanetburslari.tdv.org\/\" target=\"_blank\" rel=\"noopener\">Kampa burslu<\/a> ve <a href=\"https:\/\/www.tdvyurt.com.tr\/\" target=\"_blank\" rel=\"noopener\">yurtlarda<\/a> kalan 218 \u00f6\u011frenci kat\u0131ld\u0131. \u00d6\u011frenciler akademik, k\u00fclt\u00fcrel ve sosyal becerilerini geli\u015ftiren \u00e7e\u015fitli etkinlikler ve seminerlere kat\u0131ld\u0131.<\/p>\n<p style=\"text-align: justify;\">Ayr\u0131ca, <a href=\"https:\/\/www.diyanet.gov.tr\/tr-TR\" target=\"_blank\" rel=\"noopener\">Diyanet \u0130\u015fleri Ba\u015fkanl\u0131\u011f\u0131<\/a> Ankara Dini Y\u00fcksek \u0130htisas Merkezi\u2019nde 16 Haziran-25 Temmuz 2025 tarihleri aras\u0131nda <a href=\"https:\/\/tdv.org\/tr-TR\/faaliyetlerimiz\/egitim-kultur\/\" target=\"_blank\" rel=\"noopener\">Uluslararas\u0131 \u0130lahiyat Projesi (U\u0130P)<\/a> Haz\u0131rl\u0131k ve \u00fcniversite birinci s\u0131n\u0131f \u00f6\u011frencilerine y\u00f6nelik bir kamp d\u00fczenlendi. Bu kampa 13 erkek \u00f6\u011frenci kat\u0131ld\u0131.<\/p>\n<p style=\"text-align: justify;\">Sakarya\u2019da 30 Haziran \u2013 26 Temmuz tarihleri aras\u0131nda d\u00fczenlenen <a href=\"https:\/\/diyanetburslari.tdv.org\/\" target=\"_blank\" rel=\"noopener\">burslu k\u0131z \u00f6\u011frenci<\/a> kamp\u0131na ise 33 \u00f6\u011frenci kat\u0131ld\u0131.<\/p>\n<p style=\"text-align: justify;\"><strong>Bilgi ve k\u00fclt\u00fcr\u00fcn izinde<\/strong><\/p>\n<p style=\"text-align: justify;\">\u0130stanbul\u2019da 17-22 A\u011fustos tarihlerinde <a href=\"https:\/\/www.isam.org.tr\/\" target=\"_blank\" rel=\"noopener\">TDV \u0130slam Ara\u015ft\u0131rmalar\u0131 Merkezi (\u0130SAM)<\/a> i\u015f birli\u011fiyle d\u00fczenlenen Lisans\u00fcst\u00fc Tematik Yaz Kamp\u0131 ise \u201c\u0130slam Gelene\u011finde \u0130lim\u201d temas\u0131yla ger\u00e7ekle\u015ftirildi. Lisans\u00fcst\u00fc \u00f6\u011frencilerin akademik geli\u015fimine odaklanan kampa 41 y\u00fcksek lisans ve doktora \u00f6\u011frencisi kat\u0131ld\u0131. Etkinlikler kapsam\u0131nda akademik seminerlerin yan\u0131 s\u0131ra \u0130stanbul\u2019daki \u00f6nemli tarihi ve manevi mekanlara ziyaretler de yap\u0131ld\u0131.<\/p>\n\n\t\t<style type=\"text\/css\">\n\t\t\t#gallery-1 {\n\t\t\t\tmargin: auto;\n\t\t\t}\n\t\t\t#gallery-1 .gallery-item {\n\t\t\t\tfloat: left;\n\t\t\t\tmargin-top: 10px;\n\t\t\t\ttext-align: center;\n\t\t\t\twidth: 33%;\n\t\t\t}\n\t\t\t#gallery-1 img {\n\t\t\t\tborder: 2px solid #cfcfcf;\n\t\t\t}\n\t\t\t#gallery-1 .gallery-caption {\n\t\t\t\tmargin-left: 0;\n\t\t\t}\n\t\t\t\/* see gallery_shortcode() in wp-includes\/media.php *\/\n\t\t<\/style>\n\t\t<div id='gallery-1' class='gallery galleryid-52630 gallery-columns-3 gallery-size-large'><dl class='gallery-item'>\n\t\t\t<dt class='gallery-icon landscape'>\n\t\t\t\t<a href='https:\/\/tdv.org\/tr-TR\/wp-content\/uploads\/2025\/09\/tdv-2025-yaz-kamplari-tamamlandi-1.jpg'><img decoding=\"async\" width=\"1024\" height=\"682\" src=\"https:\/\/tdv.org\/tr-TR\/wp-content\/uploads\/2025\/09\/tdv-2025-yaz-kamplari-tamamlandi-1-1024x682.jpg\" class=\"attachment-large size-large\" alt=\"TDV 2025 Yaz Kamplar\u0131 tamamland\u0131,e\u011fitim,kamp, yaz kamp\u0131 tdv, t\u00fcrkiye diyanet vakf\u0131, \u0130SAM,\" aria-describedby=\"gallery-1-52631\" srcset=\"https:\/\/tdv.org\/tr-TR\/wp-content\/uploads\/2025\/09\/tdv-2025-yaz-kamplari-tamamlandi-1-1024x682.jpg 1024w, https:\/\/tdv.org\/tr-TR\/wp-content\/uploads\/2025\/09\/tdv-2025-yaz-kamplari-tamamlandi-1-300x200.jpg 300w, https:\/\/tdv.org\/tr-TR\/wp-content\/uploads\/2025\/09\/tdv-2025-yaz-kamplari-tamamlandi-1-768x512.jpg 768w, https:\/\/tdv.org\/tr-TR\/wp-content\/uploads\/2025\/09\/tdv-2025-yaz-kamplari-tamamlandi-1-900x600.jpg 900w, https:\/\/tdv.org\/tr-TR\/wp-content\/uploads\/2025\/09\/tdv-2025-yaz-kamplari-tamamlandi-1.jpg 1153w\" sizes=\"(max-width: 1024px) 100vw, 1024px\" \/><\/a>\n\t\t\t<\/dt>\n\t\t\t\t<dd class='wp-caption-text gallery-caption' id='gallery-1-52631'>\n\t\t\t\tTDV 2025 Yaz Kamplar\u0131 tamamland\u0131,e\u011fitim,kamp, yaz kamp\u0131 tdv, t\u00fcrkiye diyanet vakf\u0131, \u0130SAM,\n\t\t\t\t<\/dd><\/dl><dl class='gallery-item'>\n\t\t\t<dt class='gallery-icon landscape'>\n\t\t\t\t<a href='https:\/\/tdv.org\/tr-TR\/wp-content\/uploads\/2025\/09\/tdv-2025-yaz-kamplari-tamamlandi-2.jpg'><img decoding=\"async\" width=\"1024\" height=\"682\" src=\"https:\/\/tdv.org\/tr-TR\/wp-content\/uploads\/2025\/09\/tdv-2025-yaz-kamplari-tamamlandi-2-1024x682.jpg\" class=\"attachment-large size-large\" alt=\"TDV 2025 Yaz Kamplar\u0131 tamamland\u0131,e\u011fitim,kamp, yaz kamp\u0131 tdv, t\u00fcrkiye diyanet vakf\u0131, \u0130SAM,\" aria-describedby=\"gallery-1-52632\" srcset=\"https:\/\/tdv.org\/tr-TR\/wp-content\/uploads\/2025\/09\/tdv-2025-yaz-kamplari-tamamlandi-2-1024x682.jpg 1024w, https:\/\/tdv.org\/tr-TR\/wp-content\/uploads\/2025\/09\/tdv-2025-yaz-kamplari-tamamlandi-2-300x200.jpg 300w, https:\/\/tdv.org\/tr-TR\/wp-content\/uploads\/2025\/09\/tdv-2025-yaz-kamplari-tamamlandi-2-768x512.jpg 768w, https:\/\/tdv.org\/tr-TR\/wp-content\/uploads\/2025\/09\/tdv-2025-yaz-kamplari-tamamlandi-2-900x600.jpg 900w, https:\/\/tdv.org\/tr-TR\/wp-content\/uploads\/2025\/09\/tdv-2025-yaz-kamplari-tamamlandi-2.jpg 1153w\" sizes=\"(max-width: 1024px) 100vw, 1024px\" \/><\/a>\n\t\t\t<\/dt>\n\t\t\t\t<dd class='wp-caption-text gallery-caption' id='gallery-1-52632'>\n\t\t\t\tTDV 2025 Yaz Kamplar\u0131 tamamland\u0131,e\u011fitim,kamp, yaz kamp\u0131 tdv, t\u00fcrkiye diyanet vakf\u0131, \u0130SAM,\n\t\t\t\t<\/dd><\/dl><dl class='gallery-item'>\n\t\t\t<dt class='gallery-icon landscape'>\n\t\t\t\t<a href='https:\/\/tdv.org\/tr-TR\/wp-content\/uploads\/2025\/09\/tdv-2025-yaz-kamplari-tamamlandi-3.jpg'><img decoding=\"async\" width=\"1024\" height=\"682\" src=\"https:\/\/tdv.org\/tr-TR\/wp-content\/uploads\/2025\/09\/tdv-2025-yaz-kamplari-tamamlandi-3-1024x682.jpg\" class=\"attachment-large size-large\" alt=\"TDV 2025 Yaz Kamplar\u0131 tamamland\u0131,e\u011fitim,kamp, yaz kamp\u0131 tdv, t\u00fcrkiye diyanet vakf\u0131, \u0130SAM,\" aria-describedby=\"gallery-1-52633\" srcset=\"https:\/\/tdv.org\/tr-TR\/wp-content\/uploads\/2025\/09\/tdv-2025-yaz-kamplari-tamamlandi-3-1024x682.jpg 1024w, https:\/\/tdv.org\/tr-TR\/wp-content\/uploads\/2025\/09\/tdv-2025-yaz-kamplari-tamamlandi-3-300x200.jpg 300w, https:\/\/tdv.org\/tr-TR\/wp-content\/uploads\/2025\/09\/tdv-2025-yaz-kamplari-tamamlandi-3-768x512.jpg 768w, https:\/\/tdv.org\/tr-TR\/wp-content\/uploads\/2025\/09\/tdv-2025-yaz-kamplari-tamamlandi-3-900x600.jpg 900w, https:\/\/tdv.org\/tr-TR\/wp-content\/uploads\/2025\/09\/tdv-2025-yaz-kamplari-tamamlandi-3.jpg 1153w\" sizes=\"(max-width: 1024px) 100vw, 1024px\" \/><\/a>\n\t\t\t<\/dt>\n\t\t\t\t<dd class='wp-caption-text gallery-caption' id='gallery-1-52633'>\n\t\t\t\tTDV 2025 Yaz Kamplar\u0131 tamamland\u0131,e\u011fitim,kamp, yaz kamp\u0131 tdv, t\u00fcrkiye diyanet vakf\u0131, \u0130SAM,\n\t\t\t\t<\/dd><\/dl><br style=\"clear: both\" \/><dl class='gallery-item'>\n\t\t\t<dt class='gallery-icon landscape'>\n\t\t\t\t<a href='https:\/\/tdv.org\/tr-TR\/wp-content\/uploads\/2025\/09\/tdv-2025-yaz-kamplari-tamamlandi-4.jpg'><img decoding=\"async\" width=\"1024\" height=\"682\" src=\"https:\/\/tdv.org\/tr-TR\/wp-content\/uploads\/2025\/09\/tdv-2025-yaz-kamplari-tamamlandi-4-1024x682.jpg\" class=\"attachment-large size-large\" alt=\"TDV 2025 Yaz Kamplar\u0131 tamamland\u0131,e\u011fitim,kamp, yaz kamp\u0131 tdv, t\u00fcrkiye diyanet vakf\u0131, \u0130SAM,\" aria-describedby=\"gallery-1-52634\" srcset=\"https:\/\/tdv.org\/tr-TR\/wp-content\/uploads\/2025\/09\/tdv-2025-yaz-kamplari-tamamlandi-4-1024x682.jpg 1024w, https:\/\/tdv.org\/tr-TR\/wp-content\/uploads\/2025\/09\/tdv-2025-yaz-kamplari-tamamlandi-4-300x200.jpg 300w, https:\/\/tdv.org\/tr-TR\/wp-content\/uploads\/2025\/09\/tdv-2025-yaz-kamplari-tamamlandi-4-768x512.jpg 768w, https:\/\/tdv.org\/tr-TR\/wp-content\/uploads\/2025\/09\/tdv-2025-yaz-kamplari-tamamlandi-4-900x600.jpg 900w, https:\/\/tdv.org\/tr-TR\/wp-content\/uploads\/2025\/09\/tdv-2025-yaz-kamplari-tamamlandi-4.jpg 1153w\" sizes=\"(max-width: 1024px) 100vw, 1024px\" \/><\/a>\n\t\t\t<\/dt>\n\t\t\t\t<dd class='wp-caption-text gallery-caption' id='gallery-1-52634'>\n\t\t\t\tTDV 2025 Yaz Kamplar\u0131 tamamland\u0131,e\u011fitim,kamp, yaz kamp\u0131 tdv, t\u00fcrkiye diyanet vakf\u0131, \u0130SAM,\n\t\t\t\t<\/dd><\/dl><dl class='gallery-item'>\n\t\t\t<dt class='gallery-icon landscape'>\n\t\t\t\t<a href='https:\/\/tdv.org\/tr-TR\/wp-content\/uploads\/2025\/09\/tdv-2025-yaz-kamplari-tamamlandi-5.jpg'><img decoding=\"async\" width=\"1024\" height=\"682\" src=\"https:\/\/tdv.org\/tr-TR\/wp-content\/uploads\/2025\/09\/tdv-2025-yaz-kamplari-tamamlandi-5-1024x682.jpg\" class=\"attachment-large size-large\" alt=\"TDV 2025 Yaz Kamplar\u0131 tamamland\u0131,e\u011fitim,kamp, yaz kamp\u0131 tdv, t\u00fcrkiye diyanet vakf\u0131, \u0130SAM,\" aria-describedby=\"gallery-1-52635\" srcset=\"https:\/\/tdv.org\/tr-TR\/wp-content\/uploads\/2025\/09\/tdv-2025-yaz-kamplari-tamamlandi-5-1024x682.jpg 1024w, https:\/\/tdv.org\/tr-TR\/wp-content\/uploads\/2025\/09\/tdv-2025-yaz-kamplari-tamamlandi-5-300x200.jpg 300w, https:\/\/tdv.org\/tr-TR\/wp-content\/uploads\/2025\/09\/tdv-2025-yaz-kamplari-tamamlandi-5-768x512.jpg 768w, https:\/\/tdv.org\/tr-TR\/wp-content\/uploads\/2025\/09\/tdv-2025-yaz-kamplari-tamamlandi-5-900x600.jpg 900w, https:\/\/tdv.org\/tr-TR\/wp-content\/uploads\/2025\/09\/tdv-2025-yaz-kamplari-tamamlandi-5.jpg 1153w\" sizes=\"(max-width: 1024px) 100vw, 1024px\" \/><\/a>\n\t\t\t<\/dt>\n\t\t\t\t<dd class='wp-caption-text gallery-caption' id='gallery-1-52635'>\n\t\t\t\tTDV 2025 Yaz Kamplar\u0131 tamamland\u0131,e\u011fitim,kamp, yaz kamp\u0131 tdv, t\u00fcrkiye diyanet vakf\u0131, \u0130SAM,\n\t\t\t\t<\/dd><\/dl><dl class='gallery-item'>\n\t\t\t<dt class='gallery-icon landscape'>\n\t\t\t\t<a href='https:\/\/tdv.org\/tr-TR\/wp-content\/uploads\/2025\/09\/tdv-2025-yaz-kamplari-tamamlandi-6.jpg'><img decoding=\"async\" width=\"1024\" height=\"682\" src=\"https:\/\/tdv.org\/tr-TR\/wp-content\/uploads\/2025\/09\/tdv-2025-yaz-kamplari-tamamlandi-6-1024x682.jpg\" class=\"attachment-large size-large\" alt=\"TDV 2025 Yaz Kamplar\u0131 tamamland\u0131,e\u011fitim,kamp, yaz kamp\u0131 tdv, t\u00fcrkiye diyanet vakf\u0131, \u0130SAM,\" aria-describedby=\"gallery-1-52636\" srcset=\"https:\/\/tdv.org\/tr-TR\/wp-content\/uploads\/2025\/09\/tdv-2025-yaz-kamplari-tamamlandi-6-1024x682.jpg 1024w, https:\/\/tdv.org\/tr-TR\/wp-content\/uploads\/2025\/09\/tdv-2025-yaz-kamplari-tamamlandi-6-300x200.jpg 300w, https:\/\/tdv.org\/tr-TR\/wp-content\/uploads\/2025\/09\/tdv-2025-yaz-kamplari-tamamlandi-6-768x512.jpg 768w, https:\/\/tdv.org\/tr-TR\/wp-content\/uploads\/2025\/09\/tdv-2025-yaz-kamplari-tamamlandi-6-900x600.jpg 900w, https:\/\/tdv.org\/tr-TR\/wp-content\/uploads\/2025\/09\/tdv-2025-yaz-kamplari-tamamlandi-6.jpg 1153w\" sizes=\"(max-width: 1024px) 100vw, 1024px\" \/><\/a>\n\t\t\t<\/dt>\n\t\t\t\t<dd class='wp-caption-text gallery-caption' id='gallery-1-52636'>\n\t\t\t\tTDV 2025 Yaz Kamplar\u0131 tamamland\u0131,e\u011fitim,kamp, yaz kamp\u0131 tdv, t\u00fcrkiye diyanet vakf\u0131, \u0130SAM,\n\t\t\t\t<\/dd><\/dl><br style=\"clear: both\" \/><dl class='gallery-item'>\n\t\t\t<dt class='gallery-icon landscape'>\n\t\t\t\t<a href='https:\/\/tdv.org\/tr-TR\/wp-content\/uploads\/2025\/09\/tdv-2025-yaz-kamplari-tamamlandi-7.jpg'><img decoding=\"async\" width=\"1024\" height=\"682\" src=\"https:\/\/tdv.org\/tr-TR\/wp-content\/uploads\/2025\/09\/tdv-2025-yaz-kamplari-tamamlandi-7-1024x682.jpg\" class=\"attachment-large size-large\" alt=\"TDV 2025 Yaz Kamplar\u0131 tamamland\u0131,e\u011fitim,kamp, yaz kamp\u0131 tdv, t\u00fcrkiye diyanet vakf\u0131, \u0130SAM,\" aria-describedby=\"gallery-1-52637\" srcset=\"https:\/\/tdv.org\/tr-TR\/wp-content\/uploads\/2025\/09\/tdv-2025-yaz-kamplari-tamamlandi-7-1024x682.jpg 1024w, https:\/\/tdv.org\/tr-TR\/wp-content\/uploads\/2025\/09\/tdv-2025-yaz-kamplari-tamamlandi-7-300x200.jpg 300w, https:\/\/tdv.org\/tr-TR\/wp-content\/uploads\/2025\/09\/tdv-2025-yaz-kamplari-tamamlandi-7-768x512.jpg 768w, https:\/\/tdv.org\/tr-TR\/wp-content\/uploads\/2025\/09\/tdv-2025-yaz-kamplari-tamamlandi-7-900x600.jpg 900w, https:\/\/tdv.org\/tr-TR\/wp-content\/uploads\/2025\/09\/tdv-2025-yaz-kamplari-tamamlandi-7.jpg 1153w\" sizes=\"(max-width: 1024px) 100vw, 1024px\" \/><\/a>\n\t\t\t<\/dt>\n\t\t\t\t<dd class='wp-caption-text gallery-caption' id='gallery-1-52637'>\n\t\t\t\tTDV 2025 Yaz Kamplar\u0131 tamamland\u0131,e\u011fitim,kamp, yaz kamp\u0131 tdv, t\u00fcrkiye diyanet vakf\u0131, \u0130SAM,\n\t\t\t\t<\/dd><\/dl><dl class='gallery-item'>\n\t\t\t<dt class='gallery-icon landscape'>\n\t\t\t\t<a href='https:\/\/tdv.org\/tr-TR\/wp-content\/uploads\/2025\/09\/tdv-2025-yaz-kamplari-tamamlandi-8.jpg'><img decoding=\"async\" width=\"1024\" height=\"682\" src=\"https:\/\/tdv.org\/tr-TR\/wp-content\/uploads\/2025\/09\/tdv-2025-yaz-kamplari-tamamlandi-8-1024x682.jpg\" class=\"attachment-large size-large\" alt=\"TDV 2025 Yaz Kamplar\u0131 tamamland\u0131,e\u011fitim,kamp, yaz kamp\u0131 tdv, t\u00fcrkiye diyanet vakf\u0131, \u0130SAM,\" aria-describedby=\"gallery-1-52638\" srcset=\"https:\/\/tdv.org\/tr-TR\/wp-content\/uploads\/2025\/09\/tdv-2025-yaz-kamplari-tamamlandi-8-1024x682.jpg 1024w, https:\/\/tdv.org\/tr-TR\/wp-content\/uploads\/2025\/09\/tdv-2025-yaz-kamplari-tamamlandi-8-300x200.jpg 300w, https:\/\/tdv.org\/tr-TR\/wp-content\/uploads\/2025\/09\/tdv-2025-yaz-kamplari-tamamlandi-8-768x512.jpg 768w, https:\/\/tdv.org\/tr-TR\/wp-content\/uploads\/2025\/09\/tdv-2025-yaz-kamplari-tamamlandi-8-900x600.jpg 900w, https:\/\/tdv.org\/tr-TR\/wp-content\/uploads\/2025\/09\/tdv-2025-yaz-kamplari-tamamlandi-8.jpg 1153w\" sizes=\"(max-width: 1024px) 100vw, 1024px\" \/><\/a>\n\t\t\t<\/dt>\n\t\t\t\t<dd class='wp-caption-text gallery-caption' id='gallery-1-52638'>\n\t\t\t\tTDV 2025 Yaz Kamplar\u0131 tamamland\u0131,e\u011fitim,kamp, yaz kamp\u0131 tdv, t\u00fcrkiye diyanet vakf\u0131, \u0130SAM,\n\t\t\t\t<\/dd><\/dl><dl class='gallery-item'>\n\t\t\t<dt class='gallery-icon landscape'>\n\t\t\t\t<a href='https:\/\/tdv.org\/tr-TR\/wp-content\/uploads\/2025\/09\/tdv-2025-yaz-kamplari-tamamlandi-9.jpg'><img decoding=\"async\" width=\"1024\" height=\"682\" src=\"https:\/\/tdv.org\/tr-TR\/wp-content\/uploads\/2025\/09\/tdv-2025-yaz-kamplari-tamamlandi-9-1024x682.jpg\" class=\"attachment-large size-large\" alt=\"TDV 2025 Yaz Kamplar\u0131 tamamland\u0131,e\u011fitim,kamp, yaz kamp\u0131 tdv, t\u00fcrkiye diyanet vakf\u0131, \u0130SAM,\" aria-describedby=\"gallery-1-52639\" srcset=\"https:\/\/tdv.org\/tr-TR\/wp-content\/uploads\/2025\/09\/tdv-2025-yaz-kamplari-tamamlandi-9-1024x682.jpg 1024w, https:\/\/tdv.org\/tr-TR\/wp-content\/uploads\/2025\/09\/tdv-2025-yaz-kamplari-tamamlandi-9-300x200.jpg 300w, https:\/\/tdv.org\/tr-TR\/wp-content\/uploads\/2025\/09\/tdv-2025-yaz-kamplari-tamamlandi-9-768x512.jpg 768w, https:\/\/tdv.org\/tr-TR\/wp-content\/uploads\/2025\/09\/tdv-2025-yaz-kamplari-tamamlandi-9-900x600.jpg 900w, https:\/\/tdv.org\/tr-TR\/wp-content\/uploads\/2025\/09\/tdv-2025-yaz-kamplari-tamamlandi-9.jpg 1153w\" sizes=\"(max-width: 1024px) 100vw, 1024px\" \/><\/a>\n\t\t\t<\/dt>\n\t\t\t\t<dd class='wp-caption-text gallery-caption' id='gallery-1-52639'>\n\t\t\t\tTDV 2025 Yaz Kamplar\u0131 tamamland\u0131,e\u011fitim,kamp, yaz kamp\u0131 tdv, t\u00fcrkiye diyanet vakf\u0131, \u0130SAM,\n\t\t\t\t<\/dd><\/dl><br style=\"clear: both\" \/><dl class='gallery-item'>\n\t\t\t<dt class='gallery-icon landscape'>\n\t\t\t\t<a href='https:\/\/tdv.org\/tr-TR\/wp-content\/uploads\/2025\/09\/tdv-2025-yaz-kamplari-tamamlandi-10.jpg'><img decoding=\"async\" width=\"1024\" height=\"682\" src=\"https:\/\/tdv.org\/tr-TR\/wp-content\/uploads\/2025\/09\/tdv-2025-yaz-kamplari-tamamlandi-10-1024x682.jpg\" class=\"attachment-large size-large\" alt=\"TDV 2025 Yaz Kamplar\u0131 tamamland\u0131,e\u011fitim,kamp, yaz kamp\u0131 tdv, t\u00fcrkiye diyanet vakf\u0131, \u0130SAM,\" aria-describedby=\"gallery-1-52640\" srcset=\"https:\/\/tdv.org\/tr-TR\/wp-content\/uploads\/2025\/09\/tdv-2025-yaz-kamplari-tamamlandi-10-1024x682.jpg 1024w, https:\/\/tdv.org\/tr-TR\/wp-content\/uploads\/2025\/09\/tdv-2025-yaz-kamplari-tamamlandi-10-300x200.jpg 300w, https:\/\/tdv.org\/tr-TR\/wp-content\/uploads\/2025\/09\/tdv-2025-yaz-kamplari-tamamlandi-10-768x512.jpg 768w, https:\/\/tdv.org\/tr-TR\/wp-content\/uploads\/2025\/09\/tdv-2025-yaz-kamplari-tamamlandi-10-900x600.jpg 900w, https:\/\/tdv.org\/tr-TR\/wp-content\/uploads\/2025\/09\/tdv-2025-yaz-kamplari-tamamlandi-10.jpg 1153w\" sizes=\"(max-width: 1024px) 100vw, 1024px\" \/><\/a>\n\t\t\t<\/dt>\n\t\t\t\t<dd class='wp-caption-text gallery-caption' id='gallery-1-52640'>\n\t\t\t\tTDV 2025 Yaz Kamplar\u0131 tamamland\u0131,e\u011fitim,kamp, yaz kamp\u0131 tdv, t\u00fcrkiye diyanet vakf\u0131, \u0130SAM,\n\t\t\t\t<\/dd><\/dl>\n\t\t\t<br style='clear: both' \/>\n\t\t<\/div>\n\n","protected":false},"excerpt":{"rendered":"<p>T\u00fcrkiye Diyanet Vakf\u0131 (TDV) burs verdi\u011fi \u00f6\u011frencilere y\u00f6nelik d\u00fczenledi\u011fi 2025 Yaz Kamplar\u0131n\u0131 ba\u015far\u0131yla tamamlad\u0131. Kamplara 377 \u00f6\u011frenci kat\u0131ld\u0131. Farkl\u0131 illerde ger\u00e7ekle\u015ftirilen kamplarda \u00f6\u011frenciler akademik, sosyal ve k\u00fclt\u00fcrel geli\u015fimlerine katk\u0131 sa\u011flayan&#8230;<\/p>\n","protected":false},"author":8,"featured_media":52632,"comment_status":"closed","ping_status":"closed","sticky":false,"template":"","format":"standard","meta":{"footnotes":""},"categories":[1],"tags":[802,135,2188,326,1319,1128,1122,190,193,560,561,1875],"class_list":{"0":"post-52630","1":"post","2":"type-post","3":"status-publish","4":"format-standard","5":"has-post-thumbnail","7":"category-haberler","8":"tag-burslu-egitim","9":"tag-egitim","10":"tag-egitim-bursu","11":"tag-egitim-faaliyetleri","12":"tag-egitim-ile-degisir-dunya","13":"tag-egitim-kampi","14":"tag-egitim-semineri","15":"tag-egitim-yazimda-kardeslik-var-van","16":"tag-egitim-yazimda-kardeslik-var-van-ali-erbas","17":"tag-isam","18":"tag-tdv-isam","19":"tag-yaz-kampi"},"yoast_head":"<!-- This site is optimized with the Yoast SEO plugin v27.4 - https:\/\/yoast.com\/product\/yoast-seo-wordpress\/ -->\n<title>TDV 2025 Yaz Kamplar\u0131 tamamland\u0131<\/title>\n<meta name=\"description\" content=\"T\u00fcrkiye Diyanet Vakf\u0131 (TDV) burs verdi\u011fi \u00f6\u011frencilere y\u00f6nelik d\u00fczenledi\u011fi 2025 Yaz Kamplar\u0131n\u0131 ba\u015far\u0131yla tamamlad\u0131. Kamplara 377 \u00f6\u011frenci kat\u0131ld\u0131.\" \/>\n<meta name=\"robots\" content=\"index, follow, max-snippet:-1, max-image-preview:large, max-video-preview:-1\" \/>\n<link rel=\"canonical\" href=\"https:\/\/tdv.org\/tr-TR\/tdv-2025-yaz-kamplari-tamamlandi\/\" \/>\n<meta property=\"og:locale\" content=\"tr_TR\" \/>\n<meta property=\"og:type\" content=\"article\" \/>\n<meta property=\"og:title\" content=\"TDV 2025 Yaz Kamplar\u0131 tamamland\u0131\" \/>\n<meta property=\"og:description\" content=\"T\u00fcrkiye Diyanet Vakf\u0131 (TDV) burs verdi\u011fi \u00f6\u011frencilere y\u00f6nelik d\u00fczenledi\u011fi 2025 Yaz Kamplar\u0131n\u0131 ba\u015far\u0131yla tamamlad\u0131. Kamplara 377 \u00f6\u011frenci kat\u0131ld\u0131.\" \/>\n<meta property=\"og:url\" content=\"https:\/\/tdv.org\/tr-TR\/tdv-2025-yaz-kamplari-tamamlandi\/\" \/>\n<meta property=\"og:site_name\" content=\"T\u00fcrkiye Diyanet Vakf\u0131 Resmi Web Sitesi\" \/>\n<meta property=\"article:publisher\" content=\"https:\/\/www.facebook.com\/Diyanetvakfi\/\" \/>\n<meta property=\"article:published_time\" content=\"2025-09-01T07:46:40+00:00\" \/>\n<meta property=\"article:modified_time\" content=\"2025-09-01T07:46:56+00:00\" \/>\n<meta property=\"og:image\" content=\"https:\/\/tdv.org\/tr-TR\/wp-content\/uploads\/2025\/09\/tdv-2025-yaz-kamplari-tamamlandi-2.jpg\" \/>\n\t<meta property=\"og:image:width\" content=\"1153\" \/>\n\t<meta property=\"og:image:height\" content=\"768\" \/>\n\t<meta property=\"og:image:type\" content=\"image\/jpeg\" \/>\n<meta name=\"author\" content=\"Selim\" \/>\n<meta name=\"twitter:card\" content=\"summary_large_image\" \/>\n<meta name=\"twitter:creator\" content=\"@DiyanetVakfi\" \/>\n<meta name=\"twitter:site\" content=\"@DiyanetVakfi\" \/>\n<script type=\"application\/ld+json\" class=\"yoast-schema-graph\">{\"@context\":\"https:\\\/\\\/schema.org\",\"@graph\":[{\"@type\":\"Article\",\"@id\":\"https:\\\/\\\/tdv.org\\\/tr-TR\\\/tdv-2025-yaz-kamplari-tamamlandi\\\/#article\",\"isPartOf\":{\"@id\":\"https:\\\/\\\/tdv.org\\\/tr-TR\\\/tdv-2025-yaz-kamplari-tamamlandi\\\/\"},\"author\":{\"name\":\"Selim\",\"@id\":\"https:\\\/\\\/tdv.org\\\/tr-TR\\\/#\\\/schema\\\/person\\\/752b55e264a99273d55636516d96d5eb\"},\"headline\":\"TDV 2025 Yaz Kamplar\u0131 tamamland\u0131\",\"datePublished\":\"2025-09-01T07:46:40+00:00\",\"dateModified\":\"2025-09-01T07:46:56+00:00\",\"mainEntityOfPage\":{\"@id\":\"https:\\\/\\\/tdv.org\\\/tr-TR\\\/tdv-2025-yaz-kamplari-tamamlandi\\\/\"},\"wordCount\":342,\"publisher\":{\"@id\":\"https:\\\/\\\/tdv.org\\\/tr-TR\\\/#organization\"},\"image\":{\"@id\":\"https:\\\/\\\/tdv.org\\\/tr-TR\\\/tdv-2025-yaz-kamplari-tamamlandi\\\/#primaryimage\"},\"thumbnailUrl\":\"https:\\\/\\\/tdv.org\\\/tr-TR\\\/wp-content\\\/uploads\\\/2025\\\/09\\\/tdv-2025-yaz-kamplari-tamamlandi-2.jpg\",\"keywords\":[\"burslu e\u011fitim\",\"e\u011fitim\",\"E\u011fitim Bursu\",\"E\u011fitim Faaliyetleri\",\"e\u011fitim ile de\u011fi\u015fir d\u00fcnya\",\"e\u011fitim kamp\u0131\",\"e\u011fitim semineri\",\"E\u011fitim; Yaz\u0131mda Karde\u015flik Var; Van\",\"E\u011fitim; Yaz\u0131mda Karde\u015flik Var; Van; Ali Erba\u015f\",\"\u0130SAM\",\"TDV \u0130SAM\",\"yaz kamp\u0131\"],\"articleSection\":[\"Haberler\"],\"inLanguage\":\"tr\"},{\"@type\":\"WebPage\",\"@id\":\"https:\\\/\\\/tdv.org\\\/tr-TR\\\/tdv-2025-yaz-kamplari-tamamlandi\\\/\",\"url\":\"https:\\\/\\\/tdv.org\\\/tr-TR\\\/tdv-2025-yaz-kamplari-tamamlandi\\\/\",\"name\":\"TDV 2025 Yaz Kamplar\u0131 tamamland\u0131\",\"isPartOf\":{\"@id\":\"https:\\\/\\\/tdv.org\\\/tr-TR\\\/#website\"},\"primaryImageOfPage\":{\"@id\":\"https:\\\/\\\/tdv.org\\\/tr-TR\\\/tdv-2025-yaz-kamplari-tamamlandi\\\/#primaryimage\"},\"image\":{\"@id\":\"https:\\\/\\\/tdv.org\\\/tr-TR\\\/tdv-2025-yaz-kamplari-tamamlandi\\\/#primaryimage\"},\"thumbnailUrl\":\"https:\\\/\\\/tdv.org\\\/tr-TR\\\/wp-content\\\/uploads\\\/2025\\\/09\\\/tdv-2025-yaz-kamplari-tamamlandi-2.jpg\",\"datePublished\":\"2025-09-01T07:46:40+00:00\",\"dateModified\":\"2025-09-01T07:46:56+00:00\",\"description\":\"T\u00fcrkiye Diyanet Vakf\u0131 (TDV) burs verdi\u011fi \u00f6\u011frencilere y\u00f6nelik d\u00fczenledi\u011fi 2025 Yaz Kamplar\u0131n\u0131 ba\u015far\u0131yla tamamlad\u0131. Kamplara 377 \u00f6\u011frenci kat\u0131ld\u0131.\",\"breadcrumb\":{\"@id\":\"https:\\\/\\\/tdv.org\\\/tr-TR\\\/tdv-2025-yaz-kamplari-tamamlandi\\\/#breadcrumb\"},\"inLanguage\":\"tr\",\"potentialAction\":[{\"@type\":\"ReadAction\",\"target\":[\"https:\\\/\\\/tdv.org\\\/tr-TR\\\/tdv-2025-yaz-kamplari-tamamlandi\\\/\"]}]},{\"@type\":\"ImageObject\",\"inLanguage\":\"tr\",\"@id\":\"https:\\\/\\\/tdv.org\\\/tr-TR\\\/tdv-2025-yaz-kamplari-tamamlandi\\\/#primaryimage\",\"url\":\"https:\\\/\\\/tdv.org\\\/tr-TR\\\/wp-content\\\/uploads\\\/2025\\\/09\\\/tdv-2025-yaz-kamplari-tamamlandi-2.jpg\",\"contentUrl\":\"https:\\\/\\\/tdv.org\\\/tr-TR\\\/wp-content\\\/uploads\\\/2025\\\/09\\\/tdv-2025-yaz-kamplari-tamamlandi-2.jpg\",\"width\":1153,\"height\":768,\"caption\":\"TDV 2025 Yaz Kamplar\u0131 tamamland\u0131,e\u011fitim,kamp, yaz kamp\u0131 tdv, t\u00fcrkiye diyanet vakf\u0131, \u0130SAM,\"},{\"@type\":\"BreadcrumbList\",\"@id\":\"https:\\\/\\\/tdv.org\\\/tr-TR\\\/tdv-2025-yaz-kamplari-tamamlandi\\\/#breadcrumb\",\"itemListElement\":[{\"@type\":\"ListItem\",\"position\":1,\"name\":\"Anasayfa\",\"item\":\"https:\\\/\\\/tdv.org\\\/tr-TR\\\/\"},{\"@type\":\"ListItem\",\"position\":2,\"name\":\"TDV 2025 Yaz Kamplar\u0131 tamamland\u0131\"}]},{\"@type\":\"WebSite\",\"@id\":\"https:\\\/\\\/tdv.org\\\/tr-TR\\\/#website\",\"url\":\"https:\\\/\\\/tdv.org\\\/tr-TR\\\/\",\"name\":\"T\u00fcrkiye Diyanet Vakf\u0131 Resmi Web Sitesi\",\"description\":\"Yery\u00fcz\u00fcnde iyilik egemen oluncaya kadar\",\"publisher\":{\"@id\":\"https:\\\/\\\/tdv.org\\\/tr-TR\\\/#organization\"},\"alternateName\":\"T\u00fcrkiye Diyanet Vakf\u0131\",\"potentialAction\":[{\"@type\":\"SearchAction\",\"target\":{\"@type\":\"EntryPoint\",\"urlTemplate\":\"https:\\\/\\\/tdv.org\\\/tr-TR\\\/?s={search_term_string}\"},\"query-input\":{\"@type\":\"PropertyValueSpecification\",\"valueRequired\":true,\"valueName\":\"search_term_string\"}}],\"inLanguage\":\"tr\"},{\"@type\":\"Organization\",\"@id\":\"https:\\\/\\\/tdv.org\\\/tr-TR\\\/#organization\",\"name\":\"T\u00fcrkiye Diyanet Vakf\u0131\",\"alternateName\":\"T\u00fcrkiye Diyanet Vakf\u0131\",\"url\":\"https:\\\/\\\/tdv.org\\\/tr-TR\\\/\",\"logo\":{\"@type\":\"ImageObject\",\"inLanguage\":\"tr\",\"@id\":\"https:\\\/\\\/tdv.org\\\/tr-TR\\\/#\\\/schema\\\/logo\\\/image\\\/\",\"url\":\"https:\\\/\\\/tdv.org\\\/tr-TR\\\/wp-content\\\/uploads\\\/2018\\\/12\\\/TDV_Logo_1.png\",\"contentUrl\":\"https:\\\/\\\/tdv.org\\\/tr-TR\\\/wp-content\\\/uploads\\\/2018\\\/12\\\/TDV_Logo_1.png\",\"width\":207,\"height\":71,\"caption\":\"T\u00fcrkiye Diyanet Vakf\u0131\"},\"image\":{\"@id\":\"https:\\\/\\\/tdv.org\\\/tr-TR\\\/#\\\/schema\\\/logo\\\/image\\\/\"},\"sameAs\":[\"https:\\\/\\\/www.facebook.com\\\/Diyanetvakfi\\\/\",\"https:\\\/\\\/x.com\\\/DiyanetVakfi\",\"https:\\\/\\\/www.instagram.com\\\/turkiyediyanetvakfi\\\/\",\"https:\\\/\\\/www.youtube.com\\\/user\\\/TurkiyeDiyanetVakfi\"]},{\"@type\":\"Person\",\"@id\":\"https:\\\/\\\/tdv.org\\\/tr-TR\\\/#\\\/schema\\\/person\\\/752b55e264a99273d55636516d96d5eb\",\"name\":\"Selim\",\"image\":{\"@type\":\"ImageObject\",\"inLanguage\":\"tr\",\"@id\":\"https:\\\/\\\/tdv.org\\\/tr-TR\\\/wp-content\\\/litespeed\\\/avatar\\\/a1e47b25396e98e5b781e88a5396cd96.jpg?ver=1777287391\",\"url\":\"https:\\\/\\\/tdv.org\\\/tr-TR\\\/wp-content\\\/litespeed\\\/avatar\\\/a1e47b25396e98e5b781e88a5396cd96.jpg?ver=1777287391\",\"contentUrl\":\"https:\\\/\\\/tdv.org\\\/tr-TR\\\/wp-content\\\/litespeed\\\/avatar\\\/a1e47b25396e98e5b781e88a5396cd96.jpg?ver=1777287391\",\"caption\":\"Selim\"}}]}<\/script>\n<!-- \/ Yoast SEO plugin. -->","yoast_head_json":{"title":"TDV 2025 Yaz Kamplar\u0131 tamamland\u0131","description":"T\u00fcrkiye Diyanet Vakf\u0131 (TDV) burs verdi\u011fi \u00f6\u011frencilere y\u00f6nelik d\u00fczenledi\u011fi 2025 Yaz Kamplar\u0131n\u0131 ba\u015far\u0131yla tamamlad\u0131. Kamplara 377 \u00f6\u011frenci kat\u0131ld\u0131.","robots":{"index":"index","follow":"follow","max-snippet":"max-snippet:-1","max-image-preview":"max-image-preview:large","max-video-preview":"max-video-preview:-1"},"canonical":"https:\/\/tdv.org\/tr-TR\/tdv-2025-yaz-kamplari-tamamlandi\/","og_locale":"tr_TR","og_type":"article","og_title":"TDV 2025 Yaz Kamplar\u0131 tamamland\u0131","og_description":"T\u00fcrkiye Diyanet Vakf\u0131 (TDV) burs verdi\u011fi \u00f6\u011frencilere y\u00f6nelik d\u00fczenledi\u011fi 2025 Yaz Kamplar\u0131n\u0131 ba\u015far\u0131yla tamamlad\u0131. Kamplara 377 \u00f6\u011frenci kat\u0131ld\u0131.","og_url":"https:\/\/tdv.org\/tr-TR\/tdv-2025-yaz-kamplari-tamamlandi\/","og_site_name":"T\u00fcrkiye Diyanet Vakf\u0131 Resmi Web Sitesi","article_publisher":"https:\/\/www.facebook.com\/Diyanetvakfi\/","article_published_time":"2025-09-01T07:46:40+00:00","article_modified_time":"2025-09-01T07:46:56+00:00","og_image":[{"width":1153,"height":768,"url":"https:\/\/tdv.org\/tr-TR\/wp-content\/uploads\/2025\/09\/tdv-2025-yaz-kamplari-tamamlandi-2.jpg","type":"image\/jpeg"}],"author":"Selim","twitter_card":"summary_large_image","twitter_creator":"@DiyanetVakfi","twitter_site":"@DiyanetVakfi","schema":{"@context":"https:\/\/schema.org","@graph":[{"@type":"Article","@id":"https:\/\/tdv.org\/tr-TR\/tdv-2025-yaz-kamplari-tamamlandi\/#article","isPartOf":{"@id":"https:\/\/tdv.org\/tr-TR\/tdv-2025-yaz-kamplari-tamamlandi\/"},"author":{"name":"Selim","@id":"https:\/\/tdv.org\/tr-TR\/#\/schema\/person\/752b55e264a99273d55636516d96d5eb"},"headline":"TDV 2025 Yaz Kamplar\u0131 tamamland\u0131","datePublished":"2025-09-01T07:46:40+00:00","dateModified":"2025-09-01T07:46:56+00:00","mainEntityOfPage":{"@id":"https:\/\/tdv.org\/tr-TR\/tdv-2025-yaz-kamplari-tamamlandi\/"},"wordCount":342,"publisher":{"@id":"https:\/\/tdv.org\/tr-TR\/#organization"},"image":{"@id":"https:\/\/tdv.org\/tr-TR\/tdv-2025-yaz-kamplari-tamamlandi\/#primaryimage"},"thumbnailUrl":"https:\/\/tdv.org\/tr-TR\/wp-content\/uploads\/2025\/09\/tdv-2025-yaz-kamplari-tamamlandi-2.jpg","keywords":["burslu e\u011fitim","e\u011fitim","E\u011fitim Bursu","E\u011fitim Faaliyetleri","e\u011fitim ile de\u011fi\u015fir d\u00fcnya","e\u011fitim kamp\u0131","e\u011fitim semineri","E\u011fitim; Yaz\u0131mda Karde\u015flik Var; Van","E\u011fitim; Yaz\u0131mda Karde\u015flik Var; Van; Ali Erba\u015f","\u0130SAM","TDV \u0130SAM","yaz kamp\u0131"],"articleSection":["Haberler"],"inLanguage":"tr"},{"@type":"WebPage","@id":"https:\/\/tdv.org\/tr-TR\/tdv-2025-yaz-kamplari-tamamlandi\/","url":"https:\/\/tdv.org\/tr-TR\/tdv-2025-yaz-kamplari-tamamlandi\/","name":"TDV 2025 Yaz Kamplar\u0131 tamamland\u0131","isPartOf":{"@id":"https:\/\/tdv.org\/tr-TR\/#website"},"primaryImageOfPage":{"@id":"https:\/\/tdv.org\/tr-TR\/tdv-2025-yaz-kamplari-tamamlandi\/#primaryimage"},"image":{"@id":"https:\/\/tdv.org\/tr-TR\/tdv-2025-yaz-kamplari-tamamlandi\/#primaryimage"},"thumbnailUrl":"https:\/\/tdv.org\/tr-TR\/wp-content\/uploads\/2025\/09\/tdv-2025-yaz-kamplari-tamamlandi-2.jpg","datePublished":"2025-09-01T07:46:40+00:00","dateModified":"2025-09-01T07:46:56+00:00","description":"T\u00fcrkiye Diyanet Vakf\u0131 (TDV) burs verdi\u011fi \u00f6\u011frencilere y\u00f6nelik d\u00fczenledi\u011fi 2025 Yaz Kamplar\u0131n\u0131 ba\u015far\u0131yla tamamlad\u0131. Kamplara 377 \u00f6\u011frenci kat\u0131ld\u0131.","breadcrumb":{"@id":"https:\/\/tdv.org\/tr-TR\/tdv-2025-yaz-kamplari-tamamlandi\/#breadcrumb"},"inLanguage":"tr","potentialAction":[{"@type":"ReadAction","target":["https:\/\/tdv.org\/tr-TR\/tdv-2025-yaz-kamplari-tamamlandi\/"]}]},{"@type":"ImageObject","inLanguage":"tr","@id":"https:\/\/tdv.org\/tr-TR\/tdv-2025-yaz-kamplari-tamamlandi\/#primaryimage","url":"https:\/\/tdv.org\/tr-TR\/wp-content\/uploads\/2025\/09\/tdv-2025-yaz-kamplari-tamamlandi-2.jpg","contentUrl":"https:\/\/tdv.org\/tr-TR\/wp-content\/uploads\/2025\/09\/tdv-2025-yaz-kamplari-tamamlandi-2.jpg","width":1153,"height":768,"caption":"TDV 2025 Yaz Kamplar\u0131 tamamland\u0131,e\u011fitim,kamp, yaz kamp\u0131 tdv, t\u00fcrkiye diyanet vakf\u0131, \u0130SAM,"},{"@type":"BreadcrumbList","@id":"https:\/\/tdv.org\/tr-TR\/tdv-2025-yaz-kamplari-tamamlandi\/#breadcrumb","itemListElement":[{"@type":"ListItem","position":1,"name":"Anasayfa","item":"https:\/\/tdv.org\/tr-TR\/"},{"@type":"ListItem","position":2,"name":"TDV 2025 Yaz Kamplar\u0131 tamamland\u0131"}]},{"@type":"WebSite","@id":"https:\/\/tdv.org\/tr-TR\/#website","url":"https:\/\/tdv.org\/tr-TR\/","name":"T\u00fcrkiye Diyanet Vakf\u0131 Resmi Web Sitesi","description":"Yery\u00fcz\u00fcnde iyilik egemen oluncaya kadar","publisher":{"@id":"https:\/\/tdv.org\/tr-TR\/#organization"},"alternateName":"T\u00fcrkiye Diyanet Vakf\u0131","potentialAction":[{"@type":"SearchAction","target":{"@type":"EntryPoint","urlTemplate":"https:\/\/tdv.org\/tr-TR\/?s={search_term_string}"},"query-input":{"@type":"PropertyValueSpecification","valueRequired":true,"valueName":"search_term_string"}}],"inLanguage":"tr"},{"@type":"Organization","@id":"https:\/\/tdv.org\/tr-TR\/#organization","name":"T\u00fcrkiye Diyanet Vakf\u0131","alternateName":"T\u00fcrkiye Diyanet Vakf\u0131","url":"https:\/\/tdv.org\/tr-TR\/","logo":{"@type":"ImageObject","inLanguage":"tr","@id":"https:\/\/tdv.org\/tr-TR\/#\/schema\/logo\/image\/","url":"https:\/\/tdv.org\/tr-TR\/wp-content\/uploads\/2018\/12\/TDV_Logo_1.png","contentUrl":"https:\/\/tdv.org\/tr-TR\/wp-content\/uploads\/2018\/12\/TDV_Logo_1.png","width":207,"height":71,"caption":"T\u00fcrkiye Diyanet Vakf\u0131"},"image":{"@id":"https:\/\/tdv.org\/tr-TR\/#\/schema\/logo\/image\/"},"sameAs":["https:\/\/www.facebook.com\/Diyanetvakfi\/","https:\/\/x.com\/DiyanetVakfi","https:\/\/www.instagram.com\/turkiyediyanetvakfi\/","https:\/\/www.youtube.com\/user\/TurkiyeDiyanetVakfi"]},{"@type":"Person","@id":"https:\/\/tdv.org\/tr-TR\/#\/schema\/person\/752b55e264a99273d55636516d96d5eb","name":"Selim","image":{"@type":"ImageObject","inLanguage":"tr","@id":"https:\/\/tdv.org\/tr-TR\/wp-content\/litespeed\/avatar\/a1e47b25396e98e5b781e88a5396cd96.jpg?ver=1777287391","url":"https:\/\/tdv.org\/tr-TR\/wp-content\/litespeed\/avatar\/a1e47b25396e98e5b781e88a5396cd96.jpg?ver=1777287391","contentUrl":"https:\/\/tdv.org\/tr-TR\/wp-content\/litespeed\/avatar\/a1e47b25396e98e5b781e88a5396cd96.jpg?ver=1777287391","caption":"Selim"}}]}},"_links":{"self":[{"href":"https:\/\/tdv.org\/tr-TR\/wp-json\/wp\/v2\/posts\/52630","targetHints":{"allow":["GET"]}}],"collection":[{"href":"https:\/\/tdv.org\/tr-TR\/wp-json\/wp\/v2\/posts"}],"about":[{"href":"https:\/\/tdv.org\/tr-TR\/wp-json\/wp\/v2\/types\/post"}],"author":[{"embeddable":true,"href":"https:\/\/tdv.org\/tr-TR\/wp-json\/wp\/v2\/users\/8"}],"replies":[{"embeddable":true,"href":"https:\/\/tdv.org\/tr-TR\/wp-json\/wp\/v2\/comments?post=52630"}],"version-history":[{"count":1,"href":"https:\/\/tdv.org\/tr-TR\/wp-json\/wp\/v2\/posts\/52630\/revisions"}],"predecessor-version":[{"id":52641,"href":"https:\/\/tdv.org\/tr-TR\/wp-json\/wp\/v2\/posts\/52630\/revisions\/52641"}],"wp:featuredmedia":[{"embeddable":true,"href":"https:\/\/tdv.org\/tr-TR\/wp-json\/wp\/v2\/media\/52632"}],"wp:attachment":[{"href":"https:\/\/tdv.org\/tr-TR\/wp-json\/wp\/v2\/media?parent=52630"}],"wp:term":[{"taxonomy":"category","embeddable":true,"href":"https:\/\/tdv.org\/tr-TR\/wp-json\/wp\/v2\/categories?post=52630"},{"taxonomy":"post_tag","embeddable":true,"href":"https:\/\/tdv.org\/tr-TR\/wp-json\/wp\/v2\/tags?post=52630"}],"curies":[{"name":"wp","href":"https:\/\/api.w.org\/{rel}","templated":true}]}}